{"id":1479,"date":"2025-07-18T00:42:00","date_gmt":"2025-07-17T22:42:00","guid":{"rendered":"https:\/\/jumeaux91.fr\/blog\/les-freres-chris-et-liam-hemsworth-reunis-sur-le-tapis-rouge-avec-femmes-et-enfants\/"},"modified":"2025-07-18T00:42:00","modified_gmt":"2025-07-17T22:42:00","slug":"les-freres-chris-et-liam-hemsworth-reunis-sur-le-tapis-rouge-avec-femmes-et-enfants","status":"publish","type":"post","link":"https:\/\/jumeaux91.fr\/blog\/les-freres-chris-et-liam-hemsworth-reunis-sur-le-tapis-rouge-avec-femmes-et-enfants\/","title":{"rendered":"Les fr\u00e8res Chris et Liam Hemsworth r\u00e9unis sur le tapis rouge avec femmes et enfants"},"content":{"rendered":"<div><img decoding=\"async\" src=\"https:\/\/jumeaux91.fr\/blog\/wp-content\/uploads\/2025\/07\/les-freres-chris-et-liam-hemsworth-reunis-sur-le-tapis-rouge-avec-femmes-et-enfants.jpg\" class=\"ff-og-image-inserted\"><\/div>\n<p>Une main dans celle de sa femme, l\u2019autre sur l\u2019\u00e9paule de son fils. Le regard franc et le sourire fier, bien qu\u2019il soit Australien, <a href=\"https:\/\/www.parismatch.com\/bio\/chris-hemsworth\" rel=\"nofollow noopener\" target=\"_blank\" data-ylk=\"slk:Chris Hemsworth;elm:context_link;itc:0;sec:content-canvas\" class=\"link \">Chris Hemsworth<\/a> est la repr\u00e9sentation parfaite de la r\u00e9ussite \u00ab&nbsp;made in USA&nbsp;\u00bb. Pour l\u2019avant-premi\u00e8re de la saison 2 de son documentaire \u00ab&nbsp;Limitless&nbsp;: Better Now Live<em>&nbsp;\u00bb<\/em>, l\u2019acteur s\u2019est entour\u00e9 de sa famille \u00e0 Londres, ce jeudi 17&nbsp;juillet devant l\u2019Od\u00e9on Luxe Leicester.<\/p>\n<p><a href=\"https:\/\/www.parismatch.com\/People\/Elsa-Pataky-dit-que-son-mariage-avec-Chris-Hemsworth-n-est-pas-parfait-1700032\" rel=\"nofollow noopener\" target=\"_blank\" data-ylk=\"slk:Mari\u00e9 depuis 2010 avec la com\u00e9dienne espagnole&nbsp;Elsa Pataky;elm:context_link;itc:0;sec:content-canvas\" class=\"link \">Mari\u00e9 depuis 2010 avec la com\u00e9dienne espagnole&nbsp;Elsa Pataky<\/a>, le h\u00e9ros de Marvel est l\u2019heureux papa de trois enfants dont une fille, <a href=\"https:\/\/www.parismatch.com\/People\/Chris-Hemsworth-adorables-photos-de-sa-fille-sur-le-tournage-son-heroine-preferee-1817109\" rel=\"nofollow noopener\" target=\"_blank\" data-ylk=\"slk:India Rose (13&nbsp;ans);elm:context_link;itc:0;sec:content-canvas\" class=\"link \">India Rose (13&nbsp;ans)<\/a> et <a href=\"https:\/\/www.parismatch.com\/people\/chris-hemsworth-moment-privilegie-avec-ses-jumeaux-de-8-ans-217525\" rel=\"nofollow noopener\" target=\"_blank\" data-ylk=\"slk:des jumeaux&nbsp;: Sasha et Tristan (11&nbsp;ans).;elm:context_link;itc:0;sec:content-canvas\" class=\"link \">des jumeaux&nbsp;: Sasha et Tristan (11&nbsp;ans).<\/a> Ces derniers sont venus sans leur grande s\u0153ur pour encourager leur p\u00e8re, arborant un grand sourire sous le regard bienveillant de leur maman, pr\u00e9sente \u00e9galement.<\/p>\n<p>Lors de la pr\u00e9sentation des nouveaux \u00e9pisodes de sa s\u00e9rie, l\u2019Australien de 41 a d\u00e9clar\u00e9 \u00e0 l\u2019intention de ses enfants&nbsp;: \u00ab&nbsp;Ils sont une source d\u2019inspiration in\u00e9puisable pour de nombreuses raisons. Leur capacit\u00e9 \u00e0 vivre l\u2019instant pr\u00e9sent, \u00e0 plonger t\u00eate baiss\u00e9e dans la vie, \u00e0 s\u2019amuser, \u00e0 \u00eatre joyeux et enjou\u00e9s me rappelle constamment que c\u2019est \u00e7a la vie. Je vous aime.&nbsp;\u00bb<\/p>\n<h2>Liam Hemsworth, soutien ind\u00e9fectible de son fr\u00e8re<\/h2>\n<p>En bon petit fr\u00e8re, <a href=\"https:\/\/www.parismatch.com\/bio\/liam-hemsworth\" rel=\"nofollow noopener\" target=\"_blank\" data-ylk=\"slk:Liam Hemsworth;elm:context_link;itc:0;sec:content-canvas\" class=\"link \">Liam Hemsworth<\/a> est venu soutenir le cadet du clan tout en affichant son joli couple devant les photographes. Main dans la main avec sa compagne, le mannequin Gabriella Brooks, l\u2019acteur de 35&nbsp;ans a prouv\u00e9 que <a href=\"https:\/\/www.parismatch.com\/People\/Liam-Hemsworth-est-de-nouveau-celibataire-1821631\" rel=\"nofollow noopener\" target=\"_blank\" data-ylk=\"slk:son divorce avec la chanteuse Miley Cyrus \u00e9tait bel et bien de l\u2019histoire ancienne.;elm:context_link;itc:0;sec:content-canvas\" class=\"link \">son divorce avec la chanteuse Miley Cyrus \u00e9tait bel et bien de l\u2019histoire ancienne.<\/a><\/p>\n<p>Non &#8230;<\/p>\n<p><a href=\"https:\/\/www.parismatch.com\/People\/les-freres-chris-et-liam-hemsworth-reunis-sur-le-tapis-rouge-avec-femmes-et-enfants-254438?at_medium=affiliate&amp;at_campaign=Yahoo\" rel=\"nofollow noopener\" target=\"_blank\" data-ylk=\"slk:Lire la suite sur ParisMatch;elm:context_link;itc:0;sec:content-canvas\" class=\"link \">Lire la suite sur ParisMatch<\/a><\/p>\n<p>La chronique se veut g\u00e9n\u00e9r\u00e9e de la fa\u00e7on la plus claire que possible. Dans le cas o\u00f9 vous souhaitez pr\u00e9senter des renseignements compl\u00e9mentaires \u00e0 cet article sur le sujet \u00ab\u00a0Fr\u00e8res jumeaux de l&rsquo;Essonnes\u00a0\u00bb il vous est possible d\u2019\u00e9crire aux contacts indiqu\u00e9s sur notre website. La raison d\u2019\u00eatre de jumeaux91.fr \u00e9tant de rassembler sur le web des posts sur le sujet de Fr\u00e8res jumeaux de l&rsquo;Essonnes puis les diffuser en r\u00e9pondant au mieux aux interrogations des gens. Vous pouvez tirer profit de cet article traitant le sujet \u00ab\u00a0Fr\u00e8res jumeaux de l&rsquo;Essonnes\u00a0\u00bb. Il est concoct\u00e9 par l\u2019\u00e9quipe jumeaux91.fr. Prochainement, nous rendrons accessibles au public d&rsquo;autres informations pertinentes sur le sujet \u00ab\u00a0Fr\u00e8res jumeaux de l&rsquo;Essonnes\u00a0\u00bb. Alors, consultez syst\u00e9matiquement notre blog.<\/p>\n","protected":false},"excerpt":{"rendered":"<p>Une main dans celle de sa femme, l\u2019autre sur l\u2019\u00e9paule de son fils. Le regard franc et le sourire fier, bien qu\u2019il soit Australien, Chris Hemsworth est la repr\u00e9sentation parfaite de la r\u00e9ussite \u00ab&nbsp;made in USA&nbsp;\u00bb. Pour l\u2019avant-premi\u00e8re de la saison 2 de son documentaire \u00ab&nbsp;Limitless&nbsp;: Better Now Live&nbsp;\u00bb, l\u2019acteur s\u2019est entour\u00e9 de sa famille&hellip; <a class=\"more-link\" href=\"https:\/\/jumeaux91.fr\/blog\/les-freres-chris-et-liam-hemsworth-reunis-sur-le-tapis-rouge-avec-femmes-et-enfants\/\">Poursuivre la lecture <span class=\"screen-reader-text\">Les fr\u00e8res Chris et Liam Hemsworth r\u00e9unis sur le tapis rouge avec femmes et enfants<\/span><\/a><\/p>\n","protected":false},"author":2,"featured_media":1480,"comment_status":"closed","ping_status":"closed","sticky":false,"template":"","format":"standard","meta":{"footnotes":""},"categories":[4],"tags":[],"class_list":["post-1479","post","type-post","status-publish","format-standard","has-post-thumbnail","hentry","category-posts-freres-jumeaux-de-lessonnes","entry"],"yoast_head":"<!-- This site is optimized with the Yoast SEO plugin v27.5 - https:\/\/yoast.com\/product\/yoast-seo-wordpress\/ -->\n<title>Les fr\u00e8res Chris et Liam Hemsworth r\u00e9unis sur le tapis rouge avec femmes et enfants - JUMEAUX91<\/title>\n<meta name=\"robots\" content=\"index, follow, max-snippet:-1, max-image-preview:large, max-video-preview:-1\" \/>\n<link rel=\"canonical\" href=\"https:\/\/jumeaux91.fr\/blog\/les-freres-chris-et-liam-hemsworth-reunis-sur-le-tapis-rouge-avec-femmes-et-enfants\/\" \/>\n<meta property=\"og:locale\" content=\"fr_FR\" \/>\n<meta property=\"og:type\" content=\"article\" \/>\n<meta property=\"og:title\" content=\"Les fr\u00e8res Chris et Liam Hemsworth r\u00e9unis sur le tapis rouge avec femmes et enfants - JUMEAUX91\" \/>\n<meta property=\"og:description\" content=\"Une main dans celle de sa femme, l\u2019autre sur l\u2019\u00e9paule de son fils. Le regard franc et le sourire fier, bien qu\u2019il soit Australien, Chris Hemsworth est la repr\u00e9sentation parfaite de la r\u00e9ussite \u00ab&nbsp;made in USA&nbsp;\u00bb. Pour l\u2019avant-premi\u00e8re de la saison 2 de son documentaire \u00ab&nbsp;Limitless&nbsp;: Better Now Live&nbsp;\u00bb, l\u2019acteur s\u2019est entour\u00e9 de sa famille&hellip; Poursuivre la lecture Les fr\u00e8res Chris et Liam Hemsworth r\u00e9unis sur le tapis rouge avec femmes et enfants\" \/>\n<meta property=\"og:url\" content=\"https:\/\/jumeaux91.fr\/blog\/les-freres-chris-et-liam-hemsworth-reunis-sur-le-tapis-rouge-avec-femmes-et-enfants\/\" \/>\n<meta property=\"og:site_name\" content=\"JUMEAUX91\" \/>\n<meta property=\"article:published_time\" content=\"2025-07-17T22:42:00+00:00\" \/>\n<meta property=\"og:image\" content=\"https:\/\/jumeaux91.fr\/blog\/wp-content\/uploads\/2025\/07\/les-freres-chris-et-liam-hemsworth-reunis-sur-le-tapis-rouge-avec-femmes-et-enfants.jpg\" \/>\n<meta name=\"author\" content=\"Claude DAYRES\" \/>\n<meta name=\"twitter:card\" content=\"summary_large_image\" \/>\n<meta name=\"twitter:label1\" content=\"\u00c9crit par\" \/>\n\t<meta name=\"twitter:data1\" content=\"Claude DAYRES\" \/>\n\t<meta name=\"twitter:label2\" content=\"Dur\u00e9e de lecture estim\u00e9e\" \/>\n\t<meta name=\"twitter:data2\" content=\"2 minutes\" \/>\n<script type=\"application\/ld+json\" class=\"yoast-schema-graph\">{\"@context\":\"https:\\\/\\\/schema.org\",\"@graph\":[{\"@type\":\"Article\",\"@id\":\"https:\\\/\\\/jumeaux91.fr\\\/blog\\\/les-freres-chris-et-liam-hemsworth-reunis-sur-le-tapis-rouge-avec-femmes-et-enfants\\\/#article\",\"isPartOf\":{\"@id\":\"https:\\\/\\\/jumeaux91.fr\\\/blog\\\/les-freres-chris-et-liam-hemsworth-reunis-sur-le-tapis-rouge-avec-femmes-et-enfants\\\/\"},\"author\":{\"name\":\"Claude DAYRES\",\"@id\":\"https:\\\/\\\/jumeaux91.fr\\\/blog\\\/#\\\/schema\\\/person\\\/21da06e9f119b9f64e5d45dbbd32d3fb\"},\"headline\":\"Les fr\u00e8res Chris et Liam Hemsworth r\u00e9unis sur le tapis rouge avec femmes et enfants\",\"datePublished\":\"2025-07-17T22:42:00+00:00\",\"mainEntityOfPage\":{\"@id\":\"https:\\\/\\\/jumeaux91.fr\\\/blog\\\/les-freres-chris-et-liam-hemsworth-reunis-sur-le-tapis-rouge-avec-femmes-et-enfants\\\/\"},\"wordCount\":445,\"publisher\":{\"@id\":\"https:\\\/\\\/jumeaux91.fr\\\/blog\\\/#organization\"},\"image\":{\"@id\":\"https:\\\/\\\/jumeaux91.fr\\\/blog\\\/les-freres-chris-et-liam-hemsworth-reunis-sur-le-tapis-rouge-avec-femmes-et-enfants\\\/#primaryimage\"},\"thumbnailUrl\":\"https:\\\/\\\/jumeaux91.fr\\\/blog\\\/wp-content\\\/uploads\\\/2025\\\/07\\\/les-freres-chris-et-liam-hemsworth-reunis-sur-le-tapis-rouge-avec-femmes-et-enfants.jpg\",\"articleSection\":[\"Posts Fr\u00e8res Jumeaux De L'Essonnes:\"],\"inLanguage\":\"fr-FR\"},{\"@type\":\"WebPage\",\"@id\":\"https:\\\/\\\/jumeaux91.fr\\\/blog\\\/les-freres-chris-et-liam-hemsworth-reunis-sur-le-tapis-rouge-avec-femmes-et-enfants\\\/\",\"url\":\"https:\\\/\\\/jumeaux91.fr\\\/blog\\\/les-freres-chris-et-liam-hemsworth-reunis-sur-le-tapis-rouge-avec-femmes-et-enfants\\\/\",\"name\":\"Les fr\u00e8res Chris et Liam Hemsworth r\u00e9unis sur le tapis rouge avec femmes et enfants - JUMEAUX91\",\"isPartOf\":{\"@id\":\"https:\\\/\\\/jumeaux91.fr\\\/blog\\\/#website\"},\"primaryImageOfPage\":{\"@id\":\"https:\\\/\\\/jumeaux91.fr\\\/blog\\\/les-freres-chris-et-liam-hemsworth-reunis-sur-le-tapis-rouge-avec-femmes-et-enfants\\\/#primaryimage\"},\"image\":{\"@id\":\"https:\\\/\\\/jumeaux91.fr\\\/blog\\\/les-freres-chris-et-liam-hemsworth-reunis-sur-le-tapis-rouge-avec-femmes-et-enfants\\\/#primaryimage\"},\"thumbnailUrl\":\"https:\\\/\\\/jumeaux91.fr\\\/blog\\\/wp-content\\\/uploads\\\/2025\\\/07\\\/les-freres-chris-et-liam-hemsworth-reunis-sur-le-tapis-rouge-avec-femmes-et-enfants.jpg\",\"datePublished\":\"2025-07-17T22:42:00+00:00\",\"breadcrumb\":{\"@id\":\"https:\\\/\\\/jumeaux91.fr\\\/blog\\\/les-freres-chris-et-liam-hemsworth-reunis-sur-le-tapis-rouge-avec-femmes-et-enfants\\\/#breadcrumb\"},\"inLanguage\":\"fr-FR\",\"potentialAction\":[{\"@type\":\"ReadAction\",\"target\":[\"https:\\\/\\\/jumeaux91.fr\\\/blog\\\/les-freres-chris-et-liam-hemsworth-reunis-sur-le-tapis-rouge-avec-femmes-et-enfants\\\/\"]}]},{\"@type\":\"ImageObject\",\"inLanguage\":\"fr-FR\",\"@id\":\"https:\\\/\\\/jumeaux91.fr\\\/blog\\\/les-freres-chris-et-liam-hemsworth-reunis-sur-le-tapis-rouge-avec-femmes-et-enfants\\\/#primaryimage\",\"url\":\"https:\\\/\\\/jumeaux91.fr\\\/blog\\\/wp-content\\\/uploads\\\/2025\\\/07\\\/les-freres-chris-et-liam-hemsworth-reunis-sur-le-tapis-rouge-avec-femmes-et-enfants.jpg\",\"contentUrl\":\"https:\\\/\\\/jumeaux91.fr\\\/blog\\\/wp-content\\\/uploads\\\/2025\\\/07\\\/les-freres-chris-et-liam-hemsworth-reunis-sur-le-tapis-rouge-avec-femmes-et-enfants.jpg\",\"width\":1200,\"height\":800,\"caption\":\"Les fr\u00e8res Chris et Liam Hemsworth r\u00e9unis sur le tapis rouge avec femmes et enfants\"},{\"@type\":\"BreadcrumbList\",\"@id\":\"https:\\\/\\\/jumeaux91.fr\\\/blog\\\/les-freres-chris-et-liam-hemsworth-reunis-sur-le-tapis-rouge-avec-femmes-et-enfants\\\/#breadcrumb\",\"itemListElement\":[{\"@type\":\"ListItem\",\"position\":1,\"name\":\"Accueil\",\"item\":\"https:\\\/\\\/jumeaux91.fr\\\/blog\\\/\"},{\"@type\":\"ListItem\",\"position\":2,\"name\":\"Les fr\u00e8res Chris et Liam Hemsworth r\u00e9unis sur le tapis rouge avec femmes et enfants\"}]},{\"@type\":\"WebSite\",\"@id\":\"https:\\\/\\\/jumeaux91.fr\\\/blog\\\/#website\",\"url\":\"https:\\\/\\\/jumeaux91.fr\\\/blog\\\/\",\"name\":\"JUMEAUX91\",\"description\":\"Fr\u00e8res jumeaux de l&#039;Essonnes; informations et archives, \u00e0 savoir et retenir.\",\"publisher\":{\"@id\":\"https:\\\/\\\/jumeaux91.fr\\\/blog\\\/#organization\"},\"potentialAction\":[{\"@type\":\"SearchAction\",\"target\":{\"@type\":\"EntryPoint\",\"urlTemplate\":\"https:\\\/\\\/jumeaux91.fr\\\/blog\\\/?s={search_term_string}\"},\"query-input\":{\"@type\":\"PropertyValueSpecification\",\"valueRequired\":true,\"valueName\":\"search_term_string\"}}],\"inLanguage\":\"fr-FR\"},{\"@type\":\"Organization\",\"@id\":\"https:\\\/\\\/jumeaux91.fr\\\/blog\\\/#organization\",\"name\":\"jumeaux91\",\"url\":\"https:\\\/\\\/jumeaux91.fr\\\/blog\\\/\",\"logo\":{\"@type\":\"ImageObject\",\"inLanguage\":\"fr-FR\",\"@id\":\"https:\\\/\\\/jumeaux91.fr\\\/blog\\\/#\\\/schema\\\/logo\\\/image\\\/\",\"url\":\"https:\\\/\\\/jumeaux91.fr\\\/blog\\\/wp-content\\\/uploads\\\/2023\\\/05\\\/cropped-cropped-logoJ_91.png\",\"contentUrl\":\"https:\\\/\\\/jumeaux91.fr\\\/blog\\\/wp-content\\\/uploads\\\/2023\\\/05\\\/cropped-cropped-logoJ_91.png\",\"width\":512,\"height\":512,\"caption\":\"jumeaux91\"},\"image\":{\"@id\":\"https:\\\/\\\/jumeaux91.fr\\\/blog\\\/#\\\/schema\\\/logo\\\/image\\\/\"}},{\"@type\":\"Person\",\"@id\":\"https:\\\/\\\/jumeaux91.fr\\\/blog\\\/#\\\/schema\\\/person\\\/21da06e9f119b9f64e5d45dbbd32d3fb\",\"name\":\"Claude DAYRES\",\"image\":{\"@type\":\"ImageObject\",\"inLanguage\":\"fr-FR\",\"@id\":\"https:\\\/\\\/secure.gravatar.com\\\/avatar\\\/82eb951df6110a2c48d1bfa7a67d1ee6f0cd5df3cbf9c3586dd61e82db7172a5?s=96&d=mm&r=g\",\"url\":\"https:\\\/\\\/secure.gravatar.com\\\/avatar\\\/82eb951df6110a2c48d1bfa7a67d1ee6f0cd5df3cbf9c3586dd61e82db7172a5?s=96&d=mm&r=g\",\"contentUrl\":\"https:\\\/\\\/secure.gravatar.com\\\/avatar\\\/82eb951df6110a2c48d1bfa7a67d1ee6f0cd5df3cbf9c3586dd61e82db7172a5?s=96&d=mm&r=g\",\"caption\":\"Claude DAYRES\"},\"url\":\"https:\\\/\\\/jumeaux91.fr\\\/blog\\\/author\\\/x91claude\\\/\"}]}<\/script>\n<!-- \/ Yoast SEO plugin. -->","yoast_head_json":{"title":"Les fr\u00e8res Chris et Liam Hemsworth r\u00e9unis sur le tapis rouge avec femmes et enfants - JUMEAUX91","robots":{"index":"index","follow":"follow","max-snippet":"max-snippet:-1","max-image-preview":"max-image-preview:large","max-video-preview":"max-video-preview:-1"},"canonical":"https:\/\/jumeaux91.fr\/blog\/les-freres-chris-et-liam-hemsworth-reunis-sur-le-tapis-rouge-avec-femmes-et-enfants\/","og_locale":"fr_FR","og_type":"article","og_title":"Les fr\u00e8res Chris et Liam Hemsworth r\u00e9unis sur le tapis rouge avec femmes et enfants - JUMEAUX91","og_description":"Une main dans celle de sa femme, l\u2019autre sur l\u2019\u00e9paule de son fils. Le regard franc et le sourire fier, bien qu\u2019il soit Australien, Chris Hemsworth est la repr\u00e9sentation parfaite de la r\u00e9ussite \u00ab&nbsp;made in USA&nbsp;\u00bb. Pour l\u2019avant-premi\u00e8re de la saison 2 de son documentaire \u00ab&nbsp;Limitless&nbsp;: Better Now Live&nbsp;\u00bb, l\u2019acteur s\u2019est entour\u00e9 de sa famille&hellip; Poursuivre la lecture Les fr\u00e8res Chris et Liam Hemsworth r\u00e9unis sur le tapis rouge avec femmes et enfants","og_url":"https:\/\/jumeaux91.fr\/blog\/les-freres-chris-et-liam-hemsworth-reunis-sur-le-tapis-rouge-avec-femmes-et-enfants\/","og_site_name":"JUMEAUX91","article_published_time":"2025-07-17T22:42:00+00:00","og_image":[{"url":"https:\/\/jumeaux91.fr\/blog\/wp-content\/uploads\/2025\/07\/les-freres-chris-et-liam-hemsworth-reunis-sur-le-tapis-rouge-avec-femmes-et-enfants.jpg","type":"","width":"","height":""}],"author":"Claude DAYRES","twitter_card":"summary_large_image","twitter_misc":{"\u00c9crit par":"Claude DAYRES","Dur\u00e9e de lecture estim\u00e9e":"2 minutes"},"schema":{"@context":"https:\/\/schema.org","@graph":[{"@type":"Article","@id":"https:\/\/jumeaux91.fr\/blog\/les-freres-chris-et-liam-hemsworth-reunis-sur-le-tapis-rouge-avec-femmes-et-enfants\/#article","isPartOf":{"@id":"https:\/\/jumeaux91.fr\/blog\/les-freres-chris-et-liam-hemsworth-reunis-sur-le-tapis-rouge-avec-femmes-et-enfants\/"},"author":{"name":"Claude DAYRES","@id":"https:\/\/jumeaux91.fr\/blog\/#\/schema\/person\/21da06e9f119b9f64e5d45dbbd32d3fb"},"headline":"Les fr\u00e8res Chris et Liam Hemsworth r\u00e9unis sur le tapis rouge avec femmes et enfants","datePublished":"2025-07-17T22:42:00+00:00","mainEntityOfPage":{"@id":"https:\/\/jumeaux91.fr\/blog\/les-freres-chris-et-liam-hemsworth-reunis-sur-le-tapis-rouge-avec-femmes-et-enfants\/"},"wordCount":445,"publisher":{"@id":"https:\/\/jumeaux91.fr\/blog\/#organization"},"image":{"@id":"https:\/\/jumeaux91.fr\/blog\/les-freres-chris-et-liam-hemsworth-reunis-sur-le-tapis-rouge-avec-femmes-et-enfants\/#primaryimage"},"thumbnailUrl":"https:\/\/jumeaux91.fr\/blog\/wp-content\/uploads\/2025\/07\/les-freres-chris-et-liam-hemsworth-reunis-sur-le-tapis-rouge-avec-femmes-et-enfants.jpg","articleSection":["Posts Fr\u00e8res Jumeaux De L'Essonnes:"],"inLanguage":"fr-FR"},{"@type":"WebPage","@id":"https:\/\/jumeaux91.fr\/blog\/les-freres-chris-et-liam-hemsworth-reunis-sur-le-tapis-rouge-avec-femmes-et-enfants\/","url":"https:\/\/jumeaux91.fr\/blog\/les-freres-chris-et-liam-hemsworth-reunis-sur-le-tapis-rouge-avec-femmes-et-enfants\/","name":"Les fr\u00e8res Chris et Liam Hemsworth r\u00e9unis sur le tapis rouge avec femmes et enfants - JUMEAUX91","isPartOf":{"@id":"https:\/\/jumeaux91.fr\/blog\/#website"},"primaryImageOfPage":{"@id":"https:\/\/jumeaux91.fr\/blog\/les-freres-chris-et-liam-hemsworth-reunis-sur-le-tapis-rouge-avec-femmes-et-enfants\/#primaryimage"},"image":{"@id":"https:\/\/jumeaux91.fr\/blog\/les-freres-chris-et-liam-hemsworth-reunis-sur-le-tapis-rouge-avec-femmes-et-enfants\/#primaryimage"},"thumbnailUrl":"https:\/\/jumeaux91.fr\/blog\/wp-content\/uploads\/2025\/07\/les-freres-chris-et-liam-hemsworth-reunis-sur-le-tapis-rouge-avec-femmes-et-enfants.jpg","datePublished":"2025-07-17T22:42:00+00:00","breadcrumb":{"@id":"https:\/\/jumeaux91.fr\/blog\/les-freres-chris-et-liam-hemsworth-reunis-sur-le-tapis-rouge-avec-femmes-et-enfants\/#breadcrumb"},"inLanguage":"fr-FR","potentialAction":[{"@type":"ReadAction","target":["https:\/\/jumeaux91.fr\/blog\/les-freres-chris-et-liam-hemsworth-reunis-sur-le-tapis-rouge-avec-femmes-et-enfants\/"]}]},{"@type":"ImageObject","inLanguage":"fr-FR","@id":"https:\/\/jumeaux91.fr\/blog\/les-freres-chris-et-liam-hemsworth-reunis-sur-le-tapis-rouge-avec-femmes-et-enfants\/#primaryimage","url":"https:\/\/jumeaux91.fr\/blog\/wp-content\/uploads\/2025\/07\/les-freres-chris-et-liam-hemsworth-reunis-sur-le-tapis-rouge-avec-femmes-et-enfants.jpg","contentUrl":"https:\/\/jumeaux91.fr\/blog\/wp-content\/uploads\/2025\/07\/les-freres-chris-et-liam-hemsworth-reunis-sur-le-tapis-rouge-avec-femmes-et-enfants.jpg","width":1200,"height":800,"caption":"Les fr\u00e8res Chris et Liam Hemsworth r\u00e9unis sur le tapis rouge avec femmes et enfants"},{"@type":"BreadcrumbList","@id":"https:\/\/jumeaux91.fr\/blog\/les-freres-chris-et-liam-hemsworth-reunis-sur-le-tapis-rouge-avec-femmes-et-enfants\/#breadcrumb","itemListElement":[{"@type":"ListItem","position":1,"name":"Accueil","item":"https:\/\/jumeaux91.fr\/blog\/"},{"@type":"ListItem","position":2,"name":"Les fr\u00e8res Chris et Liam Hemsworth r\u00e9unis sur le tapis rouge avec femmes et enfants"}]},{"@type":"WebSite","@id":"https:\/\/jumeaux91.fr\/blog\/#website","url":"https:\/\/jumeaux91.fr\/blog\/","name":"JUMEAUX91","description":"Fr\u00e8res jumeaux de l&#039;Essonnes; informations et archives, \u00e0 savoir et retenir.","publisher":{"@id":"https:\/\/jumeaux91.fr\/blog\/#organization"},"potentialAction":[{"@type":"SearchAction","target":{"@type":"EntryPoint","urlTemplate":"https:\/\/jumeaux91.fr\/blog\/?s={search_term_string}"},"query-input":{"@type":"PropertyValueSpecification","valueRequired":true,"valueName":"search_term_string"}}],"inLanguage":"fr-FR"},{"@type":"Organization","@id":"https:\/\/jumeaux91.fr\/blog\/#organization","name":"jumeaux91","url":"https:\/\/jumeaux91.fr\/blog\/","logo":{"@type":"ImageObject","inLanguage":"fr-FR","@id":"https:\/\/jumeaux91.fr\/blog\/#\/schema\/logo\/image\/","url":"https:\/\/jumeaux91.fr\/blog\/wp-content\/uploads\/2023\/05\/cropped-cropped-logoJ_91.png","contentUrl":"https:\/\/jumeaux91.fr\/blog\/wp-content\/uploads\/2023\/05\/cropped-cropped-logoJ_91.png","width":512,"height":512,"caption":"jumeaux91"},"image":{"@id":"https:\/\/jumeaux91.fr\/blog\/#\/schema\/logo\/image\/"}},{"@type":"Person","@id":"https:\/\/jumeaux91.fr\/blog\/#\/schema\/person\/21da06e9f119b9f64e5d45dbbd32d3fb","name":"Claude DAYRES","image":{"@type":"ImageObject","inLanguage":"fr-FR","@id":"https:\/\/secure.gravatar.com\/avatar\/82eb951df6110a2c48d1bfa7a67d1ee6f0cd5df3cbf9c3586dd61e82db7172a5?s=96&d=mm&r=g","url":"https:\/\/secure.gravatar.com\/avatar\/82eb951df6110a2c48d1bfa7a67d1ee6f0cd5df3cbf9c3586dd61e82db7172a5?s=96&d=mm&r=g","contentUrl":"https:\/\/secure.gravatar.com\/avatar\/82eb951df6110a2c48d1bfa7a67d1ee6f0cd5df3cbf9c3586dd61e82db7172a5?s=96&d=mm&r=g","caption":"Claude DAYRES"},"url":"https:\/\/jumeaux91.fr\/blog\/author\/x91claude\/"}]}},"_links":{"self":[{"href":"https:\/\/jumeaux91.fr\/blog\/wp-json\/wp\/v2\/posts\/1479","targetHints":{"allow":["GET"]}}],"collection":[{"href":"https:\/\/jumeaux91.fr\/blog\/wp-json\/wp\/v2\/posts"}],"about":[{"href":"https:\/\/jumeaux91.fr\/blog\/wp-json\/wp\/v2\/types\/post"}],"author":[{"embeddable":true,"href":"https:\/\/jumeaux91.fr\/blog\/wp-json\/wp\/v2\/users\/2"}],"replies":[{"embeddable":true,"href":"https:\/\/jumeaux91.fr\/blog\/wp-json\/wp\/v2\/comments?post=1479"}],"version-history":[{"count":0,"href":"https:\/\/jumeaux91.fr\/blog\/wp-json\/wp\/v2\/posts\/1479\/revisions"}],"wp:featuredmedia":[{"embeddable":true,"href":"https:\/\/jumeaux91.fr\/blog\/wp-json\/wp\/v2\/media\/1480"}],"wp:attachment":[{"href":"https:\/\/jumeaux91.fr\/blog\/wp-json\/wp\/v2\/media?parent=1479"}],"wp:term":[{"taxonomy":"category","embeddable":true,"href":"https:\/\/jumeaux91.fr\/blog\/wp-json\/wp\/v2\/categories?post=1479"},{"taxonomy":"post_tag","embeddable":true,"href":"https:\/\/jumeaux91.fr\/blog\/wp-json\/wp\/v2\/tags?post=1479"}],"curies":[{"name":"wp","href":"https:\/\/api.w.org\/{rel}","templated":true}]}}