{"id":1487,"date":"2025-07-22T03:13:00","date_gmt":"2025-07-22T01:13:00","guid":{"rendered":"https:\/\/jumeaux91.fr\/blog\/a-plouneour-brignogan-plages-sumac-joue-sa-piece-littorals-ce-mardi-au-jardin-kastell-mor\/"},"modified":"2025-07-22T03:13:00","modified_gmt":"2025-07-22T01:13:00","slug":"a-plouneour-brignogan-plages-sumac-joue-sa-piece-littorals-ce-mardi-au-jardin-kastell-mor","status":"publish","type":"post","link":"https:\/\/jumeaux91.fr\/blog\/a-plouneour-brignogan-plages-sumac-joue-sa-piece-littorals-ce-mardi-au-jardin-kastell-mor\/","title":{"rendered":"\u00c0 Ploun\u00e9our-Brignogan-Plages, Sumac joue sa pi\u00e8ce \u00ab Littoral(s) \u00bb ce mardi au jardin Kastell Mor"},"content":{"rendered":"<div><img decoding=\"async\" src=\"https:\/\/jumeaux91.fr\/blog\/wp-content\/uploads\/2025\/07\/a-plouneour-brignogan-plages-sumac-joue-sa-piece-littorals-ce-mardi-au-jardin-kastell-mor.jpg\" class=\"ff-og-image-inserted\"><\/div>\n<div>\n<p>Ce mardi 22 juillet 2025,<a href=\"https:\/\/www.letelegramme.fr\/finistere\/plouneour-brignogan-plages-29890\/a-plouneour-brignogan-plages-le-spectacle-littorals-aborde-la-question-du-logement-6641685.php\" title=\"www.letelegramme.fr\" target=\"_blank\" rel=\"nofollow\"> la compagnie Sumak revient \u00e0 Ploun\u00e9our-Brignogan-Plages pour pr\u00e9senter sa pi\u00e8ce Littoral(s) dans le cadre enchanteur du th\u00e9\u00e2tre de verdure du jardin de Kastell Mor<\/a>, face \u00e0 la mer. Offert par la municipalit\u00e9, ce spectacle \u00e9crit par Fran\u00e7oise Loiselet et mis en sc\u00e8ne par C\u00e9line Sorin et Samir Dib aborde avec humour la question sensible du logement dans les communes littorales. \u00c0 travers une s\u00e9rie de sayn\u00e8tes d\u00e9cal\u00e9es et touchantes, le public suivra les aventures de personnages hauts en couleur comme Erwan et Lilwen, des saisonniers, ou encore les fr\u00e8res jumeaux Barlamus Constant, professeur en biomim\u00e9tisme, et Tilius, notaire. Une pi\u00e8ce dr\u00f4le et engag\u00e9e, qui soul\u00e8ve une probl\u00e9matique cruciale sans pr\u00e9tendre y apporter de r\u00e9ponse.<\/p>\n<h3 class=\"titre-note\"><b>Pratique<\/b><\/h3>\n<\/div>\n<div>\n<p class=\"note\">Littoral(s) &#8211; mardi 22 juillet, \u00e0 19&nbsp;h &#8211; Jardin de Kastell Mor (pr\u00e8s de l\u2019\u00e9glise Sainte-Bernadette) &#8211; Participation au chapeau.<\/p>\n<\/div>\n<p>La chronique se veut g\u00e9n\u00e9r\u00e9e de la fa\u00e7on la plus claire que possible. Dans le cas o\u00f9 vous souhaitez pr\u00e9senter des renseignements compl\u00e9mentaires \u00e0 cet article sur le sujet \u00ab\u00a0Fr\u00e8res jumeaux de l&rsquo;Essonnes\u00a0\u00bb il vous est possible d\u2019\u00e9crire aux contacts indiqu\u00e9s sur notre website. La raison d\u2019\u00eatre de jumeaux91.fr \u00e9tant de rassembler sur le web des posts sur le sujet de Fr\u00e8res jumeaux de l&rsquo;Essonnes puis les diffuser en r\u00e9pondant au mieux aux interrogations des gens. Vous pouvez tirer profit de cet article traitant le sujet \u00ab\u00a0Fr\u00e8res jumeaux de l&rsquo;Essonnes\u00a0\u00bb. Il est concoct\u00e9 par l\u2019\u00e9quipe jumeaux91.fr. Prochainement, nous rendrons accessibles au public d&rsquo;autres informations pertinentes sur le sujet \u00ab\u00a0Fr\u00e8res jumeaux de l&rsquo;Essonnes\u00a0\u00bb. Alors, consultez syst\u00e9matiquement notre blog.<\/p>\n","protected":false},"excerpt":{"rendered":"<p>Ce mardi 22 juillet 2025, la compagnie Sumak revient \u00e0 Ploun\u00e9our-Brignogan-Plages pour pr\u00e9senter sa pi\u00e8ce Littoral(s) dans le cadre enchanteur du th\u00e9\u00e2tre de verdure du jardin de Kastell Mor, face \u00e0 la mer. Offert par la municipalit\u00e9, ce spectacle \u00e9crit par Fran\u00e7oise Loiselet et mis en sc\u00e8ne par C\u00e9line Sorin et Samir Dib aborde avec&hellip; <a class=\"more-link\" href=\"https:\/\/jumeaux91.fr\/blog\/a-plouneour-brignogan-plages-sumac-joue-sa-piece-littorals-ce-mardi-au-jardin-kastell-mor\/\">Poursuivre la lecture <span class=\"screen-reader-text\">\u00c0 Ploun\u00e9our-Brignogan-Plages, Sumac joue sa pi\u00e8ce \u00ab Littoral(s) \u00bb ce mardi au jardin Kastell Mor<\/span><\/a><\/p>\n","protected":false},"author":2,"featured_media":1488,"comment_status":"closed","ping_status":"closed","sticky":false,"template":"","format":"standard","meta":{"footnotes":""},"categories":[4],"tags":[],"class_list":["post-1487","post","type-post","status-publish","format-standard","has-post-thumbnail","hentry","category-posts-freres-jumeaux-de-lessonnes","entry"],"yoast_head":"<!-- This site is optimized with the Yoast SEO plugin v27.5 - https:\/\/yoast.com\/product\/yoast-seo-wordpress\/ -->\n<title>\u00c0 Ploun\u00e9our-Brignogan-Plages, Sumac joue sa pi\u00e8ce \u00ab Littoral(s) \u00bb ce mardi au jardin Kastell Mor - JUMEAUX91<\/title>\n<meta name=\"robots\" content=\"index, follow, max-snippet:-1, max-image-preview:large, max-video-preview:-1\" \/>\n<link rel=\"canonical\" href=\"https:\/\/jumeaux91.fr\/blog\/a-plouneour-brignogan-plages-sumac-joue-sa-piece-littorals-ce-mardi-au-jardin-kastell-mor\/\" \/>\n<meta property=\"og:locale\" content=\"fr_FR\" \/>\n<meta property=\"og:type\" content=\"article\" \/>\n<meta property=\"og:title\" content=\"\u00c0 Ploun\u00e9our-Brignogan-Plages, Sumac joue sa pi\u00e8ce \u00ab Littoral(s) \u00bb ce mardi au jardin Kastell Mor - JUMEAUX91\" \/>\n<meta property=\"og:description\" content=\"Ce mardi 22 juillet 2025, la compagnie Sumak revient \u00e0 Ploun\u00e9our-Brignogan-Plages pour pr\u00e9senter sa pi\u00e8ce Littoral(s) dans le cadre enchanteur du th\u00e9\u00e2tre de verdure du jardin de Kastell Mor, face \u00e0 la mer. Offert par la municipalit\u00e9, ce spectacle \u00e9crit par Fran\u00e7oise Loiselet et mis en sc\u00e8ne par C\u00e9line Sorin et Samir Dib aborde avec&hellip; Poursuivre la lecture \u00c0 Ploun\u00e9our-Brignogan-Plages, Sumac joue sa pi\u00e8ce \u00ab Littoral(s) \u00bb ce mardi au jardin Kastell Mor\" \/>\n<meta property=\"og:url\" content=\"https:\/\/jumeaux91.fr\/blog\/a-plouneour-brignogan-plages-sumac-joue-sa-piece-littorals-ce-mardi-au-jardin-kastell-mor\/\" \/>\n<meta property=\"og:site_name\" content=\"JUMEAUX91\" \/>\n<meta property=\"article:published_time\" content=\"2025-07-22T01:13:00+00:00\" \/>\n<meta property=\"og:image\" content=\"https:\/\/jumeaux91.fr\/blog\/wp-content\/uploads\/2025\/07\/a-plouneour-brignogan-plages-sumac-joue-sa-piece-littorals-ce-mardi-au-jardin-kastell-mor.jpg\" \/>\n<meta name=\"author\" content=\"Claude DAYRES\" \/>\n<meta name=\"twitter:card\" content=\"summary_large_image\" \/>\n<meta name=\"twitter:label1\" content=\"\u00c9crit par\" \/>\n\t<meta name=\"twitter:data1\" content=\"Claude DAYRES\" \/>\n\t<meta name=\"twitter:label2\" content=\"Dur\u00e9e de lecture estim\u00e9e\" \/>\n\t<meta name=\"twitter:data2\" content=\"1 minute\" \/>\n<script type=\"application\/ld+json\" class=\"yoast-schema-graph\">{\"@context\":\"https:\\\/\\\/schema.org\",\"@graph\":[{\"@type\":\"Article\",\"@id\":\"https:\\\/\\\/jumeaux91.fr\\\/blog\\\/a-plouneour-brignogan-plages-sumac-joue-sa-piece-littorals-ce-mardi-au-jardin-kastell-mor\\\/#article\",\"isPartOf\":{\"@id\":\"https:\\\/\\\/jumeaux91.fr\\\/blog\\\/a-plouneour-brignogan-plages-sumac-joue-sa-piece-littorals-ce-mardi-au-jardin-kastell-mor\\\/\"},\"author\":{\"name\":\"Claude DAYRES\",\"@id\":\"https:\\\/\\\/jumeaux91.fr\\\/blog\\\/#\\\/schema\\\/person\\\/21da06e9f119b9f64e5d45dbbd32d3fb\"},\"headline\":\"\u00c0 Ploun\u00e9our-Brignogan-Plages, Sumac joue sa pi\u00e8ce \u00ab Littoral(s) \u00bb ce mardi au jardin Kastell Mor\",\"datePublished\":\"2025-07-22T01:13:00+00:00\",\"mainEntityOfPage\":{\"@id\":\"https:\\\/\\\/jumeaux91.fr\\\/blog\\\/a-plouneour-brignogan-plages-sumac-joue-sa-piece-littorals-ce-mardi-au-jardin-kastell-mor\\\/\"},\"wordCount\":312,\"publisher\":{\"@id\":\"https:\\\/\\\/jumeaux91.fr\\\/blog\\\/#organization\"},\"image\":{\"@id\":\"https:\\\/\\\/jumeaux91.fr\\\/blog\\\/a-plouneour-brignogan-plages-sumac-joue-sa-piece-littorals-ce-mardi-au-jardin-kastell-mor\\\/#primaryimage\"},\"thumbnailUrl\":\"https:\\\/\\\/jumeaux91.fr\\\/blog\\\/wp-content\\\/uploads\\\/2025\\\/07\\\/a-plouneour-brignogan-plages-sumac-joue-sa-piece-littorals-ce-mardi-au-jardin-kastell-mor.jpg\",\"articleSection\":[\"Posts Fr\u00e8res Jumeaux De L'Essonnes:\"],\"inLanguage\":\"fr-FR\"},{\"@type\":\"WebPage\",\"@id\":\"https:\\\/\\\/jumeaux91.fr\\\/blog\\\/a-plouneour-brignogan-plages-sumac-joue-sa-piece-littorals-ce-mardi-au-jardin-kastell-mor\\\/\",\"url\":\"https:\\\/\\\/jumeaux91.fr\\\/blog\\\/a-plouneour-brignogan-plages-sumac-joue-sa-piece-littorals-ce-mardi-au-jardin-kastell-mor\\\/\",\"name\":\"\u00c0 Ploun\u00e9our-Brignogan-Plages, Sumac joue sa pi\u00e8ce \u00ab Littoral(s) \u00bb ce mardi au jardin Kastell Mor - JUMEAUX91\",\"isPartOf\":{\"@id\":\"https:\\\/\\\/jumeaux91.fr\\\/blog\\\/#website\"},\"primaryImageOfPage\":{\"@id\":\"https:\\\/\\\/jumeaux91.fr\\\/blog\\\/a-plouneour-brignogan-plages-sumac-joue-sa-piece-littorals-ce-mardi-au-jardin-kastell-mor\\\/#primaryimage\"},\"image\":{\"@id\":\"https:\\\/\\\/jumeaux91.fr\\\/blog\\\/a-plouneour-brignogan-plages-sumac-joue-sa-piece-littorals-ce-mardi-au-jardin-kastell-mor\\\/#primaryimage\"},\"thumbnailUrl\":\"https:\\\/\\\/jumeaux91.fr\\\/blog\\\/wp-content\\\/uploads\\\/2025\\\/07\\\/a-plouneour-brignogan-plages-sumac-joue-sa-piece-littorals-ce-mardi-au-jardin-kastell-mor.jpg\",\"datePublished\":\"2025-07-22T01:13:00+00:00\",\"breadcrumb\":{\"@id\":\"https:\\\/\\\/jumeaux91.fr\\\/blog\\\/a-plouneour-brignogan-plages-sumac-joue-sa-piece-littorals-ce-mardi-au-jardin-kastell-mor\\\/#breadcrumb\"},\"inLanguage\":\"fr-FR\",\"potentialAction\":[{\"@type\":\"ReadAction\",\"target\":[\"https:\\\/\\\/jumeaux91.fr\\\/blog\\\/a-plouneour-brignogan-plages-sumac-joue-sa-piece-littorals-ce-mardi-au-jardin-kastell-mor\\\/\"]}]},{\"@type\":\"ImageObject\",\"inLanguage\":\"fr-FR\",\"@id\":\"https:\\\/\\\/jumeaux91.fr\\\/blog\\\/a-plouneour-brignogan-plages-sumac-joue-sa-piece-littorals-ce-mardi-au-jardin-kastell-mor\\\/#primaryimage\",\"url\":\"https:\\\/\\\/jumeaux91.fr\\\/blog\\\/wp-content\\\/uploads\\\/2025\\\/07\\\/a-plouneour-brignogan-plages-sumac-joue-sa-piece-littorals-ce-mardi-au-jardin-kastell-mor.jpg\",\"contentUrl\":\"https:\\\/\\\/jumeaux91.fr\\\/blog\\\/wp-content\\\/uploads\\\/2025\\\/07\\\/a-plouneour-brignogan-plages-sumac-joue-sa-piece-littorals-ce-mardi-au-jardin-kastell-mor.jpg\",\"width\":1200,\"height\":750,\"caption\":\"\u00c0 Ploun\u00e9our Brignogan Plages, Sumac joue sa pi\u00e8ce \u00ab Littoral(s) \u00bb ce mardi au jardin Kastell Mor\"},{\"@type\":\"BreadcrumbList\",\"@id\":\"https:\\\/\\\/jumeaux91.fr\\\/blog\\\/a-plouneour-brignogan-plages-sumac-joue-sa-piece-littorals-ce-mardi-au-jardin-kastell-mor\\\/#breadcrumb\",\"itemListElement\":[{\"@type\":\"ListItem\",\"position\":1,\"name\":\"Accueil\",\"item\":\"https:\\\/\\\/jumeaux91.fr\\\/blog\\\/\"},{\"@type\":\"ListItem\",\"position\":2,\"name\":\"\u00c0 Ploun\u00e9our-Brignogan-Plages, Sumac joue sa pi\u00e8ce \u00ab Littoral(s) \u00bb ce mardi au jardin Kastell Mor\"}]},{\"@type\":\"WebSite\",\"@id\":\"https:\\\/\\\/jumeaux91.fr\\\/blog\\\/#website\",\"url\":\"https:\\\/\\\/jumeaux91.fr\\\/blog\\\/\",\"name\":\"JUMEAUX91\",\"description\":\"Fr\u00e8res jumeaux de l&#039;Essonnes; informations et archives, \u00e0 savoir et retenir.\",\"publisher\":{\"@id\":\"https:\\\/\\\/jumeaux91.fr\\\/blog\\\/#organization\"},\"potentialAction\":[{\"@type\":\"SearchAction\",\"target\":{\"@type\":\"EntryPoint\",\"urlTemplate\":\"https:\\\/\\\/jumeaux91.fr\\\/blog\\\/?s={search_term_string}\"},\"query-input\":{\"@type\":\"PropertyValueSpecification\",\"valueRequired\":true,\"valueName\":\"search_term_string\"}}],\"inLanguage\":\"fr-FR\"},{\"@type\":\"Organization\",\"@id\":\"https:\\\/\\\/jumeaux91.fr\\\/blog\\\/#organization\",\"name\":\"jumeaux91\",\"url\":\"https:\\\/\\\/jumeaux91.fr\\\/blog\\\/\",\"logo\":{\"@type\":\"ImageObject\",\"inLanguage\":\"fr-FR\",\"@id\":\"https:\\\/\\\/jumeaux91.fr\\\/blog\\\/#\\\/schema\\\/logo\\\/image\\\/\",\"url\":\"https:\\\/\\\/jumeaux91.fr\\\/blog\\\/wp-content\\\/uploads\\\/2023\\\/05\\\/cropped-cropped-logoJ_91.png\",\"contentUrl\":\"https:\\\/\\\/jumeaux91.fr\\\/blog\\\/wp-content\\\/uploads\\\/2023\\\/05\\\/cropped-cropped-logoJ_91.png\",\"width\":512,\"height\":512,\"caption\":\"jumeaux91\"},\"image\":{\"@id\":\"https:\\\/\\\/jumeaux91.fr\\\/blog\\\/#\\\/schema\\\/logo\\\/image\\\/\"}},{\"@type\":\"Person\",\"@id\":\"https:\\\/\\\/jumeaux91.fr\\\/blog\\\/#\\\/schema\\\/person\\\/21da06e9f119b9f64e5d45dbbd32d3fb\",\"name\":\"Claude DAYRES\",\"image\":{\"@type\":\"ImageObject\",\"inLanguage\":\"fr-FR\",\"@id\":\"https:\\\/\\\/secure.gravatar.com\\\/avatar\\\/82eb951df6110a2c48d1bfa7a67d1ee6f0cd5df3cbf9c3586dd61e82db7172a5?s=96&d=mm&r=g\",\"url\":\"https:\\\/\\\/secure.gravatar.com\\\/avatar\\\/82eb951df6110a2c48d1bfa7a67d1ee6f0cd5df3cbf9c3586dd61e82db7172a5?s=96&d=mm&r=g\",\"contentUrl\":\"https:\\\/\\\/secure.gravatar.com\\\/avatar\\\/82eb951df6110a2c48d1bfa7a67d1ee6f0cd5df3cbf9c3586dd61e82db7172a5?s=96&d=mm&r=g\",\"caption\":\"Claude DAYRES\"},\"url\":\"https:\\\/\\\/jumeaux91.fr\\\/blog\\\/author\\\/x91claude\\\/\"}]}<\/script>\n<!-- \/ Yoast SEO plugin. -->","yoast_head_json":{"title":"\u00c0 Ploun\u00e9our-Brignogan-Plages, Sumac joue sa pi\u00e8ce \u00ab Littoral(s) \u00bb ce mardi au jardin Kastell Mor - JUMEAUX91","robots":{"index":"index","follow":"follow","max-snippet":"max-snippet:-1","max-image-preview":"max-image-preview:large","max-video-preview":"max-video-preview:-1"},"canonical":"https:\/\/jumeaux91.fr\/blog\/a-plouneour-brignogan-plages-sumac-joue-sa-piece-littorals-ce-mardi-au-jardin-kastell-mor\/","og_locale":"fr_FR","og_type":"article","og_title":"\u00c0 Ploun\u00e9our-Brignogan-Plages, Sumac joue sa pi\u00e8ce \u00ab Littoral(s) \u00bb ce mardi au jardin Kastell Mor - JUMEAUX91","og_description":"Ce mardi 22 juillet 2025, la compagnie Sumak revient \u00e0 Ploun\u00e9our-Brignogan-Plages pour pr\u00e9senter sa pi\u00e8ce Littoral(s) dans le cadre enchanteur du th\u00e9\u00e2tre de verdure du jardin de Kastell Mor, face \u00e0 la mer. Offert par la municipalit\u00e9, ce spectacle \u00e9crit par Fran\u00e7oise Loiselet et mis en sc\u00e8ne par C\u00e9line Sorin et Samir Dib aborde avec&hellip; Poursuivre la lecture \u00c0 Ploun\u00e9our-Brignogan-Plages, Sumac joue sa pi\u00e8ce \u00ab Littoral(s) \u00bb ce mardi au jardin Kastell Mor","og_url":"https:\/\/jumeaux91.fr\/blog\/a-plouneour-brignogan-plages-sumac-joue-sa-piece-littorals-ce-mardi-au-jardin-kastell-mor\/","og_site_name":"JUMEAUX91","article_published_time":"2025-07-22T01:13:00+00:00","og_image":[{"url":"https:\/\/jumeaux91.fr\/blog\/wp-content\/uploads\/2025\/07\/a-plouneour-brignogan-plages-sumac-joue-sa-piece-littorals-ce-mardi-au-jardin-kastell-mor.jpg","type":"","width":"","height":""}],"author":"Claude DAYRES","twitter_card":"summary_large_image","twitter_misc":{"\u00c9crit par":"Claude DAYRES","Dur\u00e9e de lecture estim\u00e9e":"1 minute"},"schema":{"@context":"https:\/\/schema.org","@graph":[{"@type":"Article","@id":"https:\/\/jumeaux91.fr\/blog\/a-plouneour-brignogan-plages-sumac-joue-sa-piece-littorals-ce-mardi-au-jardin-kastell-mor\/#article","isPartOf":{"@id":"https:\/\/jumeaux91.fr\/blog\/a-plouneour-brignogan-plages-sumac-joue-sa-piece-littorals-ce-mardi-au-jardin-kastell-mor\/"},"author":{"name":"Claude DAYRES","@id":"https:\/\/jumeaux91.fr\/blog\/#\/schema\/person\/21da06e9f119b9f64e5d45dbbd32d3fb"},"headline":"\u00c0 Ploun\u00e9our-Brignogan-Plages, Sumac joue sa pi\u00e8ce \u00ab Littoral(s) \u00bb ce mardi au jardin Kastell Mor","datePublished":"2025-07-22T01:13:00+00:00","mainEntityOfPage":{"@id":"https:\/\/jumeaux91.fr\/blog\/a-plouneour-brignogan-plages-sumac-joue-sa-piece-littorals-ce-mardi-au-jardin-kastell-mor\/"},"wordCount":312,"publisher":{"@id":"https:\/\/jumeaux91.fr\/blog\/#organization"},"image":{"@id":"https:\/\/jumeaux91.fr\/blog\/a-plouneour-brignogan-plages-sumac-joue-sa-piece-littorals-ce-mardi-au-jardin-kastell-mor\/#primaryimage"},"thumbnailUrl":"https:\/\/jumeaux91.fr\/blog\/wp-content\/uploads\/2025\/07\/a-plouneour-brignogan-plages-sumac-joue-sa-piece-littorals-ce-mardi-au-jardin-kastell-mor.jpg","articleSection":["Posts Fr\u00e8res Jumeaux De L'Essonnes:"],"inLanguage":"fr-FR"},{"@type":"WebPage","@id":"https:\/\/jumeaux91.fr\/blog\/a-plouneour-brignogan-plages-sumac-joue-sa-piece-littorals-ce-mardi-au-jardin-kastell-mor\/","url":"https:\/\/jumeaux91.fr\/blog\/a-plouneour-brignogan-plages-sumac-joue-sa-piece-littorals-ce-mardi-au-jardin-kastell-mor\/","name":"\u00c0 Ploun\u00e9our-Brignogan-Plages, Sumac joue sa pi\u00e8ce \u00ab Littoral(s) \u00bb ce mardi au jardin Kastell Mor - JUMEAUX91","isPartOf":{"@id":"https:\/\/jumeaux91.fr\/blog\/#website"},"primaryImageOfPage":{"@id":"https:\/\/jumeaux91.fr\/blog\/a-plouneour-brignogan-plages-sumac-joue-sa-piece-littorals-ce-mardi-au-jardin-kastell-mor\/#primaryimage"},"image":{"@id":"https:\/\/jumeaux91.fr\/blog\/a-plouneour-brignogan-plages-sumac-joue-sa-piece-littorals-ce-mardi-au-jardin-kastell-mor\/#primaryimage"},"thumbnailUrl":"https:\/\/jumeaux91.fr\/blog\/wp-content\/uploads\/2025\/07\/a-plouneour-brignogan-plages-sumac-joue-sa-piece-littorals-ce-mardi-au-jardin-kastell-mor.jpg","datePublished":"2025-07-22T01:13:00+00:00","breadcrumb":{"@id":"https:\/\/jumeaux91.fr\/blog\/a-plouneour-brignogan-plages-sumac-joue-sa-piece-littorals-ce-mardi-au-jardin-kastell-mor\/#breadcrumb"},"inLanguage":"fr-FR","potentialAction":[{"@type":"ReadAction","target":["https:\/\/jumeaux91.fr\/blog\/a-plouneour-brignogan-plages-sumac-joue-sa-piece-littorals-ce-mardi-au-jardin-kastell-mor\/"]}]},{"@type":"ImageObject","inLanguage":"fr-FR","@id":"https:\/\/jumeaux91.fr\/blog\/a-plouneour-brignogan-plages-sumac-joue-sa-piece-littorals-ce-mardi-au-jardin-kastell-mor\/#primaryimage","url":"https:\/\/jumeaux91.fr\/blog\/wp-content\/uploads\/2025\/07\/a-plouneour-brignogan-plages-sumac-joue-sa-piece-littorals-ce-mardi-au-jardin-kastell-mor.jpg","contentUrl":"https:\/\/jumeaux91.fr\/blog\/wp-content\/uploads\/2025\/07\/a-plouneour-brignogan-plages-sumac-joue-sa-piece-littorals-ce-mardi-au-jardin-kastell-mor.jpg","width":1200,"height":750,"caption":"\u00c0 Ploun\u00e9our Brignogan Plages, Sumac joue sa pi\u00e8ce \u00ab Littoral(s) \u00bb ce mardi au jardin Kastell Mor"},{"@type":"BreadcrumbList","@id":"https:\/\/jumeaux91.fr\/blog\/a-plouneour-brignogan-plages-sumac-joue-sa-piece-littorals-ce-mardi-au-jardin-kastell-mor\/#breadcrumb","itemListElement":[{"@type":"ListItem","position":1,"name":"Accueil","item":"https:\/\/jumeaux91.fr\/blog\/"},{"@type":"ListItem","position":2,"name":"\u00c0 Ploun\u00e9our-Brignogan-Plages, Sumac joue sa pi\u00e8ce \u00ab Littoral(s) \u00bb ce mardi au jardin Kastell Mor"}]},{"@type":"WebSite","@id":"https:\/\/jumeaux91.fr\/blog\/#website","url":"https:\/\/jumeaux91.fr\/blog\/","name":"JUMEAUX91","description":"Fr\u00e8res jumeaux de l&#039;Essonnes; informations et archives, \u00e0 savoir et retenir.","publisher":{"@id":"https:\/\/jumeaux91.fr\/blog\/#organization"},"potentialAction":[{"@type":"SearchAction","target":{"@type":"EntryPoint","urlTemplate":"https:\/\/jumeaux91.fr\/blog\/?s={search_term_string}"},"query-input":{"@type":"PropertyValueSpecification","valueRequired":true,"valueName":"search_term_string"}}],"inLanguage":"fr-FR"},{"@type":"Organization","@id":"https:\/\/jumeaux91.fr\/blog\/#organization","name":"jumeaux91","url":"https:\/\/jumeaux91.fr\/blog\/","logo":{"@type":"ImageObject","inLanguage":"fr-FR","@id":"https:\/\/jumeaux91.fr\/blog\/#\/schema\/logo\/image\/","url":"https:\/\/jumeaux91.fr\/blog\/wp-content\/uploads\/2023\/05\/cropped-cropped-logoJ_91.png","contentUrl":"https:\/\/jumeaux91.fr\/blog\/wp-content\/uploads\/2023\/05\/cropped-cropped-logoJ_91.png","width":512,"height":512,"caption":"jumeaux91"},"image":{"@id":"https:\/\/jumeaux91.fr\/blog\/#\/schema\/logo\/image\/"}},{"@type":"Person","@id":"https:\/\/jumeaux91.fr\/blog\/#\/schema\/person\/21da06e9f119b9f64e5d45dbbd32d3fb","name":"Claude DAYRES","image":{"@type":"ImageObject","inLanguage":"fr-FR","@id":"https:\/\/secure.gravatar.com\/avatar\/82eb951df6110a2c48d1bfa7a67d1ee6f0cd5df3cbf9c3586dd61e82db7172a5?s=96&d=mm&r=g","url":"https:\/\/secure.gravatar.com\/avatar\/82eb951df6110a2c48d1bfa7a67d1ee6f0cd5df3cbf9c3586dd61e82db7172a5?s=96&d=mm&r=g","contentUrl":"https:\/\/secure.gravatar.com\/avatar\/82eb951df6110a2c48d1bfa7a67d1ee6f0cd5df3cbf9c3586dd61e82db7172a5?s=96&d=mm&r=g","caption":"Claude DAYRES"},"url":"https:\/\/jumeaux91.fr\/blog\/author\/x91claude\/"}]}},"_links":{"self":[{"href":"https:\/\/jumeaux91.fr\/blog\/wp-json\/wp\/v2\/posts\/1487","targetHints":{"allow":["GET"]}}],"collection":[{"href":"https:\/\/jumeaux91.fr\/blog\/wp-json\/wp\/v2\/posts"}],"about":[{"href":"https:\/\/jumeaux91.fr\/blog\/wp-json\/wp\/v2\/types\/post"}],"author":[{"embeddable":true,"href":"https:\/\/jumeaux91.fr\/blog\/wp-json\/wp\/v2\/users\/2"}],"replies":[{"embeddable":true,"href":"https:\/\/jumeaux91.fr\/blog\/wp-json\/wp\/v2\/comments?post=1487"}],"version-history":[{"count":0,"href":"https:\/\/jumeaux91.fr\/blog\/wp-json\/wp\/v2\/posts\/1487\/revisions"}],"wp:featuredmedia":[{"embeddable":true,"href":"https:\/\/jumeaux91.fr\/blog\/wp-json\/wp\/v2\/media\/1488"}],"wp:attachment":[{"href":"https:\/\/jumeaux91.fr\/blog\/wp-json\/wp\/v2\/media?parent=1487"}],"wp:term":[{"taxonomy":"category","embeddable":true,"href":"https:\/\/jumeaux91.fr\/blog\/wp-json\/wp\/v2\/categories?post=1487"},{"taxonomy":"post_tag","embeddable":true,"href":"https:\/\/jumeaux91.fr\/blog\/wp-json\/wp\/v2\/tags?post=1487"}],"curies":[{"name":"wp","href":"https:\/\/api.w.org\/{rel}","templated":true}]}}