{"id":1491,"date":"2020-04-23T19:00:00","date_gmt":"2020-04-23T17:00:00","guid":{"rendered":"https:\/\/jumeaux91.fr\/blog\/les-deux-freres-jumeaux-roch-cyriaque-galebayi-actualitte\/"},"modified":"2020-04-23T19:00:00","modified_gmt":"2020-04-23T17:00:00","slug":"les-deux-freres-jumeaux-roch-cyriaque-galebayi-actualitte","status":"publish","type":"post","link":"https:\/\/jumeaux91.fr\/blog\/les-deux-freres-jumeaux-roch-cyriaque-galebayi-actualitte\/","title":{"rendered":"Les deux fr\u00e8res jumeaux &#8211; Roch Cyriaque Galebayi &#8211; ActuaLitt\u00e9"},"content":{"rendered":"<div class=\"book-page_visual\">    <img decoding=\"async\" src=\"https:\/\/jumeaux91.fr\/blog\/wp-content\/uploads\/2025\/07\/les-deux-freres-jumeaux-roch-cyriaque-galebayi-actualitte.jpg\" alt=\"ActuaLitt\u00e9\" loading=\"lazy\">\n <\/div>\n<p> C&rsquo;est l&rsquo;histoire merveilleuse de deux fr\u00e8res jumeaux (Kumu et Peya). La personnalit\u00e9 de Peya contraste avec le caract\u00e8re extravagant de son fr\u00e8re jumeau Kumu. Un conflit latent sur fond de jalousie na\u00eetra entre les deux. Leur fortune est faite d&rsquo;amour, d&rsquo;incompr\u00e9hension et d&rsquo;\u00e9loignement. Ils sont en butte \u00e0 de nombreux d\u00e9fis o\u00f9 chacun tente de s&rsquo;affirmer dans la vie sociale. Les deux fr\u00e8res jumeaux nous font aussi d\u00e9couvrir deux pays (Ts\u00e8l\u00e8-Ts\u00e8l\u00e8 et Motaba) aux caract\u00e9ristiques oppos\u00e9es. <\/p>\n<p> La chronique se veut g\u00e9n\u00e9r\u00e9e de la fa\u00e7on la plus claire que possible. Dans le cas o\u00f9 vous souhaitez pr\u00e9senter des renseignements compl\u00e9mentaires \u00e0 cet article sur le sujet \u00ab\u00a0Fr\u00e8res jumeaux de l&rsquo;Essonnes\u00a0\u00bb il vous est possible d\u2019\u00e9crire aux contacts indiqu\u00e9s sur notre website. La raison d\u2019\u00eatre de jumeaux91.fr \u00e9tant de rassembler sur le web des posts sur le sujet de Fr\u00e8res jumeaux de l&rsquo;Essonnes puis les diffuser en r\u00e9pondant au mieux aux interrogations des gens. Vous pouvez tirer profit de cet article traitant le sujet \u00ab\u00a0Fr\u00e8res jumeaux de l&rsquo;Essonnes\u00a0\u00bb. Il est concoct\u00e9 par l\u2019\u00e9quipe jumeaux91.fr. Prochainement, nous rendrons accessibles au public d&rsquo;autres informations pertinentes sur le sujet \u00ab\u00a0Fr\u00e8res jumeaux de l&rsquo;Essonnes\u00a0\u00bb. Alors, consultez syst\u00e9matiquement notre blog.<\/p>\n","protected":false},"excerpt":{"rendered":"<p>C&rsquo;est l&rsquo;histoire merveilleuse de deux fr\u00e8res jumeaux (Kumu et Peya). La personnalit\u00e9 de Peya contraste avec le caract\u00e8re extravagant de son fr\u00e8re jumeau Kumu. Un conflit latent sur fond de jalousie na\u00eetra entre les deux. Leur fortune est faite d&rsquo;amour, d&rsquo;incompr\u00e9hension et d&rsquo;\u00e9loignement. Ils sont en butte \u00e0 de nombreux d\u00e9fis o\u00f9 chacun tente de&hellip; <a class=\"more-link\" href=\"https:\/\/jumeaux91.fr\/blog\/les-deux-freres-jumeaux-roch-cyriaque-galebayi-actualitte\/\">Poursuivre la lecture <span class=\"screen-reader-text\">Les deux fr\u00e8res jumeaux &#8211; Roch Cyriaque Galebayi &#8211; ActuaLitt\u00e9<\/span><\/a><\/p>\n","protected":false},"author":2,"featured_media":1492,"comment_status":"closed","ping_status":"closed","sticky":false,"template":"","format":"standard","meta":{"footnotes":""},"categories":[4],"tags":[],"class_list":["post-1491","post","type-post","status-publish","format-standard","has-post-thumbnail","hentry","category-posts-freres-jumeaux-de-lessonnes","entry"],"yoast_head":"<!-- This site is optimized with the Yoast SEO plugin v27.5 - https:\/\/yoast.com\/product\/yoast-seo-wordpress\/ -->\n<title>Les deux fr\u00e8res jumeaux - Roch Cyriaque Galebayi - ActuaLitt\u00e9 - JUMEAUX91<\/title>\n<meta name=\"robots\" content=\"index, follow, max-snippet:-1, max-image-preview:large, max-video-preview:-1\" \/>\n<link rel=\"canonical\" href=\"https:\/\/jumeaux91.fr\/blog\/les-deux-freres-jumeaux-roch-cyriaque-galebayi-actualitte\/\" \/>\n<meta property=\"og:locale\" content=\"fr_FR\" \/>\n<meta property=\"og:type\" content=\"article\" \/>\n<meta property=\"og:title\" content=\"Les deux fr\u00e8res jumeaux - Roch Cyriaque Galebayi - ActuaLitt\u00e9 - JUMEAUX91\" \/>\n<meta property=\"og:description\" content=\"C&rsquo;est l&rsquo;histoire merveilleuse de deux fr\u00e8res jumeaux (Kumu et Peya). La personnalit\u00e9 de Peya contraste avec le caract\u00e8re extravagant de son fr\u00e8re jumeau Kumu. Un conflit latent sur fond de jalousie na\u00eetra entre les deux. Leur fortune est faite d&rsquo;amour, d&rsquo;incompr\u00e9hension et d&rsquo;\u00e9loignement. Ils sont en butte \u00e0 de nombreux d\u00e9fis o\u00f9 chacun tente de&hellip; Poursuivre la lecture Les deux fr\u00e8res jumeaux &#8211; Roch Cyriaque Galebayi &#8211; ActuaLitt\u00e9\" \/>\n<meta property=\"og:url\" content=\"https:\/\/jumeaux91.fr\/blog\/les-deux-freres-jumeaux-roch-cyriaque-galebayi-actualitte\/\" \/>\n<meta property=\"og:site_name\" content=\"JUMEAUX91\" \/>\n<meta property=\"article:published_time\" content=\"2020-04-23T17:00:00+00:00\" \/>\n<meta property=\"og:image\" content=\"https:\/\/jumeaux91.fr\/blog\/wp-content\/uploads\/2025\/07\/les-deux-freres-jumeaux-roch-cyriaque-galebayi-actualitte.jpg\" \/>\n<meta name=\"author\" content=\"Claude DAYRES\" \/>\n<meta name=\"twitter:card\" content=\"summary_large_image\" \/>\n<meta name=\"twitter:label1\" content=\"\u00c9crit par\" \/>\n\t<meta name=\"twitter:data1\" content=\"Claude DAYRES\" \/>\n\t<meta name=\"twitter:label2\" content=\"Dur\u00e9e de lecture estim\u00e9e\" \/>\n\t<meta name=\"twitter:data2\" content=\"1 minute\" \/>\n<script type=\"application\/ld+json\" class=\"yoast-schema-graph\">{\"@context\":\"https:\\\/\\\/schema.org\",\"@graph\":[{\"@type\":\"Article\",\"@id\":\"https:\\\/\\\/jumeaux91.fr\\\/blog\\\/les-deux-freres-jumeaux-roch-cyriaque-galebayi-actualitte\\\/#article\",\"isPartOf\":{\"@id\":\"https:\\\/\\\/jumeaux91.fr\\\/blog\\\/les-deux-freres-jumeaux-roch-cyriaque-galebayi-actualitte\\\/\"},\"author\":{\"name\":\"Claude DAYRES\",\"@id\":\"https:\\\/\\\/jumeaux91.fr\\\/blog\\\/#\\\/schema\\\/person\\\/21da06e9f119b9f64e5d45dbbd32d3fb\"},\"headline\":\"Les deux fr\u00e8res jumeaux &#8211; Roch Cyriaque Galebayi &#8211; ActuaLitt\u00e9\",\"datePublished\":\"2020-04-23T17:00:00+00:00\",\"mainEntityOfPage\":{\"@id\":\"https:\\\/\\\/jumeaux91.fr\\\/blog\\\/les-deux-freres-jumeaux-roch-cyriaque-galebayi-actualitte\\\/\"},\"wordCount\":244,\"publisher\":{\"@id\":\"https:\\\/\\\/jumeaux91.fr\\\/blog\\\/#organization\"},\"image\":{\"@id\":\"https:\\\/\\\/jumeaux91.fr\\\/blog\\\/les-deux-freres-jumeaux-roch-cyriaque-galebayi-actualitte\\\/#primaryimage\"},\"thumbnailUrl\":\"https:\\\/\\\/jumeaux91.fr\\\/blog\\\/wp-content\\\/uploads\\\/2025\\\/07\\\/les-deux-freres-jumeaux-roch-cyriaque-galebayi-actualitte.jpg\",\"articleSection\":[\"Posts Fr\u00e8res Jumeaux De L'Essonnes:\"],\"inLanguage\":\"fr-FR\"},{\"@type\":\"WebPage\",\"@id\":\"https:\\\/\\\/jumeaux91.fr\\\/blog\\\/les-deux-freres-jumeaux-roch-cyriaque-galebayi-actualitte\\\/\",\"url\":\"https:\\\/\\\/jumeaux91.fr\\\/blog\\\/les-deux-freres-jumeaux-roch-cyriaque-galebayi-actualitte\\\/\",\"name\":\"Les deux fr\u00e8res jumeaux - Roch Cyriaque Galebayi - ActuaLitt\u00e9 - JUMEAUX91\",\"isPartOf\":{\"@id\":\"https:\\\/\\\/jumeaux91.fr\\\/blog\\\/#website\"},\"primaryImageOfPage\":{\"@id\":\"https:\\\/\\\/jumeaux91.fr\\\/blog\\\/les-deux-freres-jumeaux-roch-cyriaque-galebayi-actualitte\\\/#primaryimage\"},\"image\":{\"@id\":\"https:\\\/\\\/jumeaux91.fr\\\/blog\\\/les-deux-freres-jumeaux-roch-cyriaque-galebayi-actualitte\\\/#primaryimage\"},\"thumbnailUrl\":\"https:\\\/\\\/jumeaux91.fr\\\/blog\\\/wp-content\\\/uploads\\\/2025\\\/07\\\/les-deux-freres-jumeaux-roch-cyriaque-galebayi-actualitte.jpg\",\"datePublished\":\"2020-04-23T17:00:00+00:00\",\"breadcrumb\":{\"@id\":\"https:\\\/\\\/jumeaux91.fr\\\/blog\\\/les-deux-freres-jumeaux-roch-cyriaque-galebayi-actualitte\\\/#breadcrumb\"},\"inLanguage\":\"fr-FR\",\"potentialAction\":[{\"@type\":\"ReadAction\",\"target\":[\"https:\\\/\\\/jumeaux91.fr\\\/blog\\\/les-deux-freres-jumeaux-roch-cyriaque-galebayi-actualitte\\\/\"]}]},{\"@type\":\"ImageObject\",\"inLanguage\":\"fr-FR\",\"@id\":\"https:\\\/\\\/jumeaux91.fr\\\/blog\\\/les-deux-freres-jumeaux-roch-cyriaque-galebayi-actualitte\\\/#primaryimage\",\"url\":\"https:\\\/\\\/jumeaux91.fr\\\/blog\\\/wp-content\\\/uploads\\\/2025\\\/07\\\/les-deux-freres-jumeaux-roch-cyriaque-galebayi-actualitte.jpg\",\"contentUrl\":\"https:\\\/\\\/jumeaux91.fr\\\/blog\\\/wp-content\\\/uploads\\\/2025\\\/07\\\/les-deux-freres-jumeaux-roch-cyriaque-galebayi-actualitte.jpg\",\"width\":311,\"height\":500,\"caption\":\"Les deux fr\u00e8res jumeaux Roch Cyriaque Galebayi ActuaLitt\u00e9\"},{\"@type\":\"BreadcrumbList\",\"@id\":\"https:\\\/\\\/jumeaux91.fr\\\/blog\\\/les-deux-freres-jumeaux-roch-cyriaque-galebayi-actualitte\\\/#breadcrumb\",\"itemListElement\":[{\"@type\":\"ListItem\",\"position\":1,\"name\":\"Accueil\",\"item\":\"https:\\\/\\\/jumeaux91.fr\\\/blog\\\/\"},{\"@type\":\"ListItem\",\"position\":2,\"name\":\"Les deux fr\u00e8res jumeaux &#8211; Roch Cyriaque Galebayi &#8211; ActuaLitt\u00e9\"}]},{\"@type\":\"WebSite\",\"@id\":\"https:\\\/\\\/jumeaux91.fr\\\/blog\\\/#website\",\"url\":\"https:\\\/\\\/jumeaux91.fr\\\/blog\\\/\",\"name\":\"JUMEAUX91\",\"description\":\"Fr\u00e8res jumeaux de l&#039;Essonnes; informations et archives, \u00e0 savoir et retenir.\",\"publisher\":{\"@id\":\"https:\\\/\\\/jumeaux91.fr\\\/blog\\\/#organization\"},\"potentialAction\":[{\"@type\":\"SearchAction\",\"target\":{\"@type\":\"EntryPoint\",\"urlTemplate\":\"https:\\\/\\\/jumeaux91.fr\\\/blog\\\/?s={search_term_string}\"},\"query-input\":{\"@type\":\"PropertyValueSpecification\",\"valueRequired\":true,\"valueName\":\"search_term_string\"}}],\"inLanguage\":\"fr-FR\"},{\"@type\":\"Organization\",\"@id\":\"https:\\\/\\\/jumeaux91.fr\\\/blog\\\/#organization\",\"name\":\"jumeaux91\",\"url\":\"https:\\\/\\\/jumeaux91.fr\\\/blog\\\/\",\"logo\":{\"@type\":\"ImageObject\",\"inLanguage\":\"fr-FR\",\"@id\":\"https:\\\/\\\/jumeaux91.fr\\\/blog\\\/#\\\/schema\\\/logo\\\/image\\\/\",\"url\":\"https:\\\/\\\/jumeaux91.fr\\\/blog\\\/wp-content\\\/uploads\\\/2023\\\/05\\\/cropped-cropped-logoJ_91.png\",\"contentUrl\":\"https:\\\/\\\/jumeaux91.fr\\\/blog\\\/wp-content\\\/uploads\\\/2023\\\/05\\\/cropped-cropped-logoJ_91.png\",\"width\":512,\"height\":512,\"caption\":\"jumeaux91\"},\"image\":{\"@id\":\"https:\\\/\\\/jumeaux91.fr\\\/blog\\\/#\\\/schema\\\/logo\\\/image\\\/\"}},{\"@type\":\"Person\",\"@id\":\"https:\\\/\\\/jumeaux91.fr\\\/blog\\\/#\\\/schema\\\/person\\\/21da06e9f119b9f64e5d45dbbd32d3fb\",\"name\":\"Claude DAYRES\",\"image\":{\"@type\":\"ImageObject\",\"inLanguage\":\"fr-FR\",\"@id\":\"https:\\\/\\\/secure.gravatar.com\\\/avatar\\\/82eb951df6110a2c48d1bfa7a67d1ee6f0cd5df3cbf9c3586dd61e82db7172a5?s=96&d=mm&r=g\",\"url\":\"https:\\\/\\\/secure.gravatar.com\\\/avatar\\\/82eb951df6110a2c48d1bfa7a67d1ee6f0cd5df3cbf9c3586dd61e82db7172a5?s=96&d=mm&r=g\",\"contentUrl\":\"https:\\\/\\\/secure.gravatar.com\\\/avatar\\\/82eb951df6110a2c48d1bfa7a67d1ee6f0cd5df3cbf9c3586dd61e82db7172a5?s=96&d=mm&r=g\",\"caption\":\"Claude DAYRES\"},\"url\":\"https:\\\/\\\/jumeaux91.fr\\\/blog\\\/author\\\/x91claude\\\/\"}]}<\/script>\n<!-- \/ Yoast SEO plugin. -->","yoast_head_json":{"title":"Les deux fr\u00e8res jumeaux - Roch Cyriaque Galebayi - ActuaLitt\u00e9 - JUMEAUX91","robots":{"index":"index","follow":"follow","max-snippet":"max-snippet:-1","max-image-preview":"max-image-preview:large","max-video-preview":"max-video-preview:-1"},"canonical":"https:\/\/jumeaux91.fr\/blog\/les-deux-freres-jumeaux-roch-cyriaque-galebayi-actualitte\/","og_locale":"fr_FR","og_type":"article","og_title":"Les deux fr\u00e8res jumeaux - Roch Cyriaque Galebayi - ActuaLitt\u00e9 - JUMEAUX91","og_description":"C&rsquo;est l&rsquo;histoire merveilleuse de deux fr\u00e8res jumeaux (Kumu et Peya). La personnalit\u00e9 de Peya contraste avec le caract\u00e8re extravagant de son fr\u00e8re jumeau Kumu. Un conflit latent sur fond de jalousie na\u00eetra entre les deux. Leur fortune est faite d&rsquo;amour, d&rsquo;incompr\u00e9hension et d&rsquo;\u00e9loignement. Ils sont en butte \u00e0 de nombreux d\u00e9fis o\u00f9 chacun tente de&hellip; Poursuivre la lecture Les deux fr\u00e8res jumeaux &#8211; Roch Cyriaque Galebayi &#8211; ActuaLitt\u00e9","og_url":"https:\/\/jumeaux91.fr\/blog\/les-deux-freres-jumeaux-roch-cyriaque-galebayi-actualitte\/","og_site_name":"JUMEAUX91","article_published_time":"2020-04-23T17:00:00+00:00","og_image":[{"url":"https:\/\/jumeaux91.fr\/blog\/wp-content\/uploads\/2025\/07\/les-deux-freres-jumeaux-roch-cyriaque-galebayi-actualitte.jpg","type":"","width":"","height":""}],"author":"Claude DAYRES","twitter_card":"summary_large_image","twitter_misc":{"\u00c9crit par":"Claude DAYRES","Dur\u00e9e de lecture estim\u00e9e":"1 minute"},"schema":{"@context":"https:\/\/schema.org","@graph":[{"@type":"Article","@id":"https:\/\/jumeaux91.fr\/blog\/les-deux-freres-jumeaux-roch-cyriaque-galebayi-actualitte\/#article","isPartOf":{"@id":"https:\/\/jumeaux91.fr\/blog\/les-deux-freres-jumeaux-roch-cyriaque-galebayi-actualitte\/"},"author":{"name":"Claude DAYRES","@id":"https:\/\/jumeaux91.fr\/blog\/#\/schema\/person\/21da06e9f119b9f64e5d45dbbd32d3fb"},"headline":"Les deux fr\u00e8res jumeaux &#8211; Roch Cyriaque Galebayi &#8211; ActuaLitt\u00e9","datePublished":"2020-04-23T17:00:00+00:00","mainEntityOfPage":{"@id":"https:\/\/jumeaux91.fr\/blog\/les-deux-freres-jumeaux-roch-cyriaque-galebayi-actualitte\/"},"wordCount":244,"publisher":{"@id":"https:\/\/jumeaux91.fr\/blog\/#organization"},"image":{"@id":"https:\/\/jumeaux91.fr\/blog\/les-deux-freres-jumeaux-roch-cyriaque-galebayi-actualitte\/#primaryimage"},"thumbnailUrl":"https:\/\/jumeaux91.fr\/blog\/wp-content\/uploads\/2025\/07\/les-deux-freres-jumeaux-roch-cyriaque-galebayi-actualitte.jpg","articleSection":["Posts Fr\u00e8res Jumeaux De L'Essonnes:"],"inLanguage":"fr-FR"},{"@type":"WebPage","@id":"https:\/\/jumeaux91.fr\/blog\/les-deux-freres-jumeaux-roch-cyriaque-galebayi-actualitte\/","url":"https:\/\/jumeaux91.fr\/blog\/les-deux-freres-jumeaux-roch-cyriaque-galebayi-actualitte\/","name":"Les deux fr\u00e8res jumeaux - Roch Cyriaque Galebayi - ActuaLitt\u00e9 - JUMEAUX91","isPartOf":{"@id":"https:\/\/jumeaux91.fr\/blog\/#website"},"primaryImageOfPage":{"@id":"https:\/\/jumeaux91.fr\/blog\/les-deux-freres-jumeaux-roch-cyriaque-galebayi-actualitte\/#primaryimage"},"image":{"@id":"https:\/\/jumeaux91.fr\/blog\/les-deux-freres-jumeaux-roch-cyriaque-galebayi-actualitte\/#primaryimage"},"thumbnailUrl":"https:\/\/jumeaux91.fr\/blog\/wp-content\/uploads\/2025\/07\/les-deux-freres-jumeaux-roch-cyriaque-galebayi-actualitte.jpg","datePublished":"2020-04-23T17:00:00+00:00","breadcrumb":{"@id":"https:\/\/jumeaux91.fr\/blog\/les-deux-freres-jumeaux-roch-cyriaque-galebayi-actualitte\/#breadcrumb"},"inLanguage":"fr-FR","potentialAction":[{"@type":"ReadAction","target":["https:\/\/jumeaux91.fr\/blog\/les-deux-freres-jumeaux-roch-cyriaque-galebayi-actualitte\/"]}]},{"@type":"ImageObject","inLanguage":"fr-FR","@id":"https:\/\/jumeaux91.fr\/blog\/les-deux-freres-jumeaux-roch-cyriaque-galebayi-actualitte\/#primaryimage","url":"https:\/\/jumeaux91.fr\/blog\/wp-content\/uploads\/2025\/07\/les-deux-freres-jumeaux-roch-cyriaque-galebayi-actualitte.jpg","contentUrl":"https:\/\/jumeaux91.fr\/blog\/wp-content\/uploads\/2025\/07\/les-deux-freres-jumeaux-roch-cyriaque-galebayi-actualitte.jpg","width":311,"height":500,"caption":"Les deux fr\u00e8res jumeaux Roch Cyriaque Galebayi ActuaLitt\u00e9"},{"@type":"BreadcrumbList","@id":"https:\/\/jumeaux91.fr\/blog\/les-deux-freres-jumeaux-roch-cyriaque-galebayi-actualitte\/#breadcrumb","itemListElement":[{"@type":"ListItem","position":1,"name":"Accueil","item":"https:\/\/jumeaux91.fr\/blog\/"},{"@type":"ListItem","position":2,"name":"Les deux fr\u00e8res jumeaux &#8211; Roch Cyriaque Galebayi &#8211; ActuaLitt\u00e9"}]},{"@type":"WebSite","@id":"https:\/\/jumeaux91.fr\/blog\/#website","url":"https:\/\/jumeaux91.fr\/blog\/","name":"JUMEAUX91","description":"Fr\u00e8res jumeaux de l&#039;Essonnes; informations et archives, \u00e0 savoir et retenir.","publisher":{"@id":"https:\/\/jumeaux91.fr\/blog\/#organization"},"potentialAction":[{"@type":"SearchAction","target":{"@type":"EntryPoint","urlTemplate":"https:\/\/jumeaux91.fr\/blog\/?s={search_term_string}"},"query-input":{"@type":"PropertyValueSpecification","valueRequired":true,"valueName":"search_term_string"}}],"inLanguage":"fr-FR"},{"@type":"Organization","@id":"https:\/\/jumeaux91.fr\/blog\/#organization","name":"jumeaux91","url":"https:\/\/jumeaux91.fr\/blog\/","logo":{"@type":"ImageObject","inLanguage":"fr-FR","@id":"https:\/\/jumeaux91.fr\/blog\/#\/schema\/logo\/image\/","url":"https:\/\/jumeaux91.fr\/blog\/wp-content\/uploads\/2023\/05\/cropped-cropped-logoJ_91.png","contentUrl":"https:\/\/jumeaux91.fr\/blog\/wp-content\/uploads\/2023\/05\/cropped-cropped-logoJ_91.png","width":512,"height":512,"caption":"jumeaux91"},"image":{"@id":"https:\/\/jumeaux91.fr\/blog\/#\/schema\/logo\/image\/"}},{"@type":"Person","@id":"https:\/\/jumeaux91.fr\/blog\/#\/schema\/person\/21da06e9f119b9f64e5d45dbbd32d3fb","name":"Claude DAYRES","image":{"@type":"ImageObject","inLanguage":"fr-FR","@id":"https:\/\/secure.gravatar.com\/avatar\/82eb951df6110a2c48d1bfa7a67d1ee6f0cd5df3cbf9c3586dd61e82db7172a5?s=96&d=mm&r=g","url":"https:\/\/secure.gravatar.com\/avatar\/82eb951df6110a2c48d1bfa7a67d1ee6f0cd5df3cbf9c3586dd61e82db7172a5?s=96&d=mm&r=g","contentUrl":"https:\/\/secure.gravatar.com\/avatar\/82eb951df6110a2c48d1bfa7a67d1ee6f0cd5df3cbf9c3586dd61e82db7172a5?s=96&d=mm&r=g","caption":"Claude DAYRES"},"url":"https:\/\/jumeaux91.fr\/blog\/author\/x91claude\/"}]}},"_links":{"self":[{"href":"https:\/\/jumeaux91.fr\/blog\/wp-json\/wp\/v2\/posts\/1491","targetHints":{"allow":["GET"]}}],"collection":[{"href":"https:\/\/jumeaux91.fr\/blog\/wp-json\/wp\/v2\/posts"}],"about":[{"href":"https:\/\/jumeaux91.fr\/blog\/wp-json\/wp\/v2\/types\/post"}],"author":[{"embeddable":true,"href":"https:\/\/jumeaux91.fr\/blog\/wp-json\/wp\/v2\/users\/2"}],"replies":[{"embeddable":true,"href":"https:\/\/jumeaux91.fr\/blog\/wp-json\/wp\/v2\/comments?post=1491"}],"version-history":[{"count":0,"href":"https:\/\/jumeaux91.fr\/blog\/wp-json\/wp\/v2\/posts\/1491\/revisions"}],"wp:featuredmedia":[{"embeddable":true,"href":"https:\/\/jumeaux91.fr\/blog\/wp-json\/wp\/v2\/media\/1492"}],"wp:attachment":[{"href":"https:\/\/jumeaux91.fr\/blog\/wp-json\/wp\/v2\/media?parent=1491"}],"wp:term":[{"taxonomy":"category","embeddable":true,"href":"https:\/\/jumeaux91.fr\/blog\/wp-json\/wp\/v2\/categories?post=1491"},{"taxonomy":"post_tag","embeddable":true,"href":"https:\/\/jumeaux91.fr\/blog\/wp-json\/wp\/v2\/tags?post=1491"}],"curies":[{"name":"wp","href":"https:\/\/api.w.org\/{rel}","templated":true}]}}