{"id":1496,"date":"2023-06-20T13:57:00","date_gmt":"2023-06-20T11:57:00","guid":{"rendered":"https:\/\/jumeaux91.fr\/blog\/photos-marion-cotillard-a-quoi-ressemblent-ses-freres-jumeaux-l\/"},"modified":"2023-06-20T13:57:00","modified_gmt":"2023-06-20T11:57:00","slug":"photos-marion-cotillard-a-quoi-ressemblent-ses-freres-jumeaux-l","status":"publish","type":"post","link":"https:\/\/jumeaux91.fr\/blog\/photos-marion-cotillard-a-quoi-ressemblent-ses-freres-jumeaux-l\/","title":{"rendered":"PHOTOS Marion Cotillard : \u00c0 quoi ressemblent ses fr\u00e8res jumeaux ? L &#8230;"},"content":{"rendered":"<div>\n<div class=\"author-article-bio-link-container\"> <img decoding=\"async\" src=\"https:\/\/jumeaux91.fr\/blog\/wp-content\/uploads\/2025\/07\/photos-marion-cotillard-a-quoi-ressemblent-ses-freres-jumeaux-l.jpg\" class=\"author-article-picture\" width=\"35\" height=\"35\"> <span class=\"author-article-bio-link-span\"> Par <a class=\"author-article-bio-link\" href=\"https:\/\/www.purepeople.com\/auteur\/bertrand-bielle_a121\" target=\"_blank\" rel=\"nofollow\">Bertrand Bielle<\/a> | Journaliste <\/span> <\/div>\n<p> Curieux de nature, Bertrand est toujours \u00e0 l\u2019affut du moindre petit scoop. Passionn\u00e9 par le football, il n\u2019est jamais bien loin du ballon rond et de toutes les actualit\u00e9s qui en d\u00e9coulent. Toutefois, l\u2019\u00e9v\u00e8nementiel du showbiz ou de la politique fait \u00e9galement partie de ses recherches journalistiques privil\u00e9gi\u00e9es. <\/p>\n<\/p><\/div>\n<p> Marion Cotillard, qui figure au casting du film \u00ab\u00a0Taxi\u00a0\u00bb diffus\u00e9 ce mardi 20 juin sur \u00ab\u00a0TF1\u00a0\u00bb, a deux fr\u00e8res jumeaux. \u00c0 savoir Guillaume et Quentin. Deux hommes avec qui elle partage un air de famille assez frappant.\n<\/p>\n<div id=\"article-content\">\n<div class=\"main-media-container mg-content\">\n<div class=\"player-container js-media-player player-main\" id=\"player-main\">\n<div class=\"player-item\" data-video-id=\"x8lwudj\" data-media-id=\"7454613\" data-position=\"playertop\" data-smart-mute=\"1\" data-player-id=\"x1hs9\">\n<div class=\"player-anchor\"> <img decoding=\"async\" class=\"player-thumbnail\" src=\"https:\/\/jumeaux91.fr\/blog\/wp-content\/uploads\/2025\/07\/photos-marion-cotillard-a-quoi-ressemblent-ses-freres-jumeaux-l-1.jpg\" width=\"580\" height=\"326\"> <\/div>\n<\/p><\/div>\n<\/p><\/div>\n<p> <span class=\"media-copyright\">PHOTOS Marion Cotillard : \u00c0 quoi ressemble ses fr\u00e8res jumeaux ? L&rsquo;air de famille est impressionnant<\/span> <\/div>\n<div class=\"mg-content\"> <a class=\"btn btn-type-primary btn-md\" href=\"https:\/\/www.purepeople.com\/diapo\/photos-marion-cotillard-a-quoi-ressemble-ses-freres-jumeaux-l-air-de-famille-est-impressionnant_a510241\/1\" data-jan=\"{&quot;eventAction&quot;:[&quot;click&quot;],&quot;eventName&quot;:&quot;diapo_open_from_carousel&quot;,&quot;position_name&quot;:&quot;diapo_open_button_and_thumbnails_from_carousel&quot;,&quot;content_id&quot;:510241}\" target=\"_blank\" rel=\"nofollow\"> <span>Voir les 16 photos<\/span> <\/a> <\/div>\n<div class=\"ad-placement ad-placement-atf mg-content ad-only-mobile ad-placeholder ad-entitled\">\n<div class=\"ad-container\">\n<p>La suite apr\u00e8s la publicit\u00e9<\/p>\n<\/p><\/div>\n<\/div>\n<div class=\"block-text\">\n<p><a href=\"https:\/\/www.purepeople.com\/people\/marion-cotillard_p258\" target=\"_blank\" rel=\"nofollow\">Marion Cotillard<\/a>, \u00e0 retrouver ce mardi 20 juin \u00e0 21h10 sur TF1 dans le premier volet de la mythique saga <em>Taxi<\/em> \u00e9crite et produite par Luc Besson, qui lui a notamment permis de se r\u00e9v\u00e9ler aux yeux du grand public, ne se confie que tr\u00e8s rarement sur sa vie priv\u00e9e. Encore moins sur ses fr\u00e8res jumeaux Guillaume et Quentin, n\u00e9s en 1977. Mais <a href=\"https:\/\/www.purepeople.com\/article\/marion-cotillard-et-guillaume-canet-leur-fils-marcel-traumatise-par-une-main-coupee-il-a-fait-des-cauchemars_a510118\/1\" target=\"_blank\" rel=\"nofollow\">la maman de Marcel et Louise<\/a>, qu&rsquo;elle a eus en 2011 et 2017 avec Guillaume Canet, acceptait d&rsquo;en dire davantage sur eux dans les pages du <em>Madame Figaro<\/em>, en avril 2019.<\/p>\n<p>L&rsquo;actrice de 47 ans r\u00e9v\u00e9lait notamment avoir eu parfois du mal \u00e0 vivre une relation intense avec eux, avant que la situation ne se d\u00e9cante : \u00ab\u00a0<em>Trouver sa place face \u00e0 un duo tr\u00e8s fort <a href=\"https:\/\/www.purepeople.com\/article\/marion-cotillard-ses-freres-jumeaux-trouver-sa-place-a-ete-parfois-complexe_a334142\/1\" target=\"_blank\" rel=\"nofollow\">a parfois \u00e9t\u00e9 complexe<\/a>. Mais je crois que le plus difficile reste quand m\u00eame de trouver sa place dans la soci\u00e9t\u00e9 en g\u00e9n\u00e9ral, ce qui vaut pour tout le monde. Avec mes fr\u00e8res, nous nous sommes trouv\u00e9s tard, mais depuis, notre lien est indestructible : nous avons tiss\u00e9 une relation merveilleuse.<\/em>\u00ab\u00a0<\/p>\n<p><span>De ce que l&rsquo;on sait, Guillaume est r\u00e9alisateur et sc\u00e9nariste. \u00c9voluant dans un milieu o\u00f9 il est important de se montrer, il n&rsquo;h\u00e9site donc pas \u00e0 le faire, notamment en postant des clich\u00e9s de lui sur son compte Instagram, mais aussi des photos de lui posant avec sa c\u00e9l\u00e8bre soeur. Un duo complice qui semble beaucoup s&rsquo;amuser, et qui semble surtout avoir en commun un air de famille. En effet, sur ces images, il est possible de constater qu&rsquo;ils se ressemblent l\u00e9g\u00e8rement.<\/span><\/p>\n<\/p><\/div>\n<div class=\"block-text\">\n<p>Quentin, un fr\u00e8re plus discret<\/p>\n<p>Difficile toutefois de le v\u00e9rifier avec Quentin, puisque celui-ci, d&rsquo;apr\u00e8s les informations de <span class=\"js-b16 45CBCBC0C22D1F1FCCCCCC194C4A484A1944C11FC2CB4AC1C23F43CB3F4C4FCB454A1FCAC34349CB46493F424FCB4648484AC14B122DC92DCB43C5CB2EB4C113B22213BA25C1431321204DC34E434AC31321204BC3132120C113B22213BA264A4846C24ACB43C3C113212043CB184B431321204813212C4A42CBC1464243132120BE4AC1464F49132120B24FCB4648484AC14B\">nos confr\u00e8res de <em>Gala<\/em><\/span>, est peintre et sculpteur de profession et n&rsquo;a donc pas grand-chose \u00e0 voir avec le milieu dans lequel \u00e9voluent son fr\u00e8re jumeau et sa soeur. Si ce n&rsquo;est la dimension artistique. Il appara\u00eet ainsi \u00eatre bien plus discret qu&rsquo;eux. Pour preuve, il n&rsquo;est apparemment pas \u00eatre muni d&rsquo;un compte Instagram. Tout ce que l&rsquo;on sait le concernant, c&rsquo;est qu&rsquo;il serait mari\u00e9 \u00e0 Elaine O&rsquo;Malley, une danseuse de ballet. On peut en revanche se douter que lui aussi d\u00e9tient un air de famille avec sa c\u00e9l\u00e8bre soeur Marion, s&rsquo;il ressemble \u00e0 son fr\u00e8re jumeau.<\/p>\n<\/p><\/div>\n<\/p><\/div>\n<p>La chronique se veut g\u00e9n\u00e9r\u00e9e de la fa\u00e7on la plus claire que possible. Dans le cas o\u00f9 vous souhaitez pr\u00e9senter des renseignements compl\u00e9mentaires \u00e0 cet article sur le sujet \u00ab\u00a0Fr\u00e8res jumeaux de l&rsquo;Essonnes\u00a0\u00bb il vous est possible d\u2019\u00e9crire aux contacts indiqu\u00e9s sur notre website. La raison d\u2019\u00eatre de jumeaux91.fr \u00e9tant de rassembler sur le web des posts sur le sujet de Fr\u00e8res jumeaux de l&rsquo;Essonnes puis les diffuser en r\u00e9pondant au mieux aux interrogations des gens. Vous pouvez tirer profit de cet article traitant le sujet \u00ab\u00a0Fr\u00e8res jumeaux de l&rsquo;Essonnes\u00a0\u00bb. Il est concoct\u00e9 par l\u2019\u00e9quipe jumeaux91.fr. Prochainement, nous rendrons accessibles au public d&rsquo;autres informations pertinentes sur le sujet \u00ab\u00a0Fr\u00e8res jumeaux de l&rsquo;Essonnes\u00a0\u00bb. Alors, consultez syst\u00e9matiquement notre blog.<\/p>\n","protected":false},"excerpt":{"rendered":"<p>Par Bertrand Bielle | Journaliste Curieux de nature, Bertrand est toujours \u00e0 l\u2019affut du moindre petit scoop. Passionn\u00e9 par le football, il n\u2019est jamais bien loin du ballon rond et de toutes les actualit\u00e9s qui en d\u00e9coulent. Toutefois, l\u2019\u00e9v\u00e8nementiel du showbiz ou de la politique fait \u00e9galement partie de ses recherches journalistiques privil\u00e9gi\u00e9es. Marion Cotillard,&hellip; <a class=\"more-link\" href=\"https:\/\/jumeaux91.fr\/blog\/photos-marion-cotillard-a-quoi-ressemblent-ses-freres-jumeaux-l\/\">Poursuivre la lecture <span class=\"screen-reader-text\">PHOTOS Marion Cotillard : \u00c0 quoi ressemblent ses fr\u00e8res jumeaux ? L &#8230;<\/span><\/a><\/p>\n","protected":false},"author":2,"featured_media":1497,"comment_status":"closed","ping_status":"closed","sticky":false,"template":"","format":"standard","meta":{"footnotes":""},"categories":[4],"tags":[],"class_list":["post-1496","post","type-post","status-publish","format-standard","has-post-thumbnail","hentry","category-posts-freres-jumeaux-de-lessonnes","entry"],"yoast_head":"<!-- This site is optimized with the Yoast SEO plugin v27.5 - https:\/\/yoast.com\/product\/yoast-seo-wordpress\/ -->\n<title>PHOTOS Marion Cotillard : \u00c0 quoi ressemblent ses fr\u00e8res jumeaux ? L ... - JUMEAUX91<\/title>\n<meta name=\"robots\" content=\"index, follow, max-snippet:-1, max-image-preview:large, max-video-preview:-1\" \/>\n<link rel=\"canonical\" href=\"https:\/\/jumeaux91.fr\/blog\/photos-marion-cotillard-a-quoi-ressemblent-ses-freres-jumeaux-l\/\" \/>\n<meta property=\"og:locale\" content=\"fr_FR\" \/>\n<meta property=\"og:type\" content=\"article\" \/>\n<meta property=\"og:title\" content=\"PHOTOS Marion Cotillard : \u00c0 quoi ressemblent ses fr\u00e8res jumeaux ? L ... - JUMEAUX91\" \/>\n<meta property=\"og:description\" content=\"Par Bertrand Bielle | Journaliste Curieux de nature, Bertrand est toujours \u00e0 l\u2019affut du moindre petit scoop. Passionn\u00e9 par le football, il n\u2019est jamais bien loin du ballon rond et de toutes les actualit\u00e9s qui en d\u00e9coulent. Toutefois, l\u2019\u00e9v\u00e8nementiel du showbiz ou de la politique fait \u00e9galement partie de ses recherches journalistiques privil\u00e9gi\u00e9es. Marion Cotillard,&hellip; Poursuivre la lecture PHOTOS Marion Cotillard : \u00c0 quoi ressemblent ses fr\u00e8res jumeaux ? L &#8230;\" \/>\n<meta property=\"og:url\" content=\"https:\/\/jumeaux91.fr\/blog\/photos-marion-cotillard-a-quoi-ressemblent-ses-freres-jumeaux-l\/\" \/>\n<meta property=\"og:site_name\" content=\"JUMEAUX91\" \/>\n<meta property=\"article:published_time\" content=\"2023-06-20T11:57:00+00:00\" \/>\n<meta property=\"og:image\" content=\"https:\/\/jumeaux91.fr\/blog\/wp-content\/uploads\/2025\/07\/photos-marion-cotillard-a-quoi-ressemblent-ses-freres-jumeaux-l.jpg\" \/>\n<meta name=\"author\" content=\"Claude DAYRES\" \/>\n<meta name=\"twitter:card\" content=\"summary_large_image\" \/>\n<meta name=\"twitter:label1\" content=\"\u00c9crit par\" \/>\n\t<meta name=\"twitter:data1\" content=\"Claude DAYRES\" \/>\n\t<meta name=\"twitter:label2\" content=\"Dur\u00e9e de lecture estim\u00e9e\" \/>\n\t<meta name=\"twitter:data2\" content=\"3 minutes\" \/>\n<script type=\"application\/ld+json\" class=\"yoast-schema-graph\">{\"@context\":\"https:\\\/\\\/schema.org\",\"@graph\":[{\"@type\":\"Article\",\"@id\":\"https:\\\/\\\/jumeaux91.fr\\\/blog\\\/photos-marion-cotillard-a-quoi-ressemblent-ses-freres-jumeaux-l\\\/#article\",\"isPartOf\":{\"@id\":\"https:\\\/\\\/jumeaux91.fr\\\/blog\\\/photos-marion-cotillard-a-quoi-ressemblent-ses-freres-jumeaux-l\\\/\"},\"author\":{\"name\":\"Claude DAYRES\",\"@id\":\"https:\\\/\\\/jumeaux91.fr\\\/blog\\\/#\\\/schema\\\/person\\\/21da06e9f119b9f64e5d45dbbd32d3fb\"},\"headline\":\"PHOTOS Marion Cotillard : \u00c0 quoi ressemblent ses fr\u00e8res jumeaux ? L &#8230;\",\"datePublished\":\"2023-06-20T11:57:00+00:00\",\"mainEntityOfPage\":{\"@id\":\"https:\\\/\\\/jumeaux91.fr\\\/blog\\\/photos-marion-cotillard-a-quoi-ressemblent-ses-freres-jumeaux-l\\\/\"},\"wordCount\":681,\"publisher\":{\"@id\":\"https:\\\/\\\/jumeaux91.fr\\\/blog\\\/#organization\"},\"image\":{\"@id\":\"https:\\\/\\\/jumeaux91.fr\\\/blog\\\/photos-marion-cotillard-a-quoi-ressemblent-ses-freres-jumeaux-l\\\/#primaryimage\"},\"thumbnailUrl\":\"https:\\\/\\\/jumeaux91.fr\\\/blog\\\/wp-content\\\/uploads\\\/2025\\\/07\\\/photos-marion-cotillard-a-quoi-ressemblent-ses-freres-jumeaux-l.jpg\",\"articleSection\":[\"Posts Fr\u00e8res Jumeaux De L'Essonnes:\"],\"inLanguage\":\"fr-FR\"},{\"@type\":\"WebPage\",\"@id\":\"https:\\\/\\\/jumeaux91.fr\\\/blog\\\/photos-marion-cotillard-a-quoi-ressemblent-ses-freres-jumeaux-l\\\/\",\"url\":\"https:\\\/\\\/jumeaux91.fr\\\/blog\\\/photos-marion-cotillard-a-quoi-ressemblent-ses-freres-jumeaux-l\\\/\",\"name\":\"PHOTOS Marion Cotillard : \u00c0 quoi ressemblent ses fr\u00e8res jumeaux ? L ... - JUMEAUX91\",\"isPartOf\":{\"@id\":\"https:\\\/\\\/jumeaux91.fr\\\/blog\\\/#website\"},\"primaryImageOfPage\":{\"@id\":\"https:\\\/\\\/jumeaux91.fr\\\/blog\\\/photos-marion-cotillard-a-quoi-ressemblent-ses-freres-jumeaux-l\\\/#primaryimage\"},\"image\":{\"@id\":\"https:\\\/\\\/jumeaux91.fr\\\/blog\\\/photos-marion-cotillard-a-quoi-ressemblent-ses-freres-jumeaux-l\\\/#primaryimage\"},\"thumbnailUrl\":\"https:\\\/\\\/jumeaux91.fr\\\/blog\\\/wp-content\\\/uploads\\\/2025\\\/07\\\/photos-marion-cotillard-a-quoi-ressemblent-ses-freres-jumeaux-l.jpg\",\"datePublished\":\"2023-06-20T11:57:00+00:00\",\"breadcrumb\":{\"@id\":\"https:\\\/\\\/jumeaux91.fr\\\/blog\\\/photos-marion-cotillard-a-quoi-ressemblent-ses-freres-jumeaux-l\\\/#breadcrumb\"},\"inLanguage\":\"fr-FR\",\"potentialAction\":[{\"@type\":\"ReadAction\",\"target\":[\"https:\\\/\\\/jumeaux91.fr\\\/blog\\\/photos-marion-cotillard-a-quoi-ressemblent-ses-freres-jumeaux-l\\\/\"]}]},{\"@type\":\"ImageObject\",\"inLanguage\":\"fr-FR\",\"@id\":\"https:\\\/\\\/jumeaux91.fr\\\/blog\\\/photos-marion-cotillard-a-quoi-ressemblent-ses-freres-jumeaux-l\\\/#primaryimage\",\"url\":\"https:\\\/\\\/jumeaux91.fr\\\/blog\\\/wp-content\\\/uploads\\\/2025\\\/07\\\/photos-marion-cotillard-a-quoi-ressemblent-ses-freres-jumeaux-l.jpg\",\"contentUrl\":\"https:\\\/\\\/jumeaux91.fr\\\/blog\\\/wp-content\\\/uploads\\\/2025\\\/07\\\/photos-marion-cotillard-a-quoi-ressemblent-ses-freres-jumeaux-l.jpg\",\"width\":35,\"height\":35,\"caption\":\"PHOTOS Marion Cotillard : \u00c0 quoi ressemblent ses fr\u00e8res jumeaux ? L ...\"},{\"@type\":\"BreadcrumbList\",\"@id\":\"https:\\\/\\\/jumeaux91.fr\\\/blog\\\/photos-marion-cotillard-a-quoi-ressemblent-ses-freres-jumeaux-l\\\/#breadcrumb\",\"itemListElement\":[{\"@type\":\"ListItem\",\"position\":1,\"name\":\"Accueil\",\"item\":\"https:\\\/\\\/jumeaux91.fr\\\/blog\\\/\"},{\"@type\":\"ListItem\",\"position\":2,\"name\":\"PHOTOS Marion Cotillard : \u00c0 quoi ressemblent ses fr\u00e8res jumeaux ? L &#8230;\"}]},{\"@type\":\"WebSite\",\"@id\":\"https:\\\/\\\/jumeaux91.fr\\\/blog\\\/#website\",\"url\":\"https:\\\/\\\/jumeaux91.fr\\\/blog\\\/\",\"name\":\"JUMEAUX91\",\"description\":\"Fr\u00e8res jumeaux de l&#039;Essonnes; informations et archives, \u00e0 savoir et retenir.\",\"publisher\":{\"@id\":\"https:\\\/\\\/jumeaux91.fr\\\/blog\\\/#organization\"},\"potentialAction\":[{\"@type\":\"SearchAction\",\"target\":{\"@type\":\"EntryPoint\",\"urlTemplate\":\"https:\\\/\\\/jumeaux91.fr\\\/blog\\\/?s={search_term_string}\"},\"query-input\":{\"@type\":\"PropertyValueSpecification\",\"valueRequired\":true,\"valueName\":\"search_term_string\"}}],\"inLanguage\":\"fr-FR\"},{\"@type\":\"Organization\",\"@id\":\"https:\\\/\\\/jumeaux91.fr\\\/blog\\\/#organization\",\"name\":\"jumeaux91\",\"url\":\"https:\\\/\\\/jumeaux91.fr\\\/blog\\\/\",\"logo\":{\"@type\":\"ImageObject\",\"inLanguage\":\"fr-FR\",\"@id\":\"https:\\\/\\\/jumeaux91.fr\\\/blog\\\/#\\\/schema\\\/logo\\\/image\\\/\",\"url\":\"https:\\\/\\\/jumeaux91.fr\\\/blog\\\/wp-content\\\/uploads\\\/2023\\\/05\\\/cropped-cropped-logoJ_91.png\",\"contentUrl\":\"https:\\\/\\\/jumeaux91.fr\\\/blog\\\/wp-content\\\/uploads\\\/2023\\\/05\\\/cropped-cropped-logoJ_91.png\",\"width\":512,\"height\":512,\"caption\":\"jumeaux91\"},\"image\":{\"@id\":\"https:\\\/\\\/jumeaux91.fr\\\/blog\\\/#\\\/schema\\\/logo\\\/image\\\/\"}},{\"@type\":\"Person\",\"@id\":\"https:\\\/\\\/jumeaux91.fr\\\/blog\\\/#\\\/schema\\\/person\\\/21da06e9f119b9f64e5d45dbbd32d3fb\",\"name\":\"Claude DAYRES\",\"image\":{\"@type\":\"ImageObject\",\"inLanguage\":\"fr-FR\",\"@id\":\"https:\\\/\\\/secure.gravatar.com\\\/avatar\\\/82eb951df6110a2c48d1bfa7a67d1ee6f0cd5df3cbf9c3586dd61e82db7172a5?s=96&d=mm&r=g\",\"url\":\"https:\\\/\\\/secure.gravatar.com\\\/avatar\\\/82eb951df6110a2c48d1bfa7a67d1ee6f0cd5df3cbf9c3586dd61e82db7172a5?s=96&d=mm&r=g\",\"contentUrl\":\"https:\\\/\\\/secure.gravatar.com\\\/avatar\\\/82eb951df6110a2c48d1bfa7a67d1ee6f0cd5df3cbf9c3586dd61e82db7172a5?s=96&d=mm&r=g\",\"caption\":\"Claude DAYRES\"},\"url\":\"https:\\\/\\\/jumeaux91.fr\\\/blog\\\/author\\\/x91claude\\\/\"}]}<\/script>\n<!-- \/ Yoast SEO plugin. -->","yoast_head_json":{"title":"PHOTOS Marion Cotillard : \u00c0 quoi ressemblent ses fr\u00e8res jumeaux ? L ... - JUMEAUX91","robots":{"index":"index","follow":"follow","max-snippet":"max-snippet:-1","max-image-preview":"max-image-preview:large","max-video-preview":"max-video-preview:-1"},"canonical":"https:\/\/jumeaux91.fr\/blog\/photos-marion-cotillard-a-quoi-ressemblent-ses-freres-jumeaux-l\/","og_locale":"fr_FR","og_type":"article","og_title":"PHOTOS Marion Cotillard : \u00c0 quoi ressemblent ses fr\u00e8res jumeaux ? L ... - JUMEAUX91","og_description":"Par Bertrand Bielle | Journaliste Curieux de nature, Bertrand est toujours \u00e0 l\u2019affut du moindre petit scoop. Passionn\u00e9 par le football, il n\u2019est jamais bien loin du ballon rond et de toutes les actualit\u00e9s qui en d\u00e9coulent. Toutefois, l\u2019\u00e9v\u00e8nementiel du showbiz ou de la politique fait \u00e9galement partie de ses recherches journalistiques privil\u00e9gi\u00e9es. Marion Cotillard,&hellip; Poursuivre la lecture PHOTOS Marion Cotillard : \u00c0 quoi ressemblent ses fr\u00e8res jumeaux ? L &#8230;","og_url":"https:\/\/jumeaux91.fr\/blog\/photos-marion-cotillard-a-quoi-ressemblent-ses-freres-jumeaux-l\/","og_site_name":"JUMEAUX91","article_published_time":"2023-06-20T11:57:00+00:00","og_image":[{"url":"https:\/\/jumeaux91.fr\/blog\/wp-content\/uploads\/2025\/07\/photos-marion-cotillard-a-quoi-ressemblent-ses-freres-jumeaux-l.jpg","type":"","width":"","height":""}],"author":"Claude DAYRES","twitter_card":"summary_large_image","twitter_misc":{"\u00c9crit par":"Claude DAYRES","Dur\u00e9e de lecture estim\u00e9e":"3 minutes"},"schema":{"@context":"https:\/\/schema.org","@graph":[{"@type":"Article","@id":"https:\/\/jumeaux91.fr\/blog\/photos-marion-cotillard-a-quoi-ressemblent-ses-freres-jumeaux-l\/#article","isPartOf":{"@id":"https:\/\/jumeaux91.fr\/blog\/photos-marion-cotillard-a-quoi-ressemblent-ses-freres-jumeaux-l\/"},"author":{"name":"Claude DAYRES","@id":"https:\/\/jumeaux91.fr\/blog\/#\/schema\/person\/21da06e9f119b9f64e5d45dbbd32d3fb"},"headline":"PHOTOS Marion Cotillard : \u00c0 quoi ressemblent ses fr\u00e8res jumeaux ? L &#8230;","datePublished":"2023-06-20T11:57:00+00:00","mainEntityOfPage":{"@id":"https:\/\/jumeaux91.fr\/blog\/photos-marion-cotillard-a-quoi-ressemblent-ses-freres-jumeaux-l\/"},"wordCount":681,"publisher":{"@id":"https:\/\/jumeaux91.fr\/blog\/#organization"},"image":{"@id":"https:\/\/jumeaux91.fr\/blog\/photos-marion-cotillard-a-quoi-ressemblent-ses-freres-jumeaux-l\/#primaryimage"},"thumbnailUrl":"https:\/\/jumeaux91.fr\/blog\/wp-content\/uploads\/2025\/07\/photos-marion-cotillard-a-quoi-ressemblent-ses-freres-jumeaux-l.jpg","articleSection":["Posts Fr\u00e8res Jumeaux De L'Essonnes:"],"inLanguage":"fr-FR"},{"@type":"WebPage","@id":"https:\/\/jumeaux91.fr\/blog\/photos-marion-cotillard-a-quoi-ressemblent-ses-freres-jumeaux-l\/","url":"https:\/\/jumeaux91.fr\/blog\/photos-marion-cotillard-a-quoi-ressemblent-ses-freres-jumeaux-l\/","name":"PHOTOS Marion Cotillard : \u00c0 quoi ressemblent ses fr\u00e8res jumeaux ? L ... - JUMEAUX91","isPartOf":{"@id":"https:\/\/jumeaux91.fr\/blog\/#website"},"primaryImageOfPage":{"@id":"https:\/\/jumeaux91.fr\/blog\/photos-marion-cotillard-a-quoi-ressemblent-ses-freres-jumeaux-l\/#primaryimage"},"image":{"@id":"https:\/\/jumeaux91.fr\/blog\/photos-marion-cotillard-a-quoi-ressemblent-ses-freres-jumeaux-l\/#primaryimage"},"thumbnailUrl":"https:\/\/jumeaux91.fr\/blog\/wp-content\/uploads\/2025\/07\/photos-marion-cotillard-a-quoi-ressemblent-ses-freres-jumeaux-l.jpg","datePublished":"2023-06-20T11:57:00+00:00","breadcrumb":{"@id":"https:\/\/jumeaux91.fr\/blog\/photos-marion-cotillard-a-quoi-ressemblent-ses-freres-jumeaux-l\/#breadcrumb"},"inLanguage":"fr-FR","potentialAction":[{"@type":"ReadAction","target":["https:\/\/jumeaux91.fr\/blog\/photos-marion-cotillard-a-quoi-ressemblent-ses-freres-jumeaux-l\/"]}]},{"@type":"ImageObject","inLanguage":"fr-FR","@id":"https:\/\/jumeaux91.fr\/blog\/photos-marion-cotillard-a-quoi-ressemblent-ses-freres-jumeaux-l\/#primaryimage","url":"https:\/\/jumeaux91.fr\/blog\/wp-content\/uploads\/2025\/07\/photos-marion-cotillard-a-quoi-ressemblent-ses-freres-jumeaux-l.jpg","contentUrl":"https:\/\/jumeaux91.fr\/blog\/wp-content\/uploads\/2025\/07\/photos-marion-cotillard-a-quoi-ressemblent-ses-freres-jumeaux-l.jpg","width":35,"height":35,"caption":"PHOTOS Marion Cotillard : \u00c0 quoi ressemblent ses fr\u00e8res jumeaux ? L ..."},{"@type":"BreadcrumbList","@id":"https:\/\/jumeaux91.fr\/blog\/photos-marion-cotillard-a-quoi-ressemblent-ses-freres-jumeaux-l\/#breadcrumb","itemListElement":[{"@type":"ListItem","position":1,"name":"Accueil","item":"https:\/\/jumeaux91.fr\/blog\/"},{"@type":"ListItem","position":2,"name":"PHOTOS Marion Cotillard : \u00c0 quoi ressemblent ses fr\u00e8res jumeaux ? L &#8230;"}]},{"@type":"WebSite","@id":"https:\/\/jumeaux91.fr\/blog\/#website","url":"https:\/\/jumeaux91.fr\/blog\/","name":"JUMEAUX91","description":"Fr\u00e8res jumeaux de l&#039;Essonnes; informations et archives, \u00e0 savoir et retenir.","publisher":{"@id":"https:\/\/jumeaux91.fr\/blog\/#organization"},"potentialAction":[{"@type":"SearchAction","target":{"@type":"EntryPoint","urlTemplate":"https:\/\/jumeaux91.fr\/blog\/?s={search_term_string}"},"query-input":{"@type":"PropertyValueSpecification","valueRequired":true,"valueName":"search_term_string"}}],"inLanguage":"fr-FR"},{"@type":"Organization","@id":"https:\/\/jumeaux91.fr\/blog\/#organization","name":"jumeaux91","url":"https:\/\/jumeaux91.fr\/blog\/","logo":{"@type":"ImageObject","inLanguage":"fr-FR","@id":"https:\/\/jumeaux91.fr\/blog\/#\/schema\/logo\/image\/","url":"https:\/\/jumeaux91.fr\/blog\/wp-content\/uploads\/2023\/05\/cropped-cropped-logoJ_91.png","contentUrl":"https:\/\/jumeaux91.fr\/blog\/wp-content\/uploads\/2023\/05\/cropped-cropped-logoJ_91.png","width":512,"height":512,"caption":"jumeaux91"},"image":{"@id":"https:\/\/jumeaux91.fr\/blog\/#\/schema\/logo\/image\/"}},{"@type":"Person","@id":"https:\/\/jumeaux91.fr\/blog\/#\/schema\/person\/21da06e9f119b9f64e5d45dbbd32d3fb","name":"Claude DAYRES","image":{"@type":"ImageObject","inLanguage":"fr-FR","@id":"https:\/\/secure.gravatar.com\/avatar\/82eb951df6110a2c48d1bfa7a67d1ee6f0cd5df3cbf9c3586dd61e82db7172a5?s=96&d=mm&r=g","url":"https:\/\/secure.gravatar.com\/avatar\/82eb951df6110a2c48d1bfa7a67d1ee6f0cd5df3cbf9c3586dd61e82db7172a5?s=96&d=mm&r=g","contentUrl":"https:\/\/secure.gravatar.com\/avatar\/82eb951df6110a2c48d1bfa7a67d1ee6f0cd5df3cbf9c3586dd61e82db7172a5?s=96&d=mm&r=g","caption":"Claude DAYRES"},"url":"https:\/\/jumeaux91.fr\/blog\/author\/x91claude\/"}]}},"_links":{"self":[{"href":"https:\/\/jumeaux91.fr\/blog\/wp-json\/wp\/v2\/posts\/1496","targetHints":{"allow":["GET"]}}],"collection":[{"href":"https:\/\/jumeaux91.fr\/blog\/wp-json\/wp\/v2\/posts"}],"about":[{"href":"https:\/\/jumeaux91.fr\/blog\/wp-json\/wp\/v2\/types\/post"}],"author":[{"embeddable":true,"href":"https:\/\/jumeaux91.fr\/blog\/wp-json\/wp\/v2\/users\/2"}],"replies":[{"embeddable":true,"href":"https:\/\/jumeaux91.fr\/blog\/wp-json\/wp\/v2\/comments?post=1496"}],"version-history":[{"count":0,"href":"https:\/\/jumeaux91.fr\/blog\/wp-json\/wp\/v2\/posts\/1496\/revisions"}],"wp:featuredmedia":[{"embeddable":true,"href":"https:\/\/jumeaux91.fr\/blog\/wp-json\/wp\/v2\/media\/1497"}],"wp:attachment":[{"href":"https:\/\/jumeaux91.fr\/blog\/wp-json\/wp\/v2\/media?parent=1496"}],"wp:term":[{"taxonomy":"category","embeddable":true,"href":"https:\/\/jumeaux91.fr\/blog\/wp-json\/wp\/v2\/categories?post=1496"},{"taxonomy":"post_tag","embeddable":true,"href":"https:\/\/jumeaux91.fr\/blog\/wp-json\/wp\/v2\/tags?post=1496"}],"curies":[{"name":"wp","href":"https:\/\/api.w.org\/{rel}","templated":true}]}}