{"id":1500,"date":"2025-07-06T18:53:00","date_gmt":"2025-07-06T16:53:00","guid":{"rendered":"https:\/\/jumeaux91.fr\/blog\/allemagne-des-freres-jumeaux-de-23-ans-circulant-a-trottinette\/"},"modified":"2025-07-06T18:53:00","modified_gmt":"2025-07-06T16:53:00","slug":"allemagne-des-freres-jumeaux-de-23-ans-circulant-a-trottinette","status":"publish","type":"post","link":"https:\/\/jumeaux91.fr\/blog\/allemagne-des-freres-jumeaux-de-23-ans-circulant-a-trottinette\/","title":{"rendered":"Allemagne : des fr\u00e8res jumeaux de 23 ans circulant \u00e0 trottinette &#8230;"},"content":{"rendered":"<div><img decoding=\"async\" src=\"https:\/\/jumeaux91.fr\/blog\/wp-content\/uploads\/2025\/07\/allemagne-des-freres-jumeaux-de-23-ans-circulant-a-trottinette.jpg\" class=\"ff-og-image-inserted\"><\/div>\n<p>Selon les autorit\u00e9s, le conducteur, \u00e2g\u00e9 de 23 ans, a quitt\u00e9 pour une raison encore inconnue la chauss\u00e9e pour monter sur une piste cyclable.<\/p>\n<div data-agora-connect-urls=\"{&quot;baseUrl&quot;:&quot;https:\\\/\\\/connect.lefigaro.fr&quot;}\" data-component=\"fig-content-body\" data-context=\"was @visible\" data-id=\"bGVmaWdhcm8uZnJfXzFmMDVhOGU2LTM3YTUtNjYxNC1hOTQ0LWU3NjI2YjlhYTQ5M19fTmV3c0ZsYXNo\" data-module=\"fig-body\" data-premium=\"false\">\n<p class=\"fig-paragraph\">Deux jeunes hommes de 23 ans sont morts et un autre a \u00e9t\u00e9 gri\u00e8vement bless\u00e9 apr\u00e8s qu&rsquo;une voiture a percut\u00e9 deux trottinettes \u00e9lectriques dans la nuit de samedi \u00e0 dimanche \u00e0 Francfort-sur-le-Main, dans l&rsquo;ouest de l&rsquo;Allemagne, a annonc\u00e9 la police.<\/p>\n<p class=\"fig-paragraph\">Selon les autorit\u00e9s, le conducteur, \u00e2g\u00e9 de 23 ans, a quitt\u00e9 pour une raison encore inconnue la chauss\u00e9e pour monter sur une piste cyclable, o\u00f9 il a d&rsquo;abord heurt\u00e9 une premi\u00e8re trottinette \u00e9lectrique transportant deux hommes du m\u00eame \u00e2ge.<\/p>\n<p> <a class=\"fig-a11y-skip a11y-hidden\" href=\"https:\/\/www.lefigaro.fr\/flash-actu\/allemagne-des-freres-jumeaux-de-23-ans-circulant-a-trottinette-meurent-percutes-par-une-voiture-20250706#fig-a11y-skip-main-inarticle\" target=\"_blank\" rel=\"nofollow\"> Passer la publicit\u00e9 <\/a> <\/p>\n<div class=\"fig-ad-content fig-ad-content--inarticle\" data-format=\"inarticle\" aria-hidden=\"true\">\n<p>   <span class=\"fig-ad-content__ad-placeholder-text\">Publicit\u00e9<\/span> <\/p>\n<\/div>\n<p class=\"fig-paragraph\">L&rsquo;un est d\u00e9c\u00e9d\u00e9 sur place, son fr\u00e8re jumeau est mort plus tard \u00e0 l&rsquo;h\u00f4pital. Une deuxi\u00e8me trottinette \u00e9lectrique, conduite par un homme de 27 ans, a \u00e9galement \u00e9t\u00e9 percut\u00e9e et tra\u00een\u00e9e sur plusieurs m\u00e8tres. Le jeune homme a \u00e9t\u00e9 hospitalis\u00e9 dans un \u00e9tat grave.<\/p>\n<p class=\"fig-paragraph\">Le conducteur de la voiture avait pris la fuite avant de se rendre \u00e0 la police peu apr\u00e8s les faits.<\/p>\n<\/p><\/div>\n<p>La chronique se veut g\u00e9n\u00e9r\u00e9e de la fa\u00e7on la plus claire que possible. Dans le cas o\u00f9 vous souhaitez pr\u00e9senter des renseignements compl\u00e9mentaires \u00e0 cet article sur le sujet \u00ab\u00a0Fr\u00e8res jumeaux de l&rsquo;Essonnes\u00a0\u00bb il vous est possible d\u2019\u00e9crire aux contacts indiqu\u00e9s sur notre website. La raison d\u2019\u00eatre de jumeaux91.fr \u00e9tant de rassembler sur le web des posts sur le sujet de Fr\u00e8res jumeaux de l&rsquo;Essonnes puis les diffuser en r\u00e9pondant au mieux aux interrogations des gens. Vous pouvez tirer profit de cet article traitant le sujet \u00ab\u00a0Fr\u00e8res jumeaux de l&rsquo;Essonnes\u00a0\u00bb. Il est concoct\u00e9 par l\u2019\u00e9quipe jumeaux91.fr. Prochainement, nous rendrons accessibles au public d&rsquo;autres informations pertinentes sur le sujet \u00ab\u00a0Fr\u00e8res jumeaux de l&rsquo;Essonnes\u00a0\u00bb. Alors, consultez syst\u00e9matiquement notre blog.<\/p>\n","protected":false},"excerpt":{"rendered":"<p>Selon les autorit\u00e9s, le conducteur, \u00e2g\u00e9 de 23 ans, a quitt\u00e9 pour une raison encore inconnue la chauss\u00e9e pour monter sur une piste cyclable. Deux jeunes hommes de 23 ans sont morts et un autre a \u00e9t\u00e9 gri\u00e8vement bless\u00e9 apr\u00e8s qu&rsquo;une voiture a percut\u00e9 deux trottinettes \u00e9lectriques dans la nuit de samedi \u00e0 dimanche \u00e0&hellip; <a class=\"more-link\" href=\"https:\/\/jumeaux91.fr\/blog\/allemagne-des-freres-jumeaux-de-23-ans-circulant-a-trottinette\/\">Poursuivre la lecture <span class=\"screen-reader-text\">Allemagne : des fr\u00e8res jumeaux de 23 ans circulant \u00e0 trottinette &#8230;<\/span><\/a><\/p>\n","protected":false},"author":2,"featured_media":1501,"comment_status":"closed","ping_status":"closed","sticky":false,"template":"","format":"standard","meta":{"footnotes":""},"categories":[4],"tags":[],"class_list":["post-1500","post","type-post","status-publish","format-standard","has-post-thumbnail","hentry","category-posts-freres-jumeaux-de-lessonnes","entry"],"yoast_head":"<!-- This site is optimized with the Yoast SEO plugin v27.5 - https:\/\/yoast.com\/product\/yoast-seo-wordpress\/ -->\n<title>Allemagne : des fr\u00e8res jumeaux de 23 ans circulant \u00e0 trottinette ... - JUMEAUX91<\/title>\n<meta name=\"robots\" content=\"index, follow, max-snippet:-1, max-image-preview:large, max-video-preview:-1\" \/>\n<link rel=\"canonical\" href=\"https:\/\/jumeaux91.fr\/blog\/allemagne-des-freres-jumeaux-de-23-ans-circulant-a-trottinette\/\" \/>\n<meta property=\"og:locale\" content=\"fr_FR\" \/>\n<meta property=\"og:type\" content=\"article\" \/>\n<meta property=\"og:title\" content=\"Allemagne : des fr\u00e8res jumeaux de 23 ans circulant \u00e0 trottinette ... - JUMEAUX91\" \/>\n<meta property=\"og:description\" content=\"Selon les autorit\u00e9s, le conducteur, \u00e2g\u00e9 de 23 ans, a quitt\u00e9 pour une raison encore inconnue la chauss\u00e9e pour monter sur une piste cyclable. Deux jeunes hommes de 23 ans sont morts et un autre a \u00e9t\u00e9 gri\u00e8vement bless\u00e9 apr\u00e8s qu&rsquo;une voiture a percut\u00e9 deux trottinettes \u00e9lectriques dans la nuit de samedi \u00e0 dimanche \u00e0&hellip; Poursuivre la lecture Allemagne : des fr\u00e8res jumeaux de 23 ans circulant \u00e0 trottinette &#8230;\" \/>\n<meta property=\"og:url\" content=\"https:\/\/jumeaux91.fr\/blog\/allemagne-des-freres-jumeaux-de-23-ans-circulant-a-trottinette\/\" \/>\n<meta property=\"og:site_name\" content=\"JUMEAUX91\" \/>\n<meta property=\"article:published_time\" content=\"2025-07-06T16:53:00+00:00\" \/>\n<meta property=\"og:image\" content=\"https:\/\/jumeaux91.fr\/blog\/wp-content\/uploads\/2025\/07\/allemagne-des-freres-jumeaux-de-23-ans-circulant-a-trottinette.jpg\" \/>\n<meta name=\"author\" content=\"Claude DAYRES\" \/>\n<meta name=\"twitter:card\" content=\"summary_large_image\" \/>\n<meta name=\"twitter:label1\" content=\"\u00c9crit par\" \/>\n\t<meta name=\"twitter:data1\" content=\"Claude DAYRES\" \/>\n\t<meta name=\"twitter:label2\" content=\"Dur\u00e9e de lecture estim\u00e9e\" \/>\n\t<meta name=\"twitter:data2\" content=\"2 minutes\" \/>\n<script type=\"application\/ld+json\" class=\"yoast-schema-graph\">{\"@context\":\"https:\\\/\\\/schema.org\",\"@graph\":[{\"@type\":\"Article\",\"@id\":\"https:\\\/\\\/jumeaux91.fr\\\/blog\\\/allemagne-des-freres-jumeaux-de-23-ans-circulant-a-trottinette\\\/#article\",\"isPartOf\":{\"@id\":\"https:\\\/\\\/jumeaux91.fr\\\/blog\\\/allemagne-des-freres-jumeaux-de-23-ans-circulant-a-trottinette\\\/\"},\"author\":{\"name\":\"Claude DAYRES\",\"@id\":\"https:\\\/\\\/jumeaux91.fr\\\/blog\\\/#\\\/schema\\\/person\\\/21da06e9f119b9f64e5d45dbbd32d3fb\"},\"headline\":\"Allemagne : des fr\u00e8res jumeaux de 23 ans circulant \u00e0 trottinette &#8230;\",\"datePublished\":\"2025-07-06T16:53:00+00:00\",\"mainEntityOfPage\":{\"@id\":\"https:\\\/\\\/jumeaux91.fr\\\/blog\\\/allemagne-des-freres-jumeaux-de-23-ans-circulant-a-trottinette\\\/\"},\"wordCount\":335,\"publisher\":{\"@id\":\"https:\\\/\\\/jumeaux91.fr\\\/blog\\\/#organization\"},\"image\":{\"@id\":\"https:\\\/\\\/jumeaux91.fr\\\/blog\\\/allemagne-des-freres-jumeaux-de-23-ans-circulant-a-trottinette\\\/#primaryimage\"},\"thumbnailUrl\":\"https:\\\/\\\/jumeaux91.fr\\\/blog\\\/wp-content\\\/uploads\\\/2025\\\/07\\\/allemagne-des-freres-jumeaux-de-23-ans-circulant-a-trottinette.jpg\",\"articleSection\":[\"Posts Fr\u00e8res Jumeaux De L'Essonnes:\"],\"inLanguage\":\"fr-FR\"},{\"@type\":\"WebPage\",\"@id\":\"https:\\\/\\\/jumeaux91.fr\\\/blog\\\/allemagne-des-freres-jumeaux-de-23-ans-circulant-a-trottinette\\\/\",\"url\":\"https:\\\/\\\/jumeaux91.fr\\\/blog\\\/allemagne-des-freres-jumeaux-de-23-ans-circulant-a-trottinette\\\/\",\"name\":\"Allemagne : des fr\u00e8res jumeaux de 23 ans circulant \u00e0 trottinette ... - JUMEAUX91\",\"isPartOf\":{\"@id\":\"https:\\\/\\\/jumeaux91.fr\\\/blog\\\/#website\"},\"primaryImageOfPage\":{\"@id\":\"https:\\\/\\\/jumeaux91.fr\\\/blog\\\/allemagne-des-freres-jumeaux-de-23-ans-circulant-a-trottinette\\\/#primaryimage\"},\"image\":{\"@id\":\"https:\\\/\\\/jumeaux91.fr\\\/blog\\\/allemagne-des-freres-jumeaux-de-23-ans-circulant-a-trottinette\\\/#primaryimage\"},\"thumbnailUrl\":\"https:\\\/\\\/jumeaux91.fr\\\/blog\\\/wp-content\\\/uploads\\\/2025\\\/07\\\/allemagne-des-freres-jumeaux-de-23-ans-circulant-a-trottinette.jpg\",\"datePublished\":\"2025-07-06T16:53:00+00:00\",\"breadcrumb\":{\"@id\":\"https:\\\/\\\/jumeaux91.fr\\\/blog\\\/allemagne-des-freres-jumeaux-de-23-ans-circulant-a-trottinette\\\/#breadcrumb\"},\"inLanguage\":\"fr-FR\",\"potentialAction\":[{\"@type\":\"ReadAction\",\"target\":[\"https:\\\/\\\/jumeaux91.fr\\\/blog\\\/allemagne-des-freres-jumeaux-de-23-ans-circulant-a-trottinette\\\/\"]}]},{\"@type\":\"ImageObject\",\"inLanguage\":\"fr-FR\",\"@id\":\"https:\\\/\\\/jumeaux91.fr\\\/blog\\\/allemagne-des-freres-jumeaux-de-23-ans-circulant-a-trottinette\\\/#primaryimage\",\"url\":\"https:\\\/\\\/jumeaux91.fr\\\/blog\\\/wp-content\\\/uploads\\\/2025\\\/07\\\/allemagne-des-freres-jumeaux-de-23-ans-circulant-a-trottinette.jpg\",\"contentUrl\":\"https:\\\/\\\/jumeaux91.fr\\\/blog\\\/wp-content\\\/uploads\\\/2025\\\/07\\\/allemagne-des-freres-jumeaux-de-23-ans-circulant-a-trottinette.jpg\",\"width\":1200,\"height\":630,\"caption\":\"Allemagne : des fr\u00e8res jumeaux de 23 ans circulant \u00e0 trottinette ...\"},{\"@type\":\"BreadcrumbList\",\"@id\":\"https:\\\/\\\/jumeaux91.fr\\\/blog\\\/allemagne-des-freres-jumeaux-de-23-ans-circulant-a-trottinette\\\/#breadcrumb\",\"itemListElement\":[{\"@type\":\"ListItem\",\"position\":1,\"name\":\"Accueil\",\"item\":\"https:\\\/\\\/jumeaux91.fr\\\/blog\\\/\"},{\"@type\":\"ListItem\",\"position\":2,\"name\":\"Allemagne : des fr\u00e8res jumeaux de 23 ans circulant \u00e0 trottinette &#8230;\"}]},{\"@type\":\"WebSite\",\"@id\":\"https:\\\/\\\/jumeaux91.fr\\\/blog\\\/#website\",\"url\":\"https:\\\/\\\/jumeaux91.fr\\\/blog\\\/\",\"name\":\"JUMEAUX91\",\"description\":\"Fr\u00e8res jumeaux de l&#039;Essonnes; informations et archives, \u00e0 savoir et retenir.\",\"publisher\":{\"@id\":\"https:\\\/\\\/jumeaux91.fr\\\/blog\\\/#organization\"},\"potentialAction\":[{\"@type\":\"SearchAction\",\"target\":{\"@type\":\"EntryPoint\",\"urlTemplate\":\"https:\\\/\\\/jumeaux91.fr\\\/blog\\\/?s={search_term_string}\"},\"query-input\":{\"@type\":\"PropertyValueSpecification\",\"valueRequired\":true,\"valueName\":\"search_term_string\"}}],\"inLanguage\":\"fr-FR\"},{\"@type\":\"Organization\",\"@id\":\"https:\\\/\\\/jumeaux91.fr\\\/blog\\\/#organization\",\"name\":\"jumeaux91\",\"url\":\"https:\\\/\\\/jumeaux91.fr\\\/blog\\\/\",\"logo\":{\"@type\":\"ImageObject\",\"inLanguage\":\"fr-FR\",\"@id\":\"https:\\\/\\\/jumeaux91.fr\\\/blog\\\/#\\\/schema\\\/logo\\\/image\\\/\",\"url\":\"https:\\\/\\\/jumeaux91.fr\\\/blog\\\/wp-content\\\/uploads\\\/2023\\\/05\\\/cropped-cropped-logoJ_91.png\",\"contentUrl\":\"https:\\\/\\\/jumeaux91.fr\\\/blog\\\/wp-content\\\/uploads\\\/2023\\\/05\\\/cropped-cropped-logoJ_91.png\",\"width\":512,\"height\":512,\"caption\":\"jumeaux91\"},\"image\":{\"@id\":\"https:\\\/\\\/jumeaux91.fr\\\/blog\\\/#\\\/schema\\\/logo\\\/image\\\/\"}},{\"@type\":\"Person\",\"@id\":\"https:\\\/\\\/jumeaux91.fr\\\/blog\\\/#\\\/schema\\\/person\\\/21da06e9f119b9f64e5d45dbbd32d3fb\",\"name\":\"Claude DAYRES\",\"image\":{\"@type\":\"ImageObject\",\"inLanguage\":\"fr-FR\",\"@id\":\"https:\\\/\\\/secure.gravatar.com\\\/avatar\\\/82eb951df6110a2c48d1bfa7a67d1ee6f0cd5df3cbf9c3586dd61e82db7172a5?s=96&d=mm&r=g\",\"url\":\"https:\\\/\\\/secure.gravatar.com\\\/avatar\\\/82eb951df6110a2c48d1bfa7a67d1ee6f0cd5df3cbf9c3586dd61e82db7172a5?s=96&d=mm&r=g\",\"contentUrl\":\"https:\\\/\\\/secure.gravatar.com\\\/avatar\\\/82eb951df6110a2c48d1bfa7a67d1ee6f0cd5df3cbf9c3586dd61e82db7172a5?s=96&d=mm&r=g\",\"caption\":\"Claude DAYRES\"},\"url\":\"https:\\\/\\\/jumeaux91.fr\\\/blog\\\/author\\\/x91claude\\\/\"}]}<\/script>\n<!-- \/ Yoast SEO plugin. -->","yoast_head_json":{"title":"Allemagne : des fr\u00e8res jumeaux de 23 ans circulant \u00e0 trottinette ... - JUMEAUX91","robots":{"index":"index","follow":"follow","max-snippet":"max-snippet:-1","max-image-preview":"max-image-preview:large","max-video-preview":"max-video-preview:-1"},"canonical":"https:\/\/jumeaux91.fr\/blog\/allemagne-des-freres-jumeaux-de-23-ans-circulant-a-trottinette\/","og_locale":"fr_FR","og_type":"article","og_title":"Allemagne : des fr\u00e8res jumeaux de 23 ans circulant \u00e0 trottinette ... - JUMEAUX91","og_description":"Selon les autorit\u00e9s, le conducteur, \u00e2g\u00e9 de 23 ans, a quitt\u00e9 pour une raison encore inconnue la chauss\u00e9e pour monter sur une piste cyclable. Deux jeunes hommes de 23 ans sont morts et un autre a \u00e9t\u00e9 gri\u00e8vement bless\u00e9 apr\u00e8s qu&rsquo;une voiture a percut\u00e9 deux trottinettes \u00e9lectriques dans la nuit de samedi \u00e0 dimanche \u00e0&hellip; Poursuivre la lecture Allemagne : des fr\u00e8res jumeaux de 23 ans circulant \u00e0 trottinette &#8230;","og_url":"https:\/\/jumeaux91.fr\/blog\/allemagne-des-freres-jumeaux-de-23-ans-circulant-a-trottinette\/","og_site_name":"JUMEAUX91","article_published_time":"2025-07-06T16:53:00+00:00","og_image":[{"url":"https:\/\/jumeaux91.fr\/blog\/wp-content\/uploads\/2025\/07\/allemagne-des-freres-jumeaux-de-23-ans-circulant-a-trottinette.jpg","type":"","width":"","height":""}],"author":"Claude DAYRES","twitter_card":"summary_large_image","twitter_misc":{"\u00c9crit par":"Claude DAYRES","Dur\u00e9e de lecture estim\u00e9e":"2 minutes"},"schema":{"@context":"https:\/\/schema.org","@graph":[{"@type":"Article","@id":"https:\/\/jumeaux91.fr\/blog\/allemagne-des-freres-jumeaux-de-23-ans-circulant-a-trottinette\/#article","isPartOf":{"@id":"https:\/\/jumeaux91.fr\/blog\/allemagne-des-freres-jumeaux-de-23-ans-circulant-a-trottinette\/"},"author":{"name":"Claude DAYRES","@id":"https:\/\/jumeaux91.fr\/blog\/#\/schema\/person\/21da06e9f119b9f64e5d45dbbd32d3fb"},"headline":"Allemagne : des fr\u00e8res jumeaux de 23 ans circulant \u00e0 trottinette &#8230;","datePublished":"2025-07-06T16:53:00+00:00","mainEntityOfPage":{"@id":"https:\/\/jumeaux91.fr\/blog\/allemagne-des-freres-jumeaux-de-23-ans-circulant-a-trottinette\/"},"wordCount":335,"publisher":{"@id":"https:\/\/jumeaux91.fr\/blog\/#organization"},"image":{"@id":"https:\/\/jumeaux91.fr\/blog\/allemagne-des-freres-jumeaux-de-23-ans-circulant-a-trottinette\/#primaryimage"},"thumbnailUrl":"https:\/\/jumeaux91.fr\/blog\/wp-content\/uploads\/2025\/07\/allemagne-des-freres-jumeaux-de-23-ans-circulant-a-trottinette.jpg","articleSection":["Posts Fr\u00e8res Jumeaux De L'Essonnes:"],"inLanguage":"fr-FR"},{"@type":"WebPage","@id":"https:\/\/jumeaux91.fr\/blog\/allemagne-des-freres-jumeaux-de-23-ans-circulant-a-trottinette\/","url":"https:\/\/jumeaux91.fr\/blog\/allemagne-des-freres-jumeaux-de-23-ans-circulant-a-trottinette\/","name":"Allemagne : des fr\u00e8res jumeaux de 23 ans circulant \u00e0 trottinette ... - JUMEAUX91","isPartOf":{"@id":"https:\/\/jumeaux91.fr\/blog\/#website"},"primaryImageOfPage":{"@id":"https:\/\/jumeaux91.fr\/blog\/allemagne-des-freres-jumeaux-de-23-ans-circulant-a-trottinette\/#primaryimage"},"image":{"@id":"https:\/\/jumeaux91.fr\/blog\/allemagne-des-freres-jumeaux-de-23-ans-circulant-a-trottinette\/#primaryimage"},"thumbnailUrl":"https:\/\/jumeaux91.fr\/blog\/wp-content\/uploads\/2025\/07\/allemagne-des-freres-jumeaux-de-23-ans-circulant-a-trottinette.jpg","datePublished":"2025-07-06T16:53:00+00:00","breadcrumb":{"@id":"https:\/\/jumeaux91.fr\/blog\/allemagne-des-freres-jumeaux-de-23-ans-circulant-a-trottinette\/#breadcrumb"},"inLanguage":"fr-FR","potentialAction":[{"@type":"ReadAction","target":["https:\/\/jumeaux91.fr\/blog\/allemagne-des-freres-jumeaux-de-23-ans-circulant-a-trottinette\/"]}]},{"@type":"ImageObject","inLanguage":"fr-FR","@id":"https:\/\/jumeaux91.fr\/blog\/allemagne-des-freres-jumeaux-de-23-ans-circulant-a-trottinette\/#primaryimage","url":"https:\/\/jumeaux91.fr\/blog\/wp-content\/uploads\/2025\/07\/allemagne-des-freres-jumeaux-de-23-ans-circulant-a-trottinette.jpg","contentUrl":"https:\/\/jumeaux91.fr\/blog\/wp-content\/uploads\/2025\/07\/allemagne-des-freres-jumeaux-de-23-ans-circulant-a-trottinette.jpg","width":1200,"height":630,"caption":"Allemagne : des fr\u00e8res jumeaux de 23 ans circulant \u00e0 trottinette ..."},{"@type":"BreadcrumbList","@id":"https:\/\/jumeaux91.fr\/blog\/allemagne-des-freres-jumeaux-de-23-ans-circulant-a-trottinette\/#breadcrumb","itemListElement":[{"@type":"ListItem","position":1,"name":"Accueil","item":"https:\/\/jumeaux91.fr\/blog\/"},{"@type":"ListItem","position":2,"name":"Allemagne : des fr\u00e8res jumeaux de 23 ans circulant \u00e0 trottinette &#8230;"}]},{"@type":"WebSite","@id":"https:\/\/jumeaux91.fr\/blog\/#website","url":"https:\/\/jumeaux91.fr\/blog\/","name":"JUMEAUX91","description":"Fr\u00e8res jumeaux de l&#039;Essonnes; informations et archives, \u00e0 savoir et retenir.","publisher":{"@id":"https:\/\/jumeaux91.fr\/blog\/#organization"},"potentialAction":[{"@type":"SearchAction","target":{"@type":"EntryPoint","urlTemplate":"https:\/\/jumeaux91.fr\/blog\/?s={search_term_string}"},"query-input":{"@type":"PropertyValueSpecification","valueRequired":true,"valueName":"search_term_string"}}],"inLanguage":"fr-FR"},{"@type":"Organization","@id":"https:\/\/jumeaux91.fr\/blog\/#organization","name":"jumeaux91","url":"https:\/\/jumeaux91.fr\/blog\/","logo":{"@type":"ImageObject","inLanguage":"fr-FR","@id":"https:\/\/jumeaux91.fr\/blog\/#\/schema\/logo\/image\/","url":"https:\/\/jumeaux91.fr\/blog\/wp-content\/uploads\/2023\/05\/cropped-cropped-logoJ_91.png","contentUrl":"https:\/\/jumeaux91.fr\/blog\/wp-content\/uploads\/2023\/05\/cropped-cropped-logoJ_91.png","width":512,"height":512,"caption":"jumeaux91"},"image":{"@id":"https:\/\/jumeaux91.fr\/blog\/#\/schema\/logo\/image\/"}},{"@type":"Person","@id":"https:\/\/jumeaux91.fr\/blog\/#\/schema\/person\/21da06e9f119b9f64e5d45dbbd32d3fb","name":"Claude DAYRES","image":{"@type":"ImageObject","inLanguage":"fr-FR","@id":"https:\/\/secure.gravatar.com\/avatar\/82eb951df6110a2c48d1bfa7a67d1ee6f0cd5df3cbf9c3586dd61e82db7172a5?s=96&d=mm&r=g","url":"https:\/\/secure.gravatar.com\/avatar\/82eb951df6110a2c48d1bfa7a67d1ee6f0cd5df3cbf9c3586dd61e82db7172a5?s=96&d=mm&r=g","contentUrl":"https:\/\/secure.gravatar.com\/avatar\/82eb951df6110a2c48d1bfa7a67d1ee6f0cd5df3cbf9c3586dd61e82db7172a5?s=96&d=mm&r=g","caption":"Claude DAYRES"},"url":"https:\/\/jumeaux91.fr\/blog\/author\/x91claude\/"}]}},"_links":{"self":[{"href":"https:\/\/jumeaux91.fr\/blog\/wp-json\/wp\/v2\/posts\/1500","targetHints":{"allow":["GET"]}}],"collection":[{"href":"https:\/\/jumeaux91.fr\/blog\/wp-json\/wp\/v2\/posts"}],"about":[{"href":"https:\/\/jumeaux91.fr\/blog\/wp-json\/wp\/v2\/types\/post"}],"author":[{"embeddable":true,"href":"https:\/\/jumeaux91.fr\/blog\/wp-json\/wp\/v2\/users\/2"}],"replies":[{"embeddable":true,"href":"https:\/\/jumeaux91.fr\/blog\/wp-json\/wp\/v2\/comments?post=1500"}],"version-history":[{"count":0,"href":"https:\/\/jumeaux91.fr\/blog\/wp-json\/wp\/v2\/posts\/1500\/revisions"}],"wp:featuredmedia":[{"embeddable":true,"href":"https:\/\/jumeaux91.fr\/blog\/wp-json\/wp\/v2\/media\/1501"}],"wp:attachment":[{"href":"https:\/\/jumeaux91.fr\/blog\/wp-json\/wp\/v2\/media?parent=1500"}],"wp:term":[{"taxonomy":"category","embeddable":true,"href":"https:\/\/jumeaux91.fr\/blog\/wp-json\/wp\/v2\/categories?post=1500"},{"taxonomy":"post_tag","embeddable":true,"href":"https:\/\/jumeaux91.fr\/blog\/wp-json\/wp\/v2\/tags?post=1500"}],"curies":[{"name":"wp","href":"https:\/\/api.w.org\/{rel}","templated":true}]}}