{"id":1504,"date":"2025-07-06T19:01:00","date_gmt":"2025-07-06T17:01:00","guid":{"rendered":"https:\/\/jumeaux91.fr\/blog\/allemagne-percutes-par-une-voiture-des-freres-jumeaux-de-23-ans\/"},"modified":"2025-07-06T19:01:00","modified_gmt":"2025-07-06T17:01:00","slug":"allemagne-percutes-par-une-voiture-des-freres-jumeaux-de-23-ans","status":"publish","type":"post","link":"https:\/\/jumeaux91.fr\/blog\/allemagne-percutes-par-une-voiture-des-freres-jumeaux-de-23-ans\/","title":{"rendered":"Allemagne : Percut\u00e9s par une voiture, des fr\u00e8res jumeaux de 23 ans &#8230;"},"content":{"rendered":"<div><img decoding=\"async\" src=\"https:\/\/jumeaux91.fr\/blog\/wp-content\/uploads\/2025\/07\/allemagne-percutes-par-une-voiture-des-freres-jumeaux-de-23-ans.png\" class=\"ff-og-image-inserted\"><\/div>\n<p><strong data-test-locator=\"stream-item-category-label\" class=\"Tt(c) Fw(500) Whs(nw) C(--solo-cup)\">People<\/strong><span class=\"Mx(8px) Fw(500)\" aria-hidden=\"true\">\u00b7<\/span><span class=\"Ell\" data-test-locator=\"stream-item-publisher\">Yahoo Actu \u2013 vid\u00e9os<\/span><\/p>\n<h3 class=\"LineClamp(4,5em) Mend(50px) Mb(4px) Lh(1.33) Fz(18px) Fz(16px)--maw1024 Fw(b) stream-item-title\" data-test-locator=\"stream-item-title\"><b class=\"Hidden\">Vid\u00e9o<\/b><a class=\"stream-title D(b) Td(n) Td(n):f C(--batcave) C($streamBrandHoverClass):h C($streamBrandHoverClass):fv\" data-uuid=\"3e208bb4-8950-3ded-a9ba-33cdfaa71d15\" data-wf-caas-prefetch=\"0\" data-wf-caas-uuid=\"3e208bb4-8950-3ded-a9ba-33cdfaa71d15\" data-ylk=\"itc:0;elm:hdln;elmt:ct;bpos:1;cpos:4;cposy:9;p_sys:jarvis;rspns:nav;t1:a3;t2:strm;t3:ct;ccode:main_single_feed__fr-FR__frontpage__default__default__desktop__ga__noSplit;ct:video;g:3e208bb4-8950-3ded-a9ba-33cdfaa71d15;grpt:singlestory;pkgt:orphan_img;pos:1;cnt_tpc:Celebrity;slk:&quot;Cette maladie est affreuse&quot; : en larmes, Amandine Petit \u00e9voque la mort de sa grand-m\u00e8re;\" href=\"https:\/\/fr.news.yahoo.com\/maladie-affreuse-larmes-amandine-petit-132707820.html\" target=\"_blank\" rel=\"nofollow\">\u00ab\u00a0Cette maladie est affreuse\u00a0\u00bb : en larmes, Amandine Petit \u00e9voque la mort de sa grand-m\u00e8re<u class=\"StretchedBox\"><\/u><\/a><\/h3>\n<p class=\"finance-ticker-fetch-success_D(n) LineClamp(3,4.4em) sub-upsell-fetch-success_D(n) Fz(14px) Lh(1.43) C(--batcave) Mb(4px) Mend(50px) Mt(2px) Bxz(bb) Wob($break-word)\" data-test-locator=\"stream-item-summary\">C\u2019est en larmes, au micro de Yahoo, qu\u2019Amandine Petit, ex-Miss France, est revenue sur son combat contre la maladie d\u2019Alzheimer. Celle qui vient d\u2019annoncer ses fian\u00e7ailles sur Instagram, photos \u00e0 l\u2019appui, \u00e9voque la disparition progressive d\u2019un \u00eatre cher, sa grand-m\u00e8re, emport\u00e9e par la deuxi\u00e8me maladie la plus crainte des Fran\u00e7ais : la maladie d&rsquo;Alzheimer.<\/p>\n<p>La chronique se veut g\u00e9n\u00e9r\u00e9e de la fa\u00e7on la plus claire que possible. Dans le cas o\u00f9 vous souhaitez pr\u00e9senter des renseignements compl\u00e9mentaires \u00e0 cet article sur le sujet \u00ab\u00a0Fr\u00e8res jumeaux de l&rsquo;Essonnes\u00a0\u00bb il vous est possible d\u2019\u00e9crire aux contacts indiqu\u00e9s sur notre website. La raison d\u2019\u00eatre de jumeaux91.fr \u00e9tant de rassembler sur le web des posts sur le sujet de Fr\u00e8res jumeaux de l&rsquo;Essonnes puis les diffuser en r\u00e9pondant au mieux aux interrogations des gens. Vous pouvez tirer profit de cet article traitant le sujet \u00ab\u00a0Fr\u00e8res jumeaux de l&rsquo;Essonnes\u00a0\u00bb. Il est concoct\u00e9 par l\u2019\u00e9quipe jumeaux91.fr. Prochainement, nous rendrons accessibles au public d&rsquo;autres informations pertinentes sur le sujet \u00ab\u00a0Fr\u00e8res jumeaux de l&rsquo;Essonnes\u00a0\u00bb. Alors, consultez syst\u00e9matiquement notre blog.<\/p>\n","protected":false},"excerpt":{"rendered":"<p>People\u00b7Yahoo Actu \u2013 vid\u00e9os Vid\u00e9o\u00ab\u00a0Cette maladie est affreuse\u00a0\u00bb : en larmes, Amandine Petit \u00e9voque la mort de sa grand-m\u00e8re C\u2019est en larmes, au micro de Yahoo, qu\u2019Amandine Petit, ex-Miss France, est revenue sur son combat contre la maladie d\u2019Alzheimer. Celle qui vient d\u2019annoncer ses fian\u00e7ailles sur Instagram, photos \u00e0 l\u2019appui, \u00e9voque la disparition progressive d\u2019un&hellip; <a class=\"more-link\" href=\"https:\/\/jumeaux91.fr\/blog\/allemagne-percutes-par-une-voiture-des-freres-jumeaux-de-23-ans\/\">Poursuivre la lecture <span class=\"screen-reader-text\">Allemagne : Percut\u00e9s par une voiture, des fr\u00e8res jumeaux de 23 ans &#8230;<\/span><\/a><\/p>\n","protected":false},"author":2,"featured_media":1505,"comment_status":"closed","ping_status":"closed","sticky":false,"template":"","format":"standard","meta":{"footnotes":""},"categories":[4],"tags":[],"class_list":["post-1504","post","type-post","status-publish","format-standard","has-post-thumbnail","hentry","category-posts-freres-jumeaux-de-lessonnes","entry"],"yoast_head":"<!-- This site is optimized with the Yoast SEO plugin v27.5 - https:\/\/yoast.com\/product\/yoast-seo-wordpress\/ -->\n<title>Allemagne : Percut\u00e9s par une voiture, des fr\u00e8res jumeaux de 23 ans ... - JUMEAUX91<\/title>\n<meta name=\"robots\" content=\"index, follow, max-snippet:-1, max-image-preview:large, max-video-preview:-1\" \/>\n<link rel=\"canonical\" href=\"https:\/\/jumeaux91.fr\/blog\/allemagne-percutes-par-une-voiture-des-freres-jumeaux-de-23-ans\/\" \/>\n<meta property=\"og:locale\" content=\"fr_FR\" \/>\n<meta property=\"og:type\" content=\"article\" \/>\n<meta property=\"og:title\" content=\"Allemagne : Percut\u00e9s par une voiture, des fr\u00e8res jumeaux de 23 ans ... - JUMEAUX91\" \/>\n<meta property=\"og:description\" content=\"People\u00b7Yahoo Actu \u2013 vid\u00e9os Vid\u00e9o\u00ab\u00a0Cette maladie est affreuse\u00a0\u00bb : en larmes, Amandine Petit \u00e9voque la mort de sa grand-m\u00e8re C\u2019est en larmes, au micro de Yahoo, qu\u2019Amandine Petit, ex-Miss France, est revenue sur son combat contre la maladie d\u2019Alzheimer. Celle qui vient d\u2019annoncer ses fian\u00e7ailles sur Instagram, photos \u00e0 l\u2019appui, \u00e9voque la disparition progressive d\u2019un&hellip; Poursuivre la lecture Allemagne : Percut\u00e9s par une voiture, des fr\u00e8res jumeaux de 23 ans &#8230;\" \/>\n<meta property=\"og:url\" content=\"https:\/\/jumeaux91.fr\/blog\/allemagne-percutes-par-une-voiture-des-freres-jumeaux-de-23-ans\/\" \/>\n<meta property=\"og:site_name\" content=\"JUMEAUX91\" \/>\n<meta property=\"article:published_time\" content=\"2025-07-06T17:01:00+00:00\" \/>\n<meta property=\"og:image\" content=\"https:\/\/jumeaux91.fr\/blog\/wp-content\/uploads\/2025\/07\/allemagne-percutes-par-une-voiture-des-freres-jumeaux-de-23-ans.png\" \/>\n<meta name=\"author\" content=\"Claude DAYRES\" \/>\n<meta name=\"twitter:card\" content=\"summary_large_image\" \/>\n<meta name=\"twitter:label1\" content=\"\u00c9crit par\" \/>\n\t<meta name=\"twitter:data1\" content=\"Claude DAYRES\" \/>\n\t<meta name=\"twitter:label2\" content=\"Dur\u00e9e de lecture estim\u00e9e\" \/>\n\t<meta name=\"twitter:data2\" content=\"1 minute\" \/>\n<script type=\"application\/ld+json\" class=\"yoast-schema-graph\">{\"@context\":\"https:\\\/\\\/schema.org\",\"@graph\":[{\"@type\":\"Article\",\"@id\":\"https:\\\/\\\/jumeaux91.fr\\\/blog\\\/allemagne-percutes-par-une-voiture-des-freres-jumeaux-de-23-ans\\\/#article\",\"isPartOf\":{\"@id\":\"https:\\\/\\\/jumeaux91.fr\\\/blog\\\/allemagne-percutes-par-une-voiture-des-freres-jumeaux-de-23-ans\\\/\"},\"author\":{\"name\":\"Claude DAYRES\",\"@id\":\"https:\\\/\\\/jumeaux91.fr\\\/blog\\\/#\\\/schema\\\/person\\\/21da06e9f119b9f64e5d45dbbd32d3fb\"},\"headline\":\"Allemagne : Percut\u00e9s par une voiture, des fr\u00e8res jumeaux de 23 ans &#8230;\",\"datePublished\":\"2025-07-06T17:01:00+00:00\",\"mainEntityOfPage\":{\"@id\":\"https:\\\/\\\/jumeaux91.fr\\\/blog\\\/allemagne-percutes-par-une-voiture-des-freres-jumeaux-de-23-ans\\\/\"},\"wordCount\":237,\"publisher\":{\"@id\":\"https:\\\/\\\/jumeaux91.fr\\\/blog\\\/#organization\"},\"image\":{\"@id\":\"https:\\\/\\\/jumeaux91.fr\\\/blog\\\/allemagne-percutes-par-une-voiture-des-freres-jumeaux-de-23-ans\\\/#primaryimage\"},\"thumbnailUrl\":\"https:\\\/\\\/jumeaux91.fr\\\/blog\\\/wp-content\\\/uploads\\\/2025\\\/07\\\/allemagne-percutes-par-une-voiture-des-freres-jumeaux-de-23-ans.png\",\"articleSection\":[\"Posts Fr\u00e8res Jumeaux De L'Essonnes:\"],\"inLanguage\":\"fr-FR\"},{\"@type\":\"WebPage\",\"@id\":\"https:\\\/\\\/jumeaux91.fr\\\/blog\\\/allemagne-percutes-par-une-voiture-des-freres-jumeaux-de-23-ans\\\/\",\"url\":\"https:\\\/\\\/jumeaux91.fr\\\/blog\\\/allemagne-percutes-par-une-voiture-des-freres-jumeaux-de-23-ans\\\/\",\"name\":\"Allemagne : Percut\u00e9s par une voiture, des fr\u00e8res jumeaux de 23 ans ... - JUMEAUX91\",\"isPartOf\":{\"@id\":\"https:\\\/\\\/jumeaux91.fr\\\/blog\\\/#website\"},\"primaryImageOfPage\":{\"@id\":\"https:\\\/\\\/jumeaux91.fr\\\/blog\\\/allemagne-percutes-par-une-voiture-des-freres-jumeaux-de-23-ans\\\/#primaryimage\"},\"image\":{\"@id\":\"https:\\\/\\\/jumeaux91.fr\\\/blog\\\/allemagne-percutes-par-une-voiture-des-freres-jumeaux-de-23-ans\\\/#primaryimage\"},\"thumbnailUrl\":\"https:\\\/\\\/jumeaux91.fr\\\/blog\\\/wp-content\\\/uploads\\\/2025\\\/07\\\/allemagne-percutes-par-une-voiture-des-freres-jumeaux-de-23-ans.png\",\"datePublished\":\"2025-07-06T17:01:00+00:00\",\"breadcrumb\":{\"@id\":\"https:\\\/\\\/jumeaux91.fr\\\/blog\\\/allemagne-percutes-par-une-voiture-des-freres-jumeaux-de-23-ans\\\/#breadcrumb\"},\"inLanguage\":\"fr-FR\",\"potentialAction\":[{\"@type\":\"ReadAction\",\"target\":[\"https:\\\/\\\/jumeaux91.fr\\\/blog\\\/allemagne-percutes-par-une-voiture-des-freres-jumeaux-de-23-ans\\\/\"]}]},{\"@type\":\"ImageObject\",\"inLanguage\":\"fr-FR\",\"@id\":\"https:\\\/\\\/jumeaux91.fr\\\/blog\\\/allemagne-percutes-par-une-voiture-des-freres-jumeaux-de-23-ans\\\/#primaryimage\",\"url\":\"https:\\\/\\\/jumeaux91.fr\\\/blog\\\/wp-content\\\/uploads\\\/2025\\\/07\\\/allemagne-percutes-par-une-voiture-des-freres-jumeaux-de-23-ans.png\",\"contentUrl\":\"https:\\\/\\\/jumeaux91.fr\\\/blog\\\/wp-content\\\/uploads\\\/2025\\\/07\\\/allemagne-percutes-par-une-voiture-des-freres-jumeaux-de-23-ans.png\",\"width\":500,\"height\":500,\"caption\":\"Allemagne : Percut\u00e9s par une voiture, des fr\u00e8res jumeaux de 23 ans ...\"},{\"@type\":\"BreadcrumbList\",\"@id\":\"https:\\\/\\\/jumeaux91.fr\\\/blog\\\/allemagne-percutes-par-une-voiture-des-freres-jumeaux-de-23-ans\\\/#breadcrumb\",\"itemListElement\":[{\"@type\":\"ListItem\",\"position\":1,\"name\":\"Accueil\",\"item\":\"https:\\\/\\\/jumeaux91.fr\\\/blog\\\/\"},{\"@type\":\"ListItem\",\"position\":2,\"name\":\"Allemagne : Percut\u00e9s par une voiture, des fr\u00e8res jumeaux de 23 ans &#8230;\"}]},{\"@type\":\"WebSite\",\"@id\":\"https:\\\/\\\/jumeaux91.fr\\\/blog\\\/#website\",\"url\":\"https:\\\/\\\/jumeaux91.fr\\\/blog\\\/\",\"name\":\"JUMEAUX91\",\"description\":\"Fr\u00e8res jumeaux de l&#039;Essonnes; informations et archives, \u00e0 savoir et retenir.\",\"publisher\":{\"@id\":\"https:\\\/\\\/jumeaux91.fr\\\/blog\\\/#organization\"},\"potentialAction\":[{\"@type\":\"SearchAction\",\"target\":{\"@type\":\"EntryPoint\",\"urlTemplate\":\"https:\\\/\\\/jumeaux91.fr\\\/blog\\\/?s={search_term_string}\"},\"query-input\":{\"@type\":\"PropertyValueSpecification\",\"valueRequired\":true,\"valueName\":\"search_term_string\"}}],\"inLanguage\":\"fr-FR\"},{\"@type\":\"Organization\",\"@id\":\"https:\\\/\\\/jumeaux91.fr\\\/blog\\\/#organization\",\"name\":\"jumeaux91\",\"url\":\"https:\\\/\\\/jumeaux91.fr\\\/blog\\\/\",\"logo\":{\"@type\":\"ImageObject\",\"inLanguage\":\"fr-FR\",\"@id\":\"https:\\\/\\\/jumeaux91.fr\\\/blog\\\/#\\\/schema\\\/logo\\\/image\\\/\",\"url\":\"https:\\\/\\\/jumeaux91.fr\\\/blog\\\/wp-content\\\/uploads\\\/2023\\\/05\\\/cropped-cropped-logoJ_91.png\",\"contentUrl\":\"https:\\\/\\\/jumeaux91.fr\\\/blog\\\/wp-content\\\/uploads\\\/2023\\\/05\\\/cropped-cropped-logoJ_91.png\",\"width\":512,\"height\":512,\"caption\":\"jumeaux91\"},\"image\":{\"@id\":\"https:\\\/\\\/jumeaux91.fr\\\/blog\\\/#\\\/schema\\\/logo\\\/image\\\/\"}},{\"@type\":\"Person\",\"@id\":\"https:\\\/\\\/jumeaux91.fr\\\/blog\\\/#\\\/schema\\\/person\\\/21da06e9f119b9f64e5d45dbbd32d3fb\",\"name\":\"Claude DAYRES\",\"image\":{\"@type\":\"ImageObject\",\"inLanguage\":\"fr-FR\",\"@id\":\"https:\\\/\\\/secure.gravatar.com\\\/avatar\\\/82eb951df6110a2c48d1bfa7a67d1ee6f0cd5df3cbf9c3586dd61e82db7172a5?s=96&d=mm&r=g\",\"url\":\"https:\\\/\\\/secure.gravatar.com\\\/avatar\\\/82eb951df6110a2c48d1bfa7a67d1ee6f0cd5df3cbf9c3586dd61e82db7172a5?s=96&d=mm&r=g\",\"contentUrl\":\"https:\\\/\\\/secure.gravatar.com\\\/avatar\\\/82eb951df6110a2c48d1bfa7a67d1ee6f0cd5df3cbf9c3586dd61e82db7172a5?s=96&d=mm&r=g\",\"caption\":\"Claude DAYRES\"},\"url\":\"https:\\\/\\\/jumeaux91.fr\\\/blog\\\/author\\\/x91claude\\\/\"}]}<\/script>\n<!-- \/ Yoast SEO plugin. -->","yoast_head_json":{"title":"Allemagne : Percut\u00e9s par une voiture, des fr\u00e8res jumeaux de 23 ans ... - JUMEAUX91","robots":{"index":"index","follow":"follow","max-snippet":"max-snippet:-1","max-image-preview":"max-image-preview:large","max-video-preview":"max-video-preview:-1"},"canonical":"https:\/\/jumeaux91.fr\/blog\/allemagne-percutes-par-une-voiture-des-freres-jumeaux-de-23-ans\/","og_locale":"fr_FR","og_type":"article","og_title":"Allemagne : Percut\u00e9s par une voiture, des fr\u00e8res jumeaux de 23 ans ... - JUMEAUX91","og_description":"People\u00b7Yahoo Actu \u2013 vid\u00e9os Vid\u00e9o\u00ab\u00a0Cette maladie est affreuse\u00a0\u00bb : en larmes, Amandine Petit \u00e9voque la mort de sa grand-m\u00e8re C\u2019est en larmes, au micro de Yahoo, qu\u2019Amandine Petit, ex-Miss France, est revenue sur son combat contre la maladie d\u2019Alzheimer. Celle qui vient d\u2019annoncer ses fian\u00e7ailles sur Instagram, photos \u00e0 l\u2019appui, \u00e9voque la disparition progressive d\u2019un&hellip; Poursuivre la lecture Allemagne : Percut\u00e9s par une voiture, des fr\u00e8res jumeaux de 23 ans &#8230;","og_url":"https:\/\/jumeaux91.fr\/blog\/allemagne-percutes-par-une-voiture-des-freres-jumeaux-de-23-ans\/","og_site_name":"JUMEAUX91","article_published_time":"2025-07-06T17:01:00+00:00","og_image":[{"url":"https:\/\/jumeaux91.fr\/blog\/wp-content\/uploads\/2025\/07\/allemagne-percutes-par-une-voiture-des-freres-jumeaux-de-23-ans.png","type":"","width":"","height":""}],"author":"Claude DAYRES","twitter_card":"summary_large_image","twitter_misc":{"\u00c9crit par":"Claude DAYRES","Dur\u00e9e de lecture estim\u00e9e":"1 minute"},"schema":{"@context":"https:\/\/schema.org","@graph":[{"@type":"Article","@id":"https:\/\/jumeaux91.fr\/blog\/allemagne-percutes-par-une-voiture-des-freres-jumeaux-de-23-ans\/#article","isPartOf":{"@id":"https:\/\/jumeaux91.fr\/blog\/allemagne-percutes-par-une-voiture-des-freres-jumeaux-de-23-ans\/"},"author":{"name":"Claude DAYRES","@id":"https:\/\/jumeaux91.fr\/blog\/#\/schema\/person\/21da06e9f119b9f64e5d45dbbd32d3fb"},"headline":"Allemagne : Percut\u00e9s par une voiture, des fr\u00e8res jumeaux de 23 ans &#8230;","datePublished":"2025-07-06T17:01:00+00:00","mainEntityOfPage":{"@id":"https:\/\/jumeaux91.fr\/blog\/allemagne-percutes-par-une-voiture-des-freres-jumeaux-de-23-ans\/"},"wordCount":237,"publisher":{"@id":"https:\/\/jumeaux91.fr\/blog\/#organization"},"image":{"@id":"https:\/\/jumeaux91.fr\/blog\/allemagne-percutes-par-une-voiture-des-freres-jumeaux-de-23-ans\/#primaryimage"},"thumbnailUrl":"https:\/\/jumeaux91.fr\/blog\/wp-content\/uploads\/2025\/07\/allemagne-percutes-par-une-voiture-des-freres-jumeaux-de-23-ans.png","articleSection":["Posts Fr\u00e8res Jumeaux De L'Essonnes:"],"inLanguage":"fr-FR"},{"@type":"WebPage","@id":"https:\/\/jumeaux91.fr\/blog\/allemagne-percutes-par-une-voiture-des-freres-jumeaux-de-23-ans\/","url":"https:\/\/jumeaux91.fr\/blog\/allemagne-percutes-par-une-voiture-des-freres-jumeaux-de-23-ans\/","name":"Allemagne : Percut\u00e9s par une voiture, des fr\u00e8res jumeaux de 23 ans ... - JUMEAUX91","isPartOf":{"@id":"https:\/\/jumeaux91.fr\/blog\/#website"},"primaryImageOfPage":{"@id":"https:\/\/jumeaux91.fr\/blog\/allemagne-percutes-par-une-voiture-des-freres-jumeaux-de-23-ans\/#primaryimage"},"image":{"@id":"https:\/\/jumeaux91.fr\/blog\/allemagne-percutes-par-une-voiture-des-freres-jumeaux-de-23-ans\/#primaryimage"},"thumbnailUrl":"https:\/\/jumeaux91.fr\/blog\/wp-content\/uploads\/2025\/07\/allemagne-percutes-par-une-voiture-des-freres-jumeaux-de-23-ans.png","datePublished":"2025-07-06T17:01:00+00:00","breadcrumb":{"@id":"https:\/\/jumeaux91.fr\/blog\/allemagne-percutes-par-une-voiture-des-freres-jumeaux-de-23-ans\/#breadcrumb"},"inLanguage":"fr-FR","potentialAction":[{"@type":"ReadAction","target":["https:\/\/jumeaux91.fr\/blog\/allemagne-percutes-par-une-voiture-des-freres-jumeaux-de-23-ans\/"]}]},{"@type":"ImageObject","inLanguage":"fr-FR","@id":"https:\/\/jumeaux91.fr\/blog\/allemagne-percutes-par-une-voiture-des-freres-jumeaux-de-23-ans\/#primaryimage","url":"https:\/\/jumeaux91.fr\/blog\/wp-content\/uploads\/2025\/07\/allemagne-percutes-par-une-voiture-des-freres-jumeaux-de-23-ans.png","contentUrl":"https:\/\/jumeaux91.fr\/blog\/wp-content\/uploads\/2025\/07\/allemagne-percutes-par-une-voiture-des-freres-jumeaux-de-23-ans.png","width":500,"height":500,"caption":"Allemagne : Percut\u00e9s par une voiture, des fr\u00e8res jumeaux de 23 ans ..."},{"@type":"BreadcrumbList","@id":"https:\/\/jumeaux91.fr\/blog\/allemagne-percutes-par-une-voiture-des-freres-jumeaux-de-23-ans\/#breadcrumb","itemListElement":[{"@type":"ListItem","position":1,"name":"Accueil","item":"https:\/\/jumeaux91.fr\/blog\/"},{"@type":"ListItem","position":2,"name":"Allemagne : Percut\u00e9s par une voiture, des fr\u00e8res jumeaux de 23 ans &#8230;"}]},{"@type":"WebSite","@id":"https:\/\/jumeaux91.fr\/blog\/#website","url":"https:\/\/jumeaux91.fr\/blog\/","name":"JUMEAUX91","description":"Fr\u00e8res jumeaux de l&#039;Essonnes; informations et archives, \u00e0 savoir et retenir.","publisher":{"@id":"https:\/\/jumeaux91.fr\/blog\/#organization"},"potentialAction":[{"@type":"SearchAction","target":{"@type":"EntryPoint","urlTemplate":"https:\/\/jumeaux91.fr\/blog\/?s={search_term_string}"},"query-input":{"@type":"PropertyValueSpecification","valueRequired":true,"valueName":"search_term_string"}}],"inLanguage":"fr-FR"},{"@type":"Organization","@id":"https:\/\/jumeaux91.fr\/blog\/#organization","name":"jumeaux91","url":"https:\/\/jumeaux91.fr\/blog\/","logo":{"@type":"ImageObject","inLanguage":"fr-FR","@id":"https:\/\/jumeaux91.fr\/blog\/#\/schema\/logo\/image\/","url":"https:\/\/jumeaux91.fr\/blog\/wp-content\/uploads\/2023\/05\/cropped-cropped-logoJ_91.png","contentUrl":"https:\/\/jumeaux91.fr\/blog\/wp-content\/uploads\/2023\/05\/cropped-cropped-logoJ_91.png","width":512,"height":512,"caption":"jumeaux91"},"image":{"@id":"https:\/\/jumeaux91.fr\/blog\/#\/schema\/logo\/image\/"}},{"@type":"Person","@id":"https:\/\/jumeaux91.fr\/blog\/#\/schema\/person\/21da06e9f119b9f64e5d45dbbd32d3fb","name":"Claude DAYRES","image":{"@type":"ImageObject","inLanguage":"fr-FR","@id":"https:\/\/secure.gravatar.com\/avatar\/82eb951df6110a2c48d1bfa7a67d1ee6f0cd5df3cbf9c3586dd61e82db7172a5?s=96&d=mm&r=g","url":"https:\/\/secure.gravatar.com\/avatar\/82eb951df6110a2c48d1bfa7a67d1ee6f0cd5df3cbf9c3586dd61e82db7172a5?s=96&d=mm&r=g","contentUrl":"https:\/\/secure.gravatar.com\/avatar\/82eb951df6110a2c48d1bfa7a67d1ee6f0cd5df3cbf9c3586dd61e82db7172a5?s=96&d=mm&r=g","caption":"Claude DAYRES"},"url":"https:\/\/jumeaux91.fr\/blog\/author\/x91claude\/"}]}},"_links":{"self":[{"href":"https:\/\/jumeaux91.fr\/blog\/wp-json\/wp\/v2\/posts\/1504","targetHints":{"allow":["GET"]}}],"collection":[{"href":"https:\/\/jumeaux91.fr\/blog\/wp-json\/wp\/v2\/posts"}],"about":[{"href":"https:\/\/jumeaux91.fr\/blog\/wp-json\/wp\/v2\/types\/post"}],"author":[{"embeddable":true,"href":"https:\/\/jumeaux91.fr\/blog\/wp-json\/wp\/v2\/users\/2"}],"replies":[{"embeddable":true,"href":"https:\/\/jumeaux91.fr\/blog\/wp-json\/wp\/v2\/comments?post=1504"}],"version-history":[{"count":0,"href":"https:\/\/jumeaux91.fr\/blog\/wp-json\/wp\/v2\/posts\/1504\/revisions"}],"wp:featuredmedia":[{"embeddable":true,"href":"https:\/\/jumeaux91.fr\/blog\/wp-json\/wp\/v2\/media\/1505"}],"wp:attachment":[{"href":"https:\/\/jumeaux91.fr\/blog\/wp-json\/wp\/v2\/media?parent=1504"}],"wp:term":[{"taxonomy":"category","embeddable":true,"href":"https:\/\/jumeaux91.fr\/blog\/wp-json\/wp\/v2\/categories?post=1504"},{"taxonomy":"post_tag","embeddable":true,"href":"https:\/\/jumeaux91.fr\/blog\/wp-json\/wp\/v2\/tags?post=1504"}],"curies":[{"name":"wp","href":"https:\/\/api.w.org\/{rel}","templated":true}]}}