{"id":1527,"date":"2025-08-03T10:35:00","date_gmt":"2025-08-03T08:35:00","guid":{"rendered":"https:\/\/jumeaux91.fr\/blog\/les-jumeaux-gungah-un-miroir-a-deux-voix\/"},"modified":"2025-08-03T10:35:00","modified_gmt":"2025-08-03T08:35:00","slug":"les-jumeaux-gungah-un-miroir-a-deux-voix","status":"publish","type":"post","link":"https:\/\/jumeaux91.fr\/blog\/les-jumeaux-gungah-un-miroir-a-deux-voix\/","title":{"rendered":"Les jumeaux Gungah : un miroir \u00e0 deux voix"},"content":{"rendered":"<div><img decoding=\"async\" src=\"https:\/\/jumeaux91.fr\/blog\/wp-content\/uploads\/2025\/08\/les-jumeaux-gungah-un-miroir-a-deux-voix-1.jpg\" class=\"ff-og-image-inserted\"><\/div>\n<p>\u00c0 Sodnac, Ketan et Kevan Gungah partagent plus qu\u2019un nom. Deux fr\u00e8res, deux chemins, une seule \u00e9motion. Une complicit\u00e9 silencieuse. Une vie \u00e0 l\u2019unisson. Portrait d\u2019une fraternit\u00e9 unique.<\/p>\n<div class=\"inneradzone\">\n<h5>Publicit\u00e9<\/h5>\n<\/div>\n<p>\u00abIl n\u2019y a pas de moi sans lui. On est deux versions d\u2019un m\u00eame c\u0153ur. \u00bb Kevan Gungah le dit sans emphase. Comme une \u00e9vidence qu\u2019on ne questionne plus. Comme un secret ancien, trop souvent banalis\u00e9 : celui d\u2019une vie men\u00e9e \u00e0 deux voix, sans dissonance.<\/p>\n<p>Ils sont n\u00e9s un 22 f\u00e9vrier, en l\u2019an 2000, dans le quartier tranquille de Sodnac, \u00e0 Quatre-Bornes. Ketan et Kevan Gungah. Deux pr\u00e9noms presque jumeaux, pour deux vies qui le sont tout \u00e0 fait. Depuis leur premier souffle, tout \u2013 ou presque \u2013 s\u2019est \u00e9crit en tandem. \u00ab \u00catre jumeaux, c\u2019est comme \u00eatre n\u00e9 avec un miroir en face de soi. Tu ne peux jamais vraiment te perdre \u00bb, glisse Ketan.<\/p>\n<p>Dans leur enfance, on les confondait souvent. Les adultes h\u00e9sitaient, les copains faisaient semblant. Eux, riaient. Cette confusion, ils ne l\u2019ont jamais mal v\u00e9cue. Elle faisait partie du jeu, du pacte silencieux qu\u2019ils ont scell\u00e9 avant m\u00eame de savoir parler. \u00c0 l\u2019\u00e9cole, ils partageaient les bancs, les jeux invent\u00e9s, les secrets sous les draps. Aujourd\u2019hui encore, rien \u2013 ou presque \u2013 n\u2019a chang\u00e9.<\/p>\n<p>Leurs chemins professionnels ont fini par se diff\u00e9rencier : l\u2019un travaille dans la gestion immobili\u00e8re, l\u2019autre dans la banque. Deux carri\u00e8res distinctes, certes, mais qui avancent en parall\u00e8le. Pas un pas sans l\u2019autre. \u00ab On se soutient sans condition, affirme Kevan. Quand il r\u00e9ussit, j\u2019ai l\u2019impression d\u2019avoir gagn\u00e9 moi aussi. \u00bb<\/p>\n<p>Banquier chez Absa, Kevan confie : \u00ab On est tr\u00e8s proches. Notre relation a \u00e9volu\u00e9 avec le temps, mais ce lien de base ne s\u2019est jamais affaibli. \u00bb Son fr\u00e8re Ketan compl\u00e8te, avec la simplicit\u00e9 d\u2019une \u00e9vidence : \u00ab Les exp\u00e9riences que nous avons travers\u00e9es ensemble nous ont renforc\u00e9s. Nous sommes diff\u00e9rents, mais compl\u00e9mentaires. C\u2019est \u00e7a, notre force. \u00bb<\/p>\n<p>Ils parlent souvent de lancer un projet ensemble. Une entreprise, peut-\u00eatre. Une id\u00e9e encore floue mais persistante. \u00ab Ce serait quelque chose qui nous ressemble, un endroit o\u00f9 notre complicit\u00e9 serait une force \u00bb, dit Ketan. Il n\u2019y a pas de plan pr\u00e9cis, juste cette volont\u00e9 constante d\u2019\u00eatre dans le m\u00eame mouvement.<\/p>\n<p>Leurs go\u00fbts, eux, continuent de s\u2019accorder. Presque au d\u00e9tail pr\u00e8s. Surtout quand il est question de nourriture. \u00ab On est de vrais foodies, rigole Kevan. On aime 99 % des m\u00eames choses. \u00bb Des plats indiens traditionnels aux adresses les plus branch\u00e9es de Port-Louis, ils go\u00fbtent tout ensemble. Une bouch\u00e9e pour l\u2019un, un sourire pour l\u2019autre.<\/p>\n<p>Ce lien passe \u00e9galement par le silence. \u00ab On ne se parle pas toujours avec des mots, explique Ketan. Un regard suffit. \u00bb Cette proximit\u00e9 est moins visible qu\u2019elle ne se ressent. Une pr\u00e9sence constante, discr\u00e8te, mais solide. Pas de rivalit\u00e9, pas de comp\u00e9tition, seulement un respect mutuel, une tendresse palpable.<\/p>\n<blockquote>\n<p>\u00catre jumeaux, c\u2019est avoir un t\u00e9moin privil\u00e9gi\u00e9 de sa propre existence. Quelqu\u2019un qui te conna\u00eet mieux que toi-m\u00eame.\u00bb<\/p>\n<\/blockquote>\n<p>Quand la vie les s\u00e9pare \u2013 un s\u00e9minaire, un d\u00e9placement professionnel, un simple contretemps \u2013, le manque se manifeste vite. \u00ab Il y a comme un d\u00e9s\u00e9quilibre, une impression que quelque chose cloche \u00bb, confie Ketan. Son fr\u00e8re compl\u00e8te : \u00ab Oui, parfois on ressent un vide. C\u2019est bizarre, mais c\u2019est r\u00e9el. \u00bb<\/p>\n<p>Ils racontent cette anecdote, presque troublante. Un jour, Kevan ressent une douleur au ventre, sans raison apparente. Il appelle son fr\u00e8re. De l\u2019autre c\u00f4t\u00e9 du fil, Ketan est alit\u00e9, malade. Rien d\u2019exceptionnel pour eux. \u00ab Parfois, c\u2019est comme si nos \u00e2mes se parlaient sans qu\u2019on s\u2019en rende compte. \u00bb<\/p>\n<p>On pourrait croire \u00e0 de la superstition. Mais chez les Gungah, c\u2019est simplement la vie telle qu\u2019ils la connaissent. Une vie o\u00f9 l\u2019\u00e9motion de l\u2019un affleure dans le corps de l\u2019autre. O\u00f9 la joie de l\u2019un \u00e9claire la journ\u00e9e du second. \u00ab Ah oui, d\u00e9finitivement. On ressent toutes les \u00e9motions de l\u2019autre. Quand l\u2019un a le c\u0153ur lourd, l\u2019autre le sent, m\u00eame sans qu\u2019un mot soit prononc\u00e9 \u00bb, dit simplement Kevan. \u00ab Quand je souffre, il le ressent. Quand je suis heureux, il le sait. M\u00eame \u00e0 des kilom\u00e8tres de distance. \u00bb<\/p>\n<p>Et les disputes, quand elles arrivent, ne laissent jamais de traces durables. Kevan l\u2019affirme : \u00ab Comme dans toutes les relations, il y a des hauts et des bas. On peut se quereller pour des broutilles \u2013 choisir un programme t\u00e9l\u00e9, ou d\u00e9cider qui cuisine ce soir \u2013 mais \u00e7a ne dure jamais. Ce qui nous unit est plus fort. On ne se l\u00e2che jamais. Et on sera toujours l\u00e0 l\u2019un pour l\u2019autre. \u00bb<\/p>\n<p>Ce t\u00e9moignage rejoint une v\u00e9rit\u00e9 universelle : chez les jumeaux, l\u2019attachement d\u00e9passe l\u2019\u00e9motion, il devient presque cellulaire. Ils \u00e9voquent les disputes fugaces, les r\u00e9conciliations rapides, les fous rires partag\u00e9s et les r\u00eaves chuchot\u00e9s tard dans la nuit.<\/p>\n<p>Dans leur entourage, cette complicit\u00e9 suscite souvent l\u2019envie. \u00ab On nous dit fr\u00e9quemment : j\u2019aimerais avoir un fr\u00e8re comme toi \u00bb, confie Kevan. Cette phrase les touche, car elle leur rappelle la chance qu\u2019ils ont : \u00ab Oui, c\u2019est une v\u00e9ritable b\u00e9n\u00e9diction. \u00bb<\/p>\n<p>Il y a quelque chose de rare dans ce lien, une douceur solide, une constance. Ce n\u2019est pas une fusion \u00e9touffante, ni une d\u00e9pendance. C\u2019est une pr\u00e9sence. Une sorte de fraternit\u00e9 augment\u00e9e, qui \u00e9chappe aux mots. \u00ab \u00catre jumeaux, c\u2019est avoir un t\u00e9moin privil\u00e9gi\u00e9 de sa propre existence. Quelqu\u2019un qui te conna\u00eet mieux que toi-m\u00eame \u00bb, r\u00e9sument-ils.<\/p>\n<p>Ketan et Kevan n\u2019ont pas besoin de le prouver. Il suffit de les observer. Deux corps qui se r\u00e9pondent, deux regards qui se cherchent \u00e0 peine, deux vies men\u00e9es au diapason. Leur histoire ne cherche pas \u00e0 impressionner. Elle touche par sa justesse.<\/p>\n<p>Et dans ce monde souvent bruyant, elle rappelle une chose simple : certains liens ne s\u2019expliquent pas. Ils se vivent. \u00ab Je suis n\u00e9 comme \u00e7a, donc pour moi, c\u2019est tout \u00e0 fait normal. Ce que les autres trouvent extraordinaire, c\u2019est notre quotidien. Mais quand je regarde autour, je r\u00e9alise \u00e0 quel point ce lien est pr\u00e9cieux \u00bb, conclut Ketan.<\/p>\n<p><strong>Ajagen Koomalen Rungen et Azeem Khodabux&nbsp;<\/strong><\/p>\n<p>La chronique se veut g\u00e9n\u00e9r\u00e9e de la fa\u00e7on la plus claire que possible. Dans le cas o\u00f9 vous souhaitez pr\u00e9senter des renseignements compl\u00e9mentaires \u00e0 cet article sur le sujet \u00ab\u00a0Fr\u00e8res jumeaux de l&rsquo;Essonnes\u00a0\u00bb il vous est possible d\u2019\u00e9crire aux contacts indiqu\u00e9s sur notre website. La raison d\u2019\u00eatre de jumeaux91.fr \u00e9tant de rassembler sur le web des posts sur le sujet de Fr\u00e8res jumeaux de l&rsquo;Essonnes puis les diffuser en r\u00e9pondant au mieux aux interrogations des gens. Vous pouvez tirer profit de cet article traitant le sujet \u00ab\u00a0Fr\u00e8res jumeaux de l&rsquo;Essonnes\u00a0\u00bb. Il est concoct\u00e9 par l\u2019\u00e9quipe jumeaux91.fr. Prochainement, nous rendrons accessibles au public d&rsquo;autres informations pertinentes sur le sujet \u00ab\u00a0Fr\u00e8res jumeaux de l&rsquo;Essonnes\u00a0\u00bb. Alors, consultez syst\u00e9matiquement notre blog.<\/p>\n","protected":false},"excerpt":{"rendered":"<p>\u00c0 Sodnac, Ketan et Kevan Gungah partagent plus qu\u2019un nom. Deux fr\u00e8res, deux chemins, une seule \u00e9motion. Une complicit\u00e9 silencieuse. Une vie \u00e0 l\u2019unisson. Portrait d\u2019une fraternit\u00e9 unique. Publicit\u00e9 \u00abIl n\u2019y a pas de moi sans lui. On est deux versions d\u2019un m\u00eame c\u0153ur. \u00bb Kevan Gungah le dit sans emphase. Comme une \u00e9vidence qu\u2019on&hellip; <a class=\"more-link\" href=\"https:\/\/jumeaux91.fr\/blog\/les-jumeaux-gungah-un-miroir-a-deux-voix\/\">Poursuivre la lecture <span class=\"screen-reader-text\">Les jumeaux Gungah : un miroir \u00e0 deux voix<\/span><\/a><\/p>\n","protected":false},"author":2,"featured_media":1528,"comment_status":"closed","ping_status":"closed","sticky":false,"template":"","format":"standard","meta":{"footnotes":""},"categories":[4],"tags":[],"class_list":["post-1527","post","type-post","status-publish","format-standard","has-post-thumbnail","hentry","category-posts-freres-jumeaux-de-lessonnes","entry"],"yoast_head":"<!-- This site is optimized with the Yoast SEO plugin v27.5 - https:\/\/yoast.com\/product\/yoast-seo-wordpress\/ -->\n<title>Les jumeaux Gungah : un miroir \u00e0 deux voix - JUMEAUX91<\/title>\n<meta name=\"robots\" content=\"index, follow, max-snippet:-1, max-image-preview:large, max-video-preview:-1\" \/>\n<link rel=\"canonical\" href=\"https:\/\/jumeaux91.fr\/blog\/les-jumeaux-gungah-un-miroir-a-deux-voix\/\" \/>\n<meta property=\"og:locale\" content=\"fr_FR\" \/>\n<meta property=\"og:type\" content=\"article\" \/>\n<meta property=\"og:title\" content=\"Les jumeaux Gungah : un miroir \u00e0 deux voix - JUMEAUX91\" \/>\n<meta property=\"og:description\" content=\"\u00c0 Sodnac, Ketan et Kevan Gungah partagent plus qu\u2019un nom. Deux fr\u00e8res, deux chemins, une seule \u00e9motion. Une complicit\u00e9 silencieuse. Une vie \u00e0 l\u2019unisson. Portrait d\u2019une fraternit\u00e9 unique. Publicit\u00e9 \u00abIl n\u2019y a pas de moi sans lui. On est deux versions d\u2019un m\u00eame c\u0153ur. \u00bb Kevan Gungah le dit sans emphase. Comme une \u00e9vidence qu\u2019on&hellip; Poursuivre la lecture Les jumeaux Gungah : un miroir \u00e0 deux voix\" \/>\n<meta property=\"og:url\" content=\"https:\/\/jumeaux91.fr\/blog\/les-jumeaux-gungah-un-miroir-a-deux-voix\/\" \/>\n<meta property=\"og:site_name\" content=\"JUMEAUX91\" \/>\n<meta property=\"article:published_time\" content=\"2025-08-03T08:35:00+00:00\" \/>\n<meta property=\"og:image\" content=\"https:\/\/jumeaux91.fr\/blog\/wp-content\/uploads\/2025\/08\/les-jumeaux-gungah-un-miroir-a-deux-voix-1.jpg\" \/>\n<meta name=\"author\" content=\"Claude DAYRES\" \/>\n<meta name=\"twitter:card\" content=\"summary_large_image\" \/>\n<meta name=\"twitter:label1\" content=\"\u00c9crit par\" \/>\n\t<meta name=\"twitter:data1\" content=\"Claude DAYRES\" \/>\n\t<meta name=\"twitter:label2\" content=\"Dur\u00e9e de lecture estim\u00e9e\" \/>\n\t<meta name=\"twitter:data2\" content=\"6 minutes\" \/>\n<script type=\"application\/ld+json\" class=\"yoast-schema-graph\">{\"@context\":\"https:\\\/\\\/schema.org\",\"@graph\":[{\"@type\":\"Article\",\"@id\":\"https:\\\/\\\/jumeaux91.fr\\\/blog\\\/les-jumeaux-gungah-un-miroir-a-deux-voix\\\/#article\",\"isPartOf\":{\"@id\":\"https:\\\/\\\/jumeaux91.fr\\\/blog\\\/les-jumeaux-gungah-un-miroir-a-deux-voix\\\/\"},\"author\":{\"name\":\"Claude DAYRES\",\"@id\":\"https:\\\/\\\/jumeaux91.fr\\\/blog\\\/#\\\/schema\\\/person\\\/21da06e9f119b9f64e5d45dbbd32d3fb\"},\"headline\":\"Les jumeaux Gungah : un miroir \u00e0 deux voix\",\"datePublished\":\"2025-08-03T08:35:00+00:00\",\"mainEntityOfPage\":{\"@id\":\"https:\\\/\\\/jumeaux91.fr\\\/blog\\\/les-jumeaux-gungah-un-miroir-a-deux-voix\\\/\"},\"wordCount\":1239,\"publisher\":{\"@id\":\"https:\\\/\\\/jumeaux91.fr\\\/blog\\\/#organization\"},\"image\":{\"@id\":\"https:\\\/\\\/jumeaux91.fr\\\/blog\\\/les-jumeaux-gungah-un-miroir-a-deux-voix\\\/#primaryimage\"},\"thumbnailUrl\":\"https:\\\/\\\/jumeaux91.fr\\\/blog\\\/wp-content\\\/uploads\\\/2025\\\/08\\\/les-jumeaux-gungah-un-miroir-a-deux-voix.jpg\",\"articleSection\":[\"Posts Fr\u00e8res Jumeaux De L'Essonnes:\"],\"inLanguage\":\"fr-FR\"},{\"@type\":\"WebPage\",\"@id\":\"https:\\\/\\\/jumeaux91.fr\\\/blog\\\/les-jumeaux-gungah-un-miroir-a-deux-voix\\\/\",\"url\":\"https:\\\/\\\/jumeaux91.fr\\\/blog\\\/les-jumeaux-gungah-un-miroir-a-deux-voix\\\/\",\"name\":\"Les jumeaux Gungah : un miroir \u00e0 deux voix - JUMEAUX91\",\"isPartOf\":{\"@id\":\"https:\\\/\\\/jumeaux91.fr\\\/blog\\\/#website\"},\"primaryImageOfPage\":{\"@id\":\"https:\\\/\\\/jumeaux91.fr\\\/blog\\\/les-jumeaux-gungah-un-miroir-a-deux-voix\\\/#primaryimage\"},\"image\":{\"@id\":\"https:\\\/\\\/jumeaux91.fr\\\/blog\\\/les-jumeaux-gungah-un-miroir-a-deux-voix\\\/#primaryimage\"},\"thumbnailUrl\":\"https:\\\/\\\/jumeaux91.fr\\\/blog\\\/wp-content\\\/uploads\\\/2025\\\/08\\\/les-jumeaux-gungah-un-miroir-a-deux-voix.jpg\",\"datePublished\":\"2025-08-03T08:35:00+00:00\",\"breadcrumb\":{\"@id\":\"https:\\\/\\\/jumeaux91.fr\\\/blog\\\/les-jumeaux-gungah-un-miroir-a-deux-voix\\\/#breadcrumb\"},\"inLanguage\":\"fr-FR\",\"potentialAction\":[{\"@type\":\"ReadAction\",\"target\":[\"https:\\\/\\\/jumeaux91.fr\\\/blog\\\/les-jumeaux-gungah-un-miroir-a-deux-voix\\\/\"]}]},{\"@type\":\"ImageObject\",\"inLanguage\":\"fr-FR\",\"@id\":\"https:\\\/\\\/jumeaux91.fr\\\/blog\\\/les-jumeaux-gungah-un-miroir-a-deux-voix\\\/#primaryimage\",\"url\":\"https:\\\/\\\/jumeaux91.fr\\\/blog\\\/wp-content\\\/uploads\\\/2025\\\/08\\\/les-jumeaux-gungah-un-miroir-a-deux-voix.jpg\",\"contentUrl\":\"https:\\\/\\\/jumeaux91.fr\\\/blog\\\/wp-content\\\/uploads\\\/2025\\\/08\\\/les-jumeaux-gungah-un-miroir-a-deux-voix.jpg\",\"width\":1280,\"height\":720,\"caption\":\"Les jumeaux Gungah : un miroir \u00e0 deux voix\"},{\"@type\":\"BreadcrumbList\",\"@id\":\"https:\\\/\\\/jumeaux91.fr\\\/blog\\\/les-jumeaux-gungah-un-miroir-a-deux-voix\\\/#breadcrumb\",\"itemListElement\":[{\"@type\":\"ListItem\",\"position\":1,\"name\":\"Accueil\",\"item\":\"https:\\\/\\\/jumeaux91.fr\\\/blog\\\/\"},{\"@type\":\"ListItem\",\"position\":2,\"name\":\"Les jumeaux Gungah : un miroir \u00e0 deux voix\"}]},{\"@type\":\"WebSite\",\"@id\":\"https:\\\/\\\/jumeaux91.fr\\\/blog\\\/#website\",\"url\":\"https:\\\/\\\/jumeaux91.fr\\\/blog\\\/\",\"name\":\"JUMEAUX91\",\"description\":\"Fr\u00e8res jumeaux de l&#039;Essonnes; informations et archives, \u00e0 savoir et retenir.\",\"publisher\":{\"@id\":\"https:\\\/\\\/jumeaux91.fr\\\/blog\\\/#organization\"},\"potentialAction\":[{\"@type\":\"SearchAction\",\"target\":{\"@type\":\"EntryPoint\",\"urlTemplate\":\"https:\\\/\\\/jumeaux91.fr\\\/blog\\\/?s={search_term_string}\"},\"query-input\":{\"@type\":\"PropertyValueSpecification\",\"valueRequired\":true,\"valueName\":\"search_term_string\"}}],\"inLanguage\":\"fr-FR\"},{\"@type\":\"Organization\",\"@id\":\"https:\\\/\\\/jumeaux91.fr\\\/blog\\\/#organization\",\"name\":\"jumeaux91\",\"url\":\"https:\\\/\\\/jumeaux91.fr\\\/blog\\\/\",\"logo\":{\"@type\":\"ImageObject\",\"inLanguage\":\"fr-FR\",\"@id\":\"https:\\\/\\\/jumeaux91.fr\\\/blog\\\/#\\\/schema\\\/logo\\\/image\\\/\",\"url\":\"https:\\\/\\\/jumeaux91.fr\\\/blog\\\/wp-content\\\/uploads\\\/2023\\\/05\\\/cropped-cropped-logoJ_91.png\",\"contentUrl\":\"https:\\\/\\\/jumeaux91.fr\\\/blog\\\/wp-content\\\/uploads\\\/2023\\\/05\\\/cropped-cropped-logoJ_91.png\",\"width\":512,\"height\":512,\"caption\":\"jumeaux91\"},\"image\":{\"@id\":\"https:\\\/\\\/jumeaux91.fr\\\/blog\\\/#\\\/schema\\\/logo\\\/image\\\/\"}},{\"@type\":\"Person\",\"@id\":\"https:\\\/\\\/jumeaux91.fr\\\/blog\\\/#\\\/schema\\\/person\\\/21da06e9f119b9f64e5d45dbbd32d3fb\",\"name\":\"Claude DAYRES\",\"image\":{\"@type\":\"ImageObject\",\"inLanguage\":\"fr-FR\",\"@id\":\"https:\\\/\\\/secure.gravatar.com\\\/avatar\\\/82eb951df6110a2c48d1bfa7a67d1ee6f0cd5df3cbf9c3586dd61e82db7172a5?s=96&d=mm&r=g\",\"url\":\"https:\\\/\\\/secure.gravatar.com\\\/avatar\\\/82eb951df6110a2c48d1bfa7a67d1ee6f0cd5df3cbf9c3586dd61e82db7172a5?s=96&d=mm&r=g\",\"contentUrl\":\"https:\\\/\\\/secure.gravatar.com\\\/avatar\\\/82eb951df6110a2c48d1bfa7a67d1ee6f0cd5df3cbf9c3586dd61e82db7172a5?s=96&d=mm&r=g\",\"caption\":\"Claude DAYRES\"},\"url\":\"https:\\\/\\\/jumeaux91.fr\\\/blog\\\/author\\\/x91claude\\\/\"}]}<\/script>\n<!-- \/ Yoast SEO plugin. -->","yoast_head_json":{"title":"Les jumeaux Gungah : un miroir \u00e0 deux voix - JUMEAUX91","robots":{"index":"index","follow":"follow","max-snippet":"max-snippet:-1","max-image-preview":"max-image-preview:large","max-video-preview":"max-video-preview:-1"},"canonical":"https:\/\/jumeaux91.fr\/blog\/les-jumeaux-gungah-un-miroir-a-deux-voix\/","og_locale":"fr_FR","og_type":"article","og_title":"Les jumeaux Gungah : un miroir \u00e0 deux voix - JUMEAUX91","og_description":"\u00c0 Sodnac, Ketan et Kevan Gungah partagent plus qu\u2019un nom. Deux fr\u00e8res, deux chemins, une seule \u00e9motion. Une complicit\u00e9 silencieuse. Une vie \u00e0 l\u2019unisson. Portrait d\u2019une fraternit\u00e9 unique. Publicit\u00e9 \u00abIl n\u2019y a pas de moi sans lui. On est deux versions d\u2019un m\u00eame c\u0153ur. \u00bb Kevan Gungah le dit sans emphase. Comme une \u00e9vidence qu\u2019on&hellip; Poursuivre la lecture Les jumeaux Gungah : un miroir \u00e0 deux voix","og_url":"https:\/\/jumeaux91.fr\/blog\/les-jumeaux-gungah-un-miroir-a-deux-voix\/","og_site_name":"JUMEAUX91","article_published_time":"2025-08-03T08:35:00+00:00","og_image":[{"url":"https:\/\/jumeaux91.fr\/blog\/wp-content\/uploads\/2025\/08\/les-jumeaux-gungah-un-miroir-a-deux-voix-1.jpg","type":"","width":"","height":""}],"author":"Claude DAYRES","twitter_card":"summary_large_image","twitter_misc":{"\u00c9crit par":"Claude DAYRES","Dur\u00e9e de lecture estim\u00e9e":"6 minutes"},"schema":{"@context":"https:\/\/schema.org","@graph":[{"@type":"Article","@id":"https:\/\/jumeaux91.fr\/blog\/les-jumeaux-gungah-un-miroir-a-deux-voix\/#article","isPartOf":{"@id":"https:\/\/jumeaux91.fr\/blog\/les-jumeaux-gungah-un-miroir-a-deux-voix\/"},"author":{"name":"Claude DAYRES","@id":"https:\/\/jumeaux91.fr\/blog\/#\/schema\/person\/21da06e9f119b9f64e5d45dbbd32d3fb"},"headline":"Les jumeaux Gungah : un miroir \u00e0 deux voix","datePublished":"2025-08-03T08:35:00+00:00","mainEntityOfPage":{"@id":"https:\/\/jumeaux91.fr\/blog\/les-jumeaux-gungah-un-miroir-a-deux-voix\/"},"wordCount":1239,"publisher":{"@id":"https:\/\/jumeaux91.fr\/blog\/#organization"},"image":{"@id":"https:\/\/jumeaux91.fr\/blog\/les-jumeaux-gungah-un-miroir-a-deux-voix\/#primaryimage"},"thumbnailUrl":"https:\/\/jumeaux91.fr\/blog\/wp-content\/uploads\/2025\/08\/les-jumeaux-gungah-un-miroir-a-deux-voix.jpg","articleSection":["Posts Fr\u00e8res Jumeaux De L'Essonnes:"],"inLanguage":"fr-FR"},{"@type":"WebPage","@id":"https:\/\/jumeaux91.fr\/blog\/les-jumeaux-gungah-un-miroir-a-deux-voix\/","url":"https:\/\/jumeaux91.fr\/blog\/les-jumeaux-gungah-un-miroir-a-deux-voix\/","name":"Les jumeaux Gungah : un miroir \u00e0 deux voix - JUMEAUX91","isPartOf":{"@id":"https:\/\/jumeaux91.fr\/blog\/#website"},"primaryImageOfPage":{"@id":"https:\/\/jumeaux91.fr\/blog\/les-jumeaux-gungah-un-miroir-a-deux-voix\/#primaryimage"},"image":{"@id":"https:\/\/jumeaux91.fr\/blog\/les-jumeaux-gungah-un-miroir-a-deux-voix\/#primaryimage"},"thumbnailUrl":"https:\/\/jumeaux91.fr\/blog\/wp-content\/uploads\/2025\/08\/les-jumeaux-gungah-un-miroir-a-deux-voix.jpg","datePublished":"2025-08-03T08:35:00+00:00","breadcrumb":{"@id":"https:\/\/jumeaux91.fr\/blog\/les-jumeaux-gungah-un-miroir-a-deux-voix\/#breadcrumb"},"inLanguage":"fr-FR","potentialAction":[{"@type":"ReadAction","target":["https:\/\/jumeaux91.fr\/blog\/les-jumeaux-gungah-un-miroir-a-deux-voix\/"]}]},{"@type":"ImageObject","inLanguage":"fr-FR","@id":"https:\/\/jumeaux91.fr\/blog\/les-jumeaux-gungah-un-miroir-a-deux-voix\/#primaryimage","url":"https:\/\/jumeaux91.fr\/blog\/wp-content\/uploads\/2025\/08\/les-jumeaux-gungah-un-miroir-a-deux-voix.jpg","contentUrl":"https:\/\/jumeaux91.fr\/blog\/wp-content\/uploads\/2025\/08\/les-jumeaux-gungah-un-miroir-a-deux-voix.jpg","width":1280,"height":720,"caption":"Les jumeaux Gungah : un miroir \u00e0 deux voix"},{"@type":"BreadcrumbList","@id":"https:\/\/jumeaux91.fr\/blog\/les-jumeaux-gungah-un-miroir-a-deux-voix\/#breadcrumb","itemListElement":[{"@type":"ListItem","position":1,"name":"Accueil","item":"https:\/\/jumeaux91.fr\/blog\/"},{"@type":"ListItem","position":2,"name":"Les jumeaux Gungah : un miroir \u00e0 deux voix"}]},{"@type":"WebSite","@id":"https:\/\/jumeaux91.fr\/blog\/#website","url":"https:\/\/jumeaux91.fr\/blog\/","name":"JUMEAUX91","description":"Fr\u00e8res jumeaux de l&#039;Essonnes; informations et archives, \u00e0 savoir et retenir.","publisher":{"@id":"https:\/\/jumeaux91.fr\/blog\/#organization"},"potentialAction":[{"@type":"SearchAction","target":{"@type":"EntryPoint","urlTemplate":"https:\/\/jumeaux91.fr\/blog\/?s={search_term_string}"},"query-input":{"@type":"PropertyValueSpecification","valueRequired":true,"valueName":"search_term_string"}}],"inLanguage":"fr-FR"},{"@type":"Organization","@id":"https:\/\/jumeaux91.fr\/blog\/#organization","name":"jumeaux91","url":"https:\/\/jumeaux91.fr\/blog\/","logo":{"@type":"ImageObject","inLanguage":"fr-FR","@id":"https:\/\/jumeaux91.fr\/blog\/#\/schema\/logo\/image\/","url":"https:\/\/jumeaux91.fr\/blog\/wp-content\/uploads\/2023\/05\/cropped-cropped-logoJ_91.png","contentUrl":"https:\/\/jumeaux91.fr\/blog\/wp-content\/uploads\/2023\/05\/cropped-cropped-logoJ_91.png","width":512,"height":512,"caption":"jumeaux91"},"image":{"@id":"https:\/\/jumeaux91.fr\/blog\/#\/schema\/logo\/image\/"}},{"@type":"Person","@id":"https:\/\/jumeaux91.fr\/blog\/#\/schema\/person\/21da06e9f119b9f64e5d45dbbd32d3fb","name":"Claude DAYRES","image":{"@type":"ImageObject","inLanguage":"fr-FR","@id":"https:\/\/secure.gravatar.com\/avatar\/82eb951df6110a2c48d1bfa7a67d1ee6f0cd5df3cbf9c3586dd61e82db7172a5?s=96&d=mm&r=g","url":"https:\/\/secure.gravatar.com\/avatar\/82eb951df6110a2c48d1bfa7a67d1ee6f0cd5df3cbf9c3586dd61e82db7172a5?s=96&d=mm&r=g","contentUrl":"https:\/\/secure.gravatar.com\/avatar\/82eb951df6110a2c48d1bfa7a67d1ee6f0cd5df3cbf9c3586dd61e82db7172a5?s=96&d=mm&r=g","caption":"Claude DAYRES"},"url":"https:\/\/jumeaux91.fr\/blog\/author\/x91claude\/"}]}},"_links":{"self":[{"href":"https:\/\/jumeaux91.fr\/blog\/wp-json\/wp\/v2\/posts\/1527","targetHints":{"allow":["GET"]}}],"collection":[{"href":"https:\/\/jumeaux91.fr\/blog\/wp-json\/wp\/v2\/posts"}],"about":[{"href":"https:\/\/jumeaux91.fr\/blog\/wp-json\/wp\/v2\/types\/post"}],"author":[{"embeddable":true,"href":"https:\/\/jumeaux91.fr\/blog\/wp-json\/wp\/v2\/users\/2"}],"replies":[{"embeddable":true,"href":"https:\/\/jumeaux91.fr\/blog\/wp-json\/wp\/v2\/comments?post=1527"}],"version-history":[{"count":0,"href":"https:\/\/jumeaux91.fr\/blog\/wp-json\/wp\/v2\/posts\/1527\/revisions"}],"wp:featuredmedia":[{"embeddable":true,"href":"https:\/\/jumeaux91.fr\/blog\/wp-json\/wp\/v2\/media\/1528"}],"wp:attachment":[{"href":"https:\/\/jumeaux91.fr\/blog\/wp-json\/wp\/v2\/media?parent=1527"}],"wp:term":[{"taxonomy":"category","embeddable":true,"href":"https:\/\/jumeaux91.fr\/blog\/wp-json\/wp\/v2\/categories?post=1527"},{"taxonomy":"post_tag","embeddable":true,"href":"https:\/\/jumeaux91.fr\/blog\/wp-json\/wp\/v2\/tags?post=1527"}],"curies":[{"name":"wp","href":"https:\/\/api.w.org\/{rel}","templated":true}]}}