{"id":1535,"date":"2025-08-08T01:21:00","date_gmt":"2025-08-07T23:21:00","guid":{"rendered":"https:\/\/jumeaux91.fr\/blog\/vacances-entre-heritiers-a-saint-tropez-cette-jeunesse-doree-devoile-son-quotidien-chic-dans-le-sud-de-la-france\/"},"modified":"2025-08-08T01:21:00","modified_gmt":"2025-08-07T23:21:00","slug":"vacances-entre-heritiers-a-saint-tropez-cette-jeunesse-doree-devoile-son-quotidien-chic-dans-le-sud-de-la-france","status":"publish","type":"post","link":"https:\/\/jumeaux91.fr\/blog\/vacances-entre-heritiers-a-saint-tropez-cette-jeunesse-doree-devoile-son-quotidien-chic-dans-le-sud-de-la-france\/","title":{"rendered":"Vacances entre h\u00e9ritiers \u00e0 Saint-Tropez : cette jeunesse dor\u00e9e d\u00e9voile son quotidien chic dans le sud de la France"},"content":{"rendered":"<p>Alors que la plupart des Fran\u00e7ais s&rsquo;octroient un repos bien<br \/>\nm\u00e9rit\u00e9 apr\u00e8s une ann\u00e9e de labeur, la <strong>jeunesse<br \/>\ndor\u00e9e<\/strong> aussi profite de ses <strong>vacances<\/strong>.<br \/>\nC&rsquo;est ainsi que les filles et les fils de quelques t\u00eates couronn\u00e9es<br \/>\nse sont donn\u00e9s rendez-vous \u00e0 <strong>Saint-Tropez<\/strong>. Et<br \/>\ncomme tous les jeunes de leur \u00e2ge, ils ont partag\u00e9 quelques clich\u00e9s<br \/>\nsur les r\u00e9seaux sociaux.<\/p>\n<p>C&rsquo;est peu dire que la cit\u00e9 varoise est depuis plusieurs<br \/>\nd\u00e9cennies <strong>\u00ab\u00a0the place to be\u00a0\u00bb<\/strong> pendant l&rsquo;\u00e9t\u00e9. En<br \/>\neffet, ils sont nombreux chaque ann\u00e9e \u00e0 se presser dans <a href=\"https:\/\/www.mariefrance.fr\/news-people\/brigitte-bardot-ressemble-celebre-maison-madrague-saint-tropez-1164161.html\" rel target=\"_blank\" rel=\"nofollow\">la petite station baln\u00e9aire si ch\u00e8re \u00e0 Brigitte Bardot<\/a>.<br \/>\nLes badauds sont l\u00e0 pour tenter d&rsquo;apercevoir les stars. Mais les<br \/>\n<strong>personnalit\u00e9s<\/strong> se rencontrent surtout derri\u00e8re les<br \/>\nmurs des villas, dans les <strong>beach clubs<\/strong> ou les<br \/>\ndiscoth\u00e8ques \u00e0 l&rsquo;entr\u00e9e pour le moins s\u00e9lective.<\/p>\n<h2>La jeunesse dor\u00e9e europ\u00e9enne se donne rendez-vous \u00e0<br \/>\nSaint-Tropez<\/h2>\n<p>Comme chaque ann\u00e9e, c&rsquo;est Saint-Tropez qu&rsquo;ont choisi la famille<br \/>\ndu <strong>prince Laurent de Belgique<\/strong> et les<br \/>\n<strong>Bourbon-Siciles<\/strong> pour leurs retrouvailles, comme le<br \/>\nraconte le magazine <a href=\"https:\/\/www.pointdevue.fr\/royal\/belgique\/a-saint-tropez-les-princesses-de-bourbon-siciles-retrouvent-les-enfants-du-prince-laurent-de-belgique\" target=\"_blank\" rel=\"nofollow noopener\"><em>Point de Vue<\/em><\/a><br \/>\ndans un article paru ce mardi 5 ao\u00fbt. Et la <strong>princesse Maria<br \/>\nChiara<\/strong> de Bourbon-des-Deux-Siciles, duchesse de Capri et<br \/>\nde Noto, en a profit\u00e9 pour d\u00e9voiler en story sur Instagram quelques<br \/>\nphotos d&rsquo;une <strong>balade en bateau<\/strong> en compagnie de ses<br \/>\ncousins.<\/p>\n<p>Sur le clich\u00e9, il est possible d&rsquo;apercevoir la fille cadette de<br \/>\nCharles et de Camilla de Bourbon-des-Deux-Siciles ainsi que sa s\u0153ur<br \/>\na\u00een\u00e9e, <strong>Maria Carolina<\/strong>. Les deux jeunes filles<br \/>\nprennent la pose aux c\u00f4t\u00e9s de la <strong>princesse Louise<\/strong>,<br \/>\nainsi que des <strong>princes Nicolas et Aymeric<\/strong> de<br \/>\nBelgique.<\/p>\n<div id=\"attachment_1194309\" class=\"wp-caption alignnone\">\n<span class=\"image-with-copyright\"><span class=\"wrap-img\" id=\"wrap-img-1194309\"><img decoding=\"async\" aria-describedby=\"caption-attachment-1194309\" class=\"wp-image-1194309 img-responsive size-large\" src=\"https:\/\/jumeaux91.fr\/blog\/wp-content\/uploads\/2025\/08\/vacances-entre-heritiers-a-saint-tropez-cette-jeunesse-doree-devoile-son-quotidien-chic-dans-le-sud-de-la-france.jpg\" alt=\"Les princesses Maria Carolina, Maria Chiara \u00e9taient en compagnie de la princesse Louise de Belgique et de ses fr\u00e8res\" width=\"667\" height=\"1200\"><\/span> <span class=\"copyright_text\">\u00a9 Instagram\/@chiaradebourbon<\/span><\/span><\/p>\n<p id=\"caption-attachment-1194309\" class=\"wp-caption-text\">Les<br \/>\nprincesses Maria Carolina et Maria Chiara \u00e9taient en compagnie de<br \/>\nla princesse Louise de Belgique et de ses fr\u00e8res<\/p>\n<\/div>\n<h2>Pour les vacances, ces deux familles royales se sont retrouv\u00e9es<br \/>\n\u00e0 Saint-Tropez<\/h2>\n<p>Ces derniers sont en fait les enfants du prince Laurent de<br \/>\nBelgique, le fr\u00e8re cadet de l&rsquo;actuel roi Philippe et troisi\u00e8me fils<br \/>\ndu roi Albert II. <strong>Louise<\/strong>, n\u00e9e en f\u00e9vrier 2004, est<br \/>\nl&rsquo;a\u00een\u00e9e de la fratrie. Ses fr\u00e8res, les <strong>jumeaux Nicolas et<br \/>\nAymeric,<\/strong> sont n\u00e9s en 2005 et f\u00eateront leurs 20 ans le 13<br \/>\nd\u00e9cembre prochain.<\/p>\n<p>Mais cette journ\u00e9e de retrouvailles ne s&rsquo;est pas arr\u00eat\u00e9e \u00e0 une<br \/>\nsimple <a href=\"https:\/\/www.mariefrance.fr\/news-people\/caroline-de-monaco-superbe-yacht-apercevoir-sud-france-1048807.html\" rel target=\"_blank\" rel=\"nofollow\">excursion sur un yacht<\/a> dans le golfe de Saint-Tropez. En<br \/>\neffet, <em>\u00ab\u00a0cette joyeuse assembl\u00e9e a par la suite assist\u00e9 \u00e0 un<br \/>\n<strong>concert de Mireille Mathieu<\/strong>, esquissant par la<br \/>\nsuite quelques pas de danse.\u00a0\u00bb<\/em>, comme le r\u00e9v\u00e8lent nos<br \/>\nconfr\u00e8res. La veille, les deux familles avaient profit\u00e9 du cadre du<br \/>\ntr\u00e8s s\u00e9lect <strong>Club 55<\/strong> \u00e0 Ramatuelle pour un d\u00e9jeuner<br \/>\n\u00e0 l&rsquo;initiative de Charles&nbsp;et&nbsp;Camilla de<br \/>\nBourbon-Siciles.<\/p>\n<blockquote class=\"instagram-media\" data-instgrm-permalink=\"https:\/\/www.instagram.com\/p\/Cxpk1D7IeZu\/\" data-instgrm-version=\"14\"><\/blockquote>\n<h2 class=\"marfeel_last_h2\">Saint-Tropez m\u00e9rite bien sa<br \/>\nr\u00e9putation<\/h2>\n<p>Les parents des princesses Maria Carolina et Maria Chiara sont<br \/>\ndes habitu\u00e9s de <a href=\"https:\/\/www.mariefrance.fr\/l-escabeau\/on-part-duo-on-met-quoi-valise-274420.html\" rel target=\"_blank\" rel=\"nofollow\">la petite cit\u00e9 varoise<\/a> qu&rsquo;ils appr\u00e9cient tout<br \/>\nparticuli\u00e8rement. Ainsi, il y a deux semaines, ils \u00e9taient pr\u00e9sents<br \/>\ndans l&rsquo;enceinte du prestigieux Golf Club de Saint-Tropez pour le<br \/>\n<strong>Summer Gala<\/strong> de Gala One. Cet \u00e9v\u00e9nement caritatif<br \/>\n\u00e9tait destin\u00e9 \u00e0 r\u00e9colter des fonds au profit de diverses<br \/>\nassociations. Et le moins que l&rsquo;on puisse dire, c&rsquo;est qu&rsquo;ils<br \/>\n\u00e9taient en bonne compagnie puisque parmi les invit\u00e9s, il \u00e9tait<br \/>\npossible d&rsquo;apercevoir des stars comme Adrien Brody, <strong>Jamie<br \/>\nFoxx<\/strong> ou encore la chanteuse Rita Ora.<\/p>\n<p>Cet \u00e9t\u00e9 encore, les stars en vacances se bousculent dans le sud<br \/>\nde la France. Michael Douglas, <strong>Leonardo DiCaprio<\/strong>,<br \/>\nJeff Bezos, Eva Longoria ou encore <strong>Tom Cruise<\/strong> ont<br \/>\ntous \u00e9t\u00e9 aper\u00e7us \u00e0 Saint-Trop&rsquo; au cours des derni\u00e8res semaines.<br \/>\nPreuve que la petite ville m\u00e9rite encore sa<br \/>\n<strong>r\u00e9putation<\/strong> de rendez-vous incontournable de la<br \/>\njet-set mondiale.<\/p>\n<blockquote class=\"twitter-tweet\"><\/blockquote>\n<p> La chronique se veut g\u00e9n\u00e9r\u00e9e de la fa\u00e7on la plus claire que possible. Dans le cas o\u00f9 vous souhaitez pr\u00e9senter des renseignements compl\u00e9mentaires \u00e0 cet article sur le sujet \u00ab\u00a0Fr\u00e8res jumeaux de l&rsquo;Essonnes\u00a0\u00bb il vous est possible d\u2019\u00e9crire aux contacts indiqu\u00e9s sur notre website. La raison d\u2019\u00eatre de jumeaux91.fr \u00e9tant de rassembler sur le web des posts sur le sujet de Fr\u00e8res jumeaux de l&rsquo;Essonnes puis les diffuser en r\u00e9pondant au mieux aux interrogations des gens. Vous pouvez tirer profit de cet article traitant le sujet \u00ab\u00a0Fr\u00e8res jumeaux de l&rsquo;Essonnes\u00a0\u00bb. Il est concoct\u00e9 par l\u2019\u00e9quipe jumeaux91.fr. Prochainement, nous rendrons accessibles au public d&rsquo;autres informations pertinentes sur le sujet \u00ab\u00a0Fr\u00e8res jumeaux de l&rsquo;Essonnes\u00a0\u00bb. Alors, consultez syst\u00e9matiquement notre blog.<\/p>\n","protected":false},"excerpt":{"rendered":"<p>Alors que la plupart des Fran\u00e7ais s&rsquo;octroient un repos bien m\u00e9rit\u00e9 apr\u00e8s une ann\u00e9e de labeur, la jeunesse dor\u00e9e aussi profite de ses vacances. C&rsquo;est ainsi que les filles et les fils de quelques t\u00eates couronn\u00e9es se sont donn\u00e9s rendez-vous \u00e0 Saint-Tropez. Et comme tous les jeunes de leur \u00e2ge, ils ont partag\u00e9 quelques clich\u00e9s&hellip; <a class=\"more-link\" href=\"https:\/\/jumeaux91.fr\/blog\/vacances-entre-heritiers-a-saint-tropez-cette-jeunesse-doree-devoile-son-quotidien-chic-dans-le-sud-de-la-france\/\">Poursuivre la lecture <span class=\"screen-reader-text\">Vacances entre h\u00e9ritiers \u00e0 Saint-Tropez : cette jeunesse dor\u00e9e d\u00e9voile son quotidien chic dans le sud de la France<\/span><\/a><\/p>\n","protected":false},"author":2,"featured_media":1536,"comment_status":"closed","ping_status":"closed","sticky":false,"template":"","format":"standard","meta":{"footnotes":""},"categories":[4],"tags":[],"class_list":["post-1535","post","type-post","status-publish","format-standard","has-post-thumbnail","hentry","category-posts-freres-jumeaux-de-lessonnes","entry"],"yoast_head":"<!-- This site is optimized with the Yoast SEO plugin v27.5 - https:\/\/yoast.com\/product\/yoast-seo-wordpress\/ -->\n<title>Vacances entre h\u00e9ritiers \u00e0 Saint-Tropez : cette jeunesse dor\u00e9e d\u00e9voile son quotidien chic dans le sud de la France - JUMEAUX91<\/title>\n<meta name=\"robots\" content=\"index, follow, max-snippet:-1, max-image-preview:large, max-video-preview:-1\" \/>\n<link rel=\"canonical\" href=\"https:\/\/jumeaux91.fr\/blog\/vacances-entre-heritiers-a-saint-tropez-cette-jeunesse-doree-devoile-son-quotidien-chic-dans-le-sud-de-la-france\/\" \/>\n<meta property=\"og:locale\" content=\"fr_FR\" \/>\n<meta property=\"og:type\" content=\"article\" \/>\n<meta property=\"og:title\" content=\"Vacances entre h\u00e9ritiers \u00e0 Saint-Tropez : cette jeunesse dor\u00e9e d\u00e9voile son quotidien chic dans le sud de la France - JUMEAUX91\" \/>\n<meta property=\"og:description\" content=\"Alors que la plupart des Fran\u00e7ais s&rsquo;octroient un repos bien m\u00e9rit\u00e9 apr\u00e8s une ann\u00e9e de labeur, la jeunesse dor\u00e9e aussi profite de ses vacances. C&rsquo;est ainsi que les filles et les fils de quelques t\u00eates couronn\u00e9es se sont donn\u00e9s rendez-vous \u00e0 Saint-Tropez. Et comme tous les jeunes de leur \u00e2ge, ils ont partag\u00e9 quelques clich\u00e9s&hellip; Poursuivre la lecture Vacances entre h\u00e9ritiers \u00e0 Saint-Tropez : cette jeunesse dor\u00e9e d\u00e9voile son quotidien chic dans le sud de la France\" \/>\n<meta property=\"og:url\" content=\"https:\/\/jumeaux91.fr\/blog\/vacances-entre-heritiers-a-saint-tropez-cette-jeunesse-doree-devoile-son-quotidien-chic-dans-le-sud-de-la-france\/\" \/>\n<meta property=\"og:site_name\" content=\"JUMEAUX91\" \/>\n<meta property=\"article:published_time\" content=\"2025-08-07T23:21:00+00:00\" \/>\n<meta name=\"author\" content=\"Claude DAYRES\" \/>\n<meta name=\"twitter:card\" content=\"summary_large_image\" \/>\n<meta name=\"twitter:label1\" content=\"\u00c9crit par\" \/>\n\t<meta name=\"twitter:data1\" content=\"Claude DAYRES\" \/>\n\t<meta name=\"twitter:label2\" content=\"Dur\u00e9e de lecture estim\u00e9e\" \/>\n\t<meta name=\"twitter:data2\" content=\"4 minutes\" \/>\n<script type=\"application\/ld+json\" class=\"yoast-schema-graph\">{\"@context\":\"https:\\\/\\\/schema.org\",\"@graph\":[{\"@type\":\"Article\",\"@id\":\"https:\\\/\\\/jumeaux91.fr\\\/blog\\\/vacances-entre-heritiers-a-saint-tropez-cette-jeunesse-doree-devoile-son-quotidien-chic-dans-le-sud-de-la-france\\\/#article\",\"isPartOf\":{\"@id\":\"https:\\\/\\\/jumeaux91.fr\\\/blog\\\/vacances-entre-heritiers-a-saint-tropez-cette-jeunesse-doree-devoile-son-quotidien-chic-dans-le-sud-de-la-france\\\/\"},\"author\":{\"name\":\"Claude DAYRES\",\"@id\":\"https:\\\/\\\/jumeaux91.fr\\\/blog\\\/#\\\/schema\\\/person\\\/21da06e9f119b9f64e5d45dbbd32d3fb\"},\"headline\":\"Vacances entre h\u00e9ritiers \u00e0 Saint-Tropez : cette jeunesse dor\u00e9e d\u00e9voile son quotidien chic dans le sud de la France\",\"datePublished\":\"2025-08-07T23:21:00+00:00\",\"mainEntityOfPage\":{\"@id\":\"https:\\\/\\\/jumeaux91.fr\\\/blog\\\/vacances-entre-heritiers-a-saint-tropez-cette-jeunesse-doree-devoile-son-quotidien-chic-dans-le-sud-de-la-france\\\/\"},\"wordCount\":799,\"publisher\":{\"@id\":\"https:\\\/\\\/jumeaux91.fr\\\/blog\\\/#organization\"},\"image\":{\"@id\":\"https:\\\/\\\/jumeaux91.fr\\\/blog\\\/vacances-entre-heritiers-a-saint-tropez-cette-jeunesse-doree-devoile-son-quotidien-chic-dans-le-sud-de-la-france\\\/#primaryimage\"},\"thumbnailUrl\":\"https:\\\/\\\/jumeaux91.fr\\\/blog\\\/wp-content\\\/uploads\\\/2025\\\/08\\\/vacances-entre-heritiers-a-saint-tropez-cette-jeunesse-doree-devoile-son-quotidien-chic-dans-le-sud-de-la-france.jpg\",\"articleSection\":[\"Posts Fr\u00e8res Jumeaux De L'Essonnes:\"],\"inLanguage\":\"fr-FR\"},{\"@type\":\"WebPage\",\"@id\":\"https:\\\/\\\/jumeaux91.fr\\\/blog\\\/vacances-entre-heritiers-a-saint-tropez-cette-jeunesse-doree-devoile-son-quotidien-chic-dans-le-sud-de-la-france\\\/\",\"url\":\"https:\\\/\\\/jumeaux91.fr\\\/blog\\\/vacances-entre-heritiers-a-saint-tropez-cette-jeunesse-doree-devoile-son-quotidien-chic-dans-le-sud-de-la-france\\\/\",\"name\":\"Vacances entre h\u00e9ritiers \u00e0 Saint-Tropez : cette jeunesse dor\u00e9e d\u00e9voile son quotidien chic dans le sud de la France - JUMEAUX91\",\"isPartOf\":{\"@id\":\"https:\\\/\\\/jumeaux91.fr\\\/blog\\\/#website\"},\"primaryImageOfPage\":{\"@id\":\"https:\\\/\\\/jumeaux91.fr\\\/blog\\\/vacances-entre-heritiers-a-saint-tropez-cette-jeunesse-doree-devoile-son-quotidien-chic-dans-le-sud-de-la-france\\\/#primaryimage\"},\"image\":{\"@id\":\"https:\\\/\\\/jumeaux91.fr\\\/blog\\\/vacances-entre-heritiers-a-saint-tropez-cette-jeunesse-doree-devoile-son-quotidien-chic-dans-le-sud-de-la-france\\\/#primaryimage\"},\"thumbnailUrl\":\"https:\\\/\\\/jumeaux91.fr\\\/blog\\\/wp-content\\\/uploads\\\/2025\\\/08\\\/vacances-entre-heritiers-a-saint-tropez-cette-jeunesse-doree-devoile-son-quotidien-chic-dans-le-sud-de-la-france.jpg\",\"datePublished\":\"2025-08-07T23:21:00+00:00\",\"breadcrumb\":{\"@id\":\"https:\\\/\\\/jumeaux91.fr\\\/blog\\\/vacances-entre-heritiers-a-saint-tropez-cette-jeunesse-doree-devoile-son-quotidien-chic-dans-le-sud-de-la-france\\\/#breadcrumb\"},\"inLanguage\":\"fr-FR\",\"potentialAction\":[{\"@type\":\"ReadAction\",\"target\":[\"https:\\\/\\\/jumeaux91.fr\\\/blog\\\/vacances-entre-heritiers-a-saint-tropez-cette-jeunesse-doree-devoile-son-quotidien-chic-dans-le-sud-de-la-france\\\/\"]}]},{\"@type\":\"ImageObject\",\"inLanguage\":\"fr-FR\",\"@id\":\"https:\\\/\\\/jumeaux91.fr\\\/blog\\\/vacances-entre-heritiers-a-saint-tropez-cette-jeunesse-doree-devoile-son-quotidien-chic-dans-le-sud-de-la-france\\\/#primaryimage\",\"url\":\"https:\\\/\\\/jumeaux91.fr\\\/blog\\\/wp-content\\\/uploads\\\/2025\\\/08\\\/vacances-entre-heritiers-a-saint-tropez-cette-jeunesse-doree-devoile-son-quotidien-chic-dans-le-sud-de-la-france.jpg\",\"contentUrl\":\"https:\\\/\\\/jumeaux91.fr\\\/blog\\\/wp-content\\\/uploads\\\/2025\\\/08\\\/vacances-entre-heritiers-a-saint-tropez-cette-jeunesse-doree-devoile-son-quotidien-chic-dans-le-sud-de-la-france.jpg\",\"width\":667,\"height\":1200,\"caption\":\"Vacances entre h\u00e9ritiers \u00e0 Saint Tropez : cette jeunesse dor\u00e9e d\u00e9voile son quotidien chic dans le sud de la France\"},{\"@type\":\"BreadcrumbList\",\"@id\":\"https:\\\/\\\/jumeaux91.fr\\\/blog\\\/vacances-entre-heritiers-a-saint-tropez-cette-jeunesse-doree-devoile-son-quotidien-chic-dans-le-sud-de-la-france\\\/#breadcrumb\",\"itemListElement\":[{\"@type\":\"ListItem\",\"position\":1,\"name\":\"Accueil\",\"item\":\"https:\\\/\\\/jumeaux91.fr\\\/blog\\\/\"},{\"@type\":\"ListItem\",\"position\":2,\"name\":\"Vacances entre h\u00e9ritiers \u00e0 Saint-Tropez : cette jeunesse dor\u00e9e d\u00e9voile son quotidien chic dans le sud de la France\"}]},{\"@type\":\"WebSite\",\"@id\":\"https:\\\/\\\/jumeaux91.fr\\\/blog\\\/#website\",\"url\":\"https:\\\/\\\/jumeaux91.fr\\\/blog\\\/\",\"name\":\"JUMEAUX91\",\"description\":\"Fr\u00e8res jumeaux de l&#039;Essonnes; informations et archives, \u00e0 savoir et retenir.\",\"publisher\":{\"@id\":\"https:\\\/\\\/jumeaux91.fr\\\/blog\\\/#organization\"},\"potentialAction\":[{\"@type\":\"SearchAction\",\"target\":{\"@type\":\"EntryPoint\",\"urlTemplate\":\"https:\\\/\\\/jumeaux91.fr\\\/blog\\\/?s={search_term_string}\"},\"query-input\":{\"@type\":\"PropertyValueSpecification\",\"valueRequired\":true,\"valueName\":\"search_term_string\"}}],\"inLanguage\":\"fr-FR\"},{\"@type\":\"Organization\",\"@id\":\"https:\\\/\\\/jumeaux91.fr\\\/blog\\\/#organization\",\"name\":\"jumeaux91\",\"url\":\"https:\\\/\\\/jumeaux91.fr\\\/blog\\\/\",\"logo\":{\"@type\":\"ImageObject\",\"inLanguage\":\"fr-FR\",\"@id\":\"https:\\\/\\\/jumeaux91.fr\\\/blog\\\/#\\\/schema\\\/logo\\\/image\\\/\",\"url\":\"https:\\\/\\\/jumeaux91.fr\\\/blog\\\/wp-content\\\/uploads\\\/2023\\\/05\\\/cropped-cropped-logoJ_91.png\",\"contentUrl\":\"https:\\\/\\\/jumeaux91.fr\\\/blog\\\/wp-content\\\/uploads\\\/2023\\\/05\\\/cropped-cropped-logoJ_91.png\",\"width\":512,\"height\":512,\"caption\":\"jumeaux91\"},\"image\":{\"@id\":\"https:\\\/\\\/jumeaux91.fr\\\/blog\\\/#\\\/schema\\\/logo\\\/image\\\/\"}},{\"@type\":\"Person\",\"@id\":\"https:\\\/\\\/jumeaux91.fr\\\/blog\\\/#\\\/schema\\\/person\\\/21da06e9f119b9f64e5d45dbbd32d3fb\",\"name\":\"Claude DAYRES\",\"image\":{\"@type\":\"ImageObject\",\"inLanguage\":\"fr-FR\",\"@id\":\"https:\\\/\\\/secure.gravatar.com\\\/avatar\\\/82eb951df6110a2c48d1bfa7a67d1ee6f0cd5df3cbf9c3586dd61e82db7172a5?s=96&d=mm&r=g\",\"url\":\"https:\\\/\\\/secure.gravatar.com\\\/avatar\\\/82eb951df6110a2c48d1bfa7a67d1ee6f0cd5df3cbf9c3586dd61e82db7172a5?s=96&d=mm&r=g\",\"contentUrl\":\"https:\\\/\\\/secure.gravatar.com\\\/avatar\\\/82eb951df6110a2c48d1bfa7a67d1ee6f0cd5df3cbf9c3586dd61e82db7172a5?s=96&d=mm&r=g\",\"caption\":\"Claude DAYRES\"},\"url\":\"https:\\\/\\\/jumeaux91.fr\\\/blog\\\/author\\\/x91claude\\\/\"}]}<\/script>\n<!-- \/ Yoast SEO plugin. -->","yoast_head_json":{"title":"Vacances entre h\u00e9ritiers \u00e0 Saint-Tropez : cette jeunesse dor\u00e9e d\u00e9voile son quotidien chic dans le sud de la France - JUMEAUX91","robots":{"index":"index","follow":"follow","max-snippet":"max-snippet:-1","max-image-preview":"max-image-preview:large","max-video-preview":"max-video-preview:-1"},"canonical":"https:\/\/jumeaux91.fr\/blog\/vacances-entre-heritiers-a-saint-tropez-cette-jeunesse-doree-devoile-son-quotidien-chic-dans-le-sud-de-la-france\/","og_locale":"fr_FR","og_type":"article","og_title":"Vacances entre h\u00e9ritiers \u00e0 Saint-Tropez : cette jeunesse dor\u00e9e d\u00e9voile son quotidien chic dans le sud de la France - JUMEAUX91","og_description":"Alors que la plupart des Fran\u00e7ais s&rsquo;octroient un repos bien m\u00e9rit\u00e9 apr\u00e8s une ann\u00e9e de labeur, la jeunesse dor\u00e9e aussi profite de ses vacances. C&rsquo;est ainsi que les filles et les fils de quelques t\u00eates couronn\u00e9es se sont donn\u00e9s rendez-vous \u00e0 Saint-Tropez. Et comme tous les jeunes de leur \u00e2ge, ils ont partag\u00e9 quelques clich\u00e9s&hellip; Poursuivre la lecture Vacances entre h\u00e9ritiers \u00e0 Saint-Tropez : cette jeunesse dor\u00e9e d\u00e9voile son quotidien chic dans le sud de la France","og_url":"https:\/\/jumeaux91.fr\/blog\/vacances-entre-heritiers-a-saint-tropez-cette-jeunesse-doree-devoile-son-quotidien-chic-dans-le-sud-de-la-france\/","og_site_name":"JUMEAUX91","article_published_time":"2025-08-07T23:21:00+00:00","author":"Claude DAYRES","twitter_card":"summary_large_image","twitter_misc":{"\u00c9crit par":"Claude DAYRES","Dur\u00e9e de lecture estim\u00e9e":"4 minutes"},"schema":{"@context":"https:\/\/schema.org","@graph":[{"@type":"Article","@id":"https:\/\/jumeaux91.fr\/blog\/vacances-entre-heritiers-a-saint-tropez-cette-jeunesse-doree-devoile-son-quotidien-chic-dans-le-sud-de-la-france\/#article","isPartOf":{"@id":"https:\/\/jumeaux91.fr\/blog\/vacances-entre-heritiers-a-saint-tropez-cette-jeunesse-doree-devoile-son-quotidien-chic-dans-le-sud-de-la-france\/"},"author":{"name":"Claude DAYRES","@id":"https:\/\/jumeaux91.fr\/blog\/#\/schema\/person\/21da06e9f119b9f64e5d45dbbd32d3fb"},"headline":"Vacances entre h\u00e9ritiers \u00e0 Saint-Tropez : cette jeunesse dor\u00e9e d\u00e9voile son quotidien chic dans le sud de la France","datePublished":"2025-08-07T23:21:00+00:00","mainEntityOfPage":{"@id":"https:\/\/jumeaux91.fr\/blog\/vacances-entre-heritiers-a-saint-tropez-cette-jeunesse-doree-devoile-son-quotidien-chic-dans-le-sud-de-la-france\/"},"wordCount":799,"publisher":{"@id":"https:\/\/jumeaux91.fr\/blog\/#organization"},"image":{"@id":"https:\/\/jumeaux91.fr\/blog\/vacances-entre-heritiers-a-saint-tropez-cette-jeunesse-doree-devoile-son-quotidien-chic-dans-le-sud-de-la-france\/#primaryimage"},"thumbnailUrl":"https:\/\/jumeaux91.fr\/blog\/wp-content\/uploads\/2025\/08\/vacances-entre-heritiers-a-saint-tropez-cette-jeunesse-doree-devoile-son-quotidien-chic-dans-le-sud-de-la-france.jpg","articleSection":["Posts Fr\u00e8res Jumeaux De L'Essonnes:"],"inLanguage":"fr-FR"},{"@type":"WebPage","@id":"https:\/\/jumeaux91.fr\/blog\/vacances-entre-heritiers-a-saint-tropez-cette-jeunesse-doree-devoile-son-quotidien-chic-dans-le-sud-de-la-france\/","url":"https:\/\/jumeaux91.fr\/blog\/vacances-entre-heritiers-a-saint-tropez-cette-jeunesse-doree-devoile-son-quotidien-chic-dans-le-sud-de-la-france\/","name":"Vacances entre h\u00e9ritiers \u00e0 Saint-Tropez : cette jeunesse dor\u00e9e d\u00e9voile son quotidien chic dans le sud de la France - JUMEAUX91","isPartOf":{"@id":"https:\/\/jumeaux91.fr\/blog\/#website"},"primaryImageOfPage":{"@id":"https:\/\/jumeaux91.fr\/blog\/vacances-entre-heritiers-a-saint-tropez-cette-jeunesse-doree-devoile-son-quotidien-chic-dans-le-sud-de-la-france\/#primaryimage"},"image":{"@id":"https:\/\/jumeaux91.fr\/blog\/vacances-entre-heritiers-a-saint-tropez-cette-jeunesse-doree-devoile-son-quotidien-chic-dans-le-sud-de-la-france\/#primaryimage"},"thumbnailUrl":"https:\/\/jumeaux91.fr\/blog\/wp-content\/uploads\/2025\/08\/vacances-entre-heritiers-a-saint-tropez-cette-jeunesse-doree-devoile-son-quotidien-chic-dans-le-sud-de-la-france.jpg","datePublished":"2025-08-07T23:21:00+00:00","breadcrumb":{"@id":"https:\/\/jumeaux91.fr\/blog\/vacances-entre-heritiers-a-saint-tropez-cette-jeunesse-doree-devoile-son-quotidien-chic-dans-le-sud-de-la-france\/#breadcrumb"},"inLanguage":"fr-FR","potentialAction":[{"@type":"ReadAction","target":["https:\/\/jumeaux91.fr\/blog\/vacances-entre-heritiers-a-saint-tropez-cette-jeunesse-doree-devoile-son-quotidien-chic-dans-le-sud-de-la-france\/"]}]},{"@type":"ImageObject","inLanguage":"fr-FR","@id":"https:\/\/jumeaux91.fr\/blog\/vacances-entre-heritiers-a-saint-tropez-cette-jeunesse-doree-devoile-son-quotidien-chic-dans-le-sud-de-la-france\/#primaryimage","url":"https:\/\/jumeaux91.fr\/blog\/wp-content\/uploads\/2025\/08\/vacances-entre-heritiers-a-saint-tropez-cette-jeunesse-doree-devoile-son-quotidien-chic-dans-le-sud-de-la-france.jpg","contentUrl":"https:\/\/jumeaux91.fr\/blog\/wp-content\/uploads\/2025\/08\/vacances-entre-heritiers-a-saint-tropez-cette-jeunesse-doree-devoile-son-quotidien-chic-dans-le-sud-de-la-france.jpg","width":667,"height":1200,"caption":"Vacances entre h\u00e9ritiers \u00e0 Saint Tropez : cette jeunesse dor\u00e9e d\u00e9voile son quotidien chic dans le sud de la France"},{"@type":"BreadcrumbList","@id":"https:\/\/jumeaux91.fr\/blog\/vacances-entre-heritiers-a-saint-tropez-cette-jeunesse-doree-devoile-son-quotidien-chic-dans-le-sud-de-la-france\/#breadcrumb","itemListElement":[{"@type":"ListItem","position":1,"name":"Accueil","item":"https:\/\/jumeaux91.fr\/blog\/"},{"@type":"ListItem","position":2,"name":"Vacances entre h\u00e9ritiers \u00e0 Saint-Tropez : cette jeunesse dor\u00e9e d\u00e9voile son quotidien chic dans le sud de la France"}]},{"@type":"WebSite","@id":"https:\/\/jumeaux91.fr\/blog\/#website","url":"https:\/\/jumeaux91.fr\/blog\/","name":"JUMEAUX91","description":"Fr\u00e8res jumeaux de l&#039;Essonnes; informations et archives, \u00e0 savoir et retenir.","publisher":{"@id":"https:\/\/jumeaux91.fr\/blog\/#organization"},"potentialAction":[{"@type":"SearchAction","target":{"@type":"EntryPoint","urlTemplate":"https:\/\/jumeaux91.fr\/blog\/?s={search_term_string}"},"query-input":{"@type":"PropertyValueSpecification","valueRequired":true,"valueName":"search_term_string"}}],"inLanguage":"fr-FR"},{"@type":"Organization","@id":"https:\/\/jumeaux91.fr\/blog\/#organization","name":"jumeaux91","url":"https:\/\/jumeaux91.fr\/blog\/","logo":{"@type":"ImageObject","inLanguage":"fr-FR","@id":"https:\/\/jumeaux91.fr\/blog\/#\/schema\/logo\/image\/","url":"https:\/\/jumeaux91.fr\/blog\/wp-content\/uploads\/2023\/05\/cropped-cropped-logoJ_91.png","contentUrl":"https:\/\/jumeaux91.fr\/blog\/wp-content\/uploads\/2023\/05\/cropped-cropped-logoJ_91.png","width":512,"height":512,"caption":"jumeaux91"},"image":{"@id":"https:\/\/jumeaux91.fr\/blog\/#\/schema\/logo\/image\/"}},{"@type":"Person","@id":"https:\/\/jumeaux91.fr\/blog\/#\/schema\/person\/21da06e9f119b9f64e5d45dbbd32d3fb","name":"Claude DAYRES","image":{"@type":"ImageObject","inLanguage":"fr-FR","@id":"https:\/\/secure.gravatar.com\/avatar\/82eb951df6110a2c48d1bfa7a67d1ee6f0cd5df3cbf9c3586dd61e82db7172a5?s=96&d=mm&r=g","url":"https:\/\/secure.gravatar.com\/avatar\/82eb951df6110a2c48d1bfa7a67d1ee6f0cd5df3cbf9c3586dd61e82db7172a5?s=96&d=mm&r=g","contentUrl":"https:\/\/secure.gravatar.com\/avatar\/82eb951df6110a2c48d1bfa7a67d1ee6f0cd5df3cbf9c3586dd61e82db7172a5?s=96&d=mm&r=g","caption":"Claude DAYRES"},"url":"https:\/\/jumeaux91.fr\/blog\/author\/x91claude\/"}]}},"_links":{"self":[{"href":"https:\/\/jumeaux91.fr\/blog\/wp-json\/wp\/v2\/posts\/1535","targetHints":{"allow":["GET"]}}],"collection":[{"href":"https:\/\/jumeaux91.fr\/blog\/wp-json\/wp\/v2\/posts"}],"about":[{"href":"https:\/\/jumeaux91.fr\/blog\/wp-json\/wp\/v2\/types\/post"}],"author":[{"embeddable":true,"href":"https:\/\/jumeaux91.fr\/blog\/wp-json\/wp\/v2\/users\/2"}],"replies":[{"embeddable":true,"href":"https:\/\/jumeaux91.fr\/blog\/wp-json\/wp\/v2\/comments?post=1535"}],"version-history":[{"count":0,"href":"https:\/\/jumeaux91.fr\/blog\/wp-json\/wp\/v2\/posts\/1535\/revisions"}],"wp:featuredmedia":[{"embeddable":true,"href":"https:\/\/jumeaux91.fr\/blog\/wp-json\/wp\/v2\/media\/1536"}],"wp:attachment":[{"href":"https:\/\/jumeaux91.fr\/blog\/wp-json\/wp\/v2\/media?parent=1535"}],"wp:term":[{"taxonomy":"category","embeddable":true,"href":"https:\/\/jumeaux91.fr\/blog\/wp-json\/wp\/v2\/categories?post=1535"},{"taxonomy":"post_tag","embeddable":true,"href":"https:\/\/jumeaux91.fr\/blog\/wp-json\/wp\/v2\/tags?post=1535"}],"curies":[{"name":"wp","href":"https:\/\/api.w.org\/{rel}","templated":true}]}}