{"id":1537,"date":"2025-08-07T11:04:00","date_gmt":"2025-08-07T09:04:00","guid":{"rendered":"https:\/\/jumeaux91.fr\/blog\/national-2-un-pogba-rejoint-poitiers\/"},"modified":"2025-08-07T11:04:00","modified_gmt":"2025-08-07T09:04:00","slug":"national-2-un-pogba-rejoint-poitiers","status":"publish","type":"post","link":"https:\/\/jumeaux91.fr\/blog\/national-2-un-pogba-rejoint-poitiers\/","title":{"rendered":"National 2 : Un Pogba rejoint Poitiers"},"content":{"rendered":"<div><img decoding=\"async\" src=\"https:\/\/jumeaux91.fr\/blog\/wp-content\/uploads\/2025\/08\/national-2-un-pogba-rejoint-poitiers.jpg\" class=\"ff-og-image-inserted\"><\/div>\n<p><!-- Date --><\/p>\n<p class=\"date\"> Marie Mah\u00e9, Media365 : publi\u00e9 le jeudi 07 ao\u00fbt 2025 \u00e0 17h40 <\/p>\n<p><!-- Fin Date --><!-- TEXTE --><\/p>\n<p>Ce mercredi, le Stade Poitevin FC, qui \u00e9volue en National 2, a officialis\u00e9 l&rsquo;arriv\u00e9e de Florentin Pogba, le fr\u00e8re de Paul Pogba.<\/p>\n<p>Apr\u00e8s Paul Pogba, Florentin. Si Paul Pogba, milieu de terrain international fran\u00e7ais de 32 ans, a rejoint, le 28 juin dernier, le club de l&rsquo;AS Monaco, <a href=\"https:\/\/sports.orange.fr\/football\/autres\/article\/mathias-pogba-de-la-prison-au-foot-amateur-exclu-CNT000002i2oGQ.html\" target=\"_blank\" rel=\"nofollow\">l&rsquo;un de ses fr\u00e8res jumeaux<\/a> poursuit, lui aussi, sa carri\u00e8re de footballeur. Le d\u00e9fenseur central international guin\u00e9en Florentin Pogba, aujourd&rsquo;hui \u00e2g\u00e9 de 34 ans, s&rsquo;est engag\u00e9, ce mercredi, avec le Stade poitevin, pensionnaire du championnat de National 2. Il s&rsquo;agit du huiti\u00e8me club dans lequel va \u00e9voluer <a href=\"https:\/\/sports.orange.fr\/football\/autres\/article\/affaire-pogba-l-autre-frere-florentin-egalement-implique-exclu-CNT000001Tn6yA.html\" target=\"_blank\" rel=\"nofollow\">le natif de Conakry en Guin\u00e9e<\/a>. Form\u00e9 du c\u00f4t\u00e9 du CS Sedan Ardennes, le d\u00e9fenseur central avait ensuite port\u00e9 les couleurs de ce club, entre les ann\u00e9es 2010 et 2012, avant d&rsquo;y \u00eatre \u00e0 nouveau pr\u00eat\u00e9, lors de la saison 2012-2013.<\/p>\n<h2>Pogba restait sur une exp\u00e9rience en Belgique<\/h2>\n<p>Juste avant, l&rsquo;international guin\u00e9en (31 s\u00e9lections) avait rejoint son nouveau club, \u00e0 savoir l&rsquo;AS Saint-Etienne, pour qui Florentin Pogba a \u00e9volu\u00e9 jusqu&rsquo;en 2018. Apr\u00e8s cette longue exp\u00e9rience, l&rsquo;arri\u00e8re avait rejoint la Turquie, pour porter les couleurs de Gen\u00e7lerbirli\u011fi SK. Suite \u00e0 cette courte pige, le d\u00e9fenseur central s&rsquo;\u00e9tait ensuite envol\u00e9 aux Etats-Unis, pour signer en faveur de la franchise d&rsquo;Atlanta United. Cette exp\u00e9rience avait, l\u00e0 aussi, \u00e9t\u00e9 de courte dur\u00e9e. Dans la foul\u00e9e, Florentin Pogba \u00e9tait rentr\u00e9 en France, pour signer au FC Sochaux-Montb\u00e9liard, o\u00f9 il est rest\u00e9 entre les ann\u00e9es 2020 et 2022. Lors de la saison 2022-2023, le joueur de 34 ans avait tent\u00e9 sa chance en Inde, au club de l&rsquo;ATK Mohun Bagan. Le fr\u00e8re de Paul Pogba \u00e9tait ensuite rentr\u00e9 en Europe, pour prendre la direction de la Belgique et signer en faveur du RE Virton. Apr\u00e8s une saison pass\u00e9e dans ce club, Florentin Pogba est donc officiellement de retour en France. C&rsquo;est au sein de la quatri\u00e8me division fran\u00e7aise que le d\u00e9fenseur central a ainsi d\u00e9cid\u00e9 de poursuivre sa carri\u00e8re de footballeur. Le club du Stade Poitevin l&rsquo;a avou\u00e9, lors de l&rsquo;annonce de sa venue, il compte bien profiter de son exp\u00e9rience.<\/p>\n<p>La chronique se veut g\u00e9n\u00e9r\u00e9e de la fa\u00e7on la plus claire que possible. Dans le cas o\u00f9 vous souhaitez pr\u00e9senter des renseignements compl\u00e9mentaires \u00e0 cet article sur le sujet \u00ab\u00a0Fr\u00e8res jumeaux de l&rsquo;Essonnes\u00a0\u00bb il vous est possible d\u2019\u00e9crire aux contacts indiqu\u00e9s sur notre website. La raison d\u2019\u00eatre de jumeaux91.fr \u00e9tant de rassembler sur le web des posts sur le sujet de Fr\u00e8res jumeaux de l&rsquo;Essonnes puis les diffuser en r\u00e9pondant au mieux aux interrogations des gens. Vous pouvez tirer profit de cet article traitant le sujet \u00ab\u00a0Fr\u00e8res jumeaux de l&rsquo;Essonnes\u00a0\u00bb. Il est concoct\u00e9 par l\u2019\u00e9quipe jumeaux91.fr. Prochainement, nous rendrons accessibles au public d&rsquo;autres informations pertinentes sur le sujet \u00ab\u00a0Fr\u00e8res jumeaux de l&rsquo;Essonnes\u00a0\u00bb. Alors, consultez syst\u00e9matiquement notre blog.<\/p>\n","protected":false},"excerpt":{"rendered":"<p>Marie Mah\u00e9, Media365 : publi\u00e9 le jeudi 07 ao\u00fbt 2025 \u00e0 17h40 Ce mercredi, le Stade Poitevin FC, qui \u00e9volue en National 2, a officialis\u00e9 l&rsquo;arriv\u00e9e de Florentin Pogba, le fr\u00e8re de Paul Pogba. Apr\u00e8s Paul Pogba, Florentin. Si Paul Pogba, milieu de terrain international fran\u00e7ais de 32 ans, a rejoint, le 28 juin dernier,&hellip; <a class=\"more-link\" href=\"https:\/\/jumeaux91.fr\/blog\/national-2-un-pogba-rejoint-poitiers\/\">Poursuivre la lecture <span class=\"screen-reader-text\">National 2 : Un Pogba rejoint Poitiers<\/span><\/a><\/p>\n","protected":false},"author":2,"featured_media":1538,"comment_status":"closed","ping_status":"closed","sticky":false,"template":"","format":"standard","meta":{"footnotes":""},"categories":[4],"tags":[],"class_list":["post-1537","post","type-post","status-publish","format-standard","has-post-thumbnail","hentry","category-posts-freres-jumeaux-de-lessonnes","entry"],"yoast_head":"<!-- This site is optimized with the Yoast SEO plugin v27.5 - https:\/\/yoast.com\/product\/yoast-seo-wordpress\/ -->\n<title>National 2 : Un Pogba rejoint Poitiers - JUMEAUX91<\/title>\n<meta name=\"robots\" content=\"index, follow, max-snippet:-1, max-image-preview:large, max-video-preview:-1\" \/>\n<link rel=\"canonical\" href=\"https:\/\/jumeaux91.fr\/blog\/national-2-un-pogba-rejoint-poitiers\/\" \/>\n<meta property=\"og:locale\" content=\"fr_FR\" \/>\n<meta property=\"og:type\" content=\"article\" \/>\n<meta property=\"og:title\" content=\"National 2 : Un Pogba rejoint Poitiers - JUMEAUX91\" \/>\n<meta property=\"og:description\" content=\"Marie Mah\u00e9, Media365 : publi\u00e9 le jeudi 07 ao\u00fbt 2025 \u00e0 17h40 Ce mercredi, le Stade Poitevin FC, qui \u00e9volue en National 2, a officialis\u00e9 l&rsquo;arriv\u00e9e de Florentin Pogba, le fr\u00e8re de Paul Pogba. Apr\u00e8s Paul Pogba, Florentin. Si Paul Pogba, milieu de terrain international fran\u00e7ais de 32 ans, a rejoint, le 28 juin dernier,&hellip; Poursuivre la lecture National 2 : Un Pogba rejoint Poitiers\" \/>\n<meta property=\"og:url\" content=\"https:\/\/jumeaux91.fr\/blog\/national-2-un-pogba-rejoint-poitiers\/\" \/>\n<meta property=\"og:site_name\" content=\"JUMEAUX91\" \/>\n<meta property=\"article:published_time\" content=\"2025-08-07T09:04:00+00:00\" \/>\n<meta property=\"og:image\" content=\"https:\/\/jumeaux91.fr\/blog\/wp-content\/uploads\/2025\/08\/national-2-un-pogba-rejoint-poitiers.jpg\" \/>\n<meta name=\"author\" content=\"Claude DAYRES\" \/>\n<meta name=\"twitter:card\" content=\"summary_large_image\" \/>\n<meta name=\"twitter:label1\" content=\"\u00c9crit par\" \/>\n\t<meta name=\"twitter:data1\" content=\"Claude DAYRES\" \/>\n\t<meta name=\"twitter:label2\" content=\"Dur\u00e9e de lecture estim\u00e9e\" \/>\n\t<meta name=\"twitter:data2\" content=\"3 minutes\" \/>\n<script type=\"application\/ld+json\" class=\"yoast-schema-graph\">{\"@context\":\"https:\\\/\\\/schema.org\",\"@graph\":[{\"@type\":\"Article\",\"@id\":\"https:\\\/\\\/jumeaux91.fr\\\/blog\\\/national-2-un-pogba-rejoint-poitiers\\\/#article\",\"isPartOf\":{\"@id\":\"https:\\\/\\\/jumeaux91.fr\\\/blog\\\/national-2-un-pogba-rejoint-poitiers\\\/\"},\"author\":{\"name\":\"Claude DAYRES\",\"@id\":\"https:\\\/\\\/jumeaux91.fr\\\/blog\\\/#\\\/schema\\\/person\\\/21da06e9f119b9f64e5d45dbbd32d3fb\"},\"headline\":\"National 2 : Un Pogba rejoint Poitiers\",\"datePublished\":\"2025-08-07T09:04:00+00:00\",\"mainEntityOfPage\":{\"@id\":\"https:\\\/\\\/jumeaux91.fr\\\/blog\\\/national-2-un-pogba-rejoint-poitiers\\\/\"},\"wordCount\":532,\"publisher\":{\"@id\":\"https:\\\/\\\/jumeaux91.fr\\\/blog\\\/#organization\"},\"image\":{\"@id\":\"https:\\\/\\\/jumeaux91.fr\\\/blog\\\/national-2-un-pogba-rejoint-poitiers\\\/#primaryimage\"},\"thumbnailUrl\":\"https:\\\/\\\/jumeaux91.fr\\\/blog\\\/wp-content\\\/uploads\\\/2025\\\/08\\\/national-2-un-pogba-rejoint-poitiers.jpg\",\"articleSection\":[\"Posts Fr\u00e8res Jumeaux De L'Essonnes:\"],\"inLanguage\":\"fr-FR\"},{\"@type\":\"WebPage\",\"@id\":\"https:\\\/\\\/jumeaux91.fr\\\/blog\\\/national-2-un-pogba-rejoint-poitiers\\\/\",\"url\":\"https:\\\/\\\/jumeaux91.fr\\\/blog\\\/national-2-un-pogba-rejoint-poitiers\\\/\",\"name\":\"National 2 : Un Pogba rejoint Poitiers - JUMEAUX91\",\"isPartOf\":{\"@id\":\"https:\\\/\\\/jumeaux91.fr\\\/blog\\\/#website\"},\"primaryImageOfPage\":{\"@id\":\"https:\\\/\\\/jumeaux91.fr\\\/blog\\\/national-2-un-pogba-rejoint-poitiers\\\/#primaryimage\"},\"image\":{\"@id\":\"https:\\\/\\\/jumeaux91.fr\\\/blog\\\/national-2-un-pogba-rejoint-poitiers\\\/#primaryimage\"},\"thumbnailUrl\":\"https:\\\/\\\/jumeaux91.fr\\\/blog\\\/wp-content\\\/uploads\\\/2025\\\/08\\\/national-2-un-pogba-rejoint-poitiers.jpg\",\"datePublished\":\"2025-08-07T09:04:00+00:00\",\"breadcrumb\":{\"@id\":\"https:\\\/\\\/jumeaux91.fr\\\/blog\\\/national-2-un-pogba-rejoint-poitiers\\\/#breadcrumb\"},\"inLanguage\":\"fr-FR\",\"potentialAction\":[{\"@type\":\"ReadAction\",\"target\":[\"https:\\\/\\\/jumeaux91.fr\\\/blog\\\/national-2-un-pogba-rejoint-poitiers\\\/\"]}]},{\"@type\":\"ImageObject\",\"inLanguage\":\"fr-FR\",\"@id\":\"https:\\\/\\\/jumeaux91.fr\\\/blog\\\/national-2-un-pogba-rejoint-poitiers\\\/#primaryimage\",\"url\":\"https:\\\/\\\/jumeaux91.fr\\\/blog\\\/wp-content\\\/uploads\\\/2025\\\/08\\\/national-2-un-pogba-rejoint-poitiers.jpg\",\"contentUrl\":\"https:\\\/\\\/jumeaux91.fr\\\/blog\\\/wp-content\\\/uploads\\\/2025\\\/08\\\/national-2-un-pogba-rejoint-poitiers.jpg\",\"width\":470,\"height\":246,\"caption\":\"National 2 : Un Pogba rejoint Poitiers\"},{\"@type\":\"BreadcrumbList\",\"@id\":\"https:\\\/\\\/jumeaux91.fr\\\/blog\\\/national-2-un-pogba-rejoint-poitiers\\\/#breadcrumb\",\"itemListElement\":[{\"@type\":\"ListItem\",\"position\":1,\"name\":\"Accueil\",\"item\":\"https:\\\/\\\/jumeaux91.fr\\\/blog\\\/\"},{\"@type\":\"ListItem\",\"position\":2,\"name\":\"National 2 : Un Pogba rejoint Poitiers\"}]},{\"@type\":\"WebSite\",\"@id\":\"https:\\\/\\\/jumeaux91.fr\\\/blog\\\/#website\",\"url\":\"https:\\\/\\\/jumeaux91.fr\\\/blog\\\/\",\"name\":\"JUMEAUX91\",\"description\":\"Fr\u00e8res jumeaux de l&#039;Essonnes; informations et archives, \u00e0 savoir et retenir.\",\"publisher\":{\"@id\":\"https:\\\/\\\/jumeaux91.fr\\\/blog\\\/#organization\"},\"potentialAction\":[{\"@type\":\"SearchAction\",\"target\":{\"@type\":\"EntryPoint\",\"urlTemplate\":\"https:\\\/\\\/jumeaux91.fr\\\/blog\\\/?s={search_term_string}\"},\"query-input\":{\"@type\":\"PropertyValueSpecification\",\"valueRequired\":true,\"valueName\":\"search_term_string\"}}],\"inLanguage\":\"fr-FR\"},{\"@type\":\"Organization\",\"@id\":\"https:\\\/\\\/jumeaux91.fr\\\/blog\\\/#organization\",\"name\":\"jumeaux91\",\"url\":\"https:\\\/\\\/jumeaux91.fr\\\/blog\\\/\",\"logo\":{\"@type\":\"ImageObject\",\"inLanguage\":\"fr-FR\",\"@id\":\"https:\\\/\\\/jumeaux91.fr\\\/blog\\\/#\\\/schema\\\/logo\\\/image\\\/\",\"url\":\"https:\\\/\\\/jumeaux91.fr\\\/blog\\\/wp-content\\\/uploads\\\/2023\\\/05\\\/cropped-cropped-logoJ_91.png\",\"contentUrl\":\"https:\\\/\\\/jumeaux91.fr\\\/blog\\\/wp-content\\\/uploads\\\/2023\\\/05\\\/cropped-cropped-logoJ_91.png\",\"width\":512,\"height\":512,\"caption\":\"jumeaux91\"},\"image\":{\"@id\":\"https:\\\/\\\/jumeaux91.fr\\\/blog\\\/#\\\/schema\\\/logo\\\/image\\\/\"}},{\"@type\":\"Person\",\"@id\":\"https:\\\/\\\/jumeaux91.fr\\\/blog\\\/#\\\/schema\\\/person\\\/21da06e9f119b9f64e5d45dbbd32d3fb\",\"name\":\"Claude DAYRES\",\"image\":{\"@type\":\"ImageObject\",\"inLanguage\":\"fr-FR\",\"@id\":\"https:\\\/\\\/secure.gravatar.com\\\/avatar\\\/82eb951df6110a2c48d1bfa7a67d1ee6f0cd5df3cbf9c3586dd61e82db7172a5?s=96&d=mm&r=g\",\"url\":\"https:\\\/\\\/secure.gravatar.com\\\/avatar\\\/82eb951df6110a2c48d1bfa7a67d1ee6f0cd5df3cbf9c3586dd61e82db7172a5?s=96&d=mm&r=g\",\"contentUrl\":\"https:\\\/\\\/secure.gravatar.com\\\/avatar\\\/82eb951df6110a2c48d1bfa7a67d1ee6f0cd5df3cbf9c3586dd61e82db7172a5?s=96&d=mm&r=g\",\"caption\":\"Claude DAYRES\"},\"url\":\"https:\\\/\\\/jumeaux91.fr\\\/blog\\\/author\\\/x91claude\\\/\"}]}<\/script>\n<!-- \/ Yoast SEO plugin. -->","yoast_head_json":{"title":"National 2 : Un Pogba rejoint Poitiers - JUMEAUX91","robots":{"index":"index","follow":"follow","max-snippet":"max-snippet:-1","max-image-preview":"max-image-preview:large","max-video-preview":"max-video-preview:-1"},"canonical":"https:\/\/jumeaux91.fr\/blog\/national-2-un-pogba-rejoint-poitiers\/","og_locale":"fr_FR","og_type":"article","og_title":"National 2 : Un Pogba rejoint Poitiers - JUMEAUX91","og_description":"Marie Mah\u00e9, Media365 : publi\u00e9 le jeudi 07 ao\u00fbt 2025 \u00e0 17h40 Ce mercredi, le Stade Poitevin FC, qui \u00e9volue en National 2, a officialis\u00e9 l&rsquo;arriv\u00e9e de Florentin Pogba, le fr\u00e8re de Paul Pogba. Apr\u00e8s Paul Pogba, Florentin. Si Paul Pogba, milieu de terrain international fran\u00e7ais de 32 ans, a rejoint, le 28 juin dernier,&hellip; Poursuivre la lecture National 2 : Un Pogba rejoint Poitiers","og_url":"https:\/\/jumeaux91.fr\/blog\/national-2-un-pogba-rejoint-poitiers\/","og_site_name":"JUMEAUX91","article_published_time":"2025-08-07T09:04:00+00:00","og_image":[{"url":"https:\/\/jumeaux91.fr\/blog\/wp-content\/uploads\/2025\/08\/national-2-un-pogba-rejoint-poitiers.jpg","type":"","width":"","height":""}],"author":"Claude DAYRES","twitter_card":"summary_large_image","twitter_misc":{"\u00c9crit par":"Claude DAYRES","Dur\u00e9e de lecture estim\u00e9e":"3 minutes"},"schema":{"@context":"https:\/\/schema.org","@graph":[{"@type":"Article","@id":"https:\/\/jumeaux91.fr\/blog\/national-2-un-pogba-rejoint-poitiers\/#article","isPartOf":{"@id":"https:\/\/jumeaux91.fr\/blog\/national-2-un-pogba-rejoint-poitiers\/"},"author":{"name":"Claude DAYRES","@id":"https:\/\/jumeaux91.fr\/blog\/#\/schema\/person\/21da06e9f119b9f64e5d45dbbd32d3fb"},"headline":"National 2 : Un Pogba rejoint Poitiers","datePublished":"2025-08-07T09:04:00+00:00","mainEntityOfPage":{"@id":"https:\/\/jumeaux91.fr\/blog\/national-2-un-pogba-rejoint-poitiers\/"},"wordCount":532,"publisher":{"@id":"https:\/\/jumeaux91.fr\/blog\/#organization"},"image":{"@id":"https:\/\/jumeaux91.fr\/blog\/national-2-un-pogba-rejoint-poitiers\/#primaryimage"},"thumbnailUrl":"https:\/\/jumeaux91.fr\/blog\/wp-content\/uploads\/2025\/08\/national-2-un-pogba-rejoint-poitiers.jpg","articleSection":["Posts Fr\u00e8res Jumeaux De L'Essonnes:"],"inLanguage":"fr-FR"},{"@type":"WebPage","@id":"https:\/\/jumeaux91.fr\/blog\/national-2-un-pogba-rejoint-poitiers\/","url":"https:\/\/jumeaux91.fr\/blog\/national-2-un-pogba-rejoint-poitiers\/","name":"National 2 : Un Pogba rejoint Poitiers - JUMEAUX91","isPartOf":{"@id":"https:\/\/jumeaux91.fr\/blog\/#website"},"primaryImageOfPage":{"@id":"https:\/\/jumeaux91.fr\/blog\/national-2-un-pogba-rejoint-poitiers\/#primaryimage"},"image":{"@id":"https:\/\/jumeaux91.fr\/blog\/national-2-un-pogba-rejoint-poitiers\/#primaryimage"},"thumbnailUrl":"https:\/\/jumeaux91.fr\/blog\/wp-content\/uploads\/2025\/08\/national-2-un-pogba-rejoint-poitiers.jpg","datePublished":"2025-08-07T09:04:00+00:00","breadcrumb":{"@id":"https:\/\/jumeaux91.fr\/blog\/national-2-un-pogba-rejoint-poitiers\/#breadcrumb"},"inLanguage":"fr-FR","potentialAction":[{"@type":"ReadAction","target":["https:\/\/jumeaux91.fr\/blog\/national-2-un-pogba-rejoint-poitiers\/"]}]},{"@type":"ImageObject","inLanguage":"fr-FR","@id":"https:\/\/jumeaux91.fr\/blog\/national-2-un-pogba-rejoint-poitiers\/#primaryimage","url":"https:\/\/jumeaux91.fr\/blog\/wp-content\/uploads\/2025\/08\/national-2-un-pogba-rejoint-poitiers.jpg","contentUrl":"https:\/\/jumeaux91.fr\/blog\/wp-content\/uploads\/2025\/08\/national-2-un-pogba-rejoint-poitiers.jpg","width":470,"height":246,"caption":"National 2 : Un Pogba rejoint Poitiers"},{"@type":"BreadcrumbList","@id":"https:\/\/jumeaux91.fr\/blog\/national-2-un-pogba-rejoint-poitiers\/#breadcrumb","itemListElement":[{"@type":"ListItem","position":1,"name":"Accueil","item":"https:\/\/jumeaux91.fr\/blog\/"},{"@type":"ListItem","position":2,"name":"National 2 : Un Pogba rejoint Poitiers"}]},{"@type":"WebSite","@id":"https:\/\/jumeaux91.fr\/blog\/#website","url":"https:\/\/jumeaux91.fr\/blog\/","name":"JUMEAUX91","description":"Fr\u00e8res jumeaux de l&#039;Essonnes; informations et archives, \u00e0 savoir et retenir.","publisher":{"@id":"https:\/\/jumeaux91.fr\/blog\/#organization"},"potentialAction":[{"@type":"SearchAction","target":{"@type":"EntryPoint","urlTemplate":"https:\/\/jumeaux91.fr\/blog\/?s={search_term_string}"},"query-input":{"@type":"PropertyValueSpecification","valueRequired":true,"valueName":"search_term_string"}}],"inLanguage":"fr-FR"},{"@type":"Organization","@id":"https:\/\/jumeaux91.fr\/blog\/#organization","name":"jumeaux91","url":"https:\/\/jumeaux91.fr\/blog\/","logo":{"@type":"ImageObject","inLanguage":"fr-FR","@id":"https:\/\/jumeaux91.fr\/blog\/#\/schema\/logo\/image\/","url":"https:\/\/jumeaux91.fr\/blog\/wp-content\/uploads\/2023\/05\/cropped-cropped-logoJ_91.png","contentUrl":"https:\/\/jumeaux91.fr\/blog\/wp-content\/uploads\/2023\/05\/cropped-cropped-logoJ_91.png","width":512,"height":512,"caption":"jumeaux91"},"image":{"@id":"https:\/\/jumeaux91.fr\/blog\/#\/schema\/logo\/image\/"}},{"@type":"Person","@id":"https:\/\/jumeaux91.fr\/blog\/#\/schema\/person\/21da06e9f119b9f64e5d45dbbd32d3fb","name":"Claude DAYRES","image":{"@type":"ImageObject","inLanguage":"fr-FR","@id":"https:\/\/secure.gravatar.com\/avatar\/82eb951df6110a2c48d1bfa7a67d1ee6f0cd5df3cbf9c3586dd61e82db7172a5?s=96&d=mm&r=g","url":"https:\/\/secure.gravatar.com\/avatar\/82eb951df6110a2c48d1bfa7a67d1ee6f0cd5df3cbf9c3586dd61e82db7172a5?s=96&d=mm&r=g","contentUrl":"https:\/\/secure.gravatar.com\/avatar\/82eb951df6110a2c48d1bfa7a67d1ee6f0cd5df3cbf9c3586dd61e82db7172a5?s=96&d=mm&r=g","caption":"Claude DAYRES"},"url":"https:\/\/jumeaux91.fr\/blog\/author\/x91claude\/"}]}},"_links":{"self":[{"href":"https:\/\/jumeaux91.fr\/blog\/wp-json\/wp\/v2\/posts\/1537","targetHints":{"allow":["GET"]}}],"collection":[{"href":"https:\/\/jumeaux91.fr\/blog\/wp-json\/wp\/v2\/posts"}],"about":[{"href":"https:\/\/jumeaux91.fr\/blog\/wp-json\/wp\/v2\/types\/post"}],"author":[{"embeddable":true,"href":"https:\/\/jumeaux91.fr\/blog\/wp-json\/wp\/v2\/users\/2"}],"replies":[{"embeddable":true,"href":"https:\/\/jumeaux91.fr\/blog\/wp-json\/wp\/v2\/comments?post=1537"}],"version-history":[{"count":0,"href":"https:\/\/jumeaux91.fr\/blog\/wp-json\/wp\/v2\/posts\/1537\/revisions"}],"wp:featuredmedia":[{"embeddable":true,"href":"https:\/\/jumeaux91.fr\/blog\/wp-json\/wp\/v2\/media\/1538"}],"wp:attachment":[{"href":"https:\/\/jumeaux91.fr\/blog\/wp-json\/wp\/v2\/media?parent=1537"}],"wp:term":[{"taxonomy":"category","embeddable":true,"href":"https:\/\/jumeaux91.fr\/blog\/wp-json\/wp\/v2\/categories?post=1537"},{"taxonomy":"post_tag","embeddable":true,"href":"https:\/\/jumeaux91.fr\/blog\/wp-json\/wp\/v2\/tags?post=1537"}],"curies":[{"name":"wp","href":"https:\/\/api.w.org\/{rel}","templated":true}]}}