{"id":1540,"date":"2024-06-20T19:00:00","date_gmt":"2024-06-20T17:00:00","guid":{"rendered":"https:\/\/jumeaux91.fr\/blog\/legislatives-2024-jumeaux-mais-rivaux-lun-est-candidat-du-rn-et\/"},"modified":"2024-06-20T19:00:00","modified_gmt":"2024-06-20T17:00:00","slug":"legislatives-2024-jumeaux-mais-rivaux-lun-est-candidat-du-rn-et","status":"publish","type":"post","link":"https:\/\/jumeaux91.fr\/blog\/legislatives-2024-jumeaux-mais-rivaux-lun-est-candidat-du-rn-et\/","title":{"rendered":"L\u00e9gislatives 2024 : Jumeaux mais rivaux, l\u2019un est candidat du RN et &#8230;"},"content":{"rendered":"<div><img decoding=\"async\" src=\"https:\/\/jumeaux91.fr\/blog\/wp-content\/uploads\/2025\/08\/legislatives-2024-jumeaux-mais-rivaux-lun-est-candidat-du-rn-et.jpg\" class=\"ff-og-image-inserted\"><\/div>\n<p>C\u2019est en <a href=\"https:\/\/www.20minutes.fr\/societe\/loire-atlantique\/\" class=\"color-ultramarine c-link\" target=\"_blank\" rel=\"nofollow\">Loire-Atlantique<\/a>, entre la Baule et Ch\u00e2teaubriant, que l\u2019expression \u00ab&nbsp;politiciens de p\u00e8re en fils&nbsp;\u00bb prend tout son sens. Parce que dans la famille Hunault, on est aux affaires depuis bien longtemps et toujours \u00e0 droite. Sauf que les <a href=\"https:\/\/www.20minutes.fr\/elections\/legislatives\/\" class=\"color-ultramarine c-link\" target=\"_blank\" rel=\"nofollow\">\u00e9lections l\u00e9gislatives<\/a> anticip\u00e9es pourraient bien sceller d\u00e9finitivement la rivalit\u00e9 existant entre Alain et Michel, fr\u00e8res jumeaux. Parce que quand le premier part \u00e0 la conqu\u00eate de la 6e circonscription en portant les valeurs r\u00e9publicaines de feu son p\u00e8re, l\u2019autre s\u2019en va briguer la 7e avec le soutien <a href=\"https:\/\/www.20minutes.fr\/politique\/rassemblement-national\/\" class=\"color-ultramarine c-link\" target=\"_blank\" rel=\"nofollow\">du RN<\/a>.<\/p>\n<p>Alain Hunault, 64 ans, est maire de Ch\u00e2teaubriant depuis&nbsp;2001, date \u00e0 laquelle il a r\u00e9cup\u00e9r\u00e9 au PS le si\u00e8ge que son p\u00e8re, Xavier, avait occup\u00e9 de&nbsp;1959 \u00e0&nbsp;1989. Et \u00e0 l\u2019occasion des \u00e9lections <a href=\"https:\/\/www.20minutes.fr\/elections\/legislatives\/\" class=\"color-ultramarine c-link\" target=\"_blank\" rel=\"nofollow\">l\u00e9gislatives <\/a>anticip\u00e9es, Alain compte bien se faire \u00e9lire d\u00e9put\u00e9 de la 6e circonscription, aux mains de son p\u00e8re (1988-1993) puis de son fr\u00e8re (1993-2012).<\/p>\n<h2>De l\u2019UMP au Nouveau Centre en passant par l\u2019UDF<\/h2>\n<p>Michel Hunault s\u2019est, lui aussi, lanc\u00e9 dans ces l\u00e9gislatives, mais pas dans la circonscription dont il avait donc longtemps occup\u00e9 le si\u00e8ge \u00e0 l\u2019Assembl\u00e9e. Lui, il vise la 7e, voisine de celle de son jumeau. Traditionnellement \u00e0 droite, comme son p\u00e8re, Michel a n\u00e9anmoins chang\u00e9 plusieurs fois de parti, naviguant de l\u2019<a href=\"https:\/\/www.20minutes.fr\/politique\/ump\/\" class=\"color-ultramarine c-link\" target=\"_blank\" rel=\"nofollow\">UMP<\/a> au Nouveau Centre en passant par l\u2019UDF. Sauf qu\u2019aujourd\u2019hui, c\u2019est par \u00ab&nbsp;Les amis d\u2019<a href=\"https:\/\/www.20minutes.fr\/dossier\/eric_ciotti\" class=\"color-ultramarine c-link\" target=\"_blank\" rel=\"nofollow\">Eric Ciotti<\/a>&nbsp;\u00bb et avec le soutien du RN qu\u2019il part \u00e0 la chasse \u00e0 la d\u00e9putation.<\/p>\n<figure class=\"c-media\" role=\"group\"><\/figure>\n<p>Une compromission qui n\u2019est pas du go\u00fbt d\u2019Alain Hunault. Lui avait d\u2019ailleurs \u00e9t\u00e9 investi par LR pour cette campagne mais, selon <span class=\"text-italic\"><a href=\"https:\/\/www.ouest-france.fr\/elections\/legislatives\/lun-est-soutenu-par-le-rn-lautre-par-lr-ces-jumeaux-sopposent-lors-des-elections-legislatives-0f8075c4-2e17-11ef-b70d-a349109d0370\" rel=\"nofollow\" target=\"_blank\" class=\"color-ultramarine c-link\">Ouest France<\/a><\/span>, il a pr\u00e9f\u00e9r\u00e9 l\u00e2cher l\u2019affaire, quitter son parti et y aller sous l\u2019\u00e9tiquette divers droite. Un divorce prononc\u00e9 avec LR et confirm\u00e9 avec son fr\u00e8re. Les chemins des jumeaux se sont en effet s\u00e9par\u00e9s d\u00e8s&nbsp;2017, lorsque Michel avait tent\u00e9 un rapprochement avec le RN pour gratter une circonscription dans les <a href=\"https:\/\/www.20minutes.fr\/dossier\/bouches-rhone\" class=\"color-ultramarine c-link\" target=\"_blank\" rel=\"nofollow\">Bouches-du-Rh\u00f4ne<\/a>, selon <span class=\"text-italic\">Ouest France<\/span>. \u00c7a n\u2019avait pas march\u00e9 puisqu\u2019il n\u2019avait m\u00eame pas \u00e9t\u00e9 investi par le parti de <a href=\"https:\/\/www.20minutes.fr\/politique\/marine-le-pen\/\" class=\"color-ultramarine c-link\" target=\"_blank\" rel=\"nofollow\">Marine le Pen<\/a>.<\/p>\n<p>La chronique se veut g\u00e9n\u00e9r\u00e9e de la fa\u00e7on la plus claire que possible. Dans le cas o\u00f9 vous souhaitez pr\u00e9senter des renseignements compl\u00e9mentaires \u00e0 cet article sur le sujet \u00ab\u00a0Fr\u00e8res jumeaux de l&rsquo;Essonnes\u00a0\u00bb il vous est possible d\u2019\u00e9crire aux contacts indiqu\u00e9s sur notre website. La raison d\u2019\u00eatre de jumeaux91.fr \u00e9tant de rassembler sur le web des posts sur le sujet de Fr\u00e8res jumeaux de l&rsquo;Essonnes puis les diffuser en r\u00e9pondant au mieux aux interrogations des gens. Vous pouvez tirer profit de cet article traitant le sujet \u00ab\u00a0Fr\u00e8res jumeaux de l&rsquo;Essonnes\u00a0\u00bb. Il est concoct\u00e9 par l\u2019\u00e9quipe jumeaux91.fr. Prochainement, nous rendrons accessibles au public d&rsquo;autres informations pertinentes sur le sujet \u00ab\u00a0Fr\u00e8res jumeaux de l&rsquo;Essonnes\u00a0\u00bb. Alors, consultez syst\u00e9matiquement notre blog.<\/p>\n","protected":false},"excerpt":{"rendered":"<p>C\u2019est en Loire-Atlantique, entre la Baule et Ch\u00e2teaubriant, que l\u2019expression \u00ab&nbsp;politiciens de p\u00e8re en fils&nbsp;\u00bb prend tout son sens. Parce que dans la famille Hunault, on est aux affaires depuis bien longtemps et toujours \u00e0 droite. Sauf que les \u00e9lections l\u00e9gislatives anticip\u00e9es pourraient bien sceller d\u00e9finitivement la rivalit\u00e9 existant entre Alain et Michel, fr\u00e8res jumeaux.&hellip; <a class=\"more-link\" href=\"https:\/\/jumeaux91.fr\/blog\/legislatives-2024-jumeaux-mais-rivaux-lun-est-candidat-du-rn-et\/\">Poursuivre la lecture <span class=\"screen-reader-text\">L\u00e9gislatives 2024 : Jumeaux mais rivaux, l\u2019un est candidat du RN et &#8230;<\/span><\/a><\/p>\n","protected":false},"author":2,"featured_media":1541,"comment_status":"closed","ping_status":"closed","sticky":false,"template":"","format":"standard","meta":{"footnotes":""},"categories":[4],"tags":[],"class_list":["post-1540","post","type-post","status-publish","format-standard","has-post-thumbnail","hentry","category-posts-freres-jumeaux-de-lessonnes","entry"],"yoast_head":"<!-- This site is optimized with the Yoast SEO plugin v27.5 - https:\/\/yoast.com\/product\/yoast-seo-wordpress\/ -->\n<title>L\u00e9gislatives 2024 : Jumeaux mais rivaux, l\u2019un est candidat du RN et ... - JUMEAUX91<\/title>\n<meta name=\"robots\" content=\"index, follow, max-snippet:-1, max-image-preview:large, max-video-preview:-1\" \/>\n<link rel=\"canonical\" href=\"https:\/\/jumeaux91.fr\/blog\/legislatives-2024-jumeaux-mais-rivaux-lun-est-candidat-du-rn-et\/\" \/>\n<meta property=\"og:locale\" content=\"fr_FR\" \/>\n<meta property=\"og:type\" content=\"article\" \/>\n<meta property=\"og:title\" content=\"L\u00e9gislatives 2024 : Jumeaux mais rivaux, l\u2019un est candidat du RN et ... - JUMEAUX91\" \/>\n<meta property=\"og:description\" content=\"C\u2019est en Loire-Atlantique, entre la Baule et Ch\u00e2teaubriant, que l\u2019expression \u00ab&nbsp;politiciens de p\u00e8re en fils&nbsp;\u00bb prend tout son sens. Parce que dans la famille Hunault, on est aux affaires depuis bien longtemps et toujours \u00e0 droite. Sauf que les \u00e9lections l\u00e9gislatives anticip\u00e9es pourraient bien sceller d\u00e9finitivement la rivalit\u00e9 existant entre Alain et Michel, fr\u00e8res jumeaux.&hellip; Poursuivre la lecture L\u00e9gislatives 2024 : Jumeaux mais rivaux, l\u2019un est candidat du RN et &#8230;\" \/>\n<meta property=\"og:url\" content=\"https:\/\/jumeaux91.fr\/blog\/legislatives-2024-jumeaux-mais-rivaux-lun-est-candidat-du-rn-et\/\" \/>\n<meta property=\"og:site_name\" content=\"JUMEAUX91\" \/>\n<meta property=\"article:published_time\" content=\"2024-06-20T17:00:00+00:00\" \/>\n<meta property=\"og:image\" content=\"https:\/\/jumeaux91.fr\/blog\/wp-content\/uploads\/2025\/08\/legislatives-2024-jumeaux-mais-rivaux-lun-est-candidat-du-rn-et.jpg\" \/>\n<meta name=\"author\" content=\"Claude DAYRES\" \/>\n<meta name=\"twitter:card\" content=\"summary_large_image\" \/>\n<meta name=\"twitter:label1\" content=\"\u00c9crit par\" \/>\n\t<meta name=\"twitter:data1\" content=\"Claude DAYRES\" \/>\n\t<meta name=\"twitter:label2\" content=\"Dur\u00e9e de lecture estim\u00e9e\" \/>\n\t<meta name=\"twitter:data2\" content=\"3 minutes\" \/>\n<script type=\"application\/ld+json\" class=\"yoast-schema-graph\">{\"@context\":\"https:\\\/\\\/schema.org\",\"@graph\":[{\"@type\":\"Article\",\"@id\":\"https:\\\/\\\/jumeaux91.fr\\\/blog\\\/legislatives-2024-jumeaux-mais-rivaux-lun-est-candidat-du-rn-et\\\/#article\",\"isPartOf\":{\"@id\":\"https:\\\/\\\/jumeaux91.fr\\\/blog\\\/legislatives-2024-jumeaux-mais-rivaux-lun-est-candidat-du-rn-et\\\/\"},\"author\":{\"name\":\"Claude DAYRES\",\"@id\":\"https:\\\/\\\/jumeaux91.fr\\\/blog\\\/#\\\/schema\\\/person\\\/21da06e9f119b9f64e5d45dbbd32d3fb\"},\"headline\":\"L\u00e9gislatives 2024 : Jumeaux mais rivaux, l\u2019un est candidat du RN et &#8230;\",\"datePublished\":\"2024-06-20T17:00:00+00:00\",\"mainEntityOfPage\":{\"@id\":\"https:\\\/\\\/jumeaux91.fr\\\/blog\\\/legislatives-2024-jumeaux-mais-rivaux-lun-est-candidat-du-rn-et\\\/\"},\"wordCount\":536,\"publisher\":{\"@id\":\"https:\\\/\\\/jumeaux91.fr\\\/blog\\\/#organization\"},\"image\":{\"@id\":\"https:\\\/\\\/jumeaux91.fr\\\/blog\\\/legislatives-2024-jumeaux-mais-rivaux-lun-est-candidat-du-rn-et\\\/#primaryimage\"},\"thumbnailUrl\":\"https:\\\/\\\/jumeaux91.fr\\\/blog\\\/wp-content\\\/uploads\\\/2025\\\/08\\\/legislatives-2024-jumeaux-mais-rivaux-lun-est-candidat-du-rn-et.jpg\",\"articleSection\":[\"Posts Fr\u00e8res Jumeaux De L'Essonnes:\"],\"inLanguage\":\"fr-FR\"},{\"@type\":\"WebPage\",\"@id\":\"https:\\\/\\\/jumeaux91.fr\\\/blog\\\/legislatives-2024-jumeaux-mais-rivaux-lun-est-candidat-du-rn-et\\\/\",\"url\":\"https:\\\/\\\/jumeaux91.fr\\\/blog\\\/legislatives-2024-jumeaux-mais-rivaux-lun-est-candidat-du-rn-et\\\/\",\"name\":\"L\u00e9gislatives 2024 : Jumeaux mais rivaux, l\u2019un est candidat du RN et ... - JUMEAUX91\",\"isPartOf\":{\"@id\":\"https:\\\/\\\/jumeaux91.fr\\\/blog\\\/#website\"},\"primaryImageOfPage\":{\"@id\":\"https:\\\/\\\/jumeaux91.fr\\\/blog\\\/legislatives-2024-jumeaux-mais-rivaux-lun-est-candidat-du-rn-et\\\/#primaryimage\"},\"image\":{\"@id\":\"https:\\\/\\\/jumeaux91.fr\\\/blog\\\/legislatives-2024-jumeaux-mais-rivaux-lun-est-candidat-du-rn-et\\\/#primaryimage\"},\"thumbnailUrl\":\"https:\\\/\\\/jumeaux91.fr\\\/blog\\\/wp-content\\\/uploads\\\/2025\\\/08\\\/legislatives-2024-jumeaux-mais-rivaux-lun-est-candidat-du-rn-et.jpg\",\"datePublished\":\"2024-06-20T17:00:00+00:00\",\"breadcrumb\":{\"@id\":\"https:\\\/\\\/jumeaux91.fr\\\/blog\\\/legislatives-2024-jumeaux-mais-rivaux-lun-est-candidat-du-rn-et\\\/#breadcrumb\"},\"inLanguage\":\"fr-FR\",\"potentialAction\":[{\"@type\":\"ReadAction\",\"target\":[\"https:\\\/\\\/jumeaux91.fr\\\/blog\\\/legislatives-2024-jumeaux-mais-rivaux-lun-est-candidat-du-rn-et\\\/\"]}]},{\"@type\":\"ImageObject\",\"inLanguage\":\"fr-FR\",\"@id\":\"https:\\\/\\\/jumeaux91.fr\\\/blog\\\/legislatives-2024-jumeaux-mais-rivaux-lun-est-candidat-du-rn-et\\\/#primaryimage\",\"url\":\"https:\\\/\\\/jumeaux91.fr\\\/blog\\\/wp-content\\\/uploads\\\/2025\\\/08\\\/legislatives-2024-jumeaux-mais-rivaux-lun-est-candidat-du-rn-et.jpg\",\"contentUrl\":\"https:\\\/\\\/jumeaux91.fr\\\/blog\\\/wp-content\\\/uploads\\\/2025\\\/08\\\/legislatives-2024-jumeaux-mais-rivaux-lun-est-candidat-du-rn-et.jpg\",\"width\":1444,\"height\":920,\"caption\":\"L\u00e9gislatives 2024 : Jumeaux mais rivaux, l\u2019un est candidat du RN et ...\"},{\"@type\":\"BreadcrumbList\",\"@id\":\"https:\\\/\\\/jumeaux91.fr\\\/blog\\\/legislatives-2024-jumeaux-mais-rivaux-lun-est-candidat-du-rn-et\\\/#breadcrumb\",\"itemListElement\":[{\"@type\":\"ListItem\",\"position\":1,\"name\":\"Accueil\",\"item\":\"https:\\\/\\\/jumeaux91.fr\\\/blog\\\/\"},{\"@type\":\"ListItem\",\"position\":2,\"name\":\"L\u00e9gislatives 2024 : Jumeaux mais rivaux, l\u2019un est candidat du RN et &#8230;\"}]},{\"@type\":\"WebSite\",\"@id\":\"https:\\\/\\\/jumeaux91.fr\\\/blog\\\/#website\",\"url\":\"https:\\\/\\\/jumeaux91.fr\\\/blog\\\/\",\"name\":\"JUMEAUX91\",\"description\":\"Fr\u00e8res jumeaux de l&#039;Essonnes; informations et archives, \u00e0 savoir et retenir.\",\"publisher\":{\"@id\":\"https:\\\/\\\/jumeaux91.fr\\\/blog\\\/#organization\"},\"potentialAction\":[{\"@type\":\"SearchAction\",\"target\":{\"@type\":\"EntryPoint\",\"urlTemplate\":\"https:\\\/\\\/jumeaux91.fr\\\/blog\\\/?s={search_term_string}\"},\"query-input\":{\"@type\":\"PropertyValueSpecification\",\"valueRequired\":true,\"valueName\":\"search_term_string\"}}],\"inLanguage\":\"fr-FR\"},{\"@type\":\"Organization\",\"@id\":\"https:\\\/\\\/jumeaux91.fr\\\/blog\\\/#organization\",\"name\":\"jumeaux91\",\"url\":\"https:\\\/\\\/jumeaux91.fr\\\/blog\\\/\",\"logo\":{\"@type\":\"ImageObject\",\"inLanguage\":\"fr-FR\",\"@id\":\"https:\\\/\\\/jumeaux91.fr\\\/blog\\\/#\\\/schema\\\/logo\\\/image\\\/\",\"url\":\"https:\\\/\\\/jumeaux91.fr\\\/blog\\\/wp-content\\\/uploads\\\/2023\\\/05\\\/cropped-cropped-logoJ_91.png\",\"contentUrl\":\"https:\\\/\\\/jumeaux91.fr\\\/blog\\\/wp-content\\\/uploads\\\/2023\\\/05\\\/cropped-cropped-logoJ_91.png\",\"width\":512,\"height\":512,\"caption\":\"jumeaux91\"},\"image\":{\"@id\":\"https:\\\/\\\/jumeaux91.fr\\\/blog\\\/#\\\/schema\\\/logo\\\/image\\\/\"}},{\"@type\":\"Person\",\"@id\":\"https:\\\/\\\/jumeaux91.fr\\\/blog\\\/#\\\/schema\\\/person\\\/21da06e9f119b9f64e5d45dbbd32d3fb\",\"name\":\"Claude DAYRES\",\"image\":{\"@type\":\"ImageObject\",\"inLanguage\":\"fr-FR\",\"@id\":\"https:\\\/\\\/secure.gravatar.com\\\/avatar\\\/82eb951df6110a2c48d1bfa7a67d1ee6f0cd5df3cbf9c3586dd61e82db7172a5?s=96&d=mm&r=g\",\"url\":\"https:\\\/\\\/secure.gravatar.com\\\/avatar\\\/82eb951df6110a2c48d1bfa7a67d1ee6f0cd5df3cbf9c3586dd61e82db7172a5?s=96&d=mm&r=g\",\"contentUrl\":\"https:\\\/\\\/secure.gravatar.com\\\/avatar\\\/82eb951df6110a2c48d1bfa7a67d1ee6f0cd5df3cbf9c3586dd61e82db7172a5?s=96&d=mm&r=g\",\"caption\":\"Claude DAYRES\"},\"url\":\"https:\\\/\\\/jumeaux91.fr\\\/blog\\\/author\\\/x91claude\\\/\"}]}<\/script>\n<!-- \/ Yoast SEO plugin. -->","yoast_head_json":{"title":"L\u00e9gislatives 2024 : Jumeaux mais rivaux, l\u2019un est candidat du RN et ... - JUMEAUX91","robots":{"index":"index","follow":"follow","max-snippet":"max-snippet:-1","max-image-preview":"max-image-preview:large","max-video-preview":"max-video-preview:-1"},"canonical":"https:\/\/jumeaux91.fr\/blog\/legislatives-2024-jumeaux-mais-rivaux-lun-est-candidat-du-rn-et\/","og_locale":"fr_FR","og_type":"article","og_title":"L\u00e9gislatives 2024 : Jumeaux mais rivaux, l\u2019un est candidat du RN et ... - JUMEAUX91","og_description":"C\u2019est en Loire-Atlantique, entre la Baule et Ch\u00e2teaubriant, que l\u2019expression \u00ab&nbsp;politiciens de p\u00e8re en fils&nbsp;\u00bb prend tout son sens. Parce que dans la famille Hunault, on est aux affaires depuis bien longtemps et toujours \u00e0 droite. Sauf que les \u00e9lections l\u00e9gislatives anticip\u00e9es pourraient bien sceller d\u00e9finitivement la rivalit\u00e9 existant entre Alain et Michel, fr\u00e8res jumeaux.&hellip; Poursuivre la lecture L\u00e9gislatives 2024 : Jumeaux mais rivaux, l\u2019un est candidat du RN et &#8230;","og_url":"https:\/\/jumeaux91.fr\/blog\/legislatives-2024-jumeaux-mais-rivaux-lun-est-candidat-du-rn-et\/","og_site_name":"JUMEAUX91","article_published_time":"2024-06-20T17:00:00+00:00","og_image":[{"url":"https:\/\/jumeaux91.fr\/blog\/wp-content\/uploads\/2025\/08\/legislatives-2024-jumeaux-mais-rivaux-lun-est-candidat-du-rn-et.jpg","type":"","width":"","height":""}],"author":"Claude DAYRES","twitter_card":"summary_large_image","twitter_misc":{"\u00c9crit par":"Claude DAYRES","Dur\u00e9e de lecture estim\u00e9e":"3 minutes"},"schema":{"@context":"https:\/\/schema.org","@graph":[{"@type":"Article","@id":"https:\/\/jumeaux91.fr\/blog\/legislatives-2024-jumeaux-mais-rivaux-lun-est-candidat-du-rn-et\/#article","isPartOf":{"@id":"https:\/\/jumeaux91.fr\/blog\/legislatives-2024-jumeaux-mais-rivaux-lun-est-candidat-du-rn-et\/"},"author":{"name":"Claude DAYRES","@id":"https:\/\/jumeaux91.fr\/blog\/#\/schema\/person\/21da06e9f119b9f64e5d45dbbd32d3fb"},"headline":"L\u00e9gislatives 2024 : Jumeaux mais rivaux, l\u2019un est candidat du RN et &#8230;","datePublished":"2024-06-20T17:00:00+00:00","mainEntityOfPage":{"@id":"https:\/\/jumeaux91.fr\/blog\/legislatives-2024-jumeaux-mais-rivaux-lun-est-candidat-du-rn-et\/"},"wordCount":536,"publisher":{"@id":"https:\/\/jumeaux91.fr\/blog\/#organization"},"image":{"@id":"https:\/\/jumeaux91.fr\/blog\/legislatives-2024-jumeaux-mais-rivaux-lun-est-candidat-du-rn-et\/#primaryimage"},"thumbnailUrl":"https:\/\/jumeaux91.fr\/blog\/wp-content\/uploads\/2025\/08\/legislatives-2024-jumeaux-mais-rivaux-lun-est-candidat-du-rn-et.jpg","articleSection":["Posts Fr\u00e8res Jumeaux De L'Essonnes:"],"inLanguage":"fr-FR"},{"@type":"WebPage","@id":"https:\/\/jumeaux91.fr\/blog\/legislatives-2024-jumeaux-mais-rivaux-lun-est-candidat-du-rn-et\/","url":"https:\/\/jumeaux91.fr\/blog\/legislatives-2024-jumeaux-mais-rivaux-lun-est-candidat-du-rn-et\/","name":"L\u00e9gislatives 2024 : Jumeaux mais rivaux, l\u2019un est candidat du RN et ... - JUMEAUX91","isPartOf":{"@id":"https:\/\/jumeaux91.fr\/blog\/#website"},"primaryImageOfPage":{"@id":"https:\/\/jumeaux91.fr\/blog\/legislatives-2024-jumeaux-mais-rivaux-lun-est-candidat-du-rn-et\/#primaryimage"},"image":{"@id":"https:\/\/jumeaux91.fr\/blog\/legislatives-2024-jumeaux-mais-rivaux-lun-est-candidat-du-rn-et\/#primaryimage"},"thumbnailUrl":"https:\/\/jumeaux91.fr\/blog\/wp-content\/uploads\/2025\/08\/legislatives-2024-jumeaux-mais-rivaux-lun-est-candidat-du-rn-et.jpg","datePublished":"2024-06-20T17:00:00+00:00","breadcrumb":{"@id":"https:\/\/jumeaux91.fr\/blog\/legislatives-2024-jumeaux-mais-rivaux-lun-est-candidat-du-rn-et\/#breadcrumb"},"inLanguage":"fr-FR","potentialAction":[{"@type":"ReadAction","target":["https:\/\/jumeaux91.fr\/blog\/legislatives-2024-jumeaux-mais-rivaux-lun-est-candidat-du-rn-et\/"]}]},{"@type":"ImageObject","inLanguage":"fr-FR","@id":"https:\/\/jumeaux91.fr\/blog\/legislatives-2024-jumeaux-mais-rivaux-lun-est-candidat-du-rn-et\/#primaryimage","url":"https:\/\/jumeaux91.fr\/blog\/wp-content\/uploads\/2025\/08\/legislatives-2024-jumeaux-mais-rivaux-lun-est-candidat-du-rn-et.jpg","contentUrl":"https:\/\/jumeaux91.fr\/blog\/wp-content\/uploads\/2025\/08\/legislatives-2024-jumeaux-mais-rivaux-lun-est-candidat-du-rn-et.jpg","width":1444,"height":920,"caption":"L\u00e9gislatives 2024 : Jumeaux mais rivaux, l\u2019un est candidat du RN et ..."},{"@type":"BreadcrumbList","@id":"https:\/\/jumeaux91.fr\/blog\/legislatives-2024-jumeaux-mais-rivaux-lun-est-candidat-du-rn-et\/#breadcrumb","itemListElement":[{"@type":"ListItem","position":1,"name":"Accueil","item":"https:\/\/jumeaux91.fr\/blog\/"},{"@type":"ListItem","position":2,"name":"L\u00e9gislatives 2024 : Jumeaux mais rivaux, l\u2019un est candidat du RN et &#8230;"}]},{"@type":"WebSite","@id":"https:\/\/jumeaux91.fr\/blog\/#website","url":"https:\/\/jumeaux91.fr\/blog\/","name":"JUMEAUX91","description":"Fr\u00e8res jumeaux de l&#039;Essonnes; informations et archives, \u00e0 savoir et retenir.","publisher":{"@id":"https:\/\/jumeaux91.fr\/blog\/#organization"},"potentialAction":[{"@type":"SearchAction","target":{"@type":"EntryPoint","urlTemplate":"https:\/\/jumeaux91.fr\/blog\/?s={search_term_string}"},"query-input":{"@type":"PropertyValueSpecification","valueRequired":true,"valueName":"search_term_string"}}],"inLanguage":"fr-FR"},{"@type":"Organization","@id":"https:\/\/jumeaux91.fr\/blog\/#organization","name":"jumeaux91","url":"https:\/\/jumeaux91.fr\/blog\/","logo":{"@type":"ImageObject","inLanguage":"fr-FR","@id":"https:\/\/jumeaux91.fr\/blog\/#\/schema\/logo\/image\/","url":"https:\/\/jumeaux91.fr\/blog\/wp-content\/uploads\/2023\/05\/cropped-cropped-logoJ_91.png","contentUrl":"https:\/\/jumeaux91.fr\/blog\/wp-content\/uploads\/2023\/05\/cropped-cropped-logoJ_91.png","width":512,"height":512,"caption":"jumeaux91"},"image":{"@id":"https:\/\/jumeaux91.fr\/blog\/#\/schema\/logo\/image\/"}},{"@type":"Person","@id":"https:\/\/jumeaux91.fr\/blog\/#\/schema\/person\/21da06e9f119b9f64e5d45dbbd32d3fb","name":"Claude DAYRES","image":{"@type":"ImageObject","inLanguage":"fr-FR","@id":"https:\/\/secure.gravatar.com\/avatar\/82eb951df6110a2c48d1bfa7a67d1ee6f0cd5df3cbf9c3586dd61e82db7172a5?s=96&d=mm&r=g","url":"https:\/\/secure.gravatar.com\/avatar\/82eb951df6110a2c48d1bfa7a67d1ee6f0cd5df3cbf9c3586dd61e82db7172a5?s=96&d=mm&r=g","contentUrl":"https:\/\/secure.gravatar.com\/avatar\/82eb951df6110a2c48d1bfa7a67d1ee6f0cd5df3cbf9c3586dd61e82db7172a5?s=96&d=mm&r=g","caption":"Claude DAYRES"},"url":"https:\/\/jumeaux91.fr\/blog\/author\/x91claude\/"}]}},"_links":{"self":[{"href":"https:\/\/jumeaux91.fr\/blog\/wp-json\/wp\/v2\/posts\/1540","targetHints":{"allow":["GET"]}}],"collection":[{"href":"https:\/\/jumeaux91.fr\/blog\/wp-json\/wp\/v2\/posts"}],"about":[{"href":"https:\/\/jumeaux91.fr\/blog\/wp-json\/wp\/v2\/types\/post"}],"author":[{"embeddable":true,"href":"https:\/\/jumeaux91.fr\/blog\/wp-json\/wp\/v2\/users\/2"}],"replies":[{"embeddable":true,"href":"https:\/\/jumeaux91.fr\/blog\/wp-json\/wp\/v2\/comments?post=1540"}],"version-history":[{"count":0,"href":"https:\/\/jumeaux91.fr\/blog\/wp-json\/wp\/v2\/posts\/1540\/revisions"}],"wp:featuredmedia":[{"embeddable":true,"href":"https:\/\/jumeaux91.fr\/blog\/wp-json\/wp\/v2\/media\/1541"}],"wp:attachment":[{"href":"https:\/\/jumeaux91.fr\/blog\/wp-json\/wp\/v2\/media?parent=1540"}],"wp:term":[{"taxonomy":"category","embeddable":true,"href":"https:\/\/jumeaux91.fr\/blog\/wp-json\/wp\/v2\/categories?post=1540"},{"taxonomy":"post_tag","embeddable":true,"href":"https:\/\/jumeaux91.fr\/blog\/wp-json\/wp\/v2\/tags?post=1540"}],"curies":[{"name":"wp","href":"https:\/\/api.w.org\/{rel}","templated":true}]}}