{"id":1548,"date":"2023-08-08T17:10:00","date_gmt":"2023-08-08T15:10:00","guid":{"rendered":"https:\/\/jumeaux91.fr\/blog\/des-freres-jumeaux-bixente-lizarazu-en-vacances-avec-son-fils\/"},"modified":"2023-08-08T17:10:00","modified_gmt":"2023-08-08T15:10:00","slug":"des-freres-jumeaux-bixente-lizarazu-en-vacances-avec-son-fils","status":"publish","type":"post","link":"https:\/\/jumeaux91.fr\/blog\/des-freres-jumeaux-bixente-lizarazu-en-vacances-avec-son-fils\/","title":{"rendered":"\u00ab\u00a0Des fr\u00e8res jumeaux\u00a0\u00bb : Bixente Lizarazu en vacances avec son fils &#8230;"},"content":{"rendered":"<div>\n<div class=\"author-article-bio-link-container\"> <img decoding=\"async\" src=\"https:\/\/jumeaux91.fr\/blog\/wp-content\/uploads\/2025\/08\/des-freres-jumeaux-bixente-lizarazu-en-vacances-avec-son-fils.jpg\" class=\"author-article-picture\" width=\"35\" height=\"35\"> <span class=\"author-article-bio-link-span\"> Par <a class=\"author-article-bio-link\" href=\"https:\/\/www.purepeople.com\/auteur\/david-contreras_a76\" target=\"_blank\" rel=\"nofollow\">David Contreras<\/a> | R\u00e9dacteur <\/span> <\/div>\n<p> Addict aux s\u00e9ries sur les vampires et les zombies, il conna\u00eet tout sur vos stars pr\u00e9f\u00e9r\u00e9es, avec une petite pr\u00e9f\u00e9rence pour ce qui se passe outre-Atlantique. S\u2019il a le sang chaud des Espagnols, il garde tout de m\u00eame son humour bien fran\u00e7ais et ne recule jamais devant un jeu de mot bien senti. <\/p>\n<\/p><\/div>\n<p> Comme tous les \u00e9t\u00e9s, Tximista rentre en France pour voir sa famille. Le fils de Bixente Lizarazu en a profit\u00e9 pour passer du temps avec son champion du monde de p\u00e8re et les deux hommes se sont fait plaisir du c\u00f4t\u00e9 du Pays basque.\n<\/p>\n<div id=\"article-content\">\n<div class=\"main-media-container mg-content\">\n<div class=\"player-container js-media-player player-main\" id=\"player-main\">\n<div class=\"player-item\" data-video-id=\"x8n3jpj\" data-media-id=\"7497305\" data-position=\"playertop\" data-smart-mute=\"1\" data-player-id=\"x1hs9\">\n<div class=\"player-anchor\"> <img decoding=\"async\" class=\"player-thumbnail\" src=\"https:\/\/jumeaux91.fr\/blog\/wp-content\/uploads\/2025\/08\/des-freres-jumeaux-bixente-lizarazu-en-vacances-avec-son-fils-1.jpg\" width=\"580\" height=\"326\"> <\/div>\n<\/p><\/div>\n<\/p><\/div>\n<p> <span class=\"media-copyright\">\u00ab\u00a0Des fr\u00e8res jumeaux\u00a0\u00bb : Bixente Lizarazu en vacances avec son fils Tximista, un clich\u00e9 de r\u00eave tr\u00e8s remarqu\u00e9 !<\/span> <\/div>\n<div class=\"mg-content\"> <a class=\"btn btn-type-primary btn-md\" href=\"https:\/\/www.purepeople.com\/diapo\/-des-freres-jumeaux-bixente-lizarazu-en-vacances-avec-son-fils-tximista-un-cliche-de-reve-tres-remarque_a512461\/1\" data-jan=\"{&quot;eventAction&quot;:[&quot;click&quot;],&quot;eventName&quot;:&quot;diapo_open_from_carousel&quot;,&quot;position_name&quot;:&quot;diapo_open_button_and_thumbnails_from_carousel&quot;,&quot;content_id&quot;:512461}\" target=\"_blank\" rel=\"nofollow\"> <span>Voir les 13 photos<\/span> <\/a> <\/div>\n<div class=\"ad-placement ad-placement-atf mg-content ad-only-mobile ad-placeholder ad-entitled\">\n<div class=\"ad-container\">\n<p>La suite apr\u00e8s la publicit\u00e9<\/p>\n<\/p><\/div>\n<\/div>\n<div class=\"block-text\">\n<p>Ce n&rsquo;est jamais facile pour un p\u00e8re de voir son fils partir \u00e0 l&rsquo;autre bout du monde, mais avec les ann\u00e9es, <a href=\"https:\/\/www.purepeople.com\/people\/bixente-lizarazu_p1357\" target=\"_blank\" rel=\"nofollow\">Bixente Lizarazu<\/a> a pris l&rsquo;habitude de vivre loin de son fils a\u00een\u00e9, Tximista. Le jeune homme de 28 ans a d\u00e9cid\u00e9 de partir s&rsquo;\u00e9tablir aux Etats-Unis il y a de \u00e7a <a href=\"https:\/\/www.purepeople.com\/article\/bixente-lizarazu-son-seduisant-fils-tximista-cartonne-a-new-york_a492545\/1\" target=\"_blank\" rel=\"nofollow\">plusieurs ann\u00e9es et tout semble se passer \u00e0 merveille pour lu<\/a>i. \u00c0 l&rsquo;image de Didier Deschamps et de son fils, qui vit \u00e0 Londres, le beau brun s&rsquo;\u00e9clate loin de son p\u00e8re champion du monde, mais il prend toujours beaucoup de plaisir \u00e0 revenir en France pour passer du temps en famille. Et leur ressemblance fait toujours l&rsquo;unanimit\u00e9. \u00ab\u00a0On dirait des fr\u00e8res jumeaux\u00a0\u00bb, s&rsquo;exclame un internaute.<\/p>\n<p>Tr\u00e8s proche de l&rsquo;ancien footballeur de 53 ans, Tximista Lizarazu partage avec lui la passion du sport et les deux hommes aiment <a href=\"https:\/\/www.purepeople.com\/article\/bixente-lizarazu-enfin-reuni-avec-son-charmant-fils-tximista-il-le-met-a-rude-epreuve-video_a512319\/1\" target=\"_blank\" rel=\"nofollow\">bien se retrouver pour partager des vacances sportives<\/a>. Lorsqu&rsquo;il le peut, le jeune homme rentre en France et plus pr\u00e9cis\u00e9ment au Pays basque, o\u00f9 il a grandi et o\u00f9 il retrouve ses proches. C&rsquo;est d&rsquo;ailleurs exactement l\u00e0 o\u00f9 il se trouvait la semaine derni\u00e8re, comme Bixente Lizarazu vient de le montrer sur son compte Instagram. Tr\u00e8s actif et suivi par plus de 300 000 abonn\u00e9s, le compagnon de Claire Keim a publi\u00e9 une jolie photo de son fils et lui, \u00e0 bord d&rsquo;un bateau, au beau milieu de la baie de Saint-Jean-de-Luz. <em>\u00ab\u00a0Une magnifique semaine avec Tximista\u00a0\u00bb<\/em>, \u00e9crit-il tout heureux en commentaire, avant d&rsquo;ajouter subtilement : <em>\u00ab\u00a0from New York\u00a0\u00bb<\/em>.<\/p>\n<p>Les abonn\u00e9s adorent leur complicit\u00e9<\/p>\n<p>Un beau moment \u00e0 deux, mais on ne sait pas s&rsquo;ils en ont profit\u00e9 pour faire de la plong\u00e9e, <a href=\"https:\/\/www.purepeople.com\/article\/bixente-lizarazu-reunit-trois-generations-rare-photo-avec-son-pere-et-son-seduisant-fils_a493168\/1\" target=\"_blank\" rel=\"nofollow\">comme ce fut d\u00e9j\u00e0 le cas par le pass\u00e9<\/a>, o\u00f9 simplement pour se dorer la pilule au soleil. En tout cas, les abonn\u00e9s de Bixente Lizarazu ont visiblement ador\u00e9 la photo et surtout la belle connexion qu&rsquo;il a su cr\u00e9er avec son gar\u00e7on. <em>\u00ab\u00a0Le r\u00f4le d&rsquo;un papa est d&rsquo;\u00eatre la pour partager de bons et beaux moments avec nos enfants\u00a0\u00bb<\/em>, \u00e9crit l&rsquo;un d&rsquo;eux. C&rsquo;est \u00e9galement la ressemblance physique entre les deux hommes qui frappent certains : \u00ab\u00a0<em>Magnifique, quelle ressemblance incroyable et un sacr\u00e9 gabarit votre fils. Passez d&rsquo;agr\u00e9ables moments<\/em>\u00ab\u00a0, et \u00ab\u00a0<em>On dirait des fr\u00e8res jumeaux<\/em>\u00ab\u00a0, ou encore \u00ab\u00a0<em>Il a ta t\u00eate le fiston<\/em>\u00ab\u00a0.<\/p>\n<\/p><\/div>\n<div class=\"block-text\">\n<p>Un beau moment en famille pour Bixente Lizarazu, qui a pu retrouver son fils, rentrer de New York pour de belles vacances en famille.<\/p>\n<\/p><\/div>\n<\/p><\/div>\n<p>La chronique se veut g\u00e9n\u00e9r\u00e9e de la fa\u00e7on la plus claire que possible. Dans le cas o\u00f9 vous souhaitez pr\u00e9senter des renseignements compl\u00e9mentaires \u00e0 cet article sur le sujet \u00ab\u00a0Fr\u00e8res jumeaux de l&rsquo;Essonnes\u00a0\u00bb il vous est possible d\u2019\u00e9crire aux contacts indiqu\u00e9s sur notre website. La raison d\u2019\u00eatre de jumeaux91.fr \u00e9tant de rassembler sur le web des posts sur le sujet de Fr\u00e8res jumeaux de l&rsquo;Essonnes puis les diffuser en r\u00e9pondant au mieux aux interrogations des gens. Vous pouvez tirer profit de cet article traitant le sujet \u00ab\u00a0Fr\u00e8res jumeaux de l&rsquo;Essonnes\u00a0\u00bb. Il est concoct\u00e9 par l\u2019\u00e9quipe jumeaux91.fr. Prochainement, nous rendrons accessibles au public d&rsquo;autres informations pertinentes sur le sujet \u00ab\u00a0Fr\u00e8res jumeaux de l&rsquo;Essonnes\u00a0\u00bb. Alors, consultez syst\u00e9matiquement notre blog.<\/p>\n","protected":false},"excerpt":{"rendered":"<p>Par David Contreras | R\u00e9dacteur Addict aux s\u00e9ries sur les vampires et les zombies, il conna\u00eet tout sur vos stars pr\u00e9f\u00e9r\u00e9es, avec une petite pr\u00e9f\u00e9rence pour ce qui se passe outre-Atlantique. S\u2019il a le sang chaud des Espagnols, il garde tout de m\u00eame son humour bien fran\u00e7ais et ne recule jamais devant un jeu de&hellip; <a class=\"more-link\" href=\"https:\/\/jumeaux91.fr\/blog\/des-freres-jumeaux-bixente-lizarazu-en-vacances-avec-son-fils\/\">Poursuivre la lecture <span class=\"screen-reader-text\">\u00ab\u00a0Des fr\u00e8res jumeaux\u00a0\u00bb : Bixente Lizarazu en vacances avec son fils &#8230;<\/span><\/a><\/p>\n","protected":false},"author":2,"featured_media":1549,"comment_status":"closed","ping_status":"closed","sticky":false,"template":"","format":"standard","meta":{"footnotes":""},"categories":[4],"tags":[],"class_list":["post-1548","post","type-post","status-publish","format-standard","has-post-thumbnail","hentry","category-posts-freres-jumeaux-de-lessonnes","entry"],"yoast_head":"<!-- This site is optimized with the Yoast SEO plugin v27.5 - https:\/\/yoast.com\/product\/yoast-seo-wordpress\/ -->\n<title>&quot;Des fr\u00e8res jumeaux&quot; : Bixente Lizarazu en vacances avec son fils ... - JUMEAUX91<\/title>\n<meta name=\"robots\" content=\"index, follow, max-snippet:-1, max-image-preview:large, max-video-preview:-1\" \/>\n<link rel=\"canonical\" href=\"https:\/\/jumeaux91.fr\/blog\/des-freres-jumeaux-bixente-lizarazu-en-vacances-avec-son-fils\/\" \/>\n<meta property=\"og:locale\" content=\"fr_FR\" \/>\n<meta property=\"og:type\" content=\"article\" \/>\n<meta property=\"og:title\" content=\"&quot;Des fr\u00e8res jumeaux&quot; : Bixente Lizarazu en vacances avec son fils ... - JUMEAUX91\" \/>\n<meta property=\"og:description\" content=\"Par David Contreras | R\u00e9dacteur Addict aux s\u00e9ries sur les vampires et les zombies, il conna\u00eet tout sur vos stars pr\u00e9f\u00e9r\u00e9es, avec une petite pr\u00e9f\u00e9rence pour ce qui se passe outre-Atlantique. S\u2019il a le sang chaud des Espagnols, il garde tout de m\u00eame son humour bien fran\u00e7ais et ne recule jamais devant un jeu de&hellip; Poursuivre la lecture \u00ab\u00a0Des fr\u00e8res jumeaux\u00a0\u00bb : Bixente Lizarazu en vacances avec son fils &#8230;\" \/>\n<meta property=\"og:url\" content=\"https:\/\/jumeaux91.fr\/blog\/des-freres-jumeaux-bixente-lizarazu-en-vacances-avec-son-fils\/\" \/>\n<meta property=\"og:site_name\" content=\"JUMEAUX91\" \/>\n<meta property=\"article:published_time\" content=\"2023-08-08T15:10:00+00:00\" \/>\n<meta property=\"og:image\" content=\"https:\/\/jumeaux91.fr\/blog\/wp-content\/uploads\/2025\/08\/des-freres-jumeaux-bixente-lizarazu-en-vacances-avec-son-fils.jpg\" \/>\n<meta name=\"author\" content=\"Claude DAYRES\" \/>\n<meta name=\"twitter:card\" content=\"summary_large_image\" \/>\n<meta name=\"twitter:label1\" content=\"\u00c9crit par\" \/>\n\t<meta name=\"twitter:data1\" content=\"Claude DAYRES\" \/>\n\t<meta name=\"twitter:label2\" content=\"Dur\u00e9e de lecture estim\u00e9e\" \/>\n\t<meta name=\"twitter:data2\" content=\"3 minutes\" \/>\n<script type=\"application\/ld+json\" class=\"yoast-schema-graph\">{\"@context\":\"https:\\\/\\\/schema.org\",\"@graph\":[{\"@type\":\"Article\",\"@id\":\"https:\\\/\\\/jumeaux91.fr\\\/blog\\\/des-freres-jumeaux-bixente-lizarazu-en-vacances-avec-son-fils\\\/#article\",\"isPartOf\":{\"@id\":\"https:\\\/\\\/jumeaux91.fr\\\/blog\\\/des-freres-jumeaux-bixente-lizarazu-en-vacances-avec-son-fils\\\/\"},\"author\":{\"name\":\"Claude DAYRES\",\"@id\":\"https:\\\/\\\/jumeaux91.fr\\\/blog\\\/#\\\/schema\\\/person\\\/21da06e9f119b9f64e5d45dbbd32d3fb\"},\"headline\":\"\u00ab\u00a0Des fr\u00e8res jumeaux\u00a0\u00bb : Bixente Lizarazu en vacances avec son fils &#8230;\",\"datePublished\":\"2023-08-08T15:10:00+00:00\",\"mainEntityOfPage\":{\"@id\":\"https:\\\/\\\/jumeaux91.fr\\\/blog\\\/des-freres-jumeaux-bixente-lizarazu-en-vacances-avec-son-fils\\\/\"},\"wordCount\":726,\"publisher\":{\"@id\":\"https:\\\/\\\/jumeaux91.fr\\\/blog\\\/#organization\"},\"image\":{\"@id\":\"https:\\\/\\\/jumeaux91.fr\\\/blog\\\/des-freres-jumeaux-bixente-lizarazu-en-vacances-avec-son-fils\\\/#primaryimage\"},\"thumbnailUrl\":\"https:\\\/\\\/jumeaux91.fr\\\/blog\\\/wp-content\\\/uploads\\\/2025\\\/08\\\/des-freres-jumeaux-bixente-lizarazu-en-vacances-avec-son-fils.jpg\",\"articleSection\":[\"Posts Fr\u00e8res Jumeaux De L'Essonnes:\"],\"inLanguage\":\"fr-FR\"},{\"@type\":\"WebPage\",\"@id\":\"https:\\\/\\\/jumeaux91.fr\\\/blog\\\/des-freres-jumeaux-bixente-lizarazu-en-vacances-avec-son-fils\\\/\",\"url\":\"https:\\\/\\\/jumeaux91.fr\\\/blog\\\/des-freres-jumeaux-bixente-lizarazu-en-vacances-avec-son-fils\\\/\",\"name\":\"\\\"Des fr\u00e8res jumeaux\\\" : Bixente Lizarazu en vacances avec son fils ... - JUMEAUX91\",\"isPartOf\":{\"@id\":\"https:\\\/\\\/jumeaux91.fr\\\/blog\\\/#website\"},\"primaryImageOfPage\":{\"@id\":\"https:\\\/\\\/jumeaux91.fr\\\/blog\\\/des-freres-jumeaux-bixente-lizarazu-en-vacances-avec-son-fils\\\/#primaryimage\"},\"image\":{\"@id\":\"https:\\\/\\\/jumeaux91.fr\\\/blog\\\/des-freres-jumeaux-bixente-lizarazu-en-vacances-avec-son-fils\\\/#primaryimage\"},\"thumbnailUrl\":\"https:\\\/\\\/jumeaux91.fr\\\/blog\\\/wp-content\\\/uploads\\\/2025\\\/08\\\/des-freres-jumeaux-bixente-lizarazu-en-vacances-avec-son-fils.jpg\",\"datePublished\":\"2023-08-08T15:10:00+00:00\",\"breadcrumb\":{\"@id\":\"https:\\\/\\\/jumeaux91.fr\\\/blog\\\/des-freres-jumeaux-bixente-lizarazu-en-vacances-avec-son-fils\\\/#breadcrumb\"},\"inLanguage\":\"fr-FR\",\"potentialAction\":[{\"@type\":\"ReadAction\",\"target\":[\"https:\\\/\\\/jumeaux91.fr\\\/blog\\\/des-freres-jumeaux-bixente-lizarazu-en-vacances-avec-son-fils\\\/\"]}]},{\"@type\":\"ImageObject\",\"inLanguage\":\"fr-FR\",\"@id\":\"https:\\\/\\\/jumeaux91.fr\\\/blog\\\/des-freres-jumeaux-bixente-lizarazu-en-vacances-avec-son-fils\\\/#primaryimage\",\"url\":\"https:\\\/\\\/jumeaux91.fr\\\/blog\\\/wp-content\\\/uploads\\\/2025\\\/08\\\/des-freres-jumeaux-bixente-lizarazu-en-vacances-avec-son-fils.jpg\",\"contentUrl\":\"https:\\\/\\\/jumeaux91.fr\\\/blog\\\/wp-content\\\/uploads\\\/2025\\\/08\\\/des-freres-jumeaux-bixente-lizarazu-en-vacances-avec-son-fils.jpg\",\"width\":35,\"height\":35,\"caption\":\"\\\"Des fr\u00e8res jumeaux\\\" : Bixente Lizarazu en vacances avec son fils ...\"},{\"@type\":\"BreadcrumbList\",\"@id\":\"https:\\\/\\\/jumeaux91.fr\\\/blog\\\/des-freres-jumeaux-bixente-lizarazu-en-vacances-avec-son-fils\\\/#breadcrumb\",\"itemListElement\":[{\"@type\":\"ListItem\",\"position\":1,\"name\":\"Accueil\",\"item\":\"https:\\\/\\\/jumeaux91.fr\\\/blog\\\/\"},{\"@type\":\"ListItem\",\"position\":2,\"name\":\"\u00ab\u00a0Des fr\u00e8res jumeaux\u00a0\u00bb : Bixente Lizarazu en vacances avec son fils &#8230;\"}]},{\"@type\":\"WebSite\",\"@id\":\"https:\\\/\\\/jumeaux91.fr\\\/blog\\\/#website\",\"url\":\"https:\\\/\\\/jumeaux91.fr\\\/blog\\\/\",\"name\":\"JUMEAUX91\",\"description\":\"Fr\u00e8res jumeaux de l&#039;Essonnes; informations et archives, \u00e0 savoir et retenir.\",\"publisher\":{\"@id\":\"https:\\\/\\\/jumeaux91.fr\\\/blog\\\/#organization\"},\"potentialAction\":[{\"@type\":\"SearchAction\",\"target\":{\"@type\":\"EntryPoint\",\"urlTemplate\":\"https:\\\/\\\/jumeaux91.fr\\\/blog\\\/?s={search_term_string}\"},\"query-input\":{\"@type\":\"PropertyValueSpecification\",\"valueRequired\":true,\"valueName\":\"search_term_string\"}}],\"inLanguage\":\"fr-FR\"},{\"@type\":\"Organization\",\"@id\":\"https:\\\/\\\/jumeaux91.fr\\\/blog\\\/#organization\",\"name\":\"jumeaux91\",\"url\":\"https:\\\/\\\/jumeaux91.fr\\\/blog\\\/\",\"logo\":{\"@type\":\"ImageObject\",\"inLanguage\":\"fr-FR\",\"@id\":\"https:\\\/\\\/jumeaux91.fr\\\/blog\\\/#\\\/schema\\\/logo\\\/image\\\/\",\"url\":\"https:\\\/\\\/jumeaux91.fr\\\/blog\\\/wp-content\\\/uploads\\\/2023\\\/05\\\/cropped-cropped-logoJ_91.png\",\"contentUrl\":\"https:\\\/\\\/jumeaux91.fr\\\/blog\\\/wp-content\\\/uploads\\\/2023\\\/05\\\/cropped-cropped-logoJ_91.png\",\"width\":512,\"height\":512,\"caption\":\"jumeaux91\"},\"image\":{\"@id\":\"https:\\\/\\\/jumeaux91.fr\\\/blog\\\/#\\\/schema\\\/logo\\\/image\\\/\"}},{\"@type\":\"Person\",\"@id\":\"https:\\\/\\\/jumeaux91.fr\\\/blog\\\/#\\\/schema\\\/person\\\/21da06e9f119b9f64e5d45dbbd32d3fb\",\"name\":\"Claude DAYRES\",\"image\":{\"@type\":\"ImageObject\",\"inLanguage\":\"fr-FR\",\"@id\":\"https:\\\/\\\/secure.gravatar.com\\\/avatar\\\/82eb951df6110a2c48d1bfa7a67d1ee6f0cd5df3cbf9c3586dd61e82db7172a5?s=96&d=mm&r=g\",\"url\":\"https:\\\/\\\/secure.gravatar.com\\\/avatar\\\/82eb951df6110a2c48d1bfa7a67d1ee6f0cd5df3cbf9c3586dd61e82db7172a5?s=96&d=mm&r=g\",\"contentUrl\":\"https:\\\/\\\/secure.gravatar.com\\\/avatar\\\/82eb951df6110a2c48d1bfa7a67d1ee6f0cd5df3cbf9c3586dd61e82db7172a5?s=96&d=mm&r=g\",\"caption\":\"Claude DAYRES\"},\"url\":\"https:\\\/\\\/jumeaux91.fr\\\/blog\\\/author\\\/x91claude\\\/\"}]}<\/script>\n<!-- \/ Yoast SEO plugin. -->","yoast_head_json":{"title":"\"Des fr\u00e8res jumeaux\" : Bixente Lizarazu en vacances avec son fils ... - JUMEAUX91","robots":{"index":"index","follow":"follow","max-snippet":"max-snippet:-1","max-image-preview":"max-image-preview:large","max-video-preview":"max-video-preview:-1"},"canonical":"https:\/\/jumeaux91.fr\/blog\/des-freres-jumeaux-bixente-lizarazu-en-vacances-avec-son-fils\/","og_locale":"fr_FR","og_type":"article","og_title":"\"Des fr\u00e8res jumeaux\" : Bixente Lizarazu en vacances avec son fils ... - JUMEAUX91","og_description":"Par David Contreras | R\u00e9dacteur Addict aux s\u00e9ries sur les vampires et les zombies, il conna\u00eet tout sur vos stars pr\u00e9f\u00e9r\u00e9es, avec une petite pr\u00e9f\u00e9rence pour ce qui se passe outre-Atlantique. S\u2019il a le sang chaud des Espagnols, il garde tout de m\u00eame son humour bien fran\u00e7ais et ne recule jamais devant un jeu de&hellip; Poursuivre la lecture \u00ab\u00a0Des fr\u00e8res jumeaux\u00a0\u00bb : Bixente Lizarazu en vacances avec son fils &#8230;","og_url":"https:\/\/jumeaux91.fr\/blog\/des-freres-jumeaux-bixente-lizarazu-en-vacances-avec-son-fils\/","og_site_name":"JUMEAUX91","article_published_time":"2023-08-08T15:10:00+00:00","og_image":[{"url":"https:\/\/jumeaux91.fr\/blog\/wp-content\/uploads\/2025\/08\/des-freres-jumeaux-bixente-lizarazu-en-vacances-avec-son-fils.jpg","type":"","width":"","height":""}],"author":"Claude DAYRES","twitter_card":"summary_large_image","twitter_misc":{"\u00c9crit par":"Claude DAYRES","Dur\u00e9e de lecture estim\u00e9e":"3 minutes"},"schema":{"@context":"https:\/\/schema.org","@graph":[{"@type":"Article","@id":"https:\/\/jumeaux91.fr\/blog\/des-freres-jumeaux-bixente-lizarazu-en-vacances-avec-son-fils\/#article","isPartOf":{"@id":"https:\/\/jumeaux91.fr\/blog\/des-freres-jumeaux-bixente-lizarazu-en-vacances-avec-son-fils\/"},"author":{"name":"Claude DAYRES","@id":"https:\/\/jumeaux91.fr\/blog\/#\/schema\/person\/21da06e9f119b9f64e5d45dbbd32d3fb"},"headline":"\u00ab\u00a0Des fr\u00e8res jumeaux\u00a0\u00bb : Bixente Lizarazu en vacances avec son fils &#8230;","datePublished":"2023-08-08T15:10:00+00:00","mainEntityOfPage":{"@id":"https:\/\/jumeaux91.fr\/blog\/des-freres-jumeaux-bixente-lizarazu-en-vacances-avec-son-fils\/"},"wordCount":726,"publisher":{"@id":"https:\/\/jumeaux91.fr\/blog\/#organization"},"image":{"@id":"https:\/\/jumeaux91.fr\/blog\/des-freres-jumeaux-bixente-lizarazu-en-vacances-avec-son-fils\/#primaryimage"},"thumbnailUrl":"https:\/\/jumeaux91.fr\/blog\/wp-content\/uploads\/2025\/08\/des-freres-jumeaux-bixente-lizarazu-en-vacances-avec-son-fils.jpg","articleSection":["Posts Fr\u00e8res Jumeaux De L'Essonnes:"],"inLanguage":"fr-FR"},{"@type":"WebPage","@id":"https:\/\/jumeaux91.fr\/blog\/des-freres-jumeaux-bixente-lizarazu-en-vacances-avec-son-fils\/","url":"https:\/\/jumeaux91.fr\/blog\/des-freres-jumeaux-bixente-lizarazu-en-vacances-avec-son-fils\/","name":"\"Des fr\u00e8res jumeaux\" : Bixente Lizarazu en vacances avec son fils ... - JUMEAUX91","isPartOf":{"@id":"https:\/\/jumeaux91.fr\/blog\/#website"},"primaryImageOfPage":{"@id":"https:\/\/jumeaux91.fr\/blog\/des-freres-jumeaux-bixente-lizarazu-en-vacances-avec-son-fils\/#primaryimage"},"image":{"@id":"https:\/\/jumeaux91.fr\/blog\/des-freres-jumeaux-bixente-lizarazu-en-vacances-avec-son-fils\/#primaryimage"},"thumbnailUrl":"https:\/\/jumeaux91.fr\/blog\/wp-content\/uploads\/2025\/08\/des-freres-jumeaux-bixente-lizarazu-en-vacances-avec-son-fils.jpg","datePublished":"2023-08-08T15:10:00+00:00","breadcrumb":{"@id":"https:\/\/jumeaux91.fr\/blog\/des-freres-jumeaux-bixente-lizarazu-en-vacances-avec-son-fils\/#breadcrumb"},"inLanguage":"fr-FR","potentialAction":[{"@type":"ReadAction","target":["https:\/\/jumeaux91.fr\/blog\/des-freres-jumeaux-bixente-lizarazu-en-vacances-avec-son-fils\/"]}]},{"@type":"ImageObject","inLanguage":"fr-FR","@id":"https:\/\/jumeaux91.fr\/blog\/des-freres-jumeaux-bixente-lizarazu-en-vacances-avec-son-fils\/#primaryimage","url":"https:\/\/jumeaux91.fr\/blog\/wp-content\/uploads\/2025\/08\/des-freres-jumeaux-bixente-lizarazu-en-vacances-avec-son-fils.jpg","contentUrl":"https:\/\/jumeaux91.fr\/blog\/wp-content\/uploads\/2025\/08\/des-freres-jumeaux-bixente-lizarazu-en-vacances-avec-son-fils.jpg","width":35,"height":35,"caption":"\"Des fr\u00e8res jumeaux\" : Bixente Lizarazu en vacances avec son fils ..."},{"@type":"BreadcrumbList","@id":"https:\/\/jumeaux91.fr\/blog\/des-freres-jumeaux-bixente-lizarazu-en-vacances-avec-son-fils\/#breadcrumb","itemListElement":[{"@type":"ListItem","position":1,"name":"Accueil","item":"https:\/\/jumeaux91.fr\/blog\/"},{"@type":"ListItem","position":2,"name":"\u00ab\u00a0Des fr\u00e8res jumeaux\u00a0\u00bb : Bixente Lizarazu en vacances avec son fils &#8230;"}]},{"@type":"WebSite","@id":"https:\/\/jumeaux91.fr\/blog\/#website","url":"https:\/\/jumeaux91.fr\/blog\/","name":"JUMEAUX91","description":"Fr\u00e8res jumeaux de l&#039;Essonnes; informations et archives, \u00e0 savoir et retenir.","publisher":{"@id":"https:\/\/jumeaux91.fr\/blog\/#organization"},"potentialAction":[{"@type":"SearchAction","target":{"@type":"EntryPoint","urlTemplate":"https:\/\/jumeaux91.fr\/blog\/?s={search_term_string}"},"query-input":{"@type":"PropertyValueSpecification","valueRequired":true,"valueName":"search_term_string"}}],"inLanguage":"fr-FR"},{"@type":"Organization","@id":"https:\/\/jumeaux91.fr\/blog\/#organization","name":"jumeaux91","url":"https:\/\/jumeaux91.fr\/blog\/","logo":{"@type":"ImageObject","inLanguage":"fr-FR","@id":"https:\/\/jumeaux91.fr\/blog\/#\/schema\/logo\/image\/","url":"https:\/\/jumeaux91.fr\/blog\/wp-content\/uploads\/2023\/05\/cropped-cropped-logoJ_91.png","contentUrl":"https:\/\/jumeaux91.fr\/blog\/wp-content\/uploads\/2023\/05\/cropped-cropped-logoJ_91.png","width":512,"height":512,"caption":"jumeaux91"},"image":{"@id":"https:\/\/jumeaux91.fr\/blog\/#\/schema\/logo\/image\/"}},{"@type":"Person","@id":"https:\/\/jumeaux91.fr\/blog\/#\/schema\/person\/21da06e9f119b9f64e5d45dbbd32d3fb","name":"Claude DAYRES","image":{"@type":"ImageObject","inLanguage":"fr-FR","@id":"https:\/\/secure.gravatar.com\/avatar\/82eb951df6110a2c48d1bfa7a67d1ee6f0cd5df3cbf9c3586dd61e82db7172a5?s=96&d=mm&r=g","url":"https:\/\/secure.gravatar.com\/avatar\/82eb951df6110a2c48d1bfa7a67d1ee6f0cd5df3cbf9c3586dd61e82db7172a5?s=96&d=mm&r=g","contentUrl":"https:\/\/secure.gravatar.com\/avatar\/82eb951df6110a2c48d1bfa7a67d1ee6f0cd5df3cbf9c3586dd61e82db7172a5?s=96&d=mm&r=g","caption":"Claude DAYRES"},"url":"https:\/\/jumeaux91.fr\/blog\/author\/x91claude\/"}]}},"_links":{"self":[{"href":"https:\/\/jumeaux91.fr\/blog\/wp-json\/wp\/v2\/posts\/1548","targetHints":{"allow":["GET"]}}],"collection":[{"href":"https:\/\/jumeaux91.fr\/blog\/wp-json\/wp\/v2\/posts"}],"about":[{"href":"https:\/\/jumeaux91.fr\/blog\/wp-json\/wp\/v2\/types\/post"}],"author":[{"embeddable":true,"href":"https:\/\/jumeaux91.fr\/blog\/wp-json\/wp\/v2\/users\/2"}],"replies":[{"embeddable":true,"href":"https:\/\/jumeaux91.fr\/blog\/wp-json\/wp\/v2\/comments?post=1548"}],"version-history":[{"count":0,"href":"https:\/\/jumeaux91.fr\/blog\/wp-json\/wp\/v2\/posts\/1548\/revisions"}],"wp:featuredmedia":[{"embeddable":true,"href":"https:\/\/jumeaux91.fr\/blog\/wp-json\/wp\/v2\/media\/1549"}],"wp:attachment":[{"href":"https:\/\/jumeaux91.fr\/blog\/wp-json\/wp\/v2\/media?parent=1548"}],"wp:term":[{"taxonomy":"category","embeddable":true,"href":"https:\/\/jumeaux91.fr\/blog\/wp-json\/wp\/v2\/categories?post=1548"},{"taxonomy":"post_tag","embeddable":true,"href":"https:\/\/jumeaux91.fr\/blog\/wp-json\/wp\/v2\/tags?post=1548"}],"curies":[{"name":"wp","href":"https:\/\/api.w.org\/{rel}","templated":true}]}}