{"id":1550,"date":"2025-06-07T10:23:00","date_gmt":"2025-06-07T08:23:00","guid":{"rendered":"https:\/\/jumeaux91.fr\/blog\/les-celebres-jumeaux-winklevoss-veulent-faire-entrer-leur-plateforme\/"},"modified":"2025-06-07T10:23:00","modified_gmt":"2025-06-07T08:23:00","slug":"les-celebres-jumeaux-winklevoss-veulent-faire-entrer-leur-plateforme","status":"publish","type":"post","link":"https:\/\/jumeaux91.fr\/blog\/les-celebres-jumeaux-winklevoss-veulent-faire-entrer-leur-plateforme\/","title":{"rendered":"Les c\u00e9l\u00e8bres jumeaux Winklevoss veulent faire entrer leur plateforme &#8230;"},"content":{"rendered":"<div><img decoding=\"async\" src=\"https:\/\/jumeaux91.fr\/blog\/wp-content\/uploads\/2025\/08\/les-celebres-jumeaux-winklevoss-veulent-faire-entrer-leur-plateforme.jpg\" class=\"ff-og-image-inserted\"><\/div>\n<p>Un dossier d\u2019introduction \u00e0 la Bourse de New York a \u00e9t\u00e9 d\u00e9pos\u00e9 pour Gemini, entreprise fond\u00e9e par les fr\u00e8res milliardaires Cameron et Tyler Winklevoss, c\u00e9l\u00e8bres pour avoir accus\u00e9 Mark Zuckerberg de leur avoir vol\u00e9 l\u2019invention de Facebook.<\/p>\n<div data-agora-connect-urls=\"{&quot;baseUrl&quot;:&quot;https:\\\/\\\/connect.lefigaro.fr&quot;}\" data-component=\"fig-content-body\" data-context=\"was @visible\" data-id=\"bGVmaWdhcm8uZnJfXzFmMDQzNmQ0LWE0ODQtNjhkMi1iYWM2LTUzNTcwMjMwOTQ5ZV9fTmV3c0ZsYXNo\" data-module=\"fig-body\" data-premium=\"false\">\n<p class=\"fig-paragraph\">La plateforme&nbsp;<a href=\"http:\/\/www.lefigaro.fr\/secteur\/high-tech\/gemini-la-plateforme-des-jumeaux-milliardaires-cryptos-winklevoss-se-lance-en-france-20241119\" data-fig-type=\"NewsFlash\" data-gtm-custom-categorie=\"navigation\" data-gtm-custom-action=\"crossclick\" data-gtm-custom-label=\"Contextuel\" data-gtm-event=\"customEventSPE\" data-fig-domain=\"LEFIGARO\" target=\"_blank\" rel=\"nofollow\">Gemini<\/a>, sp\u00e9cialis\u00e9e dans les cryptomonnaies et fond\u00e9e en 2014 par les fr\u00e8res Cameron et Tyler Winklevoss, a d\u00e9pos\u00e9 son dossier d&rsquo;introduction en Bourse, a-t-elle annonc\u00e9 vendredi. La soci\u00e9t\u00e9 a d\u00e9pos\u00e9 des documents aupr\u00e8s du gendarme boursier am\u00e9ricain, la Securities and exchange commission (SEC), pour obtenir une cotation \u00e0 la Bourse de New York, a-t-elle indiqu\u00e9 dans un communiqu\u00e9.<\/p>\n<div class=\"fig-crosslinking fig-crosslinking--1 \">\n<p><span>\u00c0 d\u00e9couvrir<\/span><\/p>\n<\/p><\/div>\n<p class=\"fig-paragraph\">Selon le document, la demande a \u00e9t\u00e9 r\u00e9alis\u00e9e sous forme \u00abconfidentielle\u00bb, c&rsquo;est-\u00e0-dire que la soci\u00e9t\u00e9 n&rsquo;est pour le moment pas contrainte de publier ses r\u00e9sultats financiers. Elle n&rsquo;a pas fourni d&rsquo;indications sur le nombre d&rsquo;actions qu&rsquo;elle compte \u00e9mettre ni sur le montant qu&rsquo;elle compte lever \u00e0 l&rsquo;occasion de cette op\u00e9ration.<\/p>\n<p> <a class=\"fig-a11y-skip a11y-hidden\" href=\"https:\/\/www.lefigaro.fr\/secteur\/high-tech\/les-celebres-jumeaux-winklevoss-veulent-faire-entrer-leur-plateforme-de-cryptomonnaies-a-wall-street-20250607#fig-a11y-skip-main-inarticle\" target=\"_blank\" rel=\"nofollow\"> Passer la publicit\u00e9 <\/a> <\/p>\n<div class=\"fig-ad-content fig-ad-content--inarticle\" data-format=\"inarticle\" aria-hidden=\"true\">\n<p>   <span class=\"fig-ad-content__ad-placeholder-text\">Publicit\u00e9<\/span> <\/p>\n<\/div>\n<h2 class=\"fig-body-heading\" id=\"subhead-64145100-3597-4d4b-b3aa-96991af4244b\">Soutiens de Donald Trump<\/h2>\n<p class=\"fig-paragraph\">Il s&rsquo;agit d&rsquo;une nouvelle \u00e9tape dans le rapprochement des acteurs du secteur des cryptomonnaies avec Wall Street. Ainsi, Circle, cr\u00e9ateur de la cryptomonnaie USDC, a bondi vendredi de plus de 29% \u00e0 107,53 dollars vendredi \u00e0 la Bourse de New York \u00e0 l&rsquo;issue de son deuxi\u00e8me jour de cotation. La valeur de ses actions a plus que tripl\u00e9 par rapport au prix initial fix\u00e9 pour son introduction en Bourse. Gemini a \u00e9t\u00e9 cr\u00e9\u00e9 en 2014 par les fr\u00e8res jumeaux Cameron et Tyler Winklevoss, rendus c\u00e9l\u00e8bres par&nbsp;<a href=\"http:\/\/www.lefigaro.fr\/cinema\/mark-zuckerberg-est-devenu-un-obsede-du-pouvoir-selon-l-acteur-qui-l-a-incarne-dans-the-social-network-20250207\" data-fig-type=\"NewsFlash\" data-gtm-custom-categorie=\"navigation\" data-gtm-custom-action=\"crossclick\" data-gtm-custom-label=\"Contextuel\" data-gtm-event=\"customEventSPE\" data-fig-domain=\"LEFIGARO\" target=\"_blank\" rel=\"nofollow\">le film \u00abThe Social Network\u00bb<\/a>&nbsp;sur la naissance de Facebook.<\/p>\n<p class=\"fig-paragraph\">Les deux investisseurs ont&nbsp;<a href=\"http:\/\/www.lefigaro.fr\/conjoncture\/milliardaires-acteurs-de-la-crypto-elon-musk-comment-donald-trump-a-finance-sa-colossale-campagne-20241106\" data-fig-type=\"NewsFlash\" data-gtm-custom-categorie=\"navigation\" data-gtm-custom-action=\"crossclick\" data-gtm-custom-label=\"Contextuel\" data-gtm-event=\"customEventSPE\" data-fig-domain=\"LEFIGARO\" target=\"_blank\" rel=\"nofollow\">soutenu financi\u00e8rement Donald Trump<\/a>&nbsp;dans sa campagne pour \u00eatre r\u00e9\u00e9lu pr\u00e9sident des \u00c9tats-Unis, en critiquant la politique de Joe Biden \u00e0 l&rsquo;\u00e9gard des cryptomonnaies. S&rsquo;appuyant sur les r\u00e8gles existantes pour la finance classique, la SEC avait engag\u00e9, sous le mandat de Biden, plusieurs poursuites contre des plateformes de cryptomonnaies, dont Gemini. Cameron Winklevoss a assur\u00e9 en f\u00e9vrier dernier que le gendarme boursier avait \u00abclos son enqu\u00eate\u00bb sans poursuites.<\/p>\n<\/p><\/div>\n<p>La chronique se veut g\u00e9n\u00e9r\u00e9e de la fa\u00e7on la plus claire que possible. Dans le cas o\u00f9 vous souhaitez pr\u00e9senter des renseignements compl\u00e9mentaires \u00e0 cet article sur le sujet \u00ab\u00a0Fr\u00e8res jumeaux de l&rsquo;Essonnes\u00a0\u00bb il vous est possible d\u2019\u00e9crire aux contacts indiqu\u00e9s sur notre website. La raison d\u2019\u00eatre de jumeaux91.fr \u00e9tant de rassembler sur le web des posts sur le sujet de Fr\u00e8res jumeaux de l&rsquo;Essonnes puis les diffuser en r\u00e9pondant au mieux aux interrogations des gens. Vous pouvez tirer profit de cet article traitant le sujet \u00ab\u00a0Fr\u00e8res jumeaux de l&rsquo;Essonnes\u00a0\u00bb. Il est concoct\u00e9 par l\u2019\u00e9quipe jumeaux91.fr. Prochainement, nous rendrons accessibles au public d&rsquo;autres informations pertinentes sur le sujet \u00ab\u00a0Fr\u00e8res jumeaux de l&rsquo;Essonnes\u00a0\u00bb. Alors, consultez syst\u00e9matiquement notre blog.<\/p>\n","protected":false},"excerpt":{"rendered":"<p>Un dossier d\u2019introduction \u00e0 la Bourse de New York a \u00e9t\u00e9 d\u00e9pos\u00e9 pour Gemini, entreprise fond\u00e9e par les fr\u00e8res milliardaires Cameron et Tyler Winklevoss, c\u00e9l\u00e8bres pour avoir accus\u00e9 Mark Zuckerberg de leur avoir vol\u00e9 l\u2019invention de Facebook. La plateforme&nbsp;Gemini, sp\u00e9cialis\u00e9e dans les cryptomonnaies et fond\u00e9e en 2014 par les fr\u00e8res Cameron et Tyler Winklevoss, a&hellip; <a class=\"more-link\" href=\"https:\/\/jumeaux91.fr\/blog\/les-celebres-jumeaux-winklevoss-veulent-faire-entrer-leur-plateforme\/\">Poursuivre la lecture <span class=\"screen-reader-text\">Les c\u00e9l\u00e8bres jumeaux Winklevoss veulent faire entrer leur plateforme &#8230;<\/span><\/a><\/p>\n","protected":false},"author":2,"featured_media":1551,"comment_status":"closed","ping_status":"closed","sticky":false,"template":"","format":"standard","meta":{"footnotes":""},"categories":[4],"tags":[],"class_list":["post-1550","post","type-post","status-publish","format-standard","has-post-thumbnail","hentry","category-posts-freres-jumeaux-de-lessonnes","entry"],"yoast_head":"<!-- This site is optimized with the Yoast SEO plugin v27.5 - https:\/\/yoast.com\/product\/yoast-seo-wordpress\/ -->\n<title>Les c\u00e9l\u00e8bres jumeaux Winklevoss veulent faire entrer leur plateforme ... - JUMEAUX91<\/title>\n<meta name=\"robots\" content=\"index, follow, max-snippet:-1, max-image-preview:large, max-video-preview:-1\" \/>\n<link rel=\"canonical\" href=\"https:\/\/jumeaux91.fr\/blog\/les-celebres-jumeaux-winklevoss-veulent-faire-entrer-leur-plateforme\/\" \/>\n<meta property=\"og:locale\" content=\"fr_FR\" \/>\n<meta property=\"og:type\" content=\"article\" \/>\n<meta property=\"og:title\" content=\"Les c\u00e9l\u00e8bres jumeaux Winklevoss veulent faire entrer leur plateforme ... - JUMEAUX91\" \/>\n<meta property=\"og:description\" content=\"Un dossier d\u2019introduction \u00e0 la Bourse de New York a \u00e9t\u00e9 d\u00e9pos\u00e9 pour Gemini, entreprise fond\u00e9e par les fr\u00e8res milliardaires Cameron et Tyler Winklevoss, c\u00e9l\u00e8bres pour avoir accus\u00e9 Mark Zuckerberg de leur avoir vol\u00e9 l\u2019invention de Facebook. La plateforme&nbsp;Gemini, sp\u00e9cialis\u00e9e dans les cryptomonnaies et fond\u00e9e en 2014 par les fr\u00e8res Cameron et Tyler Winklevoss, a&hellip; Poursuivre la lecture Les c\u00e9l\u00e8bres jumeaux Winklevoss veulent faire entrer leur plateforme &#8230;\" \/>\n<meta property=\"og:url\" content=\"https:\/\/jumeaux91.fr\/blog\/les-celebres-jumeaux-winklevoss-veulent-faire-entrer-leur-plateforme\/\" \/>\n<meta property=\"og:site_name\" content=\"JUMEAUX91\" \/>\n<meta property=\"article:published_time\" content=\"2025-06-07T08:23:00+00:00\" \/>\n<meta property=\"og:image\" content=\"https:\/\/jumeaux91.fr\/blog\/wp-content\/uploads\/2025\/08\/les-celebres-jumeaux-winklevoss-veulent-faire-entrer-leur-plateforme.jpg\" \/>\n<meta name=\"author\" content=\"Claude DAYRES\" \/>\n<meta name=\"twitter:card\" content=\"summary_large_image\" \/>\n<meta name=\"twitter:label1\" content=\"\u00c9crit par\" \/>\n\t<meta name=\"twitter:data1\" content=\"Claude DAYRES\" \/>\n\t<meta name=\"twitter:label2\" content=\"Dur\u00e9e de lecture estim\u00e9e\" \/>\n\t<meta name=\"twitter:data2\" content=\"2 minutes\" \/>\n<script type=\"application\/ld+json\" class=\"yoast-schema-graph\">{\"@context\":\"https:\\\/\\\/schema.org\",\"@graph\":[{\"@type\":\"Article\",\"@id\":\"https:\\\/\\\/jumeaux91.fr\\\/blog\\\/les-celebres-jumeaux-winklevoss-veulent-faire-entrer-leur-plateforme\\\/#article\",\"isPartOf\":{\"@id\":\"https:\\\/\\\/jumeaux91.fr\\\/blog\\\/les-celebres-jumeaux-winklevoss-veulent-faire-entrer-leur-plateforme\\\/\"},\"author\":{\"name\":\"Claude DAYRES\",\"@id\":\"https:\\\/\\\/jumeaux91.fr\\\/blog\\\/#\\\/schema\\\/person\\\/21da06e9f119b9f64e5d45dbbd32d3fb\"},\"headline\":\"Les c\u00e9l\u00e8bres jumeaux Winklevoss veulent faire entrer leur plateforme &#8230;\",\"datePublished\":\"2025-06-07T08:23:00+00:00\",\"mainEntityOfPage\":{\"@id\":\"https:\\\/\\\/jumeaux91.fr\\\/blog\\\/les-celebres-jumeaux-winklevoss-veulent-faire-entrer-leur-plateforme\\\/\"},\"wordCount\":516,\"publisher\":{\"@id\":\"https:\\\/\\\/jumeaux91.fr\\\/blog\\\/#organization\"},\"image\":{\"@id\":\"https:\\\/\\\/jumeaux91.fr\\\/blog\\\/les-celebres-jumeaux-winklevoss-veulent-faire-entrer-leur-plateforme\\\/#primaryimage\"},\"thumbnailUrl\":\"https:\\\/\\\/jumeaux91.fr\\\/blog\\\/wp-content\\\/uploads\\\/2025\\\/08\\\/les-celebres-jumeaux-winklevoss-veulent-faire-entrer-leur-plateforme.jpg\",\"articleSection\":[\"Posts Fr\u00e8res Jumeaux De L'Essonnes:\"],\"inLanguage\":\"fr-FR\"},{\"@type\":\"WebPage\",\"@id\":\"https:\\\/\\\/jumeaux91.fr\\\/blog\\\/les-celebres-jumeaux-winklevoss-veulent-faire-entrer-leur-plateforme\\\/\",\"url\":\"https:\\\/\\\/jumeaux91.fr\\\/blog\\\/les-celebres-jumeaux-winklevoss-veulent-faire-entrer-leur-plateforme\\\/\",\"name\":\"Les c\u00e9l\u00e8bres jumeaux Winklevoss veulent faire entrer leur plateforme ... - JUMEAUX91\",\"isPartOf\":{\"@id\":\"https:\\\/\\\/jumeaux91.fr\\\/blog\\\/#website\"},\"primaryImageOfPage\":{\"@id\":\"https:\\\/\\\/jumeaux91.fr\\\/blog\\\/les-celebres-jumeaux-winklevoss-veulent-faire-entrer-leur-plateforme\\\/#primaryimage\"},\"image\":{\"@id\":\"https:\\\/\\\/jumeaux91.fr\\\/blog\\\/les-celebres-jumeaux-winklevoss-veulent-faire-entrer-leur-plateforme\\\/#primaryimage\"},\"thumbnailUrl\":\"https:\\\/\\\/jumeaux91.fr\\\/blog\\\/wp-content\\\/uploads\\\/2025\\\/08\\\/les-celebres-jumeaux-winklevoss-veulent-faire-entrer-leur-plateforme.jpg\",\"datePublished\":\"2025-06-07T08:23:00+00:00\",\"breadcrumb\":{\"@id\":\"https:\\\/\\\/jumeaux91.fr\\\/blog\\\/les-celebres-jumeaux-winklevoss-veulent-faire-entrer-leur-plateforme\\\/#breadcrumb\"},\"inLanguage\":\"fr-FR\",\"potentialAction\":[{\"@type\":\"ReadAction\",\"target\":[\"https:\\\/\\\/jumeaux91.fr\\\/blog\\\/les-celebres-jumeaux-winklevoss-veulent-faire-entrer-leur-plateforme\\\/\"]}]},{\"@type\":\"ImageObject\",\"inLanguage\":\"fr-FR\",\"@id\":\"https:\\\/\\\/jumeaux91.fr\\\/blog\\\/les-celebres-jumeaux-winklevoss-veulent-faire-entrer-leur-plateforme\\\/#primaryimage\",\"url\":\"https:\\\/\\\/jumeaux91.fr\\\/blog\\\/wp-content\\\/uploads\\\/2025\\\/08\\\/les-celebres-jumeaux-winklevoss-veulent-faire-entrer-leur-plateforme.jpg\",\"contentUrl\":\"https:\\\/\\\/jumeaux91.fr\\\/blog\\\/wp-content\\\/uploads\\\/2025\\\/08\\\/les-celebres-jumeaux-winklevoss-veulent-faire-entrer-leur-plateforme.jpg\",\"width\":1200,\"height\":630,\"caption\":\"Les c\u00e9l\u00e8bres jumeaux Winklevoss veulent faire entrer leur plateforme ...\"},{\"@type\":\"BreadcrumbList\",\"@id\":\"https:\\\/\\\/jumeaux91.fr\\\/blog\\\/les-celebres-jumeaux-winklevoss-veulent-faire-entrer-leur-plateforme\\\/#breadcrumb\",\"itemListElement\":[{\"@type\":\"ListItem\",\"position\":1,\"name\":\"Accueil\",\"item\":\"https:\\\/\\\/jumeaux91.fr\\\/blog\\\/\"},{\"@type\":\"ListItem\",\"position\":2,\"name\":\"Les c\u00e9l\u00e8bres jumeaux Winklevoss veulent faire entrer leur plateforme &#8230;\"}]},{\"@type\":\"WebSite\",\"@id\":\"https:\\\/\\\/jumeaux91.fr\\\/blog\\\/#website\",\"url\":\"https:\\\/\\\/jumeaux91.fr\\\/blog\\\/\",\"name\":\"JUMEAUX91\",\"description\":\"Fr\u00e8res jumeaux de l&#039;Essonnes; informations et archives, \u00e0 savoir et retenir.\",\"publisher\":{\"@id\":\"https:\\\/\\\/jumeaux91.fr\\\/blog\\\/#organization\"},\"potentialAction\":[{\"@type\":\"SearchAction\",\"target\":{\"@type\":\"EntryPoint\",\"urlTemplate\":\"https:\\\/\\\/jumeaux91.fr\\\/blog\\\/?s={search_term_string}\"},\"query-input\":{\"@type\":\"PropertyValueSpecification\",\"valueRequired\":true,\"valueName\":\"search_term_string\"}}],\"inLanguage\":\"fr-FR\"},{\"@type\":\"Organization\",\"@id\":\"https:\\\/\\\/jumeaux91.fr\\\/blog\\\/#organization\",\"name\":\"jumeaux91\",\"url\":\"https:\\\/\\\/jumeaux91.fr\\\/blog\\\/\",\"logo\":{\"@type\":\"ImageObject\",\"inLanguage\":\"fr-FR\",\"@id\":\"https:\\\/\\\/jumeaux91.fr\\\/blog\\\/#\\\/schema\\\/logo\\\/image\\\/\",\"url\":\"https:\\\/\\\/jumeaux91.fr\\\/blog\\\/wp-content\\\/uploads\\\/2023\\\/05\\\/cropped-cropped-logoJ_91.png\",\"contentUrl\":\"https:\\\/\\\/jumeaux91.fr\\\/blog\\\/wp-content\\\/uploads\\\/2023\\\/05\\\/cropped-cropped-logoJ_91.png\",\"width\":512,\"height\":512,\"caption\":\"jumeaux91\"},\"image\":{\"@id\":\"https:\\\/\\\/jumeaux91.fr\\\/blog\\\/#\\\/schema\\\/logo\\\/image\\\/\"}},{\"@type\":\"Person\",\"@id\":\"https:\\\/\\\/jumeaux91.fr\\\/blog\\\/#\\\/schema\\\/person\\\/21da06e9f119b9f64e5d45dbbd32d3fb\",\"name\":\"Claude DAYRES\",\"image\":{\"@type\":\"ImageObject\",\"inLanguage\":\"fr-FR\",\"@id\":\"https:\\\/\\\/secure.gravatar.com\\\/avatar\\\/82eb951df6110a2c48d1bfa7a67d1ee6f0cd5df3cbf9c3586dd61e82db7172a5?s=96&d=mm&r=g\",\"url\":\"https:\\\/\\\/secure.gravatar.com\\\/avatar\\\/82eb951df6110a2c48d1bfa7a67d1ee6f0cd5df3cbf9c3586dd61e82db7172a5?s=96&d=mm&r=g\",\"contentUrl\":\"https:\\\/\\\/secure.gravatar.com\\\/avatar\\\/82eb951df6110a2c48d1bfa7a67d1ee6f0cd5df3cbf9c3586dd61e82db7172a5?s=96&d=mm&r=g\",\"caption\":\"Claude DAYRES\"},\"url\":\"https:\\\/\\\/jumeaux91.fr\\\/blog\\\/author\\\/x91claude\\\/\"}]}<\/script>\n<!-- \/ Yoast SEO plugin. -->","yoast_head_json":{"title":"Les c\u00e9l\u00e8bres jumeaux Winklevoss veulent faire entrer leur plateforme ... - JUMEAUX91","robots":{"index":"index","follow":"follow","max-snippet":"max-snippet:-1","max-image-preview":"max-image-preview:large","max-video-preview":"max-video-preview:-1"},"canonical":"https:\/\/jumeaux91.fr\/blog\/les-celebres-jumeaux-winklevoss-veulent-faire-entrer-leur-plateforme\/","og_locale":"fr_FR","og_type":"article","og_title":"Les c\u00e9l\u00e8bres jumeaux Winklevoss veulent faire entrer leur plateforme ... - JUMEAUX91","og_description":"Un dossier d\u2019introduction \u00e0 la Bourse de New York a \u00e9t\u00e9 d\u00e9pos\u00e9 pour Gemini, entreprise fond\u00e9e par les fr\u00e8res milliardaires Cameron et Tyler Winklevoss, c\u00e9l\u00e8bres pour avoir accus\u00e9 Mark Zuckerberg de leur avoir vol\u00e9 l\u2019invention de Facebook. La plateforme&nbsp;Gemini, sp\u00e9cialis\u00e9e dans les cryptomonnaies et fond\u00e9e en 2014 par les fr\u00e8res Cameron et Tyler Winklevoss, a&hellip; Poursuivre la lecture Les c\u00e9l\u00e8bres jumeaux Winklevoss veulent faire entrer leur plateforme &#8230;","og_url":"https:\/\/jumeaux91.fr\/blog\/les-celebres-jumeaux-winklevoss-veulent-faire-entrer-leur-plateforme\/","og_site_name":"JUMEAUX91","article_published_time":"2025-06-07T08:23:00+00:00","og_image":[{"url":"https:\/\/jumeaux91.fr\/blog\/wp-content\/uploads\/2025\/08\/les-celebres-jumeaux-winklevoss-veulent-faire-entrer-leur-plateforme.jpg","type":"","width":"","height":""}],"author":"Claude DAYRES","twitter_card":"summary_large_image","twitter_misc":{"\u00c9crit par":"Claude DAYRES","Dur\u00e9e de lecture estim\u00e9e":"2 minutes"},"schema":{"@context":"https:\/\/schema.org","@graph":[{"@type":"Article","@id":"https:\/\/jumeaux91.fr\/blog\/les-celebres-jumeaux-winklevoss-veulent-faire-entrer-leur-plateforme\/#article","isPartOf":{"@id":"https:\/\/jumeaux91.fr\/blog\/les-celebres-jumeaux-winklevoss-veulent-faire-entrer-leur-plateforme\/"},"author":{"name":"Claude DAYRES","@id":"https:\/\/jumeaux91.fr\/blog\/#\/schema\/person\/21da06e9f119b9f64e5d45dbbd32d3fb"},"headline":"Les c\u00e9l\u00e8bres jumeaux Winklevoss veulent faire entrer leur plateforme &#8230;","datePublished":"2025-06-07T08:23:00+00:00","mainEntityOfPage":{"@id":"https:\/\/jumeaux91.fr\/blog\/les-celebres-jumeaux-winklevoss-veulent-faire-entrer-leur-plateforme\/"},"wordCount":516,"publisher":{"@id":"https:\/\/jumeaux91.fr\/blog\/#organization"},"image":{"@id":"https:\/\/jumeaux91.fr\/blog\/les-celebres-jumeaux-winklevoss-veulent-faire-entrer-leur-plateforme\/#primaryimage"},"thumbnailUrl":"https:\/\/jumeaux91.fr\/blog\/wp-content\/uploads\/2025\/08\/les-celebres-jumeaux-winklevoss-veulent-faire-entrer-leur-plateforme.jpg","articleSection":["Posts Fr\u00e8res Jumeaux De L'Essonnes:"],"inLanguage":"fr-FR"},{"@type":"WebPage","@id":"https:\/\/jumeaux91.fr\/blog\/les-celebres-jumeaux-winklevoss-veulent-faire-entrer-leur-plateforme\/","url":"https:\/\/jumeaux91.fr\/blog\/les-celebres-jumeaux-winklevoss-veulent-faire-entrer-leur-plateforme\/","name":"Les c\u00e9l\u00e8bres jumeaux Winklevoss veulent faire entrer leur plateforme ... - JUMEAUX91","isPartOf":{"@id":"https:\/\/jumeaux91.fr\/blog\/#website"},"primaryImageOfPage":{"@id":"https:\/\/jumeaux91.fr\/blog\/les-celebres-jumeaux-winklevoss-veulent-faire-entrer-leur-plateforme\/#primaryimage"},"image":{"@id":"https:\/\/jumeaux91.fr\/blog\/les-celebres-jumeaux-winklevoss-veulent-faire-entrer-leur-plateforme\/#primaryimage"},"thumbnailUrl":"https:\/\/jumeaux91.fr\/blog\/wp-content\/uploads\/2025\/08\/les-celebres-jumeaux-winklevoss-veulent-faire-entrer-leur-plateforme.jpg","datePublished":"2025-06-07T08:23:00+00:00","breadcrumb":{"@id":"https:\/\/jumeaux91.fr\/blog\/les-celebres-jumeaux-winklevoss-veulent-faire-entrer-leur-plateforme\/#breadcrumb"},"inLanguage":"fr-FR","potentialAction":[{"@type":"ReadAction","target":["https:\/\/jumeaux91.fr\/blog\/les-celebres-jumeaux-winklevoss-veulent-faire-entrer-leur-plateforme\/"]}]},{"@type":"ImageObject","inLanguage":"fr-FR","@id":"https:\/\/jumeaux91.fr\/blog\/les-celebres-jumeaux-winklevoss-veulent-faire-entrer-leur-plateforme\/#primaryimage","url":"https:\/\/jumeaux91.fr\/blog\/wp-content\/uploads\/2025\/08\/les-celebres-jumeaux-winklevoss-veulent-faire-entrer-leur-plateforme.jpg","contentUrl":"https:\/\/jumeaux91.fr\/blog\/wp-content\/uploads\/2025\/08\/les-celebres-jumeaux-winklevoss-veulent-faire-entrer-leur-plateforme.jpg","width":1200,"height":630,"caption":"Les c\u00e9l\u00e8bres jumeaux Winklevoss veulent faire entrer leur plateforme ..."},{"@type":"BreadcrumbList","@id":"https:\/\/jumeaux91.fr\/blog\/les-celebres-jumeaux-winklevoss-veulent-faire-entrer-leur-plateforme\/#breadcrumb","itemListElement":[{"@type":"ListItem","position":1,"name":"Accueil","item":"https:\/\/jumeaux91.fr\/blog\/"},{"@type":"ListItem","position":2,"name":"Les c\u00e9l\u00e8bres jumeaux Winklevoss veulent faire entrer leur plateforme &#8230;"}]},{"@type":"WebSite","@id":"https:\/\/jumeaux91.fr\/blog\/#website","url":"https:\/\/jumeaux91.fr\/blog\/","name":"JUMEAUX91","description":"Fr\u00e8res jumeaux de l&#039;Essonnes; informations et archives, \u00e0 savoir et retenir.","publisher":{"@id":"https:\/\/jumeaux91.fr\/blog\/#organization"},"potentialAction":[{"@type":"SearchAction","target":{"@type":"EntryPoint","urlTemplate":"https:\/\/jumeaux91.fr\/blog\/?s={search_term_string}"},"query-input":{"@type":"PropertyValueSpecification","valueRequired":true,"valueName":"search_term_string"}}],"inLanguage":"fr-FR"},{"@type":"Organization","@id":"https:\/\/jumeaux91.fr\/blog\/#organization","name":"jumeaux91","url":"https:\/\/jumeaux91.fr\/blog\/","logo":{"@type":"ImageObject","inLanguage":"fr-FR","@id":"https:\/\/jumeaux91.fr\/blog\/#\/schema\/logo\/image\/","url":"https:\/\/jumeaux91.fr\/blog\/wp-content\/uploads\/2023\/05\/cropped-cropped-logoJ_91.png","contentUrl":"https:\/\/jumeaux91.fr\/blog\/wp-content\/uploads\/2023\/05\/cropped-cropped-logoJ_91.png","width":512,"height":512,"caption":"jumeaux91"},"image":{"@id":"https:\/\/jumeaux91.fr\/blog\/#\/schema\/logo\/image\/"}},{"@type":"Person","@id":"https:\/\/jumeaux91.fr\/blog\/#\/schema\/person\/21da06e9f119b9f64e5d45dbbd32d3fb","name":"Claude DAYRES","image":{"@type":"ImageObject","inLanguage":"fr-FR","@id":"https:\/\/secure.gravatar.com\/avatar\/82eb951df6110a2c48d1bfa7a67d1ee6f0cd5df3cbf9c3586dd61e82db7172a5?s=96&d=mm&r=g","url":"https:\/\/secure.gravatar.com\/avatar\/82eb951df6110a2c48d1bfa7a67d1ee6f0cd5df3cbf9c3586dd61e82db7172a5?s=96&d=mm&r=g","contentUrl":"https:\/\/secure.gravatar.com\/avatar\/82eb951df6110a2c48d1bfa7a67d1ee6f0cd5df3cbf9c3586dd61e82db7172a5?s=96&d=mm&r=g","caption":"Claude DAYRES"},"url":"https:\/\/jumeaux91.fr\/blog\/author\/x91claude\/"}]}},"_links":{"self":[{"href":"https:\/\/jumeaux91.fr\/blog\/wp-json\/wp\/v2\/posts\/1550","targetHints":{"allow":["GET"]}}],"collection":[{"href":"https:\/\/jumeaux91.fr\/blog\/wp-json\/wp\/v2\/posts"}],"about":[{"href":"https:\/\/jumeaux91.fr\/blog\/wp-json\/wp\/v2\/types\/post"}],"author":[{"embeddable":true,"href":"https:\/\/jumeaux91.fr\/blog\/wp-json\/wp\/v2\/users\/2"}],"replies":[{"embeddable":true,"href":"https:\/\/jumeaux91.fr\/blog\/wp-json\/wp\/v2\/comments?post=1550"}],"version-history":[{"count":0,"href":"https:\/\/jumeaux91.fr\/blog\/wp-json\/wp\/v2\/posts\/1550\/revisions"}],"wp:featuredmedia":[{"embeddable":true,"href":"https:\/\/jumeaux91.fr\/blog\/wp-json\/wp\/v2\/media\/1551"}],"wp:attachment":[{"href":"https:\/\/jumeaux91.fr\/blog\/wp-json\/wp\/v2\/media?parent=1550"}],"wp:term":[{"taxonomy":"category","embeddable":true,"href":"https:\/\/jumeaux91.fr\/blog\/wp-json\/wp\/v2\/categories?post=1550"},{"taxonomy":"post_tag","embeddable":true,"href":"https:\/\/jumeaux91.fr\/blog\/wp-json\/wp\/v2\/tags?post=1550"}],"curies":[{"name":"wp","href":"https:\/\/api.w.org\/{rel}","templated":true}]}}