{"id":1554,"date":"2025-08-16T12:02:00","date_gmt":"2025-08-16T10:02:00","guid":{"rendered":"https:\/\/jumeaux91.fr\/blog\/motocross-des-nations-les-freres-coenen-lucas-et-sacha-ainsi-que-liam-everts-defendront-les-couleurs-belges\/"},"modified":"2025-08-16T12:02:00","modified_gmt":"2025-08-16T10:02:00","slug":"motocross-des-nations-les-freres-coenen-lucas-et-sacha-ainsi-que-liam-everts-defendront-les-couleurs-belges","status":"publish","type":"post","link":"https:\/\/jumeaux91.fr\/blog\/motocross-des-nations-les-freres-coenen-lucas-et-sacha-ainsi-que-liam-everts-defendront-les-couleurs-belges\/","title":{"rendered":"Motocross des Nations &#8211; Les fr\u00e8res Coenen, Lucas et Sacha, ainsi que Liam Everts d\u00e9fendront les couleurs belges"},"content":{"rendered":"<p class=\"ap-StoryElement ap-StoryElement--mb ap-StoryText\">L&rsquo;\u00e9dition 2025 effectue son retour aux \u00c9tats-Unis et se d\u00e9roulera sur le circuit Ironman \u00e0 Crawfordsville d&rsquo;Indianapolis avant de revenir en Europe, \u00e0 Ern\u00e9e en France en 2026.<\/p>\n<p class=\"ap-StoryElement ap-StoryElement--mb ap-StoryText\">L&rsquo;Australie avait remport\u00e9 la 77e \u00e9dition \u00e0 Matterley Basin en Angleterre l&rsquo;an dernier. La Belgique avait d\u00fb se contenter de la 16e place.<\/p>\n<p class=\"ap-StoryElement ap-StoryElement--mb ap-StoryText\">Les Am\u00e9ricains ont annonc\u00e9 aussi leur formation, et se pr\u00e9sentent en grandissimes favoris pour tenter de r\u00e9cup\u00e9rer un titre qui leur \u00e9chappe depuis 2022 lorsqu&rsquo;ils l&rsquo;avaient emport\u00e9 chez eux, \u00e0 RedBud.<\/p>\n<p class=\"ap-StoryElement ap-StoryElement--mb ap-StoryText\">Chase Sexton et Eli Tomac, d\u00e9j\u00e0 membres de l&rsquo;\u00e9quipe victorieuse en 2022 ainsi que Haiden Deegan, ma\u00eetre absolu des 250cc outre-Atlantique ont \u00e9t\u00e9 s\u00e9lectionn\u00e9s pour accomplir cette mission.<\/p>\n<p class=\"ap-StoryElement ap-StoryElement--mb ap-StoryText\">La Belgique qui a inscrit \u00e0 quinze reprises son nom au palmar\u00e8s ne s&rsquo;est plus impos\u00e9e depuis 2013. Les \u00c9tats-Unis ont remport\u00e9 le plus de victoires avec 23 succ\u00e8s devant la Grande-Bretagne 16. La France avait remport\u00e9 l&rsquo;\u00e9dition 2023 disput\u00e9e \u00e0 Ern\u00e9e en France.<\/p>\n<div class=\"ap-StoryElement ap-StoryElement--mb ap-StoryIllu\">\n<div class=\"mx-auto relative mt-2 mb-4 xs:mr-4 xs:float-left xs:w-2\/6\">\n<figure class>\n<div class=\"ap-StoryIllu-image ap-StoryIllu-imagePrint\">\n<div class=\"relative ap-Print-bgImage ux-placeholderBg overflow-hidden\"><img decoding=\"async\" class=\"w-full lazyload lazyload--opacity object-contain\" alt=\"Motocross des Nations - Les fr\u00e8res Coenen, Lucas et Sacha, ainsi que Liam Everts d\u00e9fendront les couleurs belges\" width=\"512\" height=\"342\" src=\"https:\/\/jumeaux91.fr\/blog\/wp-content\/uploads\/2025\/08\/motocross-des-nations-les-freres-coenen-lucas-et-sacha-ainsi-que-liam-everts-defendront-les-couleurs-belges.png\" data-src=\"\/resizer\/x-Moiomy0TRzPNG9g4N8SVd5WM0=\/arc-photo-ipmgroup\/eu-central-1-prod\/public\/S5VKD3X55FFF3BW6V4SEHXNP7I.png\" data-srcset=\"https:\/\/www.dhnet.be\/resizer\/v2\/APY6CEYE5JD5ZLDM5TFVLFIN7Q.jpg?auth=e05651e64cf1dfa302a6f9a320e98b14d3c2bb78e2e09d47b5e324d663fe3707&amp;width=512&amp;height=342&amp;quality=85&amp;focal=256%2C171 512w\" data-sizes=\"auto\" data-optimumx=\"1\"><img decoding=\"async\" src=\"https:\/\/www.dhnet.be\/resizer\/v2\/APY6CEYE5JD5ZLDM5TFVLFIN7Q.jpg?auth=e05651e64cf1dfa302a6f9a320e98b14d3c2bb78e2e09d47b5e324d663fe3707&amp;width=512&amp;height=342&amp;quality=85&amp;focal=256%2C171\" width=\"512\" height=\"342\" alt=\"Motocross des Nations - Les fr\u00e8res Coenen, Lucas et Sacha, ainsi que Liam Everts d\u00e9fendront les couleurs belges\" class=\"absolute inset-0 w-full\"><\/div>\n<\/div>\n<\/figure>\n<\/div>\n<\/div>\n<p>La chronique se veut g\u00e9n\u00e9r\u00e9e de la fa\u00e7on la plus claire que possible. Dans le cas o\u00f9 vous souhaitez pr\u00e9senter des renseignements compl\u00e9mentaires \u00e0 cet article sur le sujet \u00ab\u00a0Fr\u00e8res jumeaux de l&rsquo;Essonnes\u00a0\u00bb il vous est possible d\u2019\u00e9crire aux contacts indiqu\u00e9s sur notre website. La raison d\u2019\u00eatre de jumeaux91.fr \u00e9tant de rassembler sur le web des posts sur le sujet de Fr\u00e8res jumeaux de l&rsquo;Essonnes puis les diffuser en r\u00e9pondant au mieux aux interrogations des gens. Vous pouvez tirer profit de cet article traitant le sujet \u00ab\u00a0Fr\u00e8res jumeaux de l&rsquo;Essonnes\u00a0\u00bb. Il est concoct\u00e9 par l\u2019\u00e9quipe jumeaux91.fr. Prochainement, nous rendrons accessibles au public d&rsquo;autres informations pertinentes sur le sujet \u00ab\u00a0Fr\u00e8res jumeaux de l&rsquo;Essonnes\u00a0\u00bb. Alors, consultez syst\u00e9matiquement notre blog.<\/p>\n","protected":false},"excerpt":{"rendered":"<p>L&rsquo;\u00e9dition 2025 effectue son retour aux \u00c9tats-Unis et se d\u00e9roulera sur le circuit Ironman \u00e0 Crawfordsville d&rsquo;Indianapolis avant de revenir en Europe, \u00e0 Ern\u00e9e en France en 2026. L&rsquo;Australie avait remport\u00e9 la 77e \u00e9dition \u00e0 Matterley Basin en Angleterre l&rsquo;an dernier. La Belgique avait d\u00fb se contenter de la 16e place. Les Am\u00e9ricains ont annonc\u00e9&hellip; <a class=\"more-link\" href=\"https:\/\/jumeaux91.fr\/blog\/motocross-des-nations-les-freres-coenen-lucas-et-sacha-ainsi-que-liam-everts-defendront-les-couleurs-belges\/\">Poursuivre la lecture <span class=\"screen-reader-text\">Motocross des Nations &#8211; Les fr\u00e8res Coenen, Lucas et Sacha, ainsi que Liam Everts d\u00e9fendront les couleurs belges<\/span><\/a><\/p>\n","protected":false},"author":2,"featured_media":1555,"comment_status":"closed","ping_status":"closed","sticky":false,"template":"","format":"standard","meta":{"footnotes":""},"categories":[4],"tags":[],"class_list":["post-1554","post","type-post","status-publish","format-standard","has-post-thumbnail","hentry","category-posts-freres-jumeaux-de-lessonnes","entry"],"yoast_head":"<!-- This site is optimized with the Yoast SEO plugin v27.5 - https:\/\/yoast.com\/product\/yoast-seo-wordpress\/ -->\n<title>Motocross des Nations - Les fr\u00e8res Coenen, Lucas et Sacha, ainsi que Liam Everts d\u00e9fendront les couleurs belges - JUMEAUX91<\/title>\n<meta name=\"robots\" content=\"index, follow, max-snippet:-1, max-image-preview:large, max-video-preview:-1\" \/>\n<link rel=\"canonical\" href=\"https:\/\/jumeaux91.fr\/blog\/motocross-des-nations-les-freres-coenen-lucas-et-sacha-ainsi-que-liam-everts-defendront-les-couleurs-belges\/\" \/>\n<meta property=\"og:locale\" content=\"fr_FR\" \/>\n<meta property=\"og:type\" content=\"article\" \/>\n<meta property=\"og:title\" content=\"Motocross des Nations - Les fr\u00e8res Coenen, Lucas et Sacha, ainsi que Liam Everts d\u00e9fendront les couleurs belges - JUMEAUX91\" \/>\n<meta property=\"og:description\" content=\"L&rsquo;\u00e9dition 2025 effectue son retour aux \u00c9tats-Unis et se d\u00e9roulera sur le circuit Ironman \u00e0 Crawfordsville d&rsquo;Indianapolis avant de revenir en Europe, \u00e0 Ern\u00e9e en France en 2026. L&rsquo;Australie avait remport\u00e9 la 77e \u00e9dition \u00e0 Matterley Basin en Angleterre l&rsquo;an dernier. La Belgique avait d\u00fb se contenter de la 16e place. Les Am\u00e9ricains ont annonc\u00e9&hellip; Poursuivre la lecture Motocross des Nations &#8211; Les fr\u00e8res Coenen, Lucas et Sacha, ainsi que Liam Everts d\u00e9fendront les couleurs belges\" \/>\n<meta property=\"og:url\" content=\"https:\/\/jumeaux91.fr\/blog\/motocross-des-nations-les-freres-coenen-lucas-et-sacha-ainsi-que-liam-everts-defendront-les-couleurs-belges\/\" \/>\n<meta property=\"og:site_name\" content=\"JUMEAUX91\" \/>\n<meta property=\"article:published_time\" content=\"2025-08-16T10:02:00+00:00\" \/>\n<meta property=\"og:image\" content=\"https:\/\/jumeaux91.fr\/blog\/wp-content\/uploads\/2025\/08\/motocross-des-nations-les-freres-coenen-lucas-et-sacha-ainsi-que-liam-everts-defendront-les-couleurs-belges.png\" \/>\n<meta name=\"author\" content=\"Claude DAYRES\" \/>\n<meta name=\"twitter:card\" content=\"summary_large_image\" \/>\n<meta name=\"twitter:label1\" content=\"\u00c9crit par\" \/>\n\t<meta name=\"twitter:data1\" content=\"Claude DAYRES\" \/>\n\t<meta name=\"twitter:label2\" content=\"Dur\u00e9e de lecture estim\u00e9e\" \/>\n\t<meta name=\"twitter:data2\" content=\"1 minute\" \/>\n<script type=\"application\/ld+json\" class=\"yoast-schema-graph\">{\"@context\":\"https:\\\/\\\/schema.org\",\"@graph\":[{\"@type\":\"Article\",\"@id\":\"https:\\\/\\\/jumeaux91.fr\\\/blog\\\/motocross-des-nations-les-freres-coenen-lucas-et-sacha-ainsi-que-liam-everts-defendront-les-couleurs-belges\\\/#article\",\"isPartOf\":{\"@id\":\"https:\\\/\\\/jumeaux91.fr\\\/blog\\\/motocross-des-nations-les-freres-coenen-lucas-et-sacha-ainsi-que-liam-everts-defendront-les-couleurs-belges\\\/\"},\"author\":{\"name\":\"Claude DAYRES\",\"@id\":\"https:\\\/\\\/jumeaux91.fr\\\/blog\\\/#\\\/schema\\\/person\\\/21da06e9f119b9f64e5d45dbbd32d3fb\"},\"headline\":\"Motocross des Nations &#8211; Les fr\u00e8res Coenen, Lucas et Sacha, ainsi que Liam Everts d\u00e9fendront les couleurs belges\",\"datePublished\":\"2025-08-16T10:02:00+00:00\",\"mainEntityOfPage\":{\"@id\":\"https:\\\/\\\/jumeaux91.fr\\\/blog\\\/motocross-des-nations-les-freres-coenen-lucas-et-sacha-ainsi-que-liam-everts-defendront-les-couleurs-belges\\\/\"},\"wordCount\":323,\"publisher\":{\"@id\":\"https:\\\/\\\/jumeaux91.fr\\\/blog\\\/#organization\"},\"image\":{\"@id\":\"https:\\\/\\\/jumeaux91.fr\\\/blog\\\/motocross-des-nations-les-freres-coenen-lucas-et-sacha-ainsi-que-liam-everts-defendront-les-couleurs-belges\\\/#primaryimage\"},\"thumbnailUrl\":\"https:\\\/\\\/jumeaux91.fr\\\/blog\\\/wp-content\\\/uploads\\\/2025\\\/08\\\/motocross-des-nations-les-freres-coenen-lucas-et-sacha-ainsi-que-liam-everts-defendront-les-couleurs-belges.png\",\"articleSection\":[\"Posts Fr\u00e8res Jumeaux De L'Essonnes:\"],\"inLanguage\":\"fr-FR\"},{\"@type\":\"WebPage\",\"@id\":\"https:\\\/\\\/jumeaux91.fr\\\/blog\\\/motocross-des-nations-les-freres-coenen-lucas-et-sacha-ainsi-que-liam-everts-defendront-les-couleurs-belges\\\/\",\"url\":\"https:\\\/\\\/jumeaux91.fr\\\/blog\\\/motocross-des-nations-les-freres-coenen-lucas-et-sacha-ainsi-que-liam-everts-defendront-les-couleurs-belges\\\/\",\"name\":\"Motocross des Nations - Les fr\u00e8res Coenen, Lucas et Sacha, ainsi que Liam Everts d\u00e9fendront les couleurs belges - JUMEAUX91\",\"isPartOf\":{\"@id\":\"https:\\\/\\\/jumeaux91.fr\\\/blog\\\/#website\"},\"primaryImageOfPage\":{\"@id\":\"https:\\\/\\\/jumeaux91.fr\\\/blog\\\/motocross-des-nations-les-freres-coenen-lucas-et-sacha-ainsi-que-liam-everts-defendront-les-couleurs-belges\\\/#primaryimage\"},\"image\":{\"@id\":\"https:\\\/\\\/jumeaux91.fr\\\/blog\\\/motocross-des-nations-les-freres-coenen-lucas-et-sacha-ainsi-que-liam-everts-defendront-les-couleurs-belges\\\/#primaryimage\"},\"thumbnailUrl\":\"https:\\\/\\\/jumeaux91.fr\\\/blog\\\/wp-content\\\/uploads\\\/2025\\\/08\\\/motocross-des-nations-les-freres-coenen-lucas-et-sacha-ainsi-que-liam-everts-defendront-les-couleurs-belges.png\",\"datePublished\":\"2025-08-16T10:02:00+00:00\",\"breadcrumb\":{\"@id\":\"https:\\\/\\\/jumeaux91.fr\\\/blog\\\/motocross-des-nations-les-freres-coenen-lucas-et-sacha-ainsi-que-liam-everts-defendront-les-couleurs-belges\\\/#breadcrumb\"},\"inLanguage\":\"fr-FR\",\"potentialAction\":[{\"@type\":\"ReadAction\",\"target\":[\"https:\\\/\\\/jumeaux91.fr\\\/blog\\\/motocross-des-nations-les-freres-coenen-lucas-et-sacha-ainsi-que-liam-everts-defendront-les-couleurs-belges\\\/\"]}]},{\"@type\":\"ImageObject\",\"inLanguage\":\"fr-FR\",\"@id\":\"https:\\\/\\\/jumeaux91.fr\\\/blog\\\/motocross-des-nations-les-freres-coenen-lucas-et-sacha-ainsi-que-liam-everts-defendront-les-couleurs-belges\\\/#primaryimage\",\"url\":\"https:\\\/\\\/jumeaux91.fr\\\/blog\\\/wp-content\\\/uploads\\\/2025\\\/08\\\/motocross-des-nations-les-freres-coenen-lucas-et-sacha-ainsi-que-liam-everts-defendront-les-couleurs-belges.png\",\"contentUrl\":\"https:\\\/\\\/jumeaux91.fr\\\/blog\\\/wp-content\\\/uploads\\\/2025\\\/08\\\/motocross-des-nations-les-freres-coenen-lucas-et-sacha-ainsi-que-liam-everts-defendront-les-couleurs-belges.png\",\"width\":3,\"height\":2,\"caption\":\"Motocross des Nations Les fr\u00e8res Coenen, Lucas et Sacha, ainsi que Liam Everts d\u00e9fendront les couleurs belges\"},{\"@type\":\"BreadcrumbList\",\"@id\":\"https:\\\/\\\/jumeaux91.fr\\\/blog\\\/motocross-des-nations-les-freres-coenen-lucas-et-sacha-ainsi-que-liam-everts-defendront-les-couleurs-belges\\\/#breadcrumb\",\"itemListElement\":[{\"@type\":\"ListItem\",\"position\":1,\"name\":\"Accueil\",\"item\":\"https:\\\/\\\/jumeaux91.fr\\\/blog\\\/\"},{\"@type\":\"ListItem\",\"position\":2,\"name\":\"Motocross des Nations &#8211; Les fr\u00e8res Coenen, Lucas et Sacha, ainsi que Liam Everts d\u00e9fendront les couleurs belges\"}]},{\"@type\":\"WebSite\",\"@id\":\"https:\\\/\\\/jumeaux91.fr\\\/blog\\\/#website\",\"url\":\"https:\\\/\\\/jumeaux91.fr\\\/blog\\\/\",\"name\":\"JUMEAUX91\",\"description\":\"Fr\u00e8res jumeaux de l&#039;Essonnes; informations et archives, \u00e0 savoir et retenir.\",\"publisher\":{\"@id\":\"https:\\\/\\\/jumeaux91.fr\\\/blog\\\/#organization\"},\"potentialAction\":[{\"@type\":\"SearchAction\",\"target\":{\"@type\":\"EntryPoint\",\"urlTemplate\":\"https:\\\/\\\/jumeaux91.fr\\\/blog\\\/?s={search_term_string}\"},\"query-input\":{\"@type\":\"PropertyValueSpecification\",\"valueRequired\":true,\"valueName\":\"search_term_string\"}}],\"inLanguage\":\"fr-FR\"},{\"@type\":\"Organization\",\"@id\":\"https:\\\/\\\/jumeaux91.fr\\\/blog\\\/#organization\",\"name\":\"jumeaux91\",\"url\":\"https:\\\/\\\/jumeaux91.fr\\\/blog\\\/\",\"logo\":{\"@type\":\"ImageObject\",\"inLanguage\":\"fr-FR\",\"@id\":\"https:\\\/\\\/jumeaux91.fr\\\/blog\\\/#\\\/schema\\\/logo\\\/image\\\/\",\"url\":\"https:\\\/\\\/jumeaux91.fr\\\/blog\\\/wp-content\\\/uploads\\\/2023\\\/05\\\/cropped-cropped-logoJ_91.png\",\"contentUrl\":\"https:\\\/\\\/jumeaux91.fr\\\/blog\\\/wp-content\\\/uploads\\\/2023\\\/05\\\/cropped-cropped-logoJ_91.png\",\"width\":512,\"height\":512,\"caption\":\"jumeaux91\"},\"image\":{\"@id\":\"https:\\\/\\\/jumeaux91.fr\\\/blog\\\/#\\\/schema\\\/logo\\\/image\\\/\"}},{\"@type\":\"Person\",\"@id\":\"https:\\\/\\\/jumeaux91.fr\\\/blog\\\/#\\\/schema\\\/person\\\/21da06e9f119b9f64e5d45dbbd32d3fb\",\"name\":\"Claude DAYRES\",\"image\":{\"@type\":\"ImageObject\",\"inLanguage\":\"fr-FR\",\"@id\":\"https:\\\/\\\/secure.gravatar.com\\\/avatar\\\/82eb951df6110a2c48d1bfa7a67d1ee6f0cd5df3cbf9c3586dd61e82db7172a5?s=96&d=mm&r=g\",\"url\":\"https:\\\/\\\/secure.gravatar.com\\\/avatar\\\/82eb951df6110a2c48d1bfa7a67d1ee6f0cd5df3cbf9c3586dd61e82db7172a5?s=96&d=mm&r=g\",\"contentUrl\":\"https:\\\/\\\/secure.gravatar.com\\\/avatar\\\/82eb951df6110a2c48d1bfa7a67d1ee6f0cd5df3cbf9c3586dd61e82db7172a5?s=96&d=mm&r=g\",\"caption\":\"Claude DAYRES\"},\"url\":\"https:\\\/\\\/jumeaux91.fr\\\/blog\\\/author\\\/x91claude\\\/\"}]}<\/script>\n<!-- \/ Yoast SEO plugin. -->","yoast_head_json":{"title":"Motocross des Nations - Les fr\u00e8res Coenen, Lucas et Sacha, ainsi que Liam Everts d\u00e9fendront les couleurs belges - JUMEAUX91","robots":{"index":"index","follow":"follow","max-snippet":"max-snippet:-1","max-image-preview":"max-image-preview:large","max-video-preview":"max-video-preview:-1"},"canonical":"https:\/\/jumeaux91.fr\/blog\/motocross-des-nations-les-freres-coenen-lucas-et-sacha-ainsi-que-liam-everts-defendront-les-couleurs-belges\/","og_locale":"fr_FR","og_type":"article","og_title":"Motocross des Nations - Les fr\u00e8res Coenen, Lucas et Sacha, ainsi que Liam Everts d\u00e9fendront les couleurs belges - JUMEAUX91","og_description":"L&rsquo;\u00e9dition 2025 effectue son retour aux \u00c9tats-Unis et se d\u00e9roulera sur le circuit Ironman \u00e0 Crawfordsville d&rsquo;Indianapolis avant de revenir en Europe, \u00e0 Ern\u00e9e en France en 2026. L&rsquo;Australie avait remport\u00e9 la 77e \u00e9dition \u00e0 Matterley Basin en Angleterre l&rsquo;an dernier. La Belgique avait d\u00fb se contenter de la 16e place. Les Am\u00e9ricains ont annonc\u00e9&hellip; Poursuivre la lecture Motocross des Nations &#8211; Les fr\u00e8res Coenen, Lucas et Sacha, ainsi que Liam Everts d\u00e9fendront les couleurs belges","og_url":"https:\/\/jumeaux91.fr\/blog\/motocross-des-nations-les-freres-coenen-lucas-et-sacha-ainsi-que-liam-everts-defendront-les-couleurs-belges\/","og_site_name":"JUMEAUX91","article_published_time":"2025-08-16T10:02:00+00:00","og_image":[{"url":"https:\/\/jumeaux91.fr\/blog\/wp-content\/uploads\/2025\/08\/motocross-des-nations-les-freres-coenen-lucas-et-sacha-ainsi-que-liam-everts-defendront-les-couleurs-belges.png","type":"","width":"","height":""}],"author":"Claude DAYRES","twitter_card":"summary_large_image","twitter_misc":{"\u00c9crit par":"Claude DAYRES","Dur\u00e9e de lecture estim\u00e9e":"1 minute"},"schema":{"@context":"https:\/\/schema.org","@graph":[{"@type":"Article","@id":"https:\/\/jumeaux91.fr\/blog\/motocross-des-nations-les-freres-coenen-lucas-et-sacha-ainsi-que-liam-everts-defendront-les-couleurs-belges\/#article","isPartOf":{"@id":"https:\/\/jumeaux91.fr\/blog\/motocross-des-nations-les-freres-coenen-lucas-et-sacha-ainsi-que-liam-everts-defendront-les-couleurs-belges\/"},"author":{"name":"Claude DAYRES","@id":"https:\/\/jumeaux91.fr\/blog\/#\/schema\/person\/21da06e9f119b9f64e5d45dbbd32d3fb"},"headline":"Motocross des Nations &#8211; Les fr\u00e8res Coenen, Lucas et Sacha, ainsi que Liam Everts d\u00e9fendront les couleurs belges","datePublished":"2025-08-16T10:02:00+00:00","mainEntityOfPage":{"@id":"https:\/\/jumeaux91.fr\/blog\/motocross-des-nations-les-freres-coenen-lucas-et-sacha-ainsi-que-liam-everts-defendront-les-couleurs-belges\/"},"wordCount":323,"publisher":{"@id":"https:\/\/jumeaux91.fr\/blog\/#organization"},"image":{"@id":"https:\/\/jumeaux91.fr\/blog\/motocross-des-nations-les-freres-coenen-lucas-et-sacha-ainsi-que-liam-everts-defendront-les-couleurs-belges\/#primaryimage"},"thumbnailUrl":"https:\/\/jumeaux91.fr\/blog\/wp-content\/uploads\/2025\/08\/motocross-des-nations-les-freres-coenen-lucas-et-sacha-ainsi-que-liam-everts-defendront-les-couleurs-belges.png","articleSection":["Posts Fr\u00e8res Jumeaux De L'Essonnes:"],"inLanguage":"fr-FR"},{"@type":"WebPage","@id":"https:\/\/jumeaux91.fr\/blog\/motocross-des-nations-les-freres-coenen-lucas-et-sacha-ainsi-que-liam-everts-defendront-les-couleurs-belges\/","url":"https:\/\/jumeaux91.fr\/blog\/motocross-des-nations-les-freres-coenen-lucas-et-sacha-ainsi-que-liam-everts-defendront-les-couleurs-belges\/","name":"Motocross des Nations - Les fr\u00e8res Coenen, Lucas et Sacha, ainsi que Liam Everts d\u00e9fendront les couleurs belges - JUMEAUX91","isPartOf":{"@id":"https:\/\/jumeaux91.fr\/blog\/#website"},"primaryImageOfPage":{"@id":"https:\/\/jumeaux91.fr\/blog\/motocross-des-nations-les-freres-coenen-lucas-et-sacha-ainsi-que-liam-everts-defendront-les-couleurs-belges\/#primaryimage"},"image":{"@id":"https:\/\/jumeaux91.fr\/blog\/motocross-des-nations-les-freres-coenen-lucas-et-sacha-ainsi-que-liam-everts-defendront-les-couleurs-belges\/#primaryimage"},"thumbnailUrl":"https:\/\/jumeaux91.fr\/blog\/wp-content\/uploads\/2025\/08\/motocross-des-nations-les-freres-coenen-lucas-et-sacha-ainsi-que-liam-everts-defendront-les-couleurs-belges.png","datePublished":"2025-08-16T10:02:00+00:00","breadcrumb":{"@id":"https:\/\/jumeaux91.fr\/blog\/motocross-des-nations-les-freres-coenen-lucas-et-sacha-ainsi-que-liam-everts-defendront-les-couleurs-belges\/#breadcrumb"},"inLanguage":"fr-FR","potentialAction":[{"@type":"ReadAction","target":["https:\/\/jumeaux91.fr\/blog\/motocross-des-nations-les-freres-coenen-lucas-et-sacha-ainsi-que-liam-everts-defendront-les-couleurs-belges\/"]}]},{"@type":"ImageObject","inLanguage":"fr-FR","@id":"https:\/\/jumeaux91.fr\/blog\/motocross-des-nations-les-freres-coenen-lucas-et-sacha-ainsi-que-liam-everts-defendront-les-couleurs-belges\/#primaryimage","url":"https:\/\/jumeaux91.fr\/blog\/wp-content\/uploads\/2025\/08\/motocross-des-nations-les-freres-coenen-lucas-et-sacha-ainsi-que-liam-everts-defendront-les-couleurs-belges.png","contentUrl":"https:\/\/jumeaux91.fr\/blog\/wp-content\/uploads\/2025\/08\/motocross-des-nations-les-freres-coenen-lucas-et-sacha-ainsi-que-liam-everts-defendront-les-couleurs-belges.png","width":3,"height":2,"caption":"Motocross des Nations Les fr\u00e8res Coenen, Lucas et Sacha, ainsi que Liam Everts d\u00e9fendront les couleurs belges"},{"@type":"BreadcrumbList","@id":"https:\/\/jumeaux91.fr\/blog\/motocross-des-nations-les-freres-coenen-lucas-et-sacha-ainsi-que-liam-everts-defendront-les-couleurs-belges\/#breadcrumb","itemListElement":[{"@type":"ListItem","position":1,"name":"Accueil","item":"https:\/\/jumeaux91.fr\/blog\/"},{"@type":"ListItem","position":2,"name":"Motocross des Nations &#8211; Les fr\u00e8res Coenen, Lucas et Sacha, ainsi que Liam Everts d\u00e9fendront les couleurs belges"}]},{"@type":"WebSite","@id":"https:\/\/jumeaux91.fr\/blog\/#website","url":"https:\/\/jumeaux91.fr\/blog\/","name":"JUMEAUX91","description":"Fr\u00e8res jumeaux de l&#039;Essonnes; informations et archives, \u00e0 savoir et retenir.","publisher":{"@id":"https:\/\/jumeaux91.fr\/blog\/#organization"},"potentialAction":[{"@type":"SearchAction","target":{"@type":"EntryPoint","urlTemplate":"https:\/\/jumeaux91.fr\/blog\/?s={search_term_string}"},"query-input":{"@type":"PropertyValueSpecification","valueRequired":true,"valueName":"search_term_string"}}],"inLanguage":"fr-FR"},{"@type":"Organization","@id":"https:\/\/jumeaux91.fr\/blog\/#organization","name":"jumeaux91","url":"https:\/\/jumeaux91.fr\/blog\/","logo":{"@type":"ImageObject","inLanguage":"fr-FR","@id":"https:\/\/jumeaux91.fr\/blog\/#\/schema\/logo\/image\/","url":"https:\/\/jumeaux91.fr\/blog\/wp-content\/uploads\/2023\/05\/cropped-cropped-logoJ_91.png","contentUrl":"https:\/\/jumeaux91.fr\/blog\/wp-content\/uploads\/2023\/05\/cropped-cropped-logoJ_91.png","width":512,"height":512,"caption":"jumeaux91"},"image":{"@id":"https:\/\/jumeaux91.fr\/blog\/#\/schema\/logo\/image\/"}},{"@type":"Person","@id":"https:\/\/jumeaux91.fr\/blog\/#\/schema\/person\/21da06e9f119b9f64e5d45dbbd32d3fb","name":"Claude DAYRES","image":{"@type":"ImageObject","inLanguage":"fr-FR","@id":"https:\/\/secure.gravatar.com\/avatar\/82eb951df6110a2c48d1bfa7a67d1ee6f0cd5df3cbf9c3586dd61e82db7172a5?s=96&d=mm&r=g","url":"https:\/\/secure.gravatar.com\/avatar\/82eb951df6110a2c48d1bfa7a67d1ee6f0cd5df3cbf9c3586dd61e82db7172a5?s=96&d=mm&r=g","contentUrl":"https:\/\/secure.gravatar.com\/avatar\/82eb951df6110a2c48d1bfa7a67d1ee6f0cd5df3cbf9c3586dd61e82db7172a5?s=96&d=mm&r=g","caption":"Claude DAYRES"},"url":"https:\/\/jumeaux91.fr\/blog\/author\/x91claude\/"}]}},"_links":{"self":[{"href":"https:\/\/jumeaux91.fr\/blog\/wp-json\/wp\/v2\/posts\/1554","targetHints":{"allow":["GET"]}}],"collection":[{"href":"https:\/\/jumeaux91.fr\/blog\/wp-json\/wp\/v2\/posts"}],"about":[{"href":"https:\/\/jumeaux91.fr\/blog\/wp-json\/wp\/v2\/types\/post"}],"author":[{"embeddable":true,"href":"https:\/\/jumeaux91.fr\/blog\/wp-json\/wp\/v2\/users\/2"}],"replies":[{"embeddable":true,"href":"https:\/\/jumeaux91.fr\/blog\/wp-json\/wp\/v2\/comments?post=1554"}],"version-history":[{"count":0,"href":"https:\/\/jumeaux91.fr\/blog\/wp-json\/wp\/v2\/posts\/1554\/revisions"}],"wp:featuredmedia":[{"embeddable":true,"href":"https:\/\/jumeaux91.fr\/blog\/wp-json\/wp\/v2\/media\/1555"}],"wp:attachment":[{"href":"https:\/\/jumeaux91.fr\/blog\/wp-json\/wp\/v2\/media?parent=1554"}],"wp:term":[{"taxonomy":"category","embeddable":true,"href":"https:\/\/jumeaux91.fr\/blog\/wp-json\/wp\/v2\/categories?post=1554"},{"taxonomy":"post_tag","embeddable":true,"href":"https:\/\/jumeaux91.fr\/blog\/wp-json\/wp\/v2\/tags?post=1554"}],"curies":[{"name":"wp","href":"https:\/\/api.w.org\/{rel}","templated":true}]}}