{"id":1558,"date":"2025-08-16T19:54:00","date_gmt":"2025-08-16T17:54:00","guid":{"rendered":"https:\/\/jumeaux91.fr\/blog\/programme-tv-action-aventure-du-samedi-30-aout-2025\/"},"modified":"2025-08-16T19:54:00","modified_gmt":"2025-08-16T17:54:00","slug":"programme-tv-action-aventure-du-samedi-30-aout-2025","status":"publish","type":"post","link":"https:\/\/jumeaux91.fr\/blog\/programme-tv-action-aventure-du-samedi-30-aout-2025\/","title":{"rendered":"Programme TV Action \/ aventure du samedi 30 ao\u00fbt 2025"},"content":{"rendered":"<p>&lt;!&#8211;     <title>Programme TV Action \/ aventure du samedi 30 ao\u00fbt 2025<\/title> <\/p>\n<p>&lt;meta property=&quot;ob:url&quot; content=&quot;$(HTTP_X_URL)\u00a0\u00bb&gt;   <!--[if lt IE 9]&gt;  &lt;![endif]-->  <\/p>\n<div class=\"ccmcss_offcanvas_1\">\n<div class=\"ccmcss_offcanvas_2\"> <img decoding=\"async\" src=\"https:\/\/jumeaux91.fr\/blog\/wp-content\/uploads\/2025\/08\/programme-tv-action-aventure-du-samedi-30-aout-2025.png\"> <!--Akamai-ESI:PAGE:setreftime=1755499595\/--><!-- headerdebbloc --> <!-- headerfinbloc --> <\/p>\n<div class=\"layout layout--offcanvas gutter\">\n<div class=\"layout_ct\">\n<div class=\"layout_ct__1\">\n<div class=\"layout_ct__2\">\n<div role=\"main\" class=\"layout_main\">\n<nav class=\"layout_breadcrumb cp_breadcrumb\"><\/nav>\n<div id=\"jGridContent\">\n<div class=\"bu_tvprogram_thematics_block\">\n<p class=\"title\">Choisir un<\/p>\n<p class=\"title\">ou un<\/p>\n<div class=\"list_container\"> <span class=\"button bu_tvprogram_btn3 jListClick\" id=\"themesButton\">Sous-th\u00e8me<\/span> <\/div>\n<\/p><\/div>\n<div id=\"jBroadcastsGrid\" class=\"bu_tvprogram_grid_container\">\n<div class=\"bu_tvprogram_grid bu_tvprogram_grid--channel\">\n<div class=\"bu_tvprogram_grid__line grid_row\">\n<div class=\"grid_col bu_tvprogram_logo\">\n<p> 22h50 <\/p>\n<p> 00h40 <\/p>\n<p> <a href=\"https:\/\/www.linternaute.com\/television\/programme-rtl9-samedi-30-aout-2025\/\" title=\"Programme RTL 9\" target=\"_blank\" rel=\"nofollow\"> <img decoding=\"async\" border=\"0\" src=\"https:\/\/jumeaux91.fr\/blog\/wp-content\/uploads\/2025\/08\/programme-tv-action-aventure-du-samedi-30-aout-2025-1.png\" hspace=\"0\" vspace=\"0\" alt=\"Programme RTL 9\"> <\/a> <\/div>\n<div class=\"bu_tvprogram_grid_slider\">\n<div class=\"jGridAll\">\n<div class=\"jGridCell grid_col bu_tvprogram_program\">\n<div class=\"bu_tvprogram_container_ellipsis grid_last\"> <span class=\"bu_tvprogram_typo1\"><\/span> <a href=\"https:\/\/www.linternaute.fr\/cinema\/tous-les-films\/4762071-conan-le-destructeur\/\" target=\"_blank\" rel=\"nofollow\"> <span class=\"bu_tvprogram_typo2\"> Conan le destructeur <\/span> <\/a> <span class=\"bu_tvprogram_typo4\">1h50 &#8211; Film d&rsquo;aventures<\/span> <!--short description--> <span class=\"bu_tvprogram_typo5\"> Conan se recueille sur un autel d\u00e9di\u00e9 \u00e0 la m\u00e9moire de Valeria, son amour perdu, lorsqu&rsquo;il est interrompu dans ses douloureuses m\u00e9ditations par les soldats de la reine Taramis. Mis en sa royale pr\u00e9sence&#8230; <\/span> <\/div>\n<\/p><\/div>\n<\/p><\/div>\n<\/p><\/div>\n<\/p><\/div>\n<div class=\"bu_tvprogram_grid__line grid_row\">\n<div class=\"grid_col bu_tvprogram_logo\">\n<p> 01h23 <\/p>\n<p> 02h48 <\/p>\n<p> <a href=\"https:\/\/www.linternaute.com\/television\/programme-canal-plus-samedi-30-aout-2025\/\" title=\"Programme Canal+\" target=\"_blank\" rel=\"nofollow\"> <img decoding=\"async\" border=\"0\" src=\"https:\/\/jumeaux91.fr\/blog\/wp-content\/uploads\/2025\/08\/programme-tv-action-aventure-du-samedi-30-aout-2025-2.png\" hspace=\"0\" vspace=\"0\" alt=\"Programme Canal+\"> <\/a> <\/div>\n<div class=\"bu_tvprogram_grid_slider\">\n<div class=\"jGridAll\">\n<div class=\"jGridCell grid_col bu_tvprogram_program\">\n<div class=\"bu_tvprogram_container_ellipsis grid_last\"> <span class=\"bu_tvprogram_typo1\"><\/span> <a href=\"https:\/\/www.linternaute.com\/television\/film-pieges-dans-la-savane-p6741916\/\" target=\"_blank\" rel=\"nofollow\"> <span class=\"bu_tvprogram_typo2\"> Pi\u00e9g\u00e9s dans la savane <\/span> <\/a> <span class=\"bu_tvprogram_typo4\">1h25 &#8211; Film d&rsquo;action<\/span> <!--short description--> <span class=\"bu_tvprogram_typo5\"> Andrew et Sue, un jeune couple, doivent fuir la mission chr\u00e9tienne du d\u00e9sert du Kalahari dans laquelle ils travaillaient apr\u00e8s avoir \u00e9t\u00e9 menac\u00e9s par un groupe de militants extr\u00e9mistes. L&rsquo;avion dans lequel&#8230; <\/span> <\/div>\n<\/p><\/div>\n<\/p><\/div>\n<\/p><\/div>\n<\/p><\/div>\n<div class=\"bu_tvprogram_grid__line grid_row\">\n<div class=\"grid_col bu_tvprogram_logo\">\n<p> 09h57 <\/p>\n<p> 12h00 <\/p>\n<p> <a href=\"https:\/\/www.linternaute.com\/television\/programme-canal-plus-samedi-30-aout-2025\/\" title=\"Programme Canal+\" target=\"_blank\" rel=\"nofollow\"> <img decoding=\"async\" border=\"0\" src=\"https:\/\/jumeaux91.fr\/blog\/wp-content\/uploads\/2025\/08\/programme-tv-action-aventure-du-samedi-30-aout-2025-2.png\" hspace=\"0\" vspace=\"0\" alt=\"Programme Canal+\"> <\/a> <\/div>\n<div class=\"bu_tvprogram_grid_slider\">\n<div class=\"jGridAll\">\n<div class=\"jGridCell grid_col bu_tvprogram_program\">\n<div class=\"grid_left\"> <a href=\"https:\/\/www.linternaute.fr\/cinema\/tous-les-films\/3131521-kraven-the-hunter-le-film-marvel-s-offre-une-premiere-bande-annonce\/\" target=\"_blank\" rel=\"nofollow\"><\/p>\n<figure><img decoding=\"async\" border=\"0\" class=\"jImgBroadcast\" src=\"https:\/\/jumeaux91.fr\/blog\/wp-content\/uploads\/2025\/08\/programme-tv-action-aventure-du-samedi-30-aout-2025.jpg\" alt=\"Kraven the Hunter\" hspace=\"0\" vspace=\"0\"><\/figure>\n<p><\/a> <\/div>\n<div class=\"bu_tvprogram_container_ellipsis grid_last\"> <span class=\"bu_tvprogram_typo1\"><\/span> <a href=\"https:\/\/www.linternaute.fr\/cinema\/tous-les-films\/3131521-kraven-the-hunter-le-film-marvel-s-offre-une-premiere-bande-annonce\/\" target=\"_blank\" rel=\"nofollow\"> <span class=\"bu_tvprogram_typo2\"> Kraven the Hunter <\/span> <\/a> <span class=\"bu_tvprogram_typo4\">2h03 &#8211; Film d&rsquo;action<\/span> <!--short description--> <span class=\"bu_tvprogram_typo5\"> Fils de Nikola\u00ef Kravinoff, un puissant trafiquant de drogue, Serguei, alias Kraven, a refus\u00e9 de marcher dans les pas de son p\u00e8re apr\u00e8s un accident dans lequel il a \u00e9t\u00e9 laiss\u00e9 pour mort. D\u00e9sormais guid\u00e9&#8230; <\/span> <\/div>\n<\/p><\/div>\n<\/p><\/div>\n<\/p><\/div>\n<\/p><\/div>\n<div class=\"bu_tvprogram_grid__line grid_row\">\n<div class=\"grid_col bu_tvprogram_logo\">\n<p> 12h31 <\/p>\n<p> 13h55 <\/p>\n<p> <a href=\"https:\/\/www.linternaute.com\/television\/programme-canal-cinema-s-samedi-30-aout-2025\/\" title=\"Programme Canal+ Cin\u00e9ma(s)\" target=\"_blank\" rel=\"nofollow\"> <img decoding=\"async\" border=\"0\" src=\"https:\/\/jumeaux91.fr\/blog\/wp-content\/uploads\/2025\/08\/programme-tv-action-aventure-du-samedi-30-aout-2025-3.png\" hspace=\"0\" vspace=\"0\" alt=\"Programme Canal+ Cin\u00e9ma(s)\"> <\/a> <\/div>\n<div class=\"bu_tvprogram_grid_slider\">\n<div class=\"jGridAll\">\n<div class=\"jGridCell grid_col bu_tvprogram_program\">\n<div class=\"grid_left\"> <a href=\"https:\/\/www.linternaute.com\/television\/film-pieges-dans-la-savane-p6741916\/\" target=\"_blank\" rel=\"nofollow\"><\/p>\n<figure><img decoding=\"async\" border=\"0\" class=\"jImgBroadcast\" src=\"https:\/\/jumeaux91.fr\/blog\/wp-content\/uploads\/2025\/08\/programme-tv-action-aventure-du-samedi-30-aout-2025-1.jpg\" alt=\"Pi\u00e9g\u00e9s dans la savane\" hspace=\"0\" vspace=\"0\"><\/figure>\n<p><\/a> <\/div>\n<div class=\"bu_tvprogram_container_ellipsis grid_last\"> <span class=\"bu_tvprogram_typo1\"><\/span> <a href=\"https:\/\/www.linternaute.com\/television\/film-pieges-dans-la-savane-p6741916\/\" target=\"_blank\" rel=\"nofollow\"> <span class=\"bu_tvprogram_typo2\"> Pi\u00e9g\u00e9s dans la savane <\/span> <\/a> <span class=\"bu_tvprogram_typo4\">1h24 &#8211; Film d&rsquo;action<\/span> <!--short description--> <span class=\"bu_tvprogram_typo5\"> Andrew et Sue, un jeune couple, doivent fuir la mission chr\u00e9tienne du d\u00e9sert du Kalahari dans laquelle ils travaillaient apr\u00e8s avoir \u00e9t\u00e9 menac\u00e9s par un groupe de militants extr\u00e9mistes. L&rsquo;avion dans lequel&#8230; <\/span> <\/div>\n<\/p><\/div>\n<\/p><\/div>\n<\/p><\/div>\n<\/p><\/div>\n<div class=\"bu_tvprogram_grid__line grid_row\">\n<div class=\"grid_col bu_tvprogram_logo\">\n<p> 14h25 <\/p>\n<p> 16h10 <\/p>\n<p> <a href=\"https:\/\/www.linternaute.com\/television\/programme-mcm-samedi-30-aout-2025\/\" title=\"Programme MCM\" target=\"_blank\" rel=\"nofollow\"> <img decoding=\"async\" border=\"0\" src=\"https:\/\/jumeaux91.fr\/blog\/wp-content\/uploads\/2025\/08\/programme-tv-action-aventure-du-samedi-30-aout-2025-4.png\" hspace=\"0\" vspace=\"0\" alt=\"Programme MCM\"> <\/a> <\/div>\n<div class=\"bu_tvprogram_grid_slider\">\n<div class=\"jGridAll\">\n<div class=\"jGridCell grid_col bu_tvprogram_program\">\n<div class=\"grid_left\"> <a href=\"https:\/\/www.linternaute.com\/television\/telefilm-jurassic-domination-p6333012\/\" target=\"_blank\" rel=\"nofollow\"><\/p>\n<figure><img decoding=\"async\" border=\"0\" class=\"jImgBroadcast\" src=\"https:\/\/jumeaux91.fr\/blog\/wp-content\/uploads\/2025\/08\/programme-tv-action-aventure-du-samedi-30-aout-2025-2.jpg\" alt=\"Jurassic Domination\" hspace=\"0\" vspace=\"0\"><\/figure>\n<p><\/a> <\/div>\n<div class=\"bu_tvprogram_container_ellipsis grid_last\"> <span class=\"bu_tvprogram_typo1\"><\/span> <a href=\"https:\/\/www.linternaute.com\/television\/telefilm-jurassic-domination-p6333012\/\" target=\"_blank\" rel=\"nofollow\"> <span class=\"bu_tvprogram_typo2\"> Jurassic Domination <\/span> <\/a> <span class=\"bu_tvprogram_typo4\">1h45 &#8211; T\u00e9l\u00e9film d&rsquo;action<\/span> <!--short description--> <span class=\"bu_tvprogram_typo5\"> Branle-bas de combat dans une petite ville paisible : un camion de l&rsquo;arm\u00e9e qui transportait deux allosaures, cr\u00e9es par clonage et manipul\u00e9s g\u00e9n\u00e9tiquement pour devenir invuln\u00e9rables, laisse \u00e9chapper son&#8230; <\/span> <\/div>\n<\/p><\/div>\n<\/p><\/div>\n<\/p><\/div>\n<\/p><\/div>\n<div class=\"bu_tvprogram_grid__line grid_row\">\n<div class=\"grid_col bu_tvprogram_logo\">\n<p> 15h00 <\/p>\n<p> 16h50 <\/p>\n<p> <a href=\"https:\/\/www.linternaute.com\/television\/programme-rtl9-samedi-30-aout-2025\/\" title=\"Programme RTL 9\" target=\"_blank\" rel=\"nofollow\"> <img decoding=\"async\" border=\"0\" src=\"https:\/\/jumeaux91.fr\/blog\/wp-content\/uploads\/2025\/08\/programme-tv-action-aventure-du-samedi-30-aout-2025-1.png\" hspace=\"0\" vspace=\"0\" alt=\"Programme RTL 9\"> <\/a> <\/div>\n<div class=\"bu_tvprogram_grid_slider\">\n<div class=\"jGridAll\">\n<div class=\"jGridCell grid_col bu_tvprogram_program\">\n<div class=\"grid_left\"> <a href=\"https:\/\/www.linternaute.fr\/cinema\/tous-les-films\/4762071-conan-le-destructeur\/\" target=\"_blank\" rel=\"nofollow\"><\/p>\n<figure><img decoding=\"async\" border=\"0\" class=\"jImgBroadcast\" src=\"https:\/\/jumeaux91.fr\/blog\/wp-content\/uploads\/2025\/08\/programme-tv-action-aventure-du-samedi-30-aout-2025-3.jpg\" alt=\"Conan le destructeur\" hspace=\"0\" vspace=\"0\"><\/figure>\n<p><\/a> <\/div>\n<div class=\"bu_tvprogram_container_ellipsis grid_last\"> <span class=\"bu_tvprogram_typo1\"><\/span> <a href=\"https:\/\/www.linternaute.fr\/cinema\/tous-les-films\/4762071-conan-le-destructeur\/\" target=\"_blank\" rel=\"nofollow\"> <span class=\"bu_tvprogram_typo2\"> Conan le destructeur <\/span> <\/a> <span class=\"bu_tvprogram_typo4\">1h50 &#8211; Film d&rsquo;aventures<\/span> <!--short description--> <span class=\"bu_tvprogram_typo5\"> Conan se recueille sur un autel d\u00e9di\u00e9 \u00e0 la m\u00e9moire de Valeria, son amour perdu, lorsqu&rsquo;il est interrompu dans ses douloureuses m\u00e9ditations par les soldats de la reine Taramis. Mis en sa royale pr\u00e9sence&#8230; <\/span> <\/div>\n<\/p><\/div>\n<\/p><\/div>\n<\/p><\/div>\n<\/p><\/div>\n<div class=\"bu_tvprogram_grid__line grid_row\">\n<div class=\"grid_col bu_tvprogram_logo\">\n<p> 16h10 <\/p>\n<p> 17h45 <\/p>\n<p> <a href=\"https:\/\/www.linternaute.com\/television\/programme-mcm-samedi-30-aout-2025\/\" title=\"Programme MCM\" target=\"_blank\" rel=\"nofollow\"> <img decoding=\"async\" border=\"0\" src=\"https:\/\/jumeaux91.fr\/blog\/wp-content\/uploads\/2025\/08\/programme-tv-action-aventure-du-samedi-30-aout-2025-4.png\" hspace=\"0\" vspace=\"0\" alt=\"Programme MCM\"> <\/a> <\/div>\n<div class=\"bu_tvprogram_grid_slider\">\n<div class=\"jGridAll\">\n<div class=\"jGridCell grid_col bu_tvprogram_program\">\n<div class=\"grid_left\"> <a href=\"https:\/\/www.linternaute.com\/television\/telefilm-les-4-cavaliers-de-l-apocalypse-p5926826\/\" target=\"_blank\" rel=\"nofollow\"><\/p>\n<figure><img decoding=\"async\" border=\"0\" class=\"jImgBroadcast\" src=\"https:\/\/jumeaux91.fr\/blog\/wp-content\/uploads\/2025\/08\/programme-tv-action-aventure-du-samedi-30-aout-2025-4.jpg\" alt=\"Les 4 cavaliers de l'Apocalypse\" hspace=\"0\" vspace=\"0\"><\/figure>\n<p><\/a> <\/div>\n<div class=\"bu_tvprogram_container_ellipsis grid_last\"> <span class=\"bu_tvprogram_typo1\"><\/span> <a href=\"https:\/\/www.linternaute.com\/television\/telefilm-les-4-cavaliers-de-l-apocalypse-p5926826\/\" target=\"_blank\" rel=\"nofollow\"> <span class=\"bu_tvprogram_typo2\"> Les 4 cavaliers de l&rsquo;Apocalypse <\/span> <\/a> <span class=\"bu_tvprogram_typo4\">1h35 &#8211; T\u00e9l\u00e9film d&rsquo;action<\/span> <!--short description--> <span class=\"bu_tvprogram_typo5\"> Famines dues au changement climatique, multiplication incontr\u00f4l\u00e9e des \u00e9pid\u00e9mies et violence end\u00e9mique : l&rsquo;humanit\u00e9 doit faire face \u00e0 de plus en plus de menaces. Dans le monde, les chefs d&rsquo;Etats craignent&#8230; <\/span> <\/div>\n<\/p><\/div>\n<\/p><\/div>\n<\/p><\/div>\n<\/p><\/div>\n<div class=\"bu_tvprogram_grid__line grid_row\">\n<div class=\"grid_col bu_tvprogram_logo\">\n<p> 16h50 <\/p>\n<p> 18h55 <\/p>\n<p> <a href=\"https:\/\/www.linternaute.com\/television\/programme-rtl9-samedi-30-aout-2025\/\" title=\"Programme RTL 9\" target=\"_blank\" rel=\"nofollow\"> <img decoding=\"async\" border=\"0\" src=\"https:\/\/jumeaux91.fr\/blog\/wp-content\/uploads\/2025\/08\/programme-tv-action-aventure-du-samedi-30-aout-2025-1.png\" hspace=\"0\" vspace=\"0\" alt=\"Programme RTL 9\"> <\/a> <\/div>\n<div class=\"bu_tvprogram_grid_slider\">\n<div class=\"jGridAll\">\n<div class=\"jGridCell grid_col bu_tvprogram_program\">\n<div class=\"grid_left\"> <a href=\"https:\/\/www.linternaute.com\/television\/film-king-rising-au-nom-du-roi-p1150693\/\" target=\"_blank\" rel=\"nofollow\"><\/p>\n<figure><img decoding=\"async\" border=\"0\" class=\"jImgBroadcast\" src=\"https:\/\/jumeaux91.fr\/blog\/wp-content\/uploads\/2025\/08\/programme-tv-action-aventure-du-samedi-30-aout-2025-5.jpg\" alt=\"King Rising : Au nom du roi\" hspace=\"0\" vspace=\"0\"><span class=\"icon_play\"><\/span><\/figure>\n<p><\/a> <\/div>\n<div class=\"bu_tvprogram_container_ellipsis grid_last\"> <span class=\"bu_tvprogram_typo1\"><\/span> <a href=\"https:\/\/www.linternaute.com\/television\/film-king-rising-au-nom-du-roi-p1150693\/\" target=\"_blank\" rel=\"nofollow\"> <span class=\"bu_tvprogram_typo2\"> King Rising : Au nom du roi <\/span> <\/a> <span class=\"bu_tvprogram_typo4\">2h05 &#8211; Film d&rsquo;aventures<\/span> <!--short description--> <span class=\"bu_tvprogram_typo5\"> Le roi Konrad a plong\u00e9 son royaume dans le chaos en d\u00e9clenchant une guerre sans piti\u00e9 contre le sorcier Gallian. D\u00e9sapprouvant cette politique, le courageux Farmer d\u00e9cide de rester \u00e0 l&rsquo;\u00e9cart des offensives&#8230; <\/span> <\/div>\n<\/p><\/div>\n<\/p><\/div>\n<\/p><\/div>\n<\/p><\/div>\n<div class=\"bu_tvprogram_grid__line grid_row\">\n<div class=\"grid_col bu_tvprogram_logo\">\n<p> 18h55 <\/p>\n<p> 20h55 <\/p>\n<p> <a href=\"https:\/\/www.linternaute.com\/television\/programme-rtl9-samedi-30-aout-2025\/\" title=\"Programme RTL 9\" target=\"_blank\" rel=\"nofollow\"> <img decoding=\"async\" border=\"0\" src=\"https:\/\/jumeaux91.fr\/blog\/wp-content\/uploads\/2025\/08\/programme-tv-action-aventure-du-samedi-30-aout-2025-1.png\" hspace=\"0\" vspace=\"0\" alt=\"Programme RTL 9\"> <\/a> <\/div>\n<div class=\"bu_tvprogram_grid_slider\">\n<div class=\"jGridAll\">\n<div class=\"jGridCell grid_col bu_tvprogram_program\">\n<div class=\"grid_left\"> <a href=\"https:\/\/www.linternaute.fr\/cinema\/tous-les-films\/2111519-l-incroyable-hulk\/\" target=\"_blank\" rel=\"nofollow\"><\/p>\n<figure><img decoding=\"async\" border=\"0\" class=\"jImgBroadcast\" src=\"https:\/\/jumeaux91.fr\/blog\/wp-content\/uploads\/2025\/08\/programme-tv-action-aventure-du-samedi-30-aout-2025-6.jpg\" alt=\"L'incroyable Hulk\" hspace=\"0\" vspace=\"0\"><span class=\"icon_play\"><\/span><\/figure>\n<p><\/a> <\/div>\n<div class=\"bu_tvprogram_container_ellipsis grid_last\"> <span class=\"bu_tvprogram_typo1\"><\/span> <a href=\"https:\/\/www.linternaute.fr\/cinema\/tous-les-films\/2111519-l-incroyable-hulk\/\" target=\"_blank\" rel=\"nofollow\"> <span class=\"bu_tvprogram_typo2\"> L&rsquo;incroyable Hulk <\/span> <\/a> <span class=\"bu_tvprogram_typo4\">2h &#8211; Film d&rsquo;action<\/span> <!--short description--> <span class=\"bu_tvprogram_typo5\"> Bruce Banner, afflig\u00e9 par ses m\u00e9tamorphoses incontr\u00f4lables en Hulk, cherche d\u00e9sesp\u00e9r\u00e9ment un rem\u00e8de. Poursuivi par le g\u00e9n\u00e9ral Thaddeus Ross, qui aspire \u00e0 exploiter la puissance de Hulk pour l&rsquo;arm\u00e9e, Banner&#8230; <\/span> <\/div>\n<\/p><\/div>\n<\/p><\/div>\n<\/p><\/div>\n<\/p><\/div>\n<div class=\"bu_tvprogram_grid__line grid_row\">\n<div class=\"grid_col bu_tvprogram_logo\">\n<p> 19h20 <\/p>\n<p> 21h00 <\/p>\n<p> <a href=\"https:\/\/www.linternaute.com\/television\/programme-mcm-samedi-30-aout-2025\/\" title=\"Programme MCM\" target=\"_blank\" rel=\"nofollow\"> <img decoding=\"async\" border=\"0\" src=\"https:\/\/jumeaux91.fr\/blog\/wp-content\/uploads\/2025\/08\/programme-tv-action-aventure-du-samedi-30-aout-2025-4.png\" hspace=\"0\" vspace=\"0\" alt=\"Programme MCM\"> <\/a> <\/div>\n<div class=\"bu_tvprogram_grid_slider\">\n<div class=\"jGridAll\">\n<div class=\"jGridCell grid_col bu_tvprogram_program\">\n<div class=\"grid_left\"> <a href=\"https:\/\/www.linternaute.com\/television\/telefilm-jungle-run-p5630437\/\" target=\"_blank\" rel=\"nofollow\"><\/p>\n<figure><img decoding=\"async\" border=\"0\" class=\"jImgBroadcast\" src=\"https:\/\/jumeaux91.fr\/blog\/wp-content\/uploads\/2025\/08\/programme-tv-action-aventure-du-samedi-30-aout-2025-7.jpg\" alt=\"Jungle Run\" hspace=\"0\" vspace=\"0\"><\/figure>\n<p><\/a> <\/div>\n<div class=\"bu_tvprogram_container_ellipsis grid_last\"> <span class=\"bu_tvprogram_typo1\"><\/span> <a href=\"https:\/\/www.linternaute.com\/television\/telefilm-jungle-run-p5630437\/\" target=\"_blank\" rel=\"nofollow\"> <span class=\"bu_tvprogram_typo2\"> Jungle Run <\/span> <\/a> <span class=\"bu_tvprogram_typo4\">1h40 &#8211; T\u00e9l\u00e9film d&rsquo;action<\/span> <!--short description--> <span class=\"bu_tvprogram_typo5\"> Sans nouvelles de leur p\u00e8re disparu en exp\u00e9dition en Amazonie, trois fr\u00e8res et soeurs partent \u00e0 sa recherche. Men\u00e9s par un guide local, ils se retrouvent aussit\u00f4t confront\u00e9s \u00e0 des menaces auxquelles ils&#8230; <\/span> <\/div>\n<\/p><\/div>\n<\/p><\/div>\n<\/p><\/div>\n<\/p><\/div>\n<div class=\"bu_tvprogram_grid__line grid_row\">\n<div class=\"grid_col bu_tvprogram_logo\">\n<p> 20h55 <\/p>\n<p> 22h55 <\/p>\n<p> <a href=\"https:\/\/www.linternaute.com\/television\/programme-rtl9-samedi-30-aout-2025\/\" title=\"Programme RTL 9\" target=\"_blank\" rel=\"nofollow\"> <img decoding=\"async\" border=\"0\" src=\"https:\/\/jumeaux91.fr\/blog\/wp-content\/uploads\/2025\/08\/programme-tv-action-aventure-du-samedi-30-aout-2025-1.png\" hspace=\"0\" vspace=\"0\" alt=\"Programme RTL 9\"> <\/a> <\/div>\n<div class=\"bu_tvprogram_grid_slider\">\n<div class=\"jGridAll\">\n<div class=\"jGridCell grid_col bu_tvprogram_program\">\n<div class=\"grid_left\"> <a href=\"https:\/\/www.linternaute.fr\/cinema\/tous-les-films\/2090713-double-impact\/\" target=\"_blank\" rel=\"nofollow\"><\/p>\n<figure><img decoding=\"async\" border=\"0\" class=\"jImgBroadcast\" src=\"https:\/\/jumeaux91.fr\/blog\/wp-content\/uploads\/2025\/08\/programme-tv-action-aventure-du-samedi-30-aout-2025-8.jpg\" alt=\"Double impact\" hspace=\"0\" vspace=\"0\"><\/figure>\n<p><\/a> <\/div>\n<div class=\"bu_tvprogram_container_ellipsis grid_last\"> <span class=\"bu_tvprogram_typo1\"><\/span> <a href=\"https:\/\/www.linternaute.fr\/cinema\/tous-les-films\/2090713-double-impact\/\" target=\"_blank\" rel=\"nofollow\"> <span class=\"bu_tvprogram_typo2\"> Double impact <\/span> <\/a> <span class=\"bu_tvprogram_typo4\">2h &#8211; Film d&rsquo;action<\/span> <!--short description--> <span class=\"bu_tvprogram_typo5\"> Chad et Alex Wagner sont fr\u00e8res jumeaux. Ils ont \u00e9t\u00e9 s\u00e9par\u00e9s alors qu&rsquo;ils n&rsquo;avaient que 6 mois, apr\u00e8s la mort de leurs parents, assassin\u00e9s \u00e0 Hongkong par deux hommes d&rsquo;affaires v\u00e9reux, Nigel Griffith et&#8230; <\/span> <\/div>\n<\/p><\/div>\n<\/p><\/div>\n<\/p><\/div>\n<\/p><\/div>\n<div class=\"bu_tvprogram_grid__line grid_row\">\n<div class=\"grid_col bu_tvprogram_logo\">\n<p> 21h00 <\/p>\n<p> 22h35 <\/p>\n<p> <a href=\"https:\/\/www.linternaute.com\/television\/programme-mcm-samedi-30-aout-2025\/\" title=\"Programme MCM\" target=\"_blank\" rel=\"nofollow\"> <img decoding=\"async\" border=\"0\" src=\"https:\/\/jumeaux91.fr\/blog\/wp-content\/uploads\/2025\/08\/programme-tv-action-aventure-du-samedi-30-aout-2025-4.png\" hspace=\"0\" vspace=\"0\" alt=\"Programme MCM\"> <\/a> <\/div>\n<div class=\"bu_tvprogram_grid_slider\">\n<div class=\"jGridAll\">\n<div class=\"jGridCell grid_col bu_tvprogram_program\">\n<div class=\"grid_left\"> <a href=\"https:\/\/www.linternaute.com\/television\/telefilm-ape-vs-mecha-ape-p6414915\/\" target=\"_blank\" rel=\"nofollow\"><\/p>\n<figure><img decoding=\"async\" border=\"0\" class=\"jImgBroadcast\" src=\"https:\/\/jumeaux91.fr\/blog\/wp-content\/uploads\/2025\/08\/programme-tv-action-aventure-du-samedi-30-aout-2025-9.jpg\" alt=\"Ape vs Mecha Ape\" hspace=\"0\" vspace=\"0\"><\/figure>\n<p><\/a> <\/div>\n<div class=\"bu_tvprogram_container_ellipsis grid_last\"> <span class=\"bu_tvprogram_typo1\"><\/span> <a href=\"https:\/\/www.linternaute.com\/television\/telefilm-ape-vs-mecha-ape-p6414915\/\" target=\"_blank\" rel=\"nofollow\"> <span class=\"bu_tvprogram_typo2\"> Ape vs Mecha Ape <\/span> <\/a> <span class=\"bu_tvprogram_typo4\">1h35 &#8211; T\u00e9l\u00e9film d&rsquo;action<\/span> <!--short description--> <span class=\"bu_tvprogram_typo5\"> Apr\u00e8s avoir pris conscience du potentiel destructeur d&rsquo;Abraham, un gorille g\u00e9ant qu&rsquo;elle a captur\u00e9, l&rsquo;arm\u00e9e am\u00e9ricaine d\u00e9cide de fabriquer une intelligence artificielle pr\u00eate au combat, Mecha Ape. Malheureusement&#8230; <\/span> <\/div>\n<\/p><\/div>\n<\/p><\/div>\n<\/p><\/div>\n<\/p><\/div>\n<div class=\"bu_tvprogram_grid__line grid_row\">\n<div class=\"grid_col bu_tvprogram_logo\">\n<p> 22h32 <\/p>\n<p> 00h29 <\/p>\n<p> <a href=\"https:\/\/www.linternaute.com\/television\/programme-ocs-samedi-30-aout-2025\/\" title=\"Programme OCS\" target=\"_blank\" rel=\"nofollow\"> <img decoding=\"async\" border=\"0\" src=\"https:\/\/jumeaux91.fr\/blog\/wp-content\/uploads\/2025\/08\/programme-tv-action-aventure-du-samedi-30-aout-2025-5.png\" hspace=\"0\" vspace=\"0\" alt=\"Programme OCS\"> <\/a> <\/div>\n<div class=\"bu_tvprogram_grid_slider\">\n<div class=\"jGridAll\">\n<div class=\"jGridCell grid_col bu_tvprogram_program\">\n<div class=\"grid_left\"> <a href=\"https:\/\/www.linternaute.fr\/cinema\/tous-les-films\/1930031-le-dernier-loup\/\" target=\"_blank\" rel=\"nofollow\"><\/p>\n<figure><img decoding=\"async\" border=\"0\" class=\"jImgBroadcast\" src=\"https:\/\/jumeaux91.fr\/blog\/wp-content\/uploads\/2025\/08\/programme-tv-action-aventure-du-samedi-30-aout-2025-10.jpg\" alt=\"Le dernier loup\" hspace=\"0\" vspace=\"0\"><\/figure>\n<p><\/a> <\/div>\n<div class=\"bu_tvprogram_container_ellipsis grid_last\"> <span class=\"bu_tvprogram_typo1\"><\/span> <a href=\"https:\/\/www.linternaute.fr\/cinema\/tous-les-films\/1930031-le-dernier-loup\/\" target=\"_blank\" rel=\"nofollow\"> <span class=\"bu_tvprogram_typo2\"> Le dernier loup <\/span> <\/a> <span class=\"bu_tvprogram_typo4\">1h57 &#8211; Film d&rsquo;aventures<\/span> <!--short description--> <span class=\"bu_tvprogram_typo5\"> 1967, pendant la r\u00e9volution culturelle chinoise. Chen Zhen, un jeune \u00e9tudiant originaire de P\u00e9kin, est envoy\u00e9 en Mongolie-Int\u00e9rieure afin d&rsquo;apprendre le chinois \u00e0 une tribu de bergers nomades. Alors qu&#8230; <\/span> <\/div>\n<\/p><\/div>\n<\/p><\/div>\n<\/p><\/div>\n<\/p><\/div>\n<div class=\"bu_tvprogram_grid__line grid_row\">\n<div class=\"grid_col bu_tvprogram_logo\">\n<p> 22h55 <\/p>\n<p> 00h35 <\/p>\n<p> <a href=\"https:\/\/www.linternaute.com\/television\/programme-rtl9-samedi-30-aout-2025\/\" title=\"Programme RTL 9\" target=\"_blank\" rel=\"nofollow\"> <img decoding=\"async\" border=\"0\" src=\"https:\/\/jumeaux91.fr\/blog\/wp-content\/uploads\/2025\/08\/programme-tv-action-aventure-du-samedi-30-aout-2025-1.png\" hspace=\"0\" vspace=\"0\" alt=\"Programme RTL 9\"> <\/a> <\/div>\n<div class=\"bu_tvprogram_grid_slider\">\n<div class=\"jGridAll\">\n<div class=\"jGridCell grid_col bu_tvprogram_program\">\n<div class=\"grid_left\"> <a href=\"https:\/\/www.linternaute.com\/television\/telefilm-acts-of-violence-p4223790\/\" target=\"_blank\" rel=\"nofollow\"><\/p>\n<figure><img decoding=\"async\" border=\"0\" class=\"jImgBroadcast\" src=\"https:\/\/jumeaux91.fr\/blog\/wp-content\/uploads\/2025\/08\/programme-tv-action-aventure-du-samedi-30-aout-2025-11.jpg\" alt=\"Acts of Violence\" hspace=\"0\" vspace=\"0\"><span class=\"icon_play\"><\/span><\/figure>\n<p><\/a> <\/div>\n<div class=\"bu_tvprogram_container_ellipsis grid_last\"> <span class=\"bu_tvprogram_typo1\"><\/span> <a href=\"https:\/\/www.linternaute.com\/television\/telefilm-acts-of-violence-p4223790\/\" target=\"_blank\" rel=\"nofollow\"> <span class=\"bu_tvprogram_typo2\"> Acts of Violence <\/span> <\/a> <span class=\"bu_tvprogram_typo4\">1h40 &#8211; T\u00e9l\u00e9film d&rsquo;action<\/span> <!--short description--> <span class=\"bu_tvprogram_typo5\"> Lorsque Mia, sa compagne, est enlev\u00e9e par des trafiquants lors de sa soir\u00e9e d&rsquo;enterrement de vie de jeune fille, Roman MacGregor embarque ses ex-fr\u00e8res d&rsquo;armes dans une traque pour la retrouver. Il est&#8230; <\/span> <\/div>\n<\/p><\/div>\n<\/p><\/div>\n<\/p><\/div>\n<\/p><\/div>\n<\/p><\/div>\n<\/p><\/div>\n<\/p><\/div>\n<\/p><\/div>\n<\/p><\/div>\n<\/p><\/div>\n<\/p><\/div>\n<\/p><\/div>\n<p> <!--Akamai-ESI:PAGE:setreftime=1755312633\/--><br \/>\n<!-- footerdebbloc --> <!-- footerfinbloc --> <\/div>\n<\/p><\/div>\n<p>  La chronique se veut g\u00e9n\u00e9r\u00e9e de la fa\u00e7on la plus claire que possible. Dans le cas o\u00f9 vous souhaitez pr\u00e9senter des renseignements compl\u00e9mentaires \u00e0 cet article sur le sujet \u00ab\u00a0Fr\u00e8res jumeaux de l&rsquo;Essonnes\u00a0\u00bb il vous est possible d\u2019\u00e9crire aux contacts indiqu\u00e9s sur notre website. La raison d\u2019\u00eatre de jumeaux91.fr \u00e9tant de rassembler sur le web des posts sur le sujet de Fr\u00e8res jumeaux de l&rsquo;Essonnes puis les diffuser en r\u00e9pondant au mieux aux interrogations des gens. Vous pouvez tirer profit de cet article traitant le sujet \u00ab\u00a0Fr\u00e8res jumeaux de l&rsquo;Essonnes\u00a0\u00bb. Il est concoct\u00e9 par l\u2019\u00e9quipe jumeaux91.fr. Prochainement, nous rendrons accessibles au public d&rsquo;autres informations pertinentes sur le sujet \u00ab\u00a0Fr\u00e8res jumeaux de l&rsquo;Essonnes\u00a0\u00bb. Alors, consultez syst\u00e9matiquement notre blog.<\/p>\n","protected":false},"excerpt":{"rendered":"<p>&lt;!&#8211; Programme TV Action \/ aventure du samedi 30 ao\u00fbt 2025 &lt;meta property=&quot;ob:url&quot; content=&quot;$(HTTP_X_URL)\u00a0\u00bb&gt; Choisir un ou un Sous-th\u00e8me 22h50 00h40 Conan le destructeur 1h50 &#8211; Film d&rsquo;aventures Conan se recueille sur un autel d\u00e9di\u00e9 \u00e0 la m\u00e9moire de Valeria, son amour perdu, lorsqu&rsquo;il est interrompu dans ses douloureuses m\u00e9ditations par les soldats de la&hellip; <a class=\"more-link\" href=\"https:\/\/jumeaux91.fr\/blog\/programme-tv-action-aventure-du-samedi-30-aout-2025\/\">Poursuivre la lecture <span class=\"screen-reader-text\">Programme TV Action \/ aventure du samedi 30 ao\u00fbt 2025<\/span><\/a><\/p>\n","protected":false},"author":2,"featured_media":1559,"comment_status":"closed","ping_status":"closed","sticky":false,"template":"","format":"standard","meta":{"footnotes":""},"categories":[4],"tags":[],"class_list":["post-1558","post","type-post","status-publish","format-standard","has-post-thumbnail","hentry","category-posts-freres-jumeaux-de-lessonnes","entry"],"yoast_head":"<!-- This site is optimized with the Yoast SEO plugin v27.5 - https:\/\/yoast.com\/product\/yoast-seo-wordpress\/ -->\n<title>Programme TV Action \/ aventure du samedi 30 ao\u00fbt 2025 - JUMEAUX91<\/title>\n<meta name=\"robots\" content=\"index, follow, max-snippet:-1, max-image-preview:large, max-video-preview:-1\" \/>\n<link rel=\"canonical\" href=\"https:\/\/jumeaux91.fr\/blog\/programme-tv-action-aventure-du-samedi-30-aout-2025\/\" \/>\n<meta property=\"og:locale\" content=\"fr_FR\" \/>\n<meta property=\"og:type\" content=\"article\" \/>\n<meta property=\"og:title\" content=\"Programme TV Action \/ aventure du samedi 30 ao\u00fbt 2025 - JUMEAUX91\" \/>\n<meta property=\"og:description\" content=\"&lt;!&#8211; Programme TV Action \/ aventure du samedi 30 ao\u00fbt 2025 &lt;meta property=&quot;ob:url&quot; content=&quot;$(HTTP_X_URL)\u00a0\u00bb&gt; Choisir un ou un Sous-th\u00e8me 22h50 00h40 Conan le destructeur 1h50 &#8211; Film d&rsquo;aventures Conan se recueille sur un autel d\u00e9di\u00e9 \u00e0 la m\u00e9moire de Valeria, son amour perdu, lorsqu&rsquo;il est interrompu dans ses douloureuses m\u00e9ditations par les soldats de la&hellip; Poursuivre la lecture Programme TV Action \/ aventure du samedi 30 ao\u00fbt 2025\" \/>\n<meta property=\"og:url\" content=\"https:\/\/jumeaux91.fr\/blog\/programme-tv-action-aventure-du-samedi-30-aout-2025\/\" \/>\n<meta property=\"og:site_name\" content=\"JUMEAUX91\" \/>\n<meta property=\"article:published_time\" content=\"2025-08-16T17:54:00+00:00\" \/>\n<meta property=\"og:image\" content=\"https:\/\/jumeaux91.fr\/blog\/wp-content\/uploads\/2025\/08\/programme-tv-action-aventure-du-samedi-30-aout-2025.png\" \/>\n<meta name=\"author\" content=\"Claude DAYRES\" \/>\n<meta name=\"twitter:card\" content=\"summary_large_image\" \/>\n<meta name=\"twitter:label1\" content=\"\u00c9crit par\" \/>\n\t<meta name=\"twitter:data1\" content=\"Claude DAYRES\" \/>\n\t<meta name=\"twitter:label2\" content=\"Dur\u00e9e de lecture estim\u00e9e\" \/>\n\t<meta name=\"twitter:data2\" content=\"4 minutes\" \/>\n<script type=\"application\/ld+json\" class=\"yoast-schema-graph\">{\"@context\":\"https:\\\/\\\/schema.org\",\"@graph\":[{\"@type\":\"Article\",\"@id\":\"https:\\\/\\\/jumeaux91.fr\\\/blog\\\/programme-tv-action-aventure-du-samedi-30-aout-2025\\\/#article\",\"isPartOf\":{\"@id\":\"https:\\\/\\\/jumeaux91.fr\\\/blog\\\/programme-tv-action-aventure-du-samedi-30-aout-2025\\\/\"},\"author\":{\"name\":\"Claude DAYRES\",\"@id\":\"https:\\\/\\\/jumeaux91.fr\\\/blog\\\/#\\\/schema\\\/person\\\/21da06e9f119b9f64e5d45dbbd32d3fb\"},\"headline\":\"Programme TV Action \\\/ aventure du samedi 30 ao\u00fbt 2025\",\"datePublished\":\"2025-08-16T17:54:00+00:00\",\"mainEntityOfPage\":{\"@id\":\"https:\\\/\\\/jumeaux91.fr\\\/blog\\\/programme-tv-action-aventure-du-samedi-30-aout-2025\\\/\"},\"wordCount\":855,\"publisher\":{\"@id\":\"https:\\\/\\\/jumeaux91.fr\\\/blog\\\/#organization\"},\"image\":{\"@id\":\"https:\\\/\\\/jumeaux91.fr\\\/blog\\\/programme-tv-action-aventure-du-samedi-30-aout-2025\\\/#primaryimage\"},\"thumbnailUrl\":\"https:\\\/\\\/jumeaux91.fr\\\/blog\\\/wp-content\\\/uploads\\\/2025\\\/08\\\/programme-tv-action-aventure-du-samedi-30-aout-2025.png\",\"articleSection\":[\"Posts Fr\u00e8res Jumeaux De L'Essonnes:\"],\"inLanguage\":\"fr-FR\"},{\"@type\":\"WebPage\",\"@id\":\"https:\\\/\\\/jumeaux91.fr\\\/blog\\\/programme-tv-action-aventure-du-samedi-30-aout-2025\\\/\",\"url\":\"https:\\\/\\\/jumeaux91.fr\\\/blog\\\/programme-tv-action-aventure-du-samedi-30-aout-2025\\\/\",\"name\":\"Programme TV Action \\\/ aventure du samedi 30 ao\u00fbt 2025 - JUMEAUX91\",\"isPartOf\":{\"@id\":\"https:\\\/\\\/jumeaux91.fr\\\/blog\\\/#website\"},\"primaryImageOfPage\":{\"@id\":\"https:\\\/\\\/jumeaux91.fr\\\/blog\\\/programme-tv-action-aventure-du-samedi-30-aout-2025\\\/#primaryimage\"},\"image\":{\"@id\":\"https:\\\/\\\/jumeaux91.fr\\\/blog\\\/programme-tv-action-aventure-du-samedi-30-aout-2025\\\/#primaryimage\"},\"thumbnailUrl\":\"https:\\\/\\\/jumeaux91.fr\\\/blog\\\/wp-content\\\/uploads\\\/2025\\\/08\\\/programme-tv-action-aventure-du-samedi-30-aout-2025.png\",\"datePublished\":\"2025-08-16T17:54:00+00:00\",\"breadcrumb\":{\"@id\":\"https:\\\/\\\/jumeaux91.fr\\\/blog\\\/programme-tv-action-aventure-du-samedi-30-aout-2025\\\/#breadcrumb\"},\"inLanguage\":\"fr-FR\",\"potentialAction\":[{\"@type\":\"ReadAction\",\"target\":[\"https:\\\/\\\/jumeaux91.fr\\\/blog\\\/programme-tv-action-aventure-du-samedi-30-aout-2025\\\/\"]}]},{\"@type\":\"ImageObject\",\"inLanguage\":\"fr-FR\",\"@id\":\"https:\\\/\\\/jumeaux91.fr\\\/blog\\\/programme-tv-action-aventure-du-samedi-30-aout-2025\\\/#primaryimage\",\"url\":\"https:\\\/\\\/jumeaux91.fr\\\/blog\\\/wp-content\\\/uploads\\\/2025\\\/08\\\/programme-tv-action-aventure-du-samedi-30-aout-2025.png\",\"contentUrl\":\"https:\\\/\\\/jumeaux91.fr\\\/blog\\\/wp-content\\\/uploads\\\/2025\\\/08\\\/programme-tv-action-aventure-du-samedi-30-aout-2025.png\",\"width\":1,\"height\":1,\"caption\":\"Programme TV Action \\\/ aventure du samedi 30 ao\u00fbt 2025\"},{\"@type\":\"BreadcrumbList\",\"@id\":\"https:\\\/\\\/jumeaux91.fr\\\/blog\\\/programme-tv-action-aventure-du-samedi-30-aout-2025\\\/#breadcrumb\",\"itemListElement\":[{\"@type\":\"ListItem\",\"position\":1,\"name\":\"Accueil\",\"item\":\"https:\\\/\\\/jumeaux91.fr\\\/blog\\\/\"},{\"@type\":\"ListItem\",\"position\":2,\"name\":\"Programme TV Action \\\/ aventure du samedi 30 ao\u00fbt 2025\"}]},{\"@type\":\"WebSite\",\"@id\":\"https:\\\/\\\/jumeaux91.fr\\\/blog\\\/#website\",\"url\":\"https:\\\/\\\/jumeaux91.fr\\\/blog\\\/\",\"name\":\"JUMEAUX91\",\"description\":\"Fr\u00e8res jumeaux de l&#039;Essonnes; informations et archives, \u00e0 savoir et retenir.\",\"publisher\":{\"@id\":\"https:\\\/\\\/jumeaux91.fr\\\/blog\\\/#organization\"},\"potentialAction\":[{\"@type\":\"SearchAction\",\"target\":{\"@type\":\"EntryPoint\",\"urlTemplate\":\"https:\\\/\\\/jumeaux91.fr\\\/blog\\\/?s={search_term_string}\"},\"query-input\":{\"@type\":\"PropertyValueSpecification\",\"valueRequired\":true,\"valueName\":\"search_term_string\"}}],\"inLanguage\":\"fr-FR\"},{\"@type\":\"Organization\",\"@id\":\"https:\\\/\\\/jumeaux91.fr\\\/blog\\\/#organization\",\"name\":\"jumeaux91\",\"url\":\"https:\\\/\\\/jumeaux91.fr\\\/blog\\\/\",\"logo\":{\"@type\":\"ImageObject\",\"inLanguage\":\"fr-FR\",\"@id\":\"https:\\\/\\\/jumeaux91.fr\\\/blog\\\/#\\\/schema\\\/logo\\\/image\\\/\",\"url\":\"https:\\\/\\\/jumeaux91.fr\\\/blog\\\/wp-content\\\/uploads\\\/2023\\\/05\\\/cropped-cropped-logoJ_91.png\",\"contentUrl\":\"https:\\\/\\\/jumeaux91.fr\\\/blog\\\/wp-content\\\/uploads\\\/2023\\\/05\\\/cropped-cropped-logoJ_91.png\",\"width\":512,\"height\":512,\"caption\":\"jumeaux91\"},\"image\":{\"@id\":\"https:\\\/\\\/jumeaux91.fr\\\/blog\\\/#\\\/schema\\\/logo\\\/image\\\/\"}},{\"@type\":\"Person\",\"@id\":\"https:\\\/\\\/jumeaux91.fr\\\/blog\\\/#\\\/schema\\\/person\\\/21da06e9f119b9f64e5d45dbbd32d3fb\",\"name\":\"Claude DAYRES\",\"image\":{\"@type\":\"ImageObject\",\"inLanguage\":\"fr-FR\",\"@id\":\"https:\\\/\\\/secure.gravatar.com\\\/avatar\\\/82eb951df6110a2c48d1bfa7a67d1ee6f0cd5df3cbf9c3586dd61e82db7172a5?s=96&d=mm&r=g\",\"url\":\"https:\\\/\\\/secure.gravatar.com\\\/avatar\\\/82eb951df6110a2c48d1bfa7a67d1ee6f0cd5df3cbf9c3586dd61e82db7172a5?s=96&d=mm&r=g\",\"contentUrl\":\"https:\\\/\\\/secure.gravatar.com\\\/avatar\\\/82eb951df6110a2c48d1bfa7a67d1ee6f0cd5df3cbf9c3586dd61e82db7172a5?s=96&d=mm&r=g\",\"caption\":\"Claude DAYRES\"},\"url\":\"https:\\\/\\\/jumeaux91.fr\\\/blog\\\/author\\\/x91claude\\\/\"}]}<\/script>\n<!-- \/ Yoast SEO plugin. -->","yoast_head_json":{"title":"Programme TV Action \/ aventure du samedi 30 ao\u00fbt 2025 - JUMEAUX91","robots":{"index":"index","follow":"follow","max-snippet":"max-snippet:-1","max-image-preview":"max-image-preview:large","max-video-preview":"max-video-preview:-1"},"canonical":"https:\/\/jumeaux91.fr\/blog\/programme-tv-action-aventure-du-samedi-30-aout-2025\/","og_locale":"fr_FR","og_type":"article","og_title":"Programme TV Action \/ aventure du samedi 30 ao\u00fbt 2025 - JUMEAUX91","og_description":"&lt;!&#8211; Programme TV Action \/ aventure du samedi 30 ao\u00fbt 2025 &lt;meta property=&quot;ob:url&quot; content=&quot;$(HTTP_X_URL)\u00a0\u00bb&gt; Choisir un ou un Sous-th\u00e8me 22h50 00h40 Conan le destructeur 1h50 &#8211; Film d&rsquo;aventures Conan se recueille sur un autel d\u00e9di\u00e9 \u00e0 la m\u00e9moire de Valeria, son amour perdu, lorsqu&rsquo;il est interrompu dans ses douloureuses m\u00e9ditations par les soldats de la&hellip; Poursuivre la lecture Programme TV Action \/ aventure du samedi 30 ao\u00fbt 2025","og_url":"https:\/\/jumeaux91.fr\/blog\/programme-tv-action-aventure-du-samedi-30-aout-2025\/","og_site_name":"JUMEAUX91","article_published_time":"2025-08-16T17:54:00+00:00","og_image":[{"url":"https:\/\/jumeaux91.fr\/blog\/wp-content\/uploads\/2025\/08\/programme-tv-action-aventure-du-samedi-30-aout-2025.png","type":"","width":"","height":""}],"author":"Claude DAYRES","twitter_card":"summary_large_image","twitter_misc":{"\u00c9crit par":"Claude DAYRES","Dur\u00e9e de lecture estim\u00e9e":"4 minutes"},"schema":{"@context":"https:\/\/schema.org","@graph":[{"@type":"Article","@id":"https:\/\/jumeaux91.fr\/blog\/programme-tv-action-aventure-du-samedi-30-aout-2025\/#article","isPartOf":{"@id":"https:\/\/jumeaux91.fr\/blog\/programme-tv-action-aventure-du-samedi-30-aout-2025\/"},"author":{"name":"Claude DAYRES","@id":"https:\/\/jumeaux91.fr\/blog\/#\/schema\/person\/21da06e9f119b9f64e5d45dbbd32d3fb"},"headline":"Programme TV Action \/ aventure du samedi 30 ao\u00fbt 2025","datePublished":"2025-08-16T17:54:00+00:00","mainEntityOfPage":{"@id":"https:\/\/jumeaux91.fr\/blog\/programme-tv-action-aventure-du-samedi-30-aout-2025\/"},"wordCount":855,"publisher":{"@id":"https:\/\/jumeaux91.fr\/blog\/#organization"},"image":{"@id":"https:\/\/jumeaux91.fr\/blog\/programme-tv-action-aventure-du-samedi-30-aout-2025\/#primaryimage"},"thumbnailUrl":"https:\/\/jumeaux91.fr\/blog\/wp-content\/uploads\/2025\/08\/programme-tv-action-aventure-du-samedi-30-aout-2025.png","articleSection":["Posts Fr\u00e8res Jumeaux De L'Essonnes:"],"inLanguage":"fr-FR"},{"@type":"WebPage","@id":"https:\/\/jumeaux91.fr\/blog\/programme-tv-action-aventure-du-samedi-30-aout-2025\/","url":"https:\/\/jumeaux91.fr\/blog\/programme-tv-action-aventure-du-samedi-30-aout-2025\/","name":"Programme TV Action \/ aventure du samedi 30 ao\u00fbt 2025 - JUMEAUX91","isPartOf":{"@id":"https:\/\/jumeaux91.fr\/blog\/#website"},"primaryImageOfPage":{"@id":"https:\/\/jumeaux91.fr\/blog\/programme-tv-action-aventure-du-samedi-30-aout-2025\/#primaryimage"},"image":{"@id":"https:\/\/jumeaux91.fr\/blog\/programme-tv-action-aventure-du-samedi-30-aout-2025\/#primaryimage"},"thumbnailUrl":"https:\/\/jumeaux91.fr\/blog\/wp-content\/uploads\/2025\/08\/programme-tv-action-aventure-du-samedi-30-aout-2025.png","datePublished":"2025-08-16T17:54:00+00:00","breadcrumb":{"@id":"https:\/\/jumeaux91.fr\/blog\/programme-tv-action-aventure-du-samedi-30-aout-2025\/#breadcrumb"},"inLanguage":"fr-FR","potentialAction":[{"@type":"ReadAction","target":["https:\/\/jumeaux91.fr\/blog\/programme-tv-action-aventure-du-samedi-30-aout-2025\/"]}]},{"@type":"ImageObject","inLanguage":"fr-FR","@id":"https:\/\/jumeaux91.fr\/blog\/programme-tv-action-aventure-du-samedi-30-aout-2025\/#primaryimage","url":"https:\/\/jumeaux91.fr\/blog\/wp-content\/uploads\/2025\/08\/programme-tv-action-aventure-du-samedi-30-aout-2025.png","contentUrl":"https:\/\/jumeaux91.fr\/blog\/wp-content\/uploads\/2025\/08\/programme-tv-action-aventure-du-samedi-30-aout-2025.png","width":1,"height":1,"caption":"Programme TV Action \/ aventure du samedi 30 ao\u00fbt 2025"},{"@type":"BreadcrumbList","@id":"https:\/\/jumeaux91.fr\/blog\/programme-tv-action-aventure-du-samedi-30-aout-2025\/#breadcrumb","itemListElement":[{"@type":"ListItem","position":1,"name":"Accueil","item":"https:\/\/jumeaux91.fr\/blog\/"},{"@type":"ListItem","position":2,"name":"Programme TV Action \/ aventure du samedi 30 ao\u00fbt 2025"}]},{"@type":"WebSite","@id":"https:\/\/jumeaux91.fr\/blog\/#website","url":"https:\/\/jumeaux91.fr\/blog\/","name":"JUMEAUX91","description":"Fr\u00e8res jumeaux de l&#039;Essonnes; informations et archives, \u00e0 savoir et retenir.","publisher":{"@id":"https:\/\/jumeaux91.fr\/blog\/#organization"},"potentialAction":[{"@type":"SearchAction","target":{"@type":"EntryPoint","urlTemplate":"https:\/\/jumeaux91.fr\/blog\/?s={search_term_string}"},"query-input":{"@type":"PropertyValueSpecification","valueRequired":true,"valueName":"search_term_string"}}],"inLanguage":"fr-FR"},{"@type":"Organization","@id":"https:\/\/jumeaux91.fr\/blog\/#organization","name":"jumeaux91","url":"https:\/\/jumeaux91.fr\/blog\/","logo":{"@type":"ImageObject","inLanguage":"fr-FR","@id":"https:\/\/jumeaux91.fr\/blog\/#\/schema\/logo\/image\/","url":"https:\/\/jumeaux91.fr\/blog\/wp-content\/uploads\/2023\/05\/cropped-cropped-logoJ_91.png","contentUrl":"https:\/\/jumeaux91.fr\/blog\/wp-content\/uploads\/2023\/05\/cropped-cropped-logoJ_91.png","width":512,"height":512,"caption":"jumeaux91"},"image":{"@id":"https:\/\/jumeaux91.fr\/blog\/#\/schema\/logo\/image\/"}},{"@type":"Person","@id":"https:\/\/jumeaux91.fr\/blog\/#\/schema\/person\/21da06e9f119b9f64e5d45dbbd32d3fb","name":"Claude DAYRES","image":{"@type":"ImageObject","inLanguage":"fr-FR","@id":"https:\/\/secure.gravatar.com\/avatar\/82eb951df6110a2c48d1bfa7a67d1ee6f0cd5df3cbf9c3586dd61e82db7172a5?s=96&d=mm&r=g","url":"https:\/\/secure.gravatar.com\/avatar\/82eb951df6110a2c48d1bfa7a67d1ee6f0cd5df3cbf9c3586dd61e82db7172a5?s=96&d=mm&r=g","contentUrl":"https:\/\/secure.gravatar.com\/avatar\/82eb951df6110a2c48d1bfa7a67d1ee6f0cd5df3cbf9c3586dd61e82db7172a5?s=96&d=mm&r=g","caption":"Claude DAYRES"},"url":"https:\/\/jumeaux91.fr\/blog\/author\/x91claude\/"}]}},"_links":{"self":[{"href":"https:\/\/jumeaux91.fr\/blog\/wp-json\/wp\/v2\/posts\/1558","targetHints":{"allow":["GET"]}}],"collection":[{"href":"https:\/\/jumeaux91.fr\/blog\/wp-json\/wp\/v2\/posts"}],"about":[{"href":"https:\/\/jumeaux91.fr\/blog\/wp-json\/wp\/v2\/types\/post"}],"author":[{"embeddable":true,"href":"https:\/\/jumeaux91.fr\/blog\/wp-json\/wp\/v2\/users\/2"}],"replies":[{"embeddable":true,"href":"https:\/\/jumeaux91.fr\/blog\/wp-json\/wp\/v2\/comments?post=1558"}],"version-history":[{"count":0,"href":"https:\/\/jumeaux91.fr\/blog\/wp-json\/wp\/v2\/posts\/1558\/revisions"}],"wp:featuredmedia":[{"embeddable":true,"href":"https:\/\/jumeaux91.fr\/blog\/wp-json\/wp\/v2\/media\/1559"}],"wp:attachment":[{"href":"https:\/\/jumeaux91.fr\/blog\/wp-json\/wp\/v2\/media?parent=1558"}],"wp:term":[{"taxonomy":"category","embeddable":true,"href":"https:\/\/jumeaux91.fr\/blog\/wp-json\/wp\/v2\/categories?post=1558"},{"taxonomy":"post_tag","embeddable":true,"href":"https:\/\/jumeaux91.fr\/blog\/wp-json\/wp\/v2\/tags?post=1558"}],"curies":[{"name":"wp","href":"https:\/\/api.w.org\/{rel}","templated":true}]}}