{"id":1576,"date":"2025-08-19T19:00:00","date_gmt":"2025-08-19T17:00:00","guid":{"rendered":"https:\/\/jumeaux91.fr\/blog\/pogba-la-photo-choc\/"},"modified":"2025-08-19T19:00:00","modified_gmt":"2025-08-19T17:00:00","slug":"pogba-la-photo-choc","status":"publish","type":"post","link":"https:\/\/jumeaux91.fr\/blog\/pogba-la-photo-choc\/","title":{"rendered":"Pogba, la photo choc"},"content":{"rendered":"<div><img decoding=\"async\" src=\"https:\/\/jumeaux91.fr\/blog\/wp-content\/uploads\/2025\/08\/pogba-la-photo-choc.jpg\" class=\"ff-og-image-inserted\"><\/div>\n<p><span>Paul Pogba a publi\u00e9 mardi une<br \/>\nphoto de famille en compagnie de ses fr\u00e8res, les jumeaux Florentin<br \/>\net Mathias, \u00e0 l\u2019occasion de leur anniversaire commun le 19 ao\u00fbt.<br \/>\nSur le papier, un simple clich\u00e9 fraternel, souriant et tout ce<br \/>\nqu\u2019il y a de plus normal. Mais \u00e0 la lumi\u00e8re des \u00e9v\u00e9nements des<br \/>\nderni\u00e8res ann\u00e9es, ce geste a une r\u00e9sonance toute particuli\u00e8re. Car<br \/>\nderri\u00e8re l\u2019image de l\u2019unit\u00e9 retrouv\u00e9e se cache un pass\u00e9 lourd,<br \/>\ncelui de l\u2019affaire d\u2019extorsion qui a secou\u00e9 Pogba et sa<br \/>\nfamille.<\/span><\/p>\n<blockquote class=\"twitter-tweet\"><\/blockquote>\n<p><span>En 2022, le champion du monde<br \/>\nfran\u00e7ais avait \u00e9t\u00e9 victime de pressions et de demandes d\u2019argent,<br \/>\nimpliquant directement son fr\u00e8re Mathias. Une affaire explosive, o\u00f9<br \/>\nle champion du monde 2018 avait des informations priv\u00e9es \u00eatre<br \/>\nr\u00e9v\u00e9l\u00e9es et sa carri\u00e8re parasit\u00e9e par les pol\u00e9miques. Mathias Pogba<br \/>\navait \u00e9t\u00e9 condamn\u00e9 en 2024, marquant la conclusion judiciaire de ce<br \/>\nfeuilleton douloureux. Pour beaucoup, ce point final scellait aussi<br \/>\nla rupture entre les deux fr\u00e8res.<\/span><\/p>\n<p><span>D\u2019o\u00f9 la surprise, et m\u00eame<br \/>\nl\u2019incompr\u00e9hension, suscit\u00e9e par la publication de Paul Pogba.<br \/>\nPourquoi tendre la main \u00e0 celui qui a particip\u00e9 \u00e0 son malheur ?<br \/>\nPardon ? Ou rappel que les liens du sang demeurent plus forts que<br \/>\ntout ? Dans un moment o\u00f9 la carri\u00e8re de Pogba n\u2019a pas encore<br \/>\nofficiellement red\u00e9marr\u00e9e, puisqu\u2019il n\u2019a pas encore repris la<br \/>\ncomp\u00e9tition avec l\u2019AS Monaco, ce clich\u00e9 semble montrer qu\u2019il a \u00e9t\u00e9<br \/>\ncapable de surmonter les \u00e9preuves qui ont impliqu\u00e9 ce qui avait \u00e9t\u00e9<br \/>\nper\u00e7u comme une trahison familiale. Reste maintenant \u00e0 l\u2019ancien<br \/>\nmilieu de terrain de la Juve et de MU \u00e0 tourner la page \u00e9galement<br \/>\nsur le terrain, o\u00f9 sa derni\u00e8re apparition commence \u00e0<br \/>\nremonter\u2026<\/span><\/p>\n<p>La chronique se veut g\u00e9n\u00e9r\u00e9e de la fa\u00e7on la plus claire que possible. Dans le cas o\u00f9 vous souhaitez pr\u00e9senter des renseignements compl\u00e9mentaires \u00e0 cet article sur le sujet \u00ab\u00a0Fr\u00e8res jumeaux de l&rsquo;Essonnes\u00a0\u00bb il vous est possible d\u2019\u00e9crire aux contacts indiqu\u00e9s sur notre website. La raison d\u2019\u00eatre de jumeaux91.fr \u00e9tant de rassembler sur le web des posts sur le sujet de Fr\u00e8res jumeaux de l&rsquo;Essonnes puis les diffuser en r\u00e9pondant au mieux aux interrogations des gens. Vous pouvez tirer profit de cet article traitant le sujet \u00ab\u00a0Fr\u00e8res jumeaux de l&rsquo;Essonnes\u00a0\u00bb. Il est concoct\u00e9 par l\u2019\u00e9quipe jumeaux91.fr. Prochainement, nous rendrons accessibles au public d&rsquo;autres informations pertinentes sur le sujet \u00ab\u00a0Fr\u00e8res jumeaux de l&rsquo;Essonnes\u00a0\u00bb. Alors, consultez syst\u00e9matiquement notre blog.<\/p>\n","protected":false},"excerpt":{"rendered":"<p>Paul Pogba a publi\u00e9 mardi une photo de famille en compagnie de ses fr\u00e8res, les jumeaux Florentin et Mathias, \u00e0 l\u2019occasion de leur anniversaire commun le 19 ao\u00fbt. Sur le papier, un simple clich\u00e9 fraternel, souriant et tout ce qu\u2019il y a de plus normal. Mais \u00e0 la lumi\u00e8re des \u00e9v\u00e9nements des derni\u00e8res ann\u00e9es, ce&hellip; <a class=\"more-link\" href=\"https:\/\/jumeaux91.fr\/blog\/pogba-la-photo-choc\/\">Poursuivre la lecture <span class=\"screen-reader-text\">Pogba, la photo choc<\/span><\/a><\/p>\n","protected":false},"author":2,"featured_media":1577,"comment_status":"closed","ping_status":"closed","sticky":false,"template":"","format":"standard","meta":{"footnotes":""},"categories":[4],"tags":[],"class_list":["post-1576","post","type-post","status-publish","format-standard","has-post-thumbnail","hentry","category-posts-freres-jumeaux-de-lessonnes","entry"],"yoast_head":"<!-- This site is optimized with the Yoast SEO plugin v27.5 - https:\/\/yoast.com\/product\/yoast-seo-wordpress\/ -->\n<title>Pogba, la photo choc - JUMEAUX91<\/title>\n<meta name=\"robots\" content=\"index, follow, max-snippet:-1, max-image-preview:large, max-video-preview:-1\" \/>\n<link rel=\"canonical\" href=\"https:\/\/jumeaux91.fr\/blog\/pogba-la-photo-choc\/\" \/>\n<meta property=\"og:locale\" content=\"fr_FR\" \/>\n<meta property=\"og:type\" content=\"article\" \/>\n<meta property=\"og:title\" content=\"Pogba, la photo choc - JUMEAUX91\" \/>\n<meta property=\"og:description\" content=\"Paul Pogba a publi\u00e9 mardi une photo de famille en compagnie de ses fr\u00e8res, les jumeaux Florentin et Mathias, \u00e0 l\u2019occasion de leur anniversaire commun le 19 ao\u00fbt. Sur le papier, un simple clich\u00e9 fraternel, souriant et tout ce qu\u2019il y a de plus normal. Mais \u00e0 la lumi\u00e8re des \u00e9v\u00e9nements des derni\u00e8res ann\u00e9es, ce&hellip; Poursuivre la lecture Pogba, la photo choc\" \/>\n<meta property=\"og:url\" content=\"https:\/\/jumeaux91.fr\/blog\/pogba-la-photo-choc\/\" \/>\n<meta property=\"og:site_name\" content=\"JUMEAUX91\" \/>\n<meta property=\"article:published_time\" content=\"2025-08-19T17:00:00+00:00\" \/>\n<meta property=\"og:image\" content=\"https:\/\/jumeaux91.fr\/blog\/wp-content\/uploads\/2025\/08\/pogba-la-photo-choc.jpg\" \/>\n<meta name=\"author\" content=\"Claude DAYRES\" \/>\n<meta name=\"twitter:card\" content=\"summary_large_image\" \/>\n<meta name=\"twitter:label1\" content=\"\u00c9crit par\" \/>\n\t<meta name=\"twitter:data1\" content=\"Claude DAYRES\" \/>\n\t<meta name=\"twitter:label2\" content=\"Dur\u00e9e de lecture estim\u00e9e\" \/>\n\t<meta name=\"twitter:data2\" content=\"2 minutes\" \/>\n<script type=\"application\/ld+json\" class=\"yoast-schema-graph\">{\"@context\":\"https:\\\/\\\/schema.org\",\"@graph\":[{\"@type\":\"Article\",\"@id\":\"https:\\\/\\\/jumeaux91.fr\\\/blog\\\/pogba-la-photo-choc\\\/#article\",\"isPartOf\":{\"@id\":\"https:\\\/\\\/jumeaux91.fr\\\/blog\\\/pogba-la-photo-choc\\\/\"},\"author\":{\"name\":\"Claude DAYRES\",\"@id\":\"https:\\\/\\\/jumeaux91.fr\\\/blog\\\/#\\\/schema\\\/person\\\/21da06e9f119b9f64e5d45dbbd32d3fb\"},\"headline\":\"Pogba, la photo choc\",\"datePublished\":\"2025-08-19T17:00:00+00:00\",\"mainEntityOfPage\":{\"@id\":\"https:\\\/\\\/jumeaux91.fr\\\/blog\\\/pogba-la-photo-choc\\\/\"},\"wordCount\":443,\"publisher\":{\"@id\":\"https:\\\/\\\/jumeaux91.fr\\\/blog\\\/#organization\"},\"image\":{\"@id\":\"https:\\\/\\\/jumeaux91.fr\\\/blog\\\/pogba-la-photo-choc\\\/#primaryimage\"},\"thumbnailUrl\":\"https:\\\/\\\/jumeaux91.fr\\\/blog\\\/wp-content\\\/uploads\\\/2025\\\/08\\\/pogba-la-photo-choc.jpg\",\"articleSection\":[\"Posts Fr\u00e8res Jumeaux De L'Essonnes:\"],\"inLanguage\":\"fr-FR\"},{\"@type\":\"WebPage\",\"@id\":\"https:\\\/\\\/jumeaux91.fr\\\/blog\\\/pogba-la-photo-choc\\\/\",\"url\":\"https:\\\/\\\/jumeaux91.fr\\\/blog\\\/pogba-la-photo-choc\\\/\",\"name\":\"Pogba, la photo choc - JUMEAUX91\",\"isPartOf\":{\"@id\":\"https:\\\/\\\/jumeaux91.fr\\\/blog\\\/#website\"},\"primaryImageOfPage\":{\"@id\":\"https:\\\/\\\/jumeaux91.fr\\\/blog\\\/pogba-la-photo-choc\\\/#primaryimage\"},\"image\":{\"@id\":\"https:\\\/\\\/jumeaux91.fr\\\/blog\\\/pogba-la-photo-choc\\\/#primaryimage\"},\"thumbnailUrl\":\"https:\\\/\\\/jumeaux91.fr\\\/blog\\\/wp-content\\\/uploads\\\/2025\\\/08\\\/pogba-la-photo-choc.jpg\",\"datePublished\":\"2025-08-19T17:00:00+00:00\",\"breadcrumb\":{\"@id\":\"https:\\\/\\\/jumeaux91.fr\\\/blog\\\/pogba-la-photo-choc\\\/#breadcrumb\"},\"inLanguage\":\"fr-FR\",\"potentialAction\":[{\"@type\":\"ReadAction\",\"target\":[\"https:\\\/\\\/jumeaux91.fr\\\/blog\\\/pogba-la-photo-choc\\\/\"]}]},{\"@type\":\"ImageObject\",\"inLanguage\":\"fr-FR\",\"@id\":\"https:\\\/\\\/jumeaux91.fr\\\/blog\\\/pogba-la-photo-choc\\\/#primaryimage\",\"url\":\"https:\\\/\\\/jumeaux91.fr\\\/blog\\\/wp-content\\\/uploads\\\/2025\\\/08\\\/pogba-la-photo-choc.jpg\",\"contentUrl\":\"https:\\\/\\\/jumeaux91.fr\\\/blog\\\/wp-content\\\/uploads\\\/2025\\\/08\\\/pogba-la-photo-choc.jpg\",\"width\":1280,\"height\":670,\"caption\":\"Pogba, la photo choc\"},{\"@type\":\"BreadcrumbList\",\"@id\":\"https:\\\/\\\/jumeaux91.fr\\\/blog\\\/pogba-la-photo-choc\\\/#breadcrumb\",\"itemListElement\":[{\"@type\":\"ListItem\",\"position\":1,\"name\":\"Accueil\",\"item\":\"https:\\\/\\\/jumeaux91.fr\\\/blog\\\/\"},{\"@type\":\"ListItem\",\"position\":2,\"name\":\"Pogba, la photo choc\"}]},{\"@type\":\"WebSite\",\"@id\":\"https:\\\/\\\/jumeaux91.fr\\\/blog\\\/#website\",\"url\":\"https:\\\/\\\/jumeaux91.fr\\\/blog\\\/\",\"name\":\"JUMEAUX91\",\"description\":\"Fr\u00e8res jumeaux de l&#039;Essonnes; informations et archives, \u00e0 savoir et retenir.\",\"publisher\":{\"@id\":\"https:\\\/\\\/jumeaux91.fr\\\/blog\\\/#organization\"},\"potentialAction\":[{\"@type\":\"SearchAction\",\"target\":{\"@type\":\"EntryPoint\",\"urlTemplate\":\"https:\\\/\\\/jumeaux91.fr\\\/blog\\\/?s={search_term_string}\"},\"query-input\":{\"@type\":\"PropertyValueSpecification\",\"valueRequired\":true,\"valueName\":\"search_term_string\"}}],\"inLanguage\":\"fr-FR\"},{\"@type\":\"Organization\",\"@id\":\"https:\\\/\\\/jumeaux91.fr\\\/blog\\\/#organization\",\"name\":\"jumeaux91\",\"url\":\"https:\\\/\\\/jumeaux91.fr\\\/blog\\\/\",\"logo\":{\"@type\":\"ImageObject\",\"inLanguage\":\"fr-FR\",\"@id\":\"https:\\\/\\\/jumeaux91.fr\\\/blog\\\/#\\\/schema\\\/logo\\\/image\\\/\",\"url\":\"https:\\\/\\\/jumeaux91.fr\\\/blog\\\/wp-content\\\/uploads\\\/2023\\\/05\\\/cropped-cropped-logoJ_91.png\",\"contentUrl\":\"https:\\\/\\\/jumeaux91.fr\\\/blog\\\/wp-content\\\/uploads\\\/2023\\\/05\\\/cropped-cropped-logoJ_91.png\",\"width\":512,\"height\":512,\"caption\":\"jumeaux91\"},\"image\":{\"@id\":\"https:\\\/\\\/jumeaux91.fr\\\/blog\\\/#\\\/schema\\\/logo\\\/image\\\/\"}},{\"@type\":\"Person\",\"@id\":\"https:\\\/\\\/jumeaux91.fr\\\/blog\\\/#\\\/schema\\\/person\\\/21da06e9f119b9f64e5d45dbbd32d3fb\",\"name\":\"Claude DAYRES\",\"image\":{\"@type\":\"ImageObject\",\"inLanguage\":\"fr-FR\",\"@id\":\"https:\\\/\\\/secure.gravatar.com\\\/avatar\\\/82eb951df6110a2c48d1bfa7a67d1ee6f0cd5df3cbf9c3586dd61e82db7172a5?s=96&d=mm&r=g\",\"url\":\"https:\\\/\\\/secure.gravatar.com\\\/avatar\\\/82eb951df6110a2c48d1bfa7a67d1ee6f0cd5df3cbf9c3586dd61e82db7172a5?s=96&d=mm&r=g\",\"contentUrl\":\"https:\\\/\\\/secure.gravatar.com\\\/avatar\\\/82eb951df6110a2c48d1bfa7a67d1ee6f0cd5df3cbf9c3586dd61e82db7172a5?s=96&d=mm&r=g\",\"caption\":\"Claude DAYRES\"},\"url\":\"https:\\\/\\\/jumeaux91.fr\\\/blog\\\/author\\\/x91claude\\\/\"}]}<\/script>\n<!-- \/ Yoast SEO plugin. -->","yoast_head_json":{"title":"Pogba, la photo choc - JUMEAUX91","robots":{"index":"index","follow":"follow","max-snippet":"max-snippet:-1","max-image-preview":"max-image-preview:large","max-video-preview":"max-video-preview:-1"},"canonical":"https:\/\/jumeaux91.fr\/blog\/pogba-la-photo-choc\/","og_locale":"fr_FR","og_type":"article","og_title":"Pogba, la photo choc - JUMEAUX91","og_description":"Paul Pogba a publi\u00e9 mardi une photo de famille en compagnie de ses fr\u00e8res, les jumeaux Florentin et Mathias, \u00e0 l\u2019occasion de leur anniversaire commun le 19 ao\u00fbt. Sur le papier, un simple clich\u00e9 fraternel, souriant et tout ce qu\u2019il y a de plus normal. Mais \u00e0 la lumi\u00e8re des \u00e9v\u00e9nements des derni\u00e8res ann\u00e9es, ce&hellip; Poursuivre la lecture Pogba, la photo choc","og_url":"https:\/\/jumeaux91.fr\/blog\/pogba-la-photo-choc\/","og_site_name":"JUMEAUX91","article_published_time":"2025-08-19T17:00:00+00:00","og_image":[{"url":"https:\/\/jumeaux91.fr\/blog\/wp-content\/uploads\/2025\/08\/pogba-la-photo-choc.jpg","type":"","width":"","height":""}],"author":"Claude DAYRES","twitter_card":"summary_large_image","twitter_misc":{"\u00c9crit par":"Claude DAYRES","Dur\u00e9e de lecture estim\u00e9e":"2 minutes"},"schema":{"@context":"https:\/\/schema.org","@graph":[{"@type":"Article","@id":"https:\/\/jumeaux91.fr\/blog\/pogba-la-photo-choc\/#article","isPartOf":{"@id":"https:\/\/jumeaux91.fr\/blog\/pogba-la-photo-choc\/"},"author":{"name":"Claude DAYRES","@id":"https:\/\/jumeaux91.fr\/blog\/#\/schema\/person\/21da06e9f119b9f64e5d45dbbd32d3fb"},"headline":"Pogba, la photo choc","datePublished":"2025-08-19T17:00:00+00:00","mainEntityOfPage":{"@id":"https:\/\/jumeaux91.fr\/blog\/pogba-la-photo-choc\/"},"wordCount":443,"publisher":{"@id":"https:\/\/jumeaux91.fr\/blog\/#organization"},"image":{"@id":"https:\/\/jumeaux91.fr\/blog\/pogba-la-photo-choc\/#primaryimage"},"thumbnailUrl":"https:\/\/jumeaux91.fr\/blog\/wp-content\/uploads\/2025\/08\/pogba-la-photo-choc.jpg","articleSection":["Posts Fr\u00e8res Jumeaux De L'Essonnes:"],"inLanguage":"fr-FR"},{"@type":"WebPage","@id":"https:\/\/jumeaux91.fr\/blog\/pogba-la-photo-choc\/","url":"https:\/\/jumeaux91.fr\/blog\/pogba-la-photo-choc\/","name":"Pogba, la photo choc - JUMEAUX91","isPartOf":{"@id":"https:\/\/jumeaux91.fr\/blog\/#website"},"primaryImageOfPage":{"@id":"https:\/\/jumeaux91.fr\/blog\/pogba-la-photo-choc\/#primaryimage"},"image":{"@id":"https:\/\/jumeaux91.fr\/blog\/pogba-la-photo-choc\/#primaryimage"},"thumbnailUrl":"https:\/\/jumeaux91.fr\/blog\/wp-content\/uploads\/2025\/08\/pogba-la-photo-choc.jpg","datePublished":"2025-08-19T17:00:00+00:00","breadcrumb":{"@id":"https:\/\/jumeaux91.fr\/blog\/pogba-la-photo-choc\/#breadcrumb"},"inLanguage":"fr-FR","potentialAction":[{"@type":"ReadAction","target":["https:\/\/jumeaux91.fr\/blog\/pogba-la-photo-choc\/"]}]},{"@type":"ImageObject","inLanguage":"fr-FR","@id":"https:\/\/jumeaux91.fr\/blog\/pogba-la-photo-choc\/#primaryimage","url":"https:\/\/jumeaux91.fr\/blog\/wp-content\/uploads\/2025\/08\/pogba-la-photo-choc.jpg","contentUrl":"https:\/\/jumeaux91.fr\/blog\/wp-content\/uploads\/2025\/08\/pogba-la-photo-choc.jpg","width":1280,"height":670,"caption":"Pogba, la photo choc"},{"@type":"BreadcrumbList","@id":"https:\/\/jumeaux91.fr\/blog\/pogba-la-photo-choc\/#breadcrumb","itemListElement":[{"@type":"ListItem","position":1,"name":"Accueil","item":"https:\/\/jumeaux91.fr\/blog\/"},{"@type":"ListItem","position":2,"name":"Pogba, la photo choc"}]},{"@type":"WebSite","@id":"https:\/\/jumeaux91.fr\/blog\/#website","url":"https:\/\/jumeaux91.fr\/blog\/","name":"JUMEAUX91","description":"Fr\u00e8res jumeaux de l&#039;Essonnes; informations et archives, \u00e0 savoir et retenir.","publisher":{"@id":"https:\/\/jumeaux91.fr\/blog\/#organization"},"potentialAction":[{"@type":"SearchAction","target":{"@type":"EntryPoint","urlTemplate":"https:\/\/jumeaux91.fr\/blog\/?s={search_term_string}"},"query-input":{"@type":"PropertyValueSpecification","valueRequired":true,"valueName":"search_term_string"}}],"inLanguage":"fr-FR"},{"@type":"Organization","@id":"https:\/\/jumeaux91.fr\/blog\/#organization","name":"jumeaux91","url":"https:\/\/jumeaux91.fr\/blog\/","logo":{"@type":"ImageObject","inLanguage":"fr-FR","@id":"https:\/\/jumeaux91.fr\/blog\/#\/schema\/logo\/image\/","url":"https:\/\/jumeaux91.fr\/blog\/wp-content\/uploads\/2023\/05\/cropped-cropped-logoJ_91.png","contentUrl":"https:\/\/jumeaux91.fr\/blog\/wp-content\/uploads\/2023\/05\/cropped-cropped-logoJ_91.png","width":512,"height":512,"caption":"jumeaux91"},"image":{"@id":"https:\/\/jumeaux91.fr\/blog\/#\/schema\/logo\/image\/"}},{"@type":"Person","@id":"https:\/\/jumeaux91.fr\/blog\/#\/schema\/person\/21da06e9f119b9f64e5d45dbbd32d3fb","name":"Claude DAYRES","image":{"@type":"ImageObject","inLanguage":"fr-FR","@id":"https:\/\/secure.gravatar.com\/avatar\/82eb951df6110a2c48d1bfa7a67d1ee6f0cd5df3cbf9c3586dd61e82db7172a5?s=96&d=mm&r=g","url":"https:\/\/secure.gravatar.com\/avatar\/82eb951df6110a2c48d1bfa7a67d1ee6f0cd5df3cbf9c3586dd61e82db7172a5?s=96&d=mm&r=g","contentUrl":"https:\/\/secure.gravatar.com\/avatar\/82eb951df6110a2c48d1bfa7a67d1ee6f0cd5df3cbf9c3586dd61e82db7172a5?s=96&d=mm&r=g","caption":"Claude DAYRES"},"url":"https:\/\/jumeaux91.fr\/blog\/author\/x91claude\/"}]}},"_links":{"self":[{"href":"https:\/\/jumeaux91.fr\/blog\/wp-json\/wp\/v2\/posts\/1576","targetHints":{"allow":["GET"]}}],"collection":[{"href":"https:\/\/jumeaux91.fr\/blog\/wp-json\/wp\/v2\/posts"}],"about":[{"href":"https:\/\/jumeaux91.fr\/blog\/wp-json\/wp\/v2\/types\/post"}],"author":[{"embeddable":true,"href":"https:\/\/jumeaux91.fr\/blog\/wp-json\/wp\/v2\/users\/2"}],"replies":[{"embeddable":true,"href":"https:\/\/jumeaux91.fr\/blog\/wp-json\/wp\/v2\/comments?post=1576"}],"version-history":[{"count":0,"href":"https:\/\/jumeaux91.fr\/blog\/wp-json\/wp\/v2\/posts\/1576\/revisions"}],"wp:featuredmedia":[{"embeddable":true,"href":"https:\/\/jumeaux91.fr\/blog\/wp-json\/wp\/v2\/media\/1577"}],"wp:attachment":[{"href":"https:\/\/jumeaux91.fr\/blog\/wp-json\/wp\/v2\/media?parent=1576"}],"wp:term":[{"taxonomy":"category","embeddable":true,"href":"https:\/\/jumeaux91.fr\/blog\/wp-json\/wp\/v2\/categories?post=1576"},{"taxonomy":"post_tag","embeddable":true,"href":"https:\/\/jumeaux91.fr\/blog\/wp-json\/wp\/v2\/tags?post=1576"}],"curies":[{"name":"wp","href":"https:\/\/api.w.org\/{rel}","templated":true}]}}