{"id":1578,"date":"2025-08-20T05:30:00","date_gmt":"2025-08-20T03:30:00","guid":{"rendered":"https:\/\/jumeaux91.fr\/blog\/stranger-things-les-freres-duffer-signent-un-contrat-de-quatre-ans-avec-la-paramount\/"},"modified":"2025-08-20T05:30:00","modified_gmt":"2025-08-20T03:30:00","slug":"stranger-things-les-freres-duffer-signent-un-contrat-de-quatre-ans-avec-la-paramount","status":"publish","type":"post","link":"https:\/\/jumeaux91.fr\/blog\/stranger-things-les-freres-duffer-signent-un-contrat-de-quatre-ans-avec-la-paramount\/","title":{"rendered":"Stranger Things : les fr\u00e8res Duffer signent un contrat de quatre ans avec la Paramount"},"content":{"rendered":"<div><img decoding=\"async\" src=\"https:\/\/jumeaux91.fr\/blog\/wp-content\/uploads\/2025\/08\/stranger-things-les-freres-duffer-signent-un-contrat-de-quatre-ans-avec-la-paramount.jpg\" class=\"ff-og-image-inserted\"><\/div>\n<div class=\"field field-name-body field-type-text-with-summary\">\n<p class=\"dm_article-chapeau\">Matt et Ross Duffer, cr\u00e9ateurs de la s\u00e9rie \u00abStranger Things\u00bb, ont d\u00e9cid\u00e9 de signer un contrat d&rsquo;exclusivit\u00e9 durant quatre ans avec le studio Paramount, au d\u00e9triment de Netflix.<\/p>\n<p>Paramount s&rsquo;offre un duo \u00e0 succ\u00e8s. Matt et Ross Duffer, cr\u00e9ateurs de la s\u00e9rie ph\u00e9nom\u00e8ne <a href=\"https:\/\/www.cnews.fr\/stranger-things-0\" target=\"_blank\" rel=\"nofollow\">Stranger Things<\/a>, ont sign\u00e9 un contrat exclusif de quatre ans avec le studio, selon le site am\u00e9ricain <a href=\"https:\/\/www.hollywoodreporter.com\/business\/business-news\/stranger-things-creators-matt-ross-duffer-paramount-deal-1236347953\/?taid=68a57274315de600012f3a3b&amp;utm_campaign=trueanthem&amp;utm_medium=social&amp;utm_source=twitter\" target=\"_blank\" rel=\"nofollow\">The Hollywood Reporter<\/a>.<\/p>\n<p>L&rsquo;atout majeur de ce deal pour les fr\u00e8res Duffer est la possibilit\u00e9 de r\u00e9aliser de longs-m\u00e9trages pour la Paramount, alors que les deux sc\u00e9naristes \u00e9taient engag\u00e9s avec <a href=\"https:\/\/www.cnews.fr\/netflix\" target=\"_blank\" rel=\"nofollow\">Netflix<\/a> depuis 2016.<\/p>\n<p>Lors de la signature de leur dernier contrat pluriannuel avec Netflix, <a href=\"https:\/\/www.cnews.fr\/divertissement\/2021-10-05\/stranger-things-vers-la-creation-dun-spin-1134327\" target=\"_blank\" rel=\"nofollow\">Ted Sarandos<\/a>, directeur des contenus de Netflix, assurait qu&rsquo;ils \u00abavaient h\u00e2te de voir ce que les fr\u00e8res Duffer nous r\u00e9servent lorsqu&rsquo;ils sortiront du monde \u00e0 l&rsquo;envers\u00bb. Or, les deux fr\u00e8res n&rsquo;ont jamais eu la possibilit\u00e9 de r\u00e9aliser leur souhait de longs-m\u00e9trages.<\/p>\n<h2 class=\"dm_article-paragraph-title-2\">Les fr\u00e8res Duffer retrouveront des anciens partenaires de Netflix<\/h2>\n<p>La pr\u00e9sence de Cindy Holland, pr\u00e9sidente de la distribution directe chez Paramount, et de Matt Thunell, pr\u00e9sident de Paramount TV Studios, a \u00e9t\u00e9 un atout majeur \u00e9galement pour la soci\u00e9t\u00e9 am\u00e9ricaine de production puisque ces deux cadres ont nou\u00e9 une relation avec les fr\u00e8res Duffer lors de leurs passages respectifs chez Netflix.<\/p>\n<p>\u00abNous sommes ravis de retrouver nos amis Cindy et Matt, qui ont \u00e9t\u00e9 parmi les premiers \u00e0 croire en nous et en un petit sc\u00e9nario original que nous avons \u00e9crit, et qui est devenu Stranger Things. Ils nous ont donn\u00e9 leur chance en 2015, et ils la retentent : nous avons h\u00e2te de cr\u00e9er de nouvelles histoires ensemble\u00bb, ont assur\u00e9 Matt et Ross Duffer dans un communiqu\u00e9.<\/p>\n<p>Les deux sc\u00e9naristes vont tout de m\u00eame continuer \u00e0 travailler avec Netflix, mais en tant que producteurs, avec les s\u00e9ries <a href=\"https:\/\/www.cnews.fr\/divertissement\/2024-07-17\/stranger-things-connait-le-prochain-projet-horrifique-des-freres-duffer\" target=\"_blank\" rel=\"nofollow\">Something Very Bad Is Going to Happen<\/a> et <a href=\"https:\/\/www.cnews.fr\/divertissement\/2023-04-21\/stranger-things-les-createurs-travaillent-deja-sur-leur-prochaine-serie-de\" target=\"_blank\" rel=\"nofollow\">The Boroughs<\/a>. Les fr\u00e8res Duffer resteront par ailleurs producteurs des projets issus de l&rsquo;univers de Stranger Things.<\/p>\n<p>La carri\u00e8re des fr\u00e8res jumeaux avait r\u00e9ellement d\u00e9coll\u00e9 suite au succ\u00e8s plan\u00e9taire de la s\u00e9rie fantastique produite par Netflix depuis 2016. La <a href=\"https:\/\/www.cnews.fr\/divertissement\/2025-08-06\/stranger-things-les-createurs-en-disent-plus-sur-la-saison-5-1721878\" target=\"_blank\" rel=\"nofollow\">derni\u00e8re saison<\/a> est attendue \u00e0 partir du 26 novembre sur la plate-forme de streaming.<\/p>\n<p>Le 13 ao\u00fbt dernier, <a href=\"https:\/\/www.cnews.fr\/culture\/2025-08-15\/top-gun-star-trek-paramount-devoile-les-gros-projets-sur-lesquels-le-studio-va\" target=\"_blank\" rel=\"nofollow\">David Ellison<\/a>, nouveau PDG de Paramount avait assur\u00e9 face \u00e0 la presse que le studio devait \u00eatre \u00abla destination num\u00e9ro une pour les artistes et les cin\u00e9astes les plus talentueux du monde\u00bb. L&rsquo;arriv\u00e9e du duo Duffer est l&rsquo;une des d\u00e9monstrations de cette volont\u00e9, tout comme l&rsquo;acquisition <a href=\"https:\/\/www.lequipe.fr\/Mma\/Actualites\/Paramount-diffusera-l-ufc-aux-etats-unis-jusqu-en-2033-pour-7-7-milliards-de-dollars\/1584501\" target=\"_blank\" rel=\"nofollow\">des droits de l&rsquo;UFC<\/a> et le rapprochement avec Legendary Pictures, selon <a href=\"https:\/\/variety.com\/2025\/film\/news\/legendary-paramount-film-distribution-deal-1236492205\/\" target=\"_blank\" rel=\"nofollow\">Variety<\/a>.<\/p>\n<\/p><\/div>\n<p> La chronique se veut g\u00e9n\u00e9r\u00e9e de la fa\u00e7on la plus claire que possible. Dans le cas o\u00f9 vous souhaitez pr\u00e9senter des renseignements compl\u00e9mentaires \u00e0 cet article sur le sujet \u00ab\u00a0Fr\u00e8res jumeaux de l&rsquo;Essonnes\u00a0\u00bb il vous est possible d\u2019\u00e9crire aux contacts indiqu\u00e9s sur notre website. La raison d\u2019\u00eatre de jumeaux91.fr \u00e9tant de rassembler sur le web des posts sur le sujet de Fr\u00e8res jumeaux de l&rsquo;Essonnes puis les diffuser en r\u00e9pondant au mieux aux interrogations des gens. Vous pouvez tirer profit de cet article traitant le sujet \u00ab\u00a0Fr\u00e8res jumeaux de l&rsquo;Essonnes\u00a0\u00bb. Il est concoct\u00e9 par l\u2019\u00e9quipe jumeaux91.fr. Prochainement, nous rendrons accessibles au public d&rsquo;autres informations pertinentes sur le sujet \u00ab\u00a0Fr\u00e8res jumeaux de l&rsquo;Essonnes\u00a0\u00bb. Alors, consultez syst\u00e9matiquement notre blog.<\/p>\n","protected":false},"excerpt":{"rendered":"<p>Matt et Ross Duffer, cr\u00e9ateurs de la s\u00e9rie \u00abStranger Things\u00bb, ont d\u00e9cid\u00e9 de signer un contrat d&rsquo;exclusivit\u00e9 durant quatre ans avec le studio Paramount, au d\u00e9triment de Netflix. Paramount s&rsquo;offre un duo \u00e0 succ\u00e8s. Matt et Ross Duffer, cr\u00e9ateurs de la s\u00e9rie ph\u00e9nom\u00e8ne Stranger Things, ont sign\u00e9 un contrat exclusif de quatre ans avec le&hellip; <a class=\"more-link\" href=\"https:\/\/jumeaux91.fr\/blog\/stranger-things-les-freres-duffer-signent-un-contrat-de-quatre-ans-avec-la-paramount\/\">Poursuivre la lecture <span class=\"screen-reader-text\">Stranger Things : les fr\u00e8res Duffer signent un contrat de quatre ans avec la Paramount<\/span><\/a><\/p>\n","protected":false},"author":2,"featured_media":1579,"comment_status":"closed","ping_status":"closed","sticky":false,"template":"","format":"standard","meta":{"footnotes":""},"categories":[4],"tags":[],"class_list":["post-1578","post","type-post","status-publish","format-standard","has-post-thumbnail","hentry","category-posts-freres-jumeaux-de-lessonnes","entry"],"yoast_head":"<!-- This site is optimized with the Yoast SEO plugin v27.5 - https:\/\/yoast.com\/product\/yoast-seo-wordpress\/ -->\n<title>Stranger Things : les fr\u00e8res Duffer signent un contrat de quatre ans avec la Paramount - JUMEAUX91<\/title>\n<meta name=\"robots\" content=\"index, follow, max-snippet:-1, max-image-preview:large, max-video-preview:-1\" \/>\n<link rel=\"canonical\" href=\"https:\/\/jumeaux91.fr\/blog\/stranger-things-les-freres-duffer-signent-un-contrat-de-quatre-ans-avec-la-paramount\/\" \/>\n<meta property=\"og:locale\" content=\"fr_FR\" \/>\n<meta property=\"og:type\" content=\"article\" \/>\n<meta property=\"og:title\" content=\"Stranger Things : les fr\u00e8res Duffer signent un contrat de quatre ans avec la Paramount - JUMEAUX91\" \/>\n<meta property=\"og:description\" content=\"Matt et Ross Duffer, cr\u00e9ateurs de la s\u00e9rie \u00abStranger Things\u00bb, ont d\u00e9cid\u00e9 de signer un contrat d&rsquo;exclusivit\u00e9 durant quatre ans avec le studio Paramount, au d\u00e9triment de Netflix. Paramount s&rsquo;offre un duo \u00e0 succ\u00e8s. Matt et Ross Duffer, cr\u00e9ateurs de la s\u00e9rie ph\u00e9nom\u00e8ne Stranger Things, ont sign\u00e9 un contrat exclusif de quatre ans avec le&hellip; Poursuivre la lecture Stranger Things : les fr\u00e8res Duffer signent un contrat de quatre ans avec la Paramount\" \/>\n<meta property=\"og:url\" content=\"https:\/\/jumeaux91.fr\/blog\/stranger-things-les-freres-duffer-signent-un-contrat-de-quatre-ans-avec-la-paramount\/\" \/>\n<meta property=\"og:site_name\" content=\"JUMEAUX91\" \/>\n<meta property=\"article:published_time\" content=\"2025-08-20T03:30:00+00:00\" \/>\n<meta property=\"og:image\" content=\"https:\/\/jumeaux91.fr\/blog\/wp-content\/uploads\/2025\/08\/stranger-things-les-freres-duffer-signent-un-contrat-de-quatre-ans-avec-la-paramount.jpg\" \/>\n<meta name=\"author\" content=\"Claude DAYRES\" \/>\n<meta name=\"twitter:card\" content=\"summary_large_image\" \/>\n<meta name=\"twitter:label1\" content=\"\u00c9crit par\" \/>\n\t<meta name=\"twitter:data1\" content=\"Claude DAYRES\" \/>\n\t<meta name=\"twitter:label2\" content=\"Dur\u00e9e de lecture estim\u00e9e\" \/>\n\t<meta name=\"twitter:data2\" content=\"3 minutes\" \/>\n<script type=\"application\/ld+json\" class=\"yoast-schema-graph\">{\"@context\":\"https:\\\/\\\/schema.org\",\"@graph\":[{\"@type\":\"Article\",\"@id\":\"https:\\\/\\\/jumeaux91.fr\\\/blog\\\/stranger-things-les-freres-duffer-signent-un-contrat-de-quatre-ans-avec-la-paramount\\\/#article\",\"isPartOf\":{\"@id\":\"https:\\\/\\\/jumeaux91.fr\\\/blog\\\/stranger-things-les-freres-duffer-signent-un-contrat-de-quatre-ans-avec-la-paramount\\\/\"},\"author\":{\"name\":\"Claude DAYRES\",\"@id\":\"https:\\\/\\\/jumeaux91.fr\\\/blog\\\/#\\\/schema\\\/person\\\/21da06e9f119b9f64e5d45dbbd32d3fb\"},\"headline\":\"Stranger Things : les fr\u00e8res Duffer signent un contrat de quatre ans avec la Paramount\",\"datePublished\":\"2025-08-20T03:30:00+00:00\",\"mainEntityOfPage\":{\"@id\":\"https:\\\/\\\/jumeaux91.fr\\\/blog\\\/stranger-things-les-freres-duffer-signent-un-contrat-de-quatre-ans-avec-la-paramount\\\/\"},\"wordCount\":618,\"publisher\":{\"@id\":\"https:\\\/\\\/jumeaux91.fr\\\/blog\\\/#organization\"},\"image\":{\"@id\":\"https:\\\/\\\/jumeaux91.fr\\\/blog\\\/stranger-things-les-freres-duffer-signent-un-contrat-de-quatre-ans-avec-la-paramount\\\/#primaryimage\"},\"thumbnailUrl\":\"https:\\\/\\\/jumeaux91.fr\\\/blog\\\/wp-content\\\/uploads\\\/2025\\\/08\\\/stranger-things-les-freres-duffer-signent-un-contrat-de-quatre-ans-avec-la-paramount.jpg\",\"articleSection\":[\"Posts Fr\u00e8res Jumeaux De L'Essonnes:\"],\"inLanguage\":\"fr-FR\"},{\"@type\":\"WebPage\",\"@id\":\"https:\\\/\\\/jumeaux91.fr\\\/blog\\\/stranger-things-les-freres-duffer-signent-un-contrat-de-quatre-ans-avec-la-paramount\\\/\",\"url\":\"https:\\\/\\\/jumeaux91.fr\\\/blog\\\/stranger-things-les-freres-duffer-signent-un-contrat-de-quatre-ans-avec-la-paramount\\\/\",\"name\":\"Stranger Things : les fr\u00e8res Duffer signent un contrat de quatre ans avec la Paramount - JUMEAUX91\",\"isPartOf\":{\"@id\":\"https:\\\/\\\/jumeaux91.fr\\\/blog\\\/#website\"},\"primaryImageOfPage\":{\"@id\":\"https:\\\/\\\/jumeaux91.fr\\\/blog\\\/stranger-things-les-freres-duffer-signent-un-contrat-de-quatre-ans-avec-la-paramount\\\/#primaryimage\"},\"image\":{\"@id\":\"https:\\\/\\\/jumeaux91.fr\\\/blog\\\/stranger-things-les-freres-duffer-signent-un-contrat-de-quatre-ans-avec-la-paramount\\\/#primaryimage\"},\"thumbnailUrl\":\"https:\\\/\\\/jumeaux91.fr\\\/blog\\\/wp-content\\\/uploads\\\/2025\\\/08\\\/stranger-things-les-freres-duffer-signent-un-contrat-de-quatre-ans-avec-la-paramount.jpg\",\"datePublished\":\"2025-08-20T03:30:00+00:00\",\"breadcrumb\":{\"@id\":\"https:\\\/\\\/jumeaux91.fr\\\/blog\\\/stranger-things-les-freres-duffer-signent-un-contrat-de-quatre-ans-avec-la-paramount\\\/#breadcrumb\"},\"inLanguage\":\"fr-FR\",\"potentialAction\":[{\"@type\":\"ReadAction\",\"target\":[\"https:\\\/\\\/jumeaux91.fr\\\/blog\\\/stranger-things-les-freres-duffer-signent-un-contrat-de-quatre-ans-avec-la-paramount\\\/\"]}]},{\"@type\":\"ImageObject\",\"inLanguage\":\"fr-FR\",\"@id\":\"https:\\\/\\\/jumeaux91.fr\\\/blog\\\/stranger-things-les-freres-duffer-signent-un-contrat-de-quatre-ans-avec-la-paramount\\\/#primaryimage\",\"url\":\"https:\\\/\\\/jumeaux91.fr\\\/blog\\\/wp-content\\\/uploads\\\/2025\\\/08\\\/stranger-things-les-freres-duffer-signent-un-contrat-de-quatre-ans-avec-la-paramount.jpg\",\"contentUrl\":\"https:\\\/\\\/jumeaux91.fr\\\/blog\\\/wp-content\\\/uploads\\\/2025\\\/08\\\/stranger-things-les-freres-duffer-signent-un-contrat-de-quatre-ans-avec-la-paramount.jpg\",\"width\":750,\"height\":422,\"caption\":\"Stranger Things : les fr\u00e8res Duffer signent un contrat de quatre ans avec la Paramount\"},{\"@type\":\"BreadcrumbList\",\"@id\":\"https:\\\/\\\/jumeaux91.fr\\\/blog\\\/stranger-things-les-freres-duffer-signent-un-contrat-de-quatre-ans-avec-la-paramount\\\/#breadcrumb\",\"itemListElement\":[{\"@type\":\"ListItem\",\"position\":1,\"name\":\"Accueil\",\"item\":\"https:\\\/\\\/jumeaux91.fr\\\/blog\\\/\"},{\"@type\":\"ListItem\",\"position\":2,\"name\":\"Stranger Things : les fr\u00e8res Duffer signent un contrat de quatre ans avec la Paramount\"}]},{\"@type\":\"WebSite\",\"@id\":\"https:\\\/\\\/jumeaux91.fr\\\/blog\\\/#website\",\"url\":\"https:\\\/\\\/jumeaux91.fr\\\/blog\\\/\",\"name\":\"JUMEAUX91\",\"description\":\"Fr\u00e8res jumeaux de l&#039;Essonnes; informations et archives, \u00e0 savoir et retenir.\",\"publisher\":{\"@id\":\"https:\\\/\\\/jumeaux91.fr\\\/blog\\\/#organization\"},\"potentialAction\":[{\"@type\":\"SearchAction\",\"target\":{\"@type\":\"EntryPoint\",\"urlTemplate\":\"https:\\\/\\\/jumeaux91.fr\\\/blog\\\/?s={search_term_string}\"},\"query-input\":{\"@type\":\"PropertyValueSpecification\",\"valueRequired\":true,\"valueName\":\"search_term_string\"}}],\"inLanguage\":\"fr-FR\"},{\"@type\":\"Organization\",\"@id\":\"https:\\\/\\\/jumeaux91.fr\\\/blog\\\/#organization\",\"name\":\"jumeaux91\",\"url\":\"https:\\\/\\\/jumeaux91.fr\\\/blog\\\/\",\"logo\":{\"@type\":\"ImageObject\",\"inLanguage\":\"fr-FR\",\"@id\":\"https:\\\/\\\/jumeaux91.fr\\\/blog\\\/#\\\/schema\\\/logo\\\/image\\\/\",\"url\":\"https:\\\/\\\/jumeaux91.fr\\\/blog\\\/wp-content\\\/uploads\\\/2023\\\/05\\\/cropped-cropped-logoJ_91.png\",\"contentUrl\":\"https:\\\/\\\/jumeaux91.fr\\\/blog\\\/wp-content\\\/uploads\\\/2023\\\/05\\\/cropped-cropped-logoJ_91.png\",\"width\":512,\"height\":512,\"caption\":\"jumeaux91\"},\"image\":{\"@id\":\"https:\\\/\\\/jumeaux91.fr\\\/blog\\\/#\\\/schema\\\/logo\\\/image\\\/\"}},{\"@type\":\"Person\",\"@id\":\"https:\\\/\\\/jumeaux91.fr\\\/blog\\\/#\\\/schema\\\/person\\\/21da06e9f119b9f64e5d45dbbd32d3fb\",\"name\":\"Claude DAYRES\",\"image\":{\"@type\":\"ImageObject\",\"inLanguage\":\"fr-FR\",\"@id\":\"https:\\\/\\\/secure.gravatar.com\\\/avatar\\\/82eb951df6110a2c48d1bfa7a67d1ee6f0cd5df3cbf9c3586dd61e82db7172a5?s=96&d=mm&r=g\",\"url\":\"https:\\\/\\\/secure.gravatar.com\\\/avatar\\\/82eb951df6110a2c48d1bfa7a67d1ee6f0cd5df3cbf9c3586dd61e82db7172a5?s=96&d=mm&r=g\",\"contentUrl\":\"https:\\\/\\\/secure.gravatar.com\\\/avatar\\\/82eb951df6110a2c48d1bfa7a67d1ee6f0cd5df3cbf9c3586dd61e82db7172a5?s=96&d=mm&r=g\",\"caption\":\"Claude DAYRES\"},\"url\":\"https:\\\/\\\/jumeaux91.fr\\\/blog\\\/author\\\/x91claude\\\/\"}]}<\/script>\n<!-- \/ Yoast SEO plugin. -->","yoast_head_json":{"title":"Stranger Things : les fr\u00e8res Duffer signent un contrat de quatre ans avec la Paramount - JUMEAUX91","robots":{"index":"index","follow":"follow","max-snippet":"max-snippet:-1","max-image-preview":"max-image-preview:large","max-video-preview":"max-video-preview:-1"},"canonical":"https:\/\/jumeaux91.fr\/blog\/stranger-things-les-freres-duffer-signent-un-contrat-de-quatre-ans-avec-la-paramount\/","og_locale":"fr_FR","og_type":"article","og_title":"Stranger Things : les fr\u00e8res Duffer signent un contrat de quatre ans avec la Paramount - JUMEAUX91","og_description":"Matt et Ross Duffer, cr\u00e9ateurs de la s\u00e9rie \u00abStranger Things\u00bb, ont d\u00e9cid\u00e9 de signer un contrat d&rsquo;exclusivit\u00e9 durant quatre ans avec le studio Paramount, au d\u00e9triment de Netflix. Paramount s&rsquo;offre un duo \u00e0 succ\u00e8s. Matt et Ross Duffer, cr\u00e9ateurs de la s\u00e9rie ph\u00e9nom\u00e8ne Stranger Things, ont sign\u00e9 un contrat exclusif de quatre ans avec le&hellip; Poursuivre la lecture Stranger Things : les fr\u00e8res Duffer signent un contrat de quatre ans avec la Paramount","og_url":"https:\/\/jumeaux91.fr\/blog\/stranger-things-les-freres-duffer-signent-un-contrat-de-quatre-ans-avec-la-paramount\/","og_site_name":"JUMEAUX91","article_published_time":"2025-08-20T03:30:00+00:00","og_image":[{"url":"https:\/\/jumeaux91.fr\/blog\/wp-content\/uploads\/2025\/08\/stranger-things-les-freres-duffer-signent-un-contrat-de-quatre-ans-avec-la-paramount.jpg","type":"","width":"","height":""}],"author":"Claude DAYRES","twitter_card":"summary_large_image","twitter_misc":{"\u00c9crit par":"Claude DAYRES","Dur\u00e9e de lecture estim\u00e9e":"3 minutes"},"schema":{"@context":"https:\/\/schema.org","@graph":[{"@type":"Article","@id":"https:\/\/jumeaux91.fr\/blog\/stranger-things-les-freres-duffer-signent-un-contrat-de-quatre-ans-avec-la-paramount\/#article","isPartOf":{"@id":"https:\/\/jumeaux91.fr\/blog\/stranger-things-les-freres-duffer-signent-un-contrat-de-quatre-ans-avec-la-paramount\/"},"author":{"name":"Claude DAYRES","@id":"https:\/\/jumeaux91.fr\/blog\/#\/schema\/person\/21da06e9f119b9f64e5d45dbbd32d3fb"},"headline":"Stranger Things : les fr\u00e8res Duffer signent un contrat de quatre ans avec la Paramount","datePublished":"2025-08-20T03:30:00+00:00","mainEntityOfPage":{"@id":"https:\/\/jumeaux91.fr\/blog\/stranger-things-les-freres-duffer-signent-un-contrat-de-quatre-ans-avec-la-paramount\/"},"wordCount":618,"publisher":{"@id":"https:\/\/jumeaux91.fr\/blog\/#organization"},"image":{"@id":"https:\/\/jumeaux91.fr\/blog\/stranger-things-les-freres-duffer-signent-un-contrat-de-quatre-ans-avec-la-paramount\/#primaryimage"},"thumbnailUrl":"https:\/\/jumeaux91.fr\/blog\/wp-content\/uploads\/2025\/08\/stranger-things-les-freres-duffer-signent-un-contrat-de-quatre-ans-avec-la-paramount.jpg","articleSection":["Posts Fr\u00e8res Jumeaux De L'Essonnes:"],"inLanguage":"fr-FR"},{"@type":"WebPage","@id":"https:\/\/jumeaux91.fr\/blog\/stranger-things-les-freres-duffer-signent-un-contrat-de-quatre-ans-avec-la-paramount\/","url":"https:\/\/jumeaux91.fr\/blog\/stranger-things-les-freres-duffer-signent-un-contrat-de-quatre-ans-avec-la-paramount\/","name":"Stranger Things : les fr\u00e8res Duffer signent un contrat de quatre ans avec la Paramount - JUMEAUX91","isPartOf":{"@id":"https:\/\/jumeaux91.fr\/blog\/#website"},"primaryImageOfPage":{"@id":"https:\/\/jumeaux91.fr\/blog\/stranger-things-les-freres-duffer-signent-un-contrat-de-quatre-ans-avec-la-paramount\/#primaryimage"},"image":{"@id":"https:\/\/jumeaux91.fr\/blog\/stranger-things-les-freres-duffer-signent-un-contrat-de-quatre-ans-avec-la-paramount\/#primaryimage"},"thumbnailUrl":"https:\/\/jumeaux91.fr\/blog\/wp-content\/uploads\/2025\/08\/stranger-things-les-freres-duffer-signent-un-contrat-de-quatre-ans-avec-la-paramount.jpg","datePublished":"2025-08-20T03:30:00+00:00","breadcrumb":{"@id":"https:\/\/jumeaux91.fr\/blog\/stranger-things-les-freres-duffer-signent-un-contrat-de-quatre-ans-avec-la-paramount\/#breadcrumb"},"inLanguage":"fr-FR","potentialAction":[{"@type":"ReadAction","target":["https:\/\/jumeaux91.fr\/blog\/stranger-things-les-freres-duffer-signent-un-contrat-de-quatre-ans-avec-la-paramount\/"]}]},{"@type":"ImageObject","inLanguage":"fr-FR","@id":"https:\/\/jumeaux91.fr\/blog\/stranger-things-les-freres-duffer-signent-un-contrat-de-quatre-ans-avec-la-paramount\/#primaryimage","url":"https:\/\/jumeaux91.fr\/blog\/wp-content\/uploads\/2025\/08\/stranger-things-les-freres-duffer-signent-un-contrat-de-quatre-ans-avec-la-paramount.jpg","contentUrl":"https:\/\/jumeaux91.fr\/blog\/wp-content\/uploads\/2025\/08\/stranger-things-les-freres-duffer-signent-un-contrat-de-quatre-ans-avec-la-paramount.jpg","width":750,"height":422,"caption":"Stranger Things : les fr\u00e8res Duffer signent un contrat de quatre ans avec la Paramount"},{"@type":"BreadcrumbList","@id":"https:\/\/jumeaux91.fr\/blog\/stranger-things-les-freres-duffer-signent-un-contrat-de-quatre-ans-avec-la-paramount\/#breadcrumb","itemListElement":[{"@type":"ListItem","position":1,"name":"Accueil","item":"https:\/\/jumeaux91.fr\/blog\/"},{"@type":"ListItem","position":2,"name":"Stranger Things : les fr\u00e8res Duffer signent un contrat de quatre ans avec la Paramount"}]},{"@type":"WebSite","@id":"https:\/\/jumeaux91.fr\/blog\/#website","url":"https:\/\/jumeaux91.fr\/blog\/","name":"JUMEAUX91","description":"Fr\u00e8res jumeaux de l&#039;Essonnes; informations et archives, \u00e0 savoir et retenir.","publisher":{"@id":"https:\/\/jumeaux91.fr\/blog\/#organization"},"potentialAction":[{"@type":"SearchAction","target":{"@type":"EntryPoint","urlTemplate":"https:\/\/jumeaux91.fr\/blog\/?s={search_term_string}"},"query-input":{"@type":"PropertyValueSpecification","valueRequired":true,"valueName":"search_term_string"}}],"inLanguage":"fr-FR"},{"@type":"Organization","@id":"https:\/\/jumeaux91.fr\/blog\/#organization","name":"jumeaux91","url":"https:\/\/jumeaux91.fr\/blog\/","logo":{"@type":"ImageObject","inLanguage":"fr-FR","@id":"https:\/\/jumeaux91.fr\/blog\/#\/schema\/logo\/image\/","url":"https:\/\/jumeaux91.fr\/blog\/wp-content\/uploads\/2023\/05\/cropped-cropped-logoJ_91.png","contentUrl":"https:\/\/jumeaux91.fr\/blog\/wp-content\/uploads\/2023\/05\/cropped-cropped-logoJ_91.png","width":512,"height":512,"caption":"jumeaux91"},"image":{"@id":"https:\/\/jumeaux91.fr\/blog\/#\/schema\/logo\/image\/"}},{"@type":"Person","@id":"https:\/\/jumeaux91.fr\/blog\/#\/schema\/person\/21da06e9f119b9f64e5d45dbbd32d3fb","name":"Claude DAYRES","image":{"@type":"ImageObject","inLanguage":"fr-FR","@id":"https:\/\/secure.gravatar.com\/avatar\/82eb951df6110a2c48d1bfa7a67d1ee6f0cd5df3cbf9c3586dd61e82db7172a5?s=96&d=mm&r=g","url":"https:\/\/secure.gravatar.com\/avatar\/82eb951df6110a2c48d1bfa7a67d1ee6f0cd5df3cbf9c3586dd61e82db7172a5?s=96&d=mm&r=g","contentUrl":"https:\/\/secure.gravatar.com\/avatar\/82eb951df6110a2c48d1bfa7a67d1ee6f0cd5df3cbf9c3586dd61e82db7172a5?s=96&d=mm&r=g","caption":"Claude DAYRES"},"url":"https:\/\/jumeaux91.fr\/blog\/author\/x91claude\/"}]}},"_links":{"self":[{"href":"https:\/\/jumeaux91.fr\/blog\/wp-json\/wp\/v2\/posts\/1578","targetHints":{"allow":["GET"]}}],"collection":[{"href":"https:\/\/jumeaux91.fr\/blog\/wp-json\/wp\/v2\/posts"}],"about":[{"href":"https:\/\/jumeaux91.fr\/blog\/wp-json\/wp\/v2\/types\/post"}],"author":[{"embeddable":true,"href":"https:\/\/jumeaux91.fr\/blog\/wp-json\/wp\/v2\/users\/2"}],"replies":[{"embeddable":true,"href":"https:\/\/jumeaux91.fr\/blog\/wp-json\/wp\/v2\/comments?post=1578"}],"version-history":[{"count":0,"href":"https:\/\/jumeaux91.fr\/blog\/wp-json\/wp\/v2\/posts\/1578\/revisions"}],"wp:featuredmedia":[{"embeddable":true,"href":"https:\/\/jumeaux91.fr\/blog\/wp-json\/wp\/v2\/media\/1579"}],"wp:attachment":[{"href":"https:\/\/jumeaux91.fr\/blog\/wp-json\/wp\/v2\/media?parent=1578"}],"wp:term":[{"taxonomy":"category","embeddable":true,"href":"https:\/\/jumeaux91.fr\/blog\/wp-json\/wp\/v2\/categories?post=1578"},{"taxonomy":"post_tag","embeddable":true,"href":"https:\/\/jumeaux91.fr\/blog\/wp-json\/wp\/v2\/tags?post=1578"}],"curies":[{"name":"wp","href":"https:\/\/api.w.org\/{rel}","templated":true}]}}