{"id":1586,"date":"2021-06-07T19:00:00","date_gmt":"2021-06-07T17:00:00","guid":{"rendered":"https:\/\/jumeaux91.fr\/blog\/laccident-choquant-de-jeunes-freres-jumeaux-qui-rentraient-de-l\/"},"modified":"2021-06-07T19:00:00","modified_gmt":"2021-06-07T17:00:00","slug":"laccident-choquant-de-jeunes-freres-jumeaux-qui-rentraient-de-l","status":"publish","type":"post","link":"https:\/\/jumeaux91.fr\/blog\/laccident-choquant-de-jeunes-freres-jumeaux-qui-rentraient-de-l\/","title":{"rendered":"L&rsquo;accident choquant de jeunes fr\u00e8res jumeaux qui rentraient de l &#8230;"},"content":{"rendered":"<div><img decoding=\"async\" src=\"https:\/\/jumeaux91.fr\/blog\/wp-content\/uploads\/2025\/08\/laccident-choquant-de-jeunes-freres-jumeaux-qui-rentraient-de-l-1.jpg\" class=\"ff-og-image-inserted\"><\/div>\n<div class=\"article_body_content\">\n<p>Deux pr\u00e9-adolescents, des fr\u00e8res jumeaux de 12 ans, ont connu un<br \/>\ndestin tragique. Alors qu&rsquo;ils rentraient de l&rsquo;\u00e9cole sur u<a href=\"https:\/\/www.closermag.fr\/vecu\/temoignages\/temoignage-nous-avons-permis-aux-personnes-en-fauteuil-de-se-deplacer-en-trottin-1108631\" target=\"_self\" rel=\"nofollow\">ne trottinette \u00e9lectrique<\/a>, l&rsquo;un des jumeaux est<br \/>\nd\u00e9c\u00e9d\u00e9 apr\u00e8s \u00eatre une violente collision avec une voiture. Les<br \/>\nfaits se sont d\u00e9roul\u00e9s dans la commune de<br \/>\n<strong>Saint-Amour<\/strong>, dans le Jura, a rapport\u00e9 <a href=\"https:\/\/www.leprogres.fr\/faits-divers-justice\/2021\/06\/07\/un-enfant-tue-et-un-autre-blesse-dans-une-collision-entre-une-trottinette-et-une-voiture\" target=\"_blank\" rel=\"nofollow\">Le Progr\u00e8s.<\/a><\/p>\n<p>Selon le procureur de la R\u00e9publique de Lons-le-Saunier, Lionel<br \/>\nPascal, le tragique accident est arriv\u00e9 lors de la pause d\u00e9jeuner<br \/>\ndes deux gar\u00e7ons. Et d&rsquo;apr\u00e8s les premi\u00e8res constatations,<br \/>\n<strong><em>\u00a0\u00bb il semble qu&rsquo;ils n&rsquo;aient pas marqu\u00e9 un<br \/>\nstop\u00a0\u00bb<\/em><\/strong> avant le choc. Le conducteur de <a href=\"https:\/\/www.closermag.fr\/people\/photos-improbable-quand-kaia-gerber-fait-de-la-trottinette-electrique-dans-les-r-1030233\" target=\"_self\" rel=\"nofollow\">la trottinette<\/a> n&rsquo;a pas surv\u00e9cu. Quant \u00e0 son<br \/>\nfr\u00e8re, il a \u00e9t\u00e9 transport\u00e9 \u00e0 l&rsquo;h\u00f4pital de Besan\u00e7on.<\/p>\n<h2 class=\"marfeel_last_h2\">La trottinette roulait-elle trop vite<br \/>\n?<\/h2>\n<p>Le fr\u00e8re survivant souffre de blessures l\u00e9g\u00e8res au niveau des<br \/>\njambes. Selon le magistrat : <em>\u00ab\u00a0la question de la vitesse de la<br \/>\ntrottinette entre dans le champ des investigations, car il<br \/>\nsemblerait qu&rsquo;elle allait trop vite\u00a0\u00bb.<\/em> Les auditions des<br \/>\nt\u00e9moins de la sc\u00e8ne ainsi que des occupants de la voiture \u00e9taient<br \/>\nen cours le lundi 7 juin 2021.<\/p>\n<p>Cette triste histoire rappelle celle de cet homme de 25 ans,<br \/>\nd\u00e9c\u00e9d\u00e9 le 19 octobre \u00e0 <strong>Bordeaux<\/strong> apr\u00e8s avoir<br \/>\npercut\u00e9 une voiture alors qu&rsquo;il roulait en <a href=\"https:\/\/www.closermag.fr\/vecu\/faits-divers\/la-youtubeuse-britannique-emily-hartridge-est-morte-a-35-ans-dans-un-accident-de-997256\" target=\"_self\" rel=\"nofollow\">trottinette \u00e9lectrique.<\/a> Le jeune homme \u00e9tait<br \/>\naccompagn\u00e9 d&rsquo;une passag\u00e8re \u00e2g\u00e9e de 18 ans. Les pompiers avaient<br \/>\ntent\u00e9 en vain de le sauver. Quant \u00e0 la passag\u00e8re, gri\u00e8vement<br \/>\nbless\u00e9e, elle avait \u00e9t\u00e9 transport\u00e9e au centre hospitalier de<br \/>\nPelegrin. Le conducteur de la voiture avait fui la sc\u00e8ne apr\u00e8s<br \/>\nl&rsquo;accident.<\/p>\n<\/p><\/div>\n<p>La chronique se veut g\u00e9n\u00e9r\u00e9e de la fa\u00e7on la plus claire que possible. Dans le cas o\u00f9 vous souhaitez pr\u00e9senter des renseignements compl\u00e9mentaires \u00e0 cet article sur le sujet \u00ab\u00a0Fr\u00e8res jumeaux de l&rsquo;Essonnes\u00a0\u00bb il vous est possible d\u2019\u00e9crire aux contacts indiqu\u00e9s sur notre website. La raison d\u2019\u00eatre de jumeaux91.fr \u00e9tant de rassembler sur le web des posts sur le sujet de Fr\u00e8res jumeaux de l&rsquo;Essonnes puis les diffuser en r\u00e9pondant au mieux aux interrogations des gens. Vous pouvez tirer profit de cet article traitant le sujet \u00ab\u00a0Fr\u00e8res jumeaux de l&rsquo;Essonnes\u00a0\u00bb. Il est concoct\u00e9 par l\u2019\u00e9quipe jumeaux91.fr. Prochainement, nous rendrons accessibles au public d&rsquo;autres informations pertinentes sur le sujet \u00ab\u00a0Fr\u00e8res jumeaux de l&rsquo;Essonnes\u00a0\u00bb. Alors, consultez syst\u00e9matiquement notre blog.<\/p>\n","protected":false},"excerpt":{"rendered":"<p>Deux pr\u00e9-adolescents, des fr\u00e8res jumeaux de 12 ans, ont connu un destin tragique. Alors qu&rsquo;ils rentraient de l&rsquo;\u00e9cole sur une trottinette \u00e9lectrique, l&rsquo;un des jumeaux est d\u00e9c\u00e9d\u00e9 apr\u00e8s \u00eatre une violente collision avec une voiture. Les faits se sont d\u00e9roul\u00e9s dans la commune de Saint-Amour, dans le Jura, a rapport\u00e9 Le Progr\u00e8s. Selon le procureur&hellip; <a class=\"more-link\" href=\"https:\/\/jumeaux91.fr\/blog\/laccident-choquant-de-jeunes-freres-jumeaux-qui-rentraient-de-l\/\">Poursuivre la lecture <span class=\"screen-reader-text\">L&rsquo;accident choquant de jeunes fr\u00e8res jumeaux qui rentraient de l &#8230;<\/span><\/a><\/p>\n","protected":false},"author":2,"featured_media":1587,"comment_status":"closed","ping_status":"closed","sticky":false,"template":"","format":"standard","meta":{"footnotes":""},"categories":[4],"tags":[],"class_list":["post-1586","post","type-post","status-publish","format-standard","has-post-thumbnail","hentry","category-posts-freres-jumeaux-de-lessonnes","entry"],"yoast_head":"<!-- This site is optimized with the Yoast SEO plugin v27.5 - https:\/\/yoast.com\/product\/yoast-seo-wordpress\/ -->\n<title>L&#039;accident choquant de jeunes fr\u00e8res jumeaux qui rentraient de l ... - JUMEAUX91<\/title>\n<meta name=\"robots\" content=\"index, follow, max-snippet:-1, max-image-preview:large, max-video-preview:-1\" \/>\n<link rel=\"canonical\" href=\"https:\/\/jumeaux91.fr\/blog\/laccident-choquant-de-jeunes-freres-jumeaux-qui-rentraient-de-l\/\" \/>\n<meta property=\"og:locale\" content=\"fr_FR\" \/>\n<meta property=\"og:type\" content=\"article\" \/>\n<meta property=\"og:title\" content=\"L&#039;accident choquant de jeunes fr\u00e8res jumeaux qui rentraient de l ... - JUMEAUX91\" \/>\n<meta property=\"og:description\" content=\"Deux pr\u00e9-adolescents, des fr\u00e8res jumeaux de 12 ans, ont connu un destin tragique. Alors qu&rsquo;ils rentraient de l&rsquo;\u00e9cole sur une trottinette \u00e9lectrique, l&rsquo;un des jumeaux est d\u00e9c\u00e9d\u00e9 apr\u00e8s \u00eatre une violente collision avec une voiture. Les faits se sont d\u00e9roul\u00e9s dans la commune de Saint-Amour, dans le Jura, a rapport\u00e9 Le Progr\u00e8s. Selon le procureur&hellip; Poursuivre la lecture L&rsquo;accident choquant de jeunes fr\u00e8res jumeaux qui rentraient de l &#8230;\" \/>\n<meta property=\"og:url\" content=\"https:\/\/jumeaux91.fr\/blog\/laccident-choquant-de-jeunes-freres-jumeaux-qui-rentraient-de-l\/\" \/>\n<meta property=\"og:site_name\" content=\"JUMEAUX91\" \/>\n<meta property=\"article:published_time\" content=\"2021-06-07T17:00:00+00:00\" \/>\n<meta property=\"og:image\" content=\"https:\/\/jumeaux91.fr\/blog\/wp-content\/uploads\/2025\/08\/laccident-choquant-de-jeunes-freres-jumeaux-qui-rentraient-de-l-1.jpg\" \/>\n<meta name=\"author\" content=\"Claude DAYRES\" \/>\n<meta name=\"twitter:card\" content=\"summary_large_image\" \/>\n<meta name=\"twitter:label1\" content=\"\u00c9crit par\" \/>\n\t<meta name=\"twitter:data1\" content=\"Claude DAYRES\" \/>\n\t<meta name=\"twitter:label2\" content=\"Dur\u00e9e de lecture estim\u00e9e\" \/>\n\t<meta name=\"twitter:data2\" content=\"2 minutes\" \/>\n<script type=\"application\/ld+json\" class=\"yoast-schema-graph\">{\"@context\":\"https:\\\/\\\/schema.org\",\"@graph\":[{\"@type\":\"Article\",\"@id\":\"https:\\\/\\\/jumeaux91.fr\\\/blog\\\/laccident-choquant-de-jeunes-freres-jumeaux-qui-rentraient-de-l\\\/#article\",\"isPartOf\":{\"@id\":\"https:\\\/\\\/jumeaux91.fr\\\/blog\\\/laccident-choquant-de-jeunes-freres-jumeaux-qui-rentraient-de-l\\\/\"},\"author\":{\"name\":\"Claude DAYRES\",\"@id\":\"https:\\\/\\\/jumeaux91.fr\\\/blog\\\/#\\\/schema\\\/person\\\/21da06e9f119b9f64e5d45dbbd32d3fb\"},\"headline\":\"L&rsquo;accident choquant de jeunes fr\u00e8res jumeaux qui rentraient de l &#8230;\",\"datePublished\":\"2021-06-07T17:00:00+00:00\",\"mainEntityOfPage\":{\"@id\":\"https:\\\/\\\/jumeaux91.fr\\\/blog\\\/laccident-choquant-de-jeunes-freres-jumeaux-qui-rentraient-de-l\\\/\"},\"wordCount\":433,\"publisher\":{\"@id\":\"https:\\\/\\\/jumeaux91.fr\\\/blog\\\/#organization\"},\"image\":{\"@id\":\"https:\\\/\\\/jumeaux91.fr\\\/blog\\\/laccident-choquant-de-jeunes-freres-jumeaux-qui-rentraient-de-l\\\/#primaryimage\"},\"thumbnailUrl\":\"https:\\\/\\\/jumeaux91.fr\\\/blog\\\/wp-content\\\/uploads\\\/2025\\\/08\\\/laccident-choquant-de-jeunes-freres-jumeaux-qui-rentraient-de-l.jpg\",\"articleSection\":[\"Posts Fr\u00e8res Jumeaux De L'Essonnes:\"],\"inLanguage\":\"fr-FR\"},{\"@type\":\"WebPage\",\"@id\":\"https:\\\/\\\/jumeaux91.fr\\\/blog\\\/laccident-choquant-de-jeunes-freres-jumeaux-qui-rentraient-de-l\\\/\",\"url\":\"https:\\\/\\\/jumeaux91.fr\\\/blog\\\/laccident-choquant-de-jeunes-freres-jumeaux-qui-rentraient-de-l\\\/\",\"name\":\"L'accident choquant de jeunes fr\u00e8res jumeaux qui rentraient de l ... - JUMEAUX91\",\"isPartOf\":{\"@id\":\"https:\\\/\\\/jumeaux91.fr\\\/blog\\\/#website\"},\"primaryImageOfPage\":{\"@id\":\"https:\\\/\\\/jumeaux91.fr\\\/blog\\\/laccident-choquant-de-jeunes-freres-jumeaux-qui-rentraient-de-l\\\/#primaryimage\"},\"image\":{\"@id\":\"https:\\\/\\\/jumeaux91.fr\\\/blog\\\/laccident-choquant-de-jeunes-freres-jumeaux-qui-rentraient-de-l\\\/#primaryimage\"},\"thumbnailUrl\":\"https:\\\/\\\/jumeaux91.fr\\\/blog\\\/wp-content\\\/uploads\\\/2025\\\/08\\\/laccident-choquant-de-jeunes-freres-jumeaux-qui-rentraient-de-l.jpg\",\"datePublished\":\"2021-06-07T17:00:00+00:00\",\"breadcrumb\":{\"@id\":\"https:\\\/\\\/jumeaux91.fr\\\/blog\\\/laccident-choquant-de-jeunes-freres-jumeaux-qui-rentraient-de-l\\\/#breadcrumb\"},\"inLanguage\":\"fr-FR\",\"potentialAction\":[{\"@type\":\"ReadAction\",\"target\":[\"https:\\\/\\\/jumeaux91.fr\\\/blog\\\/laccident-choquant-de-jeunes-freres-jumeaux-qui-rentraient-de-l\\\/\"]}]},{\"@type\":\"ImageObject\",\"inLanguage\":\"fr-FR\",\"@id\":\"https:\\\/\\\/jumeaux91.fr\\\/blog\\\/laccident-choquant-de-jeunes-freres-jumeaux-qui-rentraient-de-l\\\/#primaryimage\",\"url\":\"https:\\\/\\\/jumeaux91.fr\\\/blog\\\/wp-content\\\/uploads\\\/2025\\\/08\\\/laccident-choquant-de-jeunes-freres-jumeaux-qui-rentraient-de-l.jpg\",\"contentUrl\":\"https:\\\/\\\/jumeaux91.fr\\\/blog\\\/wp-content\\\/uploads\\\/2025\\\/08\\\/laccident-choquant-de-jeunes-freres-jumeaux-qui-rentraient-de-l.jpg\",\"width\":1614,\"height\":908,\"caption\":\"L'accident choquant de jeunes fr\u00e8res jumeaux qui rentraient de l ...\"},{\"@type\":\"BreadcrumbList\",\"@id\":\"https:\\\/\\\/jumeaux91.fr\\\/blog\\\/laccident-choquant-de-jeunes-freres-jumeaux-qui-rentraient-de-l\\\/#breadcrumb\",\"itemListElement\":[{\"@type\":\"ListItem\",\"position\":1,\"name\":\"Accueil\",\"item\":\"https:\\\/\\\/jumeaux91.fr\\\/blog\\\/\"},{\"@type\":\"ListItem\",\"position\":2,\"name\":\"L&rsquo;accident choquant de jeunes fr\u00e8res jumeaux qui rentraient de l &#8230;\"}]},{\"@type\":\"WebSite\",\"@id\":\"https:\\\/\\\/jumeaux91.fr\\\/blog\\\/#website\",\"url\":\"https:\\\/\\\/jumeaux91.fr\\\/blog\\\/\",\"name\":\"JUMEAUX91\",\"description\":\"Fr\u00e8res jumeaux de l&#039;Essonnes; informations et archives, \u00e0 savoir et retenir.\",\"publisher\":{\"@id\":\"https:\\\/\\\/jumeaux91.fr\\\/blog\\\/#organization\"},\"potentialAction\":[{\"@type\":\"SearchAction\",\"target\":{\"@type\":\"EntryPoint\",\"urlTemplate\":\"https:\\\/\\\/jumeaux91.fr\\\/blog\\\/?s={search_term_string}\"},\"query-input\":{\"@type\":\"PropertyValueSpecification\",\"valueRequired\":true,\"valueName\":\"search_term_string\"}}],\"inLanguage\":\"fr-FR\"},{\"@type\":\"Organization\",\"@id\":\"https:\\\/\\\/jumeaux91.fr\\\/blog\\\/#organization\",\"name\":\"jumeaux91\",\"url\":\"https:\\\/\\\/jumeaux91.fr\\\/blog\\\/\",\"logo\":{\"@type\":\"ImageObject\",\"inLanguage\":\"fr-FR\",\"@id\":\"https:\\\/\\\/jumeaux91.fr\\\/blog\\\/#\\\/schema\\\/logo\\\/image\\\/\",\"url\":\"https:\\\/\\\/jumeaux91.fr\\\/blog\\\/wp-content\\\/uploads\\\/2023\\\/05\\\/cropped-cropped-logoJ_91.png\",\"contentUrl\":\"https:\\\/\\\/jumeaux91.fr\\\/blog\\\/wp-content\\\/uploads\\\/2023\\\/05\\\/cropped-cropped-logoJ_91.png\",\"width\":512,\"height\":512,\"caption\":\"jumeaux91\"},\"image\":{\"@id\":\"https:\\\/\\\/jumeaux91.fr\\\/blog\\\/#\\\/schema\\\/logo\\\/image\\\/\"}},{\"@type\":\"Person\",\"@id\":\"https:\\\/\\\/jumeaux91.fr\\\/blog\\\/#\\\/schema\\\/person\\\/21da06e9f119b9f64e5d45dbbd32d3fb\",\"name\":\"Claude DAYRES\",\"image\":{\"@type\":\"ImageObject\",\"inLanguage\":\"fr-FR\",\"@id\":\"https:\\\/\\\/secure.gravatar.com\\\/avatar\\\/82eb951df6110a2c48d1bfa7a67d1ee6f0cd5df3cbf9c3586dd61e82db7172a5?s=96&d=mm&r=g\",\"url\":\"https:\\\/\\\/secure.gravatar.com\\\/avatar\\\/82eb951df6110a2c48d1bfa7a67d1ee6f0cd5df3cbf9c3586dd61e82db7172a5?s=96&d=mm&r=g\",\"contentUrl\":\"https:\\\/\\\/secure.gravatar.com\\\/avatar\\\/82eb951df6110a2c48d1bfa7a67d1ee6f0cd5df3cbf9c3586dd61e82db7172a5?s=96&d=mm&r=g\",\"caption\":\"Claude DAYRES\"},\"url\":\"https:\\\/\\\/jumeaux91.fr\\\/blog\\\/author\\\/x91claude\\\/\"}]}<\/script>\n<!-- \/ Yoast SEO plugin. -->","yoast_head_json":{"title":"L'accident choquant de jeunes fr\u00e8res jumeaux qui rentraient de l ... - JUMEAUX91","robots":{"index":"index","follow":"follow","max-snippet":"max-snippet:-1","max-image-preview":"max-image-preview:large","max-video-preview":"max-video-preview:-1"},"canonical":"https:\/\/jumeaux91.fr\/blog\/laccident-choquant-de-jeunes-freres-jumeaux-qui-rentraient-de-l\/","og_locale":"fr_FR","og_type":"article","og_title":"L'accident choquant de jeunes fr\u00e8res jumeaux qui rentraient de l ... - JUMEAUX91","og_description":"Deux pr\u00e9-adolescents, des fr\u00e8res jumeaux de 12 ans, ont connu un destin tragique. Alors qu&rsquo;ils rentraient de l&rsquo;\u00e9cole sur une trottinette \u00e9lectrique, l&rsquo;un des jumeaux est d\u00e9c\u00e9d\u00e9 apr\u00e8s \u00eatre une violente collision avec une voiture. Les faits se sont d\u00e9roul\u00e9s dans la commune de Saint-Amour, dans le Jura, a rapport\u00e9 Le Progr\u00e8s. Selon le procureur&hellip; Poursuivre la lecture L&rsquo;accident choquant de jeunes fr\u00e8res jumeaux qui rentraient de l &#8230;","og_url":"https:\/\/jumeaux91.fr\/blog\/laccident-choquant-de-jeunes-freres-jumeaux-qui-rentraient-de-l\/","og_site_name":"JUMEAUX91","article_published_time":"2021-06-07T17:00:00+00:00","og_image":[{"url":"https:\/\/jumeaux91.fr\/blog\/wp-content\/uploads\/2025\/08\/laccident-choquant-de-jeunes-freres-jumeaux-qui-rentraient-de-l-1.jpg","type":"","width":"","height":""}],"author":"Claude DAYRES","twitter_card":"summary_large_image","twitter_misc":{"\u00c9crit par":"Claude DAYRES","Dur\u00e9e de lecture estim\u00e9e":"2 minutes"},"schema":{"@context":"https:\/\/schema.org","@graph":[{"@type":"Article","@id":"https:\/\/jumeaux91.fr\/blog\/laccident-choquant-de-jeunes-freres-jumeaux-qui-rentraient-de-l\/#article","isPartOf":{"@id":"https:\/\/jumeaux91.fr\/blog\/laccident-choquant-de-jeunes-freres-jumeaux-qui-rentraient-de-l\/"},"author":{"name":"Claude DAYRES","@id":"https:\/\/jumeaux91.fr\/blog\/#\/schema\/person\/21da06e9f119b9f64e5d45dbbd32d3fb"},"headline":"L&rsquo;accident choquant de jeunes fr\u00e8res jumeaux qui rentraient de l &#8230;","datePublished":"2021-06-07T17:00:00+00:00","mainEntityOfPage":{"@id":"https:\/\/jumeaux91.fr\/blog\/laccident-choquant-de-jeunes-freres-jumeaux-qui-rentraient-de-l\/"},"wordCount":433,"publisher":{"@id":"https:\/\/jumeaux91.fr\/blog\/#organization"},"image":{"@id":"https:\/\/jumeaux91.fr\/blog\/laccident-choquant-de-jeunes-freres-jumeaux-qui-rentraient-de-l\/#primaryimage"},"thumbnailUrl":"https:\/\/jumeaux91.fr\/blog\/wp-content\/uploads\/2025\/08\/laccident-choquant-de-jeunes-freres-jumeaux-qui-rentraient-de-l.jpg","articleSection":["Posts Fr\u00e8res Jumeaux De L'Essonnes:"],"inLanguage":"fr-FR"},{"@type":"WebPage","@id":"https:\/\/jumeaux91.fr\/blog\/laccident-choquant-de-jeunes-freres-jumeaux-qui-rentraient-de-l\/","url":"https:\/\/jumeaux91.fr\/blog\/laccident-choquant-de-jeunes-freres-jumeaux-qui-rentraient-de-l\/","name":"L'accident choquant de jeunes fr\u00e8res jumeaux qui rentraient de l ... - JUMEAUX91","isPartOf":{"@id":"https:\/\/jumeaux91.fr\/blog\/#website"},"primaryImageOfPage":{"@id":"https:\/\/jumeaux91.fr\/blog\/laccident-choquant-de-jeunes-freres-jumeaux-qui-rentraient-de-l\/#primaryimage"},"image":{"@id":"https:\/\/jumeaux91.fr\/blog\/laccident-choquant-de-jeunes-freres-jumeaux-qui-rentraient-de-l\/#primaryimage"},"thumbnailUrl":"https:\/\/jumeaux91.fr\/blog\/wp-content\/uploads\/2025\/08\/laccident-choquant-de-jeunes-freres-jumeaux-qui-rentraient-de-l.jpg","datePublished":"2021-06-07T17:00:00+00:00","breadcrumb":{"@id":"https:\/\/jumeaux91.fr\/blog\/laccident-choquant-de-jeunes-freres-jumeaux-qui-rentraient-de-l\/#breadcrumb"},"inLanguage":"fr-FR","potentialAction":[{"@type":"ReadAction","target":["https:\/\/jumeaux91.fr\/blog\/laccident-choquant-de-jeunes-freres-jumeaux-qui-rentraient-de-l\/"]}]},{"@type":"ImageObject","inLanguage":"fr-FR","@id":"https:\/\/jumeaux91.fr\/blog\/laccident-choquant-de-jeunes-freres-jumeaux-qui-rentraient-de-l\/#primaryimage","url":"https:\/\/jumeaux91.fr\/blog\/wp-content\/uploads\/2025\/08\/laccident-choquant-de-jeunes-freres-jumeaux-qui-rentraient-de-l.jpg","contentUrl":"https:\/\/jumeaux91.fr\/blog\/wp-content\/uploads\/2025\/08\/laccident-choquant-de-jeunes-freres-jumeaux-qui-rentraient-de-l.jpg","width":1614,"height":908,"caption":"L'accident choquant de jeunes fr\u00e8res jumeaux qui rentraient de l ..."},{"@type":"BreadcrumbList","@id":"https:\/\/jumeaux91.fr\/blog\/laccident-choquant-de-jeunes-freres-jumeaux-qui-rentraient-de-l\/#breadcrumb","itemListElement":[{"@type":"ListItem","position":1,"name":"Accueil","item":"https:\/\/jumeaux91.fr\/blog\/"},{"@type":"ListItem","position":2,"name":"L&rsquo;accident choquant de jeunes fr\u00e8res jumeaux qui rentraient de l &#8230;"}]},{"@type":"WebSite","@id":"https:\/\/jumeaux91.fr\/blog\/#website","url":"https:\/\/jumeaux91.fr\/blog\/","name":"JUMEAUX91","description":"Fr\u00e8res jumeaux de l&#039;Essonnes; informations et archives, \u00e0 savoir et retenir.","publisher":{"@id":"https:\/\/jumeaux91.fr\/blog\/#organization"},"potentialAction":[{"@type":"SearchAction","target":{"@type":"EntryPoint","urlTemplate":"https:\/\/jumeaux91.fr\/blog\/?s={search_term_string}"},"query-input":{"@type":"PropertyValueSpecification","valueRequired":true,"valueName":"search_term_string"}}],"inLanguage":"fr-FR"},{"@type":"Organization","@id":"https:\/\/jumeaux91.fr\/blog\/#organization","name":"jumeaux91","url":"https:\/\/jumeaux91.fr\/blog\/","logo":{"@type":"ImageObject","inLanguage":"fr-FR","@id":"https:\/\/jumeaux91.fr\/blog\/#\/schema\/logo\/image\/","url":"https:\/\/jumeaux91.fr\/blog\/wp-content\/uploads\/2023\/05\/cropped-cropped-logoJ_91.png","contentUrl":"https:\/\/jumeaux91.fr\/blog\/wp-content\/uploads\/2023\/05\/cropped-cropped-logoJ_91.png","width":512,"height":512,"caption":"jumeaux91"},"image":{"@id":"https:\/\/jumeaux91.fr\/blog\/#\/schema\/logo\/image\/"}},{"@type":"Person","@id":"https:\/\/jumeaux91.fr\/blog\/#\/schema\/person\/21da06e9f119b9f64e5d45dbbd32d3fb","name":"Claude DAYRES","image":{"@type":"ImageObject","inLanguage":"fr-FR","@id":"https:\/\/secure.gravatar.com\/avatar\/82eb951df6110a2c48d1bfa7a67d1ee6f0cd5df3cbf9c3586dd61e82db7172a5?s=96&d=mm&r=g","url":"https:\/\/secure.gravatar.com\/avatar\/82eb951df6110a2c48d1bfa7a67d1ee6f0cd5df3cbf9c3586dd61e82db7172a5?s=96&d=mm&r=g","contentUrl":"https:\/\/secure.gravatar.com\/avatar\/82eb951df6110a2c48d1bfa7a67d1ee6f0cd5df3cbf9c3586dd61e82db7172a5?s=96&d=mm&r=g","caption":"Claude DAYRES"},"url":"https:\/\/jumeaux91.fr\/blog\/author\/x91claude\/"}]}},"_links":{"self":[{"href":"https:\/\/jumeaux91.fr\/blog\/wp-json\/wp\/v2\/posts\/1586","targetHints":{"allow":["GET"]}}],"collection":[{"href":"https:\/\/jumeaux91.fr\/blog\/wp-json\/wp\/v2\/posts"}],"about":[{"href":"https:\/\/jumeaux91.fr\/blog\/wp-json\/wp\/v2\/types\/post"}],"author":[{"embeddable":true,"href":"https:\/\/jumeaux91.fr\/blog\/wp-json\/wp\/v2\/users\/2"}],"replies":[{"embeddable":true,"href":"https:\/\/jumeaux91.fr\/blog\/wp-json\/wp\/v2\/comments?post=1586"}],"version-history":[{"count":0,"href":"https:\/\/jumeaux91.fr\/blog\/wp-json\/wp\/v2\/posts\/1586\/revisions"}],"wp:featuredmedia":[{"embeddable":true,"href":"https:\/\/jumeaux91.fr\/blog\/wp-json\/wp\/v2\/media\/1587"}],"wp:attachment":[{"href":"https:\/\/jumeaux91.fr\/blog\/wp-json\/wp\/v2\/media?parent=1586"}],"wp:term":[{"taxonomy":"category","embeddable":true,"href":"https:\/\/jumeaux91.fr\/blog\/wp-json\/wp\/v2\/categories?post=1586"},{"taxonomy":"post_tag","embeddable":true,"href":"https:\/\/jumeaux91.fr\/blog\/wp-json\/wp\/v2\/tags?post=1586"}],"curies":[{"name":"wp","href":"https:\/\/api.w.org\/{rel}","templated":true}]}}