{"id":1588,"date":"2023-04-14T19:00:00","date_gmt":"2023-04-14T17:00:00","guid":{"rendered":"https:\/\/jumeaux91.fr\/blog\/tpmp-des-freres-jumeaux-se-battent-en-plein-direct-cyril-hanouna\/"},"modified":"2023-04-14T19:00:00","modified_gmt":"2023-04-14T17:00:00","slug":"tpmp-des-freres-jumeaux-se-battent-en-plein-direct-cyril-hanouna","status":"publish","type":"post","link":"https:\/\/jumeaux91.fr\/blog\/tpmp-des-freres-jumeaux-se-battent-en-plein-direct-cyril-hanouna\/","title":{"rendered":"TPMP : des fr\u00e8res jumeaux se battent en plein direct, Cyril Hanouna &#8230;"},"content":{"rendered":"<div><img decoding=\"async\" src=\"https:\/\/jumeaux91.fr\/blog\/wp-content\/uploads\/2025\/08\/tpmp-des-freres-jumeaux-se-battent-en-plein-direct-cyril-hanouna.jpg\" class=\"ff-og-image-inserted\"><\/div>\n<p>A l&rsquo;occasion de l&rsquo;annonce du retour en in\u00e9dit de Y&rsquo;a que la v\u00e9rit\u00e9 qui compte, Cyril Hanouna a entrepris de r\u00e9concilier deux fr\u00e8res jumeaux dans TPMP le jeudi 13 avril 2023. Yannis a convi\u00e9 Wissam en plateau pour r\u00e9gler ses comptes avec lui. Les invit\u00e9s de C8 en sont m\u00eame venus aux mains. Tout cela n&rsquo;aurait \u00e9t\u00e9 qu&rsquo;une simple mise en sc\u00e8ne&#8230;<\/p>\n<p>Cyril Hanouna a pr\u00e9sent\u00e9 une nouvelle \u00e9dition de <em>TPMP<\/em> le jeudi 13 avril 2023 sur C8. L&rsquo;\u00e9mission, o\u00f9 il a r\u00e9clam\u00e9 le retour d&rsquo;un chroniqueur qui a \u00e9t\u00e9 vir\u00e9 par Matthieu Delormeau, a \u00e9t\u00e9 ponctu\u00e9e par la pr\u00e9sence de Laurent Fontaine.<\/p>\n<h2><em>Y&rsquo;a que la v\u00e9rit\u00e9 qui compte<\/em> bient\u00f4t de retour en in\u00e9dit sur C8<\/h2>\n<p>L&rsquo;ancien animateur de TF1, que le public peut retrouver aux c\u00f4t\u00e9s de Matthieu Delormeau dans <em>TPMP People<\/em>, est venu annoncer une grande nouvelle pour les fans de <em>Y&rsquo;a que la v\u00e9rit\u00e9 qui compte<\/em>. Son \u00e9mission, qui est programm\u00e9e en best of sur C8 depuis la rentr\u00e9e 2022, va prochainement revenir avec des \u00e9pisodes in\u00e9dits.<\/p>\n<div class=\"caas-da \">\n<div data-wf-benji-page-context=\"{&quot;pageUrl&quot;:&quot;https:\/\/fr.news.yahoo.com\/tpmp-fr%C3%A8res-jumeaux-battent-plein-084400653.html&quot;,&quot;spaceid&quot;:&quot;1197793463&quot;,&quot;site&quot;:&quot;news&quot;,&quot;lmsid&quot;:&quot;a0a6T00000PKB3wQAH&quot;,&quot;lpstaid&quot;:&quot;59170516-8cf0-33d2-bf79-784babd57c53&quot;,&quot;pt&quot;:&quot;content&quot;,&quot;pd&quot;:&quot;non_modal&quot;,&quot;pct&quot;:&quot;story&quot;}\" data-wf-benji-wafer-config=\"{}\" data-wf-benji-config=\"{&quot;positions&quot;:{&quot;LREC1-59170516-8cf0-33d2-bf79-784babd57c531756015989600&quot;:{&quot;id&quot;:&quot;LREC1-59170516-8cf0-33d2-bf79-784babd57c531756015989600&quot;,&quot;path&quot;:&quot;\/22888152279\/fr\/ynews\/ros\/dt\/fr_ynews_ros_dt_mid_center&quot;,&quot;region&quot;:&quot;index&quot;,&quot;size&quot;:[[300,250]],&quot;kvs&quot;:{&quot;loc&quot;:&quot;mid_center&quot;}}}}\" id=\"sda-LREC1-59170516-8cf0-33d2-bf79-784babd57c531756015989600\" class=\"wafer-benji caas-sda-benji-ad caas-sda-gam-container-mid-center-small\" data-wf-trigger=\"onLoad\" data-wf-margin=\"100 0\">\n<p>PUBLICIT\u00c9<\/p>\n<\/div>\n<\/div>\n<p>Cyril Hanouna en a profit\u00e9 pour organiser une r\u00e9conciliation sur le plateau de <em>TPMP<\/em>. Wissam a \u00e9t\u00e9 invit\u00e9 \u00e0 s&rsquo;y rendre pour une surprise. Il a \u00e9t\u00e9 interloqu\u00e9 de d\u00e9couvrir que son fr\u00e8re jumeau se trouvait derri\u00e8re le rideau. Yannis, \u00e0 qui il ne parle plus depuis deux ans, a d\u00e9march\u00e9 les \u00e9quipes du show quotidien de C8 pour r\u00e9gler ses comptes avec lui.<\/p>\n<p>&gt;&gt; <em>\u00ab\u00a0Allez bien vous faire foutre\u00a0\u00bb<\/em> : Vincent Lagaf&rsquo; balance sur sa rupture violente avec Cyril Hanouna &lt;&lt;<\/p>\n<h2><em>\u00ab\u00a0Je vais te mettre une paire de gifles&#8230;\u00a0\u00bb<\/em><\/h2>\n<p>Le ton est rapidement mont\u00e9 entre les deux invit\u00e9s de <em>TPMP<\/em>. Wissam a attis\u00e9 la col\u00e8re de son fr\u00e8re jumeau en refusant d&rsquo;ouvrir le rideau. <em>\u00ab\u00a0Tu te fous de ma gueule ? Je me tape 3 heures d&rsquo;avion pour venir et tu me fais \u00e7a ? Je&#8230;<\/em><\/p>\n<p><a href=\"https:\/\/www.purebreak.com\/news\/tpmp-des-freres-jumeaux-se-battent-en-plein-direct-cyril-hanouna-affirme-avoir-ete-piege-personne-n-y-croit\/243637\" rel=\"nofollow noopener\" target=\"_blank\" data-ylk=\"slk:Lire la suite;elm:context_link;itc:0;sec:content-canvas\" class=\"link \">Lire la suite<\/a><\/p>\n<p>\u00c0 lire aussi<\/p>\n<p><a href=\"https:\/\/www.purebreak.com\/news\/regarder-l-integralite-des-anime-one-piece-et-dragon-ball-z-gratuitement-et-legalement-c-est-possible-et-on-vous-explique-comment\/243654\" rel=\"nofollow noopener\" target=\"_blank\" data-ylk=\"slk:Regarder l'int\u00e9gralit\u00e9 des anime One Piece et Dragon Ball Z gratuitement ET l\u00e9galement ? C'est possible et on vous explique comment;elm:context_link;itc:0;sec:content-canvas\" class=\"link \">Regarder l&rsquo;int\u00e9gralit\u00e9 des anime One Piece et Dragon Ball Z gratuitement ET l\u00e9galement ? C&rsquo;est possible et on vous explique comment<\/a><br \/><a href=\"https:\/\/www.purebreak.com\/news\/-c-est-un-petit-toutou-et-obsede-sexuel-cette-nouvelle-serie-netflix-tres-hot-traumatise-les-abonnes\/243658\" rel=\"nofollow noopener\" target=\"_blank\" data-ylk=\"slk:&quot;C'est un petit toutou et obs\u00e9d\u00e9 sexuel&quot; : cette nouvelle s\u00e9rie Netflix tr\u00e8s hot traumatise les abonn\u00e9s;elm:context_link;itc:0;sec:content-canvas\" class=\"link \">\u00ab\u00a0C&rsquo;est un petit toutou et obs\u00e9d\u00e9 sexuel\u00a0\u00bb : cette nouvelle s\u00e9rie Netflix tr\u00e8s hot traumatise les abonn\u00e9s<\/a><br \/><a href=\"https:\/\/www.purebreak.com\/news\/la-serie-la-plus-drole-de-netflix-pourrait-s-offrir-une-saison-2-et-peut-etre-meme-une-saison-3\/243652\" rel=\"nofollow noopener\" target=\"_blank\" data-ylk=\"slk:La s\u00e9rie la plus dr\u00f4le de Netflix pourrait s'offrir une saison 2... et peut-\u00eatre m\u00eame une saison 3 !;elm:context_link;itc:0;sec:content-canvas\" class=\"link \">La s\u00e9rie la plus dr\u00f4le de Netflix pourrait s&rsquo;offrir une saison 2&#8230; et peut-\u00eatre m\u00eame une saison 3 !<\/a><\/p>\n<p>La chronique se veut g\u00e9n\u00e9r\u00e9e de la fa\u00e7on la plus claire que possible. Dans le cas o\u00f9 vous souhaitez pr\u00e9senter des renseignements compl\u00e9mentaires \u00e0 cet article sur le sujet \u00ab\u00a0Fr\u00e8res jumeaux de l&rsquo;Essonnes\u00a0\u00bb il vous est possible d\u2019\u00e9crire aux contacts indiqu\u00e9s sur notre website. La raison d\u2019\u00eatre de jumeaux91.fr \u00e9tant de rassembler sur le web des posts sur le sujet de Fr\u00e8res jumeaux de l&rsquo;Essonnes puis les diffuser en r\u00e9pondant au mieux aux interrogations des gens. Vous pouvez tirer profit de cet article traitant le sujet \u00ab\u00a0Fr\u00e8res jumeaux de l&rsquo;Essonnes\u00a0\u00bb. Il est concoct\u00e9 par l\u2019\u00e9quipe jumeaux91.fr. Prochainement, nous rendrons accessibles au public d&rsquo;autres informations pertinentes sur le sujet \u00ab\u00a0Fr\u00e8res jumeaux de l&rsquo;Essonnes\u00a0\u00bb. Alors, consultez syst\u00e9matiquement notre blog.<\/p>\n","protected":false},"excerpt":{"rendered":"<p>A l&rsquo;occasion de l&rsquo;annonce du retour en in\u00e9dit de Y&rsquo;a que la v\u00e9rit\u00e9 qui compte, Cyril Hanouna a entrepris de r\u00e9concilier deux fr\u00e8res jumeaux dans TPMP le jeudi 13 avril 2023. Yannis a convi\u00e9 Wissam en plateau pour r\u00e9gler ses comptes avec lui. Les invit\u00e9s de C8 en sont m\u00eame venus aux mains. Tout cela&hellip; <a class=\"more-link\" href=\"https:\/\/jumeaux91.fr\/blog\/tpmp-des-freres-jumeaux-se-battent-en-plein-direct-cyril-hanouna\/\">Poursuivre la lecture <span class=\"screen-reader-text\">TPMP : des fr\u00e8res jumeaux se battent en plein direct, Cyril Hanouna &#8230;<\/span><\/a><\/p>\n","protected":false},"author":2,"featured_media":1589,"comment_status":"closed","ping_status":"closed","sticky":false,"template":"","format":"standard","meta":{"footnotes":""},"categories":[4],"tags":[],"class_list":["post-1588","post","type-post","status-publish","format-standard","has-post-thumbnail","hentry","category-posts-freres-jumeaux-de-lessonnes","entry"],"yoast_head":"<!-- This site is optimized with the Yoast SEO plugin v27.5 - https:\/\/yoast.com\/product\/yoast-seo-wordpress\/ -->\n<title>TPMP : des fr\u00e8res jumeaux se battent en plein direct, Cyril Hanouna ... - JUMEAUX91<\/title>\n<meta name=\"robots\" content=\"index, follow, max-snippet:-1, max-image-preview:large, max-video-preview:-1\" \/>\n<link rel=\"canonical\" href=\"https:\/\/jumeaux91.fr\/blog\/tpmp-des-freres-jumeaux-se-battent-en-plein-direct-cyril-hanouna\/\" \/>\n<meta property=\"og:locale\" content=\"fr_FR\" \/>\n<meta property=\"og:type\" content=\"article\" \/>\n<meta property=\"og:title\" content=\"TPMP : des fr\u00e8res jumeaux se battent en plein direct, Cyril Hanouna ... - JUMEAUX91\" \/>\n<meta property=\"og:description\" content=\"A l&rsquo;occasion de l&rsquo;annonce du retour en in\u00e9dit de Y&rsquo;a que la v\u00e9rit\u00e9 qui compte, Cyril Hanouna a entrepris de r\u00e9concilier deux fr\u00e8res jumeaux dans TPMP le jeudi 13 avril 2023. Yannis a convi\u00e9 Wissam en plateau pour r\u00e9gler ses comptes avec lui. Les invit\u00e9s de C8 en sont m\u00eame venus aux mains. Tout cela&hellip; Poursuivre la lecture TPMP : des fr\u00e8res jumeaux se battent en plein direct, Cyril Hanouna &#8230;\" \/>\n<meta property=\"og:url\" content=\"https:\/\/jumeaux91.fr\/blog\/tpmp-des-freres-jumeaux-se-battent-en-plein-direct-cyril-hanouna\/\" \/>\n<meta property=\"og:site_name\" content=\"JUMEAUX91\" \/>\n<meta property=\"article:published_time\" content=\"2023-04-14T17:00:00+00:00\" \/>\n<meta property=\"og:image\" content=\"https:\/\/jumeaux91.fr\/blog\/wp-content\/uploads\/2025\/08\/tpmp-des-freres-jumeaux-se-battent-en-plein-direct-cyril-hanouna.jpg\" \/>\n<meta name=\"author\" content=\"Claude DAYRES\" \/>\n<meta name=\"twitter:card\" content=\"summary_large_image\" \/>\n<meta name=\"twitter:label1\" content=\"\u00c9crit par\" \/>\n\t<meta name=\"twitter:data1\" content=\"Claude DAYRES\" \/>\n\t<meta name=\"twitter:label2\" content=\"Dur\u00e9e de lecture estim\u00e9e\" \/>\n\t<meta name=\"twitter:data2\" content=\"3 minutes\" \/>\n<script type=\"application\/ld+json\" class=\"yoast-schema-graph\">{\"@context\":\"https:\\\/\\\/schema.org\",\"@graph\":[{\"@type\":\"Article\",\"@id\":\"https:\\\/\\\/jumeaux91.fr\\\/blog\\\/tpmp-des-freres-jumeaux-se-battent-en-plein-direct-cyril-hanouna\\\/#article\",\"isPartOf\":{\"@id\":\"https:\\\/\\\/jumeaux91.fr\\\/blog\\\/tpmp-des-freres-jumeaux-se-battent-en-plein-direct-cyril-hanouna\\\/\"},\"author\":{\"name\":\"Claude DAYRES\",\"@id\":\"https:\\\/\\\/jumeaux91.fr\\\/blog\\\/#\\\/schema\\\/person\\\/21da06e9f119b9f64e5d45dbbd32d3fb\"},\"headline\":\"TPMP : des fr\u00e8res jumeaux se battent en plein direct, Cyril Hanouna &#8230;\",\"datePublished\":\"2023-04-14T17:00:00+00:00\",\"mainEntityOfPage\":{\"@id\":\"https:\\\/\\\/jumeaux91.fr\\\/blog\\\/tpmp-des-freres-jumeaux-se-battent-en-plein-direct-cyril-hanouna\\\/\"},\"wordCount\":564,\"publisher\":{\"@id\":\"https:\\\/\\\/jumeaux91.fr\\\/blog\\\/#organization\"},\"image\":{\"@id\":\"https:\\\/\\\/jumeaux91.fr\\\/blog\\\/tpmp-des-freres-jumeaux-se-battent-en-plein-direct-cyril-hanouna\\\/#primaryimage\"},\"thumbnailUrl\":\"https:\\\/\\\/jumeaux91.fr\\\/blog\\\/wp-content\\\/uploads\\\/2025\\\/08\\\/tpmp-des-freres-jumeaux-se-battent-en-plein-direct-cyril-hanouna.jpg\",\"articleSection\":[\"Posts Fr\u00e8res Jumeaux De L'Essonnes:\"],\"inLanguage\":\"fr-FR\"},{\"@type\":\"WebPage\",\"@id\":\"https:\\\/\\\/jumeaux91.fr\\\/blog\\\/tpmp-des-freres-jumeaux-se-battent-en-plein-direct-cyril-hanouna\\\/\",\"url\":\"https:\\\/\\\/jumeaux91.fr\\\/blog\\\/tpmp-des-freres-jumeaux-se-battent-en-plein-direct-cyril-hanouna\\\/\",\"name\":\"TPMP : des fr\u00e8res jumeaux se battent en plein direct, Cyril Hanouna ... - JUMEAUX91\",\"isPartOf\":{\"@id\":\"https:\\\/\\\/jumeaux91.fr\\\/blog\\\/#website\"},\"primaryImageOfPage\":{\"@id\":\"https:\\\/\\\/jumeaux91.fr\\\/blog\\\/tpmp-des-freres-jumeaux-se-battent-en-plein-direct-cyril-hanouna\\\/#primaryimage\"},\"image\":{\"@id\":\"https:\\\/\\\/jumeaux91.fr\\\/blog\\\/tpmp-des-freres-jumeaux-se-battent-en-plein-direct-cyril-hanouna\\\/#primaryimage\"},\"thumbnailUrl\":\"https:\\\/\\\/jumeaux91.fr\\\/blog\\\/wp-content\\\/uploads\\\/2025\\\/08\\\/tpmp-des-freres-jumeaux-se-battent-en-plein-direct-cyril-hanouna.jpg\",\"datePublished\":\"2023-04-14T17:00:00+00:00\",\"breadcrumb\":{\"@id\":\"https:\\\/\\\/jumeaux91.fr\\\/blog\\\/tpmp-des-freres-jumeaux-se-battent-en-plein-direct-cyril-hanouna\\\/#breadcrumb\"},\"inLanguage\":\"fr-FR\",\"potentialAction\":[{\"@type\":\"ReadAction\",\"target\":[\"https:\\\/\\\/jumeaux91.fr\\\/blog\\\/tpmp-des-freres-jumeaux-se-battent-en-plein-direct-cyril-hanouna\\\/\"]}]},{\"@type\":\"ImageObject\",\"inLanguage\":\"fr-FR\",\"@id\":\"https:\\\/\\\/jumeaux91.fr\\\/blog\\\/tpmp-des-freres-jumeaux-se-battent-en-plein-direct-cyril-hanouna\\\/#primaryimage\",\"url\":\"https:\\\/\\\/jumeaux91.fr\\\/blog\\\/wp-content\\\/uploads\\\/2025\\\/08\\\/tpmp-des-freres-jumeaux-se-battent-en-plein-direct-cyril-hanouna.jpg\",\"contentUrl\":\"https:\\\/\\\/jumeaux91.fr\\\/blog\\\/wp-content\\\/uploads\\\/2025\\\/08\\\/tpmp-des-freres-jumeaux-se-battent-en-plein-direct-cyril-hanouna.jpg\",\"width\":1200,\"height\":705,\"caption\":\"TPMP : des fr\u00e8res jumeaux se battent en plein direct, Cyril Hanouna ...\"},{\"@type\":\"BreadcrumbList\",\"@id\":\"https:\\\/\\\/jumeaux91.fr\\\/blog\\\/tpmp-des-freres-jumeaux-se-battent-en-plein-direct-cyril-hanouna\\\/#breadcrumb\",\"itemListElement\":[{\"@type\":\"ListItem\",\"position\":1,\"name\":\"Accueil\",\"item\":\"https:\\\/\\\/jumeaux91.fr\\\/blog\\\/\"},{\"@type\":\"ListItem\",\"position\":2,\"name\":\"TPMP : des fr\u00e8res jumeaux se battent en plein direct, Cyril Hanouna &#8230;\"}]},{\"@type\":\"WebSite\",\"@id\":\"https:\\\/\\\/jumeaux91.fr\\\/blog\\\/#website\",\"url\":\"https:\\\/\\\/jumeaux91.fr\\\/blog\\\/\",\"name\":\"JUMEAUX91\",\"description\":\"Fr\u00e8res jumeaux de l&#039;Essonnes; informations et archives, \u00e0 savoir et retenir.\",\"publisher\":{\"@id\":\"https:\\\/\\\/jumeaux91.fr\\\/blog\\\/#organization\"},\"potentialAction\":[{\"@type\":\"SearchAction\",\"target\":{\"@type\":\"EntryPoint\",\"urlTemplate\":\"https:\\\/\\\/jumeaux91.fr\\\/blog\\\/?s={search_term_string}\"},\"query-input\":{\"@type\":\"PropertyValueSpecification\",\"valueRequired\":true,\"valueName\":\"search_term_string\"}}],\"inLanguage\":\"fr-FR\"},{\"@type\":\"Organization\",\"@id\":\"https:\\\/\\\/jumeaux91.fr\\\/blog\\\/#organization\",\"name\":\"jumeaux91\",\"url\":\"https:\\\/\\\/jumeaux91.fr\\\/blog\\\/\",\"logo\":{\"@type\":\"ImageObject\",\"inLanguage\":\"fr-FR\",\"@id\":\"https:\\\/\\\/jumeaux91.fr\\\/blog\\\/#\\\/schema\\\/logo\\\/image\\\/\",\"url\":\"https:\\\/\\\/jumeaux91.fr\\\/blog\\\/wp-content\\\/uploads\\\/2023\\\/05\\\/cropped-cropped-logoJ_91.png\",\"contentUrl\":\"https:\\\/\\\/jumeaux91.fr\\\/blog\\\/wp-content\\\/uploads\\\/2023\\\/05\\\/cropped-cropped-logoJ_91.png\",\"width\":512,\"height\":512,\"caption\":\"jumeaux91\"},\"image\":{\"@id\":\"https:\\\/\\\/jumeaux91.fr\\\/blog\\\/#\\\/schema\\\/logo\\\/image\\\/\"}},{\"@type\":\"Person\",\"@id\":\"https:\\\/\\\/jumeaux91.fr\\\/blog\\\/#\\\/schema\\\/person\\\/21da06e9f119b9f64e5d45dbbd32d3fb\",\"name\":\"Claude DAYRES\",\"image\":{\"@type\":\"ImageObject\",\"inLanguage\":\"fr-FR\",\"@id\":\"https:\\\/\\\/secure.gravatar.com\\\/avatar\\\/82eb951df6110a2c48d1bfa7a67d1ee6f0cd5df3cbf9c3586dd61e82db7172a5?s=96&d=mm&r=g\",\"url\":\"https:\\\/\\\/secure.gravatar.com\\\/avatar\\\/82eb951df6110a2c48d1bfa7a67d1ee6f0cd5df3cbf9c3586dd61e82db7172a5?s=96&d=mm&r=g\",\"contentUrl\":\"https:\\\/\\\/secure.gravatar.com\\\/avatar\\\/82eb951df6110a2c48d1bfa7a67d1ee6f0cd5df3cbf9c3586dd61e82db7172a5?s=96&d=mm&r=g\",\"caption\":\"Claude DAYRES\"},\"url\":\"https:\\\/\\\/jumeaux91.fr\\\/blog\\\/author\\\/x91claude\\\/\"}]}<\/script>\n<!-- \/ Yoast SEO plugin. -->","yoast_head_json":{"title":"TPMP : des fr\u00e8res jumeaux se battent en plein direct, Cyril Hanouna ... - JUMEAUX91","robots":{"index":"index","follow":"follow","max-snippet":"max-snippet:-1","max-image-preview":"max-image-preview:large","max-video-preview":"max-video-preview:-1"},"canonical":"https:\/\/jumeaux91.fr\/blog\/tpmp-des-freres-jumeaux-se-battent-en-plein-direct-cyril-hanouna\/","og_locale":"fr_FR","og_type":"article","og_title":"TPMP : des fr\u00e8res jumeaux se battent en plein direct, Cyril Hanouna ... - JUMEAUX91","og_description":"A l&rsquo;occasion de l&rsquo;annonce du retour en in\u00e9dit de Y&rsquo;a que la v\u00e9rit\u00e9 qui compte, Cyril Hanouna a entrepris de r\u00e9concilier deux fr\u00e8res jumeaux dans TPMP le jeudi 13 avril 2023. Yannis a convi\u00e9 Wissam en plateau pour r\u00e9gler ses comptes avec lui. Les invit\u00e9s de C8 en sont m\u00eame venus aux mains. Tout cela&hellip; Poursuivre la lecture TPMP : des fr\u00e8res jumeaux se battent en plein direct, Cyril Hanouna &#8230;","og_url":"https:\/\/jumeaux91.fr\/blog\/tpmp-des-freres-jumeaux-se-battent-en-plein-direct-cyril-hanouna\/","og_site_name":"JUMEAUX91","article_published_time":"2023-04-14T17:00:00+00:00","og_image":[{"url":"https:\/\/jumeaux91.fr\/blog\/wp-content\/uploads\/2025\/08\/tpmp-des-freres-jumeaux-se-battent-en-plein-direct-cyril-hanouna.jpg","type":"","width":"","height":""}],"author":"Claude DAYRES","twitter_card":"summary_large_image","twitter_misc":{"\u00c9crit par":"Claude DAYRES","Dur\u00e9e de lecture estim\u00e9e":"3 minutes"},"schema":{"@context":"https:\/\/schema.org","@graph":[{"@type":"Article","@id":"https:\/\/jumeaux91.fr\/blog\/tpmp-des-freres-jumeaux-se-battent-en-plein-direct-cyril-hanouna\/#article","isPartOf":{"@id":"https:\/\/jumeaux91.fr\/blog\/tpmp-des-freres-jumeaux-se-battent-en-plein-direct-cyril-hanouna\/"},"author":{"name":"Claude DAYRES","@id":"https:\/\/jumeaux91.fr\/blog\/#\/schema\/person\/21da06e9f119b9f64e5d45dbbd32d3fb"},"headline":"TPMP : des fr\u00e8res jumeaux se battent en plein direct, Cyril Hanouna &#8230;","datePublished":"2023-04-14T17:00:00+00:00","mainEntityOfPage":{"@id":"https:\/\/jumeaux91.fr\/blog\/tpmp-des-freres-jumeaux-se-battent-en-plein-direct-cyril-hanouna\/"},"wordCount":564,"publisher":{"@id":"https:\/\/jumeaux91.fr\/blog\/#organization"},"image":{"@id":"https:\/\/jumeaux91.fr\/blog\/tpmp-des-freres-jumeaux-se-battent-en-plein-direct-cyril-hanouna\/#primaryimage"},"thumbnailUrl":"https:\/\/jumeaux91.fr\/blog\/wp-content\/uploads\/2025\/08\/tpmp-des-freres-jumeaux-se-battent-en-plein-direct-cyril-hanouna.jpg","articleSection":["Posts Fr\u00e8res Jumeaux De L'Essonnes:"],"inLanguage":"fr-FR"},{"@type":"WebPage","@id":"https:\/\/jumeaux91.fr\/blog\/tpmp-des-freres-jumeaux-se-battent-en-plein-direct-cyril-hanouna\/","url":"https:\/\/jumeaux91.fr\/blog\/tpmp-des-freres-jumeaux-se-battent-en-plein-direct-cyril-hanouna\/","name":"TPMP : des fr\u00e8res jumeaux se battent en plein direct, Cyril Hanouna ... - JUMEAUX91","isPartOf":{"@id":"https:\/\/jumeaux91.fr\/blog\/#website"},"primaryImageOfPage":{"@id":"https:\/\/jumeaux91.fr\/blog\/tpmp-des-freres-jumeaux-se-battent-en-plein-direct-cyril-hanouna\/#primaryimage"},"image":{"@id":"https:\/\/jumeaux91.fr\/blog\/tpmp-des-freres-jumeaux-se-battent-en-plein-direct-cyril-hanouna\/#primaryimage"},"thumbnailUrl":"https:\/\/jumeaux91.fr\/blog\/wp-content\/uploads\/2025\/08\/tpmp-des-freres-jumeaux-se-battent-en-plein-direct-cyril-hanouna.jpg","datePublished":"2023-04-14T17:00:00+00:00","breadcrumb":{"@id":"https:\/\/jumeaux91.fr\/blog\/tpmp-des-freres-jumeaux-se-battent-en-plein-direct-cyril-hanouna\/#breadcrumb"},"inLanguage":"fr-FR","potentialAction":[{"@type":"ReadAction","target":["https:\/\/jumeaux91.fr\/blog\/tpmp-des-freres-jumeaux-se-battent-en-plein-direct-cyril-hanouna\/"]}]},{"@type":"ImageObject","inLanguage":"fr-FR","@id":"https:\/\/jumeaux91.fr\/blog\/tpmp-des-freres-jumeaux-se-battent-en-plein-direct-cyril-hanouna\/#primaryimage","url":"https:\/\/jumeaux91.fr\/blog\/wp-content\/uploads\/2025\/08\/tpmp-des-freres-jumeaux-se-battent-en-plein-direct-cyril-hanouna.jpg","contentUrl":"https:\/\/jumeaux91.fr\/blog\/wp-content\/uploads\/2025\/08\/tpmp-des-freres-jumeaux-se-battent-en-plein-direct-cyril-hanouna.jpg","width":1200,"height":705,"caption":"TPMP : des fr\u00e8res jumeaux se battent en plein direct, Cyril Hanouna ..."},{"@type":"BreadcrumbList","@id":"https:\/\/jumeaux91.fr\/blog\/tpmp-des-freres-jumeaux-se-battent-en-plein-direct-cyril-hanouna\/#breadcrumb","itemListElement":[{"@type":"ListItem","position":1,"name":"Accueil","item":"https:\/\/jumeaux91.fr\/blog\/"},{"@type":"ListItem","position":2,"name":"TPMP : des fr\u00e8res jumeaux se battent en plein direct, Cyril Hanouna &#8230;"}]},{"@type":"WebSite","@id":"https:\/\/jumeaux91.fr\/blog\/#website","url":"https:\/\/jumeaux91.fr\/blog\/","name":"JUMEAUX91","description":"Fr\u00e8res jumeaux de l&#039;Essonnes; informations et archives, \u00e0 savoir et retenir.","publisher":{"@id":"https:\/\/jumeaux91.fr\/blog\/#organization"},"potentialAction":[{"@type":"SearchAction","target":{"@type":"EntryPoint","urlTemplate":"https:\/\/jumeaux91.fr\/blog\/?s={search_term_string}"},"query-input":{"@type":"PropertyValueSpecification","valueRequired":true,"valueName":"search_term_string"}}],"inLanguage":"fr-FR"},{"@type":"Organization","@id":"https:\/\/jumeaux91.fr\/blog\/#organization","name":"jumeaux91","url":"https:\/\/jumeaux91.fr\/blog\/","logo":{"@type":"ImageObject","inLanguage":"fr-FR","@id":"https:\/\/jumeaux91.fr\/blog\/#\/schema\/logo\/image\/","url":"https:\/\/jumeaux91.fr\/blog\/wp-content\/uploads\/2023\/05\/cropped-cropped-logoJ_91.png","contentUrl":"https:\/\/jumeaux91.fr\/blog\/wp-content\/uploads\/2023\/05\/cropped-cropped-logoJ_91.png","width":512,"height":512,"caption":"jumeaux91"},"image":{"@id":"https:\/\/jumeaux91.fr\/blog\/#\/schema\/logo\/image\/"}},{"@type":"Person","@id":"https:\/\/jumeaux91.fr\/blog\/#\/schema\/person\/21da06e9f119b9f64e5d45dbbd32d3fb","name":"Claude DAYRES","image":{"@type":"ImageObject","inLanguage":"fr-FR","@id":"https:\/\/secure.gravatar.com\/avatar\/82eb951df6110a2c48d1bfa7a67d1ee6f0cd5df3cbf9c3586dd61e82db7172a5?s=96&d=mm&r=g","url":"https:\/\/secure.gravatar.com\/avatar\/82eb951df6110a2c48d1bfa7a67d1ee6f0cd5df3cbf9c3586dd61e82db7172a5?s=96&d=mm&r=g","contentUrl":"https:\/\/secure.gravatar.com\/avatar\/82eb951df6110a2c48d1bfa7a67d1ee6f0cd5df3cbf9c3586dd61e82db7172a5?s=96&d=mm&r=g","caption":"Claude DAYRES"},"url":"https:\/\/jumeaux91.fr\/blog\/author\/x91claude\/"}]}},"_links":{"self":[{"href":"https:\/\/jumeaux91.fr\/blog\/wp-json\/wp\/v2\/posts\/1588","targetHints":{"allow":["GET"]}}],"collection":[{"href":"https:\/\/jumeaux91.fr\/blog\/wp-json\/wp\/v2\/posts"}],"about":[{"href":"https:\/\/jumeaux91.fr\/blog\/wp-json\/wp\/v2\/types\/post"}],"author":[{"embeddable":true,"href":"https:\/\/jumeaux91.fr\/blog\/wp-json\/wp\/v2\/users\/2"}],"replies":[{"embeddable":true,"href":"https:\/\/jumeaux91.fr\/blog\/wp-json\/wp\/v2\/comments?post=1588"}],"version-history":[{"count":0,"href":"https:\/\/jumeaux91.fr\/blog\/wp-json\/wp\/v2\/posts\/1588\/revisions"}],"wp:featuredmedia":[{"embeddable":true,"href":"https:\/\/jumeaux91.fr\/blog\/wp-json\/wp\/v2\/media\/1589"}],"wp:attachment":[{"href":"https:\/\/jumeaux91.fr\/blog\/wp-json\/wp\/v2\/media?parent=1588"}],"wp:term":[{"taxonomy":"category","embeddable":true,"href":"https:\/\/jumeaux91.fr\/blog\/wp-json\/wp\/v2\/categories?post=1588"},{"taxonomy":"post_tag","embeddable":true,"href":"https:\/\/jumeaux91.fr\/blog\/wp-json\/wp\/v2\/tags?post=1588"}],"curies":[{"name":"wp","href":"https:\/\/api.w.org\/{rel}","templated":true}]}}