{"id":1591,"date":"2025-08-22T05:07:00","date_gmt":"2025-08-22T03:07:00","guid":{"rendered":"https:\/\/jumeaux91.fr\/blog\/villeneuve-la-garenne-un-enfant-meurt-dans-lincendie-dune-maison-son-frere-jumeau-et-sa-mere-gravement-blesses\/"},"modified":"2025-08-22T05:07:00","modified_gmt":"2025-08-22T03:07:00","slug":"villeneuve-la-garenne-un-enfant-meurt-dans-lincendie-dune-maison-son-frere-jumeau-et-sa-mere-gravement-blesses","status":"publish","type":"post","link":"https:\/\/jumeaux91.fr\/blog\/villeneuve-la-garenne-un-enfant-meurt-dans-lincendie-dune-maison-son-frere-jumeau-et-sa-mere-gravement-blesses\/","title":{"rendered":"Villeneuve-la-Garenne : un enfant meurt dans l&rsquo;incendie d&rsquo;une maison, son fr\u00e8re jumeau et sa m\u00e8re gravement bless\u00e9s"},"content":{"rendered":"<div><img decoding=\"async\" src=\"https:\/\/jumeaux91.fr\/blog\/wp-content\/uploads\/2025\/08\/villeneuve-la-garenne-un-enfant-meurt-dans-lincendie-dune-maison-son-frere-jumeau-et-sa-mere-gravement-blesses.jpg\" class=\"ff-og-image-inserted\"><\/div>\n<p>Terrible drame ce jeudi 21 ao\u00fbt \u00e0 Villeneuve-la-Garenne. Un incendie s&rsquo;est d\u00e9clar\u00e9 dans un pavillon, situ\u00e9 rue Pierre-Brossolette. Un enfant de 3 ans est mort, sa m\u00e8re et son fr\u00e8re jumeau sont gravement bless\u00e9s. Leur pronostic vital est engag\u00e9.<\/p>\n<div><!--[1--><!--[--><!--[2--><!--[--><!--[1--><!--&gt;\n\n<p>--><!--[1--><!--[--><!--[2--><!--[1--><!--[1--><!--&gt;--><!--&gt;Un enfant de 3 ans est mort dans l'incendie d'une maison \u00e0 Villeneuve-la-Garenne, ce jeudi 21 ao\u00fbt. Les pompiers ont \u00e9t\u00e9 appel\u00e9s sur place aux alentours de 16h15. Le feu s'est d\u00e9clar\u00e9 dans un pavillon de deux \u00e9tages, situ\u00e9 rue Pierre-Brossolette, au cours de l'apr\u00e8s-midi.--><!--&gt;--><!--]--><!--]--><!--]--><!--&gt;]--><!--]--><!--&gt;--><\/p>\n<p><!--&gt;]--><!--]--><!--]--><!--&gt;[2--><!--[3--><!--&gt;[--><!--]--><!--&gt;]--><!--]--><!--&gt;[2--><!--[--><!--[1--><!--&gt;\n\n<p>--><!--[1--><!--[--><!--[2--><!--[1--><!--[1--><!--&gt;--><!--&gt;Selon le parquet de Nanterre, un \u00e9quipage de police en intervention \u00e0 proximit\u00e9 aper\u00e7oit de la fum\u00e9e. <em>\"Ils interviennent donc avant l\u2019arriv\u00e9e des pompiers appel\u00e9s imm\u00e9diatement, <strong>d\u00e9foncent la porte<\/strong> et aper\u00e7oivent dans une \u00e9paisse fum\u00e9e une femme et deux enfants en bas \u00e2ge\"<\/em>, raconte le parquet.--><!--&gt;--><!--]--><!--]--><!--]--><!--&gt;]--><!--]--><!--&gt;--><\/p>\n<p><!--&gt;]--><!--]--><!--]--><!--&gt;[2--><!--[--><!--[1--><!--&gt;\n\n<p>--><!--[1--><!--[--><!--[2--><!--[1--><!--[1--><!--&gt;--><!--&gt;Pour une raison encore inconnue, \u00e0 la vue des policiers, la femme d\u00e9pose ses enfants par terre et repart au fond de la pi\u00e8ce. Mais <em>\"les policiers <strong>ne parviennent pas \u00e0 r\u00e9cup\u00e9rer<\/strong> les enfants du fait du feu et des fum\u00e9es qui redoublent\"<\/em>, d\u00e9taille le minist\u00e8re public.--><!--&gt;--><!--]--><!--]--><!--]--><!--&gt;]--><!--]--><!--&gt;--><\/p>\n<p><!--&gt;]--><!--]--><!--]--><!--&gt;[2--><!--[1--><!--[--><!--&gt;[1--><\/p>\n<h2><!--&gt;-->Pronostic vital engag\u00e9 pour la m\u00e8re et l&rsquo;un des fr\u00e8res jumeaux<!--&gt;--><\/h2>\n<p><!--]--><!--&gt;]--><!--]--><!--]--><!--&gt;[2--><!--[--><!--[1--><!--&gt;\n\n<p>--><!--[1--><!--[--><!--[2--><!--[1--><!--[1--><!--&gt;--><!--&gt;Les pompiers maitrisent le feu et trouvent alors&nbsp;&nbsp;la m\u00e8re et les deux enfants en arr\u00eat cardio-respiratoire. \u00c0 17h45, l\u2019un des enfants est d\u00e9c\u00e9d\u00e9, indique la pr\u00e9fecture de police.--><!--&gt;--><!--]--><!--]--><!--]--><!--&gt;]--><!--]--><!--&gt;--><\/p>\n<p><!--&gt;]--><!--]--><!--]--><!--&gt;[2--><!--[--><!--[1--><!--&gt;\n\n<p>--><!--[1--><!--[--><!--[2--><!--[1--><!--[1--><!--&gt;--><!--&gt;\u00c0 19h50, la m\u00e8re et son fr\u00e8re jumeau ont \u00e9t\u00e9 conduits en milieu hospitalier en urgence absolue avec un pronostic vital toujours engag\u00e9.&nbsp;<em>\"C'est un drame\"<\/em>, confie le maire de la commune, Pascal Pelain, qui s'est rendu sur les lieux dans l'apr\u00e8s-midi.--><!--&gt;--><!--]--><!--]--><!--]--><!--&gt;]--><!--]--><!--&gt;--><\/p>\n<p><!--&gt;]--><!--]--><!--]--><!--&gt;[2--><!--[1--><!--[--><!--&gt;[1--><\/p>\n<h2><!--&gt;-->L&rsquo;origine du feu inconnue<!--&gt;--><\/h2>\n<p><!--]--><!--&gt;]--><!--]--><!--]--><!--&gt;[2--><!--[--><!--[1--><!--&gt;\n\n<p>--><!--[1--><!--[--><!--[2--><!--[1--><!--[1--><!--&gt;--><!--&gt;70 pompiers et une vingtaine d'engins ont \u00e9t\u00e9 mobilis\u00e9s pour maitriser les flammes et porter secours aux victimes.&nbsp;L'origine du sinistre est inconnue \u00e0 ce stade.--><!--&gt;--><!--]--><!--]--><!--]--><!--&gt;]--><!--]--><!--&gt;--><\/p>\n<p><!--&gt;]--><!--]--><!--]--><!--&gt;[2--><!--[--><!--[1--><!--&gt;\n\n<p>--><!--[1--><!--[--><!--[2--><!--[1--><!--[1--><!--&gt;--><!--&gt;Le parquet de Nanterre indique qu'une enqu\u00eate est ouverte en recherche des causes de la mort, confi\u00e9e au commissariat de Villeneuve-la-Garenne. Le laboratoire central de la pr\u00e9fecture de police, la police scientifique et les pompiers m\u00e8nent toujours des investigations pour d\u00e9terminer l'origine du feu.--><!--&gt;--><!--]--><!--]--><!--]--><!--&gt;]--><!--]--><!--&gt;--><\/p>\n<p><!--&gt;]--><!--]--><!--]--><!--&gt;]--><!--]--><!--&gt;<\/div>\n\nLa chronique se veut g\u00e9n\u00e9r\u00e9e de la fa\u00e7on la plus claire que possible. Dans le cas o\u00f9 vous souhaitez pr\u00e9senter des renseignements compl\u00e9mentaires \u00e0 cet article sur le sujet \"Fr\u00e8res jumeaux de l'Essonnes\" il vous est possible d\u2019\u00e9crire aux contacts indiqu\u00e9s sur notre website. La raison d\u2019\u00eatre de jumeaux91.fr \u00e9tant de rassembler sur le web des posts sur le sujet de Fr\u00e8res jumeaux de l'Essonnes puis les diffuser en r\u00e9pondant au mieux aux interrogations des gens. Vous pouvez tirer profit de cet article traitant le sujet \"Fr\u00e8res jumeaux de l'Essonnes\". Il est concoct\u00e9 par l\u2019\u00e9quipe jumeaux91.fr. Prochainement, nous rendrons accessibles au public d'autres informations pertinentes sur le sujet \"Fr\u00e8res jumeaux de l'Essonnes\". Alors, consultez syst\u00e9matiquement notre blog.--><\/p>\n","protected":false},"excerpt":{"rendered":"<p>Terrible drame ce jeudi 21 ao\u00fbt \u00e0 Villeneuve-la-Garenne. Un incendie s&rsquo;est d\u00e9clar\u00e9 dans un pavillon, situ\u00e9 rue Pierre-Brossolette. Un enfant de 3 ans est mort, sa m\u00e8re et son fr\u00e8re jumeau sont gravement bless\u00e9s. Leur pronostic vital est engag\u00e9. Pronostic vital engag\u00e9 pour la m\u00e8re et l&rsquo;un des fr\u00e8res jumeaux L&rsquo;origine du feu inconnue<\/p>\n","protected":false},"author":2,"featured_media":1592,"comment_status":"closed","ping_status":"closed","sticky":false,"template":"","format":"standard","meta":{"footnotes":""},"categories":[4],"tags":[],"class_list":["post-1591","post","type-post","status-publish","format-standard","has-post-thumbnail","hentry","category-posts-freres-jumeaux-de-lessonnes","entry"],"yoast_head":"<!-- This site is optimized with the Yoast SEO plugin v27.5 - https:\/\/yoast.com\/product\/yoast-seo-wordpress\/ -->\n<title>Villeneuve-la-Garenne : un enfant meurt dans l&#039;incendie d&#039;une maison, son fr\u00e8re jumeau et sa m\u00e8re gravement bless\u00e9s - JUMEAUX91<\/title>\n<meta name=\"robots\" content=\"index, follow, max-snippet:-1, max-image-preview:large, max-video-preview:-1\" \/>\n<link rel=\"canonical\" href=\"https:\/\/jumeaux91.fr\/blog\/villeneuve-la-garenne-un-enfant-meurt-dans-lincendie-dune-maison-son-frere-jumeau-et-sa-mere-gravement-blesses\/\" \/>\n<meta property=\"og:locale\" content=\"fr_FR\" \/>\n<meta property=\"og:type\" content=\"article\" \/>\n<meta property=\"og:title\" content=\"Villeneuve-la-Garenne : un enfant meurt dans l&#039;incendie d&#039;une maison, son fr\u00e8re jumeau et sa m\u00e8re gravement bless\u00e9s - JUMEAUX91\" \/>\n<meta property=\"og:description\" content=\"Terrible drame ce jeudi 21 ao\u00fbt \u00e0 Villeneuve-la-Garenne. Un incendie s&rsquo;est d\u00e9clar\u00e9 dans un pavillon, situ\u00e9 rue Pierre-Brossolette. Un enfant de 3 ans est mort, sa m\u00e8re et son fr\u00e8re jumeau sont gravement bless\u00e9s. Leur pronostic vital est engag\u00e9. Pronostic vital engag\u00e9 pour la m\u00e8re et l&rsquo;un des fr\u00e8res jumeaux L&rsquo;origine du feu inconnue\" \/>\n<meta property=\"og:url\" content=\"https:\/\/jumeaux91.fr\/blog\/villeneuve-la-garenne-un-enfant-meurt-dans-lincendie-dune-maison-son-frere-jumeau-et-sa-mere-gravement-blesses\/\" \/>\n<meta property=\"og:site_name\" content=\"JUMEAUX91\" \/>\n<meta property=\"article:published_time\" content=\"2025-08-22T03:07:00+00:00\" \/>\n<meta property=\"og:image\" content=\"https:\/\/jumeaux91.fr\/blog\/wp-content\/uploads\/2025\/08\/villeneuve-la-garenne-un-enfant-meurt-dans-lincendie-dune-maison-son-frere-jumeau-et-sa-mere-gravement-blesses.jpg\" \/>\n<meta name=\"author\" content=\"Claude DAYRES\" \/>\n<meta name=\"twitter:card\" content=\"summary_large_image\" \/>\n<meta name=\"twitter:label1\" content=\"\u00c9crit par\" \/>\n\t<meta name=\"twitter:data1\" content=\"Claude DAYRES\" \/>\n<script type=\"application\/ld+json\" class=\"yoast-schema-graph\">{\"@context\":\"https:\\\/\\\/schema.org\",\"@graph\":[{\"@type\":\"Article\",\"@id\":\"https:\\\/\\\/jumeaux91.fr\\\/blog\\\/villeneuve-la-garenne-un-enfant-meurt-dans-lincendie-dune-maison-son-frere-jumeau-et-sa-mere-gravement-blesses\\\/#article\",\"isPartOf\":{\"@id\":\"https:\\\/\\\/jumeaux91.fr\\\/blog\\\/villeneuve-la-garenne-un-enfant-meurt-dans-lincendie-dune-maison-son-frere-jumeau-et-sa-mere-gravement-blesses\\\/\"},\"author\":{\"name\":\"Claude DAYRES\",\"@id\":\"https:\\\/\\\/jumeaux91.fr\\\/blog\\\/#\\\/schema\\\/person\\\/21da06e9f119b9f64e5d45dbbd32d3fb\"},\"headline\":\"Villeneuve-la-Garenne : un enfant meurt dans l&rsquo;incendie d&rsquo;une maison, son fr\u00e8re jumeau et sa m\u00e8re gravement bless\u00e9s\",\"datePublished\":\"2025-08-22T03:07:00+00:00\",\"mainEntityOfPage\":{\"@id\":\"https:\\\/\\\/jumeaux91.fr\\\/blog\\\/villeneuve-la-garenne-un-enfant-meurt-dans-lincendie-dune-maison-son-frere-jumeau-et-sa-mere-gravement-blesses\\\/\"},\"wordCount\":82,\"publisher\":{\"@id\":\"https:\\\/\\\/jumeaux91.fr\\\/blog\\\/#organization\"},\"image\":{\"@id\":\"https:\\\/\\\/jumeaux91.fr\\\/blog\\\/villeneuve-la-garenne-un-enfant-meurt-dans-lincendie-dune-maison-son-frere-jumeau-et-sa-mere-gravement-blesses\\\/#primaryimage\"},\"thumbnailUrl\":\"https:\\\/\\\/jumeaux91.fr\\\/blog\\\/wp-content\\\/uploads\\\/2025\\\/08\\\/villeneuve-la-garenne-un-enfant-meurt-dans-lincendie-dune-maison-son-frere-jumeau-et-sa-mere-gravement-blesses.jpg\",\"articleSection\":[\"Posts Fr\u00e8res Jumeaux De L'Essonnes:\"],\"inLanguage\":\"fr-FR\"},{\"@type\":\"WebPage\",\"@id\":\"https:\\\/\\\/jumeaux91.fr\\\/blog\\\/villeneuve-la-garenne-un-enfant-meurt-dans-lincendie-dune-maison-son-frere-jumeau-et-sa-mere-gravement-blesses\\\/\",\"url\":\"https:\\\/\\\/jumeaux91.fr\\\/blog\\\/villeneuve-la-garenne-un-enfant-meurt-dans-lincendie-dune-maison-son-frere-jumeau-et-sa-mere-gravement-blesses\\\/\",\"name\":\"Villeneuve-la-Garenne : un enfant meurt dans l'incendie d'une maison, son fr\u00e8re jumeau et sa m\u00e8re gravement bless\u00e9s - JUMEAUX91\",\"isPartOf\":{\"@id\":\"https:\\\/\\\/jumeaux91.fr\\\/blog\\\/#website\"},\"primaryImageOfPage\":{\"@id\":\"https:\\\/\\\/jumeaux91.fr\\\/blog\\\/villeneuve-la-garenne-un-enfant-meurt-dans-lincendie-dune-maison-son-frere-jumeau-et-sa-mere-gravement-blesses\\\/#primaryimage\"},\"image\":{\"@id\":\"https:\\\/\\\/jumeaux91.fr\\\/blog\\\/villeneuve-la-garenne-un-enfant-meurt-dans-lincendie-dune-maison-son-frere-jumeau-et-sa-mere-gravement-blesses\\\/#primaryimage\"},\"thumbnailUrl\":\"https:\\\/\\\/jumeaux91.fr\\\/blog\\\/wp-content\\\/uploads\\\/2025\\\/08\\\/villeneuve-la-garenne-un-enfant-meurt-dans-lincendie-dune-maison-son-frere-jumeau-et-sa-mere-gravement-blesses.jpg\",\"datePublished\":\"2025-08-22T03:07:00+00:00\",\"breadcrumb\":{\"@id\":\"https:\\\/\\\/jumeaux91.fr\\\/blog\\\/villeneuve-la-garenne-un-enfant-meurt-dans-lincendie-dune-maison-son-frere-jumeau-et-sa-mere-gravement-blesses\\\/#breadcrumb\"},\"inLanguage\":\"fr-FR\",\"potentialAction\":[{\"@type\":\"ReadAction\",\"target\":[\"https:\\\/\\\/jumeaux91.fr\\\/blog\\\/villeneuve-la-garenne-un-enfant-meurt-dans-lincendie-dune-maison-son-frere-jumeau-et-sa-mere-gravement-blesses\\\/\"]}]},{\"@type\":\"ImageObject\",\"inLanguage\":\"fr-FR\",\"@id\":\"https:\\\/\\\/jumeaux91.fr\\\/blog\\\/villeneuve-la-garenne-un-enfant-meurt-dans-lincendie-dune-maison-son-frere-jumeau-et-sa-mere-gravement-blesses\\\/#primaryimage\",\"url\":\"https:\\\/\\\/jumeaux91.fr\\\/blog\\\/wp-content\\\/uploads\\\/2025\\\/08\\\/villeneuve-la-garenne-un-enfant-meurt-dans-lincendie-dune-maison-son-frere-jumeau-et-sa-mere-gravement-blesses.jpg\",\"contentUrl\":\"https:\\\/\\\/jumeaux91.fr\\\/blog\\\/wp-content\\\/uploads\\\/2025\\\/08\\\/villeneuve-la-garenne-un-enfant-meurt-dans-lincendie-dune-maison-son-frere-jumeau-et-sa-mere-gravement-blesses.jpg\",\"width\":1200,\"height\":680,\"caption\":\"Villeneuve la Garenne : un enfant meurt dans l'incendie d'une maison, son fr\u00e8re jumeau et sa m\u00e8re gravement bless\u00e9s\"},{\"@type\":\"BreadcrumbList\",\"@id\":\"https:\\\/\\\/jumeaux91.fr\\\/blog\\\/villeneuve-la-garenne-un-enfant-meurt-dans-lincendie-dune-maison-son-frere-jumeau-et-sa-mere-gravement-blesses\\\/#breadcrumb\",\"itemListElement\":[{\"@type\":\"ListItem\",\"position\":1,\"name\":\"Accueil\",\"item\":\"https:\\\/\\\/jumeaux91.fr\\\/blog\\\/\"},{\"@type\":\"ListItem\",\"position\":2,\"name\":\"Villeneuve-la-Garenne : un enfant meurt dans l&rsquo;incendie d&rsquo;une maison, son fr\u00e8re jumeau et sa m\u00e8re gravement bless\u00e9s\"}]},{\"@type\":\"WebSite\",\"@id\":\"https:\\\/\\\/jumeaux91.fr\\\/blog\\\/#website\",\"url\":\"https:\\\/\\\/jumeaux91.fr\\\/blog\\\/\",\"name\":\"JUMEAUX91\",\"description\":\"Fr\u00e8res jumeaux de l&#039;Essonnes; informations et archives, \u00e0 savoir et retenir.\",\"publisher\":{\"@id\":\"https:\\\/\\\/jumeaux91.fr\\\/blog\\\/#organization\"},\"potentialAction\":[{\"@type\":\"SearchAction\",\"target\":{\"@type\":\"EntryPoint\",\"urlTemplate\":\"https:\\\/\\\/jumeaux91.fr\\\/blog\\\/?s={search_term_string}\"},\"query-input\":{\"@type\":\"PropertyValueSpecification\",\"valueRequired\":true,\"valueName\":\"search_term_string\"}}],\"inLanguage\":\"fr-FR\"},{\"@type\":\"Organization\",\"@id\":\"https:\\\/\\\/jumeaux91.fr\\\/blog\\\/#organization\",\"name\":\"jumeaux91\",\"url\":\"https:\\\/\\\/jumeaux91.fr\\\/blog\\\/\",\"logo\":{\"@type\":\"ImageObject\",\"inLanguage\":\"fr-FR\",\"@id\":\"https:\\\/\\\/jumeaux91.fr\\\/blog\\\/#\\\/schema\\\/logo\\\/image\\\/\",\"url\":\"https:\\\/\\\/jumeaux91.fr\\\/blog\\\/wp-content\\\/uploads\\\/2023\\\/05\\\/cropped-cropped-logoJ_91.png\",\"contentUrl\":\"https:\\\/\\\/jumeaux91.fr\\\/blog\\\/wp-content\\\/uploads\\\/2023\\\/05\\\/cropped-cropped-logoJ_91.png\",\"width\":512,\"height\":512,\"caption\":\"jumeaux91\"},\"image\":{\"@id\":\"https:\\\/\\\/jumeaux91.fr\\\/blog\\\/#\\\/schema\\\/logo\\\/image\\\/\"}},{\"@type\":\"Person\",\"@id\":\"https:\\\/\\\/jumeaux91.fr\\\/blog\\\/#\\\/schema\\\/person\\\/21da06e9f119b9f64e5d45dbbd32d3fb\",\"name\":\"Claude DAYRES\",\"image\":{\"@type\":\"ImageObject\",\"inLanguage\":\"fr-FR\",\"@id\":\"https:\\\/\\\/secure.gravatar.com\\\/avatar\\\/82eb951df6110a2c48d1bfa7a67d1ee6f0cd5df3cbf9c3586dd61e82db7172a5?s=96&d=mm&r=g\",\"url\":\"https:\\\/\\\/secure.gravatar.com\\\/avatar\\\/82eb951df6110a2c48d1bfa7a67d1ee6f0cd5df3cbf9c3586dd61e82db7172a5?s=96&d=mm&r=g\",\"contentUrl\":\"https:\\\/\\\/secure.gravatar.com\\\/avatar\\\/82eb951df6110a2c48d1bfa7a67d1ee6f0cd5df3cbf9c3586dd61e82db7172a5?s=96&d=mm&r=g\",\"caption\":\"Claude DAYRES\"},\"url\":\"https:\\\/\\\/jumeaux91.fr\\\/blog\\\/author\\\/x91claude\\\/\"}]}<\/script>\n<!-- \/ Yoast SEO plugin. -->","yoast_head_json":{"title":"Villeneuve-la-Garenne : un enfant meurt dans l'incendie d'une maison, son fr\u00e8re jumeau et sa m\u00e8re gravement bless\u00e9s - JUMEAUX91","robots":{"index":"index","follow":"follow","max-snippet":"max-snippet:-1","max-image-preview":"max-image-preview:large","max-video-preview":"max-video-preview:-1"},"canonical":"https:\/\/jumeaux91.fr\/blog\/villeneuve-la-garenne-un-enfant-meurt-dans-lincendie-dune-maison-son-frere-jumeau-et-sa-mere-gravement-blesses\/","og_locale":"fr_FR","og_type":"article","og_title":"Villeneuve-la-Garenne : un enfant meurt dans l'incendie d'une maison, son fr\u00e8re jumeau et sa m\u00e8re gravement bless\u00e9s - JUMEAUX91","og_description":"Terrible drame ce jeudi 21 ao\u00fbt \u00e0 Villeneuve-la-Garenne. Un incendie s&rsquo;est d\u00e9clar\u00e9 dans un pavillon, situ\u00e9 rue Pierre-Brossolette. Un enfant de 3 ans est mort, sa m\u00e8re et son fr\u00e8re jumeau sont gravement bless\u00e9s. Leur pronostic vital est engag\u00e9. Pronostic vital engag\u00e9 pour la m\u00e8re et l&rsquo;un des fr\u00e8res jumeaux L&rsquo;origine du feu inconnue","og_url":"https:\/\/jumeaux91.fr\/blog\/villeneuve-la-garenne-un-enfant-meurt-dans-lincendie-dune-maison-son-frere-jumeau-et-sa-mere-gravement-blesses\/","og_site_name":"JUMEAUX91","article_published_time":"2025-08-22T03:07:00+00:00","og_image":[{"url":"https:\/\/jumeaux91.fr\/blog\/wp-content\/uploads\/2025\/08\/villeneuve-la-garenne-un-enfant-meurt-dans-lincendie-dune-maison-son-frere-jumeau-et-sa-mere-gravement-blesses.jpg","type":"","width":"","height":""}],"author":"Claude DAYRES","twitter_card":"summary_large_image","twitter_misc":{"\u00c9crit par":"Claude DAYRES"},"schema":{"@context":"https:\/\/schema.org","@graph":[{"@type":"Article","@id":"https:\/\/jumeaux91.fr\/blog\/villeneuve-la-garenne-un-enfant-meurt-dans-lincendie-dune-maison-son-frere-jumeau-et-sa-mere-gravement-blesses\/#article","isPartOf":{"@id":"https:\/\/jumeaux91.fr\/blog\/villeneuve-la-garenne-un-enfant-meurt-dans-lincendie-dune-maison-son-frere-jumeau-et-sa-mere-gravement-blesses\/"},"author":{"name":"Claude DAYRES","@id":"https:\/\/jumeaux91.fr\/blog\/#\/schema\/person\/21da06e9f119b9f64e5d45dbbd32d3fb"},"headline":"Villeneuve-la-Garenne : un enfant meurt dans l&rsquo;incendie d&rsquo;une maison, son fr\u00e8re jumeau et sa m\u00e8re gravement bless\u00e9s","datePublished":"2025-08-22T03:07:00+00:00","mainEntityOfPage":{"@id":"https:\/\/jumeaux91.fr\/blog\/villeneuve-la-garenne-un-enfant-meurt-dans-lincendie-dune-maison-son-frere-jumeau-et-sa-mere-gravement-blesses\/"},"wordCount":82,"publisher":{"@id":"https:\/\/jumeaux91.fr\/blog\/#organization"},"image":{"@id":"https:\/\/jumeaux91.fr\/blog\/villeneuve-la-garenne-un-enfant-meurt-dans-lincendie-dune-maison-son-frere-jumeau-et-sa-mere-gravement-blesses\/#primaryimage"},"thumbnailUrl":"https:\/\/jumeaux91.fr\/blog\/wp-content\/uploads\/2025\/08\/villeneuve-la-garenne-un-enfant-meurt-dans-lincendie-dune-maison-son-frere-jumeau-et-sa-mere-gravement-blesses.jpg","articleSection":["Posts Fr\u00e8res Jumeaux De L'Essonnes:"],"inLanguage":"fr-FR"},{"@type":"WebPage","@id":"https:\/\/jumeaux91.fr\/blog\/villeneuve-la-garenne-un-enfant-meurt-dans-lincendie-dune-maison-son-frere-jumeau-et-sa-mere-gravement-blesses\/","url":"https:\/\/jumeaux91.fr\/blog\/villeneuve-la-garenne-un-enfant-meurt-dans-lincendie-dune-maison-son-frere-jumeau-et-sa-mere-gravement-blesses\/","name":"Villeneuve-la-Garenne : un enfant meurt dans l'incendie d'une maison, son fr\u00e8re jumeau et sa m\u00e8re gravement bless\u00e9s - JUMEAUX91","isPartOf":{"@id":"https:\/\/jumeaux91.fr\/blog\/#website"},"primaryImageOfPage":{"@id":"https:\/\/jumeaux91.fr\/blog\/villeneuve-la-garenne-un-enfant-meurt-dans-lincendie-dune-maison-son-frere-jumeau-et-sa-mere-gravement-blesses\/#primaryimage"},"image":{"@id":"https:\/\/jumeaux91.fr\/blog\/villeneuve-la-garenne-un-enfant-meurt-dans-lincendie-dune-maison-son-frere-jumeau-et-sa-mere-gravement-blesses\/#primaryimage"},"thumbnailUrl":"https:\/\/jumeaux91.fr\/blog\/wp-content\/uploads\/2025\/08\/villeneuve-la-garenne-un-enfant-meurt-dans-lincendie-dune-maison-son-frere-jumeau-et-sa-mere-gravement-blesses.jpg","datePublished":"2025-08-22T03:07:00+00:00","breadcrumb":{"@id":"https:\/\/jumeaux91.fr\/blog\/villeneuve-la-garenne-un-enfant-meurt-dans-lincendie-dune-maison-son-frere-jumeau-et-sa-mere-gravement-blesses\/#breadcrumb"},"inLanguage":"fr-FR","potentialAction":[{"@type":"ReadAction","target":["https:\/\/jumeaux91.fr\/blog\/villeneuve-la-garenne-un-enfant-meurt-dans-lincendie-dune-maison-son-frere-jumeau-et-sa-mere-gravement-blesses\/"]}]},{"@type":"ImageObject","inLanguage":"fr-FR","@id":"https:\/\/jumeaux91.fr\/blog\/villeneuve-la-garenne-un-enfant-meurt-dans-lincendie-dune-maison-son-frere-jumeau-et-sa-mere-gravement-blesses\/#primaryimage","url":"https:\/\/jumeaux91.fr\/blog\/wp-content\/uploads\/2025\/08\/villeneuve-la-garenne-un-enfant-meurt-dans-lincendie-dune-maison-son-frere-jumeau-et-sa-mere-gravement-blesses.jpg","contentUrl":"https:\/\/jumeaux91.fr\/blog\/wp-content\/uploads\/2025\/08\/villeneuve-la-garenne-un-enfant-meurt-dans-lincendie-dune-maison-son-frere-jumeau-et-sa-mere-gravement-blesses.jpg","width":1200,"height":680,"caption":"Villeneuve la Garenne : un enfant meurt dans l'incendie d'une maison, son fr\u00e8re jumeau et sa m\u00e8re gravement bless\u00e9s"},{"@type":"BreadcrumbList","@id":"https:\/\/jumeaux91.fr\/blog\/villeneuve-la-garenne-un-enfant-meurt-dans-lincendie-dune-maison-son-frere-jumeau-et-sa-mere-gravement-blesses\/#breadcrumb","itemListElement":[{"@type":"ListItem","position":1,"name":"Accueil","item":"https:\/\/jumeaux91.fr\/blog\/"},{"@type":"ListItem","position":2,"name":"Villeneuve-la-Garenne : un enfant meurt dans l&rsquo;incendie d&rsquo;une maison, son fr\u00e8re jumeau et sa m\u00e8re gravement bless\u00e9s"}]},{"@type":"WebSite","@id":"https:\/\/jumeaux91.fr\/blog\/#website","url":"https:\/\/jumeaux91.fr\/blog\/","name":"JUMEAUX91","description":"Fr\u00e8res jumeaux de l&#039;Essonnes; informations et archives, \u00e0 savoir et retenir.","publisher":{"@id":"https:\/\/jumeaux91.fr\/blog\/#organization"},"potentialAction":[{"@type":"SearchAction","target":{"@type":"EntryPoint","urlTemplate":"https:\/\/jumeaux91.fr\/blog\/?s={search_term_string}"},"query-input":{"@type":"PropertyValueSpecification","valueRequired":true,"valueName":"search_term_string"}}],"inLanguage":"fr-FR"},{"@type":"Organization","@id":"https:\/\/jumeaux91.fr\/blog\/#organization","name":"jumeaux91","url":"https:\/\/jumeaux91.fr\/blog\/","logo":{"@type":"ImageObject","inLanguage":"fr-FR","@id":"https:\/\/jumeaux91.fr\/blog\/#\/schema\/logo\/image\/","url":"https:\/\/jumeaux91.fr\/blog\/wp-content\/uploads\/2023\/05\/cropped-cropped-logoJ_91.png","contentUrl":"https:\/\/jumeaux91.fr\/blog\/wp-content\/uploads\/2023\/05\/cropped-cropped-logoJ_91.png","width":512,"height":512,"caption":"jumeaux91"},"image":{"@id":"https:\/\/jumeaux91.fr\/blog\/#\/schema\/logo\/image\/"}},{"@type":"Person","@id":"https:\/\/jumeaux91.fr\/blog\/#\/schema\/person\/21da06e9f119b9f64e5d45dbbd32d3fb","name":"Claude DAYRES","image":{"@type":"ImageObject","inLanguage":"fr-FR","@id":"https:\/\/secure.gravatar.com\/avatar\/82eb951df6110a2c48d1bfa7a67d1ee6f0cd5df3cbf9c3586dd61e82db7172a5?s=96&d=mm&r=g","url":"https:\/\/secure.gravatar.com\/avatar\/82eb951df6110a2c48d1bfa7a67d1ee6f0cd5df3cbf9c3586dd61e82db7172a5?s=96&d=mm&r=g","contentUrl":"https:\/\/secure.gravatar.com\/avatar\/82eb951df6110a2c48d1bfa7a67d1ee6f0cd5df3cbf9c3586dd61e82db7172a5?s=96&d=mm&r=g","caption":"Claude DAYRES"},"url":"https:\/\/jumeaux91.fr\/blog\/author\/x91claude\/"}]}},"_links":{"self":[{"href":"https:\/\/jumeaux91.fr\/blog\/wp-json\/wp\/v2\/posts\/1591","targetHints":{"allow":["GET"]}}],"collection":[{"href":"https:\/\/jumeaux91.fr\/blog\/wp-json\/wp\/v2\/posts"}],"about":[{"href":"https:\/\/jumeaux91.fr\/blog\/wp-json\/wp\/v2\/types\/post"}],"author":[{"embeddable":true,"href":"https:\/\/jumeaux91.fr\/blog\/wp-json\/wp\/v2\/users\/2"}],"replies":[{"embeddable":true,"href":"https:\/\/jumeaux91.fr\/blog\/wp-json\/wp\/v2\/comments?post=1591"}],"version-history":[{"count":0,"href":"https:\/\/jumeaux91.fr\/blog\/wp-json\/wp\/v2\/posts\/1591\/revisions"}],"wp:featuredmedia":[{"embeddable":true,"href":"https:\/\/jumeaux91.fr\/blog\/wp-json\/wp\/v2\/media\/1592"}],"wp:attachment":[{"href":"https:\/\/jumeaux91.fr\/blog\/wp-json\/wp\/v2\/media?parent=1591"}],"wp:term":[{"taxonomy":"category","embeddable":true,"href":"https:\/\/jumeaux91.fr\/blog\/wp-json\/wp\/v2\/categories?post=1591"},{"taxonomy":"post_tag","embeddable":true,"href":"https:\/\/jumeaux91.fr\/blog\/wp-json\/wp\/v2\/tags?post=1591"}],"curies":[{"name":"wp","href":"https:\/\/api.w.org\/{rel}","templated":true}]}}