{"id":1612,"date":"2025-08-28T00:35:00","date_gmt":"2025-08-27T22:35:00","guid":{"rendered":"https:\/\/jumeaux91.fr\/blog\/arbre-plante-en-hommage-a-ilan-halimi-abattu-deux-freres-jumeaux-interpelles-et-juges-pour-violation-de-monument\/"},"modified":"2025-08-28T00:35:00","modified_gmt":"2025-08-27T22:35:00","slug":"arbre-plante-en-hommage-a-ilan-halimi-abattu-deux-freres-jumeaux-interpelles-et-juges-pour-violation-de-monument","status":"publish","type":"post","link":"https:\/\/jumeaux91.fr\/blog\/arbre-plante-en-hommage-a-ilan-halimi-abattu-deux-freres-jumeaux-interpelles-et-juges-pour-violation-de-monument\/","title":{"rendered":"Arbre plant\u00e9 en hommage \u00e0 Ilan Halimi abattu : deux fr\u00e8res jumeaux interpell\u00e9s et jug\u00e9s pour \u00ab\u00a0violation de monument\u00a0\u00bb"},"content":{"rendered":"<div><img decoding=\"async\" src=\"https:\/\/jumeaux91.fr\/blog\/wp-content\/uploads\/2025\/08\/arbre-plante-en-hommage-a-ilan-halimi-abattu-deux-freres-jumeaux-interpelles-et-juges-pour-violation-de-monument.jpg\" class=\"ff-og-image-inserted\"><\/div>\n<p> Deux fr\u00e8res jumeaux doivent \u00eatre jug\u00e9s en comparution imm\u00e9diate suspect\u00e9s d\u2019avoir abattu un arbre plant\u00e9 en hommage \u00e0 Ilan Halimi \u00e0 \u00c9pinay-sur-Seine, Ce geste a suscit\u00e9 une vive condamnation politique. <\/p>\n<div> <!-- Pub DFP Position [outstream] --> <\/p>\n<p><span><span><span><span><span><span><span><span><span><span><span><span><span><span><span><span><span><span><span><span><span><span>Deux hommes ont \u00e9t\u00e9 interpell\u00e9s, accus\u00e9s d\u2019avoir abattu le 15&nbsp;ao\u00fbt \u00e0 Epinay-sur-Seine, au nord de Paris, un olivier plant\u00e9 en m\u00e9moire d\u2019Ilan Halimi, jeune juif tortur\u00e9 \u00e0 mort en 2006, a indiqu\u00e9 mercredi le parquet local<\/span><\/span><\/span><\/span><\/span><\/span><\/span><\/span><\/span><\/span><\/span><\/span><\/span><\/span><\/span><\/span><\/span><\/span><\/span><\/span><\/span><\/span><\/p>\n<p><!-- Pub DFP Position [article] --> <\/p>\n<p><span><span><span><span><span><span><span><span><span><span><span><span><span><span><span><span><span><span><span><span><span><span>Les suspects, des fr\u00e8res jumeaux, vont \u00eatre jug\u00e9s en comparaison imm\u00e9diate pour <em>\u00ab\u00a0destruction de bien aggrav\u00e9e\u00a0\u00bb<\/em> et <em>\u00ab\u00a0violation de monument d\u00e9di\u00e9 \u00e0 la m\u00e9moire des morts commise en raison de la race, de l\u2019ethnie, de la nation ou de la religion\u00a0\u00bb<\/em>, a pr\u00e9cis\u00e9 le minist\u00e8re public.<\/span><\/span><\/span><\/span><\/span><\/span><\/span><\/span><\/span><\/span><\/span><\/span><\/span><\/span><\/span><\/span><\/span><\/span><\/span><\/span><\/span><\/span><\/p>\n<p><a href=\"https:\/\/www.midilibre.fr\/2025\/08\/15\/ilan-halimi-avait-ete-sequestre-et-torture-a-mort-en-2006-par-le-gang-des-barbares-larbre-plante-en-sa-memoire-abattu-a-la-tronconneuse-12877607.php\" target=\"_blank\" rel=\"nofollow\">L\u2019abattage de l\u2019arbre<\/a><span><span><span><span><span><span><span><span><span><span><span><span><span><span><span><span><span><span><span><span><span><span><a href=\"https:\/\/www.midilibre.fr\/2025\/08\/15\/ilan-halimi-avait-ete-sequestre-et-torture-a-mort-en-2006-par-le-gang-des-barbares-larbre-plante-en-sa-memoire-abattu-a-la-tronconneuse-12877607.php\" target=\"_blank\" rel=\"nofollow\">&nbsp;en pleine nuit<\/a> avait provoqu\u00e9 une indignation unanime au sein de la classe politique fran\u00e7aise.&nbsp;Ilan Halimi, Fran\u00e7ais de confession juive de 23 ans, avait \u00e9t\u00e9 enlev\u00e9, s\u00e9questr\u00e9 et tortur\u00e9 en janvier&nbsp;2006 par un groupe d\u2019une vingtaine de personnes qui se faisait appeler \u00ab\u00a0le gang des barbares\u00a0\u00bb, sous la direction de Youssouf Fofana.<\/span><\/span><\/span><\/span><\/span><\/span><\/span><\/span><\/span><\/span><\/span><\/span><\/span><\/span><\/span><\/span><\/span><\/span><\/span><\/span><\/span><\/span><\/p>\n<p><span><span><span><span><span><span><span><span><span><span><span><span><span><span><span><span><span><span><span><span><span><span>D\u00e9couvert nu, b\u00e2illonn\u00e9, menott\u00e9 et portant des traces de tortures et de br\u00fblures dans une ville de banlieue parisienne, le jeune homme \u00e9tait mort pendant son transfert \u00e0 l\u2019h\u00f4pital un peu moins d\u2019un mois plus tard. Son calvaire avait provoqu\u00e9 une vive \u00e9motion dans le pays.<\/span><\/span><\/span><\/span><\/span><\/span><\/span><\/span><\/span><\/span><\/span><\/span><\/span><\/span><\/span><\/span><\/span><\/span><\/span><\/span><\/span><\/span><\/p>\n<h2 class=\"txt-int\">Un arbre plant\u00e9 en 2011<\/h2>\n<p><span><span><span><span><span><span><span><span><span><span><span><span><span><span><span><span><span><span><span><span><span><span>L\u2019olivier avait \u00e9t\u00e9 plant\u00e9 en 2011 dans un jardin d\u2019Epinay-sur-Seine, commune d\u2019un peu plus de 50&nbsp;000 habitants situ\u00e9e \u00e0 une dizaine de kilom\u00e8tres au nord de Paris.&nbsp;<\/span><\/span><\/span><\/span><\/span><\/span><\/span><\/span><\/span><\/span><\/span><\/span><\/span><\/span><\/span><\/span><\/span><\/span><\/span><\/span><\/span><\/span><span><span><span><span><span><span><span><span><span><span><span><span><span><span><span><span><span><span><span><span><span><span><a href=\"https:\/\/www.midilibre.fr\/2016\/02\/13\/hommage-a-ilan-halimi-dix-ans-apres-son-assassinat-barbare-4123328.php\" target=\"_blank\" rel=\"nofollow\">D\u2019apr\u00e8s le maire, Herv\u00e9 Chevreau, se fondant sur les cam\u00e9ras<\/a> de vid\u00e9osurveillance ext\u00e9rieures au jardin, un homme portant un sac \u00e0 dos s\u2019y est introduit \u00e0 01&nbsp;h&nbsp;50 alors que le parc ferm\u00e9 \u00e0 21&nbsp;h&nbsp;30.<\/span><\/span><\/span><\/span><\/span><\/span><\/span><\/span><\/span><\/span><\/span><\/span><\/span><\/span><\/span><\/span><\/span><\/span><\/span><\/span><\/span><\/span><\/p>\n<p><span><span><span><span><span><span><span><span><span><span><span><span><span><span><span><span><span><span><span><span><span><span><em>\u00ab\u00a0Abattre l\u2019arbre rendant hommage \u00e0 Ilan Halimi, c\u2019est chercher \u00e0 le tuer une deuxi\u00e8me fois. Il n\u2019en sera rien&nbsp;: la Nation n\u2019oubliera pas cet enfant de France mort parce que Juif. Tous les moyens sont d\u00e9ploy\u00e9s pour punir cet acte de haine\u00a0\u00bb<\/em>, avait \u00e9crit sur X le pr\u00e9sident Emmanuel Macron le jour o\u00f9 l\u2019arbre a \u00e9t\u00e9 retrouv\u00e9 abattu.<\/span><\/span><\/span><\/span><\/span><\/span><\/span><\/span><\/span><\/span><\/span><\/span><\/span><\/span><\/span><\/span><\/span><\/span><\/span><\/span><\/span><\/span><\/p>\n<p><span><span><span><span><span><span><span><span><span><span><span><span><span><span><span><span><span><span><span><span><span><span>Deux autres arbres plant\u00e9s en hommage \u00e0 Ilan Halimi, dont l\u2019un portrait sa photo, avaient \u00e9t\u00e9 sci\u00e9s en 2019 \u00e0 Sainte-Genevi\u00e8ve-des-Bois, o\u00f9 il avait \u00e9t\u00e9 retrouv\u00e9 agonisant au bord d\u2019une voie ferr\u00e9e. D\u2019autres arbres avaient \u00e9t\u00e9 replant\u00e9s.<\/span><\/span><\/span><\/span><\/span><\/span><\/span><\/span><\/span><\/span><\/span><\/span><\/span><\/span><\/span><\/span><\/span><\/span><\/span><\/span><\/span><\/span><\/p>\n<h2 class=\"txt-int\">Des actes <span><span><span><span><span><span><span><span><span><span><span><span><span><span><span><span><span><span><span><span><span><span>antis\u00e9mites <\/span><\/span><\/span><\/span><\/span><\/span><\/span><\/span><\/span><\/span><\/span><\/span><\/span><\/span><\/span><\/span><\/span><\/span><\/span><\/span><\/span><\/span>en nette hausse<\/h2>\n<p><span><span><span><span><span><span><span><span><span><span><span><span><span><span><span><span><span><span><span><span><span><span>Les actes antis\u00e9mites ont connu une nette progression en France depuis le 7&nbsp;octobre 2023, date des attaques sans pr\u00e9c\u00e9dent du Hamas contre Isra\u00ebl et du d\u00e9clenchement de la guerre \u00e0 Gaza.<\/span><\/span><\/span><\/span><\/span><\/span><\/span><\/span><\/span><\/span><\/span><\/span><\/span><\/span><\/span><\/span><\/span><\/span><\/span><\/span><\/span><\/span><\/p>\n<p><span><span><span><span><span><span><span><span><span><span><span><span><span><span><span><span><span><span><span><span><span><span>Entre janvier et juin&nbsp;2025, 646 actes antis\u00e9mites ont \u00e9t\u00e9 recens\u00e9s en France, en baisse de 27&nbsp;% par rapport au premier semestre 2024, selon les chiffres du minist\u00e8re de l\u2019Int\u00e9rieur. Mais ils repr\u00e9sentent plus du double des 304 actes recens\u00e9s entre janvier et juin&nbsp;2023.<\/span><\/span><\/span><\/span><\/span><\/span><\/span><\/span><\/span><\/span><\/span><\/span><\/span><\/span><\/span><\/span><\/span><\/span><\/span><\/span><\/span><\/span><\/p>\n<\/p><\/div>\n<p>La chronique se veut g\u00e9n\u00e9r\u00e9e de la fa\u00e7on la plus claire que possible. Dans le cas o\u00f9 vous souhaitez pr\u00e9senter des renseignements compl\u00e9mentaires \u00e0 cet article sur le sujet \u00ab\u00a0Fr\u00e8res jumeaux de l&rsquo;Essonnes\u00a0\u00bb il vous est possible d\u2019\u00e9crire aux contacts indiqu\u00e9s sur notre website. La raison d\u2019\u00eatre de jumeaux91.fr \u00e9tant de rassembler sur le web des posts sur le sujet de Fr\u00e8res jumeaux de l&rsquo;Essonnes puis les diffuser en r\u00e9pondant au mieux aux interrogations des gens. Vous pouvez tirer profit de cet article traitant le sujet \u00ab\u00a0Fr\u00e8res jumeaux de l&rsquo;Essonnes\u00a0\u00bb. Il est concoct\u00e9 par l\u2019\u00e9quipe jumeaux91.fr. Prochainement, nous rendrons accessibles au public d&rsquo;autres informations pertinentes sur le sujet \u00ab\u00a0Fr\u00e8res jumeaux de l&rsquo;Essonnes\u00a0\u00bb. Alors, consultez syst\u00e9matiquement notre blog.<\/p>\n","protected":false},"excerpt":{"rendered":"<p>Deux fr\u00e8res jumeaux doivent \u00eatre jug\u00e9s en comparution imm\u00e9diate suspect\u00e9s d\u2019avoir abattu un arbre plant\u00e9 en hommage \u00e0 Ilan Halimi \u00e0 \u00c9pinay-sur-Seine, Ce geste a suscit\u00e9 une vive condamnation politique. Deux hommes ont \u00e9t\u00e9 interpell\u00e9s, accus\u00e9s d\u2019avoir abattu le 15&nbsp;ao\u00fbt \u00e0 Epinay-sur-Seine, au nord de Paris, un olivier plant\u00e9 en m\u00e9moire d\u2019Ilan Halimi, jeune juif&hellip; <a class=\"more-link\" href=\"https:\/\/jumeaux91.fr\/blog\/arbre-plante-en-hommage-a-ilan-halimi-abattu-deux-freres-jumeaux-interpelles-et-juges-pour-violation-de-monument\/\">Poursuivre la lecture <span class=\"screen-reader-text\">Arbre plant\u00e9 en hommage \u00e0 Ilan Halimi abattu : deux fr\u00e8res jumeaux interpell\u00e9s et jug\u00e9s pour \u00ab\u00a0violation de monument\u00a0\u00bb<\/span><\/a><\/p>\n","protected":false},"author":2,"featured_media":1613,"comment_status":"closed","ping_status":"closed","sticky":false,"template":"","format":"standard","meta":{"footnotes":""},"categories":[4],"tags":[],"class_list":["post-1612","post","type-post","status-publish","format-standard","has-post-thumbnail","hentry","category-posts-freres-jumeaux-de-lessonnes","entry"],"yoast_head":"<!-- This site is optimized with the Yoast SEO plugin v27.5 - https:\/\/yoast.com\/product\/yoast-seo-wordpress\/ -->\n<title>Arbre plant\u00e9 en hommage \u00e0 Ilan Halimi abattu : deux fr\u00e8res jumeaux interpell\u00e9s et jug\u00e9s pour &quot;violation de monument&quot; - JUMEAUX91<\/title>\n<meta name=\"robots\" content=\"index, follow, max-snippet:-1, max-image-preview:large, max-video-preview:-1\" \/>\n<link rel=\"canonical\" href=\"https:\/\/jumeaux91.fr\/blog\/arbre-plante-en-hommage-a-ilan-halimi-abattu-deux-freres-jumeaux-interpelles-et-juges-pour-violation-de-monument\/\" \/>\n<meta property=\"og:locale\" content=\"fr_FR\" \/>\n<meta property=\"og:type\" content=\"article\" \/>\n<meta property=\"og:title\" content=\"Arbre plant\u00e9 en hommage \u00e0 Ilan Halimi abattu : deux fr\u00e8res jumeaux interpell\u00e9s et jug\u00e9s pour &quot;violation de monument&quot; - JUMEAUX91\" \/>\n<meta property=\"og:description\" content=\"Deux fr\u00e8res jumeaux doivent \u00eatre jug\u00e9s en comparution imm\u00e9diate suspect\u00e9s d\u2019avoir abattu un arbre plant\u00e9 en hommage \u00e0 Ilan Halimi \u00e0 \u00c9pinay-sur-Seine, Ce geste a suscit\u00e9 une vive condamnation politique. Deux hommes ont \u00e9t\u00e9 interpell\u00e9s, accus\u00e9s d\u2019avoir abattu le 15&nbsp;ao\u00fbt \u00e0 Epinay-sur-Seine, au nord de Paris, un olivier plant\u00e9 en m\u00e9moire d\u2019Ilan Halimi, jeune juif&hellip; Poursuivre la lecture Arbre plant\u00e9 en hommage \u00e0 Ilan Halimi abattu : deux fr\u00e8res jumeaux interpell\u00e9s et jug\u00e9s pour \u00ab\u00a0violation de monument\u00a0\u00bb\" \/>\n<meta property=\"og:url\" content=\"https:\/\/jumeaux91.fr\/blog\/arbre-plante-en-hommage-a-ilan-halimi-abattu-deux-freres-jumeaux-interpelles-et-juges-pour-violation-de-monument\/\" \/>\n<meta property=\"og:site_name\" content=\"JUMEAUX91\" \/>\n<meta property=\"article:published_time\" content=\"2025-08-27T22:35:00+00:00\" \/>\n<meta property=\"og:image\" content=\"https:\/\/jumeaux91.fr\/blog\/wp-content\/uploads\/2025\/08\/arbre-plante-en-hommage-a-ilan-halimi-abattu-deux-freres-jumeaux-interpelles-et-juges-pour-violation-de-monument.jpg\" \/>\n<meta name=\"author\" content=\"Claude DAYRES\" \/>\n<meta name=\"twitter:card\" content=\"summary_large_image\" \/>\n<meta name=\"twitter:label1\" content=\"\u00c9crit par\" \/>\n\t<meta name=\"twitter:data1\" content=\"Claude DAYRES\" \/>\n\t<meta name=\"twitter:label2\" content=\"Dur\u00e9e de lecture estim\u00e9e\" \/>\n\t<meta name=\"twitter:data2\" content=\"3 minutes\" \/>\n<script type=\"application\/ld+json\" class=\"yoast-schema-graph\">{\"@context\":\"https:\\\/\\\/schema.org\",\"@graph\":[{\"@type\":\"Article\",\"@id\":\"https:\\\/\\\/jumeaux91.fr\\\/blog\\\/arbre-plante-en-hommage-a-ilan-halimi-abattu-deux-freres-jumeaux-interpelles-et-juges-pour-violation-de-monument\\\/#article\",\"isPartOf\":{\"@id\":\"https:\\\/\\\/jumeaux91.fr\\\/blog\\\/arbre-plante-en-hommage-a-ilan-halimi-abattu-deux-freres-jumeaux-interpelles-et-juges-pour-violation-de-monument\\\/\"},\"author\":{\"name\":\"Claude DAYRES\",\"@id\":\"https:\\\/\\\/jumeaux91.fr\\\/blog\\\/#\\\/schema\\\/person\\\/21da06e9f119b9f64e5d45dbbd32d3fb\"},\"headline\":\"Arbre plant\u00e9 en hommage \u00e0 Ilan Halimi abattu : deux fr\u00e8res jumeaux interpell\u00e9s et jug\u00e9s pour \u00ab\u00a0violation de monument\u00a0\u00bb\",\"datePublished\":\"2025-08-27T22:35:00+00:00\",\"mainEntityOfPage\":{\"@id\":\"https:\\\/\\\/jumeaux91.fr\\\/blog\\\/arbre-plante-en-hommage-a-ilan-halimi-abattu-deux-freres-jumeaux-interpelles-et-juges-pour-violation-de-monument\\\/\"},\"wordCount\":676,\"publisher\":{\"@id\":\"https:\\\/\\\/jumeaux91.fr\\\/blog\\\/#organization\"},\"image\":{\"@id\":\"https:\\\/\\\/jumeaux91.fr\\\/blog\\\/arbre-plante-en-hommage-a-ilan-halimi-abattu-deux-freres-jumeaux-interpelles-et-juges-pour-violation-de-monument\\\/#primaryimage\"},\"thumbnailUrl\":\"https:\\\/\\\/jumeaux91.fr\\\/blog\\\/wp-content\\\/uploads\\\/2025\\\/08\\\/arbre-plante-en-hommage-a-ilan-halimi-abattu-deux-freres-jumeaux-interpelles-et-juges-pour-violation-de-monument.jpg\",\"articleSection\":[\"Posts Fr\u00e8res Jumeaux De L'Essonnes:\"],\"inLanguage\":\"fr-FR\"},{\"@type\":\"WebPage\",\"@id\":\"https:\\\/\\\/jumeaux91.fr\\\/blog\\\/arbre-plante-en-hommage-a-ilan-halimi-abattu-deux-freres-jumeaux-interpelles-et-juges-pour-violation-de-monument\\\/\",\"url\":\"https:\\\/\\\/jumeaux91.fr\\\/blog\\\/arbre-plante-en-hommage-a-ilan-halimi-abattu-deux-freres-jumeaux-interpelles-et-juges-pour-violation-de-monument\\\/\",\"name\":\"Arbre plant\u00e9 en hommage \u00e0 Ilan Halimi abattu : deux fr\u00e8res jumeaux interpell\u00e9s et jug\u00e9s pour \\\"violation de monument\\\" - JUMEAUX91\",\"isPartOf\":{\"@id\":\"https:\\\/\\\/jumeaux91.fr\\\/blog\\\/#website\"},\"primaryImageOfPage\":{\"@id\":\"https:\\\/\\\/jumeaux91.fr\\\/blog\\\/arbre-plante-en-hommage-a-ilan-halimi-abattu-deux-freres-jumeaux-interpelles-et-juges-pour-violation-de-monument\\\/#primaryimage\"},\"image\":{\"@id\":\"https:\\\/\\\/jumeaux91.fr\\\/blog\\\/arbre-plante-en-hommage-a-ilan-halimi-abattu-deux-freres-jumeaux-interpelles-et-juges-pour-violation-de-monument\\\/#primaryimage\"},\"thumbnailUrl\":\"https:\\\/\\\/jumeaux91.fr\\\/blog\\\/wp-content\\\/uploads\\\/2025\\\/08\\\/arbre-plante-en-hommage-a-ilan-halimi-abattu-deux-freres-jumeaux-interpelles-et-juges-pour-violation-de-monument.jpg\",\"datePublished\":\"2025-08-27T22:35:00+00:00\",\"breadcrumb\":{\"@id\":\"https:\\\/\\\/jumeaux91.fr\\\/blog\\\/arbre-plante-en-hommage-a-ilan-halimi-abattu-deux-freres-jumeaux-interpelles-et-juges-pour-violation-de-monument\\\/#breadcrumb\"},\"inLanguage\":\"fr-FR\",\"potentialAction\":[{\"@type\":\"ReadAction\",\"target\":[\"https:\\\/\\\/jumeaux91.fr\\\/blog\\\/arbre-plante-en-hommage-a-ilan-halimi-abattu-deux-freres-jumeaux-interpelles-et-juges-pour-violation-de-monument\\\/\"]}]},{\"@type\":\"ImageObject\",\"inLanguage\":\"fr-FR\",\"@id\":\"https:\\\/\\\/jumeaux91.fr\\\/blog\\\/arbre-plante-en-hommage-a-ilan-halimi-abattu-deux-freres-jumeaux-interpelles-et-juges-pour-violation-de-monument\\\/#primaryimage\",\"url\":\"https:\\\/\\\/jumeaux91.fr\\\/blog\\\/wp-content\\\/uploads\\\/2025\\\/08\\\/arbre-plante-en-hommage-a-ilan-halimi-abattu-deux-freres-jumeaux-interpelles-et-juges-pour-violation-de-monument.jpg\",\"contentUrl\":\"https:\\\/\\\/jumeaux91.fr\\\/blog\\\/wp-content\\\/uploads\\\/2025\\\/08\\\/arbre-plante-en-hommage-a-ilan-halimi-abattu-deux-freres-jumeaux-interpelles-et-juges-pour-violation-de-monument.jpg\",\"width\":885,\"height\":500,\"caption\":\"Arbre plant\u00e9 en hommage \u00e0 Ilan Halimi abattu : deux fr\u00e8res jumeaux interpell\u00e9s et jug\u00e9s pour \\\"violation de monument\\\"\"},{\"@type\":\"BreadcrumbList\",\"@id\":\"https:\\\/\\\/jumeaux91.fr\\\/blog\\\/arbre-plante-en-hommage-a-ilan-halimi-abattu-deux-freres-jumeaux-interpelles-et-juges-pour-violation-de-monument\\\/#breadcrumb\",\"itemListElement\":[{\"@type\":\"ListItem\",\"position\":1,\"name\":\"Accueil\",\"item\":\"https:\\\/\\\/jumeaux91.fr\\\/blog\\\/\"},{\"@type\":\"ListItem\",\"position\":2,\"name\":\"Arbre plant\u00e9 en hommage \u00e0 Ilan Halimi abattu : deux fr\u00e8res jumeaux interpell\u00e9s et jug\u00e9s pour \u00ab\u00a0violation de monument\u00a0\u00bb\"}]},{\"@type\":\"WebSite\",\"@id\":\"https:\\\/\\\/jumeaux91.fr\\\/blog\\\/#website\",\"url\":\"https:\\\/\\\/jumeaux91.fr\\\/blog\\\/\",\"name\":\"JUMEAUX91\",\"description\":\"Fr\u00e8res jumeaux de l&#039;Essonnes; informations et archives, \u00e0 savoir et retenir.\",\"publisher\":{\"@id\":\"https:\\\/\\\/jumeaux91.fr\\\/blog\\\/#organization\"},\"potentialAction\":[{\"@type\":\"SearchAction\",\"target\":{\"@type\":\"EntryPoint\",\"urlTemplate\":\"https:\\\/\\\/jumeaux91.fr\\\/blog\\\/?s={search_term_string}\"},\"query-input\":{\"@type\":\"PropertyValueSpecification\",\"valueRequired\":true,\"valueName\":\"search_term_string\"}}],\"inLanguage\":\"fr-FR\"},{\"@type\":\"Organization\",\"@id\":\"https:\\\/\\\/jumeaux91.fr\\\/blog\\\/#organization\",\"name\":\"jumeaux91\",\"url\":\"https:\\\/\\\/jumeaux91.fr\\\/blog\\\/\",\"logo\":{\"@type\":\"ImageObject\",\"inLanguage\":\"fr-FR\",\"@id\":\"https:\\\/\\\/jumeaux91.fr\\\/blog\\\/#\\\/schema\\\/logo\\\/image\\\/\",\"url\":\"https:\\\/\\\/jumeaux91.fr\\\/blog\\\/wp-content\\\/uploads\\\/2023\\\/05\\\/cropped-cropped-logoJ_91.png\",\"contentUrl\":\"https:\\\/\\\/jumeaux91.fr\\\/blog\\\/wp-content\\\/uploads\\\/2023\\\/05\\\/cropped-cropped-logoJ_91.png\",\"width\":512,\"height\":512,\"caption\":\"jumeaux91\"},\"image\":{\"@id\":\"https:\\\/\\\/jumeaux91.fr\\\/blog\\\/#\\\/schema\\\/logo\\\/image\\\/\"}},{\"@type\":\"Person\",\"@id\":\"https:\\\/\\\/jumeaux91.fr\\\/blog\\\/#\\\/schema\\\/person\\\/21da06e9f119b9f64e5d45dbbd32d3fb\",\"name\":\"Claude DAYRES\",\"image\":{\"@type\":\"ImageObject\",\"inLanguage\":\"fr-FR\",\"@id\":\"https:\\\/\\\/secure.gravatar.com\\\/avatar\\\/82eb951df6110a2c48d1bfa7a67d1ee6f0cd5df3cbf9c3586dd61e82db7172a5?s=96&d=mm&r=g\",\"url\":\"https:\\\/\\\/secure.gravatar.com\\\/avatar\\\/82eb951df6110a2c48d1bfa7a67d1ee6f0cd5df3cbf9c3586dd61e82db7172a5?s=96&d=mm&r=g\",\"contentUrl\":\"https:\\\/\\\/secure.gravatar.com\\\/avatar\\\/82eb951df6110a2c48d1bfa7a67d1ee6f0cd5df3cbf9c3586dd61e82db7172a5?s=96&d=mm&r=g\",\"caption\":\"Claude DAYRES\"},\"url\":\"https:\\\/\\\/jumeaux91.fr\\\/blog\\\/author\\\/x91claude\\\/\"}]}<\/script>\n<!-- \/ Yoast SEO plugin. -->","yoast_head_json":{"title":"Arbre plant\u00e9 en hommage \u00e0 Ilan Halimi abattu : deux fr\u00e8res jumeaux interpell\u00e9s et jug\u00e9s pour \"violation de monument\" - JUMEAUX91","robots":{"index":"index","follow":"follow","max-snippet":"max-snippet:-1","max-image-preview":"max-image-preview:large","max-video-preview":"max-video-preview:-1"},"canonical":"https:\/\/jumeaux91.fr\/blog\/arbre-plante-en-hommage-a-ilan-halimi-abattu-deux-freres-jumeaux-interpelles-et-juges-pour-violation-de-monument\/","og_locale":"fr_FR","og_type":"article","og_title":"Arbre plant\u00e9 en hommage \u00e0 Ilan Halimi abattu : deux fr\u00e8res jumeaux interpell\u00e9s et jug\u00e9s pour \"violation de monument\" - JUMEAUX91","og_description":"Deux fr\u00e8res jumeaux doivent \u00eatre jug\u00e9s en comparution imm\u00e9diate suspect\u00e9s d\u2019avoir abattu un arbre plant\u00e9 en hommage \u00e0 Ilan Halimi \u00e0 \u00c9pinay-sur-Seine, Ce geste a suscit\u00e9 une vive condamnation politique. Deux hommes ont \u00e9t\u00e9 interpell\u00e9s, accus\u00e9s d\u2019avoir abattu le 15&nbsp;ao\u00fbt \u00e0 Epinay-sur-Seine, au nord de Paris, un olivier plant\u00e9 en m\u00e9moire d\u2019Ilan Halimi, jeune juif&hellip; Poursuivre la lecture Arbre plant\u00e9 en hommage \u00e0 Ilan Halimi abattu : deux fr\u00e8res jumeaux interpell\u00e9s et jug\u00e9s pour \u00ab\u00a0violation de monument\u00a0\u00bb","og_url":"https:\/\/jumeaux91.fr\/blog\/arbre-plante-en-hommage-a-ilan-halimi-abattu-deux-freres-jumeaux-interpelles-et-juges-pour-violation-de-monument\/","og_site_name":"JUMEAUX91","article_published_time":"2025-08-27T22:35:00+00:00","og_image":[{"url":"https:\/\/jumeaux91.fr\/blog\/wp-content\/uploads\/2025\/08\/arbre-plante-en-hommage-a-ilan-halimi-abattu-deux-freres-jumeaux-interpelles-et-juges-pour-violation-de-monument.jpg","type":"","width":"","height":""}],"author":"Claude DAYRES","twitter_card":"summary_large_image","twitter_misc":{"\u00c9crit par":"Claude DAYRES","Dur\u00e9e de lecture estim\u00e9e":"3 minutes"},"schema":{"@context":"https:\/\/schema.org","@graph":[{"@type":"Article","@id":"https:\/\/jumeaux91.fr\/blog\/arbre-plante-en-hommage-a-ilan-halimi-abattu-deux-freres-jumeaux-interpelles-et-juges-pour-violation-de-monument\/#article","isPartOf":{"@id":"https:\/\/jumeaux91.fr\/blog\/arbre-plante-en-hommage-a-ilan-halimi-abattu-deux-freres-jumeaux-interpelles-et-juges-pour-violation-de-monument\/"},"author":{"name":"Claude DAYRES","@id":"https:\/\/jumeaux91.fr\/blog\/#\/schema\/person\/21da06e9f119b9f64e5d45dbbd32d3fb"},"headline":"Arbre plant\u00e9 en hommage \u00e0 Ilan Halimi abattu : deux fr\u00e8res jumeaux interpell\u00e9s et jug\u00e9s pour \u00ab\u00a0violation de monument\u00a0\u00bb","datePublished":"2025-08-27T22:35:00+00:00","mainEntityOfPage":{"@id":"https:\/\/jumeaux91.fr\/blog\/arbre-plante-en-hommage-a-ilan-halimi-abattu-deux-freres-jumeaux-interpelles-et-juges-pour-violation-de-monument\/"},"wordCount":676,"publisher":{"@id":"https:\/\/jumeaux91.fr\/blog\/#organization"},"image":{"@id":"https:\/\/jumeaux91.fr\/blog\/arbre-plante-en-hommage-a-ilan-halimi-abattu-deux-freres-jumeaux-interpelles-et-juges-pour-violation-de-monument\/#primaryimage"},"thumbnailUrl":"https:\/\/jumeaux91.fr\/blog\/wp-content\/uploads\/2025\/08\/arbre-plante-en-hommage-a-ilan-halimi-abattu-deux-freres-jumeaux-interpelles-et-juges-pour-violation-de-monument.jpg","articleSection":["Posts Fr\u00e8res Jumeaux De L'Essonnes:"],"inLanguage":"fr-FR"},{"@type":"WebPage","@id":"https:\/\/jumeaux91.fr\/blog\/arbre-plante-en-hommage-a-ilan-halimi-abattu-deux-freres-jumeaux-interpelles-et-juges-pour-violation-de-monument\/","url":"https:\/\/jumeaux91.fr\/blog\/arbre-plante-en-hommage-a-ilan-halimi-abattu-deux-freres-jumeaux-interpelles-et-juges-pour-violation-de-monument\/","name":"Arbre plant\u00e9 en hommage \u00e0 Ilan Halimi abattu : deux fr\u00e8res jumeaux interpell\u00e9s et jug\u00e9s pour \"violation de monument\" - JUMEAUX91","isPartOf":{"@id":"https:\/\/jumeaux91.fr\/blog\/#website"},"primaryImageOfPage":{"@id":"https:\/\/jumeaux91.fr\/blog\/arbre-plante-en-hommage-a-ilan-halimi-abattu-deux-freres-jumeaux-interpelles-et-juges-pour-violation-de-monument\/#primaryimage"},"image":{"@id":"https:\/\/jumeaux91.fr\/blog\/arbre-plante-en-hommage-a-ilan-halimi-abattu-deux-freres-jumeaux-interpelles-et-juges-pour-violation-de-monument\/#primaryimage"},"thumbnailUrl":"https:\/\/jumeaux91.fr\/blog\/wp-content\/uploads\/2025\/08\/arbre-plante-en-hommage-a-ilan-halimi-abattu-deux-freres-jumeaux-interpelles-et-juges-pour-violation-de-monument.jpg","datePublished":"2025-08-27T22:35:00+00:00","breadcrumb":{"@id":"https:\/\/jumeaux91.fr\/blog\/arbre-plante-en-hommage-a-ilan-halimi-abattu-deux-freres-jumeaux-interpelles-et-juges-pour-violation-de-monument\/#breadcrumb"},"inLanguage":"fr-FR","potentialAction":[{"@type":"ReadAction","target":["https:\/\/jumeaux91.fr\/blog\/arbre-plante-en-hommage-a-ilan-halimi-abattu-deux-freres-jumeaux-interpelles-et-juges-pour-violation-de-monument\/"]}]},{"@type":"ImageObject","inLanguage":"fr-FR","@id":"https:\/\/jumeaux91.fr\/blog\/arbre-plante-en-hommage-a-ilan-halimi-abattu-deux-freres-jumeaux-interpelles-et-juges-pour-violation-de-monument\/#primaryimage","url":"https:\/\/jumeaux91.fr\/blog\/wp-content\/uploads\/2025\/08\/arbre-plante-en-hommage-a-ilan-halimi-abattu-deux-freres-jumeaux-interpelles-et-juges-pour-violation-de-monument.jpg","contentUrl":"https:\/\/jumeaux91.fr\/blog\/wp-content\/uploads\/2025\/08\/arbre-plante-en-hommage-a-ilan-halimi-abattu-deux-freres-jumeaux-interpelles-et-juges-pour-violation-de-monument.jpg","width":885,"height":500,"caption":"Arbre plant\u00e9 en hommage \u00e0 Ilan Halimi abattu : deux fr\u00e8res jumeaux interpell\u00e9s et jug\u00e9s pour \"violation de monument\""},{"@type":"BreadcrumbList","@id":"https:\/\/jumeaux91.fr\/blog\/arbre-plante-en-hommage-a-ilan-halimi-abattu-deux-freres-jumeaux-interpelles-et-juges-pour-violation-de-monument\/#breadcrumb","itemListElement":[{"@type":"ListItem","position":1,"name":"Accueil","item":"https:\/\/jumeaux91.fr\/blog\/"},{"@type":"ListItem","position":2,"name":"Arbre plant\u00e9 en hommage \u00e0 Ilan Halimi abattu : deux fr\u00e8res jumeaux interpell\u00e9s et jug\u00e9s pour \u00ab\u00a0violation de monument\u00a0\u00bb"}]},{"@type":"WebSite","@id":"https:\/\/jumeaux91.fr\/blog\/#website","url":"https:\/\/jumeaux91.fr\/blog\/","name":"JUMEAUX91","description":"Fr\u00e8res jumeaux de l&#039;Essonnes; informations et archives, \u00e0 savoir et retenir.","publisher":{"@id":"https:\/\/jumeaux91.fr\/blog\/#organization"},"potentialAction":[{"@type":"SearchAction","target":{"@type":"EntryPoint","urlTemplate":"https:\/\/jumeaux91.fr\/blog\/?s={search_term_string}"},"query-input":{"@type":"PropertyValueSpecification","valueRequired":true,"valueName":"search_term_string"}}],"inLanguage":"fr-FR"},{"@type":"Organization","@id":"https:\/\/jumeaux91.fr\/blog\/#organization","name":"jumeaux91","url":"https:\/\/jumeaux91.fr\/blog\/","logo":{"@type":"ImageObject","inLanguage":"fr-FR","@id":"https:\/\/jumeaux91.fr\/blog\/#\/schema\/logo\/image\/","url":"https:\/\/jumeaux91.fr\/blog\/wp-content\/uploads\/2023\/05\/cropped-cropped-logoJ_91.png","contentUrl":"https:\/\/jumeaux91.fr\/blog\/wp-content\/uploads\/2023\/05\/cropped-cropped-logoJ_91.png","width":512,"height":512,"caption":"jumeaux91"},"image":{"@id":"https:\/\/jumeaux91.fr\/blog\/#\/schema\/logo\/image\/"}},{"@type":"Person","@id":"https:\/\/jumeaux91.fr\/blog\/#\/schema\/person\/21da06e9f119b9f64e5d45dbbd32d3fb","name":"Claude DAYRES","image":{"@type":"ImageObject","inLanguage":"fr-FR","@id":"https:\/\/secure.gravatar.com\/avatar\/82eb951df6110a2c48d1bfa7a67d1ee6f0cd5df3cbf9c3586dd61e82db7172a5?s=96&d=mm&r=g","url":"https:\/\/secure.gravatar.com\/avatar\/82eb951df6110a2c48d1bfa7a67d1ee6f0cd5df3cbf9c3586dd61e82db7172a5?s=96&d=mm&r=g","contentUrl":"https:\/\/secure.gravatar.com\/avatar\/82eb951df6110a2c48d1bfa7a67d1ee6f0cd5df3cbf9c3586dd61e82db7172a5?s=96&d=mm&r=g","caption":"Claude DAYRES"},"url":"https:\/\/jumeaux91.fr\/blog\/author\/x91claude\/"}]}},"_links":{"self":[{"href":"https:\/\/jumeaux91.fr\/blog\/wp-json\/wp\/v2\/posts\/1612","targetHints":{"allow":["GET"]}}],"collection":[{"href":"https:\/\/jumeaux91.fr\/blog\/wp-json\/wp\/v2\/posts"}],"about":[{"href":"https:\/\/jumeaux91.fr\/blog\/wp-json\/wp\/v2\/types\/post"}],"author":[{"embeddable":true,"href":"https:\/\/jumeaux91.fr\/blog\/wp-json\/wp\/v2\/users\/2"}],"replies":[{"embeddable":true,"href":"https:\/\/jumeaux91.fr\/blog\/wp-json\/wp\/v2\/comments?post=1612"}],"version-history":[{"count":0,"href":"https:\/\/jumeaux91.fr\/blog\/wp-json\/wp\/v2\/posts\/1612\/revisions"}],"wp:featuredmedia":[{"embeddable":true,"href":"https:\/\/jumeaux91.fr\/blog\/wp-json\/wp\/v2\/media\/1613"}],"wp:attachment":[{"href":"https:\/\/jumeaux91.fr\/blog\/wp-json\/wp\/v2\/media?parent=1612"}],"wp:term":[{"taxonomy":"category","embeddable":true,"href":"https:\/\/jumeaux91.fr\/blog\/wp-json\/wp\/v2\/categories?post=1612"},{"taxonomy":"post_tag","embeddable":true,"href":"https:\/\/jumeaux91.fr\/blog\/wp-json\/wp\/v2\/tags?post=1612"}],"curies":[{"name":"wp","href":"https:\/\/api.w.org\/{rel}","templated":true}]}}