{"id":1616,"date":"2025-08-27T12:08:00","date_gmt":"2025-08-27T10:08:00","guid":{"rendered":"https:\/\/jumeaux91.fr\/blog\/abattage-de-larbre-plante-en-souvenir-dilan-halimi-deux-suspects-interpelles-et-juges-en-comparution-immediate\/"},"modified":"2025-08-27T12:08:00","modified_gmt":"2025-08-27T10:08:00","slug":"abattage-de-larbre-plante-en-souvenir-dilan-halimi-deux-suspects-interpelles-et-juges-en-comparution-immediate","status":"publish","type":"post","link":"https:\/\/jumeaux91.fr\/blog\/abattage-de-larbre-plante-en-souvenir-dilan-halimi-deux-suspects-interpelles-et-juges-en-comparution-immediate\/","title":{"rendered":"Abattage de l\u2019arbre plant\u00e9 en souvenir d\u2019Ilan Halimi : deux suspects interpell\u00e9s et jug\u00e9s en comparution imm\u00e9diate"},"content":{"rendered":"<figure class=\"article__media\">  <img decoding=\"async\" src=\"https:\/\/jumeaux91.fr\/blog\/wp-content\/uploads\/2025\/08\/abattage-de-larbre-plante-en-souvenir-dilan-halimi-deux-suspects-interpelles-et-juges-en-comparution-immediate.jpg\" alt=\"Les restes de l\u2019arbre plant\u00e9 en hommage \u00e0 Ilan Halimi, \u00e0 Epinay-sur-Seine (Seine-Saint-Denis), le 15&nbsp;ao\u00fbt&nbsp;2025.\" width=\"664\" height=\"443\">   <img decoding=\"async\" src=\"https:\/\/jumeaux91.fr\/blog\/wp-content\/uploads\/2025\/08\/abattage-de-larbre-plante-en-souvenir-dilan-halimi-deux-suspects-interpelles-et-juges-en-comparution-immediate.jpg\" alt=\"Les restes de l\u2019arbre plant\u00e9 en hommage \u00e0 Ilan Halimi, \u00e0 Epinay-sur-Seine (Seine-Saint-Denis), le 15&nbsp;ao\u00fbt&nbsp;2025.\"><figcaption class=\"article__legend\" aria-hidden=\"true\">Les restes de l\u2019arbre plant\u00e9 en hommage \u00e0 Ilan Halimi, \u00e0 Epinay-sur-Seine (Seine-Saint-Denis), le 15&nbsp;ao\u00fbt&nbsp;2025. <span class=\"article__credit\" aria-hidden=\"true\">DIMITAR DILKOFF \/ AFP<\/span> <\/figcaption><\/figure>\n<p class=\"article__paragraph \">Deux hommes ont \u00e9t\u00e9 interpell\u00e9s, accus\u00e9s d\u2019avoir abattu le 15&nbsp;ao\u00fbt \u00e0 Epinay-sur-Seine (Seine-Saint-Denis) un olivier plant\u00e9 en m\u00e9moire d\u2019Ilan Halimi, jeune juif tortur\u00e9 \u00e0 mort en&nbsp;2006, a signal\u00e9 le parquet de Bobigny \u00e0 l\u2019Agence France-Presse (AFP) mercredi 27&nbsp;ao\u00fbt, confirmant <a href=\"https:\/\/www.parismatch.com\/actu\/faits-divers\/info-paris-match-profanation-de-lolivier-dilan-halimi-deux-suspects-interpelles-256170\" target=\"_blank\" rel=\"noopener nofollow\" title=\"Nouvelle fen\u00eatre\">une information de <em>Paris Match<\/em><\/a>. L\u2019olivier avait \u00e9t\u00e9 plant\u00e9 en&nbsp;2011 au jardin d\u2019Alcobendas de cette commune d\u2019un peu plus de 50&nbsp;000&nbsp;habitants, situ\u00e9e \u00e0 une dizaine de kilom\u00e8tres au nord de Paris.<\/p>\n<p class=\"article__paragraph \">Les suspects, des fr\u00e8res jumeaux, vont \u00eatre jug\u00e9s en comparution imm\u00e9diate pour destruction de bien aggrav\u00e9e et violation de monument d\u00e9di\u00e9 \u00e0 la m\u00e9moire des morts commises en raison de la race, l\u2019ethnie, la nation ou la religion, a pr\u00e9cis\u00e9 le minist\u00e8re public. <a href=\"https:\/\/www.lemonde.fr\/societe\/article\/2025\/08\/15\/une-enquete-a-ete-ouverte-apres-qu-un-olivier-rendant-hommage-a-ilan-halimi-a-ete-abattu-a-epinay-sur-seine_6629542_3225.html\" target=\"_blank\" rel=\"nofollow\">L\u2019abattage de l\u2019arbre en pleine nuit<\/a> avait suscit\u00e9 une indignation unanime chez les responsables politiques.<\/p>\n<p class=\"article__paragraph \"><em>\u00ab&nbsp;Abattre l\u2019arbre rendant hommage \u00e0 Ilan Halimi, c\u2019est chercher \u00e0 le tuer une deuxi\u00e8me fois. Il n\u2019en sera rien&nbsp;: la Nation n\u2019oubliera pas cet enfant de France mort parce que Juif. Tous les moyens sont d\u00e9ploy\u00e9s pour punir cet acte de haine&nbsp;\u00bb<\/em>, avait \u00e9crit sur X le pr\u00e9sident, Emmanuel Macron, le jour o\u00f9 les restes de l\u2019arbre ont \u00e9t\u00e9 retrouv\u00e9s par des agents territoriaux.<\/p>\n<h2 class=\"article__sub-title\">\u00ab&nbsp;Nouvel arbre dans les meilleurs d\u00e9lais&nbsp;\u00bb<\/h2>\n<p class=\"article__paragraph \">Citoyen fran\u00e7ais de confession juive, Ilan Halimi, 23&nbsp;ans, avait \u00e9t\u00e9 s\u00e9questr\u00e9 et tortur\u00e9 en janvier&nbsp;2006 \u00e0 Bagneux (Hauts-de-Seine) par un groupe d\u2019une vingtaine de personnes qui se faisait appeler le \u00ab&nbsp;gang des barbares&nbsp;\u00bb, sous la direction de Youssouf Fofana. D\u00e9couvert nu, b\u00e2illonn\u00e9, menott\u00e9 et portant des traces de torture et de br\u00fblure \u00e0 Sainte-Genevi\u00e8ve-des-Bois, dans l\u2019Essonne, le jeune homme \u00e9tait mort pendant son transfert \u00e0 l\u2019h\u00f4pital.<\/p>\n<p class=\"article__paragraph \">Mathieu Hanotin, pr\u00e9sident de l\u2019\u00e9tablissement public territorial Plaine Commune, auquel appartient Epinay-sur-Seine, a condamn\u00e9 apr\u00e8s l\u2019abattage de l\u2019olivier <em>\u00ab&nbsp;un acte de vandalisme portant atteinte \u00e0 la m\u00e9moire collective de ce meurtre antis\u00e9mite&nbsp;\u00bb<\/em>. Il s\u2019est engag\u00e9 dans un communiqu\u00e9 <em>\u00ab&nbsp;\u00e0 ce qu\u2019un nouvel arbre comm\u00e9moratif soit replant\u00e9 dans les meilleurs d\u00e9lais&nbsp;\u00bb<\/em>.<\/p>\n<p class=\"article__paragraph \">Deux autres arbres plant\u00e9s en hommage \u00e0 Ilan Halimi, dont l\u2019un portait sa photo, avaient \u00e9t\u00e9 sci\u00e9s en&nbsp;2019 \u00e0 Sainte-Genevi\u00e8ve-des-Bois, o\u00f9 il avait \u00e9t\u00e9 retrouv\u00e9 agonisant au bord d\u2019une voie ferr\u00e9e. D\u2019autres arbres avaient \u00e9t\u00e9 replant\u00e9s.<\/p>\n<section class=\"author\">\n<p class=\"author__detail\"> <span class=\"author__name\">Le Monde avec AFP<\/span> <\/p>\n<\/section>\n<section class=\"article__reactions\"> <a href=\"https:\/\/www.lemonde.fr\/syndication\/\" class=\"reuse__content\" title=\"R\u00e9utiliser ce contenu\" target=\"_blank\" rel=\"nofollow\">R\u00e9utiliser ce contenu<\/a> <\/section>\n<p> La chronique se veut g\u00e9n\u00e9r\u00e9e de la fa\u00e7on la plus claire que possible. Dans le cas o\u00f9 vous souhaitez pr\u00e9senter des renseignements compl\u00e9mentaires \u00e0 cet article sur le sujet \u00ab\u00a0Fr\u00e8res jumeaux de l&rsquo;Essonnes\u00a0\u00bb il vous est possible d\u2019\u00e9crire aux contacts indiqu\u00e9s sur notre website. La raison d\u2019\u00eatre de jumeaux91.fr \u00e9tant de rassembler sur le web des posts sur le sujet de Fr\u00e8res jumeaux de l&rsquo;Essonnes puis les diffuser en r\u00e9pondant au mieux aux interrogations des gens. Vous pouvez tirer profit de cet article traitant le sujet \u00ab\u00a0Fr\u00e8res jumeaux de l&rsquo;Essonnes\u00a0\u00bb. Il est concoct\u00e9 par l\u2019\u00e9quipe jumeaux91.fr. Prochainement, nous rendrons accessibles au public d&rsquo;autres informations pertinentes sur le sujet \u00ab\u00a0Fr\u00e8res jumeaux de l&rsquo;Essonnes\u00a0\u00bb. Alors, consultez syst\u00e9matiquement notre blog.<\/p>\n","protected":false},"excerpt":{"rendered":"<p>Les restes de l\u2019arbre plant\u00e9 en hommage \u00e0 Ilan Halimi, \u00e0 Epinay-sur-Seine (Seine-Saint-Denis), le 15&nbsp;ao\u00fbt&nbsp;2025. DIMITAR DILKOFF \/ AFP Deux hommes ont \u00e9t\u00e9 interpell\u00e9s, accus\u00e9s d\u2019avoir abattu le 15&nbsp;ao\u00fbt \u00e0 Epinay-sur-Seine (Seine-Saint-Denis) un olivier plant\u00e9 en m\u00e9moire d\u2019Ilan Halimi, jeune juif tortur\u00e9 \u00e0 mort en&nbsp;2006, a signal\u00e9 le parquet de Bobigny \u00e0 l\u2019Agence France-Presse (AFP)&hellip; <a class=\"more-link\" href=\"https:\/\/jumeaux91.fr\/blog\/abattage-de-larbre-plante-en-souvenir-dilan-halimi-deux-suspects-interpelles-et-juges-en-comparution-immediate\/\">Poursuivre la lecture <span class=\"screen-reader-text\">Abattage de l\u2019arbre plant\u00e9 en souvenir d\u2019Ilan Halimi : deux suspects interpell\u00e9s et jug\u00e9s en comparution imm\u00e9diate<\/span><\/a><\/p>\n","protected":false},"author":2,"featured_media":1617,"comment_status":"closed","ping_status":"closed","sticky":false,"template":"","format":"standard","meta":{"footnotes":""},"categories":[4],"tags":[],"class_list":["post-1616","post","type-post","status-publish","format-standard","has-post-thumbnail","hentry","category-posts-freres-jumeaux-de-lessonnes","entry"],"yoast_head":"<!-- This site is optimized with the Yoast SEO plugin v27.5 - https:\/\/yoast.com\/product\/yoast-seo-wordpress\/ -->\n<title>Abattage de l\u2019arbre plant\u00e9 en souvenir d\u2019Ilan Halimi : deux suspects interpell\u00e9s et jug\u00e9s en comparution imm\u00e9diate - JUMEAUX91<\/title>\n<meta name=\"robots\" content=\"index, follow, max-snippet:-1, max-image-preview:large, max-video-preview:-1\" \/>\n<link rel=\"canonical\" href=\"https:\/\/jumeaux91.fr\/blog\/abattage-de-larbre-plante-en-souvenir-dilan-halimi-deux-suspects-interpelles-et-juges-en-comparution-immediate\/\" \/>\n<meta property=\"og:locale\" content=\"fr_FR\" \/>\n<meta property=\"og:type\" content=\"article\" \/>\n<meta property=\"og:title\" content=\"Abattage de l\u2019arbre plant\u00e9 en souvenir d\u2019Ilan Halimi : deux suspects interpell\u00e9s et jug\u00e9s en comparution imm\u00e9diate - JUMEAUX91\" \/>\n<meta property=\"og:description\" content=\"Les restes de l\u2019arbre plant\u00e9 en hommage \u00e0 Ilan Halimi, \u00e0 Epinay-sur-Seine (Seine-Saint-Denis), le 15&nbsp;ao\u00fbt&nbsp;2025. DIMITAR DILKOFF \/ AFP Deux hommes ont \u00e9t\u00e9 interpell\u00e9s, accus\u00e9s d\u2019avoir abattu le 15&nbsp;ao\u00fbt \u00e0 Epinay-sur-Seine (Seine-Saint-Denis) un olivier plant\u00e9 en m\u00e9moire d\u2019Ilan Halimi, jeune juif tortur\u00e9 \u00e0 mort en&nbsp;2006, a signal\u00e9 le parquet de Bobigny \u00e0 l\u2019Agence France-Presse (AFP)&hellip; Poursuivre la lecture Abattage de l\u2019arbre plant\u00e9 en souvenir d\u2019Ilan Halimi : deux suspects interpell\u00e9s et jug\u00e9s en comparution imm\u00e9diate\" \/>\n<meta property=\"og:url\" content=\"https:\/\/jumeaux91.fr\/blog\/abattage-de-larbre-plante-en-souvenir-dilan-halimi-deux-suspects-interpelles-et-juges-en-comparution-immediate\/\" \/>\n<meta property=\"og:site_name\" content=\"JUMEAUX91\" \/>\n<meta property=\"article:published_time\" content=\"2025-08-27T10:08:00+00:00\" \/>\n<meta property=\"og:image\" content=\"https:\/\/jumeaux91.fr\/blog\/wp-content\/uploads\/2025\/08\/abattage-de-larbre-plante-en-souvenir-dilan-halimi-deux-suspects-interpelles-et-juges-en-comparution-immediate.jpg\" \/>\n<meta name=\"author\" content=\"Claude DAYRES\" \/>\n<meta name=\"twitter:card\" content=\"summary_large_image\" \/>\n<meta name=\"twitter:label1\" content=\"\u00c9crit par\" \/>\n\t<meta name=\"twitter:data1\" content=\"Claude DAYRES\" \/>\n\t<meta name=\"twitter:label2\" content=\"Dur\u00e9e de lecture estim\u00e9e\" \/>\n\t<meta name=\"twitter:data2\" content=\"3 minutes\" \/>\n<script type=\"application\/ld+json\" class=\"yoast-schema-graph\">{\"@context\":\"https:\\\/\\\/schema.org\",\"@graph\":[{\"@type\":\"Article\",\"@id\":\"https:\\\/\\\/jumeaux91.fr\\\/blog\\\/abattage-de-larbre-plante-en-souvenir-dilan-halimi-deux-suspects-interpelles-et-juges-en-comparution-immediate\\\/#article\",\"isPartOf\":{\"@id\":\"https:\\\/\\\/jumeaux91.fr\\\/blog\\\/abattage-de-larbre-plante-en-souvenir-dilan-halimi-deux-suspects-interpelles-et-juges-en-comparution-immediate\\\/\"},\"author\":{\"name\":\"Claude DAYRES\",\"@id\":\"https:\\\/\\\/jumeaux91.fr\\\/blog\\\/#\\\/schema\\\/person\\\/21da06e9f119b9f64e5d45dbbd32d3fb\"},\"headline\":\"Abattage de l\u2019arbre plant\u00e9 en souvenir d\u2019Ilan Halimi : deux suspects interpell\u00e9s et jug\u00e9s en comparution imm\u00e9diate\",\"datePublished\":\"2025-08-27T10:08:00+00:00\",\"mainEntityOfPage\":{\"@id\":\"https:\\\/\\\/jumeaux91.fr\\\/blog\\\/abattage-de-larbre-plante-en-souvenir-dilan-halimi-deux-suspects-interpelles-et-juges-en-comparution-immediate\\\/\"},\"wordCount\":608,\"publisher\":{\"@id\":\"https:\\\/\\\/jumeaux91.fr\\\/blog\\\/#organization\"},\"image\":{\"@id\":\"https:\\\/\\\/jumeaux91.fr\\\/blog\\\/abattage-de-larbre-plante-en-souvenir-dilan-halimi-deux-suspects-interpelles-et-juges-en-comparution-immediate\\\/#primaryimage\"},\"thumbnailUrl\":\"https:\\\/\\\/jumeaux91.fr\\\/blog\\\/wp-content\\\/uploads\\\/2025\\\/08\\\/abattage-de-larbre-plante-en-souvenir-dilan-halimi-deux-suspects-interpelles-et-juges-en-comparution-immediate.jpg\",\"articleSection\":[\"Posts Fr\u00e8res Jumeaux De L'Essonnes:\"],\"inLanguage\":\"fr-FR\"},{\"@type\":\"WebPage\",\"@id\":\"https:\\\/\\\/jumeaux91.fr\\\/blog\\\/abattage-de-larbre-plante-en-souvenir-dilan-halimi-deux-suspects-interpelles-et-juges-en-comparution-immediate\\\/\",\"url\":\"https:\\\/\\\/jumeaux91.fr\\\/blog\\\/abattage-de-larbre-plante-en-souvenir-dilan-halimi-deux-suspects-interpelles-et-juges-en-comparution-immediate\\\/\",\"name\":\"Abattage de l\u2019arbre plant\u00e9 en souvenir d\u2019Ilan Halimi : deux suspects interpell\u00e9s et jug\u00e9s en comparution imm\u00e9diate - JUMEAUX91\",\"isPartOf\":{\"@id\":\"https:\\\/\\\/jumeaux91.fr\\\/blog\\\/#website\"},\"primaryImageOfPage\":{\"@id\":\"https:\\\/\\\/jumeaux91.fr\\\/blog\\\/abattage-de-larbre-plante-en-souvenir-dilan-halimi-deux-suspects-interpelles-et-juges-en-comparution-immediate\\\/#primaryimage\"},\"image\":{\"@id\":\"https:\\\/\\\/jumeaux91.fr\\\/blog\\\/abattage-de-larbre-plante-en-souvenir-dilan-halimi-deux-suspects-interpelles-et-juges-en-comparution-immediate\\\/#primaryimage\"},\"thumbnailUrl\":\"https:\\\/\\\/jumeaux91.fr\\\/blog\\\/wp-content\\\/uploads\\\/2025\\\/08\\\/abattage-de-larbre-plante-en-souvenir-dilan-halimi-deux-suspects-interpelles-et-juges-en-comparution-immediate.jpg\",\"datePublished\":\"2025-08-27T10:08:00+00:00\",\"breadcrumb\":{\"@id\":\"https:\\\/\\\/jumeaux91.fr\\\/blog\\\/abattage-de-larbre-plante-en-souvenir-dilan-halimi-deux-suspects-interpelles-et-juges-en-comparution-immediate\\\/#breadcrumb\"},\"inLanguage\":\"fr-FR\",\"potentialAction\":[{\"@type\":\"ReadAction\",\"target\":[\"https:\\\/\\\/jumeaux91.fr\\\/blog\\\/abattage-de-larbre-plante-en-souvenir-dilan-halimi-deux-suspects-interpelles-et-juges-en-comparution-immediate\\\/\"]}]},{\"@type\":\"ImageObject\",\"inLanguage\":\"fr-FR\",\"@id\":\"https:\\\/\\\/jumeaux91.fr\\\/blog\\\/abattage-de-larbre-plante-en-souvenir-dilan-halimi-deux-suspects-interpelles-et-juges-en-comparution-immediate\\\/#primaryimage\",\"url\":\"https:\\\/\\\/jumeaux91.fr\\\/blog\\\/wp-content\\\/uploads\\\/2025\\\/08\\\/abattage-de-larbre-plante-en-souvenir-dilan-halimi-deux-suspects-interpelles-et-juges-en-comparution-immediate.jpg\",\"contentUrl\":\"https:\\\/\\\/jumeaux91.fr\\\/blog\\\/wp-content\\\/uploads\\\/2025\\\/08\\\/abattage-de-larbre-plante-en-souvenir-dilan-halimi-deux-suspects-interpelles-et-juges-en-comparution-immediate.jpg\",\"width\":664,\"height\":443,\"caption\":\"Abattage de l\u2019arbre plant\u00e9 en souvenir d\u2019Ilan Halimi : deux suspects interpell\u00e9s et jug\u00e9s en comparution imm\u00e9diate\"},{\"@type\":\"BreadcrumbList\",\"@id\":\"https:\\\/\\\/jumeaux91.fr\\\/blog\\\/abattage-de-larbre-plante-en-souvenir-dilan-halimi-deux-suspects-interpelles-et-juges-en-comparution-immediate\\\/#breadcrumb\",\"itemListElement\":[{\"@type\":\"ListItem\",\"position\":1,\"name\":\"Accueil\",\"item\":\"https:\\\/\\\/jumeaux91.fr\\\/blog\\\/\"},{\"@type\":\"ListItem\",\"position\":2,\"name\":\"Abattage de l\u2019arbre plant\u00e9 en souvenir d\u2019Ilan Halimi : deux suspects interpell\u00e9s et jug\u00e9s en comparution imm\u00e9diate\"}]},{\"@type\":\"WebSite\",\"@id\":\"https:\\\/\\\/jumeaux91.fr\\\/blog\\\/#website\",\"url\":\"https:\\\/\\\/jumeaux91.fr\\\/blog\\\/\",\"name\":\"JUMEAUX91\",\"description\":\"Fr\u00e8res jumeaux de l&#039;Essonnes; informations et archives, \u00e0 savoir et retenir.\",\"publisher\":{\"@id\":\"https:\\\/\\\/jumeaux91.fr\\\/blog\\\/#organization\"},\"potentialAction\":[{\"@type\":\"SearchAction\",\"target\":{\"@type\":\"EntryPoint\",\"urlTemplate\":\"https:\\\/\\\/jumeaux91.fr\\\/blog\\\/?s={search_term_string}\"},\"query-input\":{\"@type\":\"PropertyValueSpecification\",\"valueRequired\":true,\"valueName\":\"search_term_string\"}}],\"inLanguage\":\"fr-FR\"},{\"@type\":\"Organization\",\"@id\":\"https:\\\/\\\/jumeaux91.fr\\\/blog\\\/#organization\",\"name\":\"jumeaux91\",\"url\":\"https:\\\/\\\/jumeaux91.fr\\\/blog\\\/\",\"logo\":{\"@type\":\"ImageObject\",\"inLanguage\":\"fr-FR\",\"@id\":\"https:\\\/\\\/jumeaux91.fr\\\/blog\\\/#\\\/schema\\\/logo\\\/image\\\/\",\"url\":\"https:\\\/\\\/jumeaux91.fr\\\/blog\\\/wp-content\\\/uploads\\\/2023\\\/05\\\/cropped-cropped-logoJ_91.png\",\"contentUrl\":\"https:\\\/\\\/jumeaux91.fr\\\/blog\\\/wp-content\\\/uploads\\\/2023\\\/05\\\/cropped-cropped-logoJ_91.png\",\"width\":512,\"height\":512,\"caption\":\"jumeaux91\"},\"image\":{\"@id\":\"https:\\\/\\\/jumeaux91.fr\\\/blog\\\/#\\\/schema\\\/logo\\\/image\\\/\"}},{\"@type\":\"Person\",\"@id\":\"https:\\\/\\\/jumeaux91.fr\\\/blog\\\/#\\\/schema\\\/person\\\/21da06e9f119b9f64e5d45dbbd32d3fb\",\"name\":\"Claude DAYRES\",\"image\":{\"@type\":\"ImageObject\",\"inLanguage\":\"fr-FR\",\"@id\":\"https:\\\/\\\/secure.gravatar.com\\\/avatar\\\/82eb951df6110a2c48d1bfa7a67d1ee6f0cd5df3cbf9c3586dd61e82db7172a5?s=96&d=mm&r=g\",\"url\":\"https:\\\/\\\/secure.gravatar.com\\\/avatar\\\/82eb951df6110a2c48d1bfa7a67d1ee6f0cd5df3cbf9c3586dd61e82db7172a5?s=96&d=mm&r=g\",\"contentUrl\":\"https:\\\/\\\/secure.gravatar.com\\\/avatar\\\/82eb951df6110a2c48d1bfa7a67d1ee6f0cd5df3cbf9c3586dd61e82db7172a5?s=96&d=mm&r=g\",\"caption\":\"Claude DAYRES\"},\"url\":\"https:\\\/\\\/jumeaux91.fr\\\/blog\\\/author\\\/x91claude\\\/\"}]}<\/script>\n<!-- \/ Yoast SEO plugin. -->","yoast_head_json":{"title":"Abattage de l\u2019arbre plant\u00e9 en souvenir d\u2019Ilan Halimi : deux suspects interpell\u00e9s et jug\u00e9s en comparution imm\u00e9diate - JUMEAUX91","robots":{"index":"index","follow":"follow","max-snippet":"max-snippet:-1","max-image-preview":"max-image-preview:large","max-video-preview":"max-video-preview:-1"},"canonical":"https:\/\/jumeaux91.fr\/blog\/abattage-de-larbre-plante-en-souvenir-dilan-halimi-deux-suspects-interpelles-et-juges-en-comparution-immediate\/","og_locale":"fr_FR","og_type":"article","og_title":"Abattage de l\u2019arbre plant\u00e9 en souvenir d\u2019Ilan Halimi : deux suspects interpell\u00e9s et jug\u00e9s en comparution imm\u00e9diate - JUMEAUX91","og_description":"Les restes de l\u2019arbre plant\u00e9 en hommage \u00e0 Ilan Halimi, \u00e0 Epinay-sur-Seine (Seine-Saint-Denis), le 15&nbsp;ao\u00fbt&nbsp;2025. DIMITAR DILKOFF \/ AFP Deux hommes ont \u00e9t\u00e9 interpell\u00e9s, accus\u00e9s d\u2019avoir abattu le 15&nbsp;ao\u00fbt \u00e0 Epinay-sur-Seine (Seine-Saint-Denis) un olivier plant\u00e9 en m\u00e9moire d\u2019Ilan Halimi, jeune juif tortur\u00e9 \u00e0 mort en&nbsp;2006, a signal\u00e9 le parquet de Bobigny \u00e0 l\u2019Agence France-Presse (AFP)&hellip; Poursuivre la lecture Abattage de l\u2019arbre plant\u00e9 en souvenir d\u2019Ilan Halimi : deux suspects interpell\u00e9s et jug\u00e9s en comparution imm\u00e9diate","og_url":"https:\/\/jumeaux91.fr\/blog\/abattage-de-larbre-plante-en-souvenir-dilan-halimi-deux-suspects-interpelles-et-juges-en-comparution-immediate\/","og_site_name":"JUMEAUX91","article_published_time":"2025-08-27T10:08:00+00:00","og_image":[{"url":"https:\/\/jumeaux91.fr\/blog\/wp-content\/uploads\/2025\/08\/abattage-de-larbre-plante-en-souvenir-dilan-halimi-deux-suspects-interpelles-et-juges-en-comparution-immediate.jpg","type":"","width":"","height":""}],"author":"Claude DAYRES","twitter_card":"summary_large_image","twitter_misc":{"\u00c9crit par":"Claude DAYRES","Dur\u00e9e de lecture estim\u00e9e":"3 minutes"},"schema":{"@context":"https:\/\/schema.org","@graph":[{"@type":"Article","@id":"https:\/\/jumeaux91.fr\/blog\/abattage-de-larbre-plante-en-souvenir-dilan-halimi-deux-suspects-interpelles-et-juges-en-comparution-immediate\/#article","isPartOf":{"@id":"https:\/\/jumeaux91.fr\/blog\/abattage-de-larbre-plante-en-souvenir-dilan-halimi-deux-suspects-interpelles-et-juges-en-comparution-immediate\/"},"author":{"name":"Claude DAYRES","@id":"https:\/\/jumeaux91.fr\/blog\/#\/schema\/person\/21da06e9f119b9f64e5d45dbbd32d3fb"},"headline":"Abattage de l\u2019arbre plant\u00e9 en souvenir d\u2019Ilan Halimi : deux suspects interpell\u00e9s et jug\u00e9s en comparution imm\u00e9diate","datePublished":"2025-08-27T10:08:00+00:00","mainEntityOfPage":{"@id":"https:\/\/jumeaux91.fr\/blog\/abattage-de-larbre-plante-en-souvenir-dilan-halimi-deux-suspects-interpelles-et-juges-en-comparution-immediate\/"},"wordCount":608,"publisher":{"@id":"https:\/\/jumeaux91.fr\/blog\/#organization"},"image":{"@id":"https:\/\/jumeaux91.fr\/blog\/abattage-de-larbre-plante-en-souvenir-dilan-halimi-deux-suspects-interpelles-et-juges-en-comparution-immediate\/#primaryimage"},"thumbnailUrl":"https:\/\/jumeaux91.fr\/blog\/wp-content\/uploads\/2025\/08\/abattage-de-larbre-plante-en-souvenir-dilan-halimi-deux-suspects-interpelles-et-juges-en-comparution-immediate.jpg","articleSection":["Posts Fr\u00e8res Jumeaux De L'Essonnes:"],"inLanguage":"fr-FR"},{"@type":"WebPage","@id":"https:\/\/jumeaux91.fr\/blog\/abattage-de-larbre-plante-en-souvenir-dilan-halimi-deux-suspects-interpelles-et-juges-en-comparution-immediate\/","url":"https:\/\/jumeaux91.fr\/blog\/abattage-de-larbre-plante-en-souvenir-dilan-halimi-deux-suspects-interpelles-et-juges-en-comparution-immediate\/","name":"Abattage de l\u2019arbre plant\u00e9 en souvenir d\u2019Ilan Halimi : deux suspects interpell\u00e9s et jug\u00e9s en comparution imm\u00e9diate - JUMEAUX91","isPartOf":{"@id":"https:\/\/jumeaux91.fr\/blog\/#website"},"primaryImageOfPage":{"@id":"https:\/\/jumeaux91.fr\/blog\/abattage-de-larbre-plante-en-souvenir-dilan-halimi-deux-suspects-interpelles-et-juges-en-comparution-immediate\/#primaryimage"},"image":{"@id":"https:\/\/jumeaux91.fr\/blog\/abattage-de-larbre-plante-en-souvenir-dilan-halimi-deux-suspects-interpelles-et-juges-en-comparution-immediate\/#primaryimage"},"thumbnailUrl":"https:\/\/jumeaux91.fr\/blog\/wp-content\/uploads\/2025\/08\/abattage-de-larbre-plante-en-souvenir-dilan-halimi-deux-suspects-interpelles-et-juges-en-comparution-immediate.jpg","datePublished":"2025-08-27T10:08:00+00:00","breadcrumb":{"@id":"https:\/\/jumeaux91.fr\/blog\/abattage-de-larbre-plante-en-souvenir-dilan-halimi-deux-suspects-interpelles-et-juges-en-comparution-immediate\/#breadcrumb"},"inLanguage":"fr-FR","potentialAction":[{"@type":"ReadAction","target":["https:\/\/jumeaux91.fr\/blog\/abattage-de-larbre-plante-en-souvenir-dilan-halimi-deux-suspects-interpelles-et-juges-en-comparution-immediate\/"]}]},{"@type":"ImageObject","inLanguage":"fr-FR","@id":"https:\/\/jumeaux91.fr\/blog\/abattage-de-larbre-plante-en-souvenir-dilan-halimi-deux-suspects-interpelles-et-juges-en-comparution-immediate\/#primaryimage","url":"https:\/\/jumeaux91.fr\/blog\/wp-content\/uploads\/2025\/08\/abattage-de-larbre-plante-en-souvenir-dilan-halimi-deux-suspects-interpelles-et-juges-en-comparution-immediate.jpg","contentUrl":"https:\/\/jumeaux91.fr\/blog\/wp-content\/uploads\/2025\/08\/abattage-de-larbre-plante-en-souvenir-dilan-halimi-deux-suspects-interpelles-et-juges-en-comparution-immediate.jpg","width":664,"height":443,"caption":"Abattage de l\u2019arbre plant\u00e9 en souvenir d\u2019Ilan Halimi : deux suspects interpell\u00e9s et jug\u00e9s en comparution imm\u00e9diate"},{"@type":"BreadcrumbList","@id":"https:\/\/jumeaux91.fr\/blog\/abattage-de-larbre-plante-en-souvenir-dilan-halimi-deux-suspects-interpelles-et-juges-en-comparution-immediate\/#breadcrumb","itemListElement":[{"@type":"ListItem","position":1,"name":"Accueil","item":"https:\/\/jumeaux91.fr\/blog\/"},{"@type":"ListItem","position":2,"name":"Abattage de l\u2019arbre plant\u00e9 en souvenir d\u2019Ilan Halimi : deux suspects interpell\u00e9s et jug\u00e9s en comparution imm\u00e9diate"}]},{"@type":"WebSite","@id":"https:\/\/jumeaux91.fr\/blog\/#website","url":"https:\/\/jumeaux91.fr\/blog\/","name":"JUMEAUX91","description":"Fr\u00e8res jumeaux de l&#039;Essonnes; informations et archives, \u00e0 savoir et retenir.","publisher":{"@id":"https:\/\/jumeaux91.fr\/blog\/#organization"},"potentialAction":[{"@type":"SearchAction","target":{"@type":"EntryPoint","urlTemplate":"https:\/\/jumeaux91.fr\/blog\/?s={search_term_string}"},"query-input":{"@type":"PropertyValueSpecification","valueRequired":true,"valueName":"search_term_string"}}],"inLanguage":"fr-FR"},{"@type":"Organization","@id":"https:\/\/jumeaux91.fr\/blog\/#organization","name":"jumeaux91","url":"https:\/\/jumeaux91.fr\/blog\/","logo":{"@type":"ImageObject","inLanguage":"fr-FR","@id":"https:\/\/jumeaux91.fr\/blog\/#\/schema\/logo\/image\/","url":"https:\/\/jumeaux91.fr\/blog\/wp-content\/uploads\/2023\/05\/cropped-cropped-logoJ_91.png","contentUrl":"https:\/\/jumeaux91.fr\/blog\/wp-content\/uploads\/2023\/05\/cropped-cropped-logoJ_91.png","width":512,"height":512,"caption":"jumeaux91"},"image":{"@id":"https:\/\/jumeaux91.fr\/blog\/#\/schema\/logo\/image\/"}},{"@type":"Person","@id":"https:\/\/jumeaux91.fr\/blog\/#\/schema\/person\/21da06e9f119b9f64e5d45dbbd32d3fb","name":"Claude DAYRES","image":{"@type":"ImageObject","inLanguage":"fr-FR","@id":"https:\/\/secure.gravatar.com\/avatar\/82eb951df6110a2c48d1bfa7a67d1ee6f0cd5df3cbf9c3586dd61e82db7172a5?s=96&d=mm&r=g","url":"https:\/\/secure.gravatar.com\/avatar\/82eb951df6110a2c48d1bfa7a67d1ee6f0cd5df3cbf9c3586dd61e82db7172a5?s=96&d=mm&r=g","contentUrl":"https:\/\/secure.gravatar.com\/avatar\/82eb951df6110a2c48d1bfa7a67d1ee6f0cd5df3cbf9c3586dd61e82db7172a5?s=96&d=mm&r=g","caption":"Claude DAYRES"},"url":"https:\/\/jumeaux91.fr\/blog\/author\/x91claude\/"}]}},"_links":{"self":[{"href":"https:\/\/jumeaux91.fr\/blog\/wp-json\/wp\/v2\/posts\/1616","targetHints":{"allow":["GET"]}}],"collection":[{"href":"https:\/\/jumeaux91.fr\/blog\/wp-json\/wp\/v2\/posts"}],"about":[{"href":"https:\/\/jumeaux91.fr\/blog\/wp-json\/wp\/v2\/types\/post"}],"author":[{"embeddable":true,"href":"https:\/\/jumeaux91.fr\/blog\/wp-json\/wp\/v2\/users\/2"}],"replies":[{"embeddable":true,"href":"https:\/\/jumeaux91.fr\/blog\/wp-json\/wp\/v2\/comments?post=1616"}],"version-history":[{"count":0,"href":"https:\/\/jumeaux91.fr\/blog\/wp-json\/wp\/v2\/posts\/1616\/revisions"}],"wp:featuredmedia":[{"embeddable":true,"href":"https:\/\/jumeaux91.fr\/blog\/wp-json\/wp\/v2\/media\/1617"}],"wp:attachment":[{"href":"https:\/\/jumeaux91.fr\/blog\/wp-json\/wp\/v2\/media?parent=1616"}],"wp:term":[{"taxonomy":"category","embeddable":true,"href":"https:\/\/jumeaux91.fr\/blog\/wp-json\/wp\/v2\/categories?post=1616"},{"taxonomy":"post_tag","embeddable":true,"href":"https:\/\/jumeaux91.fr\/blog\/wp-json\/wp\/v2\/tags?post=1616"}],"curies":[{"name":"wp","href":"https:\/\/api.w.org\/{rel}","templated":true}]}}