{"id":1618,"date":"2025-08-27T23:42:00","date_gmt":"2025-08-27T21:42:00","guid":{"rendered":"https:\/\/jumeaux91.fr\/blog\/abattage-de-larbre-en-hommage-a-ilan-halimi-deux-suspects-arretes-et-juges-en-comparution-immediate\/"},"modified":"2025-08-27T23:42:00","modified_gmt":"2025-08-27T21:42:00","slug":"abattage-de-larbre-en-hommage-a-ilan-halimi-deux-suspects-arretes-et-juges-en-comparution-immediate","status":"publish","type":"post","link":"https:\/\/jumeaux91.fr\/blog\/abattage-de-larbre-en-hommage-a-ilan-halimi-deux-suspects-arretes-et-juges-en-comparution-immediate\/","title":{"rendered":"Abattage de l\u2019arbre en hommage \u00e0 Ilan Halimi : deux suspects arr\u00eat\u00e9s et jug\u00e9s en comparution imm\u00e9diate"},"content":{"rendered":"<p>En ce d\u00e9but d\u2019ann\u00e9e 2025, la sc\u00e8ne judiciaire fran\u00e7aise a \u00e9t\u00e9 secou\u00e9e par un acte de d\u00e9gradation profond\u00e9ment pol\u00e9mique : l\u2019abattage d\u2019un arbre embl\u00e9matique d\u00e9di\u00e9 \u00e0 la m\u00e9moire d\u2019Ilan Halimi. Depuis 2011, cette plaque v\u00e9g\u00e9tale symbolisait la m\u00e9moire de ce jeune homme victime d\u2019un acte antis\u00e9mite particuli\u00e8rement odieux en 2006. La nuit du 13 au 14 ao\u00fbt dernier, ce symbole de m\u00e9moire a \u00e9t\u00e9 d\u00e9truit \u00e0 la tron\u00e7onneuse, ravageant un hommage que la communaut\u00e9 juive et la soci\u00e9t\u00e9 fran\u00e7aise avaient su pr\u00e9server. La r\u00e9action n\u2019a pas tard\u00e9, avec l\u2019interpellation de deux fr\u00e8res jumeaux \u00e2g\u00e9s de 19 ans, d\u00e8s le lendemain, dans la r\u00e9gion de Seine-Saint-Denis. Leur arrestation, act\u00e9e gr\u00e2ce \u00e0 la prospection d\u2019ADN et \u00e0 l\u2019exploitation de leurs t\u00e9l\u00e9phones, marque un tournant dans la lutte contre les actes antis\u00e9mistes et la haine qui s\u2019enracine pourtant encore dans le pays.<\/p>\n<h2 class=\"wp-block-heading\">Pourquoi la justice se mobilise-t-elle face \u00e0 la d\u00e9gradation d\u2019un arbre en hommage \u00e0 Ilan Halimi ?<\/h2>\n<p>La destruction volontaire d\u2019un monument d\u00e9di\u00e9 \u00e0 la m\u00e9moire des victimes et la profanation d\u2019un symbole de l\u2019histoire collective sont consid\u00e9r\u00e9es comme des actes de haine aggrav\u00e9s, punis par la loi. La justice, d\u00e9sormais sous tension dans ce contexte de mont\u00e9e de l\u2019antisemitisme, a rapidement jug\u00e9 la situation comme une attaque contre l\u2019ensemble des valeurs r\u00e9publicaines. La comparution imm\u00e9diate des suspects traduit la volont\u00e9 de traiter rapidement ces d\u00e9lits, pour pr\u00e9venir toute r\u00e9cidive et affirmer que la haine n\u2019a pas sa place dans notre soci\u00e9t\u00e9.<\/p>\n<p>Les deux suspects, sans domicile fixe mais clairement identifi\u00e9s, sont inculp\u00e9s pour plusieurs motifs lourds tels que :<\/p>\n<ul class=\"wp-block-list\">\n<li>destruction d\u2019un bien d\u2019utilit\u00e9 publique,<\/li>\n<li>violation d\u2019un monument d\u00e9di\u00e9 \u00e0 la m\u00e9moire des morts, en raison de leur race, ethnie ou religion,<\/li>\n<li>refus de fournir des \u00e9l\u00e9ments de cryptologie lors de la proc\u00e9dure.<\/li>\n<\/ul>\n<p>Les actes antis\u00e9mistes ayant d\u00e9fray\u00e9 la chronique en 2025, avec une hausse notable des incidents depuis la reprise des hostilit\u00e9s au Moyen-Orient, renforcent la d\u00e9termination de la justice \u00e0 agir rapidement contre ceux qui cherchent \u00e0 effacer la m\u00e9moire collective. La plaidoirie pour une r\u00e9pression plus s\u00e9v\u00e8re s\u2019appuie aussi sur une augmentation alarmante de l\u2019<strong>antisemitisme<\/strong> dans tout le pays, avec +70% de faits recens\u00e9s en un an.<\/p>\n<h2 class=\"wp-block-heading\">L\u2019importance du symbole : un arbre en m\u00e9moire d\u2019Ilan Halimi face \u00e0 la haine<\/h2>\n<p>Ce n\u2019est pas un simple arbre : c\u2019est le t\u00e9moin vivant d\u2019une m\u00e9moire \u00e0 d\u00e9fendre contre l\u2019oubli et la haine. La plantation, accomplie en 2011, repr\u00e9sentait un symbole fort : celui du souvenir, de la r\u00e9silience face \u00e0 l\u2019obscurantisme. Sa destruction volontaire rappelle, \u00e0 tout le pays, que la lutte contre l\u2019antis\u00e9mitisme reste une priorit\u00e9 absolue. La condamnation politique ne s\u2019est pas faite attendre : le pr\u00e9sident Emmanuel Macron a d\u00e9clar\u00e9 que la R\u00e9publique serait \u00ab <strong>toujours intransigeante face \u00e0 la haine antis\u00e9mite<\/strong> \u00bb, soulignant l\u2019engagement de l\u2019\u00c9tat \u00e0 poursuivre tous ceux qui cherchent \u00e0 ternir cette m\u00e9moire.<\/p>\n<p>La figure de l\u2019arbre, comme celui qu\u2019on retrouve \u00e0 \u00c9pinay-sur-Seine, t\u00e9moigne que la m\u00e9moire collective ne doit jamais se laisser effacer, surtout face \u00e0 la mont\u00e9e contemporaine de la haine. La justice, dans sa lourde responsabilit\u00e9, doit garantir que ce genre de profanations ne reste pas impunie et que le message de tol\u00e9rance se renforce \u00e0 chaque acte r\u00e9pr\u00e9hensible.<\/p>\n<h2 class=\"wp-block-heading\">Une justice ferme face \u00e0 la mont\u00e9e de l\u2019<strong>antisemitisme<\/strong> et \u00e0 la d\u00e9gradation des symboles m\u00e9moriels<\/h2>\n<p>Les chiffres du minist\u00e8re de l\u2019Int\u00e9rieur indiquent une hausse inqui\u00e9tante des actes antis\u00e9mites en 2025, m\u00eame si une baisse relative par rapport \u00e0 l\u2019ann\u00e9e pr\u00e9c\u00e9dente peut sembler encourageante en surface. Entre janvier et juin, 646 actes ont \u00e9t\u00e9 recens\u00e9s, confirmant que la haine antis\u00e9mite persiste, avec un impact direct sur la s\u00e9curit\u00e9 de toutes les communaut\u00e9s. La r\u00e9ponse judiciaire \u00e0 ces d\u00e9lib\u00e9rations est claire : punir avec la plus grande s\u00e9v\u00e9rit\u00e9, comme en t\u00e9moigne la mise en examen rapide des suspects pour la destruction de l\u2019arbre en hommage \u00e0 Ilan Halimi, acte qui a provoqu\u00e9 une vague d\u2019indignation nationale.<\/p>\n<p>Ce contexte rappelle que la m\u00e9moire, symbolis\u00e9e par cet arbre, doit rester prot\u00e9g\u00e9e, tout comme la s\u00e9curit\u00e9 de nos fellow citoyens. La lutte contre toutes formes de haine, d\u2019incitation \u00e0 la violence ou de d\u00e9gradation des lieux de m\u00e9moire reste essentielle dans un pays qui aspire \u00e0 la coh\u00e9sion. La justice ne l\u00e2chera rien, et chaque acte de haine sera d\u00e9sormais trait\u00e9 avec la fermet\u00e9 qu\u2019il m\u00e9rite, garantissant un message clair : la R\u00e9publique ne tol\u00e9rera pas ces violences anti-jud\u00e9o ou anti-religieuses.<\/p>\n<p>Ce drame national ne doit pas faire oublier que la R\u00e9publique s\u2019engage activement dans la lutte contre la haine. La destruction de l\u2019arbre en m\u00e9moire, aussi symbolique soit-elle, ne doit jamais obscurcir le combat pour la justice et la s\u00e9curit\u00e9. La m\u00e9moire collective, incarn\u00e9e dans ce lieu de recueil, doit continuer \u00e0 \u00eatre un fer de lance pour une soci\u00e9t\u00e9 qui refuse de c\u00e9der face \u00e0 l\u2019obscurantisme et \u00e0 la haine de l\u2019autre. Il n\u2019est pas seulement question de justice pour Ilan Halimi, mais d\u2019un message d\u2019unit\u00e9 face \u00e0 toute tentative de diviser notre pays.<\/p>\n<h3 class=\"wp-block-heading\">Les autres exemples de d\u00e9gradation ciblant la m\u00e9moire juive en France<\/h3>\n<ul class=\"wp-block-list\">\n<li>Le cas de l\u2019arbre abattu \u00e0 \u00c9pinay-sur-Seine en 2025, symbole d\u2019un hommage r\u00e9volt\u00e9.<\/li>\n<li>Les agressions antis\u00e9mites en hausse depuis 2023, malgr\u00e9 toutes les mesures de s\u00e9curit\u00e9 renforc\u00e9es.<\/li>\n<li>Les actes de haine li\u00e9s aux tensions g\u00e9opolitiques au Moyen-Orient, qui alimentent cette violence dans l\u2019Hexagone.<\/li>\n<\/ul>\n<p>\u00c0 chaque fois, la justice doit agir avec d\u00e9termination, car chaque symbole, chaque lieu de m\u00e9moire, constitue une \u00e9tape dans la lutte contre l\u2019intol\u00e9rance et pour la coh\u00e9sion nationale.<\/p>\n<h2 class=\"wp-block-heading\">FAQ<\/h2>\n<ol class=\"wp-block-list\">\n<li>Pourquoi la justice consid\u00e8re-t-elle l\u2019abattage de l\u2019arbre comme un acte de haine aggrav\u00e9e ?<\/li>\n<li>Quels sont les motifs retenus contre les suspects dans cette affaire ?<\/li>\n<li>Quel est le contexte de l\u2019augmentation des actes antis\u00e9mites en France en 2025 ?<\/li>\n<li>Comment la justice garantit-elle la protection des symboles m\u00e9moriels ?<\/li>\n<\/ol>\n<h2 class=\"wp-block-heading\">\nAutres articles qui pourraient vous int\u00e9resser<br \/>\n<\/h2>\n<p>  p.spice_share_title { font-family:&rsquo;Poppins&rsquo;; font-size:18px; line-height:22px; font-weight:400; font-style:normal; text-transform:default; }   p.spice_share_title { color: #858585; } body .spice_share_wrapper .spice_social_share_list button.spice_social_share_link,body .spice_share_wrapper .spice_social_share_list a.spice_social_share_link { background-color: #efefef; color: #242020; } body .spice_share_wrapper .spice_social_share_list button.spice_social_share_link:hover, body .spice_share_wrapper .spice_social_share_list button.spice_social_share_link:focus, body .spice_share_wrapper .spice_social_share_list a.spice_social_share_link:hover, body .spice_share_wrapper .spice_social_share_list a.spice_social_share_link:focus { background: #061018; color: #ffffff; }  <\/p>\n<footer class=\"author-bio-section\">\n<div class=\"author-flex\">\n<div class=\"author-image\"><img decoding=\"async\" title width=\"75\" height=\"90\" src=\"https:\/\/jumeaux91.fr\/blog\/wp-content\/uploads\/2025\/08\/abattage-de-larbre-en-hommage-a-ilan-halimi-deux-suspects-arretes-et-juges-en-comparution-immediate.jpg\" class=\"attachment-90x90 size-90x90\" alt=\"alain-vernet-redacteur-securite-politique-religion-125x150 Abattage de l'arbre en hommage \u00e0 Ilan Halimi : deux suspects arr\u00eat\u00e9s et jug\u00e9s en comparution imm\u00e9diate\"><\/div>\n<div class=\"author-info\">\n<div class=\"author-name\"><strong>Alain Vernet &#8211; R\u00e9dacteur S\u00e9curit\u00e9 \/ Politique \/ Religion<\/strong><\/div>\n<p class=\"author-bio\">Je suis Iron Vernet, un r\u00e9dacteur digne du personnage Iron Man, j&rsquo;ai la volont\u00e9 d&rsquo;informer autrui avec une pointe d&rsquo;humour. Forc\u00e9ment, la culture et les technologies sont ma passion. Je suis \u00e9galement un geek acharn\u00e9 et j&rsquo;adore les figurines Pop !<\/p>\n<\/div><\/div>\n<\/footer>\n<p> La chronique se veut g\u00e9n\u00e9r\u00e9e de la fa\u00e7on la plus claire que possible. Dans le cas o\u00f9 vous souhaitez pr\u00e9senter des renseignements compl\u00e9mentaires \u00e0 cet article sur le sujet \u00ab\u00a0Fr\u00e8res jumeaux de l&rsquo;Essonnes\u00a0\u00bb il vous est possible d\u2019\u00e9crire aux contacts indiqu\u00e9s sur notre website. La raison d\u2019\u00eatre de jumeaux91.fr \u00e9tant de rassembler sur le web des posts sur le sujet de Fr\u00e8res jumeaux de l&rsquo;Essonnes puis les diffuser en r\u00e9pondant au mieux aux interrogations des gens. Vous pouvez tirer profit de cet article traitant le sujet \u00ab\u00a0Fr\u00e8res jumeaux de l&rsquo;Essonnes\u00a0\u00bb. Il est concoct\u00e9 par l\u2019\u00e9quipe jumeaux91.fr. Prochainement, nous rendrons accessibles au public d&rsquo;autres informations pertinentes sur le sujet \u00ab\u00a0Fr\u00e8res jumeaux de l&rsquo;Essonnes\u00a0\u00bb. Alors, consultez syst\u00e9matiquement notre blog.<\/p>\n","protected":false},"excerpt":{"rendered":"<p>En ce d\u00e9but d\u2019ann\u00e9e 2025, la sc\u00e8ne judiciaire fran\u00e7aise a \u00e9t\u00e9 secou\u00e9e par un acte de d\u00e9gradation profond\u00e9ment pol\u00e9mique : l\u2019abattage d\u2019un arbre embl\u00e9matique d\u00e9di\u00e9 \u00e0 la m\u00e9moire d\u2019Ilan Halimi. Depuis 2011, cette plaque v\u00e9g\u00e9tale symbolisait la m\u00e9moire de ce jeune homme victime d\u2019un acte antis\u00e9mite particuli\u00e8rement odieux en 2006. La nuit du 13 au&hellip; <a class=\"more-link\" href=\"https:\/\/jumeaux91.fr\/blog\/abattage-de-larbre-en-hommage-a-ilan-halimi-deux-suspects-arretes-et-juges-en-comparution-immediate\/\">Poursuivre la lecture <span class=\"screen-reader-text\">Abattage de l\u2019arbre en hommage \u00e0 Ilan Halimi : deux suspects arr\u00eat\u00e9s et jug\u00e9s en comparution imm\u00e9diate<\/span><\/a><\/p>\n","protected":false},"author":2,"featured_media":1619,"comment_status":"closed","ping_status":"closed","sticky":false,"template":"","format":"standard","meta":{"footnotes":""},"categories":[4],"tags":[],"class_list":["post-1618","post","type-post","status-publish","format-standard","has-post-thumbnail","hentry","category-posts-freres-jumeaux-de-lessonnes","entry"],"yoast_head":"<!-- This site is optimized with the Yoast SEO plugin v27.5 - https:\/\/yoast.com\/product\/yoast-seo-wordpress\/ -->\n<title>Abattage de l\u2019arbre en hommage \u00e0 Ilan Halimi : deux suspects arr\u00eat\u00e9s et jug\u00e9s en comparution imm\u00e9diate - JUMEAUX91<\/title>\n<meta name=\"robots\" content=\"index, follow, max-snippet:-1, max-image-preview:large, max-video-preview:-1\" \/>\n<link rel=\"canonical\" href=\"https:\/\/jumeaux91.fr\/blog\/abattage-de-larbre-en-hommage-a-ilan-halimi-deux-suspects-arretes-et-juges-en-comparution-immediate\/\" \/>\n<meta property=\"og:locale\" content=\"fr_FR\" \/>\n<meta property=\"og:type\" content=\"article\" \/>\n<meta property=\"og:title\" content=\"Abattage de l\u2019arbre en hommage \u00e0 Ilan Halimi : deux suspects arr\u00eat\u00e9s et jug\u00e9s en comparution imm\u00e9diate - JUMEAUX91\" \/>\n<meta property=\"og:description\" content=\"En ce d\u00e9but d\u2019ann\u00e9e 2025, la sc\u00e8ne judiciaire fran\u00e7aise a \u00e9t\u00e9 secou\u00e9e par un acte de d\u00e9gradation profond\u00e9ment pol\u00e9mique : l\u2019abattage d\u2019un arbre embl\u00e9matique d\u00e9di\u00e9 \u00e0 la m\u00e9moire d\u2019Ilan Halimi. Depuis 2011, cette plaque v\u00e9g\u00e9tale symbolisait la m\u00e9moire de ce jeune homme victime d\u2019un acte antis\u00e9mite particuli\u00e8rement odieux en 2006. La nuit du 13 au&hellip; Poursuivre la lecture Abattage de l\u2019arbre en hommage \u00e0 Ilan Halimi : deux suspects arr\u00eat\u00e9s et jug\u00e9s en comparution imm\u00e9diate\" \/>\n<meta property=\"og:url\" content=\"https:\/\/jumeaux91.fr\/blog\/abattage-de-larbre-en-hommage-a-ilan-halimi-deux-suspects-arretes-et-juges-en-comparution-immediate\/\" \/>\n<meta property=\"og:site_name\" content=\"JUMEAUX91\" \/>\n<meta property=\"article:published_time\" content=\"2025-08-27T21:42:00+00:00\" \/>\n<meta property=\"og:image\" content=\"https:\/\/jumeaux91.fr\/blog\/wp-content\/uploads\/2025\/08\/abattage-de-larbre-en-hommage-a-ilan-halimi-deux-suspects-arretes-et-juges-en-comparution-immediate.jpg\" \/>\n<meta name=\"author\" content=\"Claude DAYRES\" \/>\n<meta name=\"twitter:card\" content=\"summary_large_image\" \/>\n<meta name=\"twitter:label1\" content=\"\u00c9crit par\" \/>\n\t<meta name=\"twitter:data1\" content=\"Claude DAYRES\" \/>\n\t<meta name=\"twitter:label2\" content=\"Dur\u00e9e de lecture estim\u00e9e\" \/>\n\t<meta name=\"twitter:data2\" content=\"7 minutes\" \/>\n<script type=\"application\/ld+json\" class=\"yoast-schema-graph\">{\"@context\":\"https:\\\/\\\/schema.org\",\"@graph\":[{\"@type\":\"Article\",\"@id\":\"https:\\\/\\\/jumeaux91.fr\\\/blog\\\/abattage-de-larbre-en-hommage-a-ilan-halimi-deux-suspects-arretes-et-juges-en-comparution-immediate\\\/#article\",\"isPartOf\":{\"@id\":\"https:\\\/\\\/jumeaux91.fr\\\/blog\\\/abattage-de-larbre-en-hommage-a-ilan-halimi-deux-suspects-arretes-et-juges-en-comparution-immediate\\\/\"},\"author\":{\"name\":\"Claude DAYRES\",\"@id\":\"https:\\\/\\\/jumeaux91.fr\\\/blog\\\/#\\\/schema\\\/person\\\/21da06e9f119b9f64e5d45dbbd32d3fb\"},\"headline\":\"Abattage de l\u2019arbre en hommage \u00e0 Ilan Halimi : deux suspects arr\u00eat\u00e9s et jug\u00e9s en comparution imm\u00e9diate\",\"datePublished\":\"2025-08-27T21:42:00+00:00\",\"mainEntityOfPage\":{\"@id\":\"https:\\\/\\\/jumeaux91.fr\\\/blog\\\/abattage-de-larbre-en-hommage-a-ilan-halimi-deux-suspects-arretes-et-juges-en-comparution-immediate\\\/\"},\"wordCount\":1417,\"publisher\":{\"@id\":\"https:\\\/\\\/jumeaux91.fr\\\/blog\\\/#organization\"},\"image\":{\"@id\":\"https:\\\/\\\/jumeaux91.fr\\\/blog\\\/abattage-de-larbre-en-hommage-a-ilan-halimi-deux-suspects-arretes-et-juges-en-comparution-immediate\\\/#primaryimage\"},\"thumbnailUrl\":\"https:\\\/\\\/jumeaux91.fr\\\/blog\\\/wp-content\\\/uploads\\\/2025\\\/08\\\/abattage-de-larbre-en-hommage-a-ilan-halimi-deux-suspects-arretes-et-juges-en-comparution-immediate.jpg\",\"articleSection\":[\"Posts Fr\u00e8res Jumeaux De L'Essonnes:\"],\"inLanguage\":\"fr-FR\"},{\"@type\":\"WebPage\",\"@id\":\"https:\\\/\\\/jumeaux91.fr\\\/blog\\\/abattage-de-larbre-en-hommage-a-ilan-halimi-deux-suspects-arretes-et-juges-en-comparution-immediate\\\/\",\"url\":\"https:\\\/\\\/jumeaux91.fr\\\/blog\\\/abattage-de-larbre-en-hommage-a-ilan-halimi-deux-suspects-arretes-et-juges-en-comparution-immediate\\\/\",\"name\":\"Abattage de l\u2019arbre en hommage \u00e0 Ilan Halimi : deux suspects arr\u00eat\u00e9s et jug\u00e9s en comparution imm\u00e9diate - JUMEAUX91\",\"isPartOf\":{\"@id\":\"https:\\\/\\\/jumeaux91.fr\\\/blog\\\/#website\"},\"primaryImageOfPage\":{\"@id\":\"https:\\\/\\\/jumeaux91.fr\\\/blog\\\/abattage-de-larbre-en-hommage-a-ilan-halimi-deux-suspects-arretes-et-juges-en-comparution-immediate\\\/#primaryimage\"},\"image\":{\"@id\":\"https:\\\/\\\/jumeaux91.fr\\\/blog\\\/abattage-de-larbre-en-hommage-a-ilan-halimi-deux-suspects-arretes-et-juges-en-comparution-immediate\\\/#primaryimage\"},\"thumbnailUrl\":\"https:\\\/\\\/jumeaux91.fr\\\/blog\\\/wp-content\\\/uploads\\\/2025\\\/08\\\/abattage-de-larbre-en-hommage-a-ilan-halimi-deux-suspects-arretes-et-juges-en-comparution-immediate.jpg\",\"datePublished\":\"2025-08-27T21:42:00+00:00\",\"breadcrumb\":{\"@id\":\"https:\\\/\\\/jumeaux91.fr\\\/blog\\\/abattage-de-larbre-en-hommage-a-ilan-halimi-deux-suspects-arretes-et-juges-en-comparution-immediate\\\/#breadcrumb\"},\"inLanguage\":\"fr-FR\",\"potentialAction\":[{\"@type\":\"ReadAction\",\"target\":[\"https:\\\/\\\/jumeaux91.fr\\\/blog\\\/abattage-de-larbre-en-hommage-a-ilan-halimi-deux-suspects-arretes-et-juges-en-comparution-immediate\\\/\"]}]},{\"@type\":\"ImageObject\",\"inLanguage\":\"fr-FR\",\"@id\":\"https:\\\/\\\/jumeaux91.fr\\\/blog\\\/abattage-de-larbre-en-hommage-a-ilan-halimi-deux-suspects-arretes-et-juges-en-comparution-immediate\\\/#primaryimage\",\"url\":\"https:\\\/\\\/jumeaux91.fr\\\/blog\\\/wp-content\\\/uploads\\\/2025\\\/08\\\/abattage-de-larbre-en-hommage-a-ilan-halimi-deux-suspects-arretes-et-juges-en-comparution-immediate.jpg\",\"contentUrl\":\"https:\\\/\\\/jumeaux91.fr\\\/blog\\\/wp-content\\\/uploads\\\/2025\\\/08\\\/abattage-de-larbre-en-hommage-a-ilan-halimi-deux-suspects-arretes-et-juges-en-comparution-immediate.jpg\",\"width\":125,\"height\":150,\"caption\":\"Abattage de l\u2019arbre en hommage \u00e0 Ilan Halimi : deux suspects arr\u00eat\u00e9s et jug\u00e9s en comparution imm\u00e9diate\"},{\"@type\":\"BreadcrumbList\",\"@id\":\"https:\\\/\\\/jumeaux91.fr\\\/blog\\\/abattage-de-larbre-en-hommage-a-ilan-halimi-deux-suspects-arretes-et-juges-en-comparution-immediate\\\/#breadcrumb\",\"itemListElement\":[{\"@type\":\"ListItem\",\"position\":1,\"name\":\"Accueil\",\"item\":\"https:\\\/\\\/jumeaux91.fr\\\/blog\\\/\"},{\"@type\":\"ListItem\",\"position\":2,\"name\":\"Abattage de l\u2019arbre en hommage \u00e0 Ilan Halimi : deux suspects arr\u00eat\u00e9s et jug\u00e9s en comparution imm\u00e9diate\"}]},{\"@type\":\"WebSite\",\"@id\":\"https:\\\/\\\/jumeaux91.fr\\\/blog\\\/#website\",\"url\":\"https:\\\/\\\/jumeaux91.fr\\\/blog\\\/\",\"name\":\"JUMEAUX91\",\"description\":\"Fr\u00e8res jumeaux de l&#039;Essonnes; informations et archives, \u00e0 savoir et retenir.\",\"publisher\":{\"@id\":\"https:\\\/\\\/jumeaux91.fr\\\/blog\\\/#organization\"},\"potentialAction\":[{\"@type\":\"SearchAction\",\"target\":{\"@type\":\"EntryPoint\",\"urlTemplate\":\"https:\\\/\\\/jumeaux91.fr\\\/blog\\\/?s={search_term_string}\"},\"query-input\":{\"@type\":\"PropertyValueSpecification\",\"valueRequired\":true,\"valueName\":\"search_term_string\"}}],\"inLanguage\":\"fr-FR\"},{\"@type\":\"Organization\",\"@id\":\"https:\\\/\\\/jumeaux91.fr\\\/blog\\\/#organization\",\"name\":\"jumeaux91\",\"url\":\"https:\\\/\\\/jumeaux91.fr\\\/blog\\\/\",\"logo\":{\"@type\":\"ImageObject\",\"inLanguage\":\"fr-FR\",\"@id\":\"https:\\\/\\\/jumeaux91.fr\\\/blog\\\/#\\\/schema\\\/logo\\\/image\\\/\",\"url\":\"https:\\\/\\\/jumeaux91.fr\\\/blog\\\/wp-content\\\/uploads\\\/2023\\\/05\\\/cropped-cropped-logoJ_91.png\",\"contentUrl\":\"https:\\\/\\\/jumeaux91.fr\\\/blog\\\/wp-content\\\/uploads\\\/2023\\\/05\\\/cropped-cropped-logoJ_91.png\",\"width\":512,\"height\":512,\"caption\":\"jumeaux91\"},\"image\":{\"@id\":\"https:\\\/\\\/jumeaux91.fr\\\/blog\\\/#\\\/schema\\\/logo\\\/image\\\/\"}},{\"@type\":\"Person\",\"@id\":\"https:\\\/\\\/jumeaux91.fr\\\/blog\\\/#\\\/schema\\\/person\\\/21da06e9f119b9f64e5d45dbbd32d3fb\",\"name\":\"Claude DAYRES\",\"image\":{\"@type\":\"ImageObject\",\"inLanguage\":\"fr-FR\",\"@id\":\"https:\\\/\\\/secure.gravatar.com\\\/avatar\\\/82eb951df6110a2c48d1bfa7a67d1ee6f0cd5df3cbf9c3586dd61e82db7172a5?s=96&d=mm&r=g\",\"url\":\"https:\\\/\\\/secure.gravatar.com\\\/avatar\\\/82eb951df6110a2c48d1bfa7a67d1ee6f0cd5df3cbf9c3586dd61e82db7172a5?s=96&d=mm&r=g\",\"contentUrl\":\"https:\\\/\\\/secure.gravatar.com\\\/avatar\\\/82eb951df6110a2c48d1bfa7a67d1ee6f0cd5df3cbf9c3586dd61e82db7172a5?s=96&d=mm&r=g\",\"caption\":\"Claude DAYRES\"},\"url\":\"https:\\\/\\\/jumeaux91.fr\\\/blog\\\/author\\\/x91claude\\\/\"}]}<\/script>\n<!-- \/ Yoast SEO plugin. -->","yoast_head_json":{"title":"Abattage de l\u2019arbre en hommage \u00e0 Ilan Halimi : deux suspects arr\u00eat\u00e9s et jug\u00e9s en comparution imm\u00e9diate - JUMEAUX91","robots":{"index":"index","follow":"follow","max-snippet":"max-snippet:-1","max-image-preview":"max-image-preview:large","max-video-preview":"max-video-preview:-1"},"canonical":"https:\/\/jumeaux91.fr\/blog\/abattage-de-larbre-en-hommage-a-ilan-halimi-deux-suspects-arretes-et-juges-en-comparution-immediate\/","og_locale":"fr_FR","og_type":"article","og_title":"Abattage de l\u2019arbre en hommage \u00e0 Ilan Halimi : deux suspects arr\u00eat\u00e9s et jug\u00e9s en comparution imm\u00e9diate - JUMEAUX91","og_description":"En ce d\u00e9but d\u2019ann\u00e9e 2025, la sc\u00e8ne judiciaire fran\u00e7aise a \u00e9t\u00e9 secou\u00e9e par un acte de d\u00e9gradation profond\u00e9ment pol\u00e9mique : l\u2019abattage d\u2019un arbre embl\u00e9matique d\u00e9di\u00e9 \u00e0 la m\u00e9moire d\u2019Ilan Halimi. Depuis 2011, cette plaque v\u00e9g\u00e9tale symbolisait la m\u00e9moire de ce jeune homme victime d\u2019un acte antis\u00e9mite particuli\u00e8rement odieux en 2006. La nuit du 13 au&hellip; Poursuivre la lecture Abattage de l\u2019arbre en hommage \u00e0 Ilan Halimi : deux suspects arr\u00eat\u00e9s et jug\u00e9s en comparution imm\u00e9diate","og_url":"https:\/\/jumeaux91.fr\/blog\/abattage-de-larbre-en-hommage-a-ilan-halimi-deux-suspects-arretes-et-juges-en-comparution-immediate\/","og_site_name":"JUMEAUX91","article_published_time":"2025-08-27T21:42:00+00:00","og_image":[{"url":"https:\/\/jumeaux91.fr\/blog\/wp-content\/uploads\/2025\/08\/abattage-de-larbre-en-hommage-a-ilan-halimi-deux-suspects-arretes-et-juges-en-comparution-immediate.jpg","type":"","width":"","height":""}],"author":"Claude DAYRES","twitter_card":"summary_large_image","twitter_misc":{"\u00c9crit par":"Claude DAYRES","Dur\u00e9e de lecture estim\u00e9e":"7 minutes"},"schema":{"@context":"https:\/\/schema.org","@graph":[{"@type":"Article","@id":"https:\/\/jumeaux91.fr\/blog\/abattage-de-larbre-en-hommage-a-ilan-halimi-deux-suspects-arretes-et-juges-en-comparution-immediate\/#article","isPartOf":{"@id":"https:\/\/jumeaux91.fr\/blog\/abattage-de-larbre-en-hommage-a-ilan-halimi-deux-suspects-arretes-et-juges-en-comparution-immediate\/"},"author":{"name":"Claude DAYRES","@id":"https:\/\/jumeaux91.fr\/blog\/#\/schema\/person\/21da06e9f119b9f64e5d45dbbd32d3fb"},"headline":"Abattage de l\u2019arbre en hommage \u00e0 Ilan Halimi : deux suspects arr\u00eat\u00e9s et jug\u00e9s en comparution imm\u00e9diate","datePublished":"2025-08-27T21:42:00+00:00","mainEntityOfPage":{"@id":"https:\/\/jumeaux91.fr\/blog\/abattage-de-larbre-en-hommage-a-ilan-halimi-deux-suspects-arretes-et-juges-en-comparution-immediate\/"},"wordCount":1417,"publisher":{"@id":"https:\/\/jumeaux91.fr\/blog\/#organization"},"image":{"@id":"https:\/\/jumeaux91.fr\/blog\/abattage-de-larbre-en-hommage-a-ilan-halimi-deux-suspects-arretes-et-juges-en-comparution-immediate\/#primaryimage"},"thumbnailUrl":"https:\/\/jumeaux91.fr\/blog\/wp-content\/uploads\/2025\/08\/abattage-de-larbre-en-hommage-a-ilan-halimi-deux-suspects-arretes-et-juges-en-comparution-immediate.jpg","articleSection":["Posts Fr\u00e8res Jumeaux De L'Essonnes:"],"inLanguage":"fr-FR"},{"@type":"WebPage","@id":"https:\/\/jumeaux91.fr\/blog\/abattage-de-larbre-en-hommage-a-ilan-halimi-deux-suspects-arretes-et-juges-en-comparution-immediate\/","url":"https:\/\/jumeaux91.fr\/blog\/abattage-de-larbre-en-hommage-a-ilan-halimi-deux-suspects-arretes-et-juges-en-comparution-immediate\/","name":"Abattage de l\u2019arbre en hommage \u00e0 Ilan Halimi : deux suspects arr\u00eat\u00e9s et jug\u00e9s en comparution imm\u00e9diate - JUMEAUX91","isPartOf":{"@id":"https:\/\/jumeaux91.fr\/blog\/#website"},"primaryImageOfPage":{"@id":"https:\/\/jumeaux91.fr\/blog\/abattage-de-larbre-en-hommage-a-ilan-halimi-deux-suspects-arretes-et-juges-en-comparution-immediate\/#primaryimage"},"image":{"@id":"https:\/\/jumeaux91.fr\/blog\/abattage-de-larbre-en-hommage-a-ilan-halimi-deux-suspects-arretes-et-juges-en-comparution-immediate\/#primaryimage"},"thumbnailUrl":"https:\/\/jumeaux91.fr\/blog\/wp-content\/uploads\/2025\/08\/abattage-de-larbre-en-hommage-a-ilan-halimi-deux-suspects-arretes-et-juges-en-comparution-immediate.jpg","datePublished":"2025-08-27T21:42:00+00:00","breadcrumb":{"@id":"https:\/\/jumeaux91.fr\/blog\/abattage-de-larbre-en-hommage-a-ilan-halimi-deux-suspects-arretes-et-juges-en-comparution-immediate\/#breadcrumb"},"inLanguage":"fr-FR","potentialAction":[{"@type":"ReadAction","target":["https:\/\/jumeaux91.fr\/blog\/abattage-de-larbre-en-hommage-a-ilan-halimi-deux-suspects-arretes-et-juges-en-comparution-immediate\/"]}]},{"@type":"ImageObject","inLanguage":"fr-FR","@id":"https:\/\/jumeaux91.fr\/blog\/abattage-de-larbre-en-hommage-a-ilan-halimi-deux-suspects-arretes-et-juges-en-comparution-immediate\/#primaryimage","url":"https:\/\/jumeaux91.fr\/blog\/wp-content\/uploads\/2025\/08\/abattage-de-larbre-en-hommage-a-ilan-halimi-deux-suspects-arretes-et-juges-en-comparution-immediate.jpg","contentUrl":"https:\/\/jumeaux91.fr\/blog\/wp-content\/uploads\/2025\/08\/abattage-de-larbre-en-hommage-a-ilan-halimi-deux-suspects-arretes-et-juges-en-comparution-immediate.jpg","width":125,"height":150,"caption":"Abattage de l\u2019arbre en hommage \u00e0 Ilan Halimi : deux suspects arr\u00eat\u00e9s et jug\u00e9s en comparution imm\u00e9diate"},{"@type":"BreadcrumbList","@id":"https:\/\/jumeaux91.fr\/blog\/abattage-de-larbre-en-hommage-a-ilan-halimi-deux-suspects-arretes-et-juges-en-comparution-immediate\/#breadcrumb","itemListElement":[{"@type":"ListItem","position":1,"name":"Accueil","item":"https:\/\/jumeaux91.fr\/blog\/"},{"@type":"ListItem","position":2,"name":"Abattage de l\u2019arbre en hommage \u00e0 Ilan Halimi : deux suspects arr\u00eat\u00e9s et jug\u00e9s en comparution imm\u00e9diate"}]},{"@type":"WebSite","@id":"https:\/\/jumeaux91.fr\/blog\/#website","url":"https:\/\/jumeaux91.fr\/blog\/","name":"JUMEAUX91","description":"Fr\u00e8res jumeaux de l&#039;Essonnes; informations et archives, \u00e0 savoir et retenir.","publisher":{"@id":"https:\/\/jumeaux91.fr\/blog\/#organization"},"potentialAction":[{"@type":"SearchAction","target":{"@type":"EntryPoint","urlTemplate":"https:\/\/jumeaux91.fr\/blog\/?s={search_term_string}"},"query-input":{"@type":"PropertyValueSpecification","valueRequired":true,"valueName":"search_term_string"}}],"inLanguage":"fr-FR"},{"@type":"Organization","@id":"https:\/\/jumeaux91.fr\/blog\/#organization","name":"jumeaux91","url":"https:\/\/jumeaux91.fr\/blog\/","logo":{"@type":"ImageObject","inLanguage":"fr-FR","@id":"https:\/\/jumeaux91.fr\/blog\/#\/schema\/logo\/image\/","url":"https:\/\/jumeaux91.fr\/blog\/wp-content\/uploads\/2023\/05\/cropped-cropped-logoJ_91.png","contentUrl":"https:\/\/jumeaux91.fr\/blog\/wp-content\/uploads\/2023\/05\/cropped-cropped-logoJ_91.png","width":512,"height":512,"caption":"jumeaux91"},"image":{"@id":"https:\/\/jumeaux91.fr\/blog\/#\/schema\/logo\/image\/"}},{"@type":"Person","@id":"https:\/\/jumeaux91.fr\/blog\/#\/schema\/person\/21da06e9f119b9f64e5d45dbbd32d3fb","name":"Claude DAYRES","image":{"@type":"ImageObject","inLanguage":"fr-FR","@id":"https:\/\/secure.gravatar.com\/avatar\/82eb951df6110a2c48d1bfa7a67d1ee6f0cd5df3cbf9c3586dd61e82db7172a5?s=96&d=mm&r=g","url":"https:\/\/secure.gravatar.com\/avatar\/82eb951df6110a2c48d1bfa7a67d1ee6f0cd5df3cbf9c3586dd61e82db7172a5?s=96&d=mm&r=g","contentUrl":"https:\/\/secure.gravatar.com\/avatar\/82eb951df6110a2c48d1bfa7a67d1ee6f0cd5df3cbf9c3586dd61e82db7172a5?s=96&d=mm&r=g","caption":"Claude DAYRES"},"url":"https:\/\/jumeaux91.fr\/blog\/author\/x91claude\/"}]}},"_links":{"self":[{"href":"https:\/\/jumeaux91.fr\/blog\/wp-json\/wp\/v2\/posts\/1618","targetHints":{"allow":["GET"]}}],"collection":[{"href":"https:\/\/jumeaux91.fr\/blog\/wp-json\/wp\/v2\/posts"}],"about":[{"href":"https:\/\/jumeaux91.fr\/blog\/wp-json\/wp\/v2\/types\/post"}],"author":[{"embeddable":true,"href":"https:\/\/jumeaux91.fr\/blog\/wp-json\/wp\/v2\/users\/2"}],"replies":[{"embeddable":true,"href":"https:\/\/jumeaux91.fr\/blog\/wp-json\/wp\/v2\/comments?post=1618"}],"version-history":[{"count":0,"href":"https:\/\/jumeaux91.fr\/blog\/wp-json\/wp\/v2\/posts\/1618\/revisions"}],"wp:featuredmedia":[{"embeddable":true,"href":"https:\/\/jumeaux91.fr\/blog\/wp-json\/wp\/v2\/media\/1619"}],"wp:attachment":[{"href":"https:\/\/jumeaux91.fr\/blog\/wp-json\/wp\/v2\/media?parent=1618"}],"wp:term":[{"taxonomy":"category","embeddable":true,"href":"https:\/\/jumeaux91.fr\/blog\/wp-json\/wp\/v2\/categories?post=1618"},{"taxonomy":"post_tag","embeddable":true,"href":"https:\/\/jumeaux91.fr\/blog\/wp-json\/wp\/v2\/tags?post=1618"}],"curies":[{"name":"wp","href":"https:\/\/api.w.org\/{rel}","templated":true}]}}