{"id":1620,"date":"2025-08-27T12:10:00","date_gmt":"2025-08-27T10:10:00","guid":{"rendered":"https:\/\/jumeaux91.fr\/blog\/abattage-dun-olivier-rendant-hommage-a-ilan-halimi-deux-hommes-interpelles\/"},"modified":"2025-08-27T12:10:00","modified_gmt":"2025-08-27T10:10:00","slug":"abattage-dun-olivier-rendant-hommage-a-ilan-halimi-deux-hommes-interpelles","status":"publish","type":"post","link":"https:\/\/jumeaux91.fr\/blog\/abattage-dun-olivier-rendant-hommage-a-ilan-halimi-deux-hommes-interpelles\/","title":{"rendered":"Abattage d\u2019un olivier rendant hommage \u00e0 Ilan Halimi : deux hommes interpell\u00e9s"},"content":{"rendered":"<div><img decoding=\"async\" src=\"https:\/\/jumeaux91.fr\/blog\/wp-content\/uploads\/2025\/08\/abattage-dun-olivier-rendant-hommage-a-ilan-halimi-deux-hommes-interpelles.jpg\" class=\"ff-og-image-inserted\"><\/div>\n<p>Les suspects, des fr\u00e8res jumeaux, vont \u00eatre jug\u00e9s en comparution imm\u00e9diate pour destruction de bien aggrav\u00e9e et violation de monument d\u00e9di\u00e9 \u00e0 la m\u00e9moire des morts commise en raison de la race, l\u2019ethnie, la nation ou la religion, a pr\u00e9cis\u00e9 le minist\u00e8re public. L\u2019abattage de l\u2019arbre en pleine nuit avait suscit\u00e9 <a href=\"https:\/\/www.sudouest.fr\/politique\/francois-bayrou\/nul-crime-ne-peut-deraciner-la-memoire-bayrou-denonce-la-haine-antisemite-apres-l-abattage-de-l-arbre-hommage-a-ilan-halimi-25562766.php\" target=\"_blank\" rel=\"follow nofollow\">une indignation unanime au sein de la classe politique.<\/a><\/p>\n<div class=\"related-article base-margin-bottom\"> <span class=\"badge\">Sur le m\u00eame sujet<\/span> <\/div>\n<p>D\u2019apr\u00e8s le maire DVD de la commune Herv\u00e9 Chevreau, se basant sur les cam\u00e9ras de vid\u00e9osurveillance ext\u00e9rieures au jardin, un homme portant un sac \u00e0 dos s\u2019y est introduit \u00e0 1&nbsp;h&nbsp;50, alors que le parc ferme \u00e0 21&nbsp;h&nbsp;30. L\u2019olivier avait \u00e9t\u00e9 plant\u00e9 en 2011 au jardin d\u2019Alcobendas de cette commune d\u2019un peu plus de 50&nbsp;000 habitants, situ\u00e9e \u00e0 une dizaine de kilom\u00e8tres au nord de Paris.<\/p>\n<p>\u00ab&nbsp;Abattre l\u2019arbre rendant hommage \u00e0 Ilan Halimi, c\u2019est chercher \u00e0 le tuer une deuxi\u00e8me fois. Il n\u2019en sera rien&nbsp;: la Nation n\u2019oubliera pas cet enfant de France mort parce que Juif. Tous les moyens sont d\u00e9ploy\u00e9s pour punir cet acte de haine&nbsp;\u00bb, avait \u00e9crit sur X le pr\u00e9sident Emmanuel Macron le jour o\u00f9 l\u2019arbre a \u00e9t\u00e9 retrouv\u00e9 abattu par des agents territoriaux.<\/p>\n<h2 class=\"article-subtitle\">Nouvel arbre comm\u00e9moratif<\/h2>\n<p>Citoyen fran\u00e7ais de confession juive, Ilan Halimi, 23&nbsp;ans, avait \u00e9t\u00e9 s\u00e9questr\u00e9 et tortur\u00e9, en janvier 2006 \u00e0 Bagneux (Hauts-de-Seine), par un groupe d\u2019une vingtaine de personnes qui se faisaient <a href=\"https:\/\/www.sudouest.fr\/redaction\/editorial\/editorial-ilan-halimi-une-barbarie-sans-fin-25567805.php\" target=\"_blank\" rel=\"follow nofollow\">appeler le \u00ab&nbsp;gang des barbares&nbsp;\u00bb<\/a>, sous la direction de Youssouf Fofana. D\u00e9couvert nu, b\u00e2illonn\u00e9, menott\u00e9 et portant des traces de tortures et de br\u00fblures \u00e0 Sainte-Genevi\u00e8ve-des-Bois, dans l\u2019Essonne, le jeune homme \u00e9tait mort pendant son transfert \u00e0 l\u2019h\u00f4pital, un peu moins d\u2019un mois plus tard.<\/p>\n<div class=\"related-article base-margin-bottom\"> <span class=\"badge\">Sur le m\u00eame sujet<\/span> <\/div>\n<p>Son calvaire avait suscit\u00e9 une vive \u00e9motion dans le pays. Mathieu Hanotin, pr\u00e9sident de l\u2019\u00e9tablissement public territorial Plaine commune, auquel appartient \u00c9pinay-sur-Seine, a condamn\u00e9 apr\u00e8s l\u2019abattage de l\u2019olivier \u00ab&nbsp;un acte de vandalisme portant atteinte \u00e0 la m\u00e9moire collective de ce meurtre antis\u00e9mite&nbsp;\u00bb.&nbsp;Il s\u2019est engag\u00e9 dans un communiqu\u00e9 \u00ab&nbsp;\u00e0 ce qu\u2019un nouvel arbre comm\u00e9moratif soit replant\u00e9 dans les meilleurs d\u00e9lais&nbsp;\u00bb.<\/p>\n<p>Deux autres arbres plant\u00e9s en hommage \u00e0 Ilan Halimi, dont l\u2019un portait sa photo, avaient \u00e9t\u00e9 sci\u00e9s en 2019 \u00e0 Sainte-Genevi\u00e8ve-des-Bois, o\u00f9 il avait \u00e9t\u00e9 retrouv\u00e9 agonisant au bord d\u2019une voie ferr\u00e9e. D\u2019autres arbres avaient \u00e9t\u00e9 replant\u00e9s. Les actes antis\u00e9mites ont connu une nette progression en France depuis le 7&nbsp;octobre 2023, date des attaques sans pr\u00e9c\u00e9dent du Hamas contre Isra\u00ebl et du d\u00e9clenchement de la guerre \u00e0 Gaza.<\/p>\n<div class=\"related-article related-article-premium base-margin-bottom\"> <span class=\"badge\">Sur le m\u00eame sujet<\/span> <\/div>\n<p> La chronique se veut g\u00e9n\u00e9r\u00e9e de la fa\u00e7on la plus claire que possible. Dans le cas o\u00f9 vous souhaitez pr\u00e9senter des renseignements compl\u00e9mentaires \u00e0 cet article sur le sujet \u00ab\u00a0Fr\u00e8res jumeaux de l&rsquo;Essonnes\u00a0\u00bb il vous est possible d\u2019\u00e9crire aux contacts indiqu\u00e9s sur notre website. La raison d\u2019\u00eatre de jumeaux91.fr \u00e9tant de rassembler sur le web des posts sur le sujet de Fr\u00e8res jumeaux de l&rsquo;Essonnes puis les diffuser en r\u00e9pondant au mieux aux interrogations des gens. Vous pouvez tirer profit de cet article traitant le sujet \u00ab\u00a0Fr\u00e8res jumeaux de l&rsquo;Essonnes\u00a0\u00bb. Il est concoct\u00e9 par l\u2019\u00e9quipe jumeaux91.fr. Prochainement, nous rendrons accessibles au public d&rsquo;autres informations pertinentes sur le sujet \u00ab\u00a0Fr\u00e8res jumeaux de l&rsquo;Essonnes\u00a0\u00bb. Alors, consultez syst\u00e9matiquement notre blog.<\/p>\n","protected":false},"excerpt":{"rendered":"<p>Les suspects, des fr\u00e8res jumeaux, vont \u00eatre jug\u00e9s en comparution imm\u00e9diate pour destruction de bien aggrav\u00e9e et violation de monument d\u00e9di\u00e9 \u00e0 la m\u00e9moire des morts commise en raison de la race, l\u2019ethnie, la nation ou la religion, a pr\u00e9cis\u00e9 le minist\u00e8re public. L\u2019abattage de l\u2019arbre en pleine nuit avait suscit\u00e9 une indignation unanime au&hellip; <a class=\"more-link\" href=\"https:\/\/jumeaux91.fr\/blog\/abattage-dun-olivier-rendant-hommage-a-ilan-halimi-deux-hommes-interpelles\/\">Poursuivre la lecture <span class=\"screen-reader-text\">Abattage d\u2019un olivier rendant hommage \u00e0 Ilan Halimi : deux hommes interpell\u00e9s<\/span><\/a><\/p>\n","protected":false},"author":2,"featured_media":1621,"comment_status":"closed","ping_status":"closed","sticky":false,"template":"","format":"standard","meta":{"footnotes":""},"categories":[4],"tags":[],"class_list":["post-1620","post","type-post","status-publish","format-standard","has-post-thumbnail","hentry","category-posts-freres-jumeaux-de-lessonnes","entry"],"yoast_head":"<!-- This site is optimized with the Yoast SEO plugin v27.5 - https:\/\/yoast.com\/product\/yoast-seo-wordpress\/ -->\n<title>Abattage d\u2019un olivier rendant hommage \u00e0 Ilan Halimi : deux hommes interpell\u00e9s - JUMEAUX91<\/title>\n<meta name=\"robots\" content=\"index, follow, max-snippet:-1, max-image-preview:large, max-video-preview:-1\" \/>\n<link rel=\"canonical\" href=\"https:\/\/jumeaux91.fr\/blog\/abattage-dun-olivier-rendant-hommage-a-ilan-halimi-deux-hommes-interpelles\/\" \/>\n<meta property=\"og:locale\" content=\"fr_FR\" \/>\n<meta property=\"og:type\" content=\"article\" \/>\n<meta property=\"og:title\" content=\"Abattage d\u2019un olivier rendant hommage \u00e0 Ilan Halimi : deux hommes interpell\u00e9s - JUMEAUX91\" \/>\n<meta property=\"og:description\" content=\"Les suspects, des fr\u00e8res jumeaux, vont \u00eatre jug\u00e9s en comparution imm\u00e9diate pour destruction de bien aggrav\u00e9e et violation de monument d\u00e9di\u00e9 \u00e0 la m\u00e9moire des morts commise en raison de la race, l\u2019ethnie, la nation ou la religion, a pr\u00e9cis\u00e9 le minist\u00e8re public. L\u2019abattage de l\u2019arbre en pleine nuit avait suscit\u00e9 une indignation unanime au&hellip; Poursuivre la lecture Abattage d\u2019un olivier rendant hommage \u00e0 Ilan Halimi : deux hommes interpell\u00e9s\" \/>\n<meta property=\"og:url\" content=\"https:\/\/jumeaux91.fr\/blog\/abattage-dun-olivier-rendant-hommage-a-ilan-halimi-deux-hommes-interpelles\/\" \/>\n<meta property=\"og:site_name\" content=\"JUMEAUX91\" \/>\n<meta property=\"article:published_time\" content=\"2025-08-27T10:10:00+00:00\" \/>\n<meta property=\"og:image\" content=\"https:\/\/jumeaux91.fr\/blog\/wp-content\/uploads\/2025\/08\/abattage-dun-olivier-rendant-hommage-a-ilan-halimi-deux-hommes-interpelles.jpg\" \/>\n<meta name=\"author\" content=\"Claude DAYRES\" \/>\n<meta name=\"twitter:card\" content=\"summary_large_image\" \/>\n<meta name=\"twitter:label1\" content=\"\u00c9crit par\" \/>\n\t<meta name=\"twitter:data1\" content=\"Claude DAYRES\" \/>\n\t<meta name=\"twitter:label2\" content=\"Dur\u00e9e de lecture estim\u00e9e\" \/>\n\t<meta name=\"twitter:data2\" content=\"3 minutes\" \/>\n<script type=\"application\/ld+json\" class=\"yoast-schema-graph\">{\"@context\":\"https:\\\/\\\/schema.org\",\"@graph\":[{\"@type\":\"Article\",\"@id\":\"https:\\\/\\\/jumeaux91.fr\\\/blog\\\/abattage-dun-olivier-rendant-hommage-a-ilan-halimi-deux-hommes-interpelles\\\/#article\",\"isPartOf\":{\"@id\":\"https:\\\/\\\/jumeaux91.fr\\\/blog\\\/abattage-dun-olivier-rendant-hommage-a-ilan-halimi-deux-hommes-interpelles\\\/\"},\"author\":{\"name\":\"Claude DAYRES\",\"@id\":\"https:\\\/\\\/jumeaux91.fr\\\/blog\\\/#\\\/schema\\\/person\\\/21da06e9f119b9f64e5d45dbbd32d3fb\"},\"headline\":\"Abattage d\u2019un olivier rendant hommage \u00e0 Ilan Halimi : deux hommes interpell\u00e9s\",\"datePublished\":\"2025-08-27T10:10:00+00:00\",\"mainEntityOfPage\":{\"@id\":\"https:\\\/\\\/jumeaux91.fr\\\/blog\\\/abattage-dun-olivier-rendant-hommage-a-ilan-halimi-deux-hommes-interpelles\\\/\"},\"wordCount\":623,\"publisher\":{\"@id\":\"https:\\\/\\\/jumeaux91.fr\\\/blog\\\/#organization\"},\"image\":{\"@id\":\"https:\\\/\\\/jumeaux91.fr\\\/blog\\\/abattage-dun-olivier-rendant-hommage-a-ilan-halimi-deux-hommes-interpelles\\\/#primaryimage\"},\"thumbnailUrl\":\"https:\\\/\\\/jumeaux91.fr\\\/blog\\\/wp-content\\\/uploads\\\/2025\\\/08\\\/abattage-dun-olivier-rendant-hommage-a-ilan-halimi-deux-hommes-interpelles.jpg\",\"articleSection\":[\"Posts Fr\u00e8res Jumeaux De L'Essonnes:\"],\"inLanguage\":\"fr-FR\"},{\"@type\":\"WebPage\",\"@id\":\"https:\\\/\\\/jumeaux91.fr\\\/blog\\\/abattage-dun-olivier-rendant-hommage-a-ilan-halimi-deux-hommes-interpelles\\\/\",\"url\":\"https:\\\/\\\/jumeaux91.fr\\\/blog\\\/abattage-dun-olivier-rendant-hommage-a-ilan-halimi-deux-hommes-interpelles\\\/\",\"name\":\"Abattage d\u2019un olivier rendant hommage \u00e0 Ilan Halimi : deux hommes interpell\u00e9s - JUMEAUX91\",\"isPartOf\":{\"@id\":\"https:\\\/\\\/jumeaux91.fr\\\/blog\\\/#website\"},\"primaryImageOfPage\":{\"@id\":\"https:\\\/\\\/jumeaux91.fr\\\/blog\\\/abattage-dun-olivier-rendant-hommage-a-ilan-halimi-deux-hommes-interpelles\\\/#primaryimage\"},\"image\":{\"@id\":\"https:\\\/\\\/jumeaux91.fr\\\/blog\\\/abattage-dun-olivier-rendant-hommage-a-ilan-halimi-deux-hommes-interpelles\\\/#primaryimage\"},\"thumbnailUrl\":\"https:\\\/\\\/jumeaux91.fr\\\/blog\\\/wp-content\\\/uploads\\\/2025\\\/08\\\/abattage-dun-olivier-rendant-hommage-a-ilan-halimi-deux-hommes-interpelles.jpg\",\"datePublished\":\"2025-08-27T10:10:00+00:00\",\"breadcrumb\":{\"@id\":\"https:\\\/\\\/jumeaux91.fr\\\/blog\\\/abattage-dun-olivier-rendant-hommage-a-ilan-halimi-deux-hommes-interpelles\\\/#breadcrumb\"},\"inLanguage\":\"fr-FR\",\"potentialAction\":[{\"@type\":\"ReadAction\",\"target\":[\"https:\\\/\\\/jumeaux91.fr\\\/blog\\\/abattage-dun-olivier-rendant-hommage-a-ilan-halimi-deux-hommes-interpelles\\\/\"]}]},{\"@type\":\"ImageObject\",\"inLanguage\":\"fr-FR\",\"@id\":\"https:\\\/\\\/jumeaux91.fr\\\/blog\\\/abattage-dun-olivier-rendant-hommage-a-ilan-halimi-deux-hommes-interpelles\\\/#primaryimage\",\"url\":\"https:\\\/\\\/jumeaux91.fr\\\/blog\\\/wp-content\\\/uploads\\\/2025\\\/08\\\/abattage-dun-olivier-rendant-hommage-a-ilan-halimi-deux-hommes-interpelles.jpg\",\"contentUrl\":\"https:\\\/\\\/jumeaux91.fr\\\/blog\\\/wp-content\\\/uploads\\\/2025\\\/08\\\/abattage-dun-olivier-rendant-hommage-a-ilan-halimi-deux-hommes-interpelles.jpg\",\"width\":1200,\"height\":800,\"caption\":\"Abattage d\u2019un olivier rendant hommage \u00e0 Ilan Halimi : deux hommes interpell\u00e9s\"},{\"@type\":\"BreadcrumbList\",\"@id\":\"https:\\\/\\\/jumeaux91.fr\\\/blog\\\/abattage-dun-olivier-rendant-hommage-a-ilan-halimi-deux-hommes-interpelles\\\/#breadcrumb\",\"itemListElement\":[{\"@type\":\"ListItem\",\"position\":1,\"name\":\"Accueil\",\"item\":\"https:\\\/\\\/jumeaux91.fr\\\/blog\\\/\"},{\"@type\":\"ListItem\",\"position\":2,\"name\":\"Abattage d\u2019un olivier rendant hommage \u00e0 Ilan Halimi : deux hommes interpell\u00e9s\"}]},{\"@type\":\"WebSite\",\"@id\":\"https:\\\/\\\/jumeaux91.fr\\\/blog\\\/#website\",\"url\":\"https:\\\/\\\/jumeaux91.fr\\\/blog\\\/\",\"name\":\"JUMEAUX91\",\"description\":\"Fr\u00e8res jumeaux de l&#039;Essonnes; informations et archives, \u00e0 savoir et retenir.\",\"publisher\":{\"@id\":\"https:\\\/\\\/jumeaux91.fr\\\/blog\\\/#organization\"},\"potentialAction\":[{\"@type\":\"SearchAction\",\"target\":{\"@type\":\"EntryPoint\",\"urlTemplate\":\"https:\\\/\\\/jumeaux91.fr\\\/blog\\\/?s={search_term_string}\"},\"query-input\":{\"@type\":\"PropertyValueSpecification\",\"valueRequired\":true,\"valueName\":\"search_term_string\"}}],\"inLanguage\":\"fr-FR\"},{\"@type\":\"Organization\",\"@id\":\"https:\\\/\\\/jumeaux91.fr\\\/blog\\\/#organization\",\"name\":\"jumeaux91\",\"url\":\"https:\\\/\\\/jumeaux91.fr\\\/blog\\\/\",\"logo\":{\"@type\":\"ImageObject\",\"inLanguage\":\"fr-FR\",\"@id\":\"https:\\\/\\\/jumeaux91.fr\\\/blog\\\/#\\\/schema\\\/logo\\\/image\\\/\",\"url\":\"https:\\\/\\\/jumeaux91.fr\\\/blog\\\/wp-content\\\/uploads\\\/2023\\\/05\\\/cropped-cropped-logoJ_91.png\",\"contentUrl\":\"https:\\\/\\\/jumeaux91.fr\\\/blog\\\/wp-content\\\/uploads\\\/2023\\\/05\\\/cropped-cropped-logoJ_91.png\",\"width\":512,\"height\":512,\"caption\":\"jumeaux91\"},\"image\":{\"@id\":\"https:\\\/\\\/jumeaux91.fr\\\/blog\\\/#\\\/schema\\\/logo\\\/image\\\/\"}},{\"@type\":\"Person\",\"@id\":\"https:\\\/\\\/jumeaux91.fr\\\/blog\\\/#\\\/schema\\\/person\\\/21da06e9f119b9f64e5d45dbbd32d3fb\",\"name\":\"Claude DAYRES\",\"image\":{\"@type\":\"ImageObject\",\"inLanguage\":\"fr-FR\",\"@id\":\"https:\\\/\\\/secure.gravatar.com\\\/avatar\\\/82eb951df6110a2c48d1bfa7a67d1ee6f0cd5df3cbf9c3586dd61e82db7172a5?s=96&d=mm&r=g\",\"url\":\"https:\\\/\\\/secure.gravatar.com\\\/avatar\\\/82eb951df6110a2c48d1bfa7a67d1ee6f0cd5df3cbf9c3586dd61e82db7172a5?s=96&d=mm&r=g\",\"contentUrl\":\"https:\\\/\\\/secure.gravatar.com\\\/avatar\\\/82eb951df6110a2c48d1bfa7a67d1ee6f0cd5df3cbf9c3586dd61e82db7172a5?s=96&d=mm&r=g\",\"caption\":\"Claude DAYRES\"},\"url\":\"https:\\\/\\\/jumeaux91.fr\\\/blog\\\/author\\\/x91claude\\\/\"}]}<\/script>\n<!-- \/ Yoast SEO plugin. -->","yoast_head_json":{"title":"Abattage d\u2019un olivier rendant hommage \u00e0 Ilan Halimi : deux hommes interpell\u00e9s - JUMEAUX91","robots":{"index":"index","follow":"follow","max-snippet":"max-snippet:-1","max-image-preview":"max-image-preview:large","max-video-preview":"max-video-preview:-1"},"canonical":"https:\/\/jumeaux91.fr\/blog\/abattage-dun-olivier-rendant-hommage-a-ilan-halimi-deux-hommes-interpelles\/","og_locale":"fr_FR","og_type":"article","og_title":"Abattage d\u2019un olivier rendant hommage \u00e0 Ilan Halimi : deux hommes interpell\u00e9s - JUMEAUX91","og_description":"Les suspects, des fr\u00e8res jumeaux, vont \u00eatre jug\u00e9s en comparution imm\u00e9diate pour destruction de bien aggrav\u00e9e et violation de monument d\u00e9di\u00e9 \u00e0 la m\u00e9moire des morts commise en raison de la race, l\u2019ethnie, la nation ou la religion, a pr\u00e9cis\u00e9 le minist\u00e8re public. L\u2019abattage de l\u2019arbre en pleine nuit avait suscit\u00e9 une indignation unanime au&hellip; Poursuivre la lecture Abattage d\u2019un olivier rendant hommage \u00e0 Ilan Halimi : deux hommes interpell\u00e9s","og_url":"https:\/\/jumeaux91.fr\/blog\/abattage-dun-olivier-rendant-hommage-a-ilan-halimi-deux-hommes-interpelles\/","og_site_name":"JUMEAUX91","article_published_time":"2025-08-27T10:10:00+00:00","og_image":[{"url":"https:\/\/jumeaux91.fr\/blog\/wp-content\/uploads\/2025\/08\/abattage-dun-olivier-rendant-hommage-a-ilan-halimi-deux-hommes-interpelles.jpg","type":"","width":"","height":""}],"author":"Claude DAYRES","twitter_card":"summary_large_image","twitter_misc":{"\u00c9crit par":"Claude DAYRES","Dur\u00e9e de lecture estim\u00e9e":"3 minutes"},"schema":{"@context":"https:\/\/schema.org","@graph":[{"@type":"Article","@id":"https:\/\/jumeaux91.fr\/blog\/abattage-dun-olivier-rendant-hommage-a-ilan-halimi-deux-hommes-interpelles\/#article","isPartOf":{"@id":"https:\/\/jumeaux91.fr\/blog\/abattage-dun-olivier-rendant-hommage-a-ilan-halimi-deux-hommes-interpelles\/"},"author":{"name":"Claude DAYRES","@id":"https:\/\/jumeaux91.fr\/blog\/#\/schema\/person\/21da06e9f119b9f64e5d45dbbd32d3fb"},"headline":"Abattage d\u2019un olivier rendant hommage \u00e0 Ilan Halimi : deux hommes interpell\u00e9s","datePublished":"2025-08-27T10:10:00+00:00","mainEntityOfPage":{"@id":"https:\/\/jumeaux91.fr\/blog\/abattage-dun-olivier-rendant-hommage-a-ilan-halimi-deux-hommes-interpelles\/"},"wordCount":623,"publisher":{"@id":"https:\/\/jumeaux91.fr\/blog\/#organization"},"image":{"@id":"https:\/\/jumeaux91.fr\/blog\/abattage-dun-olivier-rendant-hommage-a-ilan-halimi-deux-hommes-interpelles\/#primaryimage"},"thumbnailUrl":"https:\/\/jumeaux91.fr\/blog\/wp-content\/uploads\/2025\/08\/abattage-dun-olivier-rendant-hommage-a-ilan-halimi-deux-hommes-interpelles.jpg","articleSection":["Posts Fr\u00e8res Jumeaux De L'Essonnes:"],"inLanguage":"fr-FR"},{"@type":"WebPage","@id":"https:\/\/jumeaux91.fr\/blog\/abattage-dun-olivier-rendant-hommage-a-ilan-halimi-deux-hommes-interpelles\/","url":"https:\/\/jumeaux91.fr\/blog\/abattage-dun-olivier-rendant-hommage-a-ilan-halimi-deux-hommes-interpelles\/","name":"Abattage d\u2019un olivier rendant hommage \u00e0 Ilan Halimi : deux hommes interpell\u00e9s - JUMEAUX91","isPartOf":{"@id":"https:\/\/jumeaux91.fr\/blog\/#website"},"primaryImageOfPage":{"@id":"https:\/\/jumeaux91.fr\/blog\/abattage-dun-olivier-rendant-hommage-a-ilan-halimi-deux-hommes-interpelles\/#primaryimage"},"image":{"@id":"https:\/\/jumeaux91.fr\/blog\/abattage-dun-olivier-rendant-hommage-a-ilan-halimi-deux-hommes-interpelles\/#primaryimage"},"thumbnailUrl":"https:\/\/jumeaux91.fr\/blog\/wp-content\/uploads\/2025\/08\/abattage-dun-olivier-rendant-hommage-a-ilan-halimi-deux-hommes-interpelles.jpg","datePublished":"2025-08-27T10:10:00+00:00","breadcrumb":{"@id":"https:\/\/jumeaux91.fr\/blog\/abattage-dun-olivier-rendant-hommage-a-ilan-halimi-deux-hommes-interpelles\/#breadcrumb"},"inLanguage":"fr-FR","potentialAction":[{"@type":"ReadAction","target":["https:\/\/jumeaux91.fr\/blog\/abattage-dun-olivier-rendant-hommage-a-ilan-halimi-deux-hommes-interpelles\/"]}]},{"@type":"ImageObject","inLanguage":"fr-FR","@id":"https:\/\/jumeaux91.fr\/blog\/abattage-dun-olivier-rendant-hommage-a-ilan-halimi-deux-hommes-interpelles\/#primaryimage","url":"https:\/\/jumeaux91.fr\/blog\/wp-content\/uploads\/2025\/08\/abattage-dun-olivier-rendant-hommage-a-ilan-halimi-deux-hommes-interpelles.jpg","contentUrl":"https:\/\/jumeaux91.fr\/blog\/wp-content\/uploads\/2025\/08\/abattage-dun-olivier-rendant-hommage-a-ilan-halimi-deux-hommes-interpelles.jpg","width":1200,"height":800,"caption":"Abattage d\u2019un olivier rendant hommage \u00e0 Ilan Halimi : deux hommes interpell\u00e9s"},{"@type":"BreadcrumbList","@id":"https:\/\/jumeaux91.fr\/blog\/abattage-dun-olivier-rendant-hommage-a-ilan-halimi-deux-hommes-interpelles\/#breadcrumb","itemListElement":[{"@type":"ListItem","position":1,"name":"Accueil","item":"https:\/\/jumeaux91.fr\/blog\/"},{"@type":"ListItem","position":2,"name":"Abattage d\u2019un olivier rendant hommage \u00e0 Ilan Halimi : deux hommes interpell\u00e9s"}]},{"@type":"WebSite","@id":"https:\/\/jumeaux91.fr\/blog\/#website","url":"https:\/\/jumeaux91.fr\/blog\/","name":"JUMEAUX91","description":"Fr\u00e8res jumeaux de l&#039;Essonnes; informations et archives, \u00e0 savoir et retenir.","publisher":{"@id":"https:\/\/jumeaux91.fr\/blog\/#organization"},"potentialAction":[{"@type":"SearchAction","target":{"@type":"EntryPoint","urlTemplate":"https:\/\/jumeaux91.fr\/blog\/?s={search_term_string}"},"query-input":{"@type":"PropertyValueSpecification","valueRequired":true,"valueName":"search_term_string"}}],"inLanguage":"fr-FR"},{"@type":"Organization","@id":"https:\/\/jumeaux91.fr\/blog\/#organization","name":"jumeaux91","url":"https:\/\/jumeaux91.fr\/blog\/","logo":{"@type":"ImageObject","inLanguage":"fr-FR","@id":"https:\/\/jumeaux91.fr\/blog\/#\/schema\/logo\/image\/","url":"https:\/\/jumeaux91.fr\/blog\/wp-content\/uploads\/2023\/05\/cropped-cropped-logoJ_91.png","contentUrl":"https:\/\/jumeaux91.fr\/blog\/wp-content\/uploads\/2023\/05\/cropped-cropped-logoJ_91.png","width":512,"height":512,"caption":"jumeaux91"},"image":{"@id":"https:\/\/jumeaux91.fr\/blog\/#\/schema\/logo\/image\/"}},{"@type":"Person","@id":"https:\/\/jumeaux91.fr\/blog\/#\/schema\/person\/21da06e9f119b9f64e5d45dbbd32d3fb","name":"Claude DAYRES","image":{"@type":"ImageObject","inLanguage":"fr-FR","@id":"https:\/\/secure.gravatar.com\/avatar\/82eb951df6110a2c48d1bfa7a67d1ee6f0cd5df3cbf9c3586dd61e82db7172a5?s=96&d=mm&r=g","url":"https:\/\/secure.gravatar.com\/avatar\/82eb951df6110a2c48d1bfa7a67d1ee6f0cd5df3cbf9c3586dd61e82db7172a5?s=96&d=mm&r=g","contentUrl":"https:\/\/secure.gravatar.com\/avatar\/82eb951df6110a2c48d1bfa7a67d1ee6f0cd5df3cbf9c3586dd61e82db7172a5?s=96&d=mm&r=g","caption":"Claude DAYRES"},"url":"https:\/\/jumeaux91.fr\/blog\/author\/x91claude\/"}]}},"_links":{"self":[{"href":"https:\/\/jumeaux91.fr\/blog\/wp-json\/wp\/v2\/posts\/1620","targetHints":{"allow":["GET"]}}],"collection":[{"href":"https:\/\/jumeaux91.fr\/blog\/wp-json\/wp\/v2\/posts"}],"about":[{"href":"https:\/\/jumeaux91.fr\/blog\/wp-json\/wp\/v2\/types\/post"}],"author":[{"embeddable":true,"href":"https:\/\/jumeaux91.fr\/blog\/wp-json\/wp\/v2\/users\/2"}],"replies":[{"embeddable":true,"href":"https:\/\/jumeaux91.fr\/blog\/wp-json\/wp\/v2\/comments?post=1620"}],"version-history":[{"count":0,"href":"https:\/\/jumeaux91.fr\/blog\/wp-json\/wp\/v2\/posts\/1620\/revisions"}],"wp:featuredmedia":[{"embeddable":true,"href":"https:\/\/jumeaux91.fr\/blog\/wp-json\/wp\/v2\/media\/1621"}],"wp:attachment":[{"href":"https:\/\/jumeaux91.fr\/blog\/wp-json\/wp\/v2\/media?parent=1620"}],"wp:term":[{"taxonomy":"category","embeddable":true,"href":"https:\/\/jumeaux91.fr\/blog\/wp-json\/wp\/v2\/categories?post=1620"},{"taxonomy":"post_tag","embeddable":true,"href":"https:\/\/jumeaux91.fr\/blog\/wp-json\/wp\/v2\/tags?post=1620"}],"curies":[{"name":"wp","href":"https:\/\/api.w.org\/{rel}","templated":true}]}}