{"id":1625,"date":"2025-08-28T10:59:00","date_gmt":"2025-08-28T08:59:00","guid":{"rendered":"https:\/\/jumeaux91.fr\/blog\/olivier-pour-ilan-halimi-abattu-deux-freres-ecroues-avant-leur-proces-en-octobre\/"},"modified":"2025-08-28T10:59:00","modified_gmt":"2025-08-28T08:59:00","slug":"olivier-pour-ilan-halimi-abattu-deux-freres-ecroues-avant-leur-proces-en-octobre","status":"publish","type":"post","link":"https:\/\/jumeaux91.fr\/blog\/olivier-pour-ilan-halimi-abattu-deux-freres-ecroues-avant-leur-proces-en-octobre\/","title":{"rendered":"Olivier pour Ilan Halimi abattu : deux fr\u00e8res \u00e9crou\u00e9s avant leur proc\u00e8s en octobre"},"content":{"rendered":"<div><img decoding=\"async\" src=\"https:\/\/jumeaux91.fr\/blog\/wp-content\/uploads\/2025\/08\/olivier-pour-ilan-halimi-abattu-deux-freres-ecroues-avant-leur-proces-en-octobre.jpg\" class=\"ff-og-image-inserted\"><\/div>\n<div>\n<p>Des fr\u00e8res jumeaux de 19 ans, soup\u00e7onn\u00e9s <a href=\"https:\/\/www.letelegramme.fr\/france\/une-infame-attaque-un-arbre-plante-en-hommage-a-ilan-halimi-abattu-en-seine-saint-denis-6871605.php\" title=\"www.letelegramme.fr\" target=\"_blank\" rel=\"nofollow\">d\u2019avoir abattu, il y a deux semaines<\/a>, \u00e0 Epinay-sur-Seine (Seine-Saint-Denis), un olivier plant\u00e9 en m\u00e9moire d\u2019Ilan Halimi, ont \u00e9t\u00e9 plac\u00e9s en d\u00e9tention provisoire dans l\u2019attente d\u2019\u00eatre jug\u00e9s en octobre, a-t-on appris, jeudi, aupr\u00e8s du parquet. Les deux jeunes hommes <a href=\"https:\/\/www.letelegramme.fr\/france\/abattage-dun-olivier-rendant-hommage-a-ilan-halimi-deux-hommes-interpelles-6877377.php\" title=\"www.letelegramme.fr\" target=\"_blank\" rel=\"nofollow\">avaient \u00e9t\u00e9 d\u00e9f\u00e9r\u00e9s, mercredi<\/a>, en comparution imm\u00e9diate au tribunal correctionnel de Bobigny, o\u00f9 l\u2019affaire a \u00e9t\u00e9 renvoy\u00e9e au 22 octobre, a pr\u00e9cis\u00e9 le parquet. Ils seront jug\u00e9s pour destruction de bien aggrav\u00e9e et violation de monument d\u00e9di\u00e9 \u00e0 la m\u00e9moire des morts commise en raison de la race, l\u2019ethnie, la nation ou la religion, selon le minist\u00e8re public, qui n\u2019a pas donn\u00e9 davantage de pr\u00e9cisions sur leur identit\u00e9.<\/p>\n<\/div>\n<div>\n<p>Une source proche de l\u2019enqu\u00eate a assur\u00e9 que ces jeunes hommes de 19 ans \u00e9taient des personnes sans domicile fixe, de nationalit\u00e9 tunisienne, en situation irr\u00e9guli\u00e8re, confirmant une information donn\u00e9e par Paris Match. Survenu dans la nuit du 13 au 14 ao\u00fbt, l\u2019abattage de l\u2019arbre en m\u00e9moire d\u2019Ilan Halimi, jeune Juif tortur\u00e9 \u00e0 mort, en 2006, avait suscit\u00e9 une indignation unanime au sein de la classe politique. L\u2019olivier avait \u00e9t\u00e9 plant\u00e9 en 2011, au jardin d\u2019Alcobendas d\u2019Epinay-sur-Seine, ville d\u2019un peu plus de 50&nbsp;000 habitants, situ\u00e9e \u00e0 une dizaine de kilom\u00e8tres au nord de Paris.<\/p>\n<h2>L\u2019ADN des jumeaux sur des morceaux de past\u00e8que<\/h2>\n<\/div>\n<div>\n<p>Selon une autre source proche du dossier, les deux fr\u00e8res ont \u00e9t\u00e9 interpell\u00e9s dans ce m\u00eame jardin public o\u00f9 l\u2019arbre avait \u00e9t\u00e9 arrach\u00e9. Leur ADN a \u00e9t\u00e9 pr\u00e9lev\u00e9 sur des morceaux de past\u00e8que qui avaient \u00e9t\u00e9 retrouv\u00e9s le 14 ao\u00fbt autour du tronc coup\u00e9, au pied de la st\u00e8le en m\u00e9moire d\u2019Ilan Halimi, a rapport\u00e9 cette source proche du dossier, relevant que la past\u00e8que est, depuis longtemps, un fruit symbole de la r\u00e9sistance du peuple palestinien face \u00e0 Isra\u00ebl.<\/p>\n<p>Citoyen fran\u00e7ais de confession juive, Ilan Halimi, 23 ans, avait \u00e9t\u00e9 s\u00e9questr\u00e9 et tortur\u00e9, en janvier 2006, \u00e0 Bagneux (Hauts-de-Seine), par un groupe d\u2019une vingtaine de personnes qui se faisaient appeler le \u00ab&nbsp;gang des barbares&nbsp;\u00bb, sous la direction de <a href=\"https:\/\/www.letelegramme.fr\/france\/spanparisspan-le-gang-des-barbares-devant-les-juges-475873.php\" title=\"www.letelegramme.fr\" target=\"_blank\" rel=\"nofollow\">Youssouf Fofana<\/a>. D\u00e9couvert agonisant au bord d\u2019une voie ferr\u00e9e \u00e0 Sainte-Genevi\u00e8ve-des-Bois, dans l\u2019Essonne, le jeune homme \u00e9tait mort pendant son transfert \u00e0 l\u2019h\u00f4pital, un peu moins d\u2019un mois plus tard. Deux autres arbres plant\u00e9s en hommage \u00e0 Ilan Halimi, dont l\u2019un portait sa photo, avaient \u00e9t\u00e9 sci\u00e9s, en 2019, \u00e0 Sainte-Genevi\u00e8ve-des-Bois. D\u2019autres arbres avaient \u00e9t\u00e9 replant\u00e9s.<\/p>\n<h2>\u00ab&nbsp;Un \u00e9lan de solidarit\u00e9 remarquable&nbsp;\u00bb<\/h2>\n<\/div>\n<div>\n<p>Le maire d\u2019Epinay-sur-Seine, Herv\u00e9 Chevreau (DVD), a indiqu\u00e9 que plusieurs arbres seraient replant\u00e9s dans la deuxi\u00e8me quinzaine de septembre dans la ville, en m\u00e9moire d\u2019Ilan Halimi. \u00ab&nbsp;Il y a un \u00e9lan de solidarit\u00e9 remarquable. Une personne nous a ainsi fait livrer deux \u00e9normes oliviers. D\u2019autres personnes, qui n\u2019ont pas de lien avec la communaut\u00e9 (juive) ont \u00e9t\u00e9 choqu\u00e9es par cet acte ignoble et veulent aussi nous donner des arbres&nbsp;\u00bb, a ajout\u00e9 l\u2019\u00e9dile.<\/p>\n<\/div>\n<p>La chronique se veut g\u00e9n\u00e9r\u00e9e de la fa\u00e7on la plus claire que possible. Dans le cas o\u00f9 vous souhaitez pr\u00e9senter des renseignements compl\u00e9mentaires \u00e0 cet article sur le sujet \u00ab\u00a0Fr\u00e8res jumeaux de l&rsquo;Essonnes\u00a0\u00bb il vous est possible d\u2019\u00e9crire aux contacts indiqu\u00e9s sur notre website. La raison d\u2019\u00eatre de jumeaux91.fr \u00e9tant de rassembler sur le web des posts sur le sujet de Fr\u00e8res jumeaux de l&rsquo;Essonnes puis les diffuser en r\u00e9pondant au mieux aux interrogations des gens. Vous pouvez tirer profit de cet article traitant le sujet \u00ab\u00a0Fr\u00e8res jumeaux de l&rsquo;Essonnes\u00a0\u00bb. Il est concoct\u00e9 par l\u2019\u00e9quipe jumeaux91.fr. Prochainement, nous rendrons accessibles au public d&rsquo;autres informations pertinentes sur le sujet \u00ab\u00a0Fr\u00e8res jumeaux de l&rsquo;Essonnes\u00a0\u00bb. Alors, consultez syst\u00e9matiquement notre blog.<\/p>\n","protected":false},"excerpt":{"rendered":"<p>Des fr\u00e8res jumeaux de 19 ans, soup\u00e7onn\u00e9s d\u2019avoir abattu, il y a deux semaines, \u00e0 Epinay-sur-Seine (Seine-Saint-Denis), un olivier plant\u00e9 en m\u00e9moire d\u2019Ilan Halimi, ont \u00e9t\u00e9 plac\u00e9s en d\u00e9tention provisoire dans l\u2019attente d\u2019\u00eatre jug\u00e9s en octobre, a-t-on appris, jeudi, aupr\u00e8s du parquet. Les deux jeunes hommes avaient \u00e9t\u00e9 d\u00e9f\u00e9r\u00e9s, mercredi, en comparution imm\u00e9diate au tribunal&hellip; <a class=\"more-link\" href=\"https:\/\/jumeaux91.fr\/blog\/olivier-pour-ilan-halimi-abattu-deux-freres-ecroues-avant-leur-proces-en-octobre\/\">Poursuivre la lecture <span class=\"screen-reader-text\">Olivier pour Ilan Halimi abattu : deux fr\u00e8res \u00e9crou\u00e9s avant leur proc\u00e8s en octobre<\/span><\/a><\/p>\n","protected":false},"author":2,"featured_media":1626,"comment_status":"closed","ping_status":"closed","sticky":false,"template":"","format":"standard","meta":{"footnotes":""},"categories":[4],"tags":[],"class_list":["post-1625","post","type-post","status-publish","format-standard","has-post-thumbnail","hentry","category-posts-freres-jumeaux-de-lessonnes","entry"],"yoast_head":"<!-- This site is optimized with the Yoast SEO plugin v27.5 - https:\/\/yoast.com\/product\/yoast-seo-wordpress\/ -->\n<title>Olivier pour Ilan Halimi abattu : deux fr\u00e8res \u00e9crou\u00e9s avant leur proc\u00e8s en octobre - JUMEAUX91<\/title>\n<meta name=\"robots\" content=\"index, follow, max-snippet:-1, max-image-preview:large, max-video-preview:-1\" \/>\n<link rel=\"canonical\" href=\"https:\/\/jumeaux91.fr\/blog\/olivier-pour-ilan-halimi-abattu-deux-freres-ecroues-avant-leur-proces-en-octobre\/\" \/>\n<meta property=\"og:locale\" content=\"fr_FR\" \/>\n<meta property=\"og:type\" content=\"article\" \/>\n<meta property=\"og:title\" content=\"Olivier pour Ilan Halimi abattu : deux fr\u00e8res \u00e9crou\u00e9s avant leur proc\u00e8s en octobre - JUMEAUX91\" \/>\n<meta property=\"og:description\" content=\"Des fr\u00e8res jumeaux de 19 ans, soup\u00e7onn\u00e9s d\u2019avoir abattu, il y a deux semaines, \u00e0 Epinay-sur-Seine (Seine-Saint-Denis), un olivier plant\u00e9 en m\u00e9moire d\u2019Ilan Halimi, ont \u00e9t\u00e9 plac\u00e9s en d\u00e9tention provisoire dans l\u2019attente d\u2019\u00eatre jug\u00e9s en octobre, a-t-on appris, jeudi, aupr\u00e8s du parquet. Les deux jeunes hommes avaient \u00e9t\u00e9 d\u00e9f\u00e9r\u00e9s, mercredi, en comparution imm\u00e9diate au tribunal&hellip; Poursuivre la lecture Olivier pour Ilan Halimi abattu : deux fr\u00e8res \u00e9crou\u00e9s avant leur proc\u00e8s en octobre\" \/>\n<meta property=\"og:url\" content=\"https:\/\/jumeaux91.fr\/blog\/olivier-pour-ilan-halimi-abattu-deux-freres-ecroues-avant-leur-proces-en-octobre\/\" \/>\n<meta property=\"og:site_name\" content=\"JUMEAUX91\" \/>\n<meta property=\"article:published_time\" content=\"2025-08-28T08:59:00+00:00\" \/>\n<meta property=\"og:image\" content=\"https:\/\/jumeaux91.fr\/blog\/wp-content\/uploads\/2025\/08\/olivier-pour-ilan-halimi-abattu-deux-freres-ecroues-avant-leur-proces-en-octobre.jpg\" \/>\n<meta name=\"author\" content=\"Claude DAYRES\" \/>\n<meta name=\"twitter:card\" content=\"summary_large_image\" \/>\n<meta name=\"twitter:label1\" content=\"\u00c9crit par\" \/>\n\t<meta name=\"twitter:data1\" content=\"Claude DAYRES\" \/>\n\t<meta name=\"twitter:label2\" content=\"Dur\u00e9e de lecture estim\u00e9e\" \/>\n\t<meta name=\"twitter:data2\" content=\"3 minutes\" \/>\n<script type=\"application\/ld+json\" class=\"yoast-schema-graph\">{\"@context\":\"https:\\\/\\\/schema.org\",\"@graph\":[{\"@type\":\"Article\",\"@id\":\"https:\\\/\\\/jumeaux91.fr\\\/blog\\\/olivier-pour-ilan-halimi-abattu-deux-freres-ecroues-avant-leur-proces-en-octobre\\\/#article\",\"isPartOf\":{\"@id\":\"https:\\\/\\\/jumeaux91.fr\\\/blog\\\/olivier-pour-ilan-halimi-abattu-deux-freres-ecroues-avant-leur-proces-en-octobre\\\/\"},\"author\":{\"name\":\"Claude DAYRES\",\"@id\":\"https:\\\/\\\/jumeaux91.fr\\\/blog\\\/#\\\/schema\\\/person\\\/21da06e9f119b9f64e5d45dbbd32d3fb\"},\"headline\":\"Olivier pour Ilan Halimi abattu : deux fr\u00e8res \u00e9crou\u00e9s avant leur proc\u00e8s en octobre\",\"datePublished\":\"2025-08-28T08:59:00+00:00\",\"mainEntityOfPage\":{\"@id\":\"https:\\\/\\\/jumeaux91.fr\\\/blog\\\/olivier-pour-ilan-halimi-abattu-deux-freres-ecroues-avant-leur-proces-en-octobre\\\/\"},\"wordCount\":692,\"publisher\":{\"@id\":\"https:\\\/\\\/jumeaux91.fr\\\/blog\\\/#organization\"},\"image\":{\"@id\":\"https:\\\/\\\/jumeaux91.fr\\\/blog\\\/olivier-pour-ilan-halimi-abattu-deux-freres-ecroues-avant-leur-proces-en-octobre\\\/#primaryimage\"},\"thumbnailUrl\":\"https:\\\/\\\/jumeaux91.fr\\\/blog\\\/wp-content\\\/uploads\\\/2025\\\/08\\\/olivier-pour-ilan-halimi-abattu-deux-freres-ecroues-avant-leur-proces-en-octobre.jpg\",\"articleSection\":[\"Posts Fr\u00e8res Jumeaux De L'Essonnes:\"],\"inLanguage\":\"fr-FR\"},{\"@type\":\"WebPage\",\"@id\":\"https:\\\/\\\/jumeaux91.fr\\\/blog\\\/olivier-pour-ilan-halimi-abattu-deux-freres-ecroues-avant-leur-proces-en-octobre\\\/\",\"url\":\"https:\\\/\\\/jumeaux91.fr\\\/blog\\\/olivier-pour-ilan-halimi-abattu-deux-freres-ecroues-avant-leur-proces-en-octobre\\\/\",\"name\":\"Olivier pour Ilan Halimi abattu : deux fr\u00e8res \u00e9crou\u00e9s avant leur proc\u00e8s en octobre - JUMEAUX91\",\"isPartOf\":{\"@id\":\"https:\\\/\\\/jumeaux91.fr\\\/blog\\\/#website\"},\"primaryImageOfPage\":{\"@id\":\"https:\\\/\\\/jumeaux91.fr\\\/blog\\\/olivier-pour-ilan-halimi-abattu-deux-freres-ecroues-avant-leur-proces-en-octobre\\\/#primaryimage\"},\"image\":{\"@id\":\"https:\\\/\\\/jumeaux91.fr\\\/blog\\\/olivier-pour-ilan-halimi-abattu-deux-freres-ecroues-avant-leur-proces-en-octobre\\\/#primaryimage\"},\"thumbnailUrl\":\"https:\\\/\\\/jumeaux91.fr\\\/blog\\\/wp-content\\\/uploads\\\/2025\\\/08\\\/olivier-pour-ilan-halimi-abattu-deux-freres-ecroues-avant-leur-proces-en-octobre.jpg\",\"datePublished\":\"2025-08-28T08:59:00+00:00\",\"breadcrumb\":{\"@id\":\"https:\\\/\\\/jumeaux91.fr\\\/blog\\\/olivier-pour-ilan-halimi-abattu-deux-freres-ecroues-avant-leur-proces-en-octobre\\\/#breadcrumb\"},\"inLanguage\":\"fr-FR\",\"potentialAction\":[{\"@type\":\"ReadAction\",\"target\":[\"https:\\\/\\\/jumeaux91.fr\\\/blog\\\/olivier-pour-ilan-halimi-abattu-deux-freres-ecroues-avant-leur-proces-en-octobre\\\/\"]}]},{\"@type\":\"ImageObject\",\"inLanguage\":\"fr-FR\",\"@id\":\"https:\\\/\\\/jumeaux91.fr\\\/blog\\\/olivier-pour-ilan-halimi-abattu-deux-freres-ecroues-avant-leur-proces-en-octobre\\\/#primaryimage\",\"url\":\"https:\\\/\\\/jumeaux91.fr\\\/blog\\\/wp-content\\\/uploads\\\/2025\\\/08\\\/olivier-pour-ilan-halimi-abattu-deux-freres-ecroues-avant-leur-proces-en-octobre.jpg\",\"contentUrl\":\"https:\\\/\\\/jumeaux91.fr\\\/blog\\\/wp-content\\\/uploads\\\/2025\\\/08\\\/olivier-pour-ilan-halimi-abattu-deux-freres-ecroues-avant-leur-proces-en-octobre.jpg\",\"width\":1200,\"height\":750,\"caption\":\"Olivier pour Ilan Halimi abattu : deux fr\u00e8res \u00e9crou\u00e9s avant leur proc\u00e8s en octobre\"},{\"@type\":\"BreadcrumbList\",\"@id\":\"https:\\\/\\\/jumeaux91.fr\\\/blog\\\/olivier-pour-ilan-halimi-abattu-deux-freres-ecroues-avant-leur-proces-en-octobre\\\/#breadcrumb\",\"itemListElement\":[{\"@type\":\"ListItem\",\"position\":1,\"name\":\"Accueil\",\"item\":\"https:\\\/\\\/jumeaux91.fr\\\/blog\\\/\"},{\"@type\":\"ListItem\",\"position\":2,\"name\":\"Olivier pour Ilan Halimi abattu : deux fr\u00e8res \u00e9crou\u00e9s avant leur proc\u00e8s en octobre\"}]},{\"@type\":\"WebSite\",\"@id\":\"https:\\\/\\\/jumeaux91.fr\\\/blog\\\/#website\",\"url\":\"https:\\\/\\\/jumeaux91.fr\\\/blog\\\/\",\"name\":\"JUMEAUX91\",\"description\":\"Fr\u00e8res jumeaux de l&#039;Essonnes; informations et archives, \u00e0 savoir et retenir.\",\"publisher\":{\"@id\":\"https:\\\/\\\/jumeaux91.fr\\\/blog\\\/#organization\"},\"potentialAction\":[{\"@type\":\"SearchAction\",\"target\":{\"@type\":\"EntryPoint\",\"urlTemplate\":\"https:\\\/\\\/jumeaux91.fr\\\/blog\\\/?s={search_term_string}\"},\"query-input\":{\"@type\":\"PropertyValueSpecification\",\"valueRequired\":true,\"valueName\":\"search_term_string\"}}],\"inLanguage\":\"fr-FR\"},{\"@type\":\"Organization\",\"@id\":\"https:\\\/\\\/jumeaux91.fr\\\/blog\\\/#organization\",\"name\":\"jumeaux91\",\"url\":\"https:\\\/\\\/jumeaux91.fr\\\/blog\\\/\",\"logo\":{\"@type\":\"ImageObject\",\"inLanguage\":\"fr-FR\",\"@id\":\"https:\\\/\\\/jumeaux91.fr\\\/blog\\\/#\\\/schema\\\/logo\\\/image\\\/\",\"url\":\"https:\\\/\\\/jumeaux91.fr\\\/blog\\\/wp-content\\\/uploads\\\/2023\\\/05\\\/cropped-cropped-logoJ_91.png\",\"contentUrl\":\"https:\\\/\\\/jumeaux91.fr\\\/blog\\\/wp-content\\\/uploads\\\/2023\\\/05\\\/cropped-cropped-logoJ_91.png\",\"width\":512,\"height\":512,\"caption\":\"jumeaux91\"},\"image\":{\"@id\":\"https:\\\/\\\/jumeaux91.fr\\\/blog\\\/#\\\/schema\\\/logo\\\/image\\\/\"}},{\"@type\":\"Person\",\"@id\":\"https:\\\/\\\/jumeaux91.fr\\\/blog\\\/#\\\/schema\\\/person\\\/21da06e9f119b9f64e5d45dbbd32d3fb\",\"name\":\"Claude DAYRES\",\"image\":{\"@type\":\"ImageObject\",\"inLanguage\":\"fr-FR\",\"@id\":\"https:\\\/\\\/secure.gravatar.com\\\/avatar\\\/82eb951df6110a2c48d1bfa7a67d1ee6f0cd5df3cbf9c3586dd61e82db7172a5?s=96&d=mm&r=g\",\"url\":\"https:\\\/\\\/secure.gravatar.com\\\/avatar\\\/82eb951df6110a2c48d1bfa7a67d1ee6f0cd5df3cbf9c3586dd61e82db7172a5?s=96&d=mm&r=g\",\"contentUrl\":\"https:\\\/\\\/secure.gravatar.com\\\/avatar\\\/82eb951df6110a2c48d1bfa7a67d1ee6f0cd5df3cbf9c3586dd61e82db7172a5?s=96&d=mm&r=g\",\"caption\":\"Claude DAYRES\"},\"url\":\"https:\\\/\\\/jumeaux91.fr\\\/blog\\\/author\\\/x91claude\\\/\"}]}<\/script>\n<!-- \/ Yoast SEO plugin. -->","yoast_head_json":{"title":"Olivier pour Ilan Halimi abattu : deux fr\u00e8res \u00e9crou\u00e9s avant leur proc\u00e8s en octobre - JUMEAUX91","robots":{"index":"index","follow":"follow","max-snippet":"max-snippet:-1","max-image-preview":"max-image-preview:large","max-video-preview":"max-video-preview:-1"},"canonical":"https:\/\/jumeaux91.fr\/blog\/olivier-pour-ilan-halimi-abattu-deux-freres-ecroues-avant-leur-proces-en-octobre\/","og_locale":"fr_FR","og_type":"article","og_title":"Olivier pour Ilan Halimi abattu : deux fr\u00e8res \u00e9crou\u00e9s avant leur proc\u00e8s en octobre - JUMEAUX91","og_description":"Des fr\u00e8res jumeaux de 19 ans, soup\u00e7onn\u00e9s d\u2019avoir abattu, il y a deux semaines, \u00e0 Epinay-sur-Seine (Seine-Saint-Denis), un olivier plant\u00e9 en m\u00e9moire d\u2019Ilan Halimi, ont \u00e9t\u00e9 plac\u00e9s en d\u00e9tention provisoire dans l\u2019attente d\u2019\u00eatre jug\u00e9s en octobre, a-t-on appris, jeudi, aupr\u00e8s du parquet. Les deux jeunes hommes avaient \u00e9t\u00e9 d\u00e9f\u00e9r\u00e9s, mercredi, en comparution imm\u00e9diate au tribunal&hellip; Poursuivre la lecture Olivier pour Ilan Halimi abattu : deux fr\u00e8res \u00e9crou\u00e9s avant leur proc\u00e8s en octobre","og_url":"https:\/\/jumeaux91.fr\/blog\/olivier-pour-ilan-halimi-abattu-deux-freres-ecroues-avant-leur-proces-en-octobre\/","og_site_name":"JUMEAUX91","article_published_time":"2025-08-28T08:59:00+00:00","og_image":[{"url":"https:\/\/jumeaux91.fr\/blog\/wp-content\/uploads\/2025\/08\/olivier-pour-ilan-halimi-abattu-deux-freres-ecroues-avant-leur-proces-en-octobre.jpg","type":"","width":"","height":""}],"author":"Claude DAYRES","twitter_card":"summary_large_image","twitter_misc":{"\u00c9crit par":"Claude DAYRES","Dur\u00e9e de lecture estim\u00e9e":"3 minutes"},"schema":{"@context":"https:\/\/schema.org","@graph":[{"@type":"Article","@id":"https:\/\/jumeaux91.fr\/blog\/olivier-pour-ilan-halimi-abattu-deux-freres-ecroues-avant-leur-proces-en-octobre\/#article","isPartOf":{"@id":"https:\/\/jumeaux91.fr\/blog\/olivier-pour-ilan-halimi-abattu-deux-freres-ecroues-avant-leur-proces-en-octobre\/"},"author":{"name":"Claude DAYRES","@id":"https:\/\/jumeaux91.fr\/blog\/#\/schema\/person\/21da06e9f119b9f64e5d45dbbd32d3fb"},"headline":"Olivier pour Ilan Halimi abattu : deux fr\u00e8res \u00e9crou\u00e9s avant leur proc\u00e8s en octobre","datePublished":"2025-08-28T08:59:00+00:00","mainEntityOfPage":{"@id":"https:\/\/jumeaux91.fr\/blog\/olivier-pour-ilan-halimi-abattu-deux-freres-ecroues-avant-leur-proces-en-octobre\/"},"wordCount":692,"publisher":{"@id":"https:\/\/jumeaux91.fr\/blog\/#organization"},"image":{"@id":"https:\/\/jumeaux91.fr\/blog\/olivier-pour-ilan-halimi-abattu-deux-freres-ecroues-avant-leur-proces-en-octobre\/#primaryimage"},"thumbnailUrl":"https:\/\/jumeaux91.fr\/blog\/wp-content\/uploads\/2025\/08\/olivier-pour-ilan-halimi-abattu-deux-freres-ecroues-avant-leur-proces-en-octobre.jpg","articleSection":["Posts Fr\u00e8res Jumeaux De L'Essonnes:"],"inLanguage":"fr-FR"},{"@type":"WebPage","@id":"https:\/\/jumeaux91.fr\/blog\/olivier-pour-ilan-halimi-abattu-deux-freres-ecroues-avant-leur-proces-en-octobre\/","url":"https:\/\/jumeaux91.fr\/blog\/olivier-pour-ilan-halimi-abattu-deux-freres-ecroues-avant-leur-proces-en-octobre\/","name":"Olivier pour Ilan Halimi abattu : deux fr\u00e8res \u00e9crou\u00e9s avant leur proc\u00e8s en octobre - JUMEAUX91","isPartOf":{"@id":"https:\/\/jumeaux91.fr\/blog\/#website"},"primaryImageOfPage":{"@id":"https:\/\/jumeaux91.fr\/blog\/olivier-pour-ilan-halimi-abattu-deux-freres-ecroues-avant-leur-proces-en-octobre\/#primaryimage"},"image":{"@id":"https:\/\/jumeaux91.fr\/blog\/olivier-pour-ilan-halimi-abattu-deux-freres-ecroues-avant-leur-proces-en-octobre\/#primaryimage"},"thumbnailUrl":"https:\/\/jumeaux91.fr\/blog\/wp-content\/uploads\/2025\/08\/olivier-pour-ilan-halimi-abattu-deux-freres-ecroues-avant-leur-proces-en-octobre.jpg","datePublished":"2025-08-28T08:59:00+00:00","breadcrumb":{"@id":"https:\/\/jumeaux91.fr\/blog\/olivier-pour-ilan-halimi-abattu-deux-freres-ecroues-avant-leur-proces-en-octobre\/#breadcrumb"},"inLanguage":"fr-FR","potentialAction":[{"@type":"ReadAction","target":["https:\/\/jumeaux91.fr\/blog\/olivier-pour-ilan-halimi-abattu-deux-freres-ecroues-avant-leur-proces-en-octobre\/"]}]},{"@type":"ImageObject","inLanguage":"fr-FR","@id":"https:\/\/jumeaux91.fr\/blog\/olivier-pour-ilan-halimi-abattu-deux-freres-ecroues-avant-leur-proces-en-octobre\/#primaryimage","url":"https:\/\/jumeaux91.fr\/blog\/wp-content\/uploads\/2025\/08\/olivier-pour-ilan-halimi-abattu-deux-freres-ecroues-avant-leur-proces-en-octobre.jpg","contentUrl":"https:\/\/jumeaux91.fr\/blog\/wp-content\/uploads\/2025\/08\/olivier-pour-ilan-halimi-abattu-deux-freres-ecroues-avant-leur-proces-en-octobre.jpg","width":1200,"height":750,"caption":"Olivier pour Ilan Halimi abattu : deux fr\u00e8res \u00e9crou\u00e9s avant leur proc\u00e8s en octobre"},{"@type":"BreadcrumbList","@id":"https:\/\/jumeaux91.fr\/blog\/olivier-pour-ilan-halimi-abattu-deux-freres-ecroues-avant-leur-proces-en-octobre\/#breadcrumb","itemListElement":[{"@type":"ListItem","position":1,"name":"Accueil","item":"https:\/\/jumeaux91.fr\/blog\/"},{"@type":"ListItem","position":2,"name":"Olivier pour Ilan Halimi abattu : deux fr\u00e8res \u00e9crou\u00e9s avant leur proc\u00e8s en octobre"}]},{"@type":"WebSite","@id":"https:\/\/jumeaux91.fr\/blog\/#website","url":"https:\/\/jumeaux91.fr\/blog\/","name":"JUMEAUX91","description":"Fr\u00e8res jumeaux de l&#039;Essonnes; informations et archives, \u00e0 savoir et retenir.","publisher":{"@id":"https:\/\/jumeaux91.fr\/blog\/#organization"},"potentialAction":[{"@type":"SearchAction","target":{"@type":"EntryPoint","urlTemplate":"https:\/\/jumeaux91.fr\/blog\/?s={search_term_string}"},"query-input":{"@type":"PropertyValueSpecification","valueRequired":true,"valueName":"search_term_string"}}],"inLanguage":"fr-FR"},{"@type":"Organization","@id":"https:\/\/jumeaux91.fr\/blog\/#organization","name":"jumeaux91","url":"https:\/\/jumeaux91.fr\/blog\/","logo":{"@type":"ImageObject","inLanguage":"fr-FR","@id":"https:\/\/jumeaux91.fr\/blog\/#\/schema\/logo\/image\/","url":"https:\/\/jumeaux91.fr\/blog\/wp-content\/uploads\/2023\/05\/cropped-cropped-logoJ_91.png","contentUrl":"https:\/\/jumeaux91.fr\/blog\/wp-content\/uploads\/2023\/05\/cropped-cropped-logoJ_91.png","width":512,"height":512,"caption":"jumeaux91"},"image":{"@id":"https:\/\/jumeaux91.fr\/blog\/#\/schema\/logo\/image\/"}},{"@type":"Person","@id":"https:\/\/jumeaux91.fr\/blog\/#\/schema\/person\/21da06e9f119b9f64e5d45dbbd32d3fb","name":"Claude DAYRES","image":{"@type":"ImageObject","inLanguage":"fr-FR","@id":"https:\/\/secure.gravatar.com\/avatar\/82eb951df6110a2c48d1bfa7a67d1ee6f0cd5df3cbf9c3586dd61e82db7172a5?s=96&d=mm&r=g","url":"https:\/\/secure.gravatar.com\/avatar\/82eb951df6110a2c48d1bfa7a67d1ee6f0cd5df3cbf9c3586dd61e82db7172a5?s=96&d=mm&r=g","contentUrl":"https:\/\/secure.gravatar.com\/avatar\/82eb951df6110a2c48d1bfa7a67d1ee6f0cd5df3cbf9c3586dd61e82db7172a5?s=96&d=mm&r=g","caption":"Claude DAYRES"},"url":"https:\/\/jumeaux91.fr\/blog\/author\/x91claude\/"}]}},"_links":{"self":[{"href":"https:\/\/jumeaux91.fr\/blog\/wp-json\/wp\/v2\/posts\/1625","targetHints":{"allow":["GET"]}}],"collection":[{"href":"https:\/\/jumeaux91.fr\/blog\/wp-json\/wp\/v2\/posts"}],"about":[{"href":"https:\/\/jumeaux91.fr\/blog\/wp-json\/wp\/v2\/types\/post"}],"author":[{"embeddable":true,"href":"https:\/\/jumeaux91.fr\/blog\/wp-json\/wp\/v2\/users\/2"}],"replies":[{"embeddable":true,"href":"https:\/\/jumeaux91.fr\/blog\/wp-json\/wp\/v2\/comments?post=1625"}],"version-history":[{"count":0,"href":"https:\/\/jumeaux91.fr\/blog\/wp-json\/wp\/v2\/posts\/1625\/revisions"}],"wp:featuredmedia":[{"embeddable":true,"href":"https:\/\/jumeaux91.fr\/blog\/wp-json\/wp\/v2\/media\/1626"}],"wp:attachment":[{"href":"https:\/\/jumeaux91.fr\/blog\/wp-json\/wp\/v2\/media?parent=1625"}],"wp:term":[{"taxonomy":"category","embeddable":true,"href":"https:\/\/jumeaux91.fr\/blog\/wp-json\/wp\/v2\/categories?post=1625"},{"taxonomy":"post_tag","embeddable":true,"href":"https:\/\/jumeaux91.fr\/blog\/wp-json\/wp\/v2\/tags?post=1625"}],"curies":[{"name":"wp","href":"https:\/\/api.w.org\/{rel}","templated":true}]}}