{"id":1629,"date":"2025-08-28T03:39:00","date_gmt":"2025-08-28T01:39:00","guid":{"rendered":"https:\/\/jumeaux91.fr\/blog\/qui-sont-les-deux-freres-qui-ont-abattu-lolivier-plante-en-hommage-a-ilan-halimi\/"},"modified":"2025-08-28T03:39:00","modified_gmt":"2025-08-28T01:39:00","slug":"qui-sont-les-deux-freres-qui-ont-abattu-lolivier-plante-en-hommage-a-ilan-halimi","status":"publish","type":"post","link":"https:\/\/jumeaux91.fr\/blog\/qui-sont-les-deux-freres-qui-ont-abattu-lolivier-plante-en-hommage-a-ilan-halimi\/","title":{"rendered":"Qui sont les deux fr\u00e8res qui ont abattu l&rsquo;olivier plant\u00e9 en hommage \u00e0 Ilan Halimi"},"content":{"rendered":"<p class=\"app_entry_lead\"> <a title=\"&nbsp;\u00a9&nbsp;Xavier Francolon\/SIPA (publi\u00e9e le 28\/08\/2025)\" href=\"https:\/\/jumeaux91.fr\/blog\/wp-content\/uploads\/2025\/08\/qui-sont-les-deux-freres-qui-ont-abattu-lolivier-plante-en-hommage-a-ilan-halimi.jpg\" class=\"fancy\">   <img decoding=\"async\" src=\"https:\/\/jumeaux91.fr\/blog\/wp-content\/uploads\/2025\/08\/qui-sont-les-deux-freres-qui-ont-abattu-lolivier-plante-en-hommage-a-ilan-halimi.jpg\" alt=\"Qui sont les deux fr\u00e8res qui ont abattu l'olivier plant\u00e9 en hommage \u00e0 Ilan Halimi&nbsp;?\" width=\"1500\" height=\"1000\">  <\/a> Deux fr\u00e8res de nationalit\u00e9 tunisienne ont \u00e9t\u00e9 plac\u00e9s en d\u00e9tention provisoire, apr\u00e8s avoir tron\u00e7onn\u00e9 un olivier plant\u00e9 en hommage \u00e0 Ilan Halimi en Seine-Saint-Denis, un jeune juif tortur\u00e9 \u00e0 mort en 2006. <\/p>\n<p>Deux hommes&nbsp;suspect\u00e9s d&rsquo;avoir abattu, dans la nuit du 13&nbsp;au 14&nbsp;ao\u00fbt, l&rsquo;olivier plant\u00e9 dans&nbsp;un parc d&rsquo;Epinay-sur-Seine (Seine-Saint-Denis) en hommage \u00e0 Ilan Halimi,&nbsp;ont \u00e9t\u00e9 interpell\u00e9s lundi par la police, selon les informations de <a href=\"https:\/\/www.parismatch.com\/actu\/faits-divers\/info-paris-match-profanation-de-lolivier-dilan-halimi-deux-suspects-interpelles-256170\" target=\"_blank\" rel=\"nofollow\">Paris Match<\/a>.&nbsp;Ils ont \u00e9t\u00e9 renvoy\u00e9s en comparution imm\u00e9diate quelques heures apr\u00e8s leur interpellation,&nbsp;pour \u00eatre jug\u00e9s devant le tribunal de Bobigny (Seine-Saint-Denis).<\/p>\n<p>Ilan Halimi, jeune Fran\u00e7ais juif de 23&nbsp;ans, avait \u00e9t\u00e9&nbsp;s\u00e9questr\u00e9 et tortur\u00e9 en janvier&nbsp;2006&nbsp;\u00e0 Bagneux (Hauts-de-Seine) par un groupe d&rsquo;une vingtaine de personnes qui se faisaient appeler le \u00ab\u00a0gang des barbares\u00a0\u00bb, dirig\u00e9 par Youssouf Fofana.&nbsp;D\u00e9couvert nu, b\u00e2illonn\u00e9, menott\u00e9 et portant des traces de tortures et de br\u00fblures \u00e0 Sainte-Genevi\u00e8ve-des-Bois, dans l&rsquo;Essonne, le jeune homme \u00e9tait mort pendant son transfert \u00e0 l&rsquo;h\u00f4pital un peu moins d&rsquo;un mois plus tard.<\/p>\n<h2>Deux jumeaux connus des services de police<\/h2>\n<p>Les deux fr\u00e8res de 19 ans&nbsp;\u00ab\u00a0ont \u00e9t\u00e9 d\u00e9f\u00e9r\u00e9s\u00a0\u00bb mercredi, confirme&nbsp;le parquet de Bobigny,&nbsp;l&rsquo;affaire a \u00e9t\u00e9 renvoy\u00e9e au 22&nbsp;octobre. Les deux hommes doivent \u00eatre jug\u00e9s pour \u00ab\u00a0destruction de bien aggrav\u00e9e par deux circonstances&nbsp;: ils ont commis les faits en r\u00e9union et s&rsquo;en sont pris \u00e0 un bien d&rsquo;utilit\u00e9 publique\u00a0\u00bb. Ils sont \u00e9galement poursuivis pour \u00ab\u00a0violation de monument d\u00e9di\u00e9 \u00e0 la m\u00e9moire des morts commise en raison de la race, l&rsquo;ethnie, la nation ou la religion. Refus de remettre la convention secr\u00e8te de d\u00e9chiffrement d&rsquo;un moyen de cryptologie\u00a0\u00bb, pr\u00e9cise le parquet.&nbsp;<\/p>\n<p>D&rsquo;apr\u00e8s une source proche de l&rsquo;enqu\u00eate aupr\u00e8s du journal <a href=\"https:\/\/www.leparisien.fr\/seine-saint-denis-93\/olivier-dilan-halimi-abattu-a-epinay-deux-hommes-interpelles-27-08-2025-Y2KD24IVKFAPFL5J6GGXGFXT7Y.php\" target=\"_blank\" rel=\"nofollow\">Le Parisien<\/a>, l&rsquo;ADN des deux hommes \u00ab\u00a0se trouvait sur une past\u00e8que\u00a0\u00bb qu&rsquo;ils \u00ab\u00a0auraient&nbsp;laiss\u00e9e sciemment sur les lieux des faits\u00a0\u00bb. Ce fruit est un symbole&nbsp;de r\u00e9sistance \u00e0 l&rsquo;Etat isra\u00e9lien pour les Palestiniens et un acte de solidarit\u00e9 avec eux. Le quotidien francilien pr\u00e9cise que les deux individus \u00ab\u00a0auraient des ant\u00e9c\u00e9dents judiciaires de vols et de violences\u00a0\u00bb. Ils ont \u00e9t\u00e9 localis\u00e9s dans&nbsp;le jardin d&rsquo;Alcobendas o\u00f9 ils ont \u00e9t\u00e9 arr\u00eat\u00e9s par les policiers de la s\u00fbret\u00e9 territoriale de Seine-Saint-Denis, en charge de l&rsquo;enqu\u00eate, pr\u00e9cise Paris Match.&nbsp;<\/p>\n<p>Selon le parquet de Bobigny, les deux individus en question sont des fr\u00e8res jumeaux. Et toujours d&rsquo;apr\u00e8s le magazine Paris Match,&nbsp;ces derniers sont de nationalit\u00e9 tunisienne et sans domicile fixe. Dans leur t\u00e9l\u00e9phone, des vid\u00e9os dans lesquelles les deux fr\u00e8res utilisaient une tron\u00e7onneuse auraient \u00e9t\u00e9 d\u00e9couvertes.&nbsp;Le tronc de l&rsquo;arbre a \u00e9t\u00e9 sectionn\u00e9 juste au-dessus de la plaque comm\u00e9morative portant le nom d&rsquo;Ilan Halimi.<\/p>\n<p>Le maire de la commune, Herv\u00e9 Chevreau, parle lui d&rsquo;un homme portant un sac \u00e0 dos qui s&rsquo;est introduit dans le&nbsp;jardin d&rsquo;Alcobendas, en se basant sur les&nbsp;images des cam\u00e9ras de vid\u00e9osurveillance ext\u00e9rieures. Les images ont \u00e9t\u00e9 tourn\u00e9es vers 1h50, la nuit des faits, alors que le parc \u00e9tait ferm\u00e9 depuis 21h30.&nbsp;\u00ab\u00a0Abattre l&rsquo;arbre rendant hommage \u00e0 Ilan Halimi, c&rsquo;est chercher \u00e0 le tuer une deuxi\u00e8me fois. Il n&rsquo;en sera rien&nbsp;: la Nation n&rsquo;oubliera pas cet enfant de France mort parce que Juif\u00a0\u00bb, avait d\u00e9clar\u00e9 sur X&nbsp;Emmanuel Macron, le jour o\u00f9 les restes de l&rsquo;arbre ont \u00e9t\u00e9 retrouv\u00e9s par des agents territoriaux de \u00ab\u00a0Plaine Commune\u00a0\u00bb, dont la commune d&rsquo;\u00c9pinay-sur-Seine fait partie.<\/p>\n<p> La chronique se veut g\u00e9n\u00e9r\u00e9e de la fa\u00e7on la plus claire que possible. Dans le cas o\u00f9 vous souhaitez pr\u00e9senter des renseignements compl\u00e9mentaires \u00e0 cet article sur le sujet \u00ab\u00a0Fr\u00e8res jumeaux de l&rsquo;Essonnes\u00a0\u00bb il vous est possible d\u2019\u00e9crire aux contacts indiqu\u00e9s sur notre website. La raison d\u2019\u00eatre de jumeaux91.fr \u00e9tant de rassembler sur le web des posts sur le sujet de Fr\u00e8res jumeaux de l&rsquo;Essonnes puis les diffuser en r\u00e9pondant au mieux aux interrogations des gens. Vous pouvez tirer profit de cet article traitant le sujet \u00ab\u00a0Fr\u00e8res jumeaux de l&rsquo;Essonnes\u00a0\u00bb. Il est concoct\u00e9 par l\u2019\u00e9quipe jumeaux91.fr. Prochainement, nous rendrons accessibles au public d&rsquo;autres informations pertinentes sur le sujet \u00ab\u00a0Fr\u00e8res jumeaux de l&rsquo;Essonnes\u00a0\u00bb. Alors, consultez syst\u00e9matiquement notre blog.<\/p>\n","protected":false},"excerpt":{"rendered":"<p>Deux fr\u00e8res de nationalit\u00e9 tunisienne ont \u00e9t\u00e9 plac\u00e9s en d\u00e9tention provisoire, apr\u00e8s avoir tron\u00e7onn\u00e9 un olivier plant\u00e9 en hommage \u00e0 Ilan Halimi en Seine-Saint-Denis, un jeune juif tortur\u00e9 \u00e0 mort en 2006. Deux hommes&nbsp;suspect\u00e9s d&rsquo;avoir abattu, dans la nuit du 13&nbsp;au 14&nbsp;ao\u00fbt, l&rsquo;olivier plant\u00e9 dans&nbsp;un parc d&rsquo;Epinay-sur-Seine (Seine-Saint-Denis) en hommage \u00e0 Ilan Halimi,&nbsp;ont \u00e9t\u00e9 interpell\u00e9s&hellip; <a class=\"more-link\" href=\"https:\/\/jumeaux91.fr\/blog\/qui-sont-les-deux-freres-qui-ont-abattu-lolivier-plante-en-hommage-a-ilan-halimi\/\">Poursuivre la lecture <span class=\"screen-reader-text\">Qui sont les deux fr\u00e8res qui ont abattu l&rsquo;olivier plant\u00e9 en hommage \u00e0 Ilan Halimi<\/span><\/a><\/p>\n","protected":false},"author":2,"featured_media":1630,"comment_status":"closed","ping_status":"closed","sticky":false,"template":"","format":"standard","meta":{"footnotes":""},"categories":[4],"tags":[],"class_list":["post-1629","post","type-post","status-publish","format-standard","has-post-thumbnail","hentry","category-posts-freres-jumeaux-de-lessonnes","entry"],"yoast_head":"<!-- This site is optimized with the Yoast SEO plugin v27.5 - https:\/\/yoast.com\/product\/yoast-seo-wordpress\/ -->\n<title>Qui sont les deux fr\u00e8res qui ont abattu l&#039;olivier plant\u00e9 en hommage \u00e0 Ilan Halimi - JUMEAUX91<\/title>\n<meta name=\"robots\" content=\"index, follow, max-snippet:-1, max-image-preview:large, max-video-preview:-1\" \/>\n<link rel=\"canonical\" href=\"https:\/\/jumeaux91.fr\/blog\/qui-sont-les-deux-freres-qui-ont-abattu-lolivier-plante-en-hommage-a-ilan-halimi\/\" \/>\n<meta property=\"og:locale\" content=\"fr_FR\" \/>\n<meta property=\"og:type\" content=\"article\" \/>\n<meta property=\"og:title\" content=\"Qui sont les deux fr\u00e8res qui ont abattu l&#039;olivier plant\u00e9 en hommage \u00e0 Ilan Halimi - JUMEAUX91\" \/>\n<meta property=\"og:description\" content=\"Deux fr\u00e8res de nationalit\u00e9 tunisienne ont \u00e9t\u00e9 plac\u00e9s en d\u00e9tention provisoire, apr\u00e8s avoir tron\u00e7onn\u00e9 un olivier plant\u00e9 en hommage \u00e0 Ilan Halimi en Seine-Saint-Denis, un jeune juif tortur\u00e9 \u00e0 mort en 2006. Deux hommes&nbsp;suspect\u00e9s d&rsquo;avoir abattu, dans la nuit du 13&nbsp;au 14&nbsp;ao\u00fbt, l&rsquo;olivier plant\u00e9 dans&nbsp;un parc d&rsquo;Epinay-sur-Seine (Seine-Saint-Denis) en hommage \u00e0 Ilan Halimi,&nbsp;ont \u00e9t\u00e9 interpell\u00e9s&hellip; Poursuivre la lecture Qui sont les deux fr\u00e8res qui ont abattu l&rsquo;olivier plant\u00e9 en hommage \u00e0 Ilan Halimi\" \/>\n<meta property=\"og:url\" content=\"https:\/\/jumeaux91.fr\/blog\/qui-sont-les-deux-freres-qui-ont-abattu-lolivier-plante-en-hommage-a-ilan-halimi\/\" \/>\n<meta property=\"og:site_name\" content=\"JUMEAUX91\" \/>\n<meta property=\"article:published_time\" content=\"2025-08-28T01:39:00+00:00\" \/>\n<meta property=\"og:image\" content=\"https:\/\/jumeaux91.fr\/blog\/wp-content\/uploads\/2025\/08\/qui-sont-les-deux-freres-qui-ont-abattu-lolivier-plante-en-hommage-a-ilan-halimi.jpg\" \/>\n<meta name=\"author\" content=\"Claude DAYRES\" \/>\n<meta name=\"twitter:card\" content=\"summary_large_image\" \/>\n<meta name=\"twitter:label1\" content=\"\u00c9crit par\" \/>\n\t<meta name=\"twitter:data1\" content=\"Claude DAYRES\" \/>\n\t<meta name=\"twitter:label2\" content=\"Dur\u00e9e de lecture estim\u00e9e\" \/>\n\t<meta name=\"twitter:data2\" content=\"4 minutes\" \/>\n<script type=\"application\/ld+json\" class=\"yoast-schema-graph\">{\"@context\":\"https:\\\/\\\/schema.org\",\"@graph\":[{\"@type\":\"Article\",\"@id\":\"https:\\\/\\\/jumeaux91.fr\\\/blog\\\/qui-sont-les-deux-freres-qui-ont-abattu-lolivier-plante-en-hommage-a-ilan-halimi\\\/#article\",\"isPartOf\":{\"@id\":\"https:\\\/\\\/jumeaux91.fr\\\/blog\\\/qui-sont-les-deux-freres-qui-ont-abattu-lolivier-plante-en-hommage-a-ilan-halimi\\\/\"},\"author\":{\"name\":\"Claude DAYRES\",\"@id\":\"https:\\\/\\\/jumeaux91.fr\\\/blog\\\/#\\\/schema\\\/person\\\/21da06e9f119b9f64e5d45dbbd32d3fb\"},\"headline\":\"Qui sont les deux fr\u00e8res qui ont abattu l&rsquo;olivier plant\u00e9 en hommage \u00e0 Ilan Halimi\",\"datePublished\":\"2025-08-28T01:39:00+00:00\",\"mainEntityOfPage\":{\"@id\":\"https:\\\/\\\/jumeaux91.fr\\\/blog\\\/qui-sont-les-deux-freres-qui-ont-abattu-lolivier-plante-en-hommage-a-ilan-halimi\\\/\"},\"wordCount\":796,\"publisher\":{\"@id\":\"https:\\\/\\\/jumeaux91.fr\\\/blog\\\/#organization\"},\"image\":{\"@id\":\"https:\\\/\\\/jumeaux91.fr\\\/blog\\\/qui-sont-les-deux-freres-qui-ont-abattu-lolivier-plante-en-hommage-a-ilan-halimi\\\/#primaryimage\"},\"thumbnailUrl\":\"https:\\\/\\\/jumeaux91.fr\\\/blog\\\/wp-content\\\/uploads\\\/2025\\\/08\\\/qui-sont-les-deux-freres-qui-ont-abattu-lolivier-plante-en-hommage-a-ilan-halimi.jpg\",\"articleSection\":[\"Posts Fr\u00e8res Jumeaux De L'Essonnes:\"],\"inLanguage\":\"fr-FR\"},{\"@type\":\"WebPage\",\"@id\":\"https:\\\/\\\/jumeaux91.fr\\\/blog\\\/qui-sont-les-deux-freres-qui-ont-abattu-lolivier-plante-en-hommage-a-ilan-halimi\\\/\",\"url\":\"https:\\\/\\\/jumeaux91.fr\\\/blog\\\/qui-sont-les-deux-freres-qui-ont-abattu-lolivier-plante-en-hommage-a-ilan-halimi\\\/\",\"name\":\"Qui sont les deux fr\u00e8res qui ont abattu l'olivier plant\u00e9 en hommage \u00e0 Ilan Halimi - JUMEAUX91\",\"isPartOf\":{\"@id\":\"https:\\\/\\\/jumeaux91.fr\\\/blog\\\/#website\"},\"primaryImageOfPage\":{\"@id\":\"https:\\\/\\\/jumeaux91.fr\\\/blog\\\/qui-sont-les-deux-freres-qui-ont-abattu-lolivier-plante-en-hommage-a-ilan-halimi\\\/#primaryimage\"},\"image\":{\"@id\":\"https:\\\/\\\/jumeaux91.fr\\\/blog\\\/qui-sont-les-deux-freres-qui-ont-abattu-lolivier-plante-en-hommage-a-ilan-halimi\\\/#primaryimage\"},\"thumbnailUrl\":\"https:\\\/\\\/jumeaux91.fr\\\/blog\\\/wp-content\\\/uploads\\\/2025\\\/08\\\/qui-sont-les-deux-freres-qui-ont-abattu-lolivier-plante-en-hommage-a-ilan-halimi.jpg\",\"datePublished\":\"2025-08-28T01:39:00+00:00\",\"breadcrumb\":{\"@id\":\"https:\\\/\\\/jumeaux91.fr\\\/blog\\\/qui-sont-les-deux-freres-qui-ont-abattu-lolivier-plante-en-hommage-a-ilan-halimi\\\/#breadcrumb\"},\"inLanguage\":\"fr-FR\",\"potentialAction\":[{\"@type\":\"ReadAction\",\"target\":[\"https:\\\/\\\/jumeaux91.fr\\\/blog\\\/qui-sont-les-deux-freres-qui-ont-abattu-lolivier-plante-en-hommage-a-ilan-halimi\\\/\"]}]},{\"@type\":\"ImageObject\",\"inLanguage\":\"fr-FR\",\"@id\":\"https:\\\/\\\/jumeaux91.fr\\\/blog\\\/qui-sont-les-deux-freres-qui-ont-abattu-lolivier-plante-en-hommage-a-ilan-halimi\\\/#primaryimage\",\"url\":\"https:\\\/\\\/jumeaux91.fr\\\/blog\\\/wp-content\\\/uploads\\\/2025\\\/08\\\/qui-sont-les-deux-freres-qui-ont-abattu-lolivier-plante-en-hommage-a-ilan-halimi.jpg\",\"contentUrl\":\"https:\\\/\\\/jumeaux91.fr\\\/blog\\\/wp-content\\\/uploads\\\/2025\\\/08\\\/qui-sont-les-deux-freres-qui-ont-abattu-lolivier-plante-en-hommage-a-ilan-halimi.jpg\",\"width\":1500,\"height\":1000,\"caption\":\"Qui sont les deux fr\u00e8res qui ont abattu l'olivier plant\u00e9 en hommage \u00e0 Ilan Halimi\"},{\"@type\":\"BreadcrumbList\",\"@id\":\"https:\\\/\\\/jumeaux91.fr\\\/blog\\\/qui-sont-les-deux-freres-qui-ont-abattu-lolivier-plante-en-hommage-a-ilan-halimi\\\/#breadcrumb\",\"itemListElement\":[{\"@type\":\"ListItem\",\"position\":1,\"name\":\"Accueil\",\"item\":\"https:\\\/\\\/jumeaux91.fr\\\/blog\\\/\"},{\"@type\":\"ListItem\",\"position\":2,\"name\":\"Qui sont les deux fr\u00e8res qui ont abattu l&rsquo;olivier plant\u00e9 en hommage \u00e0 Ilan Halimi\"}]},{\"@type\":\"WebSite\",\"@id\":\"https:\\\/\\\/jumeaux91.fr\\\/blog\\\/#website\",\"url\":\"https:\\\/\\\/jumeaux91.fr\\\/blog\\\/\",\"name\":\"JUMEAUX91\",\"description\":\"Fr\u00e8res jumeaux de l&#039;Essonnes; informations et archives, \u00e0 savoir et retenir.\",\"publisher\":{\"@id\":\"https:\\\/\\\/jumeaux91.fr\\\/blog\\\/#organization\"},\"potentialAction\":[{\"@type\":\"SearchAction\",\"target\":{\"@type\":\"EntryPoint\",\"urlTemplate\":\"https:\\\/\\\/jumeaux91.fr\\\/blog\\\/?s={search_term_string}\"},\"query-input\":{\"@type\":\"PropertyValueSpecification\",\"valueRequired\":true,\"valueName\":\"search_term_string\"}}],\"inLanguage\":\"fr-FR\"},{\"@type\":\"Organization\",\"@id\":\"https:\\\/\\\/jumeaux91.fr\\\/blog\\\/#organization\",\"name\":\"jumeaux91\",\"url\":\"https:\\\/\\\/jumeaux91.fr\\\/blog\\\/\",\"logo\":{\"@type\":\"ImageObject\",\"inLanguage\":\"fr-FR\",\"@id\":\"https:\\\/\\\/jumeaux91.fr\\\/blog\\\/#\\\/schema\\\/logo\\\/image\\\/\",\"url\":\"https:\\\/\\\/jumeaux91.fr\\\/blog\\\/wp-content\\\/uploads\\\/2023\\\/05\\\/cropped-cropped-logoJ_91.png\",\"contentUrl\":\"https:\\\/\\\/jumeaux91.fr\\\/blog\\\/wp-content\\\/uploads\\\/2023\\\/05\\\/cropped-cropped-logoJ_91.png\",\"width\":512,\"height\":512,\"caption\":\"jumeaux91\"},\"image\":{\"@id\":\"https:\\\/\\\/jumeaux91.fr\\\/blog\\\/#\\\/schema\\\/logo\\\/image\\\/\"}},{\"@type\":\"Person\",\"@id\":\"https:\\\/\\\/jumeaux91.fr\\\/blog\\\/#\\\/schema\\\/person\\\/21da06e9f119b9f64e5d45dbbd32d3fb\",\"name\":\"Claude DAYRES\",\"image\":{\"@type\":\"ImageObject\",\"inLanguage\":\"fr-FR\",\"@id\":\"https:\\\/\\\/secure.gravatar.com\\\/avatar\\\/82eb951df6110a2c48d1bfa7a67d1ee6f0cd5df3cbf9c3586dd61e82db7172a5?s=96&d=mm&r=g\",\"url\":\"https:\\\/\\\/secure.gravatar.com\\\/avatar\\\/82eb951df6110a2c48d1bfa7a67d1ee6f0cd5df3cbf9c3586dd61e82db7172a5?s=96&d=mm&r=g\",\"contentUrl\":\"https:\\\/\\\/secure.gravatar.com\\\/avatar\\\/82eb951df6110a2c48d1bfa7a67d1ee6f0cd5df3cbf9c3586dd61e82db7172a5?s=96&d=mm&r=g\",\"caption\":\"Claude DAYRES\"},\"url\":\"https:\\\/\\\/jumeaux91.fr\\\/blog\\\/author\\\/x91claude\\\/\"}]}<\/script>\n<!-- \/ Yoast SEO plugin. -->","yoast_head_json":{"title":"Qui sont les deux fr\u00e8res qui ont abattu l'olivier plant\u00e9 en hommage \u00e0 Ilan Halimi - JUMEAUX91","robots":{"index":"index","follow":"follow","max-snippet":"max-snippet:-1","max-image-preview":"max-image-preview:large","max-video-preview":"max-video-preview:-1"},"canonical":"https:\/\/jumeaux91.fr\/blog\/qui-sont-les-deux-freres-qui-ont-abattu-lolivier-plante-en-hommage-a-ilan-halimi\/","og_locale":"fr_FR","og_type":"article","og_title":"Qui sont les deux fr\u00e8res qui ont abattu l'olivier plant\u00e9 en hommage \u00e0 Ilan Halimi - JUMEAUX91","og_description":"Deux fr\u00e8res de nationalit\u00e9 tunisienne ont \u00e9t\u00e9 plac\u00e9s en d\u00e9tention provisoire, apr\u00e8s avoir tron\u00e7onn\u00e9 un olivier plant\u00e9 en hommage \u00e0 Ilan Halimi en Seine-Saint-Denis, un jeune juif tortur\u00e9 \u00e0 mort en 2006. Deux hommes&nbsp;suspect\u00e9s d&rsquo;avoir abattu, dans la nuit du 13&nbsp;au 14&nbsp;ao\u00fbt, l&rsquo;olivier plant\u00e9 dans&nbsp;un parc d&rsquo;Epinay-sur-Seine (Seine-Saint-Denis) en hommage \u00e0 Ilan Halimi,&nbsp;ont \u00e9t\u00e9 interpell\u00e9s&hellip; Poursuivre la lecture Qui sont les deux fr\u00e8res qui ont abattu l&rsquo;olivier plant\u00e9 en hommage \u00e0 Ilan Halimi","og_url":"https:\/\/jumeaux91.fr\/blog\/qui-sont-les-deux-freres-qui-ont-abattu-lolivier-plante-en-hommage-a-ilan-halimi\/","og_site_name":"JUMEAUX91","article_published_time":"2025-08-28T01:39:00+00:00","og_image":[{"url":"https:\/\/jumeaux91.fr\/blog\/wp-content\/uploads\/2025\/08\/qui-sont-les-deux-freres-qui-ont-abattu-lolivier-plante-en-hommage-a-ilan-halimi.jpg","type":"","width":"","height":""}],"author":"Claude DAYRES","twitter_card":"summary_large_image","twitter_misc":{"\u00c9crit par":"Claude DAYRES","Dur\u00e9e de lecture estim\u00e9e":"4 minutes"},"schema":{"@context":"https:\/\/schema.org","@graph":[{"@type":"Article","@id":"https:\/\/jumeaux91.fr\/blog\/qui-sont-les-deux-freres-qui-ont-abattu-lolivier-plante-en-hommage-a-ilan-halimi\/#article","isPartOf":{"@id":"https:\/\/jumeaux91.fr\/blog\/qui-sont-les-deux-freres-qui-ont-abattu-lolivier-plante-en-hommage-a-ilan-halimi\/"},"author":{"name":"Claude DAYRES","@id":"https:\/\/jumeaux91.fr\/blog\/#\/schema\/person\/21da06e9f119b9f64e5d45dbbd32d3fb"},"headline":"Qui sont les deux fr\u00e8res qui ont abattu l&rsquo;olivier plant\u00e9 en hommage \u00e0 Ilan Halimi","datePublished":"2025-08-28T01:39:00+00:00","mainEntityOfPage":{"@id":"https:\/\/jumeaux91.fr\/blog\/qui-sont-les-deux-freres-qui-ont-abattu-lolivier-plante-en-hommage-a-ilan-halimi\/"},"wordCount":796,"publisher":{"@id":"https:\/\/jumeaux91.fr\/blog\/#organization"},"image":{"@id":"https:\/\/jumeaux91.fr\/blog\/qui-sont-les-deux-freres-qui-ont-abattu-lolivier-plante-en-hommage-a-ilan-halimi\/#primaryimage"},"thumbnailUrl":"https:\/\/jumeaux91.fr\/blog\/wp-content\/uploads\/2025\/08\/qui-sont-les-deux-freres-qui-ont-abattu-lolivier-plante-en-hommage-a-ilan-halimi.jpg","articleSection":["Posts Fr\u00e8res Jumeaux De L'Essonnes:"],"inLanguage":"fr-FR"},{"@type":"WebPage","@id":"https:\/\/jumeaux91.fr\/blog\/qui-sont-les-deux-freres-qui-ont-abattu-lolivier-plante-en-hommage-a-ilan-halimi\/","url":"https:\/\/jumeaux91.fr\/blog\/qui-sont-les-deux-freres-qui-ont-abattu-lolivier-plante-en-hommage-a-ilan-halimi\/","name":"Qui sont les deux fr\u00e8res qui ont abattu l'olivier plant\u00e9 en hommage \u00e0 Ilan Halimi - JUMEAUX91","isPartOf":{"@id":"https:\/\/jumeaux91.fr\/blog\/#website"},"primaryImageOfPage":{"@id":"https:\/\/jumeaux91.fr\/blog\/qui-sont-les-deux-freres-qui-ont-abattu-lolivier-plante-en-hommage-a-ilan-halimi\/#primaryimage"},"image":{"@id":"https:\/\/jumeaux91.fr\/blog\/qui-sont-les-deux-freres-qui-ont-abattu-lolivier-plante-en-hommage-a-ilan-halimi\/#primaryimage"},"thumbnailUrl":"https:\/\/jumeaux91.fr\/blog\/wp-content\/uploads\/2025\/08\/qui-sont-les-deux-freres-qui-ont-abattu-lolivier-plante-en-hommage-a-ilan-halimi.jpg","datePublished":"2025-08-28T01:39:00+00:00","breadcrumb":{"@id":"https:\/\/jumeaux91.fr\/blog\/qui-sont-les-deux-freres-qui-ont-abattu-lolivier-plante-en-hommage-a-ilan-halimi\/#breadcrumb"},"inLanguage":"fr-FR","potentialAction":[{"@type":"ReadAction","target":["https:\/\/jumeaux91.fr\/blog\/qui-sont-les-deux-freres-qui-ont-abattu-lolivier-plante-en-hommage-a-ilan-halimi\/"]}]},{"@type":"ImageObject","inLanguage":"fr-FR","@id":"https:\/\/jumeaux91.fr\/blog\/qui-sont-les-deux-freres-qui-ont-abattu-lolivier-plante-en-hommage-a-ilan-halimi\/#primaryimage","url":"https:\/\/jumeaux91.fr\/blog\/wp-content\/uploads\/2025\/08\/qui-sont-les-deux-freres-qui-ont-abattu-lolivier-plante-en-hommage-a-ilan-halimi.jpg","contentUrl":"https:\/\/jumeaux91.fr\/blog\/wp-content\/uploads\/2025\/08\/qui-sont-les-deux-freres-qui-ont-abattu-lolivier-plante-en-hommage-a-ilan-halimi.jpg","width":1500,"height":1000,"caption":"Qui sont les deux fr\u00e8res qui ont abattu l'olivier plant\u00e9 en hommage \u00e0 Ilan Halimi"},{"@type":"BreadcrumbList","@id":"https:\/\/jumeaux91.fr\/blog\/qui-sont-les-deux-freres-qui-ont-abattu-lolivier-plante-en-hommage-a-ilan-halimi\/#breadcrumb","itemListElement":[{"@type":"ListItem","position":1,"name":"Accueil","item":"https:\/\/jumeaux91.fr\/blog\/"},{"@type":"ListItem","position":2,"name":"Qui sont les deux fr\u00e8res qui ont abattu l&rsquo;olivier plant\u00e9 en hommage \u00e0 Ilan Halimi"}]},{"@type":"WebSite","@id":"https:\/\/jumeaux91.fr\/blog\/#website","url":"https:\/\/jumeaux91.fr\/blog\/","name":"JUMEAUX91","description":"Fr\u00e8res jumeaux de l&#039;Essonnes; informations et archives, \u00e0 savoir et retenir.","publisher":{"@id":"https:\/\/jumeaux91.fr\/blog\/#organization"},"potentialAction":[{"@type":"SearchAction","target":{"@type":"EntryPoint","urlTemplate":"https:\/\/jumeaux91.fr\/blog\/?s={search_term_string}"},"query-input":{"@type":"PropertyValueSpecification","valueRequired":true,"valueName":"search_term_string"}}],"inLanguage":"fr-FR"},{"@type":"Organization","@id":"https:\/\/jumeaux91.fr\/blog\/#organization","name":"jumeaux91","url":"https:\/\/jumeaux91.fr\/blog\/","logo":{"@type":"ImageObject","inLanguage":"fr-FR","@id":"https:\/\/jumeaux91.fr\/blog\/#\/schema\/logo\/image\/","url":"https:\/\/jumeaux91.fr\/blog\/wp-content\/uploads\/2023\/05\/cropped-cropped-logoJ_91.png","contentUrl":"https:\/\/jumeaux91.fr\/blog\/wp-content\/uploads\/2023\/05\/cropped-cropped-logoJ_91.png","width":512,"height":512,"caption":"jumeaux91"},"image":{"@id":"https:\/\/jumeaux91.fr\/blog\/#\/schema\/logo\/image\/"}},{"@type":"Person","@id":"https:\/\/jumeaux91.fr\/blog\/#\/schema\/person\/21da06e9f119b9f64e5d45dbbd32d3fb","name":"Claude DAYRES","image":{"@type":"ImageObject","inLanguage":"fr-FR","@id":"https:\/\/secure.gravatar.com\/avatar\/82eb951df6110a2c48d1bfa7a67d1ee6f0cd5df3cbf9c3586dd61e82db7172a5?s=96&d=mm&r=g","url":"https:\/\/secure.gravatar.com\/avatar\/82eb951df6110a2c48d1bfa7a67d1ee6f0cd5df3cbf9c3586dd61e82db7172a5?s=96&d=mm&r=g","contentUrl":"https:\/\/secure.gravatar.com\/avatar\/82eb951df6110a2c48d1bfa7a67d1ee6f0cd5df3cbf9c3586dd61e82db7172a5?s=96&d=mm&r=g","caption":"Claude DAYRES"},"url":"https:\/\/jumeaux91.fr\/blog\/author\/x91claude\/"}]}},"_links":{"self":[{"href":"https:\/\/jumeaux91.fr\/blog\/wp-json\/wp\/v2\/posts\/1629","targetHints":{"allow":["GET"]}}],"collection":[{"href":"https:\/\/jumeaux91.fr\/blog\/wp-json\/wp\/v2\/posts"}],"about":[{"href":"https:\/\/jumeaux91.fr\/blog\/wp-json\/wp\/v2\/types\/post"}],"author":[{"embeddable":true,"href":"https:\/\/jumeaux91.fr\/blog\/wp-json\/wp\/v2\/users\/2"}],"replies":[{"embeddable":true,"href":"https:\/\/jumeaux91.fr\/blog\/wp-json\/wp\/v2\/comments?post=1629"}],"version-history":[{"count":0,"href":"https:\/\/jumeaux91.fr\/blog\/wp-json\/wp\/v2\/posts\/1629\/revisions"}],"wp:featuredmedia":[{"embeddable":true,"href":"https:\/\/jumeaux91.fr\/blog\/wp-json\/wp\/v2\/media\/1630"}],"wp:attachment":[{"href":"https:\/\/jumeaux91.fr\/blog\/wp-json\/wp\/v2\/media?parent=1629"}],"wp:term":[{"taxonomy":"category","embeddable":true,"href":"https:\/\/jumeaux91.fr\/blog\/wp-json\/wp\/v2\/categories?post=1629"},{"taxonomy":"post_tag","embeddable":true,"href":"https:\/\/jumeaux91.fr\/blog\/wp-json\/wp\/v2\/tags?post=1629"}],"curies":[{"name":"wp","href":"https:\/\/api.w.org\/{rel}","templated":true}]}}