{"id":1633,"date":"2025-08-27T12:32:00","date_gmt":"2025-08-27T10:32:00","guid":{"rendered":"https:\/\/jumeaux91.fr\/blog\/antisemitisme-des-jumeaux-interpelles-dans-lenquete-sur-labattage-dun-olivier-en-hommage-a-ilan-halimi\/"},"modified":"2025-08-27T12:32:00","modified_gmt":"2025-08-27T10:32:00","slug":"antisemitisme-des-jumeaux-interpelles-dans-lenquete-sur-labattage-dun-olivier-en-hommage-a-ilan-halimi","status":"publish","type":"post","link":"https:\/\/jumeaux91.fr\/blog\/antisemitisme-des-jumeaux-interpelles-dans-lenquete-sur-labattage-dun-olivier-en-hommage-a-ilan-halimi\/","title":{"rendered":"Antis\u00e9mitisme : Des jumeaux interpell\u00e9s dans l\u2019enqu\u00eate sur l\u2019abattage d\u2019un olivier en hommage \u00e0 Ilan Halimi"},"content":{"rendered":"<div><img decoding=\"async\" src=\"https:\/\/jumeaux91.fr\/blog\/wp-content\/uploads\/2025\/08\/antisemitisme-des-jumeaux-interpelles-dans-lenquete-sur-labattage-dun-olivier-en-hommage-a-ilan-halimi.jpg\" class=\"ff-og-image-inserted\"><\/div>\n<p>L\u2019enqu\u00eate avance deux semaines apr\u00e8s avoir retrouv\u00e9 l\u2019olivier plant\u00e9 en m\u00e9moire d\u2019<a href=\"https:\/\/www.20minutes.fr\/dossier\/ilan_halimi\" target=\"_blank\" class=\"c-link c-link--is-underlined\" rel=\"nofollow\">Ilan Halimi<\/a> abattu. Deux hommes ont \u00e9t\u00e9 interpell\u00e9s, accus\u00e9s d\u2019\u00eatre \u00e0 l\u2019origine de la <a href=\"https:\/\/www.20minutes.fr\/faits_divers\/4168105-20250815-antisemitisme-olivier-rendant-hommage-ilan-halimi-abattu-epinay-seine\" target=\"_blank\" class=\"c-link c-link--is-underlined\" rel=\"nofollow\">d\u00e9gradation le 15&nbsp;ao\u00fbt<\/a> \u00e0 Epinay-sur-Seine (Seine-Saint-Denis), a indiqu\u00e9 mercredi le parquet de <a href=\"https:\/\/www.20minutes.fr\/dossier\/bobigny\" target=\"_blank\" class=\"c-link c-link--is-underlined\" rel=\"nofollow\">Bobigny<\/a>, confirmant une information de <span class=\"text-italic\">Paris Match<\/span>. L\u2019arbre avait \u00e9t\u00e9 plant\u00e9 en m\u00e9moire du jeune Juif tortur\u00e9 \u00e0 mort en&nbsp;2006.<\/p>\n<h2>Indignation unanime<\/h2>\n<p>Les suspects, des fr\u00e8res jumeaux, vont \u00eatre jug\u00e9s en comparution imm\u00e9diate pour destruction de bien aggrav\u00e9e et violation de monument d\u00e9di\u00e9 \u00e0 la m\u00e9moire des morts commise en raison de la race, l\u2019ethnie, la nation ou la religion, a pr\u00e9cis\u00e9 le minist\u00e8re public.<\/p>\n<figure class=\"c-media\" role=\"group\"><\/figure>\n<p>L\u2019abattage de l\u2019arbre en pleine nuit avait suscit\u00e9 une indignation unanime au sein de la classe politique. D\u2019apr\u00e8s le maire DVD de la commune Herv\u00e9 Chevreau, se basant sur les cam\u00e9ras de vid\u00e9osurveillance ext\u00e9rieures au jardin, un homme portant un sac \u00e0 dos s\u2019y est introduit \u00e0 1h50 alors que le parc ferme \u00e0 21h30.<\/p>\n<p><a href=\"https:\/\/www.20minutes.fr\/dossier\/ilan_halimi\" target=\"_blank\" class=\"c-link c-btn c-btn--primary\" rel=\"nofollow\">Tous nos articles sur Ilan Halimi<\/a><\/p>\n<p>\u00ab&nbsp;Abattre l\u2019arbre rendant hommage \u00e0 Ilan Halimi, c\u2019est chercher \u00e0 le tuer une deuxi\u00e8me fois. Il n\u2019en sera rien&nbsp;: la Nation n\u2019oubliera pas cet enfant de France mort parce que Juif. Tous les moyens sont d\u00e9ploy\u00e9s pour punir cet acte de haine&nbsp;\u00bb, avait \u00e9crit sur X le pr\u00e9sident <a href=\"https:\/\/www.20minutes.fr\/politique\/emmanuel-macron\/\" target=\"_blank\" class=\"c-link c-link--is-underlined\" rel=\"nofollow\">Emmanuel Macron<\/a> le jour o\u00f9 l\u2019arbre a \u00e9t\u00e9 retrouv\u00e9 abattu par des agents territoriaux.<\/p>\n<p>La chronique se veut g\u00e9n\u00e9r\u00e9e de la fa\u00e7on la plus claire que possible. Dans le cas o\u00f9 vous souhaitez pr\u00e9senter des renseignements compl\u00e9mentaires \u00e0 cet article sur le sujet \u00ab\u00a0Fr\u00e8res jumeaux de l&rsquo;Essonnes\u00a0\u00bb il vous est possible d\u2019\u00e9crire aux contacts indiqu\u00e9s sur notre website. La raison d\u2019\u00eatre de jumeaux91.fr \u00e9tant de rassembler sur le web des posts sur le sujet de Fr\u00e8res jumeaux de l&rsquo;Essonnes puis les diffuser en r\u00e9pondant au mieux aux interrogations des gens. Vous pouvez tirer profit de cet article traitant le sujet \u00ab\u00a0Fr\u00e8res jumeaux de l&rsquo;Essonnes\u00a0\u00bb. Il est concoct\u00e9 par l\u2019\u00e9quipe jumeaux91.fr. Prochainement, nous rendrons accessibles au public d&rsquo;autres informations pertinentes sur le sujet \u00ab\u00a0Fr\u00e8res jumeaux de l&rsquo;Essonnes\u00a0\u00bb. Alors, consultez syst\u00e9matiquement notre blog.<\/p>\n","protected":false},"excerpt":{"rendered":"<p>L\u2019enqu\u00eate avance deux semaines apr\u00e8s avoir retrouv\u00e9 l\u2019olivier plant\u00e9 en m\u00e9moire d\u2019Ilan Halimi abattu. Deux hommes ont \u00e9t\u00e9 interpell\u00e9s, accus\u00e9s d\u2019\u00eatre \u00e0 l\u2019origine de la d\u00e9gradation le 15&nbsp;ao\u00fbt \u00e0 Epinay-sur-Seine (Seine-Saint-Denis), a indiqu\u00e9 mercredi le parquet de Bobigny, confirmant une information de Paris Match. L\u2019arbre avait \u00e9t\u00e9 plant\u00e9 en m\u00e9moire du jeune Juif tortur\u00e9 \u00e0&hellip; <a class=\"more-link\" href=\"https:\/\/jumeaux91.fr\/blog\/antisemitisme-des-jumeaux-interpelles-dans-lenquete-sur-labattage-dun-olivier-en-hommage-a-ilan-halimi\/\">Poursuivre la lecture <span class=\"screen-reader-text\">Antis\u00e9mitisme : Des jumeaux interpell\u00e9s dans l\u2019enqu\u00eate sur l\u2019abattage d\u2019un olivier en hommage \u00e0 Ilan Halimi<\/span><\/a><\/p>\n","protected":false},"author":2,"featured_media":1634,"comment_status":"closed","ping_status":"closed","sticky":false,"template":"","format":"standard","meta":{"footnotes":""},"categories":[4],"tags":[],"class_list":["post-1633","post","type-post","status-publish","format-standard","has-post-thumbnail","hentry","category-posts-freres-jumeaux-de-lessonnes","entry"],"yoast_head":"<!-- This site is optimized with the Yoast SEO plugin v27.5 - https:\/\/yoast.com\/product\/yoast-seo-wordpress\/ -->\n<title>Antis\u00e9mitisme : Des jumeaux interpell\u00e9s dans l\u2019enqu\u00eate sur l\u2019abattage d\u2019un olivier en hommage \u00e0 Ilan Halimi - JUMEAUX91<\/title>\n<meta name=\"robots\" content=\"index, follow, max-snippet:-1, max-image-preview:large, max-video-preview:-1\" \/>\n<link rel=\"canonical\" href=\"https:\/\/jumeaux91.fr\/blog\/antisemitisme-des-jumeaux-interpelles-dans-lenquete-sur-labattage-dun-olivier-en-hommage-a-ilan-halimi\/\" \/>\n<meta property=\"og:locale\" content=\"fr_FR\" \/>\n<meta property=\"og:type\" content=\"article\" \/>\n<meta property=\"og:title\" content=\"Antis\u00e9mitisme : Des jumeaux interpell\u00e9s dans l\u2019enqu\u00eate sur l\u2019abattage d\u2019un olivier en hommage \u00e0 Ilan Halimi - JUMEAUX91\" \/>\n<meta property=\"og:description\" content=\"L\u2019enqu\u00eate avance deux semaines apr\u00e8s avoir retrouv\u00e9 l\u2019olivier plant\u00e9 en m\u00e9moire d\u2019Ilan Halimi abattu. Deux hommes ont \u00e9t\u00e9 interpell\u00e9s, accus\u00e9s d\u2019\u00eatre \u00e0 l\u2019origine de la d\u00e9gradation le 15&nbsp;ao\u00fbt \u00e0 Epinay-sur-Seine (Seine-Saint-Denis), a indiqu\u00e9 mercredi le parquet de Bobigny, confirmant une information de Paris Match. L\u2019arbre avait \u00e9t\u00e9 plant\u00e9 en m\u00e9moire du jeune Juif tortur\u00e9 \u00e0&hellip; Poursuivre la lecture Antis\u00e9mitisme : Des jumeaux interpell\u00e9s dans l\u2019enqu\u00eate sur l\u2019abattage d\u2019un olivier en hommage \u00e0 Ilan Halimi\" \/>\n<meta property=\"og:url\" content=\"https:\/\/jumeaux91.fr\/blog\/antisemitisme-des-jumeaux-interpelles-dans-lenquete-sur-labattage-dun-olivier-en-hommage-a-ilan-halimi\/\" \/>\n<meta property=\"og:site_name\" content=\"JUMEAUX91\" \/>\n<meta property=\"article:published_time\" content=\"2025-08-27T10:32:00+00:00\" \/>\n<meta property=\"og:image\" content=\"https:\/\/jumeaux91.fr\/blog\/wp-content\/uploads\/2025\/08\/antisemitisme-des-jumeaux-interpelles-dans-lenquete-sur-labattage-dun-olivier-en-hommage-a-ilan-halimi.jpg\" \/>\n<meta name=\"author\" content=\"Claude DAYRES\" \/>\n<meta name=\"twitter:card\" content=\"summary_large_image\" \/>\n<meta name=\"twitter:label1\" content=\"\u00c9crit par\" \/>\n\t<meta name=\"twitter:data1\" content=\"Claude DAYRES\" \/>\n\t<meta name=\"twitter:label2\" content=\"Dur\u00e9e de lecture estim\u00e9e\" \/>\n\t<meta name=\"twitter:data2\" content=\"2 minutes\" \/>\n<script type=\"application\/ld+json\" class=\"yoast-schema-graph\">{\"@context\":\"https:\\\/\\\/schema.org\",\"@graph\":[{\"@type\":\"Article\",\"@id\":\"https:\\\/\\\/jumeaux91.fr\\\/blog\\\/antisemitisme-des-jumeaux-interpelles-dans-lenquete-sur-labattage-dun-olivier-en-hommage-a-ilan-halimi\\\/#article\",\"isPartOf\":{\"@id\":\"https:\\\/\\\/jumeaux91.fr\\\/blog\\\/antisemitisme-des-jumeaux-interpelles-dans-lenquete-sur-labattage-dun-olivier-en-hommage-a-ilan-halimi\\\/\"},\"author\":{\"name\":\"Claude DAYRES\",\"@id\":\"https:\\\/\\\/jumeaux91.fr\\\/blog\\\/#\\\/schema\\\/person\\\/21da06e9f119b9f64e5d45dbbd32d3fb\"},\"headline\":\"Antis\u00e9mitisme : Des jumeaux interpell\u00e9s dans l\u2019enqu\u00eate sur l\u2019abattage d\u2019un olivier en hommage \u00e0 Ilan Halimi\",\"datePublished\":\"2025-08-27T10:32:00+00:00\",\"mainEntityOfPage\":{\"@id\":\"https:\\\/\\\/jumeaux91.fr\\\/blog\\\/antisemitisme-des-jumeaux-interpelles-dans-lenquete-sur-labattage-dun-olivier-en-hommage-a-ilan-halimi\\\/\"},\"wordCount\":420,\"publisher\":{\"@id\":\"https:\\\/\\\/jumeaux91.fr\\\/blog\\\/#organization\"},\"image\":{\"@id\":\"https:\\\/\\\/jumeaux91.fr\\\/blog\\\/antisemitisme-des-jumeaux-interpelles-dans-lenquete-sur-labattage-dun-olivier-en-hommage-a-ilan-halimi\\\/#primaryimage\"},\"thumbnailUrl\":\"https:\\\/\\\/jumeaux91.fr\\\/blog\\\/wp-content\\\/uploads\\\/2025\\\/08\\\/antisemitisme-des-jumeaux-interpelles-dans-lenquete-sur-labattage-dun-olivier-en-hommage-a-ilan-halimi.jpg\",\"articleSection\":[\"Posts Fr\u00e8res Jumeaux De L'Essonnes:\"],\"inLanguage\":\"fr-FR\"},{\"@type\":\"WebPage\",\"@id\":\"https:\\\/\\\/jumeaux91.fr\\\/blog\\\/antisemitisme-des-jumeaux-interpelles-dans-lenquete-sur-labattage-dun-olivier-en-hommage-a-ilan-halimi\\\/\",\"url\":\"https:\\\/\\\/jumeaux91.fr\\\/blog\\\/antisemitisme-des-jumeaux-interpelles-dans-lenquete-sur-labattage-dun-olivier-en-hommage-a-ilan-halimi\\\/\",\"name\":\"Antis\u00e9mitisme : Des jumeaux interpell\u00e9s dans l\u2019enqu\u00eate sur l\u2019abattage d\u2019un olivier en hommage \u00e0 Ilan Halimi - JUMEAUX91\",\"isPartOf\":{\"@id\":\"https:\\\/\\\/jumeaux91.fr\\\/blog\\\/#website\"},\"primaryImageOfPage\":{\"@id\":\"https:\\\/\\\/jumeaux91.fr\\\/blog\\\/antisemitisme-des-jumeaux-interpelles-dans-lenquete-sur-labattage-dun-olivier-en-hommage-a-ilan-halimi\\\/#primaryimage\"},\"image\":{\"@id\":\"https:\\\/\\\/jumeaux91.fr\\\/blog\\\/antisemitisme-des-jumeaux-interpelles-dans-lenquete-sur-labattage-dun-olivier-en-hommage-a-ilan-halimi\\\/#primaryimage\"},\"thumbnailUrl\":\"https:\\\/\\\/jumeaux91.fr\\\/blog\\\/wp-content\\\/uploads\\\/2025\\\/08\\\/antisemitisme-des-jumeaux-interpelles-dans-lenquete-sur-labattage-dun-olivier-en-hommage-a-ilan-halimi.jpg\",\"datePublished\":\"2025-08-27T10:32:00+00:00\",\"breadcrumb\":{\"@id\":\"https:\\\/\\\/jumeaux91.fr\\\/blog\\\/antisemitisme-des-jumeaux-interpelles-dans-lenquete-sur-labattage-dun-olivier-en-hommage-a-ilan-halimi\\\/#breadcrumb\"},\"inLanguage\":\"fr-FR\",\"potentialAction\":[{\"@type\":\"ReadAction\",\"target\":[\"https:\\\/\\\/jumeaux91.fr\\\/blog\\\/antisemitisme-des-jumeaux-interpelles-dans-lenquete-sur-labattage-dun-olivier-en-hommage-a-ilan-halimi\\\/\"]}]},{\"@type\":\"ImageObject\",\"inLanguage\":\"fr-FR\",\"@id\":\"https:\\\/\\\/jumeaux91.fr\\\/blog\\\/antisemitisme-des-jumeaux-interpelles-dans-lenquete-sur-labattage-dun-olivier-en-hommage-a-ilan-halimi\\\/#primaryimage\",\"url\":\"https:\\\/\\\/jumeaux91.fr\\\/blog\\\/wp-content\\\/uploads\\\/2025\\\/08\\\/antisemitisme-des-jumeaux-interpelles-dans-lenquete-sur-labattage-dun-olivier-en-hommage-a-ilan-halimi.jpg\",\"contentUrl\":\"https:\\\/\\\/jumeaux91.fr\\\/blog\\\/wp-content\\\/uploads\\\/2025\\\/08\\\/antisemitisme-des-jumeaux-interpelles-dans-lenquete-sur-labattage-dun-olivier-en-hommage-a-ilan-halimi.jpg\",\"width\":1198,\"height\":763,\"caption\":\"Antis\u00e9mitisme : Des jumeaux interpell\u00e9s dans l\u2019enqu\u00eate sur l\u2019abattage d\u2019un olivier en hommage \u00e0 Ilan Halimi\"},{\"@type\":\"BreadcrumbList\",\"@id\":\"https:\\\/\\\/jumeaux91.fr\\\/blog\\\/antisemitisme-des-jumeaux-interpelles-dans-lenquete-sur-labattage-dun-olivier-en-hommage-a-ilan-halimi\\\/#breadcrumb\",\"itemListElement\":[{\"@type\":\"ListItem\",\"position\":1,\"name\":\"Accueil\",\"item\":\"https:\\\/\\\/jumeaux91.fr\\\/blog\\\/\"},{\"@type\":\"ListItem\",\"position\":2,\"name\":\"Antis\u00e9mitisme : Des jumeaux interpell\u00e9s dans l\u2019enqu\u00eate sur l\u2019abattage d\u2019un olivier en hommage \u00e0 Ilan Halimi\"}]},{\"@type\":\"WebSite\",\"@id\":\"https:\\\/\\\/jumeaux91.fr\\\/blog\\\/#website\",\"url\":\"https:\\\/\\\/jumeaux91.fr\\\/blog\\\/\",\"name\":\"JUMEAUX91\",\"description\":\"Fr\u00e8res jumeaux de l&#039;Essonnes; informations et archives, \u00e0 savoir et retenir.\",\"publisher\":{\"@id\":\"https:\\\/\\\/jumeaux91.fr\\\/blog\\\/#organization\"},\"potentialAction\":[{\"@type\":\"SearchAction\",\"target\":{\"@type\":\"EntryPoint\",\"urlTemplate\":\"https:\\\/\\\/jumeaux91.fr\\\/blog\\\/?s={search_term_string}\"},\"query-input\":{\"@type\":\"PropertyValueSpecification\",\"valueRequired\":true,\"valueName\":\"search_term_string\"}}],\"inLanguage\":\"fr-FR\"},{\"@type\":\"Organization\",\"@id\":\"https:\\\/\\\/jumeaux91.fr\\\/blog\\\/#organization\",\"name\":\"jumeaux91\",\"url\":\"https:\\\/\\\/jumeaux91.fr\\\/blog\\\/\",\"logo\":{\"@type\":\"ImageObject\",\"inLanguage\":\"fr-FR\",\"@id\":\"https:\\\/\\\/jumeaux91.fr\\\/blog\\\/#\\\/schema\\\/logo\\\/image\\\/\",\"url\":\"https:\\\/\\\/jumeaux91.fr\\\/blog\\\/wp-content\\\/uploads\\\/2023\\\/05\\\/cropped-cropped-logoJ_91.png\",\"contentUrl\":\"https:\\\/\\\/jumeaux91.fr\\\/blog\\\/wp-content\\\/uploads\\\/2023\\\/05\\\/cropped-cropped-logoJ_91.png\",\"width\":512,\"height\":512,\"caption\":\"jumeaux91\"},\"image\":{\"@id\":\"https:\\\/\\\/jumeaux91.fr\\\/blog\\\/#\\\/schema\\\/logo\\\/image\\\/\"}},{\"@type\":\"Person\",\"@id\":\"https:\\\/\\\/jumeaux91.fr\\\/blog\\\/#\\\/schema\\\/person\\\/21da06e9f119b9f64e5d45dbbd32d3fb\",\"name\":\"Claude DAYRES\",\"image\":{\"@type\":\"ImageObject\",\"inLanguage\":\"fr-FR\",\"@id\":\"https:\\\/\\\/secure.gravatar.com\\\/avatar\\\/82eb951df6110a2c48d1bfa7a67d1ee6f0cd5df3cbf9c3586dd61e82db7172a5?s=96&d=mm&r=g\",\"url\":\"https:\\\/\\\/secure.gravatar.com\\\/avatar\\\/82eb951df6110a2c48d1bfa7a67d1ee6f0cd5df3cbf9c3586dd61e82db7172a5?s=96&d=mm&r=g\",\"contentUrl\":\"https:\\\/\\\/secure.gravatar.com\\\/avatar\\\/82eb951df6110a2c48d1bfa7a67d1ee6f0cd5df3cbf9c3586dd61e82db7172a5?s=96&d=mm&r=g\",\"caption\":\"Claude DAYRES\"},\"url\":\"https:\\\/\\\/jumeaux91.fr\\\/blog\\\/author\\\/x91claude\\\/\"}]}<\/script>\n<!-- \/ Yoast SEO plugin. -->","yoast_head_json":{"title":"Antis\u00e9mitisme : Des jumeaux interpell\u00e9s dans l\u2019enqu\u00eate sur l\u2019abattage d\u2019un olivier en hommage \u00e0 Ilan Halimi - JUMEAUX91","robots":{"index":"index","follow":"follow","max-snippet":"max-snippet:-1","max-image-preview":"max-image-preview:large","max-video-preview":"max-video-preview:-1"},"canonical":"https:\/\/jumeaux91.fr\/blog\/antisemitisme-des-jumeaux-interpelles-dans-lenquete-sur-labattage-dun-olivier-en-hommage-a-ilan-halimi\/","og_locale":"fr_FR","og_type":"article","og_title":"Antis\u00e9mitisme : Des jumeaux interpell\u00e9s dans l\u2019enqu\u00eate sur l\u2019abattage d\u2019un olivier en hommage \u00e0 Ilan Halimi - JUMEAUX91","og_description":"L\u2019enqu\u00eate avance deux semaines apr\u00e8s avoir retrouv\u00e9 l\u2019olivier plant\u00e9 en m\u00e9moire d\u2019Ilan Halimi abattu. Deux hommes ont \u00e9t\u00e9 interpell\u00e9s, accus\u00e9s d\u2019\u00eatre \u00e0 l\u2019origine de la d\u00e9gradation le 15&nbsp;ao\u00fbt \u00e0 Epinay-sur-Seine (Seine-Saint-Denis), a indiqu\u00e9 mercredi le parquet de Bobigny, confirmant une information de Paris Match. L\u2019arbre avait \u00e9t\u00e9 plant\u00e9 en m\u00e9moire du jeune Juif tortur\u00e9 \u00e0&hellip; Poursuivre la lecture Antis\u00e9mitisme : Des jumeaux interpell\u00e9s dans l\u2019enqu\u00eate sur l\u2019abattage d\u2019un olivier en hommage \u00e0 Ilan Halimi","og_url":"https:\/\/jumeaux91.fr\/blog\/antisemitisme-des-jumeaux-interpelles-dans-lenquete-sur-labattage-dun-olivier-en-hommage-a-ilan-halimi\/","og_site_name":"JUMEAUX91","article_published_time":"2025-08-27T10:32:00+00:00","og_image":[{"url":"https:\/\/jumeaux91.fr\/blog\/wp-content\/uploads\/2025\/08\/antisemitisme-des-jumeaux-interpelles-dans-lenquete-sur-labattage-dun-olivier-en-hommage-a-ilan-halimi.jpg","type":"","width":"","height":""}],"author":"Claude DAYRES","twitter_card":"summary_large_image","twitter_misc":{"\u00c9crit par":"Claude DAYRES","Dur\u00e9e de lecture estim\u00e9e":"2 minutes"},"schema":{"@context":"https:\/\/schema.org","@graph":[{"@type":"Article","@id":"https:\/\/jumeaux91.fr\/blog\/antisemitisme-des-jumeaux-interpelles-dans-lenquete-sur-labattage-dun-olivier-en-hommage-a-ilan-halimi\/#article","isPartOf":{"@id":"https:\/\/jumeaux91.fr\/blog\/antisemitisme-des-jumeaux-interpelles-dans-lenquete-sur-labattage-dun-olivier-en-hommage-a-ilan-halimi\/"},"author":{"name":"Claude DAYRES","@id":"https:\/\/jumeaux91.fr\/blog\/#\/schema\/person\/21da06e9f119b9f64e5d45dbbd32d3fb"},"headline":"Antis\u00e9mitisme : Des jumeaux interpell\u00e9s dans l\u2019enqu\u00eate sur l\u2019abattage d\u2019un olivier en hommage \u00e0 Ilan Halimi","datePublished":"2025-08-27T10:32:00+00:00","mainEntityOfPage":{"@id":"https:\/\/jumeaux91.fr\/blog\/antisemitisme-des-jumeaux-interpelles-dans-lenquete-sur-labattage-dun-olivier-en-hommage-a-ilan-halimi\/"},"wordCount":420,"publisher":{"@id":"https:\/\/jumeaux91.fr\/blog\/#organization"},"image":{"@id":"https:\/\/jumeaux91.fr\/blog\/antisemitisme-des-jumeaux-interpelles-dans-lenquete-sur-labattage-dun-olivier-en-hommage-a-ilan-halimi\/#primaryimage"},"thumbnailUrl":"https:\/\/jumeaux91.fr\/blog\/wp-content\/uploads\/2025\/08\/antisemitisme-des-jumeaux-interpelles-dans-lenquete-sur-labattage-dun-olivier-en-hommage-a-ilan-halimi.jpg","articleSection":["Posts Fr\u00e8res Jumeaux De L'Essonnes:"],"inLanguage":"fr-FR"},{"@type":"WebPage","@id":"https:\/\/jumeaux91.fr\/blog\/antisemitisme-des-jumeaux-interpelles-dans-lenquete-sur-labattage-dun-olivier-en-hommage-a-ilan-halimi\/","url":"https:\/\/jumeaux91.fr\/blog\/antisemitisme-des-jumeaux-interpelles-dans-lenquete-sur-labattage-dun-olivier-en-hommage-a-ilan-halimi\/","name":"Antis\u00e9mitisme : Des jumeaux interpell\u00e9s dans l\u2019enqu\u00eate sur l\u2019abattage d\u2019un olivier en hommage \u00e0 Ilan Halimi - JUMEAUX91","isPartOf":{"@id":"https:\/\/jumeaux91.fr\/blog\/#website"},"primaryImageOfPage":{"@id":"https:\/\/jumeaux91.fr\/blog\/antisemitisme-des-jumeaux-interpelles-dans-lenquete-sur-labattage-dun-olivier-en-hommage-a-ilan-halimi\/#primaryimage"},"image":{"@id":"https:\/\/jumeaux91.fr\/blog\/antisemitisme-des-jumeaux-interpelles-dans-lenquete-sur-labattage-dun-olivier-en-hommage-a-ilan-halimi\/#primaryimage"},"thumbnailUrl":"https:\/\/jumeaux91.fr\/blog\/wp-content\/uploads\/2025\/08\/antisemitisme-des-jumeaux-interpelles-dans-lenquete-sur-labattage-dun-olivier-en-hommage-a-ilan-halimi.jpg","datePublished":"2025-08-27T10:32:00+00:00","breadcrumb":{"@id":"https:\/\/jumeaux91.fr\/blog\/antisemitisme-des-jumeaux-interpelles-dans-lenquete-sur-labattage-dun-olivier-en-hommage-a-ilan-halimi\/#breadcrumb"},"inLanguage":"fr-FR","potentialAction":[{"@type":"ReadAction","target":["https:\/\/jumeaux91.fr\/blog\/antisemitisme-des-jumeaux-interpelles-dans-lenquete-sur-labattage-dun-olivier-en-hommage-a-ilan-halimi\/"]}]},{"@type":"ImageObject","inLanguage":"fr-FR","@id":"https:\/\/jumeaux91.fr\/blog\/antisemitisme-des-jumeaux-interpelles-dans-lenquete-sur-labattage-dun-olivier-en-hommage-a-ilan-halimi\/#primaryimage","url":"https:\/\/jumeaux91.fr\/blog\/wp-content\/uploads\/2025\/08\/antisemitisme-des-jumeaux-interpelles-dans-lenquete-sur-labattage-dun-olivier-en-hommage-a-ilan-halimi.jpg","contentUrl":"https:\/\/jumeaux91.fr\/blog\/wp-content\/uploads\/2025\/08\/antisemitisme-des-jumeaux-interpelles-dans-lenquete-sur-labattage-dun-olivier-en-hommage-a-ilan-halimi.jpg","width":1198,"height":763,"caption":"Antis\u00e9mitisme : Des jumeaux interpell\u00e9s dans l\u2019enqu\u00eate sur l\u2019abattage d\u2019un olivier en hommage \u00e0 Ilan Halimi"},{"@type":"BreadcrumbList","@id":"https:\/\/jumeaux91.fr\/blog\/antisemitisme-des-jumeaux-interpelles-dans-lenquete-sur-labattage-dun-olivier-en-hommage-a-ilan-halimi\/#breadcrumb","itemListElement":[{"@type":"ListItem","position":1,"name":"Accueil","item":"https:\/\/jumeaux91.fr\/blog\/"},{"@type":"ListItem","position":2,"name":"Antis\u00e9mitisme : Des jumeaux interpell\u00e9s dans l\u2019enqu\u00eate sur l\u2019abattage d\u2019un olivier en hommage \u00e0 Ilan Halimi"}]},{"@type":"WebSite","@id":"https:\/\/jumeaux91.fr\/blog\/#website","url":"https:\/\/jumeaux91.fr\/blog\/","name":"JUMEAUX91","description":"Fr\u00e8res jumeaux de l&#039;Essonnes; informations et archives, \u00e0 savoir et retenir.","publisher":{"@id":"https:\/\/jumeaux91.fr\/blog\/#organization"},"potentialAction":[{"@type":"SearchAction","target":{"@type":"EntryPoint","urlTemplate":"https:\/\/jumeaux91.fr\/blog\/?s={search_term_string}"},"query-input":{"@type":"PropertyValueSpecification","valueRequired":true,"valueName":"search_term_string"}}],"inLanguage":"fr-FR"},{"@type":"Organization","@id":"https:\/\/jumeaux91.fr\/blog\/#organization","name":"jumeaux91","url":"https:\/\/jumeaux91.fr\/blog\/","logo":{"@type":"ImageObject","inLanguage":"fr-FR","@id":"https:\/\/jumeaux91.fr\/blog\/#\/schema\/logo\/image\/","url":"https:\/\/jumeaux91.fr\/blog\/wp-content\/uploads\/2023\/05\/cropped-cropped-logoJ_91.png","contentUrl":"https:\/\/jumeaux91.fr\/blog\/wp-content\/uploads\/2023\/05\/cropped-cropped-logoJ_91.png","width":512,"height":512,"caption":"jumeaux91"},"image":{"@id":"https:\/\/jumeaux91.fr\/blog\/#\/schema\/logo\/image\/"}},{"@type":"Person","@id":"https:\/\/jumeaux91.fr\/blog\/#\/schema\/person\/21da06e9f119b9f64e5d45dbbd32d3fb","name":"Claude DAYRES","image":{"@type":"ImageObject","inLanguage":"fr-FR","@id":"https:\/\/secure.gravatar.com\/avatar\/82eb951df6110a2c48d1bfa7a67d1ee6f0cd5df3cbf9c3586dd61e82db7172a5?s=96&d=mm&r=g","url":"https:\/\/secure.gravatar.com\/avatar\/82eb951df6110a2c48d1bfa7a67d1ee6f0cd5df3cbf9c3586dd61e82db7172a5?s=96&d=mm&r=g","contentUrl":"https:\/\/secure.gravatar.com\/avatar\/82eb951df6110a2c48d1bfa7a67d1ee6f0cd5df3cbf9c3586dd61e82db7172a5?s=96&d=mm&r=g","caption":"Claude DAYRES"},"url":"https:\/\/jumeaux91.fr\/blog\/author\/x91claude\/"}]}},"_links":{"self":[{"href":"https:\/\/jumeaux91.fr\/blog\/wp-json\/wp\/v2\/posts\/1633","targetHints":{"allow":["GET"]}}],"collection":[{"href":"https:\/\/jumeaux91.fr\/blog\/wp-json\/wp\/v2\/posts"}],"about":[{"href":"https:\/\/jumeaux91.fr\/blog\/wp-json\/wp\/v2\/types\/post"}],"author":[{"embeddable":true,"href":"https:\/\/jumeaux91.fr\/blog\/wp-json\/wp\/v2\/users\/2"}],"replies":[{"embeddable":true,"href":"https:\/\/jumeaux91.fr\/blog\/wp-json\/wp\/v2\/comments?post=1633"}],"version-history":[{"count":0,"href":"https:\/\/jumeaux91.fr\/blog\/wp-json\/wp\/v2\/posts\/1633\/revisions"}],"wp:featuredmedia":[{"embeddable":true,"href":"https:\/\/jumeaux91.fr\/blog\/wp-json\/wp\/v2\/media\/1634"}],"wp:attachment":[{"href":"https:\/\/jumeaux91.fr\/blog\/wp-json\/wp\/v2\/media?parent=1633"}],"wp:term":[{"taxonomy":"category","embeddable":true,"href":"https:\/\/jumeaux91.fr\/blog\/wp-json\/wp\/v2\/categories?post=1633"},{"taxonomy":"post_tag","embeddable":true,"href":"https:\/\/jumeaux91.fr\/blog\/wp-json\/wp\/v2\/tags?post=1633"}],"curies":[{"name":"wp","href":"https:\/\/api.w.org\/{rel}","templated":true}]}}