{"id":1635,"date":"2025-08-28T07:12:00","date_gmt":"2025-08-28T05:12:00","guid":{"rendered":"https:\/\/jumeaux91.fr\/blog\/accueil-faits-divers-justice-les-deux-freres-soupconnes-davoir-abattu-larbre-en-hommage-a-ilan-halimi-juges-en\/"},"modified":"2025-08-28T07:12:00","modified_gmt":"2025-08-28T05:12:00","slug":"accueil-faits-divers-justice-les-deux-freres-soupconnes-davoir-abattu-larbre-en-hommage-a-ilan-halimi-juges-en","status":"publish","type":"post","link":"https:\/\/jumeaux91.fr\/blog\/accueil-faits-divers-justice-les-deux-freres-soupconnes-davoir-abattu-larbre-en-hommage-a-ilan-halimi-juges-en\/","title":{"rendered":"Accueil Faits-divers &#8211; Justice Les deux fr\u00e8res soup\u00e7onn\u00e9s d&rsquo;avoir abattu l&rsquo;arbre en hommage \u00e0 Ilan Halimi jug\u00e9s en &#8230;"},"content":{"rendered":"<div><img decoding=\"async\" src=\"https:\/\/jumeaux91.fr\/blog\/wp-content\/uploads\/2025\/08\/accueil-faits-divers-justice-les-deux-freres-soupconnes-davoir-abattu-larbre-en-hommage-a-ilan-halimi-juges-en.jpg\" class=\"ff-og-image-inserted\"><\/div>\n<div>\n<p>Deux fr\u00e8res jumeaux de 19 ans, soup\u00e7onn\u00e9s <a href=\"https:\/\/www.ledauphine.com\/faits-divers-justice\/2025\/08\/14\/l-arbre-en-hommage-a-ilan-halimi-a-ete-tronconne-pendant-la-nuit\" target=\"_blank\" rel=\"nofollow\">d&rsquo;avoir abattu en France un olivier plant\u00e9 en m\u00e9moire d&rsquo;Ilan Halimi<\/a>, jeune juif tortur\u00e9 \u00e0 mort en 2006, ont \u00e9t\u00e9 plac\u00e9s en d\u00e9tention provisoire dans l&rsquo;attente d&rsquo;\u00eatre jug\u00e9s en octobre.<\/p>\n<p>Ils seront jug\u00e9s pour destruction de bien aggrav\u00e9e et violation de monument d\u00e9di\u00e9 \u00e0 la m\u00e9moire des morts commise en raison de la race, l&rsquo;ethnie, la nation ou la religion. Survenu dans la nuit du 13 au 14 ao\u00fbt \u00e0 \u00c9pinay-sur-Seine (Seine-Saint-Denis), l&rsquo;abattage de l&rsquo;arbre en m\u00e9moire d&rsquo;Ilan Halimi avait suscit\u00e9 une indignation unanime au sein de la classe politique.<\/p>\n<\/div>\n<div id>\n<div class=\"consentModule_text\">\n<p>Ce contenu est bloqu\u00e9 car vous n&rsquo;avez pas accept\u00e9 les cookies et autres traceurs.<\/p>\n<p>En cliquant sur <span class=\"bold\">\u00ab J\u2019accepte \u00bb<\/span>, les cookies et autres traceurs seront d\u00e9pos\u00e9s et vous pourrez visualiser les contenus <span class=\"consentModule_purpose\"><\/span> (<a href=\"https:\/\/www.ledauphine.com\/faits-divers-justice\/2025\/08\/28\/les-deux-freres-soupconnes-d-avoir-abattu-l-arbre-hommage-a-ilan-halimi-seront-juges-en-octobre\" class=\"consentModule_policy\" target=\"_blank\" title=\"Consulter la politique de protection des donn\u00e9es du fournisseur\" rel=\"nofollow\">plus d&rsquo;informations<\/a>).<\/p>\n<p>En cliquant sur <span class=\"bold\">\u00ab J\u2019accepte tous les cookies \u00bb<\/span>, vous autorisez des d\u00e9p\u00f4ts de cookies et autres traceurs pour le stockage de vos donn\u00e9es sur nos sites et applications \u00e0 des fins de personnalisation et de ciblage publicitaire.<\/p>\n<p class=\"consentModule_secondaryText\">Vous gardez la possibilit\u00e9 de retirer votre consentement \u00e0 tout moment en consultant notre <a href=\"https:\/\/www.ledauphine.com\/protection-des-donnees\" target=\"_blank\" title=\"Consulter notre politique de protection des donn\u00e9es\" rel=\"nofollow\">politique de protection des donn\u00e9es<\/a>. <br \/><a href=\"Didomi.notice.show()\" class=\"consentModule_cmp\" target=\"_blank\" rel=\"nofollow\">G\u00e9rer mes choix<\/a> <\/p>\n<p> <button class=\"acceptConsent\" id title=\"J'accepte\">J&rsquo;accepte<\/button> <button class=\"acceptAllConsent\" id title=\"J'accepte tous les cookies\">J&rsquo;accepte tous les cookies<\/button> <\/p>\n<\/p><\/div>\n<\/div>\n<div>\n<h2>Plusieurs arbres replant\u00e9s<\/h2>\n<p>Les actes antis\u00e9mites sont en nette progression en France : sur les six premiers mois de l&rsquo;ann\u00e9e 2025, 646 actes antis\u00e9mites ont \u00e9t\u00e9 recens\u00e9s dans le pays, selon le minist\u00e8re de l&rsquo;Int\u00e9rieur, soit en baisse de 27,5 % par rapport au premier semestre de 2024, mais un bond de 112,5 % sur la m\u00eame p\u00e9riode en 2023.<\/p>\n<p>L&rsquo;olivier avait \u00e9t\u00e9 plant\u00e9 en 2011 au jardin d&rsquo;Alcobendas d&rsquo;\u00c9pinay-sur-Seine, au nord de Paris. Le maire a indiqu\u00e9 que plusieurs arbres seraient replant\u00e9s \u00e0 l&rsquo;automne en m\u00e9moire d&rsquo;Ilan Halimi, en \u00e9voquant \u00ab un \u00e9lan de solidarit\u00e9 remarquable \u00bb pour le don de nouveaux oliviers \u00e0 la ville.<\/p>\n<\/div>\n<div>\n<p>Citoyen fran\u00e7ais de confession juive, Ilan Halimi, 23 ans, avait \u00e9t\u00e9 s\u00e9questr\u00e9 et tortur\u00e9 en janvier 2006 en r\u00e9gion parisienne par un groupe d&rsquo;une vingtaine de personnes qui se faisaient appeler le \u00ab gang des barbares \u00bb. Retrouv\u00e9 agonisant au bord d&rsquo;une voie ferr\u00e9e \u00e0 Sainte-Genevi\u00e8ve-des-Bois, au sud de Paris, le jeune homme \u00e9tait mort pendant son transfert \u00e0 l&rsquo;h\u00f4pital un peu moins d&rsquo;un mois plus tard. Deux autres arbres plant\u00e9s en hommage \u00e0 Ilan Halimi, dont l&rsquo;un portait sa photo, avaient \u00e9t\u00e9 sci\u00e9s en 2019 \u00e0 Sainte-Genevi\u00e8ve-des-Bois. D&rsquo;autres arbres avaient \u00e9t\u00e9 replant\u00e9s.<\/p>\n<\/div>\n<p>La chronique se veut g\u00e9n\u00e9r\u00e9e de la fa\u00e7on la plus claire que possible. Dans le cas o\u00f9 vous souhaitez pr\u00e9senter des renseignements compl\u00e9mentaires \u00e0 cet article sur le sujet \u00ab\u00a0Fr\u00e8res jumeaux de l&rsquo;Essonnes\u00a0\u00bb il vous est possible d\u2019\u00e9crire aux contacts indiqu\u00e9s sur notre website. La raison d\u2019\u00eatre de jumeaux91.fr \u00e9tant de rassembler sur le web des posts sur le sujet de Fr\u00e8res jumeaux de l&rsquo;Essonnes puis les diffuser en r\u00e9pondant au mieux aux interrogations des gens. Vous pouvez tirer profit de cet article traitant le sujet \u00ab\u00a0Fr\u00e8res jumeaux de l&rsquo;Essonnes\u00a0\u00bb. Il est concoct\u00e9 par l\u2019\u00e9quipe jumeaux91.fr. Prochainement, nous rendrons accessibles au public d&rsquo;autres informations pertinentes sur le sujet \u00ab\u00a0Fr\u00e8res jumeaux de l&rsquo;Essonnes\u00a0\u00bb. Alors, consultez syst\u00e9matiquement notre blog.<\/p>\n","protected":false},"excerpt":{"rendered":"<p>Deux fr\u00e8res jumeaux de 19 ans, soup\u00e7onn\u00e9s d&rsquo;avoir abattu en France un olivier plant\u00e9 en m\u00e9moire d&rsquo;Ilan Halimi, jeune juif tortur\u00e9 \u00e0 mort en 2006, ont \u00e9t\u00e9 plac\u00e9s en d\u00e9tention provisoire dans l&rsquo;attente d&rsquo;\u00eatre jug\u00e9s en octobre. Ils seront jug\u00e9s pour destruction de bien aggrav\u00e9e et violation de monument d\u00e9di\u00e9 \u00e0 la m\u00e9moire des morts&hellip; <a class=\"more-link\" href=\"https:\/\/jumeaux91.fr\/blog\/accueil-faits-divers-justice-les-deux-freres-soupconnes-davoir-abattu-larbre-en-hommage-a-ilan-halimi-juges-en\/\">Poursuivre la lecture <span class=\"screen-reader-text\">Accueil Faits-divers &#8211; Justice Les deux fr\u00e8res soup\u00e7onn\u00e9s d&rsquo;avoir abattu l&rsquo;arbre en hommage \u00e0 Ilan Halimi jug\u00e9s en &#8230;<\/span><\/a><\/p>\n","protected":false},"author":2,"featured_media":1636,"comment_status":"closed","ping_status":"closed","sticky":false,"template":"","format":"standard","meta":{"footnotes":""},"categories":[4],"tags":[],"class_list":["post-1635","post","type-post","status-publish","format-standard","has-post-thumbnail","hentry","category-posts-freres-jumeaux-de-lessonnes","entry"],"yoast_head":"<!-- This site is optimized with the Yoast SEO plugin v27.5 - https:\/\/yoast.com\/product\/yoast-seo-wordpress\/ -->\n<title>Accueil Faits-divers - Justice Les deux fr\u00e8res soup\u00e7onn\u00e9s d&#039;avoir abattu l&#039;arbre en hommage \u00e0 Ilan Halimi jug\u00e9s en ... - JUMEAUX91<\/title>\n<meta name=\"robots\" content=\"index, follow, max-snippet:-1, max-image-preview:large, max-video-preview:-1\" \/>\n<link rel=\"canonical\" href=\"https:\/\/jumeaux91.fr\/blog\/accueil-faits-divers-justice-les-deux-freres-soupconnes-davoir-abattu-larbre-en-hommage-a-ilan-halimi-juges-en\/\" \/>\n<meta property=\"og:locale\" content=\"fr_FR\" \/>\n<meta property=\"og:type\" content=\"article\" \/>\n<meta property=\"og:title\" content=\"Accueil Faits-divers - Justice Les deux fr\u00e8res soup\u00e7onn\u00e9s d&#039;avoir abattu l&#039;arbre en hommage \u00e0 Ilan Halimi jug\u00e9s en ... - JUMEAUX91\" \/>\n<meta property=\"og:description\" content=\"Deux fr\u00e8res jumeaux de 19 ans, soup\u00e7onn\u00e9s d&rsquo;avoir abattu en France un olivier plant\u00e9 en m\u00e9moire d&rsquo;Ilan Halimi, jeune juif tortur\u00e9 \u00e0 mort en 2006, ont \u00e9t\u00e9 plac\u00e9s en d\u00e9tention provisoire dans l&rsquo;attente d&rsquo;\u00eatre jug\u00e9s en octobre. Ils seront jug\u00e9s pour destruction de bien aggrav\u00e9e et violation de monument d\u00e9di\u00e9 \u00e0 la m\u00e9moire des morts&hellip; Poursuivre la lecture Accueil Faits-divers &#8211; Justice Les deux fr\u00e8res soup\u00e7onn\u00e9s d&rsquo;avoir abattu l&rsquo;arbre en hommage \u00e0 Ilan Halimi jug\u00e9s en &#8230;\" \/>\n<meta property=\"og:url\" content=\"https:\/\/jumeaux91.fr\/blog\/accueil-faits-divers-justice-les-deux-freres-soupconnes-davoir-abattu-larbre-en-hommage-a-ilan-halimi-juges-en\/\" \/>\n<meta property=\"og:site_name\" content=\"JUMEAUX91\" \/>\n<meta property=\"article:published_time\" content=\"2025-08-28T05:12:00+00:00\" \/>\n<meta property=\"og:image\" content=\"https:\/\/jumeaux91.fr\/blog\/wp-content\/uploads\/2025\/08\/accueil-faits-divers-justice-les-deux-freres-soupconnes-davoir-abattu-larbre-en-hommage-a-ilan-halimi-juges-en.jpg\" \/>\n<meta name=\"author\" content=\"Claude DAYRES\" \/>\n<meta name=\"twitter:card\" content=\"summary_large_image\" \/>\n<meta name=\"twitter:label1\" content=\"\u00c9crit par\" \/>\n\t<meta name=\"twitter:data1\" content=\"Claude DAYRES\" \/>\n\t<meta name=\"twitter:label2\" content=\"Dur\u00e9e de lecture estim\u00e9e\" \/>\n\t<meta name=\"twitter:data2\" content=\"3 minutes\" \/>\n<script type=\"application\/ld+json\" class=\"yoast-schema-graph\">{\"@context\":\"https:\\\/\\\/schema.org\",\"@graph\":[{\"@type\":\"Article\",\"@id\":\"https:\\\/\\\/jumeaux91.fr\\\/blog\\\/accueil-faits-divers-justice-les-deux-freres-soupconnes-davoir-abattu-larbre-en-hommage-a-ilan-halimi-juges-en\\\/#article\",\"isPartOf\":{\"@id\":\"https:\\\/\\\/jumeaux91.fr\\\/blog\\\/accueil-faits-divers-justice-les-deux-freres-soupconnes-davoir-abattu-larbre-en-hommage-a-ilan-halimi-juges-en\\\/\"},\"author\":{\"name\":\"Claude DAYRES\",\"@id\":\"https:\\\/\\\/jumeaux91.fr\\\/blog\\\/#\\\/schema\\\/person\\\/21da06e9f119b9f64e5d45dbbd32d3fb\"},\"headline\":\"Accueil Faits-divers &#8211; Justice Les deux fr\u00e8res soup\u00e7onn\u00e9s d&rsquo;avoir abattu l&rsquo;arbre en hommage \u00e0 Ilan Halimi jug\u00e9s en &#8230;\",\"datePublished\":\"2025-08-28T05:12:00+00:00\",\"mainEntityOfPage\":{\"@id\":\"https:\\\/\\\/jumeaux91.fr\\\/blog\\\/accueil-faits-divers-justice-les-deux-freres-soupconnes-davoir-abattu-larbre-en-hommage-a-ilan-halimi-juges-en\\\/\"},\"wordCount\":591,\"publisher\":{\"@id\":\"https:\\\/\\\/jumeaux91.fr\\\/blog\\\/#organization\"},\"image\":{\"@id\":\"https:\\\/\\\/jumeaux91.fr\\\/blog\\\/accueil-faits-divers-justice-les-deux-freres-soupconnes-davoir-abattu-larbre-en-hommage-a-ilan-halimi-juges-en\\\/#primaryimage\"},\"thumbnailUrl\":\"https:\\\/\\\/jumeaux91.fr\\\/blog\\\/wp-content\\\/uploads\\\/2025\\\/08\\\/accueil-faits-divers-justice-les-deux-freres-soupconnes-davoir-abattu-larbre-en-hommage-a-ilan-halimi-juges-en.jpg\",\"articleSection\":[\"Posts Fr\u00e8res Jumeaux De L'Essonnes:\"],\"inLanguage\":\"fr-FR\"},{\"@type\":\"WebPage\",\"@id\":\"https:\\\/\\\/jumeaux91.fr\\\/blog\\\/accueil-faits-divers-justice-les-deux-freres-soupconnes-davoir-abattu-larbre-en-hommage-a-ilan-halimi-juges-en\\\/\",\"url\":\"https:\\\/\\\/jumeaux91.fr\\\/blog\\\/accueil-faits-divers-justice-les-deux-freres-soupconnes-davoir-abattu-larbre-en-hommage-a-ilan-halimi-juges-en\\\/\",\"name\":\"Accueil Faits-divers - Justice Les deux fr\u00e8res soup\u00e7onn\u00e9s d'avoir abattu l'arbre en hommage \u00e0 Ilan Halimi jug\u00e9s en ... - JUMEAUX91\",\"isPartOf\":{\"@id\":\"https:\\\/\\\/jumeaux91.fr\\\/blog\\\/#website\"},\"primaryImageOfPage\":{\"@id\":\"https:\\\/\\\/jumeaux91.fr\\\/blog\\\/accueil-faits-divers-justice-les-deux-freres-soupconnes-davoir-abattu-larbre-en-hommage-a-ilan-halimi-juges-en\\\/#primaryimage\"},\"image\":{\"@id\":\"https:\\\/\\\/jumeaux91.fr\\\/blog\\\/accueil-faits-divers-justice-les-deux-freres-soupconnes-davoir-abattu-larbre-en-hommage-a-ilan-halimi-juges-en\\\/#primaryimage\"},\"thumbnailUrl\":\"https:\\\/\\\/jumeaux91.fr\\\/blog\\\/wp-content\\\/uploads\\\/2025\\\/08\\\/accueil-faits-divers-justice-les-deux-freres-soupconnes-davoir-abattu-larbre-en-hommage-a-ilan-halimi-juges-en.jpg\",\"datePublished\":\"2025-08-28T05:12:00+00:00\",\"breadcrumb\":{\"@id\":\"https:\\\/\\\/jumeaux91.fr\\\/blog\\\/accueil-faits-divers-justice-les-deux-freres-soupconnes-davoir-abattu-larbre-en-hommage-a-ilan-halimi-juges-en\\\/#breadcrumb\"},\"inLanguage\":\"fr-FR\",\"potentialAction\":[{\"@type\":\"ReadAction\",\"target\":[\"https:\\\/\\\/jumeaux91.fr\\\/blog\\\/accueil-faits-divers-justice-les-deux-freres-soupconnes-davoir-abattu-larbre-en-hommage-a-ilan-halimi-juges-en\\\/\"]}]},{\"@type\":\"ImageObject\",\"inLanguage\":\"fr-FR\",\"@id\":\"https:\\\/\\\/jumeaux91.fr\\\/blog\\\/accueil-faits-divers-justice-les-deux-freres-soupconnes-davoir-abattu-larbre-en-hommage-a-ilan-halimi-juges-en\\\/#primaryimage\",\"url\":\"https:\\\/\\\/jumeaux91.fr\\\/blog\\\/wp-content\\\/uploads\\\/2025\\\/08\\\/accueil-faits-divers-justice-les-deux-freres-soupconnes-davoir-abattu-larbre-en-hommage-a-ilan-halimi-juges-en.jpg\",\"contentUrl\":\"https:\\\/\\\/jumeaux91.fr\\\/blog\\\/wp-content\\\/uploads\\\/2025\\\/08\\\/accueil-faits-divers-justice-les-deux-freres-soupconnes-davoir-abattu-larbre-en-hommage-a-ilan-halimi-juges-en.jpg\",\"width\":1200,\"height\":630,\"caption\":\"Accueil Faits divers Justice Les deux fr\u00e8res soup\u00e7onn\u00e9s d'avoir abattu l'arbre en hommage \u00e0 Ilan Halimi jug\u00e9s en ...\"},{\"@type\":\"BreadcrumbList\",\"@id\":\"https:\\\/\\\/jumeaux91.fr\\\/blog\\\/accueil-faits-divers-justice-les-deux-freres-soupconnes-davoir-abattu-larbre-en-hommage-a-ilan-halimi-juges-en\\\/#breadcrumb\",\"itemListElement\":[{\"@type\":\"ListItem\",\"position\":1,\"name\":\"Accueil\",\"item\":\"https:\\\/\\\/jumeaux91.fr\\\/blog\\\/\"},{\"@type\":\"ListItem\",\"position\":2,\"name\":\"Accueil Faits-divers &#8211; Justice Les deux fr\u00e8res soup\u00e7onn\u00e9s d&rsquo;avoir abattu l&rsquo;arbre en hommage \u00e0 Ilan Halimi jug\u00e9s en &#8230;\"}]},{\"@type\":\"WebSite\",\"@id\":\"https:\\\/\\\/jumeaux91.fr\\\/blog\\\/#website\",\"url\":\"https:\\\/\\\/jumeaux91.fr\\\/blog\\\/\",\"name\":\"JUMEAUX91\",\"description\":\"Fr\u00e8res jumeaux de l&#039;Essonnes; informations et archives, \u00e0 savoir et retenir.\",\"publisher\":{\"@id\":\"https:\\\/\\\/jumeaux91.fr\\\/blog\\\/#organization\"},\"potentialAction\":[{\"@type\":\"SearchAction\",\"target\":{\"@type\":\"EntryPoint\",\"urlTemplate\":\"https:\\\/\\\/jumeaux91.fr\\\/blog\\\/?s={search_term_string}\"},\"query-input\":{\"@type\":\"PropertyValueSpecification\",\"valueRequired\":true,\"valueName\":\"search_term_string\"}}],\"inLanguage\":\"fr-FR\"},{\"@type\":\"Organization\",\"@id\":\"https:\\\/\\\/jumeaux91.fr\\\/blog\\\/#organization\",\"name\":\"jumeaux91\",\"url\":\"https:\\\/\\\/jumeaux91.fr\\\/blog\\\/\",\"logo\":{\"@type\":\"ImageObject\",\"inLanguage\":\"fr-FR\",\"@id\":\"https:\\\/\\\/jumeaux91.fr\\\/blog\\\/#\\\/schema\\\/logo\\\/image\\\/\",\"url\":\"https:\\\/\\\/jumeaux91.fr\\\/blog\\\/wp-content\\\/uploads\\\/2023\\\/05\\\/cropped-cropped-logoJ_91.png\",\"contentUrl\":\"https:\\\/\\\/jumeaux91.fr\\\/blog\\\/wp-content\\\/uploads\\\/2023\\\/05\\\/cropped-cropped-logoJ_91.png\",\"width\":512,\"height\":512,\"caption\":\"jumeaux91\"},\"image\":{\"@id\":\"https:\\\/\\\/jumeaux91.fr\\\/blog\\\/#\\\/schema\\\/logo\\\/image\\\/\"}},{\"@type\":\"Person\",\"@id\":\"https:\\\/\\\/jumeaux91.fr\\\/blog\\\/#\\\/schema\\\/person\\\/21da06e9f119b9f64e5d45dbbd32d3fb\",\"name\":\"Claude DAYRES\",\"image\":{\"@type\":\"ImageObject\",\"inLanguage\":\"fr-FR\",\"@id\":\"https:\\\/\\\/secure.gravatar.com\\\/avatar\\\/82eb951df6110a2c48d1bfa7a67d1ee6f0cd5df3cbf9c3586dd61e82db7172a5?s=96&d=mm&r=g\",\"url\":\"https:\\\/\\\/secure.gravatar.com\\\/avatar\\\/82eb951df6110a2c48d1bfa7a67d1ee6f0cd5df3cbf9c3586dd61e82db7172a5?s=96&d=mm&r=g\",\"contentUrl\":\"https:\\\/\\\/secure.gravatar.com\\\/avatar\\\/82eb951df6110a2c48d1bfa7a67d1ee6f0cd5df3cbf9c3586dd61e82db7172a5?s=96&d=mm&r=g\",\"caption\":\"Claude DAYRES\"},\"url\":\"https:\\\/\\\/jumeaux91.fr\\\/blog\\\/author\\\/x91claude\\\/\"}]}<\/script>\n<!-- \/ Yoast SEO plugin. -->","yoast_head_json":{"title":"Accueil Faits-divers - Justice Les deux fr\u00e8res soup\u00e7onn\u00e9s d'avoir abattu l'arbre en hommage \u00e0 Ilan Halimi jug\u00e9s en ... - JUMEAUX91","robots":{"index":"index","follow":"follow","max-snippet":"max-snippet:-1","max-image-preview":"max-image-preview:large","max-video-preview":"max-video-preview:-1"},"canonical":"https:\/\/jumeaux91.fr\/blog\/accueil-faits-divers-justice-les-deux-freres-soupconnes-davoir-abattu-larbre-en-hommage-a-ilan-halimi-juges-en\/","og_locale":"fr_FR","og_type":"article","og_title":"Accueil Faits-divers - Justice Les deux fr\u00e8res soup\u00e7onn\u00e9s d'avoir abattu l'arbre en hommage \u00e0 Ilan Halimi jug\u00e9s en ... - JUMEAUX91","og_description":"Deux fr\u00e8res jumeaux de 19 ans, soup\u00e7onn\u00e9s d&rsquo;avoir abattu en France un olivier plant\u00e9 en m\u00e9moire d&rsquo;Ilan Halimi, jeune juif tortur\u00e9 \u00e0 mort en 2006, ont \u00e9t\u00e9 plac\u00e9s en d\u00e9tention provisoire dans l&rsquo;attente d&rsquo;\u00eatre jug\u00e9s en octobre. Ils seront jug\u00e9s pour destruction de bien aggrav\u00e9e et violation de monument d\u00e9di\u00e9 \u00e0 la m\u00e9moire des morts&hellip; Poursuivre la lecture Accueil Faits-divers &#8211; Justice Les deux fr\u00e8res soup\u00e7onn\u00e9s d&rsquo;avoir abattu l&rsquo;arbre en hommage \u00e0 Ilan Halimi jug\u00e9s en &#8230;","og_url":"https:\/\/jumeaux91.fr\/blog\/accueil-faits-divers-justice-les-deux-freres-soupconnes-davoir-abattu-larbre-en-hommage-a-ilan-halimi-juges-en\/","og_site_name":"JUMEAUX91","article_published_time":"2025-08-28T05:12:00+00:00","og_image":[{"url":"https:\/\/jumeaux91.fr\/blog\/wp-content\/uploads\/2025\/08\/accueil-faits-divers-justice-les-deux-freres-soupconnes-davoir-abattu-larbre-en-hommage-a-ilan-halimi-juges-en.jpg","type":"","width":"","height":""}],"author":"Claude DAYRES","twitter_card":"summary_large_image","twitter_misc":{"\u00c9crit par":"Claude DAYRES","Dur\u00e9e de lecture estim\u00e9e":"3 minutes"},"schema":{"@context":"https:\/\/schema.org","@graph":[{"@type":"Article","@id":"https:\/\/jumeaux91.fr\/blog\/accueil-faits-divers-justice-les-deux-freres-soupconnes-davoir-abattu-larbre-en-hommage-a-ilan-halimi-juges-en\/#article","isPartOf":{"@id":"https:\/\/jumeaux91.fr\/blog\/accueil-faits-divers-justice-les-deux-freres-soupconnes-davoir-abattu-larbre-en-hommage-a-ilan-halimi-juges-en\/"},"author":{"name":"Claude DAYRES","@id":"https:\/\/jumeaux91.fr\/blog\/#\/schema\/person\/21da06e9f119b9f64e5d45dbbd32d3fb"},"headline":"Accueil Faits-divers &#8211; Justice Les deux fr\u00e8res soup\u00e7onn\u00e9s d&rsquo;avoir abattu l&rsquo;arbre en hommage \u00e0 Ilan Halimi jug\u00e9s en &#8230;","datePublished":"2025-08-28T05:12:00+00:00","mainEntityOfPage":{"@id":"https:\/\/jumeaux91.fr\/blog\/accueil-faits-divers-justice-les-deux-freres-soupconnes-davoir-abattu-larbre-en-hommage-a-ilan-halimi-juges-en\/"},"wordCount":591,"publisher":{"@id":"https:\/\/jumeaux91.fr\/blog\/#organization"},"image":{"@id":"https:\/\/jumeaux91.fr\/blog\/accueil-faits-divers-justice-les-deux-freres-soupconnes-davoir-abattu-larbre-en-hommage-a-ilan-halimi-juges-en\/#primaryimage"},"thumbnailUrl":"https:\/\/jumeaux91.fr\/blog\/wp-content\/uploads\/2025\/08\/accueil-faits-divers-justice-les-deux-freres-soupconnes-davoir-abattu-larbre-en-hommage-a-ilan-halimi-juges-en.jpg","articleSection":["Posts Fr\u00e8res Jumeaux De L'Essonnes:"],"inLanguage":"fr-FR"},{"@type":"WebPage","@id":"https:\/\/jumeaux91.fr\/blog\/accueil-faits-divers-justice-les-deux-freres-soupconnes-davoir-abattu-larbre-en-hommage-a-ilan-halimi-juges-en\/","url":"https:\/\/jumeaux91.fr\/blog\/accueil-faits-divers-justice-les-deux-freres-soupconnes-davoir-abattu-larbre-en-hommage-a-ilan-halimi-juges-en\/","name":"Accueil Faits-divers - Justice Les deux fr\u00e8res soup\u00e7onn\u00e9s d'avoir abattu l'arbre en hommage \u00e0 Ilan Halimi jug\u00e9s en ... - JUMEAUX91","isPartOf":{"@id":"https:\/\/jumeaux91.fr\/blog\/#website"},"primaryImageOfPage":{"@id":"https:\/\/jumeaux91.fr\/blog\/accueil-faits-divers-justice-les-deux-freres-soupconnes-davoir-abattu-larbre-en-hommage-a-ilan-halimi-juges-en\/#primaryimage"},"image":{"@id":"https:\/\/jumeaux91.fr\/blog\/accueil-faits-divers-justice-les-deux-freres-soupconnes-davoir-abattu-larbre-en-hommage-a-ilan-halimi-juges-en\/#primaryimage"},"thumbnailUrl":"https:\/\/jumeaux91.fr\/blog\/wp-content\/uploads\/2025\/08\/accueil-faits-divers-justice-les-deux-freres-soupconnes-davoir-abattu-larbre-en-hommage-a-ilan-halimi-juges-en.jpg","datePublished":"2025-08-28T05:12:00+00:00","breadcrumb":{"@id":"https:\/\/jumeaux91.fr\/blog\/accueil-faits-divers-justice-les-deux-freres-soupconnes-davoir-abattu-larbre-en-hommage-a-ilan-halimi-juges-en\/#breadcrumb"},"inLanguage":"fr-FR","potentialAction":[{"@type":"ReadAction","target":["https:\/\/jumeaux91.fr\/blog\/accueil-faits-divers-justice-les-deux-freres-soupconnes-davoir-abattu-larbre-en-hommage-a-ilan-halimi-juges-en\/"]}]},{"@type":"ImageObject","inLanguage":"fr-FR","@id":"https:\/\/jumeaux91.fr\/blog\/accueil-faits-divers-justice-les-deux-freres-soupconnes-davoir-abattu-larbre-en-hommage-a-ilan-halimi-juges-en\/#primaryimage","url":"https:\/\/jumeaux91.fr\/blog\/wp-content\/uploads\/2025\/08\/accueil-faits-divers-justice-les-deux-freres-soupconnes-davoir-abattu-larbre-en-hommage-a-ilan-halimi-juges-en.jpg","contentUrl":"https:\/\/jumeaux91.fr\/blog\/wp-content\/uploads\/2025\/08\/accueil-faits-divers-justice-les-deux-freres-soupconnes-davoir-abattu-larbre-en-hommage-a-ilan-halimi-juges-en.jpg","width":1200,"height":630,"caption":"Accueil Faits divers Justice Les deux fr\u00e8res soup\u00e7onn\u00e9s d'avoir abattu l'arbre en hommage \u00e0 Ilan Halimi jug\u00e9s en ..."},{"@type":"BreadcrumbList","@id":"https:\/\/jumeaux91.fr\/blog\/accueil-faits-divers-justice-les-deux-freres-soupconnes-davoir-abattu-larbre-en-hommage-a-ilan-halimi-juges-en\/#breadcrumb","itemListElement":[{"@type":"ListItem","position":1,"name":"Accueil","item":"https:\/\/jumeaux91.fr\/blog\/"},{"@type":"ListItem","position":2,"name":"Accueil Faits-divers &#8211; Justice Les deux fr\u00e8res soup\u00e7onn\u00e9s d&rsquo;avoir abattu l&rsquo;arbre en hommage \u00e0 Ilan Halimi jug\u00e9s en &#8230;"}]},{"@type":"WebSite","@id":"https:\/\/jumeaux91.fr\/blog\/#website","url":"https:\/\/jumeaux91.fr\/blog\/","name":"JUMEAUX91","description":"Fr\u00e8res jumeaux de l&#039;Essonnes; informations et archives, \u00e0 savoir et retenir.","publisher":{"@id":"https:\/\/jumeaux91.fr\/blog\/#organization"},"potentialAction":[{"@type":"SearchAction","target":{"@type":"EntryPoint","urlTemplate":"https:\/\/jumeaux91.fr\/blog\/?s={search_term_string}"},"query-input":{"@type":"PropertyValueSpecification","valueRequired":true,"valueName":"search_term_string"}}],"inLanguage":"fr-FR"},{"@type":"Organization","@id":"https:\/\/jumeaux91.fr\/blog\/#organization","name":"jumeaux91","url":"https:\/\/jumeaux91.fr\/blog\/","logo":{"@type":"ImageObject","inLanguage":"fr-FR","@id":"https:\/\/jumeaux91.fr\/blog\/#\/schema\/logo\/image\/","url":"https:\/\/jumeaux91.fr\/blog\/wp-content\/uploads\/2023\/05\/cropped-cropped-logoJ_91.png","contentUrl":"https:\/\/jumeaux91.fr\/blog\/wp-content\/uploads\/2023\/05\/cropped-cropped-logoJ_91.png","width":512,"height":512,"caption":"jumeaux91"},"image":{"@id":"https:\/\/jumeaux91.fr\/blog\/#\/schema\/logo\/image\/"}},{"@type":"Person","@id":"https:\/\/jumeaux91.fr\/blog\/#\/schema\/person\/21da06e9f119b9f64e5d45dbbd32d3fb","name":"Claude DAYRES","image":{"@type":"ImageObject","inLanguage":"fr-FR","@id":"https:\/\/secure.gravatar.com\/avatar\/82eb951df6110a2c48d1bfa7a67d1ee6f0cd5df3cbf9c3586dd61e82db7172a5?s=96&d=mm&r=g","url":"https:\/\/secure.gravatar.com\/avatar\/82eb951df6110a2c48d1bfa7a67d1ee6f0cd5df3cbf9c3586dd61e82db7172a5?s=96&d=mm&r=g","contentUrl":"https:\/\/secure.gravatar.com\/avatar\/82eb951df6110a2c48d1bfa7a67d1ee6f0cd5df3cbf9c3586dd61e82db7172a5?s=96&d=mm&r=g","caption":"Claude DAYRES"},"url":"https:\/\/jumeaux91.fr\/blog\/author\/x91claude\/"}]}},"_links":{"self":[{"href":"https:\/\/jumeaux91.fr\/blog\/wp-json\/wp\/v2\/posts\/1635","targetHints":{"allow":["GET"]}}],"collection":[{"href":"https:\/\/jumeaux91.fr\/blog\/wp-json\/wp\/v2\/posts"}],"about":[{"href":"https:\/\/jumeaux91.fr\/blog\/wp-json\/wp\/v2\/types\/post"}],"author":[{"embeddable":true,"href":"https:\/\/jumeaux91.fr\/blog\/wp-json\/wp\/v2\/users\/2"}],"replies":[{"embeddable":true,"href":"https:\/\/jumeaux91.fr\/blog\/wp-json\/wp\/v2\/comments?post=1635"}],"version-history":[{"count":0,"href":"https:\/\/jumeaux91.fr\/blog\/wp-json\/wp\/v2\/posts\/1635\/revisions"}],"wp:featuredmedia":[{"embeddable":true,"href":"https:\/\/jumeaux91.fr\/blog\/wp-json\/wp\/v2\/media\/1636"}],"wp:attachment":[{"href":"https:\/\/jumeaux91.fr\/blog\/wp-json\/wp\/v2\/media?parent=1635"}],"wp:term":[{"taxonomy":"category","embeddable":true,"href":"https:\/\/jumeaux91.fr\/blog\/wp-json\/wp\/v2\/categories?post=1635"},{"taxonomy":"post_tag","embeddable":true,"href":"https:\/\/jumeaux91.fr\/blog\/wp-json\/wp\/v2\/tags?post=1635"}],"curies":[{"name":"wp","href":"https:\/\/api.w.org\/{rel}","templated":true}]}}