{"id":1637,"date":"2025-08-28T03:46:00","date_gmt":"2025-08-28T01:46:00","guid":{"rendered":"https:\/\/jumeaux91.fr\/blog\/les-deux-freres-suspectes-davoir-abattu-lolivier-en-hommage-a-ilan-halimi-ecroues\/"},"modified":"2025-08-28T03:46:00","modified_gmt":"2025-08-28T01:46:00","slug":"les-deux-freres-suspectes-davoir-abattu-lolivier-en-hommage-a-ilan-halimi-ecroues","status":"publish","type":"post","link":"https:\/\/jumeaux91.fr\/blog\/les-deux-freres-suspectes-davoir-abattu-lolivier-en-hommage-a-ilan-halimi-ecroues\/","title":{"rendered":"Les deux fr\u00e8res suspect\u00e9s d\u2019avoir abattu l\u2019olivier en hommage \u00e0 Ilan Halimi \u00e9crou\u00e9s"},"content":{"rendered":"<div><img decoding=\"async\" src=\"https:\/\/jumeaux91.fr\/blog\/wp-content\/uploads\/2025\/08\/les-deux-freres-suspectes-davoir-abattu-lolivier-en-hommage-a-ilan-halimi-ecroues.jpg\" class=\"ff-og-image-inserted\"><\/div>\n<p class=\"mb-4 text-lg md:leading-8 break-words\">FAITS DIVERS &#8211; Les fr\u00e8res jumeaux de 19&nbsp;ans, soup\u00e7onn\u00e9s d\u2019avoir abattu il y a deux semaines \u00e0 \u00c9pinay-sur-Seine (Seine-Saint-Denis) un olivier plant\u00e9 en m\u00e9moire d\u2019<a href=\"https:\/\/fr.news.yahoo.com\/l-olivier-hommage-%C3%A0-ilan-195041958.html\" data-ylk=\"slk:Ilan Halimi;elm:context_link;itc:0;sec:content-canvas;outcm:mb_qualified_link;_E:mb_qualified_link;ct:story;\" class=\"link yahoo-link\" target=\"_blank\" rel=\"nofollow\">Ilan Halimi<\/a>, ont \u00e9t\u00e9 plac\u00e9s en d\u00e9tention provisoire dans l\u2019attente d\u2019\u00eatre jug\u00e9s en octobre, a-t-on appris ce jeudi 28&nbsp;ao\u00fbt de source judiciaire.<\/p>\n<p class=\"mb-4 text-lg md:leading-8 break-words\">Les deux jeunes hommes ont \u00e9t\u00e9 d\u00e9f\u00e9r\u00e9s mercredi en comparution imm\u00e9diate au tribunal correctionnel de Bobigny, o\u00f9 l\u2019affaire a \u00e9t\u00e9 renvoy\u00e9e au 22&nbsp;octobre, a pr\u00e9cis\u00e9 \u00e0 l\u2019AFP le parquet. Ils seront jug\u00e9s pour destruction de bien aggrav\u00e9e et violation de monument d\u00e9di\u00e9 \u00e0 la m\u00e9moire des morts commise en raison de la race, l\u2019ethnie, la nation ou la religion.<\/p>\n<p class=\"mb-4 text-lg md:leading-8 break-words\"><a href=\"https:\/\/fr.news.yahoo.com\/fran%C3%A7ois-bayrou-d%C3%A9nonce-haine-antis%C3%A9mite-073731068.html\" data-ylk=\"slk:Bayrou et Macron d\u00e9noncent un \u00ab&nbsp;acte de haine&nbsp;\u00bb apr\u00e8s l\u2019abattage de l\u2019olivier en hommage \u00e0 Ilan Halimi;elm:context_link;itc:0;sec:content-canvas;outcm:mb_qualified_link;_E:mb_qualified_link;ct:story;\" class=\"link yahoo-link\" target=\"_blank\" rel=\"nofollow\"> Bayrou et Macron d\u00e9noncent un \u00ab&nbsp;acte de haine&nbsp;\u00bb apr\u00e8s l\u2019abattage de l\u2019olivier en hommage \u00e0 Ilan Halimi <\/a><\/p>\n<div class=\"max-md:faux-bleed mb-4 bg-marshmallow pb-5 dark:bg-ramones md:invisible md:mb-0 md:h-0 md:overflow-hidden md:pb-0\">\n<p>Publicit\u00e9<\/p>\n<div class=\"flex w-full flex-nowrap justify-center\">\n<div class=\"flex ad-container\" id=\"_R_ahmab8lb2mav5ubsddbH1_\">\n<p>Publicit\u00e9<\/p>\n<\/div>\n<\/div>\n<\/div>\n<div class=\"mb-4 hidden pb-5 md:block\">\n<p>Publicit\u00e9<\/p>\n<div class=\"flex w-full flex-nowrap justify-center\">\n<div class=\"flex ad-container\" id=\"_R_ihmab8lb2mav5ubsddbH1_\">\n<p>Publicit\u00e9<\/p>\n<\/div>\n<\/div>\n<\/div>\n<p class=\"mb-4 text-lg md:leading-8 break-words\">Survenu dans la nuit du 13 au 14&nbsp;ao\u00fbt, l\u2019abattage de l\u2019arbre en m\u00e9moire d\u2019Ilan Halimi, jeune <a href=\"https:\/\/www.huffingtonpost.fr\/actualites\/article\/plus-de-10-ans-apres-sa-mort-on-continue-d-insulter-la-memoire-d-ilan-halimi_111307.html\" rel=\"nofollow noopener\" target=\"_blank\" data-ylk=\"slk:Juif tortur\u00e9 \u00e0 mort en 2006;elm:context_link;itc:0;sec:content-canvas\" class=\"link \">Juif tortur\u00e9 \u00e0 mort en 2006<\/a>, avait suscit\u00e9 une indignation unanime au sein de la classe politique. L\u2019olivier avait \u00e9t\u00e9 plant\u00e9 en 2011 au jardin d\u2019Alcobendas d\u2019\u00c9pinay-sur-Seine, ville d\u2019un peu plus de 50&nbsp;000 habitants, situ\u00e9e \u00e0 une dizaine de kilom\u00e8tres au nord de Paris.<\/p>\n<h2 class=\"mb-4 text-xl font-bold md:text-2xl\">Plusieurs arbres seront replant\u00e9s<\/h2>\n<p class=\"mb-4 text-lg md:leading-8 break-words\">Le maire, Herv\u00e9 Chevreau (DVD), a indiqu\u00e9 \u00e0 l\u2019AFP que plusieurs arbres seraient replant\u00e9s \u00e0 l\u2019automne en m\u00e9moire d\u2019Ilan Halimi, en \u00e9voquant <em>\u00ab&nbsp;un \u00e9lan de solidarit\u00e9 remarquable&nbsp;\u00bb<\/em> pour le don de nouveaux oliviers \u00e0 la ville.<\/p>\n<p class=\"mb-4 text-lg md:leading-8 break-words\">Citoyen fran\u00e7ais de confession juive, Ilan Halimi, 23&nbsp;ans, avait \u00e9t\u00e9 s\u00e9questr\u00e9 et tortur\u00e9 en janvier&nbsp;2006 \u00e0 Bagneux (Hauts-de-Seine) par un groupe d\u2019une vingtaine de personnes qui se faisaient appeler le <em>\u00ab&nbsp;gang des barbares&nbsp;\u00bb<\/em>, sous la direction de Youssouf Fofana. D\u00e9couvert \u00e0 Sainte-Genevi\u00e8ve-des-Bois, dans l\u2019Essonne, le jeune homme \u00e9tait mort pendant son transfert \u00e0 l\u2019h\u00f4pital un peu moins d\u2019un mois plus tard.<\/p>\n<p class=\"mb-4 text-lg md:leading-8 break-words\">Deux autres arbres plant\u00e9s en hommage \u00e0 Ilan Halimi, dont l\u2019un portait sa photo, avaient \u00e9t\u00e9 sci\u00e9s en 2019 \u00e0 Sainte-Genevi\u00e8ve-des-Bois, o\u00f9 il avait \u00e9t\u00e9 retrouv\u00e9 agonisant au bord d\u2019une voie ferr\u00e9e. D\u2019autres arbres avaient \u00e9t\u00e9 replant\u00e9s.<\/p>\n<p class=\"mb-4 text-lg md:leading-8 break-words\"><a href=\"https:\/\/fr.news.yahoo.com\/jean-imbert-vis%C3%A9-enqu%C3%AAte-violences-135202163.html\" data-ylk=\"slk:Jean Imbert, vis\u00e9 par une enqu\u00eate pour violences conjugales, r\u00e9agit pour la premi\u00e8re fois;elm:context_link;itc:0;sec:content-canvas;outcm:mb_qualified_link;_E:mb_qualified_link;ct:story;\" class=\"link yahoo-link\" target=\"_blank\" rel=\"nofollow\"> Jean Imbert, vis\u00e9 par une enqu\u00eate pour violences conjugales, r\u00e9agit pour la premi\u00e8re fois <\/a><\/p>\n<p class=\"mb-4 text-lg md:leading-8 break-words\"><a href=\"https:\/\/fr.news.yahoo.com\/pr%C3%A8s-choisy-roi-nouveau-cadavre-104043942.html\" data-ylk=\"slk:Pr\u00e8s de Choisy-le-Roi, un nouveau cadavre rep\u00each\u00e9 dans les eaux de la Seine;elm:context_link;itc:0;sec:content-canvas;outcm:mb_qualified_link;_E:mb_qualified_link;ct:story;\" class=\"link yahoo-link\" target=\"_blank\" rel=\"nofollow\"> Pr\u00e8s de Choisy-le-Roi, un nouveau cadavre rep\u00each\u00e9 dans les eaux de la Seine <\/a><\/p>\n<p>La chronique se veut g\u00e9n\u00e9r\u00e9e de la fa\u00e7on la plus claire que possible. Dans le cas o\u00f9 vous souhaitez pr\u00e9senter des renseignements compl\u00e9mentaires \u00e0 cet article sur le sujet \u00ab\u00a0Fr\u00e8res jumeaux de l&rsquo;Essonnes\u00a0\u00bb il vous est possible d\u2019\u00e9crire aux contacts indiqu\u00e9s sur notre website. La raison d\u2019\u00eatre de jumeaux91.fr \u00e9tant de rassembler sur le web des posts sur le sujet de Fr\u00e8res jumeaux de l&rsquo;Essonnes puis les diffuser en r\u00e9pondant au mieux aux interrogations des gens. Vous pouvez tirer profit de cet article traitant le sujet \u00ab\u00a0Fr\u00e8res jumeaux de l&rsquo;Essonnes\u00a0\u00bb. Il est concoct\u00e9 par l\u2019\u00e9quipe jumeaux91.fr. Prochainement, nous rendrons accessibles au public d&rsquo;autres informations pertinentes sur le sujet \u00ab\u00a0Fr\u00e8res jumeaux de l&rsquo;Essonnes\u00a0\u00bb. Alors, consultez syst\u00e9matiquement notre blog.<\/p>\n","protected":false},"excerpt":{"rendered":"<p>FAITS DIVERS &#8211; Les fr\u00e8res jumeaux de 19&nbsp;ans, soup\u00e7onn\u00e9s d\u2019avoir abattu il y a deux semaines \u00e0 \u00c9pinay-sur-Seine (Seine-Saint-Denis) un olivier plant\u00e9 en m\u00e9moire d\u2019Ilan Halimi, ont \u00e9t\u00e9 plac\u00e9s en d\u00e9tention provisoire dans l\u2019attente d\u2019\u00eatre jug\u00e9s en octobre, a-t-on appris ce jeudi 28&nbsp;ao\u00fbt de source judiciaire. Les deux jeunes hommes ont \u00e9t\u00e9 d\u00e9f\u00e9r\u00e9s mercredi en&hellip; <a class=\"more-link\" href=\"https:\/\/jumeaux91.fr\/blog\/les-deux-freres-suspectes-davoir-abattu-lolivier-en-hommage-a-ilan-halimi-ecroues\/\">Poursuivre la lecture <span class=\"screen-reader-text\">Les deux fr\u00e8res suspect\u00e9s d\u2019avoir abattu l\u2019olivier en hommage \u00e0 Ilan Halimi \u00e9crou\u00e9s<\/span><\/a><\/p>\n","protected":false},"author":2,"featured_media":1638,"comment_status":"closed","ping_status":"closed","sticky":false,"template":"","format":"standard","meta":{"footnotes":""},"categories":[4],"tags":[],"class_list":["post-1637","post","type-post","status-publish","format-standard","has-post-thumbnail","hentry","category-posts-freres-jumeaux-de-lessonnes","entry"],"yoast_head":"<!-- This site is optimized with the Yoast SEO plugin v27.5 - https:\/\/yoast.com\/product\/yoast-seo-wordpress\/ -->\n<title>Les deux fr\u00e8res suspect\u00e9s d\u2019avoir abattu l\u2019olivier en hommage \u00e0 Ilan Halimi \u00e9crou\u00e9s - JUMEAUX91<\/title>\n<meta name=\"robots\" content=\"index, follow, max-snippet:-1, max-image-preview:large, max-video-preview:-1\" \/>\n<link rel=\"canonical\" href=\"https:\/\/jumeaux91.fr\/blog\/les-deux-freres-suspectes-davoir-abattu-lolivier-en-hommage-a-ilan-halimi-ecroues\/\" \/>\n<meta property=\"og:locale\" content=\"fr_FR\" \/>\n<meta property=\"og:type\" content=\"article\" \/>\n<meta property=\"og:title\" content=\"Les deux fr\u00e8res suspect\u00e9s d\u2019avoir abattu l\u2019olivier en hommage \u00e0 Ilan Halimi \u00e9crou\u00e9s - JUMEAUX91\" \/>\n<meta property=\"og:description\" content=\"FAITS DIVERS &#8211; Les fr\u00e8res jumeaux de 19&nbsp;ans, soup\u00e7onn\u00e9s d\u2019avoir abattu il y a deux semaines \u00e0 \u00c9pinay-sur-Seine (Seine-Saint-Denis) un olivier plant\u00e9 en m\u00e9moire d\u2019Ilan Halimi, ont \u00e9t\u00e9 plac\u00e9s en d\u00e9tention provisoire dans l\u2019attente d\u2019\u00eatre jug\u00e9s en octobre, a-t-on appris ce jeudi 28&nbsp;ao\u00fbt de source judiciaire. Les deux jeunes hommes ont \u00e9t\u00e9 d\u00e9f\u00e9r\u00e9s mercredi en&hellip; Poursuivre la lecture Les deux fr\u00e8res suspect\u00e9s d\u2019avoir abattu l\u2019olivier en hommage \u00e0 Ilan Halimi \u00e9crou\u00e9s\" \/>\n<meta property=\"og:url\" content=\"https:\/\/jumeaux91.fr\/blog\/les-deux-freres-suspectes-davoir-abattu-lolivier-en-hommage-a-ilan-halimi-ecroues\/\" \/>\n<meta property=\"og:site_name\" content=\"JUMEAUX91\" \/>\n<meta property=\"article:published_time\" content=\"2025-08-28T01:46:00+00:00\" \/>\n<meta property=\"og:image\" content=\"https:\/\/jumeaux91.fr\/blog\/wp-content\/uploads\/2025\/08\/les-deux-freres-suspectes-davoir-abattu-lolivier-en-hommage-a-ilan-halimi-ecroues.jpg\" \/>\n<meta name=\"author\" content=\"Claude DAYRES\" \/>\n<meta name=\"twitter:card\" content=\"summary_large_image\" \/>\n<meta name=\"twitter:label1\" content=\"\u00c9crit par\" \/>\n\t<meta name=\"twitter:data1\" content=\"Claude DAYRES\" \/>\n\t<meta name=\"twitter:label2\" content=\"Dur\u00e9e de lecture estim\u00e9e\" \/>\n\t<meta name=\"twitter:data2\" content=\"3 minutes\" \/>\n<script type=\"application\/ld+json\" class=\"yoast-schema-graph\">{\"@context\":\"https:\\\/\\\/schema.org\",\"@graph\":[{\"@type\":\"Article\",\"@id\":\"https:\\\/\\\/jumeaux91.fr\\\/blog\\\/les-deux-freres-suspectes-davoir-abattu-lolivier-en-hommage-a-ilan-halimi-ecroues\\\/#article\",\"isPartOf\":{\"@id\":\"https:\\\/\\\/jumeaux91.fr\\\/blog\\\/les-deux-freres-suspectes-davoir-abattu-lolivier-en-hommage-a-ilan-halimi-ecroues\\\/\"},\"author\":{\"name\":\"Claude DAYRES\",\"@id\":\"https:\\\/\\\/jumeaux91.fr\\\/blog\\\/#\\\/schema\\\/person\\\/21da06e9f119b9f64e5d45dbbd32d3fb\"},\"headline\":\"Les deux fr\u00e8res suspect\u00e9s d\u2019avoir abattu l\u2019olivier en hommage \u00e0 Ilan Halimi \u00e9crou\u00e9s\",\"datePublished\":\"2025-08-28T01:46:00+00:00\",\"mainEntityOfPage\":{\"@id\":\"https:\\\/\\\/jumeaux91.fr\\\/blog\\\/les-deux-freres-suspectes-davoir-abattu-lolivier-en-hommage-a-ilan-halimi-ecroues\\\/\"},\"wordCount\":569,\"publisher\":{\"@id\":\"https:\\\/\\\/jumeaux91.fr\\\/blog\\\/#organization\"},\"image\":{\"@id\":\"https:\\\/\\\/jumeaux91.fr\\\/blog\\\/les-deux-freres-suspectes-davoir-abattu-lolivier-en-hommage-a-ilan-halimi-ecroues\\\/#primaryimage\"},\"thumbnailUrl\":\"https:\\\/\\\/jumeaux91.fr\\\/blog\\\/wp-content\\\/uploads\\\/2025\\\/08\\\/les-deux-freres-suspectes-davoir-abattu-lolivier-en-hommage-a-ilan-halimi-ecroues.jpg\",\"articleSection\":[\"Posts Fr\u00e8res Jumeaux De L'Essonnes:\"],\"inLanguage\":\"fr-FR\"},{\"@type\":\"WebPage\",\"@id\":\"https:\\\/\\\/jumeaux91.fr\\\/blog\\\/les-deux-freres-suspectes-davoir-abattu-lolivier-en-hommage-a-ilan-halimi-ecroues\\\/\",\"url\":\"https:\\\/\\\/jumeaux91.fr\\\/blog\\\/les-deux-freres-suspectes-davoir-abattu-lolivier-en-hommage-a-ilan-halimi-ecroues\\\/\",\"name\":\"Les deux fr\u00e8res suspect\u00e9s d\u2019avoir abattu l\u2019olivier en hommage \u00e0 Ilan Halimi \u00e9crou\u00e9s - JUMEAUX91\",\"isPartOf\":{\"@id\":\"https:\\\/\\\/jumeaux91.fr\\\/blog\\\/#website\"},\"primaryImageOfPage\":{\"@id\":\"https:\\\/\\\/jumeaux91.fr\\\/blog\\\/les-deux-freres-suspectes-davoir-abattu-lolivier-en-hommage-a-ilan-halimi-ecroues\\\/#primaryimage\"},\"image\":{\"@id\":\"https:\\\/\\\/jumeaux91.fr\\\/blog\\\/les-deux-freres-suspectes-davoir-abattu-lolivier-en-hommage-a-ilan-halimi-ecroues\\\/#primaryimage\"},\"thumbnailUrl\":\"https:\\\/\\\/jumeaux91.fr\\\/blog\\\/wp-content\\\/uploads\\\/2025\\\/08\\\/les-deux-freres-suspectes-davoir-abattu-lolivier-en-hommage-a-ilan-halimi-ecroues.jpg\",\"datePublished\":\"2025-08-28T01:46:00+00:00\",\"breadcrumb\":{\"@id\":\"https:\\\/\\\/jumeaux91.fr\\\/blog\\\/les-deux-freres-suspectes-davoir-abattu-lolivier-en-hommage-a-ilan-halimi-ecroues\\\/#breadcrumb\"},\"inLanguage\":\"fr-FR\",\"potentialAction\":[{\"@type\":\"ReadAction\",\"target\":[\"https:\\\/\\\/jumeaux91.fr\\\/blog\\\/les-deux-freres-suspectes-davoir-abattu-lolivier-en-hommage-a-ilan-halimi-ecroues\\\/\"]}]},{\"@type\":\"ImageObject\",\"inLanguage\":\"fr-FR\",\"@id\":\"https:\\\/\\\/jumeaux91.fr\\\/blog\\\/les-deux-freres-suspectes-davoir-abattu-lolivier-en-hommage-a-ilan-halimi-ecroues\\\/#primaryimage\",\"url\":\"https:\\\/\\\/jumeaux91.fr\\\/blog\\\/wp-content\\\/uploads\\\/2025\\\/08\\\/les-deux-freres-suspectes-davoir-abattu-lolivier-en-hommage-a-ilan-halimi-ecroues.jpg\",\"contentUrl\":\"https:\\\/\\\/jumeaux91.fr\\\/blog\\\/wp-content\\\/uploads\\\/2025\\\/08\\\/les-deux-freres-suspectes-davoir-abattu-lolivier-en-hommage-a-ilan-halimi-ecroues.jpg\",\"width\":1200,\"height\":675,\"caption\":\"Les deux fr\u00e8res suspect\u00e9s d\u2019avoir abattu l\u2019olivier en hommage \u00e0 Ilan Halimi \u00e9crou\u00e9s\"},{\"@type\":\"BreadcrumbList\",\"@id\":\"https:\\\/\\\/jumeaux91.fr\\\/blog\\\/les-deux-freres-suspectes-davoir-abattu-lolivier-en-hommage-a-ilan-halimi-ecroues\\\/#breadcrumb\",\"itemListElement\":[{\"@type\":\"ListItem\",\"position\":1,\"name\":\"Accueil\",\"item\":\"https:\\\/\\\/jumeaux91.fr\\\/blog\\\/\"},{\"@type\":\"ListItem\",\"position\":2,\"name\":\"Les deux fr\u00e8res suspect\u00e9s d\u2019avoir abattu l\u2019olivier en hommage \u00e0 Ilan Halimi \u00e9crou\u00e9s\"}]},{\"@type\":\"WebSite\",\"@id\":\"https:\\\/\\\/jumeaux91.fr\\\/blog\\\/#website\",\"url\":\"https:\\\/\\\/jumeaux91.fr\\\/blog\\\/\",\"name\":\"JUMEAUX91\",\"description\":\"Fr\u00e8res jumeaux de l&#039;Essonnes; informations et archives, \u00e0 savoir et retenir.\",\"publisher\":{\"@id\":\"https:\\\/\\\/jumeaux91.fr\\\/blog\\\/#organization\"},\"potentialAction\":[{\"@type\":\"SearchAction\",\"target\":{\"@type\":\"EntryPoint\",\"urlTemplate\":\"https:\\\/\\\/jumeaux91.fr\\\/blog\\\/?s={search_term_string}\"},\"query-input\":{\"@type\":\"PropertyValueSpecification\",\"valueRequired\":true,\"valueName\":\"search_term_string\"}}],\"inLanguage\":\"fr-FR\"},{\"@type\":\"Organization\",\"@id\":\"https:\\\/\\\/jumeaux91.fr\\\/blog\\\/#organization\",\"name\":\"jumeaux91\",\"url\":\"https:\\\/\\\/jumeaux91.fr\\\/blog\\\/\",\"logo\":{\"@type\":\"ImageObject\",\"inLanguage\":\"fr-FR\",\"@id\":\"https:\\\/\\\/jumeaux91.fr\\\/blog\\\/#\\\/schema\\\/logo\\\/image\\\/\",\"url\":\"https:\\\/\\\/jumeaux91.fr\\\/blog\\\/wp-content\\\/uploads\\\/2023\\\/05\\\/cropped-cropped-logoJ_91.png\",\"contentUrl\":\"https:\\\/\\\/jumeaux91.fr\\\/blog\\\/wp-content\\\/uploads\\\/2023\\\/05\\\/cropped-cropped-logoJ_91.png\",\"width\":512,\"height\":512,\"caption\":\"jumeaux91\"},\"image\":{\"@id\":\"https:\\\/\\\/jumeaux91.fr\\\/blog\\\/#\\\/schema\\\/logo\\\/image\\\/\"}},{\"@type\":\"Person\",\"@id\":\"https:\\\/\\\/jumeaux91.fr\\\/blog\\\/#\\\/schema\\\/person\\\/21da06e9f119b9f64e5d45dbbd32d3fb\",\"name\":\"Claude DAYRES\",\"image\":{\"@type\":\"ImageObject\",\"inLanguage\":\"fr-FR\",\"@id\":\"https:\\\/\\\/secure.gravatar.com\\\/avatar\\\/82eb951df6110a2c48d1bfa7a67d1ee6f0cd5df3cbf9c3586dd61e82db7172a5?s=96&d=mm&r=g\",\"url\":\"https:\\\/\\\/secure.gravatar.com\\\/avatar\\\/82eb951df6110a2c48d1bfa7a67d1ee6f0cd5df3cbf9c3586dd61e82db7172a5?s=96&d=mm&r=g\",\"contentUrl\":\"https:\\\/\\\/secure.gravatar.com\\\/avatar\\\/82eb951df6110a2c48d1bfa7a67d1ee6f0cd5df3cbf9c3586dd61e82db7172a5?s=96&d=mm&r=g\",\"caption\":\"Claude DAYRES\"},\"url\":\"https:\\\/\\\/jumeaux91.fr\\\/blog\\\/author\\\/x91claude\\\/\"}]}<\/script>\n<!-- \/ Yoast SEO plugin. -->","yoast_head_json":{"title":"Les deux fr\u00e8res suspect\u00e9s d\u2019avoir abattu l\u2019olivier en hommage \u00e0 Ilan Halimi \u00e9crou\u00e9s - JUMEAUX91","robots":{"index":"index","follow":"follow","max-snippet":"max-snippet:-1","max-image-preview":"max-image-preview:large","max-video-preview":"max-video-preview:-1"},"canonical":"https:\/\/jumeaux91.fr\/blog\/les-deux-freres-suspectes-davoir-abattu-lolivier-en-hommage-a-ilan-halimi-ecroues\/","og_locale":"fr_FR","og_type":"article","og_title":"Les deux fr\u00e8res suspect\u00e9s d\u2019avoir abattu l\u2019olivier en hommage \u00e0 Ilan Halimi \u00e9crou\u00e9s - JUMEAUX91","og_description":"FAITS DIVERS &#8211; Les fr\u00e8res jumeaux de 19&nbsp;ans, soup\u00e7onn\u00e9s d\u2019avoir abattu il y a deux semaines \u00e0 \u00c9pinay-sur-Seine (Seine-Saint-Denis) un olivier plant\u00e9 en m\u00e9moire d\u2019Ilan Halimi, ont \u00e9t\u00e9 plac\u00e9s en d\u00e9tention provisoire dans l\u2019attente d\u2019\u00eatre jug\u00e9s en octobre, a-t-on appris ce jeudi 28&nbsp;ao\u00fbt de source judiciaire. Les deux jeunes hommes ont \u00e9t\u00e9 d\u00e9f\u00e9r\u00e9s mercredi en&hellip; Poursuivre la lecture Les deux fr\u00e8res suspect\u00e9s d\u2019avoir abattu l\u2019olivier en hommage \u00e0 Ilan Halimi \u00e9crou\u00e9s","og_url":"https:\/\/jumeaux91.fr\/blog\/les-deux-freres-suspectes-davoir-abattu-lolivier-en-hommage-a-ilan-halimi-ecroues\/","og_site_name":"JUMEAUX91","article_published_time":"2025-08-28T01:46:00+00:00","og_image":[{"url":"https:\/\/jumeaux91.fr\/blog\/wp-content\/uploads\/2025\/08\/les-deux-freres-suspectes-davoir-abattu-lolivier-en-hommage-a-ilan-halimi-ecroues.jpg","type":"","width":"","height":""}],"author":"Claude DAYRES","twitter_card":"summary_large_image","twitter_misc":{"\u00c9crit par":"Claude DAYRES","Dur\u00e9e de lecture estim\u00e9e":"3 minutes"},"schema":{"@context":"https:\/\/schema.org","@graph":[{"@type":"Article","@id":"https:\/\/jumeaux91.fr\/blog\/les-deux-freres-suspectes-davoir-abattu-lolivier-en-hommage-a-ilan-halimi-ecroues\/#article","isPartOf":{"@id":"https:\/\/jumeaux91.fr\/blog\/les-deux-freres-suspectes-davoir-abattu-lolivier-en-hommage-a-ilan-halimi-ecroues\/"},"author":{"name":"Claude DAYRES","@id":"https:\/\/jumeaux91.fr\/blog\/#\/schema\/person\/21da06e9f119b9f64e5d45dbbd32d3fb"},"headline":"Les deux fr\u00e8res suspect\u00e9s d\u2019avoir abattu l\u2019olivier en hommage \u00e0 Ilan Halimi \u00e9crou\u00e9s","datePublished":"2025-08-28T01:46:00+00:00","mainEntityOfPage":{"@id":"https:\/\/jumeaux91.fr\/blog\/les-deux-freres-suspectes-davoir-abattu-lolivier-en-hommage-a-ilan-halimi-ecroues\/"},"wordCount":569,"publisher":{"@id":"https:\/\/jumeaux91.fr\/blog\/#organization"},"image":{"@id":"https:\/\/jumeaux91.fr\/blog\/les-deux-freres-suspectes-davoir-abattu-lolivier-en-hommage-a-ilan-halimi-ecroues\/#primaryimage"},"thumbnailUrl":"https:\/\/jumeaux91.fr\/blog\/wp-content\/uploads\/2025\/08\/les-deux-freres-suspectes-davoir-abattu-lolivier-en-hommage-a-ilan-halimi-ecroues.jpg","articleSection":["Posts Fr\u00e8res Jumeaux De L'Essonnes:"],"inLanguage":"fr-FR"},{"@type":"WebPage","@id":"https:\/\/jumeaux91.fr\/blog\/les-deux-freres-suspectes-davoir-abattu-lolivier-en-hommage-a-ilan-halimi-ecroues\/","url":"https:\/\/jumeaux91.fr\/blog\/les-deux-freres-suspectes-davoir-abattu-lolivier-en-hommage-a-ilan-halimi-ecroues\/","name":"Les deux fr\u00e8res suspect\u00e9s d\u2019avoir abattu l\u2019olivier en hommage \u00e0 Ilan Halimi \u00e9crou\u00e9s - JUMEAUX91","isPartOf":{"@id":"https:\/\/jumeaux91.fr\/blog\/#website"},"primaryImageOfPage":{"@id":"https:\/\/jumeaux91.fr\/blog\/les-deux-freres-suspectes-davoir-abattu-lolivier-en-hommage-a-ilan-halimi-ecroues\/#primaryimage"},"image":{"@id":"https:\/\/jumeaux91.fr\/blog\/les-deux-freres-suspectes-davoir-abattu-lolivier-en-hommage-a-ilan-halimi-ecroues\/#primaryimage"},"thumbnailUrl":"https:\/\/jumeaux91.fr\/blog\/wp-content\/uploads\/2025\/08\/les-deux-freres-suspectes-davoir-abattu-lolivier-en-hommage-a-ilan-halimi-ecroues.jpg","datePublished":"2025-08-28T01:46:00+00:00","breadcrumb":{"@id":"https:\/\/jumeaux91.fr\/blog\/les-deux-freres-suspectes-davoir-abattu-lolivier-en-hommage-a-ilan-halimi-ecroues\/#breadcrumb"},"inLanguage":"fr-FR","potentialAction":[{"@type":"ReadAction","target":["https:\/\/jumeaux91.fr\/blog\/les-deux-freres-suspectes-davoir-abattu-lolivier-en-hommage-a-ilan-halimi-ecroues\/"]}]},{"@type":"ImageObject","inLanguage":"fr-FR","@id":"https:\/\/jumeaux91.fr\/blog\/les-deux-freres-suspectes-davoir-abattu-lolivier-en-hommage-a-ilan-halimi-ecroues\/#primaryimage","url":"https:\/\/jumeaux91.fr\/blog\/wp-content\/uploads\/2025\/08\/les-deux-freres-suspectes-davoir-abattu-lolivier-en-hommage-a-ilan-halimi-ecroues.jpg","contentUrl":"https:\/\/jumeaux91.fr\/blog\/wp-content\/uploads\/2025\/08\/les-deux-freres-suspectes-davoir-abattu-lolivier-en-hommage-a-ilan-halimi-ecroues.jpg","width":1200,"height":675,"caption":"Les deux fr\u00e8res suspect\u00e9s d\u2019avoir abattu l\u2019olivier en hommage \u00e0 Ilan Halimi \u00e9crou\u00e9s"},{"@type":"BreadcrumbList","@id":"https:\/\/jumeaux91.fr\/blog\/les-deux-freres-suspectes-davoir-abattu-lolivier-en-hommage-a-ilan-halimi-ecroues\/#breadcrumb","itemListElement":[{"@type":"ListItem","position":1,"name":"Accueil","item":"https:\/\/jumeaux91.fr\/blog\/"},{"@type":"ListItem","position":2,"name":"Les deux fr\u00e8res suspect\u00e9s d\u2019avoir abattu l\u2019olivier en hommage \u00e0 Ilan Halimi \u00e9crou\u00e9s"}]},{"@type":"WebSite","@id":"https:\/\/jumeaux91.fr\/blog\/#website","url":"https:\/\/jumeaux91.fr\/blog\/","name":"JUMEAUX91","description":"Fr\u00e8res jumeaux de l&#039;Essonnes; informations et archives, \u00e0 savoir et retenir.","publisher":{"@id":"https:\/\/jumeaux91.fr\/blog\/#organization"},"potentialAction":[{"@type":"SearchAction","target":{"@type":"EntryPoint","urlTemplate":"https:\/\/jumeaux91.fr\/blog\/?s={search_term_string}"},"query-input":{"@type":"PropertyValueSpecification","valueRequired":true,"valueName":"search_term_string"}}],"inLanguage":"fr-FR"},{"@type":"Organization","@id":"https:\/\/jumeaux91.fr\/blog\/#organization","name":"jumeaux91","url":"https:\/\/jumeaux91.fr\/blog\/","logo":{"@type":"ImageObject","inLanguage":"fr-FR","@id":"https:\/\/jumeaux91.fr\/blog\/#\/schema\/logo\/image\/","url":"https:\/\/jumeaux91.fr\/blog\/wp-content\/uploads\/2023\/05\/cropped-cropped-logoJ_91.png","contentUrl":"https:\/\/jumeaux91.fr\/blog\/wp-content\/uploads\/2023\/05\/cropped-cropped-logoJ_91.png","width":512,"height":512,"caption":"jumeaux91"},"image":{"@id":"https:\/\/jumeaux91.fr\/blog\/#\/schema\/logo\/image\/"}},{"@type":"Person","@id":"https:\/\/jumeaux91.fr\/blog\/#\/schema\/person\/21da06e9f119b9f64e5d45dbbd32d3fb","name":"Claude DAYRES","image":{"@type":"ImageObject","inLanguage":"fr-FR","@id":"https:\/\/secure.gravatar.com\/avatar\/82eb951df6110a2c48d1bfa7a67d1ee6f0cd5df3cbf9c3586dd61e82db7172a5?s=96&d=mm&r=g","url":"https:\/\/secure.gravatar.com\/avatar\/82eb951df6110a2c48d1bfa7a67d1ee6f0cd5df3cbf9c3586dd61e82db7172a5?s=96&d=mm&r=g","contentUrl":"https:\/\/secure.gravatar.com\/avatar\/82eb951df6110a2c48d1bfa7a67d1ee6f0cd5df3cbf9c3586dd61e82db7172a5?s=96&d=mm&r=g","caption":"Claude DAYRES"},"url":"https:\/\/jumeaux91.fr\/blog\/author\/x91claude\/"}]}},"_links":{"self":[{"href":"https:\/\/jumeaux91.fr\/blog\/wp-json\/wp\/v2\/posts\/1637","targetHints":{"allow":["GET"]}}],"collection":[{"href":"https:\/\/jumeaux91.fr\/blog\/wp-json\/wp\/v2\/posts"}],"about":[{"href":"https:\/\/jumeaux91.fr\/blog\/wp-json\/wp\/v2\/types\/post"}],"author":[{"embeddable":true,"href":"https:\/\/jumeaux91.fr\/blog\/wp-json\/wp\/v2\/users\/2"}],"replies":[{"embeddable":true,"href":"https:\/\/jumeaux91.fr\/blog\/wp-json\/wp\/v2\/comments?post=1637"}],"version-history":[{"count":0,"href":"https:\/\/jumeaux91.fr\/blog\/wp-json\/wp\/v2\/posts\/1637\/revisions"}],"wp:featuredmedia":[{"embeddable":true,"href":"https:\/\/jumeaux91.fr\/blog\/wp-json\/wp\/v2\/media\/1638"}],"wp:attachment":[{"href":"https:\/\/jumeaux91.fr\/blog\/wp-json\/wp\/v2\/media?parent=1637"}],"wp:term":[{"taxonomy":"category","embeddable":true,"href":"https:\/\/jumeaux91.fr\/blog\/wp-json\/wp\/v2\/categories?post=1637"},{"taxonomy":"post_tag","embeddable":true,"href":"https:\/\/jumeaux91.fr\/blog\/wp-json\/wp\/v2\/tags?post=1637"}],"curies":[{"name":"wp","href":"https:\/\/api.w.org\/{rel}","templated":true}]}}