{"id":1640,"date":"2025-08-30T23:00:00","date_gmt":"2025-08-30T21:00:00","guid":{"rendered":"https:\/\/jumeaux91.fr\/blog\/reseaux-sociaux-rencontre-avec-codi-11-ans-une-vie-entre-youtube-468-000-abonnes-sa-famille-et-le-college\/"},"modified":"2025-08-30T23:00:00","modified_gmt":"2025-08-30T21:00:00","slug":"reseaux-sociaux-rencontre-avec-codi-11-ans-une-vie-entre-youtube-468-000-abonnes-sa-famille-et-le-college","status":"publish","type":"post","link":"https:\/\/jumeaux91.fr\/blog\/reseaux-sociaux-rencontre-avec-codi-11-ans-une-vie-entre-youtube-468-000-abonnes-sa-famille-et-le-college\/","title":{"rendered":"R\u00e9seaux sociaux Rencontre avec Codi, 11 ans, une vie entre YouTube, 468 000 abonn\u00e9s, sa famille et le coll\u00e8ge"},"content":{"rendered":"<div><img decoding=\"async\" src=\"https:\/\/jumeaux91.fr\/blog\/wp-content\/uploads\/2025\/08\/reseaux-sociaux-rencontre-avec-codi-11-ans-une-vie-entre-youtube-468-000-abonnes-sa-famille-et-le-college.jpg\" class=\"ff-og-image-inserted\"><\/div>\n<div>\n<p>Comme tous les enfants, Codi, qui s\u2019appr\u00eate \u00e0 rentrer en 6e, a achet\u00e9 ses fournitures scolaires. \u00c0 une exception pr\u00e8s&nbsp;: les achats du petit gar\u00e7on ont \u00e9t\u00e9 vus par\u2026 57&nbsp;000 personnes. Codi est un enfant influenceur. \u00c0 11 ans, sa cha\u00eene YouTube \u00ab&nbsp;Codi Story&nbsp;\u00bb rassemble 468&nbsp;000 abonn\u00e9s. Avec ses parents et ses fr\u00e8res jumeaux Tino et Leni, Codi montre son quotidien, ses sorties en famille, ses voyages\u2026<\/p>\n<\/div>\n<div>\n<p>Tout a commenc\u00e9 lorsqu\u2019il avait 4 ans. Atteint d\u2019atr\u00e9sie de l\u2019\u0153sophage, le petit gar\u00e7on effectue r\u00e9guli\u00e8rement des s\u00e9jours \u00e0 l\u2019h\u00f4pital. Anne-Sophie, sa maman, trouve que son fils parle facilement de sa maladie et fait preuve d\u2019une certaine maturit\u00e9. Elle commence \u00e0 le filmer&nbsp;: \u00ab&nbsp;L\u2019objectif \u00e9tait de donner du courage aux enfants et leurs parents qui sont dans la maladie&nbsp;\u00bb, rembobine la m\u00e8re de famille, \u00e2g\u00e9e de 35 ans. \ufeff<\/p>\n<\/div>\n<div>\n<h2>\u00ab&nbsp;Je ne veux pas qu\u2019ils prennent la grosse t\u00eate&nbsp;\u00bb<\/h2>\n<p>Le public est au rendez-vous. Tr\u00e8s vite ses grands fr\u00e8res, Tino et Leni, \u00e2g\u00e9s de 14 ans, se pr\u00eatent aussi au jeu. Et, petit \u00e0 petit, la famille, bas\u00e9e \u00e0 Dieppe (Seine-Maritime), gagne en notori\u00e9t\u00e9. \u00ab&nbsp;Dans la rue, les jeunes nous arr\u00eatent pour faire des photos. Parfois, leurs parents ne nous connaissent pas car notre public est plut\u00f4t compos\u00e9 d\u2019enfants et d\u2019adolescents&nbsp;\u00bb, sourit Anne-Sophie. Qui veille au grain&nbsp;: \u00ab&nbsp;Je ne veux pas qu\u2019ils prennent la grosse t\u00eate. Si c\u2019\u00e9tait le cas, je les remettrais tr\u00e8s vite en place. Lorsque Tino et Leni, qui rentrent cette ann\u00e9e en 3e, ont fait leur entr\u00e9e au coll\u00e8ge, il y a eu un effet \u201cwaouh\u201d dans la classe, mais apr\u00e8s, ils sont redevenus des enfants comme les autres&nbsp;\u00bb, confie Anne-Sophie.<\/p>\n<\/div>\n<div>\n<h2>\u00ab&nbsp;Influenceur n\u2019est pas un m\u00e9tier&nbsp;\u00bb<\/h2>\n<p>Pas facile de g\u00e9rer scolarit\u00e9 et notori\u00e9t\u00e9. La famille normande s\u2019est alors fix\u00e9e des priorit\u00e9s&nbsp;: l\u2019\u00e9cole, le sport (les enfants font de la lutte), et enfin les vid\u00e9os (pour le plaisir)&nbsp;: \u00ab&nbsp;Ils le savent, si \u00e7a ne va pas \u00e0 l\u2019\u00e9cole, il n\u2019y a pas de vid\u00e9o&nbsp;\u00bb. Elle ajoute&nbsp;: \u00ab&nbsp;Si un jour mes enfants me disaient qu\u2019ils voulaient \u00eatre influenceurs [vivre uniquement de la cr\u00e9ation de contenus], je mettrais tout de suite le hol\u00e0. Influenceur n\u2019est pas un m\u00e9tier. Les \u00e9tudes d\u2019abord. Les r\u00e9seaux sociaux, ce n\u2019est pas une vie, c\u2019est une passion&nbsp;\u00bb.<\/p>\n<p>Pour g\u00e9rer au mieux son emploi du temps, la famille tourne principalement le week-end et durant les vacances scolaires&nbsp;: \u00ab&nbsp;On a tourn\u00e9 des vid\u00e9os cet \u00e9t\u00e9 qui ne sortiront qu\u2019en octobre&nbsp;\u00bb, explique la maman de Codi. \u00ab&nbsp;Ce sont souvent les enfants qui trouvent les id\u00e9es de vid\u00e9os sur les r\u00e9seaux sociaux.&nbsp;\u00bb Codi et ses proches essaient de publier en moyenne deux vid\u00e9os par semaine. Et r\u00e9alisent \u00ab&nbsp;4 \u00e0 5 partenariats commerciaux dans l\u2019ann\u00e9e&nbsp;\u00bb.<\/p>\n<p>\u00ab&nbsp;On a d\u00e9j\u00e0 travaill\u00e9 avec des marques de jouets comme Hasbro, la Grande R\u00e9cr\u00e9 ou encore Universal&nbsp;\u00bb, liste Anne-Sophie. Les trois fr\u00e8res sont inscrits dans une agence de mannequins, charg\u00e9s de consigner l\u2019argent qu\u2019ils gagnent via ces collaborations sur un compte bancaire, qu\u2019ils ne pourront toucher qu\u2019\u00e0 leur majorit\u00e9.<\/p>\n<p>\u00ab&nbsp;Je suis contente pour eux, mais je ne fais pas cela pour l\u2019argent&nbsp;\u00bb, pr\u00e9cise la maman, qui touche \u00ab&nbsp;10&nbsp;% que ce que gagnent ses trois fils&nbsp;\u00bb. \u00ab&nbsp;Cette somme \u2013 qui est loin d\u2019\u00eatre \u00e9norme \u2013 je leur reverse sur un livret. Quant \u00e0 leurs vid\u00e9os, Anne-Sophie certifie \u00ab&nbsp;qu\u2019elles ne sont pas mon\u00e9tis\u00e9es&nbsp;\u00bb, c\u2019est-\u00e0-dire que la famille ne touche pas d\u2019argent en fonction du nombre de personnes qui ont vu la vid\u00e9o.<\/p>\n<\/div>\n<div>\n<h2>\u00ab&nbsp;Nous n\u2019avons pas besoin de cet argent pour vivre&nbsp;\u00bb<\/h2>\n<p>\u00ab&nbsp;Nous n\u2019avons pas besoin de cet argent pour vivre. Mon mari a une soci\u00e9t\u00e9 dans la r\u00e9novation d\u2019habitat et moi, je suis community manager&nbsp;\u00bb, confie Anne-Sophie, qui faisait jusqu\u2019\u00e0 pr\u00e9sent l\u2019\u00e9cole \u00e0 la maison au petit Cody. \u00ab&nbsp;Avec leur argent, les enfants envisagent de s\u2019acheter une voiture. Quant aux jouets qu\u2019on re\u00e7oit, on les redonne aux enfants malades.&nbsp;\u00bb<\/p>\n<p>Anne-Sophie assure que ses fils n\u2019ont jamais \u00e9t\u00e9 victimes de cyberharc\u00e8lement, et que leur communaut\u00e9 est \u00ab&nbsp;bienveillante&nbsp;\u00bb. \u00ab&nbsp;Les gens ne voient qu\u2019une infime partie de notre vie. On montre ce que l\u2019on a envie&nbsp;\u00bb, tient \u00e0 pr\u00e9ciser la maman. \u00ab&nbsp;Le d\u00e9ballage de cadeaux \u00e0 No\u00ebl reste priv\u00e9&nbsp;\u00bb, cite-t-elle comme exemple. Anne-Sophie pr\u00e9f\u00e8re voir cette activit\u00e9 comme \u00ab&nbsp;une aventure qui peut s\u2019arr\u00eater du jour au lendemain&nbsp;\u00bb. Mais pour le moment, \u00ab&nbsp;toutes ces vid\u00e9os nous constituent un v\u00e9ritable album de souvenirs&nbsp;\u00bb.<\/p>\n<\/div>\n<p>La chronique se veut g\u00e9n\u00e9r\u00e9e de la fa\u00e7on la plus claire que possible. Dans le cas o\u00f9 vous souhaitez pr\u00e9senter des renseignements compl\u00e9mentaires \u00e0 cet article sur le sujet \u00ab\u00a0Fr\u00e8res jumeaux de l&rsquo;Essonnes\u00a0\u00bb il vous est possible d\u2019\u00e9crire aux contacts indiqu\u00e9s sur notre website. La raison d\u2019\u00eatre de jumeaux91.fr \u00e9tant de rassembler sur le web des posts sur le sujet de Fr\u00e8res jumeaux de l&rsquo;Essonnes puis les diffuser en r\u00e9pondant au mieux aux interrogations des gens. Vous pouvez tirer profit de cet article traitant le sujet \u00ab\u00a0Fr\u00e8res jumeaux de l&rsquo;Essonnes\u00a0\u00bb. Il est concoct\u00e9 par l\u2019\u00e9quipe jumeaux91.fr. Prochainement, nous rendrons accessibles au public d&rsquo;autres informations pertinentes sur le sujet \u00ab\u00a0Fr\u00e8res jumeaux de l&rsquo;Essonnes\u00a0\u00bb. Alors, consultez syst\u00e9matiquement notre blog.<\/p>\n","protected":false},"excerpt":{"rendered":"<p>Comme tous les enfants, Codi, qui s\u2019appr\u00eate \u00e0 rentrer en 6e, a achet\u00e9 ses fournitures scolaires. \u00c0 une exception pr\u00e8s&nbsp;: les achats du petit gar\u00e7on ont \u00e9t\u00e9 vus par\u2026 57&nbsp;000 personnes. Codi est un enfant influenceur. \u00c0 11 ans, sa cha\u00eene YouTube \u00ab&nbsp;Codi Story&nbsp;\u00bb rassemble 468&nbsp;000 abonn\u00e9s. Avec ses parents et ses fr\u00e8res jumeaux Tino&hellip; <a class=\"more-link\" href=\"https:\/\/jumeaux91.fr\/blog\/reseaux-sociaux-rencontre-avec-codi-11-ans-une-vie-entre-youtube-468-000-abonnes-sa-famille-et-le-college\/\">Poursuivre la lecture <span class=\"screen-reader-text\">R\u00e9seaux sociaux Rencontre avec Codi, 11 ans, une vie entre YouTube, 468 000 abonn\u00e9s, sa famille et le coll\u00e8ge<\/span><\/a><\/p>\n","protected":false},"author":2,"featured_media":1641,"comment_status":"closed","ping_status":"closed","sticky":false,"template":"","format":"standard","meta":{"footnotes":""},"categories":[4],"tags":[],"class_list":["post-1640","post","type-post","status-publish","format-standard","has-post-thumbnail","hentry","category-posts-freres-jumeaux-de-lessonnes","entry"],"yoast_head":"<!-- This site is optimized with the Yoast SEO plugin v27.5 - https:\/\/yoast.com\/product\/yoast-seo-wordpress\/ -->\n<title>R\u00e9seaux sociaux Rencontre avec Codi, 11 ans, une vie entre YouTube, 468 000 abonn\u00e9s, sa famille et le coll\u00e8ge - JUMEAUX91<\/title>\n<meta name=\"robots\" content=\"index, follow, max-snippet:-1, max-image-preview:large, max-video-preview:-1\" \/>\n<link rel=\"canonical\" href=\"https:\/\/jumeaux91.fr\/blog\/reseaux-sociaux-rencontre-avec-codi-11-ans-une-vie-entre-youtube-468-000-abonnes-sa-famille-et-le-college\/\" \/>\n<meta property=\"og:locale\" content=\"fr_FR\" \/>\n<meta property=\"og:type\" content=\"article\" \/>\n<meta property=\"og:title\" content=\"R\u00e9seaux sociaux Rencontre avec Codi, 11 ans, une vie entre YouTube, 468 000 abonn\u00e9s, sa famille et le coll\u00e8ge - JUMEAUX91\" \/>\n<meta property=\"og:description\" content=\"Comme tous les enfants, Codi, qui s\u2019appr\u00eate \u00e0 rentrer en 6e, a achet\u00e9 ses fournitures scolaires. \u00c0 une exception pr\u00e8s&nbsp;: les achats du petit gar\u00e7on ont \u00e9t\u00e9 vus par\u2026 57&nbsp;000 personnes. Codi est un enfant influenceur. \u00c0 11 ans, sa cha\u00eene YouTube \u00ab&nbsp;Codi Story&nbsp;\u00bb rassemble 468&nbsp;000 abonn\u00e9s. Avec ses parents et ses fr\u00e8res jumeaux Tino&hellip; Poursuivre la lecture R\u00e9seaux sociaux Rencontre avec Codi, 11 ans, une vie entre YouTube, 468 000 abonn\u00e9s, sa famille et le coll\u00e8ge\" \/>\n<meta property=\"og:url\" content=\"https:\/\/jumeaux91.fr\/blog\/reseaux-sociaux-rencontre-avec-codi-11-ans-une-vie-entre-youtube-468-000-abonnes-sa-famille-et-le-college\/\" \/>\n<meta property=\"og:site_name\" content=\"JUMEAUX91\" \/>\n<meta property=\"article:published_time\" content=\"2025-08-30T21:00:00+00:00\" \/>\n<meta property=\"og:image\" content=\"https:\/\/jumeaux91.fr\/blog\/wp-content\/uploads\/2025\/08\/reseaux-sociaux-rencontre-avec-codi-11-ans-une-vie-entre-youtube-468-000-abonnes-sa-famille-et-le-college.jpg\" \/>\n<meta name=\"author\" content=\"Claude DAYRES\" \/>\n<meta name=\"twitter:card\" content=\"summary_large_image\" \/>\n<meta name=\"twitter:label1\" content=\"\u00c9crit par\" \/>\n\t<meta name=\"twitter:data1\" content=\"Claude DAYRES\" \/>\n\t<meta name=\"twitter:label2\" content=\"Dur\u00e9e de lecture estim\u00e9e\" \/>\n\t<meta name=\"twitter:data2\" content=\"5 minutes\" \/>\n<script type=\"application\/ld+json\" class=\"yoast-schema-graph\">{\"@context\":\"https:\\\/\\\/schema.org\",\"@graph\":[{\"@type\":\"Article\",\"@id\":\"https:\\\/\\\/jumeaux91.fr\\\/blog\\\/reseaux-sociaux-rencontre-avec-codi-11-ans-une-vie-entre-youtube-468-000-abonnes-sa-famille-et-le-college\\\/#article\",\"isPartOf\":{\"@id\":\"https:\\\/\\\/jumeaux91.fr\\\/blog\\\/reseaux-sociaux-rencontre-avec-codi-11-ans-une-vie-entre-youtube-468-000-abonnes-sa-famille-et-le-college\\\/\"},\"author\":{\"name\":\"Claude DAYRES\",\"@id\":\"https:\\\/\\\/jumeaux91.fr\\\/blog\\\/#\\\/schema\\\/person\\\/21da06e9f119b9f64e5d45dbbd32d3fb\"},\"headline\":\"R\u00e9seaux sociaux Rencontre avec Codi, 11 ans, une vie entre YouTube, 468 000 abonn\u00e9s, sa famille et le coll\u00e8ge\",\"datePublished\":\"2025-08-30T21:00:00+00:00\",\"mainEntityOfPage\":{\"@id\":\"https:\\\/\\\/jumeaux91.fr\\\/blog\\\/reseaux-sociaux-rencontre-avec-codi-11-ans-une-vie-entre-youtube-468-000-abonnes-sa-famille-et-le-college\\\/\"},\"wordCount\":1010,\"publisher\":{\"@id\":\"https:\\\/\\\/jumeaux91.fr\\\/blog\\\/#organization\"},\"image\":{\"@id\":\"https:\\\/\\\/jumeaux91.fr\\\/blog\\\/reseaux-sociaux-rencontre-avec-codi-11-ans-une-vie-entre-youtube-468-000-abonnes-sa-famille-et-le-college\\\/#primaryimage\"},\"thumbnailUrl\":\"https:\\\/\\\/jumeaux91.fr\\\/blog\\\/wp-content\\\/uploads\\\/2025\\\/08\\\/reseaux-sociaux-rencontre-avec-codi-11-ans-une-vie-entre-youtube-468-000-abonnes-sa-famille-et-le-college.jpg\",\"articleSection\":[\"Posts Fr\u00e8res Jumeaux De L'Essonnes:\"],\"inLanguage\":\"fr-FR\"},{\"@type\":\"WebPage\",\"@id\":\"https:\\\/\\\/jumeaux91.fr\\\/blog\\\/reseaux-sociaux-rencontre-avec-codi-11-ans-une-vie-entre-youtube-468-000-abonnes-sa-famille-et-le-college\\\/\",\"url\":\"https:\\\/\\\/jumeaux91.fr\\\/blog\\\/reseaux-sociaux-rencontre-avec-codi-11-ans-une-vie-entre-youtube-468-000-abonnes-sa-famille-et-le-college\\\/\",\"name\":\"R\u00e9seaux sociaux Rencontre avec Codi, 11 ans, une vie entre YouTube, 468 000 abonn\u00e9s, sa famille et le coll\u00e8ge - JUMEAUX91\",\"isPartOf\":{\"@id\":\"https:\\\/\\\/jumeaux91.fr\\\/blog\\\/#website\"},\"primaryImageOfPage\":{\"@id\":\"https:\\\/\\\/jumeaux91.fr\\\/blog\\\/reseaux-sociaux-rencontre-avec-codi-11-ans-une-vie-entre-youtube-468-000-abonnes-sa-famille-et-le-college\\\/#primaryimage\"},\"image\":{\"@id\":\"https:\\\/\\\/jumeaux91.fr\\\/blog\\\/reseaux-sociaux-rencontre-avec-codi-11-ans-une-vie-entre-youtube-468-000-abonnes-sa-famille-et-le-college\\\/#primaryimage\"},\"thumbnailUrl\":\"https:\\\/\\\/jumeaux91.fr\\\/blog\\\/wp-content\\\/uploads\\\/2025\\\/08\\\/reseaux-sociaux-rencontre-avec-codi-11-ans-une-vie-entre-youtube-468-000-abonnes-sa-famille-et-le-college.jpg\",\"datePublished\":\"2025-08-30T21:00:00+00:00\",\"breadcrumb\":{\"@id\":\"https:\\\/\\\/jumeaux91.fr\\\/blog\\\/reseaux-sociaux-rencontre-avec-codi-11-ans-une-vie-entre-youtube-468-000-abonnes-sa-famille-et-le-college\\\/#breadcrumb\"},\"inLanguage\":\"fr-FR\",\"potentialAction\":[{\"@type\":\"ReadAction\",\"target\":[\"https:\\\/\\\/jumeaux91.fr\\\/blog\\\/reseaux-sociaux-rencontre-avec-codi-11-ans-une-vie-entre-youtube-468-000-abonnes-sa-famille-et-le-college\\\/\"]}]},{\"@type\":\"ImageObject\",\"inLanguage\":\"fr-FR\",\"@id\":\"https:\\\/\\\/jumeaux91.fr\\\/blog\\\/reseaux-sociaux-rencontre-avec-codi-11-ans-une-vie-entre-youtube-468-000-abonnes-sa-famille-et-le-college\\\/#primaryimage\",\"url\":\"https:\\\/\\\/jumeaux91.fr\\\/blog\\\/wp-content\\\/uploads\\\/2025\\\/08\\\/reseaux-sociaux-rencontre-avec-codi-11-ans-une-vie-entre-youtube-468-000-abonnes-sa-famille-et-le-college.jpg\",\"contentUrl\":\"https:\\\/\\\/jumeaux91.fr\\\/blog\\\/wp-content\\\/uploads\\\/2025\\\/08\\\/reseaux-sociaux-rencontre-avec-codi-11-ans-une-vie-entre-youtube-468-000-abonnes-sa-famille-et-le-college.jpg\",\"width\":1200,\"height\":630,\"caption\":\"R\u00e9seaux sociaux Rencontre avec Codi, 11 ans, une vie entre YouTube, 468 000 abonn\u00e9s, sa famille et le coll\u00e8ge\"},{\"@type\":\"BreadcrumbList\",\"@id\":\"https:\\\/\\\/jumeaux91.fr\\\/blog\\\/reseaux-sociaux-rencontre-avec-codi-11-ans-une-vie-entre-youtube-468-000-abonnes-sa-famille-et-le-college\\\/#breadcrumb\",\"itemListElement\":[{\"@type\":\"ListItem\",\"position\":1,\"name\":\"Accueil\",\"item\":\"https:\\\/\\\/jumeaux91.fr\\\/blog\\\/\"},{\"@type\":\"ListItem\",\"position\":2,\"name\":\"R\u00e9seaux sociaux Rencontre avec Codi, 11 ans, une vie entre YouTube, 468 000 abonn\u00e9s, sa famille et le coll\u00e8ge\"}]},{\"@type\":\"WebSite\",\"@id\":\"https:\\\/\\\/jumeaux91.fr\\\/blog\\\/#website\",\"url\":\"https:\\\/\\\/jumeaux91.fr\\\/blog\\\/\",\"name\":\"JUMEAUX91\",\"description\":\"Fr\u00e8res jumeaux de l&#039;Essonnes; informations et archives, \u00e0 savoir et retenir.\",\"publisher\":{\"@id\":\"https:\\\/\\\/jumeaux91.fr\\\/blog\\\/#organization\"},\"potentialAction\":[{\"@type\":\"SearchAction\",\"target\":{\"@type\":\"EntryPoint\",\"urlTemplate\":\"https:\\\/\\\/jumeaux91.fr\\\/blog\\\/?s={search_term_string}\"},\"query-input\":{\"@type\":\"PropertyValueSpecification\",\"valueRequired\":true,\"valueName\":\"search_term_string\"}}],\"inLanguage\":\"fr-FR\"},{\"@type\":\"Organization\",\"@id\":\"https:\\\/\\\/jumeaux91.fr\\\/blog\\\/#organization\",\"name\":\"jumeaux91\",\"url\":\"https:\\\/\\\/jumeaux91.fr\\\/blog\\\/\",\"logo\":{\"@type\":\"ImageObject\",\"inLanguage\":\"fr-FR\",\"@id\":\"https:\\\/\\\/jumeaux91.fr\\\/blog\\\/#\\\/schema\\\/logo\\\/image\\\/\",\"url\":\"https:\\\/\\\/jumeaux91.fr\\\/blog\\\/wp-content\\\/uploads\\\/2023\\\/05\\\/cropped-cropped-logoJ_91.png\",\"contentUrl\":\"https:\\\/\\\/jumeaux91.fr\\\/blog\\\/wp-content\\\/uploads\\\/2023\\\/05\\\/cropped-cropped-logoJ_91.png\",\"width\":512,\"height\":512,\"caption\":\"jumeaux91\"},\"image\":{\"@id\":\"https:\\\/\\\/jumeaux91.fr\\\/blog\\\/#\\\/schema\\\/logo\\\/image\\\/\"}},{\"@type\":\"Person\",\"@id\":\"https:\\\/\\\/jumeaux91.fr\\\/blog\\\/#\\\/schema\\\/person\\\/21da06e9f119b9f64e5d45dbbd32d3fb\",\"name\":\"Claude DAYRES\",\"image\":{\"@type\":\"ImageObject\",\"inLanguage\":\"fr-FR\",\"@id\":\"https:\\\/\\\/secure.gravatar.com\\\/avatar\\\/82eb951df6110a2c48d1bfa7a67d1ee6f0cd5df3cbf9c3586dd61e82db7172a5?s=96&d=mm&r=g\",\"url\":\"https:\\\/\\\/secure.gravatar.com\\\/avatar\\\/82eb951df6110a2c48d1bfa7a67d1ee6f0cd5df3cbf9c3586dd61e82db7172a5?s=96&d=mm&r=g\",\"contentUrl\":\"https:\\\/\\\/secure.gravatar.com\\\/avatar\\\/82eb951df6110a2c48d1bfa7a67d1ee6f0cd5df3cbf9c3586dd61e82db7172a5?s=96&d=mm&r=g\",\"caption\":\"Claude DAYRES\"},\"url\":\"https:\\\/\\\/jumeaux91.fr\\\/blog\\\/author\\\/x91claude\\\/\"}]}<\/script>\n<!-- \/ Yoast SEO plugin. -->","yoast_head_json":{"title":"R\u00e9seaux sociaux Rencontre avec Codi, 11 ans, une vie entre YouTube, 468 000 abonn\u00e9s, sa famille et le coll\u00e8ge - JUMEAUX91","robots":{"index":"index","follow":"follow","max-snippet":"max-snippet:-1","max-image-preview":"max-image-preview:large","max-video-preview":"max-video-preview:-1"},"canonical":"https:\/\/jumeaux91.fr\/blog\/reseaux-sociaux-rencontre-avec-codi-11-ans-une-vie-entre-youtube-468-000-abonnes-sa-famille-et-le-college\/","og_locale":"fr_FR","og_type":"article","og_title":"R\u00e9seaux sociaux Rencontre avec Codi, 11 ans, une vie entre YouTube, 468 000 abonn\u00e9s, sa famille et le coll\u00e8ge - JUMEAUX91","og_description":"Comme tous les enfants, Codi, qui s\u2019appr\u00eate \u00e0 rentrer en 6e, a achet\u00e9 ses fournitures scolaires. \u00c0 une exception pr\u00e8s&nbsp;: les achats du petit gar\u00e7on ont \u00e9t\u00e9 vus par\u2026 57&nbsp;000 personnes. Codi est un enfant influenceur. \u00c0 11 ans, sa cha\u00eene YouTube \u00ab&nbsp;Codi Story&nbsp;\u00bb rassemble 468&nbsp;000 abonn\u00e9s. Avec ses parents et ses fr\u00e8res jumeaux Tino&hellip; Poursuivre la lecture R\u00e9seaux sociaux Rencontre avec Codi, 11 ans, une vie entre YouTube, 468 000 abonn\u00e9s, sa famille et le coll\u00e8ge","og_url":"https:\/\/jumeaux91.fr\/blog\/reseaux-sociaux-rencontre-avec-codi-11-ans-une-vie-entre-youtube-468-000-abonnes-sa-famille-et-le-college\/","og_site_name":"JUMEAUX91","article_published_time":"2025-08-30T21:00:00+00:00","og_image":[{"url":"https:\/\/jumeaux91.fr\/blog\/wp-content\/uploads\/2025\/08\/reseaux-sociaux-rencontre-avec-codi-11-ans-une-vie-entre-youtube-468-000-abonnes-sa-famille-et-le-college.jpg","type":"","width":"","height":""}],"author":"Claude DAYRES","twitter_card":"summary_large_image","twitter_misc":{"\u00c9crit par":"Claude DAYRES","Dur\u00e9e de lecture estim\u00e9e":"5 minutes"},"schema":{"@context":"https:\/\/schema.org","@graph":[{"@type":"Article","@id":"https:\/\/jumeaux91.fr\/blog\/reseaux-sociaux-rencontre-avec-codi-11-ans-une-vie-entre-youtube-468-000-abonnes-sa-famille-et-le-college\/#article","isPartOf":{"@id":"https:\/\/jumeaux91.fr\/blog\/reseaux-sociaux-rencontre-avec-codi-11-ans-une-vie-entre-youtube-468-000-abonnes-sa-famille-et-le-college\/"},"author":{"name":"Claude DAYRES","@id":"https:\/\/jumeaux91.fr\/blog\/#\/schema\/person\/21da06e9f119b9f64e5d45dbbd32d3fb"},"headline":"R\u00e9seaux sociaux Rencontre avec Codi, 11 ans, une vie entre YouTube, 468 000 abonn\u00e9s, sa famille et le coll\u00e8ge","datePublished":"2025-08-30T21:00:00+00:00","mainEntityOfPage":{"@id":"https:\/\/jumeaux91.fr\/blog\/reseaux-sociaux-rencontre-avec-codi-11-ans-une-vie-entre-youtube-468-000-abonnes-sa-famille-et-le-college\/"},"wordCount":1010,"publisher":{"@id":"https:\/\/jumeaux91.fr\/blog\/#organization"},"image":{"@id":"https:\/\/jumeaux91.fr\/blog\/reseaux-sociaux-rencontre-avec-codi-11-ans-une-vie-entre-youtube-468-000-abonnes-sa-famille-et-le-college\/#primaryimage"},"thumbnailUrl":"https:\/\/jumeaux91.fr\/blog\/wp-content\/uploads\/2025\/08\/reseaux-sociaux-rencontre-avec-codi-11-ans-une-vie-entre-youtube-468-000-abonnes-sa-famille-et-le-college.jpg","articleSection":["Posts Fr\u00e8res Jumeaux De L'Essonnes:"],"inLanguage":"fr-FR"},{"@type":"WebPage","@id":"https:\/\/jumeaux91.fr\/blog\/reseaux-sociaux-rencontre-avec-codi-11-ans-une-vie-entre-youtube-468-000-abonnes-sa-famille-et-le-college\/","url":"https:\/\/jumeaux91.fr\/blog\/reseaux-sociaux-rencontre-avec-codi-11-ans-une-vie-entre-youtube-468-000-abonnes-sa-famille-et-le-college\/","name":"R\u00e9seaux sociaux Rencontre avec Codi, 11 ans, une vie entre YouTube, 468 000 abonn\u00e9s, sa famille et le coll\u00e8ge - JUMEAUX91","isPartOf":{"@id":"https:\/\/jumeaux91.fr\/blog\/#website"},"primaryImageOfPage":{"@id":"https:\/\/jumeaux91.fr\/blog\/reseaux-sociaux-rencontre-avec-codi-11-ans-une-vie-entre-youtube-468-000-abonnes-sa-famille-et-le-college\/#primaryimage"},"image":{"@id":"https:\/\/jumeaux91.fr\/blog\/reseaux-sociaux-rencontre-avec-codi-11-ans-une-vie-entre-youtube-468-000-abonnes-sa-famille-et-le-college\/#primaryimage"},"thumbnailUrl":"https:\/\/jumeaux91.fr\/blog\/wp-content\/uploads\/2025\/08\/reseaux-sociaux-rencontre-avec-codi-11-ans-une-vie-entre-youtube-468-000-abonnes-sa-famille-et-le-college.jpg","datePublished":"2025-08-30T21:00:00+00:00","breadcrumb":{"@id":"https:\/\/jumeaux91.fr\/blog\/reseaux-sociaux-rencontre-avec-codi-11-ans-une-vie-entre-youtube-468-000-abonnes-sa-famille-et-le-college\/#breadcrumb"},"inLanguage":"fr-FR","potentialAction":[{"@type":"ReadAction","target":["https:\/\/jumeaux91.fr\/blog\/reseaux-sociaux-rencontre-avec-codi-11-ans-une-vie-entre-youtube-468-000-abonnes-sa-famille-et-le-college\/"]}]},{"@type":"ImageObject","inLanguage":"fr-FR","@id":"https:\/\/jumeaux91.fr\/blog\/reseaux-sociaux-rencontre-avec-codi-11-ans-une-vie-entre-youtube-468-000-abonnes-sa-famille-et-le-college\/#primaryimage","url":"https:\/\/jumeaux91.fr\/blog\/wp-content\/uploads\/2025\/08\/reseaux-sociaux-rencontre-avec-codi-11-ans-une-vie-entre-youtube-468-000-abonnes-sa-famille-et-le-college.jpg","contentUrl":"https:\/\/jumeaux91.fr\/blog\/wp-content\/uploads\/2025\/08\/reseaux-sociaux-rencontre-avec-codi-11-ans-une-vie-entre-youtube-468-000-abonnes-sa-famille-et-le-college.jpg","width":1200,"height":630,"caption":"R\u00e9seaux sociaux Rencontre avec Codi, 11 ans, une vie entre YouTube, 468 000 abonn\u00e9s, sa famille et le coll\u00e8ge"},{"@type":"BreadcrumbList","@id":"https:\/\/jumeaux91.fr\/blog\/reseaux-sociaux-rencontre-avec-codi-11-ans-une-vie-entre-youtube-468-000-abonnes-sa-famille-et-le-college\/#breadcrumb","itemListElement":[{"@type":"ListItem","position":1,"name":"Accueil","item":"https:\/\/jumeaux91.fr\/blog\/"},{"@type":"ListItem","position":2,"name":"R\u00e9seaux sociaux Rencontre avec Codi, 11 ans, une vie entre YouTube, 468 000 abonn\u00e9s, sa famille et le coll\u00e8ge"}]},{"@type":"WebSite","@id":"https:\/\/jumeaux91.fr\/blog\/#website","url":"https:\/\/jumeaux91.fr\/blog\/","name":"JUMEAUX91","description":"Fr\u00e8res jumeaux de l&#039;Essonnes; informations et archives, \u00e0 savoir et retenir.","publisher":{"@id":"https:\/\/jumeaux91.fr\/blog\/#organization"},"potentialAction":[{"@type":"SearchAction","target":{"@type":"EntryPoint","urlTemplate":"https:\/\/jumeaux91.fr\/blog\/?s={search_term_string}"},"query-input":{"@type":"PropertyValueSpecification","valueRequired":true,"valueName":"search_term_string"}}],"inLanguage":"fr-FR"},{"@type":"Organization","@id":"https:\/\/jumeaux91.fr\/blog\/#organization","name":"jumeaux91","url":"https:\/\/jumeaux91.fr\/blog\/","logo":{"@type":"ImageObject","inLanguage":"fr-FR","@id":"https:\/\/jumeaux91.fr\/blog\/#\/schema\/logo\/image\/","url":"https:\/\/jumeaux91.fr\/blog\/wp-content\/uploads\/2023\/05\/cropped-cropped-logoJ_91.png","contentUrl":"https:\/\/jumeaux91.fr\/blog\/wp-content\/uploads\/2023\/05\/cropped-cropped-logoJ_91.png","width":512,"height":512,"caption":"jumeaux91"},"image":{"@id":"https:\/\/jumeaux91.fr\/blog\/#\/schema\/logo\/image\/"}},{"@type":"Person","@id":"https:\/\/jumeaux91.fr\/blog\/#\/schema\/person\/21da06e9f119b9f64e5d45dbbd32d3fb","name":"Claude DAYRES","image":{"@type":"ImageObject","inLanguage":"fr-FR","@id":"https:\/\/secure.gravatar.com\/avatar\/82eb951df6110a2c48d1bfa7a67d1ee6f0cd5df3cbf9c3586dd61e82db7172a5?s=96&d=mm&r=g","url":"https:\/\/secure.gravatar.com\/avatar\/82eb951df6110a2c48d1bfa7a67d1ee6f0cd5df3cbf9c3586dd61e82db7172a5?s=96&d=mm&r=g","contentUrl":"https:\/\/secure.gravatar.com\/avatar\/82eb951df6110a2c48d1bfa7a67d1ee6f0cd5df3cbf9c3586dd61e82db7172a5?s=96&d=mm&r=g","caption":"Claude DAYRES"},"url":"https:\/\/jumeaux91.fr\/blog\/author\/x91claude\/"}]}},"_links":{"self":[{"href":"https:\/\/jumeaux91.fr\/blog\/wp-json\/wp\/v2\/posts\/1640","targetHints":{"allow":["GET"]}}],"collection":[{"href":"https:\/\/jumeaux91.fr\/blog\/wp-json\/wp\/v2\/posts"}],"about":[{"href":"https:\/\/jumeaux91.fr\/blog\/wp-json\/wp\/v2\/types\/post"}],"author":[{"embeddable":true,"href":"https:\/\/jumeaux91.fr\/blog\/wp-json\/wp\/v2\/users\/2"}],"replies":[{"embeddable":true,"href":"https:\/\/jumeaux91.fr\/blog\/wp-json\/wp\/v2\/comments?post=1640"}],"version-history":[{"count":0,"href":"https:\/\/jumeaux91.fr\/blog\/wp-json\/wp\/v2\/posts\/1640\/revisions"}],"wp:featuredmedia":[{"embeddable":true,"href":"https:\/\/jumeaux91.fr\/blog\/wp-json\/wp\/v2\/media\/1641"}],"wp:attachment":[{"href":"https:\/\/jumeaux91.fr\/blog\/wp-json\/wp\/v2\/media?parent=1640"}],"wp:term":[{"taxonomy":"category","embeddable":true,"href":"https:\/\/jumeaux91.fr\/blog\/wp-json\/wp\/v2\/categories?post=1640"},{"taxonomy":"post_tag","embeddable":true,"href":"https:\/\/jumeaux91.fr\/blog\/wp-json\/wp\/v2\/tags?post=1640"}],"curies":[{"name":"wp","href":"https:\/\/api.w.org\/{rel}","templated":true}]}}