{"id":1642,"date":"2025-08-31T19:04:00","date_gmt":"2025-08-31T17:04:00","guid":{"rendered":"https:\/\/jumeaux91.fr\/blog\/programme-tv-action-aventure-du-dimanche-14-septembre-2025\/"},"modified":"2025-08-31T19:04:00","modified_gmt":"2025-08-31T17:04:00","slug":"programme-tv-action-aventure-du-dimanche-14-septembre-2025","status":"publish","type":"post","link":"https:\/\/jumeaux91.fr\/blog\/programme-tv-action-aventure-du-dimanche-14-septembre-2025\/","title":{"rendered":"Programme TV Action \/ aventure du dimanche 14 septembre 2025"},"content":{"rendered":"<p>&lt;!&#8211;     <title>Programme TV Action \/ aventure du dimanche 14 septembre 2025<\/title> <\/p>\n<p>&lt;meta property=&quot;ob:url&quot; content=&quot;$(HTTP_X_URL)\u00a0\u00bb&gt;   <!--[if lt IE 9]&gt;  &lt;![endif]-->   <\/p>\n<div class=\"ccmcss_offcanvas_1\">\n<div class=\"ccmcss_offcanvas_2\"> <img decoding=\"async\" src=\"https:\/\/jumeaux91.fr\/blog\/wp-content\/uploads\/2025\/09\/programme-tv-action-aventure-du-dimanche-14-septembre-2025.png\"> <!--Akamai-ESI:PAGE:setreftime=1756762849\/--><!-- headerdebbloc --> <!-- headerfinbloc --> <\/p>\n<div class=\"layout layout--offcanvas gutter\">\n<div class=\"layout_ct\">\n<div class=\"layout_ct__1\">\n<div class=\"layout_ct__2\">\n<div role=\"main\" class=\"layout_main\">\n<nav class=\"layout_breadcrumb cp_breadcrumb\"><\/nav>\n<div id=\"jGridContent\">\n<div class=\"bu_tvprogram_thematics_block\">\n<p class=\"title\">Choisir un<\/p>\n<p class=\"title\">ou un<\/p>\n<div class=\"list_container\"> <span class=\"button bu_tvprogram_btn3 jListClick\" id=\"themesButton\">Sous-th\u00e8me<\/span> <\/div>\n<\/p><\/div>\n<div id=\"jBroadcastsGrid\" class=\"bu_tvprogram_grid_container\">\n<div class=\"bu_tvprogram_grid bu_tvprogram_grid--channel\">\n<div class=\"bu_tvprogram_grid__line grid_row\">\n<div class=\"grid_col bu_tvprogram_logo\">\n<p> 22h55 <\/p>\n<p> 00h50 <\/p>\n<p> <a href=\"https:\/\/www.linternaute.com\/television\/programme-rtl9-dimanche-14-septembre-2025\/\" title=\"Programme RTL 9\" target=\"_blank\" rel=\"nofollow\"> <img decoding=\"async\" border=\"0\" src=\"https:\/\/jumeaux91.fr\/blog\/wp-content\/uploads\/2025\/09\/programme-tv-action-aventure-du-dimanche-14-septembre-2025-1.png\" hspace=\"0\" vspace=\"0\" alt=\"Programme RTL 9\"> <\/a> <\/div>\n<div class=\"bu_tvprogram_grid_slider\">\n<div class=\"jGridAll\">\n<div class=\"jGridCell grid_col bu_tvprogram_program\">\n<div class=\"grid_left\"> <a href=\"https:\/\/www.linternaute.fr\/cinema\/tous-les-films\/2090713-double-impact\/\" target=\"_blank\" rel=\"nofollow\"><\/p>\n<figure><img decoding=\"async\" border=\"0\" class=\"jImgBroadcast\" src=\"https:\/\/jumeaux91.fr\/blog\/wp-content\/uploads\/2025\/09\/programme-tv-action-aventure-du-dimanche-14-septembre-2025.jpg\" alt=\"Double impact\" hspace=\"0\" vspace=\"0\"><\/figure>\n<p><\/a> <\/div>\n<div class=\"bu_tvprogram_container_ellipsis grid_last\"> <span class=\"bu_tvprogram_typo1\"><\/span> <a href=\"https:\/\/www.linternaute.fr\/cinema\/tous-les-films\/2090713-double-impact\/\" target=\"_blank\" rel=\"nofollow\"> <span class=\"bu_tvprogram_typo2\"> Double impact <\/span> <\/a> <span class=\"bu_tvprogram_typo4\">1h55 &#8211; Film d&rsquo;action<\/span> <!--short description--> <span class=\"bu_tvprogram_typo5\"> Chad et Alex Wagner sont fr\u00e8res jumeaux. Ils ont \u00e9t\u00e9 s\u00e9par\u00e9s alors qu&rsquo;ils n&rsquo;avaient que 6 mois, apr\u00e8s la mort de leurs parents, assassin\u00e9s \u00e0 Hongkong par deux hommes d&rsquo;affaires v\u00e9reux, Nigel Griffith et&#8230; <\/span> <\/div>\n<\/p><\/div>\n<\/p><\/div>\n<\/p><\/div>\n<\/p><\/div>\n<div class=\"bu_tvprogram_grid__line grid_row\">\n<div class=\"grid_col bu_tvprogram_logo\">\n<p> 23h00 <\/p>\n<p> 01h20 <\/p>\n<p> <a href=\"https:\/\/www.linternaute.com\/television\/programme-scifi-dimanche-14-septembre-2025\/\" title=\"Programme Syfy\" target=\"_blank\" rel=\"nofollow\"> <img decoding=\"async\" border=\"0\" src=\"https:\/\/jumeaux91.fr\/blog\/wp-content\/uploads\/2025\/09\/programme-tv-action-aventure-du-dimanche-14-septembre-2025-2.png\" hspace=\"0\" vspace=\"0\" alt=\"Programme Syfy\"> <\/a> <\/div>\n<div class=\"bu_tvprogram_grid_slider\">\n<div class=\"jGridAll\">\n<div class=\"jGridCell grid_col bu_tvprogram_program\">\n<div class=\"grid_left\"> <a href=\"https:\/\/www.linternaute.fr\/cinema\/tous-les-films\/1887723-le-roi-arthur-la-legende-d-excalibur\/\" target=\"_blank\" rel=\"nofollow\"><\/p>\n<figure><img decoding=\"async\" border=\"0\" class=\"jImgBroadcast\" src=\"https:\/\/jumeaux91.fr\/blog\/wp-content\/uploads\/2025\/09\/programme-tv-action-aventure-du-dimanche-14-septembre-2025-1.jpg\" alt=\"Le roi Arthur : la l\u00e9gende d'Excalibur\" hspace=\"0\" vspace=\"0\"><span class=\"icon_play\"><\/span><\/figure>\n<p><\/a> <\/div>\n<div class=\"bu_tvprogram_container_ellipsis grid_last\"> <span class=\"bu_tvprogram_typo1\"><\/span> <a href=\"https:\/\/www.linternaute.fr\/cinema\/tous-les-films\/1887723-le-roi-arthur-la-legende-d-excalibur\/\" target=\"_blank\" rel=\"nofollow\"> <span class=\"bu_tvprogram_typo2\"> Le roi Arthur : la l\u00e9gende d&rsquo;Excalibur <\/span> <\/a> <span class=\"bu_tvprogram_typo4\">2h20 &#8211; Film d&rsquo;aventures<\/span> <!--short description--> <span class=\"bu_tvprogram_typo5\"> L&rsquo;eau du royaume du tyran Vortigern a inexplicablement et soudainement disparu. On lui raconte la l\u00e9gende d&rsquo;une \u00e9p\u00e9e coinc\u00e9e dans un rocher : celui qui parviendra \u00e0 l&rsquo;en sortir prendra le pouvoir. Il se&#8230; <\/span> <\/div>\n<\/p><\/div>\n<\/p><\/div>\n<\/p><\/div>\n<\/p><\/div>\n<div class=\"bu_tvprogram_grid__line grid_row\">\n<div class=\"grid_col bu_tvprogram_logo\">\n<p> 03h46 <\/p>\n<p> 05h10 <\/p>\n<p> <a href=\"https:\/\/www.linternaute.com\/television\/programme-canal-plus-dimanche-14-septembre-2025\/\" title=\"Programme Canal+\" target=\"_blank\" rel=\"nofollow\"> <img decoding=\"async\" border=\"0\" src=\"https:\/\/jumeaux91.fr\/blog\/wp-content\/uploads\/2025\/09\/programme-tv-action-aventure-du-dimanche-14-septembre-2025-3.png\" hspace=\"0\" vspace=\"0\" alt=\"Programme Canal+\"> <\/a> <\/div>\n<div class=\"bu_tvprogram_grid_slider\">\n<div class=\"jGridAll\">\n<div class=\"jGridCell grid_col bu_tvprogram_program\">\n<div class=\"grid_left\"> <a href=\"https:\/\/www.linternaute.com\/television\/film-pieges-dans-la-savane-p6741916\/\" target=\"_blank\" rel=\"nofollow\"><\/p>\n<figure><img decoding=\"async\" border=\"0\" class=\"jImgBroadcast\" src=\"https:\/\/jumeaux91.fr\/blog\/wp-content\/uploads\/2025\/09\/programme-tv-action-aventure-du-dimanche-14-septembre-2025-2.jpg\" alt=\"Pi\u00e9g\u00e9s dans la savane\" hspace=\"0\" vspace=\"0\"><\/figure>\n<p><\/a> <\/div>\n<div class=\"bu_tvprogram_container_ellipsis grid_last\"> <span class=\"bu_tvprogram_typo1\"><\/span> <a href=\"https:\/\/www.linternaute.com\/television\/film-pieges-dans-la-savane-p6741916\/\" target=\"_blank\" rel=\"nofollow\"> <span class=\"bu_tvprogram_typo2\"> Pi\u00e9g\u00e9s dans la savane <\/span> <\/a> <span class=\"bu_tvprogram_typo4\">1h24 &#8211; Film d&rsquo;action<\/span> <!--short description--> <span class=\"bu_tvprogram_typo5\"> Andrew et Sue, un jeune couple, doivent fuir la mission chr\u00e9tienne du d\u00e9sert du Kalahari dans laquelle ils travaillaient apr\u00e8s avoir \u00e9t\u00e9 menac\u00e9s par un groupe de militants extr\u00e9mistes. L&rsquo;avion dans lequel&#8230; <\/span> <\/div>\n<\/p><\/div>\n<\/p><\/div>\n<\/p><\/div>\n<\/p><\/div>\n<div class=\"bu_tvprogram_grid__line grid_row\">\n<div class=\"grid_col bu_tvprogram_logo\">\n<p> 07h17 <\/p>\n<p> 09h14 <\/p>\n<p> <a href=\"https:\/\/www.linternaute.com\/television\/programme-ocs-dimanche-14-septembre-2025\/\" title=\"Programme OCS\" target=\"_blank\" rel=\"nofollow\"> <img decoding=\"async\" border=\"0\" src=\"https:\/\/jumeaux91.fr\/blog\/wp-content\/uploads\/2025\/09\/programme-tv-action-aventure-du-dimanche-14-septembre-2025-4.png\" hspace=\"0\" vspace=\"0\" alt=\"Programme OCS\"> <\/a> <\/div>\n<div class=\"bu_tvprogram_grid_slider\">\n<div class=\"jGridAll\">\n<div class=\"jGridCell grid_col bu_tvprogram_program\">\n<div class=\"grid_left\"> <a href=\"https:\/\/www.linternaute.fr\/cinema\/tous-les-films\/1930031-le-dernier-loup\/\" target=\"_blank\" rel=\"nofollow\"><\/p>\n<figure><img decoding=\"async\" border=\"0\" class=\"jImgBroadcast\" src=\"https:\/\/jumeaux91.fr\/blog\/wp-content\/uploads\/2025\/09\/programme-tv-action-aventure-du-dimanche-14-septembre-2025-3.jpg\" alt=\"Le dernier loup\" hspace=\"0\" vspace=\"0\"><\/figure>\n<p><\/a> <\/div>\n<div class=\"bu_tvprogram_container_ellipsis grid_last\"> <span class=\"bu_tvprogram_typo1\"><\/span> <a href=\"https:\/\/www.linternaute.fr\/cinema\/tous-les-films\/1930031-le-dernier-loup\/\" target=\"_blank\" rel=\"nofollow\"> <span class=\"bu_tvprogram_typo2\"> Le dernier loup <\/span> <\/a> <span class=\"bu_tvprogram_typo4\">1h57 &#8211; Film d&rsquo;aventures<\/span> <!--short description--> <span class=\"bu_tvprogram_typo5\"> 1967, pendant la r\u00e9volution culturelle chinoise. Chen Zhen, un jeune \u00e9tudiant originaire de P\u00e9kin, est envoy\u00e9 en Mongolie-Int\u00e9rieure afin d&rsquo;apprendre le chinois \u00e0 une tribu de bergers nomades. Alors qu&#8230; <\/span> <\/div>\n<\/p><\/div>\n<\/p><\/div>\n<\/p><\/div>\n<\/p><\/div>\n<div class=\"bu_tvprogram_grid__line grid_row\">\n<div class=\"grid_col bu_tvprogram_logo\">\n<p> 09h58 <\/p>\n<p> 12h01 <\/p>\n<p> <a href=\"https:\/\/www.linternaute.com\/television\/programme-canal-plus-dimanche-14-septembre-2025\/\" title=\"Programme Canal+\" target=\"_blank\" rel=\"nofollow\"> <img decoding=\"async\" border=\"0\" src=\"https:\/\/jumeaux91.fr\/blog\/wp-content\/uploads\/2025\/09\/programme-tv-action-aventure-du-dimanche-14-septembre-2025-3.png\" hspace=\"0\" vspace=\"0\" alt=\"Programme Canal+\"> <\/a> <\/div>\n<div class=\"bu_tvprogram_grid_slider\">\n<div class=\"jGridAll\">\n<div class=\"jGridCell grid_col bu_tvprogram_program\">\n<div class=\"grid_left\"> <a href=\"https:\/\/www.linternaute.fr\/cinema\/tous-les-films\/3131521-kraven-the-hunter-le-film-marvel-s-offre-une-premiere-bande-annonce\/\" target=\"_blank\" rel=\"nofollow\"><\/p>\n<figure><img decoding=\"async\" border=\"0\" class=\"jImgBroadcast\" src=\"https:\/\/jumeaux91.fr\/blog\/wp-content\/uploads\/2025\/09\/programme-tv-action-aventure-du-dimanche-14-septembre-2025-4.jpg\" alt=\"Kraven the Hunter\" hspace=\"0\" vspace=\"0\"><\/figure>\n<p><\/a> <\/div>\n<div class=\"bu_tvprogram_container_ellipsis grid_last\"> <span class=\"bu_tvprogram_typo1\"><\/span> <a href=\"https:\/\/www.linternaute.fr\/cinema\/tous-les-films\/3131521-kraven-the-hunter-le-film-marvel-s-offre-une-premiere-bande-annonce\/\" target=\"_blank\" rel=\"nofollow\"> <span class=\"bu_tvprogram_typo2\"> Kraven the Hunter <\/span> <\/a> <span class=\"bu_tvprogram_typo4\">2h03 &#8211; Film d&rsquo;action<\/span> <!--short description--> <span class=\"bu_tvprogram_typo5\"> Fils de Nikola\u00ef Kravinoff, un puissant trafiquant de drogue, Serguei, alias Kraven, a refus\u00e9 de marcher dans les pas de son p\u00e8re apr\u00e8s un accident dans lequel il a \u00e9t\u00e9 laiss\u00e9 pour mort. D\u00e9sormais guid\u00e9&#8230; <\/span> <\/div>\n<\/p><\/div>\n<\/p><\/div>\n<\/p><\/div>\n<\/p><\/div>\n<div class=\"bu_tvprogram_grid__line grid_row\">\n<div class=\"grid_col bu_tvprogram_logo\">\n<p> 13h27 <\/p>\n<p> 15h23 <\/p>\n<p> <a href=\"https:\/\/www.linternaute.com\/television\/programme-ocs-dimanche-14-septembre-2025\/\" title=\"Programme OCS\" target=\"_blank\" rel=\"nofollow\"> <img decoding=\"async\" border=\"0\" src=\"https:\/\/jumeaux91.fr\/blog\/wp-content\/uploads\/2025\/09\/programme-tv-action-aventure-du-dimanche-14-septembre-2025-4.png\" hspace=\"0\" vspace=\"0\" alt=\"Programme OCS\"> <\/a> <\/div>\n<div class=\"bu_tvprogram_grid_slider\">\n<div class=\"jGridAll\">\n<div class=\"jGridCell grid_col bu_tvprogram_program\">\n<div class=\"grid_left\"> <a href=\"https:\/\/www.linternaute.fr\/cinema\/tous-les-films\/1930724-mad-max-fury-road-une-suite-est-elle-prevue\/\" target=\"_blank\" rel=\"nofollow\"><\/p>\n<figure><img decoding=\"async\" border=\"0\" class=\"jImgBroadcast\" src=\"https:\/\/jumeaux91.fr\/blog\/wp-content\/uploads\/2025\/09\/programme-tv-action-aventure-du-dimanche-14-septembre-2025-5.jpg\" alt=\"Mad Max : Fury Road\" hspace=\"0\" vspace=\"0\"><span class=\"icon_play\"><\/span><\/figure>\n<p><\/a> <\/div>\n<div class=\"bu_tvprogram_container_ellipsis grid_last\"> <span class=\"bu_tvprogram_typo1\"><\/span> <a href=\"https:\/\/www.linternaute.fr\/cinema\/tous-les-films\/1930724-mad-max-fury-road-une-suite-est-elle-prevue\/\" target=\"_blank\" rel=\"nofollow\"> <span class=\"bu_tvprogram_typo2\"> Mad Max : Fury Road <\/span> <\/a> <span class=\"bu_tvprogram_typo4\">1h56 &#8211; Film d&rsquo;action<\/span> <!--short description--> <span class=\"bu_tvprogram_typo5\"> Depuis l&rsquo;apocalypse nucl\u00e9aire qui a d\u00e9truit toute civilisation, ce qui reste de l&rsquo;humanit\u00e9 s&rsquo;entretue dans un monde d\u00e9sertique. Se tenant \u00e0 l&rsquo;\u00e9cart de cette funeste agitation, Max Rockatansky est parvenu&#8230; <\/span> <\/div>\n<\/p><\/div>\n<\/p><\/div>\n<\/p><\/div>\n<\/p><\/div>\n<div class=\"bu_tvprogram_grid__line grid_row\">\n<div class=\"grid_col bu_tvprogram_logo\">\n<p> 15h05 <\/p>\n<p> 17h10 <\/p>\n<p> <a href=\"https:\/\/www.linternaute.com\/television\/programme-arte-dimanche-14-septembre-2025\/\" title=\"Programme Arte\" target=\"_blank\" rel=\"nofollow\"> <img decoding=\"async\" border=\"0\" src=\"https:\/\/jumeaux91.fr\/blog\/wp-content\/uploads\/2025\/09\/programme-tv-action-aventure-du-dimanche-14-septembre-2025-5.png\" hspace=\"0\" vspace=\"0\" alt=\"Programme Arte\"> <\/a> <\/div>\n<div class=\"bu_tvprogram_grid_slider\">\n<div class=\"jGridAll\">\n<div class=\"jGridCell grid_col bu_tvprogram_program\">\n<div class=\"grid_left\"> <a href=\"https:\/\/www.linternaute.fr\/cinema\/tous-les-films\/2011921-boulevard-du-rhum\/\" target=\"_blank\" rel=\"nofollow\"><\/p>\n<figure><img decoding=\"async\" border=\"0\" class=\"jImgBroadcast\" src=\"https:\/\/jumeaux91.fr\/blog\/wp-content\/uploads\/2025\/09\/programme-tv-action-aventure-du-dimanche-14-septembre-2025-6.jpg\" alt=\"Boulevard du rhum\" hspace=\"0\" vspace=\"0\"><span class=\"icon_play\"><\/span><\/figure>\n<p><\/a> <\/div>\n<div class=\"bu_tvprogram_container_ellipsis grid_last\"> <span class=\"bu_tvprogram_typo1\"><\/span> <a href=\"https:\/\/www.linternaute.fr\/cinema\/tous-les-films\/2011921-boulevard-du-rhum\/\" target=\"_blank\" rel=\"nofollow\"> <span class=\"bu_tvprogram_typo2\"> Boulevard du rhum <\/span> <\/a> <span class=\"bu_tvprogram_typo4\">2h05 &#8211; Film d&rsquo;aventures<\/span> <!--short description--> <span class=\"bu_tvprogram_typo5\"> La Prohibition a jet\u00e9 les Etats-Unis dans un trafic effr\u00e9n\u00e9 d&rsquo;alcools de toutes qualit\u00e9s. Cornelius Van Zeelinga s&rsquo;\u00e9veille, la bouche p\u00e2teuse, sur une plage jonch\u00e9e de bouteilles de rhum. Les sir\u00e8nes de&#8230; <\/span> <\/div>\n<\/p><\/div>\n<\/p><\/div>\n<\/p><\/div>\n<\/p><\/div>\n<div class=\"bu_tvprogram_grid__line grid_row\">\n<div class=\"grid_col bu_tvprogram_logo\">\n<p> 19h15 <\/p>\n<p> 20h50 <\/p>\n<p> <a href=\"https:\/\/www.linternaute.com\/television\/programme-tcm-dimanche-14-septembre-2025\/\" title=\"Programme TCM Cin\u00e9ma\" target=\"_blank\" rel=\"nofollow\"> <img decoding=\"async\" border=\"0\" src=\"https:\/\/jumeaux91.fr\/blog\/wp-content\/uploads\/2025\/09\/programme-tv-action-aventure-du-dimanche-14-septembre-2025-6.png\" hspace=\"0\" vspace=\"0\" alt=\"Programme TCM Cin\u00e9ma\"> <\/a> <\/div>\n<div class=\"bu_tvprogram_grid_slider\">\n<div class=\"jGridAll\">\n<div class=\"jGridCell grid_col bu_tvprogram_program\">\n<div class=\"grid_left\"> <a href=\"https:\/\/www.linternaute.com\/television\/film-la-venus-des-mers-chaudes-version-restauree-p6567292\/\" target=\"_blank\" rel=\"nofollow\"><\/p>\n<figure><img decoding=\"async\" border=\"0\" class=\"jImgBroadcast\" src=\"https:\/\/jumeaux91.fr\/blog\/wp-content\/uploads\/2025\/09\/programme-tv-action-aventure-du-dimanche-14-septembre-2025-7.jpg\" alt=\"La V\u00e9nus des mers chaudes (Version restaur\u00e9e)\" hspace=\"0\" vspace=\"0\"><\/figure>\n<p><\/a> <\/div>\n<div class=\"bu_tvprogram_container_ellipsis grid_last\"> <span class=\"bu_tvprogram_typo1\"><\/span> <a href=\"https:\/\/www.linternaute.com\/television\/film-la-venus-des-mers-chaudes-version-restauree-p6567292\/\" target=\"_blank\" rel=\"nofollow\"> <span class=\"bu_tvprogram_typo2\"> La V\u00e9nus des mers chaudes (Version restaur\u00e9e) <\/span> <\/a> <span class=\"bu_tvprogram_typo4\">1h35 &#8211; Film d&rsquo;aventures<\/span> <!--short description--> <span class=\"bu_tvprogram_typo5\"> Dominic Quesada, Johnny Gray et son \u00e9pouse Theresa recherchent activement l&rsquo;\u00e9pave d&rsquo;un navire qui transportait autrefois une \u00e9norme cargaison de lingots d&rsquo;or. Apr\u00e8s de nombreuses plong\u00e9es, ils parviennent&#8230; <\/span> <\/div>\n<\/p><\/div>\n<\/p><\/div>\n<\/p><\/div>\n<\/p><\/div>\n<div class=\"bu_tvprogram_grid__line grid_row\">\n<div class=\"grid_col bu_tvprogram_logo\">\n<p> 20h55 <\/p>\n<p> 23h05 <\/p>\n<p> <a href=\"https:\/\/www.linternaute.com\/television\/programme-rtl9-dimanche-14-septembre-2025\/\" title=\"Programme RTL 9\" target=\"_blank\" rel=\"nofollow\"> <img decoding=\"async\" border=\"0\" src=\"https:\/\/jumeaux91.fr\/blog\/wp-content\/uploads\/2025\/09\/programme-tv-action-aventure-du-dimanche-14-septembre-2025-1.png\" hspace=\"0\" vspace=\"0\" alt=\"Programme RTL 9\"> <\/a> <\/div>\n<div class=\"bu_tvprogram_grid_slider\">\n<div class=\"jGridAll\">\n<div class=\"jGridCell grid_col bu_tvprogram_program\">\n<div class=\"grid_left\"> <a href=\"https:\/\/www.linternaute.fr\/cinema\/tous-les-films\/2007541-killer-elite\/\" target=\"_blank\" rel=\"nofollow\"><\/p>\n<figure><img decoding=\"async\" border=\"0\" class=\"jImgBroadcast\" src=\"https:\/\/jumeaux91.fr\/blog\/wp-content\/uploads\/2025\/09\/programme-tv-action-aventure-du-dimanche-14-septembre-2025-8.jpg\" alt=\"Killer Elite\" hspace=\"0\" vspace=\"0\"><\/figure>\n<p><\/a> <\/div>\n<div class=\"bu_tvprogram_container_ellipsis grid_last\"> <span class=\"bu_tvprogram_typo1\"><\/span> <a href=\"https:\/\/www.linternaute.fr\/cinema\/tous-les-films\/2007541-killer-elite\/\" target=\"_blank\" rel=\"nofollow\"> <span class=\"bu_tvprogram_typo2\"> Killer Elite <\/span> <\/a> <span class=\"bu_tvprogram_typo4\">2h10 &#8211; Film d&rsquo;action<\/span> <!--short description--> <span class=\"bu_tvprogram_typo5\"> En 1980, lors d&rsquo;une mission au Mexique, l&rsquo;agent sp\u00e9cial Danny Bryce est bless\u00e9 dans une fusillade. Il se retire en Australie. Un an plus tard, l&rsquo;annonce que son mentor et ami Hunter est retenu captif dans&#8230; <\/span> <\/div>\n<\/p><\/div>\n<\/p><\/div>\n<\/p><\/div>\n<\/p><\/div>\n<div class=\"bu_tvprogram_grid__line grid_row\">\n<div class=\"grid_col bu_tvprogram_logo\">\n<p> 23h35 <\/p>\n<p> 01h10 <\/p>\n<p> <a href=\"https:\/\/www.linternaute.com\/television\/programme-france-2-dimanche-14-septembre-2025\/\" title=\"Programme France 2\" target=\"_blank\" rel=\"nofollow\"> <img decoding=\"async\" border=\"0\" src=\"https:\/\/jumeaux91.fr\/blog\/wp-content\/uploads\/2025\/09\/programme-tv-action-aventure-du-dimanche-14-septembre-2025-7.png\" hspace=\"0\" vspace=\"0\" alt=\"Programme France 2\"> <\/a> <\/div>\n<div class=\"bu_tvprogram_grid_slider\">\n<div class=\"jGridAll\">\n<div class=\"jGridCell grid_col bu_tvprogram_program\">\n<div class=\"grid_left\"> <a href=\"https:\/\/www.linternaute.com\/television\/film-kali-p6818088\/\" target=\"_blank\" rel=\"nofollow\"><\/p>\n<figure><img decoding=\"async\" border=\"0\" class=\"jImgBroadcast\" src=\"https:\/\/jumeaux91.fr\/blog\/wp-content\/uploads\/2025\/09\/programme-tv-action-aventure-du-dimanche-14-septembre-2025-9.jpg\" alt=\"Kali\" hspace=\"0\" vspace=\"0\"><\/figure>\n<p><\/a> <\/div>\n<div class=\"bu_tvprogram_container_ellipsis grid_last\"> <span class=\"bu_tvprogram_typo1\"><\/span> <a href=\"https:\/\/www.linternaute.com\/television\/film-kali-p6818088\/\" target=\"_blank\" rel=\"nofollow\"> <span class=\"bu_tvprogram_typo2\"> Kali <\/span> <\/a> <span class=\"bu_tvprogram_typo4\">1h35 &#8211; Film d&rsquo;action<\/span> <!--short description--> <span class=\"bu_tvprogram_typo5\"> Eric, un agent des douanes fran\u00e7aises, est assassin\u00e9 \u00e0 Rio de Janeiro alors qu&rsquo;il enqu\u00eatait sur un vaste trafic de faux m\u00e9dicaments. Lisa, son \u00e9pouse, une ancienne membre des Forces sp\u00e9ciales, ne croit&#8230; <\/span> <\/div>\n<\/p><\/div>\n<\/p><\/div>\n<\/p><\/div>\n<\/p><\/div>\n<\/p><\/div>\n<\/p><\/div>\n<\/p><\/div>\n<\/p><\/div>\n<\/p><\/div>\n<\/p><\/div>\n<\/p><\/div>\n<\/p><\/div>\n<p> <!--Akamai-ESI:PAGE:setreftime=1756107030\/--><br \/>\n<!-- footerdebbloc --> <!-- footerfinbloc --> <\/div>\n<\/p><\/div>\n<p>  La chronique se veut g\u00e9n\u00e9r\u00e9e de la fa\u00e7on la plus claire que possible. Dans le cas o\u00f9 vous souhaitez pr\u00e9senter des renseignements compl\u00e9mentaires \u00e0 cet article sur le sujet \u00ab\u00a0Fr\u00e8res jumeaux de l&rsquo;Essonnes\u00a0\u00bb il vous est possible d\u2019\u00e9crire aux contacts indiqu\u00e9s sur notre website. La raison d\u2019\u00eatre de jumeaux91.fr \u00e9tant de rassembler sur le web des posts sur le sujet de Fr\u00e8res jumeaux de l&rsquo;Essonnes puis les diffuser en r\u00e9pondant au mieux aux interrogations des gens. Vous pouvez tirer profit de cet article traitant le sujet \u00ab\u00a0Fr\u00e8res jumeaux de l&rsquo;Essonnes\u00a0\u00bb. Il est concoct\u00e9 par l\u2019\u00e9quipe jumeaux91.fr. Prochainement, nous rendrons accessibles au public d&rsquo;autres informations pertinentes sur le sujet \u00ab\u00a0Fr\u00e8res jumeaux de l&rsquo;Essonnes\u00a0\u00bb. Alors, consultez syst\u00e9matiquement notre blog.<\/p>\n","protected":false},"excerpt":{"rendered":"<p>&lt;!&#8211; Programme TV Action \/ aventure du dimanche 14 septembre 2025 &lt;meta property=&quot;ob:url&quot; content=&quot;$(HTTP_X_URL)\u00a0\u00bb&gt; Choisir un ou un Sous-th\u00e8me 22h55 00h50 Double impact 1h55 &#8211; Film d&rsquo;action Chad et Alex Wagner sont fr\u00e8res jumeaux. Ils ont \u00e9t\u00e9 s\u00e9par\u00e9s alors qu&rsquo;ils n&rsquo;avaient que 6 mois, apr\u00e8s la mort de leurs parents, assassin\u00e9s \u00e0 Hongkong par deux&hellip; <a class=\"more-link\" href=\"https:\/\/jumeaux91.fr\/blog\/programme-tv-action-aventure-du-dimanche-14-septembre-2025\/\">Poursuivre la lecture <span class=\"screen-reader-text\">Programme TV Action \/ aventure du dimanche 14 septembre 2025<\/span><\/a><\/p>\n","protected":false},"author":2,"featured_media":1643,"comment_status":"closed","ping_status":"closed","sticky":false,"template":"","format":"standard","meta":{"footnotes":""},"categories":[4],"tags":[],"class_list":["post-1642","post","type-post","status-publish","format-standard","has-post-thumbnail","hentry","category-posts-freres-jumeaux-de-lessonnes","entry"],"yoast_head":"<!-- This site is optimized with the Yoast SEO plugin v27.5 - https:\/\/yoast.com\/product\/yoast-seo-wordpress\/ -->\n<title>Programme TV Action \/ aventure du dimanche 14 septembre 2025 - JUMEAUX91<\/title>\n<meta name=\"robots\" content=\"index, follow, max-snippet:-1, max-image-preview:large, max-video-preview:-1\" \/>\n<link rel=\"canonical\" href=\"https:\/\/jumeaux91.fr\/blog\/programme-tv-action-aventure-du-dimanche-14-septembre-2025\/\" \/>\n<meta property=\"og:locale\" content=\"fr_FR\" \/>\n<meta property=\"og:type\" content=\"article\" \/>\n<meta property=\"og:title\" content=\"Programme TV Action \/ aventure du dimanche 14 septembre 2025 - JUMEAUX91\" \/>\n<meta property=\"og:description\" content=\"&lt;!&#8211; Programme TV Action \/ aventure du dimanche 14 septembre 2025 &lt;meta property=&quot;ob:url&quot; content=&quot;$(HTTP_X_URL)\u00a0\u00bb&gt; Choisir un ou un Sous-th\u00e8me 22h55 00h50 Double impact 1h55 &#8211; Film d&rsquo;action Chad et Alex Wagner sont fr\u00e8res jumeaux. Ils ont \u00e9t\u00e9 s\u00e9par\u00e9s alors qu&rsquo;ils n&rsquo;avaient que 6 mois, apr\u00e8s la mort de leurs parents, assassin\u00e9s \u00e0 Hongkong par deux&hellip; Poursuivre la lecture Programme TV Action \/ aventure du dimanche 14 septembre 2025\" \/>\n<meta property=\"og:url\" content=\"https:\/\/jumeaux91.fr\/blog\/programme-tv-action-aventure-du-dimanche-14-septembre-2025\/\" \/>\n<meta property=\"og:site_name\" content=\"JUMEAUX91\" \/>\n<meta property=\"article:published_time\" content=\"2025-08-31T17:04:00+00:00\" \/>\n<meta property=\"og:image\" content=\"https:\/\/jumeaux91.fr\/blog\/wp-content\/uploads\/2025\/09\/programme-tv-action-aventure-du-dimanche-14-septembre-2025.png\" \/>\n<meta name=\"author\" content=\"Claude DAYRES\" \/>\n<meta name=\"twitter:card\" content=\"summary_large_image\" \/>\n<meta name=\"twitter:label1\" content=\"\u00c9crit par\" \/>\n\t<meta name=\"twitter:data1\" content=\"Claude DAYRES\" \/>\n\t<meta name=\"twitter:label2\" content=\"Dur\u00e9e de lecture estim\u00e9e\" \/>\n\t<meta name=\"twitter:data2\" content=\"3 minutes\" \/>\n<script type=\"application\/ld+json\" class=\"yoast-schema-graph\">{\"@context\":\"https:\\\/\\\/schema.org\",\"@graph\":[{\"@type\":\"Article\",\"@id\":\"https:\\\/\\\/jumeaux91.fr\\\/blog\\\/programme-tv-action-aventure-du-dimanche-14-septembre-2025\\\/#article\",\"isPartOf\":{\"@id\":\"https:\\\/\\\/jumeaux91.fr\\\/blog\\\/programme-tv-action-aventure-du-dimanche-14-septembre-2025\\\/\"},\"author\":{\"name\":\"Claude DAYRES\",\"@id\":\"https:\\\/\\\/jumeaux91.fr\\\/blog\\\/#\\\/schema\\\/person\\\/21da06e9f119b9f64e5d45dbbd32d3fb\"},\"headline\":\"Programme TV Action \\\/ aventure du dimanche 14 septembre 2025\",\"datePublished\":\"2025-08-31T17:04:00+00:00\",\"mainEntityOfPage\":{\"@id\":\"https:\\\/\\\/jumeaux91.fr\\\/blog\\\/programme-tv-action-aventure-du-dimanche-14-septembre-2025\\\/\"},\"wordCount\":656,\"publisher\":{\"@id\":\"https:\\\/\\\/jumeaux91.fr\\\/blog\\\/#organization\"},\"image\":{\"@id\":\"https:\\\/\\\/jumeaux91.fr\\\/blog\\\/programme-tv-action-aventure-du-dimanche-14-septembre-2025\\\/#primaryimage\"},\"thumbnailUrl\":\"https:\\\/\\\/jumeaux91.fr\\\/blog\\\/wp-content\\\/uploads\\\/2025\\\/09\\\/programme-tv-action-aventure-du-dimanche-14-septembre-2025.png\",\"articleSection\":[\"Posts Fr\u00e8res Jumeaux De L'Essonnes:\"],\"inLanguage\":\"fr-FR\"},{\"@type\":\"WebPage\",\"@id\":\"https:\\\/\\\/jumeaux91.fr\\\/blog\\\/programme-tv-action-aventure-du-dimanche-14-septembre-2025\\\/\",\"url\":\"https:\\\/\\\/jumeaux91.fr\\\/blog\\\/programme-tv-action-aventure-du-dimanche-14-septembre-2025\\\/\",\"name\":\"Programme TV Action \\\/ aventure du dimanche 14 septembre 2025 - JUMEAUX91\",\"isPartOf\":{\"@id\":\"https:\\\/\\\/jumeaux91.fr\\\/blog\\\/#website\"},\"primaryImageOfPage\":{\"@id\":\"https:\\\/\\\/jumeaux91.fr\\\/blog\\\/programme-tv-action-aventure-du-dimanche-14-septembre-2025\\\/#primaryimage\"},\"image\":{\"@id\":\"https:\\\/\\\/jumeaux91.fr\\\/blog\\\/programme-tv-action-aventure-du-dimanche-14-septembre-2025\\\/#primaryimage\"},\"thumbnailUrl\":\"https:\\\/\\\/jumeaux91.fr\\\/blog\\\/wp-content\\\/uploads\\\/2025\\\/09\\\/programme-tv-action-aventure-du-dimanche-14-septembre-2025.png\",\"datePublished\":\"2025-08-31T17:04:00+00:00\",\"breadcrumb\":{\"@id\":\"https:\\\/\\\/jumeaux91.fr\\\/blog\\\/programme-tv-action-aventure-du-dimanche-14-septembre-2025\\\/#breadcrumb\"},\"inLanguage\":\"fr-FR\",\"potentialAction\":[{\"@type\":\"ReadAction\",\"target\":[\"https:\\\/\\\/jumeaux91.fr\\\/blog\\\/programme-tv-action-aventure-du-dimanche-14-septembre-2025\\\/\"]}]},{\"@type\":\"ImageObject\",\"inLanguage\":\"fr-FR\",\"@id\":\"https:\\\/\\\/jumeaux91.fr\\\/blog\\\/programme-tv-action-aventure-du-dimanche-14-septembre-2025\\\/#primaryimage\",\"url\":\"https:\\\/\\\/jumeaux91.fr\\\/blog\\\/wp-content\\\/uploads\\\/2025\\\/09\\\/programme-tv-action-aventure-du-dimanche-14-septembre-2025.png\",\"contentUrl\":\"https:\\\/\\\/jumeaux91.fr\\\/blog\\\/wp-content\\\/uploads\\\/2025\\\/09\\\/programme-tv-action-aventure-du-dimanche-14-septembre-2025.png\",\"width\":1,\"height\":1,\"caption\":\"Programme TV Action \\\/ aventure du dimanche 14 septembre 2025\"},{\"@type\":\"BreadcrumbList\",\"@id\":\"https:\\\/\\\/jumeaux91.fr\\\/blog\\\/programme-tv-action-aventure-du-dimanche-14-septembre-2025\\\/#breadcrumb\",\"itemListElement\":[{\"@type\":\"ListItem\",\"position\":1,\"name\":\"Accueil\",\"item\":\"https:\\\/\\\/jumeaux91.fr\\\/blog\\\/\"},{\"@type\":\"ListItem\",\"position\":2,\"name\":\"Programme TV Action \\\/ aventure du dimanche 14 septembre 2025\"}]},{\"@type\":\"WebSite\",\"@id\":\"https:\\\/\\\/jumeaux91.fr\\\/blog\\\/#website\",\"url\":\"https:\\\/\\\/jumeaux91.fr\\\/blog\\\/\",\"name\":\"JUMEAUX91\",\"description\":\"Fr\u00e8res jumeaux de l&#039;Essonnes; informations et archives, \u00e0 savoir et retenir.\",\"publisher\":{\"@id\":\"https:\\\/\\\/jumeaux91.fr\\\/blog\\\/#organization\"},\"potentialAction\":[{\"@type\":\"SearchAction\",\"target\":{\"@type\":\"EntryPoint\",\"urlTemplate\":\"https:\\\/\\\/jumeaux91.fr\\\/blog\\\/?s={search_term_string}\"},\"query-input\":{\"@type\":\"PropertyValueSpecification\",\"valueRequired\":true,\"valueName\":\"search_term_string\"}}],\"inLanguage\":\"fr-FR\"},{\"@type\":\"Organization\",\"@id\":\"https:\\\/\\\/jumeaux91.fr\\\/blog\\\/#organization\",\"name\":\"jumeaux91\",\"url\":\"https:\\\/\\\/jumeaux91.fr\\\/blog\\\/\",\"logo\":{\"@type\":\"ImageObject\",\"inLanguage\":\"fr-FR\",\"@id\":\"https:\\\/\\\/jumeaux91.fr\\\/blog\\\/#\\\/schema\\\/logo\\\/image\\\/\",\"url\":\"https:\\\/\\\/jumeaux91.fr\\\/blog\\\/wp-content\\\/uploads\\\/2023\\\/05\\\/cropped-cropped-logoJ_91.png\",\"contentUrl\":\"https:\\\/\\\/jumeaux91.fr\\\/blog\\\/wp-content\\\/uploads\\\/2023\\\/05\\\/cropped-cropped-logoJ_91.png\",\"width\":512,\"height\":512,\"caption\":\"jumeaux91\"},\"image\":{\"@id\":\"https:\\\/\\\/jumeaux91.fr\\\/blog\\\/#\\\/schema\\\/logo\\\/image\\\/\"}},{\"@type\":\"Person\",\"@id\":\"https:\\\/\\\/jumeaux91.fr\\\/blog\\\/#\\\/schema\\\/person\\\/21da06e9f119b9f64e5d45dbbd32d3fb\",\"name\":\"Claude DAYRES\",\"image\":{\"@type\":\"ImageObject\",\"inLanguage\":\"fr-FR\",\"@id\":\"https:\\\/\\\/secure.gravatar.com\\\/avatar\\\/82eb951df6110a2c48d1bfa7a67d1ee6f0cd5df3cbf9c3586dd61e82db7172a5?s=96&d=mm&r=g\",\"url\":\"https:\\\/\\\/secure.gravatar.com\\\/avatar\\\/82eb951df6110a2c48d1bfa7a67d1ee6f0cd5df3cbf9c3586dd61e82db7172a5?s=96&d=mm&r=g\",\"contentUrl\":\"https:\\\/\\\/secure.gravatar.com\\\/avatar\\\/82eb951df6110a2c48d1bfa7a67d1ee6f0cd5df3cbf9c3586dd61e82db7172a5?s=96&d=mm&r=g\",\"caption\":\"Claude DAYRES\"},\"url\":\"https:\\\/\\\/jumeaux91.fr\\\/blog\\\/author\\\/x91claude\\\/\"}]}<\/script>\n<!-- \/ Yoast SEO plugin. -->","yoast_head_json":{"title":"Programme TV Action \/ aventure du dimanche 14 septembre 2025 - JUMEAUX91","robots":{"index":"index","follow":"follow","max-snippet":"max-snippet:-1","max-image-preview":"max-image-preview:large","max-video-preview":"max-video-preview:-1"},"canonical":"https:\/\/jumeaux91.fr\/blog\/programme-tv-action-aventure-du-dimanche-14-septembre-2025\/","og_locale":"fr_FR","og_type":"article","og_title":"Programme TV Action \/ aventure du dimanche 14 septembre 2025 - JUMEAUX91","og_description":"&lt;!&#8211; Programme TV Action \/ aventure du dimanche 14 septembre 2025 &lt;meta property=&quot;ob:url&quot; content=&quot;$(HTTP_X_URL)\u00a0\u00bb&gt; Choisir un ou un Sous-th\u00e8me 22h55 00h50 Double impact 1h55 &#8211; Film d&rsquo;action Chad et Alex Wagner sont fr\u00e8res jumeaux. Ils ont \u00e9t\u00e9 s\u00e9par\u00e9s alors qu&rsquo;ils n&rsquo;avaient que 6 mois, apr\u00e8s la mort de leurs parents, assassin\u00e9s \u00e0 Hongkong par deux&hellip; Poursuivre la lecture Programme TV Action \/ aventure du dimanche 14 septembre 2025","og_url":"https:\/\/jumeaux91.fr\/blog\/programme-tv-action-aventure-du-dimanche-14-septembre-2025\/","og_site_name":"JUMEAUX91","article_published_time":"2025-08-31T17:04:00+00:00","og_image":[{"url":"https:\/\/jumeaux91.fr\/blog\/wp-content\/uploads\/2025\/09\/programme-tv-action-aventure-du-dimanche-14-septembre-2025.png","type":"","width":"","height":""}],"author":"Claude DAYRES","twitter_card":"summary_large_image","twitter_misc":{"\u00c9crit par":"Claude DAYRES","Dur\u00e9e de lecture estim\u00e9e":"3 minutes"},"schema":{"@context":"https:\/\/schema.org","@graph":[{"@type":"Article","@id":"https:\/\/jumeaux91.fr\/blog\/programme-tv-action-aventure-du-dimanche-14-septembre-2025\/#article","isPartOf":{"@id":"https:\/\/jumeaux91.fr\/blog\/programme-tv-action-aventure-du-dimanche-14-septembre-2025\/"},"author":{"name":"Claude DAYRES","@id":"https:\/\/jumeaux91.fr\/blog\/#\/schema\/person\/21da06e9f119b9f64e5d45dbbd32d3fb"},"headline":"Programme TV Action \/ aventure du dimanche 14 septembre 2025","datePublished":"2025-08-31T17:04:00+00:00","mainEntityOfPage":{"@id":"https:\/\/jumeaux91.fr\/blog\/programme-tv-action-aventure-du-dimanche-14-septembre-2025\/"},"wordCount":656,"publisher":{"@id":"https:\/\/jumeaux91.fr\/blog\/#organization"},"image":{"@id":"https:\/\/jumeaux91.fr\/blog\/programme-tv-action-aventure-du-dimanche-14-septembre-2025\/#primaryimage"},"thumbnailUrl":"https:\/\/jumeaux91.fr\/blog\/wp-content\/uploads\/2025\/09\/programme-tv-action-aventure-du-dimanche-14-septembre-2025.png","articleSection":["Posts Fr\u00e8res Jumeaux De L'Essonnes:"],"inLanguage":"fr-FR"},{"@type":"WebPage","@id":"https:\/\/jumeaux91.fr\/blog\/programme-tv-action-aventure-du-dimanche-14-septembre-2025\/","url":"https:\/\/jumeaux91.fr\/blog\/programme-tv-action-aventure-du-dimanche-14-septembre-2025\/","name":"Programme TV Action \/ aventure du dimanche 14 septembre 2025 - JUMEAUX91","isPartOf":{"@id":"https:\/\/jumeaux91.fr\/blog\/#website"},"primaryImageOfPage":{"@id":"https:\/\/jumeaux91.fr\/blog\/programme-tv-action-aventure-du-dimanche-14-septembre-2025\/#primaryimage"},"image":{"@id":"https:\/\/jumeaux91.fr\/blog\/programme-tv-action-aventure-du-dimanche-14-septembre-2025\/#primaryimage"},"thumbnailUrl":"https:\/\/jumeaux91.fr\/blog\/wp-content\/uploads\/2025\/09\/programme-tv-action-aventure-du-dimanche-14-septembre-2025.png","datePublished":"2025-08-31T17:04:00+00:00","breadcrumb":{"@id":"https:\/\/jumeaux91.fr\/blog\/programme-tv-action-aventure-du-dimanche-14-septembre-2025\/#breadcrumb"},"inLanguage":"fr-FR","potentialAction":[{"@type":"ReadAction","target":["https:\/\/jumeaux91.fr\/blog\/programme-tv-action-aventure-du-dimanche-14-septembre-2025\/"]}]},{"@type":"ImageObject","inLanguage":"fr-FR","@id":"https:\/\/jumeaux91.fr\/blog\/programme-tv-action-aventure-du-dimanche-14-septembre-2025\/#primaryimage","url":"https:\/\/jumeaux91.fr\/blog\/wp-content\/uploads\/2025\/09\/programme-tv-action-aventure-du-dimanche-14-septembre-2025.png","contentUrl":"https:\/\/jumeaux91.fr\/blog\/wp-content\/uploads\/2025\/09\/programme-tv-action-aventure-du-dimanche-14-septembre-2025.png","width":1,"height":1,"caption":"Programme TV Action \/ aventure du dimanche 14 septembre 2025"},{"@type":"BreadcrumbList","@id":"https:\/\/jumeaux91.fr\/blog\/programme-tv-action-aventure-du-dimanche-14-septembre-2025\/#breadcrumb","itemListElement":[{"@type":"ListItem","position":1,"name":"Accueil","item":"https:\/\/jumeaux91.fr\/blog\/"},{"@type":"ListItem","position":2,"name":"Programme TV Action \/ aventure du dimanche 14 septembre 2025"}]},{"@type":"WebSite","@id":"https:\/\/jumeaux91.fr\/blog\/#website","url":"https:\/\/jumeaux91.fr\/blog\/","name":"JUMEAUX91","description":"Fr\u00e8res jumeaux de l&#039;Essonnes; informations et archives, \u00e0 savoir et retenir.","publisher":{"@id":"https:\/\/jumeaux91.fr\/blog\/#organization"},"potentialAction":[{"@type":"SearchAction","target":{"@type":"EntryPoint","urlTemplate":"https:\/\/jumeaux91.fr\/blog\/?s={search_term_string}"},"query-input":{"@type":"PropertyValueSpecification","valueRequired":true,"valueName":"search_term_string"}}],"inLanguage":"fr-FR"},{"@type":"Organization","@id":"https:\/\/jumeaux91.fr\/blog\/#organization","name":"jumeaux91","url":"https:\/\/jumeaux91.fr\/blog\/","logo":{"@type":"ImageObject","inLanguage":"fr-FR","@id":"https:\/\/jumeaux91.fr\/blog\/#\/schema\/logo\/image\/","url":"https:\/\/jumeaux91.fr\/blog\/wp-content\/uploads\/2023\/05\/cropped-cropped-logoJ_91.png","contentUrl":"https:\/\/jumeaux91.fr\/blog\/wp-content\/uploads\/2023\/05\/cropped-cropped-logoJ_91.png","width":512,"height":512,"caption":"jumeaux91"},"image":{"@id":"https:\/\/jumeaux91.fr\/blog\/#\/schema\/logo\/image\/"}},{"@type":"Person","@id":"https:\/\/jumeaux91.fr\/blog\/#\/schema\/person\/21da06e9f119b9f64e5d45dbbd32d3fb","name":"Claude DAYRES","image":{"@type":"ImageObject","inLanguage":"fr-FR","@id":"https:\/\/secure.gravatar.com\/avatar\/82eb951df6110a2c48d1bfa7a67d1ee6f0cd5df3cbf9c3586dd61e82db7172a5?s=96&d=mm&r=g","url":"https:\/\/secure.gravatar.com\/avatar\/82eb951df6110a2c48d1bfa7a67d1ee6f0cd5df3cbf9c3586dd61e82db7172a5?s=96&d=mm&r=g","contentUrl":"https:\/\/secure.gravatar.com\/avatar\/82eb951df6110a2c48d1bfa7a67d1ee6f0cd5df3cbf9c3586dd61e82db7172a5?s=96&d=mm&r=g","caption":"Claude DAYRES"},"url":"https:\/\/jumeaux91.fr\/blog\/author\/x91claude\/"}]}},"_links":{"self":[{"href":"https:\/\/jumeaux91.fr\/blog\/wp-json\/wp\/v2\/posts\/1642","targetHints":{"allow":["GET"]}}],"collection":[{"href":"https:\/\/jumeaux91.fr\/blog\/wp-json\/wp\/v2\/posts"}],"about":[{"href":"https:\/\/jumeaux91.fr\/blog\/wp-json\/wp\/v2\/types\/post"}],"author":[{"embeddable":true,"href":"https:\/\/jumeaux91.fr\/blog\/wp-json\/wp\/v2\/users\/2"}],"replies":[{"embeddable":true,"href":"https:\/\/jumeaux91.fr\/blog\/wp-json\/wp\/v2\/comments?post=1642"}],"version-history":[{"count":0,"href":"https:\/\/jumeaux91.fr\/blog\/wp-json\/wp\/v2\/posts\/1642\/revisions"}],"wp:featuredmedia":[{"embeddable":true,"href":"https:\/\/jumeaux91.fr\/blog\/wp-json\/wp\/v2\/media\/1643"}],"wp:attachment":[{"href":"https:\/\/jumeaux91.fr\/blog\/wp-json\/wp\/v2\/media?parent=1642"}],"wp:term":[{"taxonomy":"category","embeddable":true,"href":"https:\/\/jumeaux91.fr\/blog\/wp-json\/wp\/v2\/categories?post=1642"},{"taxonomy":"post_tag","embeddable":true,"href":"https:\/\/jumeaux91.fr\/blog\/wp-json\/wp\/v2\/tags?post=1642"}],"curies":[{"name":"wp","href":"https:\/\/api.w.org\/{rel}","templated":true}]}}