{"id":1644,"date":"2025-09-02T11:53:00","date_gmt":"2025-09-02T09:53:00","guid":{"rendered":"https:\/\/jumeaux91.fr\/blog\/france-un-nouvel-arbre-plante-en-memoire-dilan-halimi-a-sainte-genevieve-des-bois\/"},"modified":"2025-09-02T11:53:00","modified_gmt":"2025-09-02T09:53:00","slug":"france-un-nouvel-arbre-plante-en-memoire-dilan-halimi-a-sainte-genevieve-des-bois","status":"publish","type":"post","link":"https:\/\/jumeaux91.fr\/blog\/france-un-nouvel-arbre-plante-en-memoire-dilan-halimi-a-sainte-genevieve-des-bois\/","title":{"rendered":"France : Un nouvel arbre plant\u00e9 en m\u00e9moire d\u2019Ilan Halimi \u00e0 Sainte-Genevi\u00e8ve-des-Bois"},"content":{"rendered":"<div><img decoding=\"async\" src=\"https:\/\/jumeaux91.fr\/blog\/wp-content\/uploads\/2025\/09\/france-un-nouvel-arbre-plante-en-memoire-dilan-halimi-a-sainte-genevieve-des-bois.jpg\" class=\"ff-og-image-inserted\"><\/div>\n<div class=\"Recommended_recommended__5XUTJ\">\n<h3 class=\"widget-typography-title size-small color-default\">Articles recommand\u00e9s &#8211;<\/h3>\n<hr class=\"widget-layout-divider thin visibility-none\"><\/div>\n<p class data-is=\"component-paragraph\">Un liquidambar a \u00e9t\u00e9 plant\u00e9 mardi au lyc\u00e9e Albert Einstein de Sainte-Genevi\u00e8ve-des-Bois (Essonne) en m\u00e9moire d\u2019Ilan Halimi, victime d\u2019un crime antis\u00e9mite en 2006. La c\u00e9r\u00e9monie, pr\u00e9sid\u00e9e par la ministre de la Lutte contre les discriminations Aurore Berg\u00e9, intervient quelques semaines apr\u00e8s la destruction d\u2019un arbre comm\u00e9moratif \u00e0 \u00c9pinay-sur-Seine. \u00ab La m\u00e9moire, elle, ne doit pas se d\u00e9raciner \u00bb, a d\u00e9clar\u00e9 la ministre, rappelant que plaques et arbres d\u2019hommage ont r\u00e9guli\u00e8rement \u00e9t\u00e9 vandalis\u00e9s ces derni\u00e8res ann\u00e9es.<\/p>\n<p class data-is=\"component-paragraph\">Ilan Halimi avait \u00e9t\u00e9 retrouv\u00e9 agonisant le 13 f\u00e9vrier 2006, au bord d\u2019une voie ferr\u00e9e de Sainte-Genevi\u00e8ve-des-Bois, apr\u00e8s avoir \u00e9t\u00e9 enlev\u00e9 et tortur\u00e9 par le \u00ab gang des barbares \u00bb. Il est d\u00e9c\u00e9d\u00e9 lors de son transfert \u00e0 l\u2019h\u00f4pital. Le 15 ao\u00fbt dernier, un olivier plant\u00e9 en sa m\u00e9moire \u00e0 \u00c9pinay-sur-Seine avait \u00e9t\u00e9 sci\u00e9. Deux fr\u00e8res jumeaux de 19 ans, soup\u00e7onn\u00e9s de cet acte, ont \u00e9t\u00e9 plac\u00e9s en d\u00e9tention provisoire et seront jug\u00e9s en octobre.<\/p>\n<hr class=\"widget-layout-divider default visibility-none\">\n<p class data-is=\"component-paragraph\">La pr\u00e9sidente de la r\u00e9gion \u00cele-de-France, Val\u00e9rie P\u00e9cresse, \u00e9galement pr\u00e9sente, a annonc\u00e9 la plantation prochaine d\u2019arbres m\u00e9moriels au si\u00e8ge du Conseil r\u00e9gional \u00e0 Saint-Ouen et \u00e0 \u00c9pinay, avec la participation d\u2019\u00e9l\u00e8ves. Aurore Berg\u00e9 a profit\u00e9 de son d\u00e9placement pour lancer la nouvelle \u00e9dition du prix Ilan Halimi, cr\u00e9\u00e9 en 2018, qui r\u00e9compense chaque ann\u00e9e des projets de jeunes de 13 \u00e0 25 ans luttant contre les pr\u00e9jug\u00e9s racistes et antis\u00e9mites.<\/p>\n<p class data-is=\"component-paragraph\">Selon le minist\u00e8re de l\u2019Int\u00e9rieur, 646 actes antis\u00e9mites ont \u00e9t\u00e9 recens\u00e9s en France au premier semestre 2025, un chiffre en recul par rapport \u00e0 2024 mais plus que doubl\u00e9 par rapport \u00e0 2023.<\/p>\n<p>La chronique se veut g\u00e9n\u00e9r\u00e9e de la fa\u00e7on la plus claire que possible. Dans le cas o\u00f9 vous souhaitez pr\u00e9senter des renseignements compl\u00e9mentaires \u00e0 cet article sur le sujet \u00ab\u00a0Fr\u00e8res jumeaux de l&rsquo;Essonnes\u00a0\u00bb il vous est possible d\u2019\u00e9crire aux contacts indiqu\u00e9s sur notre website. La raison d\u2019\u00eatre de jumeaux91.fr \u00e9tant de rassembler sur le web des posts sur le sujet de Fr\u00e8res jumeaux de l&rsquo;Essonnes puis les diffuser en r\u00e9pondant au mieux aux interrogations des gens. Vous pouvez tirer profit de cet article traitant le sujet \u00ab\u00a0Fr\u00e8res jumeaux de l&rsquo;Essonnes\u00a0\u00bb. Il est concoct\u00e9 par l\u2019\u00e9quipe jumeaux91.fr. Prochainement, nous rendrons accessibles au public d&rsquo;autres informations pertinentes sur le sujet \u00ab\u00a0Fr\u00e8res jumeaux de l&rsquo;Essonnes\u00a0\u00bb. Alors, consultez syst\u00e9matiquement notre blog.<\/p>\n","protected":false},"excerpt":{"rendered":"<p>Articles recommand\u00e9s &#8211; Un liquidambar a \u00e9t\u00e9 plant\u00e9 mardi au lyc\u00e9e Albert Einstein de Sainte-Genevi\u00e8ve-des-Bois (Essonne) en m\u00e9moire d\u2019Ilan Halimi, victime d\u2019un crime antis\u00e9mite en 2006. La c\u00e9r\u00e9monie, pr\u00e9sid\u00e9e par la ministre de la Lutte contre les discriminations Aurore Berg\u00e9, intervient quelques semaines apr\u00e8s la destruction d\u2019un arbre comm\u00e9moratif \u00e0 \u00c9pinay-sur-Seine. \u00ab La m\u00e9moire, elle,&hellip; <a class=\"more-link\" href=\"https:\/\/jumeaux91.fr\/blog\/france-un-nouvel-arbre-plante-en-memoire-dilan-halimi-a-sainte-genevieve-des-bois\/\">Poursuivre la lecture <span class=\"screen-reader-text\">France : Un nouvel arbre plant\u00e9 en m\u00e9moire d\u2019Ilan Halimi \u00e0 Sainte-Genevi\u00e8ve-des-Bois<\/span><\/a><\/p>\n","protected":false},"author":2,"featured_media":1645,"comment_status":"closed","ping_status":"closed","sticky":false,"template":"","format":"standard","meta":{"footnotes":""},"categories":[4],"tags":[],"class_list":["post-1644","post","type-post","status-publish","format-standard","has-post-thumbnail","hentry","category-posts-freres-jumeaux-de-lessonnes","entry"],"yoast_head":"<!-- This site is optimized with the Yoast SEO plugin v27.5 - https:\/\/yoast.com\/product\/yoast-seo-wordpress\/ -->\n<title>France : Un nouvel arbre plant\u00e9 en m\u00e9moire d\u2019Ilan Halimi \u00e0 Sainte-Genevi\u00e8ve-des-Bois - JUMEAUX91<\/title>\n<meta name=\"robots\" content=\"index, follow, max-snippet:-1, max-image-preview:large, max-video-preview:-1\" \/>\n<link rel=\"canonical\" href=\"https:\/\/jumeaux91.fr\/blog\/france-un-nouvel-arbre-plante-en-memoire-dilan-halimi-a-sainte-genevieve-des-bois\/\" \/>\n<meta property=\"og:locale\" content=\"fr_FR\" \/>\n<meta property=\"og:type\" content=\"article\" \/>\n<meta property=\"og:title\" content=\"France : Un nouvel arbre plant\u00e9 en m\u00e9moire d\u2019Ilan Halimi \u00e0 Sainte-Genevi\u00e8ve-des-Bois - JUMEAUX91\" \/>\n<meta property=\"og:description\" content=\"Articles recommand\u00e9s &#8211; Un liquidambar a \u00e9t\u00e9 plant\u00e9 mardi au lyc\u00e9e Albert Einstein de Sainte-Genevi\u00e8ve-des-Bois (Essonne) en m\u00e9moire d\u2019Ilan Halimi, victime d\u2019un crime antis\u00e9mite en 2006. La c\u00e9r\u00e9monie, pr\u00e9sid\u00e9e par la ministre de la Lutte contre les discriminations Aurore Berg\u00e9, intervient quelques semaines apr\u00e8s la destruction d\u2019un arbre comm\u00e9moratif \u00e0 \u00c9pinay-sur-Seine. \u00ab La m\u00e9moire, elle,&hellip; Poursuivre la lecture France : Un nouvel arbre plant\u00e9 en m\u00e9moire d\u2019Ilan Halimi \u00e0 Sainte-Genevi\u00e8ve-des-Bois\" \/>\n<meta property=\"og:url\" content=\"https:\/\/jumeaux91.fr\/blog\/france-un-nouvel-arbre-plante-en-memoire-dilan-halimi-a-sainte-genevieve-des-bois\/\" \/>\n<meta property=\"og:site_name\" content=\"JUMEAUX91\" \/>\n<meta property=\"article:published_time\" content=\"2025-09-02T09:53:00+00:00\" \/>\n<meta property=\"og:image\" content=\"https:\/\/jumeaux91.fr\/blog\/wp-content\/uploads\/2025\/09\/france-un-nouvel-arbre-plante-en-memoire-dilan-halimi-a-sainte-genevieve-des-bois.jpg\" \/>\n<meta name=\"author\" content=\"Claude DAYRES\" \/>\n<meta name=\"twitter:card\" content=\"summary_large_image\" \/>\n<meta name=\"twitter:label1\" content=\"\u00c9crit par\" \/>\n\t<meta name=\"twitter:data1\" content=\"Claude DAYRES\" \/>\n\t<meta name=\"twitter:label2\" content=\"Dur\u00e9e de lecture estim\u00e9e\" \/>\n\t<meta name=\"twitter:data2\" content=\"2 minutes\" \/>\n<script type=\"application\/ld+json\" class=\"yoast-schema-graph\">{\"@context\":\"https:\\\/\\\/schema.org\",\"@graph\":[{\"@type\":\"Article\",\"@id\":\"https:\\\/\\\/jumeaux91.fr\\\/blog\\\/france-un-nouvel-arbre-plante-en-memoire-dilan-halimi-a-sainte-genevieve-des-bois\\\/#article\",\"isPartOf\":{\"@id\":\"https:\\\/\\\/jumeaux91.fr\\\/blog\\\/france-un-nouvel-arbre-plante-en-memoire-dilan-halimi-a-sainte-genevieve-des-bois\\\/\"},\"author\":{\"name\":\"Claude DAYRES\",\"@id\":\"https:\\\/\\\/jumeaux91.fr\\\/blog\\\/#\\\/schema\\\/person\\\/21da06e9f119b9f64e5d45dbbd32d3fb\"},\"headline\":\"France : Un nouvel arbre plant\u00e9 en m\u00e9moire d\u2019Ilan Halimi \u00e0 Sainte-Genevi\u00e8ve-des-Bois\",\"datePublished\":\"2025-09-02T09:53:00+00:00\",\"mainEntityOfPage\":{\"@id\":\"https:\\\/\\\/jumeaux91.fr\\\/blog\\\/france-un-nouvel-arbre-plante-en-memoire-dilan-halimi-a-sainte-genevieve-des-bois\\\/\"},\"wordCount\":446,\"publisher\":{\"@id\":\"https:\\\/\\\/jumeaux91.fr\\\/blog\\\/#organization\"},\"image\":{\"@id\":\"https:\\\/\\\/jumeaux91.fr\\\/blog\\\/france-un-nouvel-arbre-plante-en-memoire-dilan-halimi-a-sainte-genevieve-des-bois\\\/#primaryimage\"},\"thumbnailUrl\":\"https:\\\/\\\/jumeaux91.fr\\\/blog\\\/wp-content\\\/uploads\\\/2025\\\/09\\\/france-un-nouvel-arbre-plante-en-memoire-dilan-halimi-a-sainte-genevieve-des-bois.jpg\",\"articleSection\":[\"Posts Fr\u00e8res Jumeaux De L'Essonnes:\"],\"inLanguage\":\"fr-FR\"},{\"@type\":\"WebPage\",\"@id\":\"https:\\\/\\\/jumeaux91.fr\\\/blog\\\/france-un-nouvel-arbre-plante-en-memoire-dilan-halimi-a-sainte-genevieve-des-bois\\\/\",\"url\":\"https:\\\/\\\/jumeaux91.fr\\\/blog\\\/france-un-nouvel-arbre-plante-en-memoire-dilan-halimi-a-sainte-genevieve-des-bois\\\/\",\"name\":\"France : Un nouvel arbre plant\u00e9 en m\u00e9moire d\u2019Ilan Halimi \u00e0 Sainte-Genevi\u00e8ve-des-Bois - JUMEAUX91\",\"isPartOf\":{\"@id\":\"https:\\\/\\\/jumeaux91.fr\\\/blog\\\/#website\"},\"primaryImageOfPage\":{\"@id\":\"https:\\\/\\\/jumeaux91.fr\\\/blog\\\/france-un-nouvel-arbre-plante-en-memoire-dilan-halimi-a-sainte-genevieve-des-bois\\\/#primaryimage\"},\"image\":{\"@id\":\"https:\\\/\\\/jumeaux91.fr\\\/blog\\\/france-un-nouvel-arbre-plante-en-memoire-dilan-halimi-a-sainte-genevieve-des-bois\\\/#primaryimage\"},\"thumbnailUrl\":\"https:\\\/\\\/jumeaux91.fr\\\/blog\\\/wp-content\\\/uploads\\\/2025\\\/09\\\/france-un-nouvel-arbre-plante-en-memoire-dilan-halimi-a-sainte-genevieve-des-bois.jpg\",\"datePublished\":\"2025-09-02T09:53:00+00:00\",\"breadcrumb\":{\"@id\":\"https:\\\/\\\/jumeaux91.fr\\\/blog\\\/france-un-nouvel-arbre-plante-en-memoire-dilan-halimi-a-sainte-genevieve-des-bois\\\/#breadcrumb\"},\"inLanguage\":\"fr-FR\",\"potentialAction\":[{\"@type\":\"ReadAction\",\"target\":[\"https:\\\/\\\/jumeaux91.fr\\\/blog\\\/france-un-nouvel-arbre-plante-en-memoire-dilan-halimi-a-sainte-genevieve-des-bois\\\/\"]}]},{\"@type\":\"ImageObject\",\"inLanguage\":\"fr-FR\",\"@id\":\"https:\\\/\\\/jumeaux91.fr\\\/blog\\\/france-un-nouvel-arbre-plante-en-memoire-dilan-halimi-a-sainte-genevieve-des-bois\\\/#primaryimage\",\"url\":\"https:\\\/\\\/jumeaux91.fr\\\/blog\\\/wp-content\\\/uploads\\\/2025\\\/09\\\/france-un-nouvel-arbre-plante-en-memoire-dilan-halimi-a-sainte-genevieve-des-bois.jpg\",\"contentUrl\":\"https:\\\/\\\/jumeaux91.fr\\\/blog\\\/wp-content\\\/uploads\\\/2025\\\/09\\\/france-un-nouvel-arbre-plante-en-memoire-dilan-halimi-a-sainte-genevieve-des-bois.jpg\",\"width\":1024,\"height\":682,\"caption\":\"France : Un nouvel arbre plant\u00e9 en m\u00e9moire d\u2019Ilan Halimi \u00e0 Sainte Genevi\u00e8ve des Bois\"},{\"@type\":\"BreadcrumbList\",\"@id\":\"https:\\\/\\\/jumeaux91.fr\\\/blog\\\/france-un-nouvel-arbre-plante-en-memoire-dilan-halimi-a-sainte-genevieve-des-bois\\\/#breadcrumb\",\"itemListElement\":[{\"@type\":\"ListItem\",\"position\":1,\"name\":\"Accueil\",\"item\":\"https:\\\/\\\/jumeaux91.fr\\\/blog\\\/\"},{\"@type\":\"ListItem\",\"position\":2,\"name\":\"France : Un nouvel arbre plant\u00e9 en m\u00e9moire d\u2019Ilan Halimi \u00e0 Sainte-Genevi\u00e8ve-des-Bois\"}]},{\"@type\":\"WebSite\",\"@id\":\"https:\\\/\\\/jumeaux91.fr\\\/blog\\\/#website\",\"url\":\"https:\\\/\\\/jumeaux91.fr\\\/blog\\\/\",\"name\":\"JUMEAUX91\",\"description\":\"Fr\u00e8res jumeaux de l&#039;Essonnes; informations et archives, \u00e0 savoir et retenir.\",\"publisher\":{\"@id\":\"https:\\\/\\\/jumeaux91.fr\\\/blog\\\/#organization\"},\"potentialAction\":[{\"@type\":\"SearchAction\",\"target\":{\"@type\":\"EntryPoint\",\"urlTemplate\":\"https:\\\/\\\/jumeaux91.fr\\\/blog\\\/?s={search_term_string}\"},\"query-input\":{\"@type\":\"PropertyValueSpecification\",\"valueRequired\":true,\"valueName\":\"search_term_string\"}}],\"inLanguage\":\"fr-FR\"},{\"@type\":\"Organization\",\"@id\":\"https:\\\/\\\/jumeaux91.fr\\\/blog\\\/#organization\",\"name\":\"jumeaux91\",\"url\":\"https:\\\/\\\/jumeaux91.fr\\\/blog\\\/\",\"logo\":{\"@type\":\"ImageObject\",\"inLanguage\":\"fr-FR\",\"@id\":\"https:\\\/\\\/jumeaux91.fr\\\/blog\\\/#\\\/schema\\\/logo\\\/image\\\/\",\"url\":\"https:\\\/\\\/jumeaux91.fr\\\/blog\\\/wp-content\\\/uploads\\\/2023\\\/05\\\/cropped-cropped-logoJ_91.png\",\"contentUrl\":\"https:\\\/\\\/jumeaux91.fr\\\/blog\\\/wp-content\\\/uploads\\\/2023\\\/05\\\/cropped-cropped-logoJ_91.png\",\"width\":512,\"height\":512,\"caption\":\"jumeaux91\"},\"image\":{\"@id\":\"https:\\\/\\\/jumeaux91.fr\\\/blog\\\/#\\\/schema\\\/logo\\\/image\\\/\"}},{\"@type\":\"Person\",\"@id\":\"https:\\\/\\\/jumeaux91.fr\\\/blog\\\/#\\\/schema\\\/person\\\/21da06e9f119b9f64e5d45dbbd32d3fb\",\"name\":\"Claude DAYRES\",\"image\":{\"@type\":\"ImageObject\",\"inLanguage\":\"fr-FR\",\"@id\":\"https:\\\/\\\/secure.gravatar.com\\\/avatar\\\/82eb951df6110a2c48d1bfa7a67d1ee6f0cd5df3cbf9c3586dd61e82db7172a5?s=96&d=mm&r=g\",\"url\":\"https:\\\/\\\/secure.gravatar.com\\\/avatar\\\/82eb951df6110a2c48d1bfa7a67d1ee6f0cd5df3cbf9c3586dd61e82db7172a5?s=96&d=mm&r=g\",\"contentUrl\":\"https:\\\/\\\/secure.gravatar.com\\\/avatar\\\/82eb951df6110a2c48d1bfa7a67d1ee6f0cd5df3cbf9c3586dd61e82db7172a5?s=96&d=mm&r=g\",\"caption\":\"Claude DAYRES\"},\"url\":\"https:\\\/\\\/jumeaux91.fr\\\/blog\\\/author\\\/x91claude\\\/\"}]}<\/script>\n<!-- \/ Yoast SEO plugin. -->","yoast_head_json":{"title":"France : Un nouvel arbre plant\u00e9 en m\u00e9moire d\u2019Ilan Halimi \u00e0 Sainte-Genevi\u00e8ve-des-Bois - JUMEAUX91","robots":{"index":"index","follow":"follow","max-snippet":"max-snippet:-1","max-image-preview":"max-image-preview:large","max-video-preview":"max-video-preview:-1"},"canonical":"https:\/\/jumeaux91.fr\/blog\/france-un-nouvel-arbre-plante-en-memoire-dilan-halimi-a-sainte-genevieve-des-bois\/","og_locale":"fr_FR","og_type":"article","og_title":"France : Un nouvel arbre plant\u00e9 en m\u00e9moire d\u2019Ilan Halimi \u00e0 Sainte-Genevi\u00e8ve-des-Bois - JUMEAUX91","og_description":"Articles recommand\u00e9s &#8211; Un liquidambar a \u00e9t\u00e9 plant\u00e9 mardi au lyc\u00e9e Albert Einstein de Sainte-Genevi\u00e8ve-des-Bois (Essonne) en m\u00e9moire d\u2019Ilan Halimi, victime d\u2019un crime antis\u00e9mite en 2006. La c\u00e9r\u00e9monie, pr\u00e9sid\u00e9e par la ministre de la Lutte contre les discriminations Aurore Berg\u00e9, intervient quelques semaines apr\u00e8s la destruction d\u2019un arbre comm\u00e9moratif \u00e0 \u00c9pinay-sur-Seine. \u00ab La m\u00e9moire, elle,&hellip; Poursuivre la lecture France : Un nouvel arbre plant\u00e9 en m\u00e9moire d\u2019Ilan Halimi \u00e0 Sainte-Genevi\u00e8ve-des-Bois","og_url":"https:\/\/jumeaux91.fr\/blog\/france-un-nouvel-arbre-plante-en-memoire-dilan-halimi-a-sainte-genevieve-des-bois\/","og_site_name":"JUMEAUX91","article_published_time":"2025-09-02T09:53:00+00:00","og_image":[{"url":"https:\/\/jumeaux91.fr\/blog\/wp-content\/uploads\/2025\/09\/france-un-nouvel-arbre-plante-en-memoire-dilan-halimi-a-sainte-genevieve-des-bois.jpg","type":"","width":"","height":""}],"author":"Claude DAYRES","twitter_card":"summary_large_image","twitter_misc":{"\u00c9crit par":"Claude DAYRES","Dur\u00e9e de lecture estim\u00e9e":"2 minutes"},"schema":{"@context":"https:\/\/schema.org","@graph":[{"@type":"Article","@id":"https:\/\/jumeaux91.fr\/blog\/france-un-nouvel-arbre-plante-en-memoire-dilan-halimi-a-sainte-genevieve-des-bois\/#article","isPartOf":{"@id":"https:\/\/jumeaux91.fr\/blog\/france-un-nouvel-arbre-plante-en-memoire-dilan-halimi-a-sainte-genevieve-des-bois\/"},"author":{"name":"Claude DAYRES","@id":"https:\/\/jumeaux91.fr\/blog\/#\/schema\/person\/21da06e9f119b9f64e5d45dbbd32d3fb"},"headline":"France : Un nouvel arbre plant\u00e9 en m\u00e9moire d\u2019Ilan Halimi \u00e0 Sainte-Genevi\u00e8ve-des-Bois","datePublished":"2025-09-02T09:53:00+00:00","mainEntityOfPage":{"@id":"https:\/\/jumeaux91.fr\/blog\/france-un-nouvel-arbre-plante-en-memoire-dilan-halimi-a-sainte-genevieve-des-bois\/"},"wordCount":446,"publisher":{"@id":"https:\/\/jumeaux91.fr\/blog\/#organization"},"image":{"@id":"https:\/\/jumeaux91.fr\/blog\/france-un-nouvel-arbre-plante-en-memoire-dilan-halimi-a-sainte-genevieve-des-bois\/#primaryimage"},"thumbnailUrl":"https:\/\/jumeaux91.fr\/blog\/wp-content\/uploads\/2025\/09\/france-un-nouvel-arbre-plante-en-memoire-dilan-halimi-a-sainte-genevieve-des-bois.jpg","articleSection":["Posts Fr\u00e8res Jumeaux De L'Essonnes:"],"inLanguage":"fr-FR"},{"@type":"WebPage","@id":"https:\/\/jumeaux91.fr\/blog\/france-un-nouvel-arbre-plante-en-memoire-dilan-halimi-a-sainte-genevieve-des-bois\/","url":"https:\/\/jumeaux91.fr\/blog\/france-un-nouvel-arbre-plante-en-memoire-dilan-halimi-a-sainte-genevieve-des-bois\/","name":"France : Un nouvel arbre plant\u00e9 en m\u00e9moire d\u2019Ilan Halimi \u00e0 Sainte-Genevi\u00e8ve-des-Bois - JUMEAUX91","isPartOf":{"@id":"https:\/\/jumeaux91.fr\/blog\/#website"},"primaryImageOfPage":{"@id":"https:\/\/jumeaux91.fr\/blog\/france-un-nouvel-arbre-plante-en-memoire-dilan-halimi-a-sainte-genevieve-des-bois\/#primaryimage"},"image":{"@id":"https:\/\/jumeaux91.fr\/blog\/france-un-nouvel-arbre-plante-en-memoire-dilan-halimi-a-sainte-genevieve-des-bois\/#primaryimage"},"thumbnailUrl":"https:\/\/jumeaux91.fr\/blog\/wp-content\/uploads\/2025\/09\/france-un-nouvel-arbre-plante-en-memoire-dilan-halimi-a-sainte-genevieve-des-bois.jpg","datePublished":"2025-09-02T09:53:00+00:00","breadcrumb":{"@id":"https:\/\/jumeaux91.fr\/blog\/france-un-nouvel-arbre-plante-en-memoire-dilan-halimi-a-sainte-genevieve-des-bois\/#breadcrumb"},"inLanguage":"fr-FR","potentialAction":[{"@type":"ReadAction","target":["https:\/\/jumeaux91.fr\/blog\/france-un-nouvel-arbre-plante-en-memoire-dilan-halimi-a-sainte-genevieve-des-bois\/"]}]},{"@type":"ImageObject","inLanguage":"fr-FR","@id":"https:\/\/jumeaux91.fr\/blog\/france-un-nouvel-arbre-plante-en-memoire-dilan-halimi-a-sainte-genevieve-des-bois\/#primaryimage","url":"https:\/\/jumeaux91.fr\/blog\/wp-content\/uploads\/2025\/09\/france-un-nouvel-arbre-plante-en-memoire-dilan-halimi-a-sainte-genevieve-des-bois.jpg","contentUrl":"https:\/\/jumeaux91.fr\/blog\/wp-content\/uploads\/2025\/09\/france-un-nouvel-arbre-plante-en-memoire-dilan-halimi-a-sainte-genevieve-des-bois.jpg","width":1024,"height":682,"caption":"France : Un nouvel arbre plant\u00e9 en m\u00e9moire d\u2019Ilan Halimi \u00e0 Sainte Genevi\u00e8ve des Bois"},{"@type":"BreadcrumbList","@id":"https:\/\/jumeaux91.fr\/blog\/france-un-nouvel-arbre-plante-en-memoire-dilan-halimi-a-sainte-genevieve-des-bois\/#breadcrumb","itemListElement":[{"@type":"ListItem","position":1,"name":"Accueil","item":"https:\/\/jumeaux91.fr\/blog\/"},{"@type":"ListItem","position":2,"name":"France : Un nouvel arbre plant\u00e9 en m\u00e9moire d\u2019Ilan Halimi \u00e0 Sainte-Genevi\u00e8ve-des-Bois"}]},{"@type":"WebSite","@id":"https:\/\/jumeaux91.fr\/blog\/#website","url":"https:\/\/jumeaux91.fr\/blog\/","name":"JUMEAUX91","description":"Fr\u00e8res jumeaux de l&#039;Essonnes; informations et archives, \u00e0 savoir et retenir.","publisher":{"@id":"https:\/\/jumeaux91.fr\/blog\/#organization"},"potentialAction":[{"@type":"SearchAction","target":{"@type":"EntryPoint","urlTemplate":"https:\/\/jumeaux91.fr\/blog\/?s={search_term_string}"},"query-input":{"@type":"PropertyValueSpecification","valueRequired":true,"valueName":"search_term_string"}}],"inLanguage":"fr-FR"},{"@type":"Organization","@id":"https:\/\/jumeaux91.fr\/blog\/#organization","name":"jumeaux91","url":"https:\/\/jumeaux91.fr\/blog\/","logo":{"@type":"ImageObject","inLanguage":"fr-FR","@id":"https:\/\/jumeaux91.fr\/blog\/#\/schema\/logo\/image\/","url":"https:\/\/jumeaux91.fr\/blog\/wp-content\/uploads\/2023\/05\/cropped-cropped-logoJ_91.png","contentUrl":"https:\/\/jumeaux91.fr\/blog\/wp-content\/uploads\/2023\/05\/cropped-cropped-logoJ_91.png","width":512,"height":512,"caption":"jumeaux91"},"image":{"@id":"https:\/\/jumeaux91.fr\/blog\/#\/schema\/logo\/image\/"}},{"@type":"Person","@id":"https:\/\/jumeaux91.fr\/blog\/#\/schema\/person\/21da06e9f119b9f64e5d45dbbd32d3fb","name":"Claude DAYRES","image":{"@type":"ImageObject","inLanguage":"fr-FR","@id":"https:\/\/secure.gravatar.com\/avatar\/82eb951df6110a2c48d1bfa7a67d1ee6f0cd5df3cbf9c3586dd61e82db7172a5?s=96&d=mm&r=g","url":"https:\/\/secure.gravatar.com\/avatar\/82eb951df6110a2c48d1bfa7a67d1ee6f0cd5df3cbf9c3586dd61e82db7172a5?s=96&d=mm&r=g","contentUrl":"https:\/\/secure.gravatar.com\/avatar\/82eb951df6110a2c48d1bfa7a67d1ee6f0cd5df3cbf9c3586dd61e82db7172a5?s=96&d=mm&r=g","caption":"Claude DAYRES"},"url":"https:\/\/jumeaux91.fr\/blog\/author\/x91claude\/"}]}},"_links":{"self":[{"href":"https:\/\/jumeaux91.fr\/blog\/wp-json\/wp\/v2\/posts\/1644","targetHints":{"allow":["GET"]}}],"collection":[{"href":"https:\/\/jumeaux91.fr\/blog\/wp-json\/wp\/v2\/posts"}],"about":[{"href":"https:\/\/jumeaux91.fr\/blog\/wp-json\/wp\/v2\/types\/post"}],"author":[{"embeddable":true,"href":"https:\/\/jumeaux91.fr\/blog\/wp-json\/wp\/v2\/users\/2"}],"replies":[{"embeddable":true,"href":"https:\/\/jumeaux91.fr\/blog\/wp-json\/wp\/v2\/comments?post=1644"}],"version-history":[{"count":0,"href":"https:\/\/jumeaux91.fr\/blog\/wp-json\/wp\/v2\/posts\/1644\/revisions"}],"wp:featuredmedia":[{"embeddable":true,"href":"https:\/\/jumeaux91.fr\/blog\/wp-json\/wp\/v2\/media\/1645"}],"wp:attachment":[{"href":"https:\/\/jumeaux91.fr\/blog\/wp-json\/wp\/v2\/media?parent=1644"}],"wp:term":[{"taxonomy":"category","embeddable":true,"href":"https:\/\/jumeaux91.fr\/blog\/wp-json\/wp\/v2\/categories?post=1644"},{"taxonomy":"post_tag","embeddable":true,"href":"https:\/\/jumeaux91.fr\/blog\/wp-json\/wp\/v2\/tags?post=1644"}],"curies":[{"name":"wp","href":"https:\/\/api.w.org\/{rel}","templated":true}]}}