{"id":1646,"date":"2025-09-02T10:48:00","date_gmt":"2025-09-02T08:48:00","guid":{"rendered":"https:\/\/jumeaux91.fr\/blog\/essonne-ilan-halimi-un-nouvel-arbre-plante-en-sa-memoire-la-ou-il-avait-ete-retrouve-agonisant\/"},"modified":"2025-09-02T10:48:00","modified_gmt":"2025-09-02T08:48:00","slug":"essonne-ilan-halimi-un-nouvel-arbre-plante-en-sa-memoire-la-ou-il-avait-ete-retrouve-agonisant","status":"publish","type":"post","link":"https:\/\/jumeaux91.fr\/blog\/essonne-ilan-halimi-un-nouvel-arbre-plante-en-sa-memoire-la-ou-il-avait-ete-retrouve-agonisant\/","title":{"rendered":"Essonne Ilan Halimi : un nouvel arbre plant\u00e9 en sa m\u00e9moire, l\u00e0 o\u00f9 il avait \u00e9t\u00e9 retrouv\u00e9 agonisant"},"content":{"rendered":"<div><img decoding=\"async\" src=\"https:\/\/jumeaux91.fr\/blog\/wp-content\/uploads\/2025\/09\/essonne-ilan-halimi-un-nouvel-arbre-plante-en-sa-memoire-la-ou-il-avait-ete-retrouve-agonisant.jpg\" class=\"ff-og-image-inserted\"><\/div>\n<div>\n<p>La ministre charg\u00e9e de la Lutte contre les discriminations <a href=\"https:\/\/www.ledauphine.com\/p\/aurore-berge-femme-politique-francaise\" target=\"_blank\" rel=\"nofollow\">Aurore Berg\u00e9<\/a> a plant\u00e9 ce mardi \u00e0 Sainte-Genevi\u00e8ve-des-Bois (Essonne) un arbre \u00e0 la m\u00e9moire d&rsquo;Ilan Halimi, quelques semaines apr\u00e8s <a href=\"https:\/\/www.ledauphine.com\/faits-divers-justice\/2025\/08\/28\/les-deux-freres-soupconnes-d-avoir-abattu-l-arbre-hommage-a-ilan-halimi-seront-juges-en-octobre\" target=\"_blank\" rel=\"nofollow\">l&rsquo;abattage d&rsquo;un olivier rendant hommage au jeune homme<\/a> victime d&rsquo;un crime antis\u00e9mite en 2006.<\/p>\n<p>C&rsquo;est dans cette commune qu&rsquo;Ilan Halimi avait \u00e9t\u00e9 retrouv\u00e9 le 13 f\u00e9vrier 2006 agonisant apr\u00e8s avoir \u00e9t\u00e9 tortur\u00e9, au bord d&rsquo;une voie ferr\u00e9e, avant de mourir lors de son transfert \u00e0 l&rsquo;h\u00f4pital. \u00ab On a vu r\u00e9guli\u00e8rement que des plaques comm\u00e9moratives ou des arbres d&rsquo;hommage, ont \u00e9t\u00e9 ab\u00eem\u00e9s, tron\u00e7onn\u00e9s \u00bb, a rappel\u00e9 Aurore Berg\u00e9. \u00ab La m\u00e9moire, elle, ne doit pas se d\u00e9raciner \u00bb, a-t-elle martel\u00e9.&nbsp;<\/p>\n<\/div>\n<div id>\n<div class=\"consentModule_text\">\n<p>Ce contenu est bloqu\u00e9 car vous n&rsquo;avez pas accept\u00e9 les cookies et autres traceurs.<\/p>\n<p>En cliquant sur <span class=\"bold\">\u00ab J\u2019accepte \u00bb<\/span>, les cookies et autres traceurs seront d\u00e9pos\u00e9s et vous pourrez visualiser les contenus <span class=\"consentModule_purpose\"><\/span> (<a href=\"https:\/\/www.ledauphine.com\/faits-divers-justice\/2025\/09\/02\/ilan-halimi-un-nouvel-arbre-plante-en-sa-memoire-la-ou-il-avait-ete-retrouve-agonisant\" class=\"consentModule_policy\" target=\"_blank\" title=\"Consulter la politique de protection des donn\u00e9es du fournisseur\" rel=\"nofollow\">plus d&rsquo;informations<\/a>).<\/p>\n<p>En cliquant sur <span class=\"bold\">\u00ab J\u2019accepte tous les cookies \u00bb<\/span>, vous autorisez des d\u00e9p\u00f4ts de cookies et autres traceurs pour le stockage de vos donn\u00e9es sur nos sites et applications \u00e0 des fins de personnalisation et de ciblage publicitaire.<\/p>\n<p class=\"consentModule_secondaryText\">Vous gardez la possibilit\u00e9 de retirer votre consentement \u00e0 tout moment en consultant notre <a href=\"https:\/\/www.ledauphine.com\/protection-des-donnees\" target=\"_blank\" title=\"Consulter notre politique de protection des donn\u00e9es\" rel=\"nofollow\">politique de protection des donn\u00e9es<\/a>. <br \/><a href=\"Didomi.notice.show()\" class=\"consentModule_cmp\" target=\"_blank\" rel=\"nofollow\">G\u00e9rer mes choix<\/a> <\/p>\n<p> <button class=\"acceptConsent\" id title=\"J'accepte\">J&rsquo;accepte<\/button> <button class=\"acceptAllConsent\" id title=\"J'accepte tous les cookies\">J&rsquo;accepte tous les cookies<\/button> <\/p>\n<\/p><\/div>\n<\/div>\n<div>\n<h2>De nouveaux arbres vont \u00eatre plant\u00e9s<\/h2>\n<p>Dans la nuit du 13 au 14 ao\u00fbt, un olivier en m\u00e9moire d&rsquo;Ilan Halimi a \u00e9t\u00e9 abattu \u00e0 \u00c9pinay-sur-Seine, en Seine-Saint-Denis. Deux fr\u00e8res jumeaux de 19 ans soup\u00e7onn\u00e9s de la destruction de l&rsquo;arbre ont \u00e9t\u00e9 plac\u00e9s en d\u00e9tention provisoire et doivent \u00eatre jug\u00e9s en octobre.<\/p>\n<p>L&rsquo;arbre mis en terre mardi, un liquidambar, a \u00e9t\u00e9 plant\u00e9 au lyc\u00e9e Albert-Einstein de Sainte-Genevi\u00e8ve-des-Bois, une ville situ\u00e9e \u00e0 une vingtaine de kilom\u00e8tres au sud de Paris. Aurore Berg\u00e9 s&rsquo;est d\u00e9plac\u00e9e dans l&rsquo;Essonne pour y lancer la nouvelle \u00e9dition du prix Ilan Halimi qui r\u00e9compense chaque ann\u00e9e depuis 2018 \u00ab des projets port\u00e9s par des groupes de jeunes de 13 ans \u00e0 25 ans \u00bb visant \u00ab \u00e0 lutter contre tous les pr\u00e9jug\u00e9s racistes et antis\u00e9mites \u00bb.<\/p>\n<\/div>\n<div>\n<p>La pr\u00e9sidente de la r\u00e9gion Ile-de-France Val\u00e9rie P\u00e9cresse, \u00e9galement pr\u00e9sente, a annonc\u00e9 que de nouveaux arbres m\u00e9moriels seraient plant\u00e9s au si\u00e8ge du conseil r\u00e9gional \u00e0 Saint-Ouen (Seine-Saint-Denis) et \u00e0 \u00c9pinay-sur-Seine par des \u00e9l\u00e8ves du lyc\u00e9e Feyder.<\/p>\n<\/div>\n<p>La chronique se veut g\u00e9n\u00e9r\u00e9e de la fa\u00e7on la plus claire que possible. Dans le cas o\u00f9 vous souhaitez pr\u00e9senter des renseignements compl\u00e9mentaires \u00e0 cet article sur le sujet \u00ab\u00a0Fr\u00e8res jumeaux de l&rsquo;Essonnes\u00a0\u00bb il vous est possible d\u2019\u00e9crire aux contacts indiqu\u00e9s sur notre website. La raison d\u2019\u00eatre de jumeaux91.fr \u00e9tant de rassembler sur le web des posts sur le sujet de Fr\u00e8res jumeaux de l&rsquo;Essonnes puis les diffuser en r\u00e9pondant au mieux aux interrogations des gens. Vous pouvez tirer profit de cet article traitant le sujet \u00ab\u00a0Fr\u00e8res jumeaux de l&rsquo;Essonnes\u00a0\u00bb. Il est concoct\u00e9 par l\u2019\u00e9quipe jumeaux91.fr. Prochainement, nous rendrons accessibles au public d&rsquo;autres informations pertinentes sur le sujet \u00ab\u00a0Fr\u00e8res jumeaux de l&rsquo;Essonnes\u00a0\u00bb. Alors, consultez syst\u00e9matiquement notre blog.<\/p>\n","protected":false},"excerpt":{"rendered":"<p>La ministre charg\u00e9e de la Lutte contre les discriminations Aurore Berg\u00e9 a plant\u00e9 ce mardi \u00e0 Sainte-Genevi\u00e8ve-des-Bois (Essonne) un arbre \u00e0 la m\u00e9moire d&rsquo;Ilan Halimi, quelques semaines apr\u00e8s l&rsquo;abattage d&rsquo;un olivier rendant hommage au jeune homme victime d&rsquo;un crime antis\u00e9mite en 2006. C&rsquo;est dans cette commune qu&rsquo;Ilan Halimi avait \u00e9t\u00e9 retrouv\u00e9 le 13 f\u00e9vrier 2006&hellip; <a class=\"more-link\" href=\"https:\/\/jumeaux91.fr\/blog\/essonne-ilan-halimi-un-nouvel-arbre-plante-en-sa-memoire-la-ou-il-avait-ete-retrouve-agonisant\/\">Poursuivre la lecture <span class=\"screen-reader-text\">Essonne Ilan Halimi : un nouvel arbre plant\u00e9 en sa m\u00e9moire, l\u00e0 o\u00f9 il avait \u00e9t\u00e9 retrouv\u00e9 agonisant<\/span><\/a><\/p>\n","protected":false},"author":2,"featured_media":1647,"comment_status":"closed","ping_status":"closed","sticky":false,"template":"","format":"standard","meta":{"footnotes":""},"categories":[4],"tags":[],"class_list":["post-1646","post","type-post","status-publish","format-standard","has-post-thumbnail","hentry","category-posts-freres-jumeaux-de-lessonnes","entry"],"yoast_head":"<!-- This site is optimized with the Yoast SEO plugin v27.5 - https:\/\/yoast.com\/product\/yoast-seo-wordpress\/ -->\n<title>Essonne Ilan Halimi : un nouvel arbre plant\u00e9 en sa m\u00e9moire, l\u00e0 o\u00f9 il avait \u00e9t\u00e9 retrouv\u00e9 agonisant - JUMEAUX91<\/title>\n<meta name=\"robots\" content=\"index, follow, max-snippet:-1, max-image-preview:large, max-video-preview:-1\" \/>\n<link rel=\"canonical\" href=\"https:\/\/jumeaux91.fr\/blog\/essonne-ilan-halimi-un-nouvel-arbre-plante-en-sa-memoire-la-ou-il-avait-ete-retrouve-agonisant\/\" \/>\n<meta property=\"og:locale\" content=\"fr_FR\" \/>\n<meta property=\"og:type\" content=\"article\" \/>\n<meta property=\"og:title\" content=\"Essonne Ilan Halimi : un nouvel arbre plant\u00e9 en sa m\u00e9moire, l\u00e0 o\u00f9 il avait \u00e9t\u00e9 retrouv\u00e9 agonisant - JUMEAUX91\" \/>\n<meta property=\"og:description\" content=\"La ministre charg\u00e9e de la Lutte contre les discriminations Aurore Berg\u00e9 a plant\u00e9 ce mardi \u00e0 Sainte-Genevi\u00e8ve-des-Bois (Essonne) un arbre \u00e0 la m\u00e9moire d&rsquo;Ilan Halimi, quelques semaines apr\u00e8s l&rsquo;abattage d&rsquo;un olivier rendant hommage au jeune homme victime d&rsquo;un crime antis\u00e9mite en 2006. C&rsquo;est dans cette commune qu&rsquo;Ilan Halimi avait \u00e9t\u00e9 retrouv\u00e9 le 13 f\u00e9vrier 2006&hellip; Poursuivre la lecture Essonne Ilan Halimi : un nouvel arbre plant\u00e9 en sa m\u00e9moire, l\u00e0 o\u00f9 il avait \u00e9t\u00e9 retrouv\u00e9 agonisant\" \/>\n<meta property=\"og:url\" content=\"https:\/\/jumeaux91.fr\/blog\/essonne-ilan-halimi-un-nouvel-arbre-plante-en-sa-memoire-la-ou-il-avait-ete-retrouve-agonisant\/\" \/>\n<meta property=\"og:site_name\" content=\"JUMEAUX91\" \/>\n<meta property=\"article:published_time\" content=\"2025-09-02T08:48:00+00:00\" \/>\n<meta property=\"og:image\" content=\"https:\/\/jumeaux91.fr\/blog\/wp-content\/uploads\/2025\/09\/essonne-ilan-halimi-un-nouvel-arbre-plante-en-sa-memoire-la-ou-il-avait-ete-retrouve-agonisant.jpg\" \/>\n<meta name=\"author\" content=\"Claude DAYRES\" \/>\n<meta name=\"twitter:card\" content=\"summary_large_image\" \/>\n<meta name=\"twitter:label1\" content=\"\u00c9crit par\" \/>\n\t<meta name=\"twitter:data1\" content=\"Claude DAYRES\" \/>\n\t<meta name=\"twitter:label2\" content=\"Dur\u00e9e de lecture estim\u00e9e\" \/>\n\t<meta name=\"twitter:data2\" content=\"3 minutes\" \/>\n<script type=\"application\/ld+json\" class=\"yoast-schema-graph\">{\"@context\":\"https:\\\/\\\/schema.org\",\"@graph\":[{\"@type\":\"Article\",\"@id\":\"https:\\\/\\\/jumeaux91.fr\\\/blog\\\/essonne-ilan-halimi-un-nouvel-arbre-plante-en-sa-memoire-la-ou-il-avait-ete-retrouve-agonisant\\\/#article\",\"isPartOf\":{\"@id\":\"https:\\\/\\\/jumeaux91.fr\\\/blog\\\/essonne-ilan-halimi-un-nouvel-arbre-plante-en-sa-memoire-la-ou-il-avait-ete-retrouve-agonisant\\\/\"},\"author\":{\"name\":\"Claude DAYRES\",\"@id\":\"https:\\\/\\\/jumeaux91.fr\\\/blog\\\/#\\\/schema\\\/person\\\/21da06e9f119b9f64e5d45dbbd32d3fb\"},\"headline\":\"Essonne Ilan Halimi : un nouvel arbre plant\u00e9 en sa m\u00e9moire, l\u00e0 o\u00f9 il avait \u00e9t\u00e9 retrouv\u00e9 agonisant\",\"datePublished\":\"2025-09-02T08:48:00+00:00\",\"mainEntityOfPage\":{\"@id\":\"https:\\\/\\\/jumeaux91.fr\\\/blog\\\/essonne-ilan-halimi-un-nouvel-arbre-plante-en-sa-memoire-la-ou-il-avait-ete-retrouve-agonisant\\\/\"},\"wordCount\":575,\"publisher\":{\"@id\":\"https:\\\/\\\/jumeaux91.fr\\\/blog\\\/#organization\"},\"image\":{\"@id\":\"https:\\\/\\\/jumeaux91.fr\\\/blog\\\/essonne-ilan-halimi-un-nouvel-arbre-plante-en-sa-memoire-la-ou-il-avait-ete-retrouve-agonisant\\\/#primaryimage\"},\"thumbnailUrl\":\"https:\\\/\\\/jumeaux91.fr\\\/blog\\\/wp-content\\\/uploads\\\/2025\\\/09\\\/essonne-ilan-halimi-un-nouvel-arbre-plante-en-sa-memoire-la-ou-il-avait-ete-retrouve-agonisant.jpg\",\"articleSection\":[\"Posts Fr\u00e8res Jumeaux De L'Essonnes:\"],\"inLanguage\":\"fr-FR\"},{\"@type\":\"WebPage\",\"@id\":\"https:\\\/\\\/jumeaux91.fr\\\/blog\\\/essonne-ilan-halimi-un-nouvel-arbre-plante-en-sa-memoire-la-ou-il-avait-ete-retrouve-agonisant\\\/\",\"url\":\"https:\\\/\\\/jumeaux91.fr\\\/blog\\\/essonne-ilan-halimi-un-nouvel-arbre-plante-en-sa-memoire-la-ou-il-avait-ete-retrouve-agonisant\\\/\",\"name\":\"Essonne Ilan Halimi : un nouvel arbre plant\u00e9 en sa m\u00e9moire, l\u00e0 o\u00f9 il avait \u00e9t\u00e9 retrouv\u00e9 agonisant - JUMEAUX91\",\"isPartOf\":{\"@id\":\"https:\\\/\\\/jumeaux91.fr\\\/blog\\\/#website\"},\"primaryImageOfPage\":{\"@id\":\"https:\\\/\\\/jumeaux91.fr\\\/blog\\\/essonne-ilan-halimi-un-nouvel-arbre-plante-en-sa-memoire-la-ou-il-avait-ete-retrouve-agonisant\\\/#primaryimage\"},\"image\":{\"@id\":\"https:\\\/\\\/jumeaux91.fr\\\/blog\\\/essonne-ilan-halimi-un-nouvel-arbre-plante-en-sa-memoire-la-ou-il-avait-ete-retrouve-agonisant\\\/#primaryimage\"},\"thumbnailUrl\":\"https:\\\/\\\/jumeaux91.fr\\\/blog\\\/wp-content\\\/uploads\\\/2025\\\/09\\\/essonne-ilan-halimi-un-nouvel-arbre-plante-en-sa-memoire-la-ou-il-avait-ete-retrouve-agonisant.jpg\",\"datePublished\":\"2025-09-02T08:48:00+00:00\",\"breadcrumb\":{\"@id\":\"https:\\\/\\\/jumeaux91.fr\\\/blog\\\/essonne-ilan-halimi-un-nouvel-arbre-plante-en-sa-memoire-la-ou-il-avait-ete-retrouve-agonisant\\\/#breadcrumb\"},\"inLanguage\":\"fr-FR\",\"potentialAction\":[{\"@type\":\"ReadAction\",\"target\":[\"https:\\\/\\\/jumeaux91.fr\\\/blog\\\/essonne-ilan-halimi-un-nouvel-arbre-plante-en-sa-memoire-la-ou-il-avait-ete-retrouve-agonisant\\\/\"]}]},{\"@type\":\"ImageObject\",\"inLanguage\":\"fr-FR\",\"@id\":\"https:\\\/\\\/jumeaux91.fr\\\/blog\\\/essonne-ilan-halimi-un-nouvel-arbre-plante-en-sa-memoire-la-ou-il-avait-ete-retrouve-agonisant\\\/#primaryimage\",\"url\":\"https:\\\/\\\/jumeaux91.fr\\\/blog\\\/wp-content\\\/uploads\\\/2025\\\/09\\\/essonne-ilan-halimi-un-nouvel-arbre-plante-en-sa-memoire-la-ou-il-avait-ete-retrouve-agonisant.jpg\",\"contentUrl\":\"https:\\\/\\\/jumeaux91.fr\\\/blog\\\/wp-content\\\/uploads\\\/2025\\\/09\\\/essonne-ilan-halimi-un-nouvel-arbre-plante-en-sa-memoire-la-ou-il-avait-ete-retrouve-agonisant.jpg\",\"width\":1200,\"height\":630,\"caption\":\"Essonne Ilan Halimi : un nouvel arbre plant\u00e9 en sa m\u00e9moire, l\u00e0 o\u00f9 il avait \u00e9t\u00e9 retrouv\u00e9 agonisant\"},{\"@type\":\"BreadcrumbList\",\"@id\":\"https:\\\/\\\/jumeaux91.fr\\\/blog\\\/essonne-ilan-halimi-un-nouvel-arbre-plante-en-sa-memoire-la-ou-il-avait-ete-retrouve-agonisant\\\/#breadcrumb\",\"itemListElement\":[{\"@type\":\"ListItem\",\"position\":1,\"name\":\"Accueil\",\"item\":\"https:\\\/\\\/jumeaux91.fr\\\/blog\\\/\"},{\"@type\":\"ListItem\",\"position\":2,\"name\":\"Essonne Ilan Halimi : un nouvel arbre plant\u00e9 en sa m\u00e9moire, l\u00e0 o\u00f9 il avait \u00e9t\u00e9 retrouv\u00e9 agonisant\"}]},{\"@type\":\"WebSite\",\"@id\":\"https:\\\/\\\/jumeaux91.fr\\\/blog\\\/#website\",\"url\":\"https:\\\/\\\/jumeaux91.fr\\\/blog\\\/\",\"name\":\"JUMEAUX91\",\"description\":\"Fr\u00e8res jumeaux de l&#039;Essonnes; informations et archives, \u00e0 savoir et retenir.\",\"publisher\":{\"@id\":\"https:\\\/\\\/jumeaux91.fr\\\/blog\\\/#organization\"},\"potentialAction\":[{\"@type\":\"SearchAction\",\"target\":{\"@type\":\"EntryPoint\",\"urlTemplate\":\"https:\\\/\\\/jumeaux91.fr\\\/blog\\\/?s={search_term_string}\"},\"query-input\":{\"@type\":\"PropertyValueSpecification\",\"valueRequired\":true,\"valueName\":\"search_term_string\"}}],\"inLanguage\":\"fr-FR\"},{\"@type\":\"Organization\",\"@id\":\"https:\\\/\\\/jumeaux91.fr\\\/blog\\\/#organization\",\"name\":\"jumeaux91\",\"url\":\"https:\\\/\\\/jumeaux91.fr\\\/blog\\\/\",\"logo\":{\"@type\":\"ImageObject\",\"inLanguage\":\"fr-FR\",\"@id\":\"https:\\\/\\\/jumeaux91.fr\\\/blog\\\/#\\\/schema\\\/logo\\\/image\\\/\",\"url\":\"https:\\\/\\\/jumeaux91.fr\\\/blog\\\/wp-content\\\/uploads\\\/2023\\\/05\\\/cropped-cropped-logoJ_91.png\",\"contentUrl\":\"https:\\\/\\\/jumeaux91.fr\\\/blog\\\/wp-content\\\/uploads\\\/2023\\\/05\\\/cropped-cropped-logoJ_91.png\",\"width\":512,\"height\":512,\"caption\":\"jumeaux91\"},\"image\":{\"@id\":\"https:\\\/\\\/jumeaux91.fr\\\/blog\\\/#\\\/schema\\\/logo\\\/image\\\/\"}},{\"@type\":\"Person\",\"@id\":\"https:\\\/\\\/jumeaux91.fr\\\/blog\\\/#\\\/schema\\\/person\\\/21da06e9f119b9f64e5d45dbbd32d3fb\",\"name\":\"Claude DAYRES\",\"image\":{\"@type\":\"ImageObject\",\"inLanguage\":\"fr-FR\",\"@id\":\"https:\\\/\\\/secure.gravatar.com\\\/avatar\\\/82eb951df6110a2c48d1bfa7a67d1ee6f0cd5df3cbf9c3586dd61e82db7172a5?s=96&d=mm&r=g\",\"url\":\"https:\\\/\\\/secure.gravatar.com\\\/avatar\\\/82eb951df6110a2c48d1bfa7a67d1ee6f0cd5df3cbf9c3586dd61e82db7172a5?s=96&d=mm&r=g\",\"contentUrl\":\"https:\\\/\\\/secure.gravatar.com\\\/avatar\\\/82eb951df6110a2c48d1bfa7a67d1ee6f0cd5df3cbf9c3586dd61e82db7172a5?s=96&d=mm&r=g\",\"caption\":\"Claude DAYRES\"},\"url\":\"https:\\\/\\\/jumeaux91.fr\\\/blog\\\/author\\\/x91claude\\\/\"}]}<\/script>\n<!-- \/ Yoast SEO plugin. -->","yoast_head_json":{"title":"Essonne Ilan Halimi : un nouvel arbre plant\u00e9 en sa m\u00e9moire, l\u00e0 o\u00f9 il avait \u00e9t\u00e9 retrouv\u00e9 agonisant - JUMEAUX91","robots":{"index":"index","follow":"follow","max-snippet":"max-snippet:-1","max-image-preview":"max-image-preview:large","max-video-preview":"max-video-preview:-1"},"canonical":"https:\/\/jumeaux91.fr\/blog\/essonne-ilan-halimi-un-nouvel-arbre-plante-en-sa-memoire-la-ou-il-avait-ete-retrouve-agonisant\/","og_locale":"fr_FR","og_type":"article","og_title":"Essonne Ilan Halimi : un nouvel arbre plant\u00e9 en sa m\u00e9moire, l\u00e0 o\u00f9 il avait \u00e9t\u00e9 retrouv\u00e9 agonisant - JUMEAUX91","og_description":"La ministre charg\u00e9e de la Lutte contre les discriminations Aurore Berg\u00e9 a plant\u00e9 ce mardi \u00e0 Sainte-Genevi\u00e8ve-des-Bois (Essonne) un arbre \u00e0 la m\u00e9moire d&rsquo;Ilan Halimi, quelques semaines apr\u00e8s l&rsquo;abattage d&rsquo;un olivier rendant hommage au jeune homme victime d&rsquo;un crime antis\u00e9mite en 2006. C&rsquo;est dans cette commune qu&rsquo;Ilan Halimi avait \u00e9t\u00e9 retrouv\u00e9 le 13 f\u00e9vrier 2006&hellip; Poursuivre la lecture Essonne Ilan Halimi : un nouvel arbre plant\u00e9 en sa m\u00e9moire, l\u00e0 o\u00f9 il avait \u00e9t\u00e9 retrouv\u00e9 agonisant","og_url":"https:\/\/jumeaux91.fr\/blog\/essonne-ilan-halimi-un-nouvel-arbre-plante-en-sa-memoire-la-ou-il-avait-ete-retrouve-agonisant\/","og_site_name":"JUMEAUX91","article_published_time":"2025-09-02T08:48:00+00:00","og_image":[{"url":"https:\/\/jumeaux91.fr\/blog\/wp-content\/uploads\/2025\/09\/essonne-ilan-halimi-un-nouvel-arbre-plante-en-sa-memoire-la-ou-il-avait-ete-retrouve-agonisant.jpg","type":"","width":"","height":""}],"author":"Claude DAYRES","twitter_card":"summary_large_image","twitter_misc":{"\u00c9crit par":"Claude DAYRES","Dur\u00e9e de lecture estim\u00e9e":"3 minutes"},"schema":{"@context":"https:\/\/schema.org","@graph":[{"@type":"Article","@id":"https:\/\/jumeaux91.fr\/blog\/essonne-ilan-halimi-un-nouvel-arbre-plante-en-sa-memoire-la-ou-il-avait-ete-retrouve-agonisant\/#article","isPartOf":{"@id":"https:\/\/jumeaux91.fr\/blog\/essonne-ilan-halimi-un-nouvel-arbre-plante-en-sa-memoire-la-ou-il-avait-ete-retrouve-agonisant\/"},"author":{"name":"Claude DAYRES","@id":"https:\/\/jumeaux91.fr\/blog\/#\/schema\/person\/21da06e9f119b9f64e5d45dbbd32d3fb"},"headline":"Essonne Ilan Halimi : un nouvel arbre plant\u00e9 en sa m\u00e9moire, l\u00e0 o\u00f9 il avait \u00e9t\u00e9 retrouv\u00e9 agonisant","datePublished":"2025-09-02T08:48:00+00:00","mainEntityOfPage":{"@id":"https:\/\/jumeaux91.fr\/blog\/essonne-ilan-halimi-un-nouvel-arbre-plante-en-sa-memoire-la-ou-il-avait-ete-retrouve-agonisant\/"},"wordCount":575,"publisher":{"@id":"https:\/\/jumeaux91.fr\/blog\/#organization"},"image":{"@id":"https:\/\/jumeaux91.fr\/blog\/essonne-ilan-halimi-un-nouvel-arbre-plante-en-sa-memoire-la-ou-il-avait-ete-retrouve-agonisant\/#primaryimage"},"thumbnailUrl":"https:\/\/jumeaux91.fr\/blog\/wp-content\/uploads\/2025\/09\/essonne-ilan-halimi-un-nouvel-arbre-plante-en-sa-memoire-la-ou-il-avait-ete-retrouve-agonisant.jpg","articleSection":["Posts Fr\u00e8res Jumeaux De L'Essonnes:"],"inLanguage":"fr-FR"},{"@type":"WebPage","@id":"https:\/\/jumeaux91.fr\/blog\/essonne-ilan-halimi-un-nouvel-arbre-plante-en-sa-memoire-la-ou-il-avait-ete-retrouve-agonisant\/","url":"https:\/\/jumeaux91.fr\/blog\/essonne-ilan-halimi-un-nouvel-arbre-plante-en-sa-memoire-la-ou-il-avait-ete-retrouve-agonisant\/","name":"Essonne Ilan Halimi : un nouvel arbre plant\u00e9 en sa m\u00e9moire, l\u00e0 o\u00f9 il avait \u00e9t\u00e9 retrouv\u00e9 agonisant - JUMEAUX91","isPartOf":{"@id":"https:\/\/jumeaux91.fr\/blog\/#website"},"primaryImageOfPage":{"@id":"https:\/\/jumeaux91.fr\/blog\/essonne-ilan-halimi-un-nouvel-arbre-plante-en-sa-memoire-la-ou-il-avait-ete-retrouve-agonisant\/#primaryimage"},"image":{"@id":"https:\/\/jumeaux91.fr\/blog\/essonne-ilan-halimi-un-nouvel-arbre-plante-en-sa-memoire-la-ou-il-avait-ete-retrouve-agonisant\/#primaryimage"},"thumbnailUrl":"https:\/\/jumeaux91.fr\/blog\/wp-content\/uploads\/2025\/09\/essonne-ilan-halimi-un-nouvel-arbre-plante-en-sa-memoire-la-ou-il-avait-ete-retrouve-agonisant.jpg","datePublished":"2025-09-02T08:48:00+00:00","breadcrumb":{"@id":"https:\/\/jumeaux91.fr\/blog\/essonne-ilan-halimi-un-nouvel-arbre-plante-en-sa-memoire-la-ou-il-avait-ete-retrouve-agonisant\/#breadcrumb"},"inLanguage":"fr-FR","potentialAction":[{"@type":"ReadAction","target":["https:\/\/jumeaux91.fr\/blog\/essonne-ilan-halimi-un-nouvel-arbre-plante-en-sa-memoire-la-ou-il-avait-ete-retrouve-agonisant\/"]}]},{"@type":"ImageObject","inLanguage":"fr-FR","@id":"https:\/\/jumeaux91.fr\/blog\/essonne-ilan-halimi-un-nouvel-arbre-plante-en-sa-memoire-la-ou-il-avait-ete-retrouve-agonisant\/#primaryimage","url":"https:\/\/jumeaux91.fr\/blog\/wp-content\/uploads\/2025\/09\/essonne-ilan-halimi-un-nouvel-arbre-plante-en-sa-memoire-la-ou-il-avait-ete-retrouve-agonisant.jpg","contentUrl":"https:\/\/jumeaux91.fr\/blog\/wp-content\/uploads\/2025\/09\/essonne-ilan-halimi-un-nouvel-arbre-plante-en-sa-memoire-la-ou-il-avait-ete-retrouve-agonisant.jpg","width":1200,"height":630,"caption":"Essonne Ilan Halimi : un nouvel arbre plant\u00e9 en sa m\u00e9moire, l\u00e0 o\u00f9 il avait \u00e9t\u00e9 retrouv\u00e9 agonisant"},{"@type":"BreadcrumbList","@id":"https:\/\/jumeaux91.fr\/blog\/essonne-ilan-halimi-un-nouvel-arbre-plante-en-sa-memoire-la-ou-il-avait-ete-retrouve-agonisant\/#breadcrumb","itemListElement":[{"@type":"ListItem","position":1,"name":"Accueil","item":"https:\/\/jumeaux91.fr\/blog\/"},{"@type":"ListItem","position":2,"name":"Essonne Ilan Halimi : un nouvel arbre plant\u00e9 en sa m\u00e9moire, l\u00e0 o\u00f9 il avait \u00e9t\u00e9 retrouv\u00e9 agonisant"}]},{"@type":"WebSite","@id":"https:\/\/jumeaux91.fr\/blog\/#website","url":"https:\/\/jumeaux91.fr\/blog\/","name":"JUMEAUX91","description":"Fr\u00e8res jumeaux de l&#039;Essonnes; informations et archives, \u00e0 savoir et retenir.","publisher":{"@id":"https:\/\/jumeaux91.fr\/blog\/#organization"},"potentialAction":[{"@type":"SearchAction","target":{"@type":"EntryPoint","urlTemplate":"https:\/\/jumeaux91.fr\/blog\/?s={search_term_string}"},"query-input":{"@type":"PropertyValueSpecification","valueRequired":true,"valueName":"search_term_string"}}],"inLanguage":"fr-FR"},{"@type":"Organization","@id":"https:\/\/jumeaux91.fr\/blog\/#organization","name":"jumeaux91","url":"https:\/\/jumeaux91.fr\/blog\/","logo":{"@type":"ImageObject","inLanguage":"fr-FR","@id":"https:\/\/jumeaux91.fr\/blog\/#\/schema\/logo\/image\/","url":"https:\/\/jumeaux91.fr\/blog\/wp-content\/uploads\/2023\/05\/cropped-cropped-logoJ_91.png","contentUrl":"https:\/\/jumeaux91.fr\/blog\/wp-content\/uploads\/2023\/05\/cropped-cropped-logoJ_91.png","width":512,"height":512,"caption":"jumeaux91"},"image":{"@id":"https:\/\/jumeaux91.fr\/blog\/#\/schema\/logo\/image\/"}},{"@type":"Person","@id":"https:\/\/jumeaux91.fr\/blog\/#\/schema\/person\/21da06e9f119b9f64e5d45dbbd32d3fb","name":"Claude DAYRES","image":{"@type":"ImageObject","inLanguage":"fr-FR","@id":"https:\/\/secure.gravatar.com\/avatar\/82eb951df6110a2c48d1bfa7a67d1ee6f0cd5df3cbf9c3586dd61e82db7172a5?s=96&d=mm&r=g","url":"https:\/\/secure.gravatar.com\/avatar\/82eb951df6110a2c48d1bfa7a67d1ee6f0cd5df3cbf9c3586dd61e82db7172a5?s=96&d=mm&r=g","contentUrl":"https:\/\/secure.gravatar.com\/avatar\/82eb951df6110a2c48d1bfa7a67d1ee6f0cd5df3cbf9c3586dd61e82db7172a5?s=96&d=mm&r=g","caption":"Claude DAYRES"},"url":"https:\/\/jumeaux91.fr\/blog\/author\/x91claude\/"}]}},"_links":{"self":[{"href":"https:\/\/jumeaux91.fr\/blog\/wp-json\/wp\/v2\/posts\/1646","targetHints":{"allow":["GET"]}}],"collection":[{"href":"https:\/\/jumeaux91.fr\/blog\/wp-json\/wp\/v2\/posts"}],"about":[{"href":"https:\/\/jumeaux91.fr\/blog\/wp-json\/wp\/v2\/types\/post"}],"author":[{"embeddable":true,"href":"https:\/\/jumeaux91.fr\/blog\/wp-json\/wp\/v2\/users\/2"}],"replies":[{"embeddable":true,"href":"https:\/\/jumeaux91.fr\/blog\/wp-json\/wp\/v2\/comments?post=1646"}],"version-history":[{"count":0,"href":"https:\/\/jumeaux91.fr\/blog\/wp-json\/wp\/v2\/posts\/1646\/revisions"}],"wp:featuredmedia":[{"embeddable":true,"href":"https:\/\/jumeaux91.fr\/blog\/wp-json\/wp\/v2\/media\/1647"}],"wp:attachment":[{"href":"https:\/\/jumeaux91.fr\/blog\/wp-json\/wp\/v2\/media?parent=1646"}],"wp:term":[{"taxonomy":"category","embeddable":true,"href":"https:\/\/jumeaux91.fr\/blog\/wp-json\/wp\/v2\/categories?post=1646"},{"taxonomy":"post_tag","embeddable":true,"href":"https:\/\/jumeaux91.fr\/blog\/wp-json\/wp\/v2\/tags?post=1646"}],"curies":[{"name":"wp","href":"https:\/\/api.w.org\/{rel}","templated":true}]}}