{"id":1653,"date":"2025-09-04T11:42:00","date_gmt":"2025-09-04T09:42:00","guid":{"rendered":"https:\/\/jumeaux91.fr\/blog\/r1-le-bris-quand-le-football-se-transmet-de-generation-en-generation\/"},"modified":"2025-09-04T11:42:00","modified_gmt":"2025-09-04T09:42:00","slug":"r1-le-bris-quand-le-football-se-transmet-de-generation-en-generation","status":"publish","type":"post","link":"https:\/\/jumeaux91.fr\/blog\/r1-le-bris-quand-le-football-se-transmet-de-generation-en-generation\/","title":{"rendered":"R1 : Le Bris, quand le football se transmet de g\u00e9n\u00e9ration en g\u00e9n\u00e9ration"},"content":{"rendered":"<div><img decoding=\"async\" src=\"https:\/\/jumeaux91.fr\/blog\/wp-content\/uploads\/2025\/09\/r1-le-bris-quand-le-football-se-transmet-de-generation-en-generation.jpg\" class=\"ff-og-image-inserted\"><\/div>\n<div><span class=\"lettrine\">R1 (3e journ\u00e9e). AS Ginglin-Cesson &#8211; US Concarneau (B), dimanche (15&nbsp;h&nbsp;30)<\/span><\/p>\n<p>Dans la famille Le Bris, il y a les p\u00e8res, les fils et le saint-esprit du foot qui souffle depuis bient\u00f4t 50 ans. Si on ne pr\u00e9sente plus R\u00e9gis, l\u2019entra\u00eeneur de Sunderland (D1 anglaise), il reste \u00e0 rappeler quelques liens de parent\u00e9 chez les Le Bris.<\/p>\n<\/div>\n<div aria-hidden=\"true\">\n<p>R\u00e9gis Le Bris a deux fr\u00e8res. Beno\u00eet, le cadet, est papa de jumeaux de 22 ans&nbsp;: Arthur joue \u00e0 Breteil (R2), et Th\u00e9o a marqu\u00e9, en ao\u00fbt, le 4e but du FC Lorient contre Rennes (4-0). Le benjamin des fr\u00e8res de R\u00e9gis s\u2019appelle Bernard et il a quatre gar\u00e7ons qui jouent au foot&nbsp;: Leny (U12 \u00e0 l\u2019USC), Tim\u00e9o (U13 \u00e0 l\u2019USC), Aidan (U18 \u00e0 Pont l\u2019Abb\u00e9) et Amaury qui, \u00e0 21 ans, attaque sa troisi\u00e8me saison de R1 \u00e0 l\u2019US Concarneau, o\u00f9 il a \u00e9t\u00e9 frein\u00e9 par une douleur \u00e0 l\u2019aine le mettant sur la touche durant un an et demi.<\/p>\n<h2>\u00ab&nbsp;Je me suis donn\u00e9 encore un an&nbsp;\u00bb<\/h2>\n<\/div>\n<div aria-hidden=\"true\">\n<p>\u00ab&nbsp;On n\u2019a jamais su ce que c\u2019\u00e9tait.&nbsp;\u00bb Mais l\u2019ain\u00e9 des fils de Bernard est revenu plus fort en serrant les dents et il s\u2019est m\u00eame entra\u00een\u00e9 un mois, l\u2019an pass\u00e9, avec le groupe National. Quatre ans apr\u00e8s avoir \u00e9t\u00e9 appel\u00e9 \u00e0 ce niveau, en 2021 contre Sedan (1-1), alors qu\u2019il n\u2019avait que 17 ans, Amaury r\u00eave bien s\u00fbr d\u2019y retourner. \u00ab&nbsp;Je me suis donn\u00e9 encore un an.&nbsp;\u00bb En attendant, sa casquette de coach des U13 (l\u2019\u00e9quipe de Tim\u00e9o) et son r\u00f4le de grand fr\u00e8re aupr\u00e8s de ses partenaires de R1 r\u00e9clament tout son investissement. \u00ab&nbsp;On a commenc\u00e9 par deux d\u00e9faites, mais il fallait s\u2019y attendre avec un effectif revu \u00e0 90&nbsp;%. Et le match \u00e0 Ginglin n\u2019est pas l\u2019id\u00e9al pour se relancer, mais \u00e7a va venir.&nbsp;\u00bb Parole de \u00ab&nbsp;fils de&nbsp;\u00bb.<\/p>\n<\/div>\n<p>La chronique se veut g\u00e9n\u00e9r\u00e9e de la fa\u00e7on la plus claire que possible. Dans le cas o\u00f9 vous souhaitez pr\u00e9senter des renseignements compl\u00e9mentaires \u00e0 cet article sur le sujet \u00ab\u00a0Fr\u00e8res jumeaux de l&rsquo;Essonnes\u00a0\u00bb il vous est possible d\u2019\u00e9crire aux contacts indiqu\u00e9s sur notre website. La raison d\u2019\u00eatre de jumeaux91.fr \u00e9tant de rassembler sur le web des posts sur le sujet de Fr\u00e8res jumeaux de l&rsquo;Essonnes puis les diffuser en r\u00e9pondant au mieux aux interrogations des gens. Vous pouvez tirer profit de cet article traitant le sujet \u00ab\u00a0Fr\u00e8res jumeaux de l&rsquo;Essonnes\u00a0\u00bb. Il est concoct\u00e9 par l\u2019\u00e9quipe jumeaux91.fr. Prochainement, nous rendrons accessibles au public d&rsquo;autres informations pertinentes sur le sujet \u00ab\u00a0Fr\u00e8res jumeaux de l&rsquo;Essonnes\u00a0\u00bb. Alors, consultez syst\u00e9matiquement notre blog.<\/p>\n","protected":false},"excerpt":{"rendered":"<p>R1 (3e journ\u00e9e). AS Ginglin-Cesson &#8211; US Concarneau (B), dimanche (15&nbsp;h&nbsp;30) Dans la famille Le Bris, il y a les p\u00e8res, les fils et le saint-esprit du foot qui souffle depuis bient\u00f4t 50 ans. Si on ne pr\u00e9sente plus R\u00e9gis, l\u2019entra\u00eeneur de Sunderland (D1 anglaise), il reste \u00e0 rappeler quelques liens de parent\u00e9 chez les&hellip; <a class=\"more-link\" href=\"https:\/\/jumeaux91.fr\/blog\/r1-le-bris-quand-le-football-se-transmet-de-generation-en-generation\/\">Poursuivre la lecture <span class=\"screen-reader-text\">R1 : Le Bris, quand le football se transmet de g\u00e9n\u00e9ration en g\u00e9n\u00e9ration<\/span><\/a><\/p>\n","protected":false},"author":2,"featured_media":1654,"comment_status":"closed","ping_status":"closed","sticky":false,"template":"","format":"standard","meta":{"footnotes":""},"categories":[4],"tags":[],"class_list":["post-1653","post","type-post","status-publish","format-standard","has-post-thumbnail","hentry","category-posts-freres-jumeaux-de-lessonnes","entry"],"yoast_head":"<!-- This site is optimized with the Yoast SEO plugin v27.5 - https:\/\/yoast.com\/product\/yoast-seo-wordpress\/ -->\n<title>R1 : Le Bris, quand le football se transmet de g\u00e9n\u00e9ration en g\u00e9n\u00e9ration - JUMEAUX91<\/title>\n<meta name=\"robots\" content=\"index, follow, max-snippet:-1, max-image-preview:large, max-video-preview:-1\" \/>\n<link rel=\"canonical\" href=\"https:\/\/jumeaux91.fr\/blog\/r1-le-bris-quand-le-football-se-transmet-de-generation-en-generation\/\" \/>\n<meta property=\"og:locale\" content=\"fr_FR\" \/>\n<meta property=\"og:type\" content=\"article\" \/>\n<meta property=\"og:title\" content=\"R1 : Le Bris, quand le football se transmet de g\u00e9n\u00e9ration en g\u00e9n\u00e9ration - JUMEAUX91\" \/>\n<meta property=\"og:description\" content=\"R1 (3e journ\u00e9e). AS Ginglin-Cesson &#8211; US Concarneau (B), dimanche (15&nbsp;h&nbsp;30) Dans la famille Le Bris, il y a les p\u00e8res, les fils et le saint-esprit du foot qui souffle depuis bient\u00f4t 50 ans. Si on ne pr\u00e9sente plus R\u00e9gis, l\u2019entra\u00eeneur de Sunderland (D1 anglaise), il reste \u00e0 rappeler quelques liens de parent\u00e9 chez les&hellip; Poursuivre la lecture R1 : Le Bris, quand le football se transmet de g\u00e9n\u00e9ration en g\u00e9n\u00e9ration\" \/>\n<meta property=\"og:url\" content=\"https:\/\/jumeaux91.fr\/blog\/r1-le-bris-quand-le-football-se-transmet-de-generation-en-generation\/\" \/>\n<meta property=\"og:site_name\" content=\"JUMEAUX91\" \/>\n<meta property=\"article:published_time\" content=\"2025-09-04T09:42:00+00:00\" \/>\n<meta property=\"og:image\" content=\"https:\/\/jumeaux91.fr\/blog\/wp-content\/uploads\/2025\/09\/r1-le-bris-quand-le-football-se-transmet-de-generation-en-generation.jpg\" \/>\n<meta name=\"author\" content=\"Claude DAYRES\" \/>\n<meta name=\"twitter:card\" content=\"summary_large_image\" \/>\n<meta name=\"twitter:label1\" content=\"\u00c9crit par\" \/>\n\t<meta name=\"twitter:data1\" content=\"Claude DAYRES\" \/>\n\t<meta name=\"twitter:label2\" content=\"Dur\u00e9e de lecture estim\u00e9e\" \/>\n\t<meta name=\"twitter:data2\" content=\"2 minutes\" \/>\n<script type=\"application\/ld+json\" class=\"yoast-schema-graph\">{\"@context\":\"https:\\\/\\\/schema.org\",\"@graph\":[{\"@type\":\"Article\",\"@id\":\"https:\\\/\\\/jumeaux91.fr\\\/blog\\\/r1-le-bris-quand-le-football-se-transmet-de-generation-en-generation\\\/#article\",\"isPartOf\":{\"@id\":\"https:\\\/\\\/jumeaux91.fr\\\/blog\\\/r1-le-bris-quand-le-football-se-transmet-de-generation-en-generation\\\/\"},\"author\":{\"name\":\"Claude DAYRES\",\"@id\":\"https:\\\/\\\/jumeaux91.fr\\\/blog\\\/#\\\/schema\\\/person\\\/21da06e9f119b9f64e5d45dbbd32d3fb\"},\"headline\":\"R1 : Le Bris, quand le football se transmet de g\u00e9n\u00e9ration en g\u00e9n\u00e9ration\",\"datePublished\":\"2025-09-04T09:42:00+00:00\",\"mainEntityOfPage\":{\"@id\":\"https:\\\/\\\/jumeaux91.fr\\\/blog\\\/r1-le-bris-quand-le-football-se-transmet-de-generation-en-generation\\\/\"},\"wordCount\":495,\"publisher\":{\"@id\":\"https:\\\/\\\/jumeaux91.fr\\\/blog\\\/#organization\"},\"image\":{\"@id\":\"https:\\\/\\\/jumeaux91.fr\\\/blog\\\/r1-le-bris-quand-le-football-se-transmet-de-generation-en-generation\\\/#primaryimage\"},\"thumbnailUrl\":\"https:\\\/\\\/jumeaux91.fr\\\/blog\\\/wp-content\\\/uploads\\\/2025\\\/09\\\/r1-le-bris-quand-le-football-se-transmet-de-generation-en-generation.jpg\",\"articleSection\":[\"Posts Fr\u00e8res Jumeaux De L'Essonnes:\"],\"inLanguage\":\"fr-FR\"},{\"@type\":\"WebPage\",\"@id\":\"https:\\\/\\\/jumeaux91.fr\\\/blog\\\/r1-le-bris-quand-le-football-se-transmet-de-generation-en-generation\\\/\",\"url\":\"https:\\\/\\\/jumeaux91.fr\\\/blog\\\/r1-le-bris-quand-le-football-se-transmet-de-generation-en-generation\\\/\",\"name\":\"R1 : Le Bris, quand le football se transmet de g\u00e9n\u00e9ration en g\u00e9n\u00e9ration - JUMEAUX91\",\"isPartOf\":{\"@id\":\"https:\\\/\\\/jumeaux91.fr\\\/blog\\\/#website\"},\"primaryImageOfPage\":{\"@id\":\"https:\\\/\\\/jumeaux91.fr\\\/blog\\\/r1-le-bris-quand-le-football-se-transmet-de-generation-en-generation\\\/#primaryimage\"},\"image\":{\"@id\":\"https:\\\/\\\/jumeaux91.fr\\\/blog\\\/r1-le-bris-quand-le-football-se-transmet-de-generation-en-generation\\\/#primaryimage\"},\"thumbnailUrl\":\"https:\\\/\\\/jumeaux91.fr\\\/blog\\\/wp-content\\\/uploads\\\/2025\\\/09\\\/r1-le-bris-quand-le-football-se-transmet-de-generation-en-generation.jpg\",\"datePublished\":\"2025-09-04T09:42:00+00:00\",\"breadcrumb\":{\"@id\":\"https:\\\/\\\/jumeaux91.fr\\\/blog\\\/r1-le-bris-quand-le-football-se-transmet-de-generation-en-generation\\\/#breadcrumb\"},\"inLanguage\":\"fr-FR\",\"potentialAction\":[{\"@type\":\"ReadAction\",\"target\":[\"https:\\\/\\\/jumeaux91.fr\\\/blog\\\/r1-le-bris-quand-le-football-se-transmet-de-generation-en-generation\\\/\"]}]},{\"@type\":\"ImageObject\",\"inLanguage\":\"fr-FR\",\"@id\":\"https:\\\/\\\/jumeaux91.fr\\\/blog\\\/r1-le-bris-quand-le-football-se-transmet-de-generation-en-generation\\\/#primaryimage\",\"url\":\"https:\\\/\\\/jumeaux91.fr\\\/blog\\\/wp-content\\\/uploads\\\/2025\\\/09\\\/r1-le-bris-quand-le-football-se-transmet-de-generation-en-generation.jpg\",\"contentUrl\":\"https:\\\/\\\/jumeaux91.fr\\\/blog\\\/wp-content\\\/uploads\\\/2025\\\/09\\\/r1-le-bris-quand-le-football-se-transmet-de-generation-en-generation.jpg\",\"width\":1200,\"height\":750,\"caption\":\"R1 : Le Bris, quand le football se transmet de g\u00e9n\u00e9ration en g\u00e9n\u00e9ration\"},{\"@type\":\"BreadcrumbList\",\"@id\":\"https:\\\/\\\/jumeaux91.fr\\\/blog\\\/r1-le-bris-quand-le-football-se-transmet-de-generation-en-generation\\\/#breadcrumb\",\"itemListElement\":[{\"@type\":\"ListItem\",\"position\":1,\"name\":\"Accueil\",\"item\":\"https:\\\/\\\/jumeaux91.fr\\\/blog\\\/\"},{\"@type\":\"ListItem\",\"position\":2,\"name\":\"R1 : Le Bris, quand le football se transmet de g\u00e9n\u00e9ration en g\u00e9n\u00e9ration\"}]},{\"@type\":\"WebSite\",\"@id\":\"https:\\\/\\\/jumeaux91.fr\\\/blog\\\/#website\",\"url\":\"https:\\\/\\\/jumeaux91.fr\\\/blog\\\/\",\"name\":\"JUMEAUX91\",\"description\":\"Fr\u00e8res jumeaux de l&#039;Essonnes; informations et archives, \u00e0 savoir et retenir.\",\"publisher\":{\"@id\":\"https:\\\/\\\/jumeaux91.fr\\\/blog\\\/#organization\"},\"potentialAction\":[{\"@type\":\"SearchAction\",\"target\":{\"@type\":\"EntryPoint\",\"urlTemplate\":\"https:\\\/\\\/jumeaux91.fr\\\/blog\\\/?s={search_term_string}\"},\"query-input\":{\"@type\":\"PropertyValueSpecification\",\"valueRequired\":true,\"valueName\":\"search_term_string\"}}],\"inLanguage\":\"fr-FR\"},{\"@type\":\"Organization\",\"@id\":\"https:\\\/\\\/jumeaux91.fr\\\/blog\\\/#organization\",\"name\":\"jumeaux91\",\"url\":\"https:\\\/\\\/jumeaux91.fr\\\/blog\\\/\",\"logo\":{\"@type\":\"ImageObject\",\"inLanguage\":\"fr-FR\",\"@id\":\"https:\\\/\\\/jumeaux91.fr\\\/blog\\\/#\\\/schema\\\/logo\\\/image\\\/\",\"url\":\"https:\\\/\\\/jumeaux91.fr\\\/blog\\\/wp-content\\\/uploads\\\/2023\\\/05\\\/cropped-cropped-logoJ_91.png\",\"contentUrl\":\"https:\\\/\\\/jumeaux91.fr\\\/blog\\\/wp-content\\\/uploads\\\/2023\\\/05\\\/cropped-cropped-logoJ_91.png\",\"width\":512,\"height\":512,\"caption\":\"jumeaux91\"},\"image\":{\"@id\":\"https:\\\/\\\/jumeaux91.fr\\\/blog\\\/#\\\/schema\\\/logo\\\/image\\\/\"}},{\"@type\":\"Person\",\"@id\":\"https:\\\/\\\/jumeaux91.fr\\\/blog\\\/#\\\/schema\\\/person\\\/21da06e9f119b9f64e5d45dbbd32d3fb\",\"name\":\"Claude DAYRES\",\"image\":{\"@type\":\"ImageObject\",\"inLanguage\":\"fr-FR\",\"@id\":\"https:\\\/\\\/secure.gravatar.com\\\/avatar\\\/82eb951df6110a2c48d1bfa7a67d1ee6f0cd5df3cbf9c3586dd61e82db7172a5?s=96&d=mm&r=g\",\"url\":\"https:\\\/\\\/secure.gravatar.com\\\/avatar\\\/82eb951df6110a2c48d1bfa7a67d1ee6f0cd5df3cbf9c3586dd61e82db7172a5?s=96&d=mm&r=g\",\"contentUrl\":\"https:\\\/\\\/secure.gravatar.com\\\/avatar\\\/82eb951df6110a2c48d1bfa7a67d1ee6f0cd5df3cbf9c3586dd61e82db7172a5?s=96&d=mm&r=g\",\"caption\":\"Claude DAYRES\"},\"url\":\"https:\\\/\\\/jumeaux91.fr\\\/blog\\\/author\\\/x91claude\\\/\"}]}<\/script>\n<!-- \/ Yoast SEO plugin. -->","yoast_head_json":{"title":"R1 : Le Bris, quand le football se transmet de g\u00e9n\u00e9ration en g\u00e9n\u00e9ration - JUMEAUX91","robots":{"index":"index","follow":"follow","max-snippet":"max-snippet:-1","max-image-preview":"max-image-preview:large","max-video-preview":"max-video-preview:-1"},"canonical":"https:\/\/jumeaux91.fr\/blog\/r1-le-bris-quand-le-football-se-transmet-de-generation-en-generation\/","og_locale":"fr_FR","og_type":"article","og_title":"R1 : Le Bris, quand le football se transmet de g\u00e9n\u00e9ration en g\u00e9n\u00e9ration - JUMEAUX91","og_description":"R1 (3e journ\u00e9e). AS Ginglin-Cesson &#8211; US Concarneau (B), dimanche (15&nbsp;h&nbsp;30) Dans la famille Le Bris, il y a les p\u00e8res, les fils et le saint-esprit du foot qui souffle depuis bient\u00f4t 50 ans. Si on ne pr\u00e9sente plus R\u00e9gis, l\u2019entra\u00eeneur de Sunderland (D1 anglaise), il reste \u00e0 rappeler quelques liens de parent\u00e9 chez les&hellip; Poursuivre la lecture R1 : Le Bris, quand le football se transmet de g\u00e9n\u00e9ration en g\u00e9n\u00e9ration","og_url":"https:\/\/jumeaux91.fr\/blog\/r1-le-bris-quand-le-football-se-transmet-de-generation-en-generation\/","og_site_name":"JUMEAUX91","article_published_time":"2025-09-04T09:42:00+00:00","og_image":[{"url":"https:\/\/jumeaux91.fr\/blog\/wp-content\/uploads\/2025\/09\/r1-le-bris-quand-le-football-se-transmet-de-generation-en-generation.jpg","type":"","width":"","height":""}],"author":"Claude DAYRES","twitter_card":"summary_large_image","twitter_misc":{"\u00c9crit par":"Claude DAYRES","Dur\u00e9e de lecture estim\u00e9e":"2 minutes"},"schema":{"@context":"https:\/\/schema.org","@graph":[{"@type":"Article","@id":"https:\/\/jumeaux91.fr\/blog\/r1-le-bris-quand-le-football-se-transmet-de-generation-en-generation\/#article","isPartOf":{"@id":"https:\/\/jumeaux91.fr\/blog\/r1-le-bris-quand-le-football-se-transmet-de-generation-en-generation\/"},"author":{"name":"Claude DAYRES","@id":"https:\/\/jumeaux91.fr\/blog\/#\/schema\/person\/21da06e9f119b9f64e5d45dbbd32d3fb"},"headline":"R1 : Le Bris, quand le football se transmet de g\u00e9n\u00e9ration en g\u00e9n\u00e9ration","datePublished":"2025-09-04T09:42:00+00:00","mainEntityOfPage":{"@id":"https:\/\/jumeaux91.fr\/blog\/r1-le-bris-quand-le-football-se-transmet-de-generation-en-generation\/"},"wordCount":495,"publisher":{"@id":"https:\/\/jumeaux91.fr\/blog\/#organization"},"image":{"@id":"https:\/\/jumeaux91.fr\/blog\/r1-le-bris-quand-le-football-se-transmet-de-generation-en-generation\/#primaryimage"},"thumbnailUrl":"https:\/\/jumeaux91.fr\/blog\/wp-content\/uploads\/2025\/09\/r1-le-bris-quand-le-football-se-transmet-de-generation-en-generation.jpg","articleSection":["Posts Fr\u00e8res Jumeaux De L'Essonnes:"],"inLanguage":"fr-FR"},{"@type":"WebPage","@id":"https:\/\/jumeaux91.fr\/blog\/r1-le-bris-quand-le-football-se-transmet-de-generation-en-generation\/","url":"https:\/\/jumeaux91.fr\/blog\/r1-le-bris-quand-le-football-se-transmet-de-generation-en-generation\/","name":"R1 : Le Bris, quand le football se transmet de g\u00e9n\u00e9ration en g\u00e9n\u00e9ration - JUMEAUX91","isPartOf":{"@id":"https:\/\/jumeaux91.fr\/blog\/#website"},"primaryImageOfPage":{"@id":"https:\/\/jumeaux91.fr\/blog\/r1-le-bris-quand-le-football-se-transmet-de-generation-en-generation\/#primaryimage"},"image":{"@id":"https:\/\/jumeaux91.fr\/blog\/r1-le-bris-quand-le-football-se-transmet-de-generation-en-generation\/#primaryimage"},"thumbnailUrl":"https:\/\/jumeaux91.fr\/blog\/wp-content\/uploads\/2025\/09\/r1-le-bris-quand-le-football-se-transmet-de-generation-en-generation.jpg","datePublished":"2025-09-04T09:42:00+00:00","breadcrumb":{"@id":"https:\/\/jumeaux91.fr\/blog\/r1-le-bris-quand-le-football-se-transmet-de-generation-en-generation\/#breadcrumb"},"inLanguage":"fr-FR","potentialAction":[{"@type":"ReadAction","target":["https:\/\/jumeaux91.fr\/blog\/r1-le-bris-quand-le-football-se-transmet-de-generation-en-generation\/"]}]},{"@type":"ImageObject","inLanguage":"fr-FR","@id":"https:\/\/jumeaux91.fr\/blog\/r1-le-bris-quand-le-football-se-transmet-de-generation-en-generation\/#primaryimage","url":"https:\/\/jumeaux91.fr\/blog\/wp-content\/uploads\/2025\/09\/r1-le-bris-quand-le-football-se-transmet-de-generation-en-generation.jpg","contentUrl":"https:\/\/jumeaux91.fr\/blog\/wp-content\/uploads\/2025\/09\/r1-le-bris-quand-le-football-se-transmet-de-generation-en-generation.jpg","width":1200,"height":750,"caption":"R1 : Le Bris, quand le football se transmet de g\u00e9n\u00e9ration en g\u00e9n\u00e9ration"},{"@type":"BreadcrumbList","@id":"https:\/\/jumeaux91.fr\/blog\/r1-le-bris-quand-le-football-se-transmet-de-generation-en-generation\/#breadcrumb","itemListElement":[{"@type":"ListItem","position":1,"name":"Accueil","item":"https:\/\/jumeaux91.fr\/blog\/"},{"@type":"ListItem","position":2,"name":"R1 : Le Bris, quand le football se transmet de g\u00e9n\u00e9ration en g\u00e9n\u00e9ration"}]},{"@type":"WebSite","@id":"https:\/\/jumeaux91.fr\/blog\/#website","url":"https:\/\/jumeaux91.fr\/blog\/","name":"JUMEAUX91","description":"Fr\u00e8res jumeaux de l&#039;Essonnes; informations et archives, \u00e0 savoir et retenir.","publisher":{"@id":"https:\/\/jumeaux91.fr\/blog\/#organization"},"potentialAction":[{"@type":"SearchAction","target":{"@type":"EntryPoint","urlTemplate":"https:\/\/jumeaux91.fr\/blog\/?s={search_term_string}"},"query-input":{"@type":"PropertyValueSpecification","valueRequired":true,"valueName":"search_term_string"}}],"inLanguage":"fr-FR"},{"@type":"Organization","@id":"https:\/\/jumeaux91.fr\/blog\/#organization","name":"jumeaux91","url":"https:\/\/jumeaux91.fr\/blog\/","logo":{"@type":"ImageObject","inLanguage":"fr-FR","@id":"https:\/\/jumeaux91.fr\/blog\/#\/schema\/logo\/image\/","url":"https:\/\/jumeaux91.fr\/blog\/wp-content\/uploads\/2023\/05\/cropped-cropped-logoJ_91.png","contentUrl":"https:\/\/jumeaux91.fr\/blog\/wp-content\/uploads\/2023\/05\/cropped-cropped-logoJ_91.png","width":512,"height":512,"caption":"jumeaux91"},"image":{"@id":"https:\/\/jumeaux91.fr\/blog\/#\/schema\/logo\/image\/"}},{"@type":"Person","@id":"https:\/\/jumeaux91.fr\/blog\/#\/schema\/person\/21da06e9f119b9f64e5d45dbbd32d3fb","name":"Claude DAYRES","image":{"@type":"ImageObject","inLanguage":"fr-FR","@id":"https:\/\/secure.gravatar.com\/avatar\/82eb951df6110a2c48d1bfa7a67d1ee6f0cd5df3cbf9c3586dd61e82db7172a5?s=96&d=mm&r=g","url":"https:\/\/secure.gravatar.com\/avatar\/82eb951df6110a2c48d1bfa7a67d1ee6f0cd5df3cbf9c3586dd61e82db7172a5?s=96&d=mm&r=g","contentUrl":"https:\/\/secure.gravatar.com\/avatar\/82eb951df6110a2c48d1bfa7a67d1ee6f0cd5df3cbf9c3586dd61e82db7172a5?s=96&d=mm&r=g","caption":"Claude DAYRES"},"url":"https:\/\/jumeaux91.fr\/blog\/author\/x91claude\/"}]}},"_links":{"self":[{"href":"https:\/\/jumeaux91.fr\/blog\/wp-json\/wp\/v2\/posts\/1653","targetHints":{"allow":["GET"]}}],"collection":[{"href":"https:\/\/jumeaux91.fr\/blog\/wp-json\/wp\/v2\/posts"}],"about":[{"href":"https:\/\/jumeaux91.fr\/blog\/wp-json\/wp\/v2\/types\/post"}],"author":[{"embeddable":true,"href":"https:\/\/jumeaux91.fr\/blog\/wp-json\/wp\/v2\/users\/2"}],"replies":[{"embeddable":true,"href":"https:\/\/jumeaux91.fr\/blog\/wp-json\/wp\/v2\/comments?post=1653"}],"version-history":[{"count":0,"href":"https:\/\/jumeaux91.fr\/blog\/wp-json\/wp\/v2\/posts\/1653\/revisions"}],"wp:featuredmedia":[{"embeddable":true,"href":"https:\/\/jumeaux91.fr\/blog\/wp-json\/wp\/v2\/media\/1654"}],"wp:attachment":[{"href":"https:\/\/jumeaux91.fr\/blog\/wp-json\/wp\/v2\/media?parent=1653"}],"wp:term":[{"taxonomy":"category","embeddable":true,"href":"https:\/\/jumeaux91.fr\/blog\/wp-json\/wp\/v2\/categories?post=1653"},{"taxonomy":"post_tag","embeddable":true,"href":"https:\/\/jumeaux91.fr\/blog\/wp-json\/wp\/v2\/tags?post=1653"}],"curies":[{"name":"wp","href":"https:\/\/api.w.org\/{rel}","templated":true}]}}