{"id":1661,"date":"2025-09-11T08:36:00","date_gmt":"2025-09-11T06:36:00","guid":{"rendered":"https:\/\/jumeaux91.fr\/blog\/isaac-herzog-la-reconnaissance-dun-etat-palestinien-ne-liberera-pas-un-seul-otage\/"},"modified":"2025-09-11T08:36:00","modified_gmt":"2025-09-11T06:36:00","slug":"isaac-herzog-la-reconnaissance-dun-etat-palestinien-ne-liberera-pas-un-seul-otage","status":"publish","type":"post","link":"https:\/\/jumeaux91.fr\/blog\/isaac-herzog-la-reconnaissance-dun-etat-palestinien-ne-liberera-pas-un-seul-otage\/","title":{"rendered":"Isaac Herzog : \u00ab\u00a0La reconnaissance d\u2019un \u00c9tat palestinien ne lib\u00e9rera pas un seul otage\u00a0\u00bb"},"content":{"rendered":"<div><img decoding=\"async\" src=\"https:\/\/jumeaux91.fr\/blog\/wp-content\/uploads\/2025\/09\/isaac-herzog-la-reconnaissance-dun-etat-palestinien-ne-liberera-pas-un-seul-otage.jpg\" class=\"ff-og-image-inserted\"><\/div>\n<div class=\"Recommended_recommended__5XUTJ\">\n<h3 class=\"widget-typography-title size-small color-default\">Articles recommand\u00e9s &#8211;<\/h3>\n<hr class=\"widget-layout-divider thin visibility-none\"><\/div>\n<p class data-is=\"component-paragraph\">Lors d\u2019un discours prononc\u00e9 mercredi au prestigieux institut britannique Chatham House \u00e0 Londres, le pr\u00e9sident isra\u00e9lien Isaac Herzog a mis en garde contre une reconnaissance unilat\u00e9rale d\u2019un \u00c9tat palestinien, estimant qu\u2019une telle d\u00e9cision ne ferait qu\u2019\u00ab encourager le Hamas et r\u00e9compenser le terrorisme \u00bb.<\/p>\n<p class data-is=\"component-paragraph\">Tenant dans ses mains la photo de deux fr\u00e8res jumeaux isra\u00e9liens, Gali et Ziv Berman, toujours retenus en otages \u00e0 Gaza, Herzog a d\u00e9clar\u00e9 : \u00ab Leur sort est inconnu. Le seul moyen d\u2019ouvrir la voie \u00e0 la paix est de ramener les otages \u00e0 la maison. \u00bb Il a rappel\u00e9 qu\u2019Isra\u00ebl avait accept\u00e9 toutes les propositions s\u00e9rieuses des m\u00e9diateurs \u2014 \u00c9tats-Unis, \u00c9gypte et Qatar \u2014 mais que \u00ab le Hamas bloque toute avanc\u00e9e en refusant simplement de dire oui \u00bb.<\/p>\n<hr class=\"widget-layout-divider default visibility-none\">\n<p class data-is=\"component-paragraph\">Le pr\u00e9sident isra\u00e9lien a affirm\u00e9 qu\u2019Isra\u00ebl \u00e9tait \u00ab pr\u00eat aujourd\u2019hui pour un accord global sur les otages et un cessez-le-feu \u00bb. Il a soulign\u00e9 qu\u2019une reconnaissance unilat\u00e9rale de la Palestine \u00ab ne lib\u00e9rera pas un otage, ne nourrira pas un Palestinien \u00bb et d\u00e9tournerait le processus de paix.&nbsp;Sur l\u2019aide humanitaire, Herzog a indiqu\u00e9 que plus de 600 camions charg\u00e9s de nourriture et de m\u00e9dicaments avaient \u00e9t\u00e9 livr\u00e9s \u00e0 Gaza en 24 heures, tout en accusant le Hamas de d\u00e9tourner ces ressources pour les revendre \u00ab \u00e0 des prix trois fois plus \u00e9lev\u00e9s \u00bb.&nbsp;Enfin, Herzog a replac\u00e9 le conflit dans un contexte plus large : \u00ab Isra\u00ebl se bat pour d\u00e9fendre l\u2019Europe et le monde libre contre un ennemi barbare soutenu par l\u2019Iran. Nous versons le sang de nos enfants pour prot\u00e9ger les valeurs d\u00e9mocratiques. \u00bb Il a conclu en appelant la communaut\u00e9 internationale \u00e0 aider Isra\u00ebl \u00e0 \u00ab ramener les otages, vaincre le Hamas et b\u00e2tir un avenir de paix \u00bb.<\/p>\n<p>La chronique se veut g\u00e9n\u00e9r\u00e9e de la fa\u00e7on la plus claire que possible. Dans le cas o\u00f9 vous souhaitez pr\u00e9senter des renseignements compl\u00e9mentaires \u00e0 cet article sur le sujet \u00ab\u00a0Fr\u00e8res jumeaux de l&rsquo;Essonnes\u00a0\u00bb il vous est possible d\u2019\u00e9crire aux contacts indiqu\u00e9s sur notre website. La raison d\u2019\u00eatre de jumeaux91.fr \u00e9tant de rassembler sur le web des posts sur le sujet de Fr\u00e8res jumeaux de l&rsquo;Essonnes puis les diffuser en r\u00e9pondant au mieux aux interrogations des gens. Vous pouvez tirer profit de cet article traitant le sujet \u00ab\u00a0Fr\u00e8res jumeaux de l&rsquo;Essonnes\u00a0\u00bb. Il est concoct\u00e9 par l\u2019\u00e9quipe jumeaux91.fr. Prochainement, nous rendrons accessibles au public d&rsquo;autres informations pertinentes sur le sujet \u00ab\u00a0Fr\u00e8res jumeaux de l&rsquo;Essonnes\u00a0\u00bb. Alors, consultez syst\u00e9matiquement notre blog.<\/p>\n","protected":false},"excerpt":{"rendered":"<p>Articles recommand\u00e9s &#8211; Lors d\u2019un discours prononc\u00e9 mercredi au prestigieux institut britannique Chatham House \u00e0 Londres, le pr\u00e9sident isra\u00e9lien Isaac Herzog a mis en garde contre une reconnaissance unilat\u00e9rale d\u2019un \u00c9tat palestinien, estimant qu\u2019une telle d\u00e9cision ne ferait qu\u2019\u00ab encourager le Hamas et r\u00e9compenser le terrorisme \u00bb. Tenant dans ses mains la photo de deux&hellip; <a class=\"more-link\" href=\"https:\/\/jumeaux91.fr\/blog\/isaac-herzog-la-reconnaissance-dun-etat-palestinien-ne-liberera-pas-un-seul-otage\/\">Poursuivre la lecture <span class=\"screen-reader-text\">Isaac Herzog : \u00ab\u00a0La reconnaissance d\u2019un \u00c9tat palestinien ne lib\u00e9rera pas un seul otage\u00a0\u00bb<\/span><\/a><\/p>\n","protected":false},"author":2,"featured_media":1662,"comment_status":"closed","ping_status":"closed","sticky":false,"template":"","format":"standard","meta":{"footnotes":""},"categories":[4],"tags":[],"class_list":["post-1661","post","type-post","status-publish","format-standard","has-post-thumbnail","hentry","category-posts-freres-jumeaux-de-lessonnes","entry"],"yoast_head":"<!-- This site is optimized with the Yoast SEO plugin v27.5 - https:\/\/yoast.com\/product\/yoast-seo-wordpress\/ -->\n<title>Isaac Herzog : &quot;La reconnaissance d\u2019un \u00c9tat palestinien ne lib\u00e9rera pas un seul otage&quot; - JUMEAUX91<\/title>\n<meta name=\"robots\" content=\"index, follow, max-snippet:-1, max-image-preview:large, max-video-preview:-1\" \/>\n<link rel=\"canonical\" href=\"https:\/\/jumeaux91.fr\/blog\/isaac-herzog-la-reconnaissance-dun-etat-palestinien-ne-liberera-pas-un-seul-otage\/\" \/>\n<meta property=\"og:locale\" content=\"fr_FR\" \/>\n<meta property=\"og:type\" content=\"article\" \/>\n<meta property=\"og:title\" content=\"Isaac Herzog : &quot;La reconnaissance d\u2019un \u00c9tat palestinien ne lib\u00e9rera pas un seul otage&quot; - JUMEAUX91\" \/>\n<meta property=\"og:description\" content=\"Articles recommand\u00e9s &#8211; Lors d\u2019un discours prononc\u00e9 mercredi au prestigieux institut britannique Chatham House \u00e0 Londres, le pr\u00e9sident isra\u00e9lien Isaac Herzog a mis en garde contre une reconnaissance unilat\u00e9rale d\u2019un \u00c9tat palestinien, estimant qu\u2019une telle d\u00e9cision ne ferait qu\u2019\u00ab encourager le Hamas et r\u00e9compenser le terrorisme \u00bb. Tenant dans ses mains la photo de deux&hellip; Poursuivre la lecture Isaac Herzog : \u00ab\u00a0La reconnaissance d\u2019un \u00c9tat palestinien ne lib\u00e9rera pas un seul otage\u00a0\u00bb\" \/>\n<meta property=\"og:url\" content=\"https:\/\/jumeaux91.fr\/blog\/isaac-herzog-la-reconnaissance-dun-etat-palestinien-ne-liberera-pas-un-seul-otage\/\" \/>\n<meta property=\"og:site_name\" content=\"JUMEAUX91\" \/>\n<meta property=\"article:published_time\" content=\"2025-09-11T06:36:00+00:00\" \/>\n<meta property=\"og:image\" content=\"https:\/\/jumeaux91.fr\/blog\/wp-content\/uploads\/2025\/09\/isaac-herzog-la-reconnaissance-dun-etat-palestinien-ne-liberera-pas-un-seul-otage.jpg\" \/>\n<meta name=\"author\" content=\"Claude DAYRES\" \/>\n<meta name=\"twitter:card\" content=\"summary_large_image\" \/>\n<meta name=\"twitter:label1\" content=\"\u00c9crit par\" \/>\n\t<meta name=\"twitter:data1\" content=\"Claude DAYRES\" \/>\n\t<meta name=\"twitter:label2\" content=\"Dur\u00e9e de lecture estim\u00e9e\" \/>\n\t<meta name=\"twitter:data2\" content=\"2 minutes\" \/>\n<script type=\"application\/ld+json\" class=\"yoast-schema-graph\">{\"@context\":\"https:\\\/\\\/schema.org\",\"@graph\":[{\"@type\":\"Article\",\"@id\":\"https:\\\/\\\/jumeaux91.fr\\\/blog\\\/isaac-herzog-la-reconnaissance-dun-etat-palestinien-ne-liberera-pas-un-seul-otage\\\/#article\",\"isPartOf\":{\"@id\":\"https:\\\/\\\/jumeaux91.fr\\\/blog\\\/isaac-herzog-la-reconnaissance-dun-etat-palestinien-ne-liberera-pas-un-seul-otage\\\/\"},\"author\":{\"name\":\"Claude DAYRES\",\"@id\":\"https:\\\/\\\/jumeaux91.fr\\\/blog\\\/#\\\/schema\\\/person\\\/21da06e9f119b9f64e5d45dbbd32d3fb\"},\"headline\":\"Isaac Herzog : \u00ab\u00a0La reconnaissance d\u2019un \u00c9tat palestinien ne lib\u00e9rera pas un seul otage\u00a0\u00bb\",\"datePublished\":\"2025-09-11T06:36:00+00:00\",\"mainEntityOfPage\":{\"@id\":\"https:\\\/\\\/jumeaux91.fr\\\/blog\\\/isaac-herzog-la-reconnaissance-dun-etat-palestinien-ne-liberera-pas-un-seul-otage\\\/\"},\"wordCount\":460,\"publisher\":{\"@id\":\"https:\\\/\\\/jumeaux91.fr\\\/blog\\\/#organization\"},\"image\":{\"@id\":\"https:\\\/\\\/jumeaux91.fr\\\/blog\\\/isaac-herzog-la-reconnaissance-dun-etat-palestinien-ne-liberera-pas-un-seul-otage\\\/#primaryimage\"},\"thumbnailUrl\":\"https:\\\/\\\/jumeaux91.fr\\\/blog\\\/wp-content\\\/uploads\\\/2025\\\/09\\\/isaac-herzog-la-reconnaissance-dun-etat-palestinien-ne-liberera-pas-un-seul-otage.jpg\",\"articleSection\":[\"Posts Fr\u00e8res Jumeaux De L'Essonnes:\"],\"inLanguage\":\"fr-FR\"},{\"@type\":\"WebPage\",\"@id\":\"https:\\\/\\\/jumeaux91.fr\\\/blog\\\/isaac-herzog-la-reconnaissance-dun-etat-palestinien-ne-liberera-pas-un-seul-otage\\\/\",\"url\":\"https:\\\/\\\/jumeaux91.fr\\\/blog\\\/isaac-herzog-la-reconnaissance-dun-etat-palestinien-ne-liberera-pas-un-seul-otage\\\/\",\"name\":\"Isaac Herzog : \\\"La reconnaissance d\u2019un \u00c9tat palestinien ne lib\u00e9rera pas un seul otage\\\" - JUMEAUX91\",\"isPartOf\":{\"@id\":\"https:\\\/\\\/jumeaux91.fr\\\/blog\\\/#website\"},\"primaryImageOfPage\":{\"@id\":\"https:\\\/\\\/jumeaux91.fr\\\/blog\\\/isaac-herzog-la-reconnaissance-dun-etat-palestinien-ne-liberera-pas-un-seul-otage\\\/#primaryimage\"},\"image\":{\"@id\":\"https:\\\/\\\/jumeaux91.fr\\\/blog\\\/isaac-herzog-la-reconnaissance-dun-etat-palestinien-ne-liberera-pas-un-seul-otage\\\/#primaryimage\"},\"thumbnailUrl\":\"https:\\\/\\\/jumeaux91.fr\\\/blog\\\/wp-content\\\/uploads\\\/2025\\\/09\\\/isaac-herzog-la-reconnaissance-dun-etat-palestinien-ne-liberera-pas-un-seul-otage.jpg\",\"datePublished\":\"2025-09-11T06:36:00+00:00\",\"breadcrumb\":{\"@id\":\"https:\\\/\\\/jumeaux91.fr\\\/blog\\\/isaac-herzog-la-reconnaissance-dun-etat-palestinien-ne-liberera-pas-un-seul-otage\\\/#breadcrumb\"},\"inLanguage\":\"fr-FR\",\"potentialAction\":[{\"@type\":\"ReadAction\",\"target\":[\"https:\\\/\\\/jumeaux91.fr\\\/blog\\\/isaac-herzog-la-reconnaissance-dun-etat-palestinien-ne-liberera-pas-un-seul-otage\\\/\"]}]},{\"@type\":\"ImageObject\",\"inLanguage\":\"fr-FR\",\"@id\":\"https:\\\/\\\/jumeaux91.fr\\\/blog\\\/isaac-herzog-la-reconnaissance-dun-etat-palestinien-ne-liberera-pas-un-seul-otage\\\/#primaryimage\",\"url\":\"https:\\\/\\\/jumeaux91.fr\\\/blog\\\/wp-content\\\/uploads\\\/2025\\\/09\\\/isaac-herzog-la-reconnaissance-dun-etat-palestinien-ne-liberera-pas-un-seul-otage.jpg\",\"contentUrl\":\"https:\\\/\\\/jumeaux91.fr\\\/blog\\\/wp-content\\\/uploads\\\/2025\\\/09\\\/isaac-herzog-la-reconnaissance-dun-etat-palestinien-ne-liberera-pas-un-seul-otage.jpg\",\"width\":799,\"height\":449,\"caption\":\"Isaac Herzog : \\\"La reconnaissance d\u2019un \u00c9tat palestinien ne lib\u00e9rera pas un seul otage\\\"\"},{\"@type\":\"BreadcrumbList\",\"@id\":\"https:\\\/\\\/jumeaux91.fr\\\/blog\\\/isaac-herzog-la-reconnaissance-dun-etat-palestinien-ne-liberera-pas-un-seul-otage\\\/#breadcrumb\",\"itemListElement\":[{\"@type\":\"ListItem\",\"position\":1,\"name\":\"Accueil\",\"item\":\"https:\\\/\\\/jumeaux91.fr\\\/blog\\\/\"},{\"@type\":\"ListItem\",\"position\":2,\"name\":\"Isaac Herzog : \u00ab\u00a0La reconnaissance d\u2019un \u00c9tat palestinien ne lib\u00e9rera pas un seul otage\u00a0\u00bb\"}]},{\"@type\":\"WebSite\",\"@id\":\"https:\\\/\\\/jumeaux91.fr\\\/blog\\\/#website\",\"url\":\"https:\\\/\\\/jumeaux91.fr\\\/blog\\\/\",\"name\":\"JUMEAUX91\",\"description\":\"Fr\u00e8res jumeaux de l&#039;Essonnes; informations et archives, \u00e0 savoir et retenir.\",\"publisher\":{\"@id\":\"https:\\\/\\\/jumeaux91.fr\\\/blog\\\/#organization\"},\"potentialAction\":[{\"@type\":\"SearchAction\",\"target\":{\"@type\":\"EntryPoint\",\"urlTemplate\":\"https:\\\/\\\/jumeaux91.fr\\\/blog\\\/?s={search_term_string}\"},\"query-input\":{\"@type\":\"PropertyValueSpecification\",\"valueRequired\":true,\"valueName\":\"search_term_string\"}}],\"inLanguage\":\"fr-FR\"},{\"@type\":\"Organization\",\"@id\":\"https:\\\/\\\/jumeaux91.fr\\\/blog\\\/#organization\",\"name\":\"jumeaux91\",\"url\":\"https:\\\/\\\/jumeaux91.fr\\\/blog\\\/\",\"logo\":{\"@type\":\"ImageObject\",\"inLanguage\":\"fr-FR\",\"@id\":\"https:\\\/\\\/jumeaux91.fr\\\/blog\\\/#\\\/schema\\\/logo\\\/image\\\/\",\"url\":\"https:\\\/\\\/jumeaux91.fr\\\/blog\\\/wp-content\\\/uploads\\\/2023\\\/05\\\/cropped-cropped-logoJ_91.png\",\"contentUrl\":\"https:\\\/\\\/jumeaux91.fr\\\/blog\\\/wp-content\\\/uploads\\\/2023\\\/05\\\/cropped-cropped-logoJ_91.png\",\"width\":512,\"height\":512,\"caption\":\"jumeaux91\"},\"image\":{\"@id\":\"https:\\\/\\\/jumeaux91.fr\\\/blog\\\/#\\\/schema\\\/logo\\\/image\\\/\"}},{\"@type\":\"Person\",\"@id\":\"https:\\\/\\\/jumeaux91.fr\\\/blog\\\/#\\\/schema\\\/person\\\/21da06e9f119b9f64e5d45dbbd32d3fb\",\"name\":\"Claude DAYRES\",\"image\":{\"@type\":\"ImageObject\",\"inLanguage\":\"fr-FR\",\"@id\":\"https:\\\/\\\/secure.gravatar.com\\\/avatar\\\/82eb951df6110a2c48d1bfa7a67d1ee6f0cd5df3cbf9c3586dd61e82db7172a5?s=96&d=mm&r=g\",\"url\":\"https:\\\/\\\/secure.gravatar.com\\\/avatar\\\/82eb951df6110a2c48d1bfa7a67d1ee6f0cd5df3cbf9c3586dd61e82db7172a5?s=96&d=mm&r=g\",\"contentUrl\":\"https:\\\/\\\/secure.gravatar.com\\\/avatar\\\/82eb951df6110a2c48d1bfa7a67d1ee6f0cd5df3cbf9c3586dd61e82db7172a5?s=96&d=mm&r=g\",\"caption\":\"Claude DAYRES\"},\"url\":\"https:\\\/\\\/jumeaux91.fr\\\/blog\\\/author\\\/x91claude\\\/\"}]}<\/script>\n<!-- \/ Yoast SEO plugin. -->","yoast_head_json":{"title":"Isaac Herzog : \"La reconnaissance d\u2019un \u00c9tat palestinien ne lib\u00e9rera pas un seul otage\" - JUMEAUX91","robots":{"index":"index","follow":"follow","max-snippet":"max-snippet:-1","max-image-preview":"max-image-preview:large","max-video-preview":"max-video-preview:-1"},"canonical":"https:\/\/jumeaux91.fr\/blog\/isaac-herzog-la-reconnaissance-dun-etat-palestinien-ne-liberera-pas-un-seul-otage\/","og_locale":"fr_FR","og_type":"article","og_title":"Isaac Herzog : \"La reconnaissance d\u2019un \u00c9tat palestinien ne lib\u00e9rera pas un seul otage\" - JUMEAUX91","og_description":"Articles recommand\u00e9s &#8211; Lors d\u2019un discours prononc\u00e9 mercredi au prestigieux institut britannique Chatham House \u00e0 Londres, le pr\u00e9sident isra\u00e9lien Isaac Herzog a mis en garde contre une reconnaissance unilat\u00e9rale d\u2019un \u00c9tat palestinien, estimant qu\u2019une telle d\u00e9cision ne ferait qu\u2019\u00ab encourager le Hamas et r\u00e9compenser le terrorisme \u00bb. Tenant dans ses mains la photo de deux&hellip; Poursuivre la lecture Isaac Herzog : \u00ab\u00a0La reconnaissance d\u2019un \u00c9tat palestinien ne lib\u00e9rera pas un seul otage\u00a0\u00bb","og_url":"https:\/\/jumeaux91.fr\/blog\/isaac-herzog-la-reconnaissance-dun-etat-palestinien-ne-liberera-pas-un-seul-otage\/","og_site_name":"JUMEAUX91","article_published_time":"2025-09-11T06:36:00+00:00","og_image":[{"url":"https:\/\/jumeaux91.fr\/blog\/wp-content\/uploads\/2025\/09\/isaac-herzog-la-reconnaissance-dun-etat-palestinien-ne-liberera-pas-un-seul-otage.jpg","type":"","width":"","height":""}],"author":"Claude DAYRES","twitter_card":"summary_large_image","twitter_misc":{"\u00c9crit par":"Claude DAYRES","Dur\u00e9e de lecture estim\u00e9e":"2 minutes"},"schema":{"@context":"https:\/\/schema.org","@graph":[{"@type":"Article","@id":"https:\/\/jumeaux91.fr\/blog\/isaac-herzog-la-reconnaissance-dun-etat-palestinien-ne-liberera-pas-un-seul-otage\/#article","isPartOf":{"@id":"https:\/\/jumeaux91.fr\/blog\/isaac-herzog-la-reconnaissance-dun-etat-palestinien-ne-liberera-pas-un-seul-otage\/"},"author":{"name":"Claude DAYRES","@id":"https:\/\/jumeaux91.fr\/blog\/#\/schema\/person\/21da06e9f119b9f64e5d45dbbd32d3fb"},"headline":"Isaac Herzog : \u00ab\u00a0La reconnaissance d\u2019un \u00c9tat palestinien ne lib\u00e9rera pas un seul otage\u00a0\u00bb","datePublished":"2025-09-11T06:36:00+00:00","mainEntityOfPage":{"@id":"https:\/\/jumeaux91.fr\/blog\/isaac-herzog-la-reconnaissance-dun-etat-palestinien-ne-liberera-pas-un-seul-otage\/"},"wordCount":460,"publisher":{"@id":"https:\/\/jumeaux91.fr\/blog\/#organization"},"image":{"@id":"https:\/\/jumeaux91.fr\/blog\/isaac-herzog-la-reconnaissance-dun-etat-palestinien-ne-liberera-pas-un-seul-otage\/#primaryimage"},"thumbnailUrl":"https:\/\/jumeaux91.fr\/blog\/wp-content\/uploads\/2025\/09\/isaac-herzog-la-reconnaissance-dun-etat-palestinien-ne-liberera-pas-un-seul-otage.jpg","articleSection":["Posts Fr\u00e8res Jumeaux De L'Essonnes:"],"inLanguage":"fr-FR"},{"@type":"WebPage","@id":"https:\/\/jumeaux91.fr\/blog\/isaac-herzog-la-reconnaissance-dun-etat-palestinien-ne-liberera-pas-un-seul-otage\/","url":"https:\/\/jumeaux91.fr\/blog\/isaac-herzog-la-reconnaissance-dun-etat-palestinien-ne-liberera-pas-un-seul-otage\/","name":"Isaac Herzog : \"La reconnaissance d\u2019un \u00c9tat palestinien ne lib\u00e9rera pas un seul otage\" - JUMEAUX91","isPartOf":{"@id":"https:\/\/jumeaux91.fr\/blog\/#website"},"primaryImageOfPage":{"@id":"https:\/\/jumeaux91.fr\/blog\/isaac-herzog-la-reconnaissance-dun-etat-palestinien-ne-liberera-pas-un-seul-otage\/#primaryimage"},"image":{"@id":"https:\/\/jumeaux91.fr\/blog\/isaac-herzog-la-reconnaissance-dun-etat-palestinien-ne-liberera-pas-un-seul-otage\/#primaryimage"},"thumbnailUrl":"https:\/\/jumeaux91.fr\/blog\/wp-content\/uploads\/2025\/09\/isaac-herzog-la-reconnaissance-dun-etat-palestinien-ne-liberera-pas-un-seul-otage.jpg","datePublished":"2025-09-11T06:36:00+00:00","breadcrumb":{"@id":"https:\/\/jumeaux91.fr\/blog\/isaac-herzog-la-reconnaissance-dun-etat-palestinien-ne-liberera-pas-un-seul-otage\/#breadcrumb"},"inLanguage":"fr-FR","potentialAction":[{"@type":"ReadAction","target":["https:\/\/jumeaux91.fr\/blog\/isaac-herzog-la-reconnaissance-dun-etat-palestinien-ne-liberera-pas-un-seul-otage\/"]}]},{"@type":"ImageObject","inLanguage":"fr-FR","@id":"https:\/\/jumeaux91.fr\/blog\/isaac-herzog-la-reconnaissance-dun-etat-palestinien-ne-liberera-pas-un-seul-otage\/#primaryimage","url":"https:\/\/jumeaux91.fr\/blog\/wp-content\/uploads\/2025\/09\/isaac-herzog-la-reconnaissance-dun-etat-palestinien-ne-liberera-pas-un-seul-otage.jpg","contentUrl":"https:\/\/jumeaux91.fr\/blog\/wp-content\/uploads\/2025\/09\/isaac-herzog-la-reconnaissance-dun-etat-palestinien-ne-liberera-pas-un-seul-otage.jpg","width":799,"height":449,"caption":"Isaac Herzog : \"La reconnaissance d\u2019un \u00c9tat palestinien ne lib\u00e9rera pas un seul otage\""},{"@type":"BreadcrumbList","@id":"https:\/\/jumeaux91.fr\/blog\/isaac-herzog-la-reconnaissance-dun-etat-palestinien-ne-liberera-pas-un-seul-otage\/#breadcrumb","itemListElement":[{"@type":"ListItem","position":1,"name":"Accueil","item":"https:\/\/jumeaux91.fr\/blog\/"},{"@type":"ListItem","position":2,"name":"Isaac Herzog : \u00ab\u00a0La reconnaissance d\u2019un \u00c9tat palestinien ne lib\u00e9rera pas un seul otage\u00a0\u00bb"}]},{"@type":"WebSite","@id":"https:\/\/jumeaux91.fr\/blog\/#website","url":"https:\/\/jumeaux91.fr\/blog\/","name":"JUMEAUX91","description":"Fr\u00e8res jumeaux de l&#039;Essonnes; informations et archives, \u00e0 savoir et retenir.","publisher":{"@id":"https:\/\/jumeaux91.fr\/blog\/#organization"},"potentialAction":[{"@type":"SearchAction","target":{"@type":"EntryPoint","urlTemplate":"https:\/\/jumeaux91.fr\/blog\/?s={search_term_string}"},"query-input":{"@type":"PropertyValueSpecification","valueRequired":true,"valueName":"search_term_string"}}],"inLanguage":"fr-FR"},{"@type":"Organization","@id":"https:\/\/jumeaux91.fr\/blog\/#organization","name":"jumeaux91","url":"https:\/\/jumeaux91.fr\/blog\/","logo":{"@type":"ImageObject","inLanguage":"fr-FR","@id":"https:\/\/jumeaux91.fr\/blog\/#\/schema\/logo\/image\/","url":"https:\/\/jumeaux91.fr\/blog\/wp-content\/uploads\/2023\/05\/cropped-cropped-logoJ_91.png","contentUrl":"https:\/\/jumeaux91.fr\/blog\/wp-content\/uploads\/2023\/05\/cropped-cropped-logoJ_91.png","width":512,"height":512,"caption":"jumeaux91"},"image":{"@id":"https:\/\/jumeaux91.fr\/blog\/#\/schema\/logo\/image\/"}},{"@type":"Person","@id":"https:\/\/jumeaux91.fr\/blog\/#\/schema\/person\/21da06e9f119b9f64e5d45dbbd32d3fb","name":"Claude DAYRES","image":{"@type":"ImageObject","inLanguage":"fr-FR","@id":"https:\/\/secure.gravatar.com\/avatar\/82eb951df6110a2c48d1bfa7a67d1ee6f0cd5df3cbf9c3586dd61e82db7172a5?s=96&d=mm&r=g","url":"https:\/\/secure.gravatar.com\/avatar\/82eb951df6110a2c48d1bfa7a67d1ee6f0cd5df3cbf9c3586dd61e82db7172a5?s=96&d=mm&r=g","contentUrl":"https:\/\/secure.gravatar.com\/avatar\/82eb951df6110a2c48d1bfa7a67d1ee6f0cd5df3cbf9c3586dd61e82db7172a5?s=96&d=mm&r=g","caption":"Claude DAYRES"},"url":"https:\/\/jumeaux91.fr\/blog\/author\/x91claude\/"}]}},"_links":{"self":[{"href":"https:\/\/jumeaux91.fr\/blog\/wp-json\/wp\/v2\/posts\/1661","targetHints":{"allow":["GET"]}}],"collection":[{"href":"https:\/\/jumeaux91.fr\/blog\/wp-json\/wp\/v2\/posts"}],"about":[{"href":"https:\/\/jumeaux91.fr\/blog\/wp-json\/wp\/v2\/types\/post"}],"author":[{"embeddable":true,"href":"https:\/\/jumeaux91.fr\/blog\/wp-json\/wp\/v2\/users\/2"}],"replies":[{"embeddable":true,"href":"https:\/\/jumeaux91.fr\/blog\/wp-json\/wp\/v2\/comments?post=1661"}],"version-history":[{"count":0,"href":"https:\/\/jumeaux91.fr\/blog\/wp-json\/wp\/v2\/posts\/1661\/revisions"}],"wp:featuredmedia":[{"embeddable":true,"href":"https:\/\/jumeaux91.fr\/blog\/wp-json\/wp\/v2\/media\/1662"}],"wp:attachment":[{"href":"https:\/\/jumeaux91.fr\/blog\/wp-json\/wp\/v2\/media?parent=1661"}],"wp:term":[{"taxonomy":"category","embeddable":true,"href":"https:\/\/jumeaux91.fr\/blog\/wp-json\/wp\/v2\/categories?post=1661"},{"taxonomy":"post_tag","embeddable":true,"href":"https:\/\/jumeaux91.fr\/blog\/wp-json\/wp\/v2\/tags?post=1661"}],"curies":[{"name":"wp","href":"https:\/\/api.w.org\/{rel}","templated":true}]}}