{"id":1663,"date":"2025-09-10T06:33:00","date_gmt":"2025-09-10T04:33:00","guid":{"rendered":"https:\/\/jumeaux91.fr\/blog\/otages-un-autre-anniversaire-en-captivite-pour-les-jumeaux-gali-et-ziv-berman-ainsi-que-yossef-ohana\/"},"modified":"2025-09-10T06:33:00","modified_gmt":"2025-09-10T04:33:00","slug":"otages-un-autre-anniversaire-en-captivite-pour-les-jumeaux-gali-et-ziv-berman-ainsi-que-yossef-ohana","status":"publish","type":"post","link":"https:\/\/jumeaux91.fr\/blog\/otages-un-autre-anniversaire-en-captivite-pour-les-jumeaux-gali-et-ziv-berman-ainsi-que-yossef-ohana\/","title":{"rendered":"Otages : un autre anniversaire en captivit\u00e9 pour les jumeaux Gali et Ziv Berman ainsi que Yossef Ohana"},"content":{"rendered":"<div><img decoding=\"async\" src=\"https:\/\/jumeaux91.fr\/blog\/wp-content\/uploads\/2025\/09\/otages-un-autre-anniversaire-en-captivite-pour-les-jumeaux-gali-et-ziv-berman-ainsi-que-yossef-ohana.jpg\" class=\"ff-og-image-inserted\"><\/div>\n<div class=\"Recommended_recommended__5XUTJ\">\n<h3 class=\"widget-typography-title size-small color-default\">Articles recommand\u00e9s &#8211;<\/h3>\n<hr class=\"widget-layout-divider thin visibility-none\"><\/div>\n<p class data-is=\"component-paragraph\">Ce mercredi 10 septembre marque une date particuli\u00e8rement douloureuse pour plusieurs familles isra\u00e9liennes. Trois otages d\u00e9tenus \u00e0 Gaza depuis l&rsquo;attaque du Hamas du 7 octobre 2023 f\u00eatent leur anniversaire en captivit\u00e9 : les jumeaux Gali et Ziv Berman, qui ont 28 ans, et Yosef Haim Ohana, qui en a d\u00e9sormais 25.<\/p>\n<p class data-is=\"component-paragraph\">Dans un message publi\u00e9 par le Centre des familles pour le retour des personnes enlev\u00e9es et disparues, la famille de Gali et Ziv exprime sa d\u00e9tresse face \u00e0 ce \u00ab\u00a0deuxi\u00e8me anniversaire en enfer\u00a0\u00bb. Les proches \u00e9voquent avec amertume les souvenirs d&rsquo;anniversaires pass\u00e9s dans la normalit\u00e9, \u00ab\u00a0entour\u00e9s de bons amis\u00a0\u00bb dans une atmosph\u00e8re festive qui contraste cruellement avec la situation actuelle.<\/p>\n<p class data-is=\"component-paragraph\">\u00ab\u00a0Vous avez perdu votre libert\u00e9 et le contr\u00f4le de vos vies\u00a0\u00bb, \u00e9crivent-ils, tout en exprimant l&rsquo;espoir que les jumeaux puissent se soutenir mutuellement durant leur captivit\u00e9. La famille lance \u00e9galement un appel pressant : \u00ab\u00a0Rendez-nous Gali et Zivi ! Il n&rsquo;y a et il n&rsquo;y aura pas d&rsquo;autre image de victoire.\u00a0\u00bb<\/p>\n<p class data-is=\"component-paragraph\">L&rsquo;histoire de Yossef Haim Ohana illustre tragiquement l&rsquo;h\u00e9ro\u00efsme de certaines victimes du 7 octobre. Selon son p\u00e8re Avi Ohana, le jeune homme, qui participait au Festival Nova, a choisi de porter secours aux bless\u00e9s et d&rsquo;aider d&rsquo;autres personnes en d\u00e9tresse plut\u00f4t que de fuir quand il le pouvait encore.&nbsp;<\/p>\n<hr class=\"widget-layout-divider default visibility-none\">\n<p class data-is=\"component-paragraph\">\u00ab\u00a0Il aurait pu fuir, mais il a choisi de rester, de soigner les bless\u00e9s, d&rsquo;aider les autres et de faire preuve d&rsquo;un courage rare\u00a0\u00bb, t\u00e9moigne son p\u00e8re. Une attitude qui lui a co\u00fbt\u00e9 sa libert\u00e9.&nbsp;<\/p>\n<p class data-is=\"component-paragraph\">Yossef Haim a grandi dans une famille religieuse comptant trois fr\u00e8res, d\u00e9j\u00e0 endeuill\u00e9e par la perte d&rsquo;un autre fils il y a douze ans. Malgr\u00e9 cette nouvelle \u00e9preuve, la foi reste le pilier de la famille. \u00ab\u00a0Ce qui soutien s\u00fbrement Yossef en enfer, c&rsquo;est la foi dans laquelle il a grandi\u00a0\u00bb, assure son p\u00e8re, ajoutant que \u00ab\u00a0les pri\u00e8res nous fortifient et nous donnent de l&rsquo;espoir\u00a0\u00bb.<\/p>\n<p class data-is=\"component-paragraph\">Le Hamas a diffus\u00e9 deux vid\u00e9os montrant le jeune homme vivant, dans lesquelles sa famille reconna\u00eet ses valeurs intactes : \u00ab\u00a0la compassion, le d\u00e9vouement, la foi et l&rsquo;amour de l&rsquo;humanit\u00e9\u00a0\u00bb.<\/p>\n<p>La chronique se veut g\u00e9n\u00e9r\u00e9e de la fa\u00e7on la plus claire que possible. Dans le cas o\u00f9 vous souhaitez pr\u00e9senter des renseignements compl\u00e9mentaires \u00e0 cet article sur le sujet \u00ab\u00a0Fr\u00e8res jumeaux de l&rsquo;Essonnes\u00a0\u00bb il vous est possible d\u2019\u00e9crire aux contacts indiqu\u00e9s sur notre website. La raison d\u2019\u00eatre de jumeaux91.fr \u00e9tant de rassembler sur le web des posts sur le sujet de Fr\u00e8res jumeaux de l&rsquo;Essonnes puis les diffuser en r\u00e9pondant au mieux aux interrogations des gens. Vous pouvez tirer profit de cet article traitant le sujet \u00ab\u00a0Fr\u00e8res jumeaux de l&rsquo;Essonnes\u00a0\u00bb. Il est concoct\u00e9 par l\u2019\u00e9quipe jumeaux91.fr. Prochainement, nous rendrons accessibles au public d&rsquo;autres informations pertinentes sur le sujet \u00ab\u00a0Fr\u00e8res jumeaux de l&rsquo;Essonnes\u00a0\u00bb. Alors, consultez syst\u00e9matiquement notre blog.<\/p>\n","protected":false},"excerpt":{"rendered":"<p>Articles recommand\u00e9s &#8211; Ce mercredi 10 septembre marque une date particuli\u00e8rement douloureuse pour plusieurs familles isra\u00e9liennes. Trois otages d\u00e9tenus \u00e0 Gaza depuis l&rsquo;attaque du Hamas du 7 octobre 2023 f\u00eatent leur anniversaire en captivit\u00e9 : les jumeaux Gali et Ziv Berman, qui ont 28 ans, et Yosef Haim Ohana, qui en a d\u00e9sormais 25. Dans&hellip; <a class=\"more-link\" href=\"https:\/\/jumeaux91.fr\/blog\/otages-un-autre-anniversaire-en-captivite-pour-les-jumeaux-gali-et-ziv-berman-ainsi-que-yossef-ohana\/\">Poursuivre la lecture <span class=\"screen-reader-text\">Otages : un autre anniversaire en captivit\u00e9 pour les jumeaux Gali et Ziv Berman ainsi que Yossef Ohana<\/span><\/a><\/p>\n","protected":false},"author":2,"featured_media":1664,"comment_status":"closed","ping_status":"closed","sticky":false,"template":"","format":"standard","meta":{"footnotes":""},"categories":[4],"tags":[],"class_list":["post-1663","post","type-post","status-publish","format-standard","has-post-thumbnail","hentry","category-posts-freres-jumeaux-de-lessonnes","entry"],"yoast_head":"<!-- This site is optimized with the Yoast SEO plugin v27.5 - https:\/\/yoast.com\/product\/yoast-seo-wordpress\/ -->\n<title>Otages : un autre anniversaire en captivit\u00e9 pour les jumeaux Gali et Ziv Berman ainsi que Yossef Ohana - JUMEAUX91<\/title>\n<meta name=\"robots\" content=\"index, follow, max-snippet:-1, max-image-preview:large, max-video-preview:-1\" \/>\n<link rel=\"canonical\" href=\"https:\/\/jumeaux91.fr\/blog\/otages-un-autre-anniversaire-en-captivite-pour-les-jumeaux-gali-et-ziv-berman-ainsi-que-yossef-ohana\/\" \/>\n<meta property=\"og:locale\" content=\"fr_FR\" \/>\n<meta property=\"og:type\" content=\"article\" \/>\n<meta property=\"og:title\" content=\"Otages : un autre anniversaire en captivit\u00e9 pour les jumeaux Gali et Ziv Berman ainsi que Yossef Ohana - JUMEAUX91\" \/>\n<meta property=\"og:description\" content=\"Articles recommand\u00e9s &#8211; Ce mercredi 10 septembre marque une date particuli\u00e8rement douloureuse pour plusieurs familles isra\u00e9liennes. Trois otages d\u00e9tenus \u00e0 Gaza depuis l&rsquo;attaque du Hamas du 7 octobre 2023 f\u00eatent leur anniversaire en captivit\u00e9 : les jumeaux Gali et Ziv Berman, qui ont 28 ans, et Yosef Haim Ohana, qui en a d\u00e9sormais 25. Dans&hellip; Poursuivre la lecture Otages : un autre anniversaire en captivit\u00e9 pour les jumeaux Gali et Ziv Berman ainsi que Yossef Ohana\" \/>\n<meta property=\"og:url\" content=\"https:\/\/jumeaux91.fr\/blog\/otages-un-autre-anniversaire-en-captivite-pour-les-jumeaux-gali-et-ziv-berman-ainsi-que-yossef-ohana\/\" \/>\n<meta property=\"og:site_name\" content=\"JUMEAUX91\" \/>\n<meta property=\"article:published_time\" content=\"2025-09-10T04:33:00+00:00\" \/>\n<meta property=\"og:image\" content=\"https:\/\/jumeaux91.fr\/blog\/wp-content\/uploads\/2025\/09\/otages-un-autre-anniversaire-en-captivite-pour-les-jumeaux-gali-et-ziv-berman-ainsi-que-yossef-ohana.jpg\" \/>\n<meta name=\"author\" content=\"Claude DAYRES\" \/>\n<meta name=\"twitter:card\" content=\"summary_large_image\" \/>\n<meta name=\"twitter:label1\" content=\"\u00c9crit par\" \/>\n\t<meta name=\"twitter:data1\" content=\"Claude DAYRES\" \/>\n\t<meta name=\"twitter:label2\" content=\"Dur\u00e9e de lecture estim\u00e9e\" \/>\n\t<meta name=\"twitter:data2\" content=\"2 minutes\" \/>\n<script type=\"application\/ld+json\" class=\"yoast-schema-graph\">{\"@context\":\"https:\\\/\\\/schema.org\",\"@graph\":[{\"@type\":\"Article\",\"@id\":\"https:\\\/\\\/jumeaux91.fr\\\/blog\\\/otages-un-autre-anniversaire-en-captivite-pour-les-jumeaux-gali-et-ziv-berman-ainsi-que-yossef-ohana\\\/#article\",\"isPartOf\":{\"@id\":\"https:\\\/\\\/jumeaux91.fr\\\/blog\\\/otages-un-autre-anniversaire-en-captivite-pour-les-jumeaux-gali-et-ziv-berman-ainsi-que-yossef-ohana\\\/\"},\"author\":{\"name\":\"Claude DAYRES\",\"@id\":\"https:\\\/\\\/jumeaux91.fr\\\/blog\\\/#\\\/schema\\\/person\\\/21da06e9f119b9f64e5d45dbbd32d3fb\"},\"headline\":\"Otages : un autre anniversaire en captivit\u00e9 pour les jumeaux Gali et Ziv Berman ainsi que Yossef Ohana\",\"datePublished\":\"2025-09-10T04:33:00+00:00\",\"mainEntityOfPage\":{\"@id\":\"https:\\\/\\\/jumeaux91.fr\\\/blog\\\/otages-un-autre-anniversaire-en-captivite-pour-les-jumeaux-gali-et-ziv-berman-ainsi-que-yossef-ohana\\\/\"},\"wordCount\":539,\"publisher\":{\"@id\":\"https:\\\/\\\/jumeaux91.fr\\\/blog\\\/#organization\"},\"image\":{\"@id\":\"https:\\\/\\\/jumeaux91.fr\\\/blog\\\/otages-un-autre-anniversaire-en-captivite-pour-les-jumeaux-gali-et-ziv-berman-ainsi-que-yossef-ohana\\\/#primaryimage\"},\"thumbnailUrl\":\"https:\\\/\\\/jumeaux91.fr\\\/blog\\\/wp-content\\\/uploads\\\/2025\\\/09\\\/otages-un-autre-anniversaire-en-captivite-pour-les-jumeaux-gali-et-ziv-berman-ainsi-que-yossef-ohana.jpg\",\"articleSection\":[\"Posts Fr\u00e8res Jumeaux De L'Essonnes:\"],\"inLanguage\":\"fr-FR\"},{\"@type\":\"WebPage\",\"@id\":\"https:\\\/\\\/jumeaux91.fr\\\/blog\\\/otages-un-autre-anniversaire-en-captivite-pour-les-jumeaux-gali-et-ziv-berman-ainsi-que-yossef-ohana\\\/\",\"url\":\"https:\\\/\\\/jumeaux91.fr\\\/blog\\\/otages-un-autre-anniversaire-en-captivite-pour-les-jumeaux-gali-et-ziv-berman-ainsi-que-yossef-ohana\\\/\",\"name\":\"Otages : un autre anniversaire en captivit\u00e9 pour les jumeaux Gali et Ziv Berman ainsi que Yossef Ohana - JUMEAUX91\",\"isPartOf\":{\"@id\":\"https:\\\/\\\/jumeaux91.fr\\\/blog\\\/#website\"},\"primaryImageOfPage\":{\"@id\":\"https:\\\/\\\/jumeaux91.fr\\\/blog\\\/otages-un-autre-anniversaire-en-captivite-pour-les-jumeaux-gali-et-ziv-berman-ainsi-que-yossef-ohana\\\/#primaryimage\"},\"image\":{\"@id\":\"https:\\\/\\\/jumeaux91.fr\\\/blog\\\/otages-un-autre-anniversaire-en-captivite-pour-les-jumeaux-gali-et-ziv-berman-ainsi-que-yossef-ohana\\\/#primaryimage\"},\"thumbnailUrl\":\"https:\\\/\\\/jumeaux91.fr\\\/blog\\\/wp-content\\\/uploads\\\/2025\\\/09\\\/otages-un-autre-anniversaire-en-captivite-pour-les-jumeaux-gali-et-ziv-berman-ainsi-que-yossef-ohana.jpg\",\"datePublished\":\"2025-09-10T04:33:00+00:00\",\"breadcrumb\":{\"@id\":\"https:\\\/\\\/jumeaux91.fr\\\/blog\\\/otages-un-autre-anniversaire-en-captivite-pour-les-jumeaux-gali-et-ziv-berman-ainsi-que-yossef-ohana\\\/#breadcrumb\"},\"inLanguage\":\"fr-FR\",\"potentialAction\":[{\"@type\":\"ReadAction\",\"target\":[\"https:\\\/\\\/jumeaux91.fr\\\/blog\\\/otages-un-autre-anniversaire-en-captivite-pour-les-jumeaux-gali-et-ziv-berman-ainsi-que-yossef-ohana\\\/\"]}]},{\"@type\":\"ImageObject\",\"inLanguage\":\"fr-FR\",\"@id\":\"https:\\\/\\\/jumeaux91.fr\\\/blog\\\/otages-un-autre-anniversaire-en-captivite-pour-les-jumeaux-gali-et-ziv-berman-ainsi-que-yossef-ohana\\\/#primaryimage\",\"url\":\"https:\\\/\\\/jumeaux91.fr\\\/blog\\\/wp-content\\\/uploads\\\/2025\\\/09\\\/otages-un-autre-anniversaire-en-captivite-pour-les-jumeaux-gali-et-ziv-berman-ainsi-que-yossef-ohana.jpg\",\"contentUrl\":\"https:\\\/\\\/jumeaux91.fr\\\/blog\\\/wp-content\\\/uploads\\\/2025\\\/09\\\/otages-un-autre-anniversaire-en-captivite-pour-les-jumeaux-gali-et-ziv-berman-ainsi-que-yossef-ohana.jpg\",\"width\":1500,\"height\":1000,\"caption\":\"Otages : un autre anniversaire en captivit\u00e9 pour les jumeaux Gali et Ziv Berman ainsi que Yossef Ohana\"},{\"@type\":\"BreadcrumbList\",\"@id\":\"https:\\\/\\\/jumeaux91.fr\\\/blog\\\/otages-un-autre-anniversaire-en-captivite-pour-les-jumeaux-gali-et-ziv-berman-ainsi-que-yossef-ohana\\\/#breadcrumb\",\"itemListElement\":[{\"@type\":\"ListItem\",\"position\":1,\"name\":\"Accueil\",\"item\":\"https:\\\/\\\/jumeaux91.fr\\\/blog\\\/\"},{\"@type\":\"ListItem\",\"position\":2,\"name\":\"Otages : un autre anniversaire en captivit\u00e9 pour les jumeaux Gali et Ziv Berman ainsi que Yossef Ohana\"}]},{\"@type\":\"WebSite\",\"@id\":\"https:\\\/\\\/jumeaux91.fr\\\/blog\\\/#website\",\"url\":\"https:\\\/\\\/jumeaux91.fr\\\/blog\\\/\",\"name\":\"JUMEAUX91\",\"description\":\"Fr\u00e8res jumeaux de l&#039;Essonnes; informations et archives, \u00e0 savoir et retenir.\",\"publisher\":{\"@id\":\"https:\\\/\\\/jumeaux91.fr\\\/blog\\\/#organization\"},\"potentialAction\":[{\"@type\":\"SearchAction\",\"target\":{\"@type\":\"EntryPoint\",\"urlTemplate\":\"https:\\\/\\\/jumeaux91.fr\\\/blog\\\/?s={search_term_string}\"},\"query-input\":{\"@type\":\"PropertyValueSpecification\",\"valueRequired\":true,\"valueName\":\"search_term_string\"}}],\"inLanguage\":\"fr-FR\"},{\"@type\":\"Organization\",\"@id\":\"https:\\\/\\\/jumeaux91.fr\\\/blog\\\/#organization\",\"name\":\"jumeaux91\",\"url\":\"https:\\\/\\\/jumeaux91.fr\\\/blog\\\/\",\"logo\":{\"@type\":\"ImageObject\",\"inLanguage\":\"fr-FR\",\"@id\":\"https:\\\/\\\/jumeaux91.fr\\\/blog\\\/#\\\/schema\\\/logo\\\/image\\\/\",\"url\":\"https:\\\/\\\/jumeaux91.fr\\\/blog\\\/wp-content\\\/uploads\\\/2023\\\/05\\\/cropped-cropped-logoJ_91.png\",\"contentUrl\":\"https:\\\/\\\/jumeaux91.fr\\\/blog\\\/wp-content\\\/uploads\\\/2023\\\/05\\\/cropped-cropped-logoJ_91.png\",\"width\":512,\"height\":512,\"caption\":\"jumeaux91\"},\"image\":{\"@id\":\"https:\\\/\\\/jumeaux91.fr\\\/blog\\\/#\\\/schema\\\/logo\\\/image\\\/\"}},{\"@type\":\"Person\",\"@id\":\"https:\\\/\\\/jumeaux91.fr\\\/blog\\\/#\\\/schema\\\/person\\\/21da06e9f119b9f64e5d45dbbd32d3fb\",\"name\":\"Claude DAYRES\",\"image\":{\"@type\":\"ImageObject\",\"inLanguage\":\"fr-FR\",\"@id\":\"https:\\\/\\\/secure.gravatar.com\\\/avatar\\\/82eb951df6110a2c48d1bfa7a67d1ee6f0cd5df3cbf9c3586dd61e82db7172a5?s=96&d=mm&r=g\",\"url\":\"https:\\\/\\\/secure.gravatar.com\\\/avatar\\\/82eb951df6110a2c48d1bfa7a67d1ee6f0cd5df3cbf9c3586dd61e82db7172a5?s=96&d=mm&r=g\",\"contentUrl\":\"https:\\\/\\\/secure.gravatar.com\\\/avatar\\\/82eb951df6110a2c48d1bfa7a67d1ee6f0cd5df3cbf9c3586dd61e82db7172a5?s=96&d=mm&r=g\",\"caption\":\"Claude DAYRES\"},\"url\":\"https:\\\/\\\/jumeaux91.fr\\\/blog\\\/author\\\/x91claude\\\/\"}]}<\/script>\n<!-- \/ Yoast SEO plugin. -->","yoast_head_json":{"title":"Otages : un autre anniversaire en captivit\u00e9 pour les jumeaux Gali et Ziv Berman ainsi que Yossef Ohana - JUMEAUX91","robots":{"index":"index","follow":"follow","max-snippet":"max-snippet:-1","max-image-preview":"max-image-preview:large","max-video-preview":"max-video-preview:-1"},"canonical":"https:\/\/jumeaux91.fr\/blog\/otages-un-autre-anniversaire-en-captivite-pour-les-jumeaux-gali-et-ziv-berman-ainsi-que-yossef-ohana\/","og_locale":"fr_FR","og_type":"article","og_title":"Otages : un autre anniversaire en captivit\u00e9 pour les jumeaux Gali et Ziv Berman ainsi que Yossef Ohana - JUMEAUX91","og_description":"Articles recommand\u00e9s &#8211; Ce mercredi 10 septembre marque une date particuli\u00e8rement douloureuse pour plusieurs familles isra\u00e9liennes. Trois otages d\u00e9tenus \u00e0 Gaza depuis l&rsquo;attaque du Hamas du 7 octobre 2023 f\u00eatent leur anniversaire en captivit\u00e9 : les jumeaux Gali et Ziv Berman, qui ont 28 ans, et Yosef Haim Ohana, qui en a d\u00e9sormais 25. Dans&hellip; Poursuivre la lecture Otages : un autre anniversaire en captivit\u00e9 pour les jumeaux Gali et Ziv Berman ainsi que Yossef Ohana","og_url":"https:\/\/jumeaux91.fr\/blog\/otages-un-autre-anniversaire-en-captivite-pour-les-jumeaux-gali-et-ziv-berman-ainsi-que-yossef-ohana\/","og_site_name":"JUMEAUX91","article_published_time":"2025-09-10T04:33:00+00:00","og_image":[{"url":"https:\/\/jumeaux91.fr\/blog\/wp-content\/uploads\/2025\/09\/otages-un-autre-anniversaire-en-captivite-pour-les-jumeaux-gali-et-ziv-berman-ainsi-que-yossef-ohana.jpg","type":"","width":"","height":""}],"author":"Claude DAYRES","twitter_card":"summary_large_image","twitter_misc":{"\u00c9crit par":"Claude DAYRES","Dur\u00e9e de lecture estim\u00e9e":"2 minutes"},"schema":{"@context":"https:\/\/schema.org","@graph":[{"@type":"Article","@id":"https:\/\/jumeaux91.fr\/blog\/otages-un-autre-anniversaire-en-captivite-pour-les-jumeaux-gali-et-ziv-berman-ainsi-que-yossef-ohana\/#article","isPartOf":{"@id":"https:\/\/jumeaux91.fr\/blog\/otages-un-autre-anniversaire-en-captivite-pour-les-jumeaux-gali-et-ziv-berman-ainsi-que-yossef-ohana\/"},"author":{"name":"Claude DAYRES","@id":"https:\/\/jumeaux91.fr\/blog\/#\/schema\/person\/21da06e9f119b9f64e5d45dbbd32d3fb"},"headline":"Otages : un autre anniversaire en captivit\u00e9 pour les jumeaux Gali et Ziv Berman ainsi que Yossef Ohana","datePublished":"2025-09-10T04:33:00+00:00","mainEntityOfPage":{"@id":"https:\/\/jumeaux91.fr\/blog\/otages-un-autre-anniversaire-en-captivite-pour-les-jumeaux-gali-et-ziv-berman-ainsi-que-yossef-ohana\/"},"wordCount":539,"publisher":{"@id":"https:\/\/jumeaux91.fr\/blog\/#organization"},"image":{"@id":"https:\/\/jumeaux91.fr\/blog\/otages-un-autre-anniversaire-en-captivite-pour-les-jumeaux-gali-et-ziv-berman-ainsi-que-yossef-ohana\/#primaryimage"},"thumbnailUrl":"https:\/\/jumeaux91.fr\/blog\/wp-content\/uploads\/2025\/09\/otages-un-autre-anniversaire-en-captivite-pour-les-jumeaux-gali-et-ziv-berman-ainsi-que-yossef-ohana.jpg","articleSection":["Posts Fr\u00e8res Jumeaux De L'Essonnes:"],"inLanguage":"fr-FR"},{"@type":"WebPage","@id":"https:\/\/jumeaux91.fr\/blog\/otages-un-autre-anniversaire-en-captivite-pour-les-jumeaux-gali-et-ziv-berman-ainsi-que-yossef-ohana\/","url":"https:\/\/jumeaux91.fr\/blog\/otages-un-autre-anniversaire-en-captivite-pour-les-jumeaux-gali-et-ziv-berman-ainsi-que-yossef-ohana\/","name":"Otages : un autre anniversaire en captivit\u00e9 pour les jumeaux Gali et Ziv Berman ainsi que Yossef Ohana - JUMEAUX91","isPartOf":{"@id":"https:\/\/jumeaux91.fr\/blog\/#website"},"primaryImageOfPage":{"@id":"https:\/\/jumeaux91.fr\/blog\/otages-un-autre-anniversaire-en-captivite-pour-les-jumeaux-gali-et-ziv-berman-ainsi-que-yossef-ohana\/#primaryimage"},"image":{"@id":"https:\/\/jumeaux91.fr\/blog\/otages-un-autre-anniversaire-en-captivite-pour-les-jumeaux-gali-et-ziv-berman-ainsi-que-yossef-ohana\/#primaryimage"},"thumbnailUrl":"https:\/\/jumeaux91.fr\/blog\/wp-content\/uploads\/2025\/09\/otages-un-autre-anniversaire-en-captivite-pour-les-jumeaux-gali-et-ziv-berman-ainsi-que-yossef-ohana.jpg","datePublished":"2025-09-10T04:33:00+00:00","breadcrumb":{"@id":"https:\/\/jumeaux91.fr\/blog\/otages-un-autre-anniversaire-en-captivite-pour-les-jumeaux-gali-et-ziv-berman-ainsi-que-yossef-ohana\/#breadcrumb"},"inLanguage":"fr-FR","potentialAction":[{"@type":"ReadAction","target":["https:\/\/jumeaux91.fr\/blog\/otages-un-autre-anniversaire-en-captivite-pour-les-jumeaux-gali-et-ziv-berman-ainsi-que-yossef-ohana\/"]}]},{"@type":"ImageObject","inLanguage":"fr-FR","@id":"https:\/\/jumeaux91.fr\/blog\/otages-un-autre-anniversaire-en-captivite-pour-les-jumeaux-gali-et-ziv-berman-ainsi-que-yossef-ohana\/#primaryimage","url":"https:\/\/jumeaux91.fr\/blog\/wp-content\/uploads\/2025\/09\/otages-un-autre-anniversaire-en-captivite-pour-les-jumeaux-gali-et-ziv-berman-ainsi-que-yossef-ohana.jpg","contentUrl":"https:\/\/jumeaux91.fr\/blog\/wp-content\/uploads\/2025\/09\/otages-un-autre-anniversaire-en-captivite-pour-les-jumeaux-gali-et-ziv-berman-ainsi-que-yossef-ohana.jpg","width":1500,"height":1000,"caption":"Otages : un autre anniversaire en captivit\u00e9 pour les jumeaux Gali et Ziv Berman ainsi que Yossef Ohana"},{"@type":"BreadcrumbList","@id":"https:\/\/jumeaux91.fr\/blog\/otages-un-autre-anniversaire-en-captivite-pour-les-jumeaux-gali-et-ziv-berman-ainsi-que-yossef-ohana\/#breadcrumb","itemListElement":[{"@type":"ListItem","position":1,"name":"Accueil","item":"https:\/\/jumeaux91.fr\/blog\/"},{"@type":"ListItem","position":2,"name":"Otages : un autre anniversaire en captivit\u00e9 pour les jumeaux Gali et Ziv Berman ainsi que Yossef Ohana"}]},{"@type":"WebSite","@id":"https:\/\/jumeaux91.fr\/blog\/#website","url":"https:\/\/jumeaux91.fr\/blog\/","name":"JUMEAUX91","description":"Fr\u00e8res jumeaux de l&#039;Essonnes; informations et archives, \u00e0 savoir et retenir.","publisher":{"@id":"https:\/\/jumeaux91.fr\/blog\/#organization"},"potentialAction":[{"@type":"SearchAction","target":{"@type":"EntryPoint","urlTemplate":"https:\/\/jumeaux91.fr\/blog\/?s={search_term_string}"},"query-input":{"@type":"PropertyValueSpecification","valueRequired":true,"valueName":"search_term_string"}}],"inLanguage":"fr-FR"},{"@type":"Organization","@id":"https:\/\/jumeaux91.fr\/blog\/#organization","name":"jumeaux91","url":"https:\/\/jumeaux91.fr\/blog\/","logo":{"@type":"ImageObject","inLanguage":"fr-FR","@id":"https:\/\/jumeaux91.fr\/blog\/#\/schema\/logo\/image\/","url":"https:\/\/jumeaux91.fr\/blog\/wp-content\/uploads\/2023\/05\/cropped-cropped-logoJ_91.png","contentUrl":"https:\/\/jumeaux91.fr\/blog\/wp-content\/uploads\/2023\/05\/cropped-cropped-logoJ_91.png","width":512,"height":512,"caption":"jumeaux91"},"image":{"@id":"https:\/\/jumeaux91.fr\/blog\/#\/schema\/logo\/image\/"}},{"@type":"Person","@id":"https:\/\/jumeaux91.fr\/blog\/#\/schema\/person\/21da06e9f119b9f64e5d45dbbd32d3fb","name":"Claude DAYRES","image":{"@type":"ImageObject","inLanguage":"fr-FR","@id":"https:\/\/secure.gravatar.com\/avatar\/82eb951df6110a2c48d1bfa7a67d1ee6f0cd5df3cbf9c3586dd61e82db7172a5?s=96&d=mm&r=g","url":"https:\/\/secure.gravatar.com\/avatar\/82eb951df6110a2c48d1bfa7a67d1ee6f0cd5df3cbf9c3586dd61e82db7172a5?s=96&d=mm&r=g","contentUrl":"https:\/\/secure.gravatar.com\/avatar\/82eb951df6110a2c48d1bfa7a67d1ee6f0cd5df3cbf9c3586dd61e82db7172a5?s=96&d=mm&r=g","caption":"Claude DAYRES"},"url":"https:\/\/jumeaux91.fr\/blog\/author\/x91claude\/"}]}},"_links":{"self":[{"href":"https:\/\/jumeaux91.fr\/blog\/wp-json\/wp\/v2\/posts\/1663","targetHints":{"allow":["GET"]}}],"collection":[{"href":"https:\/\/jumeaux91.fr\/blog\/wp-json\/wp\/v2\/posts"}],"about":[{"href":"https:\/\/jumeaux91.fr\/blog\/wp-json\/wp\/v2\/types\/post"}],"author":[{"embeddable":true,"href":"https:\/\/jumeaux91.fr\/blog\/wp-json\/wp\/v2\/users\/2"}],"replies":[{"embeddable":true,"href":"https:\/\/jumeaux91.fr\/blog\/wp-json\/wp\/v2\/comments?post=1663"}],"version-history":[{"count":0,"href":"https:\/\/jumeaux91.fr\/blog\/wp-json\/wp\/v2\/posts\/1663\/revisions"}],"wp:featuredmedia":[{"embeddable":true,"href":"https:\/\/jumeaux91.fr\/blog\/wp-json\/wp\/v2\/media\/1664"}],"wp:attachment":[{"href":"https:\/\/jumeaux91.fr\/blog\/wp-json\/wp\/v2\/media?parent=1663"}],"wp:term":[{"taxonomy":"category","embeddable":true,"href":"https:\/\/jumeaux91.fr\/blog\/wp-json\/wp\/v2\/categories?post=1663"},{"taxonomy":"post_tag","embeddable":true,"href":"https:\/\/jumeaux91.fr\/blog\/wp-json\/wp\/v2\/tags?post=1663"}],"curies":[{"name":"wp","href":"https:\/\/api.w.org\/{rel}","templated":true}]}}