{"id":1671,"date":"2025-09-14T09:18:00","date_gmt":"2025-09-14T07:18:00","guid":{"rendered":"https:\/\/jumeaux91.fr\/blog\/les-freres-thuram-ont-declenche-un-veritable-incendie-mediatique-en-italie\/"},"modified":"2025-09-14T09:18:00","modified_gmt":"2025-09-14T07:18:00","slug":"les-freres-thuram-ont-declenche-un-veritable-incendie-mediatique-en-italie","status":"publish","type":"post","link":"https:\/\/jumeaux91.fr\/blog\/les-freres-thuram-ont-declenche-un-veritable-incendie-mediatique-en-italie\/","title":{"rendered":"Les fr\u00e8res Thuram ont d\u00e9clench\u00e9 un v\u00e9ritable incendie m\u00e9diatique en Italie"},"content":{"rendered":"<div><img decoding=\"async\" src=\"https:\/\/jumeaux91.fr\/blog\/wp-content\/uploads\/2025\/09\/les-freres-thuram-ont-declenche-un-veritable-incendie-mediatique-en-italie.jpg\" class=\"ff-og-image-inserted\"><\/div>\n<div data-live-id=\"articleContent.isLive\" data-live-value=\"17578691720\" data-live=\"0\" data-live-reload=\"1\">\n<p>Dans un Allianz Stadium en fusion, la <a href=\"https:\/\/www.footmercato.net\/club\/juventus\/\" target=\"_blank\" rel=\"nofollow\">Juventus<\/a> a sign\u00e9 samedi soir <a href=\"https:\/\/www.footmercato.net\/a947166465116492892-serie-a-la-juventus-turin-simpose-contre-linter-milan-apres-un-match-fou\" target=\"_blank\" rel=\"nofollow\">un succ\u00e8s retentissant contre l\u2019Inter Milan (4-3)<\/a>, au terme d\u2019un match compl\u00e8tement fou. Apr\u00e8s deux victoires inaugurales, les Bianconeri de leur nouvel entra\u00eeneur croate ont confirm\u00e9 leur dynamique en livrant une premi\u00e8re p\u00e9riode pleine d\u2019intensit\u00e9 et de caract\u00e8re. Port\u00e9e par un Lloyd Kelly d\u00e9j\u00e0 d\u00e9cisif puis par un missile de Kenan Yildiz, la Juve a su r\u00e9pondre au retour d\u2019Hakan \u00c7alhano\u011flu et rejoindre les vestiaires en t\u00eate. La seconde p\u00e9riode a \u00e9t\u00e9 encore plus spectaculaire : l\u2019Inter semblait avoir fait le plus dur en reprenant l\u2019avantage gr\u00e2ce \u00e0 \u00c7alhano\u011flu et <a href=\"https:\/\/www.footmercato.net\/joueur\/marcus-thuram\/\" target=\"_blank\" rel=\"nofollow\">Marcus Thuram<\/a>, avant que la Juventus, pouss\u00e9e par son public incandescent, n\u2019\u00e9galise par <a href=\"https:\/\/www.footmercato.net\/joueur\/khephren-thuram\/\" target=\"_blank\" rel=\"nofollow\">Kh\u00e9phren Thuram<\/a>, puis ne l\u2019emporte dans le temps additionnel gr\u00e2ce \u00e0 un missile d\u2019Ad\u017ei\u0107. Un sc\u00e9nario hitchcockien qui a \u00e9lectris\u00e9 tout le pays.<\/p>\n<div class=\"adWrapper adWrapper--m\"> <span>La suite apr\u00e8s cette publicit\u00e9<\/span> <\/div>\n<p>Si ce Derby restera dans les annales, c\u2019est en grande partie gr\u00e2ce aux Thuram. Les deux fils de <a href=\"https:\/\/www.footmercato.net\/joueur\/lilian-thuram\/\" target=\"_blank\" rel=\"nofollow\">Lilian<\/a> ont illumin\u00e9 la rencontre chacun \u00e0 leur mani\u00e8re. Marcus, d\u2019abord, en redonnant l\u2019avantage \u00e0 l\u2019Inter d\u2019une t\u00eate rageuse. Kh\u00e9phren, ensuite, en r\u00e9pondant six minutes plus tard d\u2019un coup de t\u00eate aussi puissant qu\u2019inattendu pour remettre la Juve \u00e0 hauteur et relancer l\u2019Allianz Stadium. Deux gestes quasi jumeaux, savour\u00e9s dans les tribunes par un p\u00e8re \u00e9mu et film\u00e9s par les cam\u00e9ras. Les deux fr\u00e8res sont devenus, samedi soir, les troisi\u00e8mes frangins de <a href=\"https:\/\/www.footmercato.net\/a4166788881251179516-les-freres-thuram-entrent-dans-lhistoire-de-la-serie-a\" target=\"_blank\" rel=\"nofollow\">l\u2019histoire de la Serie A<\/a> \u00e0 marquer lors d\u2019un m\u00eame match, apr\u00e8s les Nyers en 1949 et les Insigne en 2020. Une s\u00e9quence rare qui a plac\u00e9 le patronyme Thuram au centre de toutes les conversations.<\/p>\n<div class=\"adWrapper adWrapper--m\"> <span>La suite apr\u00e8s cette publicit\u00e9<\/span> <\/div>\n<h3>Deux fr\u00e8res et une grosse pol\u00e9mique<\/h3>\n<p>Mais derri\u00e8re cette carte postale familiale, une image a suscit\u00e9 la pol\u00e9mique : celle d\u2019un Marcus Thuram semblant ricaner avec son fr\u00e8re au moment m\u00eame o\u00f9 la VAR examinait le but d\u00e9cisif d\u2019Ad\u017ei\u0107. Maillots devant la bouche, br\u00e8ve conversation secr\u00e8te, et ce sourire interpr\u00e9t\u00e9 comme une provocation par une partie des tifosi nerazzurri, qui n\u2019avaient d\u00e9j\u00e0 pas dig\u00e9r\u00e9 l\u2019absence de c\u00e9l\u00e9bration de l\u2019attaquant interiste sur son propre but. Et d\u2019apr\u00e8s les informations de la <em>Gazzetta dello Sport<\/em>, la direction de l\u2019Inter Milan n\u2019a pas du tout appr\u00e9ci\u00e9 cette sc\u00e8ne. Sur les r\u00e9seaux sociaux, certains ont cri\u00e9 \u00e0 <em>\u00ab l\u2019attitude non professionnelle \u00bb<\/em>, d\u2019autres l\u2019ont d\u00e9fendu en rappelant que la r\u00e9vision concernait une possible faute de Kh\u00e9phren et qu\u2019il s\u2019agissait simplement d\u2019un \u00e9change familial. Kh\u00e9phren, lui, a pris la parole <a href=\"https:\/\/www.footmercato.net\/a8754673169681743497-juventus-khephren-thuram-revient-sur-la-discussion-avec-marcus-contre-linter\" target=\"_blank\" rel=\"nofollow\">apr\u00e8s le match pour d\u00e9fendre son a\u00een\u00e9<\/a> : <em>\u00ab Il m\u2019a f\u00e9licit\u00e9 du regard. Il \u00e9tait fier de moi, mais d\u00e9\u00e7u du but \u00bb<\/em>, a-t-il assur\u00e9 au micro de <em>DAZN<\/em>. En conf\u00e9rence de presse, Cristian Chivu a bott\u00e9 en touche quand le sujet a \u00e9t\u00e9 mis sur la table par les journalistes milanais, visiblement furieux : <em>\u00ab Je ne connais pas le contexte, je n\u2019ai rien vu, mais arr\u00eatons de nous disputer, car il ne faut pas toujours se mettre des b\u00e2tons dans les roues \u00bb<\/em>.<\/p>\n<p>Alors que <a href=\"https:\/\/www.footmercato.net\/a8481739455337249897-cristian-chivu-est-deja-en-grand-danger-a-linter-milan\" target=\"_blank\" rel=\"nofollow\">l\u2019Inter Milan hume peu \u00e0 peu le parfum d\u2019une crise \u00e0 l\u2019horizon<\/a>, l\u2019incendie impliquant Marcus Thuram devra rapidement s\u2019\u00e9teindre. Au-del\u00e0 des pol\u00e9miques, cette soir\u00e9e restera comme l\u2019un des moments les plus symboliques de la saison italienne. Kh\u00e9phren Thuram a incarn\u00e9 le s\u00e9rieux et la concentration jusqu\u2019au bout, exhortant la Juve \u00e0 \u00ab se ressaisir \u00bb apr\u00e8s son but. Marcus, malgr\u00e9 la d\u00e9faite et le tourbillon m\u00e9diatique, a confirm\u00e9 son poids dans l\u2019attaque de l\u2019Inter. Et Lilian, dans les tribunes, a savour\u00e9 l\u2019instant, t\u00e9moin d\u2019un duel in\u00e9dit entre ses deux fils au sommet de la <a href=\"https:\/\/www.footmercato.net\/italie\/serie-a\/\" target=\"_blank\" rel=\"nofollow\">Serie A<\/a>. Le Derby d\u2019Italie n\u2019a pas seulement livr\u00e9 un sc\u00e9nario fou : il a aussi racont\u00e9 une histoire de famille, de rivalit\u00e9 sportive et de respect mutuel, qui restera longtemps dans les m\u00e9moires des supporters comme des observateurs du football italien.<\/p>\n<\/p><\/div>\n<p> <span>Pub. le 14\/09\/2025 16:05<\/span> <span>&#8211; MAJ le 14\/09\/2025 18:59<\/span> <\/p>\n<p>La chronique se veut g\u00e9n\u00e9r\u00e9e de la fa\u00e7on la plus claire que possible. Dans le cas o\u00f9 vous souhaitez pr\u00e9senter des renseignements compl\u00e9mentaires \u00e0 cet article sur le sujet \u00ab\u00a0Fr\u00e8res jumeaux de l&rsquo;Essonnes\u00a0\u00bb il vous est possible d\u2019\u00e9crire aux contacts indiqu\u00e9s sur notre website. La raison d\u2019\u00eatre de jumeaux91.fr \u00e9tant de rassembler sur le web des posts sur le sujet de Fr\u00e8res jumeaux de l&rsquo;Essonnes puis les diffuser en r\u00e9pondant au mieux aux interrogations des gens. Vous pouvez tirer profit de cet article traitant le sujet \u00ab\u00a0Fr\u00e8res jumeaux de l&rsquo;Essonnes\u00a0\u00bb. Il est concoct\u00e9 par l\u2019\u00e9quipe jumeaux91.fr. Prochainement, nous rendrons accessibles au public d&rsquo;autres informations pertinentes sur le sujet \u00ab\u00a0Fr\u00e8res jumeaux de l&rsquo;Essonnes\u00a0\u00bb. Alors, consultez syst\u00e9matiquement notre blog.<\/p>\n","protected":false},"excerpt":{"rendered":"<p>Dans un Allianz Stadium en fusion, la Juventus a sign\u00e9 samedi soir un succ\u00e8s retentissant contre l\u2019Inter Milan (4-3), au terme d\u2019un match compl\u00e8tement fou. Apr\u00e8s deux victoires inaugurales, les Bianconeri de leur nouvel entra\u00eeneur croate ont confirm\u00e9 leur dynamique en livrant une premi\u00e8re p\u00e9riode pleine d\u2019intensit\u00e9 et de caract\u00e8re. Port\u00e9e par un Lloyd Kelly&hellip; <a class=\"more-link\" href=\"https:\/\/jumeaux91.fr\/blog\/les-freres-thuram-ont-declenche-un-veritable-incendie-mediatique-en-italie\/\">Poursuivre la lecture <span class=\"screen-reader-text\">Les fr\u00e8res Thuram ont d\u00e9clench\u00e9 un v\u00e9ritable incendie m\u00e9diatique en Italie<\/span><\/a><\/p>\n","protected":false},"author":2,"featured_media":1672,"comment_status":"closed","ping_status":"closed","sticky":false,"template":"","format":"standard","meta":{"footnotes":""},"categories":[4],"tags":[],"class_list":["post-1671","post","type-post","status-publish","format-standard","has-post-thumbnail","hentry","category-posts-freres-jumeaux-de-lessonnes","entry"],"yoast_head":"<!-- This site is optimized with the Yoast SEO plugin v27.5 - https:\/\/yoast.com\/product\/yoast-seo-wordpress\/ -->\n<title>Les fr\u00e8res Thuram ont d\u00e9clench\u00e9 un v\u00e9ritable incendie m\u00e9diatique en Italie - JUMEAUX91<\/title>\n<meta name=\"robots\" content=\"index, follow, max-snippet:-1, max-image-preview:large, max-video-preview:-1\" \/>\n<link rel=\"canonical\" href=\"https:\/\/jumeaux91.fr\/blog\/les-freres-thuram-ont-declenche-un-veritable-incendie-mediatique-en-italie\/\" \/>\n<meta property=\"og:locale\" content=\"fr_FR\" \/>\n<meta property=\"og:type\" content=\"article\" \/>\n<meta property=\"og:title\" content=\"Les fr\u00e8res Thuram ont d\u00e9clench\u00e9 un v\u00e9ritable incendie m\u00e9diatique en Italie - JUMEAUX91\" \/>\n<meta property=\"og:description\" content=\"Dans un Allianz Stadium en fusion, la Juventus a sign\u00e9 samedi soir un succ\u00e8s retentissant contre l\u2019Inter Milan (4-3), au terme d\u2019un match compl\u00e8tement fou. Apr\u00e8s deux victoires inaugurales, les Bianconeri de leur nouvel entra\u00eeneur croate ont confirm\u00e9 leur dynamique en livrant une premi\u00e8re p\u00e9riode pleine d\u2019intensit\u00e9 et de caract\u00e8re. Port\u00e9e par un Lloyd Kelly&hellip; Poursuivre la lecture Les fr\u00e8res Thuram ont d\u00e9clench\u00e9 un v\u00e9ritable incendie m\u00e9diatique en Italie\" \/>\n<meta property=\"og:url\" content=\"https:\/\/jumeaux91.fr\/blog\/les-freres-thuram-ont-declenche-un-veritable-incendie-mediatique-en-italie\/\" \/>\n<meta property=\"og:site_name\" content=\"JUMEAUX91\" \/>\n<meta property=\"article:published_time\" content=\"2025-09-14T07:18:00+00:00\" \/>\n<meta property=\"og:image\" content=\"https:\/\/jumeaux91.fr\/blog\/wp-content\/uploads\/2025\/09\/les-freres-thuram-ont-declenche-un-veritable-incendie-mediatique-en-italie.jpg\" \/>\n<meta name=\"author\" content=\"Claude DAYRES\" \/>\n<meta name=\"twitter:card\" content=\"summary_large_image\" \/>\n<meta name=\"twitter:label1\" content=\"\u00c9crit par\" \/>\n\t<meta name=\"twitter:data1\" content=\"Claude DAYRES\" \/>\n\t<meta name=\"twitter:label2\" content=\"Dur\u00e9e de lecture estim\u00e9e\" \/>\n\t<meta name=\"twitter:data2\" content=\"4 minutes\" \/>\n<script type=\"application\/ld+json\" class=\"yoast-schema-graph\">{\"@context\":\"https:\\\/\\\/schema.org\",\"@graph\":[{\"@type\":\"Article\",\"@id\":\"https:\\\/\\\/jumeaux91.fr\\\/blog\\\/les-freres-thuram-ont-declenche-un-veritable-incendie-mediatique-en-italie\\\/#article\",\"isPartOf\":{\"@id\":\"https:\\\/\\\/jumeaux91.fr\\\/blog\\\/les-freres-thuram-ont-declenche-un-veritable-incendie-mediatique-en-italie\\\/\"},\"author\":{\"name\":\"Claude DAYRES\",\"@id\":\"https:\\\/\\\/jumeaux91.fr\\\/blog\\\/#\\\/schema\\\/person\\\/21da06e9f119b9f64e5d45dbbd32d3fb\"},\"headline\":\"Les fr\u00e8res Thuram ont d\u00e9clench\u00e9 un v\u00e9ritable incendie m\u00e9diatique en Italie\",\"datePublished\":\"2025-09-14T07:18:00+00:00\",\"mainEntityOfPage\":{\"@id\":\"https:\\\/\\\/jumeaux91.fr\\\/blog\\\/les-freres-thuram-ont-declenche-un-veritable-incendie-mediatique-en-italie\\\/\"},\"wordCount\":895,\"publisher\":{\"@id\":\"https:\\\/\\\/jumeaux91.fr\\\/blog\\\/#organization\"},\"image\":{\"@id\":\"https:\\\/\\\/jumeaux91.fr\\\/blog\\\/les-freres-thuram-ont-declenche-un-veritable-incendie-mediatique-en-italie\\\/#primaryimage\"},\"thumbnailUrl\":\"https:\\\/\\\/jumeaux91.fr\\\/blog\\\/wp-content\\\/uploads\\\/2025\\\/09\\\/les-freres-thuram-ont-declenche-un-veritable-incendie-mediatique-en-italie.jpg\",\"articleSection\":[\"Posts Fr\u00e8res Jumeaux De L'Essonnes:\"],\"inLanguage\":\"fr-FR\"},{\"@type\":\"WebPage\",\"@id\":\"https:\\\/\\\/jumeaux91.fr\\\/blog\\\/les-freres-thuram-ont-declenche-un-veritable-incendie-mediatique-en-italie\\\/\",\"url\":\"https:\\\/\\\/jumeaux91.fr\\\/blog\\\/les-freres-thuram-ont-declenche-un-veritable-incendie-mediatique-en-italie\\\/\",\"name\":\"Les fr\u00e8res Thuram ont d\u00e9clench\u00e9 un v\u00e9ritable incendie m\u00e9diatique en Italie - JUMEAUX91\",\"isPartOf\":{\"@id\":\"https:\\\/\\\/jumeaux91.fr\\\/blog\\\/#website\"},\"primaryImageOfPage\":{\"@id\":\"https:\\\/\\\/jumeaux91.fr\\\/blog\\\/les-freres-thuram-ont-declenche-un-veritable-incendie-mediatique-en-italie\\\/#primaryimage\"},\"image\":{\"@id\":\"https:\\\/\\\/jumeaux91.fr\\\/blog\\\/les-freres-thuram-ont-declenche-un-veritable-incendie-mediatique-en-italie\\\/#primaryimage\"},\"thumbnailUrl\":\"https:\\\/\\\/jumeaux91.fr\\\/blog\\\/wp-content\\\/uploads\\\/2025\\\/09\\\/les-freres-thuram-ont-declenche-un-veritable-incendie-mediatique-en-italie.jpg\",\"datePublished\":\"2025-09-14T07:18:00+00:00\",\"breadcrumb\":{\"@id\":\"https:\\\/\\\/jumeaux91.fr\\\/blog\\\/les-freres-thuram-ont-declenche-un-veritable-incendie-mediatique-en-italie\\\/#breadcrumb\"},\"inLanguage\":\"fr-FR\",\"potentialAction\":[{\"@type\":\"ReadAction\",\"target\":[\"https:\\\/\\\/jumeaux91.fr\\\/blog\\\/les-freres-thuram-ont-declenche-un-veritable-incendie-mediatique-en-italie\\\/\"]}]},{\"@type\":\"ImageObject\",\"inLanguage\":\"fr-FR\",\"@id\":\"https:\\\/\\\/jumeaux91.fr\\\/blog\\\/les-freres-thuram-ont-declenche-un-veritable-incendie-mediatique-en-italie\\\/#primaryimage\",\"url\":\"https:\\\/\\\/jumeaux91.fr\\\/blog\\\/wp-content\\\/uploads\\\/2025\\\/09\\\/les-freres-thuram-ont-declenche-un-veritable-incendie-mediatique-en-italie.jpg\",\"contentUrl\":\"https:\\\/\\\/jumeaux91.fr\\\/blog\\\/wp-content\\\/uploads\\\/2025\\\/09\\\/les-freres-thuram-ont-declenche-un-veritable-incendie-mediatique-en-italie.jpg\",\"width\":1200,\"height\":675,\"caption\":\"Les fr\u00e8res Thuram ont d\u00e9clench\u00e9 un v\u00e9ritable incendie m\u00e9diatique en Italie\"},{\"@type\":\"BreadcrumbList\",\"@id\":\"https:\\\/\\\/jumeaux91.fr\\\/blog\\\/les-freres-thuram-ont-declenche-un-veritable-incendie-mediatique-en-italie\\\/#breadcrumb\",\"itemListElement\":[{\"@type\":\"ListItem\",\"position\":1,\"name\":\"Accueil\",\"item\":\"https:\\\/\\\/jumeaux91.fr\\\/blog\\\/\"},{\"@type\":\"ListItem\",\"position\":2,\"name\":\"Les fr\u00e8res Thuram ont d\u00e9clench\u00e9 un v\u00e9ritable incendie m\u00e9diatique en Italie\"}]},{\"@type\":\"WebSite\",\"@id\":\"https:\\\/\\\/jumeaux91.fr\\\/blog\\\/#website\",\"url\":\"https:\\\/\\\/jumeaux91.fr\\\/blog\\\/\",\"name\":\"JUMEAUX91\",\"description\":\"Fr\u00e8res jumeaux de l&#039;Essonnes; informations et archives, \u00e0 savoir et retenir.\",\"publisher\":{\"@id\":\"https:\\\/\\\/jumeaux91.fr\\\/blog\\\/#organization\"},\"potentialAction\":[{\"@type\":\"SearchAction\",\"target\":{\"@type\":\"EntryPoint\",\"urlTemplate\":\"https:\\\/\\\/jumeaux91.fr\\\/blog\\\/?s={search_term_string}\"},\"query-input\":{\"@type\":\"PropertyValueSpecification\",\"valueRequired\":true,\"valueName\":\"search_term_string\"}}],\"inLanguage\":\"fr-FR\"},{\"@type\":\"Organization\",\"@id\":\"https:\\\/\\\/jumeaux91.fr\\\/blog\\\/#organization\",\"name\":\"jumeaux91\",\"url\":\"https:\\\/\\\/jumeaux91.fr\\\/blog\\\/\",\"logo\":{\"@type\":\"ImageObject\",\"inLanguage\":\"fr-FR\",\"@id\":\"https:\\\/\\\/jumeaux91.fr\\\/blog\\\/#\\\/schema\\\/logo\\\/image\\\/\",\"url\":\"https:\\\/\\\/jumeaux91.fr\\\/blog\\\/wp-content\\\/uploads\\\/2023\\\/05\\\/cropped-cropped-logoJ_91.png\",\"contentUrl\":\"https:\\\/\\\/jumeaux91.fr\\\/blog\\\/wp-content\\\/uploads\\\/2023\\\/05\\\/cropped-cropped-logoJ_91.png\",\"width\":512,\"height\":512,\"caption\":\"jumeaux91\"},\"image\":{\"@id\":\"https:\\\/\\\/jumeaux91.fr\\\/blog\\\/#\\\/schema\\\/logo\\\/image\\\/\"}},{\"@type\":\"Person\",\"@id\":\"https:\\\/\\\/jumeaux91.fr\\\/blog\\\/#\\\/schema\\\/person\\\/21da06e9f119b9f64e5d45dbbd32d3fb\",\"name\":\"Claude DAYRES\",\"image\":{\"@type\":\"ImageObject\",\"inLanguage\":\"fr-FR\",\"@id\":\"https:\\\/\\\/secure.gravatar.com\\\/avatar\\\/82eb951df6110a2c48d1bfa7a67d1ee6f0cd5df3cbf9c3586dd61e82db7172a5?s=96&d=mm&r=g\",\"url\":\"https:\\\/\\\/secure.gravatar.com\\\/avatar\\\/82eb951df6110a2c48d1bfa7a67d1ee6f0cd5df3cbf9c3586dd61e82db7172a5?s=96&d=mm&r=g\",\"contentUrl\":\"https:\\\/\\\/secure.gravatar.com\\\/avatar\\\/82eb951df6110a2c48d1bfa7a67d1ee6f0cd5df3cbf9c3586dd61e82db7172a5?s=96&d=mm&r=g\",\"caption\":\"Claude DAYRES\"},\"url\":\"https:\\\/\\\/jumeaux91.fr\\\/blog\\\/author\\\/x91claude\\\/\"}]}<\/script>\n<!-- \/ Yoast SEO plugin. -->","yoast_head_json":{"title":"Les fr\u00e8res Thuram ont d\u00e9clench\u00e9 un v\u00e9ritable incendie m\u00e9diatique en Italie - JUMEAUX91","robots":{"index":"index","follow":"follow","max-snippet":"max-snippet:-1","max-image-preview":"max-image-preview:large","max-video-preview":"max-video-preview:-1"},"canonical":"https:\/\/jumeaux91.fr\/blog\/les-freres-thuram-ont-declenche-un-veritable-incendie-mediatique-en-italie\/","og_locale":"fr_FR","og_type":"article","og_title":"Les fr\u00e8res Thuram ont d\u00e9clench\u00e9 un v\u00e9ritable incendie m\u00e9diatique en Italie - JUMEAUX91","og_description":"Dans un Allianz Stadium en fusion, la Juventus a sign\u00e9 samedi soir un succ\u00e8s retentissant contre l\u2019Inter Milan (4-3), au terme d\u2019un match compl\u00e8tement fou. Apr\u00e8s deux victoires inaugurales, les Bianconeri de leur nouvel entra\u00eeneur croate ont confirm\u00e9 leur dynamique en livrant une premi\u00e8re p\u00e9riode pleine d\u2019intensit\u00e9 et de caract\u00e8re. Port\u00e9e par un Lloyd Kelly&hellip; Poursuivre la lecture Les fr\u00e8res Thuram ont d\u00e9clench\u00e9 un v\u00e9ritable incendie m\u00e9diatique en Italie","og_url":"https:\/\/jumeaux91.fr\/blog\/les-freres-thuram-ont-declenche-un-veritable-incendie-mediatique-en-italie\/","og_site_name":"JUMEAUX91","article_published_time":"2025-09-14T07:18:00+00:00","og_image":[{"url":"https:\/\/jumeaux91.fr\/blog\/wp-content\/uploads\/2025\/09\/les-freres-thuram-ont-declenche-un-veritable-incendie-mediatique-en-italie.jpg","type":"","width":"","height":""}],"author":"Claude DAYRES","twitter_card":"summary_large_image","twitter_misc":{"\u00c9crit par":"Claude DAYRES","Dur\u00e9e de lecture estim\u00e9e":"4 minutes"},"schema":{"@context":"https:\/\/schema.org","@graph":[{"@type":"Article","@id":"https:\/\/jumeaux91.fr\/blog\/les-freres-thuram-ont-declenche-un-veritable-incendie-mediatique-en-italie\/#article","isPartOf":{"@id":"https:\/\/jumeaux91.fr\/blog\/les-freres-thuram-ont-declenche-un-veritable-incendie-mediatique-en-italie\/"},"author":{"name":"Claude DAYRES","@id":"https:\/\/jumeaux91.fr\/blog\/#\/schema\/person\/21da06e9f119b9f64e5d45dbbd32d3fb"},"headline":"Les fr\u00e8res Thuram ont d\u00e9clench\u00e9 un v\u00e9ritable incendie m\u00e9diatique en Italie","datePublished":"2025-09-14T07:18:00+00:00","mainEntityOfPage":{"@id":"https:\/\/jumeaux91.fr\/blog\/les-freres-thuram-ont-declenche-un-veritable-incendie-mediatique-en-italie\/"},"wordCount":895,"publisher":{"@id":"https:\/\/jumeaux91.fr\/blog\/#organization"},"image":{"@id":"https:\/\/jumeaux91.fr\/blog\/les-freres-thuram-ont-declenche-un-veritable-incendie-mediatique-en-italie\/#primaryimage"},"thumbnailUrl":"https:\/\/jumeaux91.fr\/blog\/wp-content\/uploads\/2025\/09\/les-freres-thuram-ont-declenche-un-veritable-incendie-mediatique-en-italie.jpg","articleSection":["Posts Fr\u00e8res Jumeaux De L'Essonnes:"],"inLanguage":"fr-FR"},{"@type":"WebPage","@id":"https:\/\/jumeaux91.fr\/blog\/les-freres-thuram-ont-declenche-un-veritable-incendie-mediatique-en-italie\/","url":"https:\/\/jumeaux91.fr\/blog\/les-freres-thuram-ont-declenche-un-veritable-incendie-mediatique-en-italie\/","name":"Les fr\u00e8res Thuram ont d\u00e9clench\u00e9 un v\u00e9ritable incendie m\u00e9diatique en Italie - JUMEAUX91","isPartOf":{"@id":"https:\/\/jumeaux91.fr\/blog\/#website"},"primaryImageOfPage":{"@id":"https:\/\/jumeaux91.fr\/blog\/les-freres-thuram-ont-declenche-un-veritable-incendie-mediatique-en-italie\/#primaryimage"},"image":{"@id":"https:\/\/jumeaux91.fr\/blog\/les-freres-thuram-ont-declenche-un-veritable-incendie-mediatique-en-italie\/#primaryimage"},"thumbnailUrl":"https:\/\/jumeaux91.fr\/blog\/wp-content\/uploads\/2025\/09\/les-freres-thuram-ont-declenche-un-veritable-incendie-mediatique-en-italie.jpg","datePublished":"2025-09-14T07:18:00+00:00","breadcrumb":{"@id":"https:\/\/jumeaux91.fr\/blog\/les-freres-thuram-ont-declenche-un-veritable-incendie-mediatique-en-italie\/#breadcrumb"},"inLanguage":"fr-FR","potentialAction":[{"@type":"ReadAction","target":["https:\/\/jumeaux91.fr\/blog\/les-freres-thuram-ont-declenche-un-veritable-incendie-mediatique-en-italie\/"]}]},{"@type":"ImageObject","inLanguage":"fr-FR","@id":"https:\/\/jumeaux91.fr\/blog\/les-freres-thuram-ont-declenche-un-veritable-incendie-mediatique-en-italie\/#primaryimage","url":"https:\/\/jumeaux91.fr\/blog\/wp-content\/uploads\/2025\/09\/les-freres-thuram-ont-declenche-un-veritable-incendie-mediatique-en-italie.jpg","contentUrl":"https:\/\/jumeaux91.fr\/blog\/wp-content\/uploads\/2025\/09\/les-freres-thuram-ont-declenche-un-veritable-incendie-mediatique-en-italie.jpg","width":1200,"height":675,"caption":"Les fr\u00e8res Thuram ont d\u00e9clench\u00e9 un v\u00e9ritable incendie m\u00e9diatique en Italie"},{"@type":"BreadcrumbList","@id":"https:\/\/jumeaux91.fr\/blog\/les-freres-thuram-ont-declenche-un-veritable-incendie-mediatique-en-italie\/#breadcrumb","itemListElement":[{"@type":"ListItem","position":1,"name":"Accueil","item":"https:\/\/jumeaux91.fr\/blog\/"},{"@type":"ListItem","position":2,"name":"Les fr\u00e8res Thuram ont d\u00e9clench\u00e9 un v\u00e9ritable incendie m\u00e9diatique en Italie"}]},{"@type":"WebSite","@id":"https:\/\/jumeaux91.fr\/blog\/#website","url":"https:\/\/jumeaux91.fr\/blog\/","name":"JUMEAUX91","description":"Fr\u00e8res jumeaux de l&#039;Essonnes; informations et archives, \u00e0 savoir et retenir.","publisher":{"@id":"https:\/\/jumeaux91.fr\/blog\/#organization"},"potentialAction":[{"@type":"SearchAction","target":{"@type":"EntryPoint","urlTemplate":"https:\/\/jumeaux91.fr\/blog\/?s={search_term_string}"},"query-input":{"@type":"PropertyValueSpecification","valueRequired":true,"valueName":"search_term_string"}}],"inLanguage":"fr-FR"},{"@type":"Organization","@id":"https:\/\/jumeaux91.fr\/blog\/#organization","name":"jumeaux91","url":"https:\/\/jumeaux91.fr\/blog\/","logo":{"@type":"ImageObject","inLanguage":"fr-FR","@id":"https:\/\/jumeaux91.fr\/blog\/#\/schema\/logo\/image\/","url":"https:\/\/jumeaux91.fr\/blog\/wp-content\/uploads\/2023\/05\/cropped-cropped-logoJ_91.png","contentUrl":"https:\/\/jumeaux91.fr\/blog\/wp-content\/uploads\/2023\/05\/cropped-cropped-logoJ_91.png","width":512,"height":512,"caption":"jumeaux91"},"image":{"@id":"https:\/\/jumeaux91.fr\/blog\/#\/schema\/logo\/image\/"}},{"@type":"Person","@id":"https:\/\/jumeaux91.fr\/blog\/#\/schema\/person\/21da06e9f119b9f64e5d45dbbd32d3fb","name":"Claude DAYRES","image":{"@type":"ImageObject","inLanguage":"fr-FR","@id":"https:\/\/secure.gravatar.com\/avatar\/82eb951df6110a2c48d1bfa7a67d1ee6f0cd5df3cbf9c3586dd61e82db7172a5?s=96&d=mm&r=g","url":"https:\/\/secure.gravatar.com\/avatar\/82eb951df6110a2c48d1bfa7a67d1ee6f0cd5df3cbf9c3586dd61e82db7172a5?s=96&d=mm&r=g","contentUrl":"https:\/\/secure.gravatar.com\/avatar\/82eb951df6110a2c48d1bfa7a67d1ee6f0cd5df3cbf9c3586dd61e82db7172a5?s=96&d=mm&r=g","caption":"Claude DAYRES"},"url":"https:\/\/jumeaux91.fr\/blog\/author\/x91claude\/"}]}},"_links":{"self":[{"href":"https:\/\/jumeaux91.fr\/blog\/wp-json\/wp\/v2\/posts\/1671","targetHints":{"allow":["GET"]}}],"collection":[{"href":"https:\/\/jumeaux91.fr\/blog\/wp-json\/wp\/v2\/posts"}],"about":[{"href":"https:\/\/jumeaux91.fr\/blog\/wp-json\/wp\/v2\/types\/post"}],"author":[{"embeddable":true,"href":"https:\/\/jumeaux91.fr\/blog\/wp-json\/wp\/v2\/users\/2"}],"replies":[{"embeddable":true,"href":"https:\/\/jumeaux91.fr\/blog\/wp-json\/wp\/v2\/comments?post=1671"}],"version-history":[{"count":0,"href":"https:\/\/jumeaux91.fr\/blog\/wp-json\/wp\/v2\/posts\/1671\/revisions"}],"wp:featuredmedia":[{"embeddable":true,"href":"https:\/\/jumeaux91.fr\/blog\/wp-json\/wp\/v2\/media\/1672"}],"wp:attachment":[{"href":"https:\/\/jumeaux91.fr\/blog\/wp-json\/wp\/v2\/media?parent=1671"}],"wp:term":[{"taxonomy":"category","embeddable":true,"href":"https:\/\/jumeaux91.fr\/blog\/wp-json\/wp\/v2\/categories?post=1671"},{"taxonomy":"post_tag","embeddable":true,"href":"https:\/\/jumeaux91.fr\/blog\/wp-json\/wp\/v2\/tags?post=1671"}],"curies":[{"name":"wp","href":"https:\/\/api.w.org\/{rel}","templated":true}]}}