{"id":1679,"date":"2025-07-05T19:00:00","date_gmt":"2025-07-05T17:00:00","guid":{"rendered":"https:\/\/jumeaux91.fr\/blog\/allemagne-deux-freres-jumeaux-meurent-a-trottinette-electrique-percutes-par-une-voiture\/"},"modified":"2025-07-05T19:00:00","modified_gmt":"2025-07-05T17:00:00","slug":"allemagne-deux-freres-jumeaux-meurent-a-trottinette-electrique-percutes-par-une-voiture","status":"publish","type":"post","link":"https:\/\/jumeaux91.fr\/blog\/allemagne-deux-freres-jumeaux-meurent-a-trottinette-electrique-percutes-par-une-voiture\/","title":{"rendered":"Allemagne Deux fr\u00e8res jumeaux meurent \u00e0 trottinette \u00e9lectrique, percut\u00e9s par une voiture"},"content":{"rendered":"<div><img decoding=\"async\" src=\"https:\/\/jumeaux91.fr\/blog\/wp-content\/uploads\/2025\/09\/allemagne-deux-freres-jumeaux-meurent-a-trottinette-electrique-percutes-par-une-voiture.jpg\" class=\"ff-og-image-inserted\"><\/div>\n<div>\n<p>Deux jeunes hommes de 23 ans sont morts et un autre a \u00e9t\u00e9 gri\u00e8vement bless\u00e9 apr\u00e8s qu&rsquo;une voiture a percut\u00e9 deux trottinettes \u00e9lectriques dans la nuit de samedi \u00e0 dimanche \u00e0 Francfort-sur-le-Main, dans l&rsquo;ouest de l&rsquo;Allemagne, a indiqu\u00e9 la police.<\/p>\n<\/div>\n<div id>\n<div class=\"consentModule_text\">\n<p>Ce contenu est bloqu\u00e9 car vous n&rsquo;avez pas accept\u00e9 les cookies et autres traceurs.<\/p>\n<p>En cliquant sur <span class=\"bold\">\u00ab J\u2019accepte \u00bb<\/span>, les cookies et autres traceurs seront d\u00e9pos\u00e9s et vous pourrez visualiser les contenus <span class=\"consentModule_purpose\"><\/span> (<a href=\"https:\/\/www.lalsace.fr\/faits-divers-justice\/2025\/07\/06\/deux-freres-jumeaux-meurent-en-trottinette-electrique-percutes-par-une-voiture\" class=\"consentModule_policy\" target=\"_blank\" title=\"Consulter la politique de protection des donn\u00e9es du fournisseur\" rel=\"nofollow\">plus d&rsquo;informations<\/a>).<\/p>\n<p>En cliquant sur <span class=\"bold\">\u00ab J\u2019accepte tous les cookies \u00bb<\/span>, vous autorisez des d\u00e9p\u00f4ts de cookies et autres traceurs pour le stockage de vos donn\u00e9es sur nos sites et applications \u00e0 des fins de personnalisation et de ciblage publicitaire.<\/p>\n<p class=\"consentModule_secondaryText\">Vous gardez la possibilit\u00e9 de retirer votre consentement \u00e0 tout moment en consultant notre <a href=\"https:\/\/www.lalsace.fr\/protection-des-donnees\" target=\"_blank\" title=\"Consulter notre politique de protection des donn\u00e9es\" rel=\"nofollow\">politique de protection des donn\u00e9es<\/a>. <br \/><a href=\"Didomi.notice.show()\" class=\"consentModule_cmp\" target=\"_blank\" rel=\"nofollow\">G\u00e9rer mes choix<\/a> <\/p>\n<p> <button class=\"acceptConsent\" id title=\"J'accepte\">J&rsquo;accepte<\/button> <button class=\"acceptAllConsent\" id title=\"J'accepte tous les cookies\">J&rsquo;accepte tous les cookies<\/button> <\/p>\n<\/p><\/div>\n<\/div>\n<div>\n<p>Selon les autorit\u00e9s, le conducteur, \u00e2g\u00e9 de 23 ans, a quitt\u00e9 pour une raison encore inconnue la chauss\u00e9e pour monter sur une piste cyclable, o\u00f9 il a d\u2019abord heurt\u00e9 une premi\u00e8re trottinette \u00e9lectrique transportant deux hommes du m\u00eame \u00e2ge.<\/p>\n<p>L&rsquo;un est d\u00e9c\u00e9d\u00e9 sur place, son fr\u00e8re jumeau est mort plus tard \u00e0 l&rsquo;h\u00f4pital. Une deuxi\u00e8me trottinette \u00e9lectrique, conduit par un homme de 27 ans, a \u00e9galement \u00e9t\u00e9 percut\u00e9e et tra\u00een\u00e9e sur plusieurs m\u00e8tres. Ce dernier a \u00e9t\u00e9 hospitalis\u00e9 dans un \u00e9tat grave.<\/p>\n<p>Le conducteur de la voiture avait pris la fuite avant de se rendre de lui-m\u00eame \u00e0 la police peu apr\u00e8s les faits. En 2024, le nombre d&rsquo;usagers d&rsquo;engins de d\u00e9placement personnel motoris\u00e9s (trottinettes \u00e9lectriques, gyropodes, etc.) a caus\u00e9 26 morts et 10 802 bless\u00e9s en Allemagne, selon l&rsquo;office statistique Destatis.<\/p>\n<\/div>\n<p>La chronique se veut g\u00e9n\u00e9r\u00e9e de la fa\u00e7on la plus claire que possible. Dans le cas o\u00f9 vous souhaitez pr\u00e9senter des renseignements compl\u00e9mentaires \u00e0 cet article sur le sujet \u00ab\u00a0Fr\u00e8res jumeaux de l&rsquo;Essonnes\u00a0\u00bb il vous est possible d\u2019\u00e9crire aux contacts indiqu\u00e9s sur notre website. La raison d\u2019\u00eatre de jumeaux91.fr \u00e9tant de rassembler sur le web des posts sur le sujet de Fr\u00e8res jumeaux de l&rsquo;Essonnes puis les diffuser en r\u00e9pondant au mieux aux interrogations des gens. Vous pouvez tirer profit de cet article traitant le sujet \u00ab\u00a0Fr\u00e8res jumeaux de l&rsquo;Essonnes\u00a0\u00bb. Il est concoct\u00e9 par l\u2019\u00e9quipe jumeaux91.fr. Prochainement, nous rendrons accessibles au public d&rsquo;autres informations pertinentes sur le sujet \u00ab\u00a0Fr\u00e8res jumeaux de l&rsquo;Essonnes\u00a0\u00bb. Alors, consultez syst\u00e9matiquement notre blog.<\/p>\n","protected":false},"excerpt":{"rendered":"<p>Deux jeunes hommes de 23 ans sont morts et un autre a \u00e9t\u00e9 gri\u00e8vement bless\u00e9 apr\u00e8s qu&rsquo;une voiture a percut\u00e9 deux trottinettes \u00e9lectriques dans la nuit de samedi \u00e0 dimanche \u00e0 Francfort-sur-le-Main, dans l&rsquo;ouest de l&rsquo;Allemagne, a indiqu\u00e9 la police. Ce contenu est bloqu\u00e9 car vous n&rsquo;avez pas accept\u00e9 les cookies et autres traceurs. En&hellip; <a class=\"more-link\" href=\"https:\/\/jumeaux91.fr\/blog\/allemagne-deux-freres-jumeaux-meurent-a-trottinette-electrique-percutes-par-une-voiture\/\">Poursuivre la lecture <span class=\"screen-reader-text\">Allemagne Deux fr\u00e8res jumeaux meurent \u00e0 trottinette \u00e9lectrique, percut\u00e9s par une voiture<\/span><\/a><\/p>\n","protected":false},"author":2,"featured_media":1680,"comment_status":"closed","ping_status":"closed","sticky":false,"template":"","format":"standard","meta":{"footnotes":""},"categories":[4],"tags":[],"class_list":["post-1679","post","type-post","status-publish","format-standard","has-post-thumbnail","hentry","category-posts-freres-jumeaux-de-lessonnes","entry"],"yoast_head":"<!-- This site is optimized with the Yoast SEO plugin v27.5 - https:\/\/yoast.com\/product\/yoast-seo-wordpress\/ -->\n<title>Allemagne Deux fr\u00e8res jumeaux meurent \u00e0 trottinette \u00e9lectrique, percut\u00e9s par une voiture - JUMEAUX91<\/title>\n<meta name=\"robots\" content=\"index, follow, max-snippet:-1, max-image-preview:large, max-video-preview:-1\" \/>\n<link rel=\"canonical\" href=\"https:\/\/jumeaux91.fr\/blog\/allemagne-deux-freres-jumeaux-meurent-a-trottinette-electrique-percutes-par-une-voiture\/\" \/>\n<meta property=\"og:locale\" content=\"fr_FR\" \/>\n<meta property=\"og:type\" content=\"article\" \/>\n<meta property=\"og:title\" content=\"Allemagne Deux fr\u00e8res jumeaux meurent \u00e0 trottinette \u00e9lectrique, percut\u00e9s par une voiture - JUMEAUX91\" \/>\n<meta property=\"og:description\" content=\"Deux jeunes hommes de 23 ans sont morts et un autre a \u00e9t\u00e9 gri\u00e8vement bless\u00e9 apr\u00e8s qu&rsquo;une voiture a percut\u00e9 deux trottinettes \u00e9lectriques dans la nuit de samedi \u00e0 dimanche \u00e0 Francfort-sur-le-Main, dans l&rsquo;ouest de l&rsquo;Allemagne, a indiqu\u00e9 la police. Ce contenu est bloqu\u00e9 car vous n&rsquo;avez pas accept\u00e9 les cookies et autres traceurs. En&hellip; Poursuivre la lecture Allemagne Deux fr\u00e8res jumeaux meurent \u00e0 trottinette \u00e9lectrique, percut\u00e9s par une voiture\" \/>\n<meta property=\"og:url\" content=\"https:\/\/jumeaux91.fr\/blog\/allemagne-deux-freres-jumeaux-meurent-a-trottinette-electrique-percutes-par-une-voiture\/\" \/>\n<meta property=\"og:site_name\" content=\"JUMEAUX91\" \/>\n<meta property=\"article:published_time\" content=\"2025-07-05T17:00:00+00:00\" \/>\n<meta property=\"og:image\" content=\"https:\/\/jumeaux91.fr\/blog\/wp-content\/uploads\/2025\/09\/allemagne-deux-freres-jumeaux-meurent-a-trottinette-electrique-percutes-par-une-voiture.jpg\" \/>\n<meta name=\"author\" content=\"Claude DAYRES\" \/>\n<meta name=\"twitter:card\" content=\"summary_large_image\" \/>\n<meta name=\"twitter:label1\" content=\"\u00c9crit par\" \/>\n\t<meta name=\"twitter:data1\" content=\"Claude DAYRES\" \/>\n\t<meta name=\"twitter:label2\" content=\"Dur\u00e9e de lecture estim\u00e9e\" \/>\n\t<meta name=\"twitter:data2\" content=\"2 minutes\" \/>\n<script type=\"application\/ld+json\" class=\"yoast-schema-graph\">{\"@context\":\"https:\\\/\\\/schema.org\",\"@graph\":[{\"@type\":\"Article\",\"@id\":\"https:\\\/\\\/jumeaux91.fr\\\/blog\\\/allemagne-deux-freres-jumeaux-meurent-a-trottinette-electrique-percutes-par-une-voiture\\\/#article\",\"isPartOf\":{\"@id\":\"https:\\\/\\\/jumeaux91.fr\\\/blog\\\/allemagne-deux-freres-jumeaux-meurent-a-trottinette-electrique-percutes-par-une-voiture\\\/\"},\"author\":{\"name\":\"Claude DAYRES\",\"@id\":\"https:\\\/\\\/jumeaux91.fr\\\/blog\\\/#\\\/schema\\\/person\\\/21da06e9f119b9f64e5d45dbbd32d3fb\"},\"headline\":\"Allemagne Deux fr\u00e8res jumeaux meurent \u00e0 trottinette \u00e9lectrique, percut\u00e9s par une voiture\",\"datePublished\":\"2025-07-05T17:00:00+00:00\",\"mainEntityOfPage\":{\"@id\":\"https:\\\/\\\/jumeaux91.fr\\\/blog\\\/allemagne-deux-freres-jumeaux-meurent-a-trottinette-electrique-percutes-par-une-voiture\\\/\"},\"wordCount\":449,\"publisher\":{\"@id\":\"https:\\\/\\\/jumeaux91.fr\\\/blog\\\/#organization\"},\"image\":{\"@id\":\"https:\\\/\\\/jumeaux91.fr\\\/blog\\\/allemagne-deux-freres-jumeaux-meurent-a-trottinette-electrique-percutes-par-une-voiture\\\/#primaryimage\"},\"thumbnailUrl\":\"https:\\\/\\\/jumeaux91.fr\\\/blog\\\/wp-content\\\/uploads\\\/2025\\\/09\\\/allemagne-deux-freres-jumeaux-meurent-a-trottinette-electrique-percutes-par-une-voiture.jpg\",\"articleSection\":[\"Posts Fr\u00e8res Jumeaux De L'Essonnes:\"],\"inLanguage\":\"fr-FR\"},{\"@type\":\"WebPage\",\"@id\":\"https:\\\/\\\/jumeaux91.fr\\\/blog\\\/allemagne-deux-freres-jumeaux-meurent-a-trottinette-electrique-percutes-par-une-voiture\\\/\",\"url\":\"https:\\\/\\\/jumeaux91.fr\\\/blog\\\/allemagne-deux-freres-jumeaux-meurent-a-trottinette-electrique-percutes-par-une-voiture\\\/\",\"name\":\"Allemagne Deux fr\u00e8res jumeaux meurent \u00e0 trottinette \u00e9lectrique, percut\u00e9s par une voiture - JUMEAUX91\",\"isPartOf\":{\"@id\":\"https:\\\/\\\/jumeaux91.fr\\\/blog\\\/#website\"},\"primaryImageOfPage\":{\"@id\":\"https:\\\/\\\/jumeaux91.fr\\\/blog\\\/allemagne-deux-freres-jumeaux-meurent-a-trottinette-electrique-percutes-par-une-voiture\\\/#primaryimage\"},\"image\":{\"@id\":\"https:\\\/\\\/jumeaux91.fr\\\/blog\\\/allemagne-deux-freres-jumeaux-meurent-a-trottinette-electrique-percutes-par-une-voiture\\\/#primaryimage\"},\"thumbnailUrl\":\"https:\\\/\\\/jumeaux91.fr\\\/blog\\\/wp-content\\\/uploads\\\/2025\\\/09\\\/allemagne-deux-freres-jumeaux-meurent-a-trottinette-electrique-percutes-par-une-voiture.jpg\",\"datePublished\":\"2025-07-05T17:00:00+00:00\",\"breadcrumb\":{\"@id\":\"https:\\\/\\\/jumeaux91.fr\\\/blog\\\/allemagne-deux-freres-jumeaux-meurent-a-trottinette-electrique-percutes-par-une-voiture\\\/#breadcrumb\"},\"inLanguage\":\"fr-FR\",\"potentialAction\":[{\"@type\":\"ReadAction\",\"target\":[\"https:\\\/\\\/jumeaux91.fr\\\/blog\\\/allemagne-deux-freres-jumeaux-meurent-a-trottinette-electrique-percutes-par-une-voiture\\\/\"]}]},{\"@type\":\"ImageObject\",\"inLanguage\":\"fr-FR\",\"@id\":\"https:\\\/\\\/jumeaux91.fr\\\/blog\\\/allemagne-deux-freres-jumeaux-meurent-a-trottinette-electrique-percutes-par-une-voiture\\\/#primaryimage\",\"url\":\"https:\\\/\\\/jumeaux91.fr\\\/blog\\\/wp-content\\\/uploads\\\/2025\\\/09\\\/allemagne-deux-freres-jumeaux-meurent-a-trottinette-electrique-percutes-par-une-voiture.jpg\",\"contentUrl\":\"https:\\\/\\\/jumeaux91.fr\\\/blog\\\/wp-content\\\/uploads\\\/2025\\\/09\\\/allemagne-deux-freres-jumeaux-meurent-a-trottinette-electrique-percutes-par-une-voiture.jpg\",\"width\":1200,\"height\":630,\"caption\":\"Allemagne Deux fr\u00e8res jumeaux meurent \u00e0 trottinette \u00e9lectrique, percut\u00e9s par une voiture\"},{\"@type\":\"BreadcrumbList\",\"@id\":\"https:\\\/\\\/jumeaux91.fr\\\/blog\\\/allemagne-deux-freres-jumeaux-meurent-a-trottinette-electrique-percutes-par-une-voiture\\\/#breadcrumb\",\"itemListElement\":[{\"@type\":\"ListItem\",\"position\":1,\"name\":\"Accueil\",\"item\":\"https:\\\/\\\/jumeaux91.fr\\\/blog\\\/\"},{\"@type\":\"ListItem\",\"position\":2,\"name\":\"Allemagne Deux fr\u00e8res jumeaux meurent \u00e0 trottinette \u00e9lectrique, percut\u00e9s par une voiture\"}]},{\"@type\":\"WebSite\",\"@id\":\"https:\\\/\\\/jumeaux91.fr\\\/blog\\\/#website\",\"url\":\"https:\\\/\\\/jumeaux91.fr\\\/blog\\\/\",\"name\":\"JUMEAUX91\",\"description\":\"Fr\u00e8res jumeaux de l&#039;Essonnes; informations et archives, \u00e0 savoir et retenir.\",\"publisher\":{\"@id\":\"https:\\\/\\\/jumeaux91.fr\\\/blog\\\/#organization\"},\"potentialAction\":[{\"@type\":\"SearchAction\",\"target\":{\"@type\":\"EntryPoint\",\"urlTemplate\":\"https:\\\/\\\/jumeaux91.fr\\\/blog\\\/?s={search_term_string}\"},\"query-input\":{\"@type\":\"PropertyValueSpecification\",\"valueRequired\":true,\"valueName\":\"search_term_string\"}}],\"inLanguage\":\"fr-FR\"},{\"@type\":\"Organization\",\"@id\":\"https:\\\/\\\/jumeaux91.fr\\\/blog\\\/#organization\",\"name\":\"jumeaux91\",\"url\":\"https:\\\/\\\/jumeaux91.fr\\\/blog\\\/\",\"logo\":{\"@type\":\"ImageObject\",\"inLanguage\":\"fr-FR\",\"@id\":\"https:\\\/\\\/jumeaux91.fr\\\/blog\\\/#\\\/schema\\\/logo\\\/image\\\/\",\"url\":\"https:\\\/\\\/jumeaux91.fr\\\/blog\\\/wp-content\\\/uploads\\\/2023\\\/05\\\/cropped-cropped-logoJ_91.png\",\"contentUrl\":\"https:\\\/\\\/jumeaux91.fr\\\/blog\\\/wp-content\\\/uploads\\\/2023\\\/05\\\/cropped-cropped-logoJ_91.png\",\"width\":512,\"height\":512,\"caption\":\"jumeaux91\"},\"image\":{\"@id\":\"https:\\\/\\\/jumeaux91.fr\\\/blog\\\/#\\\/schema\\\/logo\\\/image\\\/\"}},{\"@type\":\"Person\",\"@id\":\"https:\\\/\\\/jumeaux91.fr\\\/blog\\\/#\\\/schema\\\/person\\\/21da06e9f119b9f64e5d45dbbd32d3fb\",\"name\":\"Claude DAYRES\",\"image\":{\"@type\":\"ImageObject\",\"inLanguage\":\"fr-FR\",\"@id\":\"https:\\\/\\\/secure.gravatar.com\\\/avatar\\\/82eb951df6110a2c48d1bfa7a67d1ee6f0cd5df3cbf9c3586dd61e82db7172a5?s=96&d=mm&r=g\",\"url\":\"https:\\\/\\\/secure.gravatar.com\\\/avatar\\\/82eb951df6110a2c48d1bfa7a67d1ee6f0cd5df3cbf9c3586dd61e82db7172a5?s=96&d=mm&r=g\",\"contentUrl\":\"https:\\\/\\\/secure.gravatar.com\\\/avatar\\\/82eb951df6110a2c48d1bfa7a67d1ee6f0cd5df3cbf9c3586dd61e82db7172a5?s=96&d=mm&r=g\",\"caption\":\"Claude DAYRES\"},\"url\":\"https:\\\/\\\/jumeaux91.fr\\\/blog\\\/author\\\/x91claude\\\/\"}]}<\/script>\n<!-- \/ Yoast SEO plugin. -->","yoast_head_json":{"title":"Allemagne Deux fr\u00e8res jumeaux meurent \u00e0 trottinette \u00e9lectrique, percut\u00e9s par une voiture - JUMEAUX91","robots":{"index":"index","follow":"follow","max-snippet":"max-snippet:-1","max-image-preview":"max-image-preview:large","max-video-preview":"max-video-preview:-1"},"canonical":"https:\/\/jumeaux91.fr\/blog\/allemagne-deux-freres-jumeaux-meurent-a-trottinette-electrique-percutes-par-une-voiture\/","og_locale":"fr_FR","og_type":"article","og_title":"Allemagne Deux fr\u00e8res jumeaux meurent \u00e0 trottinette \u00e9lectrique, percut\u00e9s par une voiture - JUMEAUX91","og_description":"Deux jeunes hommes de 23 ans sont morts et un autre a \u00e9t\u00e9 gri\u00e8vement bless\u00e9 apr\u00e8s qu&rsquo;une voiture a percut\u00e9 deux trottinettes \u00e9lectriques dans la nuit de samedi \u00e0 dimanche \u00e0 Francfort-sur-le-Main, dans l&rsquo;ouest de l&rsquo;Allemagne, a indiqu\u00e9 la police. Ce contenu est bloqu\u00e9 car vous n&rsquo;avez pas accept\u00e9 les cookies et autres traceurs. En&hellip; Poursuivre la lecture Allemagne Deux fr\u00e8res jumeaux meurent \u00e0 trottinette \u00e9lectrique, percut\u00e9s par une voiture","og_url":"https:\/\/jumeaux91.fr\/blog\/allemagne-deux-freres-jumeaux-meurent-a-trottinette-electrique-percutes-par-une-voiture\/","og_site_name":"JUMEAUX91","article_published_time":"2025-07-05T17:00:00+00:00","og_image":[{"url":"https:\/\/jumeaux91.fr\/blog\/wp-content\/uploads\/2025\/09\/allemagne-deux-freres-jumeaux-meurent-a-trottinette-electrique-percutes-par-une-voiture.jpg","type":"","width":"","height":""}],"author":"Claude DAYRES","twitter_card":"summary_large_image","twitter_misc":{"\u00c9crit par":"Claude DAYRES","Dur\u00e9e de lecture estim\u00e9e":"2 minutes"},"schema":{"@context":"https:\/\/schema.org","@graph":[{"@type":"Article","@id":"https:\/\/jumeaux91.fr\/blog\/allemagne-deux-freres-jumeaux-meurent-a-trottinette-electrique-percutes-par-une-voiture\/#article","isPartOf":{"@id":"https:\/\/jumeaux91.fr\/blog\/allemagne-deux-freres-jumeaux-meurent-a-trottinette-electrique-percutes-par-une-voiture\/"},"author":{"name":"Claude DAYRES","@id":"https:\/\/jumeaux91.fr\/blog\/#\/schema\/person\/21da06e9f119b9f64e5d45dbbd32d3fb"},"headline":"Allemagne Deux fr\u00e8res jumeaux meurent \u00e0 trottinette \u00e9lectrique, percut\u00e9s par une voiture","datePublished":"2025-07-05T17:00:00+00:00","mainEntityOfPage":{"@id":"https:\/\/jumeaux91.fr\/blog\/allemagne-deux-freres-jumeaux-meurent-a-trottinette-electrique-percutes-par-une-voiture\/"},"wordCount":449,"publisher":{"@id":"https:\/\/jumeaux91.fr\/blog\/#organization"},"image":{"@id":"https:\/\/jumeaux91.fr\/blog\/allemagne-deux-freres-jumeaux-meurent-a-trottinette-electrique-percutes-par-une-voiture\/#primaryimage"},"thumbnailUrl":"https:\/\/jumeaux91.fr\/blog\/wp-content\/uploads\/2025\/09\/allemagne-deux-freres-jumeaux-meurent-a-trottinette-electrique-percutes-par-une-voiture.jpg","articleSection":["Posts Fr\u00e8res Jumeaux De L'Essonnes:"],"inLanguage":"fr-FR"},{"@type":"WebPage","@id":"https:\/\/jumeaux91.fr\/blog\/allemagne-deux-freres-jumeaux-meurent-a-trottinette-electrique-percutes-par-une-voiture\/","url":"https:\/\/jumeaux91.fr\/blog\/allemagne-deux-freres-jumeaux-meurent-a-trottinette-electrique-percutes-par-une-voiture\/","name":"Allemagne Deux fr\u00e8res jumeaux meurent \u00e0 trottinette \u00e9lectrique, percut\u00e9s par une voiture - JUMEAUX91","isPartOf":{"@id":"https:\/\/jumeaux91.fr\/blog\/#website"},"primaryImageOfPage":{"@id":"https:\/\/jumeaux91.fr\/blog\/allemagne-deux-freres-jumeaux-meurent-a-trottinette-electrique-percutes-par-une-voiture\/#primaryimage"},"image":{"@id":"https:\/\/jumeaux91.fr\/blog\/allemagne-deux-freres-jumeaux-meurent-a-trottinette-electrique-percutes-par-une-voiture\/#primaryimage"},"thumbnailUrl":"https:\/\/jumeaux91.fr\/blog\/wp-content\/uploads\/2025\/09\/allemagne-deux-freres-jumeaux-meurent-a-trottinette-electrique-percutes-par-une-voiture.jpg","datePublished":"2025-07-05T17:00:00+00:00","breadcrumb":{"@id":"https:\/\/jumeaux91.fr\/blog\/allemagne-deux-freres-jumeaux-meurent-a-trottinette-electrique-percutes-par-une-voiture\/#breadcrumb"},"inLanguage":"fr-FR","potentialAction":[{"@type":"ReadAction","target":["https:\/\/jumeaux91.fr\/blog\/allemagne-deux-freres-jumeaux-meurent-a-trottinette-electrique-percutes-par-une-voiture\/"]}]},{"@type":"ImageObject","inLanguage":"fr-FR","@id":"https:\/\/jumeaux91.fr\/blog\/allemagne-deux-freres-jumeaux-meurent-a-trottinette-electrique-percutes-par-une-voiture\/#primaryimage","url":"https:\/\/jumeaux91.fr\/blog\/wp-content\/uploads\/2025\/09\/allemagne-deux-freres-jumeaux-meurent-a-trottinette-electrique-percutes-par-une-voiture.jpg","contentUrl":"https:\/\/jumeaux91.fr\/blog\/wp-content\/uploads\/2025\/09\/allemagne-deux-freres-jumeaux-meurent-a-trottinette-electrique-percutes-par-une-voiture.jpg","width":1200,"height":630,"caption":"Allemagne Deux fr\u00e8res jumeaux meurent \u00e0 trottinette \u00e9lectrique, percut\u00e9s par une voiture"},{"@type":"BreadcrumbList","@id":"https:\/\/jumeaux91.fr\/blog\/allemagne-deux-freres-jumeaux-meurent-a-trottinette-electrique-percutes-par-une-voiture\/#breadcrumb","itemListElement":[{"@type":"ListItem","position":1,"name":"Accueil","item":"https:\/\/jumeaux91.fr\/blog\/"},{"@type":"ListItem","position":2,"name":"Allemagne Deux fr\u00e8res jumeaux meurent \u00e0 trottinette \u00e9lectrique, percut\u00e9s par une voiture"}]},{"@type":"WebSite","@id":"https:\/\/jumeaux91.fr\/blog\/#website","url":"https:\/\/jumeaux91.fr\/blog\/","name":"JUMEAUX91","description":"Fr\u00e8res jumeaux de l&#039;Essonnes; informations et archives, \u00e0 savoir et retenir.","publisher":{"@id":"https:\/\/jumeaux91.fr\/blog\/#organization"},"potentialAction":[{"@type":"SearchAction","target":{"@type":"EntryPoint","urlTemplate":"https:\/\/jumeaux91.fr\/blog\/?s={search_term_string}"},"query-input":{"@type":"PropertyValueSpecification","valueRequired":true,"valueName":"search_term_string"}}],"inLanguage":"fr-FR"},{"@type":"Organization","@id":"https:\/\/jumeaux91.fr\/blog\/#organization","name":"jumeaux91","url":"https:\/\/jumeaux91.fr\/blog\/","logo":{"@type":"ImageObject","inLanguage":"fr-FR","@id":"https:\/\/jumeaux91.fr\/blog\/#\/schema\/logo\/image\/","url":"https:\/\/jumeaux91.fr\/blog\/wp-content\/uploads\/2023\/05\/cropped-cropped-logoJ_91.png","contentUrl":"https:\/\/jumeaux91.fr\/blog\/wp-content\/uploads\/2023\/05\/cropped-cropped-logoJ_91.png","width":512,"height":512,"caption":"jumeaux91"},"image":{"@id":"https:\/\/jumeaux91.fr\/blog\/#\/schema\/logo\/image\/"}},{"@type":"Person","@id":"https:\/\/jumeaux91.fr\/blog\/#\/schema\/person\/21da06e9f119b9f64e5d45dbbd32d3fb","name":"Claude DAYRES","image":{"@type":"ImageObject","inLanguage":"fr-FR","@id":"https:\/\/secure.gravatar.com\/avatar\/82eb951df6110a2c48d1bfa7a67d1ee6f0cd5df3cbf9c3586dd61e82db7172a5?s=96&d=mm&r=g","url":"https:\/\/secure.gravatar.com\/avatar\/82eb951df6110a2c48d1bfa7a67d1ee6f0cd5df3cbf9c3586dd61e82db7172a5?s=96&d=mm&r=g","contentUrl":"https:\/\/secure.gravatar.com\/avatar\/82eb951df6110a2c48d1bfa7a67d1ee6f0cd5df3cbf9c3586dd61e82db7172a5?s=96&d=mm&r=g","caption":"Claude DAYRES"},"url":"https:\/\/jumeaux91.fr\/blog\/author\/x91claude\/"}]}},"_links":{"self":[{"href":"https:\/\/jumeaux91.fr\/blog\/wp-json\/wp\/v2\/posts\/1679","targetHints":{"allow":["GET"]}}],"collection":[{"href":"https:\/\/jumeaux91.fr\/blog\/wp-json\/wp\/v2\/posts"}],"about":[{"href":"https:\/\/jumeaux91.fr\/blog\/wp-json\/wp\/v2\/types\/post"}],"author":[{"embeddable":true,"href":"https:\/\/jumeaux91.fr\/blog\/wp-json\/wp\/v2\/users\/2"}],"replies":[{"embeddable":true,"href":"https:\/\/jumeaux91.fr\/blog\/wp-json\/wp\/v2\/comments?post=1679"}],"version-history":[{"count":0,"href":"https:\/\/jumeaux91.fr\/blog\/wp-json\/wp\/v2\/posts\/1679\/revisions"}],"wp:featuredmedia":[{"embeddable":true,"href":"https:\/\/jumeaux91.fr\/blog\/wp-json\/wp\/v2\/media\/1680"}],"wp:attachment":[{"href":"https:\/\/jumeaux91.fr\/blog\/wp-json\/wp\/v2\/media?parent=1679"}],"wp:term":[{"taxonomy":"category","embeddable":true,"href":"https:\/\/jumeaux91.fr\/blog\/wp-json\/wp\/v2\/categories?post=1679"},{"taxonomy":"post_tag","embeddable":true,"href":"https:\/\/jumeaux91.fr\/blog\/wp-json\/wp\/v2\/tags?post=1679"}],"curies":[{"name":"wp","href":"https:\/\/api.w.org\/{rel}","templated":true}]}}