{"id":1681,"date":"2025-09-17T10:26:00","date_gmt":"2025-09-17T08:26:00","guid":{"rendered":"https:\/\/jumeaux91.fr\/blog\/seine-saint-denis-ilan-halimi-quatre-oliviers-ont-ete-plantes-pour-remplacer-celui-abattu-a-la-tronconneuse\/"},"modified":"2025-09-17T10:26:00","modified_gmt":"2025-09-17T08:26:00","slug":"seine-saint-denis-ilan-halimi-quatre-oliviers-ont-ete-plantes-pour-remplacer-celui-abattu-a-la-tronconneuse","status":"publish","type":"post","link":"https:\/\/jumeaux91.fr\/blog\/seine-saint-denis-ilan-halimi-quatre-oliviers-ont-ete-plantes-pour-remplacer-celui-abattu-a-la-tronconneuse\/","title":{"rendered":"Seine-Saint-Denis Ilan Halimi : quatre oliviers ont \u00e9t\u00e9 plant\u00e9s pour remplacer celui abattu \u00e0 la tron\u00e7onneuse"},"content":{"rendered":"<div><img decoding=\"async\" src=\"https:\/\/jumeaux91.fr\/blog\/wp-content\/uploads\/2025\/09\/seine-saint-denis-ilan-halimi-quatre-oliviers-ont-ete-plantes-pour-remplacer-celui-abattu-a-la-tronconneuse.jpg\" class=\"ff-og-image-inserted\"><\/div>\n<div>\n<p>Quatre nouveaux oliviers \u00e0 la m\u00e9moire d&rsquo;Ilan Halimi ont \u00e9t\u00e9 plant\u00e9s ce mercredi \u00e0 \u00c9pinay-sur-Seine (Seine-Saint-Denis), \u00e0 quelques m\u00e8tres de l&rsquo;arbre <a href=\"https:\/\/www.leprogres.fr\/faits-divers-justice\/2025\/08\/14\/l-arbre-en-hommage-a-ilan-halimi-a-ete-tronconne-pendant-la-nuit\" target=\"_blank\" rel=\"nofollow\">abattu par malveillance il y a environ un mois<\/a>.<\/p>\n<p>Au cours d&rsquo;une c\u00e9r\u00e9monie r\u00e9unissant autorit\u00e9s civiles et religieuses de diff\u00e9rentes sensibilit\u00e9s, ainsi que des \u00e9l\u00e8ves de l&rsquo;\u00e9cole juive Beth Isra\u00ebl, de nombreuses voix ont d\u00e9nonc\u00e9 l\u2019antis\u00e9mitisme croissant en France. \u00ab Il n&rsquo;y aura pas de tol\u00e9rance pour l&rsquo;intol\u00e9rable \u00bb, a averti le pr\u00e9fet de Seine-Saint-Denis, Julien Charles, affirmant que depuis l&rsquo;attaque du 7 octobre 2023, les actes antis\u00e9mites en France avaient \u00e9t\u00e9 multipli\u00e9s par quatre.<\/p>\n<h2>Des oliviers offerts<\/h2>\n<p>Dans ce contexte, le maire d&rsquo;\u00c9pinay-sur-Seine, Herv\u00e9 Chevreau (DVD), a toutefois soulign\u00e9 le \u00ab sursaut salutaire au coeur de l&rsquo;\u00e9t\u00e9 \u00bb, provoqu\u00e9 par la destruction de l&rsquo;arbre, plant\u00e9 en 2011 au jardin d&rsquo;Alcobendas d&rsquo;\u00c9pinay-sur-Seine, ville d&rsquo;un peu plus de 50 000 habitants situ\u00e9e \u00e0 une dizaine de kilom\u00e8tres au nord de Paris. Les nouveaux oliviers ont ainsi \u00e9t\u00e9 donn\u00e9s par des citoyens.<\/p>\n<\/div>\n<div>\n<p>Survenu dans la nuit du 13 au 14 ao\u00fbt, l&rsquo;abattage de l&rsquo;arbre en m\u00e9moire d&rsquo;Ilan Halimi, jeune Juif tortur\u00e9 \u00e0 mort en 2006, avait suscit\u00e9 une indignation unanime au sein de la classe politique. Deux fr\u00e8res jumeaux de 19 ans soup\u00e7onn\u00e9s de la destruction de l&rsquo;arbre ont \u00e9t\u00e9 <a href=\"https:\/\/www.leprogres.fr\/faits-divers-justice\/2025\/08\/28\/les-deux-freres-soupconnes-d-avoir-abattu-l-arbre-hommage-a-ilan-halimi-seront-juges-en-octobre\" target=\"_blank\" rel=\"nofollow\">plac\u00e9s en d\u00e9tention provisoire et doivent \u00eatre jug\u00e9s en octobre<\/a>. Avec ces quatre nouveaux oliviers, en plus de l&rsquo;\u00ab ancien qui va reprendre \u00bb, selon Ha\u00efm Korsia, grand rabbin de France, \u00ab personne ne parviendra \u00e0 d\u00e9raciner la m\u00e9moire d&rsquo;Ilan \u00bb.<\/p>\n<h2>Un hommage \u00e0 Sainte-Genevi\u00e8ve-des-Bois \u00e9galement<\/h2>\n<p>Citoyen fran\u00e7ais de confession juive, Ilan Halimi, 23 ans, avait \u00e9t\u00e9 s\u00e9questr\u00e9 et tortur\u00e9 en janvier 2006 \u00e0 Bagneux (Hauts-de-Seine) par un groupe d&rsquo;une vingtaine de personnes qui se faisaient appeler le \u201cgang des barbares, sous la direction de Youssouf Fofana. Un peu moins d&rsquo;un mois plus tard, d\u00e9couvert agonisant au bord d&rsquo;une voie ferr\u00e9e \u00e0 Sainte-Genevi\u00e8ve-des-Bois, dans l&rsquo;Essonne, le jeune homme \u00e9tait mort pendant son transfert \u00e0 l&rsquo;h\u00f4pital.<\/p>\n<p>Deux autres arbres plant\u00e9s en hommage \u00e0 Ilan Halimi, dont l&rsquo;un portait sa photo, avaient \u00e9t\u00e9 sci\u00e9s en 2019 \u00e0 Sainte-Genevi\u00e8ve-des-Bois. D&rsquo;autres arbres avaient ensuite \u00e9t\u00e9 replant\u00e9s, dont le dernier l&rsquo;a \u00e9t\u00e9 <a href=\"https:\/\/www.leprogres.fr\/faits-divers-justice\/2025\/09\/02\/ilan-halimi-un-nouvel-arbre-plante-en-sa-memoire-la-ou-il-avait-ete-retrouve-agonisant\" target=\"_blank\" rel=\"nofollow\">il y a environ deux semaines<\/a>, en r\u00e9action \u00e0 l&rsquo;abattage de celui d&rsquo;\u00c9pinay-sur-Seine.<\/p>\n<\/div>\n<p>La chronique se veut g\u00e9n\u00e9r\u00e9e de la fa\u00e7on la plus claire que possible. Dans le cas o\u00f9 vous souhaitez pr\u00e9senter des renseignements compl\u00e9mentaires \u00e0 cet article sur le sujet \u00ab\u00a0Fr\u00e8res jumeaux de l&rsquo;Essonnes\u00a0\u00bb il vous est possible d\u2019\u00e9crire aux contacts indiqu\u00e9s sur notre website. La raison d\u2019\u00eatre de jumeaux91.fr \u00e9tant de rassembler sur le web des posts sur le sujet de Fr\u00e8res jumeaux de l&rsquo;Essonnes puis les diffuser en r\u00e9pondant au mieux aux interrogations des gens. Vous pouvez tirer profit de cet article traitant le sujet \u00ab\u00a0Fr\u00e8res jumeaux de l&rsquo;Essonnes\u00a0\u00bb. Il est concoct\u00e9 par l\u2019\u00e9quipe jumeaux91.fr. Prochainement, nous rendrons accessibles au public d&rsquo;autres informations pertinentes sur le sujet \u00ab\u00a0Fr\u00e8res jumeaux de l&rsquo;Essonnes\u00a0\u00bb. Alors, consultez syst\u00e9matiquement notre blog.<\/p>\n","protected":false},"excerpt":{"rendered":"<p>Quatre nouveaux oliviers \u00e0 la m\u00e9moire d&rsquo;Ilan Halimi ont \u00e9t\u00e9 plant\u00e9s ce mercredi \u00e0 \u00c9pinay-sur-Seine (Seine-Saint-Denis), \u00e0 quelques m\u00e8tres de l&rsquo;arbre abattu par malveillance il y a environ un mois. Au cours d&rsquo;une c\u00e9r\u00e9monie r\u00e9unissant autorit\u00e9s civiles et religieuses de diff\u00e9rentes sensibilit\u00e9s, ainsi que des \u00e9l\u00e8ves de l&rsquo;\u00e9cole juive Beth Isra\u00ebl, de nombreuses voix ont&hellip; <a class=\"more-link\" href=\"https:\/\/jumeaux91.fr\/blog\/seine-saint-denis-ilan-halimi-quatre-oliviers-ont-ete-plantes-pour-remplacer-celui-abattu-a-la-tronconneuse\/\">Poursuivre la lecture <span class=\"screen-reader-text\">Seine-Saint-Denis Ilan Halimi : quatre oliviers ont \u00e9t\u00e9 plant\u00e9s pour remplacer celui abattu \u00e0 la tron\u00e7onneuse<\/span><\/a><\/p>\n","protected":false},"author":2,"featured_media":1682,"comment_status":"closed","ping_status":"closed","sticky":false,"template":"","format":"standard","meta":{"footnotes":""},"categories":[4],"tags":[],"class_list":["post-1681","post","type-post","status-publish","format-standard","has-post-thumbnail","hentry","category-posts-freres-jumeaux-de-lessonnes","entry"],"yoast_head":"<!-- This site is optimized with the Yoast SEO plugin v27.5 - https:\/\/yoast.com\/product\/yoast-seo-wordpress\/ -->\n<title>Seine-Saint-Denis Ilan Halimi : quatre oliviers ont \u00e9t\u00e9 plant\u00e9s pour remplacer celui abattu \u00e0 la tron\u00e7onneuse - JUMEAUX91<\/title>\n<meta name=\"robots\" content=\"index, follow, max-snippet:-1, max-image-preview:large, max-video-preview:-1\" \/>\n<link rel=\"canonical\" href=\"https:\/\/jumeaux91.fr\/blog\/seine-saint-denis-ilan-halimi-quatre-oliviers-ont-ete-plantes-pour-remplacer-celui-abattu-a-la-tronconneuse\/\" \/>\n<meta property=\"og:locale\" content=\"fr_FR\" \/>\n<meta property=\"og:type\" content=\"article\" \/>\n<meta property=\"og:title\" content=\"Seine-Saint-Denis Ilan Halimi : quatre oliviers ont \u00e9t\u00e9 plant\u00e9s pour remplacer celui abattu \u00e0 la tron\u00e7onneuse - JUMEAUX91\" \/>\n<meta property=\"og:description\" content=\"Quatre nouveaux oliviers \u00e0 la m\u00e9moire d&rsquo;Ilan Halimi ont \u00e9t\u00e9 plant\u00e9s ce mercredi \u00e0 \u00c9pinay-sur-Seine (Seine-Saint-Denis), \u00e0 quelques m\u00e8tres de l&rsquo;arbre abattu par malveillance il y a environ un mois. Au cours d&rsquo;une c\u00e9r\u00e9monie r\u00e9unissant autorit\u00e9s civiles et religieuses de diff\u00e9rentes sensibilit\u00e9s, ainsi que des \u00e9l\u00e8ves de l&rsquo;\u00e9cole juive Beth Isra\u00ebl, de nombreuses voix ont&hellip; Poursuivre la lecture Seine-Saint-Denis Ilan Halimi : quatre oliviers ont \u00e9t\u00e9 plant\u00e9s pour remplacer celui abattu \u00e0 la tron\u00e7onneuse\" \/>\n<meta property=\"og:url\" content=\"https:\/\/jumeaux91.fr\/blog\/seine-saint-denis-ilan-halimi-quatre-oliviers-ont-ete-plantes-pour-remplacer-celui-abattu-a-la-tronconneuse\/\" \/>\n<meta property=\"og:site_name\" content=\"JUMEAUX91\" \/>\n<meta property=\"article:published_time\" content=\"2025-09-17T08:26:00+00:00\" \/>\n<meta property=\"og:image\" content=\"https:\/\/jumeaux91.fr\/blog\/wp-content\/uploads\/2025\/09\/seine-saint-denis-ilan-halimi-quatre-oliviers-ont-ete-plantes-pour-remplacer-celui-abattu-a-la-tronconneuse.jpg\" \/>\n<meta name=\"author\" content=\"Claude DAYRES\" \/>\n<meta name=\"twitter:card\" content=\"summary_large_image\" \/>\n<meta name=\"twitter:label1\" content=\"\u00c9crit par\" \/>\n\t<meta name=\"twitter:data1\" content=\"Claude DAYRES\" \/>\n\t<meta name=\"twitter:label2\" content=\"Dur\u00e9e de lecture estim\u00e9e\" \/>\n\t<meta name=\"twitter:data2\" content=\"3 minutes\" \/>\n<script type=\"application\/ld+json\" class=\"yoast-schema-graph\">{\"@context\":\"https:\\\/\\\/schema.org\",\"@graph\":[{\"@type\":\"Article\",\"@id\":\"https:\\\/\\\/jumeaux91.fr\\\/blog\\\/seine-saint-denis-ilan-halimi-quatre-oliviers-ont-ete-plantes-pour-remplacer-celui-abattu-a-la-tronconneuse\\\/#article\",\"isPartOf\":{\"@id\":\"https:\\\/\\\/jumeaux91.fr\\\/blog\\\/seine-saint-denis-ilan-halimi-quatre-oliviers-ont-ete-plantes-pour-remplacer-celui-abattu-a-la-tronconneuse\\\/\"},\"author\":{\"name\":\"Claude DAYRES\",\"@id\":\"https:\\\/\\\/jumeaux91.fr\\\/blog\\\/#\\\/schema\\\/person\\\/21da06e9f119b9f64e5d45dbbd32d3fb\"},\"headline\":\"Seine-Saint-Denis Ilan Halimi : quatre oliviers ont \u00e9t\u00e9 plant\u00e9s pour remplacer celui abattu \u00e0 la tron\u00e7onneuse\",\"datePublished\":\"2025-09-17T08:26:00+00:00\",\"mainEntityOfPage\":{\"@id\":\"https:\\\/\\\/jumeaux91.fr\\\/blog\\\/seine-saint-denis-ilan-halimi-quatre-oliviers-ont-ete-plantes-pour-remplacer-celui-abattu-a-la-tronconneuse\\\/\"},\"wordCount\":565,\"publisher\":{\"@id\":\"https:\\\/\\\/jumeaux91.fr\\\/blog\\\/#organization\"},\"image\":{\"@id\":\"https:\\\/\\\/jumeaux91.fr\\\/blog\\\/seine-saint-denis-ilan-halimi-quatre-oliviers-ont-ete-plantes-pour-remplacer-celui-abattu-a-la-tronconneuse\\\/#primaryimage\"},\"thumbnailUrl\":\"https:\\\/\\\/jumeaux91.fr\\\/blog\\\/wp-content\\\/uploads\\\/2025\\\/09\\\/seine-saint-denis-ilan-halimi-quatre-oliviers-ont-ete-plantes-pour-remplacer-celui-abattu-a-la-tronconneuse.jpg\",\"articleSection\":[\"Posts Fr\u00e8res Jumeaux De L'Essonnes:\"],\"inLanguage\":\"fr-FR\"},{\"@type\":\"WebPage\",\"@id\":\"https:\\\/\\\/jumeaux91.fr\\\/blog\\\/seine-saint-denis-ilan-halimi-quatre-oliviers-ont-ete-plantes-pour-remplacer-celui-abattu-a-la-tronconneuse\\\/\",\"url\":\"https:\\\/\\\/jumeaux91.fr\\\/blog\\\/seine-saint-denis-ilan-halimi-quatre-oliviers-ont-ete-plantes-pour-remplacer-celui-abattu-a-la-tronconneuse\\\/\",\"name\":\"Seine-Saint-Denis Ilan Halimi : quatre oliviers ont \u00e9t\u00e9 plant\u00e9s pour remplacer celui abattu \u00e0 la tron\u00e7onneuse - JUMEAUX91\",\"isPartOf\":{\"@id\":\"https:\\\/\\\/jumeaux91.fr\\\/blog\\\/#website\"},\"primaryImageOfPage\":{\"@id\":\"https:\\\/\\\/jumeaux91.fr\\\/blog\\\/seine-saint-denis-ilan-halimi-quatre-oliviers-ont-ete-plantes-pour-remplacer-celui-abattu-a-la-tronconneuse\\\/#primaryimage\"},\"image\":{\"@id\":\"https:\\\/\\\/jumeaux91.fr\\\/blog\\\/seine-saint-denis-ilan-halimi-quatre-oliviers-ont-ete-plantes-pour-remplacer-celui-abattu-a-la-tronconneuse\\\/#primaryimage\"},\"thumbnailUrl\":\"https:\\\/\\\/jumeaux91.fr\\\/blog\\\/wp-content\\\/uploads\\\/2025\\\/09\\\/seine-saint-denis-ilan-halimi-quatre-oliviers-ont-ete-plantes-pour-remplacer-celui-abattu-a-la-tronconneuse.jpg\",\"datePublished\":\"2025-09-17T08:26:00+00:00\",\"breadcrumb\":{\"@id\":\"https:\\\/\\\/jumeaux91.fr\\\/blog\\\/seine-saint-denis-ilan-halimi-quatre-oliviers-ont-ete-plantes-pour-remplacer-celui-abattu-a-la-tronconneuse\\\/#breadcrumb\"},\"inLanguage\":\"fr-FR\",\"potentialAction\":[{\"@type\":\"ReadAction\",\"target\":[\"https:\\\/\\\/jumeaux91.fr\\\/blog\\\/seine-saint-denis-ilan-halimi-quatre-oliviers-ont-ete-plantes-pour-remplacer-celui-abattu-a-la-tronconneuse\\\/\"]}]},{\"@type\":\"ImageObject\",\"inLanguage\":\"fr-FR\",\"@id\":\"https:\\\/\\\/jumeaux91.fr\\\/blog\\\/seine-saint-denis-ilan-halimi-quatre-oliviers-ont-ete-plantes-pour-remplacer-celui-abattu-a-la-tronconneuse\\\/#primaryimage\",\"url\":\"https:\\\/\\\/jumeaux91.fr\\\/blog\\\/wp-content\\\/uploads\\\/2025\\\/09\\\/seine-saint-denis-ilan-halimi-quatre-oliviers-ont-ete-plantes-pour-remplacer-celui-abattu-a-la-tronconneuse.jpg\",\"contentUrl\":\"https:\\\/\\\/jumeaux91.fr\\\/blog\\\/wp-content\\\/uploads\\\/2025\\\/09\\\/seine-saint-denis-ilan-halimi-quatre-oliviers-ont-ete-plantes-pour-remplacer-celui-abattu-a-la-tronconneuse.jpg\",\"width\":1200,\"height\":630,\"caption\":\"Seine Saint Denis Ilan Halimi : quatre oliviers ont \u00e9t\u00e9 plant\u00e9s pour remplacer celui abattu \u00e0 la tron\u00e7onneuse\"},{\"@type\":\"BreadcrumbList\",\"@id\":\"https:\\\/\\\/jumeaux91.fr\\\/blog\\\/seine-saint-denis-ilan-halimi-quatre-oliviers-ont-ete-plantes-pour-remplacer-celui-abattu-a-la-tronconneuse\\\/#breadcrumb\",\"itemListElement\":[{\"@type\":\"ListItem\",\"position\":1,\"name\":\"Accueil\",\"item\":\"https:\\\/\\\/jumeaux91.fr\\\/blog\\\/\"},{\"@type\":\"ListItem\",\"position\":2,\"name\":\"Seine-Saint-Denis Ilan Halimi : quatre oliviers ont \u00e9t\u00e9 plant\u00e9s pour remplacer celui abattu \u00e0 la tron\u00e7onneuse\"}]},{\"@type\":\"WebSite\",\"@id\":\"https:\\\/\\\/jumeaux91.fr\\\/blog\\\/#website\",\"url\":\"https:\\\/\\\/jumeaux91.fr\\\/blog\\\/\",\"name\":\"JUMEAUX91\",\"description\":\"Fr\u00e8res jumeaux de l&#039;Essonnes; informations et archives, \u00e0 savoir et retenir.\",\"publisher\":{\"@id\":\"https:\\\/\\\/jumeaux91.fr\\\/blog\\\/#organization\"},\"potentialAction\":[{\"@type\":\"SearchAction\",\"target\":{\"@type\":\"EntryPoint\",\"urlTemplate\":\"https:\\\/\\\/jumeaux91.fr\\\/blog\\\/?s={search_term_string}\"},\"query-input\":{\"@type\":\"PropertyValueSpecification\",\"valueRequired\":true,\"valueName\":\"search_term_string\"}}],\"inLanguage\":\"fr-FR\"},{\"@type\":\"Organization\",\"@id\":\"https:\\\/\\\/jumeaux91.fr\\\/blog\\\/#organization\",\"name\":\"jumeaux91\",\"url\":\"https:\\\/\\\/jumeaux91.fr\\\/blog\\\/\",\"logo\":{\"@type\":\"ImageObject\",\"inLanguage\":\"fr-FR\",\"@id\":\"https:\\\/\\\/jumeaux91.fr\\\/blog\\\/#\\\/schema\\\/logo\\\/image\\\/\",\"url\":\"https:\\\/\\\/jumeaux91.fr\\\/blog\\\/wp-content\\\/uploads\\\/2023\\\/05\\\/cropped-cropped-logoJ_91.png\",\"contentUrl\":\"https:\\\/\\\/jumeaux91.fr\\\/blog\\\/wp-content\\\/uploads\\\/2023\\\/05\\\/cropped-cropped-logoJ_91.png\",\"width\":512,\"height\":512,\"caption\":\"jumeaux91\"},\"image\":{\"@id\":\"https:\\\/\\\/jumeaux91.fr\\\/blog\\\/#\\\/schema\\\/logo\\\/image\\\/\"}},{\"@type\":\"Person\",\"@id\":\"https:\\\/\\\/jumeaux91.fr\\\/blog\\\/#\\\/schema\\\/person\\\/21da06e9f119b9f64e5d45dbbd32d3fb\",\"name\":\"Claude DAYRES\",\"image\":{\"@type\":\"ImageObject\",\"inLanguage\":\"fr-FR\",\"@id\":\"https:\\\/\\\/secure.gravatar.com\\\/avatar\\\/82eb951df6110a2c48d1bfa7a67d1ee6f0cd5df3cbf9c3586dd61e82db7172a5?s=96&d=mm&r=g\",\"url\":\"https:\\\/\\\/secure.gravatar.com\\\/avatar\\\/82eb951df6110a2c48d1bfa7a67d1ee6f0cd5df3cbf9c3586dd61e82db7172a5?s=96&d=mm&r=g\",\"contentUrl\":\"https:\\\/\\\/secure.gravatar.com\\\/avatar\\\/82eb951df6110a2c48d1bfa7a67d1ee6f0cd5df3cbf9c3586dd61e82db7172a5?s=96&d=mm&r=g\",\"caption\":\"Claude DAYRES\"},\"url\":\"https:\\\/\\\/jumeaux91.fr\\\/blog\\\/author\\\/x91claude\\\/\"}]}<\/script>\n<!-- \/ Yoast SEO plugin. -->","yoast_head_json":{"title":"Seine-Saint-Denis Ilan Halimi : quatre oliviers ont \u00e9t\u00e9 plant\u00e9s pour remplacer celui abattu \u00e0 la tron\u00e7onneuse - JUMEAUX91","robots":{"index":"index","follow":"follow","max-snippet":"max-snippet:-1","max-image-preview":"max-image-preview:large","max-video-preview":"max-video-preview:-1"},"canonical":"https:\/\/jumeaux91.fr\/blog\/seine-saint-denis-ilan-halimi-quatre-oliviers-ont-ete-plantes-pour-remplacer-celui-abattu-a-la-tronconneuse\/","og_locale":"fr_FR","og_type":"article","og_title":"Seine-Saint-Denis Ilan Halimi : quatre oliviers ont \u00e9t\u00e9 plant\u00e9s pour remplacer celui abattu \u00e0 la tron\u00e7onneuse - JUMEAUX91","og_description":"Quatre nouveaux oliviers \u00e0 la m\u00e9moire d&rsquo;Ilan Halimi ont \u00e9t\u00e9 plant\u00e9s ce mercredi \u00e0 \u00c9pinay-sur-Seine (Seine-Saint-Denis), \u00e0 quelques m\u00e8tres de l&rsquo;arbre abattu par malveillance il y a environ un mois. Au cours d&rsquo;une c\u00e9r\u00e9monie r\u00e9unissant autorit\u00e9s civiles et religieuses de diff\u00e9rentes sensibilit\u00e9s, ainsi que des \u00e9l\u00e8ves de l&rsquo;\u00e9cole juive Beth Isra\u00ebl, de nombreuses voix ont&hellip; Poursuivre la lecture Seine-Saint-Denis Ilan Halimi : quatre oliviers ont \u00e9t\u00e9 plant\u00e9s pour remplacer celui abattu \u00e0 la tron\u00e7onneuse","og_url":"https:\/\/jumeaux91.fr\/blog\/seine-saint-denis-ilan-halimi-quatre-oliviers-ont-ete-plantes-pour-remplacer-celui-abattu-a-la-tronconneuse\/","og_site_name":"JUMEAUX91","article_published_time":"2025-09-17T08:26:00+00:00","og_image":[{"url":"https:\/\/jumeaux91.fr\/blog\/wp-content\/uploads\/2025\/09\/seine-saint-denis-ilan-halimi-quatre-oliviers-ont-ete-plantes-pour-remplacer-celui-abattu-a-la-tronconneuse.jpg","type":"","width":"","height":""}],"author":"Claude DAYRES","twitter_card":"summary_large_image","twitter_misc":{"\u00c9crit par":"Claude DAYRES","Dur\u00e9e de lecture estim\u00e9e":"3 minutes"},"schema":{"@context":"https:\/\/schema.org","@graph":[{"@type":"Article","@id":"https:\/\/jumeaux91.fr\/blog\/seine-saint-denis-ilan-halimi-quatre-oliviers-ont-ete-plantes-pour-remplacer-celui-abattu-a-la-tronconneuse\/#article","isPartOf":{"@id":"https:\/\/jumeaux91.fr\/blog\/seine-saint-denis-ilan-halimi-quatre-oliviers-ont-ete-plantes-pour-remplacer-celui-abattu-a-la-tronconneuse\/"},"author":{"name":"Claude DAYRES","@id":"https:\/\/jumeaux91.fr\/blog\/#\/schema\/person\/21da06e9f119b9f64e5d45dbbd32d3fb"},"headline":"Seine-Saint-Denis Ilan Halimi : quatre oliviers ont \u00e9t\u00e9 plant\u00e9s pour remplacer celui abattu \u00e0 la tron\u00e7onneuse","datePublished":"2025-09-17T08:26:00+00:00","mainEntityOfPage":{"@id":"https:\/\/jumeaux91.fr\/blog\/seine-saint-denis-ilan-halimi-quatre-oliviers-ont-ete-plantes-pour-remplacer-celui-abattu-a-la-tronconneuse\/"},"wordCount":565,"publisher":{"@id":"https:\/\/jumeaux91.fr\/blog\/#organization"},"image":{"@id":"https:\/\/jumeaux91.fr\/blog\/seine-saint-denis-ilan-halimi-quatre-oliviers-ont-ete-plantes-pour-remplacer-celui-abattu-a-la-tronconneuse\/#primaryimage"},"thumbnailUrl":"https:\/\/jumeaux91.fr\/blog\/wp-content\/uploads\/2025\/09\/seine-saint-denis-ilan-halimi-quatre-oliviers-ont-ete-plantes-pour-remplacer-celui-abattu-a-la-tronconneuse.jpg","articleSection":["Posts Fr\u00e8res Jumeaux De L'Essonnes:"],"inLanguage":"fr-FR"},{"@type":"WebPage","@id":"https:\/\/jumeaux91.fr\/blog\/seine-saint-denis-ilan-halimi-quatre-oliviers-ont-ete-plantes-pour-remplacer-celui-abattu-a-la-tronconneuse\/","url":"https:\/\/jumeaux91.fr\/blog\/seine-saint-denis-ilan-halimi-quatre-oliviers-ont-ete-plantes-pour-remplacer-celui-abattu-a-la-tronconneuse\/","name":"Seine-Saint-Denis Ilan Halimi : quatre oliviers ont \u00e9t\u00e9 plant\u00e9s pour remplacer celui abattu \u00e0 la tron\u00e7onneuse - JUMEAUX91","isPartOf":{"@id":"https:\/\/jumeaux91.fr\/blog\/#website"},"primaryImageOfPage":{"@id":"https:\/\/jumeaux91.fr\/blog\/seine-saint-denis-ilan-halimi-quatre-oliviers-ont-ete-plantes-pour-remplacer-celui-abattu-a-la-tronconneuse\/#primaryimage"},"image":{"@id":"https:\/\/jumeaux91.fr\/blog\/seine-saint-denis-ilan-halimi-quatre-oliviers-ont-ete-plantes-pour-remplacer-celui-abattu-a-la-tronconneuse\/#primaryimage"},"thumbnailUrl":"https:\/\/jumeaux91.fr\/blog\/wp-content\/uploads\/2025\/09\/seine-saint-denis-ilan-halimi-quatre-oliviers-ont-ete-plantes-pour-remplacer-celui-abattu-a-la-tronconneuse.jpg","datePublished":"2025-09-17T08:26:00+00:00","breadcrumb":{"@id":"https:\/\/jumeaux91.fr\/blog\/seine-saint-denis-ilan-halimi-quatre-oliviers-ont-ete-plantes-pour-remplacer-celui-abattu-a-la-tronconneuse\/#breadcrumb"},"inLanguage":"fr-FR","potentialAction":[{"@type":"ReadAction","target":["https:\/\/jumeaux91.fr\/blog\/seine-saint-denis-ilan-halimi-quatre-oliviers-ont-ete-plantes-pour-remplacer-celui-abattu-a-la-tronconneuse\/"]}]},{"@type":"ImageObject","inLanguage":"fr-FR","@id":"https:\/\/jumeaux91.fr\/blog\/seine-saint-denis-ilan-halimi-quatre-oliviers-ont-ete-plantes-pour-remplacer-celui-abattu-a-la-tronconneuse\/#primaryimage","url":"https:\/\/jumeaux91.fr\/blog\/wp-content\/uploads\/2025\/09\/seine-saint-denis-ilan-halimi-quatre-oliviers-ont-ete-plantes-pour-remplacer-celui-abattu-a-la-tronconneuse.jpg","contentUrl":"https:\/\/jumeaux91.fr\/blog\/wp-content\/uploads\/2025\/09\/seine-saint-denis-ilan-halimi-quatre-oliviers-ont-ete-plantes-pour-remplacer-celui-abattu-a-la-tronconneuse.jpg","width":1200,"height":630,"caption":"Seine Saint Denis Ilan Halimi : quatre oliviers ont \u00e9t\u00e9 plant\u00e9s pour remplacer celui abattu \u00e0 la tron\u00e7onneuse"},{"@type":"BreadcrumbList","@id":"https:\/\/jumeaux91.fr\/blog\/seine-saint-denis-ilan-halimi-quatre-oliviers-ont-ete-plantes-pour-remplacer-celui-abattu-a-la-tronconneuse\/#breadcrumb","itemListElement":[{"@type":"ListItem","position":1,"name":"Accueil","item":"https:\/\/jumeaux91.fr\/blog\/"},{"@type":"ListItem","position":2,"name":"Seine-Saint-Denis Ilan Halimi : quatre oliviers ont \u00e9t\u00e9 plant\u00e9s pour remplacer celui abattu \u00e0 la tron\u00e7onneuse"}]},{"@type":"WebSite","@id":"https:\/\/jumeaux91.fr\/blog\/#website","url":"https:\/\/jumeaux91.fr\/blog\/","name":"JUMEAUX91","description":"Fr\u00e8res jumeaux de l&#039;Essonnes; informations et archives, \u00e0 savoir et retenir.","publisher":{"@id":"https:\/\/jumeaux91.fr\/blog\/#organization"},"potentialAction":[{"@type":"SearchAction","target":{"@type":"EntryPoint","urlTemplate":"https:\/\/jumeaux91.fr\/blog\/?s={search_term_string}"},"query-input":{"@type":"PropertyValueSpecification","valueRequired":true,"valueName":"search_term_string"}}],"inLanguage":"fr-FR"},{"@type":"Organization","@id":"https:\/\/jumeaux91.fr\/blog\/#organization","name":"jumeaux91","url":"https:\/\/jumeaux91.fr\/blog\/","logo":{"@type":"ImageObject","inLanguage":"fr-FR","@id":"https:\/\/jumeaux91.fr\/blog\/#\/schema\/logo\/image\/","url":"https:\/\/jumeaux91.fr\/blog\/wp-content\/uploads\/2023\/05\/cropped-cropped-logoJ_91.png","contentUrl":"https:\/\/jumeaux91.fr\/blog\/wp-content\/uploads\/2023\/05\/cropped-cropped-logoJ_91.png","width":512,"height":512,"caption":"jumeaux91"},"image":{"@id":"https:\/\/jumeaux91.fr\/blog\/#\/schema\/logo\/image\/"}},{"@type":"Person","@id":"https:\/\/jumeaux91.fr\/blog\/#\/schema\/person\/21da06e9f119b9f64e5d45dbbd32d3fb","name":"Claude DAYRES","image":{"@type":"ImageObject","inLanguage":"fr-FR","@id":"https:\/\/secure.gravatar.com\/avatar\/82eb951df6110a2c48d1bfa7a67d1ee6f0cd5df3cbf9c3586dd61e82db7172a5?s=96&d=mm&r=g","url":"https:\/\/secure.gravatar.com\/avatar\/82eb951df6110a2c48d1bfa7a67d1ee6f0cd5df3cbf9c3586dd61e82db7172a5?s=96&d=mm&r=g","contentUrl":"https:\/\/secure.gravatar.com\/avatar\/82eb951df6110a2c48d1bfa7a67d1ee6f0cd5df3cbf9c3586dd61e82db7172a5?s=96&d=mm&r=g","caption":"Claude DAYRES"},"url":"https:\/\/jumeaux91.fr\/blog\/author\/x91claude\/"}]}},"_links":{"self":[{"href":"https:\/\/jumeaux91.fr\/blog\/wp-json\/wp\/v2\/posts\/1681","targetHints":{"allow":["GET"]}}],"collection":[{"href":"https:\/\/jumeaux91.fr\/blog\/wp-json\/wp\/v2\/posts"}],"about":[{"href":"https:\/\/jumeaux91.fr\/blog\/wp-json\/wp\/v2\/types\/post"}],"author":[{"embeddable":true,"href":"https:\/\/jumeaux91.fr\/blog\/wp-json\/wp\/v2\/users\/2"}],"replies":[{"embeddable":true,"href":"https:\/\/jumeaux91.fr\/blog\/wp-json\/wp\/v2\/comments?post=1681"}],"version-history":[{"count":0,"href":"https:\/\/jumeaux91.fr\/blog\/wp-json\/wp\/v2\/posts\/1681\/revisions"}],"wp:featuredmedia":[{"embeddable":true,"href":"https:\/\/jumeaux91.fr\/blog\/wp-json\/wp\/v2\/media\/1682"}],"wp:attachment":[{"href":"https:\/\/jumeaux91.fr\/blog\/wp-json\/wp\/v2\/media?parent=1681"}],"wp:term":[{"taxonomy":"category","embeddable":true,"href":"https:\/\/jumeaux91.fr\/blog\/wp-json\/wp\/v2\/categories?post=1681"},{"taxonomy":"post_tag","embeddable":true,"href":"https:\/\/jumeaux91.fr\/blog\/wp-json\/wp\/v2\/tags?post=1681"}],"curies":[{"name":"wp","href":"https:\/\/api.w.org\/{rel}","templated":true}]}}