{"id":1687,"date":"2025-09-17T13:05:00","date_gmt":"2025-09-17T11:05:00","guid":{"rendered":"https:\/\/jumeaux91.fr\/blog\/quatre-nouveaux-arbres-en-hommage-a-ilan-halimi-plantes-a-epinay-sur-seine\/"},"modified":"2025-09-17T13:05:00","modified_gmt":"2025-09-17T11:05:00","slug":"quatre-nouveaux-arbres-en-hommage-a-ilan-halimi-plantes-a-epinay-sur-seine","status":"publish","type":"post","link":"https:\/\/jumeaux91.fr\/blog\/quatre-nouveaux-arbres-en-hommage-a-ilan-halimi-plantes-a-epinay-sur-seine\/","title":{"rendered":"Quatre nouveaux arbres en hommage \u00e0 Ilan Halimi plant\u00e9s \u00e0 \u00c9pinay-sur-Seine"},"content":{"rendered":"<p>Quatre nouveaux oliviers ont plant\u00e9s \u00e0 la m\u00e9moire d&rsquo;Ilan Halimi ce mercredi \u00e0 \u00c9pinay-sur-Seine. \u00c0 quelques m\u00e8tres de l\u00e0, un autre arbre en hommage \u00e0 ce jeune juif tortur\u00e9 \u00e0 mort en 2006 avait \u00e9t\u00e9 abattu par malveillance au mois d&rsquo;ao\u00fbt.<\/p>\n<div><!--[1--><!--[--><!--[2--><!--[--><!--[1--><!--&gt;\n\n<p>--><!--[1--><!--[--><!--[2--><!--[1--><!--[1--><!--&gt;--><!--&gt;\"<em>Personne ne parviendra \u00e0 d\u00e9raciner la m\u00e9moire d'Ilan\"<\/em>, affirme ce mercredi Ha\u00efm Korsia, le grand rabbin de France. Il \u00e9tait pr\u00e9sent \u00e0 \u00c9pinay-sur-Seine lors de <strong>la plantation de quatre nouveaux oliviers \u00e0 la m\u00e9moire d'Ilan Halimi.<\/strong> Ces arbres sont implant\u00e9s juste \u00e0 c\u00f4t\u00e9 de&nbsp;--><!--&gt;--><!--]--><!--]--><!--]--><!--&gt;[2--><!--[1--><!--[2--><!--&gt;[--><a class=\"IciLink ici-link IciArticleLink g-ici-body-regular-1 underline brand svelte-lu7k6w\" href=\"https:\/\/www.francebleu.fr\/infos\/faits-divers-justice\/le-maire-d-epinay-sur-seine-denonce-un-acte-antisemite-apres-l-abatage-d-un-arbre-en-hommage-a-ilan-halimi-7914266\" target=\"_blank\" rel=\"nofollow\"><!--&gt;--><!--&gt;celui qui a \u00e9t\u00e9 abattu par malveillance au mois d'ao\u00fbt.--><!--&gt;--><\/a><!--]--><!--&gt;]--><!--]--><!--]--><!--&gt;]--><!--]--><!--&gt;--><\/p>\n<p><!--&gt;]--><!--]--><!--]--><!--&gt;[2--><!--[3--><!--&gt;[--><!--]--><!--&gt;]--><!--]--><!--&gt;[2--><!--[1--><!--[--><!--&gt;[1--><\/p>\n<h2><!--&gt;-->Deux personnes interpell\u00e9es au mois d&rsquo;ao\u00fbt<!--&gt;--><\/h2>\n<p><!--]--><!--&gt;]--><!--]--><!--]--><!--&gt;[2--><!--[--><!--[1--><!--&gt;\n\n<p>--><!--[1--><!--[--><!--[2--><!--[1--><!--[1--><!--&gt;--><!--&gt;Ilan Halimi, un jeune homme de 23 ans de confession juive avait \u00e9t\u00e9 <strong>s\u00e9questr\u00e9 et tortur\u00e9 en janvier 2006 \u00e0 Bagneux<\/strong>&nbsp;dans les Hauts-de-Seine par un groupe d'une vingtaine de personnes se faisant appeler \"le gang des barbares\". D\u00e9couvert agonisant un peu moins d'un mois plus tard, il est mort de ses blessures lors de son transfert \u00e0 l'h\u00f4pital.--><!--&gt;--><!--]--><!--]--><!--]--><!--&gt;]--><!--]--><!--&gt;--><\/p>\n<p><!--&gt;]--><!--]--><!--]--><!--&gt;[2--><!--[--><!--[1--><!--&gt;\n\n<p>--><!--[1--><!--[--><!--[2--><!--[1--><!--[1--><!--&gt;--><!--&gt;En 2011, un arbre a donc \u00e9t\u00e9 plant\u00e9 \u00e0 \u00c9pinay-sur-Seine pour honorer sa m\u00e9moire. Il a \u00e9t\u00e9 abattu dans la nuit du 13 au 14 ao\u00fbt dernier,&nbsp;--><!--&gt;--><!--]--><!--]--><!--]--><!--&gt;[2--><!--[1--><!--[2--><!--&gt;[--><a class=\"IciLink ici-link IciArticleLink g-ici-body-regular-1 underline brand svelte-lu7k6w\" href=\"https:\/\/www.francebleu.fr\/infos\/faits-divers-justice\/epinay-sur-seine-francois-bayrou-denonce-la-haine-antisemite-de-ceux-qui-ont-abattu-l-arbre-en-hommage-a-ilan-halimi-3656329\" target=\"_blank\" rel=\"nofollow\"><!--&gt;--><!--&gt;suscitant une vague d'indignation au sein de la classe politique--><!--&gt;--><\/a><!--]--><!--&gt;]--><!--]--><!--]--><!--&gt;[2--><!--[1--><!--[1--><!--&gt;--><!--&gt;. <strong>Deux fr\u00e8res jumeaux, \u00e2g\u00e9s de 19 ans, soup\u00e7onn\u00e9s d'avoir tron\u00e7onn\u00e9 l'arbre ont \u00e9t\u00e9 plac\u00e9s en d\u00e9tention provisoire<\/strong> fin ao\u00fbt. Ils doivent \u00eatre jug\u00e9s en octobre.--><!--&gt;--><!--]--><!--]--><!--]--><!--&gt;]--><!--]--><!--&gt;--><\/p>\n<p><!--&gt;]--><!--]--><!--]--><!--&gt;[2--><!--[2--><!--&gt;\n\n<aside class=\"IciBounceArticle svelte-c9w8h3\">\n\n<h2 class=\"label g-ici-heading svelte-c9w8h3\">\u00c0 lire aussi<\/h2>\n\n \n\n<div class=\"content svelte-c9w8h3\"> [--><\/p>\n<div class=\"visual svelte-c9w8h3\">\n<div><!--&gt;[!--><!--]--> <!--[!--><img decoding=\"async\" src=\"https:\/\/jumeaux91.fr\/blog\/wp-content\/uploads\/2025\/09\/quatre-nouveaux-arbres-en-hommage-a-ilan-halimi-plantes-a-epinay-sur-seine.jpg\" alt=\"L'olivier plant\u00e9 en hommage \u00e0 Ilan Halimi, d\u00e9coup\u00e9 \u00e0 \u00c9pinay-sur-Seine.\" loading=\"lazy\" aria-hidden=\"true\" class=\"svelte-1pnmlwx rounded\"><!--]--><!--&gt;<\/div>\n\n--><\/div>\n<p><!--]--><\/div>\n<\/aside>\n<p><!--&gt;]--><!--]--><!--&gt;[2--><!--[1--><!--[--><!--&gt;[1--><\/p>\n<h2><!--&gt;-->\u00ab\u00a0Pas de tol\u00e9rance pour l&rsquo;intol\u00e9rable\u00a0\u00bb<!--&gt;--><\/h2>\n<p><!--]--><!--&gt;]--><!--]--><!--]--><!--&gt;[2--><!--[--><!--[1--><!--&gt;\n\n<p>--><!--[1--><!--[--><!--[2--><!--[1--><!--[1--><!--&gt;--><!--&gt;La c\u00e9r\u00e9monie de ce mercredi a r\u00e9uni \u00e0 la fois des autorit\u00e9s civiles et religieuses mais aussi des \u00e9l\u00e8ves de l'\u00e9cole juive Beth Isra\u00ebl. <strong>\"<em>Il n'y aura pas de tol\u00e9rance pour l'intol\u00e9rable\"<\/em><\/strong>, a averti le pr\u00e9fet de Seine-Saint-Denis, Julien Charles, qui affirme que depuis l'attaque du 7 octobre 2023, les actes antis\u00e9mites en France ont \u00e9t\u00e9 multipli\u00e9s par quatre.--><!--&gt;--><!--]--><!--]--><!--]--><!--&gt;]--><!--]--><!--&gt;--><\/p>\n<p><!--&gt;]--><!--]--><!--]--><!--&gt;[2--><!--[--><!--[1--><!--&gt;\n\n<p>--><!--[1--><!--[--><!--[2--><!--[1--><!--[1--><!--&gt;--><!--&gt;Selon le grand rabin, Ha\u00efm Korsia, l'olivier tron\u00e7onn\u00e9 au mois d'ao\u00fbt \"v<em>a reprendre\"<\/em>. Les quatre autres, qui ont \u00e9t\u00e9 plant\u00e9s ce mercredi ont \u00e9t\u00e9 donn\u00e9s par des citoyens. \"<em>Au lieu d'un arbre, il y a maintenant cinq arbres, C'est \u00e7a la d\u00e9termination de la R\u00e9publique, c'est de ne jamais rien laisser passer\",<\/em> a-t-il d\u00e9clar\u00e9 au micro de franceinfo.--><!--&gt;--><!--]--><!--]--><!--]--><!--&gt;]--><!--]--><!--&gt;--><\/p>\n<p><!--&gt;]--><!--]--><!--]--><!--&gt;[2--><!--[--><!--[1--><!--&gt;\n\n<p>--><!--[1--><!--[--><!--[2--><!--[1--><!--[1--><!--&gt;--><!--&gt;Deux autres arbres plant\u00e9s en hommage \u00e0 Ilan Halimi, dont l'un portait sa photo, avaient \u00e9t\u00e9&nbsp;--><!--&gt;--><!--]--><!--]--><!--]--><!--&gt;[2--><!--[1--><!--[2--><!--&gt;[--><a class=\"IciLink ici-link IciArticleLink g-ici-body-regular-1 underline brand svelte-lu7k6w\" href=\"https:\/\/www.francebleu.fr\/infos\/faits-divers-justice\/essonne-deux-arbres-plantes-en-hommage-a-ilan-halimi-tue-en-2006-profanes-a-sainte-genevieve-des-1549909259\" target=\"_blank\" rel=\"nofollow\"><!--&gt;--><!--&gt;sci\u00e9s en 2019 \u00e0 Sainte-Genevi\u00e8ve-des-Bois--><!--&gt;--><\/a><!--]--><!--&gt;]--><!--]--><!--]--><!--&gt;[2--><!--[1--><!--[1--><!--&gt;--><!--&gt;. D'autres avaient ensuite \u00e9t\u00e9 replant\u00e9s, dont le dernier l'a \u00e9t\u00e9 il y a environ deux semaines, en r\u00e9action \u00e0 l'abattage de celui d'\u00c9pinay-sur-Seine.--><!--&gt;--><!--]--><!--]--><!--]--><!--&gt;]--><!--]--><!--&gt;--><\/p>\n<p><!--&gt;]--><!--]--><!--]--><!--&gt;]--><!--]--><!--&gt;<\/div>\n\nLa chronique se veut g\u00e9n\u00e9r\u00e9e de la fa\u00e7on la plus claire que possible. Dans le cas o\u00f9 vous souhaitez pr\u00e9senter des renseignements compl\u00e9mentaires \u00e0 cet article sur le sujet \"Fr\u00e8res jumeaux de l'Essonnes\" il vous est possible d\u2019\u00e9crire aux contacts indiqu\u00e9s sur notre website. La raison d\u2019\u00eatre de jumeaux91.fr \u00e9tant de rassembler sur le web des posts sur le sujet de Fr\u00e8res jumeaux de l'Essonnes puis les diffuser en r\u00e9pondant au mieux aux interrogations des gens. Vous pouvez tirer profit de cet article traitant le sujet \"Fr\u00e8res jumeaux de l'Essonnes\". Il est concoct\u00e9 par l\u2019\u00e9quipe jumeaux91.fr. Prochainement, nous rendrons accessibles au public d'autres informations pertinentes sur le sujet \"Fr\u00e8res jumeaux de l'Essonnes\". Alors, consultez syst\u00e9matiquement notre blog.--><\/p>\n","protected":false},"excerpt":{"rendered":"<p>Quatre nouveaux oliviers ont plant\u00e9s \u00e0 la m\u00e9moire d&rsquo;Ilan Halimi ce mercredi \u00e0 \u00c9pinay-sur-Seine. \u00c0 quelques m\u00e8tres de l\u00e0, un autre arbre en hommage \u00e0 ce jeune juif tortur\u00e9 \u00e0 mort en 2006 avait \u00e9t\u00e9 abattu par malveillance au mois d&rsquo;ao\u00fbt. Deux personnes interpell\u00e9es au mois d&rsquo;ao\u00fbt \u00ab\u00a0Pas de tol\u00e9rance pour l&rsquo;intol\u00e9rable\u00a0\u00bb<\/p>\n","protected":false},"author":2,"featured_media":1688,"comment_status":"closed","ping_status":"closed","sticky":false,"template":"","format":"standard","meta":{"footnotes":""},"categories":[4],"tags":[],"class_list":["post-1687","post","type-post","status-publish","format-standard","has-post-thumbnail","hentry","category-posts-freres-jumeaux-de-lessonnes","entry"],"yoast_head":"<!-- This site is optimized with the Yoast SEO plugin v27.5 - https:\/\/yoast.com\/product\/yoast-seo-wordpress\/ -->\n<title>Quatre nouveaux arbres en hommage \u00e0 Ilan Halimi plant\u00e9s \u00e0 \u00c9pinay-sur-Seine - JUMEAUX91<\/title>\n<meta name=\"robots\" content=\"index, follow, max-snippet:-1, max-image-preview:large, max-video-preview:-1\" \/>\n<link rel=\"canonical\" href=\"https:\/\/jumeaux91.fr\/blog\/quatre-nouveaux-arbres-en-hommage-a-ilan-halimi-plantes-a-epinay-sur-seine\/\" \/>\n<meta property=\"og:locale\" content=\"fr_FR\" \/>\n<meta property=\"og:type\" content=\"article\" \/>\n<meta property=\"og:title\" content=\"Quatre nouveaux arbres en hommage \u00e0 Ilan Halimi plant\u00e9s \u00e0 \u00c9pinay-sur-Seine - JUMEAUX91\" \/>\n<meta property=\"og:description\" content=\"Quatre nouveaux oliviers ont plant\u00e9s \u00e0 la m\u00e9moire d&rsquo;Ilan Halimi ce mercredi \u00e0 \u00c9pinay-sur-Seine. \u00c0 quelques m\u00e8tres de l\u00e0, un autre arbre en hommage \u00e0 ce jeune juif tortur\u00e9 \u00e0 mort en 2006 avait \u00e9t\u00e9 abattu par malveillance au mois d&rsquo;ao\u00fbt. Deux personnes interpell\u00e9es au mois d&rsquo;ao\u00fbt \u00ab\u00a0Pas de tol\u00e9rance pour l&rsquo;intol\u00e9rable\u00a0\u00bb\" \/>\n<meta property=\"og:url\" content=\"https:\/\/jumeaux91.fr\/blog\/quatre-nouveaux-arbres-en-hommage-a-ilan-halimi-plantes-a-epinay-sur-seine\/\" \/>\n<meta property=\"og:site_name\" content=\"JUMEAUX91\" \/>\n<meta property=\"article:published_time\" content=\"2025-09-17T11:05:00+00:00\" \/>\n<meta property=\"og:image\" content=\"https:\/\/jumeaux91.fr\/blog\/wp-content\/uploads\/2025\/09\/quatre-nouveaux-arbres-en-hommage-a-ilan-halimi-plantes-a-epinay-sur-seine.jpg\" \/>\n<meta name=\"author\" content=\"Claude DAYRES\" \/>\n<meta name=\"twitter:card\" content=\"summary_large_image\" \/>\n<meta name=\"twitter:label1\" content=\"\u00c9crit par\" \/>\n\t<meta name=\"twitter:data1\" content=\"Claude DAYRES\" \/>\n<script type=\"application\/ld+json\" class=\"yoast-schema-graph\">{\"@context\":\"https:\\\/\\\/schema.org\",\"@graph\":[{\"@type\":\"Article\",\"@id\":\"https:\\\/\\\/jumeaux91.fr\\\/blog\\\/quatre-nouveaux-arbres-en-hommage-a-ilan-halimi-plantes-a-epinay-sur-seine\\\/#article\",\"isPartOf\":{\"@id\":\"https:\\\/\\\/jumeaux91.fr\\\/blog\\\/quatre-nouveaux-arbres-en-hommage-a-ilan-halimi-plantes-a-epinay-sur-seine\\\/\"},\"author\":{\"name\":\"Claude DAYRES\",\"@id\":\"https:\\\/\\\/jumeaux91.fr\\\/blog\\\/#\\\/schema\\\/person\\\/21da06e9f119b9f64e5d45dbbd32d3fb\"},\"headline\":\"Quatre nouveaux arbres en hommage \u00e0 Ilan Halimi plant\u00e9s \u00e0 \u00c9pinay-sur-Seine\",\"datePublished\":\"2025-09-17T11:05:00+00:00\",\"mainEntityOfPage\":{\"@id\":\"https:\\\/\\\/jumeaux91.fr\\\/blog\\\/quatre-nouveaux-arbres-en-hommage-a-ilan-halimi-plantes-a-epinay-sur-seine\\\/\"},\"wordCount\":68,\"publisher\":{\"@id\":\"https:\\\/\\\/jumeaux91.fr\\\/blog\\\/#organization\"},\"image\":{\"@id\":\"https:\\\/\\\/jumeaux91.fr\\\/blog\\\/quatre-nouveaux-arbres-en-hommage-a-ilan-halimi-plantes-a-epinay-sur-seine\\\/#primaryimage\"},\"thumbnailUrl\":\"https:\\\/\\\/jumeaux91.fr\\\/blog\\\/wp-content\\\/uploads\\\/2025\\\/09\\\/quatre-nouveaux-arbres-en-hommage-a-ilan-halimi-plantes-a-epinay-sur-seine.jpg\",\"articleSection\":[\"Posts Fr\u00e8res Jumeaux De L'Essonnes:\"],\"inLanguage\":\"fr-FR\"},{\"@type\":\"WebPage\",\"@id\":\"https:\\\/\\\/jumeaux91.fr\\\/blog\\\/quatre-nouveaux-arbres-en-hommage-a-ilan-halimi-plantes-a-epinay-sur-seine\\\/\",\"url\":\"https:\\\/\\\/jumeaux91.fr\\\/blog\\\/quatre-nouveaux-arbres-en-hommage-a-ilan-halimi-plantes-a-epinay-sur-seine\\\/\",\"name\":\"Quatre nouveaux arbres en hommage \u00e0 Ilan Halimi plant\u00e9s \u00e0 \u00c9pinay-sur-Seine - JUMEAUX91\",\"isPartOf\":{\"@id\":\"https:\\\/\\\/jumeaux91.fr\\\/blog\\\/#website\"},\"primaryImageOfPage\":{\"@id\":\"https:\\\/\\\/jumeaux91.fr\\\/blog\\\/quatre-nouveaux-arbres-en-hommage-a-ilan-halimi-plantes-a-epinay-sur-seine\\\/#primaryimage\"},\"image\":{\"@id\":\"https:\\\/\\\/jumeaux91.fr\\\/blog\\\/quatre-nouveaux-arbres-en-hommage-a-ilan-halimi-plantes-a-epinay-sur-seine\\\/#primaryimage\"},\"thumbnailUrl\":\"https:\\\/\\\/jumeaux91.fr\\\/blog\\\/wp-content\\\/uploads\\\/2025\\\/09\\\/quatre-nouveaux-arbres-en-hommage-a-ilan-halimi-plantes-a-epinay-sur-seine.jpg\",\"datePublished\":\"2025-09-17T11:05:00+00:00\",\"breadcrumb\":{\"@id\":\"https:\\\/\\\/jumeaux91.fr\\\/blog\\\/quatre-nouveaux-arbres-en-hommage-a-ilan-halimi-plantes-a-epinay-sur-seine\\\/#breadcrumb\"},\"inLanguage\":\"fr-FR\",\"potentialAction\":[{\"@type\":\"ReadAction\",\"target\":[\"https:\\\/\\\/jumeaux91.fr\\\/blog\\\/quatre-nouveaux-arbres-en-hommage-a-ilan-halimi-plantes-a-epinay-sur-seine\\\/\"]}]},{\"@type\":\"ImageObject\",\"inLanguage\":\"fr-FR\",\"@id\":\"https:\\\/\\\/jumeaux91.fr\\\/blog\\\/quatre-nouveaux-arbres-en-hommage-a-ilan-halimi-plantes-a-epinay-sur-seine\\\/#primaryimage\",\"url\":\"https:\\\/\\\/jumeaux91.fr\\\/blog\\\/wp-content\\\/uploads\\\/2025\\\/09\\\/quatre-nouveaux-arbres-en-hommage-a-ilan-halimi-plantes-a-epinay-sur-seine.jpg\",\"contentUrl\":\"https:\\\/\\\/jumeaux91.fr\\\/blog\\\/wp-content\\\/uploads\\\/2025\\\/09\\\/quatre-nouveaux-arbres-en-hommage-a-ilan-halimi-plantes-a-epinay-sur-seine.jpg\",\"width\":560,\"height\":315,\"caption\":\"Quatre nouveaux arbres en hommage \u00e0 Ilan Halimi plant\u00e9s \u00e0 \u00c9pinay sur Seine\"},{\"@type\":\"BreadcrumbList\",\"@id\":\"https:\\\/\\\/jumeaux91.fr\\\/blog\\\/quatre-nouveaux-arbres-en-hommage-a-ilan-halimi-plantes-a-epinay-sur-seine\\\/#breadcrumb\",\"itemListElement\":[{\"@type\":\"ListItem\",\"position\":1,\"name\":\"Accueil\",\"item\":\"https:\\\/\\\/jumeaux91.fr\\\/blog\\\/\"},{\"@type\":\"ListItem\",\"position\":2,\"name\":\"Quatre nouveaux arbres en hommage \u00e0 Ilan Halimi plant\u00e9s \u00e0 \u00c9pinay-sur-Seine\"}]},{\"@type\":\"WebSite\",\"@id\":\"https:\\\/\\\/jumeaux91.fr\\\/blog\\\/#website\",\"url\":\"https:\\\/\\\/jumeaux91.fr\\\/blog\\\/\",\"name\":\"JUMEAUX91\",\"description\":\"Fr\u00e8res jumeaux de l&#039;Essonnes; informations et archives, \u00e0 savoir et retenir.\",\"publisher\":{\"@id\":\"https:\\\/\\\/jumeaux91.fr\\\/blog\\\/#organization\"},\"potentialAction\":[{\"@type\":\"SearchAction\",\"target\":{\"@type\":\"EntryPoint\",\"urlTemplate\":\"https:\\\/\\\/jumeaux91.fr\\\/blog\\\/?s={search_term_string}\"},\"query-input\":{\"@type\":\"PropertyValueSpecification\",\"valueRequired\":true,\"valueName\":\"search_term_string\"}}],\"inLanguage\":\"fr-FR\"},{\"@type\":\"Organization\",\"@id\":\"https:\\\/\\\/jumeaux91.fr\\\/blog\\\/#organization\",\"name\":\"jumeaux91\",\"url\":\"https:\\\/\\\/jumeaux91.fr\\\/blog\\\/\",\"logo\":{\"@type\":\"ImageObject\",\"inLanguage\":\"fr-FR\",\"@id\":\"https:\\\/\\\/jumeaux91.fr\\\/blog\\\/#\\\/schema\\\/logo\\\/image\\\/\",\"url\":\"https:\\\/\\\/jumeaux91.fr\\\/blog\\\/wp-content\\\/uploads\\\/2023\\\/05\\\/cropped-cropped-logoJ_91.png\",\"contentUrl\":\"https:\\\/\\\/jumeaux91.fr\\\/blog\\\/wp-content\\\/uploads\\\/2023\\\/05\\\/cropped-cropped-logoJ_91.png\",\"width\":512,\"height\":512,\"caption\":\"jumeaux91\"},\"image\":{\"@id\":\"https:\\\/\\\/jumeaux91.fr\\\/blog\\\/#\\\/schema\\\/logo\\\/image\\\/\"}},{\"@type\":\"Person\",\"@id\":\"https:\\\/\\\/jumeaux91.fr\\\/blog\\\/#\\\/schema\\\/person\\\/21da06e9f119b9f64e5d45dbbd32d3fb\",\"name\":\"Claude DAYRES\",\"image\":{\"@type\":\"ImageObject\",\"inLanguage\":\"fr-FR\",\"@id\":\"https:\\\/\\\/secure.gravatar.com\\\/avatar\\\/82eb951df6110a2c48d1bfa7a67d1ee6f0cd5df3cbf9c3586dd61e82db7172a5?s=96&d=mm&r=g\",\"url\":\"https:\\\/\\\/secure.gravatar.com\\\/avatar\\\/82eb951df6110a2c48d1bfa7a67d1ee6f0cd5df3cbf9c3586dd61e82db7172a5?s=96&d=mm&r=g\",\"contentUrl\":\"https:\\\/\\\/secure.gravatar.com\\\/avatar\\\/82eb951df6110a2c48d1bfa7a67d1ee6f0cd5df3cbf9c3586dd61e82db7172a5?s=96&d=mm&r=g\",\"caption\":\"Claude DAYRES\"},\"url\":\"https:\\\/\\\/jumeaux91.fr\\\/blog\\\/author\\\/x91claude\\\/\"}]}<\/script>\n<!-- \/ Yoast SEO plugin. -->","yoast_head_json":{"title":"Quatre nouveaux arbres en hommage \u00e0 Ilan Halimi plant\u00e9s \u00e0 \u00c9pinay-sur-Seine - JUMEAUX91","robots":{"index":"index","follow":"follow","max-snippet":"max-snippet:-1","max-image-preview":"max-image-preview:large","max-video-preview":"max-video-preview:-1"},"canonical":"https:\/\/jumeaux91.fr\/blog\/quatre-nouveaux-arbres-en-hommage-a-ilan-halimi-plantes-a-epinay-sur-seine\/","og_locale":"fr_FR","og_type":"article","og_title":"Quatre nouveaux arbres en hommage \u00e0 Ilan Halimi plant\u00e9s \u00e0 \u00c9pinay-sur-Seine - JUMEAUX91","og_description":"Quatre nouveaux oliviers ont plant\u00e9s \u00e0 la m\u00e9moire d&rsquo;Ilan Halimi ce mercredi \u00e0 \u00c9pinay-sur-Seine. \u00c0 quelques m\u00e8tres de l\u00e0, un autre arbre en hommage \u00e0 ce jeune juif tortur\u00e9 \u00e0 mort en 2006 avait \u00e9t\u00e9 abattu par malveillance au mois d&rsquo;ao\u00fbt. Deux personnes interpell\u00e9es au mois d&rsquo;ao\u00fbt \u00ab\u00a0Pas de tol\u00e9rance pour l&rsquo;intol\u00e9rable\u00a0\u00bb","og_url":"https:\/\/jumeaux91.fr\/blog\/quatre-nouveaux-arbres-en-hommage-a-ilan-halimi-plantes-a-epinay-sur-seine\/","og_site_name":"JUMEAUX91","article_published_time":"2025-09-17T11:05:00+00:00","og_image":[{"url":"https:\/\/jumeaux91.fr\/blog\/wp-content\/uploads\/2025\/09\/quatre-nouveaux-arbres-en-hommage-a-ilan-halimi-plantes-a-epinay-sur-seine.jpg","type":"","width":"","height":""}],"author":"Claude DAYRES","twitter_card":"summary_large_image","twitter_misc":{"\u00c9crit par":"Claude DAYRES"},"schema":{"@context":"https:\/\/schema.org","@graph":[{"@type":"Article","@id":"https:\/\/jumeaux91.fr\/blog\/quatre-nouveaux-arbres-en-hommage-a-ilan-halimi-plantes-a-epinay-sur-seine\/#article","isPartOf":{"@id":"https:\/\/jumeaux91.fr\/blog\/quatre-nouveaux-arbres-en-hommage-a-ilan-halimi-plantes-a-epinay-sur-seine\/"},"author":{"name":"Claude DAYRES","@id":"https:\/\/jumeaux91.fr\/blog\/#\/schema\/person\/21da06e9f119b9f64e5d45dbbd32d3fb"},"headline":"Quatre nouveaux arbres en hommage \u00e0 Ilan Halimi plant\u00e9s \u00e0 \u00c9pinay-sur-Seine","datePublished":"2025-09-17T11:05:00+00:00","mainEntityOfPage":{"@id":"https:\/\/jumeaux91.fr\/blog\/quatre-nouveaux-arbres-en-hommage-a-ilan-halimi-plantes-a-epinay-sur-seine\/"},"wordCount":68,"publisher":{"@id":"https:\/\/jumeaux91.fr\/blog\/#organization"},"image":{"@id":"https:\/\/jumeaux91.fr\/blog\/quatre-nouveaux-arbres-en-hommage-a-ilan-halimi-plantes-a-epinay-sur-seine\/#primaryimage"},"thumbnailUrl":"https:\/\/jumeaux91.fr\/blog\/wp-content\/uploads\/2025\/09\/quatre-nouveaux-arbres-en-hommage-a-ilan-halimi-plantes-a-epinay-sur-seine.jpg","articleSection":["Posts Fr\u00e8res Jumeaux De L'Essonnes:"],"inLanguage":"fr-FR"},{"@type":"WebPage","@id":"https:\/\/jumeaux91.fr\/blog\/quatre-nouveaux-arbres-en-hommage-a-ilan-halimi-plantes-a-epinay-sur-seine\/","url":"https:\/\/jumeaux91.fr\/blog\/quatre-nouveaux-arbres-en-hommage-a-ilan-halimi-plantes-a-epinay-sur-seine\/","name":"Quatre nouveaux arbres en hommage \u00e0 Ilan Halimi plant\u00e9s \u00e0 \u00c9pinay-sur-Seine - JUMEAUX91","isPartOf":{"@id":"https:\/\/jumeaux91.fr\/blog\/#website"},"primaryImageOfPage":{"@id":"https:\/\/jumeaux91.fr\/blog\/quatre-nouveaux-arbres-en-hommage-a-ilan-halimi-plantes-a-epinay-sur-seine\/#primaryimage"},"image":{"@id":"https:\/\/jumeaux91.fr\/blog\/quatre-nouveaux-arbres-en-hommage-a-ilan-halimi-plantes-a-epinay-sur-seine\/#primaryimage"},"thumbnailUrl":"https:\/\/jumeaux91.fr\/blog\/wp-content\/uploads\/2025\/09\/quatre-nouveaux-arbres-en-hommage-a-ilan-halimi-plantes-a-epinay-sur-seine.jpg","datePublished":"2025-09-17T11:05:00+00:00","breadcrumb":{"@id":"https:\/\/jumeaux91.fr\/blog\/quatre-nouveaux-arbres-en-hommage-a-ilan-halimi-plantes-a-epinay-sur-seine\/#breadcrumb"},"inLanguage":"fr-FR","potentialAction":[{"@type":"ReadAction","target":["https:\/\/jumeaux91.fr\/blog\/quatre-nouveaux-arbres-en-hommage-a-ilan-halimi-plantes-a-epinay-sur-seine\/"]}]},{"@type":"ImageObject","inLanguage":"fr-FR","@id":"https:\/\/jumeaux91.fr\/blog\/quatre-nouveaux-arbres-en-hommage-a-ilan-halimi-plantes-a-epinay-sur-seine\/#primaryimage","url":"https:\/\/jumeaux91.fr\/blog\/wp-content\/uploads\/2025\/09\/quatre-nouveaux-arbres-en-hommage-a-ilan-halimi-plantes-a-epinay-sur-seine.jpg","contentUrl":"https:\/\/jumeaux91.fr\/blog\/wp-content\/uploads\/2025\/09\/quatre-nouveaux-arbres-en-hommage-a-ilan-halimi-plantes-a-epinay-sur-seine.jpg","width":560,"height":315,"caption":"Quatre nouveaux arbres en hommage \u00e0 Ilan Halimi plant\u00e9s \u00e0 \u00c9pinay sur Seine"},{"@type":"BreadcrumbList","@id":"https:\/\/jumeaux91.fr\/blog\/quatre-nouveaux-arbres-en-hommage-a-ilan-halimi-plantes-a-epinay-sur-seine\/#breadcrumb","itemListElement":[{"@type":"ListItem","position":1,"name":"Accueil","item":"https:\/\/jumeaux91.fr\/blog\/"},{"@type":"ListItem","position":2,"name":"Quatre nouveaux arbres en hommage \u00e0 Ilan Halimi plant\u00e9s \u00e0 \u00c9pinay-sur-Seine"}]},{"@type":"WebSite","@id":"https:\/\/jumeaux91.fr\/blog\/#website","url":"https:\/\/jumeaux91.fr\/blog\/","name":"JUMEAUX91","description":"Fr\u00e8res jumeaux de l&#039;Essonnes; informations et archives, \u00e0 savoir et retenir.","publisher":{"@id":"https:\/\/jumeaux91.fr\/blog\/#organization"},"potentialAction":[{"@type":"SearchAction","target":{"@type":"EntryPoint","urlTemplate":"https:\/\/jumeaux91.fr\/blog\/?s={search_term_string}"},"query-input":{"@type":"PropertyValueSpecification","valueRequired":true,"valueName":"search_term_string"}}],"inLanguage":"fr-FR"},{"@type":"Organization","@id":"https:\/\/jumeaux91.fr\/blog\/#organization","name":"jumeaux91","url":"https:\/\/jumeaux91.fr\/blog\/","logo":{"@type":"ImageObject","inLanguage":"fr-FR","@id":"https:\/\/jumeaux91.fr\/blog\/#\/schema\/logo\/image\/","url":"https:\/\/jumeaux91.fr\/blog\/wp-content\/uploads\/2023\/05\/cropped-cropped-logoJ_91.png","contentUrl":"https:\/\/jumeaux91.fr\/blog\/wp-content\/uploads\/2023\/05\/cropped-cropped-logoJ_91.png","width":512,"height":512,"caption":"jumeaux91"},"image":{"@id":"https:\/\/jumeaux91.fr\/blog\/#\/schema\/logo\/image\/"}},{"@type":"Person","@id":"https:\/\/jumeaux91.fr\/blog\/#\/schema\/person\/21da06e9f119b9f64e5d45dbbd32d3fb","name":"Claude DAYRES","image":{"@type":"ImageObject","inLanguage":"fr-FR","@id":"https:\/\/secure.gravatar.com\/avatar\/82eb951df6110a2c48d1bfa7a67d1ee6f0cd5df3cbf9c3586dd61e82db7172a5?s=96&d=mm&r=g","url":"https:\/\/secure.gravatar.com\/avatar\/82eb951df6110a2c48d1bfa7a67d1ee6f0cd5df3cbf9c3586dd61e82db7172a5?s=96&d=mm&r=g","contentUrl":"https:\/\/secure.gravatar.com\/avatar\/82eb951df6110a2c48d1bfa7a67d1ee6f0cd5df3cbf9c3586dd61e82db7172a5?s=96&d=mm&r=g","caption":"Claude DAYRES"},"url":"https:\/\/jumeaux91.fr\/blog\/author\/x91claude\/"}]}},"_links":{"self":[{"href":"https:\/\/jumeaux91.fr\/blog\/wp-json\/wp\/v2\/posts\/1687","targetHints":{"allow":["GET"]}}],"collection":[{"href":"https:\/\/jumeaux91.fr\/blog\/wp-json\/wp\/v2\/posts"}],"about":[{"href":"https:\/\/jumeaux91.fr\/blog\/wp-json\/wp\/v2\/types\/post"}],"author":[{"embeddable":true,"href":"https:\/\/jumeaux91.fr\/blog\/wp-json\/wp\/v2\/users\/2"}],"replies":[{"embeddable":true,"href":"https:\/\/jumeaux91.fr\/blog\/wp-json\/wp\/v2\/comments?post=1687"}],"version-history":[{"count":0,"href":"https:\/\/jumeaux91.fr\/blog\/wp-json\/wp\/v2\/posts\/1687\/revisions"}],"wp:featuredmedia":[{"embeddable":true,"href":"https:\/\/jumeaux91.fr\/blog\/wp-json\/wp\/v2\/media\/1688"}],"wp:attachment":[{"href":"https:\/\/jumeaux91.fr\/blog\/wp-json\/wp\/v2\/media?parent=1687"}],"wp:term":[{"taxonomy":"category","embeddable":true,"href":"https:\/\/jumeaux91.fr\/blog\/wp-json\/wp\/v2\/categories?post=1687"},{"taxonomy":"post_tag","embeddable":true,"href":"https:\/\/jumeaux91.fr\/blog\/wp-json\/wp\/v2\/tags?post=1687"}],"curies":[{"name":"wp","href":"https:\/\/api.w.org\/{rel}","templated":true}]}}