{"id":1695,"date":"2025-08-27T10:16:00","date_gmt":"2025-08-27T08:16:00","guid":{"rendered":"https:\/\/jumeaux91.fr\/blog\/info-paris-match-profanation-de-lolivier-dilan-halimi-deux-suspects-interpelles\/"},"modified":"2025-08-27T10:16:00","modified_gmt":"2025-08-27T08:16:00","slug":"info-paris-match-profanation-de-lolivier-dilan-halimi-deux-suspects-interpelles","status":"publish","type":"post","link":"https:\/\/jumeaux91.fr\/blog\/info-paris-match-profanation-de-lolivier-dilan-halimi-deux-suspects-interpelles\/","title":{"rendered":"INFO PARIS MATCH Profanation de l\u2019olivier d\u2019Ilan Halimi : deux suspects interpell\u00e9s"},"content":{"rendered":"<div><img decoding=\"async\" src=\"https:\/\/jumeaux91.fr\/blog\/wp-content\/uploads\/2025\/09\/info-paris-match-profanation-de-lolivier-dilan-halimi-deux-suspects-interpelles.jpg\" class=\"ff-og-image-inserted\"><\/div>\n<p>Les deux hommes, des fr\u00e8res jumeaux de nationalit\u00e9 tunisienne et sans-domicile fixe, ont \u00e9t\u00e9 arr\u00eat\u00e9s, le lundi 25&nbsp;ao\u00fbt, sur les lieux m\u00eames des faits. Ils ont \u00e9t\u00e9 renvoy\u00e9s en comparution imm\u00e9diate quelques heures apr\u00e8s leur interpellation<\/p>\n<div>\n<p>C\u2019est une enqu\u00eate express men\u00e9e par les policiers de Seine-Saint-Denis. Selon nos informations, deux suspects ont \u00e9t\u00e9 interpell\u00e9s, le&nbsp; lundi 25 ao\u00fbt, dans le cadre de l\u2019enqu\u00eate ouverte apr\u00e8s l\u2019abattage dans un parc d\u2019Epinay-sur-Seine (Seine-Saint-Denis) d\u2019un olivier plant\u00e9 en hommage \u00e0 <a href=\"https:\/\/www.parismatch.com\/Actu\/Societe\/Ilan-Halimi-enterrement-Israel-2007-1724565\" target=\"_blank\" rel=\"nofollow\">Ilan Halimi<\/a>, jeune Juif tortur\u00e9 \u00e0 mort en 2006. <a href=\"https:\/\/www.parismatch.com\/actu\/societe\/arbre-en-hommage-a-ilan-halimi-abattu-francois-bayrou-denonce-la-haine-antisemite-255632\" target=\"_blank\" rel=\"nofollow\">La profanation<\/a> avait eu lieu dans la nuit du 13 au 14&nbsp;ao\u00fbt dans le jardin d\u2019Alcobendas. Les faits avaient \u00e9t\u00e9 d\u00e9couverts au matin du 14&nbsp;ao\u00fbt par des agents de l\u2019\u00e9tablissement public territorial Plaine Commune, dont \u00c9pinay-sur-Seine fait partie.<\/p>\n<div class=\"lmn-aside lmn-mob\"> <span>Publicit\u00e9<\/span> <\/div>\n<p>Selon les informations de Paris Match, les deux suspects, de nationalit\u00e9 tunisienne et sans-domicile-fixe, ont \u00e9t\u00e9 identifi\u00e9s gr\u00e2ce \u00e0 leur ADN avant d\u2019\u00eatre localis\u00e9s dans le jardin d\u2019Alcobendas o\u00f9 ils ont \u00e9t\u00e9 arr\u00eat\u00e9s par les policiers de la s\u00fbret\u00e9 territoriale de Seine-Saint-Denis, en charge de l\u2019enqu\u00eate ouverte pour des faits de \u00ab&nbsp;destruction de bien d\u2019utilit\u00e9 publique&nbsp;\u00bb.<\/p>\n<div class=\"lmn-inread lmn-desk\"> <span>La suite apr\u00e8s cette publicit\u00e9<\/span> <\/div>\n<p>Toujours selon les informations de Paris Match, l\u2019exploitation de leur t\u00e9l\u00e9phone aurait permis la d\u00e9couverte de vid\u00e9os dans lesquelles les deux suspects s\u2019exer\u00e7aient au maniement d\u2019une tron\u00e7onneuse. Le tronc de l\u2019arbre avait \u00e9t\u00e9 sectionn\u00e9 juste au-dessus de la plaque comm\u00e9morative portant le nom d\u2019Ilan Halimi.<\/p>\n<div class=\"lmn-inread lmn-mob\"> <span>La suite apr\u00e8s cette publicit\u00e9<\/span> <\/div>\n<blockquote class=\"citation\">\n<div>\n<p>Abattre l\u2019arbre rendant hommage \u00e0 Ilan Halimi, c\u2019est chercher \u00e0 le tuer une deuxi\u00e8me fois<\/p>\n<\/div>\n<p>Emmanuel Macron sur X<\/p>\n<\/blockquote>\n<p>D\u2019apr\u00e8s le maire sans \u00e9tiquette d\u2019\u00c9pinay-sur-Seine, Herv\u00e9 Chevreau, se basant sur l\u2019exploitation des images des cam\u00e9ras de vid\u00e9osurveillance ext\u00e9rieures au jardin, un homme portant un sac dos s\u2019y \u00e9tait introduit, la nuit des faits, \u00e0 1&nbsp;h&nbsp;50 alors que le parc ferme ses portes \u00e0 21&nbsp;h&nbsp;30.<\/p>\n<p>Selon le parquet de Bobigny, les suspects sont&nbsp;deux fr\u00e8res jumeaux. Ils ont \u00e9t\u00e9 interpell\u00e9s et d\u00e9f\u00e9r\u00e9s en comparution imm\u00e9diate pour \u00eatre jug\u00e9s des chefs de&nbsp;: \u00ab&nbsp;Destruction de bien aggrav\u00e9e par deux circonstances (r\u00e9union et bien d\u2019utilit\u00e9 publique). Violation de monument d\u00e9di\u00e9 \u00e0 la m\u00e9moire des morts commise en raison de la race, l\u2019ethnie, la nation ou la religion. Refus de remettre la convention secr\u00e8te de d\u00e9chiffrement d\u2019un moyen de cryptologie \u00bb pr\u00e9cise le Parquet.&nbsp;<\/p>\n<div class=\"lmn-inread lmn-desk\"> <span>La suite apr\u00e8s cette publicit\u00e9<\/span> <\/div>\n<div class=\"lmn-inread lmn-mob\"> <span>La suite apr\u00e8s cette publicit\u00e9<\/span> <\/div>\n<p>La d\u00e9couverte de l\u2019abattage de cet olivier d\u00e9di\u00e9 \u00e0 la m\u00e9moire du jeune Ilan Halimi avait suscit\u00e9 une tr\u00e8s vive \u00e9motion. Le pr\u00e9sident de la R\u00e9publique, Emmanuel Macron, avait d\u00e9nonc\u00e9 \u00ab&nbsp;un acte de haine&nbsp;\u00bb \u00e0 l\u2019unisson de la classe politique.<\/p>\n<p>\u00ab&nbsp;Abattre l\u2019arbre rendant hommage \u00e0 Ilan Halimi, c\u2019est chercher \u00e0 le tuer une deuxi\u00e8me fois. Il n\u2019en sera rien&nbsp;: la Nation n\u2019oubliera pas cet enfant de France mort parce que Juif. Tous les moyens sont d\u00e9ploy\u00e9s pour punir cet acte de haine&nbsp;\u00bb, avait encore \u00e9crit sur X, Emmanuel Macron.<\/p>\n<p>Pr\u00e9sent \u00e0 \u00c9pinay-sur-Seine, aux c\u00f4t\u00e9s du pr\u00e9fet Julien Charles, le grand rabbin de France Ha\u00efm Korsia avait dit trouver \u00ab&nbsp;\u00e9mouvant que l\u2019\u00c9tat, la mairie, les citoyens se mobilisent pour dire que ce n\u2019est pas juste un arbre qui a \u00e9t\u00e9 coup\u00e9, c\u2019est une esp\u00e9rance qu\u2019on a cherch\u00e9 \u00e0 saboter&nbsp;\u00bb, avant de prier devant la st\u00e8le avec d\u2019autres membres de la communaut\u00e9 juive.<\/p>\n<p>Ce jeune Fran\u00e7ais juif de 23&nbsp;ans avait \u00e9t\u00e9 s\u00e9questr\u00e9 et tortur\u00e9 en janvier&nbsp;2006 \u00e0 Bagneux (Hauts-de-Seine) par un groupe d\u2019une vingtaine de personnes qui se faisaient appeler le \u00ab&nbsp;gang des barbares&nbsp;\u00bb, sous la direction de Youssouf Fofana.<\/p>\n<p>D\u00e9couvert nu, b\u00e2illonn\u00e9, menott\u00e9 et portant des traces de tortures et de br\u00fblures \u00e0 Sainte-Genevi\u00e8ve-des-Bois, dans l\u2019Essonne, le jeune homme \u00e9tait mort pendant son transfert \u00e0 l\u2019h\u00f4pital un peu moins d\u2019un mois plus tard.<\/p>\n<h2>Son calvaire avait suscit\u00e9 une vive \u00e9motion&nbsp;dans le pays<\/h2>\n<p>\u00ab&nbsp;L\u2019arbre pour Ilan Halimi, vivant rempart contre l\u2019oubli, a \u00e9t\u00e9 fauch\u00e9 par la haine antis\u00e9mite&nbsp;\u00bb, avait aussi r\u00e9agi sur X le Premier ministre Fran\u00e7ois Bayrou, tandis que le ministre de l\u2019Int\u00e9rieur Bruno Retailleau avait dit \u00e9prouver \u00ab&nbsp;d\u00e9go\u00fbt et col\u00e8re&nbsp;\u00bb.<\/p>\n<p>Entre janvier et mai&nbsp;2025, 504 actes antis\u00e9mites ont \u00e9t\u00e9 recens\u00e9s, contre 662 sur la m\u00eame p\u00e9riode en 2024, soit une baisse de 24&nbsp;%, selon des chiffres diffus\u00e9s d\u00e9but juillet par le minist\u00e8re de l\u2019Int\u00e9rieur.<\/p>\n<p>Ces faits restent toutefois en augmentation de 134&nbsp;% par rapport \u00e0 janvier-mai&nbsp;2023, avait pr\u00e9cis\u00e9 le minist\u00e8re, qui souligne leur \u00ab&nbsp;niveau tr\u00e8s \u00e9lev\u00e9&nbsp;\u00bb.<\/p>\n<p>En 2024, 1&nbsp;570 actes antis\u00e9mites avaient \u00e9t\u00e9 recens\u00e9s en France.<\/p>\n<\/p><\/div>\n<p>La chronique se veut g\u00e9n\u00e9r\u00e9e de la fa\u00e7on la plus claire que possible. Dans le cas o\u00f9 vous souhaitez pr\u00e9senter des renseignements compl\u00e9mentaires \u00e0 cet article sur le sujet \u00ab\u00a0Fr\u00e8res jumeaux de l&rsquo;Essonnes\u00a0\u00bb il vous est possible d\u2019\u00e9crire aux contacts indiqu\u00e9s sur notre website. La raison d\u2019\u00eatre de jumeaux91.fr \u00e9tant de rassembler sur le web des posts sur le sujet de Fr\u00e8res jumeaux de l&rsquo;Essonnes puis les diffuser en r\u00e9pondant au mieux aux interrogations des gens. Vous pouvez tirer profit de cet article traitant le sujet \u00ab\u00a0Fr\u00e8res jumeaux de l&rsquo;Essonnes\u00a0\u00bb. Il est concoct\u00e9 par l\u2019\u00e9quipe jumeaux91.fr. Prochainement, nous rendrons accessibles au public d&rsquo;autres informations pertinentes sur le sujet \u00ab\u00a0Fr\u00e8res jumeaux de l&rsquo;Essonnes\u00a0\u00bb. Alors, consultez syst\u00e9matiquement notre blog.<\/p>\n","protected":false},"excerpt":{"rendered":"<p>Les deux hommes, des fr\u00e8res jumeaux de nationalit\u00e9 tunisienne et sans-domicile fixe, ont \u00e9t\u00e9 arr\u00eat\u00e9s, le lundi 25&nbsp;ao\u00fbt, sur les lieux m\u00eames des faits. Ils ont \u00e9t\u00e9 renvoy\u00e9s en comparution imm\u00e9diate quelques heures apr\u00e8s leur interpellation C\u2019est une enqu\u00eate express men\u00e9e par les policiers de Seine-Saint-Denis. Selon nos informations, deux suspects ont \u00e9t\u00e9 interpell\u00e9s, le&nbsp;&hellip; <a class=\"more-link\" href=\"https:\/\/jumeaux91.fr\/blog\/info-paris-match-profanation-de-lolivier-dilan-halimi-deux-suspects-interpelles\/\">Poursuivre la lecture <span class=\"screen-reader-text\">INFO PARIS MATCH Profanation de l\u2019olivier d\u2019Ilan Halimi : deux suspects interpell\u00e9s<\/span><\/a><\/p>\n","protected":false},"author":2,"featured_media":1696,"comment_status":"closed","ping_status":"closed","sticky":false,"template":"","format":"standard","meta":{"footnotes":""},"categories":[4],"tags":[],"class_list":["post-1695","post","type-post","status-publish","format-standard","has-post-thumbnail","hentry","category-posts-freres-jumeaux-de-lessonnes","entry"],"yoast_head":"<!-- This site is optimized with the Yoast SEO plugin v27.5 - https:\/\/yoast.com\/product\/yoast-seo-wordpress\/ -->\n<title>INFO PARIS MATCH Profanation de l\u2019olivier d\u2019Ilan Halimi : deux suspects interpell\u00e9s - JUMEAUX91<\/title>\n<meta name=\"robots\" content=\"index, follow, max-snippet:-1, max-image-preview:large, max-video-preview:-1\" \/>\n<link rel=\"canonical\" href=\"https:\/\/jumeaux91.fr\/blog\/info-paris-match-profanation-de-lolivier-dilan-halimi-deux-suspects-interpelles\/\" \/>\n<meta property=\"og:locale\" content=\"fr_FR\" \/>\n<meta property=\"og:type\" content=\"article\" \/>\n<meta property=\"og:title\" content=\"INFO PARIS MATCH Profanation de l\u2019olivier d\u2019Ilan Halimi : deux suspects interpell\u00e9s - JUMEAUX91\" \/>\n<meta property=\"og:description\" content=\"Les deux hommes, des fr\u00e8res jumeaux de nationalit\u00e9 tunisienne et sans-domicile fixe, ont \u00e9t\u00e9 arr\u00eat\u00e9s, le lundi 25&nbsp;ao\u00fbt, sur les lieux m\u00eames des faits. Ils ont \u00e9t\u00e9 renvoy\u00e9s en comparution imm\u00e9diate quelques heures apr\u00e8s leur interpellation C\u2019est une enqu\u00eate express men\u00e9e par les policiers de Seine-Saint-Denis. Selon nos informations, deux suspects ont \u00e9t\u00e9 interpell\u00e9s, le&nbsp;&hellip; Poursuivre la lecture INFO PARIS MATCH Profanation de l\u2019olivier d\u2019Ilan Halimi : deux suspects interpell\u00e9s\" \/>\n<meta property=\"og:url\" content=\"https:\/\/jumeaux91.fr\/blog\/info-paris-match-profanation-de-lolivier-dilan-halimi-deux-suspects-interpelles\/\" \/>\n<meta property=\"og:site_name\" content=\"JUMEAUX91\" \/>\n<meta property=\"article:published_time\" content=\"2025-08-27T08:16:00+00:00\" \/>\n<meta property=\"og:image\" content=\"https:\/\/jumeaux91.fr\/blog\/wp-content\/uploads\/2025\/09\/info-paris-match-profanation-de-lolivier-dilan-halimi-deux-suspects-interpelles.jpg\" \/>\n<meta name=\"author\" content=\"Claude DAYRES\" \/>\n<meta name=\"twitter:card\" content=\"summary_large_image\" \/>\n<meta name=\"twitter:label1\" content=\"\u00c9crit par\" \/>\n\t<meta name=\"twitter:data1\" content=\"Claude DAYRES\" \/>\n\t<meta name=\"twitter:label2\" content=\"Dur\u00e9e de lecture estim\u00e9e\" \/>\n\t<meta name=\"twitter:data2\" content=\"5 minutes\" \/>\n<script type=\"application\/ld+json\" class=\"yoast-schema-graph\">{\"@context\":\"https:\\\/\\\/schema.org\",\"@graph\":[{\"@type\":\"Article\",\"@id\":\"https:\\\/\\\/jumeaux91.fr\\\/blog\\\/info-paris-match-profanation-de-lolivier-dilan-halimi-deux-suspects-interpelles\\\/#article\",\"isPartOf\":{\"@id\":\"https:\\\/\\\/jumeaux91.fr\\\/blog\\\/info-paris-match-profanation-de-lolivier-dilan-halimi-deux-suspects-interpelles\\\/\"},\"author\":{\"name\":\"Claude DAYRES\",\"@id\":\"https:\\\/\\\/jumeaux91.fr\\\/blog\\\/#\\\/schema\\\/person\\\/21da06e9f119b9f64e5d45dbbd32d3fb\"},\"headline\":\"INFO PARIS MATCH Profanation de l\u2019olivier d\u2019Ilan Halimi : deux suspects interpell\u00e9s\",\"datePublished\":\"2025-08-27T08:16:00+00:00\",\"mainEntityOfPage\":{\"@id\":\"https:\\\/\\\/jumeaux91.fr\\\/blog\\\/info-paris-match-profanation-de-lolivier-dilan-halimi-deux-suspects-interpelles\\\/\"},\"wordCount\":1025,\"publisher\":{\"@id\":\"https:\\\/\\\/jumeaux91.fr\\\/blog\\\/#organization\"},\"image\":{\"@id\":\"https:\\\/\\\/jumeaux91.fr\\\/blog\\\/info-paris-match-profanation-de-lolivier-dilan-halimi-deux-suspects-interpelles\\\/#primaryimage\"},\"thumbnailUrl\":\"https:\\\/\\\/jumeaux91.fr\\\/blog\\\/wp-content\\\/uploads\\\/2025\\\/09\\\/info-paris-match-profanation-de-lolivier-dilan-halimi-deux-suspects-interpelles-scaled.jpg\",\"articleSection\":[\"Posts Fr\u00e8res Jumeaux De L'Essonnes:\"],\"inLanguage\":\"fr-FR\"},{\"@type\":\"WebPage\",\"@id\":\"https:\\\/\\\/jumeaux91.fr\\\/blog\\\/info-paris-match-profanation-de-lolivier-dilan-halimi-deux-suspects-interpelles\\\/\",\"url\":\"https:\\\/\\\/jumeaux91.fr\\\/blog\\\/info-paris-match-profanation-de-lolivier-dilan-halimi-deux-suspects-interpelles\\\/\",\"name\":\"INFO PARIS MATCH Profanation de l\u2019olivier d\u2019Ilan Halimi : deux suspects interpell\u00e9s - JUMEAUX91\",\"isPartOf\":{\"@id\":\"https:\\\/\\\/jumeaux91.fr\\\/blog\\\/#website\"},\"primaryImageOfPage\":{\"@id\":\"https:\\\/\\\/jumeaux91.fr\\\/blog\\\/info-paris-match-profanation-de-lolivier-dilan-halimi-deux-suspects-interpelles\\\/#primaryimage\"},\"image\":{\"@id\":\"https:\\\/\\\/jumeaux91.fr\\\/blog\\\/info-paris-match-profanation-de-lolivier-dilan-halimi-deux-suspects-interpelles\\\/#primaryimage\"},\"thumbnailUrl\":\"https:\\\/\\\/jumeaux91.fr\\\/blog\\\/wp-content\\\/uploads\\\/2025\\\/09\\\/info-paris-match-profanation-de-lolivier-dilan-halimi-deux-suspects-interpelles-scaled.jpg\",\"datePublished\":\"2025-08-27T08:16:00+00:00\",\"breadcrumb\":{\"@id\":\"https:\\\/\\\/jumeaux91.fr\\\/blog\\\/info-paris-match-profanation-de-lolivier-dilan-halimi-deux-suspects-interpelles\\\/#breadcrumb\"},\"inLanguage\":\"fr-FR\",\"potentialAction\":[{\"@type\":\"ReadAction\",\"target\":[\"https:\\\/\\\/jumeaux91.fr\\\/blog\\\/info-paris-match-profanation-de-lolivier-dilan-halimi-deux-suspects-interpelles\\\/\"]}]},{\"@type\":\"ImageObject\",\"inLanguage\":\"fr-FR\",\"@id\":\"https:\\\/\\\/jumeaux91.fr\\\/blog\\\/info-paris-match-profanation-de-lolivier-dilan-halimi-deux-suspects-interpelles\\\/#primaryimage\",\"url\":\"https:\\\/\\\/jumeaux91.fr\\\/blog\\\/wp-content\\\/uploads\\\/2025\\\/09\\\/info-paris-match-profanation-de-lolivier-dilan-halimi-deux-suspects-interpelles-scaled.jpg\",\"contentUrl\":\"https:\\\/\\\/jumeaux91.fr\\\/blog\\\/wp-content\\\/uploads\\\/2025\\\/09\\\/info-paris-match-profanation-de-lolivier-dilan-halimi-deux-suspects-interpelles-scaled.jpg\",\"width\":2560,\"height\":1707,\"caption\":\"INFO PARIS MATCH Profanation de l\u2019olivier d\u2019Ilan Halimi : deux suspects interpell\u00e9s\"},{\"@type\":\"BreadcrumbList\",\"@id\":\"https:\\\/\\\/jumeaux91.fr\\\/blog\\\/info-paris-match-profanation-de-lolivier-dilan-halimi-deux-suspects-interpelles\\\/#breadcrumb\",\"itemListElement\":[{\"@type\":\"ListItem\",\"position\":1,\"name\":\"Accueil\",\"item\":\"https:\\\/\\\/jumeaux91.fr\\\/blog\\\/\"},{\"@type\":\"ListItem\",\"position\":2,\"name\":\"INFO PARIS MATCH Profanation de l\u2019olivier d\u2019Ilan Halimi : deux suspects interpell\u00e9s\"}]},{\"@type\":\"WebSite\",\"@id\":\"https:\\\/\\\/jumeaux91.fr\\\/blog\\\/#website\",\"url\":\"https:\\\/\\\/jumeaux91.fr\\\/blog\\\/\",\"name\":\"JUMEAUX91\",\"description\":\"Fr\u00e8res jumeaux de l&#039;Essonnes; informations et archives, \u00e0 savoir et retenir.\",\"publisher\":{\"@id\":\"https:\\\/\\\/jumeaux91.fr\\\/blog\\\/#organization\"},\"potentialAction\":[{\"@type\":\"SearchAction\",\"target\":{\"@type\":\"EntryPoint\",\"urlTemplate\":\"https:\\\/\\\/jumeaux91.fr\\\/blog\\\/?s={search_term_string}\"},\"query-input\":{\"@type\":\"PropertyValueSpecification\",\"valueRequired\":true,\"valueName\":\"search_term_string\"}}],\"inLanguage\":\"fr-FR\"},{\"@type\":\"Organization\",\"@id\":\"https:\\\/\\\/jumeaux91.fr\\\/blog\\\/#organization\",\"name\":\"jumeaux91\",\"url\":\"https:\\\/\\\/jumeaux91.fr\\\/blog\\\/\",\"logo\":{\"@type\":\"ImageObject\",\"inLanguage\":\"fr-FR\",\"@id\":\"https:\\\/\\\/jumeaux91.fr\\\/blog\\\/#\\\/schema\\\/logo\\\/image\\\/\",\"url\":\"https:\\\/\\\/jumeaux91.fr\\\/blog\\\/wp-content\\\/uploads\\\/2023\\\/05\\\/cropped-cropped-logoJ_91.png\",\"contentUrl\":\"https:\\\/\\\/jumeaux91.fr\\\/blog\\\/wp-content\\\/uploads\\\/2023\\\/05\\\/cropped-cropped-logoJ_91.png\",\"width\":512,\"height\":512,\"caption\":\"jumeaux91\"},\"image\":{\"@id\":\"https:\\\/\\\/jumeaux91.fr\\\/blog\\\/#\\\/schema\\\/logo\\\/image\\\/\"}},{\"@type\":\"Person\",\"@id\":\"https:\\\/\\\/jumeaux91.fr\\\/blog\\\/#\\\/schema\\\/person\\\/21da06e9f119b9f64e5d45dbbd32d3fb\",\"name\":\"Claude DAYRES\",\"image\":{\"@type\":\"ImageObject\",\"inLanguage\":\"fr-FR\",\"@id\":\"https:\\\/\\\/secure.gravatar.com\\\/avatar\\\/82eb951df6110a2c48d1bfa7a67d1ee6f0cd5df3cbf9c3586dd61e82db7172a5?s=96&d=mm&r=g\",\"url\":\"https:\\\/\\\/secure.gravatar.com\\\/avatar\\\/82eb951df6110a2c48d1bfa7a67d1ee6f0cd5df3cbf9c3586dd61e82db7172a5?s=96&d=mm&r=g\",\"contentUrl\":\"https:\\\/\\\/secure.gravatar.com\\\/avatar\\\/82eb951df6110a2c48d1bfa7a67d1ee6f0cd5df3cbf9c3586dd61e82db7172a5?s=96&d=mm&r=g\",\"caption\":\"Claude DAYRES\"},\"url\":\"https:\\\/\\\/jumeaux91.fr\\\/blog\\\/author\\\/x91claude\\\/\"}]}<\/script>\n<!-- \/ Yoast SEO plugin. -->","yoast_head_json":{"title":"INFO PARIS MATCH Profanation de l\u2019olivier d\u2019Ilan Halimi : deux suspects interpell\u00e9s - JUMEAUX91","robots":{"index":"index","follow":"follow","max-snippet":"max-snippet:-1","max-image-preview":"max-image-preview:large","max-video-preview":"max-video-preview:-1"},"canonical":"https:\/\/jumeaux91.fr\/blog\/info-paris-match-profanation-de-lolivier-dilan-halimi-deux-suspects-interpelles\/","og_locale":"fr_FR","og_type":"article","og_title":"INFO PARIS MATCH Profanation de l\u2019olivier d\u2019Ilan Halimi : deux suspects interpell\u00e9s - JUMEAUX91","og_description":"Les deux hommes, des fr\u00e8res jumeaux de nationalit\u00e9 tunisienne et sans-domicile fixe, ont \u00e9t\u00e9 arr\u00eat\u00e9s, le lundi 25&nbsp;ao\u00fbt, sur les lieux m\u00eames des faits. Ils ont \u00e9t\u00e9 renvoy\u00e9s en comparution imm\u00e9diate quelques heures apr\u00e8s leur interpellation C\u2019est une enqu\u00eate express men\u00e9e par les policiers de Seine-Saint-Denis. Selon nos informations, deux suspects ont \u00e9t\u00e9 interpell\u00e9s, le&nbsp;&hellip; Poursuivre la lecture INFO PARIS MATCH Profanation de l\u2019olivier d\u2019Ilan Halimi : deux suspects interpell\u00e9s","og_url":"https:\/\/jumeaux91.fr\/blog\/info-paris-match-profanation-de-lolivier-dilan-halimi-deux-suspects-interpelles\/","og_site_name":"JUMEAUX91","article_published_time":"2025-08-27T08:16:00+00:00","og_image":[{"url":"https:\/\/jumeaux91.fr\/blog\/wp-content\/uploads\/2025\/09\/info-paris-match-profanation-de-lolivier-dilan-halimi-deux-suspects-interpelles.jpg","type":"","width":"","height":""}],"author":"Claude DAYRES","twitter_card":"summary_large_image","twitter_misc":{"\u00c9crit par":"Claude DAYRES","Dur\u00e9e de lecture estim\u00e9e":"5 minutes"},"schema":{"@context":"https:\/\/schema.org","@graph":[{"@type":"Article","@id":"https:\/\/jumeaux91.fr\/blog\/info-paris-match-profanation-de-lolivier-dilan-halimi-deux-suspects-interpelles\/#article","isPartOf":{"@id":"https:\/\/jumeaux91.fr\/blog\/info-paris-match-profanation-de-lolivier-dilan-halimi-deux-suspects-interpelles\/"},"author":{"name":"Claude DAYRES","@id":"https:\/\/jumeaux91.fr\/blog\/#\/schema\/person\/21da06e9f119b9f64e5d45dbbd32d3fb"},"headline":"INFO PARIS MATCH Profanation de l\u2019olivier d\u2019Ilan Halimi : deux suspects interpell\u00e9s","datePublished":"2025-08-27T08:16:00+00:00","mainEntityOfPage":{"@id":"https:\/\/jumeaux91.fr\/blog\/info-paris-match-profanation-de-lolivier-dilan-halimi-deux-suspects-interpelles\/"},"wordCount":1025,"publisher":{"@id":"https:\/\/jumeaux91.fr\/blog\/#organization"},"image":{"@id":"https:\/\/jumeaux91.fr\/blog\/info-paris-match-profanation-de-lolivier-dilan-halimi-deux-suspects-interpelles\/#primaryimage"},"thumbnailUrl":"https:\/\/jumeaux91.fr\/blog\/wp-content\/uploads\/2025\/09\/info-paris-match-profanation-de-lolivier-dilan-halimi-deux-suspects-interpelles-scaled.jpg","articleSection":["Posts Fr\u00e8res Jumeaux De L'Essonnes:"],"inLanguage":"fr-FR"},{"@type":"WebPage","@id":"https:\/\/jumeaux91.fr\/blog\/info-paris-match-profanation-de-lolivier-dilan-halimi-deux-suspects-interpelles\/","url":"https:\/\/jumeaux91.fr\/blog\/info-paris-match-profanation-de-lolivier-dilan-halimi-deux-suspects-interpelles\/","name":"INFO PARIS MATCH Profanation de l\u2019olivier d\u2019Ilan Halimi : deux suspects interpell\u00e9s - JUMEAUX91","isPartOf":{"@id":"https:\/\/jumeaux91.fr\/blog\/#website"},"primaryImageOfPage":{"@id":"https:\/\/jumeaux91.fr\/blog\/info-paris-match-profanation-de-lolivier-dilan-halimi-deux-suspects-interpelles\/#primaryimage"},"image":{"@id":"https:\/\/jumeaux91.fr\/blog\/info-paris-match-profanation-de-lolivier-dilan-halimi-deux-suspects-interpelles\/#primaryimage"},"thumbnailUrl":"https:\/\/jumeaux91.fr\/blog\/wp-content\/uploads\/2025\/09\/info-paris-match-profanation-de-lolivier-dilan-halimi-deux-suspects-interpelles-scaled.jpg","datePublished":"2025-08-27T08:16:00+00:00","breadcrumb":{"@id":"https:\/\/jumeaux91.fr\/blog\/info-paris-match-profanation-de-lolivier-dilan-halimi-deux-suspects-interpelles\/#breadcrumb"},"inLanguage":"fr-FR","potentialAction":[{"@type":"ReadAction","target":["https:\/\/jumeaux91.fr\/blog\/info-paris-match-profanation-de-lolivier-dilan-halimi-deux-suspects-interpelles\/"]}]},{"@type":"ImageObject","inLanguage":"fr-FR","@id":"https:\/\/jumeaux91.fr\/blog\/info-paris-match-profanation-de-lolivier-dilan-halimi-deux-suspects-interpelles\/#primaryimage","url":"https:\/\/jumeaux91.fr\/blog\/wp-content\/uploads\/2025\/09\/info-paris-match-profanation-de-lolivier-dilan-halimi-deux-suspects-interpelles-scaled.jpg","contentUrl":"https:\/\/jumeaux91.fr\/blog\/wp-content\/uploads\/2025\/09\/info-paris-match-profanation-de-lolivier-dilan-halimi-deux-suspects-interpelles-scaled.jpg","width":2560,"height":1707,"caption":"INFO PARIS MATCH Profanation de l\u2019olivier d\u2019Ilan Halimi : deux suspects interpell\u00e9s"},{"@type":"BreadcrumbList","@id":"https:\/\/jumeaux91.fr\/blog\/info-paris-match-profanation-de-lolivier-dilan-halimi-deux-suspects-interpelles\/#breadcrumb","itemListElement":[{"@type":"ListItem","position":1,"name":"Accueil","item":"https:\/\/jumeaux91.fr\/blog\/"},{"@type":"ListItem","position":2,"name":"INFO PARIS MATCH Profanation de l\u2019olivier d\u2019Ilan Halimi : deux suspects interpell\u00e9s"}]},{"@type":"WebSite","@id":"https:\/\/jumeaux91.fr\/blog\/#website","url":"https:\/\/jumeaux91.fr\/blog\/","name":"JUMEAUX91","description":"Fr\u00e8res jumeaux de l&#039;Essonnes; informations et archives, \u00e0 savoir et retenir.","publisher":{"@id":"https:\/\/jumeaux91.fr\/blog\/#organization"},"potentialAction":[{"@type":"SearchAction","target":{"@type":"EntryPoint","urlTemplate":"https:\/\/jumeaux91.fr\/blog\/?s={search_term_string}"},"query-input":{"@type":"PropertyValueSpecification","valueRequired":true,"valueName":"search_term_string"}}],"inLanguage":"fr-FR"},{"@type":"Organization","@id":"https:\/\/jumeaux91.fr\/blog\/#organization","name":"jumeaux91","url":"https:\/\/jumeaux91.fr\/blog\/","logo":{"@type":"ImageObject","inLanguage":"fr-FR","@id":"https:\/\/jumeaux91.fr\/blog\/#\/schema\/logo\/image\/","url":"https:\/\/jumeaux91.fr\/blog\/wp-content\/uploads\/2023\/05\/cropped-cropped-logoJ_91.png","contentUrl":"https:\/\/jumeaux91.fr\/blog\/wp-content\/uploads\/2023\/05\/cropped-cropped-logoJ_91.png","width":512,"height":512,"caption":"jumeaux91"},"image":{"@id":"https:\/\/jumeaux91.fr\/blog\/#\/schema\/logo\/image\/"}},{"@type":"Person","@id":"https:\/\/jumeaux91.fr\/blog\/#\/schema\/person\/21da06e9f119b9f64e5d45dbbd32d3fb","name":"Claude DAYRES","image":{"@type":"ImageObject","inLanguage":"fr-FR","@id":"https:\/\/secure.gravatar.com\/avatar\/82eb951df6110a2c48d1bfa7a67d1ee6f0cd5df3cbf9c3586dd61e82db7172a5?s=96&d=mm&r=g","url":"https:\/\/secure.gravatar.com\/avatar\/82eb951df6110a2c48d1bfa7a67d1ee6f0cd5df3cbf9c3586dd61e82db7172a5?s=96&d=mm&r=g","contentUrl":"https:\/\/secure.gravatar.com\/avatar\/82eb951df6110a2c48d1bfa7a67d1ee6f0cd5df3cbf9c3586dd61e82db7172a5?s=96&d=mm&r=g","caption":"Claude DAYRES"},"url":"https:\/\/jumeaux91.fr\/blog\/author\/x91claude\/"}]}},"_links":{"self":[{"href":"https:\/\/jumeaux91.fr\/blog\/wp-json\/wp\/v2\/posts\/1695","targetHints":{"allow":["GET"]}}],"collection":[{"href":"https:\/\/jumeaux91.fr\/blog\/wp-json\/wp\/v2\/posts"}],"about":[{"href":"https:\/\/jumeaux91.fr\/blog\/wp-json\/wp\/v2\/types\/post"}],"author":[{"embeddable":true,"href":"https:\/\/jumeaux91.fr\/blog\/wp-json\/wp\/v2\/users\/2"}],"replies":[{"embeddable":true,"href":"https:\/\/jumeaux91.fr\/blog\/wp-json\/wp\/v2\/comments?post=1695"}],"version-history":[{"count":0,"href":"https:\/\/jumeaux91.fr\/blog\/wp-json\/wp\/v2\/posts\/1695\/revisions"}],"wp:featuredmedia":[{"embeddable":true,"href":"https:\/\/jumeaux91.fr\/blog\/wp-json\/wp\/v2\/media\/1696"}],"wp:attachment":[{"href":"https:\/\/jumeaux91.fr\/blog\/wp-json\/wp\/v2\/media?parent=1695"}],"wp:term":[{"taxonomy":"category","embeddable":true,"href":"https:\/\/jumeaux91.fr\/blog\/wp-json\/wp\/v2\/categories?post=1695"},{"taxonomy":"post_tag","embeddable":true,"href":"https:\/\/jumeaux91.fr\/blog\/wp-json\/wp\/v2\/tags?post=1695"}],"curies":[{"name":"wp","href":"https:\/\/api.w.org\/{rel}","templated":true}]}}