{"id":1724,"date":"2025-09-24T15:23:00","date_gmt":"2025-09-24T13:23:00","guid":{"rendered":"https:\/\/jumeaux91.fr\/blog\/qui-est-le-prince-aleksandar-de-serbie-qui-vient-de-se-marier-en-toute-discretion-en-espagne\/"},"modified":"2025-09-24T15:23:00","modified_gmt":"2025-09-24T13:23:00","slug":"qui-est-le-prince-aleksandar-de-serbie-qui-vient-de-se-marier-en-toute-discretion-en-espagne","status":"publish","type":"post","link":"https:\/\/jumeaux91.fr\/blog\/qui-est-le-prince-aleksandar-de-serbie-qui-vient-de-se-marier-en-toute-discretion-en-espagne\/","title":{"rendered":"Qui est le prince Aleksandar de Serbie qui vient de se marier en toute discr\u00e9tion en Espagne"},"content":{"rendered":"<p><span><span><span><span><span><\/span><\/span><\/span><\/span><span><span><span><span><span><span>Tout ce que vous devez savoir sur le prince Aleksandar, l\u2019un des jumeaux du prince Alexandre de Serbie et de la&nbsp;premi\u00e8re \u00e9pouse de celui-ci, la princesse Maria da Gloria d\u2019Orl\u00e9ans et Bragance.<\/span><\/span><\/span><\/span><\/span><\/span><\/span><\/p>\n<div>\n<h2><span><span><span><span><span><span><span>Aleksandar est n\u00e9 aux \u00c9tats-Unis<\/span><\/span><\/span><\/span><\/span><\/span><\/span><\/h2>\n<p><span><span><span><span><span><span><span>Le prince Aleksandar Karadordevic&nbsp;voit le jour \u00e0 Fairfax, en Virginie, le 15 janvier 1982 en m\u00eame temps que le prince Filip, son jumeau. Ils sont les fils <a href=\"https:\/\/www.parismatch.com\/Royal-Blog\/Le-prince-Alexandre-de-Serbie-a-commemore-le-centenaire-de-la-mort-du-roi-Pierre-Ier-1753639\" target=\"_blank\" rel=\"nofollow\">du prince Alexandre de Yougoslavie<\/a> et de sa premi\u00e8re \u00e9pouse, la princesse Maria da Gloria d\u2019Orl\u00e9ans et Bragance, issue de l\u2019ancienne famille imp\u00e9riale du Br\u00e9sil. &nbsp;<\/span><\/span><\/span><\/span><\/span><\/span><\/span><\/p>\n<p><span><span><span><span><span><span><span>Ceux-ci ont d\u00e9j\u00e0 un premier gar\u00e7on, <a href=\"https:\/\/www.parismatch.com\/Royal-Blog\/Le-prince-Petar-de-Serbie-a-abdique-de-son-titre-d-heritier-au-profit-de-frere-Filip-1802688\" target=\"_blank\" rel=\"nofollow\">le prince Petar<\/a> n\u00e9 le 5 f\u00e9vrier 1980 lui aussi aux \u00c9tats-Unis mais dans la ville de Chicago.<\/span><\/span><\/span><\/span><\/span><\/span><\/span><\/p>\n<figure id=\"media-921829\">      <img decoding=\"async\" src=\"https:\/\/jumeaux91.fr\/blog\/wp-content\/uploads\/2025\/09\/qui-est-le-prince-aleksandar-de-serbie-qui-vient-de-se-marier-en-toute-discretion-en-espagne.jpg\" alt=\"Le prince Aleksandar de Serbie avec son jumeau le prince Filip et leur fr\u00e8re a\u00een\u00e9 le prince Petar, tous trois jeunes adultes. Photo non dat\u00e9e\" loading=\"lazy\"><figcaption class=\"image-info\">\n<p> <span class=\"legend\">Le prince Aleksandar de Serbie (\u00e0 droite) avec son jumeau le prince Filip (\u00e0 gauche) et leur fr\u00e8re a\u00een\u00e9 le prince Petar (au centre), tous trois jeunes adultes. Photo non dat\u00e9e <\/span> <span class=\"credit\"> AFP \/ \u00a9 MARIJA JANKOVIC <\/span> <\/p>\n<\/figcaption><\/figure>\n<div class=\"lmn-inread lmn-desk\"> <span>La suite apr\u00e8s cette publicit\u00e9<\/span> <\/div>\n<h2><span><span><span><span><span><span><span>Un roi comme grand-p\u00e8re, un autre comme parrain, une reine comme marraine <\/span><\/span><\/span><\/span><\/span><\/span><\/span><\/h2>\n<p><span><span><span><span><span><span><span>Aleksandar est le petit-fils de Pierre II, le dernier roi de Yougoslavie contraint \u00e0 l\u2019exil apr\u00e8s l\u2019invasion de son pays par les troupes d\u2019Hitler en avril 1941, puis l\u2019abolition de la monarchie en novembre 1945 lors de la prise de pouvoir du mar\u00e9chal Tito et l\u2019instauration d\u2019un r\u00e9gime communiste. Un grand-p\u00e8re qu\u2019il n\u2019a malheureusement pas connu, celui-ci \u00e9tant d\u00e9c\u00e9d\u00e9 en 1970 \u00e0 seulement 47 ans.<\/span><\/span><\/span><\/span><\/span><\/span><\/span><\/p>\n<p><span><span><span><span><span><span><span>Il est aussi le filleul d\u2019un ancien souverain&nbsp;et d\u2019une reine consort&nbsp;: l<a href=\"https:\/\/www.parismatch.com\/royal-blog\/constantin-ii-de-grece-retour-sur-la-vie-du-dernier-roi-des-hellenes-en-25-photos-choisies-220927\" target=\"_blank\" rel=\"nofollow\">\u2019ex-roi des Hell\u00e8nes Constantin II<\/a> et sa s\u0153ur <a href=\"https:\/\/www.parismatch.com\/bio\/sophie-de-grece\" target=\"_blank\" rel=\"nofollow\">Sofia d\u2019Espagne<\/a>, cousins germains de sa grand-m\u00e8re <a href=\"https:\/\/www.parismatch.com\/royal-blog\/alexandra-de-grece-la-derniere-reine-de-yougoslavie-qui-ny-mit-jamais-les-pieds-221651\" target=\"_blank\" rel=\"nofollow\">la reine Alexandra de Yougoslavie<\/a>, n\u00e9e princesse de Gr\u00e8ce. Quant \u00e0 sa seconde marraine, il s\u2019agit de la princesse Anne de Bourbon-des-Deux-Siciles, duchesse de Calabre. Laquelle est la troisi\u00e8me fille d\u2019Henri d\u2019Orl\u00e9ans, comte de Paris et pr\u00e9tendant orl\u00e9aniste au tr\u00f4ne de France de 1940 \u00e0 son d\u00e9c\u00e8s en 1999. <\/span><\/span><\/span><\/span><\/span><\/span><\/span><\/p>\n<h2><span><span><span><span><span><span><span>Ses parents divorcent alors qu\u2019il a 3 ans et il part vivre chez son p\u00e8re<\/span><\/span><\/span><\/span><\/span><\/span><\/span><\/h2>\n<p><span><span><span><span><span><span><span>Aleksandar et Filip n\u2019ont que 3 ans et leur a\u00een\u00e9 Petar 5 ans lorsque leurs parents divorcent au d\u00e9but de l\u2019ann\u00e9e 1985. Tandis que leur m\u00e8re se remarie quelques mois plus tard avec l\u2019Espagnol Ignacio de Medina y Fernandez de Cordoba, duc de Segorbe &#8211; avec qui elle aura deux filles en 1986 et 1988 -, leur p\u00e8re fait de m\u00eame avec la Grecque Katherine Baltis. <\/span><\/span><\/span><\/span><\/span><\/span><\/span><\/p>\n<p><span><span><span><span><span><span><span>Apr\u00e8s avoir v\u00e9cu jusqu\u2019en 1984 en Virginie, puis \u00e0 S\u00e9ville en Espagne, le jeune gar\u00e7on et ses fr\u00e8res rejoignent le prince Alexandre \u00e0 Londres o\u00f9 celui-ci s\u2019est \u00e9tabli avec sa seconde \u00e9pouse. D\u2019abord scolaris\u00e9s dans la capitale britannique, les jumeaux int\u00e8grent \u00e0 13 ans la King&rsquo;s School de Canterbury. <\/span><\/span><\/span><\/span><\/span><\/span><\/span><\/p>\n<h2><span><span><span><span><span><span><span>Un premier pas en Serbie en 1991, en Bosnie en 2000 <\/span><\/span><\/span><\/span><\/span><\/span><\/span><\/h2>\n<p><span><span><span><span><span><span><span>En 1991, <a href=\"https:\/\/www.parismatch.com\/Royal-Blog\/alexandre-de-serbie-a-80-ans-un-prince-face-aux-epreuves-par-stephane-bern-254472\" target=\"_blank\" rel=\"nofollow\">le prince Alexandre de Yougoslavie<\/a>, n\u00e9 en exil comme ses fils, a le bonheur de voir enfin s\u2019ouvrir pour lui et les siens les portes de l\u2019ancien royaume de ses anc\u00eatres. Le prince Aleksandar foule le sol de la Serbie cette ann\u00e9e-l\u00e0, puis de la Bosnie neuf ans plus tard. &nbsp;<\/span><\/span><\/span><\/span><\/span><\/span><\/span><\/p>\n<figure id=\"media-921831\">      <img decoding=\"async\" src=\"https:\/\/jumeaux91.fr\/blog\/wp-content\/uploads\/2025\/09\/qui-est-le-prince-aleksandar-de-serbie-qui-vient-de-se-marier-en-toute-discretion-en-espagne-1.jpg\" alt=\"Le prince Aleksandar de Serbie avec son p\u00e8re le prince Alexandre, sa belle-m\u00e8re la princesse Katherine et son jumeau le prince Filip \u00e0 Londres le 12 mars 2001, jour o\u00f9 ils ont re\u00e7u leurs certificats de citoyens yougoslaves des mains des mains du ministre de l'Int\u00e9rieur de Yougoslavie\" loading=\"lazy\"><figcaption class=\"image-info\">\n<p> <span class=\"legend\">Le prince Aleksandar de Serbie avec son p\u00e8re le prince Alexandre, sa belle-m\u00e8re la princesse Katherine et son jumeau le prince Filip \u00e0 Londres le 12 mars 2001, jour o\u00f9 ils ont re\u00e7u leurs certificats de citoyens yougoslaves des mains du ministre de l&rsquo;Int\u00e9rieur de Yougoslavie<\/span> <span class=\"credit\"> Getty Images via AFP \/ \u00a9 SRDJAN STEVANOVIC \/ GETTY IMAGES EUROPE <\/span> <\/p>\n<\/figcaption><\/figure>\n<p><span><span><span><span><span><span><span>Et enfin, le 17 juillet 2001, il peut avec son p\u00e8re, sa belle-m\u00e8re et ses fr\u00e8res s\u2019installer dans les b\u00e2timents de l\u2019ancien complexe royal de Belgrade qui leur a \u00e9t\u00e9 restitu\u00e9.<\/span><\/span><\/span><\/span><\/span><\/span><\/span><\/p>\n<figure id=\"media-921833\">      <img decoding=\"async\" src=\"https:\/\/jumeaux91.fr\/blog\/wp-content\/uploads\/2025\/09\/qui-est-le-prince-aleksandar-de-serbie-qui-vient-de-se-marier-en-toute-discretion-en-espagne-2.jpg\" alt=\"Le prince Aleksandar de Serbie avec son p\u00e8re le prince Alexandre, sa belle-m\u00e8re la princesse Katherine et ses fr\u00e8res les princes Petar et Filip devant le Palais royal de Belgrade, en juin 2009\" loading=\"lazy\"><figcaption class=\"image-info\">\n<p> <span class=\"legend\">Le prince Aleksandar de Serbie avec son p\u00e8re le prince Alexandre, sa belle-m\u00e8re la princesse Katherine et ses fr\u00e8res les princes Petar et Filip devant le Palais royal de Belgrade, en juin 2009 <\/span> <span class=\"credit\"> SIPA \/ \u00a9 ROLLITZ\/SCHNEIDER PRESS <\/span> <\/p>\n<\/figcaption><\/figure>\n<h2><span><span><span><span><span><span><span>Retour aux USA, le temps de ses \u00e9tudes<\/span><\/span><\/span><\/span><\/span><\/span><\/span><\/h2>\n<p><span><span><span><span><span><span><span>Leur dipl\u00f4me de fin d\u2019\u00e9tudes secondaires de la King&rsquo;s School de Canterbury, obtenu en juin 2000, en poche, la route des jumeaux se s\u00e9pare. Alors que Filip choisit de demeurer en Angleterre et entre \u00e0 l\u2019University College London, Aleksandar s\u2019envole pour les USA. <\/span><\/span><\/span><\/span><\/span><\/span><\/span><\/p>\n<p><span><span><span><span><span><span><span>De retour dans son pays natal, le jeune prince fr\u00e9quente l&rsquo;Universit\u00e9 de San Francisco o\u00f9 il obtient un dipl\u00f4me en communication, avec une sp\u00e9cialisation en relations publiques et en journalisme. Il encha\u00eene, toujours aux \u00c9tats-Unis, avec un Master of Fine Arts (MFA) en publicit\u00e9, option direction artistique.<\/span><\/span><\/span><\/span><\/span><\/span><\/span><\/p>\n<h2><span><span><span><span><span><span><span>Aleksandar est tr\u00e8s impliqu\u00e9 dans la fondation de son p\u00e8re<\/span><\/span><\/span><\/span><\/span><\/span><\/span><\/h2>\n<p><span><span><span><span><span><span><span>C\u00f4t\u00e9 humanitaire, le prince Aleksandar est notamment impliqu\u00e9 dans la \u00ab&nbsp;Fondation du prince h\u00e9ritier Alexandre pour l&rsquo;\u00e9ducation et la culture&nbsp;\u00bb cr\u00e9\u00e9e par son p\u00e8re, y assurant la fonction de pr\u00e9sident du conseil d&rsquo;administration. En juin dernier, il a pris part \u00e0 l\u2019une des actions phare de celle-ci&nbsp;: la r\u00e9compense annuelle de plus de 500 des meilleurs bacheliers de Serbie et de la R\u00e9publique serbe de Bosnie, s\u00e9lectionn\u00e9s par leurs lyc\u00e9es pour leurs excellents r\u00e9sultats scolaires.&nbsp;<\/span><\/span><\/span><\/span><\/span><\/span><\/span><\/p>\n<p><span><span><span><span><span><span><span>Apr\u00e8s la remise des prix de cette ann\u00e9e, le nombre de jeunes ayant b\u00e9n\u00e9fici\u00e9 des encouragements et du soutien de la famille royale dans leur parcours d&rsquo;apprentissage d\u00e9passe les 12&nbsp;500, est-il alors rappel\u00e9 en l\u00e9gende d\u2019un post consacr\u00e9 \u00e0 cet \u00e9v\u00e8nement.<\/span><\/span><\/span><\/span><\/span><\/span><\/span><\/p>\n<p><span><span><span><span><span><span><span>Ses anc\u00eatres Karadordevic ayant toujours soutenu l\u2019\u00e9ducation, le fils du dernier monarque yougoslave a en effet choisi de perp\u00e9tuer cet h\u00e9ritage peu de temps apr\u00e8s le retour de la famille royale \u00e0 Belgrade. <\/span><\/span><\/span><\/span><\/span><\/span><\/span><\/p>\n<p><span><span><span><span><span><span><span>Avec cette fondation \u00e0 son nom, il a souhait\u00e9 \u00ab&nbsp;offrir une \u00e9ducation de qualit\u00e9 aux jeunes de Serbie et les motiver \u00e0 atteindre les meilleurs niveaux acad\u00e9miques possibles, afin de favoriser leur d\u00e9veloppement personnel, leur r\u00e9ussite professionnelle et leur \u00e9panouissement personnel&nbsp;\u00bb, peut-on lire sur le site de la Maison royale, o\u00f9 il est ajout\u00e9 qu\u2019&nbsp;\u00ab&nbsp;avec ses associ\u00e9s et partenaires, Son Altesse Royale s&rsquo;engage \u00e9galement \u00e0 am\u00e9liorer l&rsquo;\u00e9ducation et la recherche universitaire en Serbie, ainsi qu&rsquo;\u00e0 r\u00e9soudre le probl\u00e8me de la fuite des cerveaux des jeunes talents&nbsp;\u00bb. <\/span><\/span><\/span><\/span><\/span><\/span><\/span><\/p>\n<h2><span><span><span><span><span><span><span>Un mariage en toute discr\u00e9tion<\/span><\/span><\/span><\/span><\/span><\/span><\/span><\/h2>\n<p><span><span><span><span><span><span><span>Si <a href=\"https:\/\/www.parismatch.com\/Royal-Blog\/Au-mariage-du-prince-Filip-de-Serbie-et-de-Danica-Marinkovic-1366820\" target=\"_blank\" rel=\"nofollow\">son jumeau s\u2019est mari\u00e9 en 2017 \u00e0 35 ans<\/a>, Aleksandar a, quant \u00e0 lui, attendu d\u2019avoir 43 ans pour convoler. Et l\u2019a fait sans le crier sur tous les toits. En effet, ni ses fian\u00e7ailles ni ses noces n\u2019ont \u00e9t\u00e9 annonc\u00e9es. <\/span><\/span><\/span><\/span><\/span><\/span><\/span><\/p>\n<figure id=\"media-921830\">      <img decoding=\"async\" src=\"https:\/\/jumeaux91.fr\/blog\/wp-content\/uploads\/2025\/09\/qui-est-le-prince-aleksandar-de-serbie-qui-vient-de-se-marier-en-toute-discretion-en-espagne-3.jpg\" alt=\"Le prince Aleksandar de Serbie avec la princesse h\u00e9riti\u00e8re Victoria de Su\u00e8de au Palais blanc \u00e0 Belgrade, le 7 octobre 2017 lors du mariage de son jumeau, le prince Filip avec Danica Marinkovic\" loading=\"lazy\"><figcaption class=\"image-info\">\n<p> <span class=\"legend\">Le prince Aleksandar de Serbie avec la princesse h\u00e9riti\u00e8re Victoria de Su\u00e8de au Palais blanc \u00e0 Belgrade, le 7 octobre 2017 lors du mariage de son jumeau, le prince Filip avec Danica Marinkovic <\/span> <span class=\"credit\"> WireImage \/ \u00a9 Milica Radicevic <\/span> <\/p>\n<\/figcaption><\/figure>\n<p><span><span><span><span><span><span><span>Ce n\u2019est que le 22 septembre 2025 &#8211; au lendemain de <a href=\"https:\/\/www.parismatch.com\/Royal-Blog\/il-y-a-40-ans-le-prince-alexandre-de-yougoslavie-epousait-en-secondes-noces-katherine-baltis-257415\" target=\"_blank\" rel=\"nofollow\">ses 40 ans de mariage avec sa seconde femme devenue la princesse Katherine<\/a> &#8211; que le prince Alexandre a partag\u00e9 sur Instagram des photos de la c\u00e9r\u00e9monie religieuse orthodoxe qui, deux jours auparavant \u00e0 Villamanrique de la Condesa pr\u00e8s de S\u00e9ville, a uni son fils \u00e0 Vesna Jelic, une dentiste de 39 ans n\u00e9e \u00e0 Munich en Allemagne de parents serbes.<\/span><\/span><\/span><\/span><\/span><\/span><\/span><\/p>\n<p><span><span><span><span><span><span><span>Par d\u2019autres clich\u00e9s diffus\u00e9s en m\u00eame temps et la l\u00e9gende de ce post, on d\u00e9couvre que le couple s\u2019\u00e9tait uni civilement dans les jardins du Palais royal de Belgrade, le 6 septembre. Soit le jour de l&rsquo;anniversaire du roi Pierre II, le grand-p\u00e8re du mari\u00e9.<\/span><\/span><\/span><\/span><\/span><\/span><\/span><\/p>\n<h2><span><span><span><span><span><span><span>Un polyglotte dont les passions sont artistiques tout autant que sportives<\/span><\/span><\/span><\/span><\/span><\/span><\/span><\/h2>\n<p><span><span><span><span><span><span><span>Sa biographie en ligne sur le site de la famille royale serbe indique que le prince Aleksandar parle le serbe, l\u2019anglais, l\u2019espagnol et le fran\u00e7ais. Il y est aussi r\u00e9v\u00e9l\u00e9 qu\u2019il appr\u00e9cie l&rsquo;art, la photographie, la musique, le cin\u00e9ma fran\u00e7ais, l&rsquo;actualit\u00e9, les mus\u00e9es, la gastronomie, la litt\u00e9rature, ainsi que, dans un tout autre domaine, le surf, le snowboard, la plong\u00e9e sous-marine, le tennis, le basket-ball et le football.<\/span><\/span><\/span><\/span><\/span><\/span><\/span><\/p>\n<\/div>\n<p>La chronique se veut g\u00e9n\u00e9r\u00e9e de la fa\u00e7on la plus claire que possible. Dans le cas o\u00f9 vous souhaitez pr\u00e9senter des renseignements compl\u00e9mentaires \u00e0 cet article sur le sujet \u00ab\u00a0Fr\u00e8res jumeaux de l&rsquo;Essonnes\u00a0\u00bb il vous est possible d\u2019\u00e9crire aux contacts indiqu\u00e9s sur notre website. La raison d\u2019\u00eatre de jumeaux91.fr \u00e9tant de rassembler sur le web des posts sur le sujet de Fr\u00e8res jumeaux de l&rsquo;Essonnes puis les diffuser en r\u00e9pondant au mieux aux interrogations des gens. Vous pouvez tirer profit de cet article traitant le sujet \u00ab\u00a0Fr\u00e8res jumeaux de l&rsquo;Essonnes\u00a0\u00bb. Il est concoct\u00e9 par l\u2019\u00e9quipe jumeaux91.fr. Prochainement, nous rendrons accessibles au public d&rsquo;autres informations pertinentes sur le sujet \u00ab\u00a0Fr\u00e8res jumeaux de l&rsquo;Essonnes\u00a0\u00bb. Alors, consultez syst\u00e9matiquement notre blog.<\/p>\n","protected":false},"excerpt":{"rendered":"<p>Tout ce que vous devez savoir sur le prince Aleksandar, l\u2019un des jumeaux du prince Alexandre de Serbie et de la&nbsp;premi\u00e8re \u00e9pouse de celui-ci, la princesse Maria da Gloria d\u2019Orl\u00e9ans et Bragance. Aleksandar est n\u00e9 aux \u00c9tats-Unis Le prince Aleksandar Karadordevic&nbsp;voit le jour \u00e0 Fairfax, en Virginie, le 15 janvier 1982 en m\u00eame temps que&hellip; <a class=\"more-link\" href=\"https:\/\/jumeaux91.fr\/blog\/qui-est-le-prince-aleksandar-de-serbie-qui-vient-de-se-marier-en-toute-discretion-en-espagne\/\">Poursuivre la lecture <span class=\"screen-reader-text\">Qui est le prince Aleksandar de Serbie qui vient de se marier en toute discr\u00e9tion en Espagne<\/span><\/a><\/p>\n","protected":false},"author":2,"featured_media":1725,"comment_status":"closed","ping_status":"closed","sticky":false,"template":"","format":"standard","meta":{"footnotes":""},"categories":[4],"tags":[],"class_list":["post-1724","post","type-post","status-publish","format-standard","has-post-thumbnail","hentry","category-posts-freres-jumeaux-de-lessonnes","entry"],"yoast_head":"<!-- This site is optimized with the Yoast SEO plugin v27.5 - https:\/\/yoast.com\/product\/yoast-seo-wordpress\/ -->\n<title>Qui est le prince Aleksandar de Serbie qui vient de se marier en toute discr\u00e9tion en Espagne - JUMEAUX91<\/title>\n<meta name=\"robots\" content=\"index, follow, max-snippet:-1, max-image-preview:large, max-video-preview:-1\" \/>\n<link rel=\"canonical\" href=\"https:\/\/jumeaux91.fr\/blog\/qui-est-le-prince-aleksandar-de-serbie-qui-vient-de-se-marier-en-toute-discretion-en-espagne\/\" \/>\n<meta property=\"og:locale\" content=\"fr_FR\" \/>\n<meta property=\"og:type\" content=\"article\" \/>\n<meta property=\"og:title\" content=\"Qui est le prince Aleksandar de Serbie qui vient de se marier en toute discr\u00e9tion en Espagne - JUMEAUX91\" \/>\n<meta property=\"og:description\" content=\"Tout ce que vous devez savoir sur le prince Aleksandar, l\u2019un des jumeaux du prince Alexandre de Serbie et de la&nbsp;premi\u00e8re \u00e9pouse de celui-ci, la princesse Maria da Gloria d\u2019Orl\u00e9ans et Bragance. Aleksandar est n\u00e9 aux \u00c9tats-Unis Le prince Aleksandar Karadordevic&nbsp;voit le jour \u00e0 Fairfax, en Virginie, le 15 janvier 1982 en m\u00eame temps que&hellip; Poursuivre la lecture Qui est le prince Aleksandar de Serbie qui vient de se marier en toute discr\u00e9tion en Espagne\" \/>\n<meta property=\"og:url\" content=\"https:\/\/jumeaux91.fr\/blog\/qui-est-le-prince-aleksandar-de-serbie-qui-vient-de-se-marier-en-toute-discretion-en-espagne\/\" \/>\n<meta property=\"og:site_name\" content=\"JUMEAUX91\" \/>\n<meta property=\"article:published_time\" content=\"2025-09-24T13:23:00+00:00\" \/>\n<meta property=\"og:image\" content=\"https:\/\/jumeaux91.fr\/blog\/wp-content\/uploads\/2025\/09\/qui-est-le-prince-aleksandar-de-serbie-qui-vient-de-se-marier-en-toute-discretion-en-espagne.jpg\" \/>\n<meta name=\"author\" content=\"Claude DAYRES\" \/>\n<meta name=\"twitter:card\" content=\"summary_large_image\" \/>\n<meta name=\"twitter:label1\" content=\"\u00c9crit par\" \/>\n\t<meta name=\"twitter:data1\" content=\"Claude DAYRES\" \/>\n\t<meta name=\"twitter:label2\" content=\"Dur\u00e9e de lecture estim\u00e9e\" \/>\n\t<meta name=\"twitter:data2\" content=\"7 minutes\" \/>\n<script type=\"application\/ld+json\" class=\"yoast-schema-graph\">{\"@context\":\"https:\\\/\\\/schema.org\",\"@graph\":[{\"@type\":\"Article\",\"@id\":\"https:\\\/\\\/jumeaux91.fr\\\/blog\\\/qui-est-le-prince-aleksandar-de-serbie-qui-vient-de-se-marier-en-toute-discretion-en-espagne\\\/#article\",\"isPartOf\":{\"@id\":\"https:\\\/\\\/jumeaux91.fr\\\/blog\\\/qui-est-le-prince-aleksandar-de-serbie-qui-vient-de-se-marier-en-toute-discretion-en-espagne\\\/\"},\"author\":{\"name\":\"Claude DAYRES\",\"@id\":\"https:\\\/\\\/jumeaux91.fr\\\/blog\\\/#\\\/schema\\\/person\\\/21da06e9f119b9f64e5d45dbbd32d3fb\"},\"headline\":\"Qui est le prince Aleksandar de Serbie qui vient de se marier en toute discr\u00e9tion en Espagne\",\"datePublished\":\"2025-09-24T13:23:00+00:00\",\"mainEntityOfPage\":{\"@id\":\"https:\\\/\\\/jumeaux91.fr\\\/blog\\\/qui-est-le-prince-aleksandar-de-serbie-qui-vient-de-se-marier-en-toute-discretion-en-espagne\\\/\"},\"wordCount\":1537,\"publisher\":{\"@id\":\"https:\\\/\\\/jumeaux91.fr\\\/blog\\\/#organization\"},\"image\":{\"@id\":\"https:\\\/\\\/jumeaux91.fr\\\/blog\\\/qui-est-le-prince-aleksandar-de-serbie-qui-vient-de-se-marier-en-toute-discretion-en-espagne\\\/#primaryimage\"},\"thumbnailUrl\":\"https:\\\/\\\/jumeaux91.fr\\\/blog\\\/wp-content\\\/uploads\\\/2025\\\/09\\\/qui-est-le-prince-aleksandar-de-serbie-qui-vient-de-se-marier-en-toute-discretion-en-espagne.jpg\",\"articleSection\":[\"Posts Fr\u00e8res Jumeaux De L'Essonnes:\"],\"inLanguage\":\"fr-FR\"},{\"@type\":\"WebPage\",\"@id\":\"https:\\\/\\\/jumeaux91.fr\\\/blog\\\/qui-est-le-prince-aleksandar-de-serbie-qui-vient-de-se-marier-en-toute-discretion-en-espagne\\\/\",\"url\":\"https:\\\/\\\/jumeaux91.fr\\\/blog\\\/qui-est-le-prince-aleksandar-de-serbie-qui-vient-de-se-marier-en-toute-discretion-en-espagne\\\/\",\"name\":\"Qui est le prince Aleksandar de Serbie qui vient de se marier en toute discr\u00e9tion en Espagne - JUMEAUX91\",\"isPartOf\":{\"@id\":\"https:\\\/\\\/jumeaux91.fr\\\/blog\\\/#website\"},\"primaryImageOfPage\":{\"@id\":\"https:\\\/\\\/jumeaux91.fr\\\/blog\\\/qui-est-le-prince-aleksandar-de-serbie-qui-vient-de-se-marier-en-toute-discretion-en-espagne\\\/#primaryimage\"},\"image\":{\"@id\":\"https:\\\/\\\/jumeaux91.fr\\\/blog\\\/qui-est-le-prince-aleksandar-de-serbie-qui-vient-de-se-marier-en-toute-discretion-en-espagne\\\/#primaryimage\"},\"thumbnailUrl\":\"https:\\\/\\\/jumeaux91.fr\\\/blog\\\/wp-content\\\/uploads\\\/2025\\\/09\\\/qui-est-le-prince-aleksandar-de-serbie-qui-vient-de-se-marier-en-toute-discretion-en-espagne.jpg\",\"datePublished\":\"2025-09-24T13:23:00+00:00\",\"breadcrumb\":{\"@id\":\"https:\\\/\\\/jumeaux91.fr\\\/blog\\\/qui-est-le-prince-aleksandar-de-serbie-qui-vient-de-se-marier-en-toute-discretion-en-espagne\\\/#breadcrumb\"},\"inLanguage\":\"fr-FR\",\"potentialAction\":[{\"@type\":\"ReadAction\",\"target\":[\"https:\\\/\\\/jumeaux91.fr\\\/blog\\\/qui-est-le-prince-aleksandar-de-serbie-qui-vient-de-se-marier-en-toute-discretion-en-espagne\\\/\"]}]},{\"@type\":\"ImageObject\",\"inLanguage\":\"fr-FR\",\"@id\":\"https:\\\/\\\/jumeaux91.fr\\\/blog\\\/qui-est-le-prince-aleksandar-de-serbie-qui-vient-de-se-marier-en-toute-discretion-en-espagne\\\/#primaryimage\",\"url\":\"https:\\\/\\\/jumeaux91.fr\\\/blog\\\/wp-content\\\/uploads\\\/2025\\\/09\\\/qui-est-le-prince-aleksandar-de-serbie-qui-vient-de-se-marier-en-toute-discretion-en-espagne.jpg\",\"contentUrl\":\"https:\\\/\\\/jumeaux91.fr\\\/blog\\\/wp-content\\\/uploads\\\/2025\\\/09\\\/qui-est-le-prince-aleksandar-de-serbie-qui-vient-de-se-marier-en-toute-discretion-en-espagne.jpg\",\"width\":375,\"height\":250,\"caption\":\"Qui est le prince Aleksandar de Serbie qui vient de se marier en toute discr\u00e9tion en Espagne\"},{\"@type\":\"BreadcrumbList\",\"@id\":\"https:\\\/\\\/jumeaux91.fr\\\/blog\\\/qui-est-le-prince-aleksandar-de-serbie-qui-vient-de-se-marier-en-toute-discretion-en-espagne\\\/#breadcrumb\",\"itemListElement\":[{\"@type\":\"ListItem\",\"position\":1,\"name\":\"Accueil\",\"item\":\"https:\\\/\\\/jumeaux91.fr\\\/blog\\\/\"},{\"@type\":\"ListItem\",\"position\":2,\"name\":\"Qui est le prince Aleksandar de Serbie qui vient de se marier en toute discr\u00e9tion en Espagne\"}]},{\"@type\":\"WebSite\",\"@id\":\"https:\\\/\\\/jumeaux91.fr\\\/blog\\\/#website\",\"url\":\"https:\\\/\\\/jumeaux91.fr\\\/blog\\\/\",\"name\":\"JUMEAUX91\",\"description\":\"Fr\u00e8res jumeaux de l&#039;Essonnes; informations et archives, \u00e0 savoir et retenir.\",\"publisher\":{\"@id\":\"https:\\\/\\\/jumeaux91.fr\\\/blog\\\/#organization\"},\"potentialAction\":[{\"@type\":\"SearchAction\",\"target\":{\"@type\":\"EntryPoint\",\"urlTemplate\":\"https:\\\/\\\/jumeaux91.fr\\\/blog\\\/?s={search_term_string}\"},\"query-input\":{\"@type\":\"PropertyValueSpecification\",\"valueRequired\":true,\"valueName\":\"search_term_string\"}}],\"inLanguage\":\"fr-FR\"},{\"@type\":\"Organization\",\"@id\":\"https:\\\/\\\/jumeaux91.fr\\\/blog\\\/#organization\",\"name\":\"jumeaux91\",\"url\":\"https:\\\/\\\/jumeaux91.fr\\\/blog\\\/\",\"logo\":{\"@type\":\"ImageObject\",\"inLanguage\":\"fr-FR\",\"@id\":\"https:\\\/\\\/jumeaux91.fr\\\/blog\\\/#\\\/schema\\\/logo\\\/image\\\/\",\"url\":\"https:\\\/\\\/jumeaux91.fr\\\/blog\\\/wp-content\\\/uploads\\\/2023\\\/05\\\/cropped-cropped-logoJ_91.png\",\"contentUrl\":\"https:\\\/\\\/jumeaux91.fr\\\/blog\\\/wp-content\\\/uploads\\\/2023\\\/05\\\/cropped-cropped-logoJ_91.png\",\"width\":512,\"height\":512,\"caption\":\"jumeaux91\"},\"image\":{\"@id\":\"https:\\\/\\\/jumeaux91.fr\\\/blog\\\/#\\\/schema\\\/logo\\\/image\\\/\"}},{\"@type\":\"Person\",\"@id\":\"https:\\\/\\\/jumeaux91.fr\\\/blog\\\/#\\\/schema\\\/person\\\/21da06e9f119b9f64e5d45dbbd32d3fb\",\"name\":\"Claude DAYRES\",\"image\":{\"@type\":\"ImageObject\",\"inLanguage\":\"fr-FR\",\"@id\":\"https:\\\/\\\/secure.gravatar.com\\\/avatar\\\/82eb951df6110a2c48d1bfa7a67d1ee6f0cd5df3cbf9c3586dd61e82db7172a5?s=96&d=mm&r=g\",\"url\":\"https:\\\/\\\/secure.gravatar.com\\\/avatar\\\/82eb951df6110a2c48d1bfa7a67d1ee6f0cd5df3cbf9c3586dd61e82db7172a5?s=96&d=mm&r=g\",\"contentUrl\":\"https:\\\/\\\/secure.gravatar.com\\\/avatar\\\/82eb951df6110a2c48d1bfa7a67d1ee6f0cd5df3cbf9c3586dd61e82db7172a5?s=96&d=mm&r=g\",\"caption\":\"Claude DAYRES\"},\"url\":\"https:\\\/\\\/jumeaux91.fr\\\/blog\\\/author\\\/x91claude\\\/\"}]}<\/script>\n<!-- \/ Yoast SEO plugin. -->","yoast_head_json":{"title":"Qui est le prince Aleksandar de Serbie qui vient de se marier en toute discr\u00e9tion en Espagne - JUMEAUX91","robots":{"index":"index","follow":"follow","max-snippet":"max-snippet:-1","max-image-preview":"max-image-preview:large","max-video-preview":"max-video-preview:-1"},"canonical":"https:\/\/jumeaux91.fr\/blog\/qui-est-le-prince-aleksandar-de-serbie-qui-vient-de-se-marier-en-toute-discretion-en-espagne\/","og_locale":"fr_FR","og_type":"article","og_title":"Qui est le prince Aleksandar de Serbie qui vient de se marier en toute discr\u00e9tion en Espagne - JUMEAUX91","og_description":"Tout ce que vous devez savoir sur le prince Aleksandar, l\u2019un des jumeaux du prince Alexandre de Serbie et de la&nbsp;premi\u00e8re \u00e9pouse de celui-ci, la princesse Maria da Gloria d\u2019Orl\u00e9ans et Bragance. Aleksandar est n\u00e9 aux \u00c9tats-Unis Le prince Aleksandar Karadordevic&nbsp;voit le jour \u00e0 Fairfax, en Virginie, le 15 janvier 1982 en m\u00eame temps que&hellip; Poursuivre la lecture Qui est le prince Aleksandar de Serbie qui vient de se marier en toute discr\u00e9tion en Espagne","og_url":"https:\/\/jumeaux91.fr\/blog\/qui-est-le-prince-aleksandar-de-serbie-qui-vient-de-se-marier-en-toute-discretion-en-espagne\/","og_site_name":"JUMEAUX91","article_published_time":"2025-09-24T13:23:00+00:00","og_image":[{"url":"https:\/\/jumeaux91.fr\/blog\/wp-content\/uploads\/2025\/09\/qui-est-le-prince-aleksandar-de-serbie-qui-vient-de-se-marier-en-toute-discretion-en-espagne.jpg","type":"","width":"","height":""}],"author":"Claude DAYRES","twitter_card":"summary_large_image","twitter_misc":{"\u00c9crit par":"Claude DAYRES","Dur\u00e9e de lecture estim\u00e9e":"7 minutes"},"schema":{"@context":"https:\/\/schema.org","@graph":[{"@type":"Article","@id":"https:\/\/jumeaux91.fr\/blog\/qui-est-le-prince-aleksandar-de-serbie-qui-vient-de-se-marier-en-toute-discretion-en-espagne\/#article","isPartOf":{"@id":"https:\/\/jumeaux91.fr\/blog\/qui-est-le-prince-aleksandar-de-serbie-qui-vient-de-se-marier-en-toute-discretion-en-espagne\/"},"author":{"name":"Claude DAYRES","@id":"https:\/\/jumeaux91.fr\/blog\/#\/schema\/person\/21da06e9f119b9f64e5d45dbbd32d3fb"},"headline":"Qui est le prince Aleksandar de Serbie qui vient de se marier en toute discr\u00e9tion en Espagne","datePublished":"2025-09-24T13:23:00+00:00","mainEntityOfPage":{"@id":"https:\/\/jumeaux91.fr\/blog\/qui-est-le-prince-aleksandar-de-serbie-qui-vient-de-se-marier-en-toute-discretion-en-espagne\/"},"wordCount":1537,"publisher":{"@id":"https:\/\/jumeaux91.fr\/blog\/#organization"},"image":{"@id":"https:\/\/jumeaux91.fr\/blog\/qui-est-le-prince-aleksandar-de-serbie-qui-vient-de-se-marier-en-toute-discretion-en-espagne\/#primaryimage"},"thumbnailUrl":"https:\/\/jumeaux91.fr\/blog\/wp-content\/uploads\/2025\/09\/qui-est-le-prince-aleksandar-de-serbie-qui-vient-de-se-marier-en-toute-discretion-en-espagne.jpg","articleSection":["Posts Fr\u00e8res Jumeaux De L'Essonnes:"],"inLanguage":"fr-FR"},{"@type":"WebPage","@id":"https:\/\/jumeaux91.fr\/blog\/qui-est-le-prince-aleksandar-de-serbie-qui-vient-de-se-marier-en-toute-discretion-en-espagne\/","url":"https:\/\/jumeaux91.fr\/blog\/qui-est-le-prince-aleksandar-de-serbie-qui-vient-de-se-marier-en-toute-discretion-en-espagne\/","name":"Qui est le prince Aleksandar de Serbie qui vient de se marier en toute discr\u00e9tion en Espagne - JUMEAUX91","isPartOf":{"@id":"https:\/\/jumeaux91.fr\/blog\/#website"},"primaryImageOfPage":{"@id":"https:\/\/jumeaux91.fr\/blog\/qui-est-le-prince-aleksandar-de-serbie-qui-vient-de-se-marier-en-toute-discretion-en-espagne\/#primaryimage"},"image":{"@id":"https:\/\/jumeaux91.fr\/blog\/qui-est-le-prince-aleksandar-de-serbie-qui-vient-de-se-marier-en-toute-discretion-en-espagne\/#primaryimage"},"thumbnailUrl":"https:\/\/jumeaux91.fr\/blog\/wp-content\/uploads\/2025\/09\/qui-est-le-prince-aleksandar-de-serbie-qui-vient-de-se-marier-en-toute-discretion-en-espagne.jpg","datePublished":"2025-09-24T13:23:00+00:00","breadcrumb":{"@id":"https:\/\/jumeaux91.fr\/blog\/qui-est-le-prince-aleksandar-de-serbie-qui-vient-de-se-marier-en-toute-discretion-en-espagne\/#breadcrumb"},"inLanguage":"fr-FR","potentialAction":[{"@type":"ReadAction","target":["https:\/\/jumeaux91.fr\/blog\/qui-est-le-prince-aleksandar-de-serbie-qui-vient-de-se-marier-en-toute-discretion-en-espagne\/"]}]},{"@type":"ImageObject","inLanguage":"fr-FR","@id":"https:\/\/jumeaux91.fr\/blog\/qui-est-le-prince-aleksandar-de-serbie-qui-vient-de-se-marier-en-toute-discretion-en-espagne\/#primaryimage","url":"https:\/\/jumeaux91.fr\/blog\/wp-content\/uploads\/2025\/09\/qui-est-le-prince-aleksandar-de-serbie-qui-vient-de-se-marier-en-toute-discretion-en-espagne.jpg","contentUrl":"https:\/\/jumeaux91.fr\/blog\/wp-content\/uploads\/2025\/09\/qui-est-le-prince-aleksandar-de-serbie-qui-vient-de-se-marier-en-toute-discretion-en-espagne.jpg","width":375,"height":250,"caption":"Qui est le prince Aleksandar de Serbie qui vient de se marier en toute discr\u00e9tion en Espagne"},{"@type":"BreadcrumbList","@id":"https:\/\/jumeaux91.fr\/blog\/qui-est-le-prince-aleksandar-de-serbie-qui-vient-de-se-marier-en-toute-discretion-en-espagne\/#breadcrumb","itemListElement":[{"@type":"ListItem","position":1,"name":"Accueil","item":"https:\/\/jumeaux91.fr\/blog\/"},{"@type":"ListItem","position":2,"name":"Qui est le prince Aleksandar de Serbie qui vient de se marier en toute discr\u00e9tion en Espagne"}]},{"@type":"WebSite","@id":"https:\/\/jumeaux91.fr\/blog\/#website","url":"https:\/\/jumeaux91.fr\/blog\/","name":"JUMEAUX91","description":"Fr\u00e8res jumeaux de l&#039;Essonnes; informations et archives, \u00e0 savoir et retenir.","publisher":{"@id":"https:\/\/jumeaux91.fr\/blog\/#organization"},"potentialAction":[{"@type":"SearchAction","target":{"@type":"EntryPoint","urlTemplate":"https:\/\/jumeaux91.fr\/blog\/?s={search_term_string}"},"query-input":{"@type":"PropertyValueSpecification","valueRequired":true,"valueName":"search_term_string"}}],"inLanguage":"fr-FR"},{"@type":"Organization","@id":"https:\/\/jumeaux91.fr\/blog\/#organization","name":"jumeaux91","url":"https:\/\/jumeaux91.fr\/blog\/","logo":{"@type":"ImageObject","inLanguage":"fr-FR","@id":"https:\/\/jumeaux91.fr\/blog\/#\/schema\/logo\/image\/","url":"https:\/\/jumeaux91.fr\/blog\/wp-content\/uploads\/2023\/05\/cropped-cropped-logoJ_91.png","contentUrl":"https:\/\/jumeaux91.fr\/blog\/wp-content\/uploads\/2023\/05\/cropped-cropped-logoJ_91.png","width":512,"height":512,"caption":"jumeaux91"},"image":{"@id":"https:\/\/jumeaux91.fr\/blog\/#\/schema\/logo\/image\/"}},{"@type":"Person","@id":"https:\/\/jumeaux91.fr\/blog\/#\/schema\/person\/21da06e9f119b9f64e5d45dbbd32d3fb","name":"Claude DAYRES","image":{"@type":"ImageObject","inLanguage":"fr-FR","@id":"https:\/\/secure.gravatar.com\/avatar\/82eb951df6110a2c48d1bfa7a67d1ee6f0cd5df3cbf9c3586dd61e82db7172a5?s=96&d=mm&r=g","url":"https:\/\/secure.gravatar.com\/avatar\/82eb951df6110a2c48d1bfa7a67d1ee6f0cd5df3cbf9c3586dd61e82db7172a5?s=96&d=mm&r=g","contentUrl":"https:\/\/secure.gravatar.com\/avatar\/82eb951df6110a2c48d1bfa7a67d1ee6f0cd5df3cbf9c3586dd61e82db7172a5?s=96&d=mm&r=g","caption":"Claude DAYRES"},"url":"https:\/\/jumeaux91.fr\/blog\/author\/x91claude\/"}]}},"_links":{"self":[{"href":"https:\/\/jumeaux91.fr\/blog\/wp-json\/wp\/v2\/posts\/1724","targetHints":{"allow":["GET"]}}],"collection":[{"href":"https:\/\/jumeaux91.fr\/blog\/wp-json\/wp\/v2\/posts"}],"about":[{"href":"https:\/\/jumeaux91.fr\/blog\/wp-json\/wp\/v2\/types\/post"}],"author":[{"embeddable":true,"href":"https:\/\/jumeaux91.fr\/blog\/wp-json\/wp\/v2\/users\/2"}],"replies":[{"embeddable":true,"href":"https:\/\/jumeaux91.fr\/blog\/wp-json\/wp\/v2\/comments?post=1724"}],"version-history":[{"count":0,"href":"https:\/\/jumeaux91.fr\/blog\/wp-json\/wp\/v2\/posts\/1724\/revisions"}],"wp:featuredmedia":[{"embeddable":true,"href":"https:\/\/jumeaux91.fr\/blog\/wp-json\/wp\/v2\/media\/1725"}],"wp:attachment":[{"href":"https:\/\/jumeaux91.fr\/blog\/wp-json\/wp\/v2\/media?parent=1724"}],"wp:term":[{"taxonomy":"category","embeddable":true,"href":"https:\/\/jumeaux91.fr\/blog\/wp-json\/wp\/v2\/categories?post=1724"},{"taxonomy":"post_tag","embeddable":true,"href":"https:\/\/jumeaux91.fr\/blog\/wp-json\/wp\/v2\/tags?post=1724"}],"curies":[{"name":"wp","href":"https:\/\/api.w.org\/{rel}","templated":true}]}}