{"id":1737,"date":"2025-10-02T06:55:00","date_gmt":"2025-10-02T04:55:00","guid":{"rendered":"https:\/\/jumeaux91.fr\/blog\/menton-lolivier-plante-en-memoire-dilan-halimi-a-ete-arrache-une-elue-locale-denonce-un-acte-antisemite\/"},"modified":"2025-10-02T06:55:00","modified_gmt":"2025-10-02T04:55:00","slug":"menton-lolivier-plante-en-memoire-dilan-halimi-a-ete-arrache-une-elue-locale-denonce-un-acte-antisemite","status":"publish","type":"post","link":"https:\/\/jumeaux91.fr\/blog\/menton-lolivier-plante-en-memoire-dilan-halimi-a-ete-arrache-une-elue-locale-denonce-un-acte-antisemite\/","title":{"rendered":"Menton : l\u2019olivier plant\u00e9 en m\u00e9moire d\u2019Ilan Halimi a \u00e9t\u00e9 arrach\u00e9, une \u00e9lue locale d\u00e9nonce un acte antis\u00e9mite"},"content":{"rendered":"<div>\n<p> <span> Faits divers <\/span> <\/p>\n<div class=\"post__header__metas\">\n<p> \u00c0 Menton, l\u2019olivier plant\u00e9 en m\u00e9moire d\u2019Ilan Halimi, jeune homme juif assassin\u00e9 en 2006, a \u00e9t\u00e9 arrach\u00e9. Une \u00e9lue locale d\u00e9nonce \u00ab un acte odieux \u00bb, et \u00ab une insulte \u00e0 sa m\u00e9moire et \u00e0 toutes les victimes de la haine antis\u00e9mite \u00bb. Une enqu\u00eate est ouverte. <\/p>\n<\/p><\/div>\n<div class=\"post__thumbnail-container\">\n<div class=\"post__thumbnail\"><img decoding=\"async\" width=\"1024\" height=\"683\" src=\"https:\/\/jumeaux91.fr\/blog\/wp-content\/uploads\/2025\/10\/menton-lolivier-plante-en-memoire-dilan-halimi-a-ete-arrache-une-elue-locale-denonce-un-acte-antisemite.jpg\" class=\"attachment-post-thumbnail size-post-thumbnail wp-post-image\" alt=\"L\u2019olivier en hommage \u00e0 Ilan Halimi, symbole de m\u00e9moire et de paix, a \u00e9t\u00e9 arrach\u00e9 \u00e0 Menton. SIPA\"><\/div>\n<p> &lt;!&#8211; <small><i><\/i><\/small> &#8211;&gt; <small><i>L\u2019olivier en hommage \u00e0 Ilan Halimi, symbole de m\u00e9moire et de paix, a \u00e9t\u00e9 arrach\u00e9 \u00e0 Menton. SIPA<\/i><\/small> <\/div>\n<\/p><\/div>\n<div>\n<p>Il ne reste d\u00e9sormais qu\u2019un trou b\u00e9ant \u00e0 la place de l\u2019olivier plant\u00e9 en m\u00e9moire d\u2019<a href=\"https:\/\/www.valeursactuelles.com\/faits-divers\/profanation-de-lolivier-dilan-halimi-deux-tunisiens-interpelles\" target=\"_blank\" rel=\"noopener nofollow\">Ilan Halimi<\/a>. Ce jeune homme juif avait \u00e9t\u00e9 tortur\u00e9 \u00e0 mort en 2006 par le \u00ab <a href=\"https:\/\/www.valeursactuelles.com\/regions\/ile-de-france\/val-de-marne\/no_agglomeration\/faits-divers\/un-ancien-membre-du-gang-des-barbares-de-nouveau-arrete-pour-port-darme\" target=\"_blank\" rel=\"noopener nofollow\">gang des barbares<\/a> \u00bb. Dans un communiqu\u00e9 publi\u00e9 sur <a href=\"https:\/\/www.facebook.com\/photo.php?fbid=1749221165820143&amp;set=a.1126500721425527&amp;type=3&amp;ref=embed_post\" target=\"_blank\" rel=\"nofollow noopener\">Facebook <\/a>le 1er octobre, la municipalit\u00e9 de la ville de Manton (Alpes-Maritimes) a fait savoir qu\u2019elle \u00ab<em> condamne avec la plus grande fermet\u00e9 ce geste inacceptable<\/em> \u00bb. Elle ajoute qu\u2019une enqu\u00eate a \u00e9t\u00e9 ouverte pour \u00ab <em>identifier les auteurs de cet acte. Toutes les mesures n\u00e9cessaires seront prises pour que les responsables r\u00e9pondent de leurs actes<\/em> \u00bb.<\/p>\n<p><a href=\"https:\/\/www.valeursactuelles.com\/faits-divers\/essonne-un-homme-de-67-ans-hospitalise-apres-une-violente-agression-antisemite\" class=\"h-flex h-align-items-center h-border-tb h-ptb-15\" target=\"_blank\" rel=\"nofollow\"><\/p>\n<h3 class=\"h3 h-pr-15 alire-link\">A&nbsp;LIRE&nbsp;<\/h3>\n<p><span class=\"h3 h-blue\">Essonne : un homme de 67 ans hospitalis\u00e9 apr\u00e8s une violente agression antis\u00e9mite<\/span><\/a><\/p>\n<div class=\"youtube-delayed-embed\" data-video-url=\"https:\/\/www.youtube.com\/embed\/aYHjAURLN9s?autoplay=1&amp;mute=1&amp;origin=https%3A%2F%2Fwww.valeursactuelles.com&amp;widget_referrer=https%3A%2F%2Fwww.valeursactuelles.com\"> <img decoding=\"async\" src=\"https:\/\/img.youtube.com\/vi\/aYHjAURLN9s\/maxresdefault.jpg\" alt=\"Vid\u00e9o YouTube\"><\/p>\n<p> Chargement\u2026 <\/p>\n<\/div>\n<blockquote class=\"twitter-tweet\">\n<p dir=\"ltr\" lang=\"fr\">\ud83d\udea8 Profanation \u00e0 <a href=\"https:\/\/twitter.com\/hashtag\/Menton?src=hash&amp;ref_src=twsrc%5Etfw\" target=\"_blank\" rel=\"nofollow\">#Menton<\/a> : l\u2019hommage \u00e0 Ilan Halimi vandalis\u00e9 !<\/p>\n<p>L\u2019olivier plant\u00e9 en m\u00e9moire d\u2019Ilan Halimi, victime de l\u2019antis\u00e9mitisme, a \u00e9t\u00e9 arrach\u00e9.<\/p>\n<p>C\u2019est un acte odieux, une insulte \u00e0 sa m\u00e9moire et \u00e0 toutes les victimes de la haine antis\u00e9mite. <a href=\"https:\/\/t.co\/3mrMdzZ0Hw\" target=\"_blank\" rel=\"nofollow\">pic.twitter.com\/3mrMdzZ0Hw<\/a><\/p>\n<p>\u2014 Alexandra Masson (@A_Masson06) <a href=\"https:\/\/twitter.com\/A_Masson06\/status\/1973431999705784620?ref_src=twsrc%5Etfw\" target=\"_blank\" rel=\"nofollow\">October 1, 2025<\/a><\/p>\n<\/blockquote>\n<p>La d\u00e9put\u00e9e des Alpes-Maritimes, Alexandra Masson, a d\u00e9nonc\u00e9 via un post sur X un \u00ab<em> acte odieux<\/em> \u00bb et \u00ab<em> une insulte \u00e0 sa m\u00e9moire et \u00e0 toutes les victimes de la haine antis\u00e9mite<\/em> \u00bb. Cet olivier avait \u00e9t\u00e9 plant\u00e9 en ao\u00fbt dernier apr\u00e8s l\u2019abattage de l\u2019arbre d\u2019\u00c9pinay-sur-Seine, dans le parc du Pian, \u00e0 l\u2019est de la ville, au-dessus du port de Menton Garavan. La c\u00e9r\u00e9monie d\u2019hommage avait r\u00e9uni le maire Yves Juhel, la d\u00e9put\u00e9e de la circonscription Alexandra Masson ainsi que de nombreux \u00e9lus accompagn\u00e9s de repr\u00e9sentants de la communaut\u00e9 juive.<\/p>\n<h2>Un autre arbre abattu en ao\u00fbt dernier<\/h2>\n<p><a href=\"https:\/\/www.valeursactuelles.com\/monde\/antisemitisme-en-europe-bruxelles-annonce-plus-de-securite-pour-les-communautes-juives\" class=\"h-flex h-align-items-center h-border-tb h-ptb-15\" target=\"_blank\" rel=\"nofollow\"><\/p>\n<h3 class=\"h3 h-pr-15 alire-link\">A&nbsp;LIRE&nbsp;<\/h3>\n<p><span class=\"h3 h-blue\">Antis\u00e9mitisme en Europe : Bruxelles annonce plus de s\u00e9curit\u00e9 pour les communaut\u00e9s juives<\/span><\/a><\/p>\n<p>Dans la nuit du 13 au 14 ao\u00fbt, l\u2019arbuste qui avait \u00e9t\u00e9 plant\u00e9 \u00e0 \u00c9pinay-sur-Seine avait \u00e9t\u00e9 abattu. Deux fr\u00e8res jumeaux soup\u00e7onn\u00e9s d\u2019avoir abattu l\u2019arbre seront jug\u00e9s le 22 octobre prochain. En attendant leur jugement, ils ont \u00e9t\u00e9 plac\u00e9s en d\u00e9tention provisoire et un arbre a \u00e9t\u00e9 replant\u00e9. Deux autres arbres plant\u00e9s en hommage \u00e0 Ilan Halimi, dont l\u2019un portait sa photo, avaient \u00e9t\u00e9 sci\u00e9s en 2019 \u00e0 Sainte-Genevi\u00e8ve-des-Bois.<\/p>\n<\/p><\/div>\n<p>La chronique se veut g\u00e9n\u00e9r\u00e9e de la fa\u00e7on la plus claire que possible. Dans le cas o\u00f9 vous souhaitez pr\u00e9senter des renseignements compl\u00e9mentaires \u00e0 cet article sur le sujet \u00ab\u00a0Fr\u00e8res jumeaux de l&rsquo;Essonnes\u00a0\u00bb il vous est possible d\u2019\u00e9crire aux contacts indiqu\u00e9s sur notre website. La raison d\u2019\u00eatre de jumeaux91.fr \u00e9tant de rassembler sur le web des posts sur le sujet de Fr\u00e8res jumeaux de l&rsquo;Essonnes puis les diffuser en r\u00e9pondant au mieux aux interrogations des gens. Vous pouvez tirer profit de cet article traitant le sujet \u00ab\u00a0Fr\u00e8res jumeaux de l&rsquo;Essonnes\u00a0\u00bb. Il est concoct\u00e9 par l\u2019\u00e9quipe jumeaux91.fr. Prochainement, nous rendrons accessibles au public d&rsquo;autres informations pertinentes sur le sujet \u00ab\u00a0Fr\u00e8res jumeaux de l&rsquo;Essonnes\u00a0\u00bb. Alors, consultez syst\u00e9matiquement notre blog.<\/p>\n","protected":false},"excerpt":{"rendered":"<p>Faits divers \u00c0 Menton, l\u2019olivier plant\u00e9 en m\u00e9moire d\u2019Ilan Halimi, jeune homme juif assassin\u00e9 en 2006, a \u00e9t\u00e9 arrach\u00e9. Une \u00e9lue locale d\u00e9nonce \u00ab un acte odieux \u00bb, et \u00ab une insulte \u00e0 sa m\u00e9moire et \u00e0 toutes les victimes de la haine antis\u00e9mite \u00bb. Une enqu\u00eate est ouverte. &lt;!&#8211; &#8211;&gt; L\u2019olivier en hommage \u00e0&hellip; <a class=\"more-link\" href=\"https:\/\/jumeaux91.fr\/blog\/menton-lolivier-plante-en-memoire-dilan-halimi-a-ete-arrache-une-elue-locale-denonce-un-acte-antisemite\/\">Poursuivre la lecture <span class=\"screen-reader-text\">Menton : l\u2019olivier plant\u00e9 en m\u00e9moire d\u2019Ilan Halimi a \u00e9t\u00e9 arrach\u00e9, une \u00e9lue locale d\u00e9nonce un acte antis\u00e9mite<\/span><\/a><\/p>\n","protected":false},"author":2,"featured_media":1738,"comment_status":"closed","ping_status":"closed","sticky":false,"template":"","format":"standard","meta":{"footnotes":""},"categories":[4],"tags":[],"class_list":["post-1737","post","type-post","status-publish","format-standard","has-post-thumbnail","hentry","category-posts-freres-jumeaux-de-lessonnes","entry"],"yoast_head":"<!-- This site is optimized with the Yoast SEO plugin v27.5 - https:\/\/yoast.com\/product\/yoast-seo-wordpress\/ -->\n<title>Menton : l\u2019olivier plant\u00e9 en m\u00e9moire d\u2019Ilan Halimi a \u00e9t\u00e9 arrach\u00e9, une \u00e9lue locale d\u00e9nonce un acte antis\u00e9mite - JUMEAUX91<\/title>\n<meta name=\"robots\" content=\"index, follow, max-snippet:-1, max-image-preview:large, max-video-preview:-1\" \/>\n<link rel=\"canonical\" href=\"https:\/\/jumeaux91.fr\/blog\/menton-lolivier-plante-en-memoire-dilan-halimi-a-ete-arrache-une-elue-locale-denonce-un-acte-antisemite\/\" \/>\n<meta property=\"og:locale\" content=\"fr_FR\" \/>\n<meta property=\"og:type\" content=\"article\" \/>\n<meta property=\"og:title\" content=\"Menton : l\u2019olivier plant\u00e9 en m\u00e9moire d\u2019Ilan Halimi a \u00e9t\u00e9 arrach\u00e9, une \u00e9lue locale d\u00e9nonce un acte antis\u00e9mite - JUMEAUX91\" \/>\n<meta property=\"og:description\" content=\"Faits divers \u00c0 Menton, l\u2019olivier plant\u00e9 en m\u00e9moire d\u2019Ilan Halimi, jeune homme juif assassin\u00e9 en 2006, a \u00e9t\u00e9 arrach\u00e9. Une \u00e9lue locale d\u00e9nonce \u00ab un acte odieux \u00bb, et \u00ab une insulte \u00e0 sa m\u00e9moire et \u00e0 toutes les victimes de la haine antis\u00e9mite \u00bb. Une enqu\u00eate est ouverte. &lt;!&#8211; &#8211;&gt; L\u2019olivier en hommage \u00e0&hellip; Poursuivre la lecture Menton : l\u2019olivier plant\u00e9 en m\u00e9moire d\u2019Ilan Halimi a \u00e9t\u00e9 arrach\u00e9, une \u00e9lue locale d\u00e9nonce un acte antis\u00e9mite\" \/>\n<meta property=\"og:url\" content=\"https:\/\/jumeaux91.fr\/blog\/menton-lolivier-plante-en-memoire-dilan-halimi-a-ete-arrache-une-elue-locale-denonce-un-acte-antisemite\/\" \/>\n<meta property=\"og:site_name\" content=\"JUMEAUX91\" \/>\n<meta property=\"article:published_time\" content=\"2025-10-02T04:55:00+00:00\" \/>\n<meta property=\"og:image\" content=\"https:\/\/jumeaux91.fr\/blog\/wp-content\/uploads\/2025\/10\/menton-lolivier-plante-en-memoire-dilan-halimi-a-ete-arrache-une-elue-locale-denonce-un-acte-antisemite.jpg\" \/>\n<meta name=\"author\" content=\"Claude DAYRES\" \/>\n<meta name=\"twitter:card\" content=\"summary_large_image\" \/>\n<meta name=\"twitter:label1\" content=\"\u00c9crit par\" \/>\n\t<meta name=\"twitter:data1\" content=\"Claude DAYRES\" \/>\n\t<meta name=\"twitter:label2\" content=\"Dur\u00e9e de lecture estim\u00e9e\" \/>\n\t<meta name=\"twitter:data2\" content=\"3 minutes\" \/>\n<script type=\"application\/ld+json\" class=\"yoast-schema-graph\">{\"@context\":\"https:\\\/\\\/schema.org\",\"@graph\":[{\"@type\":\"Article\",\"@id\":\"https:\\\/\\\/jumeaux91.fr\\\/blog\\\/menton-lolivier-plante-en-memoire-dilan-halimi-a-ete-arrache-une-elue-locale-denonce-un-acte-antisemite\\\/#article\",\"isPartOf\":{\"@id\":\"https:\\\/\\\/jumeaux91.fr\\\/blog\\\/menton-lolivier-plante-en-memoire-dilan-halimi-a-ete-arrache-une-elue-locale-denonce-un-acte-antisemite\\\/\"},\"author\":{\"name\":\"Claude DAYRES\",\"@id\":\"https:\\\/\\\/jumeaux91.fr\\\/blog\\\/#\\\/schema\\\/person\\\/21da06e9f119b9f64e5d45dbbd32d3fb\"},\"headline\":\"Menton : l\u2019olivier plant\u00e9 en m\u00e9moire d\u2019Ilan Halimi a \u00e9t\u00e9 arrach\u00e9, une \u00e9lue locale d\u00e9nonce un acte antis\u00e9mite\",\"datePublished\":\"2025-10-02T04:55:00+00:00\",\"mainEntityOfPage\":{\"@id\":\"https:\\\/\\\/jumeaux91.fr\\\/blog\\\/menton-lolivier-plante-en-memoire-dilan-halimi-a-ete-arrache-une-elue-locale-denonce-un-acte-antisemite\\\/\"},\"wordCount\":608,\"publisher\":{\"@id\":\"https:\\\/\\\/jumeaux91.fr\\\/blog\\\/#organization\"},\"image\":{\"@id\":\"https:\\\/\\\/jumeaux91.fr\\\/blog\\\/menton-lolivier-plante-en-memoire-dilan-halimi-a-ete-arrache-une-elue-locale-denonce-un-acte-antisemite\\\/#primaryimage\"},\"thumbnailUrl\":\"https:\\\/\\\/jumeaux91.fr\\\/blog\\\/wp-content\\\/uploads\\\/2025\\\/10\\\/menton-lolivier-plante-en-memoire-dilan-halimi-a-ete-arrache-une-elue-locale-denonce-un-acte-antisemite.jpg\",\"articleSection\":[\"Posts Fr\u00e8res Jumeaux De L'Essonnes:\"],\"inLanguage\":\"fr-FR\"},{\"@type\":\"WebPage\",\"@id\":\"https:\\\/\\\/jumeaux91.fr\\\/blog\\\/menton-lolivier-plante-en-memoire-dilan-halimi-a-ete-arrache-une-elue-locale-denonce-un-acte-antisemite\\\/\",\"url\":\"https:\\\/\\\/jumeaux91.fr\\\/blog\\\/menton-lolivier-plante-en-memoire-dilan-halimi-a-ete-arrache-une-elue-locale-denonce-un-acte-antisemite\\\/\",\"name\":\"Menton : l\u2019olivier plant\u00e9 en m\u00e9moire d\u2019Ilan Halimi a \u00e9t\u00e9 arrach\u00e9, une \u00e9lue locale d\u00e9nonce un acte antis\u00e9mite - JUMEAUX91\",\"isPartOf\":{\"@id\":\"https:\\\/\\\/jumeaux91.fr\\\/blog\\\/#website\"},\"primaryImageOfPage\":{\"@id\":\"https:\\\/\\\/jumeaux91.fr\\\/blog\\\/menton-lolivier-plante-en-memoire-dilan-halimi-a-ete-arrache-une-elue-locale-denonce-un-acte-antisemite\\\/#primaryimage\"},\"image\":{\"@id\":\"https:\\\/\\\/jumeaux91.fr\\\/blog\\\/menton-lolivier-plante-en-memoire-dilan-halimi-a-ete-arrache-une-elue-locale-denonce-un-acte-antisemite\\\/#primaryimage\"},\"thumbnailUrl\":\"https:\\\/\\\/jumeaux91.fr\\\/blog\\\/wp-content\\\/uploads\\\/2025\\\/10\\\/menton-lolivier-plante-en-memoire-dilan-halimi-a-ete-arrache-une-elue-locale-denonce-un-acte-antisemite.jpg\",\"datePublished\":\"2025-10-02T04:55:00+00:00\",\"breadcrumb\":{\"@id\":\"https:\\\/\\\/jumeaux91.fr\\\/blog\\\/menton-lolivier-plante-en-memoire-dilan-halimi-a-ete-arrache-une-elue-locale-denonce-un-acte-antisemite\\\/#breadcrumb\"},\"inLanguage\":\"fr-FR\",\"potentialAction\":[{\"@type\":\"ReadAction\",\"target\":[\"https:\\\/\\\/jumeaux91.fr\\\/blog\\\/menton-lolivier-plante-en-memoire-dilan-halimi-a-ete-arrache-une-elue-locale-denonce-un-acte-antisemite\\\/\"]}]},{\"@type\":\"ImageObject\",\"inLanguage\":\"fr-FR\",\"@id\":\"https:\\\/\\\/jumeaux91.fr\\\/blog\\\/menton-lolivier-plante-en-memoire-dilan-halimi-a-ete-arrache-une-elue-locale-denonce-un-acte-antisemite\\\/#primaryimage\",\"url\":\"https:\\\/\\\/jumeaux91.fr\\\/blog\\\/wp-content\\\/uploads\\\/2025\\\/10\\\/menton-lolivier-plante-en-memoire-dilan-halimi-a-ete-arrache-une-elue-locale-denonce-un-acte-antisemite.jpg\",\"contentUrl\":\"https:\\\/\\\/jumeaux91.fr\\\/blog\\\/wp-content\\\/uploads\\\/2025\\\/10\\\/menton-lolivier-plante-en-memoire-dilan-halimi-a-ete-arrache-une-elue-locale-denonce-un-acte-antisemite.jpg\",\"width\":1024,\"height\":683,\"caption\":\"Menton : l\u2019olivier plant\u00e9 en m\u00e9moire d\u2019Ilan Halimi a \u00e9t\u00e9 arrach\u00e9, une \u00e9lue locale d\u00e9nonce un acte antis\u00e9mite\"},{\"@type\":\"BreadcrumbList\",\"@id\":\"https:\\\/\\\/jumeaux91.fr\\\/blog\\\/menton-lolivier-plante-en-memoire-dilan-halimi-a-ete-arrache-une-elue-locale-denonce-un-acte-antisemite\\\/#breadcrumb\",\"itemListElement\":[{\"@type\":\"ListItem\",\"position\":1,\"name\":\"Accueil\",\"item\":\"https:\\\/\\\/jumeaux91.fr\\\/blog\\\/\"},{\"@type\":\"ListItem\",\"position\":2,\"name\":\"Menton : l\u2019olivier plant\u00e9 en m\u00e9moire d\u2019Ilan Halimi a \u00e9t\u00e9 arrach\u00e9, une \u00e9lue locale d\u00e9nonce un acte antis\u00e9mite\"}]},{\"@type\":\"WebSite\",\"@id\":\"https:\\\/\\\/jumeaux91.fr\\\/blog\\\/#website\",\"url\":\"https:\\\/\\\/jumeaux91.fr\\\/blog\\\/\",\"name\":\"JUMEAUX91\",\"description\":\"Fr\u00e8res jumeaux de l&#039;Essonnes; informations et archives, \u00e0 savoir et retenir.\",\"publisher\":{\"@id\":\"https:\\\/\\\/jumeaux91.fr\\\/blog\\\/#organization\"},\"potentialAction\":[{\"@type\":\"SearchAction\",\"target\":{\"@type\":\"EntryPoint\",\"urlTemplate\":\"https:\\\/\\\/jumeaux91.fr\\\/blog\\\/?s={search_term_string}\"},\"query-input\":{\"@type\":\"PropertyValueSpecification\",\"valueRequired\":true,\"valueName\":\"search_term_string\"}}],\"inLanguage\":\"fr-FR\"},{\"@type\":\"Organization\",\"@id\":\"https:\\\/\\\/jumeaux91.fr\\\/blog\\\/#organization\",\"name\":\"jumeaux91\",\"url\":\"https:\\\/\\\/jumeaux91.fr\\\/blog\\\/\",\"logo\":{\"@type\":\"ImageObject\",\"inLanguage\":\"fr-FR\",\"@id\":\"https:\\\/\\\/jumeaux91.fr\\\/blog\\\/#\\\/schema\\\/logo\\\/image\\\/\",\"url\":\"https:\\\/\\\/jumeaux91.fr\\\/blog\\\/wp-content\\\/uploads\\\/2023\\\/05\\\/cropped-cropped-logoJ_91.png\",\"contentUrl\":\"https:\\\/\\\/jumeaux91.fr\\\/blog\\\/wp-content\\\/uploads\\\/2023\\\/05\\\/cropped-cropped-logoJ_91.png\",\"width\":512,\"height\":512,\"caption\":\"jumeaux91\"},\"image\":{\"@id\":\"https:\\\/\\\/jumeaux91.fr\\\/blog\\\/#\\\/schema\\\/logo\\\/image\\\/\"}},{\"@type\":\"Person\",\"@id\":\"https:\\\/\\\/jumeaux91.fr\\\/blog\\\/#\\\/schema\\\/person\\\/21da06e9f119b9f64e5d45dbbd32d3fb\",\"name\":\"Claude DAYRES\",\"image\":{\"@type\":\"ImageObject\",\"inLanguage\":\"fr-FR\",\"@id\":\"https:\\\/\\\/secure.gravatar.com\\\/avatar\\\/82eb951df6110a2c48d1bfa7a67d1ee6f0cd5df3cbf9c3586dd61e82db7172a5?s=96&d=mm&r=g\",\"url\":\"https:\\\/\\\/secure.gravatar.com\\\/avatar\\\/82eb951df6110a2c48d1bfa7a67d1ee6f0cd5df3cbf9c3586dd61e82db7172a5?s=96&d=mm&r=g\",\"contentUrl\":\"https:\\\/\\\/secure.gravatar.com\\\/avatar\\\/82eb951df6110a2c48d1bfa7a67d1ee6f0cd5df3cbf9c3586dd61e82db7172a5?s=96&d=mm&r=g\",\"caption\":\"Claude DAYRES\"},\"url\":\"https:\\\/\\\/jumeaux91.fr\\\/blog\\\/author\\\/x91claude\\\/\"}]}<\/script>\n<!-- \/ Yoast SEO plugin. -->","yoast_head_json":{"title":"Menton : l\u2019olivier plant\u00e9 en m\u00e9moire d\u2019Ilan Halimi a \u00e9t\u00e9 arrach\u00e9, une \u00e9lue locale d\u00e9nonce un acte antis\u00e9mite - JUMEAUX91","robots":{"index":"index","follow":"follow","max-snippet":"max-snippet:-1","max-image-preview":"max-image-preview:large","max-video-preview":"max-video-preview:-1"},"canonical":"https:\/\/jumeaux91.fr\/blog\/menton-lolivier-plante-en-memoire-dilan-halimi-a-ete-arrache-une-elue-locale-denonce-un-acte-antisemite\/","og_locale":"fr_FR","og_type":"article","og_title":"Menton : l\u2019olivier plant\u00e9 en m\u00e9moire d\u2019Ilan Halimi a \u00e9t\u00e9 arrach\u00e9, une \u00e9lue locale d\u00e9nonce un acte antis\u00e9mite - JUMEAUX91","og_description":"Faits divers \u00c0 Menton, l\u2019olivier plant\u00e9 en m\u00e9moire d\u2019Ilan Halimi, jeune homme juif assassin\u00e9 en 2006, a \u00e9t\u00e9 arrach\u00e9. Une \u00e9lue locale d\u00e9nonce \u00ab un acte odieux \u00bb, et \u00ab une insulte \u00e0 sa m\u00e9moire et \u00e0 toutes les victimes de la haine antis\u00e9mite \u00bb. Une enqu\u00eate est ouverte. &lt;!&#8211; &#8211;&gt; L\u2019olivier en hommage \u00e0&hellip; Poursuivre la lecture Menton : l\u2019olivier plant\u00e9 en m\u00e9moire d\u2019Ilan Halimi a \u00e9t\u00e9 arrach\u00e9, une \u00e9lue locale d\u00e9nonce un acte antis\u00e9mite","og_url":"https:\/\/jumeaux91.fr\/blog\/menton-lolivier-plante-en-memoire-dilan-halimi-a-ete-arrache-une-elue-locale-denonce-un-acte-antisemite\/","og_site_name":"JUMEAUX91","article_published_time":"2025-10-02T04:55:00+00:00","og_image":[{"url":"https:\/\/jumeaux91.fr\/blog\/wp-content\/uploads\/2025\/10\/menton-lolivier-plante-en-memoire-dilan-halimi-a-ete-arrache-une-elue-locale-denonce-un-acte-antisemite.jpg","type":"","width":"","height":""}],"author":"Claude DAYRES","twitter_card":"summary_large_image","twitter_misc":{"\u00c9crit par":"Claude DAYRES","Dur\u00e9e de lecture estim\u00e9e":"3 minutes"},"schema":{"@context":"https:\/\/schema.org","@graph":[{"@type":"Article","@id":"https:\/\/jumeaux91.fr\/blog\/menton-lolivier-plante-en-memoire-dilan-halimi-a-ete-arrache-une-elue-locale-denonce-un-acte-antisemite\/#article","isPartOf":{"@id":"https:\/\/jumeaux91.fr\/blog\/menton-lolivier-plante-en-memoire-dilan-halimi-a-ete-arrache-une-elue-locale-denonce-un-acte-antisemite\/"},"author":{"name":"Claude DAYRES","@id":"https:\/\/jumeaux91.fr\/blog\/#\/schema\/person\/21da06e9f119b9f64e5d45dbbd32d3fb"},"headline":"Menton : l\u2019olivier plant\u00e9 en m\u00e9moire d\u2019Ilan Halimi a \u00e9t\u00e9 arrach\u00e9, une \u00e9lue locale d\u00e9nonce un acte antis\u00e9mite","datePublished":"2025-10-02T04:55:00+00:00","mainEntityOfPage":{"@id":"https:\/\/jumeaux91.fr\/blog\/menton-lolivier-plante-en-memoire-dilan-halimi-a-ete-arrache-une-elue-locale-denonce-un-acte-antisemite\/"},"wordCount":608,"publisher":{"@id":"https:\/\/jumeaux91.fr\/blog\/#organization"},"image":{"@id":"https:\/\/jumeaux91.fr\/blog\/menton-lolivier-plante-en-memoire-dilan-halimi-a-ete-arrache-une-elue-locale-denonce-un-acte-antisemite\/#primaryimage"},"thumbnailUrl":"https:\/\/jumeaux91.fr\/blog\/wp-content\/uploads\/2025\/10\/menton-lolivier-plante-en-memoire-dilan-halimi-a-ete-arrache-une-elue-locale-denonce-un-acte-antisemite.jpg","articleSection":["Posts Fr\u00e8res Jumeaux De L'Essonnes:"],"inLanguage":"fr-FR"},{"@type":"WebPage","@id":"https:\/\/jumeaux91.fr\/blog\/menton-lolivier-plante-en-memoire-dilan-halimi-a-ete-arrache-une-elue-locale-denonce-un-acte-antisemite\/","url":"https:\/\/jumeaux91.fr\/blog\/menton-lolivier-plante-en-memoire-dilan-halimi-a-ete-arrache-une-elue-locale-denonce-un-acte-antisemite\/","name":"Menton : l\u2019olivier plant\u00e9 en m\u00e9moire d\u2019Ilan Halimi a \u00e9t\u00e9 arrach\u00e9, une \u00e9lue locale d\u00e9nonce un acte antis\u00e9mite - JUMEAUX91","isPartOf":{"@id":"https:\/\/jumeaux91.fr\/blog\/#website"},"primaryImageOfPage":{"@id":"https:\/\/jumeaux91.fr\/blog\/menton-lolivier-plante-en-memoire-dilan-halimi-a-ete-arrache-une-elue-locale-denonce-un-acte-antisemite\/#primaryimage"},"image":{"@id":"https:\/\/jumeaux91.fr\/blog\/menton-lolivier-plante-en-memoire-dilan-halimi-a-ete-arrache-une-elue-locale-denonce-un-acte-antisemite\/#primaryimage"},"thumbnailUrl":"https:\/\/jumeaux91.fr\/blog\/wp-content\/uploads\/2025\/10\/menton-lolivier-plante-en-memoire-dilan-halimi-a-ete-arrache-une-elue-locale-denonce-un-acte-antisemite.jpg","datePublished":"2025-10-02T04:55:00+00:00","breadcrumb":{"@id":"https:\/\/jumeaux91.fr\/blog\/menton-lolivier-plante-en-memoire-dilan-halimi-a-ete-arrache-une-elue-locale-denonce-un-acte-antisemite\/#breadcrumb"},"inLanguage":"fr-FR","potentialAction":[{"@type":"ReadAction","target":["https:\/\/jumeaux91.fr\/blog\/menton-lolivier-plante-en-memoire-dilan-halimi-a-ete-arrache-une-elue-locale-denonce-un-acte-antisemite\/"]}]},{"@type":"ImageObject","inLanguage":"fr-FR","@id":"https:\/\/jumeaux91.fr\/blog\/menton-lolivier-plante-en-memoire-dilan-halimi-a-ete-arrache-une-elue-locale-denonce-un-acte-antisemite\/#primaryimage","url":"https:\/\/jumeaux91.fr\/blog\/wp-content\/uploads\/2025\/10\/menton-lolivier-plante-en-memoire-dilan-halimi-a-ete-arrache-une-elue-locale-denonce-un-acte-antisemite.jpg","contentUrl":"https:\/\/jumeaux91.fr\/blog\/wp-content\/uploads\/2025\/10\/menton-lolivier-plante-en-memoire-dilan-halimi-a-ete-arrache-une-elue-locale-denonce-un-acte-antisemite.jpg","width":1024,"height":683,"caption":"Menton : l\u2019olivier plant\u00e9 en m\u00e9moire d\u2019Ilan Halimi a \u00e9t\u00e9 arrach\u00e9, une \u00e9lue locale d\u00e9nonce un acte antis\u00e9mite"},{"@type":"BreadcrumbList","@id":"https:\/\/jumeaux91.fr\/blog\/menton-lolivier-plante-en-memoire-dilan-halimi-a-ete-arrache-une-elue-locale-denonce-un-acte-antisemite\/#breadcrumb","itemListElement":[{"@type":"ListItem","position":1,"name":"Accueil","item":"https:\/\/jumeaux91.fr\/blog\/"},{"@type":"ListItem","position":2,"name":"Menton : l\u2019olivier plant\u00e9 en m\u00e9moire d\u2019Ilan Halimi a \u00e9t\u00e9 arrach\u00e9, une \u00e9lue locale d\u00e9nonce un acte antis\u00e9mite"}]},{"@type":"WebSite","@id":"https:\/\/jumeaux91.fr\/blog\/#website","url":"https:\/\/jumeaux91.fr\/blog\/","name":"JUMEAUX91","description":"Fr\u00e8res jumeaux de l&#039;Essonnes; informations et archives, \u00e0 savoir et retenir.","publisher":{"@id":"https:\/\/jumeaux91.fr\/blog\/#organization"},"potentialAction":[{"@type":"SearchAction","target":{"@type":"EntryPoint","urlTemplate":"https:\/\/jumeaux91.fr\/blog\/?s={search_term_string}"},"query-input":{"@type":"PropertyValueSpecification","valueRequired":true,"valueName":"search_term_string"}}],"inLanguage":"fr-FR"},{"@type":"Organization","@id":"https:\/\/jumeaux91.fr\/blog\/#organization","name":"jumeaux91","url":"https:\/\/jumeaux91.fr\/blog\/","logo":{"@type":"ImageObject","inLanguage":"fr-FR","@id":"https:\/\/jumeaux91.fr\/blog\/#\/schema\/logo\/image\/","url":"https:\/\/jumeaux91.fr\/blog\/wp-content\/uploads\/2023\/05\/cropped-cropped-logoJ_91.png","contentUrl":"https:\/\/jumeaux91.fr\/blog\/wp-content\/uploads\/2023\/05\/cropped-cropped-logoJ_91.png","width":512,"height":512,"caption":"jumeaux91"},"image":{"@id":"https:\/\/jumeaux91.fr\/blog\/#\/schema\/logo\/image\/"}},{"@type":"Person","@id":"https:\/\/jumeaux91.fr\/blog\/#\/schema\/person\/21da06e9f119b9f64e5d45dbbd32d3fb","name":"Claude DAYRES","image":{"@type":"ImageObject","inLanguage":"fr-FR","@id":"https:\/\/secure.gravatar.com\/avatar\/82eb951df6110a2c48d1bfa7a67d1ee6f0cd5df3cbf9c3586dd61e82db7172a5?s=96&d=mm&r=g","url":"https:\/\/secure.gravatar.com\/avatar\/82eb951df6110a2c48d1bfa7a67d1ee6f0cd5df3cbf9c3586dd61e82db7172a5?s=96&d=mm&r=g","contentUrl":"https:\/\/secure.gravatar.com\/avatar\/82eb951df6110a2c48d1bfa7a67d1ee6f0cd5df3cbf9c3586dd61e82db7172a5?s=96&d=mm&r=g","caption":"Claude DAYRES"},"url":"https:\/\/jumeaux91.fr\/blog\/author\/x91claude\/"}]}},"_links":{"self":[{"href":"https:\/\/jumeaux91.fr\/blog\/wp-json\/wp\/v2\/posts\/1737","targetHints":{"allow":["GET"]}}],"collection":[{"href":"https:\/\/jumeaux91.fr\/blog\/wp-json\/wp\/v2\/posts"}],"about":[{"href":"https:\/\/jumeaux91.fr\/blog\/wp-json\/wp\/v2\/types\/post"}],"author":[{"embeddable":true,"href":"https:\/\/jumeaux91.fr\/blog\/wp-json\/wp\/v2\/users\/2"}],"replies":[{"embeddable":true,"href":"https:\/\/jumeaux91.fr\/blog\/wp-json\/wp\/v2\/comments?post=1737"}],"version-history":[{"count":0,"href":"https:\/\/jumeaux91.fr\/blog\/wp-json\/wp\/v2\/posts\/1737\/revisions"}],"wp:featuredmedia":[{"embeddable":true,"href":"https:\/\/jumeaux91.fr\/blog\/wp-json\/wp\/v2\/media\/1738"}],"wp:attachment":[{"href":"https:\/\/jumeaux91.fr\/blog\/wp-json\/wp\/v2\/media?parent=1737"}],"wp:term":[{"taxonomy":"category","embeddable":true,"href":"https:\/\/jumeaux91.fr\/blog\/wp-json\/wp\/v2\/categories?post=1737"},{"taxonomy":"post_tag","embeddable":true,"href":"https:\/\/jumeaux91.fr\/blog\/wp-json\/wp\/v2\/tags?post=1737"}],"curies":[{"name":"wp","href":"https:\/\/api.w.org\/{rel}","templated":true}]}}