{"id":1741,"date":"2000-12-31T18:00:00","date_gmt":"2000-12-31T16:00:00","guid":{"rendered":"https:\/\/jumeaux91.fr\/blog\/zimmersheim-les-jumeaux-anstett-retenus-pour-les-mondiaux-de-la-patisserie-en-2026-en-italie\/"},"modified":"2000-12-31T18:00:00","modified_gmt":"2000-12-31T16:00:00","slug":"zimmersheim-les-jumeaux-anstett-retenus-pour-les-mondiaux-de-la-patisserie-en-2026-en-italie","status":"publish","type":"post","link":"https:\/\/jumeaux91.fr\/blog\/zimmersheim-les-jumeaux-anstett-retenus-pour-les-mondiaux-de-la-patisserie-en-2026-en-italie\/","title":{"rendered":"Zimmersheim Les jumeaux Anstett retenus pour les mondiaux de la p\u00e2tisserie en 2026 en Italie"},"content":{"rendered":"<div><img decoding=\"async\" src=\"https:\/\/jumeaux91.fr\/blog\/wp-content\/uploads\/2025\/10\/zimmersheim-les-jumeaux-anstett-retenus-pour-les-mondiaux-de-la-patisserie-en-2026-en-italie.jpg\" class=\"ff-og-image-inserted\"><\/div>\n<div>\n<p>Les fr\u00e8res jumeaux Samuel et Mathis Anstett ont, \u00e0 22 ans, un parcours hors-norme dans le milieu de la p\u00e2tisserie. Ils \u00e9taient notamment, en 2022, \u00e0 19 ans, les benjamins finalistes de l\u2019\u00e9mission de t\u00e9l\u00e9vision de M6 \u00ab&nbsp;Le meilleur p\u00e2tissier&nbsp;\u00bb. Ils viennent d\u2019\u00eatre d\u00e9sign\u00e9s par la profession pour repr\u00e9senter la France aux championnats du monde de p\u00e2tisserie qui se d\u00e9rouleront \u00e0 Rimini, en Italie, du 16 au 20&nbsp;janvier 2026.<\/p>\n<p>Cette app\u00e9tence pour la p\u00e2tisserie a \u00e9merg\u00e9 d\u00e8s leur plus jeune \u00e2ge. \u00ab&nbsp;Lorsqu\u2019ils avaient cinq ans et que je voulais confectionner une tarte, ils disaient \u201cLaisse-nous faire maman\u201d et ils r\u00e9ussissaient des d\u00e9lices&nbsp;\u00bb, raconte Myriam Anstett.<\/p>\n<\/div>\n<div>\n<h2 class=\"rel\">Form\u00e9s dans de grandes maisons<\/h2>\n<p>Cette envie de r\u00e9aliser des d\u00e9lices sucr\u00e9s ne s\u2019est jamais estomp\u00e9e. Les six membres de la famille Anstett ont continu\u00e9 \u00e0 se l\u00e9cher les babines \u00e0 chaque occasion gr\u00e2ce au talent des jumeaux. Dou\u00e9s dans leurs \u00e9tudes, Samuel et Mathis ont choisi la voie de l\u2019apprentissage d\u00e8s leur sortie du coll\u00e8ge. Ils fr\u00e9quentent de grandes maisons haut-rhinoises, <a href=\"https:\/\/www.lalsace.fr\/edition-colmar-guebwiller\/2020\/02\/09\/helfter-change-de-look\" target=\"_blank\" rel=\"nofollow\">Helfter \u00e0 Guebwiller<\/a> et <a href=\"https:\/\/www.lalsace.fr\/economie\/2022\/08\/20\/la-patisserie-chocolaterie-cabosse-arrive-a-rixheim\" target=\"_blank\" rel=\"nofollow\">Bastien Dangelser \u00e0 Mulhouse,<\/a> puis rejoignent l\u2019\u00e9cole Ferrandi \u00e0 Paris, reconnue pour former l\u2019\u00e9lite de la gastronomie. Des stages dans des palaces comme l\u2019h\u00f4tel Lutetia ou le Mandarin oriental les poussent \u00e0 fr\u00f4ler la perfection. Puis ce sera la maison Len\u00f4tre, valeur s\u00fbre synonyme de qualit\u00e9 qui les fera monter d\u2019un cran tant en p\u00e2tisserie qu\u2019en chocolaterie.<\/p>\n<\/div>\n<div>\n<h2 class=\"rel\">Samuel et Mathis&nbsp;: \u00ab&nbsp;On y va pour gagner&nbsp;\u00bb<\/h2>\n<p>\u00ab&nbsp;Cette cha\u00eene de formateurs nous a permis d\u2019\u00eatre d\u00e9sign\u00e9s pour \u00eatre les deux seuls repr\u00e9sentants de la France aux mondiaux de Rimini dans les cat\u00e9gories chocolat et sucre et on y va pour gagner&nbsp;\u00bb, affirment ces <a href=\"https:\/\/www.lalsace.fr\/magazine-cuisine-et-vins\/2022\/06\/22\/des-jumeaux-alsaciens-dans-le-meilleur-patissier\" target=\"_blank\" rel=\"nofollow\">travailleurs acharn\u00e9s<\/a>. Des concurrents de 18 pays se jaugeront lors de cette \u00e9preuve. Il faudra cr\u00e9er des p\u00e2tisseries mais aussi d\u00e9guster et commenter des viennoiseries et des g\u00e2teaux devant un jury d\u2019expert, cr\u00e8me de la cr\u00e8me de la p\u00e2tisserie.<\/p>\n<p>Actuellement, Samuel et Mathis Anstett passent des heures dans le laboratoire de la maison Len\u00f4tre avec l\u2019aide d\u2019Alexis Beaufils, champion du monde de l\u2019art sucr\u00e9 qui les accompagnera jusqu\u2019\u00e0 la finale. \u00ab&nbsp;Si nous l\u2019emportons, nous avons en projet d\u2019ouvrir notre propre \u00e9tablissement \u00e0 Paris&nbsp;\u00bb, promettent les fr\u00e8res jumeaux. Avec un tel enthousiasme, tous les r\u00eaves sont permis.<\/p>\n<\/div>\n<p>La chronique se veut g\u00e9n\u00e9r\u00e9e de la fa\u00e7on la plus claire que possible. Dans le cas o\u00f9 vous souhaitez pr\u00e9senter des renseignements compl\u00e9mentaires \u00e0 cet article sur le sujet \u00ab\u00a0Fr\u00e8res jumeaux de l&rsquo;Essonnes\u00a0\u00bb il vous est possible d\u2019\u00e9crire aux contacts indiqu\u00e9s sur notre website. La raison d\u2019\u00eatre de jumeaux91.fr \u00e9tant de rassembler sur le web des posts sur le sujet de Fr\u00e8res jumeaux de l&rsquo;Essonnes puis les diffuser en r\u00e9pondant au mieux aux interrogations des gens. Vous pouvez tirer profit de cet article traitant le sujet \u00ab\u00a0Fr\u00e8res jumeaux de l&rsquo;Essonnes\u00a0\u00bb. Il est concoct\u00e9 par l\u2019\u00e9quipe jumeaux91.fr. Prochainement, nous rendrons accessibles au public d&rsquo;autres informations pertinentes sur le sujet \u00ab\u00a0Fr\u00e8res jumeaux de l&rsquo;Essonnes\u00a0\u00bb. Alors, consultez syst\u00e9matiquement notre blog.<\/p>\n","protected":false},"excerpt":{"rendered":"<p>Les fr\u00e8res jumeaux Samuel et Mathis Anstett ont, \u00e0 22 ans, un parcours hors-norme dans le milieu de la p\u00e2tisserie. Ils \u00e9taient notamment, en 2022, \u00e0 19 ans, les benjamins finalistes de l\u2019\u00e9mission de t\u00e9l\u00e9vision de M6 \u00ab&nbsp;Le meilleur p\u00e2tissier&nbsp;\u00bb. Ils viennent d\u2019\u00eatre d\u00e9sign\u00e9s par la profession pour repr\u00e9senter la France aux championnats du monde&hellip; <a class=\"more-link\" href=\"https:\/\/jumeaux91.fr\/blog\/zimmersheim-les-jumeaux-anstett-retenus-pour-les-mondiaux-de-la-patisserie-en-2026-en-italie\/\">Poursuivre la lecture <span class=\"screen-reader-text\">Zimmersheim Les jumeaux Anstett retenus pour les mondiaux de la p\u00e2tisserie en 2026 en Italie<\/span><\/a><\/p>\n","protected":false},"author":2,"featured_media":1742,"comment_status":"closed","ping_status":"closed","sticky":false,"template":"","format":"standard","meta":{"footnotes":""},"categories":[4],"tags":[],"class_list":["post-1741","post","type-post","status-publish","format-standard","has-post-thumbnail","hentry","category-posts-freres-jumeaux-de-lessonnes","entry"],"yoast_head":"<!-- This site is optimized with the Yoast SEO plugin v27.5 - https:\/\/yoast.com\/product\/yoast-seo-wordpress\/ -->\n<title>Zimmersheim Les jumeaux Anstett retenus pour les mondiaux de la p\u00e2tisserie en 2026 en Italie - JUMEAUX91<\/title>\n<meta name=\"robots\" content=\"index, follow, max-snippet:-1, max-image-preview:large, max-video-preview:-1\" \/>\n<link rel=\"canonical\" href=\"https:\/\/jumeaux91.fr\/blog\/zimmersheim-les-jumeaux-anstett-retenus-pour-les-mondiaux-de-la-patisserie-en-2026-en-italie\/\" \/>\n<meta property=\"og:locale\" content=\"fr_FR\" \/>\n<meta property=\"og:type\" content=\"article\" \/>\n<meta property=\"og:title\" content=\"Zimmersheim Les jumeaux Anstett retenus pour les mondiaux de la p\u00e2tisserie en 2026 en Italie - JUMEAUX91\" \/>\n<meta property=\"og:description\" content=\"Les fr\u00e8res jumeaux Samuel et Mathis Anstett ont, \u00e0 22 ans, un parcours hors-norme dans le milieu de la p\u00e2tisserie. Ils \u00e9taient notamment, en 2022, \u00e0 19 ans, les benjamins finalistes de l\u2019\u00e9mission de t\u00e9l\u00e9vision de M6 \u00ab&nbsp;Le meilleur p\u00e2tissier&nbsp;\u00bb. Ils viennent d\u2019\u00eatre d\u00e9sign\u00e9s par la profession pour repr\u00e9senter la France aux championnats du monde&hellip; Poursuivre la lecture Zimmersheim Les jumeaux Anstett retenus pour les mondiaux de la p\u00e2tisserie en 2026 en Italie\" \/>\n<meta property=\"og:url\" content=\"https:\/\/jumeaux91.fr\/blog\/zimmersheim-les-jumeaux-anstett-retenus-pour-les-mondiaux-de-la-patisserie-en-2026-en-italie\/\" \/>\n<meta property=\"og:site_name\" content=\"JUMEAUX91\" \/>\n<meta property=\"article:published_time\" content=\"2000-12-31T16:00:00+00:00\" \/>\n<meta property=\"og:image\" content=\"https:\/\/jumeaux91.fr\/blog\/wp-content\/uploads\/2025\/10\/zimmersheim-les-jumeaux-anstett-retenus-pour-les-mondiaux-de-la-patisserie-en-2026-en-italie.jpg\" \/>\n<meta name=\"author\" content=\"Claude DAYRES\" \/>\n<meta name=\"twitter:card\" content=\"summary_large_image\" \/>\n<meta name=\"twitter:label1\" content=\"\u00c9crit par\" \/>\n\t<meta name=\"twitter:data1\" content=\"Claude DAYRES\" \/>\n\t<meta name=\"twitter:label2\" content=\"Dur\u00e9e de lecture estim\u00e9e\" \/>\n\t<meta name=\"twitter:data2\" content=\"3 minutes\" \/>\n<script type=\"application\/ld+json\" class=\"yoast-schema-graph\">{\"@context\":\"https:\\\/\\\/schema.org\",\"@graph\":[{\"@type\":\"Article\",\"@id\":\"https:\\\/\\\/jumeaux91.fr\\\/blog\\\/zimmersheim-les-jumeaux-anstett-retenus-pour-les-mondiaux-de-la-patisserie-en-2026-en-italie\\\/#article\",\"isPartOf\":{\"@id\":\"https:\\\/\\\/jumeaux91.fr\\\/blog\\\/zimmersheim-les-jumeaux-anstett-retenus-pour-les-mondiaux-de-la-patisserie-en-2026-en-italie\\\/\"},\"author\":{\"name\":\"Claude DAYRES\",\"@id\":\"https:\\\/\\\/jumeaux91.fr\\\/blog\\\/#\\\/schema\\\/person\\\/21da06e9f119b9f64e5d45dbbd32d3fb\"},\"headline\":\"Zimmersheim Les jumeaux Anstett retenus pour les mondiaux de la p\u00e2tisserie en 2026 en Italie\",\"datePublished\":\"2000-12-31T16:00:00+00:00\",\"mainEntityOfPage\":{\"@id\":\"https:\\\/\\\/jumeaux91.fr\\\/blog\\\/zimmersheim-les-jumeaux-anstett-retenus-pour-les-mondiaux-de-la-patisserie-en-2026-en-italie\\\/\"},\"wordCount\":582,\"publisher\":{\"@id\":\"https:\\\/\\\/jumeaux91.fr\\\/blog\\\/#organization\"},\"image\":{\"@id\":\"https:\\\/\\\/jumeaux91.fr\\\/blog\\\/zimmersheim-les-jumeaux-anstett-retenus-pour-les-mondiaux-de-la-patisserie-en-2026-en-italie\\\/#primaryimage\"},\"thumbnailUrl\":\"https:\\\/\\\/jumeaux91.fr\\\/blog\\\/wp-content\\\/uploads\\\/2025\\\/10\\\/zimmersheim-les-jumeaux-anstett-retenus-pour-les-mondiaux-de-la-patisserie-en-2026-en-italie.jpg\",\"articleSection\":[\"Posts Fr\u00e8res Jumeaux De L'Essonnes:\"],\"inLanguage\":\"fr-FR\"},{\"@type\":\"WebPage\",\"@id\":\"https:\\\/\\\/jumeaux91.fr\\\/blog\\\/zimmersheim-les-jumeaux-anstett-retenus-pour-les-mondiaux-de-la-patisserie-en-2026-en-italie\\\/\",\"url\":\"https:\\\/\\\/jumeaux91.fr\\\/blog\\\/zimmersheim-les-jumeaux-anstett-retenus-pour-les-mondiaux-de-la-patisserie-en-2026-en-italie\\\/\",\"name\":\"Zimmersheim Les jumeaux Anstett retenus pour les mondiaux de la p\u00e2tisserie en 2026 en Italie - JUMEAUX91\",\"isPartOf\":{\"@id\":\"https:\\\/\\\/jumeaux91.fr\\\/blog\\\/#website\"},\"primaryImageOfPage\":{\"@id\":\"https:\\\/\\\/jumeaux91.fr\\\/blog\\\/zimmersheim-les-jumeaux-anstett-retenus-pour-les-mondiaux-de-la-patisserie-en-2026-en-italie\\\/#primaryimage\"},\"image\":{\"@id\":\"https:\\\/\\\/jumeaux91.fr\\\/blog\\\/zimmersheim-les-jumeaux-anstett-retenus-pour-les-mondiaux-de-la-patisserie-en-2026-en-italie\\\/#primaryimage\"},\"thumbnailUrl\":\"https:\\\/\\\/jumeaux91.fr\\\/blog\\\/wp-content\\\/uploads\\\/2025\\\/10\\\/zimmersheim-les-jumeaux-anstett-retenus-pour-les-mondiaux-de-la-patisserie-en-2026-en-italie.jpg\",\"datePublished\":\"2000-12-31T16:00:00+00:00\",\"breadcrumb\":{\"@id\":\"https:\\\/\\\/jumeaux91.fr\\\/blog\\\/zimmersheim-les-jumeaux-anstett-retenus-pour-les-mondiaux-de-la-patisserie-en-2026-en-italie\\\/#breadcrumb\"},\"inLanguage\":\"fr-FR\",\"potentialAction\":[{\"@type\":\"ReadAction\",\"target\":[\"https:\\\/\\\/jumeaux91.fr\\\/blog\\\/zimmersheim-les-jumeaux-anstett-retenus-pour-les-mondiaux-de-la-patisserie-en-2026-en-italie\\\/\"]}]},{\"@type\":\"ImageObject\",\"inLanguage\":\"fr-FR\",\"@id\":\"https:\\\/\\\/jumeaux91.fr\\\/blog\\\/zimmersheim-les-jumeaux-anstett-retenus-pour-les-mondiaux-de-la-patisserie-en-2026-en-italie\\\/#primaryimage\",\"url\":\"https:\\\/\\\/jumeaux91.fr\\\/blog\\\/wp-content\\\/uploads\\\/2025\\\/10\\\/zimmersheim-les-jumeaux-anstett-retenus-pour-les-mondiaux-de-la-patisserie-en-2026-en-italie.jpg\",\"contentUrl\":\"https:\\\/\\\/jumeaux91.fr\\\/blog\\\/wp-content\\\/uploads\\\/2025\\\/10\\\/zimmersheim-les-jumeaux-anstett-retenus-pour-les-mondiaux-de-la-patisserie-en-2026-en-italie.jpg\",\"width\":1200,\"height\":630,\"caption\":\"Zimmersheim Les jumeaux Anstett retenus pour les mondiaux de la p\u00e2tisserie en 2026 en Italie\"},{\"@type\":\"BreadcrumbList\",\"@id\":\"https:\\\/\\\/jumeaux91.fr\\\/blog\\\/zimmersheim-les-jumeaux-anstett-retenus-pour-les-mondiaux-de-la-patisserie-en-2026-en-italie\\\/#breadcrumb\",\"itemListElement\":[{\"@type\":\"ListItem\",\"position\":1,\"name\":\"Accueil\",\"item\":\"https:\\\/\\\/jumeaux91.fr\\\/blog\\\/\"},{\"@type\":\"ListItem\",\"position\":2,\"name\":\"Zimmersheim Les jumeaux Anstett retenus pour les mondiaux de la p\u00e2tisserie en 2026 en Italie\"}]},{\"@type\":\"WebSite\",\"@id\":\"https:\\\/\\\/jumeaux91.fr\\\/blog\\\/#website\",\"url\":\"https:\\\/\\\/jumeaux91.fr\\\/blog\\\/\",\"name\":\"JUMEAUX91\",\"description\":\"Fr\u00e8res jumeaux de l&#039;Essonnes; informations et archives, \u00e0 savoir et retenir.\",\"publisher\":{\"@id\":\"https:\\\/\\\/jumeaux91.fr\\\/blog\\\/#organization\"},\"potentialAction\":[{\"@type\":\"SearchAction\",\"target\":{\"@type\":\"EntryPoint\",\"urlTemplate\":\"https:\\\/\\\/jumeaux91.fr\\\/blog\\\/?s={search_term_string}\"},\"query-input\":{\"@type\":\"PropertyValueSpecification\",\"valueRequired\":true,\"valueName\":\"search_term_string\"}}],\"inLanguage\":\"fr-FR\"},{\"@type\":\"Organization\",\"@id\":\"https:\\\/\\\/jumeaux91.fr\\\/blog\\\/#organization\",\"name\":\"jumeaux91\",\"url\":\"https:\\\/\\\/jumeaux91.fr\\\/blog\\\/\",\"logo\":{\"@type\":\"ImageObject\",\"inLanguage\":\"fr-FR\",\"@id\":\"https:\\\/\\\/jumeaux91.fr\\\/blog\\\/#\\\/schema\\\/logo\\\/image\\\/\",\"url\":\"https:\\\/\\\/jumeaux91.fr\\\/blog\\\/wp-content\\\/uploads\\\/2023\\\/05\\\/cropped-cropped-logoJ_91.png\",\"contentUrl\":\"https:\\\/\\\/jumeaux91.fr\\\/blog\\\/wp-content\\\/uploads\\\/2023\\\/05\\\/cropped-cropped-logoJ_91.png\",\"width\":512,\"height\":512,\"caption\":\"jumeaux91\"},\"image\":{\"@id\":\"https:\\\/\\\/jumeaux91.fr\\\/blog\\\/#\\\/schema\\\/logo\\\/image\\\/\"}},{\"@type\":\"Person\",\"@id\":\"https:\\\/\\\/jumeaux91.fr\\\/blog\\\/#\\\/schema\\\/person\\\/21da06e9f119b9f64e5d45dbbd32d3fb\",\"name\":\"Claude DAYRES\",\"image\":{\"@type\":\"ImageObject\",\"inLanguage\":\"fr-FR\",\"@id\":\"https:\\\/\\\/secure.gravatar.com\\\/avatar\\\/82eb951df6110a2c48d1bfa7a67d1ee6f0cd5df3cbf9c3586dd61e82db7172a5?s=96&d=mm&r=g\",\"url\":\"https:\\\/\\\/secure.gravatar.com\\\/avatar\\\/82eb951df6110a2c48d1bfa7a67d1ee6f0cd5df3cbf9c3586dd61e82db7172a5?s=96&d=mm&r=g\",\"contentUrl\":\"https:\\\/\\\/secure.gravatar.com\\\/avatar\\\/82eb951df6110a2c48d1bfa7a67d1ee6f0cd5df3cbf9c3586dd61e82db7172a5?s=96&d=mm&r=g\",\"caption\":\"Claude DAYRES\"},\"url\":\"https:\\\/\\\/jumeaux91.fr\\\/blog\\\/author\\\/x91claude\\\/\"}]}<\/script>\n<!-- \/ Yoast SEO plugin. -->","yoast_head_json":{"title":"Zimmersheim Les jumeaux Anstett retenus pour les mondiaux de la p\u00e2tisserie en 2026 en Italie - JUMEAUX91","robots":{"index":"index","follow":"follow","max-snippet":"max-snippet:-1","max-image-preview":"max-image-preview:large","max-video-preview":"max-video-preview:-1"},"canonical":"https:\/\/jumeaux91.fr\/blog\/zimmersheim-les-jumeaux-anstett-retenus-pour-les-mondiaux-de-la-patisserie-en-2026-en-italie\/","og_locale":"fr_FR","og_type":"article","og_title":"Zimmersheim Les jumeaux Anstett retenus pour les mondiaux de la p\u00e2tisserie en 2026 en Italie - JUMEAUX91","og_description":"Les fr\u00e8res jumeaux Samuel et Mathis Anstett ont, \u00e0 22 ans, un parcours hors-norme dans le milieu de la p\u00e2tisserie. Ils \u00e9taient notamment, en 2022, \u00e0 19 ans, les benjamins finalistes de l\u2019\u00e9mission de t\u00e9l\u00e9vision de M6 \u00ab&nbsp;Le meilleur p\u00e2tissier&nbsp;\u00bb. Ils viennent d\u2019\u00eatre d\u00e9sign\u00e9s par la profession pour repr\u00e9senter la France aux championnats du monde&hellip; Poursuivre la lecture Zimmersheim Les jumeaux Anstett retenus pour les mondiaux de la p\u00e2tisserie en 2026 en Italie","og_url":"https:\/\/jumeaux91.fr\/blog\/zimmersheim-les-jumeaux-anstett-retenus-pour-les-mondiaux-de-la-patisserie-en-2026-en-italie\/","og_site_name":"JUMEAUX91","article_published_time":"2000-12-31T16:00:00+00:00","og_image":[{"url":"https:\/\/jumeaux91.fr\/blog\/wp-content\/uploads\/2025\/10\/zimmersheim-les-jumeaux-anstett-retenus-pour-les-mondiaux-de-la-patisserie-en-2026-en-italie.jpg","type":"","width":"","height":""}],"author":"Claude DAYRES","twitter_card":"summary_large_image","twitter_misc":{"\u00c9crit par":"Claude DAYRES","Dur\u00e9e de lecture estim\u00e9e":"3 minutes"},"schema":{"@context":"https:\/\/schema.org","@graph":[{"@type":"Article","@id":"https:\/\/jumeaux91.fr\/blog\/zimmersheim-les-jumeaux-anstett-retenus-pour-les-mondiaux-de-la-patisserie-en-2026-en-italie\/#article","isPartOf":{"@id":"https:\/\/jumeaux91.fr\/blog\/zimmersheim-les-jumeaux-anstett-retenus-pour-les-mondiaux-de-la-patisserie-en-2026-en-italie\/"},"author":{"name":"Claude DAYRES","@id":"https:\/\/jumeaux91.fr\/blog\/#\/schema\/person\/21da06e9f119b9f64e5d45dbbd32d3fb"},"headline":"Zimmersheim Les jumeaux Anstett retenus pour les mondiaux de la p\u00e2tisserie en 2026 en Italie","datePublished":"2000-12-31T16:00:00+00:00","mainEntityOfPage":{"@id":"https:\/\/jumeaux91.fr\/blog\/zimmersheim-les-jumeaux-anstett-retenus-pour-les-mondiaux-de-la-patisserie-en-2026-en-italie\/"},"wordCount":582,"publisher":{"@id":"https:\/\/jumeaux91.fr\/blog\/#organization"},"image":{"@id":"https:\/\/jumeaux91.fr\/blog\/zimmersheim-les-jumeaux-anstett-retenus-pour-les-mondiaux-de-la-patisserie-en-2026-en-italie\/#primaryimage"},"thumbnailUrl":"https:\/\/jumeaux91.fr\/blog\/wp-content\/uploads\/2025\/10\/zimmersheim-les-jumeaux-anstett-retenus-pour-les-mondiaux-de-la-patisserie-en-2026-en-italie.jpg","articleSection":["Posts Fr\u00e8res Jumeaux De L'Essonnes:"],"inLanguage":"fr-FR"},{"@type":"WebPage","@id":"https:\/\/jumeaux91.fr\/blog\/zimmersheim-les-jumeaux-anstett-retenus-pour-les-mondiaux-de-la-patisserie-en-2026-en-italie\/","url":"https:\/\/jumeaux91.fr\/blog\/zimmersheim-les-jumeaux-anstett-retenus-pour-les-mondiaux-de-la-patisserie-en-2026-en-italie\/","name":"Zimmersheim Les jumeaux Anstett retenus pour les mondiaux de la p\u00e2tisserie en 2026 en Italie - JUMEAUX91","isPartOf":{"@id":"https:\/\/jumeaux91.fr\/blog\/#website"},"primaryImageOfPage":{"@id":"https:\/\/jumeaux91.fr\/blog\/zimmersheim-les-jumeaux-anstett-retenus-pour-les-mondiaux-de-la-patisserie-en-2026-en-italie\/#primaryimage"},"image":{"@id":"https:\/\/jumeaux91.fr\/blog\/zimmersheim-les-jumeaux-anstett-retenus-pour-les-mondiaux-de-la-patisserie-en-2026-en-italie\/#primaryimage"},"thumbnailUrl":"https:\/\/jumeaux91.fr\/blog\/wp-content\/uploads\/2025\/10\/zimmersheim-les-jumeaux-anstett-retenus-pour-les-mondiaux-de-la-patisserie-en-2026-en-italie.jpg","datePublished":"2000-12-31T16:00:00+00:00","breadcrumb":{"@id":"https:\/\/jumeaux91.fr\/blog\/zimmersheim-les-jumeaux-anstett-retenus-pour-les-mondiaux-de-la-patisserie-en-2026-en-italie\/#breadcrumb"},"inLanguage":"fr-FR","potentialAction":[{"@type":"ReadAction","target":["https:\/\/jumeaux91.fr\/blog\/zimmersheim-les-jumeaux-anstett-retenus-pour-les-mondiaux-de-la-patisserie-en-2026-en-italie\/"]}]},{"@type":"ImageObject","inLanguage":"fr-FR","@id":"https:\/\/jumeaux91.fr\/blog\/zimmersheim-les-jumeaux-anstett-retenus-pour-les-mondiaux-de-la-patisserie-en-2026-en-italie\/#primaryimage","url":"https:\/\/jumeaux91.fr\/blog\/wp-content\/uploads\/2025\/10\/zimmersheim-les-jumeaux-anstett-retenus-pour-les-mondiaux-de-la-patisserie-en-2026-en-italie.jpg","contentUrl":"https:\/\/jumeaux91.fr\/blog\/wp-content\/uploads\/2025\/10\/zimmersheim-les-jumeaux-anstett-retenus-pour-les-mondiaux-de-la-patisserie-en-2026-en-italie.jpg","width":1200,"height":630,"caption":"Zimmersheim Les jumeaux Anstett retenus pour les mondiaux de la p\u00e2tisserie en 2026 en Italie"},{"@type":"BreadcrumbList","@id":"https:\/\/jumeaux91.fr\/blog\/zimmersheim-les-jumeaux-anstett-retenus-pour-les-mondiaux-de-la-patisserie-en-2026-en-italie\/#breadcrumb","itemListElement":[{"@type":"ListItem","position":1,"name":"Accueil","item":"https:\/\/jumeaux91.fr\/blog\/"},{"@type":"ListItem","position":2,"name":"Zimmersheim Les jumeaux Anstett retenus pour les mondiaux de la p\u00e2tisserie en 2026 en Italie"}]},{"@type":"WebSite","@id":"https:\/\/jumeaux91.fr\/blog\/#website","url":"https:\/\/jumeaux91.fr\/blog\/","name":"JUMEAUX91","description":"Fr\u00e8res jumeaux de l&#039;Essonnes; informations et archives, \u00e0 savoir et retenir.","publisher":{"@id":"https:\/\/jumeaux91.fr\/blog\/#organization"},"potentialAction":[{"@type":"SearchAction","target":{"@type":"EntryPoint","urlTemplate":"https:\/\/jumeaux91.fr\/blog\/?s={search_term_string}"},"query-input":{"@type":"PropertyValueSpecification","valueRequired":true,"valueName":"search_term_string"}}],"inLanguage":"fr-FR"},{"@type":"Organization","@id":"https:\/\/jumeaux91.fr\/blog\/#organization","name":"jumeaux91","url":"https:\/\/jumeaux91.fr\/blog\/","logo":{"@type":"ImageObject","inLanguage":"fr-FR","@id":"https:\/\/jumeaux91.fr\/blog\/#\/schema\/logo\/image\/","url":"https:\/\/jumeaux91.fr\/blog\/wp-content\/uploads\/2023\/05\/cropped-cropped-logoJ_91.png","contentUrl":"https:\/\/jumeaux91.fr\/blog\/wp-content\/uploads\/2023\/05\/cropped-cropped-logoJ_91.png","width":512,"height":512,"caption":"jumeaux91"},"image":{"@id":"https:\/\/jumeaux91.fr\/blog\/#\/schema\/logo\/image\/"}},{"@type":"Person","@id":"https:\/\/jumeaux91.fr\/blog\/#\/schema\/person\/21da06e9f119b9f64e5d45dbbd32d3fb","name":"Claude DAYRES","image":{"@type":"ImageObject","inLanguage":"fr-FR","@id":"https:\/\/secure.gravatar.com\/avatar\/82eb951df6110a2c48d1bfa7a67d1ee6f0cd5df3cbf9c3586dd61e82db7172a5?s=96&d=mm&r=g","url":"https:\/\/secure.gravatar.com\/avatar\/82eb951df6110a2c48d1bfa7a67d1ee6f0cd5df3cbf9c3586dd61e82db7172a5?s=96&d=mm&r=g","contentUrl":"https:\/\/secure.gravatar.com\/avatar\/82eb951df6110a2c48d1bfa7a67d1ee6f0cd5df3cbf9c3586dd61e82db7172a5?s=96&d=mm&r=g","caption":"Claude DAYRES"},"url":"https:\/\/jumeaux91.fr\/blog\/author\/x91claude\/"}]}},"_links":{"self":[{"href":"https:\/\/jumeaux91.fr\/blog\/wp-json\/wp\/v2\/posts\/1741","targetHints":{"allow":["GET"]}}],"collection":[{"href":"https:\/\/jumeaux91.fr\/blog\/wp-json\/wp\/v2\/posts"}],"about":[{"href":"https:\/\/jumeaux91.fr\/blog\/wp-json\/wp\/v2\/types\/post"}],"author":[{"embeddable":true,"href":"https:\/\/jumeaux91.fr\/blog\/wp-json\/wp\/v2\/users\/2"}],"replies":[{"embeddable":true,"href":"https:\/\/jumeaux91.fr\/blog\/wp-json\/wp\/v2\/comments?post=1741"}],"version-history":[{"count":0,"href":"https:\/\/jumeaux91.fr\/blog\/wp-json\/wp\/v2\/posts\/1741\/revisions"}],"wp:featuredmedia":[{"embeddable":true,"href":"https:\/\/jumeaux91.fr\/blog\/wp-json\/wp\/v2\/media\/1742"}],"wp:attachment":[{"href":"https:\/\/jumeaux91.fr\/blog\/wp-json\/wp\/v2\/media?parent=1741"}],"wp:term":[{"taxonomy":"category","embeddable":true,"href":"https:\/\/jumeaux91.fr\/blog\/wp-json\/wp\/v2\/categories?post=1741"},{"taxonomy":"post_tag","embeddable":true,"href":"https:\/\/jumeaux91.fr\/blog\/wp-json\/wp\/v2\/tags?post=1741"}],"curies":[{"name":"wp","href":"https:\/\/api.w.org\/{rel}","templated":true}]}}