{"id":1748,"date":"2025-10-09T03:28:00","date_gmt":"2025-10-09T01:28:00","guid":{"rendered":"https:\/\/jumeaux91.fr\/blog\/cote-divoire-aip-lancement-de-la-distribution-de-5000-kits-scolaires-offerts-par-le-mouvement-agir-pour-divo\/"},"modified":"2025-10-09T03:28:00","modified_gmt":"2025-10-09T01:28:00","slug":"cote-divoire-aip-lancement-de-la-distribution-de-5000-kits-scolaires-offerts-par-le-mouvement-agir-pour-divo","status":"publish","type":"post","link":"https:\/\/jumeaux91.fr\/blog\/cote-divoire-aip-lancement-de-la-distribution-de-5000-kits-scolaires-offerts-par-le-mouvement-agir-pour-divo\/","title":{"rendered":"C\u00f4te d\u2019Ivoire-AIP\/ Lancement de la distribution de 5000 kits scolaires offerts par le mouvement Agir pour Divo"},"content":{"rendered":"<p>Divo, 09 oct 2025 (AIP) \u2013 Le mouvement \u2018\u2019Agir pour Divo\u2019\u2019 dirig\u00e9 par les fr\u00e8res jumeaux, Alahassane et Fousseni Diakit\u00e9, a lanc\u00e9, mercredi 08 octobre 2025, \u00e0 son si\u00e8ge au quartier Dialogue, la distribution de 5000 kits scolaires et prises en charges \u00e0 des \u00e9l\u00e8ves de la commune de Divo, en pr\u00e9sence des repr\u00e9sentants du pr\u00e9fet de r\u00e9gion, de la Direction r\u00e9gionale de l\u2019Education nationale et de l\u2019Alphab\u00e9tisation (DRENA), et de celle de la Protection sociale.<\/p>\n<p>Les objectifs principaux poursuivis \u00e0 travers cette caravane scolaire sont, selon le charg\u00e9 des affaires sociales du mouvement, Diarra Moussa, de soutenir la scolarit\u00e9 des \u00e9l\u00e8ves issus de familles d\u00e9favoris\u00e9es, faciliter l\u2019acc\u00e8s aux outils p\u00e9dagogiques n\u00e9cessaires \u00e0 un apprentissage efficace, renforcer le lien entre le mouvement et la jeunesse, en encourageant l\u2019engagement citoyen d\u00e8s le plus jeune \u00e2ge.<\/p>\n<p>La distribution de kits scolaires est une activit\u00e9 annuelle institu\u00e9e par le mouvement \u2018\u2019Agir pour Divo\u2019\u2019. Elle est organis\u00e9e chaque ann\u00e9e en p\u00e9riode de rentr\u00e9e scolaire au b\u00e9n\u00e9fice d\u2019\u00e9l\u00e8ves issus de familles vuln\u00e9rables. Le lancement de cet \u00e9v\u00e8nement, d\u00e9nomm\u00e9 \u00ab&nbsp;la caravane scolaire&nbsp;\u00bb, a r\u00e9uni des acteurs de l\u2019\u00e9ducation nationale de la ville et de nombreux \u00e9l\u00e8ves et parents d\u2019\u00e9l\u00e8ves.<\/p>\n<p>Pour l\u2019\u00e9dition 2025, le pr\u00e9sident du mouvement \u2018\u2019Agir pour Divo, Alahassane Diakit\u00e9, a annonc\u00e9 la distribution de 5000 kits scolaires, destin\u00e9s aux \u00e9l\u00e8ves de la 6<sup>\u00e8me<\/sup> \u00e0 la terminale, 200 prises en charge scolaires, et 30 tables bancs, soit un co\u00fbt total de 40 millions de F CFA.<\/p>\n<p>Pour le lancement de l\u2019op\u00e9ration de distribution, 300 \u00e9l\u00e8ves ont re\u00e7u leur kit, mercredi. Le reste sera distribu\u00e9 dans les prochains jours \u00e0 des \u00e9l\u00e8ves, dans diff\u00e9rentes zones de la commune de Divo.<\/p>\n<figure id=\"attachment_261369\" aria-describedby=\"caption-attachment-261369\" class=\"wp-caption aligncenter\"><img decoding=\"async\" class=\"wp-image-261369 size-medium lazy\" src=\"https:\/\/jumeaux91.fr\/blog\/wp-content\/uploads\/2025\/10\/cote-divoire-aip-lancement-de-la-distribution-de-5000-kits-scolaires-offerts-par-le-mouvement-agir-pour-divo.jpg\" alt width=\"300\" height=\"200\" data-sizes=\"(max-width: 300px) 100vw, 300px\"><figcaption id=\"caption-attachment-261369\" class=\"wp-caption-text\">Vue partielle des kits scolaires offerts par le mouvement des fr\u00e8res Diakit\u00e9 \u2018Agir pour Divo\u2019<\/figcaption><\/figure>\n<p>\u00ab Nous voulons \u00eatre \u00e0 c\u00f4t\u00e9 de vous pour que jamais la pauvret\u00e9 ne soit un obstacle \u00e0 la r\u00e9ussite \u00bb, a soutenu Alahassane Diakit\u00e9, s\u2019adressant aux parents d\u2019\u00e9l\u00e8ves, avant d\u2019inviter les \u00e9l\u00e8ves b\u00e9n\u00e9ficiaires \u00e0 \u00ab travailler dur, \u00e0 respecter les enseignants, et \u00e0 aimer l\u2019\u00e9cole \u00bb, afin d\u2019assurer leur avenir, ceux de leur famille, de Divo et du pays.<\/p>\n<p>La repr\u00e9sentante du pr\u00e9fet de r\u00e9gion du L\u00f4h-Djiboua et du d\u00e9partement de Divo, Bl\u00e9hon Constance \u00e9pouse Kouakou, les repr\u00e9sentants de la DRENA et de la direction r\u00e9gionale de la Protection sociale, ont salu\u00e9 l\u2019action du mouvement \u2018\u2019Agir pour Divo\u2019\u2019 et remerci\u00e9 leurs responsables.<\/p>\n<p>\u00ab&nbsp;Plus qu\u2019un kit, c\u2019est un acte social de grande port\u00e9e que vous posez, parce que nous sommes conscients des difficult\u00e9s des parents lors des rentr\u00e9es scolaires et \u00e0 travers ces dons vous soulagez un tant soit peu la souffrance de nos parents d\u2019\u00e9l\u00e8ves&nbsp;\u00bb, a d\u00e9clar\u00e9 Mme Kouakou.<\/p>\n<p>Les fr\u00e8res Diakit\u00e9, ressortissants de Divo, sont des industriels dans la fili\u00e8re cacao, ayant des usines de transformation \u00e0 Abidjan et Divo. Avec la \u2018\u2019Fondation Diakit\u00e9 COCOA\u2019\u2019, leur fondation de bienfaisance, et leur mouvement politique local \u2018\u2019Agir pour Divo\u2019\u2019, ils agissent souvent dans le social pour apporter un soutien aux d\u00e9munis de la commune et aider \u00e0 l\u2019emploi des jeunes et des femmes.<\/p>\n<p>(AIP)<\/p>\n<p>jmk\/zaar<\/p>\n<p> La chronique se veut g\u00e9n\u00e9r\u00e9e de la fa\u00e7on la plus claire que possible. Dans le cas o\u00f9 vous souhaitez pr\u00e9senter des renseignements compl\u00e9mentaires \u00e0 cet article sur le sujet \u00ab\u00a0Fr\u00e8res jumeaux de l&rsquo;Essonnes\u00a0\u00bb il vous est possible d\u2019\u00e9crire aux contacts indiqu\u00e9s sur notre website. La raison d\u2019\u00eatre de jumeaux91.fr \u00e9tant de rassembler sur le web des posts sur le sujet de Fr\u00e8res jumeaux de l&rsquo;Essonnes puis les diffuser en r\u00e9pondant au mieux aux interrogations des gens. Vous pouvez tirer profit de cet article traitant le sujet \u00ab\u00a0Fr\u00e8res jumeaux de l&rsquo;Essonnes\u00a0\u00bb. Il est concoct\u00e9 par l\u2019\u00e9quipe jumeaux91.fr. Prochainement, nous rendrons accessibles au public d&rsquo;autres informations pertinentes sur le sujet \u00ab\u00a0Fr\u00e8res jumeaux de l&rsquo;Essonnes\u00a0\u00bb. Alors, consultez syst\u00e9matiquement notre blog.<\/p>\n","protected":false},"excerpt":{"rendered":"<p>Divo, 09 oct 2025 (AIP) \u2013 Le mouvement \u2018\u2019Agir pour Divo\u2019\u2019 dirig\u00e9 par les fr\u00e8res jumeaux, Alahassane et Fousseni Diakit\u00e9, a lanc\u00e9, mercredi 08 octobre 2025, \u00e0 son si\u00e8ge au quartier Dialogue, la distribution de 5000 kits scolaires et prises en charges \u00e0 des \u00e9l\u00e8ves de la commune de Divo, en pr\u00e9sence des repr\u00e9sentants du&hellip; <a class=\"more-link\" href=\"https:\/\/jumeaux91.fr\/blog\/cote-divoire-aip-lancement-de-la-distribution-de-5000-kits-scolaires-offerts-par-le-mouvement-agir-pour-divo\/\">Poursuivre la lecture <span class=\"screen-reader-text\">C\u00f4te d\u2019Ivoire-AIP\/ Lancement de la distribution de 5000 kits scolaires offerts par le mouvement Agir pour Divo<\/span><\/a><\/p>\n","protected":false},"author":2,"featured_media":1749,"comment_status":"closed","ping_status":"closed","sticky":false,"template":"","format":"standard","meta":{"footnotes":""},"categories":[4],"tags":[],"class_list":["post-1748","post","type-post","status-publish","format-standard","has-post-thumbnail","hentry","category-posts-freres-jumeaux-de-lessonnes","entry"],"yoast_head":"<!-- This site is optimized with the Yoast SEO plugin v27.5 - https:\/\/yoast.com\/product\/yoast-seo-wordpress\/ -->\n<title>C\u00f4te d\u2019Ivoire-AIP\/ Lancement de la distribution de 5000 kits scolaires offerts par le mouvement Agir pour Divo - JUMEAUX91<\/title>\n<meta name=\"robots\" content=\"index, follow, max-snippet:-1, max-image-preview:large, max-video-preview:-1\" \/>\n<link rel=\"canonical\" href=\"https:\/\/jumeaux91.fr\/blog\/cote-divoire-aip-lancement-de-la-distribution-de-5000-kits-scolaires-offerts-par-le-mouvement-agir-pour-divo\/\" \/>\n<meta property=\"og:locale\" content=\"fr_FR\" \/>\n<meta property=\"og:type\" content=\"article\" \/>\n<meta property=\"og:title\" content=\"C\u00f4te d\u2019Ivoire-AIP\/ Lancement de la distribution de 5000 kits scolaires offerts par le mouvement Agir pour Divo - JUMEAUX91\" \/>\n<meta property=\"og:description\" content=\"Divo, 09 oct 2025 (AIP) \u2013 Le mouvement \u2018\u2019Agir pour Divo\u2019\u2019 dirig\u00e9 par les fr\u00e8res jumeaux, Alahassane et Fousseni Diakit\u00e9, a lanc\u00e9, mercredi 08 octobre 2025, \u00e0 son si\u00e8ge au quartier Dialogue, la distribution de 5000 kits scolaires et prises en charges \u00e0 des \u00e9l\u00e8ves de la commune de Divo, en pr\u00e9sence des repr\u00e9sentants du&hellip; Poursuivre la lecture C\u00f4te d\u2019Ivoire-AIP\/ Lancement de la distribution de 5000 kits scolaires offerts par le mouvement Agir pour Divo\" \/>\n<meta property=\"og:url\" content=\"https:\/\/jumeaux91.fr\/blog\/cote-divoire-aip-lancement-de-la-distribution-de-5000-kits-scolaires-offerts-par-le-mouvement-agir-pour-divo\/\" \/>\n<meta property=\"og:site_name\" content=\"JUMEAUX91\" \/>\n<meta property=\"article:published_time\" content=\"2025-10-09T01:28:00+00:00\" \/>\n<meta name=\"author\" content=\"Claude DAYRES\" \/>\n<meta name=\"twitter:card\" content=\"summary_large_image\" \/>\n<meta name=\"twitter:label1\" content=\"\u00c9crit par\" \/>\n\t<meta name=\"twitter:data1\" content=\"Claude DAYRES\" \/>\n\t<meta name=\"twitter:label2\" content=\"Dur\u00e9e de lecture estim\u00e9e\" \/>\n\t<meta name=\"twitter:data2\" content=\"3 minutes\" \/>\n<script type=\"application\/ld+json\" class=\"yoast-schema-graph\">{\"@context\":\"https:\\\/\\\/schema.org\",\"@graph\":[{\"@type\":\"Article\",\"@id\":\"https:\\\/\\\/jumeaux91.fr\\\/blog\\\/cote-divoire-aip-lancement-de-la-distribution-de-5000-kits-scolaires-offerts-par-le-mouvement-agir-pour-divo\\\/#article\",\"isPartOf\":{\"@id\":\"https:\\\/\\\/jumeaux91.fr\\\/blog\\\/cote-divoire-aip-lancement-de-la-distribution-de-5000-kits-scolaires-offerts-par-le-mouvement-agir-pour-divo\\\/\"},\"author\":{\"name\":\"Claude DAYRES\",\"@id\":\"https:\\\/\\\/jumeaux91.fr\\\/blog\\\/#\\\/schema\\\/person\\\/21da06e9f119b9f64e5d45dbbd32d3fb\"},\"headline\":\"C\u00f4te d\u2019Ivoire-AIP\\\/ Lancement de la distribution de 5000 kits scolaires offerts par le mouvement Agir pour Divo\",\"datePublished\":\"2025-10-09T01:28:00+00:00\",\"mainEntityOfPage\":{\"@id\":\"https:\\\/\\\/jumeaux91.fr\\\/blog\\\/cote-divoire-aip-lancement-de-la-distribution-de-5000-kits-scolaires-offerts-par-le-mouvement-agir-pour-divo\\\/\"},\"wordCount\":717,\"publisher\":{\"@id\":\"https:\\\/\\\/jumeaux91.fr\\\/blog\\\/#organization\"},\"image\":{\"@id\":\"https:\\\/\\\/jumeaux91.fr\\\/blog\\\/cote-divoire-aip-lancement-de-la-distribution-de-5000-kits-scolaires-offerts-par-le-mouvement-agir-pour-divo\\\/#primaryimage\"},\"thumbnailUrl\":\"https:\\\/\\\/jumeaux91.fr\\\/blog\\\/wp-content\\\/uploads\\\/2025\\\/10\\\/cote-divoire-aip-lancement-de-la-distribution-de-5000-kits-scolaires-offerts-par-le-mouvement-agir-pour-divo.jpg\",\"articleSection\":[\"Posts Fr\u00e8res Jumeaux De L'Essonnes:\"],\"inLanguage\":\"fr-FR\"},{\"@type\":\"WebPage\",\"@id\":\"https:\\\/\\\/jumeaux91.fr\\\/blog\\\/cote-divoire-aip-lancement-de-la-distribution-de-5000-kits-scolaires-offerts-par-le-mouvement-agir-pour-divo\\\/\",\"url\":\"https:\\\/\\\/jumeaux91.fr\\\/blog\\\/cote-divoire-aip-lancement-de-la-distribution-de-5000-kits-scolaires-offerts-par-le-mouvement-agir-pour-divo\\\/\",\"name\":\"C\u00f4te d\u2019Ivoire-AIP\\\/ Lancement de la distribution de 5000 kits scolaires offerts par le mouvement Agir pour Divo - JUMEAUX91\",\"isPartOf\":{\"@id\":\"https:\\\/\\\/jumeaux91.fr\\\/blog\\\/#website\"},\"primaryImageOfPage\":{\"@id\":\"https:\\\/\\\/jumeaux91.fr\\\/blog\\\/cote-divoire-aip-lancement-de-la-distribution-de-5000-kits-scolaires-offerts-par-le-mouvement-agir-pour-divo\\\/#primaryimage\"},\"image\":{\"@id\":\"https:\\\/\\\/jumeaux91.fr\\\/blog\\\/cote-divoire-aip-lancement-de-la-distribution-de-5000-kits-scolaires-offerts-par-le-mouvement-agir-pour-divo\\\/#primaryimage\"},\"thumbnailUrl\":\"https:\\\/\\\/jumeaux91.fr\\\/blog\\\/wp-content\\\/uploads\\\/2025\\\/10\\\/cote-divoire-aip-lancement-de-la-distribution-de-5000-kits-scolaires-offerts-par-le-mouvement-agir-pour-divo.jpg\",\"datePublished\":\"2025-10-09T01:28:00+00:00\",\"breadcrumb\":{\"@id\":\"https:\\\/\\\/jumeaux91.fr\\\/blog\\\/cote-divoire-aip-lancement-de-la-distribution-de-5000-kits-scolaires-offerts-par-le-mouvement-agir-pour-divo\\\/#breadcrumb\"},\"inLanguage\":\"fr-FR\",\"potentialAction\":[{\"@type\":\"ReadAction\",\"target\":[\"https:\\\/\\\/jumeaux91.fr\\\/blog\\\/cote-divoire-aip-lancement-de-la-distribution-de-5000-kits-scolaires-offerts-par-le-mouvement-agir-pour-divo\\\/\"]}]},{\"@type\":\"ImageObject\",\"inLanguage\":\"fr-FR\",\"@id\":\"https:\\\/\\\/jumeaux91.fr\\\/blog\\\/cote-divoire-aip-lancement-de-la-distribution-de-5000-kits-scolaires-offerts-par-le-mouvement-agir-pour-divo\\\/#primaryimage\",\"url\":\"https:\\\/\\\/jumeaux91.fr\\\/blog\\\/wp-content\\\/uploads\\\/2025\\\/10\\\/cote-divoire-aip-lancement-de-la-distribution-de-5000-kits-scolaires-offerts-par-le-mouvement-agir-pour-divo.jpg\",\"contentUrl\":\"https:\\\/\\\/jumeaux91.fr\\\/blog\\\/wp-content\\\/uploads\\\/2025\\\/10\\\/cote-divoire-aip-lancement-de-la-distribution-de-5000-kits-scolaires-offerts-par-le-mouvement-agir-pour-divo.jpg\",\"width\":300,\"height\":200,\"caption\":\"C\u00f4te d\u2019Ivoire AIP\\\/ Lancement de la distribution de 5000 kits scolaires offerts par le mouvement Agir pour Divo\"},{\"@type\":\"BreadcrumbList\",\"@id\":\"https:\\\/\\\/jumeaux91.fr\\\/blog\\\/cote-divoire-aip-lancement-de-la-distribution-de-5000-kits-scolaires-offerts-par-le-mouvement-agir-pour-divo\\\/#breadcrumb\",\"itemListElement\":[{\"@type\":\"ListItem\",\"position\":1,\"name\":\"Accueil\",\"item\":\"https:\\\/\\\/jumeaux91.fr\\\/blog\\\/\"},{\"@type\":\"ListItem\",\"position\":2,\"name\":\"C\u00f4te d\u2019Ivoire-AIP\\\/ Lancement de la distribution de 5000 kits scolaires offerts par le mouvement Agir pour Divo\"}]},{\"@type\":\"WebSite\",\"@id\":\"https:\\\/\\\/jumeaux91.fr\\\/blog\\\/#website\",\"url\":\"https:\\\/\\\/jumeaux91.fr\\\/blog\\\/\",\"name\":\"JUMEAUX91\",\"description\":\"Fr\u00e8res jumeaux de l&#039;Essonnes; informations et archives, \u00e0 savoir et retenir.\",\"publisher\":{\"@id\":\"https:\\\/\\\/jumeaux91.fr\\\/blog\\\/#organization\"},\"potentialAction\":[{\"@type\":\"SearchAction\",\"target\":{\"@type\":\"EntryPoint\",\"urlTemplate\":\"https:\\\/\\\/jumeaux91.fr\\\/blog\\\/?s={search_term_string}\"},\"query-input\":{\"@type\":\"PropertyValueSpecification\",\"valueRequired\":true,\"valueName\":\"search_term_string\"}}],\"inLanguage\":\"fr-FR\"},{\"@type\":\"Organization\",\"@id\":\"https:\\\/\\\/jumeaux91.fr\\\/blog\\\/#organization\",\"name\":\"jumeaux91\",\"url\":\"https:\\\/\\\/jumeaux91.fr\\\/blog\\\/\",\"logo\":{\"@type\":\"ImageObject\",\"inLanguage\":\"fr-FR\",\"@id\":\"https:\\\/\\\/jumeaux91.fr\\\/blog\\\/#\\\/schema\\\/logo\\\/image\\\/\",\"url\":\"https:\\\/\\\/jumeaux91.fr\\\/blog\\\/wp-content\\\/uploads\\\/2023\\\/05\\\/cropped-cropped-logoJ_91.png\",\"contentUrl\":\"https:\\\/\\\/jumeaux91.fr\\\/blog\\\/wp-content\\\/uploads\\\/2023\\\/05\\\/cropped-cropped-logoJ_91.png\",\"width\":512,\"height\":512,\"caption\":\"jumeaux91\"},\"image\":{\"@id\":\"https:\\\/\\\/jumeaux91.fr\\\/blog\\\/#\\\/schema\\\/logo\\\/image\\\/\"}},{\"@type\":\"Person\",\"@id\":\"https:\\\/\\\/jumeaux91.fr\\\/blog\\\/#\\\/schema\\\/person\\\/21da06e9f119b9f64e5d45dbbd32d3fb\",\"name\":\"Claude DAYRES\",\"image\":{\"@type\":\"ImageObject\",\"inLanguage\":\"fr-FR\",\"@id\":\"https:\\\/\\\/secure.gravatar.com\\\/avatar\\\/82eb951df6110a2c48d1bfa7a67d1ee6f0cd5df3cbf9c3586dd61e82db7172a5?s=96&d=mm&r=g\",\"url\":\"https:\\\/\\\/secure.gravatar.com\\\/avatar\\\/82eb951df6110a2c48d1bfa7a67d1ee6f0cd5df3cbf9c3586dd61e82db7172a5?s=96&d=mm&r=g\",\"contentUrl\":\"https:\\\/\\\/secure.gravatar.com\\\/avatar\\\/82eb951df6110a2c48d1bfa7a67d1ee6f0cd5df3cbf9c3586dd61e82db7172a5?s=96&d=mm&r=g\",\"caption\":\"Claude DAYRES\"},\"url\":\"https:\\\/\\\/jumeaux91.fr\\\/blog\\\/author\\\/x91claude\\\/\"}]}<\/script>\n<!-- \/ Yoast SEO plugin. -->","yoast_head_json":{"title":"C\u00f4te d\u2019Ivoire-AIP\/ Lancement de la distribution de 5000 kits scolaires offerts par le mouvement Agir pour Divo - JUMEAUX91","robots":{"index":"index","follow":"follow","max-snippet":"max-snippet:-1","max-image-preview":"max-image-preview:large","max-video-preview":"max-video-preview:-1"},"canonical":"https:\/\/jumeaux91.fr\/blog\/cote-divoire-aip-lancement-de-la-distribution-de-5000-kits-scolaires-offerts-par-le-mouvement-agir-pour-divo\/","og_locale":"fr_FR","og_type":"article","og_title":"C\u00f4te d\u2019Ivoire-AIP\/ Lancement de la distribution de 5000 kits scolaires offerts par le mouvement Agir pour Divo - JUMEAUX91","og_description":"Divo, 09 oct 2025 (AIP) \u2013 Le mouvement \u2018\u2019Agir pour Divo\u2019\u2019 dirig\u00e9 par les fr\u00e8res jumeaux, Alahassane et Fousseni Diakit\u00e9, a lanc\u00e9, mercredi 08 octobre 2025, \u00e0 son si\u00e8ge au quartier Dialogue, la distribution de 5000 kits scolaires et prises en charges \u00e0 des \u00e9l\u00e8ves de la commune de Divo, en pr\u00e9sence des repr\u00e9sentants du&hellip; Poursuivre la lecture C\u00f4te d\u2019Ivoire-AIP\/ Lancement de la distribution de 5000 kits scolaires offerts par le mouvement Agir pour Divo","og_url":"https:\/\/jumeaux91.fr\/blog\/cote-divoire-aip-lancement-de-la-distribution-de-5000-kits-scolaires-offerts-par-le-mouvement-agir-pour-divo\/","og_site_name":"JUMEAUX91","article_published_time":"2025-10-09T01:28:00+00:00","author":"Claude DAYRES","twitter_card":"summary_large_image","twitter_misc":{"\u00c9crit par":"Claude DAYRES","Dur\u00e9e de lecture estim\u00e9e":"3 minutes"},"schema":{"@context":"https:\/\/schema.org","@graph":[{"@type":"Article","@id":"https:\/\/jumeaux91.fr\/blog\/cote-divoire-aip-lancement-de-la-distribution-de-5000-kits-scolaires-offerts-par-le-mouvement-agir-pour-divo\/#article","isPartOf":{"@id":"https:\/\/jumeaux91.fr\/blog\/cote-divoire-aip-lancement-de-la-distribution-de-5000-kits-scolaires-offerts-par-le-mouvement-agir-pour-divo\/"},"author":{"name":"Claude DAYRES","@id":"https:\/\/jumeaux91.fr\/blog\/#\/schema\/person\/21da06e9f119b9f64e5d45dbbd32d3fb"},"headline":"C\u00f4te d\u2019Ivoire-AIP\/ Lancement de la distribution de 5000 kits scolaires offerts par le mouvement Agir pour Divo","datePublished":"2025-10-09T01:28:00+00:00","mainEntityOfPage":{"@id":"https:\/\/jumeaux91.fr\/blog\/cote-divoire-aip-lancement-de-la-distribution-de-5000-kits-scolaires-offerts-par-le-mouvement-agir-pour-divo\/"},"wordCount":717,"publisher":{"@id":"https:\/\/jumeaux91.fr\/blog\/#organization"},"image":{"@id":"https:\/\/jumeaux91.fr\/blog\/cote-divoire-aip-lancement-de-la-distribution-de-5000-kits-scolaires-offerts-par-le-mouvement-agir-pour-divo\/#primaryimage"},"thumbnailUrl":"https:\/\/jumeaux91.fr\/blog\/wp-content\/uploads\/2025\/10\/cote-divoire-aip-lancement-de-la-distribution-de-5000-kits-scolaires-offerts-par-le-mouvement-agir-pour-divo.jpg","articleSection":["Posts Fr\u00e8res Jumeaux De L'Essonnes:"],"inLanguage":"fr-FR"},{"@type":"WebPage","@id":"https:\/\/jumeaux91.fr\/blog\/cote-divoire-aip-lancement-de-la-distribution-de-5000-kits-scolaires-offerts-par-le-mouvement-agir-pour-divo\/","url":"https:\/\/jumeaux91.fr\/blog\/cote-divoire-aip-lancement-de-la-distribution-de-5000-kits-scolaires-offerts-par-le-mouvement-agir-pour-divo\/","name":"C\u00f4te d\u2019Ivoire-AIP\/ Lancement de la distribution de 5000 kits scolaires offerts par le mouvement Agir pour Divo - JUMEAUX91","isPartOf":{"@id":"https:\/\/jumeaux91.fr\/blog\/#website"},"primaryImageOfPage":{"@id":"https:\/\/jumeaux91.fr\/blog\/cote-divoire-aip-lancement-de-la-distribution-de-5000-kits-scolaires-offerts-par-le-mouvement-agir-pour-divo\/#primaryimage"},"image":{"@id":"https:\/\/jumeaux91.fr\/blog\/cote-divoire-aip-lancement-de-la-distribution-de-5000-kits-scolaires-offerts-par-le-mouvement-agir-pour-divo\/#primaryimage"},"thumbnailUrl":"https:\/\/jumeaux91.fr\/blog\/wp-content\/uploads\/2025\/10\/cote-divoire-aip-lancement-de-la-distribution-de-5000-kits-scolaires-offerts-par-le-mouvement-agir-pour-divo.jpg","datePublished":"2025-10-09T01:28:00+00:00","breadcrumb":{"@id":"https:\/\/jumeaux91.fr\/blog\/cote-divoire-aip-lancement-de-la-distribution-de-5000-kits-scolaires-offerts-par-le-mouvement-agir-pour-divo\/#breadcrumb"},"inLanguage":"fr-FR","potentialAction":[{"@type":"ReadAction","target":["https:\/\/jumeaux91.fr\/blog\/cote-divoire-aip-lancement-de-la-distribution-de-5000-kits-scolaires-offerts-par-le-mouvement-agir-pour-divo\/"]}]},{"@type":"ImageObject","inLanguage":"fr-FR","@id":"https:\/\/jumeaux91.fr\/blog\/cote-divoire-aip-lancement-de-la-distribution-de-5000-kits-scolaires-offerts-par-le-mouvement-agir-pour-divo\/#primaryimage","url":"https:\/\/jumeaux91.fr\/blog\/wp-content\/uploads\/2025\/10\/cote-divoire-aip-lancement-de-la-distribution-de-5000-kits-scolaires-offerts-par-le-mouvement-agir-pour-divo.jpg","contentUrl":"https:\/\/jumeaux91.fr\/blog\/wp-content\/uploads\/2025\/10\/cote-divoire-aip-lancement-de-la-distribution-de-5000-kits-scolaires-offerts-par-le-mouvement-agir-pour-divo.jpg","width":300,"height":200,"caption":"C\u00f4te d\u2019Ivoire AIP\/ Lancement de la distribution de 5000 kits scolaires offerts par le mouvement Agir pour Divo"},{"@type":"BreadcrumbList","@id":"https:\/\/jumeaux91.fr\/blog\/cote-divoire-aip-lancement-de-la-distribution-de-5000-kits-scolaires-offerts-par-le-mouvement-agir-pour-divo\/#breadcrumb","itemListElement":[{"@type":"ListItem","position":1,"name":"Accueil","item":"https:\/\/jumeaux91.fr\/blog\/"},{"@type":"ListItem","position":2,"name":"C\u00f4te d\u2019Ivoire-AIP\/ Lancement de la distribution de 5000 kits scolaires offerts par le mouvement Agir pour Divo"}]},{"@type":"WebSite","@id":"https:\/\/jumeaux91.fr\/blog\/#website","url":"https:\/\/jumeaux91.fr\/blog\/","name":"JUMEAUX91","description":"Fr\u00e8res jumeaux de l&#039;Essonnes; informations et archives, \u00e0 savoir et retenir.","publisher":{"@id":"https:\/\/jumeaux91.fr\/blog\/#organization"},"potentialAction":[{"@type":"SearchAction","target":{"@type":"EntryPoint","urlTemplate":"https:\/\/jumeaux91.fr\/blog\/?s={search_term_string}"},"query-input":{"@type":"PropertyValueSpecification","valueRequired":true,"valueName":"search_term_string"}}],"inLanguage":"fr-FR"},{"@type":"Organization","@id":"https:\/\/jumeaux91.fr\/blog\/#organization","name":"jumeaux91","url":"https:\/\/jumeaux91.fr\/blog\/","logo":{"@type":"ImageObject","inLanguage":"fr-FR","@id":"https:\/\/jumeaux91.fr\/blog\/#\/schema\/logo\/image\/","url":"https:\/\/jumeaux91.fr\/blog\/wp-content\/uploads\/2023\/05\/cropped-cropped-logoJ_91.png","contentUrl":"https:\/\/jumeaux91.fr\/blog\/wp-content\/uploads\/2023\/05\/cropped-cropped-logoJ_91.png","width":512,"height":512,"caption":"jumeaux91"},"image":{"@id":"https:\/\/jumeaux91.fr\/blog\/#\/schema\/logo\/image\/"}},{"@type":"Person","@id":"https:\/\/jumeaux91.fr\/blog\/#\/schema\/person\/21da06e9f119b9f64e5d45dbbd32d3fb","name":"Claude DAYRES","image":{"@type":"ImageObject","inLanguage":"fr-FR","@id":"https:\/\/secure.gravatar.com\/avatar\/82eb951df6110a2c48d1bfa7a67d1ee6f0cd5df3cbf9c3586dd61e82db7172a5?s=96&d=mm&r=g","url":"https:\/\/secure.gravatar.com\/avatar\/82eb951df6110a2c48d1bfa7a67d1ee6f0cd5df3cbf9c3586dd61e82db7172a5?s=96&d=mm&r=g","contentUrl":"https:\/\/secure.gravatar.com\/avatar\/82eb951df6110a2c48d1bfa7a67d1ee6f0cd5df3cbf9c3586dd61e82db7172a5?s=96&d=mm&r=g","caption":"Claude DAYRES"},"url":"https:\/\/jumeaux91.fr\/blog\/author\/x91claude\/"}]}},"_links":{"self":[{"href":"https:\/\/jumeaux91.fr\/blog\/wp-json\/wp\/v2\/posts\/1748","targetHints":{"allow":["GET"]}}],"collection":[{"href":"https:\/\/jumeaux91.fr\/blog\/wp-json\/wp\/v2\/posts"}],"about":[{"href":"https:\/\/jumeaux91.fr\/blog\/wp-json\/wp\/v2\/types\/post"}],"author":[{"embeddable":true,"href":"https:\/\/jumeaux91.fr\/blog\/wp-json\/wp\/v2\/users\/2"}],"replies":[{"embeddable":true,"href":"https:\/\/jumeaux91.fr\/blog\/wp-json\/wp\/v2\/comments?post=1748"}],"version-history":[{"count":0,"href":"https:\/\/jumeaux91.fr\/blog\/wp-json\/wp\/v2\/posts\/1748\/revisions"}],"wp:featuredmedia":[{"embeddable":true,"href":"https:\/\/jumeaux91.fr\/blog\/wp-json\/wp\/v2\/media\/1749"}],"wp:attachment":[{"href":"https:\/\/jumeaux91.fr\/blog\/wp-json\/wp\/v2\/media?parent=1748"}],"wp:term":[{"taxonomy":"category","embeddable":true,"href":"https:\/\/jumeaux91.fr\/blog\/wp-json\/wp\/v2\/categories?post=1748"},{"taxonomy":"post_tag","embeddable":true,"href":"https:\/\/jumeaux91.fr\/blog\/wp-json\/wp\/v2\/tags?post=1748"}],"curies":[{"name":"wp","href":"https:\/\/api.w.org\/{rel}","templated":true}]}}