{"id":1750,"date":"2025-10-09T02:56:00","date_gmt":"2025-10-09T00:56:00","guid":{"rendered":"https:\/\/jumeaux91.fr\/blog\/le-paradoxe-des-jumeaux\/"},"modified":"2025-10-09T02:56:00","modified_gmt":"2025-10-09T00:56:00","slug":"le-paradoxe-des-jumeaux","status":"publish","type":"post","link":"https:\/\/jumeaux91.fr\/blog\/le-paradoxe-des-jumeaux\/","title":{"rendered":"Le paradoxe des jumeaux"},"content":{"rendered":"<td width=\"6\" align=\"left\" valign=\"top\">&nbsp;<\/td>\n<td width=\"20\"><img decoding=\"async\" src=\"\/\/\/Macintosh%20HD\/PROJET\/Sites\/fleuve\/images\/spacer.gif\" width=\"20\" height=\"1\"><\/td>\n<td width=\"275\">\n<p><b><span>Le paradoxe des jumeaux<\/span><\/b><\/p>\n<p class=\"texte\">On parle de \u00ab&nbsp;paradoxe&nbsp;\u00bb, en sciences, quand un ph\u00e9nom\u00e8ne entra\u00eene plusieurs cons\u00e9quences en apparence contradictoires. Dans le cas des jumeaux d\u0092Einstein, le paradoxe vient du fait que, s\u0092il mesurait l\u0092\u00e2ge de son fr\u00e8re jumeau, en voyage depuis 50 ans, Einstein le trouverait plus jeune que lui. Mais pour le fr\u00e8re en question, c\u0092est Einstein qui semblerait avoir voyag\u00e9 pendant 50 ans, dans la direction inverse, puisque tous les syst\u00e8mes de r\u00e9f\u00e9rence sont \u00e9quivalents. C\u0092est donc Einstein qui semblerait plus jeune, aux yeux de son fr\u00e8re. Qui a raison&nbsp;? <\/p>\n<p class=\"texte\">\u00c0 l\u0092\u00e9poque d\u0092Einstein, certains ont vu dans ce paradoxe la preuve que la relativit\u00e9 restreinte conduisait \u00e0 des absurdit\u00e9s. Mais l\u0092erreur vient du fait que, pour s\u0092\u00e9changer des informations sur leurs \u00e2ges respectifs, les deux fr\u00e8res doivent \u00eatre dans le m\u00eame syst\u00e8me de r\u00e9f\u00e9rence. En d\u0092autres mots, ils ne peuvent pas \u00e0 la fois se d\u00e9placer l\u0092un par rapport \u00e0 l\u0092autre, pendant 50 ans, et \u00eatre capables de comparer ensuite leurs mesures d\u0092\u00e2ge. <\/p>\n<p class=\"texte\">Si l\u0092on fait voyager un seul des deux fr\u00e8res, mais dans un mouvement clos (un aller-retour autour de la Terre, par exemple), on sort du cadre de la relativit\u00e9 restreinte. Dans la relativit\u00e9 g\u00e9n\u00e9rale qu\u0092Einstein mettra de l\u0092avant 10 ans plus tard, le paradoxe dispara\u00eet&nbsp;: seul le jumeau voyageur subit le ralentissement du temps.<\/p>\n<\/td>\n<td width=\"20\"><img decoding=\"async\" src=\"\/\/\/Macintosh%20HD\/PROJET\/Sites\/fleuve\/images\/spacer.gif\" width=\"20\" height=\"1\"><\/td>\n<td width=\"6\" align=\"right\" valign=\"top\">&nbsp;<\/td>\n<p> La chronique se veut g\u00e9n\u00e9r\u00e9e de la fa\u00e7on la plus claire que possible. Dans le cas o\u00f9 vous souhaitez pr\u00e9senter des renseignements compl\u00e9mentaires \u00e0 cet article sur le sujet \u00ab\u00a0Fr\u00e8res jumeaux de l&rsquo;Essonnes\u00a0\u00bb il vous est possible d\u2019\u00e9crire aux contacts indiqu\u00e9s sur notre website. La raison d\u2019\u00eatre de jumeaux91.fr \u00e9tant de rassembler sur le web des posts sur le sujet de Fr\u00e8res jumeaux de l&rsquo;Essonnes puis les diffuser en r\u00e9pondant au mieux aux interrogations des gens. Vous pouvez tirer profit de cet article traitant le sujet \u00ab\u00a0Fr\u00e8res jumeaux de l&rsquo;Essonnes\u00a0\u00bb. Il est concoct\u00e9 par l\u2019\u00e9quipe jumeaux91.fr. Prochainement, nous rendrons accessibles au public d&rsquo;autres informations pertinentes sur le sujet \u00ab\u00a0Fr\u00e8res jumeaux de l&rsquo;Essonnes\u00a0\u00bb. Alors, consultez syst\u00e9matiquement notre blog.<\/p>\n","protected":false},"excerpt":{"rendered":"<p>&nbsp; Le paradoxe des jumeaux On parle de \u00ab&nbsp;paradoxe&nbsp;\u00bb, en sciences, quand un ph\u00e9nom\u00e8ne entra\u00eene plusieurs cons\u00e9quences en apparence contradictoires. Dans le cas des jumeaux d\u0092Einstein, le paradoxe vient du fait que, s\u0092il mesurait l\u0092\u00e2ge de son fr\u00e8re jumeau, en voyage depuis 50 ans, Einstein le trouverait plus jeune que lui. Mais pour le fr\u00e8re&hellip; <a class=\"more-link\" href=\"https:\/\/jumeaux91.fr\/blog\/le-paradoxe-des-jumeaux\/\">Poursuivre la lecture <span class=\"screen-reader-text\">Le paradoxe des jumeaux<\/span><\/a><\/p>\n","protected":false},"author":2,"featured_media":0,"comment_status":"closed","ping_status":"closed","sticky":false,"template":"","format":"standard","meta":{"footnotes":""},"categories":[4],"tags":[],"class_list":["post-1750","post","type-post","status-publish","format-standard","hentry","category-posts-freres-jumeaux-de-lessonnes","entry"],"yoast_head":"<!-- This site is optimized with the Yoast SEO plugin v27.5 - https:\/\/yoast.com\/product\/yoast-seo-wordpress\/ -->\n<title>Le paradoxe des jumeaux - JUMEAUX91<\/title>\n<meta name=\"robots\" content=\"index, follow, max-snippet:-1, max-image-preview:large, max-video-preview:-1\" \/>\n<link rel=\"canonical\" href=\"https:\/\/jumeaux91.fr\/blog\/le-paradoxe-des-jumeaux\/\" \/>\n<meta property=\"og:locale\" content=\"fr_FR\" \/>\n<meta property=\"og:type\" content=\"article\" \/>\n<meta property=\"og:title\" content=\"Le paradoxe des jumeaux - JUMEAUX91\" \/>\n<meta property=\"og:description\" content=\"&nbsp; Le paradoxe des jumeaux On parle de \u00ab&nbsp;paradoxe&nbsp;\u00bb, en sciences, quand un ph\u00e9nom\u00e8ne entra\u00eene plusieurs cons\u00e9quences en apparence contradictoires. Dans le cas des jumeaux d\u0092Einstein, le paradoxe vient du fait que, s\u0092il mesurait l\u0092\u00e2ge de son fr\u00e8re jumeau, en voyage depuis 50 ans, Einstein le trouverait plus jeune que lui. Mais pour le fr\u00e8re&hellip; Poursuivre la lecture Le paradoxe des jumeaux\" \/>\n<meta property=\"og:url\" content=\"https:\/\/jumeaux91.fr\/blog\/le-paradoxe-des-jumeaux\/\" \/>\n<meta property=\"og:site_name\" content=\"JUMEAUX91\" \/>\n<meta property=\"article:published_time\" content=\"2025-10-09T00:56:00+00:00\" \/>\n<meta name=\"author\" content=\"Claude DAYRES\" \/>\n<meta name=\"twitter:card\" content=\"summary_large_image\" \/>\n<meta name=\"twitter:label1\" content=\"\u00c9crit par\" \/>\n\t<meta name=\"twitter:data1\" content=\"Claude DAYRES\" \/>\n\t<meta name=\"twitter:label2\" content=\"Dur\u00e9e de lecture estim\u00e9e\" \/>\n\t<meta name=\"twitter:data2\" content=\"2 minutes\" \/>\n<script type=\"application\/ld+json\" class=\"yoast-schema-graph\">{\"@context\":\"https:\\\/\\\/schema.org\",\"@graph\":[{\"@type\":\"Article\",\"@id\":\"https:\\\/\\\/jumeaux91.fr\\\/blog\\\/le-paradoxe-des-jumeaux\\\/#article\",\"isPartOf\":{\"@id\":\"https:\\\/\\\/jumeaux91.fr\\\/blog\\\/le-paradoxe-des-jumeaux\\\/\"},\"author\":{\"name\":\"Claude DAYRES\",\"@id\":\"https:\\\/\\\/jumeaux91.fr\\\/blog\\\/#\\\/schema\\\/person\\\/21da06e9f119b9f64e5d45dbbd32d3fb\"},\"headline\":\"Le paradoxe des jumeaux\",\"datePublished\":\"2025-10-09T00:56:00+00:00\",\"mainEntityOfPage\":{\"@id\":\"https:\\\/\\\/jumeaux91.fr\\\/blog\\\/le-paradoxe-des-jumeaux\\\/\"},\"wordCount\":397,\"publisher\":{\"@id\":\"https:\\\/\\\/jumeaux91.fr\\\/blog\\\/#organization\"},\"articleSection\":[\"Posts Fr\u00e8res Jumeaux De L'Essonnes:\"],\"inLanguage\":\"fr-FR\"},{\"@type\":\"WebPage\",\"@id\":\"https:\\\/\\\/jumeaux91.fr\\\/blog\\\/le-paradoxe-des-jumeaux\\\/\",\"url\":\"https:\\\/\\\/jumeaux91.fr\\\/blog\\\/le-paradoxe-des-jumeaux\\\/\",\"name\":\"Le paradoxe des jumeaux - JUMEAUX91\",\"isPartOf\":{\"@id\":\"https:\\\/\\\/jumeaux91.fr\\\/blog\\\/#website\"},\"datePublished\":\"2025-10-09T00:56:00+00:00\",\"breadcrumb\":{\"@id\":\"https:\\\/\\\/jumeaux91.fr\\\/blog\\\/le-paradoxe-des-jumeaux\\\/#breadcrumb\"},\"inLanguage\":\"fr-FR\",\"potentialAction\":[{\"@type\":\"ReadAction\",\"target\":[\"https:\\\/\\\/jumeaux91.fr\\\/blog\\\/le-paradoxe-des-jumeaux\\\/\"]}]},{\"@type\":\"BreadcrumbList\",\"@id\":\"https:\\\/\\\/jumeaux91.fr\\\/blog\\\/le-paradoxe-des-jumeaux\\\/#breadcrumb\",\"itemListElement\":[{\"@type\":\"ListItem\",\"position\":1,\"name\":\"Accueil\",\"item\":\"https:\\\/\\\/jumeaux91.fr\\\/blog\\\/\"},{\"@type\":\"ListItem\",\"position\":2,\"name\":\"Le paradoxe des jumeaux\"}]},{\"@type\":\"WebSite\",\"@id\":\"https:\\\/\\\/jumeaux91.fr\\\/blog\\\/#website\",\"url\":\"https:\\\/\\\/jumeaux91.fr\\\/blog\\\/\",\"name\":\"JUMEAUX91\",\"description\":\"Fr\u00e8res jumeaux de l&#039;Essonnes; informations et archives, \u00e0 savoir et retenir.\",\"publisher\":{\"@id\":\"https:\\\/\\\/jumeaux91.fr\\\/blog\\\/#organization\"},\"potentialAction\":[{\"@type\":\"SearchAction\",\"target\":{\"@type\":\"EntryPoint\",\"urlTemplate\":\"https:\\\/\\\/jumeaux91.fr\\\/blog\\\/?s={search_term_string}\"},\"query-input\":{\"@type\":\"PropertyValueSpecification\",\"valueRequired\":true,\"valueName\":\"search_term_string\"}}],\"inLanguage\":\"fr-FR\"},{\"@type\":\"Organization\",\"@id\":\"https:\\\/\\\/jumeaux91.fr\\\/blog\\\/#organization\",\"name\":\"jumeaux91\",\"url\":\"https:\\\/\\\/jumeaux91.fr\\\/blog\\\/\",\"logo\":{\"@type\":\"ImageObject\",\"inLanguage\":\"fr-FR\",\"@id\":\"https:\\\/\\\/jumeaux91.fr\\\/blog\\\/#\\\/schema\\\/logo\\\/image\\\/\",\"url\":\"https:\\\/\\\/jumeaux91.fr\\\/blog\\\/wp-content\\\/uploads\\\/2023\\\/05\\\/cropped-cropped-logoJ_91.png\",\"contentUrl\":\"https:\\\/\\\/jumeaux91.fr\\\/blog\\\/wp-content\\\/uploads\\\/2023\\\/05\\\/cropped-cropped-logoJ_91.png\",\"width\":512,\"height\":512,\"caption\":\"jumeaux91\"},\"image\":{\"@id\":\"https:\\\/\\\/jumeaux91.fr\\\/blog\\\/#\\\/schema\\\/logo\\\/image\\\/\"}},{\"@type\":\"Person\",\"@id\":\"https:\\\/\\\/jumeaux91.fr\\\/blog\\\/#\\\/schema\\\/person\\\/21da06e9f119b9f64e5d45dbbd32d3fb\",\"name\":\"Claude DAYRES\",\"image\":{\"@type\":\"ImageObject\",\"inLanguage\":\"fr-FR\",\"@id\":\"https:\\\/\\\/secure.gravatar.com\\\/avatar\\\/82eb951df6110a2c48d1bfa7a67d1ee6f0cd5df3cbf9c3586dd61e82db7172a5?s=96&d=mm&r=g\",\"url\":\"https:\\\/\\\/secure.gravatar.com\\\/avatar\\\/82eb951df6110a2c48d1bfa7a67d1ee6f0cd5df3cbf9c3586dd61e82db7172a5?s=96&d=mm&r=g\",\"contentUrl\":\"https:\\\/\\\/secure.gravatar.com\\\/avatar\\\/82eb951df6110a2c48d1bfa7a67d1ee6f0cd5df3cbf9c3586dd61e82db7172a5?s=96&d=mm&r=g\",\"caption\":\"Claude DAYRES\"},\"url\":\"https:\\\/\\\/jumeaux91.fr\\\/blog\\\/author\\\/x91claude\\\/\"}]}<\/script>\n<!-- \/ Yoast SEO plugin. -->","yoast_head_json":{"title":"Le paradoxe des jumeaux - JUMEAUX91","robots":{"index":"index","follow":"follow","max-snippet":"max-snippet:-1","max-image-preview":"max-image-preview:large","max-video-preview":"max-video-preview:-1"},"canonical":"https:\/\/jumeaux91.fr\/blog\/le-paradoxe-des-jumeaux\/","og_locale":"fr_FR","og_type":"article","og_title":"Le paradoxe des jumeaux - JUMEAUX91","og_description":"&nbsp; Le paradoxe des jumeaux On parle de \u00ab&nbsp;paradoxe&nbsp;\u00bb, en sciences, quand un ph\u00e9nom\u00e8ne entra\u00eene plusieurs cons\u00e9quences en apparence contradictoires. Dans le cas des jumeaux d\u0092Einstein, le paradoxe vient du fait que, s\u0092il mesurait l\u0092\u00e2ge de son fr\u00e8re jumeau, en voyage depuis 50 ans, Einstein le trouverait plus jeune que lui. Mais pour le fr\u00e8re&hellip; Poursuivre la lecture Le paradoxe des jumeaux","og_url":"https:\/\/jumeaux91.fr\/blog\/le-paradoxe-des-jumeaux\/","og_site_name":"JUMEAUX91","article_published_time":"2025-10-09T00:56:00+00:00","author":"Claude DAYRES","twitter_card":"summary_large_image","twitter_misc":{"\u00c9crit par":"Claude DAYRES","Dur\u00e9e de lecture estim\u00e9e":"2 minutes"},"schema":{"@context":"https:\/\/schema.org","@graph":[{"@type":"Article","@id":"https:\/\/jumeaux91.fr\/blog\/le-paradoxe-des-jumeaux\/#article","isPartOf":{"@id":"https:\/\/jumeaux91.fr\/blog\/le-paradoxe-des-jumeaux\/"},"author":{"name":"Claude DAYRES","@id":"https:\/\/jumeaux91.fr\/blog\/#\/schema\/person\/21da06e9f119b9f64e5d45dbbd32d3fb"},"headline":"Le paradoxe des jumeaux","datePublished":"2025-10-09T00:56:00+00:00","mainEntityOfPage":{"@id":"https:\/\/jumeaux91.fr\/blog\/le-paradoxe-des-jumeaux\/"},"wordCount":397,"publisher":{"@id":"https:\/\/jumeaux91.fr\/blog\/#organization"},"articleSection":["Posts Fr\u00e8res Jumeaux De L'Essonnes:"],"inLanguage":"fr-FR"},{"@type":"WebPage","@id":"https:\/\/jumeaux91.fr\/blog\/le-paradoxe-des-jumeaux\/","url":"https:\/\/jumeaux91.fr\/blog\/le-paradoxe-des-jumeaux\/","name":"Le paradoxe des jumeaux - JUMEAUX91","isPartOf":{"@id":"https:\/\/jumeaux91.fr\/blog\/#website"},"datePublished":"2025-10-09T00:56:00+00:00","breadcrumb":{"@id":"https:\/\/jumeaux91.fr\/blog\/le-paradoxe-des-jumeaux\/#breadcrumb"},"inLanguage":"fr-FR","potentialAction":[{"@type":"ReadAction","target":["https:\/\/jumeaux91.fr\/blog\/le-paradoxe-des-jumeaux\/"]}]},{"@type":"BreadcrumbList","@id":"https:\/\/jumeaux91.fr\/blog\/le-paradoxe-des-jumeaux\/#breadcrumb","itemListElement":[{"@type":"ListItem","position":1,"name":"Accueil","item":"https:\/\/jumeaux91.fr\/blog\/"},{"@type":"ListItem","position":2,"name":"Le paradoxe des jumeaux"}]},{"@type":"WebSite","@id":"https:\/\/jumeaux91.fr\/blog\/#website","url":"https:\/\/jumeaux91.fr\/blog\/","name":"JUMEAUX91","description":"Fr\u00e8res jumeaux de l&#039;Essonnes; informations et archives, \u00e0 savoir et retenir.","publisher":{"@id":"https:\/\/jumeaux91.fr\/blog\/#organization"},"potentialAction":[{"@type":"SearchAction","target":{"@type":"EntryPoint","urlTemplate":"https:\/\/jumeaux91.fr\/blog\/?s={search_term_string}"},"query-input":{"@type":"PropertyValueSpecification","valueRequired":true,"valueName":"search_term_string"}}],"inLanguage":"fr-FR"},{"@type":"Organization","@id":"https:\/\/jumeaux91.fr\/blog\/#organization","name":"jumeaux91","url":"https:\/\/jumeaux91.fr\/blog\/","logo":{"@type":"ImageObject","inLanguage":"fr-FR","@id":"https:\/\/jumeaux91.fr\/blog\/#\/schema\/logo\/image\/","url":"https:\/\/jumeaux91.fr\/blog\/wp-content\/uploads\/2023\/05\/cropped-cropped-logoJ_91.png","contentUrl":"https:\/\/jumeaux91.fr\/blog\/wp-content\/uploads\/2023\/05\/cropped-cropped-logoJ_91.png","width":512,"height":512,"caption":"jumeaux91"},"image":{"@id":"https:\/\/jumeaux91.fr\/blog\/#\/schema\/logo\/image\/"}},{"@type":"Person","@id":"https:\/\/jumeaux91.fr\/blog\/#\/schema\/person\/21da06e9f119b9f64e5d45dbbd32d3fb","name":"Claude DAYRES","image":{"@type":"ImageObject","inLanguage":"fr-FR","@id":"https:\/\/secure.gravatar.com\/avatar\/82eb951df6110a2c48d1bfa7a67d1ee6f0cd5df3cbf9c3586dd61e82db7172a5?s=96&d=mm&r=g","url":"https:\/\/secure.gravatar.com\/avatar\/82eb951df6110a2c48d1bfa7a67d1ee6f0cd5df3cbf9c3586dd61e82db7172a5?s=96&d=mm&r=g","contentUrl":"https:\/\/secure.gravatar.com\/avatar\/82eb951df6110a2c48d1bfa7a67d1ee6f0cd5df3cbf9c3586dd61e82db7172a5?s=96&d=mm&r=g","caption":"Claude DAYRES"},"url":"https:\/\/jumeaux91.fr\/blog\/author\/x91claude\/"}]}},"_links":{"self":[{"href":"https:\/\/jumeaux91.fr\/blog\/wp-json\/wp\/v2\/posts\/1750","targetHints":{"allow":["GET"]}}],"collection":[{"href":"https:\/\/jumeaux91.fr\/blog\/wp-json\/wp\/v2\/posts"}],"about":[{"href":"https:\/\/jumeaux91.fr\/blog\/wp-json\/wp\/v2\/types\/post"}],"author":[{"embeddable":true,"href":"https:\/\/jumeaux91.fr\/blog\/wp-json\/wp\/v2\/users\/2"}],"replies":[{"embeddable":true,"href":"https:\/\/jumeaux91.fr\/blog\/wp-json\/wp\/v2\/comments?post=1750"}],"version-history":[{"count":0,"href":"https:\/\/jumeaux91.fr\/blog\/wp-json\/wp\/v2\/posts\/1750\/revisions"}],"wp:attachment":[{"href":"https:\/\/jumeaux91.fr\/blog\/wp-json\/wp\/v2\/media?parent=1750"}],"wp:term":[{"taxonomy":"category","embeddable":true,"href":"https:\/\/jumeaux91.fr\/blog\/wp-json\/wp\/v2\/categories?post=1750"},{"taxonomy":"post_tag","embeddable":true,"href":"https:\/\/jumeaux91.fr\/blog\/wp-json\/wp\/v2\/tags?post=1750"}],"curies":[{"name":"wp","href":"https:\/\/api.w.org\/{rel}","templated":true}]}}