{"id":1752,"date":"2025-10-09T07:14:00","date_gmt":"2025-10-09T05:14:00","guid":{"rendered":"https:\/\/jumeaux91.fr\/blog\/cessez-le-feu-israel-hamas-qui-sont-les-otages-encore-en-vie\/"},"modified":"2025-10-09T07:14:00","modified_gmt":"2025-10-09T05:14:00","slug":"cessez-le-feu-israel-hamas-qui-sont-les-otages-encore-en-vie","status":"publish","type":"post","link":"https:\/\/jumeaux91.fr\/blog\/cessez-le-feu-israel-hamas-qui-sont-les-otages-encore-en-vie\/","title":{"rendered":"Cessez-le-feu Isra\u00ebl-Hamas : qui sont les otages encore en vie"},"content":{"rendered":"<div><img decoding=\"async\" src=\"https:\/\/jumeaux91.fr\/blog\/wp-content\/uploads\/2025\/10\/cessez-le-feu-israel-hamas-qui-sont-les-otages-encore-en-vie.jpg\" class=\"ff-og-image-inserted\"><\/div>\n<p class=\"mb-4 text-lg md:leading-8 break-words\">David, Guy, Avinatan, Gali\u2026 En ce jeudi 9 octobre 2025, ces noms sont sur toutes les l\u00e8vres, bien au-del\u00e0 des fronti\u00e8res d\u2019Isra\u00ebl.<\/p>\n<p class=\"mb-4 text-lg md:leading-8 break-words\">Avec l\u2019annonce du cessez-le-feu entre le Hamas et Isra\u00ebl, dans le cadre du plan de paix port\u00e9 par Donald Trump, leur lib\u00e9ration pourrait intervenir d\u00e8s lundi prochain. Selon les derni\u00e8res estimations, 48 otages seraient encore d\u00e9tenus, dont une vingtaine en vie. Mais qui sont-ils ?<\/p>\n<h2 class=\"mb-4 text-xl font-bold md:text-2xl\">Alon Ohel, 24 ans, le pianiste devenu symbole<\/h2>\n<p class=\"mb-4 text-lg md:leading-8 break-words\">Alon Ohel, 24 ans, est l\u2019un des visages les plus connus. Ce jeune pianiste originaire du village de Lavon, dans le nord du pays, s\u2019appr\u00eatait \u00e0 entamer des \u00e9tudes de musique apr\u00e8s un voyage en Asie. Il a \u00e9t\u00e9 captur\u00e9 lors du festival Supernova, en m\u00eame temps que trois autres jeunes hommes.<\/p>\n<div class=\"max-md:faux-bleed mb-4 bg-marshmallow pb-5 dark:bg-ramones md:invisible md:mb-0 md:h-0 md:overflow-hidden md:pb-0\">\n<p>Publicit\u00e9<\/p>\n<div class=\"flex w-full flex-nowrap justify-center\">\n<div class=\"flex ad-container\" id=\"_R_5574kmhek5clubsnm6fbH1_\">\n<p>Publicit\u00e9<\/p>\n<\/div>\n<\/div>\n<\/div>\n<div class=\"mb-4 hidden pb-5 md:block\">\n<p>Publicit\u00e9<\/p>\n<div class=\"flex w-full flex-nowrap justify-center\">\n<div class=\"flex ad-container\" id=\"_R_9574kmhek5clubsnm6fbH1_\">\n<p>Publicit\u00e9<\/p>\n<\/div>\n<\/div>\n<\/div>\n<p class=\"mb-4 text-lg md:leading-8 break-words\">Une vid\u00e9o diffus\u00e9e en septembre le montre v\u00eatu d\u2019un t-shirt noir, s\u2019adressant directement au Premier ministre Benjamin Netanyahou pour r\u00e9clamer la lib\u00e9ration de tous les otages. \u00ab Il est \u00e9vident qu\u2019Alon perd la vue de son \u0153il droit, et il appara\u00eet amaigri et en d\u00e9tresse \u00bb, ont d\u00e9plor\u00e9 ses parents. Il serait toujours retenu dans une cachette ou un tunnel \u00e0 Gaza.<\/p>\n<h2 class=\"mb-4 text-xl font-bold md:text-2xl\">Avinatan Or, 32 ans, l\u2019ing\u00e9nieur s\u00e9par\u00e9 de sa compagne<\/h2>\n<p class=\"mb-4 text-lg md:leading-8 break-words\">Avinatan Or, 32 ans, a lui aussi \u00e9t\u00e9 captur\u00e9 lors du festival Supernova, alors qu\u2019il \u00e9tait accompagn\u00e9 de sa compagne Noa Argamani. Lib\u00e9r\u00e9e depuis, Noa a racont\u00e9 leur s\u00e9paration brutale dans les colonnes de <a href=\"https:\/\/www.parismatch.com\/actu\/international\/noa-argamani-ex-otage-du-hamas-jai-vu-mes-amis-se-faire-tuer-sous-mes-yeux-je-porte-cela-en-moi-chaque-jour-258236\" rel=\"nofollow noopener\" target=\"_blank\" data-ylk=\"slk:\u00ab&nbsp;Paris Match&nbsp;\u00bb;elm:context_link;itc:0;sec:content-canvas\" class=\"link \">\u00ab&nbsp;Paris Match&nbsp;\u00bb<\/a>. Ing\u00e9nieur dipl\u00f4m\u00e9, Avinatan a donn\u00e9 signe de vie en mars dernier. \u00ab Nous avons toujours su qu\u2019il \u00e9tait vivant. Maintenant, c\u2019est officiellement confirm\u00e9 \u00bb, d\u00e9clarait son fr\u00e8re.<\/p>\n<p class=\"mb-4 text-lg md:leading-8 break-words\">Noa, de son c\u00f4t\u00e9, poursuit le combat : \u00ab Alors qu\u2019Avinatan et moi projetions de construire notre vie ensemble, je me bats pour son retour. Je vois mes amis obtenir leur dipl\u00f4me, emm\u00e9nager, se marier\u2026 et tout cela me semble un r\u00eave lointain \u00bb, \u00e9crit-elle. Elle confie ne pas pouvoir avancer tant que les otages ne sont pas lib\u00e9r\u00e9s.<\/p>\n<h2 class=\"mb-4 text-xl font-bold md:text-2xl\">Gali et Ziv Berman, 28 ans, les jumeaux deKfar Aza<\/h2>\n<p class=\"mb-4 text-lg md:leading-8 break-words\">Deux autres otages, les jumeaux Gali et Ziv Berman, \u00e2g\u00e9s de 28 ans, ont \u00e9t\u00e9 enlev\u00e9s chez eux au kibboutz Kfar Aza. Passionn\u00e9s de musique et de football, ils \u00e9taient surnomm\u00e9s les \u00ab Twin Power \u00bb et jouaient ensemble dans un club local.<\/p>\n<div class=\"max-md:faux-bleed mb-4 bg-marshmallow pb-5 dark:bg-ramones md:invisible md:mb-0 md:h-0 md:overflow-hidden md:pb-0\">\n<p>Publicit\u00e9<\/p>\n<div class=\"flex w-full flex-nowrap justify-center\">\n<div class=\"flex ad-container\" id=\"_R_5c74kmhek5clubsnm6fbH1_\">\n<p>Publicit\u00e9<\/p>\n<\/div>\n<\/div>\n<\/div>\n<div class=\"mb-4 hidden pb-5 md:block\">\n<p>Publicit\u00e9<\/p>\n<div class=\"flex w-full flex-nowrap justify-center\">\n<div class=\"flex ad-container\" id=\"_R_9c74kmhek5clubsnm6fbH1_\">\n<p>Publicit\u00e9<\/p>\n<\/div>\n<\/div>\n<\/div>\n<p class=\"mb-4 text-lg md:leading-8 break-words\">Leur famille est rest\u00e9e sans nouvelles pendant pr\u00e8s de 500 jours. Mais lors d\u2019une tr\u00eave en f\u00e9vrier dernier, marqu\u00e9e par la lib\u00e9ration d\u2019une trentaine d\u2019otages, ils ont appris que les deux fr\u00e8res \u00e9taient vivants, bien que d\u00e9tenus s\u00e9par\u00e9ment. Leur \u00e9tat de sant\u00e9 serait pr\u00e9occupant.<\/p>\n<h2 class=\"mb-4 text-xl font-bold md:text-2xl\">Ariel et David Cunio, 28 et 35 ans, deux fr\u00e8res aux parcours bris\u00e9s<\/h2>\n<p class=\"mb-4 text-lg md:leading-8 break-words\">Les deux fr\u00e8res font aussi partie des captifs. Ariel, 28 ans, travaillait dans la high-tech et revenait de vacances avec sa fianc\u00e9e quand il a \u00e9t\u00e9 enlev\u00e9 dans son kiboutz. Le 7 octobre 2023, il envoyait ce dernier message : \u00ab Nous sommes dans un film d\u2019horreur. \u00bb Depuis, sa famille n\u2019a re\u00e7u aucun signe.<\/p>\n<p class=\"mb-4 text-lg md:leading-8 break-words\">Son fr\u00e8re David, 35 ans, a \u00e9t\u00e9 enlev\u00e9 avec sa femme Sharon et leurs filles, qui ont depuis \u00e9t\u00e9 lib\u00e9r\u00e9es. Acteur principal du film \u00ab&nbsp;Youth&nbsp;\u00bb de Tom Shoval, r\u00e9compens\u00e9 \u00e0 la Berlinale en 2013, David serait toujours vivant mais dans un \u00e9tat tr\u00e8s faible, selon d\u2019anciens otages.<\/p>\n<h2 class=\"mb-4 text-xl font-bold md:text-2xl\">Bipin Joshi, l\u2019unique otage \u00e9tranger<\/h2>\n<p class=\"mb-4 text-lg md:leading-8 break-words\">Un seul otage n\u2019est pas citoyen isra\u00e9lien : Bipin Joshi, un \u00e9tudiant n\u00e9palais de 24 ans. Arriv\u00e9 en Isra\u00ebl trois semaines seulement avant les attaques , il participait \u00e0 un programme universitaire destin\u00e9 \u00e0 travailler dans les vergers d\u2019orangers et de citronniers.<\/p>\n<div class=\"max-md:faux-bleed mb-4 bg-marshmallow pb-5 dark:bg-ramones md:invisible md:mb-0 md:h-0 md:overflow-hidden md:pb-0\">\n<p>Publicit\u00e9<\/p>\n<div class=\"flex w-full flex-nowrap justify-center\">\n<div class=\"flex ad-container\" id=\"_R_5j74kmhek5clubsnm6fbH1_\">\n<p>Publicit\u00e9<\/p>\n<\/div>\n<\/div>\n<\/div>\n<div class=\"mb-4 hidden pb-5 md:block\">\n<p>Publicit\u00e9<\/p>\n<div class=\"flex w-full flex-nowrap justify-center\">\n<div class=\"flex ad-container\" id=\"_R_9j74kmhek5clubsnm6fbH1_\">\n<p>Publicit\u00e9<\/p>\n<\/div>\n<\/div>\n<\/div>\n<p class=\"mb-4 text-lg md:leading-8 break-words\">Parmi les 22 otages pr\u00e9sum\u00e9s encore en vie, une dizaine poss\u00e8dent la double nationalit\u00e9. Selon les d\u00e9clarations de Donald Trump, les otages encore en vie pourraient \u00eatre rendus d\u00e8s lundi prochain. Les d\u00e9pouilles de ceux qui n\u2019auraient pas surv\u00e9cu devraient, elles aussi, \u00eatre restitu\u00e9es \u00e0 leurs familles.<\/p>\n<p class=\"mb-4 text-lg md:leading-8 break-words\"><a href=\"https:\/\/www.elle.fr\/Societe\/News\/Cessez-le-feu-Israel-Hamas-qui-sont-les-otages-encore-en-vie-4404985\" rel=\"nofollow noopener\" target=\"_blank\" data-ylk=\"slk:Voir l'article original sur ELLE;elm:context_link;itc:0;sec:content-canvas\" class=\"link \">Voir l&rsquo;article original sur ELLE<\/a><\/p>\n<p>La chronique se veut g\u00e9n\u00e9r\u00e9e de la fa\u00e7on la plus claire que possible. Dans le cas o\u00f9 vous souhaitez pr\u00e9senter des renseignements compl\u00e9mentaires \u00e0 cet article sur le sujet \u00ab\u00a0Fr\u00e8res jumeaux de l&rsquo;Essonnes\u00a0\u00bb il vous est possible d\u2019\u00e9crire aux contacts indiqu\u00e9s sur notre website. La raison d\u2019\u00eatre de jumeaux91.fr \u00e9tant de rassembler sur le web des posts sur le sujet de Fr\u00e8res jumeaux de l&rsquo;Essonnes puis les diffuser en r\u00e9pondant au mieux aux interrogations des gens. Vous pouvez tirer profit de cet article traitant le sujet \u00ab\u00a0Fr\u00e8res jumeaux de l&rsquo;Essonnes\u00a0\u00bb. Il est concoct\u00e9 par l\u2019\u00e9quipe jumeaux91.fr. Prochainement, nous rendrons accessibles au public d&rsquo;autres informations pertinentes sur le sujet \u00ab\u00a0Fr\u00e8res jumeaux de l&rsquo;Essonnes\u00a0\u00bb. Alors, consultez syst\u00e9matiquement notre blog.<\/p>\n","protected":false},"excerpt":{"rendered":"<p>David, Guy, Avinatan, Gali\u2026 En ce jeudi 9 octobre 2025, ces noms sont sur toutes les l\u00e8vres, bien au-del\u00e0 des fronti\u00e8res d\u2019Isra\u00ebl. Avec l\u2019annonce du cessez-le-feu entre le Hamas et Isra\u00ebl, dans le cadre du plan de paix port\u00e9 par Donald Trump, leur lib\u00e9ration pourrait intervenir d\u00e8s lundi prochain. Selon les derni\u00e8res estimations, 48 otages&hellip; <a class=\"more-link\" href=\"https:\/\/jumeaux91.fr\/blog\/cessez-le-feu-israel-hamas-qui-sont-les-otages-encore-en-vie\/\">Poursuivre la lecture <span class=\"screen-reader-text\">Cessez-le-feu Isra\u00ebl-Hamas : qui sont les otages encore en vie<\/span><\/a><\/p>\n","protected":false},"author":2,"featured_media":1753,"comment_status":"closed","ping_status":"closed","sticky":false,"template":"","format":"standard","meta":{"footnotes":""},"categories":[4],"tags":[],"class_list":["post-1752","post","type-post","status-publish","format-standard","has-post-thumbnail","hentry","category-posts-freres-jumeaux-de-lessonnes","entry"],"yoast_head":"<!-- This site is optimized with the Yoast SEO plugin v27.5 - https:\/\/yoast.com\/product\/yoast-seo-wordpress\/ -->\n<title>Cessez-le-feu Isra\u00ebl-Hamas : qui sont les otages encore en vie - JUMEAUX91<\/title>\n<meta name=\"robots\" content=\"index, follow, max-snippet:-1, max-image-preview:large, max-video-preview:-1\" \/>\n<link rel=\"canonical\" href=\"https:\/\/jumeaux91.fr\/blog\/cessez-le-feu-israel-hamas-qui-sont-les-otages-encore-en-vie\/\" \/>\n<meta property=\"og:locale\" content=\"fr_FR\" \/>\n<meta property=\"og:type\" content=\"article\" \/>\n<meta property=\"og:title\" content=\"Cessez-le-feu Isra\u00ebl-Hamas : qui sont les otages encore en vie - JUMEAUX91\" \/>\n<meta property=\"og:description\" content=\"David, Guy, Avinatan, Gali\u2026 En ce jeudi 9 octobre 2025, ces noms sont sur toutes les l\u00e8vres, bien au-del\u00e0 des fronti\u00e8res d\u2019Isra\u00ebl. Avec l\u2019annonce du cessez-le-feu entre le Hamas et Isra\u00ebl, dans le cadre du plan de paix port\u00e9 par Donald Trump, leur lib\u00e9ration pourrait intervenir d\u00e8s lundi prochain. Selon les derni\u00e8res estimations, 48 otages&hellip; Poursuivre la lecture Cessez-le-feu Isra\u00ebl-Hamas : qui sont les otages encore en vie\" \/>\n<meta property=\"og:url\" content=\"https:\/\/jumeaux91.fr\/blog\/cessez-le-feu-israel-hamas-qui-sont-les-otages-encore-en-vie\/\" \/>\n<meta property=\"og:site_name\" content=\"JUMEAUX91\" \/>\n<meta property=\"article:published_time\" content=\"2025-10-09T05:14:00+00:00\" \/>\n<meta property=\"og:image\" content=\"https:\/\/jumeaux91.fr\/blog\/wp-content\/uploads\/2025\/10\/cessez-le-feu-israel-hamas-qui-sont-les-otages-encore-en-vie.jpg\" \/>\n<meta name=\"author\" content=\"Claude DAYRES\" \/>\n<meta name=\"twitter:card\" content=\"summary_large_image\" \/>\n<meta name=\"twitter:label1\" content=\"\u00c9crit par\" \/>\n\t<meta name=\"twitter:data1\" content=\"Claude DAYRES\" \/>\n\t<meta name=\"twitter:label2\" content=\"Dur\u00e9e de lecture estim\u00e9e\" \/>\n\t<meta name=\"twitter:data2\" content=\"4 minutes\" \/>\n<script type=\"application\/ld+json\" class=\"yoast-schema-graph\">{\"@context\":\"https:\\\/\\\/schema.org\",\"@graph\":[{\"@type\":\"Article\",\"@id\":\"https:\\\/\\\/jumeaux91.fr\\\/blog\\\/cessez-le-feu-israel-hamas-qui-sont-les-otages-encore-en-vie\\\/#article\",\"isPartOf\":{\"@id\":\"https:\\\/\\\/jumeaux91.fr\\\/blog\\\/cessez-le-feu-israel-hamas-qui-sont-les-otages-encore-en-vie\\\/\"},\"author\":{\"name\":\"Claude DAYRES\",\"@id\":\"https:\\\/\\\/jumeaux91.fr\\\/blog\\\/#\\\/schema\\\/person\\\/21da06e9f119b9f64e5d45dbbd32d3fb\"},\"headline\":\"Cessez-le-feu Isra\u00ebl-Hamas : qui sont les otages encore en vie\",\"datePublished\":\"2025-10-09T05:14:00+00:00\",\"mainEntityOfPage\":{\"@id\":\"https:\\\/\\\/jumeaux91.fr\\\/blog\\\/cessez-le-feu-israel-hamas-qui-sont-les-otages-encore-en-vie\\\/\"},\"wordCount\":849,\"publisher\":{\"@id\":\"https:\\\/\\\/jumeaux91.fr\\\/blog\\\/#organization\"},\"image\":{\"@id\":\"https:\\\/\\\/jumeaux91.fr\\\/blog\\\/cessez-le-feu-israel-hamas-qui-sont-les-otages-encore-en-vie\\\/#primaryimage\"},\"thumbnailUrl\":\"https:\\\/\\\/jumeaux91.fr\\\/blog\\\/wp-content\\\/uploads\\\/2025\\\/10\\\/cessez-le-feu-israel-hamas-qui-sont-les-otages-encore-en-vie.jpg\",\"articleSection\":[\"Posts Fr\u00e8res Jumeaux De L'Essonnes:\"],\"inLanguage\":\"fr-FR\"},{\"@type\":\"WebPage\",\"@id\":\"https:\\\/\\\/jumeaux91.fr\\\/blog\\\/cessez-le-feu-israel-hamas-qui-sont-les-otages-encore-en-vie\\\/\",\"url\":\"https:\\\/\\\/jumeaux91.fr\\\/blog\\\/cessez-le-feu-israel-hamas-qui-sont-les-otages-encore-en-vie\\\/\",\"name\":\"Cessez-le-feu Isra\u00ebl-Hamas : qui sont les otages encore en vie - JUMEAUX91\",\"isPartOf\":{\"@id\":\"https:\\\/\\\/jumeaux91.fr\\\/blog\\\/#website\"},\"primaryImageOfPage\":{\"@id\":\"https:\\\/\\\/jumeaux91.fr\\\/blog\\\/cessez-le-feu-israel-hamas-qui-sont-les-otages-encore-en-vie\\\/#primaryimage\"},\"image\":{\"@id\":\"https:\\\/\\\/jumeaux91.fr\\\/blog\\\/cessez-le-feu-israel-hamas-qui-sont-les-otages-encore-en-vie\\\/#primaryimage\"},\"thumbnailUrl\":\"https:\\\/\\\/jumeaux91.fr\\\/blog\\\/wp-content\\\/uploads\\\/2025\\\/10\\\/cessez-le-feu-israel-hamas-qui-sont-les-otages-encore-en-vie.jpg\",\"datePublished\":\"2025-10-09T05:14:00+00:00\",\"breadcrumb\":{\"@id\":\"https:\\\/\\\/jumeaux91.fr\\\/blog\\\/cessez-le-feu-israel-hamas-qui-sont-les-otages-encore-en-vie\\\/#breadcrumb\"},\"inLanguage\":\"fr-FR\",\"potentialAction\":[{\"@type\":\"ReadAction\",\"target\":[\"https:\\\/\\\/jumeaux91.fr\\\/blog\\\/cessez-le-feu-israel-hamas-qui-sont-les-otages-encore-en-vie\\\/\"]}]},{\"@type\":\"ImageObject\",\"inLanguage\":\"fr-FR\",\"@id\":\"https:\\\/\\\/jumeaux91.fr\\\/blog\\\/cessez-le-feu-israel-hamas-qui-sont-les-otages-encore-en-vie\\\/#primaryimage\",\"url\":\"https:\\\/\\\/jumeaux91.fr\\\/blog\\\/wp-content\\\/uploads\\\/2025\\\/10\\\/cessez-le-feu-israel-hamas-qui-sont-les-otages-encore-en-vie.jpg\",\"contentUrl\":\"https:\\\/\\\/jumeaux91.fr\\\/blog\\\/wp-content\\\/uploads\\\/2025\\\/10\\\/cessez-le-feu-israel-hamas-qui-sont-les-otages-encore-en-vie.jpg\",\"width\":1200,\"height\":780,\"caption\":\"Cessez le feu Isra\u00ebl Hamas : qui sont les otages encore en vie\"},{\"@type\":\"BreadcrumbList\",\"@id\":\"https:\\\/\\\/jumeaux91.fr\\\/blog\\\/cessez-le-feu-israel-hamas-qui-sont-les-otages-encore-en-vie\\\/#breadcrumb\",\"itemListElement\":[{\"@type\":\"ListItem\",\"position\":1,\"name\":\"Accueil\",\"item\":\"https:\\\/\\\/jumeaux91.fr\\\/blog\\\/\"},{\"@type\":\"ListItem\",\"position\":2,\"name\":\"Cessez-le-feu Isra\u00ebl-Hamas : qui sont les otages encore en vie\"}]},{\"@type\":\"WebSite\",\"@id\":\"https:\\\/\\\/jumeaux91.fr\\\/blog\\\/#website\",\"url\":\"https:\\\/\\\/jumeaux91.fr\\\/blog\\\/\",\"name\":\"JUMEAUX91\",\"description\":\"Fr\u00e8res jumeaux de l&#039;Essonnes; informations et archives, \u00e0 savoir et retenir.\",\"publisher\":{\"@id\":\"https:\\\/\\\/jumeaux91.fr\\\/blog\\\/#organization\"},\"potentialAction\":[{\"@type\":\"SearchAction\",\"target\":{\"@type\":\"EntryPoint\",\"urlTemplate\":\"https:\\\/\\\/jumeaux91.fr\\\/blog\\\/?s={search_term_string}\"},\"query-input\":{\"@type\":\"PropertyValueSpecification\",\"valueRequired\":true,\"valueName\":\"search_term_string\"}}],\"inLanguage\":\"fr-FR\"},{\"@type\":\"Organization\",\"@id\":\"https:\\\/\\\/jumeaux91.fr\\\/blog\\\/#organization\",\"name\":\"jumeaux91\",\"url\":\"https:\\\/\\\/jumeaux91.fr\\\/blog\\\/\",\"logo\":{\"@type\":\"ImageObject\",\"inLanguage\":\"fr-FR\",\"@id\":\"https:\\\/\\\/jumeaux91.fr\\\/blog\\\/#\\\/schema\\\/logo\\\/image\\\/\",\"url\":\"https:\\\/\\\/jumeaux91.fr\\\/blog\\\/wp-content\\\/uploads\\\/2023\\\/05\\\/cropped-cropped-logoJ_91.png\",\"contentUrl\":\"https:\\\/\\\/jumeaux91.fr\\\/blog\\\/wp-content\\\/uploads\\\/2023\\\/05\\\/cropped-cropped-logoJ_91.png\",\"width\":512,\"height\":512,\"caption\":\"jumeaux91\"},\"image\":{\"@id\":\"https:\\\/\\\/jumeaux91.fr\\\/blog\\\/#\\\/schema\\\/logo\\\/image\\\/\"}},{\"@type\":\"Person\",\"@id\":\"https:\\\/\\\/jumeaux91.fr\\\/blog\\\/#\\\/schema\\\/person\\\/21da06e9f119b9f64e5d45dbbd32d3fb\",\"name\":\"Claude DAYRES\",\"image\":{\"@type\":\"ImageObject\",\"inLanguage\":\"fr-FR\",\"@id\":\"https:\\\/\\\/secure.gravatar.com\\\/avatar\\\/82eb951df6110a2c48d1bfa7a67d1ee6f0cd5df3cbf9c3586dd61e82db7172a5?s=96&d=mm&r=g\",\"url\":\"https:\\\/\\\/secure.gravatar.com\\\/avatar\\\/82eb951df6110a2c48d1bfa7a67d1ee6f0cd5df3cbf9c3586dd61e82db7172a5?s=96&d=mm&r=g\",\"contentUrl\":\"https:\\\/\\\/secure.gravatar.com\\\/avatar\\\/82eb951df6110a2c48d1bfa7a67d1ee6f0cd5df3cbf9c3586dd61e82db7172a5?s=96&d=mm&r=g\",\"caption\":\"Claude DAYRES\"},\"url\":\"https:\\\/\\\/jumeaux91.fr\\\/blog\\\/author\\\/x91claude\\\/\"}]}<\/script>\n<!-- \/ Yoast SEO plugin. -->","yoast_head_json":{"title":"Cessez-le-feu Isra\u00ebl-Hamas : qui sont les otages encore en vie - JUMEAUX91","robots":{"index":"index","follow":"follow","max-snippet":"max-snippet:-1","max-image-preview":"max-image-preview:large","max-video-preview":"max-video-preview:-1"},"canonical":"https:\/\/jumeaux91.fr\/blog\/cessez-le-feu-israel-hamas-qui-sont-les-otages-encore-en-vie\/","og_locale":"fr_FR","og_type":"article","og_title":"Cessez-le-feu Isra\u00ebl-Hamas : qui sont les otages encore en vie - JUMEAUX91","og_description":"David, Guy, Avinatan, Gali\u2026 En ce jeudi 9 octobre 2025, ces noms sont sur toutes les l\u00e8vres, bien au-del\u00e0 des fronti\u00e8res d\u2019Isra\u00ebl. Avec l\u2019annonce du cessez-le-feu entre le Hamas et Isra\u00ebl, dans le cadre du plan de paix port\u00e9 par Donald Trump, leur lib\u00e9ration pourrait intervenir d\u00e8s lundi prochain. Selon les derni\u00e8res estimations, 48 otages&hellip; Poursuivre la lecture Cessez-le-feu Isra\u00ebl-Hamas : qui sont les otages encore en vie","og_url":"https:\/\/jumeaux91.fr\/blog\/cessez-le-feu-israel-hamas-qui-sont-les-otages-encore-en-vie\/","og_site_name":"JUMEAUX91","article_published_time":"2025-10-09T05:14:00+00:00","og_image":[{"url":"https:\/\/jumeaux91.fr\/blog\/wp-content\/uploads\/2025\/10\/cessez-le-feu-israel-hamas-qui-sont-les-otages-encore-en-vie.jpg","type":"","width":"","height":""}],"author":"Claude DAYRES","twitter_card":"summary_large_image","twitter_misc":{"\u00c9crit par":"Claude DAYRES","Dur\u00e9e de lecture estim\u00e9e":"4 minutes"},"schema":{"@context":"https:\/\/schema.org","@graph":[{"@type":"Article","@id":"https:\/\/jumeaux91.fr\/blog\/cessez-le-feu-israel-hamas-qui-sont-les-otages-encore-en-vie\/#article","isPartOf":{"@id":"https:\/\/jumeaux91.fr\/blog\/cessez-le-feu-israel-hamas-qui-sont-les-otages-encore-en-vie\/"},"author":{"name":"Claude DAYRES","@id":"https:\/\/jumeaux91.fr\/blog\/#\/schema\/person\/21da06e9f119b9f64e5d45dbbd32d3fb"},"headline":"Cessez-le-feu Isra\u00ebl-Hamas : qui sont les otages encore en vie","datePublished":"2025-10-09T05:14:00+00:00","mainEntityOfPage":{"@id":"https:\/\/jumeaux91.fr\/blog\/cessez-le-feu-israel-hamas-qui-sont-les-otages-encore-en-vie\/"},"wordCount":849,"publisher":{"@id":"https:\/\/jumeaux91.fr\/blog\/#organization"},"image":{"@id":"https:\/\/jumeaux91.fr\/blog\/cessez-le-feu-israel-hamas-qui-sont-les-otages-encore-en-vie\/#primaryimage"},"thumbnailUrl":"https:\/\/jumeaux91.fr\/blog\/wp-content\/uploads\/2025\/10\/cessez-le-feu-israel-hamas-qui-sont-les-otages-encore-en-vie.jpg","articleSection":["Posts Fr\u00e8res Jumeaux De L'Essonnes:"],"inLanguage":"fr-FR"},{"@type":"WebPage","@id":"https:\/\/jumeaux91.fr\/blog\/cessez-le-feu-israel-hamas-qui-sont-les-otages-encore-en-vie\/","url":"https:\/\/jumeaux91.fr\/blog\/cessez-le-feu-israel-hamas-qui-sont-les-otages-encore-en-vie\/","name":"Cessez-le-feu Isra\u00ebl-Hamas : qui sont les otages encore en vie - JUMEAUX91","isPartOf":{"@id":"https:\/\/jumeaux91.fr\/blog\/#website"},"primaryImageOfPage":{"@id":"https:\/\/jumeaux91.fr\/blog\/cessez-le-feu-israel-hamas-qui-sont-les-otages-encore-en-vie\/#primaryimage"},"image":{"@id":"https:\/\/jumeaux91.fr\/blog\/cessez-le-feu-israel-hamas-qui-sont-les-otages-encore-en-vie\/#primaryimage"},"thumbnailUrl":"https:\/\/jumeaux91.fr\/blog\/wp-content\/uploads\/2025\/10\/cessez-le-feu-israel-hamas-qui-sont-les-otages-encore-en-vie.jpg","datePublished":"2025-10-09T05:14:00+00:00","breadcrumb":{"@id":"https:\/\/jumeaux91.fr\/blog\/cessez-le-feu-israel-hamas-qui-sont-les-otages-encore-en-vie\/#breadcrumb"},"inLanguage":"fr-FR","potentialAction":[{"@type":"ReadAction","target":["https:\/\/jumeaux91.fr\/blog\/cessez-le-feu-israel-hamas-qui-sont-les-otages-encore-en-vie\/"]}]},{"@type":"ImageObject","inLanguage":"fr-FR","@id":"https:\/\/jumeaux91.fr\/blog\/cessez-le-feu-israel-hamas-qui-sont-les-otages-encore-en-vie\/#primaryimage","url":"https:\/\/jumeaux91.fr\/blog\/wp-content\/uploads\/2025\/10\/cessez-le-feu-israel-hamas-qui-sont-les-otages-encore-en-vie.jpg","contentUrl":"https:\/\/jumeaux91.fr\/blog\/wp-content\/uploads\/2025\/10\/cessez-le-feu-israel-hamas-qui-sont-les-otages-encore-en-vie.jpg","width":1200,"height":780,"caption":"Cessez le feu Isra\u00ebl Hamas : qui sont les otages encore en vie"},{"@type":"BreadcrumbList","@id":"https:\/\/jumeaux91.fr\/blog\/cessez-le-feu-israel-hamas-qui-sont-les-otages-encore-en-vie\/#breadcrumb","itemListElement":[{"@type":"ListItem","position":1,"name":"Accueil","item":"https:\/\/jumeaux91.fr\/blog\/"},{"@type":"ListItem","position":2,"name":"Cessez-le-feu Isra\u00ebl-Hamas : qui sont les otages encore en vie"}]},{"@type":"WebSite","@id":"https:\/\/jumeaux91.fr\/blog\/#website","url":"https:\/\/jumeaux91.fr\/blog\/","name":"JUMEAUX91","description":"Fr\u00e8res jumeaux de l&#039;Essonnes; informations et archives, \u00e0 savoir et retenir.","publisher":{"@id":"https:\/\/jumeaux91.fr\/blog\/#organization"},"potentialAction":[{"@type":"SearchAction","target":{"@type":"EntryPoint","urlTemplate":"https:\/\/jumeaux91.fr\/blog\/?s={search_term_string}"},"query-input":{"@type":"PropertyValueSpecification","valueRequired":true,"valueName":"search_term_string"}}],"inLanguage":"fr-FR"},{"@type":"Organization","@id":"https:\/\/jumeaux91.fr\/blog\/#organization","name":"jumeaux91","url":"https:\/\/jumeaux91.fr\/blog\/","logo":{"@type":"ImageObject","inLanguage":"fr-FR","@id":"https:\/\/jumeaux91.fr\/blog\/#\/schema\/logo\/image\/","url":"https:\/\/jumeaux91.fr\/blog\/wp-content\/uploads\/2023\/05\/cropped-cropped-logoJ_91.png","contentUrl":"https:\/\/jumeaux91.fr\/blog\/wp-content\/uploads\/2023\/05\/cropped-cropped-logoJ_91.png","width":512,"height":512,"caption":"jumeaux91"},"image":{"@id":"https:\/\/jumeaux91.fr\/blog\/#\/schema\/logo\/image\/"}},{"@type":"Person","@id":"https:\/\/jumeaux91.fr\/blog\/#\/schema\/person\/21da06e9f119b9f64e5d45dbbd32d3fb","name":"Claude DAYRES","image":{"@type":"ImageObject","inLanguage":"fr-FR","@id":"https:\/\/secure.gravatar.com\/avatar\/82eb951df6110a2c48d1bfa7a67d1ee6f0cd5df3cbf9c3586dd61e82db7172a5?s=96&d=mm&r=g","url":"https:\/\/secure.gravatar.com\/avatar\/82eb951df6110a2c48d1bfa7a67d1ee6f0cd5df3cbf9c3586dd61e82db7172a5?s=96&d=mm&r=g","contentUrl":"https:\/\/secure.gravatar.com\/avatar\/82eb951df6110a2c48d1bfa7a67d1ee6f0cd5df3cbf9c3586dd61e82db7172a5?s=96&d=mm&r=g","caption":"Claude DAYRES"},"url":"https:\/\/jumeaux91.fr\/blog\/author\/x91claude\/"}]}},"_links":{"self":[{"href":"https:\/\/jumeaux91.fr\/blog\/wp-json\/wp\/v2\/posts\/1752","targetHints":{"allow":["GET"]}}],"collection":[{"href":"https:\/\/jumeaux91.fr\/blog\/wp-json\/wp\/v2\/posts"}],"about":[{"href":"https:\/\/jumeaux91.fr\/blog\/wp-json\/wp\/v2\/types\/post"}],"author":[{"embeddable":true,"href":"https:\/\/jumeaux91.fr\/blog\/wp-json\/wp\/v2\/users\/2"}],"replies":[{"embeddable":true,"href":"https:\/\/jumeaux91.fr\/blog\/wp-json\/wp\/v2\/comments?post=1752"}],"version-history":[{"count":0,"href":"https:\/\/jumeaux91.fr\/blog\/wp-json\/wp\/v2\/posts\/1752\/revisions"}],"wp:featuredmedia":[{"embeddable":true,"href":"https:\/\/jumeaux91.fr\/blog\/wp-json\/wp\/v2\/media\/1753"}],"wp:attachment":[{"href":"https:\/\/jumeaux91.fr\/blog\/wp-json\/wp\/v2\/media?parent=1752"}],"wp:term":[{"taxonomy":"category","embeddable":true,"href":"https:\/\/jumeaux91.fr\/blog\/wp-json\/wp\/v2\/categories?post=1752"},{"taxonomy":"post_tag","embeddable":true,"href":"https:\/\/jumeaux91.fr\/blog\/wp-json\/wp\/v2\/tags?post=1752"}],"curies":[{"name":"wp","href":"https:\/\/api.w.org\/{rel}","templated":true}]}}