{"id":1766,"date":"2025-10-14T02:33:00","date_gmt":"2025-10-14T00:33:00","guid":{"rendered":"https:\/\/jumeaux91.fr\/blog\/enchaine-pendant-deux-ans-traitement-sans-anesthesie-sous-alimentation-les-temoignages-glacants-des-otages-liberes-par-le-hamas-apres-738-jours-de-captivite\/"},"modified":"2025-10-14T02:33:00","modified_gmt":"2025-10-14T00:33:00","slug":"enchaine-pendant-deux-ans-traitement-sans-anesthesie-sous-alimentation-les-temoignages-glacants-des-otages-liberes-par-le-hamas-apres-738-jours-de-captivite","status":"publish","type":"post","link":"https:\/\/jumeaux91.fr\/blog\/enchaine-pendant-deux-ans-traitement-sans-anesthesie-sous-alimentation-les-temoignages-glacants-des-otages-liberes-par-le-hamas-apres-738-jours-de-captivite\/","title":{"rendered":"Encha\u00een\u00e9 pendant deux ans, \u00abtraitement\u00bb sans anesth\u00e9sie, sous-alimentation&#8230; Les t\u00e9moignages gla\u00e7ants des otages lib\u00e9r\u00e9s par le Hamas apr\u00e8s 738 jours de captivit\u00e9"},"content":{"rendered":"<div><img decoding=\"async\" src=\"https:\/\/jumeaux91.fr\/blog\/wp-content\/uploads\/2025\/10\/enchaine-pendant-deux-ans-traitement-sans-anesthesie-sous-alimentation-les-temoignages-glacants-des-otages-liberes-par-le-hamas-apres-738-jours-de-captivite.jpg\" class=\"ff-og-image-inserted\"><\/div>\n<div class=\"field field-name-body field-type-text-with-summary\">\n<p class=\"dm_article-chapeau\">Lib\u00e9r\u00e9s lundi, les 20 otages isra\u00e9liens vivants qui \u00e9taient encore retenus \u00e0 Gaza sont de retour en Isra\u00ebl. Certains ont d\u00e9j\u00e0 racont\u00e9 des bribes de leur d\u00e9tention.<\/p>\n<p>Apr\u00e8s 738 jours de captivit\u00e9, les d\u00e9sormais ex-otages isra\u00e9liens sont enfin de retour chez eux. Lib\u00e9r\u00e9s ce lundi, ils ont retrouv\u00e9 leurs proches et ont commenc\u00e9 \u00e0 raconter ce qu&rsquo;ils ont v\u00e9cu pendant ces deux ans sous le joug du Hamas.<\/p>\n<h2 class=\"dm_article-paragraph-title\">Elkana Bohbot<\/h2>\n<p>D&rsquo;apr\u00e8s les informations relay\u00e9es par la cha\u00eene de t\u00e9l\u00e9vision isra\u00e9lienne <a href=\"https:\/\/www.mako.co.il\/news-military\/be11d799e08b8910\/Article-6d87aed526ed991026.htm\" target=\"_blank\" rel=\"nofollow\">N12<\/a>, Elkana Bohbot, 36 ans, a notamment indiqu\u00e9 avoir pass\u00e9 la majeure partie de sa captivit\u00e9 encha\u00een\u00e9 dans des tunnels.&nbsp;<\/p>\n<p>Il se souvient avoir demand\u00e9 \u00e0 l&rsquo;un des gardes l&rsquo;autorisation de se doucher le jour de son anniversaire de mariage. Son ge\u00f4lier aurait d&rsquo;abord refus\u00e9, avant de c\u00e9der. Il lui a permis de se laver et l&rsquo;a ras\u00e9 dans le m\u00eame temps.<\/p>\n<p>Elkana Bohbot, qui \u00e9tait le coproducteur du festival Nova, au cours duquel pr\u00e8s de 370 personnes ont \u00e9t\u00e9 tu\u00e9es le 7-octobre, souffre selon N12 de douleurs aux jambes et en bas du dos, ainsi que de maux d&rsquo;estomac en raison d&rsquo;une \u00absuralimentation avant sa lib\u00e9ration\u00bb.<\/p>\n<h2 class=\"dm_article-paragraph-title\">Matan Angrest<\/h2>\n<p>Sous-officier de l&rsquo;arm\u00e9e isra\u00e9lienne, Matan Angrest, 22 ans, avait \u00e9t\u00e9 captur\u00e9 dans son char en lisi\u00e8re de la bande de Gaza.&nbsp;<\/p>\n<p>Contrairement \u00e0 la plupart des autres otages, il n&rsquo;a pas \u00e9t\u00e9 coup\u00e9 du monde durant sa captivit\u00e9 : il a eu acc\u00e8s \u00e0 certains m\u00e9dias et a notamment pu voir ses proches parler dans des vid\u00e9os montrant la place des Otages \u00e0 Tel Aviv.<\/p>\n<p>Sa main et ses doigts ont \u00e9t\u00e9 gri\u00e8vement bless\u00e9s durant ces deux ans. Il a re\u00e7u des soins qui lui ont \u00e9t\u00e9 administr\u00e9s sans anesth\u00e9sie, ce qui, selon N12, a aggrav\u00e9 son \u00e9tat.<\/p>\n<h2 class=\"dm_article-paragraph-title\">Evyatar David<\/h2>\n<p>Le 7-octobre, Evyatar David, 24 ans, assistait avec son ami d&rsquo;enfance Guy Gilboa Dalal au festival Nova. Tous deux ont \u00e9t\u00e9 enlev\u00e9s et ont pass\u00e9 la majeure partie de leur captivit\u00e9 ensemble, avant d&rsquo;\u00eatre s\u00e9par\u00e9s les deux derniers mois.<\/p>\n<p>En ao\u00fbt 2025, le Hamas avait diffus\u00e9 une vid\u00e9o le montrant gravement sous-aliment\u00e9 et visiblement affaibli. Selon son p\u00e8re, Avishai David, le jeune homme a \u00e9t\u00e9 r\u00e9guli\u00e8rement priv\u00e9 de nourriture et d&rsquo;eau mais a aussi subi des violences physiques et psychologiques.<\/p>\n<p>\u00abIl est encore faible, maigre. Il manque de min\u00e9raux et de toutes sortes de nutriments, a expliqu\u00e9 Avishai David. Il essaie de nous rassurer sur ce qu&rsquo;il a v\u00e9cu\u00bb.<\/p>\n<h2 class=\"dm_article-paragraph-title\">Avinatan Or<\/h2>\n<p>Participant lui aussi au festival Nova, Avinatan Or, 32 ans, avait \u00e9t\u00e9 enlev\u00e9 avec sa conjointe, Noa Argamani. Cette derni\u00e8re avait toutefois \u00e9t\u00e9 lib\u00e9r\u00e9e en juin 2024, lors d&rsquo;une op\u00e9ration militaire isra\u00e9lienne.<\/p>\n<p>Avinatan Or a \u00e9t\u00e9 compl\u00e8tement isol\u00e9 durant sa captivit\u00e9 et n&rsquo;a eu que tr\u00e8s peu d&rsquo;informations sur ce qui s&rsquo;est pass\u00e9 apr\u00e8s le 7-Octobre.<\/p>\n<p>Il a \u00e9t\u00e9 syst\u00e9matiquement affam\u00e9 par ses ge\u00f4liers et a perdu entre 30 et 40% de son poids d&rsquo;apr\u00e8s N12, qui cite un \u00abpremier rapport m\u00e9dical\u00bb.<\/p>\n<h2 class=\"dm_article-paragraph-title\">Gali et Ziv Berman<\/h2>\n<p>Ces fr\u00e8res jumeaux \u00e2g\u00e9s de 28 ans ont \u00e9t\u00e9 enlev\u00e9s alors qu&rsquo;ils se trouvaient dans le quartier des jeunes du kibboutz Kfar Aza, incendi\u00e9 par les commandos du Hamas. Leurs parents et leur fr\u00e8re a\u00een\u00e9 ont surv\u00e9cu \u00e0 l&rsquo;attaque.<\/p>\n<p>Gali et Ziv Berman ont \u00e9t\u00e9 d\u00e9tenus s\u00e9par\u00e9ment, m\u00eame s&rsquo;ils se trouvaient dans la m\u00eame zone de Gaza. Ils ont tous deux \u00e9voqu\u00e9 des p\u00e9riodes de p\u00e9nurie alimentaire mais aussi des moments o\u00f9 il \u00e9tait possible d&rsquo;obtenir \u00abun peu plus de nourriture\u00bb.<\/p>\n<p>Longtemps coup\u00e9s du monde, ils ont commenc\u00e9 \u00e0 entendre les op\u00e9rations de l&rsquo;arm\u00e9e isra\u00e9lienne \u00e0 proximit\u00e9 quelque temps avant leur lib\u00e9ration.<\/p>\n<\/p><\/div>\n<p> La chronique se veut g\u00e9n\u00e9r\u00e9e de la fa\u00e7on la plus claire que possible. Dans le cas o\u00f9 vous souhaitez pr\u00e9senter des renseignements compl\u00e9mentaires \u00e0 cet article sur le sujet \u00ab\u00a0Fr\u00e8res jumeaux de l&rsquo;Essonnes\u00a0\u00bb il vous est possible d\u2019\u00e9crire aux contacts indiqu\u00e9s sur notre website. La raison d\u2019\u00eatre de jumeaux91.fr \u00e9tant de rassembler sur le web des posts sur le sujet de Fr\u00e8res jumeaux de l&rsquo;Essonnes puis les diffuser en r\u00e9pondant au mieux aux interrogations des gens. Vous pouvez tirer profit de cet article traitant le sujet \u00ab\u00a0Fr\u00e8res jumeaux de l&rsquo;Essonnes\u00a0\u00bb. Il est concoct\u00e9 par l\u2019\u00e9quipe jumeaux91.fr. Prochainement, nous rendrons accessibles au public d&rsquo;autres informations pertinentes sur le sujet \u00ab\u00a0Fr\u00e8res jumeaux de l&rsquo;Essonnes\u00a0\u00bb. Alors, consultez syst\u00e9matiquement notre blog.<\/p>\n","protected":false},"excerpt":{"rendered":"<p>Lib\u00e9r\u00e9s lundi, les 20 otages isra\u00e9liens vivants qui \u00e9taient encore retenus \u00e0 Gaza sont de retour en Isra\u00ebl. Certains ont d\u00e9j\u00e0 racont\u00e9 des bribes de leur d\u00e9tention. Apr\u00e8s 738 jours de captivit\u00e9, les d\u00e9sormais ex-otages isra\u00e9liens sont enfin de retour chez eux. Lib\u00e9r\u00e9s ce lundi, ils ont retrouv\u00e9 leurs proches et ont commenc\u00e9 \u00e0 raconter&hellip; <a class=\"more-link\" href=\"https:\/\/jumeaux91.fr\/blog\/enchaine-pendant-deux-ans-traitement-sans-anesthesie-sous-alimentation-les-temoignages-glacants-des-otages-liberes-par-le-hamas-apres-738-jours-de-captivite\/\">Poursuivre la lecture <span class=\"screen-reader-text\">Encha\u00een\u00e9 pendant deux ans, \u00abtraitement\u00bb sans anesth\u00e9sie, sous-alimentation&#8230; Les t\u00e9moignages gla\u00e7ants des otages lib\u00e9r\u00e9s par le Hamas apr\u00e8s 738 jours de captivit\u00e9<\/span><\/a><\/p>\n","protected":false},"author":2,"featured_media":1767,"comment_status":"closed","ping_status":"closed","sticky":false,"template":"","format":"standard","meta":{"footnotes":""},"categories":[4],"tags":[],"class_list":["post-1766","post","type-post","status-publish","format-standard","has-post-thumbnail","hentry","category-posts-freres-jumeaux-de-lessonnes","entry"],"yoast_head":"<!-- This site is optimized with the Yoast SEO plugin v27.5 - https:\/\/yoast.com\/product\/yoast-seo-wordpress\/ -->\n<title>Encha\u00een\u00e9 pendant deux ans, \u00abtraitement\u00bb sans anesth\u00e9sie, sous-alimentation... Les t\u00e9moignages gla\u00e7ants des otages lib\u00e9r\u00e9s par le Hamas apr\u00e8s 738 jours de captivit\u00e9 - JUMEAUX91<\/title>\n<meta name=\"robots\" content=\"index, follow, max-snippet:-1, max-image-preview:large, max-video-preview:-1\" \/>\n<link rel=\"canonical\" href=\"https:\/\/jumeaux91.fr\/blog\/enchaine-pendant-deux-ans-traitement-sans-anesthesie-sous-alimentation-les-temoignages-glacants-des-otages-liberes-par-le-hamas-apres-738-jours-de-captivite\/\" \/>\n<meta property=\"og:locale\" content=\"fr_FR\" \/>\n<meta property=\"og:type\" content=\"article\" \/>\n<meta property=\"og:title\" content=\"Encha\u00een\u00e9 pendant deux ans, \u00abtraitement\u00bb sans anesth\u00e9sie, sous-alimentation... Les t\u00e9moignages gla\u00e7ants des otages lib\u00e9r\u00e9s par le Hamas apr\u00e8s 738 jours de captivit\u00e9 - JUMEAUX91\" \/>\n<meta property=\"og:description\" content=\"Lib\u00e9r\u00e9s lundi, les 20 otages isra\u00e9liens vivants qui \u00e9taient encore retenus \u00e0 Gaza sont de retour en Isra\u00ebl. Certains ont d\u00e9j\u00e0 racont\u00e9 des bribes de leur d\u00e9tention. Apr\u00e8s 738 jours de captivit\u00e9, les d\u00e9sormais ex-otages isra\u00e9liens sont enfin de retour chez eux. Lib\u00e9r\u00e9s ce lundi, ils ont retrouv\u00e9 leurs proches et ont commenc\u00e9 \u00e0 raconter&hellip; Poursuivre la lecture Encha\u00een\u00e9 pendant deux ans, \u00abtraitement\u00bb sans anesth\u00e9sie, sous-alimentation&#8230; Les t\u00e9moignages gla\u00e7ants des otages lib\u00e9r\u00e9s par le Hamas apr\u00e8s 738 jours de captivit\u00e9\" \/>\n<meta property=\"og:url\" content=\"https:\/\/jumeaux91.fr\/blog\/enchaine-pendant-deux-ans-traitement-sans-anesthesie-sous-alimentation-les-temoignages-glacants-des-otages-liberes-par-le-hamas-apres-738-jours-de-captivite\/\" \/>\n<meta property=\"og:site_name\" content=\"JUMEAUX91\" \/>\n<meta property=\"article:published_time\" content=\"2025-10-14T00:33:00+00:00\" \/>\n<meta property=\"og:image\" content=\"https:\/\/jumeaux91.fr\/blog\/wp-content\/uploads\/2025\/10\/enchaine-pendant-deux-ans-traitement-sans-anesthesie-sous-alimentation-les-temoignages-glacants-des-otages-liberes-par-le-hamas-apres-738-jours-de-captivite.jpg\" \/>\n<meta name=\"author\" content=\"Claude DAYRES\" \/>\n<meta name=\"twitter:card\" content=\"summary_large_image\" \/>\n<meta name=\"twitter:label1\" content=\"\u00c9crit par\" \/>\n\t<meta name=\"twitter:data1\" content=\"Claude DAYRES\" \/>\n\t<meta name=\"twitter:label2\" content=\"Dur\u00e9e de lecture estim\u00e9e\" \/>\n\t<meta name=\"twitter:data2\" content=\"4 minutes\" \/>\n<script type=\"application\/ld+json\" class=\"yoast-schema-graph\">{\"@context\":\"https:\\\/\\\/schema.org\",\"@graph\":[{\"@type\":\"Article\",\"@id\":\"https:\\\/\\\/jumeaux91.fr\\\/blog\\\/enchaine-pendant-deux-ans-traitement-sans-anesthesie-sous-alimentation-les-temoignages-glacants-des-otages-liberes-par-le-hamas-apres-738-jours-de-captivite\\\/#article\",\"isPartOf\":{\"@id\":\"https:\\\/\\\/jumeaux91.fr\\\/blog\\\/enchaine-pendant-deux-ans-traitement-sans-anesthesie-sous-alimentation-les-temoignages-glacants-des-otages-liberes-par-le-hamas-apres-738-jours-de-captivite\\\/\"},\"author\":{\"name\":\"Claude DAYRES\",\"@id\":\"https:\\\/\\\/jumeaux91.fr\\\/blog\\\/#\\\/schema\\\/person\\\/21da06e9f119b9f64e5d45dbbd32d3fb\"},\"headline\":\"Encha\u00een\u00e9 pendant deux ans, \u00abtraitement\u00bb sans anesth\u00e9sie, sous-alimentation&#8230; Les t\u00e9moignages gla\u00e7ants des otages lib\u00e9r\u00e9s par le Hamas apr\u00e8s 738 jours de captivit\u00e9\",\"datePublished\":\"2025-10-14T00:33:00+00:00\",\"mainEntityOfPage\":{\"@id\":\"https:\\\/\\\/jumeaux91.fr\\\/blog\\\/enchaine-pendant-deux-ans-traitement-sans-anesthesie-sous-alimentation-les-temoignages-glacants-des-otages-liberes-par-le-hamas-apres-738-jours-de-captivite\\\/\"},\"wordCount\":835,\"publisher\":{\"@id\":\"https:\\\/\\\/jumeaux91.fr\\\/blog\\\/#organization\"},\"image\":{\"@id\":\"https:\\\/\\\/jumeaux91.fr\\\/blog\\\/enchaine-pendant-deux-ans-traitement-sans-anesthesie-sous-alimentation-les-temoignages-glacants-des-otages-liberes-par-le-hamas-apres-738-jours-de-captivite\\\/#primaryimage\"},\"thumbnailUrl\":\"https:\\\/\\\/jumeaux91.fr\\\/blog\\\/wp-content\\\/uploads\\\/2025\\\/10\\\/enchaine-pendant-deux-ans-traitement-sans-anesthesie-sous-alimentation-les-temoignages-glacants-des-otages-liberes-par-le-hamas-apres-738-jours-de-captivite.jpg\",\"articleSection\":[\"Posts Fr\u00e8res Jumeaux De L'Essonnes:\"],\"inLanguage\":\"fr-FR\"},{\"@type\":\"WebPage\",\"@id\":\"https:\\\/\\\/jumeaux91.fr\\\/blog\\\/enchaine-pendant-deux-ans-traitement-sans-anesthesie-sous-alimentation-les-temoignages-glacants-des-otages-liberes-par-le-hamas-apres-738-jours-de-captivite\\\/\",\"url\":\"https:\\\/\\\/jumeaux91.fr\\\/blog\\\/enchaine-pendant-deux-ans-traitement-sans-anesthesie-sous-alimentation-les-temoignages-glacants-des-otages-liberes-par-le-hamas-apres-738-jours-de-captivite\\\/\",\"name\":\"Encha\u00een\u00e9 pendant deux ans, \u00abtraitement\u00bb sans anesth\u00e9sie, sous-alimentation... Les t\u00e9moignages gla\u00e7ants des otages lib\u00e9r\u00e9s par le Hamas apr\u00e8s 738 jours de captivit\u00e9 - JUMEAUX91\",\"isPartOf\":{\"@id\":\"https:\\\/\\\/jumeaux91.fr\\\/blog\\\/#website\"},\"primaryImageOfPage\":{\"@id\":\"https:\\\/\\\/jumeaux91.fr\\\/blog\\\/enchaine-pendant-deux-ans-traitement-sans-anesthesie-sous-alimentation-les-temoignages-glacants-des-otages-liberes-par-le-hamas-apres-738-jours-de-captivite\\\/#primaryimage\"},\"image\":{\"@id\":\"https:\\\/\\\/jumeaux91.fr\\\/blog\\\/enchaine-pendant-deux-ans-traitement-sans-anesthesie-sous-alimentation-les-temoignages-glacants-des-otages-liberes-par-le-hamas-apres-738-jours-de-captivite\\\/#primaryimage\"},\"thumbnailUrl\":\"https:\\\/\\\/jumeaux91.fr\\\/blog\\\/wp-content\\\/uploads\\\/2025\\\/10\\\/enchaine-pendant-deux-ans-traitement-sans-anesthesie-sous-alimentation-les-temoignages-glacants-des-otages-liberes-par-le-hamas-apres-738-jours-de-captivite.jpg\",\"datePublished\":\"2025-10-14T00:33:00+00:00\",\"breadcrumb\":{\"@id\":\"https:\\\/\\\/jumeaux91.fr\\\/blog\\\/enchaine-pendant-deux-ans-traitement-sans-anesthesie-sous-alimentation-les-temoignages-glacants-des-otages-liberes-par-le-hamas-apres-738-jours-de-captivite\\\/#breadcrumb\"},\"inLanguage\":\"fr-FR\",\"potentialAction\":[{\"@type\":\"ReadAction\",\"target\":[\"https:\\\/\\\/jumeaux91.fr\\\/blog\\\/enchaine-pendant-deux-ans-traitement-sans-anesthesie-sous-alimentation-les-temoignages-glacants-des-otages-liberes-par-le-hamas-apres-738-jours-de-captivite\\\/\"]}]},{\"@type\":\"ImageObject\",\"inLanguage\":\"fr-FR\",\"@id\":\"https:\\\/\\\/jumeaux91.fr\\\/blog\\\/enchaine-pendant-deux-ans-traitement-sans-anesthesie-sous-alimentation-les-temoignages-glacants-des-otages-liberes-par-le-hamas-apres-738-jours-de-captivite\\\/#primaryimage\",\"url\":\"https:\\\/\\\/jumeaux91.fr\\\/blog\\\/wp-content\\\/uploads\\\/2025\\\/10\\\/enchaine-pendant-deux-ans-traitement-sans-anesthesie-sous-alimentation-les-temoignages-glacants-des-otages-liberes-par-le-hamas-apres-738-jours-de-captivite.jpg\",\"contentUrl\":\"https:\\\/\\\/jumeaux91.fr\\\/blog\\\/wp-content\\\/uploads\\\/2025\\\/10\\\/enchaine-pendant-deux-ans-traitement-sans-anesthesie-sous-alimentation-les-temoignages-glacants-des-otages-liberes-par-le-hamas-apres-738-jours-de-captivite.jpg\",\"width\":750,\"height\":422,\"caption\":\"Encha\u00een\u00e9 pendant deux ans, \u00abtraitement\u00bb sans anesth\u00e9sie, sous alimentation..\"},{\"@type\":\"BreadcrumbList\",\"@id\":\"https:\\\/\\\/jumeaux91.fr\\\/blog\\\/enchaine-pendant-deux-ans-traitement-sans-anesthesie-sous-alimentation-les-temoignages-glacants-des-otages-liberes-par-le-hamas-apres-738-jours-de-captivite\\\/#breadcrumb\",\"itemListElement\":[{\"@type\":\"ListItem\",\"position\":1,\"name\":\"Accueil\",\"item\":\"https:\\\/\\\/jumeaux91.fr\\\/blog\\\/\"},{\"@type\":\"ListItem\",\"position\":2,\"name\":\"Encha\u00een\u00e9 pendant deux ans, \u00abtraitement\u00bb sans anesth\u00e9sie, sous-alimentation&#8230; Les t\u00e9moignages gla\u00e7ants des otages lib\u00e9r\u00e9s par le Hamas apr\u00e8s 738 jours de captivit\u00e9\"}]},{\"@type\":\"WebSite\",\"@id\":\"https:\\\/\\\/jumeaux91.fr\\\/blog\\\/#website\",\"url\":\"https:\\\/\\\/jumeaux91.fr\\\/blog\\\/\",\"name\":\"JUMEAUX91\",\"description\":\"Fr\u00e8res jumeaux de l&#039;Essonnes; informations et archives, \u00e0 savoir et retenir.\",\"publisher\":{\"@id\":\"https:\\\/\\\/jumeaux91.fr\\\/blog\\\/#organization\"},\"potentialAction\":[{\"@type\":\"SearchAction\",\"target\":{\"@type\":\"EntryPoint\",\"urlTemplate\":\"https:\\\/\\\/jumeaux91.fr\\\/blog\\\/?s={search_term_string}\"},\"query-input\":{\"@type\":\"PropertyValueSpecification\",\"valueRequired\":true,\"valueName\":\"search_term_string\"}}],\"inLanguage\":\"fr-FR\"},{\"@type\":\"Organization\",\"@id\":\"https:\\\/\\\/jumeaux91.fr\\\/blog\\\/#organization\",\"name\":\"jumeaux91\",\"url\":\"https:\\\/\\\/jumeaux91.fr\\\/blog\\\/\",\"logo\":{\"@type\":\"ImageObject\",\"inLanguage\":\"fr-FR\",\"@id\":\"https:\\\/\\\/jumeaux91.fr\\\/blog\\\/#\\\/schema\\\/logo\\\/image\\\/\",\"url\":\"https:\\\/\\\/jumeaux91.fr\\\/blog\\\/wp-content\\\/uploads\\\/2023\\\/05\\\/cropped-cropped-logoJ_91.png\",\"contentUrl\":\"https:\\\/\\\/jumeaux91.fr\\\/blog\\\/wp-content\\\/uploads\\\/2023\\\/05\\\/cropped-cropped-logoJ_91.png\",\"width\":512,\"height\":512,\"caption\":\"jumeaux91\"},\"image\":{\"@id\":\"https:\\\/\\\/jumeaux91.fr\\\/blog\\\/#\\\/schema\\\/logo\\\/image\\\/\"}},{\"@type\":\"Person\",\"@id\":\"https:\\\/\\\/jumeaux91.fr\\\/blog\\\/#\\\/schema\\\/person\\\/21da06e9f119b9f64e5d45dbbd32d3fb\",\"name\":\"Claude DAYRES\",\"image\":{\"@type\":\"ImageObject\",\"inLanguage\":\"fr-FR\",\"@id\":\"https:\\\/\\\/secure.gravatar.com\\\/avatar\\\/82eb951df6110a2c48d1bfa7a67d1ee6f0cd5df3cbf9c3586dd61e82db7172a5?s=96&d=mm&r=g\",\"url\":\"https:\\\/\\\/secure.gravatar.com\\\/avatar\\\/82eb951df6110a2c48d1bfa7a67d1ee6f0cd5df3cbf9c3586dd61e82db7172a5?s=96&d=mm&r=g\",\"contentUrl\":\"https:\\\/\\\/secure.gravatar.com\\\/avatar\\\/82eb951df6110a2c48d1bfa7a67d1ee6f0cd5df3cbf9c3586dd61e82db7172a5?s=96&d=mm&r=g\",\"caption\":\"Claude DAYRES\"},\"url\":\"https:\\\/\\\/jumeaux91.fr\\\/blog\\\/author\\\/x91claude\\\/\"}]}<\/script>\n<!-- \/ Yoast SEO plugin. -->","yoast_head_json":{"title":"Encha\u00een\u00e9 pendant deux ans, \u00abtraitement\u00bb sans anesth\u00e9sie, sous-alimentation... Les t\u00e9moignages gla\u00e7ants des otages lib\u00e9r\u00e9s par le Hamas apr\u00e8s 738 jours de captivit\u00e9 - JUMEAUX91","robots":{"index":"index","follow":"follow","max-snippet":"max-snippet:-1","max-image-preview":"max-image-preview:large","max-video-preview":"max-video-preview:-1"},"canonical":"https:\/\/jumeaux91.fr\/blog\/enchaine-pendant-deux-ans-traitement-sans-anesthesie-sous-alimentation-les-temoignages-glacants-des-otages-liberes-par-le-hamas-apres-738-jours-de-captivite\/","og_locale":"fr_FR","og_type":"article","og_title":"Encha\u00een\u00e9 pendant deux ans, \u00abtraitement\u00bb sans anesth\u00e9sie, sous-alimentation... Les t\u00e9moignages gla\u00e7ants des otages lib\u00e9r\u00e9s par le Hamas apr\u00e8s 738 jours de captivit\u00e9 - JUMEAUX91","og_description":"Lib\u00e9r\u00e9s lundi, les 20 otages isra\u00e9liens vivants qui \u00e9taient encore retenus \u00e0 Gaza sont de retour en Isra\u00ebl. Certains ont d\u00e9j\u00e0 racont\u00e9 des bribes de leur d\u00e9tention. Apr\u00e8s 738 jours de captivit\u00e9, les d\u00e9sormais ex-otages isra\u00e9liens sont enfin de retour chez eux. Lib\u00e9r\u00e9s ce lundi, ils ont retrouv\u00e9 leurs proches et ont commenc\u00e9 \u00e0 raconter&hellip; Poursuivre la lecture Encha\u00een\u00e9 pendant deux ans, \u00abtraitement\u00bb sans anesth\u00e9sie, sous-alimentation&#8230; Les t\u00e9moignages gla\u00e7ants des otages lib\u00e9r\u00e9s par le Hamas apr\u00e8s 738 jours de captivit\u00e9","og_url":"https:\/\/jumeaux91.fr\/blog\/enchaine-pendant-deux-ans-traitement-sans-anesthesie-sous-alimentation-les-temoignages-glacants-des-otages-liberes-par-le-hamas-apres-738-jours-de-captivite\/","og_site_name":"JUMEAUX91","article_published_time":"2025-10-14T00:33:00+00:00","og_image":[{"url":"https:\/\/jumeaux91.fr\/blog\/wp-content\/uploads\/2025\/10\/enchaine-pendant-deux-ans-traitement-sans-anesthesie-sous-alimentation-les-temoignages-glacants-des-otages-liberes-par-le-hamas-apres-738-jours-de-captivite.jpg","type":"","width":"","height":""}],"author":"Claude DAYRES","twitter_card":"summary_large_image","twitter_misc":{"\u00c9crit par":"Claude DAYRES","Dur\u00e9e de lecture estim\u00e9e":"4 minutes"},"schema":{"@context":"https:\/\/schema.org","@graph":[{"@type":"Article","@id":"https:\/\/jumeaux91.fr\/blog\/enchaine-pendant-deux-ans-traitement-sans-anesthesie-sous-alimentation-les-temoignages-glacants-des-otages-liberes-par-le-hamas-apres-738-jours-de-captivite\/#article","isPartOf":{"@id":"https:\/\/jumeaux91.fr\/blog\/enchaine-pendant-deux-ans-traitement-sans-anesthesie-sous-alimentation-les-temoignages-glacants-des-otages-liberes-par-le-hamas-apres-738-jours-de-captivite\/"},"author":{"name":"Claude DAYRES","@id":"https:\/\/jumeaux91.fr\/blog\/#\/schema\/person\/21da06e9f119b9f64e5d45dbbd32d3fb"},"headline":"Encha\u00een\u00e9 pendant deux ans, \u00abtraitement\u00bb sans anesth\u00e9sie, sous-alimentation&#8230; Les t\u00e9moignages gla\u00e7ants des otages lib\u00e9r\u00e9s par le Hamas apr\u00e8s 738 jours de captivit\u00e9","datePublished":"2025-10-14T00:33:00+00:00","mainEntityOfPage":{"@id":"https:\/\/jumeaux91.fr\/blog\/enchaine-pendant-deux-ans-traitement-sans-anesthesie-sous-alimentation-les-temoignages-glacants-des-otages-liberes-par-le-hamas-apres-738-jours-de-captivite\/"},"wordCount":835,"publisher":{"@id":"https:\/\/jumeaux91.fr\/blog\/#organization"},"image":{"@id":"https:\/\/jumeaux91.fr\/blog\/enchaine-pendant-deux-ans-traitement-sans-anesthesie-sous-alimentation-les-temoignages-glacants-des-otages-liberes-par-le-hamas-apres-738-jours-de-captivite\/#primaryimage"},"thumbnailUrl":"https:\/\/jumeaux91.fr\/blog\/wp-content\/uploads\/2025\/10\/enchaine-pendant-deux-ans-traitement-sans-anesthesie-sous-alimentation-les-temoignages-glacants-des-otages-liberes-par-le-hamas-apres-738-jours-de-captivite.jpg","articleSection":["Posts Fr\u00e8res Jumeaux De L'Essonnes:"],"inLanguage":"fr-FR"},{"@type":"WebPage","@id":"https:\/\/jumeaux91.fr\/blog\/enchaine-pendant-deux-ans-traitement-sans-anesthesie-sous-alimentation-les-temoignages-glacants-des-otages-liberes-par-le-hamas-apres-738-jours-de-captivite\/","url":"https:\/\/jumeaux91.fr\/blog\/enchaine-pendant-deux-ans-traitement-sans-anesthesie-sous-alimentation-les-temoignages-glacants-des-otages-liberes-par-le-hamas-apres-738-jours-de-captivite\/","name":"Encha\u00een\u00e9 pendant deux ans, \u00abtraitement\u00bb sans anesth\u00e9sie, sous-alimentation... Les t\u00e9moignages gla\u00e7ants des otages lib\u00e9r\u00e9s par le Hamas apr\u00e8s 738 jours de captivit\u00e9 - JUMEAUX91","isPartOf":{"@id":"https:\/\/jumeaux91.fr\/blog\/#website"},"primaryImageOfPage":{"@id":"https:\/\/jumeaux91.fr\/blog\/enchaine-pendant-deux-ans-traitement-sans-anesthesie-sous-alimentation-les-temoignages-glacants-des-otages-liberes-par-le-hamas-apres-738-jours-de-captivite\/#primaryimage"},"image":{"@id":"https:\/\/jumeaux91.fr\/blog\/enchaine-pendant-deux-ans-traitement-sans-anesthesie-sous-alimentation-les-temoignages-glacants-des-otages-liberes-par-le-hamas-apres-738-jours-de-captivite\/#primaryimage"},"thumbnailUrl":"https:\/\/jumeaux91.fr\/blog\/wp-content\/uploads\/2025\/10\/enchaine-pendant-deux-ans-traitement-sans-anesthesie-sous-alimentation-les-temoignages-glacants-des-otages-liberes-par-le-hamas-apres-738-jours-de-captivite.jpg","datePublished":"2025-10-14T00:33:00+00:00","breadcrumb":{"@id":"https:\/\/jumeaux91.fr\/blog\/enchaine-pendant-deux-ans-traitement-sans-anesthesie-sous-alimentation-les-temoignages-glacants-des-otages-liberes-par-le-hamas-apres-738-jours-de-captivite\/#breadcrumb"},"inLanguage":"fr-FR","potentialAction":[{"@type":"ReadAction","target":["https:\/\/jumeaux91.fr\/blog\/enchaine-pendant-deux-ans-traitement-sans-anesthesie-sous-alimentation-les-temoignages-glacants-des-otages-liberes-par-le-hamas-apres-738-jours-de-captivite\/"]}]},{"@type":"ImageObject","inLanguage":"fr-FR","@id":"https:\/\/jumeaux91.fr\/blog\/enchaine-pendant-deux-ans-traitement-sans-anesthesie-sous-alimentation-les-temoignages-glacants-des-otages-liberes-par-le-hamas-apres-738-jours-de-captivite\/#primaryimage","url":"https:\/\/jumeaux91.fr\/blog\/wp-content\/uploads\/2025\/10\/enchaine-pendant-deux-ans-traitement-sans-anesthesie-sous-alimentation-les-temoignages-glacants-des-otages-liberes-par-le-hamas-apres-738-jours-de-captivite.jpg","contentUrl":"https:\/\/jumeaux91.fr\/blog\/wp-content\/uploads\/2025\/10\/enchaine-pendant-deux-ans-traitement-sans-anesthesie-sous-alimentation-les-temoignages-glacants-des-otages-liberes-par-le-hamas-apres-738-jours-de-captivite.jpg","width":750,"height":422,"caption":"Encha\u00een\u00e9 pendant deux ans, \u00abtraitement\u00bb sans anesth\u00e9sie, sous alimentation.."},{"@type":"BreadcrumbList","@id":"https:\/\/jumeaux91.fr\/blog\/enchaine-pendant-deux-ans-traitement-sans-anesthesie-sous-alimentation-les-temoignages-glacants-des-otages-liberes-par-le-hamas-apres-738-jours-de-captivite\/#breadcrumb","itemListElement":[{"@type":"ListItem","position":1,"name":"Accueil","item":"https:\/\/jumeaux91.fr\/blog\/"},{"@type":"ListItem","position":2,"name":"Encha\u00een\u00e9 pendant deux ans, \u00abtraitement\u00bb sans anesth\u00e9sie, sous-alimentation&#8230; Les t\u00e9moignages gla\u00e7ants des otages lib\u00e9r\u00e9s par le Hamas apr\u00e8s 738 jours de captivit\u00e9"}]},{"@type":"WebSite","@id":"https:\/\/jumeaux91.fr\/blog\/#website","url":"https:\/\/jumeaux91.fr\/blog\/","name":"JUMEAUX91","description":"Fr\u00e8res jumeaux de l&#039;Essonnes; informations et archives, \u00e0 savoir et retenir.","publisher":{"@id":"https:\/\/jumeaux91.fr\/blog\/#organization"},"potentialAction":[{"@type":"SearchAction","target":{"@type":"EntryPoint","urlTemplate":"https:\/\/jumeaux91.fr\/blog\/?s={search_term_string}"},"query-input":{"@type":"PropertyValueSpecification","valueRequired":true,"valueName":"search_term_string"}}],"inLanguage":"fr-FR"},{"@type":"Organization","@id":"https:\/\/jumeaux91.fr\/blog\/#organization","name":"jumeaux91","url":"https:\/\/jumeaux91.fr\/blog\/","logo":{"@type":"ImageObject","inLanguage":"fr-FR","@id":"https:\/\/jumeaux91.fr\/blog\/#\/schema\/logo\/image\/","url":"https:\/\/jumeaux91.fr\/blog\/wp-content\/uploads\/2023\/05\/cropped-cropped-logoJ_91.png","contentUrl":"https:\/\/jumeaux91.fr\/blog\/wp-content\/uploads\/2023\/05\/cropped-cropped-logoJ_91.png","width":512,"height":512,"caption":"jumeaux91"},"image":{"@id":"https:\/\/jumeaux91.fr\/blog\/#\/schema\/logo\/image\/"}},{"@type":"Person","@id":"https:\/\/jumeaux91.fr\/blog\/#\/schema\/person\/21da06e9f119b9f64e5d45dbbd32d3fb","name":"Claude DAYRES","image":{"@type":"ImageObject","inLanguage":"fr-FR","@id":"https:\/\/secure.gravatar.com\/avatar\/82eb951df6110a2c48d1bfa7a67d1ee6f0cd5df3cbf9c3586dd61e82db7172a5?s=96&d=mm&r=g","url":"https:\/\/secure.gravatar.com\/avatar\/82eb951df6110a2c48d1bfa7a67d1ee6f0cd5df3cbf9c3586dd61e82db7172a5?s=96&d=mm&r=g","contentUrl":"https:\/\/secure.gravatar.com\/avatar\/82eb951df6110a2c48d1bfa7a67d1ee6f0cd5df3cbf9c3586dd61e82db7172a5?s=96&d=mm&r=g","caption":"Claude DAYRES"},"url":"https:\/\/jumeaux91.fr\/blog\/author\/x91claude\/"}]}},"_links":{"self":[{"href":"https:\/\/jumeaux91.fr\/blog\/wp-json\/wp\/v2\/posts\/1766","targetHints":{"allow":["GET"]}}],"collection":[{"href":"https:\/\/jumeaux91.fr\/blog\/wp-json\/wp\/v2\/posts"}],"about":[{"href":"https:\/\/jumeaux91.fr\/blog\/wp-json\/wp\/v2\/types\/post"}],"author":[{"embeddable":true,"href":"https:\/\/jumeaux91.fr\/blog\/wp-json\/wp\/v2\/users\/2"}],"replies":[{"embeddable":true,"href":"https:\/\/jumeaux91.fr\/blog\/wp-json\/wp\/v2\/comments?post=1766"}],"version-history":[{"count":0,"href":"https:\/\/jumeaux91.fr\/blog\/wp-json\/wp\/v2\/posts\/1766\/revisions"}],"wp:featuredmedia":[{"embeddable":true,"href":"https:\/\/jumeaux91.fr\/blog\/wp-json\/wp\/v2\/media\/1767"}],"wp:attachment":[{"href":"https:\/\/jumeaux91.fr\/blog\/wp-json\/wp\/v2\/media?parent=1766"}],"wp:term":[{"taxonomy":"category","embeddable":true,"href":"https:\/\/jumeaux91.fr\/blog\/wp-json\/wp\/v2\/categories?post=1766"},{"taxonomy":"post_tag","embeddable":true,"href":"https:\/\/jumeaux91.fr\/blog\/wp-json\/wp\/v2\/tags?post=1766"}],"curies":[{"name":"wp","href":"https:\/\/api.w.org\/{rel}","templated":true}]}}