{"id":1772,"date":"2025-10-14T07:30:00","date_gmt":"2025-10-14T05:30:00","guid":{"rendered":"https:\/\/jumeaux91.fr\/blog\/manque-de-nourriture-de-soins-isolement-les-otages-israeliens-racontent-leurs-conditions-effroyables-de-captivite\/"},"modified":"2025-10-14T07:30:00","modified_gmt":"2025-10-14T05:30:00","slug":"manque-de-nourriture-de-soins-isolement-les-otages-israeliens-racontent-leurs-conditions-effroyables-de-captivite","status":"publish","type":"post","link":"https:\/\/jumeaux91.fr\/blog\/manque-de-nourriture-de-soins-isolement-les-otages-israeliens-racontent-leurs-conditions-effroyables-de-captivite\/","title":{"rendered":"Manque de nourriture, de soins, isolement\u2026 Les otages isra\u00e9liens racontent leurs conditions effroyables de captivit\u00e9"},"content":{"rendered":"<div>\n<p> <span> Monde <\/span> <\/p>\n<div class=\"post__header__metas\">\n<p> Les 20 otages isra\u00e9liens vivants lib\u00e9r\u00e9s par le Hamas, lundi 14 octobre. De retour chez eux, certains anciens prisonniers ont racont\u00e9 \u00e0 leur proche leurs conditions de d\u00e9tentions qui font froid dans le dos. <\/p>\n<\/p><\/div>\n<div class=\"post__thumbnail-container\">\n<div class=\"post__thumbnail\"><img decoding=\"async\" width=\"1024\" height=\"683\" src=\"https:\/\/jumeaux91.fr\/blog\/wp-content\/uploads\/2025\/10\/manque-de-nourriture-de-soins-isolement-les-otages-israeliens-racontent-leurs-conditions-effroyables-de-captivite.jpg\" class=\"attachment-post-thumbnail size-post-thumbnail wp-post-image\" alt=\"Les otages lib\u00e9r\u00e9s par le Hamas sont marqu\u00e9s par leurs conditions de d\u00e9tentions. \u00a9 Ori Aviram\/MEI\/SIPA\"><\/div>\n<p> &lt;!&#8211; <small><i><\/i><\/small> &#8211;&gt; <small><i>Les otages lib\u00e9r\u00e9s par le Hamas sont marqu\u00e9s par leurs conditions de d\u00e9tentions. \u00a9 Ori Aviram\/MEI\/SIPA<\/i><\/small> <\/div>\n<\/p><\/div>\n<div>\n<p class=\"p1\">Des blessures mal trait\u00e9es, des pertes de poids significatives, de la malnutrition, un isolement de deux ans\u2026 Voil\u00e0 ce qu\u2019on subit les otages isra\u00e9liens captur\u00e9s par le Hamas pendant plus de deux ann\u00e9es de captivit\u00e9. <a href=\"https:\/\/www.valeursactuelles.com\/monde\/gaza-tous-les-otages-israeliens-ont-ete-remis-aux-mains-de-la-croix-rouge\" target=\"_blank\" rel=\"noopener nofollow\">De retour chez eux apr\u00e8s leur lib\u00e9ration, lundi 13 octobre<\/a>, les ex-otages ont racont\u00e9 leurs conditions dont les s\u00e9quelles ne disparaitront pas de sit\u00f4t.<\/p>\n<p><a href=\"https:\/\/www.valeursactuelles.com\/clubvaleurs\/monde\/cest-un-jour-historique-pour-israel-et-pour-le-monde-entier-se-rejouit-sandra-ifrah\" class=\"h-flex h-align-items-center h-border-tb h-ptb-15\" target=\"_blank\" rel=\"nofollow\"><\/p>\n<h3 class=\"h3 h-pr-15 alire-link\">A&nbsp;LIRE&nbsp;<\/h3>\n<p><span class=\"h3 h-blue\">\u00ab C\u2019est un jour historique pour Isra\u00ebl et pour le monde entier ! \u00bb, se r\u00e9jouit Sandra Ifrah<\/span><\/a><\/p>\n<div class=\"youtube-delayed-embed\" data-video-url=\"https:\/\/www.youtube.com\/embed\/HCx7CstXqoc?autoplay=1&amp;mute=1&amp;origin=https%3A%2F%2Fwww.valeursactuelles.com&amp;widget_referrer=https%3A%2F%2Fwww.valeursactuelles.com\"> <img decoding=\"async\" src=\"https:\/\/img.youtube.com\/vi\/HCx7CstXqoc\/maxresdefault.jpg\" alt=\"Vid\u00e9o YouTube\"><\/p>\n<p> Chargement\u2026 <\/p>\n<\/div>\n<p class=\"p1\">Neuf d\u2019entre eux ont t\u00e9moign\u00e9 au lendemain seulement de leur lib\u00e9ration des propos relay\u00e9s par la t\u00e9l\u00e9vision isra\u00e9lienne&nbsp;<a href=\"https:\/\/www.jpost.com\/israel-news\/article-870381\" target=\"_blank\" rel=\"nofollow\"><span class=\"s1\">N12<\/span><\/a>. Les fr\u00e8res jumeaux Gali et Ziv Berman ont \u00e9t\u00e9 s\u00e9par\u00e9s et interdits de tous m\u00e9dias pour avoir un lien avec l\u2019ext\u00e9rieur. Les deux hommes de 28 ans ont rapport\u00e9 qu\u2019ils \u00e9taient emprisonn\u00e9s dans la m\u00eame ville et qu\u2019ils ont connu des p\u00e9riodes de famine, mais aussi des moments o\u00f9 ils ont pu avoir <em>\u00ab un peu plus de nourriture \u00bb.<\/em><\/p>\n<p class=\"p1\">De leurs c\u00f4t\u00e9s, les fr\u00e8res Ariel et David Cunio, \u00e2g\u00e9s de 35 et 28 ans, ont, eux aussi, \u00e9t\u00e9 tous les deux retenus captifs s\u00e9par\u00e9ment. Le premier a \u00e9t\u00e9 seul pendant deux ans, tandis que le second a partag\u00e9 sa captivit\u00e9 avec Nimrod Cohen (21 ans) et Eitan Horn (39 ans) dans les tunnels \u00e0 travers la bande de Gaza. David Cunio n\u2019a eu aucun contact avec le monde ext\u00e9rieur et les m\u00e9dias durant deux ans, et a appris au cours de sa captivit\u00e9 que son deuxi\u00e8me fr\u00e8re, son jumeau, avait quant \u00e0 lui surv\u00e9cu \u00e0 l\u2019attaque du 7-Octobre.<\/p>\n<h2 class=\"p1\">Certains ont perdu 30 \u00e0 40% de leurs poids<\/h2>\n<p class=\"p1\">L\u2019ancien otage Avinatan Or est revenu en <a href=\"https:\/\/www.valeursactuelles.com\/tag\/israel\" target=\"_blank\" rel=\"noopener nofollow\">Isra\u00ebl<\/a> tr\u00e8s affaibli. En effet, selon son premier rapport m\u00e9dical repris par N12, il a perdu 30 \u00e0 40% de son poids. La cha\u00eene de t\u00e9l\u00e9vision indique qu\u2019il \u00e9tait retenu dans le centre de Gaza o\u00f9 il a \u00e9t\u00e9 affam\u00e9.<\/p>\n<p class=\"p1\">Pour Evyatar David, les conditions ont \u00e9t\u00e9 les m\u00eames. L\u2019otage a \u00e9t\u00e9 sous-aliment\u00e9 pendant pratiquement la totalit\u00e9 de sa d\u00e9tention. Une preuve de sa condition a \u00e9t\u00e9 av\u00e9r\u00e9e gr\u00e2ce \u00e0 des vid\u00e9os diffus\u00e9es par <a href=\"https:\/\/www.valeursactuelles.com\/tag\/hamas\" target=\"_blank\" rel=\"noopener nofollow\">le Hamas<\/a> en ao\u00fbt dernier. Son p\u00e8re a rapport\u00e9 aux m\u00e9dias isra\u00e9liens que le jeune homme a \u00e9t\u00e9 victime de violences autant physiques que psychologiques.<\/p>\n<p class=\"p1\">Les terroristes du Hamas ont aussi utilis\u00e9 la torture contre certains otages. Cela a \u00e9t\u00e9 le cas pour Alon Ohel. Il a \u00e9t\u00e9 encha\u00een\u00e9 dans le m\u00eame tunnel pendant la quasi-totalit\u00e9 de sa captivit\u00e9 et tortur\u00e9. Il n\u2019a \u00e9t\u00e9 d\u00e9plac\u00e9 qu\u2019une seule fois, il y a 40 jours.<\/p>\n<\/p><\/div>\n<p>La chronique se veut g\u00e9n\u00e9r\u00e9e de la fa\u00e7on la plus claire que possible. Dans le cas o\u00f9 vous souhaitez pr\u00e9senter des renseignements compl\u00e9mentaires \u00e0 cet article sur le sujet \u00ab\u00a0Fr\u00e8res jumeaux de l&rsquo;Essonnes\u00a0\u00bb il vous est possible d\u2019\u00e9crire aux contacts indiqu\u00e9s sur notre website. La raison d\u2019\u00eatre de jumeaux91.fr \u00e9tant de rassembler sur le web des posts sur le sujet de Fr\u00e8res jumeaux de l&rsquo;Essonnes puis les diffuser en r\u00e9pondant au mieux aux interrogations des gens. Vous pouvez tirer profit de cet article traitant le sujet \u00ab\u00a0Fr\u00e8res jumeaux de l&rsquo;Essonnes\u00a0\u00bb. Il est concoct\u00e9 par l\u2019\u00e9quipe jumeaux91.fr. Prochainement, nous rendrons accessibles au public d&rsquo;autres informations pertinentes sur le sujet \u00ab\u00a0Fr\u00e8res jumeaux de l&rsquo;Essonnes\u00a0\u00bb. Alors, consultez syst\u00e9matiquement notre blog.<\/p>\n","protected":false},"excerpt":{"rendered":"<p>Monde Les 20 otages isra\u00e9liens vivants lib\u00e9r\u00e9s par le Hamas, lundi 14 octobre. De retour chez eux, certains anciens prisonniers ont racont\u00e9 \u00e0 leur proche leurs conditions de d\u00e9tentions qui font froid dans le dos. &lt;!&#8211; &#8211;&gt; Les otages lib\u00e9r\u00e9s par le Hamas sont marqu\u00e9s par leurs conditions de d\u00e9tentions. \u00a9 Ori Aviram\/MEI\/SIPA Des blessures&hellip; <a class=\"more-link\" href=\"https:\/\/jumeaux91.fr\/blog\/manque-de-nourriture-de-soins-isolement-les-otages-israeliens-racontent-leurs-conditions-effroyables-de-captivite\/\">Poursuivre la lecture <span class=\"screen-reader-text\">Manque de nourriture, de soins, isolement\u2026 Les otages isra\u00e9liens racontent leurs conditions effroyables de captivit\u00e9<\/span><\/a><\/p>\n","protected":false},"author":2,"featured_media":1773,"comment_status":"closed","ping_status":"closed","sticky":false,"template":"","format":"standard","meta":{"footnotes":""},"categories":[4],"tags":[],"class_list":["post-1772","post","type-post","status-publish","format-standard","has-post-thumbnail","hentry","category-posts-freres-jumeaux-de-lessonnes","entry"],"yoast_head":"<!-- This site is optimized with the Yoast SEO plugin v27.5 - https:\/\/yoast.com\/product\/yoast-seo-wordpress\/ -->\n<title>Manque de nourriture, de soins, isolement\u2026 Les otages isra\u00e9liens racontent leurs conditions effroyables de captivit\u00e9 - JUMEAUX91<\/title>\n<meta name=\"robots\" content=\"index, follow, max-snippet:-1, max-image-preview:large, max-video-preview:-1\" \/>\n<link rel=\"canonical\" href=\"https:\/\/jumeaux91.fr\/blog\/manque-de-nourriture-de-soins-isolement-les-otages-israeliens-racontent-leurs-conditions-effroyables-de-captivite\/\" \/>\n<meta property=\"og:locale\" content=\"fr_FR\" \/>\n<meta property=\"og:type\" content=\"article\" \/>\n<meta property=\"og:title\" content=\"Manque de nourriture, de soins, isolement\u2026 Les otages isra\u00e9liens racontent leurs conditions effroyables de captivit\u00e9 - JUMEAUX91\" \/>\n<meta property=\"og:description\" content=\"Monde Les 20 otages isra\u00e9liens vivants lib\u00e9r\u00e9s par le Hamas, lundi 14 octobre. De retour chez eux, certains anciens prisonniers ont racont\u00e9 \u00e0 leur proche leurs conditions de d\u00e9tentions qui font froid dans le dos. &lt;!&#8211; &#8211;&gt; Les otages lib\u00e9r\u00e9s par le Hamas sont marqu\u00e9s par leurs conditions de d\u00e9tentions. \u00a9 Ori Aviram\/MEI\/SIPA Des blessures&hellip; Poursuivre la lecture Manque de nourriture, de soins, isolement\u2026 Les otages isra\u00e9liens racontent leurs conditions effroyables de captivit\u00e9\" \/>\n<meta property=\"og:url\" content=\"https:\/\/jumeaux91.fr\/blog\/manque-de-nourriture-de-soins-isolement-les-otages-israeliens-racontent-leurs-conditions-effroyables-de-captivite\/\" \/>\n<meta property=\"og:site_name\" content=\"JUMEAUX91\" \/>\n<meta property=\"article:published_time\" content=\"2025-10-14T05:30:00+00:00\" \/>\n<meta property=\"og:image\" content=\"https:\/\/jumeaux91.fr\/blog\/wp-content\/uploads\/2025\/10\/manque-de-nourriture-de-soins-isolement-les-otages-israeliens-racontent-leurs-conditions-effroyables-de-captivite.jpg\" \/>\n<meta name=\"author\" content=\"Claude DAYRES\" \/>\n<meta name=\"twitter:card\" content=\"summary_large_image\" \/>\n<meta name=\"twitter:label1\" content=\"\u00c9crit par\" \/>\n\t<meta name=\"twitter:data1\" content=\"Claude DAYRES\" \/>\n\t<meta name=\"twitter:label2\" content=\"Dur\u00e9e de lecture estim\u00e9e\" \/>\n\t<meta name=\"twitter:data2\" content=\"3 minutes\" \/>\n<script type=\"application\/ld+json\" class=\"yoast-schema-graph\">{\"@context\":\"https:\\\/\\\/schema.org\",\"@graph\":[{\"@type\":\"Article\",\"@id\":\"https:\\\/\\\/jumeaux91.fr\\\/blog\\\/manque-de-nourriture-de-soins-isolement-les-otages-israeliens-racontent-leurs-conditions-effroyables-de-captivite\\\/#article\",\"isPartOf\":{\"@id\":\"https:\\\/\\\/jumeaux91.fr\\\/blog\\\/manque-de-nourriture-de-soins-isolement-les-otages-israeliens-racontent-leurs-conditions-effroyables-de-captivite\\\/\"},\"author\":{\"name\":\"Claude DAYRES\",\"@id\":\"https:\\\/\\\/jumeaux91.fr\\\/blog\\\/#\\\/schema\\\/person\\\/21da06e9f119b9f64e5d45dbbd32d3fb\"},\"headline\":\"Manque de nourriture, de soins, isolement\u2026 Les otages isra\u00e9liens racontent leurs conditions effroyables de captivit\u00e9\",\"datePublished\":\"2025-10-14T05:30:00+00:00\",\"mainEntityOfPage\":{\"@id\":\"https:\\\/\\\/jumeaux91.fr\\\/blog\\\/manque-de-nourriture-de-soins-isolement-les-otages-israeliens-racontent-leurs-conditions-effroyables-de-captivite\\\/\"},\"wordCount\":686,\"publisher\":{\"@id\":\"https:\\\/\\\/jumeaux91.fr\\\/blog\\\/#organization\"},\"image\":{\"@id\":\"https:\\\/\\\/jumeaux91.fr\\\/blog\\\/manque-de-nourriture-de-soins-isolement-les-otages-israeliens-racontent-leurs-conditions-effroyables-de-captivite\\\/#primaryimage\"},\"thumbnailUrl\":\"https:\\\/\\\/jumeaux91.fr\\\/blog\\\/wp-content\\\/uploads\\\/2025\\\/10\\\/manque-de-nourriture-de-soins-isolement-les-otages-israeliens-racontent-leurs-conditions-effroyables-de-captivite.jpg\",\"articleSection\":[\"Posts Fr\u00e8res Jumeaux De L'Essonnes:\"],\"inLanguage\":\"fr-FR\"},{\"@type\":\"WebPage\",\"@id\":\"https:\\\/\\\/jumeaux91.fr\\\/blog\\\/manque-de-nourriture-de-soins-isolement-les-otages-israeliens-racontent-leurs-conditions-effroyables-de-captivite\\\/\",\"url\":\"https:\\\/\\\/jumeaux91.fr\\\/blog\\\/manque-de-nourriture-de-soins-isolement-les-otages-israeliens-racontent-leurs-conditions-effroyables-de-captivite\\\/\",\"name\":\"Manque de nourriture, de soins, isolement\u2026 Les otages isra\u00e9liens racontent leurs conditions effroyables de captivit\u00e9 - JUMEAUX91\",\"isPartOf\":{\"@id\":\"https:\\\/\\\/jumeaux91.fr\\\/blog\\\/#website\"},\"primaryImageOfPage\":{\"@id\":\"https:\\\/\\\/jumeaux91.fr\\\/blog\\\/manque-de-nourriture-de-soins-isolement-les-otages-israeliens-racontent-leurs-conditions-effroyables-de-captivite\\\/#primaryimage\"},\"image\":{\"@id\":\"https:\\\/\\\/jumeaux91.fr\\\/blog\\\/manque-de-nourriture-de-soins-isolement-les-otages-israeliens-racontent-leurs-conditions-effroyables-de-captivite\\\/#primaryimage\"},\"thumbnailUrl\":\"https:\\\/\\\/jumeaux91.fr\\\/blog\\\/wp-content\\\/uploads\\\/2025\\\/10\\\/manque-de-nourriture-de-soins-isolement-les-otages-israeliens-racontent-leurs-conditions-effroyables-de-captivite.jpg\",\"datePublished\":\"2025-10-14T05:30:00+00:00\",\"breadcrumb\":{\"@id\":\"https:\\\/\\\/jumeaux91.fr\\\/blog\\\/manque-de-nourriture-de-soins-isolement-les-otages-israeliens-racontent-leurs-conditions-effroyables-de-captivite\\\/#breadcrumb\"},\"inLanguage\":\"fr-FR\",\"potentialAction\":[{\"@type\":\"ReadAction\",\"target\":[\"https:\\\/\\\/jumeaux91.fr\\\/blog\\\/manque-de-nourriture-de-soins-isolement-les-otages-israeliens-racontent-leurs-conditions-effroyables-de-captivite\\\/\"]}]},{\"@type\":\"ImageObject\",\"inLanguage\":\"fr-FR\",\"@id\":\"https:\\\/\\\/jumeaux91.fr\\\/blog\\\/manque-de-nourriture-de-soins-isolement-les-otages-israeliens-racontent-leurs-conditions-effroyables-de-captivite\\\/#primaryimage\",\"url\":\"https:\\\/\\\/jumeaux91.fr\\\/blog\\\/wp-content\\\/uploads\\\/2025\\\/10\\\/manque-de-nourriture-de-soins-isolement-les-otages-israeliens-racontent-leurs-conditions-effroyables-de-captivite.jpg\",\"contentUrl\":\"https:\\\/\\\/jumeaux91.fr\\\/blog\\\/wp-content\\\/uploads\\\/2025\\\/10\\\/manque-de-nourriture-de-soins-isolement-les-otages-israeliens-racontent-leurs-conditions-effroyables-de-captivite.jpg\",\"width\":1024,\"height\":683,\"caption\":\"Manque de nourriture, de soins, isolement\u2026 Les otages isra\u00e9liens racontent leurs conditions effroyables de captivit\u00e9\"},{\"@type\":\"BreadcrumbList\",\"@id\":\"https:\\\/\\\/jumeaux91.fr\\\/blog\\\/manque-de-nourriture-de-soins-isolement-les-otages-israeliens-racontent-leurs-conditions-effroyables-de-captivite\\\/#breadcrumb\",\"itemListElement\":[{\"@type\":\"ListItem\",\"position\":1,\"name\":\"Accueil\",\"item\":\"https:\\\/\\\/jumeaux91.fr\\\/blog\\\/\"},{\"@type\":\"ListItem\",\"position\":2,\"name\":\"Manque de nourriture, de soins, isolement\u2026 Les otages isra\u00e9liens racontent leurs conditions effroyables de captivit\u00e9\"}]},{\"@type\":\"WebSite\",\"@id\":\"https:\\\/\\\/jumeaux91.fr\\\/blog\\\/#website\",\"url\":\"https:\\\/\\\/jumeaux91.fr\\\/blog\\\/\",\"name\":\"JUMEAUX91\",\"description\":\"Fr\u00e8res jumeaux de l&#039;Essonnes; informations et archives, \u00e0 savoir et retenir.\",\"publisher\":{\"@id\":\"https:\\\/\\\/jumeaux91.fr\\\/blog\\\/#organization\"},\"potentialAction\":[{\"@type\":\"SearchAction\",\"target\":{\"@type\":\"EntryPoint\",\"urlTemplate\":\"https:\\\/\\\/jumeaux91.fr\\\/blog\\\/?s={search_term_string}\"},\"query-input\":{\"@type\":\"PropertyValueSpecification\",\"valueRequired\":true,\"valueName\":\"search_term_string\"}}],\"inLanguage\":\"fr-FR\"},{\"@type\":\"Organization\",\"@id\":\"https:\\\/\\\/jumeaux91.fr\\\/blog\\\/#organization\",\"name\":\"jumeaux91\",\"url\":\"https:\\\/\\\/jumeaux91.fr\\\/blog\\\/\",\"logo\":{\"@type\":\"ImageObject\",\"inLanguage\":\"fr-FR\",\"@id\":\"https:\\\/\\\/jumeaux91.fr\\\/blog\\\/#\\\/schema\\\/logo\\\/image\\\/\",\"url\":\"https:\\\/\\\/jumeaux91.fr\\\/blog\\\/wp-content\\\/uploads\\\/2023\\\/05\\\/cropped-cropped-logoJ_91.png\",\"contentUrl\":\"https:\\\/\\\/jumeaux91.fr\\\/blog\\\/wp-content\\\/uploads\\\/2023\\\/05\\\/cropped-cropped-logoJ_91.png\",\"width\":512,\"height\":512,\"caption\":\"jumeaux91\"},\"image\":{\"@id\":\"https:\\\/\\\/jumeaux91.fr\\\/blog\\\/#\\\/schema\\\/logo\\\/image\\\/\"}},{\"@type\":\"Person\",\"@id\":\"https:\\\/\\\/jumeaux91.fr\\\/blog\\\/#\\\/schema\\\/person\\\/21da06e9f119b9f64e5d45dbbd32d3fb\",\"name\":\"Claude DAYRES\",\"image\":{\"@type\":\"ImageObject\",\"inLanguage\":\"fr-FR\",\"@id\":\"https:\\\/\\\/secure.gravatar.com\\\/avatar\\\/82eb951df6110a2c48d1bfa7a67d1ee6f0cd5df3cbf9c3586dd61e82db7172a5?s=96&d=mm&r=g\",\"url\":\"https:\\\/\\\/secure.gravatar.com\\\/avatar\\\/82eb951df6110a2c48d1bfa7a67d1ee6f0cd5df3cbf9c3586dd61e82db7172a5?s=96&d=mm&r=g\",\"contentUrl\":\"https:\\\/\\\/secure.gravatar.com\\\/avatar\\\/82eb951df6110a2c48d1bfa7a67d1ee6f0cd5df3cbf9c3586dd61e82db7172a5?s=96&d=mm&r=g\",\"caption\":\"Claude DAYRES\"},\"url\":\"https:\\\/\\\/jumeaux91.fr\\\/blog\\\/author\\\/x91claude\\\/\"}]}<\/script>\n<!-- \/ Yoast SEO plugin. -->","yoast_head_json":{"title":"Manque de nourriture, de soins, isolement\u2026 Les otages isra\u00e9liens racontent leurs conditions effroyables de captivit\u00e9 - JUMEAUX91","robots":{"index":"index","follow":"follow","max-snippet":"max-snippet:-1","max-image-preview":"max-image-preview:large","max-video-preview":"max-video-preview:-1"},"canonical":"https:\/\/jumeaux91.fr\/blog\/manque-de-nourriture-de-soins-isolement-les-otages-israeliens-racontent-leurs-conditions-effroyables-de-captivite\/","og_locale":"fr_FR","og_type":"article","og_title":"Manque de nourriture, de soins, isolement\u2026 Les otages isra\u00e9liens racontent leurs conditions effroyables de captivit\u00e9 - JUMEAUX91","og_description":"Monde Les 20 otages isra\u00e9liens vivants lib\u00e9r\u00e9s par le Hamas, lundi 14 octobre. De retour chez eux, certains anciens prisonniers ont racont\u00e9 \u00e0 leur proche leurs conditions de d\u00e9tentions qui font froid dans le dos. &lt;!&#8211; &#8211;&gt; Les otages lib\u00e9r\u00e9s par le Hamas sont marqu\u00e9s par leurs conditions de d\u00e9tentions. \u00a9 Ori Aviram\/MEI\/SIPA Des blessures&hellip; Poursuivre la lecture Manque de nourriture, de soins, isolement\u2026 Les otages isra\u00e9liens racontent leurs conditions effroyables de captivit\u00e9","og_url":"https:\/\/jumeaux91.fr\/blog\/manque-de-nourriture-de-soins-isolement-les-otages-israeliens-racontent-leurs-conditions-effroyables-de-captivite\/","og_site_name":"JUMEAUX91","article_published_time":"2025-10-14T05:30:00+00:00","og_image":[{"url":"https:\/\/jumeaux91.fr\/blog\/wp-content\/uploads\/2025\/10\/manque-de-nourriture-de-soins-isolement-les-otages-israeliens-racontent-leurs-conditions-effroyables-de-captivite.jpg","type":"","width":"","height":""}],"author":"Claude DAYRES","twitter_card":"summary_large_image","twitter_misc":{"\u00c9crit par":"Claude DAYRES","Dur\u00e9e de lecture estim\u00e9e":"3 minutes"},"schema":{"@context":"https:\/\/schema.org","@graph":[{"@type":"Article","@id":"https:\/\/jumeaux91.fr\/blog\/manque-de-nourriture-de-soins-isolement-les-otages-israeliens-racontent-leurs-conditions-effroyables-de-captivite\/#article","isPartOf":{"@id":"https:\/\/jumeaux91.fr\/blog\/manque-de-nourriture-de-soins-isolement-les-otages-israeliens-racontent-leurs-conditions-effroyables-de-captivite\/"},"author":{"name":"Claude DAYRES","@id":"https:\/\/jumeaux91.fr\/blog\/#\/schema\/person\/21da06e9f119b9f64e5d45dbbd32d3fb"},"headline":"Manque de nourriture, de soins, isolement\u2026 Les otages isra\u00e9liens racontent leurs conditions effroyables de captivit\u00e9","datePublished":"2025-10-14T05:30:00+00:00","mainEntityOfPage":{"@id":"https:\/\/jumeaux91.fr\/blog\/manque-de-nourriture-de-soins-isolement-les-otages-israeliens-racontent-leurs-conditions-effroyables-de-captivite\/"},"wordCount":686,"publisher":{"@id":"https:\/\/jumeaux91.fr\/blog\/#organization"},"image":{"@id":"https:\/\/jumeaux91.fr\/blog\/manque-de-nourriture-de-soins-isolement-les-otages-israeliens-racontent-leurs-conditions-effroyables-de-captivite\/#primaryimage"},"thumbnailUrl":"https:\/\/jumeaux91.fr\/blog\/wp-content\/uploads\/2025\/10\/manque-de-nourriture-de-soins-isolement-les-otages-israeliens-racontent-leurs-conditions-effroyables-de-captivite.jpg","articleSection":["Posts Fr\u00e8res Jumeaux De L'Essonnes:"],"inLanguage":"fr-FR"},{"@type":"WebPage","@id":"https:\/\/jumeaux91.fr\/blog\/manque-de-nourriture-de-soins-isolement-les-otages-israeliens-racontent-leurs-conditions-effroyables-de-captivite\/","url":"https:\/\/jumeaux91.fr\/blog\/manque-de-nourriture-de-soins-isolement-les-otages-israeliens-racontent-leurs-conditions-effroyables-de-captivite\/","name":"Manque de nourriture, de soins, isolement\u2026 Les otages isra\u00e9liens racontent leurs conditions effroyables de captivit\u00e9 - JUMEAUX91","isPartOf":{"@id":"https:\/\/jumeaux91.fr\/blog\/#website"},"primaryImageOfPage":{"@id":"https:\/\/jumeaux91.fr\/blog\/manque-de-nourriture-de-soins-isolement-les-otages-israeliens-racontent-leurs-conditions-effroyables-de-captivite\/#primaryimage"},"image":{"@id":"https:\/\/jumeaux91.fr\/blog\/manque-de-nourriture-de-soins-isolement-les-otages-israeliens-racontent-leurs-conditions-effroyables-de-captivite\/#primaryimage"},"thumbnailUrl":"https:\/\/jumeaux91.fr\/blog\/wp-content\/uploads\/2025\/10\/manque-de-nourriture-de-soins-isolement-les-otages-israeliens-racontent-leurs-conditions-effroyables-de-captivite.jpg","datePublished":"2025-10-14T05:30:00+00:00","breadcrumb":{"@id":"https:\/\/jumeaux91.fr\/blog\/manque-de-nourriture-de-soins-isolement-les-otages-israeliens-racontent-leurs-conditions-effroyables-de-captivite\/#breadcrumb"},"inLanguage":"fr-FR","potentialAction":[{"@type":"ReadAction","target":["https:\/\/jumeaux91.fr\/blog\/manque-de-nourriture-de-soins-isolement-les-otages-israeliens-racontent-leurs-conditions-effroyables-de-captivite\/"]}]},{"@type":"ImageObject","inLanguage":"fr-FR","@id":"https:\/\/jumeaux91.fr\/blog\/manque-de-nourriture-de-soins-isolement-les-otages-israeliens-racontent-leurs-conditions-effroyables-de-captivite\/#primaryimage","url":"https:\/\/jumeaux91.fr\/blog\/wp-content\/uploads\/2025\/10\/manque-de-nourriture-de-soins-isolement-les-otages-israeliens-racontent-leurs-conditions-effroyables-de-captivite.jpg","contentUrl":"https:\/\/jumeaux91.fr\/blog\/wp-content\/uploads\/2025\/10\/manque-de-nourriture-de-soins-isolement-les-otages-israeliens-racontent-leurs-conditions-effroyables-de-captivite.jpg","width":1024,"height":683,"caption":"Manque de nourriture, de soins, isolement\u2026 Les otages isra\u00e9liens racontent leurs conditions effroyables de captivit\u00e9"},{"@type":"BreadcrumbList","@id":"https:\/\/jumeaux91.fr\/blog\/manque-de-nourriture-de-soins-isolement-les-otages-israeliens-racontent-leurs-conditions-effroyables-de-captivite\/#breadcrumb","itemListElement":[{"@type":"ListItem","position":1,"name":"Accueil","item":"https:\/\/jumeaux91.fr\/blog\/"},{"@type":"ListItem","position":2,"name":"Manque de nourriture, de soins, isolement\u2026 Les otages isra\u00e9liens racontent leurs conditions effroyables de captivit\u00e9"}]},{"@type":"WebSite","@id":"https:\/\/jumeaux91.fr\/blog\/#website","url":"https:\/\/jumeaux91.fr\/blog\/","name":"JUMEAUX91","description":"Fr\u00e8res jumeaux de l&#039;Essonnes; informations et archives, \u00e0 savoir et retenir.","publisher":{"@id":"https:\/\/jumeaux91.fr\/blog\/#organization"},"potentialAction":[{"@type":"SearchAction","target":{"@type":"EntryPoint","urlTemplate":"https:\/\/jumeaux91.fr\/blog\/?s={search_term_string}"},"query-input":{"@type":"PropertyValueSpecification","valueRequired":true,"valueName":"search_term_string"}}],"inLanguage":"fr-FR"},{"@type":"Organization","@id":"https:\/\/jumeaux91.fr\/blog\/#organization","name":"jumeaux91","url":"https:\/\/jumeaux91.fr\/blog\/","logo":{"@type":"ImageObject","inLanguage":"fr-FR","@id":"https:\/\/jumeaux91.fr\/blog\/#\/schema\/logo\/image\/","url":"https:\/\/jumeaux91.fr\/blog\/wp-content\/uploads\/2023\/05\/cropped-cropped-logoJ_91.png","contentUrl":"https:\/\/jumeaux91.fr\/blog\/wp-content\/uploads\/2023\/05\/cropped-cropped-logoJ_91.png","width":512,"height":512,"caption":"jumeaux91"},"image":{"@id":"https:\/\/jumeaux91.fr\/blog\/#\/schema\/logo\/image\/"}},{"@type":"Person","@id":"https:\/\/jumeaux91.fr\/blog\/#\/schema\/person\/21da06e9f119b9f64e5d45dbbd32d3fb","name":"Claude DAYRES","image":{"@type":"ImageObject","inLanguage":"fr-FR","@id":"https:\/\/secure.gravatar.com\/avatar\/82eb951df6110a2c48d1bfa7a67d1ee6f0cd5df3cbf9c3586dd61e82db7172a5?s=96&d=mm&r=g","url":"https:\/\/secure.gravatar.com\/avatar\/82eb951df6110a2c48d1bfa7a67d1ee6f0cd5df3cbf9c3586dd61e82db7172a5?s=96&d=mm&r=g","contentUrl":"https:\/\/secure.gravatar.com\/avatar\/82eb951df6110a2c48d1bfa7a67d1ee6f0cd5df3cbf9c3586dd61e82db7172a5?s=96&d=mm&r=g","caption":"Claude DAYRES"},"url":"https:\/\/jumeaux91.fr\/blog\/author\/x91claude\/"}]}},"_links":{"self":[{"href":"https:\/\/jumeaux91.fr\/blog\/wp-json\/wp\/v2\/posts\/1772","targetHints":{"allow":["GET"]}}],"collection":[{"href":"https:\/\/jumeaux91.fr\/blog\/wp-json\/wp\/v2\/posts"}],"about":[{"href":"https:\/\/jumeaux91.fr\/blog\/wp-json\/wp\/v2\/types\/post"}],"author":[{"embeddable":true,"href":"https:\/\/jumeaux91.fr\/blog\/wp-json\/wp\/v2\/users\/2"}],"replies":[{"embeddable":true,"href":"https:\/\/jumeaux91.fr\/blog\/wp-json\/wp\/v2\/comments?post=1772"}],"version-history":[{"count":0,"href":"https:\/\/jumeaux91.fr\/blog\/wp-json\/wp\/v2\/posts\/1772\/revisions"}],"wp:featuredmedia":[{"embeddable":true,"href":"https:\/\/jumeaux91.fr\/blog\/wp-json\/wp\/v2\/media\/1773"}],"wp:attachment":[{"href":"https:\/\/jumeaux91.fr\/blog\/wp-json\/wp\/v2\/media?parent=1772"}],"wp:term":[{"taxonomy":"category","embeddable":true,"href":"https:\/\/jumeaux91.fr\/blog\/wp-json\/wp\/v2\/categories?post=1772"},{"taxonomy":"post_tag","embeddable":true,"href":"https:\/\/jumeaux91.fr\/blog\/wp-json\/wp\/v2\/tags?post=1772"}],"curies":[{"name":"wp","href":"https:\/\/api.w.org\/{rel}","templated":true}]}}