{"id":1783,"date":"2025-10-20T03:53:00","date_gmt":"2025-10-20T01:53:00","guid":{"rendered":"https:\/\/jumeaux91.fr\/blog\/gaza-le-calvaire-des-otages-israeliens-desormais-libres-raconte-par-leurs-proches\/"},"modified":"2025-10-20T03:53:00","modified_gmt":"2025-10-20T01:53:00","slug":"gaza-le-calvaire-des-otages-israeliens-desormais-libres-raconte-par-leurs-proches","status":"publish","type":"post","link":"https:\/\/jumeaux91.fr\/blog\/gaza-le-calvaire-des-otages-israeliens-desormais-libres-raconte-par-leurs-proches\/","title":{"rendered":"Gaza: le calvaire des otages isra\u00e9liens, d\u00e9sormais libres, racont\u00e9 par leurs proches"},"content":{"rendered":"<div><img decoding=\"async\" src=\"https:\/\/jumeaux91.fr\/blog\/wp-content\/uploads\/2025\/10\/gaza-le-calvaire-des-otages-israeliens-desormais-libres-raconte-par-leurs-proches.jpg\" class=\"ff-og-image-inserted\"><\/div>\n<p class=\"mb-4 text-lg md:leading-8 break-words\">zaLe retour des 20 derniers otages vivants de Gaza a marqu\u00e9 un moment de soulagement national. Et l&rsquo;heure est d\u00e9sormais \u00e0 la r\u00e9v\u00e9lation de ce qu\u2019ils ont subi. Les vingt captifs lib\u00e9r\u00e9s apr\u00e8s plus de deux ans aux mains du Hamas livrent leurs premiers t\u00e9moignages, d\u00e9crivant leurs conditions de d\u00e9tention,&nbsp;entre torture, isolement, et humiliations.<\/p>\n<p class=\"mb-4 text-lg md:leading-8 break-words\"><em>De notre correspondant \u00e0 J\u00e9rusalem<\/em>,<\/p>\n<p class=\"mb-4 text-lg md:leading-8 break-words\">En <a href=\"https:\/\/www.rfi.fr\/fr\/tag\/isra\u00ebl\/\" rel=\"nofollow noopener\" target=\"_blank\" data-ylk=\"slk:Isra\u00ebl;elm:context_link;itc:0;sec:content-canvas\" class=\"link \"><strong>Isra\u00ebl<\/strong><\/a>, le soulagement des retrouvailles a laiss\u00e9 place \u00e0 l&rsquo;\u00e9coute. Les t\u00e9moignages indirects des conditions de d\u00e9tention de vie des otages isra\u00e9liens \u00e0 Gaza parviennent par l\u2019interm\u00e9diaire des proches et de la famille.&nbsp;Et souvent la r\u00e9alit\u00e9 d\u00e9passe l&rsquo;entendement.&nbsp;Tous d\u00e9crivent une captivit\u00e9 marqu\u00e9e par l&rsquo;isolement, la torture et une extr\u00eame souffrance physique.<\/p>\n<h2 class=\"mb-4 text-xl font-bold md:text-2xl\">Des corps bris\u00e9s par la malnutrition et la violence<\/h2>\n<p class=\"mb-4 text-lg md:leading-8 break-words\">Tous ont souffert de malnutrition s\u00e9v\u00e8re, perdant jusqu&rsquo;\u00e0 un tiers de leur poids. L&rsquo;ex-otage Eitan Horn a par exemple perdu pr\u00e8s de la moiti\u00e9 de sa masse corporelle. La violence \u00e9tait quotidienne : Avinatan Or a \u00e9t\u00e9 encha\u00een\u00e9 apr\u00e8s avoir tent\u00e9 de s&rsquo;\u00e9chapper, tandis qu&rsquo;Alon Ohel a \u00e9t\u00e9 utilis\u00e9 comme bouclier humain lors d&rsquo;un transfert, revenant avec des dommages physiques, dont des \u00e9clats d&rsquo;obus. Il a en partie perdu la vue. Le chemin de la gu\u00e9rison sera long, avertissent les m\u00e9decins : il faudra \u00ab <em>des semaines, des mois et m\u00eame des ann\u00e9es <\/em>\u00bb.<\/p>\n<div class=\"max-md:faux-bleed mb-4 bg-marshmallow pb-5 dark:bg-ramones md:invisible md:mb-0 md:h-0 md:overflow-hidden md:pb-0\">\n<p>Publicit\u00e9<\/p>\n<div class=\"flex w-full flex-nowrap justify-center\">\n<div class=\"flex ad-container\" id=\"_R_2m74kmhek5clubsnm6jbH1_\">\n<p>Publicit\u00e9<\/p>\n<\/div>\n<\/div>\n<\/div>\n<div class=\"mb-4 hidden pb-5 md:block\">\n<p>Publicit\u00e9<\/p>\n<div class=\"flex w-full flex-nowrap justify-center\">\n<div class=\"flex ad-container\" id=\"_R_4m74kmhek5clubsnm6jbH1_\">\n<p>Publicit\u00e9<\/p>\n<\/div>\n<\/div>\n<\/div>\n<p class=\"mb-4 text-lg md:leading-8 break-words\">Au-del\u00e0 des privations physiques, les <a href=\"https:\/\/fr.news.yahoo.com\/lon-sait-derniers-otages-pr%C3%A9sents-113142234.html\" data-ylk=\"slk:otages;elm:context_link;itc:0;sec:content-canvas;outcm:mb_qualified_link;_E:mb_qualified_link;ct:story;\" class=\"link yahoo-link\" target=\"_blank\" rel=\"nofollow\"><strong>otages<\/strong><\/a> ont fait face \u00e0 une violence psychologique syst\u00e9matique. Ils rapportent des menaces de mort et des p\u00e9riodes fr\u00e9quentes d&rsquo;isolement en cellule. L\u2019humiliation \u00e9tait constante, les ge\u00f4liers pr\u00e9parant leurs repas devant eux, les traitant \u00ab comme des animaux \u00bb. L&rsquo;ex-otage Eitan Mor a r\u00e9v\u00e9l\u00e9 une tactique cynique du Hamas : un ge\u00f4lier lui aurait sugg\u00e9r\u00e9 que les manifestations de sa m\u00e8re pour sa lib\u00e9ration ralentissaient le processus.<\/p>\n<p class=\"mb-4 text-lg md:leading-8 break-words\">L&rsquo;isolement \u00e9tait parfois total : des otages ont \u00e9t\u00e9 coup\u00e9s du monde pendant plus de deux ans. Certains ont subi des simulacres de conversion \u00e0 l\u2019islam. Pourtant, la r\u00e9silience s&rsquo;est manifest\u00e9e : tous ont appris l&rsquo;arabe pour communiquer et survivre. Yosef-Chaim Ohana a notamment r\u00e9ussi, par la n\u00e9gociation, \u00e0 convaincre ses ravisseurs de ne pas l&rsquo;ex\u00e9cuter comme ils mena\u00e7aient de le faire \u00e0 de nombreuses reprises. Maintenant que l&rsquo;\u00e9preuve est termin\u00e9e, le retour \u00e0 la vie se manifeste par des gestes simples et parfois d\u00e9chirants.<\/p>\n<h2 class=\"mb-4 text-xl font-bold md:text-2xl\">Des gestes simples pour rena\u00eetre<\/h2>\n<p class=\"mb-4 text-lg md:leading-8 break-words\">Depuis sa lib\u00e9ration, l&rsquo;ex-otage Alon Ohel refuse de porter des chaussettes. Il explique qu&rsquo;il veut \u00ab <em>sentir la nature<\/em> \u00bb apr\u00e8s des mois pass\u00e9s dans les tunnels. Musicien de talent, il a retrouv\u00e9 les touches d&rsquo;un piano apr\u00e8s plus de 700 jours de privation de musique. Pour d&rsquo;autres, comme Matan Angrest, le chemin passe par la r\u00e9\u00e9ducation aux gestes quotidiens les plus basiques, comme \u00ab <em>manger avec un couteau et une fourchette<\/em> \u00bb. Des gestes simples qui symbolisent aujourd&rsquo;hui le d\u00e9but de leur longue reconstruction.<\/p>\n<p class=\"mb-4 text-lg md:leading-8 break-words\"><span class=\"a-read-more__label\">\u00c0 lire aussi<\/span><a href=\"https:\/\/fr.news.yahoo.com\/isra%C3%ABl-jour-dapr%C3%A8s-lib%C3%A9ration-otages-012015805.html\" class=\"link yahoo-link\" data-ylk=\"slk:En Isra\u00ebl, le jour d'apr\u00e8s la lib\u00e9ration des otages;elm:context_link;itc:0;sec:content-canvas;outcm:mb_qualified_link;_E:mb_qualified_link;ct:story;\" target=\"_blank\" rel=\"nofollow\">En Isra\u00ebl, le jour d&rsquo;apr\u00e8s la lib\u00e9ration des otages<\/a><\/p>\n<p>La chronique se veut g\u00e9n\u00e9r\u00e9e de la fa\u00e7on la plus claire que possible. Dans le cas o\u00f9 vous souhaitez pr\u00e9senter des renseignements compl\u00e9mentaires \u00e0 cet article sur le sujet \u00ab\u00a0Fr\u00e8res jumeaux de l&rsquo;Essonnes\u00a0\u00bb il vous est possible d\u2019\u00e9crire aux contacts indiqu\u00e9s sur notre website. La raison d\u2019\u00eatre de jumeaux91.fr \u00e9tant de rassembler sur le web des posts sur le sujet de Fr\u00e8res jumeaux de l&rsquo;Essonnes puis les diffuser en r\u00e9pondant au mieux aux interrogations des gens. Vous pouvez tirer profit de cet article traitant le sujet \u00ab\u00a0Fr\u00e8res jumeaux de l&rsquo;Essonnes\u00a0\u00bb. Il est concoct\u00e9 par l\u2019\u00e9quipe jumeaux91.fr. Prochainement, nous rendrons accessibles au public d&rsquo;autres informations pertinentes sur le sujet \u00ab\u00a0Fr\u00e8res jumeaux de l&rsquo;Essonnes\u00a0\u00bb. Alors, consultez syst\u00e9matiquement notre blog.<\/p>\n","protected":false},"excerpt":{"rendered":"<p>zaLe retour des 20 derniers otages vivants de Gaza a marqu\u00e9 un moment de soulagement national. Et l&rsquo;heure est d\u00e9sormais \u00e0 la r\u00e9v\u00e9lation de ce qu\u2019ils ont subi. Les vingt captifs lib\u00e9r\u00e9s apr\u00e8s plus de deux ans aux mains du Hamas livrent leurs premiers t\u00e9moignages, d\u00e9crivant leurs conditions de d\u00e9tention,&nbsp;entre torture, isolement, et humiliations. De&hellip; <a class=\"more-link\" href=\"https:\/\/jumeaux91.fr\/blog\/gaza-le-calvaire-des-otages-israeliens-desormais-libres-raconte-par-leurs-proches\/\">Poursuivre la lecture <span class=\"screen-reader-text\">Gaza: le calvaire des otages isra\u00e9liens, d\u00e9sormais libres, racont\u00e9 par leurs proches<\/span><\/a><\/p>\n","protected":false},"author":2,"featured_media":1784,"comment_status":"closed","ping_status":"closed","sticky":false,"template":"","format":"standard","meta":{"footnotes":""},"categories":[4],"tags":[],"class_list":["post-1783","post","type-post","status-publish","format-standard","has-post-thumbnail","hentry","category-posts-freres-jumeaux-de-lessonnes","entry"],"yoast_head":"<!-- This site is optimized with the Yoast SEO plugin v27.5 - https:\/\/yoast.com\/product\/yoast-seo-wordpress\/ -->\n<title>Gaza: le calvaire des otages isra\u00e9liens, d\u00e9sormais libres, racont\u00e9 par leurs proches - JUMEAUX91<\/title>\n<meta name=\"robots\" content=\"index, follow, max-snippet:-1, max-image-preview:large, max-video-preview:-1\" \/>\n<link rel=\"canonical\" href=\"https:\/\/jumeaux91.fr\/blog\/gaza-le-calvaire-des-otages-israeliens-desormais-libres-raconte-par-leurs-proches\/\" \/>\n<meta property=\"og:locale\" content=\"fr_FR\" \/>\n<meta property=\"og:type\" content=\"article\" \/>\n<meta property=\"og:title\" content=\"Gaza: le calvaire des otages isra\u00e9liens, d\u00e9sormais libres, racont\u00e9 par leurs proches - JUMEAUX91\" \/>\n<meta property=\"og:description\" content=\"zaLe retour des 20 derniers otages vivants de Gaza a marqu\u00e9 un moment de soulagement national. Et l&rsquo;heure est d\u00e9sormais \u00e0 la r\u00e9v\u00e9lation de ce qu\u2019ils ont subi. Les vingt captifs lib\u00e9r\u00e9s apr\u00e8s plus de deux ans aux mains du Hamas livrent leurs premiers t\u00e9moignages, d\u00e9crivant leurs conditions de d\u00e9tention,&nbsp;entre torture, isolement, et humiliations. De&hellip; Poursuivre la lecture Gaza: le calvaire des otages isra\u00e9liens, d\u00e9sormais libres, racont\u00e9 par leurs proches\" \/>\n<meta property=\"og:url\" content=\"https:\/\/jumeaux91.fr\/blog\/gaza-le-calvaire-des-otages-israeliens-desormais-libres-raconte-par-leurs-proches\/\" \/>\n<meta property=\"og:site_name\" content=\"JUMEAUX91\" \/>\n<meta property=\"article:published_time\" content=\"2025-10-20T01:53:00+00:00\" \/>\n<meta property=\"og:image\" content=\"https:\/\/jumeaux91.fr\/blog\/wp-content\/uploads\/2025\/10\/gaza-le-calvaire-des-otages-israeliens-desormais-libres-raconte-par-leurs-proches.jpg\" \/>\n<meta name=\"author\" content=\"Claude DAYRES\" \/>\n<meta name=\"twitter:card\" content=\"summary_large_image\" \/>\n<meta name=\"twitter:label1\" content=\"\u00c9crit par\" \/>\n\t<meta name=\"twitter:data1\" content=\"Claude DAYRES\" \/>\n\t<meta name=\"twitter:label2\" content=\"Dur\u00e9e de lecture estim\u00e9e\" \/>\n\t<meta name=\"twitter:data2\" content=\"3 minutes\" \/>\n<script type=\"application\/ld+json\" class=\"yoast-schema-graph\">{\"@context\":\"https:\\\/\\\/schema.org\",\"@graph\":[{\"@type\":\"Article\",\"@id\":\"https:\\\/\\\/jumeaux91.fr\\\/blog\\\/gaza-le-calvaire-des-otages-israeliens-desormais-libres-raconte-par-leurs-proches\\\/#article\",\"isPartOf\":{\"@id\":\"https:\\\/\\\/jumeaux91.fr\\\/blog\\\/gaza-le-calvaire-des-otages-israeliens-desormais-libres-raconte-par-leurs-proches\\\/\"},\"author\":{\"name\":\"Claude DAYRES\",\"@id\":\"https:\\\/\\\/jumeaux91.fr\\\/blog\\\/#\\\/schema\\\/person\\\/21da06e9f119b9f64e5d45dbbd32d3fb\"},\"headline\":\"Gaza: le calvaire des otages isra\u00e9liens, d\u00e9sormais libres, racont\u00e9 par leurs proches\",\"datePublished\":\"2025-10-20T01:53:00+00:00\",\"mainEntityOfPage\":{\"@id\":\"https:\\\/\\\/jumeaux91.fr\\\/blog\\\/gaza-le-calvaire-des-otages-israeliens-desormais-libres-raconte-par-leurs-proches\\\/\"},\"wordCount\":697,\"publisher\":{\"@id\":\"https:\\\/\\\/jumeaux91.fr\\\/blog\\\/#organization\"},\"image\":{\"@id\":\"https:\\\/\\\/jumeaux91.fr\\\/blog\\\/gaza-le-calvaire-des-otages-israeliens-desormais-libres-raconte-par-leurs-proches\\\/#primaryimage\"},\"thumbnailUrl\":\"https:\\\/\\\/jumeaux91.fr\\\/blog\\\/wp-content\\\/uploads\\\/2025\\\/10\\\/gaza-le-calvaire-des-otages-israeliens-desormais-libres-raconte-par-leurs-proches.jpg\",\"articleSection\":[\"Posts Fr\u00e8res Jumeaux De L'Essonnes:\"],\"inLanguage\":\"fr-FR\"},{\"@type\":\"WebPage\",\"@id\":\"https:\\\/\\\/jumeaux91.fr\\\/blog\\\/gaza-le-calvaire-des-otages-israeliens-desormais-libres-raconte-par-leurs-proches\\\/\",\"url\":\"https:\\\/\\\/jumeaux91.fr\\\/blog\\\/gaza-le-calvaire-des-otages-israeliens-desormais-libres-raconte-par-leurs-proches\\\/\",\"name\":\"Gaza: le calvaire des otages isra\u00e9liens, d\u00e9sormais libres, racont\u00e9 par leurs proches - JUMEAUX91\",\"isPartOf\":{\"@id\":\"https:\\\/\\\/jumeaux91.fr\\\/blog\\\/#website\"},\"primaryImageOfPage\":{\"@id\":\"https:\\\/\\\/jumeaux91.fr\\\/blog\\\/gaza-le-calvaire-des-otages-israeliens-desormais-libres-raconte-par-leurs-proches\\\/#primaryimage\"},\"image\":{\"@id\":\"https:\\\/\\\/jumeaux91.fr\\\/blog\\\/gaza-le-calvaire-des-otages-israeliens-desormais-libres-raconte-par-leurs-proches\\\/#primaryimage\"},\"thumbnailUrl\":\"https:\\\/\\\/jumeaux91.fr\\\/blog\\\/wp-content\\\/uploads\\\/2025\\\/10\\\/gaza-le-calvaire-des-otages-israeliens-desormais-libres-raconte-par-leurs-proches.jpg\",\"datePublished\":\"2025-10-20T01:53:00+00:00\",\"breadcrumb\":{\"@id\":\"https:\\\/\\\/jumeaux91.fr\\\/blog\\\/gaza-le-calvaire-des-otages-israeliens-desormais-libres-raconte-par-leurs-proches\\\/#breadcrumb\"},\"inLanguage\":\"fr-FR\",\"potentialAction\":[{\"@type\":\"ReadAction\",\"target\":[\"https:\\\/\\\/jumeaux91.fr\\\/blog\\\/gaza-le-calvaire-des-otages-israeliens-desormais-libres-raconte-par-leurs-proches\\\/\"]}]},{\"@type\":\"ImageObject\",\"inLanguage\":\"fr-FR\",\"@id\":\"https:\\\/\\\/jumeaux91.fr\\\/blog\\\/gaza-le-calvaire-des-otages-israeliens-desormais-libres-raconte-par-leurs-proches\\\/#primaryimage\",\"url\":\"https:\\\/\\\/jumeaux91.fr\\\/blog\\\/wp-content\\\/uploads\\\/2025\\\/10\\\/gaza-le-calvaire-des-otages-israeliens-desormais-libres-raconte-par-leurs-proches.jpg\",\"contentUrl\":\"https:\\\/\\\/jumeaux91.fr\\\/blog\\\/wp-content\\\/uploads\\\/2025\\\/10\\\/gaza-le-calvaire-des-otages-israeliens-desormais-libres-raconte-par-leurs-proches.jpg\",\"width\":1024,\"height\":576},{\"@type\":\"BreadcrumbList\",\"@id\":\"https:\\\/\\\/jumeaux91.fr\\\/blog\\\/gaza-le-calvaire-des-otages-israeliens-desormais-libres-raconte-par-leurs-proches\\\/#breadcrumb\",\"itemListElement\":[{\"@type\":\"ListItem\",\"position\":1,\"name\":\"Accueil\",\"item\":\"https:\\\/\\\/jumeaux91.fr\\\/blog\\\/\"},{\"@type\":\"ListItem\",\"position\":2,\"name\":\"Gaza: le calvaire des otages isra\u00e9liens, d\u00e9sormais libres, racont\u00e9 par leurs proches\"}]},{\"@type\":\"WebSite\",\"@id\":\"https:\\\/\\\/jumeaux91.fr\\\/blog\\\/#website\",\"url\":\"https:\\\/\\\/jumeaux91.fr\\\/blog\\\/\",\"name\":\"JUMEAUX91\",\"description\":\"Fr\u00e8res jumeaux de l&#039;Essonnes; informations et archives, \u00e0 savoir et retenir.\",\"publisher\":{\"@id\":\"https:\\\/\\\/jumeaux91.fr\\\/blog\\\/#organization\"},\"potentialAction\":[{\"@type\":\"SearchAction\",\"target\":{\"@type\":\"EntryPoint\",\"urlTemplate\":\"https:\\\/\\\/jumeaux91.fr\\\/blog\\\/?s={search_term_string}\"},\"query-input\":{\"@type\":\"PropertyValueSpecification\",\"valueRequired\":true,\"valueName\":\"search_term_string\"}}],\"inLanguage\":\"fr-FR\"},{\"@type\":\"Organization\",\"@id\":\"https:\\\/\\\/jumeaux91.fr\\\/blog\\\/#organization\",\"name\":\"jumeaux91\",\"url\":\"https:\\\/\\\/jumeaux91.fr\\\/blog\\\/\",\"logo\":{\"@type\":\"ImageObject\",\"inLanguage\":\"fr-FR\",\"@id\":\"https:\\\/\\\/jumeaux91.fr\\\/blog\\\/#\\\/schema\\\/logo\\\/image\\\/\",\"url\":\"https:\\\/\\\/jumeaux91.fr\\\/blog\\\/wp-content\\\/uploads\\\/2023\\\/05\\\/cropped-cropped-logoJ_91.png\",\"contentUrl\":\"https:\\\/\\\/jumeaux91.fr\\\/blog\\\/wp-content\\\/uploads\\\/2023\\\/05\\\/cropped-cropped-logoJ_91.png\",\"width\":512,\"height\":512,\"caption\":\"jumeaux91\"},\"image\":{\"@id\":\"https:\\\/\\\/jumeaux91.fr\\\/blog\\\/#\\\/schema\\\/logo\\\/image\\\/\"}},{\"@type\":\"Person\",\"@id\":\"https:\\\/\\\/jumeaux91.fr\\\/blog\\\/#\\\/schema\\\/person\\\/21da06e9f119b9f64e5d45dbbd32d3fb\",\"name\":\"Claude DAYRES\",\"image\":{\"@type\":\"ImageObject\",\"inLanguage\":\"fr-FR\",\"@id\":\"https:\\\/\\\/secure.gravatar.com\\\/avatar\\\/82eb951df6110a2c48d1bfa7a67d1ee6f0cd5df3cbf9c3586dd61e82db7172a5?s=96&d=mm&r=g\",\"url\":\"https:\\\/\\\/secure.gravatar.com\\\/avatar\\\/82eb951df6110a2c48d1bfa7a67d1ee6f0cd5df3cbf9c3586dd61e82db7172a5?s=96&d=mm&r=g\",\"contentUrl\":\"https:\\\/\\\/secure.gravatar.com\\\/avatar\\\/82eb951df6110a2c48d1bfa7a67d1ee6f0cd5df3cbf9c3586dd61e82db7172a5?s=96&d=mm&r=g\",\"caption\":\"Claude DAYRES\"},\"url\":\"https:\\\/\\\/jumeaux91.fr\\\/blog\\\/author\\\/x91claude\\\/\"}]}<\/script>\n<!-- \/ Yoast SEO plugin. -->","yoast_head_json":{"title":"Gaza: le calvaire des otages isra\u00e9liens, d\u00e9sormais libres, racont\u00e9 par leurs proches - JUMEAUX91","robots":{"index":"index","follow":"follow","max-snippet":"max-snippet:-1","max-image-preview":"max-image-preview:large","max-video-preview":"max-video-preview:-1"},"canonical":"https:\/\/jumeaux91.fr\/blog\/gaza-le-calvaire-des-otages-israeliens-desormais-libres-raconte-par-leurs-proches\/","og_locale":"fr_FR","og_type":"article","og_title":"Gaza: le calvaire des otages isra\u00e9liens, d\u00e9sormais libres, racont\u00e9 par leurs proches - JUMEAUX91","og_description":"zaLe retour des 20 derniers otages vivants de Gaza a marqu\u00e9 un moment de soulagement national. Et l&rsquo;heure est d\u00e9sormais \u00e0 la r\u00e9v\u00e9lation de ce qu\u2019ils ont subi. Les vingt captifs lib\u00e9r\u00e9s apr\u00e8s plus de deux ans aux mains du Hamas livrent leurs premiers t\u00e9moignages, d\u00e9crivant leurs conditions de d\u00e9tention,&nbsp;entre torture, isolement, et humiliations. De&hellip; Poursuivre la lecture Gaza: le calvaire des otages isra\u00e9liens, d\u00e9sormais libres, racont\u00e9 par leurs proches","og_url":"https:\/\/jumeaux91.fr\/blog\/gaza-le-calvaire-des-otages-israeliens-desormais-libres-raconte-par-leurs-proches\/","og_site_name":"JUMEAUX91","article_published_time":"2025-10-20T01:53:00+00:00","og_image":[{"url":"https:\/\/jumeaux91.fr\/blog\/wp-content\/uploads\/2025\/10\/gaza-le-calvaire-des-otages-israeliens-desormais-libres-raconte-par-leurs-proches.jpg","type":"","width":"","height":""}],"author":"Claude DAYRES","twitter_card":"summary_large_image","twitter_misc":{"\u00c9crit par":"Claude DAYRES","Dur\u00e9e de lecture estim\u00e9e":"3 minutes"},"schema":{"@context":"https:\/\/schema.org","@graph":[{"@type":"Article","@id":"https:\/\/jumeaux91.fr\/blog\/gaza-le-calvaire-des-otages-israeliens-desormais-libres-raconte-par-leurs-proches\/#article","isPartOf":{"@id":"https:\/\/jumeaux91.fr\/blog\/gaza-le-calvaire-des-otages-israeliens-desormais-libres-raconte-par-leurs-proches\/"},"author":{"name":"Claude DAYRES","@id":"https:\/\/jumeaux91.fr\/blog\/#\/schema\/person\/21da06e9f119b9f64e5d45dbbd32d3fb"},"headline":"Gaza: le calvaire des otages isra\u00e9liens, d\u00e9sormais libres, racont\u00e9 par leurs proches","datePublished":"2025-10-20T01:53:00+00:00","mainEntityOfPage":{"@id":"https:\/\/jumeaux91.fr\/blog\/gaza-le-calvaire-des-otages-israeliens-desormais-libres-raconte-par-leurs-proches\/"},"wordCount":697,"publisher":{"@id":"https:\/\/jumeaux91.fr\/blog\/#organization"},"image":{"@id":"https:\/\/jumeaux91.fr\/blog\/gaza-le-calvaire-des-otages-israeliens-desormais-libres-raconte-par-leurs-proches\/#primaryimage"},"thumbnailUrl":"https:\/\/jumeaux91.fr\/blog\/wp-content\/uploads\/2025\/10\/gaza-le-calvaire-des-otages-israeliens-desormais-libres-raconte-par-leurs-proches.jpg","articleSection":["Posts Fr\u00e8res Jumeaux De L'Essonnes:"],"inLanguage":"fr-FR"},{"@type":"WebPage","@id":"https:\/\/jumeaux91.fr\/blog\/gaza-le-calvaire-des-otages-israeliens-desormais-libres-raconte-par-leurs-proches\/","url":"https:\/\/jumeaux91.fr\/blog\/gaza-le-calvaire-des-otages-israeliens-desormais-libres-raconte-par-leurs-proches\/","name":"Gaza: le calvaire des otages isra\u00e9liens, d\u00e9sormais libres, racont\u00e9 par leurs proches - JUMEAUX91","isPartOf":{"@id":"https:\/\/jumeaux91.fr\/blog\/#website"},"primaryImageOfPage":{"@id":"https:\/\/jumeaux91.fr\/blog\/gaza-le-calvaire-des-otages-israeliens-desormais-libres-raconte-par-leurs-proches\/#primaryimage"},"image":{"@id":"https:\/\/jumeaux91.fr\/blog\/gaza-le-calvaire-des-otages-israeliens-desormais-libres-raconte-par-leurs-proches\/#primaryimage"},"thumbnailUrl":"https:\/\/jumeaux91.fr\/blog\/wp-content\/uploads\/2025\/10\/gaza-le-calvaire-des-otages-israeliens-desormais-libres-raconte-par-leurs-proches.jpg","datePublished":"2025-10-20T01:53:00+00:00","breadcrumb":{"@id":"https:\/\/jumeaux91.fr\/blog\/gaza-le-calvaire-des-otages-israeliens-desormais-libres-raconte-par-leurs-proches\/#breadcrumb"},"inLanguage":"fr-FR","potentialAction":[{"@type":"ReadAction","target":["https:\/\/jumeaux91.fr\/blog\/gaza-le-calvaire-des-otages-israeliens-desormais-libres-raconte-par-leurs-proches\/"]}]},{"@type":"ImageObject","inLanguage":"fr-FR","@id":"https:\/\/jumeaux91.fr\/blog\/gaza-le-calvaire-des-otages-israeliens-desormais-libres-raconte-par-leurs-proches\/#primaryimage","url":"https:\/\/jumeaux91.fr\/blog\/wp-content\/uploads\/2025\/10\/gaza-le-calvaire-des-otages-israeliens-desormais-libres-raconte-par-leurs-proches.jpg","contentUrl":"https:\/\/jumeaux91.fr\/blog\/wp-content\/uploads\/2025\/10\/gaza-le-calvaire-des-otages-israeliens-desormais-libres-raconte-par-leurs-proches.jpg","width":1024,"height":576},{"@type":"BreadcrumbList","@id":"https:\/\/jumeaux91.fr\/blog\/gaza-le-calvaire-des-otages-israeliens-desormais-libres-raconte-par-leurs-proches\/#breadcrumb","itemListElement":[{"@type":"ListItem","position":1,"name":"Accueil","item":"https:\/\/jumeaux91.fr\/blog\/"},{"@type":"ListItem","position":2,"name":"Gaza: le calvaire des otages isra\u00e9liens, d\u00e9sormais libres, racont\u00e9 par leurs proches"}]},{"@type":"WebSite","@id":"https:\/\/jumeaux91.fr\/blog\/#website","url":"https:\/\/jumeaux91.fr\/blog\/","name":"JUMEAUX91","description":"Fr\u00e8res jumeaux de l&#039;Essonnes; informations et archives, \u00e0 savoir et retenir.","publisher":{"@id":"https:\/\/jumeaux91.fr\/blog\/#organization"},"potentialAction":[{"@type":"SearchAction","target":{"@type":"EntryPoint","urlTemplate":"https:\/\/jumeaux91.fr\/blog\/?s={search_term_string}"},"query-input":{"@type":"PropertyValueSpecification","valueRequired":true,"valueName":"search_term_string"}}],"inLanguage":"fr-FR"},{"@type":"Organization","@id":"https:\/\/jumeaux91.fr\/blog\/#organization","name":"jumeaux91","url":"https:\/\/jumeaux91.fr\/blog\/","logo":{"@type":"ImageObject","inLanguage":"fr-FR","@id":"https:\/\/jumeaux91.fr\/blog\/#\/schema\/logo\/image\/","url":"https:\/\/jumeaux91.fr\/blog\/wp-content\/uploads\/2023\/05\/cropped-cropped-logoJ_91.png","contentUrl":"https:\/\/jumeaux91.fr\/blog\/wp-content\/uploads\/2023\/05\/cropped-cropped-logoJ_91.png","width":512,"height":512,"caption":"jumeaux91"},"image":{"@id":"https:\/\/jumeaux91.fr\/blog\/#\/schema\/logo\/image\/"}},{"@type":"Person","@id":"https:\/\/jumeaux91.fr\/blog\/#\/schema\/person\/21da06e9f119b9f64e5d45dbbd32d3fb","name":"Claude DAYRES","image":{"@type":"ImageObject","inLanguage":"fr-FR","@id":"https:\/\/secure.gravatar.com\/avatar\/82eb951df6110a2c48d1bfa7a67d1ee6f0cd5df3cbf9c3586dd61e82db7172a5?s=96&d=mm&r=g","url":"https:\/\/secure.gravatar.com\/avatar\/82eb951df6110a2c48d1bfa7a67d1ee6f0cd5df3cbf9c3586dd61e82db7172a5?s=96&d=mm&r=g","contentUrl":"https:\/\/secure.gravatar.com\/avatar\/82eb951df6110a2c48d1bfa7a67d1ee6f0cd5df3cbf9c3586dd61e82db7172a5?s=96&d=mm&r=g","caption":"Claude DAYRES"},"url":"https:\/\/jumeaux91.fr\/blog\/author\/x91claude\/"}]}},"_links":{"self":[{"href":"https:\/\/jumeaux91.fr\/blog\/wp-json\/wp\/v2\/posts\/1783","targetHints":{"allow":["GET"]}}],"collection":[{"href":"https:\/\/jumeaux91.fr\/blog\/wp-json\/wp\/v2\/posts"}],"about":[{"href":"https:\/\/jumeaux91.fr\/blog\/wp-json\/wp\/v2\/types\/post"}],"author":[{"embeddable":true,"href":"https:\/\/jumeaux91.fr\/blog\/wp-json\/wp\/v2\/users\/2"}],"replies":[{"embeddable":true,"href":"https:\/\/jumeaux91.fr\/blog\/wp-json\/wp\/v2\/comments?post=1783"}],"version-history":[{"count":0,"href":"https:\/\/jumeaux91.fr\/blog\/wp-json\/wp\/v2\/posts\/1783\/revisions"}],"wp:featuredmedia":[{"embeddable":true,"href":"https:\/\/jumeaux91.fr\/blog\/wp-json\/wp\/v2\/media\/1784"}],"wp:attachment":[{"href":"https:\/\/jumeaux91.fr\/blog\/wp-json\/wp\/v2\/media?parent=1783"}],"wp:term":[{"taxonomy":"category","embeddable":true,"href":"https:\/\/jumeaux91.fr\/blog\/wp-json\/wp\/v2\/categories?post=1783"},{"taxonomy":"post_tag","embeddable":true,"href":"https:\/\/jumeaux91.fr\/blog\/wp-json\/wp\/v2\/tags?post=1783"}],"curies":[{"name":"wp","href":"https:\/\/api.w.org\/{rel}","templated":true}]}}