{"id":1790,"date":"2025-10-21T10:47:00","date_gmt":"2025-10-21T08:47:00","guid":{"rendered":"https:\/\/jumeaux91.fr\/blog\/livre-deric-zemmour-prix-sakharov-2025-darmanin-sur-cnews-les-4-infos-dont-vous-allez-entendre-parler-demain\/"},"modified":"2025-10-21T10:47:00","modified_gmt":"2025-10-21T08:47:00","slug":"livre-deric-zemmour-prix-sakharov-2025-darmanin-sur-cnews-les-4-infos-dont-vous-allez-entendre-parler-demain","status":"publish","type":"post","link":"https:\/\/jumeaux91.fr\/blog\/livre-deric-zemmour-prix-sakharov-2025-darmanin-sur-cnews-les-4-infos-dont-vous-allez-entendre-parler-demain\/","title":{"rendered":"Livre d\u2019\u00c9ric Zemmour, prix Sakharov 2025, Darmanin sur CNews\u2026 Les 4 infos dont vous allez entendre parler demain"},"content":{"rendered":"<p>Le mercredi&nbsp;22&nbsp;octobre, les \u00e9ditions Fayard publient <em>La Messe n\u2019est pas dite<\/em>, nouveau livre d\u2019<a href=\"https:\/\/www.lejdd.fr\/eric-zemmour\" target=\"_blank\" rel=\"nofollow\">\u00c9ric Zemmour<\/a>, qui inaugure <a href=\"https:\/\/www.lejdd.fr\/Societe\/pensee-libre-fayard-et-sonia-mabrouk-lancent-lantichambre-des-idees-de-demain-161500\" target=\"_blank\" rel=\"nofollow\">la collection \u00ab&nbsp;Pens\u00e9e libre&nbsp;\u00bb<\/a>. Apr\u00e8s <em>Le Suicide fran\u00e7ais<\/em> et <em>Le Destin fran\u00e7ais<\/em>, l\u2019auteur y poursuit sa r\u00e9flexion sur l\u2019avenir de la France et de l\u2019Europe. Il y d\u00e9fend un sursaut spirituel et identitaire, convaincu que la survie de notre civilisation passe par un retour \u00e0 ses racines chr\u00e9tiennes.<\/p>\n<p><a href=\"https:\/\/www.lejdd.fr\/politique\/eric-zemmour-la-france-sans-christianisme-nest-plus-la-france-162958\" target=\"_blank\" rel=\"nofollow\">Dans son entretien au <em>JDNews<\/em>&nbsp;ce 15&nbsp;octobre<\/a>, \u00c9ric Zemmour affirme que \u00ab<em>&nbsp;la France sans christianisme n\u2019est plus la France&nbsp;\u00bb<\/em>. Il explique avoir voulu r\u00e9pondre \u00e0 une question qui le passionne&nbsp;: comment sauver le christianisme en Europe&nbsp;? Pour lui, la d\u00e9christianisation de la France, amorc\u00e9e au XVIIIe&nbsp;si\u00e8cle, s\u2019est aggrav\u00e9e depuis Vatican II et s\u2019accompagne d\u00e9sormais d\u2019une islamisation li\u00e9e \u00e0 l\u2019immigration. L\u2019essayiste voit dans ce double mouvement un p\u00e9ril historique pour la nation et invite \u00e0 <em>\u00ab&nbsp;un sursaut jud\u00e9o-chr\u00e9tien&nbsp;\u00bb <\/em>face \u00e0 ce qu\u2019il d\u00e9crit comme un effacement identitaire. Zemmour juge la classe politique aveugle aux enjeux religieux, alors que, selon lui, la foi structure les civilisations plus profond\u00e9ment que l\u2019\u00e9conomie ou la la\u00efcit\u00e9.<\/p>\n<div>\n<p>Le patron de Reconqu\u00eate relit l\u2019histoire de la R\u00e9publique comme un long processus de rupture avec le catholicisme et estime qu\u2019aujourd\u2019hui, celle-ci doit choisir entre renouer avec les racines chr\u00e9tiennes de la France ou se laisser submerger. Il d\u00e9nonce \u00e9galement le wokisme,<em> \u00ab&nbsp;nouvelle religion s\u00e9culi\u00e8re&nbsp;\u00bb <\/em>de l\u2019Occident et appelle \u00e0 reconstruire une identit\u00e9 fran\u00e7aise fond\u00e9e sur l\u2019h\u00e9ritage chr\u00e9tien. Enfin, il voit dans la mont\u00e9e du catholicisme conservateur aux \u00c9tats-Unis un signe d\u2019espoir, annon\u00e7ant une r\u00e9volution spirituelle susceptible de traverser l\u2019Atlantique. Son mot d\u2019ordre&nbsp;: <em>\u00ab&nbsp;Identit\u00e9.&nbsp;\u00bb<\/em><\/p>\n<h2>2 &#8211; Proc\u00e8s de deux fr\u00e8res pour avoir abattu un olivier en hommage \u00e0 Ilan Halimi<\/h2>\n<p>Ce mercredi&nbsp;22&nbsp;octobre s\u2019ouvre au tribunal correctionnel de Bobigny le proc\u00e8s de deux fr\u00e8res jumeaux tunisiens accus\u00e9s <a href=\"https:\/\/www.lejdd.fr\/Societe\/un-acte-antisemite-de-plus-un-arbre-en-hommage-a-ilan-halimi-abattu-en-seine-saint-denis-161034\" target=\"_blank\" rel=\"nofollow\">d\u2019avoir abattu, dans la nuit du 13 au 14&nbsp;ao\u00fbt, l\u2019olivier plant\u00e9 \u00e0 \u00c9pinay-sur-Seine<\/a> en hommage \u00e0 Ilan Halimi, jeune homme juif tortur\u00e9 et assassin\u00e9 en 2006. Les deux suspects, sans domicile fixe, avaient \u00e9t\u00e9 arr\u00eat\u00e9s le 25&nbsp;ao\u00fbt apr\u00e8s avoir \u00e9t\u00e9 identifi\u00e9s gr\u00e2ce \u00e0 leur ADN. La police a retrouv\u00e9 sur leur t\u00e9l\u00e9phone des vid\u00e9os o\u00f9 ils s\u2019exer\u00e7aient \u00e0 manier une tron\u00e7onneuse. Poursuivis pour destruction de bien d\u2019utilit\u00e9 publique, ils encourent jusqu\u2019\u00e0 deux ans de prison et 30&nbsp;000&nbsp;euros d\u2019amende.<\/p>\n<p>Le tronc de l\u2019arbre avait \u00e9t\u00e9 sci\u00e9 juste au-dessus de la plaque comm\u00e9morative portant le nom d\u2019Ilan Halimi, suscitant une vague d\u2019indignation. Le maire d\u2019\u00c9pinay, Herv\u00e9 Chevreau, a d\u00e9nonc\u00e9 un acte antis\u00e9mite et promis de replanter un nouvel olivier <em>\u00ab&nbsp;\u00e0 l\u2019automne avec l\u2019ensemble de la communaut\u00e9&nbsp;\u00bb<\/em>. Le pr\u00e9sident de la R\u00e9publique, <a href=\"https:\/\/www.lejdd.fr\/Emmanuel-Macron\" target=\"_blank\" rel=\"nofollow\">Emmanuel Macron<\/a>, assure que <em>\u00ab&nbsp;la Nation n\u2019oubliera pas cet enfant de France mort parce que Juif&nbsp;\u00bb <\/em>et promet que <em>\u00ab&nbsp;tous les moyens&nbsp;\u00bb<\/em> seront d\u00e9ploy\u00e9s pour sanctionner cet acte de haine. Le pr\u00e9sident du CRIF, Yonathan Arfi, a pour sa part d\u00e9nonc\u00e9 <em>\u00ab&nbsp;une mani\u00e8re de hurler la haine antis\u00e9mite&nbsp;\u00bb<\/em>.<\/p>\n<div class=\"lmn-inread lmn-desk\"> <span>La suite apr\u00e8s cette publicit\u00e9<\/span> <\/div>\n<h2>3 &#8211; Le Parlement europ\u00e9en d\u00e9cerne le prix Sakharov 2025<\/h2>\n<p>Le Parlement europ\u00e9en d\u00e9voilera ce mercredi&nbsp;22&nbsp;octobre le laur\u00e9at du Prix Sakharov 2025 pour la libert\u00e9 de l\u2019esprit, plus haute distinction de l\u2019Union europ\u00e9enne en mati\u00e8re de droits humains. Trois finalistes restent en lice&nbsp;: les journalistes emprisonn\u00e9s Andrzej Poczobut (B\u00e9larus) et Mzia Amaglobeli (G\u00e9orgie)&nbsp;; les journalistes et travailleurs humanitaires en Palestine et dans les zones de conflit, repr\u00e9sent\u00e9s par le Syndicat des journalistes palestiniens, le Croissant-Rouge et l\u2019UNRWA&nbsp;; ainsi que les \u00e9tudiants en Serbie. La d\u00e9cision finale sera annonc\u00e9e \u00e0 Strasbourg lors de la session pl\u00e9ni\u00e8re du Parlement.<\/p>\n<p>Cr\u00e9\u00e9 en 1988 en hommage au physicien et dissident sovi\u00e9tique Andre\u00ef Sakharov, ce prix r\u00e9compense chaque ann\u00e9e des individus ou organisations \u0153uvrant pour la libert\u00e9 d\u2019expression et les droits fondamentaux. Il s\u2019accompagne d\u2019une dotation de 50&nbsp;000&nbsp;euros et sera remis lors d\u2019une c\u00e9r\u00e9monie pr\u00e9vue le 16&nbsp;d\u00e9cembre \u00e0 Strasbourg.<\/p>\n<p>Cette \u00e9dition s\u2019inscrit dans un contexte o\u00f9, selon le dernier Eurobarom\u00e8tre, les citoyens europ\u00e9ens attendent du Parlement qu\u2019il d\u00e9fende avant tout la paix, la d\u00e9mocratie et les droits humains. Parmi les anciens laur\u00e9ats figurent Nelson Mandela, Malala Yousafzai, Denis Mukwege ou Nadia Mourad. \u00c0 noter que <a href=\"https:\/\/www.lejdd.fr\/politique\/martyr-de-la-liberte-sarah-knafo-appelle-a-decerner-le-prix-sakharov-a-charlie-kirk-161788\" target=\"_blank\" rel=\"nofollow\">Sarah Knafo, eurod\u00e9put\u00e9e Reconqu\u00eate, avait propos\u00e9 le nom de Charlie Kirk<\/a>, assassin\u00e9 en septembre, pour cette \u00e9dition, afin de saluer <em>\u00ab&nbsp;sa lutte pour la libert\u00e9 d\u2019expression&nbsp;\u00bb \u2013 <\/em>mais sa candidature n\u2019a pas \u00e9t\u00e9 retenue parmi les finalistes.<\/p>\n<h2>4 &#8211; G\u00e9rald Darmanin se rend sur CNews<\/h2>\n<figure id=\"media-150436\">      <img decoding=\"async\" src=\"https:\/\/jumeaux91.fr\/blog\/wp-content\/uploads\/2025\/10\/livre-deric-zemmour-prix-sakharov-2025-darmanin-sur-cnews-les-4-infos-dont-vous-allez-entendre-parler-demain.jpg\" alt=\"G\u00e9rald Darmanin.\" loading=\"lazy\"><figcaption class=\"image-info\">\n<p> <span class=\"legend\">G\u00e9rald Darmanin.<\/span> <span class=\"credit\"> Hans Lucas via AFP \/ \u00a9 Mathilde Kaczkowski <\/span> <\/p>\n<\/figcaption><\/figure>\n<p>Ce mercredi&nbsp;22&nbsp;octobre, \u00e0 21h, <a href=\"https:\/\/www.lejdd.fr\/gerald-darmanin\" target=\"_blank\" rel=\"nofollow\">G\u00e9rald Darmanin<\/a>, ministre de la Justice, sera l\u2019invit\u00e9 de Gauthier Le Bret dans 100&nbsp;% Politique sur CNews pour une \u00e9mission sp\u00e9ciale consacr\u00e9e \u00e0 sa nouvelle feuille de route de la place Vend\u00f4me. Renomm\u00e9 r\u00e9cemment au sein du gouvernement Lecornu, le garde des Sceaux y d\u00e9taillera ses priorit\u00e9s et sa vision d\u2019une <em>\u00ab&nbsp;r\u00e9volution judiciaire&nbsp;\u00bb<\/em>.<\/p>\n<p>Sur X, le 19&nbsp;octobre, Darmanin mettait d\u00e9j\u00e0 en avant du <em>\u00ab&nbsp;concret&nbsp;\u00bb<\/em>&nbsp;: l\u2019ouverture d\u2019une nouvelle prison de 200 places \u00e0 Villenauxe-la-Grande et bient\u00f4t 800 autres \u00e0 Marseille, assurant tenir sa <em>\u00ab&nbsp;promesse&nbsp;\u00bb<\/em> sur la construction p\u00e9nitentiaire. Mais son grand chantier est ailleurs&nbsp;: remettre les victimes au centre du syst\u00e8me p\u00e9nal. Le ministre d\u00e9nonce un mod\u00e8le o\u00f9 elles restent trop souvent <em>\u00ab&nbsp;l\u2019angle mort&nbsp;\u00bb<\/em> de la justice et promet de simplifier les proc\u00e9dures, d\u2019acc\u00e9l\u00e9rer les sanctions et de garantir une r\u00e9ponse <em>\u00ab&nbsp;utile, rapide et effective&nbsp;\u00bb<\/em>.<\/p>\n<p>Ce tournant est salu\u00e9 par plusieurs praticiens du droit, comme Me Nathalie Bucquet, qui souligne toutefois qu\u2019une telle r\u00e9forme devra s\u2019accompagner d\u2019importants moyens humains et financiers. Pour Darmanin, la r\u00e9volution judiciaire \u00e0 venir vise autant \u00e0 r\u00e9parer l\u2019injustice subie par les victimes qu\u2019\u00e0 restaurer la confiance des Fran\u00e7ais dans la justice r\u00e9publicaine.<\/p>\n<h2>5 &#8211; La bonne nouvelle du jour<\/h2>\n<p>Le 18&nbsp;octobre, C\u00e9dric et la Chocolaterie a ouvert ses portes au 33 avenue de l\u2019Op\u00e9ra. Apr\u00e8s sa p\u00e2tisserie en 2019 et son caf\u00e9 en 2024, C\u00e9dric Grolet ajoute une nouvelle adresse \u00e0 son univers sucr\u00e9, inspir\u00e9e des r\u00eaves d\u2019enfance. <em>\u00ab&nbsp;Aucun adulte n\u2019a valid\u00e9 ma gamme de chocolat&nbsp;\u00bb<\/em>, confie le chef, qui a \u00e9cout\u00e9 les enfants pour cr\u00e9er une collection joyeuse et sinc\u00e8re. Le lieu, f\u00e9erique, d\u00e9voile une fontaine \u00e0 chocolat g\u00e9ante de 150&nbsp;kg, des murs de tablettes mates et des arbres aux cabosses lumineuses dignes d\u2019Alice au Pays des Merveilles. Pas de climatisation&nbsp;: Grolet pr\u00e9f\u00e8re la chaleur et les ar\u00f4mes du chocolat.<\/p>\n<p>C\u00f4t\u00e9 douceurs, pralin\u00e9s, mendiants, guimauves, orangettes et p\u00e2tes de fruits se d\u00e9clinent en chocolat blanc, lait et noir. Chaque bonbon prend la forme de son ingr\u00e9dient \u2013 cacahu\u00e8te, noisette, amande \u2013 et les packagings, \u00e9cocon\u00e7us et 100&nbsp;% fran\u00e7ais, prolongent cette po\u00e9sie gourmande. Cerise sur le g\u00e2teau, dix tickets d\u2019or ont \u00e9t\u00e9 cach\u00e9s dans les tablettes, offrant une visite exclusive de la chocolaterie. Une ouverture pleine de magie sign\u00e9e C\u00e9dric Grolet, pour les enfants\u2026 et les grands r\u00eaveurs.<\/p>\n<\/div>\n<p>La chronique se veut g\u00e9n\u00e9r\u00e9e de la fa\u00e7on la plus claire que possible. Dans le cas o\u00f9 vous souhaitez pr\u00e9senter des renseignements compl\u00e9mentaires \u00e0 cet article sur le sujet \u00ab\u00a0Fr\u00e8res jumeaux de l&rsquo;Essonnes\u00a0\u00bb il vous est possible d\u2019\u00e9crire aux contacts indiqu\u00e9s sur notre website. La raison d\u2019\u00eatre de jumeaux91.fr \u00e9tant de rassembler sur le web des posts sur le sujet de Fr\u00e8res jumeaux de l&rsquo;Essonnes puis les diffuser en r\u00e9pondant au mieux aux interrogations des gens. Vous pouvez tirer profit de cet article traitant le sujet \u00ab\u00a0Fr\u00e8res jumeaux de l&rsquo;Essonnes\u00a0\u00bb. Il est concoct\u00e9 par l\u2019\u00e9quipe jumeaux91.fr. Prochainement, nous rendrons accessibles au public d&rsquo;autres informations pertinentes sur le sujet \u00ab\u00a0Fr\u00e8res jumeaux de l&rsquo;Essonnes\u00a0\u00bb. Alors, consultez syst\u00e9matiquement notre blog.<\/p>\n","protected":false},"excerpt":{"rendered":"<p>Le mercredi&nbsp;22&nbsp;octobre, les \u00e9ditions Fayard publient La Messe n\u2019est pas dite, nouveau livre d\u2019\u00c9ric Zemmour, qui inaugure la collection \u00ab&nbsp;Pens\u00e9e libre&nbsp;\u00bb. Apr\u00e8s Le Suicide fran\u00e7ais et Le Destin fran\u00e7ais, l\u2019auteur y poursuit sa r\u00e9flexion sur l\u2019avenir de la France et de l\u2019Europe. Il y d\u00e9fend un sursaut spirituel et identitaire, convaincu que la survie de&hellip; <a class=\"more-link\" href=\"https:\/\/jumeaux91.fr\/blog\/livre-deric-zemmour-prix-sakharov-2025-darmanin-sur-cnews-les-4-infos-dont-vous-allez-entendre-parler-demain\/\">Poursuivre la lecture <span class=\"screen-reader-text\">Livre d\u2019\u00c9ric Zemmour, prix Sakharov 2025, Darmanin sur CNews\u2026 Les 4 infos dont vous allez entendre parler demain<\/span><\/a><\/p>\n","protected":false},"author":2,"featured_media":1791,"comment_status":"closed","ping_status":"closed","sticky":false,"template":"","format":"standard","meta":{"footnotes":""},"categories":[4],"tags":[],"class_list":["post-1790","post","type-post","status-publish","format-standard","has-post-thumbnail","hentry","category-posts-freres-jumeaux-de-lessonnes","entry"],"yoast_head":"<!-- This site is optimized with the Yoast SEO plugin v27.5 - https:\/\/yoast.com\/product\/yoast-seo-wordpress\/ -->\n<title>Livre d\u2019\u00c9ric Zemmour, prix Sakharov 2025, Darmanin sur CNews\u2026 Les 4 infos dont vous allez entendre parler demain - JUMEAUX91<\/title>\n<meta name=\"robots\" content=\"index, follow, max-snippet:-1, max-image-preview:large, max-video-preview:-1\" \/>\n<link rel=\"canonical\" href=\"https:\/\/jumeaux91.fr\/blog\/livre-deric-zemmour-prix-sakharov-2025-darmanin-sur-cnews-les-4-infos-dont-vous-allez-entendre-parler-demain\/\" \/>\n<meta property=\"og:locale\" content=\"fr_FR\" \/>\n<meta property=\"og:type\" content=\"article\" \/>\n<meta property=\"og:title\" content=\"Livre d\u2019\u00c9ric Zemmour, prix Sakharov 2025, Darmanin sur CNews\u2026 Les 4 infos dont vous allez entendre parler demain - JUMEAUX91\" \/>\n<meta property=\"og:description\" content=\"Le mercredi&nbsp;22&nbsp;octobre, les \u00e9ditions Fayard publient La Messe n\u2019est pas dite, nouveau livre d\u2019\u00c9ric Zemmour, qui inaugure la collection \u00ab&nbsp;Pens\u00e9e libre&nbsp;\u00bb. Apr\u00e8s Le Suicide fran\u00e7ais et Le Destin fran\u00e7ais, l\u2019auteur y poursuit sa r\u00e9flexion sur l\u2019avenir de la France et de l\u2019Europe. Il y d\u00e9fend un sursaut spirituel et identitaire, convaincu que la survie de&hellip; Poursuivre la lecture Livre d\u2019\u00c9ric Zemmour, prix Sakharov 2025, Darmanin sur CNews\u2026 Les 4 infos dont vous allez entendre parler demain\" \/>\n<meta property=\"og:url\" content=\"https:\/\/jumeaux91.fr\/blog\/livre-deric-zemmour-prix-sakharov-2025-darmanin-sur-cnews-les-4-infos-dont-vous-allez-entendre-parler-demain\/\" \/>\n<meta property=\"og:site_name\" content=\"JUMEAUX91\" \/>\n<meta property=\"article:published_time\" content=\"2025-10-21T08:47:00+00:00\" \/>\n<meta property=\"og:image\" content=\"https:\/\/jumeaux91.fr\/blog\/wp-content\/uploads\/2025\/10\/livre-deric-zemmour-prix-sakharov-2025-darmanin-sur-cnews-les-4-infos-dont-vous-allez-entendre-parler-demain.jpg\" \/>\n<meta name=\"author\" content=\"Claude DAYRES\" \/>\n<meta name=\"twitter:card\" content=\"summary_large_image\" \/>\n<meta name=\"twitter:label1\" content=\"\u00c9crit par\" \/>\n\t<meta name=\"twitter:data1\" content=\"Claude DAYRES\" \/>\n\t<meta name=\"twitter:label2\" content=\"Dur\u00e9e de lecture estim\u00e9e\" \/>\n\t<meta name=\"twitter:data2\" content=\"7 minutes\" \/>\n<script type=\"application\/ld+json\" class=\"yoast-schema-graph\">{\"@context\":\"https:\\\/\\\/schema.org\",\"@graph\":[{\"@type\":\"Article\",\"@id\":\"https:\\\/\\\/jumeaux91.fr\\\/blog\\\/livre-deric-zemmour-prix-sakharov-2025-darmanin-sur-cnews-les-4-infos-dont-vous-allez-entendre-parler-demain\\\/#article\",\"isPartOf\":{\"@id\":\"https:\\\/\\\/jumeaux91.fr\\\/blog\\\/livre-deric-zemmour-prix-sakharov-2025-darmanin-sur-cnews-les-4-infos-dont-vous-allez-entendre-parler-demain\\\/\"},\"author\":{\"name\":\"Claude DAYRES\",\"@id\":\"https:\\\/\\\/jumeaux91.fr\\\/blog\\\/#\\\/schema\\\/person\\\/21da06e9f119b9f64e5d45dbbd32d3fb\"},\"headline\":\"Livre d\u2019\u00c9ric Zemmour, prix Sakharov 2025, Darmanin sur CNews\u2026 Les 4 infos dont vous allez entendre parler demain\",\"datePublished\":\"2025-10-21T08:47:00+00:00\",\"mainEntityOfPage\":{\"@id\":\"https:\\\/\\\/jumeaux91.fr\\\/blog\\\/livre-deric-zemmour-prix-sakharov-2025-darmanin-sur-cnews-les-4-infos-dont-vous-allez-entendre-parler-demain\\\/\"},\"wordCount\":1484,\"publisher\":{\"@id\":\"https:\\\/\\\/jumeaux91.fr\\\/blog\\\/#organization\"},\"image\":{\"@id\":\"https:\\\/\\\/jumeaux91.fr\\\/blog\\\/livre-deric-zemmour-prix-sakharov-2025-darmanin-sur-cnews-les-4-infos-dont-vous-allez-entendre-parler-demain\\\/#primaryimage\"},\"thumbnailUrl\":\"https:\\\/\\\/jumeaux91.fr\\\/blog\\\/wp-content\\\/uploads\\\/2025\\\/10\\\/livre-deric-zemmour-prix-sakharov-2025-darmanin-sur-cnews-les-4-infos-dont-vous-allez-entendre-parler-demain.jpg\",\"articleSection\":[\"Posts Fr\u00e8res Jumeaux De L'Essonnes:\"],\"inLanguage\":\"fr-FR\"},{\"@type\":\"WebPage\",\"@id\":\"https:\\\/\\\/jumeaux91.fr\\\/blog\\\/livre-deric-zemmour-prix-sakharov-2025-darmanin-sur-cnews-les-4-infos-dont-vous-allez-entendre-parler-demain\\\/\",\"url\":\"https:\\\/\\\/jumeaux91.fr\\\/blog\\\/livre-deric-zemmour-prix-sakharov-2025-darmanin-sur-cnews-les-4-infos-dont-vous-allez-entendre-parler-demain\\\/\",\"name\":\"Livre d\u2019\u00c9ric Zemmour, prix Sakharov 2025, Darmanin sur CNews\u2026 Les 4 infos dont vous allez entendre parler demain - JUMEAUX91\",\"isPartOf\":{\"@id\":\"https:\\\/\\\/jumeaux91.fr\\\/blog\\\/#website\"},\"primaryImageOfPage\":{\"@id\":\"https:\\\/\\\/jumeaux91.fr\\\/blog\\\/livre-deric-zemmour-prix-sakharov-2025-darmanin-sur-cnews-les-4-infos-dont-vous-allez-entendre-parler-demain\\\/#primaryimage\"},\"image\":{\"@id\":\"https:\\\/\\\/jumeaux91.fr\\\/blog\\\/livre-deric-zemmour-prix-sakharov-2025-darmanin-sur-cnews-les-4-infos-dont-vous-allez-entendre-parler-demain\\\/#primaryimage\"},\"thumbnailUrl\":\"https:\\\/\\\/jumeaux91.fr\\\/blog\\\/wp-content\\\/uploads\\\/2025\\\/10\\\/livre-deric-zemmour-prix-sakharov-2025-darmanin-sur-cnews-les-4-infos-dont-vous-allez-entendre-parler-demain.jpg\",\"datePublished\":\"2025-10-21T08:47:00+00:00\",\"breadcrumb\":{\"@id\":\"https:\\\/\\\/jumeaux91.fr\\\/blog\\\/livre-deric-zemmour-prix-sakharov-2025-darmanin-sur-cnews-les-4-infos-dont-vous-allez-entendre-parler-demain\\\/#breadcrumb\"},\"inLanguage\":\"fr-FR\",\"potentialAction\":[{\"@type\":\"ReadAction\",\"target\":[\"https:\\\/\\\/jumeaux91.fr\\\/blog\\\/livre-deric-zemmour-prix-sakharov-2025-darmanin-sur-cnews-les-4-infos-dont-vous-allez-entendre-parler-demain\\\/\"]}]},{\"@type\":\"ImageObject\",\"inLanguage\":\"fr-FR\",\"@id\":\"https:\\\/\\\/jumeaux91.fr\\\/blog\\\/livre-deric-zemmour-prix-sakharov-2025-darmanin-sur-cnews-les-4-infos-dont-vous-allez-entendre-parler-demain\\\/#primaryimage\",\"url\":\"https:\\\/\\\/jumeaux91.fr\\\/blog\\\/wp-content\\\/uploads\\\/2025\\\/10\\\/livre-deric-zemmour-prix-sakharov-2025-darmanin-sur-cnews-les-4-infos-dont-vous-allez-entendre-parler-demain.jpg\",\"contentUrl\":\"https:\\\/\\\/jumeaux91.fr\\\/blog\\\/wp-content\\\/uploads\\\/2025\\\/10\\\/livre-deric-zemmour-prix-sakharov-2025-darmanin-sur-cnews-les-4-infos-dont-vous-allez-entendre-parler-demain.jpg\",\"width\":1920,\"height\":1080,\"caption\":\"Livre d\u2019\u00c9ric Zemmour, prix Sakharov 2025, Darmanin sur CNews\u2026 Les 4 infos dont vous allez entendre parler demain\"},{\"@type\":\"BreadcrumbList\",\"@id\":\"https:\\\/\\\/jumeaux91.fr\\\/blog\\\/livre-deric-zemmour-prix-sakharov-2025-darmanin-sur-cnews-les-4-infos-dont-vous-allez-entendre-parler-demain\\\/#breadcrumb\",\"itemListElement\":[{\"@type\":\"ListItem\",\"position\":1,\"name\":\"Accueil\",\"item\":\"https:\\\/\\\/jumeaux91.fr\\\/blog\\\/\"},{\"@type\":\"ListItem\",\"position\":2,\"name\":\"Livre d\u2019\u00c9ric Zemmour, prix Sakharov 2025, Darmanin sur CNews\u2026 Les 4 infos dont vous allez entendre parler demain\"}]},{\"@type\":\"WebSite\",\"@id\":\"https:\\\/\\\/jumeaux91.fr\\\/blog\\\/#website\",\"url\":\"https:\\\/\\\/jumeaux91.fr\\\/blog\\\/\",\"name\":\"JUMEAUX91\",\"description\":\"Fr\u00e8res jumeaux de l&#039;Essonnes; informations et archives, \u00e0 savoir et retenir.\",\"publisher\":{\"@id\":\"https:\\\/\\\/jumeaux91.fr\\\/blog\\\/#organization\"},\"potentialAction\":[{\"@type\":\"SearchAction\",\"target\":{\"@type\":\"EntryPoint\",\"urlTemplate\":\"https:\\\/\\\/jumeaux91.fr\\\/blog\\\/?s={search_term_string}\"},\"query-input\":{\"@type\":\"PropertyValueSpecification\",\"valueRequired\":true,\"valueName\":\"search_term_string\"}}],\"inLanguage\":\"fr-FR\"},{\"@type\":\"Organization\",\"@id\":\"https:\\\/\\\/jumeaux91.fr\\\/blog\\\/#organization\",\"name\":\"jumeaux91\",\"url\":\"https:\\\/\\\/jumeaux91.fr\\\/blog\\\/\",\"logo\":{\"@type\":\"ImageObject\",\"inLanguage\":\"fr-FR\",\"@id\":\"https:\\\/\\\/jumeaux91.fr\\\/blog\\\/#\\\/schema\\\/logo\\\/image\\\/\",\"url\":\"https:\\\/\\\/jumeaux91.fr\\\/blog\\\/wp-content\\\/uploads\\\/2023\\\/05\\\/cropped-cropped-logoJ_91.png\",\"contentUrl\":\"https:\\\/\\\/jumeaux91.fr\\\/blog\\\/wp-content\\\/uploads\\\/2023\\\/05\\\/cropped-cropped-logoJ_91.png\",\"width\":512,\"height\":512,\"caption\":\"jumeaux91\"},\"image\":{\"@id\":\"https:\\\/\\\/jumeaux91.fr\\\/blog\\\/#\\\/schema\\\/logo\\\/image\\\/\"}},{\"@type\":\"Person\",\"@id\":\"https:\\\/\\\/jumeaux91.fr\\\/blog\\\/#\\\/schema\\\/person\\\/21da06e9f119b9f64e5d45dbbd32d3fb\",\"name\":\"Claude DAYRES\",\"image\":{\"@type\":\"ImageObject\",\"inLanguage\":\"fr-FR\",\"@id\":\"https:\\\/\\\/secure.gravatar.com\\\/avatar\\\/82eb951df6110a2c48d1bfa7a67d1ee6f0cd5df3cbf9c3586dd61e82db7172a5?s=96&d=mm&r=g\",\"url\":\"https:\\\/\\\/secure.gravatar.com\\\/avatar\\\/82eb951df6110a2c48d1bfa7a67d1ee6f0cd5df3cbf9c3586dd61e82db7172a5?s=96&d=mm&r=g\",\"contentUrl\":\"https:\\\/\\\/secure.gravatar.com\\\/avatar\\\/82eb951df6110a2c48d1bfa7a67d1ee6f0cd5df3cbf9c3586dd61e82db7172a5?s=96&d=mm&r=g\",\"caption\":\"Claude DAYRES\"},\"url\":\"https:\\\/\\\/jumeaux91.fr\\\/blog\\\/author\\\/x91claude\\\/\"}]}<\/script>\n<!-- \/ Yoast SEO plugin. -->","yoast_head_json":{"title":"Livre d\u2019\u00c9ric Zemmour, prix Sakharov 2025, Darmanin sur CNews\u2026 Les 4 infos dont vous allez entendre parler demain - JUMEAUX91","robots":{"index":"index","follow":"follow","max-snippet":"max-snippet:-1","max-image-preview":"max-image-preview:large","max-video-preview":"max-video-preview:-1"},"canonical":"https:\/\/jumeaux91.fr\/blog\/livre-deric-zemmour-prix-sakharov-2025-darmanin-sur-cnews-les-4-infos-dont-vous-allez-entendre-parler-demain\/","og_locale":"fr_FR","og_type":"article","og_title":"Livre d\u2019\u00c9ric Zemmour, prix Sakharov 2025, Darmanin sur CNews\u2026 Les 4 infos dont vous allez entendre parler demain - JUMEAUX91","og_description":"Le mercredi&nbsp;22&nbsp;octobre, les \u00e9ditions Fayard publient La Messe n\u2019est pas dite, nouveau livre d\u2019\u00c9ric Zemmour, qui inaugure la collection \u00ab&nbsp;Pens\u00e9e libre&nbsp;\u00bb. Apr\u00e8s Le Suicide fran\u00e7ais et Le Destin fran\u00e7ais, l\u2019auteur y poursuit sa r\u00e9flexion sur l\u2019avenir de la France et de l\u2019Europe. Il y d\u00e9fend un sursaut spirituel et identitaire, convaincu que la survie de&hellip; Poursuivre la lecture Livre d\u2019\u00c9ric Zemmour, prix Sakharov 2025, Darmanin sur CNews\u2026 Les 4 infos dont vous allez entendre parler demain","og_url":"https:\/\/jumeaux91.fr\/blog\/livre-deric-zemmour-prix-sakharov-2025-darmanin-sur-cnews-les-4-infos-dont-vous-allez-entendre-parler-demain\/","og_site_name":"JUMEAUX91","article_published_time":"2025-10-21T08:47:00+00:00","og_image":[{"url":"https:\/\/jumeaux91.fr\/blog\/wp-content\/uploads\/2025\/10\/livre-deric-zemmour-prix-sakharov-2025-darmanin-sur-cnews-les-4-infos-dont-vous-allez-entendre-parler-demain.jpg","type":"","width":"","height":""}],"author":"Claude DAYRES","twitter_card":"summary_large_image","twitter_misc":{"\u00c9crit par":"Claude DAYRES","Dur\u00e9e de lecture estim\u00e9e":"7 minutes"},"schema":{"@context":"https:\/\/schema.org","@graph":[{"@type":"Article","@id":"https:\/\/jumeaux91.fr\/blog\/livre-deric-zemmour-prix-sakharov-2025-darmanin-sur-cnews-les-4-infos-dont-vous-allez-entendre-parler-demain\/#article","isPartOf":{"@id":"https:\/\/jumeaux91.fr\/blog\/livre-deric-zemmour-prix-sakharov-2025-darmanin-sur-cnews-les-4-infos-dont-vous-allez-entendre-parler-demain\/"},"author":{"name":"Claude DAYRES","@id":"https:\/\/jumeaux91.fr\/blog\/#\/schema\/person\/21da06e9f119b9f64e5d45dbbd32d3fb"},"headline":"Livre d\u2019\u00c9ric Zemmour, prix Sakharov 2025, Darmanin sur CNews\u2026 Les 4 infos dont vous allez entendre parler demain","datePublished":"2025-10-21T08:47:00+00:00","mainEntityOfPage":{"@id":"https:\/\/jumeaux91.fr\/blog\/livre-deric-zemmour-prix-sakharov-2025-darmanin-sur-cnews-les-4-infos-dont-vous-allez-entendre-parler-demain\/"},"wordCount":1484,"publisher":{"@id":"https:\/\/jumeaux91.fr\/blog\/#organization"},"image":{"@id":"https:\/\/jumeaux91.fr\/blog\/livre-deric-zemmour-prix-sakharov-2025-darmanin-sur-cnews-les-4-infos-dont-vous-allez-entendre-parler-demain\/#primaryimage"},"thumbnailUrl":"https:\/\/jumeaux91.fr\/blog\/wp-content\/uploads\/2025\/10\/livre-deric-zemmour-prix-sakharov-2025-darmanin-sur-cnews-les-4-infos-dont-vous-allez-entendre-parler-demain.jpg","articleSection":["Posts Fr\u00e8res Jumeaux De L'Essonnes:"],"inLanguage":"fr-FR"},{"@type":"WebPage","@id":"https:\/\/jumeaux91.fr\/blog\/livre-deric-zemmour-prix-sakharov-2025-darmanin-sur-cnews-les-4-infos-dont-vous-allez-entendre-parler-demain\/","url":"https:\/\/jumeaux91.fr\/blog\/livre-deric-zemmour-prix-sakharov-2025-darmanin-sur-cnews-les-4-infos-dont-vous-allez-entendre-parler-demain\/","name":"Livre d\u2019\u00c9ric Zemmour, prix Sakharov 2025, Darmanin sur CNews\u2026 Les 4 infos dont vous allez entendre parler demain - JUMEAUX91","isPartOf":{"@id":"https:\/\/jumeaux91.fr\/blog\/#website"},"primaryImageOfPage":{"@id":"https:\/\/jumeaux91.fr\/blog\/livre-deric-zemmour-prix-sakharov-2025-darmanin-sur-cnews-les-4-infos-dont-vous-allez-entendre-parler-demain\/#primaryimage"},"image":{"@id":"https:\/\/jumeaux91.fr\/blog\/livre-deric-zemmour-prix-sakharov-2025-darmanin-sur-cnews-les-4-infos-dont-vous-allez-entendre-parler-demain\/#primaryimage"},"thumbnailUrl":"https:\/\/jumeaux91.fr\/blog\/wp-content\/uploads\/2025\/10\/livre-deric-zemmour-prix-sakharov-2025-darmanin-sur-cnews-les-4-infos-dont-vous-allez-entendre-parler-demain.jpg","datePublished":"2025-10-21T08:47:00+00:00","breadcrumb":{"@id":"https:\/\/jumeaux91.fr\/blog\/livre-deric-zemmour-prix-sakharov-2025-darmanin-sur-cnews-les-4-infos-dont-vous-allez-entendre-parler-demain\/#breadcrumb"},"inLanguage":"fr-FR","potentialAction":[{"@type":"ReadAction","target":["https:\/\/jumeaux91.fr\/blog\/livre-deric-zemmour-prix-sakharov-2025-darmanin-sur-cnews-les-4-infos-dont-vous-allez-entendre-parler-demain\/"]}]},{"@type":"ImageObject","inLanguage":"fr-FR","@id":"https:\/\/jumeaux91.fr\/blog\/livre-deric-zemmour-prix-sakharov-2025-darmanin-sur-cnews-les-4-infos-dont-vous-allez-entendre-parler-demain\/#primaryimage","url":"https:\/\/jumeaux91.fr\/blog\/wp-content\/uploads\/2025\/10\/livre-deric-zemmour-prix-sakharov-2025-darmanin-sur-cnews-les-4-infos-dont-vous-allez-entendre-parler-demain.jpg","contentUrl":"https:\/\/jumeaux91.fr\/blog\/wp-content\/uploads\/2025\/10\/livre-deric-zemmour-prix-sakharov-2025-darmanin-sur-cnews-les-4-infos-dont-vous-allez-entendre-parler-demain.jpg","width":1920,"height":1080,"caption":"Livre d\u2019\u00c9ric Zemmour, prix Sakharov 2025, Darmanin sur CNews\u2026 Les 4 infos dont vous allez entendre parler demain"},{"@type":"BreadcrumbList","@id":"https:\/\/jumeaux91.fr\/blog\/livre-deric-zemmour-prix-sakharov-2025-darmanin-sur-cnews-les-4-infos-dont-vous-allez-entendre-parler-demain\/#breadcrumb","itemListElement":[{"@type":"ListItem","position":1,"name":"Accueil","item":"https:\/\/jumeaux91.fr\/blog\/"},{"@type":"ListItem","position":2,"name":"Livre d\u2019\u00c9ric Zemmour, prix Sakharov 2025, Darmanin sur CNews\u2026 Les 4 infos dont vous allez entendre parler demain"}]},{"@type":"WebSite","@id":"https:\/\/jumeaux91.fr\/blog\/#website","url":"https:\/\/jumeaux91.fr\/blog\/","name":"JUMEAUX91","description":"Fr\u00e8res jumeaux de l&#039;Essonnes; informations et archives, \u00e0 savoir et retenir.","publisher":{"@id":"https:\/\/jumeaux91.fr\/blog\/#organization"},"potentialAction":[{"@type":"SearchAction","target":{"@type":"EntryPoint","urlTemplate":"https:\/\/jumeaux91.fr\/blog\/?s={search_term_string}"},"query-input":{"@type":"PropertyValueSpecification","valueRequired":true,"valueName":"search_term_string"}}],"inLanguage":"fr-FR"},{"@type":"Organization","@id":"https:\/\/jumeaux91.fr\/blog\/#organization","name":"jumeaux91","url":"https:\/\/jumeaux91.fr\/blog\/","logo":{"@type":"ImageObject","inLanguage":"fr-FR","@id":"https:\/\/jumeaux91.fr\/blog\/#\/schema\/logo\/image\/","url":"https:\/\/jumeaux91.fr\/blog\/wp-content\/uploads\/2023\/05\/cropped-cropped-logoJ_91.png","contentUrl":"https:\/\/jumeaux91.fr\/blog\/wp-content\/uploads\/2023\/05\/cropped-cropped-logoJ_91.png","width":512,"height":512,"caption":"jumeaux91"},"image":{"@id":"https:\/\/jumeaux91.fr\/blog\/#\/schema\/logo\/image\/"}},{"@type":"Person","@id":"https:\/\/jumeaux91.fr\/blog\/#\/schema\/person\/21da06e9f119b9f64e5d45dbbd32d3fb","name":"Claude DAYRES","image":{"@type":"ImageObject","inLanguage":"fr-FR","@id":"https:\/\/secure.gravatar.com\/avatar\/82eb951df6110a2c48d1bfa7a67d1ee6f0cd5df3cbf9c3586dd61e82db7172a5?s=96&d=mm&r=g","url":"https:\/\/secure.gravatar.com\/avatar\/82eb951df6110a2c48d1bfa7a67d1ee6f0cd5df3cbf9c3586dd61e82db7172a5?s=96&d=mm&r=g","contentUrl":"https:\/\/secure.gravatar.com\/avatar\/82eb951df6110a2c48d1bfa7a67d1ee6f0cd5df3cbf9c3586dd61e82db7172a5?s=96&d=mm&r=g","caption":"Claude DAYRES"},"url":"https:\/\/jumeaux91.fr\/blog\/author\/x91claude\/"}]}},"_links":{"self":[{"href":"https:\/\/jumeaux91.fr\/blog\/wp-json\/wp\/v2\/posts\/1790","targetHints":{"allow":["GET"]}}],"collection":[{"href":"https:\/\/jumeaux91.fr\/blog\/wp-json\/wp\/v2\/posts"}],"about":[{"href":"https:\/\/jumeaux91.fr\/blog\/wp-json\/wp\/v2\/types\/post"}],"author":[{"embeddable":true,"href":"https:\/\/jumeaux91.fr\/blog\/wp-json\/wp\/v2\/users\/2"}],"replies":[{"embeddable":true,"href":"https:\/\/jumeaux91.fr\/blog\/wp-json\/wp\/v2\/comments?post=1790"}],"version-history":[{"count":0,"href":"https:\/\/jumeaux91.fr\/blog\/wp-json\/wp\/v2\/posts\/1790\/revisions"}],"wp:featuredmedia":[{"embeddable":true,"href":"https:\/\/jumeaux91.fr\/blog\/wp-json\/wp\/v2\/media\/1791"}],"wp:attachment":[{"href":"https:\/\/jumeaux91.fr\/blog\/wp-json\/wp\/v2\/media?parent=1790"}],"wp:term":[{"taxonomy":"category","embeddable":true,"href":"https:\/\/jumeaux91.fr\/blog\/wp-json\/wp\/v2\/categories?post=1790"},{"taxonomy":"post_tag","embeddable":true,"href":"https:\/\/jumeaux91.fr\/blog\/wp-json\/wp\/v2\/tags?post=1790"}],"curies":[{"name":"wp","href":"https:\/\/api.w.org\/{rel}","templated":true}]}}